{"id":40887,"date":"2022-06-16T13:33:06","date_gmt":"2022-06-16T11:33:06","guid":{"rendered":"https:\/\/www.laguiadepamplona.com\/actualidad\/?p=40887"},"modified":"2023-04-11T11:48:02","modified_gmt":"2023-04-11T09:48:02","slug":"amaia-aparicio-urbiola-y-edurne-larrea-noain-de-iparralde-dbh-ganan-el-premio-a-los-mejores-corresponsales-informativos-de-este-curso","status":"publish","type":"post","link":"https:\/\/www.laguiadepamplona.com\/actualidad\/amaia-aparicio-urbiola-y-edurne-larrea-noain-de-iparralde-dbh-ganan-el-premio-a-los-mejores-corresponsales-informativos-de-este-curso\/","title":{"rendered":"Amaia Aparicio Urbiola y Edurne Larrea No\u00e1in, de Iparralde DBH ganan el premio a los mejores corresponsales informativos de este curso"},"content":{"rendered":"<h5>El Ayuntamiento de Pamplona mantiene este programa de difusi\u00f3n de informaci\u00f3n juvenil en los centros de ense\u00f1anza desde el curso 1996\/1997<\/h5>\n<p><!--more--><\/p>\n<p>Esta ma\u00f1ana el Ayuntamiento de Pamplona ha entregado sus becas y reconocimientos a las parejas de corresponsales juveniles que han trabajado este curso por mantener informados a sus compa\u00f1eros de centro de becas, actividades e informaci\u00f3n que consideren interesantes, tanto de la oferta municipal, como de otras entidades de la ciudad. El alcalde de Pamplona, Enrique Maya, acompa\u00f1ado por otros miembros de la Corporaci\u00f3n municipal, ha agradecido a quienes se han encargado todos estos meses de convertirse en la correa de trasmisi\u00f3n de contenido de inter\u00e9s para la juventud, en un sistema de comunicaci\u00f3n horizontal que fomenta la participaci\u00f3n de esa franja de edad en las actividades de su ciudad.<br \/>\n<script async src=\"\/\/pagead2.googlesyndication.com\/pagead\/js\/adsbygoogle.js\"><\/script><br \/>\n<!-- Noticias La Guia de Pamplona --><br \/>\n<ins class=\"adsbygoogle\"\nstyle=\"display:block\"\ndata-ad-client=\"ca-pub-6943679897239327\"\ndata-ad-slot=\"7048180777\"\ndata-ad-format=\"auto\"><\/ins><br \/>\n<script>\n(adsbygoogle = window.adsbygoogle || []).push({});\n<\/script><\/p>\n<p>En total han sido 38 las parejas de corresponsales que, a lo largo de este curso, han desarrollado esta labor en los centros de estudios y otros espacios inscritos en el programa. Cada corresponsal ha recibido 300 euros como agradecimiento por su esfuerzo. Pero, adem\u00e1s, tradicionalmente, en cada edici\u00f3n se realizan algunas menciones especiales a las parejas que han sobresalido por su labor y a los centros que m\u00e1s les han apoyado en su tarea.<\/p>\n<p>Este curso Amaia Aparicio Urbiola y Edurne Larrea No\u00e1in, de Iparralde DBH, han obtenido el galard\u00f3n a la mejor pareja de corresponsales, dotado con un premio adicional de 150 euros para cada una de ellas. El centro destacado en primer lugar ha sido el Centro Integrado Cuatrovientos por su colaboraci\u00f3n en material, tiempo y promoci\u00f3n de la corresponsal\u00eda, as\u00ed como por el seguimiento del trabajo realizado por la pareja de corresponsales. En este caso el premio al centro es de 300 euros en libros o material escolar. Pero, adem\u00e1s, el Ayuntamiento ha entregado cuatro acc\u00e9sits de 100 euros en libros o vales de material escolar a otras tantas entidades que se han esforzado porque este programa municipal haya obtenido la m\u00e1xima eficiencia: el Centro Integrado Ana Mar\u00eda Sanz, el Colegio Santa Teresa de Jes\u00fas, Liceo Monjard\u00edn y la Asociaci\u00f3n S\u00edndrome de Down de Navarra.<br \/>\n<script async src=\"\/\/pagead2.googlesyndication.com\/pagead\/js\/adsbygoogle.js\"><\/script><br \/>\n<!-- Noticias La Guia de Pamplona --><br \/>\n<ins class=\"adsbygoogle\"\nstyle=\"display:block\"\ndata-ad-client=\"ca-pub-6943679897239327\"\ndata-ad-slot=\"7048180777\"\ndata-ad-format=\"auto\"><\/ins><br \/>\n<script>\n(adsbygoogle = window.adsbygoogle || []).push({});\n<\/script><\/p>\n<p><strong>Nodos de interconexi\u00f3n con menos de 18 a\u00f1os<\/strong><\/p>\n<p>En la cita oficial en la Casa de la Juventud se han entregado sus acreditaciones a los corresponsales y a los centros colaboradores. El programa de Corresponsales juveniles funciona en Pamplona el curso 1996\/1997 y <span style=\"text-decoration: line-through;\">a<\/span> lo largo de estos a\u00f1os ha ido ampliando su perfil, de forma que hoy el Consistorio propone este programa, no s\u00f3lo a los centros de ense\u00f1anza p\u00fablica y concertada, sino tambi\u00e9n a colegios mayores y residencias de estudiantes, locales de ocio juvenil donde se lleven a cabo programas juveniles y locales de asociaciones juveniles oficialmente registradas, todos ubicados en Pamplona.<\/p>\n<p>Los corresponsales gestionan durante el curso acad\u00e9mico un punto de informaci\u00f3n juvenil \u2013f\u00edsico y virtual, a trav\u00e9s de Twitter e Instagram- en su centro. Difunden becas, actividades e informaci\u00f3n que consideren interesante durante el curso escolar. Para ese trabajo de selecci\u00f3n y difusi\u00f3n de contenidos cuentan con la ayuda del equipo t\u00e9cnico de la Casa de la Juventud y con la de los tutores y personal docente de los centros educativos. El trabajo de estos puntos de informaci\u00f3n est\u00e1 coordinado por la Oficina de Informaci\u00f3n Juvenil municipal.<\/p>\n<p>Pero, adem\u00e1s, establecen un sistema de comunicaci\u00f3n entre iguales que se caracteriza por su bidireccionalidad, ya que tambi\u00e9n \u201cretornan\u201d informaci\u00f3n sobre las inquietudes y preferencias de los j\u00f3venes a aquellos que toman decisiones sobre ellos o les ofrecen contenidos. De hecho, por quinto a\u00f1o consecutivo, este curso se ha desarrollado el programa \u201cDe primera mano\u201d a trav\u00e9s del que a los corresponsales se les ofrece de forma gratuita acceso a actividades culturales o experiencias para j\u00f3venes, para que puedan difundir informaci\u00f3n de diversos recursos despu\u00e9s de haberlos conocido personalmente. Este a\u00f1o han acudido al Teatro Gayarre, a la Universidad P\u00fablica de Navarra, la Universidad de Navarra y a la Escuela Navarra de Teatro.<br \/>\n<script async src=\"\/\/pagead2.googlesyndication.com\/pagead\/js\/adsbygoogle.js\"><\/script><br \/>\n<!-- Noticias La Guia de Pamplona --><br \/>\n<ins class=\"adsbygoogle\"\nstyle=\"display:block\"\ndata-ad-client=\"ca-pub-6943679897239327\"\ndata-ad-slot=\"7048180777\"\ndata-ad-format=\"auto\"><\/ins><br \/>\n<script>\n(adsbygoogle = window.adsbygoogle || []).push({});\n<\/script><\/p>\n<p><strong>Una red de redes de informaci\u00f3n: M\u00e1laga la semana que viene<\/strong><\/p>\n<p>La semana que viene los corresponsales podr\u00e1n viajar a M\u00e1laga para participar en el Encuentro Ib\u00e9rico de Corresponsales Juveniles \u2013 ERYCA, que en esta ocasi\u00f3n con car\u00e1cter presencial (en 2021 fue on line) se celebrar\u00e1 del 26 al 30 de junio.<\/p>\n<p>Este es un foro que naci\u00f3 en el a\u00f1o 2018 para compartir buenas pr\u00e1cticas entre los corresponsales de diferentes pa\u00edses y CCAA, conocerse, crear lazos entre ellos y generar un sentido de pertenencia y una identidad de grupo. El encuentro est\u00e1 coordinado por la Red de Centros de Informaci\u00f3n Juvenil de la Comunidad de Madrid, el Instituto Andaluz de Juventud (IAJ), el Instituto Valenciano de Juventud (IVAJ) y la Direcci\u00f3n General de Juventud de la Regi\u00f3n de Murcia.<\/p>\n<p>Est\u00e1 prevista la participaci\u00f3n de aproximadamente 200 j\u00f3venes mayores de 14 a\u00f1os corresponsales (antenas informativas, cibermentores, influencers, etc.) de Espa\u00f1a, Portugal e Italia. Asimismo, estar\u00e1n presentas algunos embajadores juveniles de ERYICA de habla castellana que son mayores de edad (hay en Austria, Chipre, Croacia, Eslovenia, Espa\u00f1a, Irlanda, Macedonia del Norte y Malta) y las intervenciones de embajadores para el di\u00e1logo de las CCAA participante<br \/>\n<script async src=\"\/\/pagead2.googlesyndication.com\/pagead\/js\/adsbygoogle.js\"><\/script><br \/>\n<!-- Noticias La Guia de Pamplona --><br \/>\n<ins class=\"adsbygoogle\"\nstyle=\"display:block\"\ndata-ad-client=\"ca-pub-6943679897239327\"\ndata-ad-slot=\"7048180777\"\ndata-ad-format=\"auto\"><\/ins><br \/>\n<script>\n(adsbygoogle = window.adsbygoogle || []).push({});\n<\/script><\/p>\n<p>&nbsp;<\/p>\n<h3>Corresponsales informativos 2021\/2022<\/h3>\n<p>&nbsp;<\/p>\n<table width=\"595\">\n<tbody>\n<tr>\n<td><strong>Nombre<\/strong><\/td>\n<td><strong>Centro<\/strong><\/td>\n<\/tr>\n<tr>\n<td>Ainhoa Suescun G\u00f3mez<\/td>\n<td rowspan=\"2\">Asociaci\u00f3n S\u00edndrome de Down Navarra<\/td>\n<\/tr>\n<tr>\n<td>Ana Galve Llorente<\/td>\n<\/tr>\n<tr>\n<td>Izai Labairu Manzano<\/td>\n<td rowspan=\"2\">B.H.I. Eunate<\/td>\n<\/tr>\n<tr>\n<td>Maite Garc\u00eda Rico<\/td>\n<\/tr>\n<tr>\n<td>Aintzane Belzunce Escalada<\/td>\n<td rowspan=\"2\">C.E. Nuestra Se\u00f1ora del Huerto<\/td>\n<\/tr>\n<tr>\n<td>Paula Riezu Gimeno<\/td>\n<\/tr>\n<tr>\n<td>F\u00e9lix Daniel Gonzalo Gallardo<\/td>\n<td rowspan=\"2\">C.E.E. El Molino<\/td>\n<\/tr>\n<tr>\n<td>Marta Orbegozo Andueza<\/td>\n<\/tr>\n<tr>\n<td>Dmitriy Oyarzun Lusarreta<\/td>\n<td rowspan=\"2\">C.I. Agroforestal<\/td>\n<\/tr>\n<tr>\n<td>Manuel Jim\u00e9nez Dos Santos<\/td>\n<\/tr>\n<tr>\n<td>Alejandro Sebasti\u00e1n Ursu<\/td>\n<td rowspan=\"2\">C.I. Cuatrovientos (F.P.E.)<\/td>\n<\/tr>\n<tr>\n<td>Santiago Rodr\u00edguez Hidalgo<\/td>\n<\/tr>\n<tr>\n<td>Jos\u00e9 Luis Mendoza Robles<\/td>\n<td rowspan=\"2\">C.I. Donibane<\/td>\n<\/tr>\n<tr>\n<td>Jos\u00e9 Luis Salvado Justino<\/td>\n<\/tr>\n<tr>\n<td>B\u00e1rbara De Jes\u00fas P\u00e9rez Herdes<\/td>\n<td rowspan=\"2\">C.I.F.P. Escuela de Educadoras\/es<\/td>\n<\/tr>\n<tr>\n<td>Diego Lafuente Falc\u00f3n<\/td>\n<\/tr>\n<tr>\n<td>Elizaveta Oroz Fern\u00e1ndez<\/td>\n<td rowspan=\"2\">C.I.P. Virgen del Camino<\/td>\n<\/tr>\n<tr>\n<td>Ismael Barberena Oroz<\/td>\n<\/tr>\n<tr>\n<td>Ana Rosa Mej\u00eda Dur\u00e1n<\/td>\n<td rowspan=\"2\">Centro Integrado Mar\u00eda Ana Sanz<\/td>\n<\/tr>\n<tr>\n<td>Jes\u00fas Mar\u00eda Unanua P\u00e9rez<\/td>\n<\/tr>\n<tr>\n<td>Haizea Oihane Quiroz Moreno<\/td>\n<td rowspan=\"2\">Colegio Calasanz (P.P. Escolapios)<\/td>\n<\/tr>\n<tr>\n<td>Nuria Aznar Mateos<\/td>\n<\/tr>\n<tr>\n<td>Leyre Napal Monreal<\/td>\n<td rowspan=\"2\">Colegio Claret Larraona<\/td>\n<\/tr>\n<tr>\n<td>Marta Bet\u00e9s Garc\u00e9s<\/td>\n<\/tr>\n<tr>\n<td>Marina Zabaleta Sarasa<\/td>\n<td rowspan=\"2\">Colegio del Sagrado Coraz\u00f3n<\/td>\n<\/tr>\n<tr>\n<td>Sof\u00eda Mach\u00edn Cano<\/td>\n<\/tr>\n<tr>\n<td>Arette Gil Per\u00fa<\/td>\n<td rowspan=\"2\">Colegio La Compasi\u00f3n Escolapios<\/td>\n<\/tr>\n<tr>\n<td>Miriam Daoudi Pasternak<\/td>\n<\/tr>\n<tr>\n<td>Miguel Go\u00f1i Fern\u00e1ndez De Aguirre<\/td>\n<td rowspan=\"2\">Colegio Miravalles &#8211; El Red\u00edn<\/td>\n<\/tr>\n<tr>\n<td>Nicol\u00e1s Ferrary Merino<\/td>\n<\/tr>\n<tr>\n<td>In\u00e9s Ir\u00e1izoz Mart\u00ednez<\/td>\n<td rowspan=\"2\">Colegio Santa Teresa de Jes\u00fas (FET)<\/td>\n<\/tr>\n<tr>\n<td>Luc\u00eda Garralda Sancena<\/td>\n<\/tr>\n<tr>\n<td>Raiane de Cassia Souza de Oliveira<\/td>\n<td rowspan=\"2\">Colegio Sant\u00edsimo Sacramento<\/td>\n<\/tr>\n<tr>\n<td>Rebeca Moura Dos Aflitos<\/td>\n<\/tr>\n<tr>\n<td>Camila Jhoana Ram\u00edrez Buend\u00eda<\/td>\n<td rowspan=\"2\">Colegio Santo Tom\u00e1s (M.M. Dominicas)<\/td>\n<\/tr>\n<tr>\n<td>Luc\u00eda Romero Erburu<\/td>\n<\/tr>\n<tr>\n<td>Adriana Iragui Goldaracena<\/td>\n<td rowspan=\"2\">Colegio Vedruna<\/td>\n<\/tr>\n<tr>\n<td>Marina Zaballos Viamonte<\/td>\n<\/tr>\n<tr>\n<td>Leyre Insausti Galilea<\/td>\n<td rowspan=\"2\">Cooperativa de Ense\u00f1anza San Cernin<\/td>\n<\/tr>\n<tr>\n<td>Pablo Moneo Mart\u00ednez de Go\u00f1i<\/td>\n<\/tr>\n<tr>\n<td>Elena Mart\u00edn Ilarregui<\/td>\n<td rowspan=\"2\">EA Escuela de Arte (F.P.E.)<\/td>\n<\/tr>\n<tr>\n<td>Tom\u00e1s Jim\u00e9nez P\u00e9rez<\/td>\n<\/tr>\n<tr>\n<td>Naizeth Yeraldine Herbas Mu\u00f1oz<\/td>\n<td rowspan=\"2\">Escuela Polit\u00e9cnica de Navarra (F.P.)<\/td>\n<\/tr>\n<tr>\n<td>Areli Nicole Huarachi Veizaga<\/td>\n<\/tr>\n<tr>\n<td>Esther Ir\u00e1izoz S\u00e1nchez<\/td>\n<td rowspan=\"2\">Escuela Sanitaria (E.S.T.N.A.)<\/td>\n<\/tr>\n<tr>\n<td>Yeray Mendoza Viveros<\/td>\n<\/tr>\n<tr>\n<td>Alba Arriazu Vel\u00e1zquez<\/td>\n<td rowspan=\"2\">Fundaci\u00f3n Educativa Jesuitinas<\/td>\n<\/tr>\n<tr>\n<td>Javier Ramos Gonz\u00e1lez<\/td>\n<\/tr>\n<tr>\n<td>Ayoub Boumahdi<\/td>\n<td rowspan=\"2\">Fundaci\u00f3n Elkarte<\/td>\n<\/tr>\n<tr>\n<td>Taha Ahnach<\/td>\n<\/tr>\n<tr>\n<td>Noah Christopher Iyoha Isokpan<\/td>\n<td rowspan=\"2\">Fundaci\u00f3n Secretariado Gitano de Navarra<\/td>\n<\/tr>\n<tr>\n<td>Zaira Echeverr\u00eda Morillo<\/td>\n<\/tr>\n<tr>\n<td>Izaro Marcilla Ollo<\/td>\n<td rowspan=\"2\">I.E.S Biurdana B.H.I.<\/td>\n<\/tr>\n<tr>\n<td>Nerea Cabez\u00f3n Aspurz<\/td>\n<\/tr>\n<tr>\n<td>Izabella Isaeva<\/td>\n<td rowspan=\"2\">I.E.S. Basoko<\/td>\n<\/tr>\n<tr>\n<td>Mar\u00eda Andr\u00e9 Alfaro Mart\u00ednez<\/td>\n<\/tr>\n<tr>\n<td>Haizea Maritorena Erroz<\/td>\n<td rowspan=\"2\">I.E.S. Iturrama B.H.I.<\/td>\n<\/tr>\n<tr>\n<td>Irati Vitorica Hern\u00e1ndez<\/td>\n<\/tr>\n<tr>\n<td>Anne Almendros Bernaldo de Quiros<\/td>\n<td rowspan=\"2\">I.E.S. Mendillorri<\/td>\n<\/tr>\n<tr>\n<td>Chaima Brahimi Touaibia<\/td>\n<\/tr>\n<tr>\n<td>Aya Chaf\u00eda<\/td>\n<td rowspan=\"2\">I.E.S. Navarro Villoslada<\/td>\n<\/tr>\n<tr>\n<td>David Casaj\u00fas Garde<\/td>\n<\/tr>\n<tr>\n<td>Leticia Montserrat Jim\u00e9nez Quizhpi<\/td>\n<td rowspan=\"2\">I.E.S. Padre Moret-Irubide<\/td>\n<\/tr>\n<tr>\n<td>Silvia Lasaga Cort\u00e9s<\/td>\n<\/tr>\n<tr>\n<td>Nuria P\u00e9rez Anto\u00f1anzas<\/td>\n<td rowspan=\"2\">I.E.S. Plaza de la Cruz<\/td>\n<\/tr>\n<tr>\n<td>Noelia Valsera Usoz<\/td>\n<\/tr>\n<tr>\n<td>Marey Jover Urrutia<\/td>\n<td rowspan=\"2\">Ikastola Francisco de Jaso<\/td>\n<\/tr>\n<tr>\n<td>Odei Otazua Matxain<\/td>\n<\/tr>\n<tr>\n<td>Amaia Aparicio Urbiola<\/td>\n<td rowspan=\"2\">Iparralde DBH<\/td>\n<\/tr>\n<tr>\n<td>Edurne Larrea No\u00e1in<\/td>\n<\/tr>\n<tr>\n<td>Carlos Goyache Sarasa<\/td>\n<td rowspan=\"2\">Liceo Monjard\u00edn<\/td>\n<\/tr>\n<tr>\n<td>Eva Ir\u00e1izoz Ir\u00e1izoz<\/td>\n<\/tr>\n<tr>\n<td>Ainhoa Arranz de Miguel<\/td>\n<td rowspan=\"2\">Residencia Camplus<\/td>\n<\/tr>\n<tr>\n<td>Mar Sarrias I Bernal<\/td>\n<\/tr>\n<tr>\n<td>Alba Viera Falc\u00f3n<\/td>\n<td rowspan=\"2\">Roncesvalles Students Residence<\/td>\n<\/tr>\n<tr>\n<td>Leyre Virto Mart\u00ednez<\/td>\n<\/tr>\n<\/tbody>\n<\/table>\n","protected":false},"excerpt":{"rendered":"<p>El Ayuntamiento de Pamplona mantiene este programa de difusi\u00f3n de informaci\u00f3n juvenil en los centros de ense\u00f1anza desde el curso 1996\/1997<\/p>\n","protected":false},"author":1,"featured_media":40888,"comment_status":"open","ping_status":"closed","sticky":false,"template":"","format":"standard","meta":{"footnotes":""},"categories":[2],"tags":[],"class_list":["post-40887","post","type-post","status-publish","format-standard","has-post-thumbnail","hentry","category-ayuntamiento-pamplona"],"yoast_head":"<!-- This site is optimized with the Yoast SEO plugin v27.3 - https:\/\/yoast.com\/product\/yoast-seo-wordpress\/ -->\n<title>Amaia Aparicio Urbiola y Edurne Larrea No\u00e1in, de Iparralde DBH ganan el premio a los mejores corresponsales informativos de este curso<\/title>\n<meta name=\"description\" content=\"El Ayuntamiento de Pamplona mantiene este programa de difusi\u00f3n de informaci\u00f3n juvenil en los centros de ense\u00f1anza desde el curso 1996\/1997\" \/>\n<meta name=\"robots\" content=\"index, follow, max-snippet:-1, max-image-preview:large, max-video-preview:-1\" \/>\n<link rel=\"canonical\" href=\"https:\/\/www.laguiadepamplona.com\/actualidad\/amaia-aparicio-urbiola-y-edurne-larrea-noain-de-iparralde-dbh-ganan-el-premio-a-los-mejores-corresponsales-informativos-de-este-curso\/\" \/>\n<meta property=\"og:locale\" content=\"es_ES\" \/>\n<meta property=\"og:type\" content=\"article\" \/>\n<meta property=\"og:title\" content=\"Amaia Aparicio Urbiola y Edurne Larrea No\u00e1in, de Iparralde DBH ganan el premio a los mejores corresponsales informativos de este curso\" \/>\n<meta property=\"og:description\" content=\"El Ayuntamiento de Pamplona mantiene este programa de difusi\u00f3n de informaci\u00f3n juvenil en los centros de ense\u00f1anza desde el curso 1996\/1997\" \/>\n<meta property=\"og:url\" content=\"https:\/\/www.laguiadepamplona.com\/actualidad\/amaia-aparicio-urbiola-y-edurne-larrea-noain-de-iparralde-dbh-ganan-el-premio-a-los-mejores-corresponsales-informativos-de-este-curso\/\" \/>\n<meta property=\"og:site_name\" content=\"La Gu\u00eda de Pamplona\" \/>\n<meta property=\"article:publisher\" content=\"https:\/\/www.facebook.com\/laguiadepamplonacom-133175176762273\/?ref=hl\" \/>\n<meta property=\"article:published_time\" content=\"2022-06-16T11:33:06+00:00\" \/>\n<meta property=\"article:modified_time\" content=\"2023-04-11T09:48:02+00:00\" \/>\n<meta property=\"og:image\" content=\"https:\/\/www.laguiadepamplona.com\/actualidad\/wp-content\/uploads\/2022\/06\/DIPLOMAS-CORRESPONSALES-INFORMATIVOS_EE5A6263.webp\" \/>\n\t<meta property=\"og:image:width\" content=\"1920\" \/>\n\t<meta property=\"og:image:height\" content=\"1280\" \/>\n\t<meta property=\"og:image:type\" content=\"image\/webp\" \/>\n<meta name=\"author\" content=\"La Gu\u00eda de Pamplona\" \/>\n<meta name=\"twitter:card\" content=\"summary_large_image\" \/>\n<meta name=\"twitter:creator\" content=\"@LaGuiadPamplona\" \/>\n<meta name=\"twitter:site\" content=\"@LaGuiadPamplona\" \/>\n<meta name=\"twitter:label1\" content=\"Escrito por\" \/>\n\t<meta name=\"twitter:data1\" content=\"La Gu\u00eda de Pamplona\" \/>\n\t<meta name=\"twitter:label2\" content=\"Tiempo de lectura\" \/>\n\t<meta name=\"twitter:data2\" content=\"6 minutos\" \/>\n<script type=\"application\/ld+json\" class=\"yoast-schema-graph\">{\"@context\":\"https:\\\/\\\/schema.org\",\"@graph\":[{\"@type\":\"Article\",\"@id\":\"https:\\\/\\\/www.laguiadepamplona.com\\\/actualidad\\\/amaia-aparicio-urbiola-y-edurne-larrea-noain-de-iparralde-dbh-ganan-el-premio-a-los-mejores-corresponsales-informativos-de-este-curso\\\/#article\",\"isPartOf\":{\"@id\":\"https:\\\/\\\/www.laguiadepamplona.com\\\/actualidad\\\/amaia-aparicio-urbiola-y-edurne-larrea-noain-de-iparralde-dbh-ganan-el-premio-a-los-mejores-corresponsales-informativos-de-este-curso\\\/\"},\"author\":{\"name\":\"La Gu\u00eda de Pamplona\",\"@id\":\"https:\\\/\\\/www.laguiadepamplona.com\\\/actualidad\\\/#\\\/schema\\\/person\\\/efe887376f0213d4657c93adc50b1fdb\"},\"headline\":\"Amaia Aparicio Urbiola y Edurne Larrea No\u00e1in, de Iparralde DBH ganan el premio a los mejores corresponsales informativos de este curso\",\"datePublished\":\"2022-06-16T11:33:06+00:00\",\"dateModified\":\"2023-04-11T09:48:02+00:00\",\"mainEntityOfPage\":{\"@id\":\"https:\\\/\\\/www.laguiadepamplona.com\\\/actualidad\\\/amaia-aparicio-urbiola-y-edurne-larrea-noain-de-iparralde-dbh-ganan-el-premio-a-los-mejores-corresponsales-informativos-de-este-curso\\\/\"},\"wordCount\":1438,\"commentCount\":0,\"publisher\":{\"@id\":\"https:\\\/\\\/www.laguiadepamplona.com\\\/actualidad\\\/#organization\"},\"image\":{\"@id\":\"https:\\\/\\\/www.laguiadepamplona.com\\\/actualidad\\\/amaia-aparicio-urbiola-y-edurne-larrea-noain-de-iparralde-dbh-ganan-el-premio-a-los-mejores-corresponsales-informativos-de-este-curso\\\/#primaryimage\"},\"thumbnailUrl\":\"https:\\\/\\\/www.laguiadepamplona.com\\\/actualidad\\\/wp-content\\\/uploads\\\/2022\\\/06\\\/DIPLOMAS-CORRESPONSALES-INFORMATIVOS_EE5A6263.webp\",\"articleSection\":[\"Ayto Pamplona\"],\"inLanguage\":\"es\",\"potentialAction\":[{\"@type\":\"CommentAction\",\"name\":\"Comment\",\"target\":[\"https:\\\/\\\/www.laguiadepamplona.com\\\/actualidad\\\/amaia-aparicio-urbiola-y-edurne-larrea-noain-de-iparralde-dbh-ganan-el-premio-a-los-mejores-corresponsales-informativos-de-este-curso\\\/#respond\"]}]},{\"@type\":\"WebPage\",\"@id\":\"https:\\\/\\\/www.laguiadepamplona.com\\\/actualidad\\\/amaia-aparicio-urbiola-y-edurne-larrea-noain-de-iparralde-dbh-ganan-el-premio-a-los-mejores-corresponsales-informativos-de-este-curso\\\/\",\"url\":\"https:\\\/\\\/www.laguiadepamplona.com\\\/actualidad\\\/amaia-aparicio-urbiola-y-edurne-larrea-noain-de-iparralde-dbh-ganan-el-premio-a-los-mejores-corresponsales-informativos-de-este-curso\\\/\",\"name\":\"Amaia Aparicio Urbiola y Edurne Larrea No\u00e1in, de Iparralde DBH ganan el premio a los mejores corresponsales informativos de este curso\",\"isPartOf\":{\"@id\":\"https:\\\/\\\/www.laguiadepamplona.com\\\/actualidad\\\/#website\"},\"primaryImageOfPage\":{\"@id\":\"https:\\\/\\\/www.laguiadepamplona.com\\\/actualidad\\\/amaia-aparicio-urbiola-y-edurne-larrea-noain-de-iparralde-dbh-ganan-el-premio-a-los-mejores-corresponsales-informativos-de-este-curso\\\/#primaryimage\"},\"image\":{\"@id\":\"https:\\\/\\\/www.laguiadepamplona.com\\\/actualidad\\\/amaia-aparicio-urbiola-y-edurne-larrea-noain-de-iparralde-dbh-ganan-el-premio-a-los-mejores-corresponsales-informativos-de-este-curso\\\/#primaryimage\"},\"thumbnailUrl\":\"https:\\\/\\\/www.laguiadepamplona.com\\\/actualidad\\\/wp-content\\\/uploads\\\/2022\\\/06\\\/DIPLOMAS-CORRESPONSALES-INFORMATIVOS_EE5A6263.webp\",\"datePublished\":\"2022-06-16T11:33:06+00:00\",\"dateModified\":\"2023-04-11T09:48:02+00:00\",\"description\":\"El Ayuntamiento de Pamplona mantiene este programa de difusi\u00f3n de informaci\u00f3n juvenil en los centros de ense\u00f1anza desde el curso 1996\\\/1997\",\"breadcrumb\":{\"@id\":\"https:\\\/\\\/www.laguiadepamplona.com\\\/actualidad\\\/amaia-aparicio-urbiola-y-edurne-larrea-noain-de-iparralde-dbh-ganan-el-premio-a-los-mejores-corresponsales-informativos-de-este-curso\\\/#breadcrumb\"},\"inLanguage\":\"es\",\"potentialAction\":[{\"@type\":\"ReadAction\",\"target\":[\"https:\\\/\\\/www.laguiadepamplona.com\\\/actualidad\\\/amaia-aparicio-urbiola-y-edurne-larrea-noain-de-iparralde-dbh-ganan-el-premio-a-los-mejores-corresponsales-informativos-de-este-curso\\\/\"]}]},{\"@type\":\"ImageObject\",\"inLanguage\":\"es\",\"@id\":\"https:\\\/\\\/www.laguiadepamplona.com\\\/actualidad\\\/amaia-aparicio-urbiola-y-edurne-larrea-noain-de-iparralde-dbh-ganan-el-premio-a-los-mejores-corresponsales-informativos-de-este-curso\\\/#primaryimage\",\"url\":\"https:\\\/\\\/www.laguiadepamplona.com\\\/actualidad\\\/wp-content\\\/uploads\\\/2022\\\/06\\\/DIPLOMAS-CORRESPONSALES-INFORMATIVOS_EE5A6263.webp\",\"contentUrl\":\"https:\\\/\\\/www.laguiadepamplona.com\\\/actualidad\\\/wp-content\\\/uploads\\\/2022\\\/06\\\/DIPLOMAS-CORRESPONSALES-INFORMATIVOS_EE5A6263.webp\",\"width\":1920,\"height\":1280},{\"@type\":\"BreadcrumbList\",\"@id\":\"https:\\\/\\\/www.laguiadepamplona.com\\\/actualidad\\\/amaia-aparicio-urbiola-y-edurne-larrea-noain-de-iparralde-dbh-ganan-el-premio-a-los-mejores-corresponsales-informativos-de-este-curso\\\/#breadcrumb\",\"itemListElement\":[{\"@type\":\"ListItem\",\"position\":1,\"name\":\"Portada\",\"item\":\"https:\\\/\\\/www.laguiadepamplona.com\\\/actualidad\\\/\"},{\"@type\":\"ListItem\",\"position\":2,\"name\":\"Amaia Aparicio Urbiola y Edurne Larrea No\u00e1in, de Iparralde DBH ganan el premio a los mejores corresponsales informativos de este curso\"}]},{\"@type\":\"WebSite\",\"@id\":\"https:\\\/\\\/www.laguiadepamplona.com\\\/actualidad\\\/#website\",\"url\":\"https:\\\/\\\/www.laguiadepamplona.com\\\/actualidad\\\/\",\"name\":\"La gu\u00eda de Pamplona\",\"description\":\"Noticias de Pamplona\",\"publisher\":{\"@id\":\"https:\\\/\\\/www.laguiadepamplona.com\\\/actualidad\\\/#organization\"},\"potentialAction\":[{\"@type\":\"SearchAction\",\"target\":{\"@type\":\"EntryPoint\",\"urlTemplate\":\"https:\\\/\\\/www.laguiadepamplona.com\\\/actualidad\\\/?s={search_term_string}\"},\"query-input\":{\"@type\":\"PropertyValueSpecification\",\"valueRequired\":true,\"valueName\":\"search_term_string\"}}],\"inLanguage\":\"es\"},{\"@type\":\"Organization\",\"@id\":\"https:\\\/\\\/www.laguiadepamplona.com\\\/actualidad\\\/#organization\",\"name\":\"La Gu\u00eda de Pamplona \\\/ Noticias\",\"url\":\"https:\\\/\\\/www.laguiadepamplona.com\\\/actualidad\\\/\",\"logo\":{\"@type\":\"ImageObject\",\"inLanguage\":\"es\",\"@id\":\"https:\\\/\\\/www.laguiadepamplona.com\\\/actualidad\\\/#\\\/schema\\\/logo\\\/image\\\/\",\"url\":\"https:\\\/\\\/www.laguiadepamplona.com\\\/actualidad\\\/wp-content\\\/uploads\\\/2018\\\/11\\\/logo-laguiadepamplona18-web1.png\",\"contentUrl\":\"https:\\\/\\\/www.laguiadepamplona.com\\\/actualidad\\\/wp-content\\\/uploads\\\/2018\\\/11\\\/logo-laguiadepamplona18-web1.png\",\"width\":600,\"height\":196,\"caption\":\"La Gu\u00eda de Pamplona \\\/ Noticias\"},\"image\":{\"@id\":\"https:\\\/\\\/www.laguiadepamplona.com\\\/actualidad\\\/#\\\/schema\\\/logo\\\/image\\\/\"},\"sameAs\":[\"https:\\\/\\\/www.facebook.com\\\/laguiadepamplonacom-133175176762273\\\/?ref=hl\",\"https:\\\/\\\/x.com\\\/LaGuiadPamplona\",\"https:\\\/\\\/www.instagram.com\\\/la_guia_de_pamplona\\\/\",\"https:\\\/\\\/www.youtube.com\\\/user\\\/laguiadepamplona\"]},{\"@type\":\"Person\",\"@id\":\"https:\\\/\\\/www.laguiadepamplona.com\\\/actualidad\\\/#\\\/schema\\\/person\\\/efe887376f0213d4657c93adc50b1fdb\",\"name\":\"La Gu\u00eda de Pamplona\",\"image\":{\"@type\":\"ImageObject\",\"inLanguage\":\"es\",\"@id\":\"https:\\\/\\\/secure.gravatar.com\\\/avatar\\\/b6992f131dc8d30ab0dff15446e9d346d9dbd95992de0fef795073f5ea83a81c?s=96&d=mm&r=g\",\"url\":\"https:\\\/\\\/secure.gravatar.com\\\/avatar\\\/b6992f131dc8d30ab0dff15446e9d346d9dbd95992de0fef795073f5ea83a81c?s=96&d=mm&r=g\",\"contentUrl\":\"https:\\\/\\\/secure.gravatar.com\\\/avatar\\\/b6992f131dc8d30ab0dff15446e9d346d9dbd95992de0fef795073f5ea83a81c?s=96&d=mm&r=g\",\"caption\":\"La Gu\u00eda de Pamplona\"}}]}<\/script>\n<!-- \/ Yoast SEO plugin. -->","yoast_head_json":{"title":"Amaia Aparicio Urbiola y Edurne Larrea No\u00e1in, de Iparralde DBH ganan el premio a los mejores corresponsales informativos de este curso","description":"El Ayuntamiento de Pamplona mantiene este programa de difusi\u00f3n de informaci\u00f3n juvenil en los centros de ense\u00f1anza desde el curso 1996\/1997","robots":{"index":"index","follow":"follow","max-snippet":"max-snippet:-1","max-image-preview":"max-image-preview:large","max-video-preview":"max-video-preview:-1"},"canonical":"https:\/\/www.laguiadepamplona.com\/actualidad\/amaia-aparicio-urbiola-y-edurne-larrea-noain-de-iparralde-dbh-ganan-el-premio-a-los-mejores-corresponsales-informativos-de-este-curso\/","og_locale":"es_ES","og_type":"article","og_title":"Amaia Aparicio Urbiola y Edurne Larrea No\u00e1in, de Iparralde DBH ganan el premio a los mejores corresponsales informativos de este curso","og_description":"El Ayuntamiento de Pamplona mantiene este programa de difusi\u00f3n de informaci\u00f3n juvenil en los centros de ense\u00f1anza desde el curso 1996\/1997","og_url":"https:\/\/www.laguiadepamplona.com\/actualidad\/amaia-aparicio-urbiola-y-edurne-larrea-noain-de-iparralde-dbh-ganan-el-premio-a-los-mejores-corresponsales-informativos-de-este-curso\/","og_site_name":"La Gu\u00eda de Pamplona","article_publisher":"https:\/\/www.facebook.com\/laguiadepamplonacom-133175176762273\/?ref=hl","article_published_time":"2022-06-16T11:33:06+00:00","article_modified_time":"2023-04-11T09:48:02+00:00","og_image":[{"width":1920,"height":1280,"url":"https:\/\/www.laguiadepamplona.com\/actualidad\/wp-content\/uploads\/2022\/06\/DIPLOMAS-CORRESPONSALES-INFORMATIVOS_EE5A6263.webp","type":"image\/webp"}],"author":"La Gu\u00eda de Pamplona","twitter_card":"summary_large_image","twitter_creator":"@LaGuiadPamplona","twitter_site":"@LaGuiadPamplona","twitter_misc":{"Escrito por":"La Gu\u00eda de Pamplona","Tiempo de lectura":"6 minutos"},"schema":{"@context":"https:\/\/schema.org","@graph":[{"@type":"Article","@id":"https:\/\/www.laguiadepamplona.com\/actualidad\/amaia-aparicio-urbiola-y-edurne-larrea-noain-de-iparralde-dbh-ganan-el-premio-a-los-mejores-corresponsales-informativos-de-este-curso\/#article","isPartOf":{"@id":"https:\/\/www.laguiadepamplona.com\/actualidad\/amaia-aparicio-urbiola-y-edurne-larrea-noain-de-iparralde-dbh-ganan-el-premio-a-los-mejores-corresponsales-informativos-de-este-curso\/"},"author":{"name":"La Gu\u00eda de Pamplona","@id":"https:\/\/www.laguiadepamplona.com\/actualidad\/#\/schema\/person\/efe887376f0213d4657c93adc50b1fdb"},"headline":"Amaia Aparicio Urbiola y Edurne Larrea No\u00e1in, de Iparralde DBH ganan el premio a los mejores corresponsales informativos de este curso","datePublished":"2022-06-16T11:33:06+00:00","dateModified":"2023-04-11T09:48:02+00:00","mainEntityOfPage":{"@id":"https:\/\/www.laguiadepamplona.com\/actualidad\/amaia-aparicio-urbiola-y-edurne-larrea-noain-de-iparralde-dbh-ganan-el-premio-a-los-mejores-corresponsales-informativos-de-este-curso\/"},"wordCount":1438,"commentCount":0,"publisher":{"@id":"https:\/\/www.laguiadepamplona.com\/actualidad\/#organization"},"image":{"@id":"https:\/\/www.laguiadepamplona.com\/actualidad\/amaia-aparicio-urbiola-y-edurne-larrea-noain-de-iparralde-dbh-ganan-el-premio-a-los-mejores-corresponsales-informativos-de-este-curso\/#primaryimage"},"thumbnailUrl":"https:\/\/www.laguiadepamplona.com\/actualidad\/wp-content\/uploads\/2022\/06\/DIPLOMAS-CORRESPONSALES-INFORMATIVOS_EE5A6263.webp","articleSection":["Ayto Pamplona"],"inLanguage":"es","potentialAction":[{"@type":"CommentAction","name":"Comment","target":["https:\/\/www.laguiadepamplona.com\/actualidad\/amaia-aparicio-urbiola-y-edurne-larrea-noain-de-iparralde-dbh-ganan-el-premio-a-los-mejores-corresponsales-informativos-de-este-curso\/#respond"]}]},{"@type":"WebPage","@id":"https:\/\/www.laguiadepamplona.com\/actualidad\/amaia-aparicio-urbiola-y-edurne-larrea-noain-de-iparralde-dbh-ganan-el-premio-a-los-mejores-corresponsales-informativos-de-este-curso\/","url":"https:\/\/www.laguiadepamplona.com\/actualidad\/amaia-aparicio-urbiola-y-edurne-larrea-noain-de-iparralde-dbh-ganan-el-premio-a-los-mejores-corresponsales-informativos-de-este-curso\/","name":"Amaia Aparicio Urbiola y Edurne Larrea No\u00e1in, de Iparralde DBH ganan el premio a los mejores corresponsales informativos de este curso","isPartOf":{"@id":"https:\/\/www.laguiadepamplona.com\/actualidad\/#website"},"primaryImageOfPage":{"@id":"https:\/\/www.laguiadepamplona.com\/actualidad\/amaia-aparicio-urbiola-y-edurne-larrea-noain-de-iparralde-dbh-ganan-el-premio-a-los-mejores-corresponsales-informativos-de-este-curso\/#primaryimage"},"image":{"@id":"https:\/\/www.laguiadepamplona.com\/actualidad\/amaia-aparicio-urbiola-y-edurne-larrea-noain-de-iparralde-dbh-ganan-el-premio-a-los-mejores-corresponsales-informativos-de-este-curso\/#primaryimage"},"thumbnailUrl":"https:\/\/www.laguiadepamplona.com\/actualidad\/wp-content\/uploads\/2022\/06\/DIPLOMAS-CORRESPONSALES-INFORMATIVOS_EE5A6263.webp","datePublished":"2022-06-16T11:33:06+00:00","dateModified":"2023-04-11T09:48:02+00:00","description":"El Ayuntamiento de Pamplona mantiene este programa de difusi\u00f3n de informaci\u00f3n juvenil en los centros de ense\u00f1anza desde el curso 1996\/1997","breadcrumb":{"@id":"https:\/\/www.laguiadepamplona.com\/actualidad\/amaia-aparicio-urbiola-y-edurne-larrea-noain-de-iparralde-dbh-ganan-el-premio-a-los-mejores-corresponsales-informativos-de-este-curso\/#breadcrumb"},"inLanguage":"es","potentialAction":[{"@type":"ReadAction","target":["https:\/\/www.laguiadepamplona.com\/actualidad\/amaia-aparicio-urbiola-y-edurne-larrea-noain-de-iparralde-dbh-ganan-el-premio-a-los-mejores-corresponsales-informativos-de-este-curso\/"]}]},{"@type":"ImageObject","inLanguage":"es","@id":"https:\/\/www.laguiadepamplona.com\/actualidad\/amaia-aparicio-urbiola-y-edurne-larrea-noain-de-iparralde-dbh-ganan-el-premio-a-los-mejores-corresponsales-informativos-de-este-curso\/#primaryimage","url":"https:\/\/www.laguiadepamplona.com\/actualidad\/wp-content\/uploads\/2022\/06\/DIPLOMAS-CORRESPONSALES-INFORMATIVOS_EE5A6263.webp","contentUrl":"https:\/\/www.laguiadepamplona.com\/actualidad\/wp-content\/uploads\/2022\/06\/DIPLOMAS-CORRESPONSALES-INFORMATIVOS_EE5A6263.webp","width":1920,"height":1280},{"@type":"BreadcrumbList","@id":"https:\/\/www.laguiadepamplona.com\/actualidad\/amaia-aparicio-urbiola-y-edurne-larrea-noain-de-iparralde-dbh-ganan-el-premio-a-los-mejores-corresponsales-informativos-de-este-curso\/#breadcrumb","itemListElement":[{"@type":"ListItem","position":1,"name":"Portada","item":"https:\/\/www.laguiadepamplona.com\/actualidad\/"},{"@type":"ListItem","position":2,"name":"Amaia Aparicio Urbiola y Edurne Larrea No\u00e1in, de Iparralde DBH ganan el premio a los mejores corresponsales informativos de este curso"}]},{"@type":"WebSite","@id":"https:\/\/www.laguiadepamplona.com\/actualidad\/#website","url":"https:\/\/www.laguiadepamplona.com\/actualidad\/","name":"La gu\u00eda de Pamplona","description":"Noticias de Pamplona","publisher":{"@id":"https:\/\/www.laguiadepamplona.com\/actualidad\/#organization"},"potentialAction":[{"@type":"SearchAction","target":{"@type":"EntryPoint","urlTemplate":"https:\/\/www.laguiadepamplona.com\/actualidad\/?s={search_term_string}"},"query-input":{"@type":"PropertyValueSpecification","valueRequired":true,"valueName":"search_term_string"}}],"inLanguage":"es"},{"@type":"Organization","@id":"https:\/\/www.laguiadepamplona.com\/actualidad\/#organization","name":"La Gu\u00eda de Pamplona \/ Noticias","url":"https:\/\/www.laguiadepamplona.com\/actualidad\/","logo":{"@type":"ImageObject","inLanguage":"es","@id":"https:\/\/www.laguiadepamplona.com\/actualidad\/#\/schema\/logo\/image\/","url":"https:\/\/www.laguiadepamplona.com\/actualidad\/wp-content\/uploads\/2018\/11\/logo-laguiadepamplona18-web1.png","contentUrl":"https:\/\/www.laguiadepamplona.com\/actualidad\/wp-content\/uploads\/2018\/11\/logo-laguiadepamplona18-web1.png","width":600,"height":196,"caption":"La Gu\u00eda de Pamplona \/ Noticias"},"image":{"@id":"https:\/\/www.laguiadepamplona.com\/actualidad\/#\/schema\/logo\/image\/"},"sameAs":["https:\/\/www.facebook.com\/laguiadepamplonacom-133175176762273\/?ref=hl","https:\/\/x.com\/LaGuiadPamplona","https:\/\/www.instagram.com\/la_guia_de_pamplona\/","https:\/\/www.youtube.com\/user\/laguiadepamplona"]},{"@type":"Person","@id":"https:\/\/www.laguiadepamplona.com\/actualidad\/#\/schema\/person\/efe887376f0213d4657c93adc50b1fdb","name":"La Gu\u00eda de Pamplona","image":{"@type":"ImageObject","inLanguage":"es","@id":"https:\/\/secure.gravatar.com\/avatar\/b6992f131dc8d30ab0dff15446e9d346d9dbd95992de0fef795073f5ea83a81c?s=96&d=mm&r=g","url":"https:\/\/secure.gravatar.com\/avatar\/b6992f131dc8d30ab0dff15446e9d346d9dbd95992de0fef795073f5ea83a81c?s=96&d=mm&r=g","contentUrl":"https:\/\/secure.gravatar.com\/avatar\/b6992f131dc8d30ab0dff15446e9d346d9dbd95992de0fef795073f5ea83a81c?s=96&d=mm&r=g","caption":"La Gu\u00eda de Pamplona"}}]}},"post_mailing_queue_ids":[],"_links":{"self":[{"href":"https:\/\/www.laguiadepamplona.com\/actualidad\/wp-json\/wp\/v2\/posts\/40887","targetHints":{"allow":["GET"]}}],"collection":[{"href":"https:\/\/www.laguiadepamplona.com\/actualidad\/wp-json\/wp\/v2\/posts"}],"about":[{"href":"https:\/\/www.laguiadepamplona.com\/actualidad\/wp-json\/wp\/v2\/types\/post"}],"author":[{"embeddable":true,"href":"https:\/\/www.laguiadepamplona.com\/actualidad\/wp-json\/wp\/v2\/users\/1"}],"replies":[{"embeddable":true,"href":"https:\/\/www.laguiadepamplona.com\/actualidad\/wp-json\/wp\/v2\/comments?post=40887"}],"version-history":[{"count":0,"href":"https:\/\/www.laguiadepamplona.com\/actualidad\/wp-json\/wp\/v2\/posts\/40887\/revisions"}],"wp:featuredmedia":[{"embeddable":true,"href":"https:\/\/www.laguiadepamplona.com\/actualidad\/wp-json\/wp\/v2\/media\/40888"}],"wp:attachment":[{"href":"https:\/\/www.laguiadepamplona.com\/actualidad\/wp-json\/wp\/v2\/media?parent=40887"}],"wp:term":[{"taxonomy":"category","embeddable":true,"href":"https:\/\/www.laguiadepamplona.com\/actualidad\/wp-json\/wp\/v2\/categories?post=40887"},{"taxonomy":"post_tag","embeddable":true,"href":"https:\/\/www.laguiadepamplona.com\/actualidad\/wp-json\/wp\/v2\/tags?post=40887"}],"curies":[{"name":"wp","href":"https:\/\/api.w.org\/{rel}","templated":true}]}}