{"id":40884,"date":"2022-06-16T12:17:21","date_gmt":"2022-06-16T10:17:21","guid":{"rendered":"https:\/\/www.laguiadepamplona.com\/actualidad\/?p=40884"},"modified":"2023-04-11T11:48:02","modified_gmt":"2023-04-11T09:48:02","slug":"condestable-recorre-la-historia-centenaria-del-cartel-taurino-en-pamplona-con-las-creaciones-para-las-ferias-del-toro-de-1959-a-2022-y-la-sorpresa-de-la-obra-encargada-para-2020","status":"publish","type":"post","link":"https:\/\/www.laguiadepamplona.com\/actualidad\/condestable-recorre-la-historia-centenaria-del-cartel-taurino-en-pamplona-con-las-creaciones-para-las-ferias-del-toro-de-1959-a-2022-y-la-sorpresa-de-la-obra-encargada-para-2020\/","title":{"rendered":"Condestable recorre la historia centenaria del cartel taurino en Pamplona, con las creaciones para las Ferias del Toro de 1959 a 2022 y la sorpresa de la obra encargada para 2020"},"content":{"rendered":"<h5>Se exponen 180 piezas entre carteles, programas de mano, billetaje, bocetos de carteles o correspondencia con diferentes artistas<\/h5>\n<p><!--more--><\/p>\n<p>En 1959 los festejos taurinos que se organizaban en Sanfermines se convirtieron oficialmente en la Feria del Toro de San Ferm\u00edn. Por aquel entonces, result\u00f3 l\u00f3gico que la nueva Feria de Toro necesitara de un cartel anunciador para publicitar el programa taurino confeccionado por la Casa de Misericordia. Un cartel que deb\u00eda realizarse con especial atenci\u00f3n y prioridad a las ganader\u00edas, cuyos hierros resultaban de obligada presencia, y sin que hubiera que reflejar las combinaciones de toros y toreros de cada tarde, como se sol\u00eda hacer en otras ferias.<\/p>\n<p>La exposici\u00f3n \u2018El arte al servicio de la fiesta. La Casa de Misericordia y el cartel de la Feria del Toro (1959 \u2013 2022)\u2019, que acogen las salas 1 y 2 del Palacio del Condestable, realiza un recorrido m\u00e1s amplio a lo largo de m\u00e1s de 160 a\u00f1os de carteler\u00eda taurina en Pamplona, desde los primeros carteles editados por la Casa de Misericordia en torno a 1860 hasta el \u00faltimo cartel de Juan Jos\u00e9 Aquerreta para este 2022. La muestra est\u00e1 compuesta por 180 piezas, con protagonismo de los carteles, pero tambi\u00e9n de otros elementos complementarios. Una serie de vitrinas exhiben materiales recoge en unas vitrinas billetaje y programas de mano, bocetos in\u00e9ditos de los autores y autoras de los carteles y correspondencia in\u00e9dita con renombrados artistas que pudieron ser firmas del cartel, pero que no llegaron a serlo, como Francis Bacon.<\/p>\n<p>El alcalde de pamplona, Enrique Maya, el presidente de la Comisi\u00f3n Taurina de la Casa de Misericordia, Jos\u00e9 Mar\u00eda Marco, y el comisario de la exposici\u00f3n, Jos\u00e9 Javier Azanza, han presentado esta ma\u00f1ana la exposici\u00f3n, que se puede visitar hasta el pr\u00f3ximo 20 de agosto. La muestra cuenta, adem\u00e1s, con la sorpresa de exhibir por primera vez el cartel de la Feria del Toro de 2020, encargado a Javier Balda y que el autor navarro realiz\u00f3, a pesar de que finalmente las fiestas de San Ferm\u00edn se suspendieron por la pandemia del coronavirus.<br \/>\n<script async src=\"\/\/pagead2.googlesyndication.com\/pagead\/js\/adsbygoogle.js\"><\/script><br \/>\n<!-- Noticias La Guia de Pamplona --><br \/>\n<ins class=\"adsbygoogle\"\nstyle=\"display:block\"\ndata-ad-client=\"ca-pub-6943679897239327\"\ndata-ad-slot=\"7048180777\"\ndata-ad-format=\"auto\"><\/ins><br \/>\n<script>\n(adsbygoogle = window.adsbygoogle || []).push({});\n<\/script><\/p>\n<p><strong>Carteles de la Feria del Toro<\/strong><\/p>\n<p>Desde el nacimiento de la Feria del Toro como tal en 1959, han pasado 63 a\u00f1os y sus carteles siguen siendo emblema taurino de las fiestas. Seis d\u00e9cadas en las que esas obras han generado un legado patrimonial y art\u00edstico que va m\u00e1s all\u00e1 del arte taurino, para convertirse en una colecci\u00f3n de calidad, con renombrados artistas regionales, nacionales e internacionales, que supone adem\u00e1s un recorrido por la evoluci\u00f3n del arte con sus diferentes tendencias, corrientes, vanguardias y sensibilidades art\u00edsticas.<\/p>\n<p>Autores como Fernando Botero, Pedro Salaberri, Mariano Sinu\u00e9s, Faustino Aizkorbe, Francis Bartolozzi, Rafel Moneo, Antonio Segu\u00ed, Fernando Red\u00f3n, Pedro Manterola, Patxi Buld\u00e1in, C\u00e9sar Oroz, C\u00e9sar Barrio, Mikel Urmeneta, Laura Panno, Mar\u00eda Franco o Jos\u00e9 Antonio Eslava son algunos de los 58 autores y autoras que se dan cita en la muestra. Encargo directo a artistas de renombre, libertad de ejecuci\u00f3n a tono con los tiempos, capacidad para sorprender o impactar, cierta dosis de pol\u00e9micas y, l\u00f3gicamente, que anuncie la Feria del Toro de cada a\u00f1o son las caracter\u00edsticas que la Casa de Misericordia pide para las obras cuando contacta con los autores o autoras que las van a realizar.<\/p>\n<p>Los 63 carteles se deben a 58 artistas diferentes. Andr\u00e9s Mart\u00ednez de Le\u00f3n (1959, 1960 y 1966), Antonio Casero (desde 1961 a 1965) y Jos\u00e9 Antonio Eslava (1967 y 2017) han sido los \u00fanicos tres autores que han repetido. La Feria del Toro busca siempre nuevos autores y, por ello, en 1980 se descart\u00f3 la repetici\u00f3n de firma. La \u00fanica excepci\u00f3n ha sido Jos\u00e9 Antonio Eslava, con un segundo cartel en 2017, cincuenta a\u00f1os despu\u00e9s del primero. Dos obras comparten autor\u00eda, la de 1976 creada por Lozano Bartolozzi y Arranz \u2013 Bravo, y la de 1992 de Koldo Chamorro y Fernando Pagola. De los 58 artistas, 28 (un 48%) son navarros, 20 (un 35%) son nacionales y 10 (un 17%) internacionales. Cinco mujeres han firmado el cartel de la Feria del Toro desde 1959.<br \/>\n<script async src=\"\/\/pagead2.googlesyndication.com\/pagead\/js\/adsbygoogle.js\"><\/script><br \/>\n<!-- Noticias La Guia de Pamplona --><br \/>\n<ins class=\"adsbygoogle\"\nstyle=\"display:block\"\ndata-ad-client=\"ca-pub-6943679897239327\"\ndata-ad-slot=\"7048180777\"\ndata-ad-format=\"auto\"><\/ins><br \/>\n<script>\n(adsbygoogle = window.adsbygoogle || []).push({});\n<\/script><\/p>\n<p><strong>Claves de la exposici\u00f3n<\/strong><\/p>\n<p>El recorrido por la exposici\u00f3n se ha organizado en diez secciones, que componen un discurso unitario, pero que incluso pueden funcionar como microexposiciones con autonom\u00eda propia como los espacios dedicados a Jos\u00e9 Antonio Eslava o a Ignacio C\u00eda. Esta muestra es tambi\u00e9n un homenaje a Ignacio C\u00eda, director y piedra angular de la Meca en las comisiones taurina y del cartel durante d\u00e9cadas, apasionado pintor y autor del cartel de la Feria del Toro 2008, que falleci\u00f3 en pasado a\u00f1o.<\/p>\n<p>La totalidad de las piezas de la exposici\u00f3n proviene del legado patrimonial de la Casa de Misericordia, en una clara apuesta de la entidad por la conservaci\u00f3n y difusi\u00f3n de ese patrimonio art\u00edstico y cultural que quiere compartir con la ciudadan\u00eda. La exposici\u00f3n contribuye tambi\u00e9n a la revalorizaci\u00f3n del cartel publicitario como material expositivo, en la l\u00ednea emprendida en los \u00faltimos a\u00f1os por prestigiosos museos (MoMA de Nueva York, el MNAC de Barcelona o el Museo Nacional Centro de Arte Reina Sof\u00eda de Madrid), que han incorporado el cartel como parte esencial del relato museogr\u00e1fico en la reordenaci\u00f3n de sus colecciones.<\/p>\n<p>La variedad es la se\u00f1a de identidad de la carteler\u00eda taurina de la Casa de Misericordia, a muy diversos niveles. La autor\u00eda combina artistas locales, nacionales e internacionales; los estilos van desde carteles hiperrealistas hasta otros que rozan la abstracci\u00f3n. En cuanto a la iconograf\u00eda, se plasman diversos lances y escenarios e incluso con ausencia del toro, el gran protagonista de la mayor parte de los carteles. Otras se\u00f1as de identidad son el color, si bien si la trilog\u00eda rojo-blanco-negro domina sobre el resto, y variedad t\u00e9cnica del original que da lugar al cartel, desde el \u00f3leo, el grabado y el collage hasta el dise\u00f1o gr\u00e1fico, la fotograf\u00eda y la escultura. Tal diversidad confiere a la carteler\u00eda de la Feria del Toro de San Ferm\u00edn un sello distintivo y muy personal.<br \/>\n<script async src=\"\/\/pagead2.googlesyndication.com\/pagead\/js\/adsbygoogle.js\"><\/script><br \/>\n<!-- Noticias La Guia de Pamplona --><br \/>\n<ins class=\"adsbygoogle\"\nstyle=\"display:block\"\ndata-ad-client=\"ca-pub-6943679897239327\"\ndata-ad-slot=\"7048180777\"\ndata-ad-format=\"auto\"><\/ins><br \/>\n<script>\n(adsbygoogle = window.adsbygoogle || []).push({});\n<\/script><\/p>\n<p>Como curiosidades de la muestra, adem\u00e1s del in\u00e9dito cartel de 2020, existen peque\u00f1os tesoros como un boceto de Agust\u00edn Ibarrola para el cartel de 1974, m\u00e1s reivindicativo que festivo, con referencias al Guernica de Picasso y a la lucha obrera, que fue desestimado por la Comisi\u00f3n Taurina. O la correspondencia mantenida entre Ignacio C\u00eda y el pintor irland\u00e9s Francis Bacon, uno de los grandes nombres del arte del siglo XX, para encargarle el cartel del a\u00f1o siguiente, que incluye una carta manuscrita de este \u00faltimo.<\/p>\n<p>La exposici\u00f3n \u2018El arte al servicio de la fiesta. La Casa de Misericordia y el cartel de la Feria del Toro (1959 \u2013 2022)\u2019 reivindica la dimensi\u00f3n cultural de los Sanfermines en un espacio c\u00e9ntrico. El Palacio del Condestable va a acoger en las pr\u00f3ximas semanas dentro de su programaci\u00f3n expositiva varias muestras que giran en torno a los Sanfermines, que se complementan y establecen un sugerente di\u00e1logo entre s\u00ed para que el p\u00fablico pueda reflexionar sobre distintas perspectivas de las fiestas.<\/p>\n","protected":false},"excerpt":{"rendered":"<p>Se exponen 180 piezas entre carteles, programas de mano, billetaje, bocetos de carteles o correspondencia con diferentes artistas<\/p>\n","protected":false},"author":1,"featured_media":40885,"comment_status":"open","ping_status":"closed","sticky":false,"template":"","format":"standard","meta":{"footnotes":""},"categories":[2,9406],"tags":[],"class_list":["post-40884","post","type-post","status-publish","format-standard","has-post-thumbnail","hentry","category-ayuntamiento-pamplona","category-san-fermin"],"yoast_head":"<!-- This site is optimized with the Yoast SEO plugin v27.3 - https:\/\/yoast.com\/product\/yoast-seo-wordpress\/ -->\n<title>Condestable recorre la historia centenaria del cartel taurino en Pamplona, con las creaciones para las Ferias del Toro de 1959 a 2022 y la sorpresa de la obra encargada para 2020<\/title>\n<meta name=\"description\" content=\"Se exponen 180 piezas entre carteles, programas de mano, billetaje, bocetos de carteles o correspondencia con diferentes artistas\" \/>\n<meta name=\"robots\" content=\"index, follow, max-snippet:-1, max-image-preview:large, max-video-preview:-1\" \/>\n<link rel=\"canonical\" href=\"https:\/\/www.laguiadepamplona.com\/actualidad\/condestable-recorre-la-historia-centenaria-del-cartel-taurino-en-pamplona-con-las-creaciones-para-las-ferias-del-toro-de-1959-a-2022-y-la-sorpresa-de-la-obra-encargada-para-2020\/\" \/>\n<meta property=\"og:locale\" content=\"es_ES\" \/>\n<meta property=\"og:type\" content=\"article\" \/>\n<meta property=\"og:title\" content=\"Condestable recorre la historia centenaria del cartel taurino en Pamplona, con las creaciones para las Ferias del Toro de 1959 a 2022 y la sorpresa de la obra encargada para 2020\" \/>\n<meta property=\"og:description\" content=\"Se exponen 180 piezas entre carteles, programas de mano, billetaje, bocetos de carteles o correspondencia con diferentes artistas\" \/>\n<meta property=\"og:url\" content=\"https:\/\/www.laguiadepamplona.com\/actualidad\/condestable-recorre-la-historia-centenaria-del-cartel-taurino-en-pamplona-con-las-creaciones-para-las-ferias-del-toro-de-1959-a-2022-y-la-sorpresa-de-la-obra-encargada-para-2020\/\" \/>\n<meta property=\"og:site_name\" content=\"La Gu\u00eda de Pamplona\" \/>\n<meta property=\"article:publisher\" content=\"https:\/\/www.facebook.com\/laguiadepamplonacom-133175176762273\/?ref=hl\" \/>\n<meta property=\"article:published_time\" content=\"2022-06-16T10:17:21+00:00\" \/>\n<meta property=\"article:modified_time\" content=\"2023-04-11T09:48:02+00:00\" \/>\n<meta property=\"og:image\" content=\"https:\/\/www.laguiadepamplona.com\/actualidad\/wp-content\/uploads\/2022\/06\/expo-carteles-feria-toro-san-fermin.webp\" \/>\n\t<meta property=\"og:image:width\" content=\"1920\" \/>\n\t<meta property=\"og:image:height\" content=\"1081\" \/>\n\t<meta property=\"og:image:type\" content=\"image\/webp\" \/>\n<meta name=\"author\" content=\"La Gu\u00eda de Pamplona\" \/>\n<meta name=\"twitter:card\" content=\"summary_large_image\" \/>\n<meta name=\"twitter:creator\" content=\"@LaGuiadPamplona\" \/>\n<meta name=\"twitter:site\" content=\"@LaGuiadPamplona\" \/>\n<meta name=\"twitter:label1\" content=\"Escrito por\" \/>\n\t<meta name=\"twitter:data1\" content=\"La Gu\u00eda de Pamplona\" \/>\n\t<meta name=\"twitter:label2\" content=\"Tiempo de lectura\" \/>\n\t<meta name=\"twitter:data2\" content=\"6 minutos\" \/>\n<script type=\"application\/ld+json\" class=\"yoast-schema-graph\">{\"@context\":\"https:\\\/\\\/schema.org\",\"@graph\":[{\"@type\":\"Article\",\"@id\":\"https:\\\/\\\/www.laguiadepamplona.com\\\/actualidad\\\/condestable-recorre-la-historia-centenaria-del-cartel-taurino-en-pamplona-con-las-creaciones-para-las-ferias-del-toro-de-1959-a-2022-y-la-sorpresa-de-la-obra-encargada-para-2020\\\/#article\",\"isPartOf\":{\"@id\":\"https:\\\/\\\/www.laguiadepamplona.com\\\/actualidad\\\/condestable-recorre-la-historia-centenaria-del-cartel-taurino-en-pamplona-con-las-creaciones-para-las-ferias-del-toro-de-1959-a-2022-y-la-sorpresa-de-la-obra-encargada-para-2020\\\/\"},\"author\":{\"name\":\"La Gu\u00eda de Pamplona\",\"@id\":\"https:\\\/\\\/www.laguiadepamplona.com\\\/actualidad\\\/#\\\/schema\\\/person\\\/efe887376f0213d4657c93adc50b1fdb\"},\"headline\":\"Condestable recorre la historia centenaria del cartel taurino en Pamplona, con las creaciones para las Ferias del Toro de 1959 a 2022 y la sorpresa de la obra encargada para 2020\",\"datePublished\":\"2022-06-16T10:17:21+00:00\",\"dateModified\":\"2023-04-11T09:48:02+00:00\",\"mainEntityOfPage\":{\"@id\":\"https:\\\/\\\/www.laguiadepamplona.com\\\/actualidad\\\/condestable-recorre-la-historia-centenaria-del-cartel-taurino-en-pamplona-con-las-creaciones-para-las-ferias-del-toro-de-1959-a-2022-y-la-sorpresa-de-la-obra-encargada-para-2020\\\/\"},\"wordCount\":1237,\"commentCount\":0,\"publisher\":{\"@id\":\"https:\\\/\\\/www.laguiadepamplona.com\\\/actualidad\\\/#organization\"},\"image\":{\"@id\":\"https:\\\/\\\/www.laguiadepamplona.com\\\/actualidad\\\/condestable-recorre-la-historia-centenaria-del-cartel-taurino-en-pamplona-con-las-creaciones-para-las-ferias-del-toro-de-1959-a-2022-y-la-sorpresa-de-la-obra-encargada-para-2020\\\/#primaryimage\"},\"thumbnailUrl\":\"https:\\\/\\\/www.laguiadepamplona.com\\\/actualidad\\\/wp-content\\\/uploads\\\/2022\\\/06\\\/expo-carteles-feria-toro-san-fermin.webp\",\"articleSection\":[\"Ayto Pamplona\",\"San Ferm\u00edn\"],\"inLanguage\":\"es\",\"potentialAction\":[{\"@type\":\"CommentAction\",\"name\":\"Comment\",\"target\":[\"https:\\\/\\\/www.laguiadepamplona.com\\\/actualidad\\\/condestable-recorre-la-historia-centenaria-del-cartel-taurino-en-pamplona-con-las-creaciones-para-las-ferias-del-toro-de-1959-a-2022-y-la-sorpresa-de-la-obra-encargada-para-2020\\\/#respond\"]}]},{\"@type\":\"WebPage\",\"@id\":\"https:\\\/\\\/www.laguiadepamplona.com\\\/actualidad\\\/condestable-recorre-la-historia-centenaria-del-cartel-taurino-en-pamplona-con-las-creaciones-para-las-ferias-del-toro-de-1959-a-2022-y-la-sorpresa-de-la-obra-encargada-para-2020\\\/\",\"url\":\"https:\\\/\\\/www.laguiadepamplona.com\\\/actualidad\\\/condestable-recorre-la-historia-centenaria-del-cartel-taurino-en-pamplona-con-las-creaciones-para-las-ferias-del-toro-de-1959-a-2022-y-la-sorpresa-de-la-obra-encargada-para-2020\\\/\",\"name\":\"Condestable recorre la historia centenaria del cartel taurino en Pamplona, con las creaciones para las Ferias del Toro de 1959 a 2022 y la sorpresa de la obra encargada para 2020\",\"isPartOf\":{\"@id\":\"https:\\\/\\\/www.laguiadepamplona.com\\\/actualidad\\\/#website\"},\"primaryImageOfPage\":{\"@id\":\"https:\\\/\\\/www.laguiadepamplona.com\\\/actualidad\\\/condestable-recorre-la-historia-centenaria-del-cartel-taurino-en-pamplona-con-las-creaciones-para-las-ferias-del-toro-de-1959-a-2022-y-la-sorpresa-de-la-obra-encargada-para-2020\\\/#primaryimage\"},\"image\":{\"@id\":\"https:\\\/\\\/www.laguiadepamplona.com\\\/actualidad\\\/condestable-recorre-la-historia-centenaria-del-cartel-taurino-en-pamplona-con-las-creaciones-para-las-ferias-del-toro-de-1959-a-2022-y-la-sorpresa-de-la-obra-encargada-para-2020\\\/#primaryimage\"},\"thumbnailUrl\":\"https:\\\/\\\/www.laguiadepamplona.com\\\/actualidad\\\/wp-content\\\/uploads\\\/2022\\\/06\\\/expo-carteles-feria-toro-san-fermin.webp\",\"datePublished\":\"2022-06-16T10:17:21+00:00\",\"dateModified\":\"2023-04-11T09:48:02+00:00\",\"description\":\"Se exponen 180 piezas entre carteles, programas de mano, billetaje, bocetos de carteles o correspondencia con diferentes artistas\",\"breadcrumb\":{\"@id\":\"https:\\\/\\\/www.laguiadepamplona.com\\\/actualidad\\\/condestable-recorre-la-historia-centenaria-del-cartel-taurino-en-pamplona-con-las-creaciones-para-las-ferias-del-toro-de-1959-a-2022-y-la-sorpresa-de-la-obra-encargada-para-2020\\\/#breadcrumb\"},\"inLanguage\":\"es\",\"potentialAction\":[{\"@type\":\"ReadAction\",\"target\":[\"https:\\\/\\\/www.laguiadepamplona.com\\\/actualidad\\\/condestable-recorre-la-historia-centenaria-del-cartel-taurino-en-pamplona-con-las-creaciones-para-las-ferias-del-toro-de-1959-a-2022-y-la-sorpresa-de-la-obra-encargada-para-2020\\\/\"]}]},{\"@type\":\"ImageObject\",\"inLanguage\":\"es\",\"@id\":\"https:\\\/\\\/www.laguiadepamplona.com\\\/actualidad\\\/condestable-recorre-la-historia-centenaria-del-cartel-taurino-en-pamplona-con-las-creaciones-para-las-ferias-del-toro-de-1959-a-2022-y-la-sorpresa-de-la-obra-encargada-para-2020\\\/#primaryimage\",\"url\":\"https:\\\/\\\/www.laguiadepamplona.com\\\/actualidad\\\/wp-content\\\/uploads\\\/2022\\\/06\\\/expo-carteles-feria-toro-san-fermin.webp\",\"contentUrl\":\"https:\\\/\\\/www.laguiadepamplona.com\\\/actualidad\\\/wp-content\\\/uploads\\\/2022\\\/06\\\/expo-carteles-feria-toro-san-fermin.webp\",\"width\":1920,\"height\":1081},{\"@type\":\"BreadcrumbList\",\"@id\":\"https:\\\/\\\/www.laguiadepamplona.com\\\/actualidad\\\/condestable-recorre-la-historia-centenaria-del-cartel-taurino-en-pamplona-con-las-creaciones-para-las-ferias-del-toro-de-1959-a-2022-y-la-sorpresa-de-la-obra-encargada-para-2020\\\/#breadcrumb\",\"itemListElement\":[{\"@type\":\"ListItem\",\"position\":1,\"name\":\"Portada\",\"item\":\"https:\\\/\\\/www.laguiadepamplona.com\\\/actualidad\\\/\"},{\"@type\":\"ListItem\",\"position\":2,\"name\":\"Condestable recorre la historia centenaria del cartel taurino en Pamplona, con las creaciones para las Ferias del Toro de 1959 a 2022 y la sorpresa de la obra encargada para 2020\"}]},{\"@type\":\"WebSite\",\"@id\":\"https:\\\/\\\/www.laguiadepamplona.com\\\/actualidad\\\/#website\",\"url\":\"https:\\\/\\\/www.laguiadepamplona.com\\\/actualidad\\\/\",\"name\":\"La gu\u00eda de Pamplona\",\"description\":\"Noticias de Pamplona\",\"publisher\":{\"@id\":\"https:\\\/\\\/www.laguiadepamplona.com\\\/actualidad\\\/#organization\"},\"potentialAction\":[{\"@type\":\"SearchAction\",\"target\":{\"@type\":\"EntryPoint\",\"urlTemplate\":\"https:\\\/\\\/www.laguiadepamplona.com\\\/actualidad\\\/?s={search_term_string}\"},\"query-input\":{\"@type\":\"PropertyValueSpecification\",\"valueRequired\":true,\"valueName\":\"search_term_string\"}}],\"inLanguage\":\"es\"},{\"@type\":\"Organization\",\"@id\":\"https:\\\/\\\/www.laguiadepamplona.com\\\/actualidad\\\/#organization\",\"name\":\"La Gu\u00eda de Pamplona \\\/ Noticias\",\"url\":\"https:\\\/\\\/www.laguiadepamplona.com\\\/actualidad\\\/\",\"logo\":{\"@type\":\"ImageObject\",\"inLanguage\":\"es\",\"@id\":\"https:\\\/\\\/www.laguiadepamplona.com\\\/actualidad\\\/#\\\/schema\\\/logo\\\/image\\\/\",\"url\":\"https:\\\/\\\/www.laguiadepamplona.com\\\/actualidad\\\/wp-content\\\/uploads\\\/2018\\\/11\\\/logo-laguiadepamplona18-web1.png\",\"contentUrl\":\"https:\\\/\\\/www.laguiadepamplona.com\\\/actualidad\\\/wp-content\\\/uploads\\\/2018\\\/11\\\/logo-laguiadepamplona18-web1.png\",\"width\":600,\"height\":196,\"caption\":\"La Gu\u00eda de Pamplona \\\/ Noticias\"},\"image\":{\"@id\":\"https:\\\/\\\/www.laguiadepamplona.com\\\/actualidad\\\/#\\\/schema\\\/logo\\\/image\\\/\"},\"sameAs\":[\"https:\\\/\\\/www.facebook.com\\\/laguiadepamplonacom-133175176762273\\\/?ref=hl\",\"https:\\\/\\\/x.com\\\/LaGuiadPamplona\",\"https:\\\/\\\/www.instagram.com\\\/la_guia_de_pamplona\\\/\",\"https:\\\/\\\/www.youtube.com\\\/user\\\/laguiadepamplona\"]},{\"@type\":\"Person\",\"@id\":\"https:\\\/\\\/www.laguiadepamplona.com\\\/actualidad\\\/#\\\/schema\\\/person\\\/efe887376f0213d4657c93adc50b1fdb\",\"name\":\"La Gu\u00eda de Pamplona\",\"image\":{\"@type\":\"ImageObject\",\"inLanguage\":\"es\",\"@id\":\"https:\\\/\\\/secure.gravatar.com\\\/avatar\\\/b6992f131dc8d30ab0dff15446e9d346d9dbd95992de0fef795073f5ea83a81c?s=96&d=mm&r=g\",\"url\":\"https:\\\/\\\/secure.gravatar.com\\\/avatar\\\/b6992f131dc8d30ab0dff15446e9d346d9dbd95992de0fef795073f5ea83a81c?s=96&d=mm&r=g\",\"contentUrl\":\"https:\\\/\\\/secure.gravatar.com\\\/avatar\\\/b6992f131dc8d30ab0dff15446e9d346d9dbd95992de0fef795073f5ea83a81c?s=96&d=mm&r=g\",\"caption\":\"La Gu\u00eda de Pamplona\"}}]}<\/script>\n<!-- \/ Yoast SEO plugin. -->","yoast_head_json":{"title":"Condestable recorre la historia centenaria del cartel taurino en Pamplona, con las creaciones para las Ferias del Toro de 1959 a 2022 y la sorpresa de la obra encargada para 2020","description":"Se exponen 180 piezas entre carteles, programas de mano, billetaje, bocetos de carteles o correspondencia con diferentes artistas","robots":{"index":"index","follow":"follow","max-snippet":"max-snippet:-1","max-image-preview":"max-image-preview:large","max-video-preview":"max-video-preview:-1"},"canonical":"https:\/\/www.laguiadepamplona.com\/actualidad\/condestable-recorre-la-historia-centenaria-del-cartel-taurino-en-pamplona-con-las-creaciones-para-las-ferias-del-toro-de-1959-a-2022-y-la-sorpresa-de-la-obra-encargada-para-2020\/","og_locale":"es_ES","og_type":"article","og_title":"Condestable recorre la historia centenaria del cartel taurino en Pamplona, con las creaciones para las Ferias del Toro de 1959 a 2022 y la sorpresa de la obra encargada para 2020","og_description":"Se exponen 180 piezas entre carteles, programas de mano, billetaje, bocetos de carteles o correspondencia con diferentes artistas","og_url":"https:\/\/www.laguiadepamplona.com\/actualidad\/condestable-recorre-la-historia-centenaria-del-cartel-taurino-en-pamplona-con-las-creaciones-para-las-ferias-del-toro-de-1959-a-2022-y-la-sorpresa-de-la-obra-encargada-para-2020\/","og_site_name":"La Gu\u00eda de Pamplona","article_publisher":"https:\/\/www.facebook.com\/laguiadepamplonacom-133175176762273\/?ref=hl","article_published_time":"2022-06-16T10:17:21+00:00","article_modified_time":"2023-04-11T09:48:02+00:00","og_image":[{"width":1920,"height":1081,"url":"https:\/\/www.laguiadepamplona.com\/actualidad\/wp-content\/uploads\/2022\/06\/expo-carteles-feria-toro-san-fermin.webp","type":"image\/webp"}],"author":"La Gu\u00eda de Pamplona","twitter_card":"summary_large_image","twitter_creator":"@LaGuiadPamplona","twitter_site":"@LaGuiadPamplona","twitter_misc":{"Escrito por":"La Gu\u00eda de Pamplona","Tiempo de lectura":"6 minutos"},"schema":{"@context":"https:\/\/schema.org","@graph":[{"@type":"Article","@id":"https:\/\/www.laguiadepamplona.com\/actualidad\/condestable-recorre-la-historia-centenaria-del-cartel-taurino-en-pamplona-con-las-creaciones-para-las-ferias-del-toro-de-1959-a-2022-y-la-sorpresa-de-la-obra-encargada-para-2020\/#article","isPartOf":{"@id":"https:\/\/www.laguiadepamplona.com\/actualidad\/condestable-recorre-la-historia-centenaria-del-cartel-taurino-en-pamplona-con-las-creaciones-para-las-ferias-del-toro-de-1959-a-2022-y-la-sorpresa-de-la-obra-encargada-para-2020\/"},"author":{"name":"La Gu\u00eda de Pamplona","@id":"https:\/\/www.laguiadepamplona.com\/actualidad\/#\/schema\/person\/efe887376f0213d4657c93adc50b1fdb"},"headline":"Condestable recorre la historia centenaria del cartel taurino en Pamplona, con las creaciones para las Ferias del Toro de 1959 a 2022 y la sorpresa de la obra encargada para 2020","datePublished":"2022-06-16T10:17:21+00:00","dateModified":"2023-04-11T09:48:02+00:00","mainEntityOfPage":{"@id":"https:\/\/www.laguiadepamplona.com\/actualidad\/condestable-recorre-la-historia-centenaria-del-cartel-taurino-en-pamplona-con-las-creaciones-para-las-ferias-del-toro-de-1959-a-2022-y-la-sorpresa-de-la-obra-encargada-para-2020\/"},"wordCount":1237,"commentCount":0,"publisher":{"@id":"https:\/\/www.laguiadepamplona.com\/actualidad\/#organization"},"image":{"@id":"https:\/\/www.laguiadepamplona.com\/actualidad\/condestable-recorre-la-historia-centenaria-del-cartel-taurino-en-pamplona-con-las-creaciones-para-las-ferias-del-toro-de-1959-a-2022-y-la-sorpresa-de-la-obra-encargada-para-2020\/#primaryimage"},"thumbnailUrl":"https:\/\/www.laguiadepamplona.com\/actualidad\/wp-content\/uploads\/2022\/06\/expo-carteles-feria-toro-san-fermin.webp","articleSection":["Ayto Pamplona","San Ferm\u00edn"],"inLanguage":"es","potentialAction":[{"@type":"CommentAction","name":"Comment","target":["https:\/\/www.laguiadepamplona.com\/actualidad\/condestable-recorre-la-historia-centenaria-del-cartel-taurino-en-pamplona-con-las-creaciones-para-las-ferias-del-toro-de-1959-a-2022-y-la-sorpresa-de-la-obra-encargada-para-2020\/#respond"]}]},{"@type":"WebPage","@id":"https:\/\/www.laguiadepamplona.com\/actualidad\/condestable-recorre-la-historia-centenaria-del-cartel-taurino-en-pamplona-con-las-creaciones-para-las-ferias-del-toro-de-1959-a-2022-y-la-sorpresa-de-la-obra-encargada-para-2020\/","url":"https:\/\/www.laguiadepamplona.com\/actualidad\/condestable-recorre-la-historia-centenaria-del-cartel-taurino-en-pamplona-con-las-creaciones-para-las-ferias-del-toro-de-1959-a-2022-y-la-sorpresa-de-la-obra-encargada-para-2020\/","name":"Condestable recorre la historia centenaria del cartel taurino en Pamplona, con las creaciones para las Ferias del Toro de 1959 a 2022 y la sorpresa de la obra encargada para 2020","isPartOf":{"@id":"https:\/\/www.laguiadepamplona.com\/actualidad\/#website"},"primaryImageOfPage":{"@id":"https:\/\/www.laguiadepamplona.com\/actualidad\/condestable-recorre-la-historia-centenaria-del-cartel-taurino-en-pamplona-con-las-creaciones-para-las-ferias-del-toro-de-1959-a-2022-y-la-sorpresa-de-la-obra-encargada-para-2020\/#primaryimage"},"image":{"@id":"https:\/\/www.laguiadepamplona.com\/actualidad\/condestable-recorre-la-historia-centenaria-del-cartel-taurino-en-pamplona-con-las-creaciones-para-las-ferias-del-toro-de-1959-a-2022-y-la-sorpresa-de-la-obra-encargada-para-2020\/#primaryimage"},"thumbnailUrl":"https:\/\/www.laguiadepamplona.com\/actualidad\/wp-content\/uploads\/2022\/06\/expo-carteles-feria-toro-san-fermin.webp","datePublished":"2022-06-16T10:17:21+00:00","dateModified":"2023-04-11T09:48:02+00:00","description":"Se exponen 180 piezas entre carteles, programas de mano, billetaje, bocetos de carteles o correspondencia con diferentes artistas","breadcrumb":{"@id":"https:\/\/www.laguiadepamplona.com\/actualidad\/condestable-recorre-la-historia-centenaria-del-cartel-taurino-en-pamplona-con-las-creaciones-para-las-ferias-del-toro-de-1959-a-2022-y-la-sorpresa-de-la-obra-encargada-para-2020\/#breadcrumb"},"inLanguage":"es","potentialAction":[{"@type":"ReadAction","target":["https:\/\/www.laguiadepamplona.com\/actualidad\/condestable-recorre-la-historia-centenaria-del-cartel-taurino-en-pamplona-con-las-creaciones-para-las-ferias-del-toro-de-1959-a-2022-y-la-sorpresa-de-la-obra-encargada-para-2020\/"]}]},{"@type":"ImageObject","inLanguage":"es","@id":"https:\/\/www.laguiadepamplona.com\/actualidad\/condestable-recorre-la-historia-centenaria-del-cartel-taurino-en-pamplona-con-las-creaciones-para-las-ferias-del-toro-de-1959-a-2022-y-la-sorpresa-de-la-obra-encargada-para-2020\/#primaryimage","url":"https:\/\/www.laguiadepamplona.com\/actualidad\/wp-content\/uploads\/2022\/06\/expo-carteles-feria-toro-san-fermin.webp","contentUrl":"https:\/\/www.laguiadepamplona.com\/actualidad\/wp-content\/uploads\/2022\/06\/expo-carteles-feria-toro-san-fermin.webp","width":1920,"height":1081},{"@type":"BreadcrumbList","@id":"https:\/\/www.laguiadepamplona.com\/actualidad\/condestable-recorre-la-historia-centenaria-del-cartel-taurino-en-pamplona-con-las-creaciones-para-las-ferias-del-toro-de-1959-a-2022-y-la-sorpresa-de-la-obra-encargada-para-2020\/#breadcrumb","itemListElement":[{"@type":"ListItem","position":1,"name":"Portada","item":"https:\/\/www.laguiadepamplona.com\/actualidad\/"},{"@type":"ListItem","position":2,"name":"Condestable recorre la historia centenaria del cartel taurino en Pamplona, con las creaciones para las Ferias del Toro de 1959 a 2022 y la sorpresa de la obra encargada para 2020"}]},{"@type":"WebSite","@id":"https:\/\/www.laguiadepamplona.com\/actualidad\/#website","url":"https:\/\/www.laguiadepamplona.com\/actualidad\/","name":"La gu\u00eda de Pamplona","description":"Noticias de Pamplona","publisher":{"@id":"https:\/\/www.laguiadepamplona.com\/actualidad\/#organization"},"potentialAction":[{"@type":"SearchAction","target":{"@type":"EntryPoint","urlTemplate":"https:\/\/www.laguiadepamplona.com\/actualidad\/?s={search_term_string}"},"query-input":{"@type":"PropertyValueSpecification","valueRequired":true,"valueName":"search_term_string"}}],"inLanguage":"es"},{"@type":"Organization","@id":"https:\/\/www.laguiadepamplona.com\/actualidad\/#organization","name":"La Gu\u00eda de Pamplona \/ Noticias","url":"https:\/\/www.laguiadepamplona.com\/actualidad\/","logo":{"@type":"ImageObject","inLanguage":"es","@id":"https:\/\/www.laguiadepamplona.com\/actualidad\/#\/schema\/logo\/image\/","url":"https:\/\/www.laguiadepamplona.com\/actualidad\/wp-content\/uploads\/2018\/11\/logo-laguiadepamplona18-web1.png","contentUrl":"https:\/\/www.laguiadepamplona.com\/actualidad\/wp-content\/uploads\/2018\/11\/logo-laguiadepamplona18-web1.png","width":600,"height":196,"caption":"La Gu\u00eda de Pamplona \/ Noticias"},"image":{"@id":"https:\/\/www.laguiadepamplona.com\/actualidad\/#\/schema\/logo\/image\/"},"sameAs":["https:\/\/www.facebook.com\/laguiadepamplonacom-133175176762273\/?ref=hl","https:\/\/x.com\/LaGuiadPamplona","https:\/\/www.instagram.com\/la_guia_de_pamplona\/","https:\/\/www.youtube.com\/user\/laguiadepamplona"]},{"@type":"Person","@id":"https:\/\/www.laguiadepamplona.com\/actualidad\/#\/schema\/person\/efe887376f0213d4657c93adc50b1fdb","name":"La Gu\u00eda de Pamplona","image":{"@type":"ImageObject","inLanguage":"es","@id":"https:\/\/secure.gravatar.com\/avatar\/b6992f131dc8d30ab0dff15446e9d346d9dbd95992de0fef795073f5ea83a81c?s=96&d=mm&r=g","url":"https:\/\/secure.gravatar.com\/avatar\/b6992f131dc8d30ab0dff15446e9d346d9dbd95992de0fef795073f5ea83a81c?s=96&d=mm&r=g","contentUrl":"https:\/\/secure.gravatar.com\/avatar\/b6992f131dc8d30ab0dff15446e9d346d9dbd95992de0fef795073f5ea83a81c?s=96&d=mm&r=g","caption":"La Gu\u00eda de Pamplona"}}]}},"post_mailing_queue_ids":[],"_links":{"self":[{"href":"https:\/\/www.laguiadepamplona.com\/actualidad\/wp-json\/wp\/v2\/posts\/40884","targetHints":{"allow":["GET"]}}],"collection":[{"href":"https:\/\/www.laguiadepamplona.com\/actualidad\/wp-json\/wp\/v2\/posts"}],"about":[{"href":"https:\/\/www.laguiadepamplona.com\/actualidad\/wp-json\/wp\/v2\/types\/post"}],"author":[{"embeddable":true,"href":"https:\/\/www.laguiadepamplona.com\/actualidad\/wp-json\/wp\/v2\/users\/1"}],"replies":[{"embeddable":true,"href":"https:\/\/www.laguiadepamplona.com\/actualidad\/wp-json\/wp\/v2\/comments?post=40884"}],"version-history":[{"count":0,"href":"https:\/\/www.laguiadepamplona.com\/actualidad\/wp-json\/wp\/v2\/posts\/40884\/revisions"}],"wp:featuredmedia":[{"embeddable":true,"href":"https:\/\/www.laguiadepamplona.com\/actualidad\/wp-json\/wp\/v2\/media\/40885"}],"wp:attachment":[{"href":"https:\/\/www.laguiadepamplona.com\/actualidad\/wp-json\/wp\/v2\/media?parent=40884"}],"wp:term":[{"taxonomy":"category","embeddable":true,"href":"https:\/\/www.laguiadepamplona.com\/actualidad\/wp-json\/wp\/v2\/categories?post=40884"},{"taxonomy":"post_tag","embeddable":true,"href":"https:\/\/www.laguiadepamplona.com\/actualidad\/wp-json\/wp\/v2\/tags?post=40884"}],"curies":[{"name":"wp","href":"https:\/\/api.w.org\/{rel}","templated":true}]}}