{"id":40881,"date":"2022-06-16T12:13:09","date_gmt":"2022-06-16T10:13:09","guid":{"rendered":"https:\/\/www.laguiadepamplona.com\/actualidad\/?p=40881"},"modified":"2023-04-11T11:48:02","modified_gmt":"2023-04-11T09:48:02","slug":"el-edificio-municipal-de-la-calle-mayor-59-acoge-a-11-familias-refugiadas-del-conflicto-de-ucrania-cinco-de-ellas-con-necesidad-de-atencion-sanitaria","status":"publish","type":"post","link":"https:\/\/www.laguiadepamplona.com\/actualidad\/el-edificio-municipal-de-la-calle-mayor-59-acoge-a-11-familias-refugiadas-del-conflicto-de-ucrania-cinco-de-ellas-con-necesidad-de-atencion-sanitaria\/","title":{"rendered":"El edificio municipal de la calle Mayor 59 acoge a 11 familias refugiadas del conflicto de Ucrania, cinco de ellas con necesidad de atenci\u00f3n sanitaria"},"content":{"rendered":"<h5>Esta iniciativa de Ayuntamiento y Cruz Roja se suma a otras en marcha para las 313 personas de esa nacionalidad que han llegado a la ciudad desde febrero<\/h5>\n<p><!--more--><\/p>\n<p>Pamplona sigue trabajando para ayudar a las 313 personas de nacionalidad ucraniana que han llegado a la ciudad desde la invasi\u00f3n rusa, en febrero de este a\u00f1o. El alcalde, Enrique Maya, acompa\u00f1ado por el coordinador auton\u00f3mico en Cruz Roja Navarra, Juanjo San Mart\u00edn Baquedano y Merche Ruiz de Galarreta, presidenta local Pamplona, les ha querido dar la bienvenida a un nuevo recurso puesto a su disposici\u00f3n y al que en este momento han recurrido 11 familias, compuestas por 33 personas adultas y 10 menores. Y es que Pamplona ha cedido a Cruz Roja Navarra durante un a\u00f1o la gesti\u00f3n de los 11 apartamentos disponibles en el edificio de Mayor, 59, un inmueble rehabilitado en 2021 por Pamplona Centro Hist\u00f3rico. En el acto de bienvenida han participado tambi\u00e9n. Esta organizaci\u00f3n es la \u00fanica oficialmente acreditada para el manejo de la primera acogida de personas solicitantes de protecci\u00f3n internacional, sin distinguir por procedencias.<br \/>\n<script async src=\"\/\/pagead2.googlesyndication.com\/pagead\/js\/adsbygoogle.js\"><\/script><br \/>\n<!-- Noticias La Guia de Pamplona --><br \/>\n<ins class=\"adsbygoogle\"\nstyle=\"display:block\"\ndata-ad-client=\"ca-pub-6943679897239327\"\ndata-ad-slot=\"7048180777\"\ndata-ad-format=\"auto\"><\/ins><br \/>\n<script>\n(adsbygoogle = window.adsbygoogle || []).push({});\n<\/script><\/p>\n<p>Este nuevo recurso no est\u00e1 disponible con car\u00e1cter general, sino que, por su ubicaci\u00f3n pr\u00f3xima al Hospital (Universitario de Navarra (HUN), est\u00e1 prioritariamente destinado a personas refugiadas que presentan problemas de salud. Esta acci\u00f3n se quiere centran en las personas y en sus necesidades, por lo que trata de hacer m\u00e1s c\u00f3moda la acogida a quienes, por su enfermedad, se encuentran en una situaci\u00f3n especialmente vulnerable. As\u00ed, destinar el edificio a personas\/familias con problemas sanitarios permite tambi\u00e9n que los cuidados extrahospitalarios sean m\u00e1s f\u00e1ciles para los profesionales de la red p\u00fablica.<\/p>\n<p>El Consistorio est\u00e1 trabajando, adem\u00e1s, en otras dos decenas de pisos en la ciudad de los que es titular la entidad local, para destinarlos a albergar personas refugiadas de Ucrania. En estos momentos de 25 a 27 plazas del Albergue municipal Jes\u00fas y Mar\u00eda est\u00e1n dedicadas a funcionar como alojamiento de primera acogida (de 24 a 48 horas), desde el que luego se gestionan otras soluciones de estancia m\u00e1s larga. El Ayuntamiento, desde que se inici\u00f3 la contienda, est\u00e1 en contacto con las asociaciones que trabajan con la poblaci\u00f3n ucraniana para poder detectar y dimensionar las necesidades de las personas refugiadas. Como ejemplo de trabajo, se est\u00e1 dise\u00f1ando un campamento de verano que se desarrollar\u00eda en un Centro Comunitario de Iniciativa Social (CCIS) de la ciudad para paliar los cambios de horario en edificios p\u00fablicos y que podr\u00eda servir, no solo de espacio de ocio, sino tambi\u00e9n de refuerzo educativo y capacitaci\u00f3n ling\u00fc\u00edstica.<br \/>\n<script async src=\"\/\/pagead2.googlesyndication.com\/pagead\/js\/adsbygoogle.js\"><\/script><br \/>\n<!-- Noticias La Guia de Pamplona --><br \/>\n<ins class=\"adsbygoogle\"\nstyle=\"display:block\"\ndata-ad-client=\"ca-pub-6943679897239327\"\ndata-ad-slot=\"7048180777\"\ndata-ad-format=\"auto\"><\/ins><br \/>\n<script>\n(adsbygoogle = window.adsbygoogle || []).push({});\n<\/script><\/p>\n<p><strong>Miniapartamentos residenciales con dependencias comunes<\/strong><\/p>\n<p>El edificio en su conjunto cuenta con 645,38 m<sup>2<\/sup> \u00fatiles (891 m<sup>2<\/sup> construidos) repartidos en seis alturas. La planta baja, distribuida en despachos con un aseo y un peque\u00f1o almac\u00e9n se va ceder para su uso a la Asociaci\u00f3n navarra de J\u00f3venes Empresarios (AJE), cuyos miembros compartir\u00e1n espacio con las personas refugiadas. En la planta primera, con espacios multiusos, se centrar\u00e1 el trabajo administrativo de Cruz Roja. La zona residencial ocupa el resto de las plantas y comenz\u00f3 a habitarse ayer tarde. Est\u00e1 compuesta por habitaciones con vocaci\u00f3n de miniapartamentos, amuebladas, con climatizaci\u00f3n y ba\u00f1o individual.<\/p>\n<p>Como apoyo, en la quinta planta est\u00e1n una serie de dependencias de uso com\u00fan como apoyo residencial: una cocina con sal\u00f3n-comedor de 47 m<sup>2<\/sup> y una sala de lectura y estudio. La cocina y la lavander\u00eda, as\u00ed como los espacios de esparcimiento y los medios audiovisuales son espacios compartidos por todas las personas usuarias.<br \/>\n<script async src=\"\/\/pagead2.googlesyndication.com\/pagead\/js\/adsbygoogle.js\"><\/script><br \/>\n<!-- Noticias La Guia de Pamplona --><br \/>\n<ins class=\"adsbygoogle\"\nstyle=\"display:block\"\ndata-ad-client=\"ca-pub-6943679897239327\"\ndata-ad-slot=\"7048180777\"\ndata-ad-format=\"auto\"><\/ins><br \/>\n<script>\n(adsbygoogle = window.adsbygoogle || []).push({});\n<\/script><\/p>\n<p><strong>Personas refugiadas de Ucrania en Pamplona<\/strong><\/p>\n<p>Desde que comenzara el conflicto en Ucrania que ha provocado un \u00e9xodo de grandes dimensiones dentro de Europa, seg\u00fan el Padr\u00f3n municipal y a fecha de 31 de mayo, a Pamplona han llegado 313 personas huyendo de la guerra. 181 de ellas tienen m\u00e1s de 19 a\u00f1os, pero hay un buen n\u00famero de menores: 43 personas est\u00e1n en la etapa de la adolescencia (de 13 a 18 a\u00f1os) y 98 son ni\u00f1os y ni\u00f1as; de ellas, 33 son menores de 5 a\u00f1os y el resto tienen entre 6 y 12 a\u00f1os. En poco m\u00e1s de 3 meses la poblaci\u00f3n ucraniana de la ciudad se ha multiplicado por cuatro; antes del 24 de febrero las personas censadas en la ciudad de esa nacionalidad eran 118.<\/p>\n","protected":false},"excerpt":{"rendered":"<p>Esta iniciativa de Ayuntamiento y Cruz Roja se suma a otras en marcha para las 313 personas de esa nacionalidad que han llegado a la ciudad desde febrero<\/p>\n","protected":false},"author":1,"featured_media":40882,"comment_status":"open","ping_status":"closed","sticky":false,"template":"","format":"standard","meta":{"footnotes":""},"categories":[2],"tags":[],"class_list":["post-40881","post","type-post","status-publish","format-standard","has-post-thumbnail","hentry","category-ayuntamiento-pamplona"],"yoast_head":"<!-- This site is optimized with the Yoast SEO plugin v27.3 - https:\/\/yoast.com\/product\/yoast-seo-wordpress\/ -->\n<title>El edificio municipal de la calle Mayor 59 acoge a 11 familias refugiadas del conflicto de Ucrania, cinco de ellas con necesidad de atenci\u00f3n sanitaria<\/title>\n<meta name=\"description\" content=\"Esta iniciativa de Ayuntamiento y Cruz Roja se suma a otras en marcha para las 313 personas de esa nacionalidad que han llegado a la ciudad desde febrero\" \/>\n<meta name=\"robots\" content=\"index, follow, max-snippet:-1, max-image-preview:large, max-video-preview:-1\" \/>\n<link rel=\"canonical\" href=\"https:\/\/www.laguiadepamplona.com\/actualidad\/el-edificio-municipal-de-la-calle-mayor-59-acoge-a-11-familias-refugiadas-del-conflicto-de-ucrania-cinco-de-ellas-con-necesidad-de-atencion-sanitaria\/\" \/>\n<meta property=\"og:locale\" content=\"es_ES\" \/>\n<meta property=\"og:type\" content=\"article\" \/>\n<meta property=\"og:title\" content=\"El edificio municipal de la calle Mayor 59 acoge a 11 familias refugiadas del conflicto de Ucrania, cinco de ellas con necesidad de atenci\u00f3n sanitaria\" \/>\n<meta property=\"og:description\" content=\"Esta iniciativa de Ayuntamiento y Cruz Roja se suma a otras en marcha para las 313 personas de esa nacionalidad que han llegado a la ciudad desde febrero\" \/>\n<meta property=\"og:url\" content=\"https:\/\/www.laguiadepamplona.com\/actualidad\/el-edificio-municipal-de-la-calle-mayor-59-acoge-a-11-familias-refugiadas-del-conflicto-de-ucrania-cinco-de-ellas-con-necesidad-de-atencion-sanitaria\/\" \/>\n<meta property=\"og:site_name\" content=\"La Gu\u00eda de Pamplona\" \/>\n<meta property=\"article:publisher\" content=\"https:\/\/www.facebook.com\/laguiadepamplonacom-133175176762273\/?ref=hl\" \/>\n<meta property=\"article:published_time\" content=\"2022-06-16T10:13:09+00:00\" \/>\n<meta property=\"article:modified_time\" content=\"2023-04-11T09:48:02+00:00\" \/>\n<meta property=\"og:image\" content=\"https:\/\/www.laguiadepamplona.com\/actualidad\/wp-content\/uploads\/2022\/06\/vissitafucranianasedifmunicipalee5a6077.webp\" \/>\n\t<meta property=\"og:image:width\" content=\"1920\" \/>\n\t<meta property=\"og:image:height\" content=\"1270\" \/>\n\t<meta property=\"og:image:type\" content=\"image\/webp\" \/>\n<meta name=\"author\" content=\"La Gu\u00eda de Pamplona\" \/>\n<meta name=\"twitter:card\" content=\"summary_large_image\" \/>\n<meta name=\"twitter:creator\" content=\"@LaGuiadPamplona\" \/>\n<meta name=\"twitter:site\" content=\"@LaGuiadPamplona\" \/>\n<meta name=\"twitter:label1\" content=\"Escrito por\" \/>\n\t<meta name=\"twitter:data1\" content=\"La Gu\u00eda de Pamplona\" \/>\n\t<meta name=\"twitter:label2\" content=\"Tiempo de lectura\" \/>\n\t<meta name=\"twitter:data2\" content=\"4 minutos\" \/>\n<script type=\"application\/ld+json\" class=\"yoast-schema-graph\">{\"@context\":\"https:\\\/\\\/schema.org\",\"@graph\":[{\"@type\":\"Article\",\"@id\":\"https:\\\/\\\/www.laguiadepamplona.com\\\/actualidad\\\/el-edificio-municipal-de-la-calle-mayor-59-acoge-a-11-familias-refugiadas-del-conflicto-de-ucrania-cinco-de-ellas-con-necesidad-de-atencion-sanitaria\\\/#article\",\"isPartOf\":{\"@id\":\"https:\\\/\\\/www.laguiadepamplona.com\\\/actualidad\\\/el-edificio-municipal-de-la-calle-mayor-59-acoge-a-11-familias-refugiadas-del-conflicto-de-ucrania-cinco-de-ellas-con-necesidad-de-atencion-sanitaria\\\/\"},\"author\":{\"name\":\"La Gu\u00eda de Pamplona\",\"@id\":\"https:\\\/\\\/www.laguiadepamplona.com\\\/actualidad\\\/#\\\/schema\\\/person\\\/efe887376f0213d4657c93adc50b1fdb\"},\"headline\":\"El edificio municipal de la calle Mayor 59 acoge a 11 familias refugiadas del conflicto de Ucrania, cinco de ellas con necesidad de atenci\u00f3n sanitaria\",\"datePublished\":\"2022-06-16T10:13:09+00:00\",\"dateModified\":\"2023-04-11T09:48:02+00:00\",\"mainEntityOfPage\":{\"@id\":\"https:\\\/\\\/www.laguiadepamplona.com\\\/actualidad\\\/el-edificio-municipal-de-la-calle-mayor-59-acoge-a-11-familias-refugiadas-del-conflicto-de-ucrania-cinco-de-ellas-con-necesidad-de-atencion-sanitaria\\\/\"},\"wordCount\":764,\"commentCount\":0,\"publisher\":{\"@id\":\"https:\\\/\\\/www.laguiadepamplona.com\\\/actualidad\\\/#organization\"},\"image\":{\"@id\":\"https:\\\/\\\/www.laguiadepamplona.com\\\/actualidad\\\/el-edificio-municipal-de-la-calle-mayor-59-acoge-a-11-familias-refugiadas-del-conflicto-de-ucrania-cinco-de-ellas-con-necesidad-de-atencion-sanitaria\\\/#primaryimage\"},\"thumbnailUrl\":\"https:\\\/\\\/www.laguiadepamplona.com\\\/actualidad\\\/wp-content\\\/uploads\\\/2022\\\/06\\\/vissitafucranianasedifmunicipalee5a6077.webp\",\"articleSection\":[\"Ayto Pamplona\"],\"inLanguage\":\"es\",\"potentialAction\":[{\"@type\":\"CommentAction\",\"name\":\"Comment\",\"target\":[\"https:\\\/\\\/www.laguiadepamplona.com\\\/actualidad\\\/el-edificio-municipal-de-la-calle-mayor-59-acoge-a-11-familias-refugiadas-del-conflicto-de-ucrania-cinco-de-ellas-con-necesidad-de-atencion-sanitaria\\\/#respond\"]}]},{\"@type\":\"WebPage\",\"@id\":\"https:\\\/\\\/www.laguiadepamplona.com\\\/actualidad\\\/el-edificio-municipal-de-la-calle-mayor-59-acoge-a-11-familias-refugiadas-del-conflicto-de-ucrania-cinco-de-ellas-con-necesidad-de-atencion-sanitaria\\\/\",\"url\":\"https:\\\/\\\/www.laguiadepamplona.com\\\/actualidad\\\/el-edificio-municipal-de-la-calle-mayor-59-acoge-a-11-familias-refugiadas-del-conflicto-de-ucrania-cinco-de-ellas-con-necesidad-de-atencion-sanitaria\\\/\",\"name\":\"El edificio municipal de la calle Mayor 59 acoge a 11 familias refugiadas del conflicto de Ucrania, cinco de ellas con necesidad de atenci\u00f3n sanitaria\",\"isPartOf\":{\"@id\":\"https:\\\/\\\/www.laguiadepamplona.com\\\/actualidad\\\/#website\"},\"primaryImageOfPage\":{\"@id\":\"https:\\\/\\\/www.laguiadepamplona.com\\\/actualidad\\\/el-edificio-municipal-de-la-calle-mayor-59-acoge-a-11-familias-refugiadas-del-conflicto-de-ucrania-cinco-de-ellas-con-necesidad-de-atencion-sanitaria\\\/#primaryimage\"},\"image\":{\"@id\":\"https:\\\/\\\/www.laguiadepamplona.com\\\/actualidad\\\/el-edificio-municipal-de-la-calle-mayor-59-acoge-a-11-familias-refugiadas-del-conflicto-de-ucrania-cinco-de-ellas-con-necesidad-de-atencion-sanitaria\\\/#primaryimage\"},\"thumbnailUrl\":\"https:\\\/\\\/www.laguiadepamplona.com\\\/actualidad\\\/wp-content\\\/uploads\\\/2022\\\/06\\\/vissitafucranianasedifmunicipalee5a6077.webp\",\"datePublished\":\"2022-06-16T10:13:09+00:00\",\"dateModified\":\"2023-04-11T09:48:02+00:00\",\"description\":\"Esta iniciativa de Ayuntamiento y Cruz Roja se suma a otras en marcha para las 313 personas de esa nacionalidad que han llegado a la ciudad desde febrero\",\"breadcrumb\":{\"@id\":\"https:\\\/\\\/www.laguiadepamplona.com\\\/actualidad\\\/el-edificio-municipal-de-la-calle-mayor-59-acoge-a-11-familias-refugiadas-del-conflicto-de-ucrania-cinco-de-ellas-con-necesidad-de-atencion-sanitaria\\\/#breadcrumb\"},\"inLanguage\":\"es\",\"potentialAction\":[{\"@type\":\"ReadAction\",\"target\":[\"https:\\\/\\\/www.laguiadepamplona.com\\\/actualidad\\\/el-edificio-municipal-de-la-calle-mayor-59-acoge-a-11-familias-refugiadas-del-conflicto-de-ucrania-cinco-de-ellas-con-necesidad-de-atencion-sanitaria\\\/\"]}]},{\"@type\":\"ImageObject\",\"inLanguage\":\"es\",\"@id\":\"https:\\\/\\\/www.laguiadepamplona.com\\\/actualidad\\\/el-edificio-municipal-de-la-calle-mayor-59-acoge-a-11-familias-refugiadas-del-conflicto-de-ucrania-cinco-de-ellas-con-necesidad-de-atencion-sanitaria\\\/#primaryimage\",\"url\":\"https:\\\/\\\/www.laguiadepamplona.com\\\/actualidad\\\/wp-content\\\/uploads\\\/2022\\\/06\\\/vissitafucranianasedifmunicipalee5a6077.webp\",\"contentUrl\":\"https:\\\/\\\/www.laguiadepamplona.com\\\/actualidad\\\/wp-content\\\/uploads\\\/2022\\\/06\\\/vissitafucranianasedifmunicipalee5a6077.webp\",\"width\":1920,\"height\":1270},{\"@type\":\"BreadcrumbList\",\"@id\":\"https:\\\/\\\/www.laguiadepamplona.com\\\/actualidad\\\/el-edificio-municipal-de-la-calle-mayor-59-acoge-a-11-familias-refugiadas-del-conflicto-de-ucrania-cinco-de-ellas-con-necesidad-de-atencion-sanitaria\\\/#breadcrumb\",\"itemListElement\":[{\"@type\":\"ListItem\",\"position\":1,\"name\":\"Portada\",\"item\":\"https:\\\/\\\/www.laguiadepamplona.com\\\/actualidad\\\/\"},{\"@type\":\"ListItem\",\"position\":2,\"name\":\"El edificio municipal de la calle Mayor 59 acoge a 11 familias refugiadas del conflicto de Ucrania, cinco de ellas con necesidad de atenci\u00f3n sanitaria\"}]},{\"@type\":\"WebSite\",\"@id\":\"https:\\\/\\\/www.laguiadepamplona.com\\\/actualidad\\\/#website\",\"url\":\"https:\\\/\\\/www.laguiadepamplona.com\\\/actualidad\\\/\",\"name\":\"La gu\u00eda de Pamplona\",\"description\":\"Noticias de Pamplona\",\"publisher\":{\"@id\":\"https:\\\/\\\/www.laguiadepamplona.com\\\/actualidad\\\/#organization\"},\"potentialAction\":[{\"@type\":\"SearchAction\",\"target\":{\"@type\":\"EntryPoint\",\"urlTemplate\":\"https:\\\/\\\/www.laguiadepamplona.com\\\/actualidad\\\/?s={search_term_string}\"},\"query-input\":{\"@type\":\"PropertyValueSpecification\",\"valueRequired\":true,\"valueName\":\"search_term_string\"}}],\"inLanguage\":\"es\"},{\"@type\":\"Organization\",\"@id\":\"https:\\\/\\\/www.laguiadepamplona.com\\\/actualidad\\\/#organization\",\"name\":\"La Gu\u00eda de Pamplona \\\/ Noticias\",\"url\":\"https:\\\/\\\/www.laguiadepamplona.com\\\/actualidad\\\/\",\"logo\":{\"@type\":\"ImageObject\",\"inLanguage\":\"es\",\"@id\":\"https:\\\/\\\/www.laguiadepamplona.com\\\/actualidad\\\/#\\\/schema\\\/logo\\\/image\\\/\",\"url\":\"https:\\\/\\\/www.laguiadepamplona.com\\\/actualidad\\\/wp-content\\\/uploads\\\/2018\\\/11\\\/logo-laguiadepamplona18-web1.png\",\"contentUrl\":\"https:\\\/\\\/www.laguiadepamplona.com\\\/actualidad\\\/wp-content\\\/uploads\\\/2018\\\/11\\\/logo-laguiadepamplona18-web1.png\",\"width\":600,\"height\":196,\"caption\":\"La Gu\u00eda de Pamplona \\\/ Noticias\"},\"image\":{\"@id\":\"https:\\\/\\\/www.laguiadepamplona.com\\\/actualidad\\\/#\\\/schema\\\/logo\\\/image\\\/\"},\"sameAs\":[\"https:\\\/\\\/www.facebook.com\\\/laguiadepamplonacom-133175176762273\\\/?ref=hl\",\"https:\\\/\\\/x.com\\\/LaGuiadPamplona\",\"https:\\\/\\\/www.instagram.com\\\/la_guia_de_pamplona\\\/\",\"https:\\\/\\\/www.youtube.com\\\/user\\\/laguiadepamplona\"]},{\"@type\":\"Person\",\"@id\":\"https:\\\/\\\/www.laguiadepamplona.com\\\/actualidad\\\/#\\\/schema\\\/person\\\/efe887376f0213d4657c93adc50b1fdb\",\"name\":\"La Gu\u00eda de Pamplona\",\"image\":{\"@type\":\"ImageObject\",\"inLanguage\":\"es\",\"@id\":\"https:\\\/\\\/secure.gravatar.com\\\/avatar\\\/b6992f131dc8d30ab0dff15446e9d346d9dbd95992de0fef795073f5ea83a81c?s=96&d=mm&r=g\",\"url\":\"https:\\\/\\\/secure.gravatar.com\\\/avatar\\\/b6992f131dc8d30ab0dff15446e9d346d9dbd95992de0fef795073f5ea83a81c?s=96&d=mm&r=g\",\"contentUrl\":\"https:\\\/\\\/secure.gravatar.com\\\/avatar\\\/b6992f131dc8d30ab0dff15446e9d346d9dbd95992de0fef795073f5ea83a81c?s=96&d=mm&r=g\",\"caption\":\"La Gu\u00eda de Pamplona\"}}]}<\/script>\n<!-- \/ Yoast SEO plugin. -->","yoast_head_json":{"title":"El edificio municipal de la calle Mayor 59 acoge a 11 familias refugiadas del conflicto de Ucrania, cinco de ellas con necesidad de atenci\u00f3n sanitaria","description":"Esta iniciativa de Ayuntamiento y Cruz Roja se suma a otras en marcha para las 313 personas de esa nacionalidad que han llegado a la ciudad desde febrero","robots":{"index":"index","follow":"follow","max-snippet":"max-snippet:-1","max-image-preview":"max-image-preview:large","max-video-preview":"max-video-preview:-1"},"canonical":"https:\/\/www.laguiadepamplona.com\/actualidad\/el-edificio-municipal-de-la-calle-mayor-59-acoge-a-11-familias-refugiadas-del-conflicto-de-ucrania-cinco-de-ellas-con-necesidad-de-atencion-sanitaria\/","og_locale":"es_ES","og_type":"article","og_title":"El edificio municipal de la calle Mayor 59 acoge a 11 familias refugiadas del conflicto de Ucrania, cinco de ellas con necesidad de atenci\u00f3n sanitaria","og_description":"Esta iniciativa de Ayuntamiento y Cruz Roja se suma a otras en marcha para las 313 personas de esa nacionalidad que han llegado a la ciudad desde febrero","og_url":"https:\/\/www.laguiadepamplona.com\/actualidad\/el-edificio-municipal-de-la-calle-mayor-59-acoge-a-11-familias-refugiadas-del-conflicto-de-ucrania-cinco-de-ellas-con-necesidad-de-atencion-sanitaria\/","og_site_name":"La Gu\u00eda de Pamplona","article_publisher":"https:\/\/www.facebook.com\/laguiadepamplonacom-133175176762273\/?ref=hl","article_published_time":"2022-06-16T10:13:09+00:00","article_modified_time":"2023-04-11T09:48:02+00:00","og_image":[{"width":1920,"height":1270,"url":"https:\/\/www.laguiadepamplona.com\/actualidad\/wp-content\/uploads\/2022\/06\/vissitafucranianasedifmunicipalee5a6077.webp","type":"image\/webp"}],"author":"La Gu\u00eda de Pamplona","twitter_card":"summary_large_image","twitter_creator":"@LaGuiadPamplona","twitter_site":"@LaGuiadPamplona","twitter_misc":{"Escrito por":"La Gu\u00eda de Pamplona","Tiempo de lectura":"4 minutos"},"schema":{"@context":"https:\/\/schema.org","@graph":[{"@type":"Article","@id":"https:\/\/www.laguiadepamplona.com\/actualidad\/el-edificio-municipal-de-la-calle-mayor-59-acoge-a-11-familias-refugiadas-del-conflicto-de-ucrania-cinco-de-ellas-con-necesidad-de-atencion-sanitaria\/#article","isPartOf":{"@id":"https:\/\/www.laguiadepamplona.com\/actualidad\/el-edificio-municipal-de-la-calle-mayor-59-acoge-a-11-familias-refugiadas-del-conflicto-de-ucrania-cinco-de-ellas-con-necesidad-de-atencion-sanitaria\/"},"author":{"name":"La Gu\u00eda de Pamplona","@id":"https:\/\/www.laguiadepamplona.com\/actualidad\/#\/schema\/person\/efe887376f0213d4657c93adc50b1fdb"},"headline":"El edificio municipal de la calle Mayor 59 acoge a 11 familias refugiadas del conflicto de Ucrania, cinco de ellas con necesidad de atenci\u00f3n sanitaria","datePublished":"2022-06-16T10:13:09+00:00","dateModified":"2023-04-11T09:48:02+00:00","mainEntityOfPage":{"@id":"https:\/\/www.laguiadepamplona.com\/actualidad\/el-edificio-municipal-de-la-calle-mayor-59-acoge-a-11-familias-refugiadas-del-conflicto-de-ucrania-cinco-de-ellas-con-necesidad-de-atencion-sanitaria\/"},"wordCount":764,"commentCount":0,"publisher":{"@id":"https:\/\/www.laguiadepamplona.com\/actualidad\/#organization"},"image":{"@id":"https:\/\/www.laguiadepamplona.com\/actualidad\/el-edificio-municipal-de-la-calle-mayor-59-acoge-a-11-familias-refugiadas-del-conflicto-de-ucrania-cinco-de-ellas-con-necesidad-de-atencion-sanitaria\/#primaryimage"},"thumbnailUrl":"https:\/\/www.laguiadepamplona.com\/actualidad\/wp-content\/uploads\/2022\/06\/vissitafucranianasedifmunicipalee5a6077.webp","articleSection":["Ayto Pamplona"],"inLanguage":"es","potentialAction":[{"@type":"CommentAction","name":"Comment","target":["https:\/\/www.laguiadepamplona.com\/actualidad\/el-edificio-municipal-de-la-calle-mayor-59-acoge-a-11-familias-refugiadas-del-conflicto-de-ucrania-cinco-de-ellas-con-necesidad-de-atencion-sanitaria\/#respond"]}]},{"@type":"WebPage","@id":"https:\/\/www.laguiadepamplona.com\/actualidad\/el-edificio-municipal-de-la-calle-mayor-59-acoge-a-11-familias-refugiadas-del-conflicto-de-ucrania-cinco-de-ellas-con-necesidad-de-atencion-sanitaria\/","url":"https:\/\/www.laguiadepamplona.com\/actualidad\/el-edificio-municipal-de-la-calle-mayor-59-acoge-a-11-familias-refugiadas-del-conflicto-de-ucrania-cinco-de-ellas-con-necesidad-de-atencion-sanitaria\/","name":"El edificio municipal de la calle Mayor 59 acoge a 11 familias refugiadas del conflicto de Ucrania, cinco de ellas con necesidad de atenci\u00f3n sanitaria","isPartOf":{"@id":"https:\/\/www.laguiadepamplona.com\/actualidad\/#website"},"primaryImageOfPage":{"@id":"https:\/\/www.laguiadepamplona.com\/actualidad\/el-edificio-municipal-de-la-calle-mayor-59-acoge-a-11-familias-refugiadas-del-conflicto-de-ucrania-cinco-de-ellas-con-necesidad-de-atencion-sanitaria\/#primaryimage"},"image":{"@id":"https:\/\/www.laguiadepamplona.com\/actualidad\/el-edificio-municipal-de-la-calle-mayor-59-acoge-a-11-familias-refugiadas-del-conflicto-de-ucrania-cinco-de-ellas-con-necesidad-de-atencion-sanitaria\/#primaryimage"},"thumbnailUrl":"https:\/\/www.laguiadepamplona.com\/actualidad\/wp-content\/uploads\/2022\/06\/vissitafucranianasedifmunicipalee5a6077.webp","datePublished":"2022-06-16T10:13:09+00:00","dateModified":"2023-04-11T09:48:02+00:00","description":"Esta iniciativa de Ayuntamiento y Cruz Roja se suma a otras en marcha para las 313 personas de esa nacionalidad que han llegado a la ciudad desde febrero","breadcrumb":{"@id":"https:\/\/www.laguiadepamplona.com\/actualidad\/el-edificio-municipal-de-la-calle-mayor-59-acoge-a-11-familias-refugiadas-del-conflicto-de-ucrania-cinco-de-ellas-con-necesidad-de-atencion-sanitaria\/#breadcrumb"},"inLanguage":"es","potentialAction":[{"@type":"ReadAction","target":["https:\/\/www.laguiadepamplona.com\/actualidad\/el-edificio-municipal-de-la-calle-mayor-59-acoge-a-11-familias-refugiadas-del-conflicto-de-ucrania-cinco-de-ellas-con-necesidad-de-atencion-sanitaria\/"]}]},{"@type":"ImageObject","inLanguage":"es","@id":"https:\/\/www.laguiadepamplona.com\/actualidad\/el-edificio-municipal-de-la-calle-mayor-59-acoge-a-11-familias-refugiadas-del-conflicto-de-ucrania-cinco-de-ellas-con-necesidad-de-atencion-sanitaria\/#primaryimage","url":"https:\/\/www.laguiadepamplona.com\/actualidad\/wp-content\/uploads\/2022\/06\/vissitafucranianasedifmunicipalee5a6077.webp","contentUrl":"https:\/\/www.laguiadepamplona.com\/actualidad\/wp-content\/uploads\/2022\/06\/vissitafucranianasedifmunicipalee5a6077.webp","width":1920,"height":1270},{"@type":"BreadcrumbList","@id":"https:\/\/www.laguiadepamplona.com\/actualidad\/el-edificio-municipal-de-la-calle-mayor-59-acoge-a-11-familias-refugiadas-del-conflicto-de-ucrania-cinco-de-ellas-con-necesidad-de-atencion-sanitaria\/#breadcrumb","itemListElement":[{"@type":"ListItem","position":1,"name":"Portada","item":"https:\/\/www.laguiadepamplona.com\/actualidad\/"},{"@type":"ListItem","position":2,"name":"El edificio municipal de la calle Mayor 59 acoge a 11 familias refugiadas del conflicto de Ucrania, cinco de ellas con necesidad de atenci\u00f3n sanitaria"}]},{"@type":"WebSite","@id":"https:\/\/www.laguiadepamplona.com\/actualidad\/#website","url":"https:\/\/www.laguiadepamplona.com\/actualidad\/","name":"La gu\u00eda de Pamplona","description":"Noticias de Pamplona","publisher":{"@id":"https:\/\/www.laguiadepamplona.com\/actualidad\/#organization"},"potentialAction":[{"@type":"SearchAction","target":{"@type":"EntryPoint","urlTemplate":"https:\/\/www.laguiadepamplona.com\/actualidad\/?s={search_term_string}"},"query-input":{"@type":"PropertyValueSpecification","valueRequired":true,"valueName":"search_term_string"}}],"inLanguage":"es"},{"@type":"Organization","@id":"https:\/\/www.laguiadepamplona.com\/actualidad\/#organization","name":"La Gu\u00eda de Pamplona \/ Noticias","url":"https:\/\/www.laguiadepamplona.com\/actualidad\/","logo":{"@type":"ImageObject","inLanguage":"es","@id":"https:\/\/www.laguiadepamplona.com\/actualidad\/#\/schema\/logo\/image\/","url":"https:\/\/www.laguiadepamplona.com\/actualidad\/wp-content\/uploads\/2018\/11\/logo-laguiadepamplona18-web1.png","contentUrl":"https:\/\/www.laguiadepamplona.com\/actualidad\/wp-content\/uploads\/2018\/11\/logo-laguiadepamplona18-web1.png","width":600,"height":196,"caption":"La Gu\u00eda de Pamplona \/ Noticias"},"image":{"@id":"https:\/\/www.laguiadepamplona.com\/actualidad\/#\/schema\/logo\/image\/"},"sameAs":["https:\/\/www.facebook.com\/laguiadepamplonacom-133175176762273\/?ref=hl","https:\/\/x.com\/LaGuiadPamplona","https:\/\/www.instagram.com\/la_guia_de_pamplona\/","https:\/\/www.youtube.com\/user\/laguiadepamplona"]},{"@type":"Person","@id":"https:\/\/www.laguiadepamplona.com\/actualidad\/#\/schema\/person\/efe887376f0213d4657c93adc50b1fdb","name":"La Gu\u00eda de Pamplona","image":{"@type":"ImageObject","inLanguage":"es","@id":"https:\/\/secure.gravatar.com\/avatar\/b6992f131dc8d30ab0dff15446e9d346d9dbd95992de0fef795073f5ea83a81c?s=96&d=mm&r=g","url":"https:\/\/secure.gravatar.com\/avatar\/b6992f131dc8d30ab0dff15446e9d346d9dbd95992de0fef795073f5ea83a81c?s=96&d=mm&r=g","contentUrl":"https:\/\/secure.gravatar.com\/avatar\/b6992f131dc8d30ab0dff15446e9d346d9dbd95992de0fef795073f5ea83a81c?s=96&d=mm&r=g","caption":"La Gu\u00eda de Pamplona"}}]}},"post_mailing_queue_ids":[],"_links":{"self":[{"href":"https:\/\/www.laguiadepamplona.com\/actualidad\/wp-json\/wp\/v2\/posts\/40881","targetHints":{"allow":["GET"]}}],"collection":[{"href":"https:\/\/www.laguiadepamplona.com\/actualidad\/wp-json\/wp\/v2\/posts"}],"about":[{"href":"https:\/\/www.laguiadepamplona.com\/actualidad\/wp-json\/wp\/v2\/types\/post"}],"author":[{"embeddable":true,"href":"https:\/\/www.laguiadepamplona.com\/actualidad\/wp-json\/wp\/v2\/users\/1"}],"replies":[{"embeddable":true,"href":"https:\/\/www.laguiadepamplona.com\/actualidad\/wp-json\/wp\/v2\/comments?post=40881"}],"version-history":[{"count":0,"href":"https:\/\/www.laguiadepamplona.com\/actualidad\/wp-json\/wp\/v2\/posts\/40881\/revisions"}],"wp:featuredmedia":[{"embeddable":true,"href":"https:\/\/www.laguiadepamplona.com\/actualidad\/wp-json\/wp\/v2\/media\/40882"}],"wp:attachment":[{"href":"https:\/\/www.laguiadepamplona.com\/actualidad\/wp-json\/wp\/v2\/media?parent=40881"}],"wp:term":[{"taxonomy":"category","embeddable":true,"href":"https:\/\/www.laguiadepamplona.com\/actualidad\/wp-json\/wp\/v2\/categories?post=40881"},{"taxonomy":"post_tag","embeddable":true,"href":"https:\/\/www.laguiadepamplona.com\/actualidad\/wp-json\/wp\/v2\/tags?post=40881"}],"curies":[{"name":"wp","href":"https:\/\/api.w.org\/{rel}","templated":true}]}}