{"id":40875,"date":"2022-06-15T16:56:29","date_gmt":"2022-06-15T14:56:29","guid":{"rendered":"https:\/\/www.laguiadepamplona.com\/actualidad\/?p=40875"},"modified":"2023-04-11T11:48:02","modified_gmt":"2023-04-11T09:48:02","slug":"los-ayuntamientos-de-pamplona-y-cendea-de-galar-firman-el-convenio-que-altera-566-000-m2-de-sus-terminos-municipales-para-favorecer-futuros-desarrollos-urbanisticos","status":"publish","type":"post","link":"https:\/\/www.laguiadepamplona.com\/actualidad\/los-ayuntamientos-de-pamplona-y-cendea-de-galar-firman-el-convenio-que-altera-566-000-m2-de-sus-terminos-municipales-para-favorecer-futuros-desarrollos-urbanisticos\/","title":{"rendered":"Los ayuntamientos de Pamplona y Cendea de Galar firman el convenio que altera 566.000 m2 de sus t\u00e9rminos municipales para favorecer futuros desarrollos urban\u00edsticos"},"content":{"rendered":"<h5>El cambio de t\u00e9rminos afecta a la meseta de Donapea y al entorno de la avenida de Zaragoza en el Garit\u00f3n de Ripalda y Azpilaga\u00f1a Sur<\/h5>\n<p><!--more--><\/p>\n<p>El alcalde de Pamplona, Enrique Maya, y el alcalde de la Cendea de Galar, \u00d3scar Am\u00f3ztegui, han firmado esta ma\u00f1ana un convenio interadministrativo de colaboraci\u00f3n que recoge la alteraci\u00f3n de los t\u00e9rminos municipales de ambas localidades en una superficie en torno a los 566.000 metros cuadrados. La nueva distribuci\u00f3n facilita la gesti\u00f3n y la ejecuci\u00f3n de futuros planes de desarrollo urban\u00edstico en zonas como el Garit\u00f3n de Ripalda, Azpilaga\u00f1a Sur, o Donapea<br \/>\n<script async src=\"\/\/pagead2.googlesyndication.com\/pagead\/js\/adsbygoogle.js\"><\/script><br \/>\n<!-- Noticias La Guia de Pamplona --><br \/>\n<ins class=\"adsbygoogle\"\nstyle=\"display:block\"\ndata-ad-client=\"ca-pub-6943679897239327\"\ndata-ad-slot=\"7048180777\"\ndata-ad-format=\"auto\"><\/ins><br \/>\n<script>\n(adsbygoogle = window.adsbygoogle || []).push({});\n<\/script><\/p>\n<p>Este \u00e1mbito fue ordenado anteriormente por dos Planes Sectoriales de Incidencia Supramunicipal (PSIS) en 2012 y 2015, respectivamente. Ambos documentos fueron anulados por sentencias del Tribunal Superior de Justicia de Navarra por cuestiones de orden procedimental. Una vez llevada a cabo la firma de este convenio, Pamplona a trav\u00e9s de su propio planeamiento municipal podr\u00e1 trabajar para hacer realidad el proyecto de 4.000 viviendas en la meseta de Donapea que ha podido llegar a t\u00e9rmino hasta ahora como Plan Sectorial de Incidencia Supramunicipal, debido a esas anulaciones.<\/p>\n<p>Pamplona aporta a la alteraci\u00f3n de t\u00e9rminos municipales 566.714 m<sup>2<\/sup>, dividida en dos zonas, de 425.641 m2 y 141.073 m2, respectivamente, que coinciden con el entorno al sur del instituto Donapea y con el Garit\u00f3n de Ripalda, en la trasera de El Sadar y hasta el vial de la Morea, que pasar\u00e1n ahora a la Cendea de Galar. La zona de Donapea tiene diferentes usos urban\u00edsticos, todos ellos no urbanizables, mientras que el Garit\u00f3n es suelo urbanizable y con uso p\u00fablico universitario. La Cendea de Galar, por su parte, intercambia 566.708 m<sup>2<\/sup>, que ser\u00e1n de Pamplona, en una sola \u00e1rea en la zona de la meseta de Donapea, cerca de la urbanizaci\u00f3n de Cordovilla, y alcanzado los terrenos de Azpilaga\u00f1a Sur, junto a la avenida de Zaragoza. Los terrenos afectados son todos urbanizables, excepto una parcela catastral, que est\u00e1 clasificada como suelo urbano.<br \/>\n<script async src=\"\/\/pagead2.googlesyndication.com\/pagead\/js\/adsbygoogle.js\"><\/script><br \/>\n<!-- Noticias La Guia de Pamplona --><br \/>\n<ins class=\"adsbygoogle\"\nstyle=\"display:block\"\ndata-ad-client=\"ca-pub-6943679897239327\"\ndata-ad-slot=\"7048180777\"\ndata-ad-format=\"auto\"><\/ins><br \/>\n<script>\n(adsbygoogle = window.adsbygoogle || []).push({});\n<\/script><\/p>\n<p><strong>Actuaci\u00f3n consensuada por ambos municipios<\/strong><\/p>\n<p>Esta alteraci\u00f3n de los t\u00e9rminos municipales ha sido consensuada por los dos ayuntamientos, con el objetivo de la ordenaci\u00f3n y protecci\u00f3n del territorio y su paisaje, preservando sus valores y manteniendo la coherencia. Adem\u00e1s, se delimita administrativamente cada municipio conforme al posible destino de los suelos afectados, facilit\u00e1ndose que cada localidad ejerza sus competencias en su \u00e1rea, lo que permitir\u00e1 un proceso independiente y m\u00e1s ajustado al contexto social de cada ayuntamiento y a sus ritmos de trabajo.<\/p>\n<p>Los trabajos de redacci\u00f3n de la documentaci\u00f3n t\u00e9cnica com\u00fan para la alteraci\u00f3n de los t\u00e9rminos municipales los ha realizado el Ayuntamiento de Pamplona mediante la coordinaci\u00f3n de los Servicios T\u00e9cnicos de ambos consistorios y, una vez aprobados, se remitir\u00e1n a la Direcci\u00f3n General de Administraci\u00f3n Local del Gobierno de Navarra para su tramitaci\u00f3n. Por ello, se han elaborado los planos de los t\u00e9rminos municipales que van a ser objeto de la alteraci\u00f3n, as\u00ed como los nuevos l\u00edmites o l\u00ednea divisoria entre los municipios de Pamplona y la Cendea de Galar. En la memoria que se ha elaborado al efecto se incluyen las estipulaciones jur\u00eddicas y econ\u00f3micas que han propuesto los respectivos ayuntamientos, as\u00ed como la justificaci\u00f3n de que la alteraci\u00f3n propuesta no merma la solvencia de ninguno de los dos consistorios.<br \/>\n<script async src=\"\/\/pagead2.googlesyndication.com\/pagead\/js\/adsbygoogle.js\"><\/script><br \/>\n<!-- Noticias La Guia de Pamplona --><br \/>\n<ins class=\"adsbygoogle\"\nstyle=\"display:block\"\ndata-ad-client=\"ca-pub-6943679897239327\"\ndata-ad-slot=\"7048180777\"\ndata-ad-format=\"auto\"><\/ins><br \/>\n<script>\n(adsbygoogle = window.adsbygoogle || []).push({});\n<\/script><\/p>\n<p><strong>Nuevos l\u00edmites de los t\u00e9rminos municipales<\/strong><\/p>\n<p>La nueva l\u00ednea divisoria, en la zona de Donapea desde el meandro del r\u00edo Elorz m\u00e1s pr\u00f3ximo al instituto, se traza siguiendo la l\u00ednea de afecci\u00f3n del nuevo vial proyectado que une la carretera de Cizur (NA 7027) con la carretera de Esqu\u00edroz (NA 6001). Por el l\u00edmite oeste, la nueva muga desciende hacia el sur hasta la nueva rotonda prevista junto al colegio Izaga, desde donde gira hacia el este, bordeando la zona edificada de Cordovilla y por la actual carretera de la Venta (Pol\u00edgono AR-01) llega hasta la avenida de Zaragoza.<\/p>\n<p>Cruzando esa avenida de Zaragoza y siguiendo los l\u00edmites catastrales de las parcelas edificadas en Cordovilla, se modifica el l\u00edmite actual en la zona del Garit\u00f3n, traslad\u00e1ndolo hacia el norte y adapt\u00e1ndolo en lo posible a la topograf\u00eda y a los l\u00edmites de parcelas catastrales hasta llegar al vial PA-32, que une la calle Sadar con el pol\u00edgono comercial de la Morea, por cuyo borde oeste desciende hasta encontrarse con el l\u00edmite actual, que bordea ese pol\u00edgono de la Morea.<\/p>\n","protected":false},"excerpt":{"rendered":"<p>El cambio de t\u00e9rminos afecta a la meseta de Donapea y al entorno de la avenida de Zaragoza en el Garit\u00f3n de Ripalda y Azpilaga\u00f1a Sur<\/p>\n","protected":false},"author":1,"featured_media":40876,"comment_status":"open","ping_status":"closed","sticky":false,"template":"","format":"standard","meta":{"footnotes":""},"categories":[2],"tags":[],"class_list":["post-40875","post","type-post","status-publish","format-standard","has-post-thumbnail","hentry","category-ayuntamiento-pamplona"],"yoast_head":"<!-- This site is optimized with the Yoast SEO plugin v27.5 - https:\/\/yoast.com\/product\/yoast-seo-wordpress\/ -->\n<title>Los ayuntamientos de Pamplona y Cendea de Galar firman el convenio que altera 566.000 m2 de sus t\u00e9rminos municipales para favorecer futuros desarrollos urban\u00edsticos<\/title>\n<meta name=\"description\" content=\"El cambio de t\u00e9rminos afecta a la meseta de Donapea y al entorno de la avenida de Zaragoza en el Garit\u00f3n de Ripalda y Azpilaga\u00f1a Sur\" \/>\n<meta name=\"robots\" content=\"index, follow, max-snippet:-1, max-image-preview:large, max-video-preview:-1\" \/>\n<link rel=\"canonical\" href=\"https:\/\/www.laguiadepamplona.com\/actualidad\/los-ayuntamientos-de-pamplona-y-cendea-de-galar-firman-el-convenio-que-altera-566-000-m2-de-sus-terminos-municipales-para-favorecer-futuros-desarrollos-urbanisticos\/\" \/>\n<meta property=\"og:locale\" content=\"es_ES\" \/>\n<meta property=\"og:type\" content=\"article\" \/>\n<meta property=\"og:title\" content=\"Los ayuntamientos de Pamplona y Cendea de Galar firman el convenio que altera 566.000 m2 de sus t\u00e9rminos municipales para favorecer futuros desarrollos urban\u00edsticos\" \/>\n<meta property=\"og:description\" content=\"El cambio de t\u00e9rminos afecta a la meseta de Donapea y al entorno de la avenida de Zaragoza en el Garit\u00f3n de Ripalda y Azpilaga\u00f1a Sur\" \/>\n<meta property=\"og:url\" content=\"https:\/\/www.laguiadepamplona.com\/actualidad\/los-ayuntamientos-de-pamplona-y-cendea-de-galar-firman-el-convenio-que-altera-566-000-m2-de-sus-terminos-municipales-para-favorecer-futuros-desarrollos-urbanisticos\/\" \/>\n<meta property=\"og:site_name\" content=\"La Gu\u00eda de Pamplona\" \/>\n<meta property=\"article:publisher\" content=\"https:\/\/www.facebook.com\/laguiadepamplonacom-133175176762273\/?ref=hl\" \/>\n<meta property=\"article:published_time\" content=\"2022-06-15T14:56:29+00:00\" \/>\n<meta property=\"article:modified_time\" content=\"2023-04-11T09:48:02+00:00\" \/>\n<meta property=\"og:image\" content=\"https:\/\/www.laguiadepamplona.com\/actualidad\/wp-content\/uploads\/2022\/06\/firmaconveniogalaree5a5913.webp\" \/>\n\t<meta property=\"og:image:width\" content=\"1920\" \/>\n\t<meta property=\"og:image:height\" content=\"1280\" \/>\n\t<meta property=\"og:image:type\" content=\"image\/webp\" \/>\n<meta name=\"author\" content=\"La Gu\u00eda de Pamplona\" \/>\n<meta name=\"twitter:card\" content=\"summary_large_image\" \/>\n<meta name=\"twitter:creator\" content=\"@LaGuiadPamplona\" \/>\n<meta name=\"twitter:site\" content=\"@LaGuiadPamplona\" \/>\n<meta name=\"twitter:label1\" content=\"Escrito por\" \/>\n\t<meta name=\"twitter:data1\" content=\"La Gu\u00eda de Pamplona\" \/>\n\t<meta name=\"twitter:label2\" content=\"Tiempo de lectura\" \/>\n\t<meta name=\"twitter:data2\" content=\"4 minutos\" \/>\n<script type=\"application\/ld+json\" class=\"yoast-schema-graph\">{\"@context\":\"https:\\\/\\\/schema.org\",\"@graph\":[{\"@type\":\"Article\",\"@id\":\"https:\\\/\\\/www.laguiadepamplona.com\\\/actualidad\\\/los-ayuntamientos-de-pamplona-y-cendea-de-galar-firman-el-convenio-que-altera-566-000-m2-de-sus-terminos-municipales-para-favorecer-futuros-desarrollos-urbanisticos\\\/#article\",\"isPartOf\":{\"@id\":\"https:\\\/\\\/www.laguiadepamplona.com\\\/actualidad\\\/los-ayuntamientos-de-pamplona-y-cendea-de-galar-firman-el-convenio-que-altera-566-000-m2-de-sus-terminos-municipales-para-favorecer-futuros-desarrollos-urbanisticos\\\/\"},\"author\":{\"name\":\"La Gu\u00eda de Pamplona\",\"@id\":\"https:\\\/\\\/www.laguiadepamplona.com\\\/actualidad\\\/#\\\/schema\\\/person\\\/efe887376f0213d4657c93adc50b1fdb\"},\"headline\":\"Los ayuntamientos de Pamplona y Cendea de Galar firman el convenio que altera 566.000 m2 de sus t\u00e9rminos municipales para favorecer futuros desarrollos urban\u00edsticos\",\"datePublished\":\"2022-06-15T14:56:29+00:00\",\"dateModified\":\"2023-04-11T09:48:02+00:00\",\"mainEntityOfPage\":{\"@id\":\"https:\\\/\\\/www.laguiadepamplona.com\\\/actualidad\\\/los-ayuntamientos-de-pamplona-y-cendea-de-galar-firman-el-convenio-que-altera-566-000-m2-de-sus-terminos-municipales-para-favorecer-futuros-desarrollos-urbanisticos\\\/\"},\"wordCount\":811,\"commentCount\":0,\"publisher\":{\"@id\":\"https:\\\/\\\/www.laguiadepamplona.com\\\/actualidad\\\/#organization\"},\"image\":{\"@id\":\"https:\\\/\\\/www.laguiadepamplona.com\\\/actualidad\\\/los-ayuntamientos-de-pamplona-y-cendea-de-galar-firman-el-convenio-que-altera-566-000-m2-de-sus-terminos-municipales-para-favorecer-futuros-desarrollos-urbanisticos\\\/#primaryimage\"},\"thumbnailUrl\":\"https:\\\/\\\/www.laguiadepamplona.com\\\/actualidad\\\/wp-content\\\/uploads\\\/2022\\\/06\\\/firmaconveniogalaree5a5913.webp\",\"articleSection\":[\"Ayto Pamplona\"],\"inLanguage\":\"es\",\"potentialAction\":[{\"@type\":\"CommentAction\",\"name\":\"Comment\",\"target\":[\"https:\\\/\\\/www.laguiadepamplona.com\\\/actualidad\\\/los-ayuntamientos-de-pamplona-y-cendea-de-galar-firman-el-convenio-que-altera-566-000-m2-de-sus-terminos-municipales-para-favorecer-futuros-desarrollos-urbanisticos\\\/#respond\"]}]},{\"@type\":\"WebPage\",\"@id\":\"https:\\\/\\\/www.laguiadepamplona.com\\\/actualidad\\\/los-ayuntamientos-de-pamplona-y-cendea-de-galar-firman-el-convenio-que-altera-566-000-m2-de-sus-terminos-municipales-para-favorecer-futuros-desarrollos-urbanisticos\\\/\",\"url\":\"https:\\\/\\\/www.laguiadepamplona.com\\\/actualidad\\\/los-ayuntamientos-de-pamplona-y-cendea-de-galar-firman-el-convenio-que-altera-566-000-m2-de-sus-terminos-municipales-para-favorecer-futuros-desarrollos-urbanisticos\\\/\",\"name\":\"Los ayuntamientos de Pamplona y Cendea de Galar firman el convenio que altera 566.000 m2 de sus t\u00e9rminos municipales para favorecer futuros desarrollos urban\u00edsticos\",\"isPartOf\":{\"@id\":\"https:\\\/\\\/www.laguiadepamplona.com\\\/actualidad\\\/#website\"},\"primaryImageOfPage\":{\"@id\":\"https:\\\/\\\/www.laguiadepamplona.com\\\/actualidad\\\/los-ayuntamientos-de-pamplona-y-cendea-de-galar-firman-el-convenio-que-altera-566-000-m2-de-sus-terminos-municipales-para-favorecer-futuros-desarrollos-urbanisticos\\\/#primaryimage\"},\"image\":{\"@id\":\"https:\\\/\\\/www.laguiadepamplona.com\\\/actualidad\\\/los-ayuntamientos-de-pamplona-y-cendea-de-galar-firman-el-convenio-que-altera-566-000-m2-de-sus-terminos-municipales-para-favorecer-futuros-desarrollos-urbanisticos\\\/#primaryimage\"},\"thumbnailUrl\":\"https:\\\/\\\/www.laguiadepamplona.com\\\/actualidad\\\/wp-content\\\/uploads\\\/2022\\\/06\\\/firmaconveniogalaree5a5913.webp\",\"datePublished\":\"2022-06-15T14:56:29+00:00\",\"dateModified\":\"2023-04-11T09:48:02+00:00\",\"description\":\"El cambio de t\u00e9rminos afecta a la meseta de Donapea y al entorno de la avenida de Zaragoza en el Garit\u00f3n de Ripalda y Azpilaga\u00f1a Sur\",\"breadcrumb\":{\"@id\":\"https:\\\/\\\/www.laguiadepamplona.com\\\/actualidad\\\/los-ayuntamientos-de-pamplona-y-cendea-de-galar-firman-el-convenio-que-altera-566-000-m2-de-sus-terminos-municipales-para-favorecer-futuros-desarrollos-urbanisticos\\\/#breadcrumb\"},\"inLanguage\":\"es\",\"potentialAction\":[{\"@type\":\"ReadAction\",\"target\":[\"https:\\\/\\\/www.laguiadepamplona.com\\\/actualidad\\\/los-ayuntamientos-de-pamplona-y-cendea-de-galar-firman-el-convenio-que-altera-566-000-m2-de-sus-terminos-municipales-para-favorecer-futuros-desarrollos-urbanisticos\\\/\"]}]},{\"@type\":\"ImageObject\",\"inLanguage\":\"es\",\"@id\":\"https:\\\/\\\/www.laguiadepamplona.com\\\/actualidad\\\/los-ayuntamientos-de-pamplona-y-cendea-de-galar-firman-el-convenio-que-altera-566-000-m2-de-sus-terminos-municipales-para-favorecer-futuros-desarrollos-urbanisticos\\\/#primaryimage\",\"url\":\"https:\\\/\\\/www.laguiadepamplona.com\\\/actualidad\\\/wp-content\\\/uploads\\\/2022\\\/06\\\/firmaconveniogalaree5a5913.webp\",\"contentUrl\":\"https:\\\/\\\/www.laguiadepamplona.com\\\/actualidad\\\/wp-content\\\/uploads\\\/2022\\\/06\\\/firmaconveniogalaree5a5913.webp\",\"width\":1920,\"height\":1280},{\"@type\":\"BreadcrumbList\",\"@id\":\"https:\\\/\\\/www.laguiadepamplona.com\\\/actualidad\\\/los-ayuntamientos-de-pamplona-y-cendea-de-galar-firman-el-convenio-que-altera-566-000-m2-de-sus-terminos-municipales-para-favorecer-futuros-desarrollos-urbanisticos\\\/#breadcrumb\",\"itemListElement\":[{\"@type\":\"ListItem\",\"position\":1,\"name\":\"Portada\",\"item\":\"https:\\\/\\\/www.laguiadepamplona.com\\\/actualidad\\\/\"},{\"@type\":\"ListItem\",\"position\":2,\"name\":\"Los ayuntamientos de Pamplona y Cendea de Galar firman el convenio que altera 566.000 m2 de sus t\u00e9rminos municipales para favorecer futuros desarrollos urban\u00edsticos\"}]},{\"@type\":\"WebSite\",\"@id\":\"https:\\\/\\\/www.laguiadepamplona.com\\\/actualidad\\\/#website\",\"url\":\"https:\\\/\\\/www.laguiadepamplona.com\\\/actualidad\\\/\",\"name\":\"La gu\u00eda de Pamplona\",\"description\":\"Noticias de Pamplona\",\"publisher\":{\"@id\":\"https:\\\/\\\/www.laguiadepamplona.com\\\/actualidad\\\/#organization\"},\"potentialAction\":[{\"@type\":\"SearchAction\",\"target\":{\"@type\":\"EntryPoint\",\"urlTemplate\":\"https:\\\/\\\/www.laguiadepamplona.com\\\/actualidad\\\/?s={search_term_string}\"},\"query-input\":{\"@type\":\"PropertyValueSpecification\",\"valueRequired\":true,\"valueName\":\"search_term_string\"}}],\"inLanguage\":\"es\"},{\"@type\":\"Organization\",\"@id\":\"https:\\\/\\\/www.laguiadepamplona.com\\\/actualidad\\\/#organization\",\"name\":\"La Gu\u00eda de Pamplona \\\/ Noticias\",\"url\":\"https:\\\/\\\/www.laguiadepamplona.com\\\/actualidad\\\/\",\"logo\":{\"@type\":\"ImageObject\",\"inLanguage\":\"es\",\"@id\":\"https:\\\/\\\/www.laguiadepamplona.com\\\/actualidad\\\/#\\\/schema\\\/logo\\\/image\\\/\",\"url\":\"https:\\\/\\\/www.laguiadepamplona.com\\\/actualidad\\\/wp-content\\\/uploads\\\/2018\\\/11\\\/logo-laguiadepamplona18-web1.png\",\"contentUrl\":\"https:\\\/\\\/www.laguiadepamplona.com\\\/actualidad\\\/wp-content\\\/uploads\\\/2018\\\/11\\\/logo-laguiadepamplona18-web1.png\",\"width\":600,\"height\":196,\"caption\":\"La Gu\u00eda de Pamplona \\\/ Noticias\"},\"image\":{\"@id\":\"https:\\\/\\\/www.laguiadepamplona.com\\\/actualidad\\\/#\\\/schema\\\/logo\\\/image\\\/\"},\"sameAs\":[\"https:\\\/\\\/www.facebook.com\\\/laguiadepamplonacom-133175176762273\\\/?ref=hl\",\"https:\\\/\\\/x.com\\\/LaGuiadPamplona\",\"https:\\\/\\\/www.instagram.com\\\/la_guia_de_pamplona\\\/\",\"https:\\\/\\\/www.youtube.com\\\/user\\\/laguiadepamplona\"]},{\"@type\":\"Person\",\"@id\":\"https:\\\/\\\/www.laguiadepamplona.com\\\/actualidad\\\/#\\\/schema\\\/person\\\/efe887376f0213d4657c93adc50b1fdb\",\"name\":\"La Gu\u00eda de Pamplona\",\"image\":{\"@type\":\"ImageObject\",\"inLanguage\":\"es\",\"@id\":\"https:\\\/\\\/secure.gravatar.com\\\/avatar\\\/b6992f131dc8d30ab0dff15446e9d346d9dbd95992de0fef795073f5ea83a81c?s=96&d=mm&r=g\",\"url\":\"https:\\\/\\\/secure.gravatar.com\\\/avatar\\\/b6992f131dc8d30ab0dff15446e9d346d9dbd95992de0fef795073f5ea83a81c?s=96&d=mm&r=g\",\"contentUrl\":\"https:\\\/\\\/secure.gravatar.com\\\/avatar\\\/b6992f131dc8d30ab0dff15446e9d346d9dbd95992de0fef795073f5ea83a81c?s=96&d=mm&r=g\",\"caption\":\"La Gu\u00eda de Pamplona\"}}]}<\/script>\n<!-- \/ Yoast SEO plugin. -->","yoast_head_json":{"title":"Los ayuntamientos de Pamplona y Cendea de Galar firman el convenio que altera 566.000 m2 de sus t\u00e9rminos municipales para favorecer futuros desarrollos urban\u00edsticos","description":"El cambio de t\u00e9rminos afecta a la meseta de Donapea y al entorno de la avenida de Zaragoza en el Garit\u00f3n de Ripalda y Azpilaga\u00f1a Sur","robots":{"index":"index","follow":"follow","max-snippet":"max-snippet:-1","max-image-preview":"max-image-preview:large","max-video-preview":"max-video-preview:-1"},"canonical":"https:\/\/www.laguiadepamplona.com\/actualidad\/los-ayuntamientos-de-pamplona-y-cendea-de-galar-firman-el-convenio-que-altera-566-000-m2-de-sus-terminos-municipales-para-favorecer-futuros-desarrollos-urbanisticos\/","og_locale":"es_ES","og_type":"article","og_title":"Los ayuntamientos de Pamplona y Cendea de Galar firman el convenio que altera 566.000 m2 de sus t\u00e9rminos municipales para favorecer futuros desarrollos urban\u00edsticos","og_description":"El cambio de t\u00e9rminos afecta a la meseta de Donapea y al entorno de la avenida de Zaragoza en el Garit\u00f3n de Ripalda y Azpilaga\u00f1a Sur","og_url":"https:\/\/www.laguiadepamplona.com\/actualidad\/los-ayuntamientos-de-pamplona-y-cendea-de-galar-firman-el-convenio-que-altera-566-000-m2-de-sus-terminos-municipales-para-favorecer-futuros-desarrollos-urbanisticos\/","og_site_name":"La Gu\u00eda de Pamplona","article_publisher":"https:\/\/www.facebook.com\/laguiadepamplonacom-133175176762273\/?ref=hl","article_published_time":"2022-06-15T14:56:29+00:00","article_modified_time":"2023-04-11T09:48:02+00:00","og_image":[{"width":1920,"height":1280,"url":"https:\/\/www.laguiadepamplona.com\/actualidad\/wp-content\/uploads\/2022\/06\/firmaconveniogalaree5a5913.webp","type":"image\/webp"}],"author":"La Gu\u00eda de Pamplona","twitter_card":"summary_large_image","twitter_creator":"@LaGuiadPamplona","twitter_site":"@LaGuiadPamplona","twitter_misc":{"Escrito por":"La Gu\u00eda de Pamplona","Tiempo de lectura":"4 minutos"},"schema":{"@context":"https:\/\/schema.org","@graph":[{"@type":"Article","@id":"https:\/\/www.laguiadepamplona.com\/actualidad\/los-ayuntamientos-de-pamplona-y-cendea-de-galar-firman-el-convenio-que-altera-566-000-m2-de-sus-terminos-municipales-para-favorecer-futuros-desarrollos-urbanisticos\/#article","isPartOf":{"@id":"https:\/\/www.laguiadepamplona.com\/actualidad\/los-ayuntamientos-de-pamplona-y-cendea-de-galar-firman-el-convenio-que-altera-566-000-m2-de-sus-terminos-municipales-para-favorecer-futuros-desarrollos-urbanisticos\/"},"author":{"name":"La Gu\u00eda de Pamplona","@id":"https:\/\/www.laguiadepamplona.com\/actualidad\/#\/schema\/person\/efe887376f0213d4657c93adc50b1fdb"},"headline":"Los ayuntamientos de Pamplona y Cendea de Galar firman el convenio que altera 566.000 m2 de sus t\u00e9rminos municipales para favorecer futuros desarrollos urban\u00edsticos","datePublished":"2022-06-15T14:56:29+00:00","dateModified":"2023-04-11T09:48:02+00:00","mainEntityOfPage":{"@id":"https:\/\/www.laguiadepamplona.com\/actualidad\/los-ayuntamientos-de-pamplona-y-cendea-de-galar-firman-el-convenio-que-altera-566-000-m2-de-sus-terminos-municipales-para-favorecer-futuros-desarrollos-urbanisticos\/"},"wordCount":811,"commentCount":0,"publisher":{"@id":"https:\/\/www.laguiadepamplona.com\/actualidad\/#organization"},"image":{"@id":"https:\/\/www.laguiadepamplona.com\/actualidad\/los-ayuntamientos-de-pamplona-y-cendea-de-galar-firman-el-convenio-que-altera-566-000-m2-de-sus-terminos-municipales-para-favorecer-futuros-desarrollos-urbanisticos\/#primaryimage"},"thumbnailUrl":"https:\/\/www.laguiadepamplona.com\/actualidad\/wp-content\/uploads\/2022\/06\/firmaconveniogalaree5a5913.webp","articleSection":["Ayto Pamplona"],"inLanguage":"es","potentialAction":[{"@type":"CommentAction","name":"Comment","target":["https:\/\/www.laguiadepamplona.com\/actualidad\/los-ayuntamientos-de-pamplona-y-cendea-de-galar-firman-el-convenio-que-altera-566-000-m2-de-sus-terminos-municipales-para-favorecer-futuros-desarrollos-urbanisticos\/#respond"]}]},{"@type":"WebPage","@id":"https:\/\/www.laguiadepamplona.com\/actualidad\/los-ayuntamientos-de-pamplona-y-cendea-de-galar-firman-el-convenio-que-altera-566-000-m2-de-sus-terminos-municipales-para-favorecer-futuros-desarrollos-urbanisticos\/","url":"https:\/\/www.laguiadepamplona.com\/actualidad\/los-ayuntamientos-de-pamplona-y-cendea-de-galar-firman-el-convenio-que-altera-566-000-m2-de-sus-terminos-municipales-para-favorecer-futuros-desarrollos-urbanisticos\/","name":"Los ayuntamientos de Pamplona y Cendea de Galar firman el convenio que altera 566.000 m2 de sus t\u00e9rminos municipales para favorecer futuros desarrollos urban\u00edsticos","isPartOf":{"@id":"https:\/\/www.laguiadepamplona.com\/actualidad\/#website"},"primaryImageOfPage":{"@id":"https:\/\/www.laguiadepamplona.com\/actualidad\/los-ayuntamientos-de-pamplona-y-cendea-de-galar-firman-el-convenio-que-altera-566-000-m2-de-sus-terminos-municipales-para-favorecer-futuros-desarrollos-urbanisticos\/#primaryimage"},"image":{"@id":"https:\/\/www.laguiadepamplona.com\/actualidad\/los-ayuntamientos-de-pamplona-y-cendea-de-galar-firman-el-convenio-que-altera-566-000-m2-de-sus-terminos-municipales-para-favorecer-futuros-desarrollos-urbanisticos\/#primaryimage"},"thumbnailUrl":"https:\/\/www.laguiadepamplona.com\/actualidad\/wp-content\/uploads\/2022\/06\/firmaconveniogalaree5a5913.webp","datePublished":"2022-06-15T14:56:29+00:00","dateModified":"2023-04-11T09:48:02+00:00","description":"El cambio de t\u00e9rminos afecta a la meseta de Donapea y al entorno de la avenida de Zaragoza en el Garit\u00f3n de Ripalda y Azpilaga\u00f1a Sur","breadcrumb":{"@id":"https:\/\/www.laguiadepamplona.com\/actualidad\/los-ayuntamientos-de-pamplona-y-cendea-de-galar-firman-el-convenio-que-altera-566-000-m2-de-sus-terminos-municipales-para-favorecer-futuros-desarrollos-urbanisticos\/#breadcrumb"},"inLanguage":"es","potentialAction":[{"@type":"ReadAction","target":["https:\/\/www.laguiadepamplona.com\/actualidad\/los-ayuntamientos-de-pamplona-y-cendea-de-galar-firman-el-convenio-que-altera-566-000-m2-de-sus-terminos-municipales-para-favorecer-futuros-desarrollos-urbanisticos\/"]}]},{"@type":"ImageObject","inLanguage":"es","@id":"https:\/\/www.laguiadepamplona.com\/actualidad\/los-ayuntamientos-de-pamplona-y-cendea-de-galar-firman-el-convenio-que-altera-566-000-m2-de-sus-terminos-municipales-para-favorecer-futuros-desarrollos-urbanisticos\/#primaryimage","url":"https:\/\/www.laguiadepamplona.com\/actualidad\/wp-content\/uploads\/2022\/06\/firmaconveniogalaree5a5913.webp","contentUrl":"https:\/\/www.laguiadepamplona.com\/actualidad\/wp-content\/uploads\/2022\/06\/firmaconveniogalaree5a5913.webp","width":1920,"height":1280},{"@type":"BreadcrumbList","@id":"https:\/\/www.laguiadepamplona.com\/actualidad\/los-ayuntamientos-de-pamplona-y-cendea-de-galar-firman-el-convenio-que-altera-566-000-m2-de-sus-terminos-municipales-para-favorecer-futuros-desarrollos-urbanisticos\/#breadcrumb","itemListElement":[{"@type":"ListItem","position":1,"name":"Portada","item":"https:\/\/www.laguiadepamplona.com\/actualidad\/"},{"@type":"ListItem","position":2,"name":"Los ayuntamientos de Pamplona y Cendea de Galar firman el convenio que altera 566.000 m2 de sus t\u00e9rminos municipales para favorecer futuros desarrollos urban\u00edsticos"}]},{"@type":"WebSite","@id":"https:\/\/www.laguiadepamplona.com\/actualidad\/#website","url":"https:\/\/www.laguiadepamplona.com\/actualidad\/","name":"La gu\u00eda de Pamplona","description":"Noticias de Pamplona","publisher":{"@id":"https:\/\/www.laguiadepamplona.com\/actualidad\/#organization"},"potentialAction":[{"@type":"SearchAction","target":{"@type":"EntryPoint","urlTemplate":"https:\/\/www.laguiadepamplona.com\/actualidad\/?s={search_term_string}"},"query-input":{"@type":"PropertyValueSpecification","valueRequired":true,"valueName":"search_term_string"}}],"inLanguage":"es"},{"@type":"Organization","@id":"https:\/\/www.laguiadepamplona.com\/actualidad\/#organization","name":"La Gu\u00eda de Pamplona \/ Noticias","url":"https:\/\/www.laguiadepamplona.com\/actualidad\/","logo":{"@type":"ImageObject","inLanguage":"es","@id":"https:\/\/www.laguiadepamplona.com\/actualidad\/#\/schema\/logo\/image\/","url":"https:\/\/www.laguiadepamplona.com\/actualidad\/wp-content\/uploads\/2018\/11\/logo-laguiadepamplona18-web1.png","contentUrl":"https:\/\/www.laguiadepamplona.com\/actualidad\/wp-content\/uploads\/2018\/11\/logo-laguiadepamplona18-web1.png","width":600,"height":196,"caption":"La Gu\u00eda de Pamplona \/ Noticias"},"image":{"@id":"https:\/\/www.laguiadepamplona.com\/actualidad\/#\/schema\/logo\/image\/"},"sameAs":["https:\/\/www.facebook.com\/laguiadepamplonacom-133175176762273\/?ref=hl","https:\/\/x.com\/LaGuiadPamplona","https:\/\/www.instagram.com\/la_guia_de_pamplona\/","https:\/\/www.youtube.com\/user\/laguiadepamplona"]},{"@type":"Person","@id":"https:\/\/www.laguiadepamplona.com\/actualidad\/#\/schema\/person\/efe887376f0213d4657c93adc50b1fdb","name":"La Gu\u00eda de Pamplona","image":{"@type":"ImageObject","inLanguage":"es","@id":"https:\/\/secure.gravatar.com\/avatar\/b6992f131dc8d30ab0dff15446e9d346d9dbd95992de0fef795073f5ea83a81c?s=96&d=mm&r=g","url":"https:\/\/secure.gravatar.com\/avatar\/b6992f131dc8d30ab0dff15446e9d346d9dbd95992de0fef795073f5ea83a81c?s=96&d=mm&r=g","contentUrl":"https:\/\/secure.gravatar.com\/avatar\/b6992f131dc8d30ab0dff15446e9d346d9dbd95992de0fef795073f5ea83a81c?s=96&d=mm&r=g","caption":"La Gu\u00eda de Pamplona"}}]}},"post_mailing_queue_ids":[],"_links":{"self":[{"href":"https:\/\/www.laguiadepamplona.com\/actualidad\/wp-json\/wp\/v2\/posts\/40875","targetHints":{"allow":["GET"]}}],"collection":[{"href":"https:\/\/www.laguiadepamplona.com\/actualidad\/wp-json\/wp\/v2\/posts"}],"about":[{"href":"https:\/\/www.laguiadepamplona.com\/actualidad\/wp-json\/wp\/v2\/types\/post"}],"author":[{"embeddable":true,"href":"https:\/\/www.laguiadepamplona.com\/actualidad\/wp-json\/wp\/v2\/users\/1"}],"replies":[{"embeddable":true,"href":"https:\/\/www.laguiadepamplona.com\/actualidad\/wp-json\/wp\/v2\/comments?post=40875"}],"version-history":[{"count":0,"href":"https:\/\/www.laguiadepamplona.com\/actualidad\/wp-json\/wp\/v2\/posts\/40875\/revisions"}],"wp:featuredmedia":[{"embeddable":true,"href":"https:\/\/www.laguiadepamplona.com\/actualidad\/wp-json\/wp\/v2\/media\/40876"}],"wp:attachment":[{"href":"https:\/\/www.laguiadepamplona.com\/actualidad\/wp-json\/wp\/v2\/media?parent=40875"}],"wp:term":[{"taxonomy":"category","embeddable":true,"href":"https:\/\/www.laguiadepamplona.com\/actualidad\/wp-json\/wp\/v2\/categories?post=40875"},{"taxonomy":"post_tag","embeddable":true,"href":"https:\/\/www.laguiadepamplona.com\/actualidad\/wp-json\/wp\/v2\/tags?post=40875"}],"curies":[{"name":"wp","href":"https:\/\/api.w.org\/{rel}","templated":true}]}}