{"id":40872,"date":"2022-06-15T11:56:43","date_gmt":"2022-06-15T09:56:43","guid":{"rendered":"https:\/\/www.laguiadepamplona.com\/actualidad\/?p=40872"},"modified":"2023-04-11T11:48:02","modified_gmt":"2023-04-11T09:48:02","slug":"planeta-danzan-el-programa-transfronterizo-que-auna-mediombiente-y-danza-trabajara-el-proximo-curso-sobre-el-cambio-climatico","status":"publish","type":"post","link":"https:\/\/www.laguiadepamplona.com\/actualidad\/planeta-danzan-el-programa-transfronterizo-que-auna-mediombiente-y-danza-trabajara-el-proximo-curso-sobre-el-cambio-climatico\/","title":{"rendered":"\u2018Planeta Danzan\u2019, el programa transfronterizo que a\u00fana mediombiente y danza, trabajar\u00e1 el pr\u00f3ximo curso sobre el cambio clim\u00e1tico"},"content":{"rendered":"<h5>Los centros escolares de la ciudad que imparten primer ciclo de la ESO pueden apuntarse a esta pedagog\u00eda innovadora hasta el 24 de junio<\/h5>\n<p><!--more--><\/p>\n<p>El relato de No\u00e9 y su interpretaci\u00f3n desde el cambio clim\u00e1tico, es la propuesta de trabajo para el curso que viene del <a href=\"https:\/\/educacionambiental.pamplona.es\/comunidad-educativa\/programa-educativo-planeta-dantzan\/\" target=\"_blank\" rel=\"noopener\">programa Planeta Dantzan<\/a>, un programa de educaci\u00f3n ambiental que une estos contenidos con la danza y ofrece a los centros escolares desde 2018 itinerarios y materiales pedag\u00f3gicos innovadores. Hasta el 24 de junio est\u00e1 abierto el llamamiento a los centros escolares p\u00fablicos y concertados que imparten el primer ciclo Educaci\u00f3n Secundaria en la ciudad para solicitar su adscripci\u00f3n para el curso que viene a este programa gratuito. Las actividades de esta edici\u00f3n de Planeta Danzan se desarrollar\u00edan entre enero y mayo de 2023.<br \/>\n<script async src=\"\/\/pagead2.googlesyndication.com\/pagead\/js\/adsbygoogle.js\"><\/script><br \/>\n<!-- Noticias La Guia de Pamplona --><br \/>\n<ins class=\"adsbygoogle\"\nstyle=\"display:block\"\ndata-ad-client=\"ca-pub-6943679897239327\"\ndata-ad-slot=\"7048180777\"\ndata-ad-format=\"auto\"><\/ins><br \/>\n<script>\n(adsbygoogle = window.adsbygoogle || []).push({});\n<\/script><\/p>\n<p>La propuesta vuelve a basarse en las coreograf\u00edas de Malandain Ballet Biarritz, compa\u00f1\u00eda ligada a este programa desde su nacimiento. En este caso la oferta es <strong><a href=\"https:\/\/malandainballet.com\/es\/repertoire\/noe\" target=\"_blank\" rel=\"noopener\">el ballet contempor\u00e1neo \u2018Noe\u2019<\/a><\/strong>que, a trav\u00e9s del arquetipo del Diluvio, un s\u00edmbolo com\u00fan a diversas tradiciones, reflexiona sobre el nacimiento de un mundo nuevo, mejor que el anterior \u201cuna segunda Creacio\u0301n que borra la primera, alterada por el mal y la debilidad de los hombres\u201d.<\/p>\n<p>El Cambio Clim\u00e1tico es el eje del trabajo que se propondr\u00e1 este pr\u00f3ximo curso a escolares de primer ciclo de Educaci\u00f3n Secundaria de Pamplona, pero tambi\u00e9n de San Sebasti\u00e1n y Biarritz porque Planeta Dantzan es un programa transfronterizo de la eurorregi\u00f3n Nueva Aquitania-Euskadi-Navarra financiado con fondos de la Uni\u00f3n Europea. El objetivo central del programa es concienciar al alumnado de primer ciclo de E.S.O. sobre la profunda necesidad de tener un planeta sano y posibles alternativas frente a la crisis clim\u00e1tica que lo lesiona.<br \/>\n<script async src=\"\/\/pagead2.googlesyndication.com\/pagead\/js\/adsbygoogle.js\"><\/script><br \/>\n<!-- Noticias La Guia de Pamplona --><br \/>\n<ins class=\"adsbygoogle\"\nstyle=\"display:block\"\ndata-ad-client=\"ca-pub-6943679897239327\"\ndata-ad-slot=\"7048180777\"\ndata-ad-format=\"auto\"><\/ins><br \/>\n<script>\n(adsbygoogle = window.adsbygoogle || []).push({});\n<\/script><\/p>\n<p>Este proyecto se implementa en cuatro etapas: trabajo en el aula con la unidad did\u00e1ctica, que estar\u00e1 disponible para su uso en el aula a partir de enero 2023; un taller formativo mixto que mezcla aportaciones ambientales y coreogr\u00e1ficas (entre el 13 de febrero y el 3 de marzo de 2023); un taller formativo coreogr\u00e1fico dirigido por una bailarina de Malandain Ballet (del 17 al 28 de abril de 2023) y, como cierre, el pase escolar en el que el alumnado, adem\u00e1s de asistir a la representaci\u00f3n, podr\u00e1 mantener un coloquio con las personas integrantes de la compa\u00f1\u00eda de danza (18 \u00f3 19 de mayo de 2023).<\/p>\n<p>Los centros interesados tienen hasta el 24 de junio a las 13 horas, para inscribirse enviando un correo electr\u00f3nico a la direcci\u00f3n <a href=\"mailto:educacionambiental@pamplona.es\">educacionambiental@pamplona.es<\/a> en el que deber\u00e1 incluirse una ficha de inscripci\u00f3n y una memoria justificativa del centro como adjuntos en el propio mail. Tras el env\u00edo, el Equipo de Educaci\u00f3n Ambiental del Ayuntamiento de Pamplona confirmar\u00e1 que la solicitud ha llegado correctamente. En el caso de no recibir esta confirmaci\u00f3n el tel\u00e9fono de contacto es el 948 420 984.<br \/>\n<script async src=\"\/\/pagead2.googlesyndication.com\/pagead\/js\/adsbygoogle.js\"><\/script><br \/>\n<!-- Noticias La Guia de Pamplona --><br \/>\n<ins class=\"adsbygoogle\"\nstyle=\"display:block\"\ndata-ad-client=\"ca-pub-6943679897239327\"\ndata-ad-slot=\"7048180777\"\ndata-ad-format=\"auto\"><\/ins><br \/>\n<script>\n(adsbygoogle = window.adsbygoogle || []).push({});\n<\/script><\/p>\n<p>Planeta Dantzan naci\u00f3 en 2018, aunque con el nombre de Sirenas- Itsas Laminak\u2013Sir\u00e8nes. Desde entonces casi 1.200 estudiantes pamploneses, de 12 a 15 a\u00f1os, ha transitado por este itinerario de arte y sensibilizaci\u00f3n. Los centros participantes han sido IES Iturrama, IES Iparralde, y Colegio Jesuitinas.<\/p>\n","protected":false},"excerpt":{"rendered":"<p>Los centros escolares de la ciudad que imparten primer ciclo de la ESO pueden apuntarse a esta pedagog\u00eda innovadora hasta el 24 de junio<\/p>\n","protected":false},"author":1,"featured_media":40873,"comment_status":"open","ping_status":"closed","sticky":false,"template":"","format":"standard","meta":{"footnotes":""},"categories":[2],"tags":[],"class_list":["post-40872","post","type-post","status-publish","format-standard","has-post-thumbnail","hentry","category-ayuntamiento-pamplona"],"yoast_head":"<!-- This site is optimized with the Yoast SEO plugin v27.5 - https:\/\/yoast.com\/product\/yoast-seo-wordpress\/ -->\n<title>\u2018Planeta Danzan\u2019, el programa transfronterizo que a\u00fana mediombiente y danza, trabajar\u00e1 el pr\u00f3ximo curso sobre el cambio clim\u00e1tico<\/title>\n<meta name=\"description\" content=\"Los centros escolares de la ciudad que imparten primer ciclo de la ESO pueden apuntarse a esta pedagog\u00eda innovadora hasta el 24 de junio\" \/>\n<meta name=\"robots\" content=\"index, follow, max-snippet:-1, max-image-preview:large, max-video-preview:-1\" \/>\n<link rel=\"canonical\" href=\"https:\/\/www.laguiadepamplona.com\/actualidad\/planeta-danzan-el-programa-transfronterizo-que-auna-mediombiente-y-danza-trabajara-el-proximo-curso-sobre-el-cambio-climatico\/\" \/>\n<meta property=\"og:locale\" content=\"es_ES\" \/>\n<meta property=\"og:type\" content=\"article\" \/>\n<meta property=\"og:title\" content=\"\u2018Planeta Danzan\u2019, el programa transfronterizo que a\u00fana mediombiente y danza, trabajar\u00e1 el pr\u00f3ximo curso sobre el cambio clim\u00e1tico\" \/>\n<meta property=\"og:description\" content=\"Los centros escolares de la ciudad que imparten primer ciclo de la ESO pueden apuntarse a esta pedagog\u00eda innovadora hasta el 24 de junio\" \/>\n<meta property=\"og:url\" content=\"https:\/\/www.laguiadepamplona.com\/actualidad\/planeta-danzan-el-programa-transfronterizo-que-auna-mediombiente-y-danza-trabajara-el-proximo-curso-sobre-el-cambio-climatico\/\" \/>\n<meta property=\"og:site_name\" content=\"La Gu\u00eda de Pamplona\" \/>\n<meta property=\"article:publisher\" content=\"https:\/\/www.facebook.com\/laguiadepamplonacom-133175176762273\/?ref=hl\" \/>\n<meta property=\"article:published_time\" content=\"2022-06-15T09:56:43+00:00\" \/>\n<meta property=\"article:modified_time\" content=\"2023-04-11T09:48:02+00:00\" \/>\n<meta property=\"og:image\" content=\"https:\/\/www.laguiadepamplona.com\/actualidad\/wp-content\/uploads\/2022\/06\/planeta-dantzan2.jpg\" \/>\n\t<meta property=\"og:image:width\" content=\"1100\" \/>\n\t<meta property=\"og:image:height\" content=\"732\" \/>\n\t<meta property=\"og:image:type\" content=\"image\/jpeg\" \/>\n<meta name=\"author\" content=\"La Gu\u00eda de Pamplona\" \/>\n<meta name=\"twitter:card\" content=\"summary_large_image\" \/>\n<meta name=\"twitter:creator\" content=\"@LaGuiadPamplona\" \/>\n<meta name=\"twitter:site\" content=\"@LaGuiadPamplona\" \/>\n<meta name=\"twitter:label1\" content=\"Escrito por\" \/>\n\t<meta name=\"twitter:data1\" content=\"La Gu\u00eda de Pamplona\" \/>\n\t<meta name=\"twitter:label2\" content=\"Tiempo de lectura\" \/>\n\t<meta name=\"twitter:data2\" content=\"3 minutos\" \/>\n<script type=\"application\/ld+json\" class=\"yoast-schema-graph\">{\"@context\":\"https:\\\/\\\/schema.org\",\"@graph\":[{\"@type\":\"Article\",\"@id\":\"https:\\\/\\\/www.laguiadepamplona.com\\\/actualidad\\\/planeta-danzan-el-programa-transfronterizo-que-auna-mediombiente-y-danza-trabajara-el-proximo-curso-sobre-el-cambio-climatico\\\/#article\",\"isPartOf\":{\"@id\":\"https:\\\/\\\/www.laguiadepamplona.com\\\/actualidad\\\/planeta-danzan-el-programa-transfronterizo-que-auna-mediombiente-y-danza-trabajara-el-proximo-curso-sobre-el-cambio-climatico\\\/\"},\"author\":{\"name\":\"La Gu\u00eda de Pamplona\",\"@id\":\"https:\\\/\\\/www.laguiadepamplona.com\\\/actualidad\\\/#\\\/schema\\\/person\\\/efe887376f0213d4657c93adc50b1fdb\"},\"headline\":\"\u2018Planeta Danzan\u2019, el programa transfronterizo que a\u00fana mediombiente y danza, trabajar\u00e1 el pr\u00f3ximo curso sobre el cambio clim\u00e1tico\",\"datePublished\":\"2022-06-15T09:56:43+00:00\",\"dateModified\":\"2023-04-11T09:48:02+00:00\",\"mainEntityOfPage\":{\"@id\":\"https:\\\/\\\/www.laguiadepamplona.com\\\/actualidad\\\/planeta-danzan-el-programa-transfronterizo-que-auna-mediombiente-y-danza-trabajara-el-proximo-curso-sobre-el-cambio-climatico\\\/\"},\"wordCount\":560,\"commentCount\":0,\"publisher\":{\"@id\":\"https:\\\/\\\/www.laguiadepamplona.com\\\/actualidad\\\/#organization\"},\"image\":{\"@id\":\"https:\\\/\\\/www.laguiadepamplona.com\\\/actualidad\\\/planeta-danzan-el-programa-transfronterizo-que-auna-mediombiente-y-danza-trabajara-el-proximo-curso-sobre-el-cambio-climatico\\\/#primaryimage\"},\"thumbnailUrl\":\"https:\\\/\\\/www.laguiadepamplona.com\\\/actualidad\\\/wp-content\\\/uploads\\\/2022\\\/06\\\/planeta-dantzan2.jpg\",\"articleSection\":[\"Ayto Pamplona\"],\"inLanguage\":\"es\",\"potentialAction\":[{\"@type\":\"CommentAction\",\"name\":\"Comment\",\"target\":[\"https:\\\/\\\/www.laguiadepamplona.com\\\/actualidad\\\/planeta-danzan-el-programa-transfronterizo-que-auna-mediombiente-y-danza-trabajara-el-proximo-curso-sobre-el-cambio-climatico\\\/#respond\"]}]},{\"@type\":\"WebPage\",\"@id\":\"https:\\\/\\\/www.laguiadepamplona.com\\\/actualidad\\\/planeta-danzan-el-programa-transfronterizo-que-auna-mediombiente-y-danza-trabajara-el-proximo-curso-sobre-el-cambio-climatico\\\/\",\"url\":\"https:\\\/\\\/www.laguiadepamplona.com\\\/actualidad\\\/planeta-danzan-el-programa-transfronterizo-que-auna-mediombiente-y-danza-trabajara-el-proximo-curso-sobre-el-cambio-climatico\\\/\",\"name\":\"\u2018Planeta Danzan\u2019, el programa transfronterizo que a\u00fana mediombiente y danza, trabajar\u00e1 el pr\u00f3ximo curso sobre el cambio clim\u00e1tico\",\"isPartOf\":{\"@id\":\"https:\\\/\\\/www.laguiadepamplona.com\\\/actualidad\\\/#website\"},\"primaryImageOfPage\":{\"@id\":\"https:\\\/\\\/www.laguiadepamplona.com\\\/actualidad\\\/planeta-danzan-el-programa-transfronterizo-que-auna-mediombiente-y-danza-trabajara-el-proximo-curso-sobre-el-cambio-climatico\\\/#primaryimage\"},\"image\":{\"@id\":\"https:\\\/\\\/www.laguiadepamplona.com\\\/actualidad\\\/planeta-danzan-el-programa-transfronterizo-que-auna-mediombiente-y-danza-trabajara-el-proximo-curso-sobre-el-cambio-climatico\\\/#primaryimage\"},\"thumbnailUrl\":\"https:\\\/\\\/www.laguiadepamplona.com\\\/actualidad\\\/wp-content\\\/uploads\\\/2022\\\/06\\\/planeta-dantzan2.jpg\",\"datePublished\":\"2022-06-15T09:56:43+00:00\",\"dateModified\":\"2023-04-11T09:48:02+00:00\",\"description\":\"Los centros escolares de la ciudad que imparten primer ciclo de la ESO pueden apuntarse a esta pedagog\u00eda innovadora hasta el 24 de junio\",\"breadcrumb\":{\"@id\":\"https:\\\/\\\/www.laguiadepamplona.com\\\/actualidad\\\/planeta-danzan-el-programa-transfronterizo-que-auna-mediombiente-y-danza-trabajara-el-proximo-curso-sobre-el-cambio-climatico\\\/#breadcrumb\"},\"inLanguage\":\"es\",\"potentialAction\":[{\"@type\":\"ReadAction\",\"target\":[\"https:\\\/\\\/www.laguiadepamplona.com\\\/actualidad\\\/planeta-danzan-el-programa-transfronterizo-que-auna-mediombiente-y-danza-trabajara-el-proximo-curso-sobre-el-cambio-climatico\\\/\"]}]},{\"@type\":\"ImageObject\",\"inLanguage\":\"es\",\"@id\":\"https:\\\/\\\/www.laguiadepamplona.com\\\/actualidad\\\/planeta-danzan-el-programa-transfronterizo-que-auna-mediombiente-y-danza-trabajara-el-proximo-curso-sobre-el-cambio-climatico\\\/#primaryimage\",\"url\":\"https:\\\/\\\/www.laguiadepamplona.com\\\/actualidad\\\/wp-content\\\/uploads\\\/2022\\\/06\\\/planeta-dantzan2.jpg\",\"contentUrl\":\"https:\\\/\\\/www.laguiadepamplona.com\\\/actualidad\\\/wp-content\\\/uploads\\\/2022\\\/06\\\/planeta-dantzan2.jpg\",\"width\":1100,\"height\":732},{\"@type\":\"BreadcrumbList\",\"@id\":\"https:\\\/\\\/www.laguiadepamplona.com\\\/actualidad\\\/planeta-danzan-el-programa-transfronterizo-que-auna-mediombiente-y-danza-trabajara-el-proximo-curso-sobre-el-cambio-climatico\\\/#breadcrumb\",\"itemListElement\":[{\"@type\":\"ListItem\",\"position\":1,\"name\":\"Portada\",\"item\":\"https:\\\/\\\/www.laguiadepamplona.com\\\/actualidad\\\/\"},{\"@type\":\"ListItem\",\"position\":2,\"name\":\"\u2018Planeta Danzan\u2019, el programa transfronterizo que a\u00fana mediombiente y danza, trabajar\u00e1 el pr\u00f3ximo curso sobre el cambio clim\u00e1tico\"}]},{\"@type\":\"WebSite\",\"@id\":\"https:\\\/\\\/www.laguiadepamplona.com\\\/actualidad\\\/#website\",\"url\":\"https:\\\/\\\/www.laguiadepamplona.com\\\/actualidad\\\/\",\"name\":\"La gu\u00eda de Pamplona\",\"description\":\"Noticias de Pamplona\",\"publisher\":{\"@id\":\"https:\\\/\\\/www.laguiadepamplona.com\\\/actualidad\\\/#organization\"},\"potentialAction\":[{\"@type\":\"SearchAction\",\"target\":{\"@type\":\"EntryPoint\",\"urlTemplate\":\"https:\\\/\\\/www.laguiadepamplona.com\\\/actualidad\\\/?s={search_term_string}\"},\"query-input\":{\"@type\":\"PropertyValueSpecification\",\"valueRequired\":true,\"valueName\":\"search_term_string\"}}],\"inLanguage\":\"es\"},{\"@type\":\"Organization\",\"@id\":\"https:\\\/\\\/www.laguiadepamplona.com\\\/actualidad\\\/#organization\",\"name\":\"La Gu\u00eda de Pamplona \\\/ Noticias\",\"url\":\"https:\\\/\\\/www.laguiadepamplona.com\\\/actualidad\\\/\",\"logo\":{\"@type\":\"ImageObject\",\"inLanguage\":\"es\",\"@id\":\"https:\\\/\\\/www.laguiadepamplona.com\\\/actualidad\\\/#\\\/schema\\\/logo\\\/image\\\/\",\"url\":\"https:\\\/\\\/www.laguiadepamplona.com\\\/actualidad\\\/wp-content\\\/uploads\\\/2018\\\/11\\\/logo-laguiadepamplona18-web1.png\",\"contentUrl\":\"https:\\\/\\\/www.laguiadepamplona.com\\\/actualidad\\\/wp-content\\\/uploads\\\/2018\\\/11\\\/logo-laguiadepamplona18-web1.png\",\"width\":600,\"height\":196,\"caption\":\"La Gu\u00eda de Pamplona \\\/ Noticias\"},\"image\":{\"@id\":\"https:\\\/\\\/www.laguiadepamplona.com\\\/actualidad\\\/#\\\/schema\\\/logo\\\/image\\\/\"},\"sameAs\":[\"https:\\\/\\\/www.facebook.com\\\/laguiadepamplonacom-133175176762273\\\/?ref=hl\",\"https:\\\/\\\/x.com\\\/LaGuiadPamplona\",\"https:\\\/\\\/www.instagram.com\\\/la_guia_de_pamplona\\\/\",\"https:\\\/\\\/www.youtube.com\\\/user\\\/laguiadepamplona\"]},{\"@type\":\"Person\",\"@id\":\"https:\\\/\\\/www.laguiadepamplona.com\\\/actualidad\\\/#\\\/schema\\\/person\\\/efe887376f0213d4657c93adc50b1fdb\",\"name\":\"La Gu\u00eda de Pamplona\",\"image\":{\"@type\":\"ImageObject\",\"inLanguage\":\"es\",\"@id\":\"https:\\\/\\\/secure.gravatar.com\\\/avatar\\\/b6992f131dc8d30ab0dff15446e9d346d9dbd95992de0fef795073f5ea83a81c?s=96&d=mm&r=g\",\"url\":\"https:\\\/\\\/secure.gravatar.com\\\/avatar\\\/b6992f131dc8d30ab0dff15446e9d346d9dbd95992de0fef795073f5ea83a81c?s=96&d=mm&r=g\",\"contentUrl\":\"https:\\\/\\\/secure.gravatar.com\\\/avatar\\\/b6992f131dc8d30ab0dff15446e9d346d9dbd95992de0fef795073f5ea83a81c?s=96&d=mm&r=g\",\"caption\":\"La Gu\u00eda de Pamplona\"}}]}<\/script>\n<!-- \/ Yoast SEO plugin. -->","yoast_head_json":{"title":"\u2018Planeta Danzan\u2019, el programa transfronterizo que a\u00fana mediombiente y danza, trabajar\u00e1 el pr\u00f3ximo curso sobre el cambio clim\u00e1tico","description":"Los centros escolares de la ciudad que imparten primer ciclo de la ESO pueden apuntarse a esta pedagog\u00eda innovadora hasta el 24 de junio","robots":{"index":"index","follow":"follow","max-snippet":"max-snippet:-1","max-image-preview":"max-image-preview:large","max-video-preview":"max-video-preview:-1"},"canonical":"https:\/\/www.laguiadepamplona.com\/actualidad\/planeta-danzan-el-programa-transfronterizo-que-auna-mediombiente-y-danza-trabajara-el-proximo-curso-sobre-el-cambio-climatico\/","og_locale":"es_ES","og_type":"article","og_title":"\u2018Planeta Danzan\u2019, el programa transfronterizo que a\u00fana mediombiente y danza, trabajar\u00e1 el pr\u00f3ximo curso sobre el cambio clim\u00e1tico","og_description":"Los centros escolares de la ciudad que imparten primer ciclo de la ESO pueden apuntarse a esta pedagog\u00eda innovadora hasta el 24 de junio","og_url":"https:\/\/www.laguiadepamplona.com\/actualidad\/planeta-danzan-el-programa-transfronterizo-que-auna-mediombiente-y-danza-trabajara-el-proximo-curso-sobre-el-cambio-climatico\/","og_site_name":"La Gu\u00eda de Pamplona","article_publisher":"https:\/\/www.facebook.com\/laguiadepamplonacom-133175176762273\/?ref=hl","article_published_time":"2022-06-15T09:56:43+00:00","article_modified_time":"2023-04-11T09:48:02+00:00","og_image":[{"width":1100,"height":732,"url":"https:\/\/www.laguiadepamplona.com\/actualidad\/wp-content\/uploads\/2022\/06\/planeta-dantzan2.jpg","type":"image\/jpeg"}],"author":"La Gu\u00eda de Pamplona","twitter_card":"summary_large_image","twitter_creator":"@LaGuiadPamplona","twitter_site":"@LaGuiadPamplona","twitter_misc":{"Escrito por":"La Gu\u00eda de Pamplona","Tiempo de lectura":"3 minutos"},"schema":{"@context":"https:\/\/schema.org","@graph":[{"@type":"Article","@id":"https:\/\/www.laguiadepamplona.com\/actualidad\/planeta-danzan-el-programa-transfronterizo-que-auna-mediombiente-y-danza-trabajara-el-proximo-curso-sobre-el-cambio-climatico\/#article","isPartOf":{"@id":"https:\/\/www.laguiadepamplona.com\/actualidad\/planeta-danzan-el-programa-transfronterizo-que-auna-mediombiente-y-danza-trabajara-el-proximo-curso-sobre-el-cambio-climatico\/"},"author":{"name":"La Gu\u00eda de Pamplona","@id":"https:\/\/www.laguiadepamplona.com\/actualidad\/#\/schema\/person\/efe887376f0213d4657c93adc50b1fdb"},"headline":"\u2018Planeta Danzan\u2019, el programa transfronterizo que a\u00fana mediombiente y danza, trabajar\u00e1 el pr\u00f3ximo curso sobre el cambio clim\u00e1tico","datePublished":"2022-06-15T09:56:43+00:00","dateModified":"2023-04-11T09:48:02+00:00","mainEntityOfPage":{"@id":"https:\/\/www.laguiadepamplona.com\/actualidad\/planeta-danzan-el-programa-transfronterizo-que-auna-mediombiente-y-danza-trabajara-el-proximo-curso-sobre-el-cambio-climatico\/"},"wordCount":560,"commentCount":0,"publisher":{"@id":"https:\/\/www.laguiadepamplona.com\/actualidad\/#organization"},"image":{"@id":"https:\/\/www.laguiadepamplona.com\/actualidad\/planeta-danzan-el-programa-transfronterizo-que-auna-mediombiente-y-danza-trabajara-el-proximo-curso-sobre-el-cambio-climatico\/#primaryimage"},"thumbnailUrl":"https:\/\/www.laguiadepamplona.com\/actualidad\/wp-content\/uploads\/2022\/06\/planeta-dantzan2.jpg","articleSection":["Ayto Pamplona"],"inLanguage":"es","potentialAction":[{"@type":"CommentAction","name":"Comment","target":["https:\/\/www.laguiadepamplona.com\/actualidad\/planeta-danzan-el-programa-transfronterizo-que-auna-mediombiente-y-danza-trabajara-el-proximo-curso-sobre-el-cambio-climatico\/#respond"]}]},{"@type":"WebPage","@id":"https:\/\/www.laguiadepamplona.com\/actualidad\/planeta-danzan-el-programa-transfronterizo-que-auna-mediombiente-y-danza-trabajara-el-proximo-curso-sobre-el-cambio-climatico\/","url":"https:\/\/www.laguiadepamplona.com\/actualidad\/planeta-danzan-el-programa-transfronterizo-que-auna-mediombiente-y-danza-trabajara-el-proximo-curso-sobre-el-cambio-climatico\/","name":"\u2018Planeta Danzan\u2019, el programa transfronterizo que a\u00fana mediombiente y danza, trabajar\u00e1 el pr\u00f3ximo curso sobre el cambio clim\u00e1tico","isPartOf":{"@id":"https:\/\/www.laguiadepamplona.com\/actualidad\/#website"},"primaryImageOfPage":{"@id":"https:\/\/www.laguiadepamplona.com\/actualidad\/planeta-danzan-el-programa-transfronterizo-que-auna-mediombiente-y-danza-trabajara-el-proximo-curso-sobre-el-cambio-climatico\/#primaryimage"},"image":{"@id":"https:\/\/www.laguiadepamplona.com\/actualidad\/planeta-danzan-el-programa-transfronterizo-que-auna-mediombiente-y-danza-trabajara-el-proximo-curso-sobre-el-cambio-climatico\/#primaryimage"},"thumbnailUrl":"https:\/\/www.laguiadepamplona.com\/actualidad\/wp-content\/uploads\/2022\/06\/planeta-dantzan2.jpg","datePublished":"2022-06-15T09:56:43+00:00","dateModified":"2023-04-11T09:48:02+00:00","description":"Los centros escolares de la ciudad que imparten primer ciclo de la ESO pueden apuntarse a esta pedagog\u00eda innovadora hasta el 24 de junio","breadcrumb":{"@id":"https:\/\/www.laguiadepamplona.com\/actualidad\/planeta-danzan-el-programa-transfronterizo-que-auna-mediombiente-y-danza-trabajara-el-proximo-curso-sobre-el-cambio-climatico\/#breadcrumb"},"inLanguage":"es","potentialAction":[{"@type":"ReadAction","target":["https:\/\/www.laguiadepamplona.com\/actualidad\/planeta-danzan-el-programa-transfronterizo-que-auna-mediombiente-y-danza-trabajara-el-proximo-curso-sobre-el-cambio-climatico\/"]}]},{"@type":"ImageObject","inLanguage":"es","@id":"https:\/\/www.laguiadepamplona.com\/actualidad\/planeta-danzan-el-programa-transfronterizo-que-auna-mediombiente-y-danza-trabajara-el-proximo-curso-sobre-el-cambio-climatico\/#primaryimage","url":"https:\/\/www.laguiadepamplona.com\/actualidad\/wp-content\/uploads\/2022\/06\/planeta-dantzan2.jpg","contentUrl":"https:\/\/www.laguiadepamplona.com\/actualidad\/wp-content\/uploads\/2022\/06\/planeta-dantzan2.jpg","width":1100,"height":732},{"@type":"BreadcrumbList","@id":"https:\/\/www.laguiadepamplona.com\/actualidad\/planeta-danzan-el-programa-transfronterizo-que-auna-mediombiente-y-danza-trabajara-el-proximo-curso-sobre-el-cambio-climatico\/#breadcrumb","itemListElement":[{"@type":"ListItem","position":1,"name":"Portada","item":"https:\/\/www.laguiadepamplona.com\/actualidad\/"},{"@type":"ListItem","position":2,"name":"\u2018Planeta Danzan\u2019, el programa transfronterizo que a\u00fana mediombiente y danza, trabajar\u00e1 el pr\u00f3ximo curso sobre el cambio clim\u00e1tico"}]},{"@type":"WebSite","@id":"https:\/\/www.laguiadepamplona.com\/actualidad\/#website","url":"https:\/\/www.laguiadepamplona.com\/actualidad\/","name":"La gu\u00eda de Pamplona","description":"Noticias de Pamplona","publisher":{"@id":"https:\/\/www.laguiadepamplona.com\/actualidad\/#organization"},"potentialAction":[{"@type":"SearchAction","target":{"@type":"EntryPoint","urlTemplate":"https:\/\/www.laguiadepamplona.com\/actualidad\/?s={search_term_string}"},"query-input":{"@type":"PropertyValueSpecification","valueRequired":true,"valueName":"search_term_string"}}],"inLanguage":"es"},{"@type":"Organization","@id":"https:\/\/www.laguiadepamplona.com\/actualidad\/#organization","name":"La Gu\u00eda de Pamplona \/ Noticias","url":"https:\/\/www.laguiadepamplona.com\/actualidad\/","logo":{"@type":"ImageObject","inLanguage":"es","@id":"https:\/\/www.laguiadepamplona.com\/actualidad\/#\/schema\/logo\/image\/","url":"https:\/\/www.laguiadepamplona.com\/actualidad\/wp-content\/uploads\/2018\/11\/logo-laguiadepamplona18-web1.png","contentUrl":"https:\/\/www.laguiadepamplona.com\/actualidad\/wp-content\/uploads\/2018\/11\/logo-laguiadepamplona18-web1.png","width":600,"height":196,"caption":"La Gu\u00eda de Pamplona \/ Noticias"},"image":{"@id":"https:\/\/www.laguiadepamplona.com\/actualidad\/#\/schema\/logo\/image\/"},"sameAs":["https:\/\/www.facebook.com\/laguiadepamplonacom-133175176762273\/?ref=hl","https:\/\/x.com\/LaGuiadPamplona","https:\/\/www.instagram.com\/la_guia_de_pamplona\/","https:\/\/www.youtube.com\/user\/laguiadepamplona"]},{"@type":"Person","@id":"https:\/\/www.laguiadepamplona.com\/actualidad\/#\/schema\/person\/efe887376f0213d4657c93adc50b1fdb","name":"La Gu\u00eda de Pamplona","image":{"@type":"ImageObject","inLanguage":"es","@id":"https:\/\/secure.gravatar.com\/avatar\/b6992f131dc8d30ab0dff15446e9d346d9dbd95992de0fef795073f5ea83a81c?s=96&d=mm&r=g","url":"https:\/\/secure.gravatar.com\/avatar\/b6992f131dc8d30ab0dff15446e9d346d9dbd95992de0fef795073f5ea83a81c?s=96&d=mm&r=g","contentUrl":"https:\/\/secure.gravatar.com\/avatar\/b6992f131dc8d30ab0dff15446e9d346d9dbd95992de0fef795073f5ea83a81c?s=96&d=mm&r=g","caption":"La Gu\u00eda de Pamplona"}}]}},"post_mailing_queue_ids":[],"_links":{"self":[{"href":"https:\/\/www.laguiadepamplona.com\/actualidad\/wp-json\/wp\/v2\/posts\/40872","targetHints":{"allow":["GET"]}}],"collection":[{"href":"https:\/\/www.laguiadepamplona.com\/actualidad\/wp-json\/wp\/v2\/posts"}],"about":[{"href":"https:\/\/www.laguiadepamplona.com\/actualidad\/wp-json\/wp\/v2\/types\/post"}],"author":[{"embeddable":true,"href":"https:\/\/www.laguiadepamplona.com\/actualidad\/wp-json\/wp\/v2\/users\/1"}],"replies":[{"embeddable":true,"href":"https:\/\/www.laguiadepamplona.com\/actualidad\/wp-json\/wp\/v2\/comments?post=40872"}],"version-history":[{"count":0,"href":"https:\/\/www.laguiadepamplona.com\/actualidad\/wp-json\/wp\/v2\/posts\/40872\/revisions"}],"wp:featuredmedia":[{"embeddable":true,"href":"https:\/\/www.laguiadepamplona.com\/actualidad\/wp-json\/wp\/v2\/media\/40873"}],"wp:attachment":[{"href":"https:\/\/www.laguiadepamplona.com\/actualidad\/wp-json\/wp\/v2\/media?parent=40872"}],"wp:term":[{"taxonomy":"category","embeddable":true,"href":"https:\/\/www.laguiadepamplona.com\/actualidad\/wp-json\/wp\/v2\/categories?post=40872"},{"taxonomy":"post_tag","embeddable":true,"href":"https:\/\/www.laguiadepamplona.com\/actualidad\/wp-json\/wp\/v2\/tags?post=40872"}],"curies":[{"name":"wp","href":"https:\/\/api.w.org\/{rel}","templated":true}]}}