{"id":40863,"date":"2022-06-14T16:10:49","date_gmt":"2022-06-14T14:10:49","guid":{"rendered":"https:\/\/www.laguiadepamplona.com\/actualidad\/?p=40863"},"modified":"2023-04-11T11:48:03","modified_gmt":"2023-04-11T09:48:03","slug":"el-ayuntamiento-de-pamplona-apoya-la-jornada-de-sensibilizacion-que-manana-celebra-el-dia-mundial-de-la-toma-de-conciencia-del-abuso-y-maltrato-en-la-vejez","status":"publish","type":"post","link":"https:\/\/www.laguiadepamplona.com\/actualidad\/el-ayuntamiento-de-pamplona-apoya-la-jornada-de-sensibilizacion-que-manana-celebra-el-dia-mundial-de-la-toma-de-conciencia-del-abuso-y-maltrato-en-la-vejez\/","title":{"rendered":"El Ayuntamiento de Pamplona apoya la jornada de sensibilizaci\u00f3n que ma\u00f1ana celebra el D\u00eda Mundial de la Toma de Conciencia del Abuso y Maltrato en la Vejez"},"content":{"rendered":"<h5>La Comisi\u00f3n de Asuntos Ciudadanos aprueba una declaraci\u00f3n institucional \u201cAnte el maltrato a las personas mayores, abre los ojos\u201d<\/h5>\n<p><!--more--><\/p>\n<p>\u201cSi sospechas, comun\u00edcalo. Si lo ves, den\u00fancialo\u201d es el lema del D\u00eda Mundial de la Toma de Conciencia del Abuso y Maltrato en la Vejez y es que ma\u00f1ana, 15 de junio, se quiere recordar a la ciudadan\u00eda que no comunicar una sospecha de abuso y\/o maltrato a una persona mayor, o no denunciarlo cuando se detecte, es complicidad.<\/p>\n<p>Esta ma\u00f1ana la Comisi\u00f3n de Asuntos ciudadanos del Ayuntamiento de Pamplona ha aprobado una declaraci\u00f3n institucional en la que declara que \u201clas instituciones p\u00fablicas deben comprometerse con planes espec\u00edficos, que incluyan protocolos de prevenci\u00f3n, detecci\u00f3n e intervenci\u00f3n. La meta es el buen trato a las personas mayores, como compromiso com\u00fan de toda la sociedad. Tratar con la dignidad y el respeto al que todas las personas tenemos derecho. Tratar como nos gustar\u00eda que nos tratasen.<br \/>\n<script async src=\"\/\/pagead2.googlesyndication.com\/pagead\/js\/adsbygoogle.js\"><\/script><br \/>\n<!-- Noticias La Guia de Pamplona --><br \/>\n<ins class=\"adsbygoogle\"\nstyle=\"display:block\"\ndata-ad-client=\"ca-pub-6943679897239327\"\ndata-ad-slot=\"7048180777\"\ndata-ad-format=\"auto\"><\/ins><br \/>\n<script>\n(adsbygoogle = window.adsbygoogle || []).push({});\n<\/script><\/p>\n<p>La Asamblea General de las Naciones Unidas, en su resoluci\u00f3n 66\/127, design\u00f3 el 15 de junio como D\u00eda Mundial de Toma de Conciencia del Abuso y Maltrato en la Vejez. En esta jornada, se anima a las personas de todo el mundo a denunciar los abusos infligidos a los mayores y el sufrimiento que se les causa. As\u00ed como a escuchar y fomentar un buen trato hacia las personas mayores\u201d.<\/p>\n<p>Desde el Ayuntamiento de Pamplona se quiere apoyar esta jornada que trata de evitar unas conductas il\u00edcitas que, en muchas ocasiones est\u00e1n \u201cocultas\u201d e incluso normalizadas entre la sociedad y entre las propias personas mayores que las sufren, pero tambi\u00e9n recordar que es necesario concienciar sobre el derecho que tienen a un trato digno y ayudar a que mantengan las riendas de su vida, frente al riesgo de que otros decidan por ellas.<br \/>\n<script async src=\"\/\/pagead2.googlesyndication.com\/pagead\/js\/adsbygoogle.js\"><\/script><br \/>\n<!-- Noticias La Guia de Pamplona --><br \/>\n<ins class=\"adsbygoogle\"\nstyle=\"display:block\"\ndata-ad-client=\"ca-pub-6943679897239327\"\ndata-ad-slot=\"7048180777\"\ndata-ad-format=\"auto\"><\/ins><br \/>\n<script>\n(adsbygoogle = window.adsbygoogle || []).push({});\n<\/script><\/p>\n<p><strong>Hay recursos de apoyo en todas la comunidades<\/strong><\/p>\n<p>Aunque en cada comunidad aut\u00f3noma el abuso y maltrato a las personas mayores se puede comunicar y denunciar a distintas instituciones, el Consistorio quiere recordar que en Polic\u00eda Municipal de Pamplona hay una unidad especializada en este campo (UPAS-Unidad de Protecci\u00f3n y Atenci\u00f3n Social), y que esas denuncias se pueden interponer, tanto ante el cuerpo de polic\u00eda local, como ante la Polic\u00eda Nacional y la Guardia Civil, que tambi\u00e9n cuentan con servicios especializados.<\/p>\n<p>Pero, adem\u00e1s, lo relativo a este \u00e1mbito se aborda tambi\u00e9n desde los servicios sociales; los malos tratos se pueden verificar en los centros de salud y existen tel\u00e9fonos gratuitos para cursar las alertas por abuso y maltrato a personas mayores. Uno de ellos es el 900 65 65 66, habilitado por la Confederaci\u00f3n Estatal de Mayores activos CONFEMAC que lo tiene disponible las 24 horas, los 365 d\u00edas del a\u00f1o para responder consultas y derivar los casos a los distintos servicios de las comunidades aut\u00f3nomas.<\/p>\n<p>Desde los organizadores de esta acci\u00f3n de sensibilizaci\u00f3n se recuerda que es importante comunicarlo en cuanto se tienen sospecha de que se est\u00e1 produciendo un caso de abuso o maltrato para que el servicio responsable puede tomar cartas en el asunto. Hay muchos tipos de maltrato, f\u00edsico, afectivo, psicol\u00f3gico, por negligencia y, seg\u00fan los estudios, las personas que m\u00e1s riesgo presentan a la hora de convertirse en v\u00edctimas de esta conducta son mujeres de m\u00e1s de 75 a\u00f1os, viudas, con perfil de dependencia econ\u00f3mica o emocional y sin red social de apoyo.<br \/>\n<script async src=\"\/\/pagead2.googlesyndication.com\/pagead\/js\/adsbygoogle.js\"><\/script><br \/>\n<!-- Noticias La Guia de Pamplona --><br \/>\n<ins class=\"adsbygoogle\"\nstyle=\"display:block\"\ndata-ad-client=\"ca-pub-6943679897239327\"\ndata-ad-slot=\"7048180777\"\ndata-ad-format=\"auto\"><\/ins><br \/>\n<script>\n(adsbygoogle = window.adsbygoogle || []).push({});\n<\/script><\/p>\n<p><strong>Un problema oculto que crece de a\u00f1o en a\u00f1o<\/strong><\/p>\n<p>En el 2011 Naciones Unidas design\u00f3 el 15 de junio como D\u00eda Mundial de Toma de Conciencia del Abuso y Maltrato en la vejez, considerando que el maltrato a las personas mayores es un problema social mundial que afecta a la salud y los derechos humanos de millones de personas en todo el mundo y, por tanto, merece la atenci\u00f3n de la comunidad internacional.<\/p>\n<p>En 2017, el Departamento de Envejecimiento y Ciclo de Vida de la Organizaci\u00f3n Mundial de la Salud (OMS), se afirmaba que \u201cEl maltrato a las personas de edad est\u00e1 en aumento, causando graves consecuencias personales y sociales para los m\u00e1s de 141 millones de mayores del mundo. Se trata de una realidad que comienza a visibilizarse, pero que contin\u00faa estando oculta en la sociedad y con frecuencia queda relegada al \u00e1mbito privado. Se ha evitado hablar sobre ella y sigue siendo uno de los tipos de violencia menos tratados en estudios e investigaciones, por eso faltan datos e informaci\u00f3n que faciliten la detecci\u00f3n y la intervenci\u00f3n\u201d.<\/p>\n","protected":false},"excerpt":{"rendered":"<p>La Comisi\u00f3n de Asuntos Ciudadanos aprueba una declaraci\u00f3n institucional \u201cAnte el maltrato a las personas mayores, abre los ojos\u201d<\/p>\n","protected":false},"author":1,"featured_media":40864,"comment_status":"open","ping_status":"closed","sticky":false,"template":"","format":"standard","meta":{"footnotes":""},"categories":[2],"tags":[],"class_list":["post-40863","post","type-post","status-publish","format-standard","has-post-thumbnail","hentry","category-ayuntamiento-pamplona"],"yoast_head":"<!-- This site is optimized with the Yoast SEO plugin v27.3 - https:\/\/yoast.com\/product\/yoast-seo-wordpress\/ -->\n<title>El Ayuntamiento de Pamplona apoya la jornada de sensibilizaci\u00f3n que ma\u00f1ana celebra el D\u00eda Mundial de la Toma de Conciencia del Abuso y Maltrato en la Vejez<\/title>\n<meta name=\"description\" content=\"La Comisi\u00f3n de Asuntos Ciudadanos aprueba una declaraci\u00f3n institucional \u201cAnte el maltrato a las personas mayores, abre los ojos\u201d\" \/>\n<meta name=\"robots\" content=\"index, follow, max-snippet:-1, max-image-preview:large, max-video-preview:-1\" \/>\n<link rel=\"canonical\" href=\"https:\/\/www.laguiadepamplona.com\/actualidad\/el-ayuntamiento-de-pamplona-apoya-la-jornada-de-sensibilizacion-que-manana-celebra-el-dia-mundial-de-la-toma-de-conciencia-del-abuso-y-maltrato-en-la-vejez\/\" \/>\n<meta property=\"og:locale\" content=\"es_ES\" \/>\n<meta property=\"og:type\" content=\"article\" \/>\n<meta property=\"og:title\" content=\"El Ayuntamiento de Pamplona apoya la jornada de sensibilizaci\u00f3n que ma\u00f1ana celebra el D\u00eda Mundial de la Toma de Conciencia del Abuso y Maltrato en la Vejez\" \/>\n<meta property=\"og:description\" content=\"La Comisi\u00f3n de Asuntos Ciudadanos aprueba una declaraci\u00f3n institucional \u201cAnte el maltrato a las personas mayores, abre los ojos\u201d\" \/>\n<meta property=\"og:url\" content=\"https:\/\/www.laguiadepamplona.com\/actualidad\/el-ayuntamiento-de-pamplona-apoya-la-jornada-de-sensibilizacion-que-manana-celebra-el-dia-mundial-de-la-toma-de-conciencia-del-abuso-y-maltrato-en-la-vejez\/\" \/>\n<meta property=\"og:site_name\" content=\"La Gu\u00eda de Pamplona\" \/>\n<meta property=\"article:publisher\" content=\"https:\/\/www.facebook.com\/laguiadepamplonacom-133175176762273\/?ref=hl\" \/>\n<meta property=\"article:published_time\" content=\"2022-06-14T14:10:49+00:00\" \/>\n<meta property=\"article:modified_time\" content=\"2023-04-11T09:48:03+00:00\" \/>\n<meta property=\"og:image\" content=\"https:\/\/www.laguiadepamplona.com\/actualidad\/wp-content\/uploads\/2022\/06\/anciano_0.webp\" \/>\n\t<meta property=\"og:image:width\" content=\"1920\" \/>\n\t<meta property=\"og:image:height\" content=\"1280\" \/>\n\t<meta property=\"og:image:type\" content=\"image\/webp\" \/>\n<meta name=\"author\" content=\"La Gu\u00eda de Pamplona\" \/>\n<meta name=\"twitter:card\" content=\"summary_large_image\" \/>\n<meta name=\"twitter:creator\" content=\"@LaGuiadPamplona\" \/>\n<meta name=\"twitter:site\" content=\"@LaGuiadPamplona\" \/>\n<meta name=\"twitter:label1\" content=\"Escrito por\" \/>\n\t<meta name=\"twitter:data1\" content=\"La Gu\u00eda de Pamplona\" \/>\n\t<meta name=\"twitter:label2\" content=\"Tiempo de lectura\" \/>\n\t<meta name=\"twitter:data2\" content=\"4 minutos\" \/>\n<script type=\"application\/ld+json\" class=\"yoast-schema-graph\">{\"@context\":\"https:\\\/\\\/schema.org\",\"@graph\":[{\"@type\":\"Article\",\"@id\":\"https:\\\/\\\/www.laguiadepamplona.com\\\/actualidad\\\/el-ayuntamiento-de-pamplona-apoya-la-jornada-de-sensibilizacion-que-manana-celebra-el-dia-mundial-de-la-toma-de-conciencia-del-abuso-y-maltrato-en-la-vejez\\\/#article\",\"isPartOf\":{\"@id\":\"https:\\\/\\\/www.laguiadepamplona.com\\\/actualidad\\\/el-ayuntamiento-de-pamplona-apoya-la-jornada-de-sensibilizacion-que-manana-celebra-el-dia-mundial-de-la-toma-de-conciencia-del-abuso-y-maltrato-en-la-vejez\\\/\"},\"author\":{\"name\":\"La Gu\u00eda de Pamplona\",\"@id\":\"https:\\\/\\\/www.laguiadepamplona.com\\\/actualidad\\\/#\\\/schema\\\/person\\\/efe887376f0213d4657c93adc50b1fdb\"},\"headline\":\"El Ayuntamiento de Pamplona apoya la jornada de sensibilizaci\u00f3n que ma\u00f1ana celebra el D\u00eda Mundial de la Toma de Conciencia del Abuso y Maltrato en la Vejez\",\"datePublished\":\"2022-06-14T14:10:49+00:00\",\"dateModified\":\"2023-04-11T09:48:03+00:00\",\"mainEntityOfPage\":{\"@id\":\"https:\\\/\\\/www.laguiadepamplona.com\\\/actualidad\\\/el-ayuntamiento-de-pamplona-apoya-la-jornada-de-sensibilizacion-que-manana-celebra-el-dia-mundial-de-la-toma-de-conciencia-del-abuso-y-maltrato-en-la-vejez\\\/\"},\"wordCount\":806,\"commentCount\":0,\"publisher\":{\"@id\":\"https:\\\/\\\/www.laguiadepamplona.com\\\/actualidad\\\/#organization\"},\"image\":{\"@id\":\"https:\\\/\\\/www.laguiadepamplona.com\\\/actualidad\\\/el-ayuntamiento-de-pamplona-apoya-la-jornada-de-sensibilizacion-que-manana-celebra-el-dia-mundial-de-la-toma-de-conciencia-del-abuso-y-maltrato-en-la-vejez\\\/#primaryimage\"},\"thumbnailUrl\":\"https:\\\/\\\/www.laguiadepamplona.com\\\/actualidad\\\/wp-content\\\/uploads\\\/2022\\\/06\\\/anciano_0.webp\",\"articleSection\":[\"Ayto Pamplona\"],\"inLanguage\":\"es\",\"potentialAction\":[{\"@type\":\"CommentAction\",\"name\":\"Comment\",\"target\":[\"https:\\\/\\\/www.laguiadepamplona.com\\\/actualidad\\\/el-ayuntamiento-de-pamplona-apoya-la-jornada-de-sensibilizacion-que-manana-celebra-el-dia-mundial-de-la-toma-de-conciencia-del-abuso-y-maltrato-en-la-vejez\\\/#respond\"]}]},{\"@type\":\"WebPage\",\"@id\":\"https:\\\/\\\/www.laguiadepamplona.com\\\/actualidad\\\/el-ayuntamiento-de-pamplona-apoya-la-jornada-de-sensibilizacion-que-manana-celebra-el-dia-mundial-de-la-toma-de-conciencia-del-abuso-y-maltrato-en-la-vejez\\\/\",\"url\":\"https:\\\/\\\/www.laguiadepamplona.com\\\/actualidad\\\/el-ayuntamiento-de-pamplona-apoya-la-jornada-de-sensibilizacion-que-manana-celebra-el-dia-mundial-de-la-toma-de-conciencia-del-abuso-y-maltrato-en-la-vejez\\\/\",\"name\":\"El Ayuntamiento de Pamplona apoya la jornada de sensibilizaci\u00f3n que ma\u00f1ana celebra el D\u00eda Mundial de la Toma de Conciencia del Abuso y Maltrato en la Vejez\",\"isPartOf\":{\"@id\":\"https:\\\/\\\/www.laguiadepamplona.com\\\/actualidad\\\/#website\"},\"primaryImageOfPage\":{\"@id\":\"https:\\\/\\\/www.laguiadepamplona.com\\\/actualidad\\\/el-ayuntamiento-de-pamplona-apoya-la-jornada-de-sensibilizacion-que-manana-celebra-el-dia-mundial-de-la-toma-de-conciencia-del-abuso-y-maltrato-en-la-vejez\\\/#primaryimage\"},\"image\":{\"@id\":\"https:\\\/\\\/www.laguiadepamplona.com\\\/actualidad\\\/el-ayuntamiento-de-pamplona-apoya-la-jornada-de-sensibilizacion-que-manana-celebra-el-dia-mundial-de-la-toma-de-conciencia-del-abuso-y-maltrato-en-la-vejez\\\/#primaryimage\"},\"thumbnailUrl\":\"https:\\\/\\\/www.laguiadepamplona.com\\\/actualidad\\\/wp-content\\\/uploads\\\/2022\\\/06\\\/anciano_0.webp\",\"datePublished\":\"2022-06-14T14:10:49+00:00\",\"dateModified\":\"2023-04-11T09:48:03+00:00\",\"description\":\"La Comisi\u00f3n de Asuntos Ciudadanos aprueba una declaraci\u00f3n institucional \u201cAnte el maltrato a las personas mayores, abre los ojos\u201d\",\"breadcrumb\":{\"@id\":\"https:\\\/\\\/www.laguiadepamplona.com\\\/actualidad\\\/el-ayuntamiento-de-pamplona-apoya-la-jornada-de-sensibilizacion-que-manana-celebra-el-dia-mundial-de-la-toma-de-conciencia-del-abuso-y-maltrato-en-la-vejez\\\/#breadcrumb\"},\"inLanguage\":\"es\",\"potentialAction\":[{\"@type\":\"ReadAction\",\"target\":[\"https:\\\/\\\/www.laguiadepamplona.com\\\/actualidad\\\/el-ayuntamiento-de-pamplona-apoya-la-jornada-de-sensibilizacion-que-manana-celebra-el-dia-mundial-de-la-toma-de-conciencia-del-abuso-y-maltrato-en-la-vejez\\\/\"]}]},{\"@type\":\"ImageObject\",\"inLanguage\":\"es\",\"@id\":\"https:\\\/\\\/www.laguiadepamplona.com\\\/actualidad\\\/el-ayuntamiento-de-pamplona-apoya-la-jornada-de-sensibilizacion-que-manana-celebra-el-dia-mundial-de-la-toma-de-conciencia-del-abuso-y-maltrato-en-la-vejez\\\/#primaryimage\",\"url\":\"https:\\\/\\\/www.laguiadepamplona.com\\\/actualidad\\\/wp-content\\\/uploads\\\/2022\\\/06\\\/anciano_0.webp\",\"contentUrl\":\"https:\\\/\\\/www.laguiadepamplona.com\\\/actualidad\\\/wp-content\\\/uploads\\\/2022\\\/06\\\/anciano_0.webp\",\"width\":1920,\"height\":1280},{\"@type\":\"BreadcrumbList\",\"@id\":\"https:\\\/\\\/www.laguiadepamplona.com\\\/actualidad\\\/el-ayuntamiento-de-pamplona-apoya-la-jornada-de-sensibilizacion-que-manana-celebra-el-dia-mundial-de-la-toma-de-conciencia-del-abuso-y-maltrato-en-la-vejez\\\/#breadcrumb\",\"itemListElement\":[{\"@type\":\"ListItem\",\"position\":1,\"name\":\"Portada\",\"item\":\"https:\\\/\\\/www.laguiadepamplona.com\\\/actualidad\\\/\"},{\"@type\":\"ListItem\",\"position\":2,\"name\":\"El Ayuntamiento de Pamplona apoya la jornada de sensibilizaci\u00f3n que ma\u00f1ana celebra el D\u00eda Mundial de la Toma de Conciencia del Abuso y Maltrato en la Vejez\"}]},{\"@type\":\"WebSite\",\"@id\":\"https:\\\/\\\/www.laguiadepamplona.com\\\/actualidad\\\/#website\",\"url\":\"https:\\\/\\\/www.laguiadepamplona.com\\\/actualidad\\\/\",\"name\":\"La gu\u00eda de Pamplona\",\"description\":\"Noticias de Pamplona\",\"publisher\":{\"@id\":\"https:\\\/\\\/www.laguiadepamplona.com\\\/actualidad\\\/#organization\"},\"potentialAction\":[{\"@type\":\"SearchAction\",\"target\":{\"@type\":\"EntryPoint\",\"urlTemplate\":\"https:\\\/\\\/www.laguiadepamplona.com\\\/actualidad\\\/?s={search_term_string}\"},\"query-input\":{\"@type\":\"PropertyValueSpecification\",\"valueRequired\":true,\"valueName\":\"search_term_string\"}}],\"inLanguage\":\"es\"},{\"@type\":\"Organization\",\"@id\":\"https:\\\/\\\/www.laguiadepamplona.com\\\/actualidad\\\/#organization\",\"name\":\"La Gu\u00eda de Pamplona \\\/ Noticias\",\"url\":\"https:\\\/\\\/www.laguiadepamplona.com\\\/actualidad\\\/\",\"logo\":{\"@type\":\"ImageObject\",\"inLanguage\":\"es\",\"@id\":\"https:\\\/\\\/www.laguiadepamplona.com\\\/actualidad\\\/#\\\/schema\\\/logo\\\/image\\\/\",\"url\":\"https:\\\/\\\/www.laguiadepamplona.com\\\/actualidad\\\/wp-content\\\/uploads\\\/2018\\\/11\\\/logo-laguiadepamplona18-web1.png\",\"contentUrl\":\"https:\\\/\\\/www.laguiadepamplona.com\\\/actualidad\\\/wp-content\\\/uploads\\\/2018\\\/11\\\/logo-laguiadepamplona18-web1.png\",\"width\":600,\"height\":196,\"caption\":\"La Gu\u00eda de Pamplona \\\/ Noticias\"},\"image\":{\"@id\":\"https:\\\/\\\/www.laguiadepamplona.com\\\/actualidad\\\/#\\\/schema\\\/logo\\\/image\\\/\"},\"sameAs\":[\"https:\\\/\\\/www.facebook.com\\\/laguiadepamplonacom-133175176762273\\\/?ref=hl\",\"https:\\\/\\\/x.com\\\/LaGuiadPamplona\",\"https:\\\/\\\/www.instagram.com\\\/la_guia_de_pamplona\\\/\",\"https:\\\/\\\/www.youtube.com\\\/user\\\/laguiadepamplona\"]},{\"@type\":\"Person\",\"@id\":\"https:\\\/\\\/www.laguiadepamplona.com\\\/actualidad\\\/#\\\/schema\\\/person\\\/efe887376f0213d4657c93adc50b1fdb\",\"name\":\"La Gu\u00eda de Pamplona\",\"image\":{\"@type\":\"ImageObject\",\"inLanguage\":\"es\",\"@id\":\"https:\\\/\\\/secure.gravatar.com\\\/avatar\\\/b6992f131dc8d30ab0dff15446e9d346d9dbd95992de0fef795073f5ea83a81c?s=96&d=mm&r=g\",\"url\":\"https:\\\/\\\/secure.gravatar.com\\\/avatar\\\/b6992f131dc8d30ab0dff15446e9d346d9dbd95992de0fef795073f5ea83a81c?s=96&d=mm&r=g\",\"contentUrl\":\"https:\\\/\\\/secure.gravatar.com\\\/avatar\\\/b6992f131dc8d30ab0dff15446e9d346d9dbd95992de0fef795073f5ea83a81c?s=96&d=mm&r=g\",\"caption\":\"La Gu\u00eda de Pamplona\"}}]}<\/script>\n<!-- \/ Yoast SEO plugin. -->","yoast_head_json":{"title":"El Ayuntamiento de Pamplona apoya la jornada de sensibilizaci\u00f3n que ma\u00f1ana celebra el D\u00eda Mundial de la Toma de Conciencia del Abuso y Maltrato en la Vejez","description":"La Comisi\u00f3n de Asuntos Ciudadanos aprueba una declaraci\u00f3n institucional \u201cAnte el maltrato a las personas mayores, abre los ojos\u201d","robots":{"index":"index","follow":"follow","max-snippet":"max-snippet:-1","max-image-preview":"max-image-preview:large","max-video-preview":"max-video-preview:-1"},"canonical":"https:\/\/www.laguiadepamplona.com\/actualidad\/el-ayuntamiento-de-pamplona-apoya-la-jornada-de-sensibilizacion-que-manana-celebra-el-dia-mundial-de-la-toma-de-conciencia-del-abuso-y-maltrato-en-la-vejez\/","og_locale":"es_ES","og_type":"article","og_title":"El Ayuntamiento de Pamplona apoya la jornada de sensibilizaci\u00f3n que ma\u00f1ana celebra el D\u00eda Mundial de la Toma de Conciencia del Abuso y Maltrato en la Vejez","og_description":"La Comisi\u00f3n de Asuntos Ciudadanos aprueba una declaraci\u00f3n institucional \u201cAnte el maltrato a las personas mayores, abre los ojos\u201d","og_url":"https:\/\/www.laguiadepamplona.com\/actualidad\/el-ayuntamiento-de-pamplona-apoya-la-jornada-de-sensibilizacion-que-manana-celebra-el-dia-mundial-de-la-toma-de-conciencia-del-abuso-y-maltrato-en-la-vejez\/","og_site_name":"La Gu\u00eda de Pamplona","article_publisher":"https:\/\/www.facebook.com\/laguiadepamplonacom-133175176762273\/?ref=hl","article_published_time":"2022-06-14T14:10:49+00:00","article_modified_time":"2023-04-11T09:48:03+00:00","og_image":[{"width":1920,"height":1280,"url":"https:\/\/www.laguiadepamplona.com\/actualidad\/wp-content\/uploads\/2022\/06\/anciano_0.webp","type":"image\/webp"}],"author":"La Gu\u00eda de Pamplona","twitter_card":"summary_large_image","twitter_creator":"@LaGuiadPamplona","twitter_site":"@LaGuiadPamplona","twitter_misc":{"Escrito por":"La Gu\u00eda de Pamplona","Tiempo de lectura":"4 minutos"},"schema":{"@context":"https:\/\/schema.org","@graph":[{"@type":"Article","@id":"https:\/\/www.laguiadepamplona.com\/actualidad\/el-ayuntamiento-de-pamplona-apoya-la-jornada-de-sensibilizacion-que-manana-celebra-el-dia-mundial-de-la-toma-de-conciencia-del-abuso-y-maltrato-en-la-vejez\/#article","isPartOf":{"@id":"https:\/\/www.laguiadepamplona.com\/actualidad\/el-ayuntamiento-de-pamplona-apoya-la-jornada-de-sensibilizacion-que-manana-celebra-el-dia-mundial-de-la-toma-de-conciencia-del-abuso-y-maltrato-en-la-vejez\/"},"author":{"name":"La Gu\u00eda de Pamplona","@id":"https:\/\/www.laguiadepamplona.com\/actualidad\/#\/schema\/person\/efe887376f0213d4657c93adc50b1fdb"},"headline":"El Ayuntamiento de Pamplona apoya la jornada de sensibilizaci\u00f3n que ma\u00f1ana celebra el D\u00eda Mundial de la Toma de Conciencia del Abuso y Maltrato en la Vejez","datePublished":"2022-06-14T14:10:49+00:00","dateModified":"2023-04-11T09:48:03+00:00","mainEntityOfPage":{"@id":"https:\/\/www.laguiadepamplona.com\/actualidad\/el-ayuntamiento-de-pamplona-apoya-la-jornada-de-sensibilizacion-que-manana-celebra-el-dia-mundial-de-la-toma-de-conciencia-del-abuso-y-maltrato-en-la-vejez\/"},"wordCount":806,"commentCount":0,"publisher":{"@id":"https:\/\/www.laguiadepamplona.com\/actualidad\/#organization"},"image":{"@id":"https:\/\/www.laguiadepamplona.com\/actualidad\/el-ayuntamiento-de-pamplona-apoya-la-jornada-de-sensibilizacion-que-manana-celebra-el-dia-mundial-de-la-toma-de-conciencia-del-abuso-y-maltrato-en-la-vejez\/#primaryimage"},"thumbnailUrl":"https:\/\/www.laguiadepamplona.com\/actualidad\/wp-content\/uploads\/2022\/06\/anciano_0.webp","articleSection":["Ayto Pamplona"],"inLanguage":"es","potentialAction":[{"@type":"CommentAction","name":"Comment","target":["https:\/\/www.laguiadepamplona.com\/actualidad\/el-ayuntamiento-de-pamplona-apoya-la-jornada-de-sensibilizacion-que-manana-celebra-el-dia-mundial-de-la-toma-de-conciencia-del-abuso-y-maltrato-en-la-vejez\/#respond"]}]},{"@type":"WebPage","@id":"https:\/\/www.laguiadepamplona.com\/actualidad\/el-ayuntamiento-de-pamplona-apoya-la-jornada-de-sensibilizacion-que-manana-celebra-el-dia-mundial-de-la-toma-de-conciencia-del-abuso-y-maltrato-en-la-vejez\/","url":"https:\/\/www.laguiadepamplona.com\/actualidad\/el-ayuntamiento-de-pamplona-apoya-la-jornada-de-sensibilizacion-que-manana-celebra-el-dia-mundial-de-la-toma-de-conciencia-del-abuso-y-maltrato-en-la-vejez\/","name":"El Ayuntamiento de Pamplona apoya la jornada de sensibilizaci\u00f3n que ma\u00f1ana celebra el D\u00eda Mundial de la Toma de Conciencia del Abuso y Maltrato en la Vejez","isPartOf":{"@id":"https:\/\/www.laguiadepamplona.com\/actualidad\/#website"},"primaryImageOfPage":{"@id":"https:\/\/www.laguiadepamplona.com\/actualidad\/el-ayuntamiento-de-pamplona-apoya-la-jornada-de-sensibilizacion-que-manana-celebra-el-dia-mundial-de-la-toma-de-conciencia-del-abuso-y-maltrato-en-la-vejez\/#primaryimage"},"image":{"@id":"https:\/\/www.laguiadepamplona.com\/actualidad\/el-ayuntamiento-de-pamplona-apoya-la-jornada-de-sensibilizacion-que-manana-celebra-el-dia-mundial-de-la-toma-de-conciencia-del-abuso-y-maltrato-en-la-vejez\/#primaryimage"},"thumbnailUrl":"https:\/\/www.laguiadepamplona.com\/actualidad\/wp-content\/uploads\/2022\/06\/anciano_0.webp","datePublished":"2022-06-14T14:10:49+00:00","dateModified":"2023-04-11T09:48:03+00:00","description":"La Comisi\u00f3n de Asuntos Ciudadanos aprueba una declaraci\u00f3n institucional \u201cAnte el maltrato a las personas mayores, abre los ojos\u201d","breadcrumb":{"@id":"https:\/\/www.laguiadepamplona.com\/actualidad\/el-ayuntamiento-de-pamplona-apoya-la-jornada-de-sensibilizacion-que-manana-celebra-el-dia-mundial-de-la-toma-de-conciencia-del-abuso-y-maltrato-en-la-vejez\/#breadcrumb"},"inLanguage":"es","potentialAction":[{"@type":"ReadAction","target":["https:\/\/www.laguiadepamplona.com\/actualidad\/el-ayuntamiento-de-pamplona-apoya-la-jornada-de-sensibilizacion-que-manana-celebra-el-dia-mundial-de-la-toma-de-conciencia-del-abuso-y-maltrato-en-la-vejez\/"]}]},{"@type":"ImageObject","inLanguage":"es","@id":"https:\/\/www.laguiadepamplona.com\/actualidad\/el-ayuntamiento-de-pamplona-apoya-la-jornada-de-sensibilizacion-que-manana-celebra-el-dia-mundial-de-la-toma-de-conciencia-del-abuso-y-maltrato-en-la-vejez\/#primaryimage","url":"https:\/\/www.laguiadepamplona.com\/actualidad\/wp-content\/uploads\/2022\/06\/anciano_0.webp","contentUrl":"https:\/\/www.laguiadepamplona.com\/actualidad\/wp-content\/uploads\/2022\/06\/anciano_0.webp","width":1920,"height":1280},{"@type":"BreadcrumbList","@id":"https:\/\/www.laguiadepamplona.com\/actualidad\/el-ayuntamiento-de-pamplona-apoya-la-jornada-de-sensibilizacion-que-manana-celebra-el-dia-mundial-de-la-toma-de-conciencia-del-abuso-y-maltrato-en-la-vejez\/#breadcrumb","itemListElement":[{"@type":"ListItem","position":1,"name":"Portada","item":"https:\/\/www.laguiadepamplona.com\/actualidad\/"},{"@type":"ListItem","position":2,"name":"El Ayuntamiento de Pamplona apoya la jornada de sensibilizaci\u00f3n que ma\u00f1ana celebra el D\u00eda Mundial de la Toma de Conciencia del Abuso y Maltrato en la Vejez"}]},{"@type":"WebSite","@id":"https:\/\/www.laguiadepamplona.com\/actualidad\/#website","url":"https:\/\/www.laguiadepamplona.com\/actualidad\/","name":"La gu\u00eda de Pamplona","description":"Noticias de Pamplona","publisher":{"@id":"https:\/\/www.laguiadepamplona.com\/actualidad\/#organization"},"potentialAction":[{"@type":"SearchAction","target":{"@type":"EntryPoint","urlTemplate":"https:\/\/www.laguiadepamplona.com\/actualidad\/?s={search_term_string}"},"query-input":{"@type":"PropertyValueSpecification","valueRequired":true,"valueName":"search_term_string"}}],"inLanguage":"es"},{"@type":"Organization","@id":"https:\/\/www.laguiadepamplona.com\/actualidad\/#organization","name":"La Gu\u00eda de Pamplona \/ Noticias","url":"https:\/\/www.laguiadepamplona.com\/actualidad\/","logo":{"@type":"ImageObject","inLanguage":"es","@id":"https:\/\/www.laguiadepamplona.com\/actualidad\/#\/schema\/logo\/image\/","url":"https:\/\/www.laguiadepamplona.com\/actualidad\/wp-content\/uploads\/2018\/11\/logo-laguiadepamplona18-web1.png","contentUrl":"https:\/\/www.laguiadepamplona.com\/actualidad\/wp-content\/uploads\/2018\/11\/logo-laguiadepamplona18-web1.png","width":600,"height":196,"caption":"La Gu\u00eda de Pamplona \/ Noticias"},"image":{"@id":"https:\/\/www.laguiadepamplona.com\/actualidad\/#\/schema\/logo\/image\/"},"sameAs":["https:\/\/www.facebook.com\/laguiadepamplonacom-133175176762273\/?ref=hl","https:\/\/x.com\/LaGuiadPamplona","https:\/\/www.instagram.com\/la_guia_de_pamplona\/","https:\/\/www.youtube.com\/user\/laguiadepamplona"]},{"@type":"Person","@id":"https:\/\/www.laguiadepamplona.com\/actualidad\/#\/schema\/person\/efe887376f0213d4657c93adc50b1fdb","name":"La Gu\u00eda de Pamplona","image":{"@type":"ImageObject","inLanguage":"es","@id":"https:\/\/secure.gravatar.com\/avatar\/b6992f131dc8d30ab0dff15446e9d346d9dbd95992de0fef795073f5ea83a81c?s=96&d=mm&r=g","url":"https:\/\/secure.gravatar.com\/avatar\/b6992f131dc8d30ab0dff15446e9d346d9dbd95992de0fef795073f5ea83a81c?s=96&d=mm&r=g","contentUrl":"https:\/\/secure.gravatar.com\/avatar\/b6992f131dc8d30ab0dff15446e9d346d9dbd95992de0fef795073f5ea83a81c?s=96&d=mm&r=g","caption":"La Gu\u00eda de Pamplona"}}]}},"post_mailing_queue_ids":[],"_links":{"self":[{"href":"https:\/\/www.laguiadepamplona.com\/actualidad\/wp-json\/wp\/v2\/posts\/40863","targetHints":{"allow":["GET"]}}],"collection":[{"href":"https:\/\/www.laguiadepamplona.com\/actualidad\/wp-json\/wp\/v2\/posts"}],"about":[{"href":"https:\/\/www.laguiadepamplona.com\/actualidad\/wp-json\/wp\/v2\/types\/post"}],"author":[{"embeddable":true,"href":"https:\/\/www.laguiadepamplona.com\/actualidad\/wp-json\/wp\/v2\/users\/1"}],"replies":[{"embeddable":true,"href":"https:\/\/www.laguiadepamplona.com\/actualidad\/wp-json\/wp\/v2\/comments?post=40863"}],"version-history":[{"count":0,"href":"https:\/\/www.laguiadepamplona.com\/actualidad\/wp-json\/wp\/v2\/posts\/40863\/revisions"}],"wp:featuredmedia":[{"embeddable":true,"href":"https:\/\/www.laguiadepamplona.com\/actualidad\/wp-json\/wp\/v2\/media\/40864"}],"wp:attachment":[{"href":"https:\/\/www.laguiadepamplona.com\/actualidad\/wp-json\/wp\/v2\/media?parent=40863"}],"wp:term":[{"taxonomy":"category","embeddable":true,"href":"https:\/\/www.laguiadepamplona.com\/actualidad\/wp-json\/wp\/v2\/categories?post=40863"},{"taxonomy":"post_tag","embeddable":true,"href":"https:\/\/www.laguiadepamplona.com\/actualidad\/wp-json\/wp\/v2\/tags?post=40863"}],"curies":[{"name":"wp","href":"https:\/\/api.w.org\/{rel}","templated":true}]}}