{"id":40860,"date":"2022-06-14T13:32:28","date_gmt":"2022-06-14T11:32:28","guid":{"rendered":"https:\/\/www.laguiadepamplona.com\/actualidad\/?p=40860"},"modified":"2023-04-11T11:48:03","modified_gmt":"2023-04-11T09:48:03","slug":"las-piscinas-municipales-del-complejo-deportivo-aranzadi-inician-manana-miercoles-la-temporada-de-verano-sin-restricciones-derivadas-de-la-pandemia-de-la-covid-19","status":"publish","type":"post","link":"https:\/\/www.laguiadepamplona.com\/actualidad\/las-piscinas-municipales-del-complejo-deportivo-aranzadi-inician-manana-miercoles-la-temporada-de-verano-sin-restricciones-derivadas-de-la-pandemia-de-la-covid-19\/","title":{"rendered":"Las piscinas municipales del Complejo Deportivo Aranzadi inician ma\u00f1ana mi\u00e9rcoles la temporada de verano sin restricciones derivadas de la pandemia de la COVID-19"},"content":{"rendered":"<h5>A final de semana se activar\u00e1 la puerta de San Pedro como entrada para accesos con abono actualizado o entrada diaria adquirida online<\/h5>\n<p><!--more--><\/p>\n<p>Coincidiendo con la llegada de la primera ola de calor del a\u00f1o, ma\u00f1ana mi\u00e9rcoles abren al p\u00fablico las piscinas exteriores del Complejo Deportivo Aranzadi. Comienza as\u00ed la temporada de verano que se prolongar\u00e1 hasta el 7 de septiembre, sin ninguna restricci\u00f3n derivada de la pandemia de la COVID-19 despu\u00e9s de dos a\u00f1os. Todas las dotaciones del complejo est\u00e1n disponibles tras el trabajo realizado tambi\u00e9n desde diciembre cuando las instalaciones quedaron anegadas por las inundaciones.<br \/>\n<script async src=\"\/\/pagead2.googlesyndication.com\/pagead\/js\/adsbygoogle.js\"><\/script><br \/>\n<!-- Noticias La Guia de Pamplona --><br \/>\n<ins class=\"adsbygoogle\"\nstyle=\"display:block\"\ndata-ad-client=\"ca-pub-6943679897239327\"\ndata-ad-slot=\"7048180777\"\ndata-ad-format=\"auto\"><\/ins><br \/>\n<script>\n(adsbygoogle = window.adsbygoogle || []).push({});\n<\/script><\/p>\n<p>El Ayuntamiento de Pamplona est\u00e1 ultimando la reapertura de la puerta de San Pedro como acceso a las instalaciones. La puerta ha permanecido cerrada en los dos a\u00f1os de pandemia. Los retrasos en el suministro de materiales para habilitarla han provocado que haya que esperar, previsiblemente, a finales de semana para poder entrar por ah\u00ed. Se est\u00e1 trabajando en la instalaci\u00f3n de un molinete de acceso para permitir\u00e1 entrar siempre que se cuente con el abono actualizado o con compra de entrada diaria online.<\/p>\n<p>Un a\u00f1o m\u00e1s, la apertura y el cierre de la temporada de verano en las dos piscinas municipales se lleva a cabo de forma escalonada. Aranzadi abre del 15 de junio al 7 de septiembre y Aquavox San Jorge se pone en marcha y cierra una semana despu\u00e9s, es decir, del 22 de junio al 14 de septiembre. Ambas instalaciones cuentan con piscinas exteriores, zona verde, asadores, bar restaurante y gimnasio. El Ayuntamiento de Pamplona recuerda la obligatoriedad de cumplir el <a href=\"https:\/\/www.pamplona.es\/sites\/default\/files\/2019-01\/1_1_1_3_Reglamento_uso_inst_deps_municipales.pdf\" target=\"_blank\" rel=\"noopener\">Reglamento de uso de las instalaciones<\/a>, as\u00ed como las instrucciones de uso de los asadores.<\/p>\n<p>El Complejo Deportivo Aranzadi cuenta, adem\u00e1s, con pista polideportiva, front\u00f3n y pistas de p\u00e1del. La piscina climatizada de Aranzadi permanecer\u00e1 abierta del 15 de junio al 5 de julio, ambos inclusive, y del 15 de julio al 19 de agosto, en horario todos estos d\u00edas de 10 a 20.30 horas, de lunes a viernes.<br \/>\n<script async src=\"\/\/pagead2.googlesyndication.com\/pagead\/js\/adsbygoogle.js\"><\/script><br \/>\n<!-- Noticias La Guia de Pamplona --><br \/>\n<ins class=\"adsbygoogle\"\nstyle=\"display:block\"\ndata-ad-client=\"ca-pub-6943679897239327\"\ndata-ad-slot=\"7048180777\"\ndata-ad-format=\"auto\"><\/ins><br \/>\n<script>\n(adsbygoogle = window.adsbygoogle || []).push({});\n<\/script><\/p>\n<p><strong>Venta de abonos online<\/strong><\/p>\n<p>Los abonos y las entradas para esta temporada de verano en las piscinas municipales mantienen los precios del a\u00f1o anterior. Las personas interesadas en sacarse tanto abono como entradas diarias deben hacerlo de forma online en <a href=\"https:\/\/aranzadi.provis.es\" target=\"_blank\" rel=\"noopener\">https:\/\/aranzadi.provis.es<\/a>. Esta direcci\u00f3n lleva a una pasarela segura de pago desde la que adquirir los abonos o las entradas usando un n\u00famero de tarjeta de cr\u00e9dito. Las personas con derecho a descuentos deber\u00e1n hacer el tr\u00e1mite previo de enviar la documentaci\u00f3n necesaria para acreditar el derecho a esa tarifa a los correos electr\u00f3nicos <a href=\"mailto:descuentossanjorge@sedena.es\">descuentossanjorge@sedena.es<\/a> o <a href=\"mailto:descuentosaranzadi@serveo.com\">descuentosaranzadi@serveo.com<\/a>.<\/p>\n<p>El abono de verano para personas entre 25 y 64 a\u00f1os tiene un precio de 80,75 euros; para j\u00f3venes entre 14 y 24 a\u00f1os cuesta 60,50 euros; y para mayores de 65 a\u00f1os y menores de 13 el precio es de 40,30 euros. De forma online, en ese mismo enlace, se podr\u00e1n adquirir tambi\u00e9n las entradas diarias, que igualmente han mantenido el mismo precio que en 2021. La entrada diaria para personas entre 25 y 64 a\u00f1os cuesta 4,45 euros (5,50 euros domingos y festivos), para personas entre 14 y 24 a\u00f1os 3,05 euros (3,90 euros domingos y festivos) y para mayores de 65 a\u00f1os y menores de 13 a\u00f1os el precio es de 2,70 euros cualquier d\u00eda, ya sea laborable, domingo o festivo.<\/p>\n","protected":false},"excerpt":{"rendered":"<p>A final de semana se activar\u00e1 la puerta de San Pedro como entrada para accesos con abono actualizado o entrada diaria adquirida online<\/p>\n","protected":false},"author":1,"featured_media":40861,"comment_status":"open","ping_status":"closed","sticky":false,"template":"","format":"standard","meta":{"footnotes":""},"categories":[2],"tags":[],"class_list":["post-40860","post","type-post","status-publish","format-standard","has-post-thumbnail","hentry","category-ayuntamiento-pamplona"],"yoast_head":"<!-- This site is optimized with the Yoast SEO plugin v27.3 - https:\/\/yoast.com\/product\/yoast-seo-wordpress\/ -->\n<title>Las piscinas municipales del Complejo Deportivo Aranzadi inician ma\u00f1ana mi\u00e9rcoles la temporada de verano sin restricciones derivadas de la pandemia de la COVID-19<\/title>\n<meta name=\"description\" content=\"A final de semana se activar\u00e1 la puerta de San Pedro como entrada para accesos con abono actualizado o entrada diaria adquirida online\" \/>\n<meta name=\"robots\" content=\"index, follow, max-snippet:-1, max-image-preview:large, max-video-preview:-1\" \/>\n<link rel=\"canonical\" href=\"https:\/\/www.laguiadepamplona.com\/actualidad\/las-piscinas-municipales-del-complejo-deportivo-aranzadi-inician-manana-miercoles-la-temporada-de-verano-sin-restricciones-derivadas-de-la-pandemia-de-la-covid-19\/\" \/>\n<meta property=\"og:locale\" content=\"es_ES\" \/>\n<meta property=\"og:type\" content=\"article\" \/>\n<meta property=\"og:title\" content=\"Las piscinas municipales del Complejo Deportivo Aranzadi inician ma\u00f1ana mi\u00e9rcoles la temporada de verano sin restricciones derivadas de la pandemia de la COVID-19\" \/>\n<meta property=\"og:description\" content=\"A final de semana se activar\u00e1 la puerta de San Pedro como entrada para accesos con abono actualizado o entrada diaria adquirida online\" \/>\n<meta property=\"og:url\" content=\"https:\/\/www.laguiadepamplona.com\/actualidad\/las-piscinas-municipales-del-complejo-deportivo-aranzadi-inician-manana-miercoles-la-temporada-de-verano-sin-restricciones-derivadas-de-la-pandemia-de-la-covid-19\/\" \/>\n<meta property=\"og:site_name\" content=\"La Gu\u00eda de Pamplona\" \/>\n<meta property=\"article:publisher\" content=\"https:\/\/www.facebook.com\/laguiadepamplonacom-133175176762273\/?ref=hl\" \/>\n<meta property=\"article:published_time\" content=\"2022-06-14T11:32:28+00:00\" \/>\n<meta property=\"article:modified_time\" content=\"2023-04-11T09:48:03+00:00\" \/>\n<meta property=\"og:image\" content=\"https:\/\/www.laguiadepamplona.com\/actualidad\/wp-content\/uploads\/2022\/06\/aranzadi_JGV9379.webp\" \/>\n\t<meta property=\"og:image:width\" content=\"1920\" \/>\n\t<meta property=\"og:image:height\" content=\"1280\" \/>\n\t<meta property=\"og:image:type\" content=\"image\/webp\" \/>\n<meta name=\"author\" content=\"La Gu\u00eda de Pamplona\" \/>\n<meta name=\"twitter:card\" content=\"summary_large_image\" \/>\n<meta name=\"twitter:creator\" content=\"@LaGuiadPamplona\" \/>\n<meta name=\"twitter:site\" content=\"@LaGuiadPamplona\" \/>\n<meta name=\"twitter:label1\" content=\"Escrito por\" \/>\n\t<meta name=\"twitter:data1\" content=\"La Gu\u00eda de Pamplona\" \/>\n\t<meta name=\"twitter:label2\" content=\"Tiempo de lectura\" \/>\n\t<meta name=\"twitter:data2\" content=\"3 minutos\" \/>\n<script type=\"application\/ld+json\" class=\"yoast-schema-graph\">{\"@context\":\"https:\\\/\\\/schema.org\",\"@graph\":[{\"@type\":\"Article\",\"@id\":\"https:\\\/\\\/www.laguiadepamplona.com\\\/actualidad\\\/las-piscinas-municipales-del-complejo-deportivo-aranzadi-inician-manana-miercoles-la-temporada-de-verano-sin-restricciones-derivadas-de-la-pandemia-de-la-covid-19\\\/#article\",\"isPartOf\":{\"@id\":\"https:\\\/\\\/www.laguiadepamplona.com\\\/actualidad\\\/las-piscinas-municipales-del-complejo-deportivo-aranzadi-inician-manana-miercoles-la-temporada-de-verano-sin-restricciones-derivadas-de-la-pandemia-de-la-covid-19\\\/\"},\"author\":{\"name\":\"La Gu\u00eda de Pamplona\",\"@id\":\"https:\\\/\\\/www.laguiadepamplona.com\\\/actualidad\\\/#\\\/schema\\\/person\\\/efe887376f0213d4657c93adc50b1fdb\"},\"headline\":\"Las piscinas municipales del Complejo Deportivo Aranzadi inician ma\u00f1ana mi\u00e9rcoles la temporada de verano sin restricciones derivadas de la pandemia de la COVID-19\",\"datePublished\":\"2022-06-14T11:32:28+00:00\",\"dateModified\":\"2023-04-11T09:48:03+00:00\",\"mainEntityOfPage\":{\"@id\":\"https:\\\/\\\/www.laguiadepamplona.com\\\/actualidad\\\/las-piscinas-municipales-del-complejo-deportivo-aranzadi-inician-manana-miercoles-la-temporada-de-verano-sin-restricciones-derivadas-de-la-pandemia-de-la-covid-19\\\/\"},\"wordCount\":588,\"commentCount\":0,\"publisher\":{\"@id\":\"https:\\\/\\\/www.laguiadepamplona.com\\\/actualidad\\\/#organization\"},\"image\":{\"@id\":\"https:\\\/\\\/www.laguiadepamplona.com\\\/actualidad\\\/las-piscinas-municipales-del-complejo-deportivo-aranzadi-inician-manana-miercoles-la-temporada-de-verano-sin-restricciones-derivadas-de-la-pandemia-de-la-covid-19\\\/#primaryimage\"},\"thumbnailUrl\":\"https:\\\/\\\/www.laguiadepamplona.com\\\/actualidad\\\/wp-content\\\/uploads\\\/2022\\\/06\\\/aranzadi_JGV9379.webp\",\"articleSection\":[\"Ayto Pamplona\"],\"inLanguage\":\"es\",\"potentialAction\":[{\"@type\":\"CommentAction\",\"name\":\"Comment\",\"target\":[\"https:\\\/\\\/www.laguiadepamplona.com\\\/actualidad\\\/las-piscinas-municipales-del-complejo-deportivo-aranzadi-inician-manana-miercoles-la-temporada-de-verano-sin-restricciones-derivadas-de-la-pandemia-de-la-covid-19\\\/#respond\"]}]},{\"@type\":\"WebPage\",\"@id\":\"https:\\\/\\\/www.laguiadepamplona.com\\\/actualidad\\\/las-piscinas-municipales-del-complejo-deportivo-aranzadi-inician-manana-miercoles-la-temporada-de-verano-sin-restricciones-derivadas-de-la-pandemia-de-la-covid-19\\\/\",\"url\":\"https:\\\/\\\/www.laguiadepamplona.com\\\/actualidad\\\/las-piscinas-municipales-del-complejo-deportivo-aranzadi-inician-manana-miercoles-la-temporada-de-verano-sin-restricciones-derivadas-de-la-pandemia-de-la-covid-19\\\/\",\"name\":\"Las piscinas municipales del Complejo Deportivo Aranzadi inician ma\u00f1ana mi\u00e9rcoles la temporada de verano sin restricciones derivadas de la pandemia de la COVID-19\",\"isPartOf\":{\"@id\":\"https:\\\/\\\/www.laguiadepamplona.com\\\/actualidad\\\/#website\"},\"primaryImageOfPage\":{\"@id\":\"https:\\\/\\\/www.laguiadepamplona.com\\\/actualidad\\\/las-piscinas-municipales-del-complejo-deportivo-aranzadi-inician-manana-miercoles-la-temporada-de-verano-sin-restricciones-derivadas-de-la-pandemia-de-la-covid-19\\\/#primaryimage\"},\"image\":{\"@id\":\"https:\\\/\\\/www.laguiadepamplona.com\\\/actualidad\\\/las-piscinas-municipales-del-complejo-deportivo-aranzadi-inician-manana-miercoles-la-temporada-de-verano-sin-restricciones-derivadas-de-la-pandemia-de-la-covid-19\\\/#primaryimage\"},\"thumbnailUrl\":\"https:\\\/\\\/www.laguiadepamplona.com\\\/actualidad\\\/wp-content\\\/uploads\\\/2022\\\/06\\\/aranzadi_JGV9379.webp\",\"datePublished\":\"2022-06-14T11:32:28+00:00\",\"dateModified\":\"2023-04-11T09:48:03+00:00\",\"description\":\"A final de semana se activar\u00e1 la puerta de San Pedro como entrada para accesos con abono actualizado o entrada diaria adquirida online\",\"breadcrumb\":{\"@id\":\"https:\\\/\\\/www.laguiadepamplona.com\\\/actualidad\\\/las-piscinas-municipales-del-complejo-deportivo-aranzadi-inician-manana-miercoles-la-temporada-de-verano-sin-restricciones-derivadas-de-la-pandemia-de-la-covid-19\\\/#breadcrumb\"},\"inLanguage\":\"es\",\"potentialAction\":[{\"@type\":\"ReadAction\",\"target\":[\"https:\\\/\\\/www.laguiadepamplona.com\\\/actualidad\\\/las-piscinas-municipales-del-complejo-deportivo-aranzadi-inician-manana-miercoles-la-temporada-de-verano-sin-restricciones-derivadas-de-la-pandemia-de-la-covid-19\\\/\"]}]},{\"@type\":\"ImageObject\",\"inLanguage\":\"es\",\"@id\":\"https:\\\/\\\/www.laguiadepamplona.com\\\/actualidad\\\/las-piscinas-municipales-del-complejo-deportivo-aranzadi-inician-manana-miercoles-la-temporada-de-verano-sin-restricciones-derivadas-de-la-pandemia-de-la-covid-19\\\/#primaryimage\",\"url\":\"https:\\\/\\\/www.laguiadepamplona.com\\\/actualidad\\\/wp-content\\\/uploads\\\/2022\\\/06\\\/aranzadi_JGV9379.webp\",\"contentUrl\":\"https:\\\/\\\/www.laguiadepamplona.com\\\/actualidad\\\/wp-content\\\/uploads\\\/2022\\\/06\\\/aranzadi_JGV9379.webp\",\"width\":1920,\"height\":1280,\"caption\":\"aranzadi\"},{\"@type\":\"BreadcrumbList\",\"@id\":\"https:\\\/\\\/www.laguiadepamplona.com\\\/actualidad\\\/las-piscinas-municipales-del-complejo-deportivo-aranzadi-inician-manana-miercoles-la-temporada-de-verano-sin-restricciones-derivadas-de-la-pandemia-de-la-covid-19\\\/#breadcrumb\",\"itemListElement\":[{\"@type\":\"ListItem\",\"position\":1,\"name\":\"Portada\",\"item\":\"https:\\\/\\\/www.laguiadepamplona.com\\\/actualidad\\\/\"},{\"@type\":\"ListItem\",\"position\":2,\"name\":\"Las piscinas municipales del Complejo Deportivo Aranzadi inician ma\u00f1ana mi\u00e9rcoles la temporada de verano sin restricciones derivadas de la pandemia de la COVID-19\"}]},{\"@type\":\"WebSite\",\"@id\":\"https:\\\/\\\/www.laguiadepamplona.com\\\/actualidad\\\/#website\",\"url\":\"https:\\\/\\\/www.laguiadepamplona.com\\\/actualidad\\\/\",\"name\":\"La gu\u00eda de Pamplona\",\"description\":\"Noticias de Pamplona\",\"publisher\":{\"@id\":\"https:\\\/\\\/www.laguiadepamplona.com\\\/actualidad\\\/#organization\"},\"potentialAction\":[{\"@type\":\"SearchAction\",\"target\":{\"@type\":\"EntryPoint\",\"urlTemplate\":\"https:\\\/\\\/www.laguiadepamplona.com\\\/actualidad\\\/?s={search_term_string}\"},\"query-input\":{\"@type\":\"PropertyValueSpecification\",\"valueRequired\":true,\"valueName\":\"search_term_string\"}}],\"inLanguage\":\"es\"},{\"@type\":\"Organization\",\"@id\":\"https:\\\/\\\/www.laguiadepamplona.com\\\/actualidad\\\/#organization\",\"name\":\"La Gu\u00eda de Pamplona \\\/ Noticias\",\"url\":\"https:\\\/\\\/www.laguiadepamplona.com\\\/actualidad\\\/\",\"logo\":{\"@type\":\"ImageObject\",\"inLanguage\":\"es\",\"@id\":\"https:\\\/\\\/www.laguiadepamplona.com\\\/actualidad\\\/#\\\/schema\\\/logo\\\/image\\\/\",\"url\":\"https:\\\/\\\/www.laguiadepamplona.com\\\/actualidad\\\/wp-content\\\/uploads\\\/2018\\\/11\\\/logo-laguiadepamplona18-web1.png\",\"contentUrl\":\"https:\\\/\\\/www.laguiadepamplona.com\\\/actualidad\\\/wp-content\\\/uploads\\\/2018\\\/11\\\/logo-laguiadepamplona18-web1.png\",\"width\":600,\"height\":196,\"caption\":\"La Gu\u00eda de Pamplona \\\/ Noticias\"},\"image\":{\"@id\":\"https:\\\/\\\/www.laguiadepamplona.com\\\/actualidad\\\/#\\\/schema\\\/logo\\\/image\\\/\"},\"sameAs\":[\"https:\\\/\\\/www.facebook.com\\\/laguiadepamplonacom-133175176762273\\\/?ref=hl\",\"https:\\\/\\\/x.com\\\/LaGuiadPamplona\",\"https:\\\/\\\/www.instagram.com\\\/la_guia_de_pamplona\\\/\",\"https:\\\/\\\/www.youtube.com\\\/user\\\/laguiadepamplona\"]},{\"@type\":\"Person\",\"@id\":\"https:\\\/\\\/www.laguiadepamplona.com\\\/actualidad\\\/#\\\/schema\\\/person\\\/efe887376f0213d4657c93adc50b1fdb\",\"name\":\"La Gu\u00eda de Pamplona\",\"image\":{\"@type\":\"ImageObject\",\"inLanguage\":\"es\",\"@id\":\"https:\\\/\\\/secure.gravatar.com\\\/avatar\\\/b6992f131dc8d30ab0dff15446e9d346d9dbd95992de0fef795073f5ea83a81c?s=96&d=mm&r=g\",\"url\":\"https:\\\/\\\/secure.gravatar.com\\\/avatar\\\/b6992f131dc8d30ab0dff15446e9d346d9dbd95992de0fef795073f5ea83a81c?s=96&d=mm&r=g\",\"contentUrl\":\"https:\\\/\\\/secure.gravatar.com\\\/avatar\\\/b6992f131dc8d30ab0dff15446e9d346d9dbd95992de0fef795073f5ea83a81c?s=96&d=mm&r=g\",\"caption\":\"La Gu\u00eda de Pamplona\"}}]}<\/script>\n<!-- \/ Yoast SEO plugin. -->","yoast_head_json":{"title":"Las piscinas municipales del Complejo Deportivo Aranzadi inician ma\u00f1ana mi\u00e9rcoles la temporada de verano sin restricciones derivadas de la pandemia de la COVID-19","description":"A final de semana se activar\u00e1 la puerta de San Pedro como entrada para accesos con abono actualizado o entrada diaria adquirida online","robots":{"index":"index","follow":"follow","max-snippet":"max-snippet:-1","max-image-preview":"max-image-preview:large","max-video-preview":"max-video-preview:-1"},"canonical":"https:\/\/www.laguiadepamplona.com\/actualidad\/las-piscinas-municipales-del-complejo-deportivo-aranzadi-inician-manana-miercoles-la-temporada-de-verano-sin-restricciones-derivadas-de-la-pandemia-de-la-covid-19\/","og_locale":"es_ES","og_type":"article","og_title":"Las piscinas municipales del Complejo Deportivo Aranzadi inician ma\u00f1ana mi\u00e9rcoles la temporada de verano sin restricciones derivadas de la pandemia de la COVID-19","og_description":"A final de semana se activar\u00e1 la puerta de San Pedro como entrada para accesos con abono actualizado o entrada diaria adquirida online","og_url":"https:\/\/www.laguiadepamplona.com\/actualidad\/las-piscinas-municipales-del-complejo-deportivo-aranzadi-inician-manana-miercoles-la-temporada-de-verano-sin-restricciones-derivadas-de-la-pandemia-de-la-covid-19\/","og_site_name":"La Gu\u00eda de Pamplona","article_publisher":"https:\/\/www.facebook.com\/laguiadepamplonacom-133175176762273\/?ref=hl","article_published_time":"2022-06-14T11:32:28+00:00","article_modified_time":"2023-04-11T09:48:03+00:00","og_image":[{"width":1920,"height":1280,"url":"https:\/\/www.laguiadepamplona.com\/actualidad\/wp-content\/uploads\/2022\/06\/aranzadi_JGV9379.webp","type":"image\/webp"}],"author":"La Gu\u00eda de Pamplona","twitter_card":"summary_large_image","twitter_creator":"@LaGuiadPamplona","twitter_site":"@LaGuiadPamplona","twitter_misc":{"Escrito por":"La Gu\u00eda de Pamplona","Tiempo de lectura":"3 minutos"},"schema":{"@context":"https:\/\/schema.org","@graph":[{"@type":"Article","@id":"https:\/\/www.laguiadepamplona.com\/actualidad\/las-piscinas-municipales-del-complejo-deportivo-aranzadi-inician-manana-miercoles-la-temporada-de-verano-sin-restricciones-derivadas-de-la-pandemia-de-la-covid-19\/#article","isPartOf":{"@id":"https:\/\/www.laguiadepamplona.com\/actualidad\/las-piscinas-municipales-del-complejo-deportivo-aranzadi-inician-manana-miercoles-la-temporada-de-verano-sin-restricciones-derivadas-de-la-pandemia-de-la-covid-19\/"},"author":{"name":"La Gu\u00eda de Pamplona","@id":"https:\/\/www.laguiadepamplona.com\/actualidad\/#\/schema\/person\/efe887376f0213d4657c93adc50b1fdb"},"headline":"Las piscinas municipales del Complejo Deportivo Aranzadi inician ma\u00f1ana mi\u00e9rcoles la temporada de verano sin restricciones derivadas de la pandemia de la COVID-19","datePublished":"2022-06-14T11:32:28+00:00","dateModified":"2023-04-11T09:48:03+00:00","mainEntityOfPage":{"@id":"https:\/\/www.laguiadepamplona.com\/actualidad\/las-piscinas-municipales-del-complejo-deportivo-aranzadi-inician-manana-miercoles-la-temporada-de-verano-sin-restricciones-derivadas-de-la-pandemia-de-la-covid-19\/"},"wordCount":588,"commentCount":0,"publisher":{"@id":"https:\/\/www.laguiadepamplona.com\/actualidad\/#organization"},"image":{"@id":"https:\/\/www.laguiadepamplona.com\/actualidad\/las-piscinas-municipales-del-complejo-deportivo-aranzadi-inician-manana-miercoles-la-temporada-de-verano-sin-restricciones-derivadas-de-la-pandemia-de-la-covid-19\/#primaryimage"},"thumbnailUrl":"https:\/\/www.laguiadepamplona.com\/actualidad\/wp-content\/uploads\/2022\/06\/aranzadi_JGV9379.webp","articleSection":["Ayto Pamplona"],"inLanguage":"es","potentialAction":[{"@type":"CommentAction","name":"Comment","target":["https:\/\/www.laguiadepamplona.com\/actualidad\/las-piscinas-municipales-del-complejo-deportivo-aranzadi-inician-manana-miercoles-la-temporada-de-verano-sin-restricciones-derivadas-de-la-pandemia-de-la-covid-19\/#respond"]}]},{"@type":"WebPage","@id":"https:\/\/www.laguiadepamplona.com\/actualidad\/las-piscinas-municipales-del-complejo-deportivo-aranzadi-inician-manana-miercoles-la-temporada-de-verano-sin-restricciones-derivadas-de-la-pandemia-de-la-covid-19\/","url":"https:\/\/www.laguiadepamplona.com\/actualidad\/las-piscinas-municipales-del-complejo-deportivo-aranzadi-inician-manana-miercoles-la-temporada-de-verano-sin-restricciones-derivadas-de-la-pandemia-de-la-covid-19\/","name":"Las piscinas municipales del Complejo Deportivo Aranzadi inician ma\u00f1ana mi\u00e9rcoles la temporada de verano sin restricciones derivadas de la pandemia de la COVID-19","isPartOf":{"@id":"https:\/\/www.laguiadepamplona.com\/actualidad\/#website"},"primaryImageOfPage":{"@id":"https:\/\/www.laguiadepamplona.com\/actualidad\/las-piscinas-municipales-del-complejo-deportivo-aranzadi-inician-manana-miercoles-la-temporada-de-verano-sin-restricciones-derivadas-de-la-pandemia-de-la-covid-19\/#primaryimage"},"image":{"@id":"https:\/\/www.laguiadepamplona.com\/actualidad\/las-piscinas-municipales-del-complejo-deportivo-aranzadi-inician-manana-miercoles-la-temporada-de-verano-sin-restricciones-derivadas-de-la-pandemia-de-la-covid-19\/#primaryimage"},"thumbnailUrl":"https:\/\/www.laguiadepamplona.com\/actualidad\/wp-content\/uploads\/2022\/06\/aranzadi_JGV9379.webp","datePublished":"2022-06-14T11:32:28+00:00","dateModified":"2023-04-11T09:48:03+00:00","description":"A final de semana se activar\u00e1 la puerta de San Pedro como entrada para accesos con abono actualizado o entrada diaria adquirida online","breadcrumb":{"@id":"https:\/\/www.laguiadepamplona.com\/actualidad\/las-piscinas-municipales-del-complejo-deportivo-aranzadi-inician-manana-miercoles-la-temporada-de-verano-sin-restricciones-derivadas-de-la-pandemia-de-la-covid-19\/#breadcrumb"},"inLanguage":"es","potentialAction":[{"@type":"ReadAction","target":["https:\/\/www.laguiadepamplona.com\/actualidad\/las-piscinas-municipales-del-complejo-deportivo-aranzadi-inician-manana-miercoles-la-temporada-de-verano-sin-restricciones-derivadas-de-la-pandemia-de-la-covid-19\/"]}]},{"@type":"ImageObject","inLanguage":"es","@id":"https:\/\/www.laguiadepamplona.com\/actualidad\/las-piscinas-municipales-del-complejo-deportivo-aranzadi-inician-manana-miercoles-la-temporada-de-verano-sin-restricciones-derivadas-de-la-pandemia-de-la-covid-19\/#primaryimage","url":"https:\/\/www.laguiadepamplona.com\/actualidad\/wp-content\/uploads\/2022\/06\/aranzadi_JGV9379.webp","contentUrl":"https:\/\/www.laguiadepamplona.com\/actualidad\/wp-content\/uploads\/2022\/06\/aranzadi_JGV9379.webp","width":1920,"height":1280,"caption":"aranzadi"},{"@type":"BreadcrumbList","@id":"https:\/\/www.laguiadepamplona.com\/actualidad\/las-piscinas-municipales-del-complejo-deportivo-aranzadi-inician-manana-miercoles-la-temporada-de-verano-sin-restricciones-derivadas-de-la-pandemia-de-la-covid-19\/#breadcrumb","itemListElement":[{"@type":"ListItem","position":1,"name":"Portada","item":"https:\/\/www.laguiadepamplona.com\/actualidad\/"},{"@type":"ListItem","position":2,"name":"Las piscinas municipales del Complejo Deportivo Aranzadi inician ma\u00f1ana mi\u00e9rcoles la temporada de verano sin restricciones derivadas de la pandemia de la COVID-19"}]},{"@type":"WebSite","@id":"https:\/\/www.laguiadepamplona.com\/actualidad\/#website","url":"https:\/\/www.laguiadepamplona.com\/actualidad\/","name":"La gu\u00eda de Pamplona","description":"Noticias de Pamplona","publisher":{"@id":"https:\/\/www.laguiadepamplona.com\/actualidad\/#organization"},"potentialAction":[{"@type":"SearchAction","target":{"@type":"EntryPoint","urlTemplate":"https:\/\/www.laguiadepamplona.com\/actualidad\/?s={search_term_string}"},"query-input":{"@type":"PropertyValueSpecification","valueRequired":true,"valueName":"search_term_string"}}],"inLanguage":"es"},{"@type":"Organization","@id":"https:\/\/www.laguiadepamplona.com\/actualidad\/#organization","name":"La Gu\u00eda de Pamplona \/ Noticias","url":"https:\/\/www.laguiadepamplona.com\/actualidad\/","logo":{"@type":"ImageObject","inLanguage":"es","@id":"https:\/\/www.laguiadepamplona.com\/actualidad\/#\/schema\/logo\/image\/","url":"https:\/\/www.laguiadepamplona.com\/actualidad\/wp-content\/uploads\/2018\/11\/logo-laguiadepamplona18-web1.png","contentUrl":"https:\/\/www.laguiadepamplona.com\/actualidad\/wp-content\/uploads\/2018\/11\/logo-laguiadepamplona18-web1.png","width":600,"height":196,"caption":"La Gu\u00eda de Pamplona \/ Noticias"},"image":{"@id":"https:\/\/www.laguiadepamplona.com\/actualidad\/#\/schema\/logo\/image\/"},"sameAs":["https:\/\/www.facebook.com\/laguiadepamplonacom-133175176762273\/?ref=hl","https:\/\/x.com\/LaGuiadPamplona","https:\/\/www.instagram.com\/la_guia_de_pamplona\/","https:\/\/www.youtube.com\/user\/laguiadepamplona"]},{"@type":"Person","@id":"https:\/\/www.laguiadepamplona.com\/actualidad\/#\/schema\/person\/efe887376f0213d4657c93adc50b1fdb","name":"La Gu\u00eda de Pamplona","image":{"@type":"ImageObject","inLanguage":"es","@id":"https:\/\/secure.gravatar.com\/avatar\/b6992f131dc8d30ab0dff15446e9d346d9dbd95992de0fef795073f5ea83a81c?s=96&d=mm&r=g","url":"https:\/\/secure.gravatar.com\/avatar\/b6992f131dc8d30ab0dff15446e9d346d9dbd95992de0fef795073f5ea83a81c?s=96&d=mm&r=g","contentUrl":"https:\/\/secure.gravatar.com\/avatar\/b6992f131dc8d30ab0dff15446e9d346d9dbd95992de0fef795073f5ea83a81c?s=96&d=mm&r=g","caption":"La Gu\u00eda de Pamplona"}}]}},"post_mailing_queue_ids":[],"_links":{"self":[{"href":"https:\/\/www.laguiadepamplona.com\/actualidad\/wp-json\/wp\/v2\/posts\/40860","targetHints":{"allow":["GET"]}}],"collection":[{"href":"https:\/\/www.laguiadepamplona.com\/actualidad\/wp-json\/wp\/v2\/posts"}],"about":[{"href":"https:\/\/www.laguiadepamplona.com\/actualidad\/wp-json\/wp\/v2\/types\/post"}],"author":[{"embeddable":true,"href":"https:\/\/www.laguiadepamplona.com\/actualidad\/wp-json\/wp\/v2\/users\/1"}],"replies":[{"embeddable":true,"href":"https:\/\/www.laguiadepamplona.com\/actualidad\/wp-json\/wp\/v2\/comments?post=40860"}],"version-history":[{"count":0,"href":"https:\/\/www.laguiadepamplona.com\/actualidad\/wp-json\/wp\/v2\/posts\/40860\/revisions"}],"wp:featuredmedia":[{"embeddable":true,"href":"https:\/\/www.laguiadepamplona.com\/actualidad\/wp-json\/wp\/v2\/media\/40861"}],"wp:attachment":[{"href":"https:\/\/www.laguiadepamplona.com\/actualidad\/wp-json\/wp\/v2\/media?parent=40860"}],"wp:term":[{"taxonomy":"category","embeddable":true,"href":"https:\/\/www.laguiadepamplona.com\/actualidad\/wp-json\/wp\/v2\/categories?post=40860"},{"taxonomy":"post_tag","embeddable":true,"href":"https:\/\/www.laguiadepamplona.com\/actualidad\/wp-json\/wp\/v2\/tags?post=40860"}],"curies":[{"name":"wp","href":"https:\/\/api.w.org\/{rel}","templated":true}]}}