{"id":40857,"date":"2022-06-14T13:30:25","date_gmt":"2022-06-14T11:30:25","guid":{"rendered":"https:\/\/www.laguiadepamplona.com\/actualidad\/?p=40857"},"modified":"2023-04-11T11:48:03","modified_gmt":"2023-04-11T09:48:03","slug":"pamplona-frente-al-odio-cumple-seis-meses-de-trabajo-conjunto-de-policia-municipal-y-asociaciones-para-prevenir-identificar-y-luchar-contra-incidentes-racistas-y-xenofobos","status":"publish","type":"post","link":"https:\/\/www.laguiadepamplona.com\/actualidad\/pamplona-frente-al-odio-cumple-seis-meses-de-trabajo-conjunto-de-policia-municipal-y-asociaciones-para-prevenir-identificar-y-luchar-contra-incidentes-racistas-y-xenofobos\/","title":{"rendered":"\u2018Pamplona frente al Odio\u2019 cumple seis meses de trabajo conjunto de Polic\u00eda Municipal y asociaciones para prevenir, identificar y luchar contra incidentes racistas y xen\u00f3fobos"},"content":{"rendered":"<h5>Este proyecto de colaboraci\u00f3n institucional y social ha registrado cuatro situaciones relacionadas con actitudes de odio<\/h5>\n<p><!--more--><\/p>\n<p>El proyecto \u2018Pamplona frente al Odio\u2019 ha cumplido seis meses de funcionamiento. Polic\u00eda Municipal de Pamplona y m\u00e1s de una docena de asociaciones trabajan para prevenir, identificar y luchar contra incidentes racistas y xen\u00f3fobos, as\u00ed como discursos y delitos de odio. En este medio a\u00f1o, este proyecto de colaboraci\u00f3n institucional y social ha recogido e informado de cuatro situaciones, tres de ellas notificadas por asociaciones y una recogida de oficio por la Polic\u00eda Municipal de Pamplona.<br \/>\n<script async src=\"\/\/pagead2.googlesyndication.com\/pagead\/js\/adsbygoogle.js\"><\/script><br \/>\n<!-- Noticias La Guia de Pamplona --><br \/>\n<ins class=\"adsbygoogle\"\nstyle=\"display:block\"\ndata-ad-client=\"ca-pub-6943679897239327\"\ndata-ad-slot=\"7048180777\"\ndata-ad-format=\"auto\"><\/ins><br \/>\n<script>\n(adsbygoogle = window.adsbygoogle || []).push({});\n<\/script><\/p>\n<p>En noviembre de 2021 el Ayuntamiento de Pamplona y representantes de once entidades firmaron un convenio de colaboraci\u00f3n para poner en marcha un protocolo que permitiera hacer frente a las situaciones de odio. Esas once asociaciones, a las que se han sumado CERMIN y Gaz Kal\u00f3, son Secretariado Gitano, Comunidad Isl\u00e1mica de Pamplona, C\u00e1ritas Diocesana de Pamplona-Tudela, Asociaci\u00f3n SEI, Cruz Roja, M\u00e9dicos del Mundo, Kattalingorri, SOS Racismo Navarra, Plataforma ciudadana contra la islamofobia, fundaci\u00f3n XILEMA y La Majar\u00ed Asociaci\u00f3n Gitana de Navarra.<\/p>\n<p>En \u2018Pamplona frente al Odio\u2019, antiguo proyecto CLARA, las entidades participantes se comprometen a la recogida y an\u00e1lisis de todos los hechos que pudieran considerarse como incidentes y posibles delitos de odio. Las entidades informan a la persona afectada de las posibilidades existentes y recursos disponibles en cuanto a su situaci\u00f3n particular, m\u00e1s all\u00e1 de si se interpone o no denuncia.<br \/>\n<script async src=\"\/\/pagead2.googlesyndication.com\/pagead\/js\/adsbygoogle.js\"><\/script><br \/>\n<!-- Noticias La Guia de Pamplona --><br \/>\n<ins class=\"adsbygoogle\"\nstyle=\"display:block\"\ndata-ad-client=\"ca-pub-6943679897239327\"\ndata-ad-slot=\"7048180777\"\ndata-ad-format=\"auto\"><\/ins><br \/>\n<script>\n(adsbygoogle = window.adsbygoogle || []).push({});\n<\/script><\/p>\n<p><strong>Actividades formativas y reuniones de seguimiento<\/strong><\/p>\n<p>Las sinergias que ha generado este trabajo en red han permitido implementar acciones de colaboraci\u00f3n, formaci\u00f3n y participaci\u00f3n en diferentes jornadas, eventos y mesas de trabajo. Se ha impartido formaci\u00f3n a Polic\u00eda Comunitaria sobre la poblaci\u00f3n gitana rumana del barrio de la Milagrosa y se ha puesto en marcha una labor pionera de apoyo a la comunidad isl\u00e1mica para ayudar a j\u00f3venes extranjeros en riesgo de exclusi\u00f3n. Adem\u00e1s, se ha participado en jornadas en Vitoria \u2013 Gasteiz para explicar el proyecto CLARA, en mesas de trabajo del Plan contra el Racismo y la Xenofobia del Gobierno de Navarra o en formaciones del Plan Pamplona Joven, el Plan de Diversidad Cultural y Ciudadan\u00eda Inclusiva o una jornada t\u00e9cnico policial sobre delitos e incidentes de odio.<\/p>\n<p>Durante estos seis meses, se han celebrado dos reuniones de seguimiento del proyecto. En la primera de ellas, en diciembre de 2021, se definieron, entre otros asuntos, la acci\u00f3n de apoyo a la comunidad isl\u00e1mica que se realiz\u00f3 en febrero y se inst\u00f3 a las asociaciones participantes a dar formaci\u00f3n en la Escuela de Seguridad de Navarra, en el curso b\u00e1sico de acceso a polic\u00eda, tal y como llev\u00f3 a cabo la Fundaci\u00f3n Xilema semanas despu\u00e9s.<br \/>\n<script async src=\"\/\/pagead2.googlesyndication.com\/pagead\/js\/adsbygoogle.js\"><\/script><br \/>\n<!-- Noticias La Guia de Pamplona --><br \/>\n<ins class=\"adsbygoogle\"\nstyle=\"display:block\"\ndata-ad-client=\"ca-pub-6943679897239327\"\ndata-ad-slot=\"7048180777\"\ndata-ad-format=\"auto\"><\/ins><br \/>\n<script>\n(adsbygoogle = window.adsbygoogle || []).push({});\n<\/script><\/p>\n<p>La segunda reuni\u00f3n tuvo lugar el 2 de junio y, en ella, se explican las acciones formativas y de difusi\u00f3n realizadas hasta la fecha, tratando los incidentes recogidos hasta el momento y consultando las dificultades encontradas para recoger dichos incidentes. En el encuentro, se presentaron las asociaciones Fundaci\u00f3n Gaz Kal\u00f3 y CERMIN, que se han adherido formalmente al proyecto \u2018Pamplona frente al Odio\u2019<\/p>\n","protected":false},"excerpt":{"rendered":"<p>Este proyecto de colaboraci\u00f3n institucional y social ha registrado cuatro situaciones relacionadas con actitudes de odio<\/p>\n","protected":false},"author":1,"featured_media":40858,"comment_status":"open","ping_status":"closed","sticky":false,"template":"","format":"standard","meta":{"footnotes":""},"categories":[2],"tags":[],"class_list":["post-40857","post","type-post","status-publish","format-standard","has-post-thumbnail","hentry","category-ayuntamiento-pamplona"],"yoast_head":"<!-- This site is optimized with the Yoast SEO plugin v27.3 - https:\/\/yoast.com\/product\/yoast-seo-wordpress\/ -->\n<title>\u2018Pamplona frente al Odio\u2019 cumple seis meses de trabajo conjunto de Polic\u00eda Municipal y asociaciones para prevenir, identificar y luchar contra incidentes racistas y xen\u00f3fobos<\/title>\n<meta name=\"description\" content=\"Este proyecto de colaboraci\u00f3n institucional y social ha registrado cuatro situaciones relacionadas con actitudes de odio\" \/>\n<meta name=\"robots\" content=\"index, follow, max-snippet:-1, max-image-preview:large, max-video-preview:-1\" \/>\n<link rel=\"canonical\" href=\"https:\/\/www.laguiadepamplona.com\/actualidad\/pamplona-frente-al-odio-cumple-seis-meses-de-trabajo-conjunto-de-policia-municipal-y-asociaciones-para-prevenir-identificar-y-luchar-contra-incidentes-racistas-y-xenofobos\/\" \/>\n<meta property=\"og:locale\" content=\"es_ES\" \/>\n<meta property=\"og:type\" content=\"article\" \/>\n<meta property=\"og:title\" content=\"\u2018Pamplona frente al Odio\u2019 cumple seis meses de trabajo conjunto de Polic\u00eda Municipal y asociaciones para prevenir, identificar y luchar contra incidentes racistas y xen\u00f3fobos\" \/>\n<meta property=\"og:description\" content=\"Este proyecto de colaboraci\u00f3n institucional y social ha registrado cuatro situaciones relacionadas con actitudes de odio\" \/>\n<meta property=\"og:url\" content=\"https:\/\/www.laguiadepamplona.com\/actualidad\/pamplona-frente-al-odio-cumple-seis-meses-de-trabajo-conjunto-de-policia-municipal-y-asociaciones-para-prevenir-identificar-y-luchar-contra-incidentes-racistas-y-xenofobos\/\" \/>\n<meta property=\"og:site_name\" content=\"La Gu\u00eda de Pamplona\" \/>\n<meta property=\"article:publisher\" content=\"https:\/\/www.facebook.com\/laguiadepamplonacom-133175176762273\/?ref=hl\" \/>\n<meta property=\"article:published_time\" content=\"2022-06-14T11:30:25+00:00\" \/>\n<meta property=\"article:modified_time\" content=\"2023-04-11T09:48:03+00:00\" \/>\n<meta property=\"og:image\" content=\"https:\/\/www.laguiadepamplona.com\/actualidad\/wp-content\/uploads\/2022\/06\/Odio.jpg\" \/>\n\t<meta property=\"og:image:width\" content=\"515\" \/>\n\t<meta property=\"og:image:height\" content=\"292\" \/>\n\t<meta property=\"og:image:type\" content=\"image\/jpeg\" \/>\n<meta name=\"author\" content=\"La Gu\u00eda de Pamplona\" \/>\n<meta name=\"twitter:card\" content=\"summary_large_image\" \/>\n<meta name=\"twitter:creator\" content=\"@LaGuiadPamplona\" \/>\n<meta name=\"twitter:site\" content=\"@LaGuiadPamplona\" \/>\n<meta name=\"twitter:label1\" content=\"Escrito por\" \/>\n\t<meta name=\"twitter:data1\" content=\"La Gu\u00eda de Pamplona\" \/>\n\t<meta name=\"twitter:label2\" content=\"Tiempo de lectura\" \/>\n\t<meta name=\"twitter:data2\" content=\"3 minutos\" \/>\n<script type=\"application\/ld+json\" class=\"yoast-schema-graph\">{\"@context\":\"https:\\\/\\\/schema.org\",\"@graph\":[{\"@type\":\"Article\",\"@id\":\"https:\\\/\\\/www.laguiadepamplona.com\\\/actualidad\\\/pamplona-frente-al-odio-cumple-seis-meses-de-trabajo-conjunto-de-policia-municipal-y-asociaciones-para-prevenir-identificar-y-luchar-contra-incidentes-racistas-y-xenofobos\\\/#article\",\"isPartOf\":{\"@id\":\"https:\\\/\\\/www.laguiadepamplona.com\\\/actualidad\\\/pamplona-frente-al-odio-cumple-seis-meses-de-trabajo-conjunto-de-policia-municipal-y-asociaciones-para-prevenir-identificar-y-luchar-contra-incidentes-racistas-y-xenofobos\\\/\"},\"author\":{\"name\":\"La Gu\u00eda de Pamplona\",\"@id\":\"https:\\\/\\\/www.laguiadepamplona.com\\\/actualidad\\\/#\\\/schema\\\/person\\\/efe887376f0213d4657c93adc50b1fdb\"},\"headline\":\"\u2018Pamplona frente al Odio\u2019 cumple seis meses de trabajo conjunto de Polic\u00eda Municipal y asociaciones para prevenir, identificar y luchar contra incidentes racistas y xen\u00f3fobos\",\"datePublished\":\"2022-06-14T11:30:25+00:00\",\"dateModified\":\"2023-04-11T09:48:03+00:00\",\"mainEntityOfPage\":{\"@id\":\"https:\\\/\\\/www.laguiadepamplona.com\\\/actualidad\\\/pamplona-frente-al-odio-cumple-seis-meses-de-trabajo-conjunto-de-policia-municipal-y-asociaciones-para-prevenir-identificar-y-luchar-contra-incidentes-racistas-y-xenofobos\\\/\"},\"wordCount\":566,\"commentCount\":0,\"publisher\":{\"@id\":\"https:\\\/\\\/www.laguiadepamplona.com\\\/actualidad\\\/#organization\"},\"image\":{\"@id\":\"https:\\\/\\\/www.laguiadepamplona.com\\\/actualidad\\\/pamplona-frente-al-odio-cumple-seis-meses-de-trabajo-conjunto-de-policia-municipal-y-asociaciones-para-prevenir-identificar-y-luchar-contra-incidentes-racistas-y-xenofobos\\\/#primaryimage\"},\"thumbnailUrl\":\"https:\\\/\\\/www.laguiadepamplona.com\\\/actualidad\\\/wp-content\\\/uploads\\\/2022\\\/06\\\/Odio.jpg\",\"articleSection\":[\"Ayto Pamplona\"],\"inLanguage\":\"es\",\"potentialAction\":[{\"@type\":\"CommentAction\",\"name\":\"Comment\",\"target\":[\"https:\\\/\\\/www.laguiadepamplona.com\\\/actualidad\\\/pamplona-frente-al-odio-cumple-seis-meses-de-trabajo-conjunto-de-policia-municipal-y-asociaciones-para-prevenir-identificar-y-luchar-contra-incidentes-racistas-y-xenofobos\\\/#respond\"]}]},{\"@type\":\"WebPage\",\"@id\":\"https:\\\/\\\/www.laguiadepamplona.com\\\/actualidad\\\/pamplona-frente-al-odio-cumple-seis-meses-de-trabajo-conjunto-de-policia-municipal-y-asociaciones-para-prevenir-identificar-y-luchar-contra-incidentes-racistas-y-xenofobos\\\/\",\"url\":\"https:\\\/\\\/www.laguiadepamplona.com\\\/actualidad\\\/pamplona-frente-al-odio-cumple-seis-meses-de-trabajo-conjunto-de-policia-municipal-y-asociaciones-para-prevenir-identificar-y-luchar-contra-incidentes-racistas-y-xenofobos\\\/\",\"name\":\"\u2018Pamplona frente al Odio\u2019 cumple seis meses de trabajo conjunto de Polic\u00eda Municipal y asociaciones para prevenir, identificar y luchar contra incidentes racistas y xen\u00f3fobos\",\"isPartOf\":{\"@id\":\"https:\\\/\\\/www.laguiadepamplona.com\\\/actualidad\\\/#website\"},\"primaryImageOfPage\":{\"@id\":\"https:\\\/\\\/www.laguiadepamplona.com\\\/actualidad\\\/pamplona-frente-al-odio-cumple-seis-meses-de-trabajo-conjunto-de-policia-municipal-y-asociaciones-para-prevenir-identificar-y-luchar-contra-incidentes-racistas-y-xenofobos\\\/#primaryimage\"},\"image\":{\"@id\":\"https:\\\/\\\/www.laguiadepamplona.com\\\/actualidad\\\/pamplona-frente-al-odio-cumple-seis-meses-de-trabajo-conjunto-de-policia-municipal-y-asociaciones-para-prevenir-identificar-y-luchar-contra-incidentes-racistas-y-xenofobos\\\/#primaryimage\"},\"thumbnailUrl\":\"https:\\\/\\\/www.laguiadepamplona.com\\\/actualidad\\\/wp-content\\\/uploads\\\/2022\\\/06\\\/Odio.jpg\",\"datePublished\":\"2022-06-14T11:30:25+00:00\",\"dateModified\":\"2023-04-11T09:48:03+00:00\",\"description\":\"Este proyecto de colaboraci\u00f3n institucional y social ha registrado cuatro situaciones relacionadas con actitudes de odio\",\"breadcrumb\":{\"@id\":\"https:\\\/\\\/www.laguiadepamplona.com\\\/actualidad\\\/pamplona-frente-al-odio-cumple-seis-meses-de-trabajo-conjunto-de-policia-municipal-y-asociaciones-para-prevenir-identificar-y-luchar-contra-incidentes-racistas-y-xenofobos\\\/#breadcrumb\"},\"inLanguage\":\"es\",\"potentialAction\":[{\"@type\":\"ReadAction\",\"target\":[\"https:\\\/\\\/www.laguiadepamplona.com\\\/actualidad\\\/pamplona-frente-al-odio-cumple-seis-meses-de-trabajo-conjunto-de-policia-municipal-y-asociaciones-para-prevenir-identificar-y-luchar-contra-incidentes-racistas-y-xenofobos\\\/\"]}]},{\"@type\":\"ImageObject\",\"inLanguage\":\"es\",\"@id\":\"https:\\\/\\\/www.laguiadepamplona.com\\\/actualidad\\\/pamplona-frente-al-odio-cumple-seis-meses-de-trabajo-conjunto-de-policia-municipal-y-asociaciones-para-prevenir-identificar-y-luchar-contra-incidentes-racistas-y-xenofobos\\\/#primaryimage\",\"url\":\"https:\\\/\\\/www.laguiadepamplona.com\\\/actualidad\\\/wp-content\\\/uploads\\\/2022\\\/06\\\/Odio.jpg\",\"contentUrl\":\"https:\\\/\\\/www.laguiadepamplona.com\\\/actualidad\\\/wp-content\\\/uploads\\\/2022\\\/06\\\/Odio.jpg\",\"width\":515,\"height\":292,\"caption\":\"odio\"},{\"@type\":\"BreadcrumbList\",\"@id\":\"https:\\\/\\\/www.laguiadepamplona.com\\\/actualidad\\\/pamplona-frente-al-odio-cumple-seis-meses-de-trabajo-conjunto-de-policia-municipal-y-asociaciones-para-prevenir-identificar-y-luchar-contra-incidentes-racistas-y-xenofobos\\\/#breadcrumb\",\"itemListElement\":[{\"@type\":\"ListItem\",\"position\":1,\"name\":\"Portada\",\"item\":\"https:\\\/\\\/www.laguiadepamplona.com\\\/actualidad\\\/\"},{\"@type\":\"ListItem\",\"position\":2,\"name\":\"\u2018Pamplona frente al Odio\u2019 cumple seis meses de trabajo conjunto de Polic\u00eda Municipal y asociaciones para prevenir, identificar y luchar contra incidentes racistas y xen\u00f3fobos\"}]},{\"@type\":\"WebSite\",\"@id\":\"https:\\\/\\\/www.laguiadepamplona.com\\\/actualidad\\\/#website\",\"url\":\"https:\\\/\\\/www.laguiadepamplona.com\\\/actualidad\\\/\",\"name\":\"La gu\u00eda de Pamplona\",\"description\":\"Noticias de Pamplona\",\"publisher\":{\"@id\":\"https:\\\/\\\/www.laguiadepamplona.com\\\/actualidad\\\/#organization\"},\"potentialAction\":[{\"@type\":\"SearchAction\",\"target\":{\"@type\":\"EntryPoint\",\"urlTemplate\":\"https:\\\/\\\/www.laguiadepamplona.com\\\/actualidad\\\/?s={search_term_string}\"},\"query-input\":{\"@type\":\"PropertyValueSpecification\",\"valueRequired\":true,\"valueName\":\"search_term_string\"}}],\"inLanguage\":\"es\"},{\"@type\":\"Organization\",\"@id\":\"https:\\\/\\\/www.laguiadepamplona.com\\\/actualidad\\\/#organization\",\"name\":\"La Gu\u00eda de Pamplona \\\/ Noticias\",\"url\":\"https:\\\/\\\/www.laguiadepamplona.com\\\/actualidad\\\/\",\"logo\":{\"@type\":\"ImageObject\",\"inLanguage\":\"es\",\"@id\":\"https:\\\/\\\/www.laguiadepamplona.com\\\/actualidad\\\/#\\\/schema\\\/logo\\\/image\\\/\",\"url\":\"https:\\\/\\\/www.laguiadepamplona.com\\\/actualidad\\\/wp-content\\\/uploads\\\/2018\\\/11\\\/logo-laguiadepamplona18-web1.png\",\"contentUrl\":\"https:\\\/\\\/www.laguiadepamplona.com\\\/actualidad\\\/wp-content\\\/uploads\\\/2018\\\/11\\\/logo-laguiadepamplona18-web1.png\",\"width\":600,\"height\":196,\"caption\":\"La Gu\u00eda de Pamplona \\\/ Noticias\"},\"image\":{\"@id\":\"https:\\\/\\\/www.laguiadepamplona.com\\\/actualidad\\\/#\\\/schema\\\/logo\\\/image\\\/\"},\"sameAs\":[\"https:\\\/\\\/www.facebook.com\\\/laguiadepamplonacom-133175176762273\\\/?ref=hl\",\"https:\\\/\\\/x.com\\\/LaGuiadPamplona\",\"https:\\\/\\\/www.instagram.com\\\/la_guia_de_pamplona\\\/\",\"https:\\\/\\\/www.youtube.com\\\/user\\\/laguiadepamplona\"]},{\"@type\":\"Person\",\"@id\":\"https:\\\/\\\/www.laguiadepamplona.com\\\/actualidad\\\/#\\\/schema\\\/person\\\/efe887376f0213d4657c93adc50b1fdb\",\"name\":\"La Gu\u00eda de Pamplona\",\"image\":{\"@type\":\"ImageObject\",\"inLanguage\":\"es\",\"@id\":\"https:\\\/\\\/secure.gravatar.com\\\/avatar\\\/b6992f131dc8d30ab0dff15446e9d346d9dbd95992de0fef795073f5ea83a81c?s=96&d=mm&r=g\",\"url\":\"https:\\\/\\\/secure.gravatar.com\\\/avatar\\\/b6992f131dc8d30ab0dff15446e9d346d9dbd95992de0fef795073f5ea83a81c?s=96&d=mm&r=g\",\"contentUrl\":\"https:\\\/\\\/secure.gravatar.com\\\/avatar\\\/b6992f131dc8d30ab0dff15446e9d346d9dbd95992de0fef795073f5ea83a81c?s=96&d=mm&r=g\",\"caption\":\"La Gu\u00eda de Pamplona\"}}]}<\/script>\n<!-- \/ Yoast SEO plugin. -->","yoast_head_json":{"title":"\u2018Pamplona frente al Odio\u2019 cumple seis meses de trabajo conjunto de Polic\u00eda Municipal y asociaciones para prevenir, identificar y luchar contra incidentes racistas y xen\u00f3fobos","description":"Este proyecto de colaboraci\u00f3n institucional y social ha registrado cuatro situaciones relacionadas con actitudes de odio","robots":{"index":"index","follow":"follow","max-snippet":"max-snippet:-1","max-image-preview":"max-image-preview:large","max-video-preview":"max-video-preview:-1"},"canonical":"https:\/\/www.laguiadepamplona.com\/actualidad\/pamplona-frente-al-odio-cumple-seis-meses-de-trabajo-conjunto-de-policia-municipal-y-asociaciones-para-prevenir-identificar-y-luchar-contra-incidentes-racistas-y-xenofobos\/","og_locale":"es_ES","og_type":"article","og_title":"\u2018Pamplona frente al Odio\u2019 cumple seis meses de trabajo conjunto de Polic\u00eda Municipal y asociaciones para prevenir, identificar y luchar contra incidentes racistas y xen\u00f3fobos","og_description":"Este proyecto de colaboraci\u00f3n institucional y social ha registrado cuatro situaciones relacionadas con actitudes de odio","og_url":"https:\/\/www.laguiadepamplona.com\/actualidad\/pamplona-frente-al-odio-cumple-seis-meses-de-trabajo-conjunto-de-policia-municipal-y-asociaciones-para-prevenir-identificar-y-luchar-contra-incidentes-racistas-y-xenofobos\/","og_site_name":"La Gu\u00eda de Pamplona","article_publisher":"https:\/\/www.facebook.com\/laguiadepamplonacom-133175176762273\/?ref=hl","article_published_time":"2022-06-14T11:30:25+00:00","article_modified_time":"2023-04-11T09:48:03+00:00","og_image":[{"width":515,"height":292,"url":"https:\/\/www.laguiadepamplona.com\/actualidad\/wp-content\/uploads\/2022\/06\/Odio.jpg","type":"image\/jpeg"}],"author":"La Gu\u00eda de Pamplona","twitter_card":"summary_large_image","twitter_creator":"@LaGuiadPamplona","twitter_site":"@LaGuiadPamplona","twitter_misc":{"Escrito por":"La Gu\u00eda de Pamplona","Tiempo de lectura":"3 minutos"},"schema":{"@context":"https:\/\/schema.org","@graph":[{"@type":"Article","@id":"https:\/\/www.laguiadepamplona.com\/actualidad\/pamplona-frente-al-odio-cumple-seis-meses-de-trabajo-conjunto-de-policia-municipal-y-asociaciones-para-prevenir-identificar-y-luchar-contra-incidentes-racistas-y-xenofobos\/#article","isPartOf":{"@id":"https:\/\/www.laguiadepamplona.com\/actualidad\/pamplona-frente-al-odio-cumple-seis-meses-de-trabajo-conjunto-de-policia-municipal-y-asociaciones-para-prevenir-identificar-y-luchar-contra-incidentes-racistas-y-xenofobos\/"},"author":{"name":"La Gu\u00eda de Pamplona","@id":"https:\/\/www.laguiadepamplona.com\/actualidad\/#\/schema\/person\/efe887376f0213d4657c93adc50b1fdb"},"headline":"\u2018Pamplona frente al Odio\u2019 cumple seis meses de trabajo conjunto de Polic\u00eda Municipal y asociaciones para prevenir, identificar y luchar contra incidentes racistas y xen\u00f3fobos","datePublished":"2022-06-14T11:30:25+00:00","dateModified":"2023-04-11T09:48:03+00:00","mainEntityOfPage":{"@id":"https:\/\/www.laguiadepamplona.com\/actualidad\/pamplona-frente-al-odio-cumple-seis-meses-de-trabajo-conjunto-de-policia-municipal-y-asociaciones-para-prevenir-identificar-y-luchar-contra-incidentes-racistas-y-xenofobos\/"},"wordCount":566,"commentCount":0,"publisher":{"@id":"https:\/\/www.laguiadepamplona.com\/actualidad\/#organization"},"image":{"@id":"https:\/\/www.laguiadepamplona.com\/actualidad\/pamplona-frente-al-odio-cumple-seis-meses-de-trabajo-conjunto-de-policia-municipal-y-asociaciones-para-prevenir-identificar-y-luchar-contra-incidentes-racistas-y-xenofobos\/#primaryimage"},"thumbnailUrl":"https:\/\/www.laguiadepamplona.com\/actualidad\/wp-content\/uploads\/2022\/06\/Odio.jpg","articleSection":["Ayto Pamplona"],"inLanguage":"es","potentialAction":[{"@type":"CommentAction","name":"Comment","target":["https:\/\/www.laguiadepamplona.com\/actualidad\/pamplona-frente-al-odio-cumple-seis-meses-de-trabajo-conjunto-de-policia-municipal-y-asociaciones-para-prevenir-identificar-y-luchar-contra-incidentes-racistas-y-xenofobos\/#respond"]}]},{"@type":"WebPage","@id":"https:\/\/www.laguiadepamplona.com\/actualidad\/pamplona-frente-al-odio-cumple-seis-meses-de-trabajo-conjunto-de-policia-municipal-y-asociaciones-para-prevenir-identificar-y-luchar-contra-incidentes-racistas-y-xenofobos\/","url":"https:\/\/www.laguiadepamplona.com\/actualidad\/pamplona-frente-al-odio-cumple-seis-meses-de-trabajo-conjunto-de-policia-municipal-y-asociaciones-para-prevenir-identificar-y-luchar-contra-incidentes-racistas-y-xenofobos\/","name":"\u2018Pamplona frente al Odio\u2019 cumple seis meses de trabajo conjunto de Polic\u00eda Municipal y asociaciones para prevenir, identificar y luchar contra incidentes racistas y xen\u00f3fobos","isPartOf":{"@id":"https:\/\/www.laguiadepamplona.com\/actualidad\/#website"},"primaryImageOfPage":{"@id":"https:\/\/www.laguiadepamplona.com\/actualidad\/pamplona-frente-al-odio-cumple-seis-meses-de-trabajo-conjunto-de-policia-municipal-y-asociaciones-para-prevenir-identificar-y-luchar-contra-incidentes-racistas-y-xenofobos\/#primaryimage"},"image":{"@id":"https:\/\/www.laguiadepamplona.com\/actualidad\/pamplona-frente-al-odio-cumple-seis-meses-de-trabajo-conjunto-de-policia-municipal-y-asociaciones-para-prevenir-identificar-y-luchar-contra-incidentes-racistas-y-xenofobos\/#primaryimage"},"thumbnailUrl":"https:\/\/www.laguiadepamplona.com\/actualidad\/wp-content\/uploads\/2022\/06\/Odio.jpg","datePublished":"2022-06-14T11:30:25+00:00","dateModified":"2023-04-11T09:48:03+00:00","description":"Este proyecto de colaboraci\u00f3n institucional y social ha registrado cuatro situaciones relacionadas con actitudes de odio","breadcrumb":{"@id":"https:\/\/www.laguiadepamplona.com\/actualidad\/pamplona-frente-al-odio-cumple-seis-meses-de-trabajo-conjunto-de-policia-municipal-y-asociaciones-para-prevenir-identificar-y-luchar-contra-incidentes-racistas-y-xenofobos\/#breadcrumb"},"inLanguage":"es","potentialAction":[{"@type":"ReadAction","target":["https:\/\/www.laguiadepamplona.com\/actualidad\/pamplona-frente-al-odio-cumple-seis-meses-de-trabajo-conjunto-de-policia-municipal-y-asociaciones-para-prevenir-identificar-y-luchar-contra-incidentes-racistas-y-xenofobos\/"]}]},{"@type":"ImageObject","inLanguage":"es","@id":"https:\/\/www.laguiadepamplona.com\/actualidad\/pamplona-frente-al-odio-cumple-seis-meses-de-trabajo-conjunto-de-policia-municipal-y-asociaciones-para-prevenir-identificar-y-luchar-contra-incidentes-racistas-y-xenofobos\/#primaryimage","url":"https:\/\/www.laguiadepamplona.com\/actualidad\/wp-content\/uploads\/2022\/06\/Odio.jpg","contentUrl":"https:\/\/www.laguiadepamplona.com\/actualidad\/wp-content\/uploads\/2022\/06\/Odio.jpg","width":515,"height":292,"caption":"odio"},{"@type":"BreadcrumbList","@id":"https:\/\/www.laguiadepamplona.com\/actualidad\/pamplona-frente-al-odio-cumple-seis-meses-de-trabajo-conjunto-de-policia-municipal-y-asociaciones-para-prevenir-identificar-y-luchar-contra-incidentes-racistas-y-xenofobos\/#breadcrumb","itemListElement":[{"@type":"ListItem","position":1,"name":"Portada","item":"https:\/\/www.laguiadepamplona.com\/actualidad\/"},{"@type":"ListItem","position":2,"name":"\u2018Pamplona frente al Odio\u2019 cumple seis meses de trabajo conjunto de Polic\u00eda Municipal y asociaciones para prevenir, identificar y luchar contra incidentes racistas y xen\u00f3fobos"}]},{"@type":"WebSite","@id":"https:\/\/www.laguiadepamplona.com\/actualidad\/#website","url":"https:\/\/www.laguiadepamplona.com\/actualidad\/","name":"La gu\u00eda de Pamplona","description":"Noticias de Pamplona","publisher":{"@id":"https:\/\/www.laguiadepamplona.com\/actualidad\/#organization"},"potentialAction":[{"@type":"SearchAction","target":{"@type":"EntryPoint","urlTemplate":"https:\/\/www.laguiadepamplona.com\/actualidad\/?s={search_term_string}"},"query-input":{"@type":"PropertyValueSpecification","valueRequired":true,"valueName":"search_term_string"}}],"inLanguage":"es"},{"@type":"Organization","@id":"https:\/\/www.laguiadepamplona.com\/actualidad\/#organization","name":"La Gu\u00eda de Pamplona \/ Noticias","url":"https:\/\/www.laguiadepamplona.com\/actualidad\/","logo":{"@type":"ImageObject","inLanguage":"es","@id":"https:\/\/www.laguiadepamplona.com\/actualidad\/#\/schema\/logo\/image\/","url":"https:\/\/www.laguiadepamplona.com\/actualidad\/wp-content\/uploads\/2018\/11\/logo-laguiadepamplona18-web1.png","contentUrl":"https:\/\/www.laguiadepamplona.com\/actualidad\/wp-content\/uploads\/2018\/11\/logo-laguiadepamplona18-web1.png","width":600,"height":196,"caption":"La Gu\u00eda de Pamplona \/ Noticias"},"image":{"@id":"https:\/\/www.laguiadepamplona.com\/actualidad\/#\/schema\/logo\/image\/"},"sameAs":["https:\/\/www.facebook.com\/laguiadepamplonacom-133175176762273\/?ref=hl","https:\/\/x.com\/LaGuiadPamplona","https:\/\/www.instagram.com\/la_guia_de_pamplona\/","https:\/\/www.youtube.com\/user\/laguiadepamplona"]},{"@type":"Person","@id":"https:\/\/www.laguiadepamplona.com\/actualidad\/#\/schema\/person\/efe887376f0213d4657c93adc50b1fdb","name":"La Gu\u00eda de Pamplona","image":{"@type":"ImageObject","inLanguage":"es","@id":"https:\/\/secure.gravatar.com\/avatar\/b6992f131dc8d30ab0dff15446e9d346d9dbd95992de0fef795073f5ea83a81c?s=96&d=mm&r=g","url":"https:\/\/secure.gravatar.com\/avatar\/b6992f131dc8d30ab0dff15446e9d346d9dbd95992de0fef795073f5ea83a81c?s=96&d=mm&r=g","contentUrl":"https:\/\/secure.gravatar.com\/avatar\/b6992f131dc8d30ab0dff15446e9d346d9dbd95992de0fef795073f5ea83a81c?s=96&d=mm&r=g","caption":"La Gu\u00eda de Pamplona"}}]}},"post_mailing_queue_ids":[],"_links":{"self":[{"href":"https:\/\/www.laguiadepamplona.com\/actualidad\/wp-json\/wp\/v2\/posts\/40857","targetHints":{"allow":["GET"]}}],"collection":[{"href":"https:\/\/www.laguiadepamplona.com\/actualidad\/wp-json\/wp\/v2\/posts"}],"about":[{"href":"https:\/\/www.laguiadepamplona.com\/actualidad\/wp-json\/wp\/v2\/types\/post"}],"author":[{"embeddable":true,"href":"https:\/\/www.laguiadepamplona.com\/actualidad\/wp-json\/wp\/v2\/users\/1"}],"replies":[{"embeddable":true,"href":"https:\/\/www.laguiadepamplona.com\/actualidad\/wp-json\/wp\/v2\/comments?post=40857"}],"version-history":[{"count":0,"href":"https:\/\/www.laguiadepamplona.com\/actualidad\/wp-json\/wp\/v2\/posts\/40857\/revisions"}],"wp:featuredmedia":[{"embeddable":true,"href":"https:\/\/www.laguiadepamplona.com\/actualidad\/wp-json\/wp\/v2\/media\/40858"}],"wp:attachment":[{"href":"https:\/\/www.laguiadepamplona.com\/actualidad\/wp-json\/wp\/v2\/media?parent=40857"}],"wp:term":[{"taxonomy":"category","embeddable":true,"href":"https:\/\/www.laguiadepamplona.com\/actualidad\/wp-json\/wp\/v2\/categories?post=40857"},{"taxonomy":"post_tag","embeddable":true,"href":"https:\/\/www.laguiadepamplona.com\/actualidad\/wp-json\/wp\/v2\/tags?post=40857"}],"curies":[{"name":"wp","href":"https:\/\/api.w.org\/{rel}","templated":true}]}}