{"id":40823,"date":"2022-06-14T12:26:02","date_gmt":"2022-06-14T10:26:02","guid":{"rendered":"https:\/\/www.laguiadepamplona.com\/actualidad\/?p=40823"},"modified":"2023-04-11T11:48:03","modified_gmt":"2023-04-11T09:48:03","slug":"doce-cursos-gratuitos-dirigidos-a-mujeres-jovenes-y-ninas-conforman-la-oferta-del-centro-ematic-para-el-proximo-verano","status":"publish","type":"post","link":"https:\/\/www.laguiadepamplona.com\/actualidad\/doce-cursos-gratuitos-dirigidos-a-mujeres-jovenes-y-ninas-conforman-la-oferta-del-centro-ematic-para-el-proximo-verano\/","title":{"rendered":"Doce cursos gratuitos dirigidos a mujeres, j\u00f3venes y ni\u00f1as conforman la oferta del Centro EMATIC para el pr\u00f3ximo verano"},"content":{"rendered":"<h5>La inscripci\u00f3n est\u00e1 abierta del 15 al 22 de junio, a trav\u00e9s del 010; las plazas se adjudican por sorteo, con preferencia para empadronadas en Pamplona<\/h5>\n<p><!--more--><\/p>\n<p>Este mi\u00e9rcoles 15 de junio se abren en el tel\u00e9fono 010 \u2013 948 420 100 las inscripciones para los cursos gratuitos de habilidades TIC que oferta el Centro EMATIC para este pr\u00f3ximo verano. Son doce cursos en tres bloques, dirigidos a mujeres mayores de 60 a\u00f1os, a mujeres de todas las edades y a ni\u00f1as y j\u00f3venes de 5 a 16 a\u00f1os. El plazo para apuntarse finaliza en 22 de junio y al d\u00eda siguiente, el 23, se celebrar\u00e1 el sorteo para la adjudicaci\u00f3n de plazas, con preferencia para las mujeres empadronadas en Pamplona.<\/p>\n<p>Los cursos se desarrollar\u00e1n desde la segunda quincena de julio hasta los primeros d\u00edas de septiembre. Todos se llevar\u00e1n a cabo en horario de ma\u00f1ana y su duraci\u00f3n oscila entre una y dos semanas. En el caso de los dos cursos que se imparten online, aquellas participantes que tengan dificultades para utilizar las plataformas de videoconferencia para poder seguirlos, podr\u00e1n solicitar ayuda presencial previa en el Centro EMATIC para poder preparar esas conexiones.<br \/>\n<script async src=\"\/\/pagead2.googlesyndication.com\/pagead\/js\/adsbygoogle.js\"><\/script><br \/>\n<!-- Noticias La Guia de Pamplona --><br \/>\n<ins class=\"adsbygoogle\"\nstyle=\"display:block\"\ndata-ad-client=\"ca-pub-6943679897239327\"\ndata-ad-slot=\"7048180777\"\ndata-ad-format=\"auto\"><\/ins><br \/>\n<script>\n(adsbygoogle = window.adsbygoogle || []).push({});\n<\/script><\/p>\n<p>Un primer bloque de cursos est\u00e1 dirigido a mujeres mayores de 60 a\u00f1os. Se ofertan tres cursos, principalmente, con conceptos a nivel persona usuaria de aspectos habituales en el funcionamiento del d\u00eda a d\u00eda tecnol\u00f3gico. Podr\u00e1n inscribirse a un curso para aprender a usar el m\u00f3vil, del 18 al 29 de julio; a otro para aprender a navegar por internet y a usar el correo electr\u00f3nico, del 1 al 12 de agosto; y a un tercero para aprender a utilizar el ordenador Windows 10, del 16 al 26 de agosto.<\/p>\n<p>Para mujeres de Pamplona sin distinci\u00f3n de edad se han previsto seis cursos. Del 18 al 22 de julio se aprender\u00e1 a organizar y compartir las fotos con Google Photos. Ya en agosto, del 1 al 5 de agosto y online, se impartir\u00e1 un taller para aprender a usar m\u00e9todos de pago electr\u00f3nicos de manera segura. Adem\u00e1s, del 8 al 12 de agosto, se dar\u00e1 formaci\u00f3n para conocer y obtener el certificado digital y DNI electr\u00f3nico y para realiza tramites digitalmente. Del 16 al 19 de agosto, habr\u00e1 un curso para aprender a editar v\u00eddeos e im\u00e1genes con el tel\u00e9fono m\u00f3vil y, del 29 de agosto al 9 de septiembre, sesiones para organizar y gestionar archivos y carpetas en la nube con Google Drive, Microsoft OneDrive. En septiembre, del 5 al 9 de septiembre y de forma online, se hablar\u00e1 sobre aplicaciones \u00fatiles para llevar en el m\u00f3vil como la carpeta personal de Salud, Traductor, EverNote o Google Files.<\/p>\n<p>Para menores de edad se han organizado tres cursos. Las ni\u00f1as de 5 a 8 a\u00f1os pueden apuntarse al taller \u2018\u00a1The foos!\u2019, sobre herramienta para que se introduzcan en el mundo de la programaci\u00f3n a trav\u00e9s del juego, que tendr\u00e1 lugar del 26 al 29 de julio. Del 29 de agosto al 2 de septiembre se llevar\u00e1 a cabo el taller \u2018SuperProgramadoras creativas\u2019 para que ni\u00f1as de 9 a 12 a\u00f1o, aprendan a programar con ToolboX-Academy. Por \u00faltimo, para j\u00f3venes de 13 a 16 a\u00f1os, otro taller para programadoras, titulado \u2018Aprende el lenguaje de programaci\u00f3n Java con ToolboX-Academy\u2019, del 22 al 26 de agosto.<br \/>\n<script async src=\"\/\/pagead2.googlesyndication.com\/pagead\/js\/adsbygoogle.js\"><\/script><br \/>\n<!-- Noticias La Guia de Pamplona --><br \/>\n<ins class=\"adsbygoogle\"\nstyle=\"display:block\"\ndata-ad-client=\"ca-pub-6943679897239327\"\ndata-ad-slot=\"7048180777\"\ndata-ad-format=\"auto\"><\/ins><br \/>\n<script>\n(adsbygoogle = window.adsbygoogle || []).push({});\n<\/script><\/p>\n<p>&nbsp;<\/p>\n<h3>Centro Ematic. Cursos Habilidades TIC para avanzar hacia la igualdad<\/h3>\n<p><span style=\"color: #ff0000;\"><strong>ENRED@ TIC<\/strong><\/span><\/p>\n<ul>\n<li>Para mujeres mayores de 60 a\u00f1os\n<ul>\n<li>Aprende a usar el m\u00f3vil Smartphone. Del 18 al 29 de julio de 9.30 a 11h. (12 plazas)<\/li>\n<li>Aprende a navegar por Internet y usar el correo electr\u00f3nico. Del 1 al 12 de agosto de 11:30 a 13h. (12 plazas)<\/li>\n<li>Aprende a utilizar el ordenador Windows 10. Del 16 al 26 de agosto de 9.30 a 11h. (12 plazas)<\/li>\n<\/ul>\n<\/li>\n<\/ul>\n<p>&nbsp;<\/p>\n<ul>\n<li>Para mujeres de Pamplona sin distinci\u00f3n de edad\n<ul>\n<li>Organiza y comparte tus fotos con Google Photos. Del 18 al 22 de julio de 11.30 a 13h (12 plazas)<\/li>\n<li>Aprende a usar m\u00e9todos de pago electr\u00f3nicos de manera segura. Del 1 al 5 de agosto de 9:30 a 11h. (online 20 plazas)<\/li>\n<li>Aprende para que sirve y como obtener el Certificado digital y DNI electr\u00f3nico. Realiza tramites digitalmente Del 8 al 12 de agosto de 9.30 a 11h. (12 plazas)<\/li>\n<li>Aprende a editar videos e im\u00e1genes con el tel\u00e9fono m\u00f3vil. Del 16 al 19 de agosto de 11.30 a 13h. (12 plazas<\/li>\n<li>Organiza y gestiona tus archivos y carpetas en la nube: Google Drive, Microsoft OneDrive. Del 29 de agosto al 9 de septiembre de 9.30 a 11h. (12 plazas)<\/li>\n<li>Aplicaciones \u00fatiles para llevar en tu m\u00f3vil: <em>Carpeta personal de Salud, Traductor, EverNote, Google Files<\/em>. Del 5 al 9 de septiembre de 11.30 a 13h. (online 20 plazas)<\/li>\n<\/ul>\n<\/li>\n<\/ul>\n<p>&nbsp;<\/p>\n<p><span style=\"color: #ff0000;\"><strong>CRE@ TIC<\/strong><\/span><\/p>\n<ul>\n<li>Ni\u00f1as de 5 a 8 a\u00f1os\n<ul>\n<li>Taller \u00a1THE FOOS!: Herramienta para que se introduzcan en el mundo de la programaci\u00f3n a trav\u00e9s del juego. Del 26 al 29 de julio de 11:30 a 13h. (12 plazas)<\/li>\n<\/ul>\n<\/li>\n<li>Ni\u00f1as de 9 a 12 a\u00f1os\n<ul>\n<li>Taller de SuperProgramadoras creativas: aprende a programar con ToolboX-Academy. Del 29 de agosto al 2 de septiembre de 11:30 a 13h. (12 plazas)<\/li>\n<\/ul>\n<\/li>\n<li>Ni\u00f1as de 13 a 16 a\u00f1os\n<ul>\n<li>Taller programadoras \u201cAprende el lenguaje de programaci\u00f3n Java con ToolboX-Academy\u201d. Del 22 al 26 de agosto de 11:30 a 13h. (12 plazas)<\/li>\n<\/ul>\n<\/li>\n<\/ul>\n<p>&nbsp;<\/p>\n<p><strong><span style=\"color: #ff0000;\">@CCEDETIC<\/span><\/strong><\/p>\n<ul>\n<li>Uso libre de ordenadores con apoyo permanente para resolver dudas y atender dificultades. De lunes a viernes, de 9 a 14h.<\/li>\n<\/ul>\n","protected":false},"excerpt":{"rendered":"<p>La inscripci\u00f3n est\u00e1 abierta del 15 al 22 de junio, a trav\u00e9s del 010; las plazas se adjudican por sorteo, con preferencia para empadronadas en Pamplona<\/p>\n","protected":false},"author":1,"featured_media":40824,"comment_status":"open","ping_status":"closed","sticky":false,"template":"","format":"standard","meta":{"footnotes":""},"categories":[2],"tags":[],"class_list":["post-40823","post","type-post","status-publish","format-standard","has-post-thumbnail","hentry","category-ayuntamiento-pamplona"],"yoast_head":"<!-- This site is optimized with the Yoast SEO plugin v27.3 - https:\/\/yoast.com\/product\/yoast-seo-wordpress\/ -->\n<title>Doce cursos gratuitos dirigidos a mujeres, j\u00f3venes y ni\u00f1as conforman la oferta del Centro EMATIC para el pr\u00f3ximo verano<\/title>\n<meta name=\"description\" content=\"La inscripci\u00f3n est\u00e1 abierta del 15 al 22 de junio, a trav\u00e9s del 010; las plazas se adjudican por sorteo, con preferencia para empadronadas en Pamplona\u00a0\" \/>\n<meta name=\"robots\" content=\"index, follow, max-snippet:-1, max-image-preview:large, max-video-preview:-1\" \/>\n<link rel=\"canonical\" href=\"https:\/\/www.laguiadepamplona.com\/actualidad\/doce-cursos-gratuitos-dirigidos-a-mujeres-jovenes-y-ninas-conforman-la-oferta-del-centro-ematic-para-el-proximo-verano\/\" \/>\n<meta property=\"og:locale\" content=\"es_ES\" \/>\n<meta property=\"og:type\" content=\"article\" \/>\n<meta property=\"og:title\" content=\"Doce cursos gratuitos dirigidos a mujeres, j\u00f3venes y ni\u00f1as conforman la oferta del Centro EMATIC para el pr\u00f3ximo verano\" \/>\n<meta property=\"og:description\" content=\"La inscripci\u00f3n est\u00e1 abierta del 15 al 22 de junio, a trav\u00e9s del 010; las plazas se adjudican por sorteo, con preferencia para empadronadas en Pamplona\u00a0\" \/>\n<meta property=\"og:url\" content=\"https:\/\/www.laguiadepamplona.com\/actualidad\/doce-cursos-gratuitos-dirigidos-a-mujeres-jovenes-y-ninas-conforman-la-oferta-del-centro-ematic-para-el-proximo-verano\/\" \/>\n<meta property=\"og:site_name\" content=\"La Gu\u00eda de Pamplona\" \/>\n<meta property=\"article:publisher\" content=\"https:\/\/www.facebook.com\/laguiadepamplonacom-133175176762273\/?ref=hl\" \/>\n<meta property=\"article:published_time\" content=\"2022-06-14T10:26:02+00:00\" \/>\n<meta property=\"article:modified_time\" content=\"2023-04-11T09:48:03+00:00\" \/>\n<meta property=\"og:image\" content=\"https:\/\/www.laguiadepamplona.com\/actualidad\/wp-content\/uploads\/2022\/06\/ematic_JGV2093_0.webp\" \/>\n\t<meta property=\"og:image:width\" content=\"1920\" \/>\n\t<meta property=\"og:image:height\" content=\"1280\" \/>\n\t<meta property=\"og:image:type\" content=\"image\/webp\" \/>\n<meta name=\"author\" content=\"La Gu\u00eda de Pamplona\" \/>\n<meta name=\"twitter:card\" content=\"summary_large_image\" \/>\n<meta name=\"twitter:creator\" content=\"@LaGuiadPamplona\" \/>\n<meta name=\"twitter:site\" content=\"@LaGuiadPamplona\" \/>\n<meta name=\"twitter:label1\" content=\"Escrito por\" \/>\n\t<meta name=\"twitter:data1\" content=\"La Gu\u00eda de Pamplona\" \/>\n\t<meta name=\"twitter:label2\" content=\"Tiempo de lectura\" \/>\n\t<meta name=\"twitter:data2\" content=\"5 minutos\" \/>\n<script type=\"application\/ld+json\" class=\"yoast-schema-graph\">{\"@context\":\"https:\\\/\\\/schema.org\",\"@graph\":[{\"@type\":\"Article\",\"@id\":\"https:\\\/\\\/www.laguiadepamplona.com\\\/actualidad\\\/doce-cursos-gratuitos-dirigidos-a-mujeres-jovenes-y-ninas-conforman-la-oferta-del-centro-ematic-para-el-proximo-verano\\\/#article\",\"isPartOf\":{\"@id\":\"https:\\\/\\\/www.laguiadepamplona.com\\\/actualidad\\\/doce-cursos-gratuitos-dirigidos-a-mujeres-jovenes-y-ninas-conforman-la-oferta-del-centro-ematic-para-el-proximo-verano\\\/\"},\"author\":{\"name\":\"La Gu\u00eda de Pamplona\",\"@id\":\"https:\\\/\\\/www.laguiadepamplona.com\\\/actualidad\\\/#\\\/schema\\\/person\\\/efe887376f0213d4657c93adc50b1fdb\"},\"headline\":\"Doce cursos gratuitos dirigidos a mujeres, j\u00f3venes y ni\u00f1as conforman la oferta del Centro EMATIC para el pr\u00f3ximo verano\",\"datePublished\":\"2022-06-14T10:26:02+00:00\",\"dateModified\":\"2023-04-11T09:48:03+00:00\",\"mainEntityOfPage\":{\"@id\":\"https:\\\/\\\/www.laguiadepamplona.com\\\/actualidad\\\/doce-cursos-gratuitos-dirigidos-a-mujeres-jovenes-y-ninas-conforman-la-oferta-del-centro-ematic-para-el-proximo-verano\\\/\"},\"wordCount\":884,\"commentCount\":0,\"publisher\":{\"@id\":\"https:\\\/\\\/www.laguiadepamplona.com\\\/actualidad\\\/#organization\"},\"image\":{\"@id\":\"https:\\\/\\\/www.laguiadepamplona.com\\\/actualidad\\\/doce-cursos-gratuitos-dirigidos-a-mujeres-jovenes-y-ninas-conforman-la-oferta-del-centro-ematic-para-el-proximo-verano\\\/#primaryimage\"},\"thumbnailUrl\":\"https:\\\/\\\/www.laguiadepamplona.com\\\/actualidad\\\/wp-content\\\/uploads\\\/2022\\\/06\\\/ematic_JGV2093_0.webp\",\"articleSection\":[\"Ayto Pamplona\"],\"inLanguage\":\"es\",\"potentialAction\":[{\"@type\":\"CommentAction\",\"name\":\"Comment\",\"target\":[\"https:\\\/\\\/www.laguiadepamplona.com\\\/actualidad\\\/doce-cursos-gratuitos-dirigidos-a-mujeres-jovenes-y-ninas-conforman-la-oferta-del-centro-ematic-para-el-proximo-verano\\\/#respond\"]}]},{\"@type\":\"WebPage\",\"@id\":\"https:\\\/\\\/www.laguiadepamplona.com\\\/actualidad\\\/doce-cursos-gratuitos-dirigidos-a-mujeres-jovenes-y-ninas-conforman-la-oferta-del-centro-ematic-para-el-proximo-verano\\\/\",\"url\":\"https:\\\/\\\/www.laguiadepamplona.com\\\/actualidad\\\/doce-cursos-gratuitos-dirigidos-a-mujeres-jovenes-y-ninas-conforman-la-oferta-del-centro-ematic-para-el-proximo-verano\\\/\",\"name\":\"Doce cursos gratuitos dirigidos a mujeres, j\u00f3venes y ni\u00f1as conforman la oferta del Centro EMATIC para el pr\u00f3ximo verano\",\"isPartOf\":{\"@id\":\"https:\\\/\\\/www.laguiadepamplona.com\\\/actualidad\\\/#website\"},\"primaryImageOfPage\":{\"@id\":\"https:\\\/\\\/www.laguiadepamplona.com\\\/actualidad\\\/doce-cursos-gratuitos-dirigidos-a-mujeres-jovenes-y-ninas-conforman-la-oferta-del-centro-ematic-para-el-proximo-verano\\\/#primaryimage\"},\"image\":{\"@id\":\"https:\\\/\\\/www.laguiadepamplona.com\\\/actualidad\\\/doce-cursos-gratuitos-dirigidos-a-mujeres-jovenes-y-ninas-conforman-la-oferta-del-centro-ematic-para-el-proximo-verano\\\/#primaryimage\"},\"thumbnailUrl\":\"https:\\\/\\\/www.laguiadepamplona.com\\\/actualidad\\\/wp-content\\\/uploads\\\/2022\\\/06\\\/ematic_JGV2093_0.webp\",\"datePublished\":\"2022-06-14T10:26:02+00:00\",\"dateModified\":\"2023-04-11T09:48:03+00:00\",\"description\":\"La inscripci\u00f3n est\u00e1 abierta del 15 al 22 de junio, a trav\u00e9s del 010; las plazas se adjudican por sorteo, con preferencia para empadronadas en Pamplona\u00a0\",\"breadcrumb\":{\"@id\":\"https:\\\/\\\/www.laguiadepamplona.com\\\/actualidad\\\/doce-cursos-gratuitos-dirigidos-a-mujeres-jovenes-y-ninas-conforman-la-oferta-del-centro-ematic-para-el-proximo-verano\\\/#breadcrumb\"},\"inLanguage\":\"es\",\"potentialAction\":[{\"@type\":\"ReadAction\",\"target\":[\"https:\\\/\\\/www.laguiadepamplona.com\\\/actualidad\\\/doce-cursos-gratuitos-dirigidos-a-mujeres-jovenes-y-ninas-conforman-la-oferta-del-centro-ematic-para-el-proximo-verano\\\/\"]}]},{\"@type\":\"ImageObject\",\"inLanguage\":\"es\",\"@id\":\"https:\\\/\\\/www.laguiadepamplona.com\\\/actualidad\\\/doce-cursos-gratuitos-dirigidos-a-mujeres-jovenes-y-ninas-conforman-la-oferta-del-centro-ematic-para-el-proximo-verano\\\/#primaryimage\",\"url\":\"https:\\\/\\\/www.laguiadepamplona.com\\\/actualidad\\\/wp-content\\\/uploads\\\/2022\\\/06\\\/ematic_JGV2093_0.webp\",\"contentUrl\":\"https:\\\/\\\/www.laguiadepamplona.com\\\/actualidad\\\/wp-content\\\/uploads\\\/2022\\\/06\\\/ematic_JGV2093_0.webp\",\"width\":1920,\"height\":1280},{\"@type\":\"BreadcrumbList\",\"@id\":\"https:\\\/\\\/www.laguiadepamplona.com\\\/actualidad\\\/doce-cursos-gratuitos-dirigidos-a-mujeres-jovenes-y-ninas-conforman-la-oferta-del-centro-ematic-para-el-proximo-verano\\\/#breadcrumb\",\"itemListElement\":[{\"@type\":\"ListItem\",\"position\":1,\"name\":\"Portada\",\"item\":\"https:\\\/\\\/www.laguiadepamplona.com\\\/actualidad\\\/\"},{\"@type\":\"ListItem\",\"position\":2,\"name\":\"Doce cursos gratuitos dirigidos a mujeres, j\u00f3venes y ni\u00f1as conforman la oferta del Centro EMATIC para el pr\u00f3ximo verano\"}]},{\"@type\":\"WebSite\",\"@id\":\"https:\\\/\\\/www.laguiadepamplona.com\\\/actualidad\\\/#website\",\"url\":\"https:\\\/\\\/www.laguiadepamplona.com\\\/actualidad\\\/\",\"name\":\"La gu\u00eda de Pamplona\",\"description\":\"Noticias de Pamplona\",\"publisher\":{\"@id\":\"https:\\\/\\\/www.laguiadepamplona.com\\\/actualidad\\\/#organization\"},\"potentialAction\":[{\"@type\":\"SearchAction\",\"target\":{\"@type\":\"EntryPoint\",\"urlTemplate\":\"https:\\\/\\\/www.laguiadepamplona.com\\\/actualidad\\\/?s={search_term_string}\"},\"query-input\":{\"@type\":\"PropertyValueSpecification\",\"valueRequired\":true,\"valueName\":\"search_term_string\"}}],\"inLanguage\":\"es\"},{\"@type\":\"Organization\",\"@id\":\"https:\\\/\\\/www.laguiadepamplona.com\\\/actualidad\\\/#organization\",\"name\":\"La Gu\u00eda de Pamplona \\\/ Noticias\",\"url\":\"https:\\\/\\\/www.laguiadepamplona.com\\\/actualidad\\\/\",\"logo\":{\"@type\":\"ImageObject\",\"inLanguage\":\"es\",\"@id\":\"https:\\\/\\\/www.laguiadepamplona.com\\\/actualidad\\\/#\\\/schema\\\/logo\\\/image\\\/\",\"url\":\"https:\\\/\\\/www.laguiadepamplona.com\\\/actualidad\\\/wp-content\\\/uploads\\\/2018\\\/11\\\/logo-laguiadepamplona18-web1.png\",\"contentUrl\":\"https:\\\/\\\/www.laguiadepamplona.com\\\/actualidad\\\/wp-content\\\/uploads\\\/2018\\\/11\\\/logo-laguiadepamplona18-web1.png\",\"width\":600,\"height\":196,\"caption\":\"La Gu\u00eda de Pamplona \\\/ Noticias\"},\"image\":{\"@id\":\"https:\\\/\\\/www.laguiadepamplona.com\\\/actualidad\\\/#\\\/schema\\\/logo\\\/image\\\/\"},\"sameAs\":[\"https:\\\/\\\/www.facebook.com\\\/laguiadepamplonacom-133175176762273\\\/?ref=hl\",\"https:\\\/\\\/x.com\\\/LaGuiadPamplona\",\"https:\\\/\\\/www.instagram.com\\\/la_guia_de_pamplona\\\/\",\"https:\\\/\\\/www.youtube.com\\\/user\\\/laguiadepamplona\"]},{\"@type\":\"Person\",\"@id\":\"https:\\\/\\\/www.laguiadepamplona.com\\\/actualidad\\\/#\\\/schema\\\/person\\\/efe887376f0213d4657c93adc50b1fdb\",\"name\":\"La Gu\u00eda de Pamplona\",\"image\":{\"@type\":\"ImageObject\",\"inLanguage\":\"es\",\"@id\":\"https:\\\/\\\/secure.gravatar.com\\\/avatar\\\/b6992f131dc8d30ab0dff15446e9d346d9dbd95992de0fef795073f5ea83a81c?s=96&d=mm&r=g\",\"url\":\"https:\\\/\\\/secure.gravatar.com\\\/avatar\\\/b6992f131dc8d30ab0dff15446e9d346d9dbd95992de0fef795073f5ea83a81c?s=96&d=mm&r=g\",\"contentUrl\":\"https:\\\/\\\/secure.gravatar.com\\\/avatar\\\/b6992f131dc8d30ab0dff15446e9d346d9dbd95992de0fef795073f5ea83a81c?s=96&d=mm&r=g\",\"caption\":\"La Gu\u00eda de Pamplona\"}}]}<\/script>\n<!-- \/ Yoast SEO plugin. -->","yoast_head_json":{"title":"Doce cursos gratuitos dirigidos a mujeres, j\u00f3venes y ni\u00f1as conforman la oferta del Centro EMATIC para el pr\u00f3ximo verano","description":"La inscripci\u00f3n est\u00e1 abierta del 15 al 22 de junio, a trav\u00e9s del 010; las plazas se adjudican por sorteo, con preferencia para empadronadas en Pamplona\u00a0","robots":{"index":"index","follow":"follow","max-snippet":"max-snippet:-1","max-image-preview":"max-image-preview:large","max-video-preview":"max-video-preview:-1"},"canonical":"https:\/\/www.laguiadepamplona.com\/actualidad\/doce-cursos-gratuitos-dirigidos-a-mujeres-jovenes-y-ninas-conforman-la-oferta-del-centro-ematic-para-el-proximo-verano\/","og_locale":"es_ES","og_type":"article","og_title":"Doce cursos gratuitos dirigidos a mujeres, j\u00f3venes y ni\u00f1as conforman la oferta del Centro EMATIC para el pr\u00f3ximo verano","og_description":"La inscripci\u00f3n est\u00e1 abierta del 15 al 22 de junio, a trav\u00e9s del 010; las plazas se adjudican por sorteo, con preferencia para empadronadas en Pamplona\u00a0","og_url":"https:\/\/www.laguiadepamplona.com\/actualidad\/doce-cursos-gratuitos-dirigidos-a-mujeres-jovenes-y-ninas-conforman-la-oferta-del-centro-ematic-para-el-proximo-verano\/","og_site_name":"La Gu\u00eda de Pamplona","article_publisher":"https:\/\/www.facebook.com\/laguiadepamplonacom-133175176762273\/?ref=hl","article_published_time":"2022-06-14T10:26:02+00:00","article_modified_time":"2023-04-11T09:48:03+00:00","og_image":[{"width":1920,"height":1280,"url":"https:\/\/www.laguiadepamplona.com\/actualidad\/wp-content\/uploads\/2022\/06\/ematic_JGV2093_0.webp","type":"image\/webp"}],"author":"La Gu\u00eda de Pamplona","twitter_card":"summary_large_image","twitter_creator":"@LaGuiadPamplona","twitter_site":"@LaGuiadPamplona","twitter_misc":{"Escrito por":"La Gu\u00eda de Pamplona","Tiempo de lectura":"5 minutos"},"schema":{"@context":"https:\/\/schema.org","@graph":[{"@type":"Article","@id":"https:\/\/www.laguiadepamplona.com\/actualidad\/doce-cursos-gratuitos-dirigidos-a-mujeres-jovenes-y-ninas-conforman-la-oferta-del-centro-ematic-para-el-proximo-verano\/#article","isPartOf":{"@id":"https:\/\/www.laguiadepamplona.com\/actualidad\/doce-cursos-gratuitos-dirigidos-a-mujeres-jovenes-y-ninas-conforman-la-oferta-del-centro-ematic-para-el-proximo-verano\/"},"author":{"name":"La Gu\u00eda de Pamplona","@id":"https:\/\/www.laguiadepamplona.com\/actualidad\/#\/schema\/person\/efe887376f0213d4657c93adc50b1fdb"},"headline":"Doce cursos gratuitos dirigidos a mujeres, j\u00f3venes y ni\u00f1as conforman la oferta del Centro EMATIC para el pr\u00f3ximo verano","datePublished":"2022-06-14T10:26:02+00:00","dateModified":"2023-04-11T09:48:03+00:00","mainEntityOfPage":{"@id":"https:\/\/www.laguiadepamplona.com\/actualidad\/doce-cursos-gratuitos-dirigidos-a-mujeres-jovenes-y-ninas-conforman-la-oferta-del-centro-ematic-para-el-proximo-verano\/"},"wordCount":884,"commentCount":0,"publisher":{"@id":"https:\/\/www.laguiadepamplona.com\/actualidad\/#organization"},"image":{"@id":"https:\/\/www.laguiadepamplona.com\/actualidad\/doce-cursos-gratuitos-dirigidos-a-mujeres-jovenes-y-ninas-conforman-la-oferta-del-centro-ematic-para-el-proximo-verano\/#primaryimage"},"thumbnailUrl":"https:\/\/www.laguiadepamplona.com\/actualidad\/wp-content\/uploads\/2022\/06\/ematic_JGV2093_0.webp","articleSection":["Ayto Pamplona"],"inLanguage":"es","potentialAction":[{"@type":"CommentAction","name":"Comment","target":["https:\/\/www.laguiadepamplona.com\/actualidad\/doce-cursos-gratuitos-dirigidos-a-mujeres-jovenes-y-ninas-conforman-la-oferta-del-centro-ematic-para-el-proximo-verano\/#respond"]}]},{"@type":"WebPage","@id":"https:\/\/www.laguiadepamplona.com\/actualidad\/doce-cursos-gratuitos-dirigidos-a-mujeres-jovenes-y-ninas-conforman-la-oferta-del-centro-ematic-para-el-proximo-verano\/","url":"https:\/\/www.laguiadepamplona.com\/actualidad\/doce-cursos-gratuitos-dirigidos-a-mujeres-jovenes-y-ninas-conforman-la-oferta-del-centro-ematic-para-el-proximo-verano\/","name":"Doce cursos gratuitos dirigidos a mujeres, j\u00f3venes y ni\u00f1as conforman la oferta del Centro EMATIC para el pr\u00f3ximo verano","isPartOf":{"@id":"https:\/\/www.laguiadepamplona.com\/actualidad\/#website"},"primaryImageOfPage":{"@id":"https:\/\/www.laguiadepamplona.com\/actualidad\/doce-cursos-gratuitos-dirigidos-a-mujeres-jovenes-y-ninas-conforman-la-oferta-del-centro-ematic-para-el-proximo-verano\/#primaryimage"},"image":{"@id":"https:\/\/www.laguiadepamplona.com\/actualidad\/doce-cursos-gratuitos-dirigidos-a-mujeres-jovenes-y-ninas-conforman-la-oferta-del-centro-ematic-para-el-proximo-verano\/#primaryimage"},"thumbnailUrl":"https:\/\/www.laguiadepamplona.com\/actualidad\/wp-content\/uploads\/2022\/06\/ematic_JGV2093_0.webp","datePublished":"2022-06-14T10:26:02+00:00","dateModified":"2023-04-11T09:48:03+00:00","description":"La inscripci\u00f3n est\u00e1 abierta del 15 al 22 de junio, a trav\u00e9s del 010; las plazas se adjudican por sorteo, con preferencia para empadronadas en Pamplona\u00a0","breadcrumb":{"@id":"https:\/\/www.laguiadepamplona.com\/actualidad\/doce-cursos-gratuitos-dirigidos-a-mujeres-jovenes-y-ninas-conforman-la-oferta-del-centro-ematic-para-el-proximo-verano\/#breadcrumb"},"inLanguage":"es","potentialAction":[{"@type":"ReadAction","target":["https:\/\/www.laguiadepamplona.com\/actualidad\/doce-cursos-gratuitos-dirigidos-a-mujeres-jovenes-y-ninas-conforman-la-oferta-del-centro-ematic-para-el-proximo-verano\/"]}]},{"@type":"ImageObject","inLanguage":"es","@id":"https:\/\/www.laguiadepamplona.com\/actualidad\/doce-cursos-gratuitos-dirigidos-a-mujeres-jovenes-y-ninas-conforman-la-oferta-del-centro-ematic-para-el-proximo-verano\/#primaryimage","url":"https:\/\/www.laguiadepamplona.com\/actualidad\/wp-content\/uploads\/2022\/06\/ematic_JGV2093_0.webp","contentUrl":"https:\/\/www.laguiadepamplona.com\/actualidad\/wp-content\/uploads\/2022\/06\/ematic_JGV2093_0.webp","width":1920,"height":1280},{"@type":"BreadcrumbList","@id":"https:\/\/www.laguiadepamplona.com\/actualidad\/doce-cursos-gratuitos-dirigidos-a-mujeres-jovenes-y-ninas-conforman-la-oferta-del-centro-ematic-para-el-proximo-verano\/#breadcrumb","itemListElement":[{"@type":"ListItem","position":1,"name":"Portada","item":"https:\/\/www.laguiadepamplona.com\/actualidad\/"},{"@type":"ListItem","position":2,"name":"Doce cursos gratuitos dirigidos a mujeres, j\u00f3venes y ni\u00f1as conforman la oferta del Centro EMATIC para el pr\u00f3ximo verano"}]},{"@type":"WebSite","@id":"https:\/\/www.laguiadepamplona.com\/actualidad\/#website","url":"https:\/\/www.laguiadepamplona.com\/actualidad\/","name":"La gu\u00eda de Pamplona","description":"Noticias de Pamplona","publisher":{"@id":"https:\/\/www.laguiadepamplona.com\/actualidad\/#organization"},"potentialAction":[{"@type":"SearchAction","target":{"@type":"EntryPoint","urlTemplate":"https:\/\/www.laguiadepamplona.com\/actualidad\/?s={search_term_string}"},"query-input":{"@type":"PropertyValueSpecification","valueRequired":true,"valueName":"search_term_string"}}],"inLanguage":"es"},{"@type":"Organization","@id":"https:\/\/www.laguiadepamplona.com\/actualidad\/#organization","name":"La Gu\u00eda de Pamplona \/ Noticias","url":"https:\/\/www.laguiadepamplona.com\/actualidad\/","logo":{"@type":"ImageObject","inLanguage":"es","@id":"https:\/\/www.laguiadepamplona.com\/actualidad\/#\/schema\/logo\/image\/","url":"https:\/\/www.laguiadepamplona.com\/actualidad\/wp-content\/uploads\/2018\/11\/logo-laguiadepamplona18-web1.png","contentUrl":"https:\/\/www.laguiadepamplona.com\/actualidad\/wp-content\/uploads\/2018\/11\/logo-laguiadepamplona18-web1.png","width":600,"height":196,"caption":"La Gu\u00eda de Pamplona \/ Noticias"},"image":{"@id":"https:\/\/www.laguiadepamplona.com\/actualidad\/#\/schema\/logo\/image\/"},"sameAs":["https:\/\/www.facebook.com\/laguiadepamplonacom-133175176762273\/?ref=hl","https:\/\/x.com\/LaGuiadPamplona","https:\/\/www.instagram.com\/la_guia_de_pamplona\/","https:\/\/www.youtube.com\/user\/laguiadepamplona"]},{"@type":"Person","@id":"https:\/\/www.laguiadepamplona.com\/actualidad\/#\/schema\/person\/efe887376f0213d4657c93adc50b1fdb","name":"La Gu\u00eda de Pamplona","image":{"@type":"ImageObject","inLanguage":"es","@id":"https:\/\/secure.gravatar.com\/avatar\/b6992f131dc8d30ab0dff15446e9d346d9dbd95992de0fef795073f5ea83a81c?s=96&d=mm&r=g","url":"https:\/\/secure.gravatar.com\/avatar\/b6992f131dc8d30ab0dff15446e9d346d9dbd95992de0fef795073f5ea83a81c?s=96&d=mm&r=g","contentUrl":"https:\/\/secure.gravatar.com\/avatar\/b6992f131dc8d30ab0dff15446e9d346d9dbd95992de0fef795073f5ea83a81c?s=96&d=mm&r=g","caption":"La Gu\u00eda de Pamplona"}}]}},"post_mailing_queue_ids":[],"_links":{"self":[{"href":"https:\/\/www.laguiadepamplona.com\/actualidad\/wp-json\/wp\/v2\/posts\/40823","targetHints":{"allow":["GET"]}}],"collection":[{"href":"https:\/\/www.laguiadepamplona.com\/actualidad\/wp-json\/wp\/v2\/posts"}],"about":[{"href":"https:\/\/www.laguiadepamplona.com\/actualidad\/wp-json\/wp\/v2\/types\/post"}],"author":[{"embeddable":true,"href":"https:\/\/www.laguiadepamplona.com\/actualidad\/wp-json\/wp\/v2\/users\/1"}],"replies":[{"embeddable":true,"href":"https:\/\/www.laguiadepamplona.com\/actualidad\/wp-json\/wp\/v2\/comments?post=40823"}],"version-history":[{"count":0,"href":"https:\/\/www.laguiadepamplona.com\/actualidad\/wp-json\/wp\/v2\/posts\/40823\/revisions"}],"wp:featuredmedia":[{"embeddable":true,"href":"https:\/\/www.laguiadepamplona.com\/actualidad\/wp-json\/wp\/v2\/media\/40824"}],"wp:attachment":[{"href":"https:\/\/www.laguiadepamplona.com\/actualidad\/wp-json\/wp\/v2\/media?parent=40823"}],"wp:term":[{"taxonomy":"category","embeddable":true,"href":"https:\/\/www.laguiadepamplona.com\/actualidad\/wp-json\/wp\/v2\/categories?post=40823"},{"taxonomy":"post_tag","embeddable":true,"href":"https:\/\/www.laguiadepamplona.com\/actualidad\/wp-json\/wp\/v2\/tags?post=40823"}],"curies":[{"name":"wp","href":"https:\/\/api.w.org\/{rel}","templated":true}]}}