{"id":40820,"date":"2022-06-14T12:23:57","date_gmt":"2022-06-14T10:23:57","guid":{"rendered":"https:\/\/www.laguiadepamplona.com\/actualidad\/?p=40820"},"modified":"2023-04-11T11:48:03","modified_gmt":"2023-04-11T09:48:03","slug":"el-ayuntamiento-de-pamplona-recibira-el-lunes-11-de-julio-dia-infantil-en-los-proximos-sanfermines-a-quince-ninos-y-ninas-nacidos-tras-las-ultimas-fiestas-de-2019","status":"publish","type":"post","link":"https:\/\/www.laguiadepamplona.com\/actualidad\/el-ayuntamiento-de-pamplona-recibira-el-lunes-11-de-julio-dia-infantil-en-los-proximos-sanfermines-a-quince-ninos-y-ninas-nacidos-tras-las-ultimas-fiestas-de-2019\/","title":{"rendered":"El Ayuntamiento de Pamplona recibir\u00e1 el lunes 11 de julio, D\u00eda Infantil en los pr\u00f3ximos Sanfermines, a quince ni\u00f1os y ni\u00f1as nacidos tras las \u00faltimas fiestas de 2019"},"content":{"rendered":"<h5>Del 15 al 21 de junio, se podr\u00e1n inscribir en el 010 y en <a href=\"http:\/\/www.pamplona.es\" target=\"_blank\" rel=\"noopener\">www.pamplona.es<\/a> para participar en el sorteo que determinar\u00e1 qu\u00e9 ni\u00f1os y ni\u00f1as podr\u00e1n acudir<\/h5>\n<p><!--more--><\/p>\n<p>El Ayuntamiento de Pamplona quiere homenajear en los pr\u00f3ximos Sanfermines a los ni\u00f1os y las ni\u00f1as que todav\u00eda no han vivido unas fiestas. La suspensi\u00f3n en los dos \u00faltimos a\u00f1os ha tenido como consecuencia que miles de beb\u00e9s nacidos desde mediados de julio de 2019 no hayan conocido unos Sanfermines ni hayan acompa\u00f1ado a la comparsa de Gigantes y Cabezudos, entre otros \u2018momenticos\u2019 infantiles.<br \/>\n<script async src=\"\/\/pagead2.googlesyndication.com\/pagead\/js\/adsbygoogle.js\"><\/script><br \/>\n<!-- Noticias La Guia de Pamplona --><br \/>\n<ins class=\"adsbygoogle\"\nstyle=\"display:block\"\ndata-ad-client=\"ca-pub-6943679897239327\"\ndata-ad-slot=\"7048180777\"\ndata-ad-format=\"auto\"><\/ins><br \/>\n<script>\n(adsbygoogle = window.adsbygoogle || []).push({});\n<\/script><\/p>\n<p>El Consistorio quiere reconocer esa espera y tener un detalle con esos peque\u00f1os y peque\u00f1as, coincidiendo con el D\u00eda Infantil en San Ferm\u00edn, que se celebrar\u00e1 el lunes 11 de julio. Ese d\u00eda, a las 13 horas, se llevar\u00e1 a cabo una recepci\u00f3n institucional en la Casa Consistorial a quince ni\u00f1os y ni\u00f1as nacidos entre el 15 de julio de 2019 y el 21 de junio de 2022. La elecci\u00f3n de esos menores se llevar\u00e1 a cabo por sorteo tras un periodo de inscripci\u00f3n que comenzar\u00e1 este mi\u00e9rcoles 15 de junio y finalizar\u00e1 el d\u00eda 21.<\/p>\n<p>Las inscripciones se podr\u00e1n realizar por dos v\u00edas, a trav\u00e9s del tel\u00e9fono 010 \u2013 948 420 100 y a trav\u00e9s de la web municipal, <a href=\"http:\/\/www.pamplona.es\" target=\"_blank\" rel=\"noopener\">www.pamplona.es<\/a>. Podr\u00e1n apuntarse ni\u00f1os y ni\u00f1as nacidos que hayan nacido en Pamplona y con empadronamiento en la ciudad. En la solicitud de inscripci\u00f3n se deber\u00e1n registrar nombre, apellido y DNI del padre o madre, nombre y apellidos del hijo o hija y un tel\u00e9fono de contacto y\/o correo electr\u00f3nico para las notificaciones correspondientes. Con cada menor seleccionado podr\u00e1n acudir hasta dos acompa\u00f1antes. El sorteo se llevar\u00e1 a cabo el mi\u00e9rcoles 22 de junio.<br \/>\n<script async src=\"\/\/pagead2.googlesyndication.com\/pagead\/js\/adsbygoogle.js\"><\/script><br \/>\n<!-- Noticias La Guia de Pamplona --><br \/>\n<ins class=\"adsbygoogle\"\nstyle=\"display:block\"\ndata-ad-client=\"ca-pub-6943679897239327\"\ndata-ad-slot=\"7048180777\"\ndata-ad-format=\"auto\"><\/ins><br \/>\n<script>\n(adsbygoogle = window.adsbygoogle || []).push({});\n<\/script><\/p>\n<p>Ante la imposibilidad de poder invitar a todos los ni\u00f1os y ni\u00f1as nacidas en ese periodo sin Sanfermines por la falta de espacio f\u00edsico en los edificios municipales, el Ayuntamiento de Pamplona quiere que esos quince menores sean la representaci\u00f3n de quienes este a\u00f1o vivir\u00e1n sus primeros Sanfermines.<\/p>\n","protected":false},"excerpt":{"rendered":"<p>Del 15 al 21 de junio, se podr\u00e1n inscribir en el 010 y en www.pamplona.es para participar en el sorteo que determinar\u00e1 qu\u00e9 ni\u00f1os y ni\u00f1as podr\u00e1n acudir<\/p>\n","protected":false},"author":1,"featured_media":40821,"comment_status":"open","ping_status":"closed","sticky":false,"template":"","format":"standard","meta":{"footnotes":""},"categories":[2,9406],"tags":[],"class_list":["post-40820","post","type-post","status-publish","format-standard","has-post-thumbnail","hentry","category-ayuntamiento-pamplona","category-san-fermin"],"yoast_head":"<!-- This site is optimized with the Yoast SEO plugin v27.5 - https:\/\/yoast.com\/product\/yoast-seo-wordpress\/ -->\n<title>El Ayuntamiento de Pamplona recibir\u00e1 el lunes 11 de julio, D\u00eda Infantil en los pr\u00f3ximos Sanfermines, a quince ni\u00f1os y ni\u00f1as nacidos tras las \u00faltimas fiestas de 2019<\/title>\n<meta name=\"description\" content=\"Del 15 al 21 de junio, se podr\u00e1n inscribir en el 010 y en www.pamplona.es para participar en el sorteo que determinar\u00e1 qu\u00e9 ni\u00f1os y ni\u00f1as podr\u00e1n acudir\" \/>\n<meta name=\"robots\" content=\"index, follow, max-snippet:-1, max-image-preview:large, max-video-preview:-1\" \/>\n<link rel=\"canonical\" href=\"https:\/\/www.laguiadepamplona.com\/actualidad\/el-ayuntamiento-de-pamplona-recibira-el-lunes-11-de-julio-dia-infantil-en-los-proximos-sanfermines-a-quince-ninos-y-ninas-nacidos-tras-las-ultimas-fiestas-de-2019\/\" \/>\n<meta property=\"og:locale\" content=\"es_ES\" \/>\n<meta property=\"og:type\" content=\"article\" \/>\n<meta property=\"og:title\" content=\"El Ayuntamiento de Pamplona recibir\u00e1 el lunes 11 de julio, D\u00eda Infantil en los pr\u00f3ximos Sanfermines, a quince ni\u00f1os y ni\u00f1as nacidos tras las \u00faltimas fiestas de 2019\" \/>\n<meta property=\"og:description\" content=\"Del 15 al 21 de junio, se podr\u00e1n inscribir en el 010 y en www.pamplona.es para participar en el sorteo que determinar\u00e1 qu\u00e9 ni\u00f1os y ni\u00f1as podr\u00e1n acudir\" \/>\n<meta property=\"og:url\" content=\"https:\/\/www.laguiadepamplona.com\/actualidad\/el-ayuntamiento-de-pamplona-recibira-el-lunes-11-de-julio-dia-infantil-en-los-proximos-sanfermines-a-quince-ninos-y-ninas-nacidos-tras-las-ultimas-fiestas-de-2019\/\" \/>\n<meta property=\"og:site_name\" content=\"La Gu\u00eda de Pamplona\" \/>\n<meta property=\"article:publisher\" content=\"https:\/\/www.facebook.com\/laguiadepamplonacom-133175176762273\/?ref=hl\" \/>\n<meta property=\"article:published_time\" content=\"2022-06-14T10:23:57+00:00\" \/>\n<meta property=\"article:modified_time\" content=\"2023-04-11T09:48:03+00:00\" \/>\n<meta property=\"og:image\" content=\"https:\/\/www.laguiadepamplona.com\/actualidad\/wp-content\/uploads\/2022\/06\/ninos-marionetas-san-fermin.webp\" \/>\n\t<meta property=\"og:image:width\" content=\"1784\" \/>\n\t<meta property=\"og:image:height\" content=\"1190\" \/>\n\t<meta property=\"og:image:type\" content=\"image\/webp\" \/>\n<meta name=\"author\" content=\"La Gu\u00eda de Pamplona\" \/>\n<meta name=\"twitter:card\" content=\"summary_large_image\" \/>\n<meta name=\"twitter:creator\" content=\"@LaGuiadPamplona\" \/>\n<meta name=\"twitter:site\" content=\"@LaGuiadPamplona\" \/>\n<meta name=\"twitter:label1\" content=\"Escrito por\" \/>\n\t<meta name=\"twitter:data1\" content=\"La Gu\u00eda de Pamplona\" \/>\n\t<meta name=\"twitter:label2\" content=\"Tiempo de lectura\" \/>\n\t<meta name=\"twitter:data2\" content=\"2 minutos\" \/>\n<script type=\"application\/ld+json\" class=\"yoast-schema-graph\">{\"@context\":\"https:\\\/\\\/schema.org\",\"@graph\":[{\"@type\":\"Article\",\"@id\":\"https:\\\/\\\/www.laguiadepamplona.com\\\/actualidad\\\/el-ayuntamiento-de-pamplona-recibira-el-lunes-11-de-julio-dia-infantil-en-los-proximos-sanfermines-a-quince-ninos-y-ninas-nacidos-tras-las-ultimas-fiestas-de-2019\\\/#article\",\"isPartOf\":{\"@id\":\"https:\\\/\\\/www.laguiadepamplona.com\\\/actualidad\\\/el-ayuntamiento-de-pamplona-recibira-el-lunes-11-de-julio-dia-infantil-en-los-proximos-sanfermines-a-quince-ninos-y-ninas-nacidos-tras-las-ultimas-fiestas-de-2019\\\/\"},\"author\":{\"name\":\"La Gu\u00eda de Pamplona\",\"@id\":\"https:\\\/\\\/www.laguiadepamplona.com\\\/actualidad\\\/#\\\/schema\\\/person\\\/efe887376f0213d4657c93adc50b1fdb\"},\"headline\":\"El Ayuntamiento de Pamplona recibir\u00e1 el lunes 11 de julio, D\u00eda Infantil en los pr\u00f3ximos Sanfermines, a quince ni\u00f1os y ni\u00f1as nacidos tras las \u00faltimas fiestas de 2019\",\"datePublished\":\"2022-06-14T10:23:57+00:00\",\"dateModified\":\"2023-04-11T09:48:03+00:00\",\"mainEntityOfPage\":{\"@id\":\"https:\\\/\\\/www.laguiadepamplona.com\\\/actualidad\\\/el-ayuntamiento-de-pamplona-recibira-el-lunes-11-de-julio-dia-infantil-en-los-proximos-sanfermines-a-quince-ninos-y-ninas-nacidos-tras-las-ultimas-fiestas-de-2019\\\/\"},\"wordCount\":395,\"commentCount\":0,\"publisher\":{\"@id\":\"https:\\\/\\\/www.laguiadepamplona.com\\\/actualidad\\\/#organization\"},\"image\":{\"@id\":\"https:\\\/\\\/www.laguiadepamplona.com\\\/actualidad\\\/el-ayuntamiento-de-pamplona-recibira-el-lunes-11-de-julio-dia-infantil-en-los-proximos-sanfermines-a-quince-ninos-y-ninas-nacidos-tras-las-ultimas-fiestas-de-2019\\\/#primaryimage\"},\"thumbnailUrl\":\"https:\\\/\\\/www.laguiadepamplona.com\\\/actualidad\\\/wp-content\\\/uploads\\\/2022\\\/06\\\/ninos-marionetas-san-fermin.webp\",\"articleSection\":[\"Ayto Pamplona\",\"San Ferm\u00edn\"],\"inLanguage\":\"es\",\"potentialAction\":[{\"@type\":\"CommentAction\",\"name\":\"Comment\",\"target\":[\"https:\\\/\\\/www.laguiadepamplona.com\\\/actualidad\\\/el-ayuntamiento-de-pamplona-recibira-el-lunes-11-de-julio-dia-infantil-en-los-proximos-sanfermines-a-quince-ninos-y-ninas-nacidos-tras-las-ultimas-fiestas-de-2019\\\/#respond\"]}]},{\"@type\":\"WebPage\",\"@id\":\"https:\\\/\\\/www.laguiadepamplona.com\\\/actualidad\\\/el-ayuntamiento-de-pamplona-recibira-el-lunes-11-de-julio-dia-infantil-en-los-proximos-sanfermines-a-quince-ninos-y-ninas-nacidos-tras-las-ultimas-fiestas-de-2019\\\/\",\"url\":\"https:\\\/\\\/www.laguiadepamplona.com\\\/actualidad\\\/el-ayuntamiento-de-pamplona-recibira-el-lunes-11-de-julio-dia-infantil-en-los-proximos-sanfermines-a-quince-ninos-y-ninas-nacidos-tras-las-ultimas-fiestas-de-2019\\\/\",\"name\":\"El Ayuntamiento de Pamplona recibir\u00e1 el lunes 11 de julio, D\u00eda Infantil en los pr\u00f3ximos Sanfermines, a quince ni\u00f1os y ni\u00f1as nacidos tras las \u00faltimas fiestas de 2019\",\"isPartOf\":{\"@id\":\"https:\\\/\\\/www.laguiadepamplona.com\\\/actualidad\\\/#website\"},\"primaryImageOfPage\":{\"@id\":\"https:\\\/\\\/www.laguiadepamplona.com\\\/actualidad\\\/el-ayuntamiento-de-pamplona-recibira-el-lunes-11-de-julio-dia-infantil-en-los-proximos-sanfermines-a-quince-ninos-y-ninas-nacidos-tras-las-ultimas-fiestas-de-2019\\\/#primaryimage\"},\"image\":{\"@id\":\"https:\\\/\\\/www.laguiadepamplona.com\\\/actualidad\\\/el-ayuntamiento-de-pamplona-recibira-el-lunes-11-de-julio-dia-infantil-en-los-proximos-sanfermines-a-quince-ninos-y-ninas-nacidos-tras-las-ultimas-fiestas-de-2019\\\/#primaryimage\"},\"thumbnailUrl\":\"https:\\\/\\\/www.laguiadepamplona.com\\\/actualidad\\\/wp-content\\\/uploads\\\/2022\\\/06\\\/ninos-marionetas-san-fermin.webp\",\"datePublished\":\"2022-06-14T10:23:57+00:00\",\"dateModified\":\"2023-04-11T09:48:03+00:00\",\"description\":\"Del 15 al 21 de junio, se podr\u00e1n inscribir en el 010 y en www.pamplona.es para participar en el sorteo que determinar\u00e1 qu\u00e9 ni\u00f1os y ni\u00f1as podr\u00e1n acudir\",\"breadcrumb\":{\"@id\":\"https:\\\/\\\/www.laguiadepamplona.com\\\/actualidad\\\/el-ayuntamiento-de-pamplona-recibira-el-lunes-11-de-julio-dia-infantil-en-los-proximos-sanfermines-a-quince-ninos-y-ninas-nacidos-tras-las-ultimas-fiestas-de-2019\\\/#breadcrumb\"},\"inLanguage\":\"es\",\"potentialAction\":[{\"@type\":\"ReadAction\",\"target\":[\"https:\\\/\\\/www.laguiadepamplona.com\\\/actualidad\\\/el-ayuntamiento-de-pamplona-recibira-el-lunes-11-de-julio-dia-infantil-en-los-proximos-sanfermines-a-quince-ninos-y-ninas-nacidos-tras-las-ultimas-fiestas-de-2019\\\/\"]}]},{\"@type\":\"ImageObject\",\"inLanguage\":\"es\",\"@id\":\"https:\\\/\\\/www.laguiadepamplona.com\\\/actualidad\\\/el-ayuntamiento-de-pamplona-recibira-el-lunes-11-de-julio-dia-infantil-en-los-proximos-sanfermines-a-quince-ninos-y-ninas-nacidos-tras-las-ultimas-fiestas-de-2019\\\/#primaryimage\",\"url\":\"https:\\\/\\\/www.laguiadepamplona.com\\\/actualidad\\\/wp-content\\\/uploads\\\/2022\\\/06\\\/ninos-marionetas-san-fermin.webp\",\"contentUrl\":\"https:\\\/\\\/www.laguiadepamplona.com\\\/actualidad\\\/wp-content\\\/uploads\\\/2022\\\/06\\\/ninos-marionetas-san-fermin.webp\",\"width\":1784,\"height\":1190},{\"@type\":\"BreadcrumbList\",\"@id\":\"https:\\\/\\\/www.laguiadepamplona.com\\\/actualidad\\\/el-ayuntamiento-de-pamplona-recibira-el-lunes-11-de-julio-dia-infantil-en-los-proximos-sanfermines-a-quince-ninos-y-ninas-nacidos-tras-las-ultimas-fiestas-de-2019\\\/#breadcrumb\",\"itemListElement\":[{\"@type\":\"ListItem\",\"position\":1,\"name\":\"Portada\",\"item\":\"https:\\\/\\\/www.laguiadepamplona.com\\\/actualidad\\\/\"},{\"@type\":\"ListItem\",\"position\":2,\"name\":\"El Ayuntamiento de Pamplona recibir\u00e1 el lunes 11 de julio, D\u00eda Infantil en los pr\u00f3ximos Sanfermines, a quince ni\u00f1os y ni\u00f1as nacidos tras las \u00faltimas fiestas de 2019\"}]},{\"@type\":\"WebSite\",\"@id\":\"https:\\\/\\\/www.laguiadepamplona.com\\\/actualidad\\\/#website\",\"url\":\"https:\\\/\\\/www.laguiadepamplona.com\\\/actualidad\\\/\",\"name\":\"La gu\u00eda de Pamplona\",\"description\":\"Noticias de Pamplona\",\"publisher\":{\"@id\":\"https:\\\/\\\/www.laguiadepamplona.com\\\/actualidad\\\/#organization\"},\"potentialAction\":[{\"@type\":\"SearchAction\",\"target\":{\"@type\":\"EntryPoint\",\"urlTemplate\":\"https:\\\/\\\/www.laguiadepamplona.com\\\/actualidad\\\/?s={search_term_string}\"},\"query-input\":{\"@type\":\"PropertyValueSpecification\",\"valueRequired\":true,\"valueName\":\"search_term_string\"}}],\"inLanguage\":\"es\"},{\"@type\":\"Organization\",\"@id\":\"https:\\\/\\\/www.laguiadepamplona.com\\\/actualidad\\\/#organization\",\"name\":\"La Gu\u00eda de Pamplona \\\/ Noticias\",\"url\":\"https:\\\/\\\/www.laguiadepamplona.com\\\/actualidad\\\/\",\"logo\":{\"@type\":\"ImageObject\",\"inLanguage\":\"es\",\"@id\":\"https:\\\/\\\/www.laguiadepamplona.com\\\/actualidad\\\/#\\\/schema\\\/logo\\\/image\\\/\",\"url\":\"https:\\\/\\\/www.laguiadepamplona.com\\\/actualidad\\\/wp-content\\\/uploads\\\/2018\\\/11\\\/logo-laguiadepamplona18-web1.png\",\"contentUrl\":\"https:\\\/\\\/www.laguiadepamplona.com\\\/actualidad\\\/wp-content\\\/uploads\\\/2018\\\/11\\\/logo-laguiadepamplona18-web1.png\",\"width\":600,\"height\":196,\"caption\":\"La Gu\u00eda de Pamplona \\\/ Noticias\"},\"image\":{\"@id\":\"https:\\\/\\\/www.laguiadepamplona.com\\\/actualidad\\\/#\\\/schema\\\/logo\\\/image\\\/\"},\"sameAs\":[\"https:\\\/\\\/www.facebook.com\\\/laguiadepamplonacom-133175176762273\\\/?ref=hl\",\"https:\\\/\\\/x.com\\\/LaGuiadPamplona\",\"https:\\\/\\\/www.instagram.com\\\/la_guia_de_pamplona\\\/\",\"https:\\\/\\\/www.youtube.com\\\/user\\\/laguiadepamplona\"]},{\"@type\":\"Person\",\"@id\":\"https:\\\/\\\/www.laguiadepamplona.com\\\/actualidad\\\/#\\\/schema\\\/person\\\/efe887376f0213d4657c93adc50b1fdb\",\"name\":\"La Gu\u00eda de Pamplona\",\"image\":{\"@type\":\"ImageObject\",\"inLanguage\":\"es\",\"@id\":\"https:\\\/\\\/secure.gravatar.com\\\/avatar\\\/b6992f131dc8d30ab0dff15446e9d346d9dbd95992de0fef795073f5ea83a81c?s=96&d=mm&r=g\",\"url\":\"https:\\\/\\\/secure.gravatar.com\\\/avatar\\\/b6992f131dc8d30ab0dff15446e9d346d9dbd95992de0fef795073f5ea83a81c?s=96&d=mm&r=g\",\"contentUrl\":\"https:\\\/\\\/secure.gravatar.com\\\/avatar\\\/b6992f131dc8d30ab0dff15446e9d346d9dbd95992de0fef795073f5ea83a81c?s=96&d=mm&r=g\",\"caption\":\"La Gu\u00eda de Pamplona\"}}]}<\/script>\n<!-- \/ Yoast SEO plugin. -->","yoast_head_json":{"title":"El Ayuntamiento de Pamplona recibir\u00e1 el lunes 11 de julio, D\u00eda Infantil en los pr\u00f3ximos Sanfermines, a quince ni\u00f1os y ni\u00f1as nacidos tras las \u00faltimas fiestas de 2019","description":"Del 15 al 21 de junio, se podr\u00e1n inscribir en el 010 y en www.pamplona.es para participar en el sorteo que determinar\u00e1 qu\u00e9 ni\u00f1os y ni\u00f1as podr\u00e1n acudir","robots":{"index":"index","follow":"follow","max-snippet":"max-snippet:-1","max-image-preview":"max-image-preview:large","max-video-preview":"max-video-preview:-1"},"canonical":"https:\/\/www.laguiadepamplona.com\/actualidad\/el-ayuntamiento-de-pamplona-recibira-el-lunes-11-de-julio-dia-infantil-en-los-proximos-sanfermines-a-quince-ninos-y-ninas-nacidos-tras-las-ultimas-fiestas-de-2019\/","og_locale":"es_ES","og_type":"article","og_title":"El Ayuntamiento de Pamplona recibir\u00e1 el lunes 11 de julio, D\u00eda Infantil en los pr\u00f3ximos Sanfermines, a quince ni\u00f1os y ni\u00f1as nacidos tras las \u00faltimas fiestas de 2019","og_description":"Del 15 al 21 de junio, se podr\u00e1n inscribir en el 010 y en www.pamplona.es para participar en el sorteo que determinar\u00e1 qu\u00e9 ni\u00f1os y ni\u00f1as podr\u00e1n acudir","og_url":"https:\/\/www.laguiadepamplona.com\/actualidad\/el-ayuntamiento-de-pamplona-recibira-el-lunes-11-de-julio-dia-infantil-en-los-proximos-sanfermines-a-quince-ninos-y-ninas-nacidos-tras-las-ultimas-fiestas-de-2019\/","og_site_name":"La Gu\u00eda de Pamplona","article_publisher":"https:\/\/www.facebook.com\/laguiadepamplonacom-133175176762273\/?ref=hl","article_published_time":"2022-06-14T10:23:57+00:00","article_modified_time":"2023-04-11T09:48:03+00:00","og_image":[{"width":1784,"height":1190,"url":"https:\/\/www.laguiadepamplona.com\/actualidad\/wp-content\/uploads\/2022\/06\/ninos-marionetas-san-fermin.webp","type":"image\/webp"}],"author":"La Gu\u00eda de Pamplona","twitter_card":"summary_large_image","twitter_creator":"@LaGuiadPamplona","twitter_site":"@LaGuiadPamplona","twitter_misc":{"Escrito por":"La Gu\u00eda de Pamplona","Tiempo de lectura":"2 minutos"},"schema":{"@context":"https:\/\/schema.org","@graph":[{"@type":"Article","@id":"https:\/\/www.laguiadepamplona.com\/actualidad\/el-ayuntamiento-de-pamplona-recibira-el-lunes-11-de-julio-dia-infantil-en-los-proximos-sanfermines-a-quince-ninos-y-ninas-nacidos-tras-las-ultimas-fiestas-de-2019\/#article","isPartOf":{"@id":"https:\/\/www.laguiadepamplona.com\/actualidad\/el-ayuntamiento-de-pamplona-recibira-el-lunes-11-de-julio-dia-infantil-en-los-proximos-sanfermines-a-quince-ninos-y-ninas-nacidos-tras-las-ultimas-fiestas-de-2019\/"},"author":{"name":"La Gu\u00eda de Pamplona","@id":"https:\/\/www.laguiadepamplona.com\/actualidad\/#\/schema\/person\/efe887376f0213d4657c93adc50b1fdb"},"headline":"El Ayuntamiento de Pamplona recibir\u00e1 el lunes 11 de julio, D\u00eda Infantil en los pr\u00f3ximos Sanfermines, a quince ni\u00f1os y ni\u00f1as nacidos tras las \u00faltimas fiestas de 2019","datePublished":"2022-06-14T10:23:57+00:00","dateModified":"2023-04-11T09:48:03+00:00","mainEntityOfPage":{"@id":"https:\/\/www.laguiadepamplona.com\/actualidad\/el-ayuntamiento-de-pamplona-recibira-el-lunes-11-de-julio-dia-infantil-en-los-proximos-sanfermines-a-quince-ninos-y-ninas-nacidos-tras-las-ultimas-fiestas-de-2019\/"},"wordCount":395,"commentCount":0,"publisher":{"@id":"https:\/\/www.laguiadepamplona.com\/actualidad\/#organization"},"image":{"@id":"https:\/\/www.laguiadepamplona.com\/actualidad\/el-ayuntamiento-de-pamplona-recibira-el-lunes-11-de-julio-dia-infantil-en-los-proximos-sanfermines-a-quince-ninos-y-ninas-nacidos-tras-las-ultimas-fiestas-de-2019\/#primaryimage"},"thumbnailUrl":"https:\/\/www.laguiadepamplona.com\/actualidad\/wp-content\/uploads\/2022\/06\/ninos-marionetas-san-fermin.webp","articleSection":["Ayto Pamplona","San Ferm\u00edn"],"inLanguage":"es","potentialAction":[{"@type":"CommentAction","name":"Comment","target":["https:\/\/www.laguiadepamplona.com\/actualidad\/el-ayuntamiento-de-pamplona-recibira-el-lunes-11-de-julio-dia-infantil-en-los-proximos-sanfermines-a-quince-ninos-y-ninas-nacidos-tras-las-ultimas-fiestas-de-2019\/#respond"]}]},{"@type":"WebPage","@id":"https:\/\/www.laguiadepamplona.com\/actualidad\/el-ayuntamiento-de-pamplona-recibira-el-lunes-11-de-julio-dia-infantil-en-los-proximos-sanfermines-a-quince-ninos-y-ninas-nacidos-tras-las-ultimas-fiestas-de-2019\/","url":"https:\/\/www.laguiadepamplona.com\/actualidad\/el-ayuntamiento-de-pamplona-recibira-el-lunes-11-de-julio-dia-infantil-en-los-proximos-sanfermines-a-quince-ninos-y-ninas-nacidos-tras-las-ultimas-fiestas-de-2019\/","name":"El Ayuntamiento de Pamplona recibir\u00e1 el lunes 11 de julio, D\u00eda Infantil en los pr\u00f3ximos Sanfermines, a quince ni\u00f1os y ni\u00f1as nacidos tras las \u00faltimas fiestas de 2019","isPartOf":{"@id":"https:\/\/www.laguiadepamplona.com\/actualidad\/#website"},"primaryImageOfPage":{"@id":"https:\/\/www.laguiadepamplona.com\/actualidad\/el-ayuntamiento-de-pamplona-recibira-el-lunes-11-de-julio-dia-infantil-en-los-proximos-sanfermines-a-quince-ninos-y-ninas-nacidos-tras-las-ultimas-fiestas-de-2019\/#primaryimage"},"image":{"@id":"https:\/\/www.laguiadepamplona.com\/actualidad\/el-ayuntamiento-de-pamplona-recibira-el-lunes-11-de-julio-dia-infantil-en-los-proximos-sanfermines-a-quince-ninos-y-ninas-nacidos-tras-las-ultimas-fiestas-de-2019\/#primaryimage"},"thumbnailUrl":"https:\/\/www.laguiadepamplona.com\/actualidad\/wp-content\/uploads\/2022\/06\/ninos-marionetas-san-fermin.webp","datePublished":"2022-06-14T10:23:57+00:00","dateModified":"2023-04-11T09:48:03+00:00","description":"Del 15 al 21 de junio, se podr\u00e1n inscribir en el 010 y en www.pamplona.es para participar en el sorteo que determinar\u00e1 qu\u00e9 ni\u00f1os y ni\u00f1as podr\u00e1n acudir","breadcrumb":{"@id":"https:\/\/www.laguiadepamplona.com\/actualidad\/el-ayuntamiento-de-pamplona-recibira-el-lunes-11-de-julio-dia-infantil-en-los-proximos-sanfermines-a-quince-ninos-y-ninas-nacidos-tras-las-ultimas-fiestas-de-2019\/#breadcrumb"},"inLanguage":"es","potentialAction":[{"@type":"ReadAction","target":["https:\/\/www.laguiadepamplona.com\/actualidad\/el-ayuntamiento-de-pamplona-recibira-el-lunes-11-de-julio-dia-infantil-en-los-proximos-sanfermines-a-quince-ninos-y-ninas-nacidos-tras-las-ultimas-fiestas-de-2019\/"]}]},{"@type":"ImageObject","inLanguage":"es","@id":"https:\/\/www.laguiadepamplona.com\/actualidad\/el-ayuntamiento-de-pamplona-recibira-el-lunes-11-de-julio-dia-infantil-en-los-proximos-sanfermines-a-quince-ninos-y-ninas-nacidos-tras-las-ultimas-fiestas-de-2019\/#primaryimage","url":"https:\/\/www.laguiadepamplona.com\/actualidad\/wp-content\/uploads\/2022\/06\/ninos-marionetas-san-fermin.webp","contentUrl":"https:\/\/www.laguiadepamplona.com\/actualidad\/wp-content\/uploads\/2022\/06\/ninos-marionetas-san-fermin.webp","width":1784,"height":1190},{"@type":"BreadcrumbList","@id":"https:\/\/www.laguiadepamplona.com\/actualidad\/el-ayuntamiento-de-pamplona-recibira-el-lunes-11-de-julio-dia-infantil-en-los-proximos-sanfermines-a-quince-ninos-y-ninas-nacidos-tras-las-ultimas-fiestas-de-2019\/#breadcrumb","itemListElement":[{"@type":"ListItem","position":1,"name":"Portada","item":"https:\/\/www.laguiadepamplona.com\/actualidad\/"},{"@type":"ListItem","position":2,"name":"El Ayuntamiento de Pamplona recibir\u00e1 el lunes 11 de julio, D\u00eda Infantil en los pr\u00f3ximos Sanfermines, a quince ni\u00f1os y ni\u00f1as nacidos tras las \u00faltimas fiestas de 2019"}]},{"@type":"WebSite","@id":"https:\/\/www.laguiadepamplona.com\/actualidad\/#website","url":"https:\/\/www.laguiadepamplona.com\/actualidad\/","name":"La gu\u00eda de Pamplona","description":"Noticias de Pamplona","publisher":{"@id":"https:\/\/www.laguiadepamplona.com\/actualidad\/#organization"},"potentialAction":[{"@type":"SearchAction","target":{"@type":"EntryPoint","urlTemplate":"https:\/\/www.laguiadepamplona.com\/actualidad\/?s={search_term_string}"},"query-input":{"@type":"PropertyValueSpecification","valueRequired":true,"valueName":"search_term_string"}}],"inLanguage":"es"},{"@type":"Organization","@id":"https:\/\/www.laguiadepamplona.com\/actualidad\/#organization","name":"La Gu\u00eda de Pamplona \/ Noticias","url":"https:\/\/www.laguiadepamplona.com\/actualidad\/","logo":{"@type":"ImageObject","inLanguage":"es","@id":"https:\/\/www.laguiadepamplona.com\/actualidad\/#\/schema\/logo\/image\/","url":"https:\/\/www.laguiadepamplona.com\/actualidad\/wp-content\/uploads\/2018\/11\/logo-laguiadepamplona18-web1.png","contentUrl":"https:\/\/www.laguiadepamplona.com\/actualidad\/wp-content\/uploads\/2018\/11\/logo-laguiadepamplona18-web1.png","width":600,"height":196,"caption":"La Gu\u00eda de Pamplona \/ Noticias"},"image":{"@id":"https:\/\/www.laguiadepamplona.com\/actualidad\/#\/schema\/logo\/image\/"},"sameAs":["https:\/\/www.facebook.com\/laguiadepamplonacom-133175176762273\/?ref=hl","https:\/\/x.com\/LaGuiadPamplona","https:\/\/www.instagram.com\/la_guia_de_pamplona\/","https:\/\/www.youtube.com\/user\/laguiadepamplona"]},{"@type":"Person","@id":"https:\/\/www.laguiadepamplona.com\/actualidad\/#\/schema\/person\/efe887376f0213d4657c93adc50b1fdb","name":"La Gu\u00eda de Pamplona","image":{"@type":"ImageObject","inLanguage":"es","@id":"https:\/\/secure.gravatar.com\/avatar\/b6992f131dc8d30ab0dff15446e9d346d9dbd95992de0fef795073f5ea83a81c?s=96&d=mm&r=g","url":"https:\/\/secure.gravatar.com\/avatar\/b6992f131dc8d30ab0dff15446e9d346d9dbd95992de0fef795073f5ea83a81c?s=96&d=mm&r=g","contentUrl":"https:\/\/secure.gravatar.com\/avatar\/b6992f131dc8d30ab0dff15446e9d346d9dbd95992de0fef795073f5ea83a81c?s=96&d=mm&r=g","caption":"La Gu\u00eda de Pamplona"}}]}},"post_mailing_queue_ids":[],"_links":{"self":[{"href":"https:\/\/www.laguiadepamplona.com\/actualidad\/wp-json\/wp\/v2\/posts\/40820","targetHints":{"allow":["GET"]}}],"collection":[{"href":"https:\/\/www.laguiadepamplona.com\/actualidad\/wp-json\/wp\/v2\/posts"}],"about":[{"href":"https:\/\/www.laguiadepamplona.com\/actualidad\/wp-json\/wp\/v2\/types\/post"}],"author":[{"embeddable":true,"href":"https:\/\/www.laguiadepamplona.com\/actualidad\/wp-json\/wp\/v2\/users\/1"}],"replies":[{"embeddable":true,"href":"https:\/\/www.laguiadepamplona.com\/actualidad\/wp-json\/wp\/v2\/comments?post=40820"}],"version-history":[{"count":0,"href":"https:\/\/www.laguiadepamplona.com\/actualidad\/wp-json\/wp\/v2\/posts\/40820\/revisions"}],"wp:featuredmedia":[{"embeddable":true,"href":"https:\/\/www.laguiadepamplona.com\/actualidad\/wp-json\/wp\/v2\/media\/40821"}],"wp:attachment":[{"href":"https:\/\/www.laguiadepamplona.com\/actualidad\/wp-json\/wp\/v2\/media?parent=40820"}],"wp:term":[{"taxonomy":"category","embeddable":true,"href":"https:\/\/www.laguiadepamplona.com\/actualidad\/wp-json\/wp\/v2\/categories?post=40820"},{"taxonomy":"post_tag","embeddable":true,"href":"https:\/\/www.laguiadepamplona.com\/actualidad\/wp-json\/wp\/v2\/tags?post=40820"}],"curies":[{"name":"wp","href":"https:\/\/api.w.org\/{rel}","templated":true}]}}