{"id":40815,"date":"2022-06-13T13:33:47","date_gmt":"2022-06-13T11:33:47","guid":{"rendered":"https:\/\/www.laguiadepamplona.com\/actualidad\/?p=40815"},"modified":"2023-04-11T11:48:03","modified_gmt":"2023-04-11T09:48:03","slug":"adjudicado-el-contrato-de-asistencia-tecnica-para-la-gestion-del-plan-de-apoyo-a-mercados-y-zonas-comerciales-urbanas-2021-2022","status":"publish","type":"post","link":"https:\/\/www.laguiadepamplona.com\/actualidad\/adjudicado-el-contrato-de-asistencia-tecnica-para-la-gestion-del-plan-de-apoyo-a-mercados-y-zonas-comerciales-urbanas-2021-2022\/","title":{"rendered":"Adjudicado el contrato de asistencia t\u00e9cnica para la gesti\u00f3n del Plan de Apoyo a Mercados y Zonas Comerciales Urbanas 2021 \u2013 2022"},"content":{"rendered":"<h5>Entre otras labores, el contrato recoge asesoramiento o soporte en el dise\u00f1o y ejecuci\u00f3n de las actuaciones<\/h5>\n<p><!--more--><\/p>\n<p>La Junta de Gobierno Local ha aprobado la adjudicaci\u00f3n de un contrato de asistencia t\u00e9cnica para la gesti\u00f3n del Plan de Apoyo a Mercados y Zonas Comerciales Urbanas 2021 &#8211; 2022, en el que ya trabaja el Ayuntamiento de Pamplona. Se trata de un plan integral con 26 medidas, divididas en cinco ejes de trabajo, que busca la mejora de la competitividad, incentivar y sensibilizar a la poblaci\u00f3n en favor del consumo en el comercio local y la mejora de la accesibilidad de en las zonas con dotaciones comerciales.<\/p>\n<p>El trabajo de la adjudicataria consiste en el dise\u00f1o y puesta en marcha de un modelo de seguimiento, control y evaluaci\u00f3n del proyecto, en la elaboraci\u00f3n del cuadro de mando de ese proyecto, en la elaboraci\u00f3n de informes y memorias, el soporte en la gesti\u00f3n de licitaciones y contrataciones, el soporte en el dise\u00f1o y ejecuci\u00f3n de las actuaciones y en la gesti\u00f3n de agenda y reuniones y, por \u00faltimo, el asesoramiento y soporte general en todas las materias relacionadas con las actuaciones previstas en el proyecto y el soporte para la redacci\u00f3n de solicitudes a las nuevas convocatorias de comercio del a\u00f1o en curso.<\/p>\n<p>Esta asistencia t\u00e9cnica la llevar\u00e1 a cabo la C\u00e1mara de Comercio e Industria de Navarra, adjudicataria del contrato, que cuenta con un importe de 51.000 euros. El desarrollo del plan, no la asistencia t\u00e9cnica cuyo presupuesto asume el propio Ayuntamiento, se enmarca en la financiaci\u00f3n europea a trav\u00e9s de los fondos Next Generation EU vinculados al Plan de Recuperaci\u00f3n, Transformaci\u00f3n y Resiliencia (PRTR). Las medidas y acciones del plan cuentan con un presupuesto total de 2.887.585 euros. La ayuda concedida de los fondos Next Generation asciende a 1.909.151,20 euros.<br \/>\n<script async src=\"\/\/pagead2.googlesyndication.com\/pagead\/js\/adsbygoogle.js\"><\/script><br \/>\n<!-- Noticias La Guia de Pamplona --><br \/>\n<ins class=\"adsbygoogle\"\nstyle=\"display:block\"\ndata-ad-client=\"ca-pub-6943679897239327\"\ndata-ad-slot=\"7048180777\"\ndata-ad-format=\"auto\"><\/ins><br \/>\n<script>\n(adsbygoogle = window.adsbygoogle || []).push({});\n<\/script><\/p>\n<p><strong>Medidas y actuaciones<\/strong><\/p>\n<p>Este plan de apoyo se ha dise\u00f1ado inspir\u00e1ndose en el Plan Estrat\u00e9gico del Comercio de Pamplona 2017-2021, que deb\u00eda ser actualizado atendiendo al nuevo escenario tras la pandemia de la COVID-19. El Plan de Apoyo a Mercados y Zonas Comerciales Urbanas Se estructura en torno a 5 ejes program\u00e1ticos, con medidas para resolver las necesidades del sector, bas\u00e1ndose en concepto como la digitalizaci\u00f3n, competitividad, modernizaci\u00f3n o accesibilidad, situ\u00e1ndolo como un sector estrat\u00e9gico en su desarrollo sostenible a largo plazo. Esos ejes son: mercados municipales, desarrollo econ\u00f3mico y competitividad, transici\u00f3n energ\u00e9tica y sostenibilidad, dinamizaci\u00f3n y promoci\u00f3n comercial, y urbanismo comercial.<\/p>\n<p>En 13 de las 26 acciones previstas se ha trabajado o se est\u00e1 trabajando ya desde el propio Ayuntamiento de Pamplona y desde la empresa municipal Comiru\u00f1a. Son acciones como la reforma del Mercado del Ensanche; la reurbanizaci\u00f3n y ensanchamiento de aceras en ejes comerciales; celebraciones como el D\u00eda del Libro y la Flor, el Mercado Medieval del Privilegio de la Uni\u00f3n o la Semana del Producto Local; el Plan de Marketing de los Mercados Municipales; la implantaci\u00f3n de wifi y se\u00f1al\u00e9tica digital en los mercados, entre otras.<\/p>\n<p>En las otras 13 ser\u00e1 necesaria la participaci\u00f3n de la asistencia t\u00e9cnica y en 9 de ellas tendr\u00e1n responsabilidad directa en su dise\u00f1o, puesta en marcha, desarrollo y seguimiento. Son proyectos como la formaci\u00f3n en los puestos de los mercados para reducir residuos y consumos, campa\u00f1as de apoyo al consumo local, digitalizaci\u00f3n o un servicio de asesor\u00eda y formaci\u00f3n a comercios sobre mejora de eficiencia energ\u00e9tica. Asimismo, se prev\u00e9n inversiones en la mejora de accesibilidad universal a trav\u00e9s de se\u00f1al\u00e9tica comercial digital accesible y para elementos de ornamentaci\u00f3n urbana en ejes comerciales de alta densidad. El presupuesto para estas trece medidas vinculadas al contrato de asistencia t\u00e9cnica alcanza los 415.000 euros, de los 228.000 se corresponden con las 9 acciones con responsabilidad directa.<br \/>\n<script async src=\"\/\/pagead2.googlesyndication.com\/pagead\/js\/adsbygoogle.js\"><\/script><br \/>\n<!-- Noticias La Guia de Pamplona --><br \/>\n<ins class=\"adsbygoogle\"\nstyle=\"display:block\"\ndata-ad-client=\"ca-pub-6943679897239327\"\ndata-ad-slot=\"7048180777\"\ndata-ad-format=\"auto\"><\/ins><br \/>\n<script>\n(adsbygoogle = window.adsbygoogle || []).push({});\n<\/script><\/p>\n<p><strong>Cinco ejes estrat\u00e9gicos<\/strong><\/p>\n<p>El trabajo relativo a mercados municipales recoge acciones espec\u00edficas de la mejora de la competitividad y su promoci\u00f3n, el proyecto de mejora de las instalaciones del Mercado del Ensanche para una mejor climatizaci\u00f3n y uso m\u00e1s eficiente de la energ\u00eda, as\u00ed como las obras de adecuaci\u00f3n de los locales exteriores del edificio del mercado para su embellecimiento y accesibilidad. En cuanto al eje de desarrollo econ\u00f3mico y competitividad, las acciones previstas buscan favorecer los resultados econ\u00f3micos y la competitividad de los comercios de las zonas urbanas de alta densidad comercial de Pamplona.<\/p>\n<p>El eje de transici\u00f3n energ\u00e9tica y sostenibilidad cuenta con acciones encaminadas a fomentar un menor consumo de recursos energ\u00e9ticos y una menor generaci\u00f3n de residuos por parte de los comercios de las zonas urbanas de alta densidad comercial de Pamplona. En la dinamizaci\u00f3n y promoci\u00f3n comercial se incluyen medidas encaminadas a hacer atractiva la visita por motivo de compras a las distintas zonas urbanas de alta densidad comercial de Pamplona. En el urbanismo comercial se recogen acciones encaminadas a que el espacio urbano de las \u00e1reas comerciales sea el m\u00e1s apropiado para acoger comercios y clientela tanto en sentido est\u00e9tico (embellecimiento urbano) como en cuanto a conveniencia (accesibilidad y movilidad) y normativa (usos permitidos).<\/p>\n","protected":false},"excerpt":{"rendered":"<p>Entre otras labores, el contrato recoge asesoramiento o soporte en el dise\u00f1o y ejecuci\u00f3n de las actuaciones<\/p>\n","protected":false},"author":1,"featured_media":38010,"comment_status":"open","ping_status":"closed","sticky":false,"template":"","format":"standard","meta":{"footnotes":""},"categories":[2],"tags":[],"class_list":["post-40815","post","type-post","status-publish","format-standard","has-post-thumbnail","hentry","category-ayuntamiento-pamplona"],"yoast_head":"<!-- This site is optimized with the Yoast SEO plugin v27.3 - https:\/\/yoast.com\/product\/yoast-seo-wordpress\/ -->\n<title>Adjudicado el contrato de asistencia t\u00e9cnica para la gesti\u00f3n del Plan de Apoyo a Mercados y Zonas Comerciales Urbanas 2021 \u2013 2022<\/title>\n<meta name=\"description\" content=\"Entre otras labores, el contrato recoge asesoramiento o soporte en el dise\u00f1o y ejecuci\u00f3n de las actuaciones\" \/>\n<meta name=\"robots\" content=\"index, follow, max-snippet:-1, max-image-preview:large, max-video-preview:-1\" \/>\n<link rel=\"canonical\" href=\"https:\/\/www.laguiadepamplona.com\/actualidad\/adjudicado-el-contrato-de-asistencia-tecnica-para-la-gestion-del-plan-de-apoyo-a-mercados-y-zonas-comerciales-urbanas-2021-2022\/\" \/>\n<meta property=\"og:locale\" content=\"es_ES\" \/>\n<meta property=\"og:type\" content=\"article\" \/>\n<meta property=\"og:title\" content=\"Adjudicado el contrato de asistencia t\u00e9cnica para la gesti\u00f3n del Plan de Apoyo a Mercados y Zonas Comerciales Urbanas 2021 \u2013 2022\" \/>\n<meta property=\"og:description\" content=\"Entre otras labores, el contrato recoge asesoramiento o soporte en el dise\u00f1o y ejecuci\u00f3n de las actuaciones\" \/>\n<meta property=\"og:url\" content=\"https:\/\/www.laguiadepamplona.com\/actualidad\/adjudicado-el-contrato-de-asistencia-tecnica-para-la-gestion-del-plan-de-apoyo-a-mercados-y-zonas-comerciales-urbanas-2021-2022\/\" \/>\n<meta property=\"og:site_name\" content=\"La Gu\u00eda de Pamplona\" \/>\n<meta property=\"article:publisher\" content=\"https:\/\/www.facebook.com\/laguiadepamplonacom-133175176762273\/?ref=hl\" \/>\n<meta property=\"article:published_time\" content=\"2022-06-13T11:33:47+00:00\" \/>\n<meta property=\"article:modified_time\" content=\"2023-04-11T09:48:03+00:00\" \/>\n<meta property=\"og:image\" content=\"https:\/\/www.laguiadepamplona.com\/actualidad\/wp-content\/uploads\/2021\/12\/Interior_mercado_Santo_Domingo.jpg\" \/>\n\t<meta property=\"og:image:width\" content=\"1920\" \/>\n\t<meta property=\"og:image:height\" content=\"1280\" \/>\n\t<meta property=\"og:image:type\" content=\"image\/jpeg\" \/>\n<meta name=\"author\" content=\"La Gu\u00eda de Pamplona\" \/>\n<meta name=\"twitter:card\" content=\"summary_large_image\" \/>\n<meta name=\"twitter:creator\" content=\"@LaGuiadPamplona\" \/>\n<meta name=\"twitter:site\" content=\"@LaGuiadPamplona\" \/>\n<meta name=\"twitter:label1\" content=\"Escrito por\" \/>\n\t<meta name=\"twitter:data1\" content=\"La Gu\u00eda de Pamplona\" \/>\n\t<meta name=\"twitter:label2\" content=\"Tiempo de lectura\" \/>\n\t<meta name=\"twitter:data2\" content=\"4 minutos\" \/>\n<script type=\"application\/ld+json\" class=\"yoast-schema-graph\">{\"@context\":\"https:\\\/\\\/schema.org\",\"@graph\":[{\"@type\":\"Article\",\"@id\":\"https:\\\/\\\/www.laguiadepamplona.com\\\/actualidad\\\/adjudicado-el-contrato-de-asistencia-tecnica-para-la-gestion-del-plan-de-apoyo-a-mercados-y-zonas-comerciales-urbanas-2021-2022\\\/#article\",\"isPartOf\":{\"@id\":\"https:\\\/\\\/www.laguiadepamplona.com\\\/actualidad\\\/adjudicado-el-contrato-de-asistencia-tecnica-para-la-gestion-del-plan-de-apoyo-a-mercados-y-zonas-comerciales-urbanas-2021-2022\\\/\"},\"author\":{\"name\":\"La Gu\u00eda de Pamplona\",\"@id\":\"https:\\\/\\\/www.laguiadepamplona.com\\\/actualidad\\\/#\\\/schema\\\/person\\\/efe887376f0213d4657c93adc50b1fdb\"},\"headline\":\"Adjudicado el contrato de asistencia t\u00e9cnica para la gesti\u00f3n del Plan de Apoyo a Mercados y Zonas Comerciales Urbanas 2021 \u2013 2022\",\"datePublished\":\"2022-06-13T11:33:47+00:00\",\"dateModified\":\"2023-04-11T09:48:03+00:00\",\"mainEntityOfPage\":{\"@id\":\"https:\\\/\\\/www.laguiadepamplona.com\\\/actualidad\\\/adjudicado-el-contrato-de-asistencia-tecnica-para-la-gestion-del-plan-de-apoyo-a-mercados-y-zonas-comerciales-urbanas-2021-2022\\\/\"},\"wordCount\":907,\"commentCount\":0,\"publisher\":{\"@id\":\"https:\\\/\\\/www.laguiadepamplona.com\\\/actualidad\\\/#organization\"},\"image\":{\"@id\":\"https:\\\/\\\/www.laguiadepamplona.com\\\/actualidad\\\/adjudicado-el-contrato-de-asistencia-tecnica-para-la-gestion-del-plan-de-apoyo-a-mercados-y-zonas-comerciales-urbanas-2021-2022\\\/#primaryimage\"},\"thumbnailUrl\":\"https:\\\/\\\/www.laguiadepamplona.com\\\/actualidad\\\/wp-content\\\/uploads\\\/2021\\\/12\\\/Interior_mercado_Santo_Domingo.jpg\",\"articleSection\":[\"Ayto Pamplona\"],\"inLanguage\":\"es\",\"potentialAction\":[{\"@type\":\"CommentAction\",\"name\":\"Comment\",\"target\":[\"https:\\\/\\\/www.laguiadepamplona.com\\\/actualidad\\\/adjudicado-el-contrato-de-asistencia-tecnica-para-la-gestion-del-plan-de-apoyo-a-mercados-y-zonas-comerciales-urbanas-2021-2022\\\/#respond\"]}]},{\"@type\":\"WebPage\",\"@id\":\"https:\\\/\\\/www.laguiadepamplona.com\\\/actualidad\\\/adjudicado-el-contrato-de-asistencia-tecnica-para-la-gestion-del-plan-de-apoyo-a-mercados-y-zonas-comerciales-urbanas-2021-2022\\\/\",\"url\":\"https:\\\/\\\/www.laguiadepamplona.com\\\/actualidad\\\/adjudicado-el-contrato-de-asistencia-tecnica-para-la-gestion-del-plan-de-apoyo-a-mercados-y-zonas-comerciales-urbanas-2021-2022\\\/\",\"name\":\"Adjudicado el contrato de asistencia t\u00e9cnica para la gesti\u00f3n del Plan de Apoyo a Mercados y Zonas Comerciales Urbanas 2021 \u2013 2022\",\"isPartOf\":{\"@id\":\"https:\\\/\\\/www.laguiadepamplona.com\\\/actualidad\\\/#website\"},\"primaryImageOfPage\":{\"@id\":\"https:\\\/\\\/www.laguiadepamplona.com\\\/actualidad\\\/adjudicado-el-contrato-de-asistencia-tecnica-para-la-gestion-del-plan-de-apoyo-a-mercados-y-zonas-comerciales-urbanas-2021-2022\\\/#primaryimage\"},\"image\":{\"@id\":\"https:\\\/\\\/www.laguiadepamplona.com\\\/actualidad\\\/adjudicado-el-contrato-de-asistencia-tecnica-para-la-gestion-del-plan-de-apoyo-a-mercados-y-zonas-comerciales-urbanas-2021-2022\\\/#primaryimage\"},\"thumbnailUrl\":\"https:\\\/\\\/www.laguiadepamplona.com\\\/actualidad\\\/wp-content\\\/uploads\\\/2021\\\/12\\\/Interior_mercado_Santo_Domingo.jpg\",\"datePublished\":\"2022-06-13T11:33:47+00:00\",\"dateModified\":\"2023-04-11T09:48:03+00:00\",\"description\":\"Entre otras labores, el contrato recoge asesoramiento o soporte en el dise\u00f1o y ejecuci\u00f3n de las actuaciones\",\"breadcrumb\":{\"@id\":\"https:\\\/\\\/www.laguiadepamplona.com\\\/actualidad\\\/adjudicado-el-contrato-de-asistencia-tecnica-para-la-gestion-del-plan-de-apoyo-a-mercados-y-zonas-comerciales-urbanas-2021-2022\\\/#breadcrumb\"},\"inLanguage\":\"es\",\"potentialAction\":[{\"@type\":\"ReadAction\",\"target\":[\"https:\\\/\\\/www.laguiadepamplona.com\\\/actualidad\\\/adjudicado-el-contrato-de-asistencia-tecnica-para-la-gestion-del-plan-de-apoyo-a-mercados-y-zonas-comerciales-urbanas-2021-2022\\\/\"]}]},{\"@type\":\"ImageObject\",\"inLanguage\":\"es\",\"@id\":\"https:\\\/\\\/www.laguiadepamplona.com\\\/actualidad\\\/adjudicado-el-contrato-de-asistencia-tecnica-para-la-gestion-del-plan-de-apoyo-a-mercados-y-zonas-comerciales-urbanas-2021-2022\\\/#primaryimage\",\"url\":\"https:\\\/\\\/www.laguiadepamplona.com\\\/actualidad\\\/wp-content\\\/uploads\\\/2021\\\/12\\\/Interior_mercado_Santo_Domingo.jpg\",\"contentUrl\":\"https:\\\/\\\/www.laguiadepamplona.com\\\/actualidad\\\/wp-content\\\/uploads\\\/2021\\\/12\\\/Interior_mercado_Santo_Domingo.jpg\",\"width\":1920,\"height\":1280},{\"@type\":\"BreadcrumbList\",\"@id\":\"https:\\\/\\\/www.laguiadepamplona.com\\\/actualidad\\\/adjudicado-el-contrato-de-asistencia-tecnica-para-la-gestion-del-plan-de-apoyo-a-mercados-y-zonas-comerciales-urbanas-2021-2022\\\/#breadcrumb\",\"itemListElement\":[{\"@type\":\"ListItem\",\"position\":1,\"name\":\"Portada\",\"item\":\"https:\\\/\\\/www.laguiadepamplona.com\\\/actualidad\\\/\"},{\"@type\":\"ListItem\",\"position\":2,\"name\":\"Adjudicado el contrato de asistencia t\u00e9cnica para la gesti\u00f3n del Plan de Apoyo a Mercados y Zonas Comerciales Urbanas 2021 \u2013 2022\"}]},{\"@type\":\"WebSite\",\"@id\":\"https:\\\/\\\/www.laguiadepamplona.com\\\/actualidad\\\/#website\",\"url\":\"https:\\\/\\\/www.laguiadepamplona.com\\\/actualidad\\\/\",\"name\":\"La gu\u00eda de Pamplona\",\"description\":\"Noticias de Pamplona\",\"publisher\":{\"@id\":\"https:\\\/\\\/www.laguiadepamplona.com\\\/actualidad\\\/#organization\"},\"potentialAction\":[{\"@type\":\"SearchAction\",\"target\":{\"@type\":\"EntryPoint\",\"urlTemplate\":\"https:\\\/\\\/www.laguiadepamplona.com\\\/actualidad\\\/?s={search_term_string}\"},\"query-input\":{\"@type\":\"PropertyValueSpecification\",\"valueRequired\":true,\"valueName\":\"search_term_string\"}}],\"inLanguage\":\"es\"},{\"@type\":\"Organization\",\"@id\":\"https:\\\/\\\/www.laguiadepamplona.com\\\/actualidad\\\/#organization\",\"name\":\"La Gu\u00eda de Pamplona \\\/ Noticias\",\"url\":\"https:\\\/\\\/www.laguiadepamplona.com\\\/actualidad\\\/\",\"logo\":{\"@type\":\"ImageObject\",\"inLanguage\":\"es\",\"@id\":\"https:\\\/\\\/www.laguiadepamplona.com\\\/actualidad\\\/#\\\/schema\\\/logo\\\/image\\\/\",\"url\":\"https:\\\/\\\/www.laguiadepamplona.com\\\/actualidad\\\/wp-content\\\/uploads\\\/2018\\\/11\\\/logo-laguiadepamplona18-web1.png\",\"contentUrl\":\"https:\\\/\\\/www.laguiadepamplona.com\\\/actualidad\\\/wp-content\\\/uploads\\\/2018\\\/11\\\/logo-laguiadepamplona18-web1.png\",\"width\":600,\"height\":196,\"caption\":\"La Gu\u00eda de Pamplona \\\/ Noticias\"},\"image\":{\"@id\":\"https:\\\/\\\/www.laguiadepamplona.com\\\/actualidad\\\/#\\\/schema\\\/logo\\\/image\\\/\"},\"sameAs\":[\"https:\\\/\\\/www.facebook.com\\\/laguiadepamplonacom-133175176762273\\\/?ref=hl\",\"https:\\\/\\\/x.com\\\/LaGuiadPamplona\",\"https:\\\/\\\/www.instagram.com\\\/la_guia_de_pamplona\\\/\",\"https:\\\/\\\/www.youtube.com\\\/user\\\/laguiadepamplona\"]},{\"@type\":\"Person\",\"@id\":\"https:\\\/\\\/www.laguiadepamplona.com\\\/actualidad\\\/#\\\/schema\\\/person\\\/efe887376f0213d4657c93adc50b1fdb\",\"name\":\"La Gu\u00eda de Pamplona\",\"image\":{\"@type\":\"ImageObject\",\"inLanguage\":\"es\",\"@id\":\"https:\\\/\\\/secure.gravatar.com\\\/avatar\\\/b6992f131dc8d30ab0dff15446e9d346d9dbd95992de0fef795073f5ea83a81c?s=96&d=mm&r=g\",\"url\":\"https:\\\/\\\/secure.gravatar.com\\\/avatar\\\/b6992f131dc8d30ab0dff15446e9d346d9dbd95992de0fef795073f5ea83a81c?s=96&d=mm&r=g\",\"contentUrl\":\"https:\\\/\\\/secure.gravatar.com\\\/avatar\\\/b6992f131dc8d30ab0dff15446e9d346d9dbd95992de0fef795073f5ea83a81c?s=96&d=mm&r=g\",\"caption\":\"La Gu\u00eda de Pamplona\"}}]}<\/script>\n<!-- \/ Yoast SEO plugin. -->","yoast_head_json":{"title":"Adjudicado el contrato de asistencia t\u00e9cnica para la gesti\u00f3n del Plan de Apoyo a Mercados y Zonas Comerciales Urbanas 2021 \u2013 2022","description":"Entre otras labores, el contrato recoge asesoramiento o soporte en el dise\u00f1o y ejecuci\u00f3n de las actuaciones","robots":{"index":"index","follow":"follow","max-snippet":"max-snippet:-1","max-image-preview":"max-image-preview:large","max-video-preview":"max-video-preview:-1"},"canonical":"https:\/\/www.laguiadepamplona.com\/actualidad\/adjudicado-el-contrato-de-asistencia-tecnica-para-la-gestion-del-plan-de-apoyo-a-mercados-y-zonas-comerciales-urbanas-2021-2022\/","og_locale":"es_ES","og_type":"article","og_title":"Adjudicado el contrato de asistencia t\u00e9cnica para la gesti\u00f3n del Plan de Apoyo a Mercados y Zonas Comerciales Urbanas 2021 \u2013 2022","og_description":"Entre otras labores, el contrato recoge asesoramiento o soporte en el dise\u00f1o y ejecuci\u00f3n de las actuaciones","og_url":"https:\/\/www.laguiadepamplona.com\/actualidad\/adjudicado-el-contrato-de-asistencia-tecnica-para-la-gestion-del-plan-de-apoyo-a-mercados-y-zonas-comerciales-urbanas-2021-2022\/","og_site_name":"La Gu\u00eda de Pamplona","article_publisher":"https:\/\/www.facebook.com\/laguiadepamplonacom-133175176762273\/?ref=hl","article_published_time":"2022-06-13T11:33:47+00:00","article_modified_time":"2023-04-11T09:48:03+00:00","og_image":[{"width":1920,"height":1280,"url":"https:\/\/www.laguiadepamplona.com\/actualidad\/wp-content\/uploads\/2021\/12\/Interior_mercado_Santo_Domingo.jpg","type":"image\/jpeg"}],"author":"La Gu\u00eda de Pamplona","twitter_card":"summary_large_image","twitter_creator":"@LaGuiadPamplona","twitter_site":"@LaGuiadPamplona","twitter_misc":{"Escrito por":"La Gu\u00eda de Pamplona","Tiempo de lectura":"4 minutos"},"schema":{"@context":"https:\/\/schema.org","@graph":[{"@type":"Article","@id":"https:\/\/www.laguiadepamplona.com\/actualidad\/adjudicado-el-contrato-de-asistencia-tecnica-para-la-gestion-del-plan-de-apoyo-a-mercados-y-zonas-comerciales-urbanas-2021-2022\/#article","isPartOf":{"@id":"https:\/\/www.laguiadepamplona.com\/actualidad\/adjudicado-el-contrato-de-asistencia-tecnica-para-la-gestion-del-plan-de-apoyo-a-mercados-y-zonas-comerciales-urbanas-2021-2022\/"},"author":{"name":"La Gu\u00eda de Pamplona","@id":"https:\/\/www.laguiadepamplona.com\/actualidad\/#\/schema\/person\/efe887376f0213d4657c93adc50b1fdb"},"headline":"Adjudicado el contrato de asistencia t\u00e9cnica para la gesti\u00f3n del Plan de Apoyo a Mercados y Zonas Comerciales Urbanas 2021 \u2013 2022","datePublished":"2022-06-13T11:33:47+00:00","dateModified":"2023-04-11T09:48:03+00:00","mainEntityOfPage":{"@id":"https:\/\/www.laguiadepamplona.com\/actualidad\/adjudicado-el-contrato-de-asistencia-tecnica-para-la-gestion-del-plan-de-apoyo-a-mercados-y-zonas-comerciales-urbanas-2021-2022\/"},"wordCount":907,"commentCount":0,"publisher":{"@id":"https:\/\/www.laguiadepamplona.com\/actualidad\/#organization"},"image":{"@id":"https:\/\/www.laguiadepamplona.com\/actualidad\/adjudicado-el-contrato-de-asistencia-tecnica-para-la-gestion-del-plan-de-apoyo-a-mercados-y-zonas-comerciales-urbanas-2021-2022\/#primaryimage"},"thumbnailUrl":"https:\/\/www.laguiadepamplona.com\/actualidad\/wp-content\/uploads\/2021\/12\/Interior_mercado_Santo_Domingo.jpg","articleSection":["Ayto Pamplona"],"inLanguage":"es","potentialAction":[{"@type":"CommentAction","name":"Comment","target":["https:\/\/www.laguiadepamplona.com\/actualidad\/adjudicado-el-contrato-de-asistencia-tecnica-para-la-gestion-del-plan-de-apoyo-a-mercados-y-zonas-comerciales-urbanas-2021-2022\/#respond"]}]},{"@type":"WebPage","@id":"https:\/\/www.laguiadepamplona.com\/actualidad\/adjudicado-el-contrato-de-asistencia-tecnica-para-la-gestion-del-plan-de-apoyo-a-mercados-y-zonas-comerciales-urbanas-2021-2022\/","url":"https:\/\/www.laguiadepamplona.com\/actualidad\/adjudicado-el-contrato-de-asistencia-tecnica-para-la-gestion-del-plan-de-apoyo-a-mercados-y-zonas-comerciales-urbanas-2021-2022\/","name":"Adjudicado el contrato de asistencia t\u00e9cnica para la gesti\u00f3n del Plan de Apoyo a Mercados y Zonas Comerciales Urbanas 2021 \u2013 2022","isPartOf":{"@id":"https:\/\/www.laguiadepamplona.com\/actualidad\/#website"},"primaryImageOfPage":{"@id":"https:\/\/www.laguiadepamplona.com\/actualidad\/adjudicado-el-contrato-de-asistencia-tecnica-para-la-gestion-del-plan-de-apoyo-a-mercados-y-zonas-comerciales-urbanas-2021-2022\/#primaryimage"},"image":{"@id":"https:\/\/www.laguiadepamplona.com\/actualidad\/adjudicado-el-contrato-de-asistencia-tecnica-para-la-gestion-del-plan-de-apoyo-a-mercados-y-zonas-comerciales-urbanas-2021-2022\/#primaryimage"},"thumbnailUrl":"https:\/\/www.laguiadepamplona.com\/actualidad\/wp-content\/uploads\/2021\/12\/Interior_mercado_Santo_Domingo.jpg","datePublished":"2022-06-13T11:33:47+00:00","dateModified":"2023-04-11T09:48:03+00:00","description":"Entre otras labores, el contrato recoge asesoramiento o soporte en el dise\u00f1o y ejecuci\u00f3n de las actuaciones","breadcrumb":{"@id":"https:\/\/www.laguiadepamplona.com\/actualidad\/adjudicado-el-contrato-de-asistencia-tecnica-para-la-gestion-del-plan-de-apoyo-a-mercados-y-zonas-comerciales-urbanas-2021-2022\/#breadcrumb"},"inLanguage":"es","potentialAction":[{"@type":"ReadAction","target":["https:\/\/www.laguiadepamplona.com\/actualidad\/adjudicado-el-contrato-de-asistencia-tecnica-para-la-gestion-del-plan-de-apoyo-a-mercados-y-zonas-comerciales-urbanas-2021-2022\/"]}]},{"@type":"ImageObject","inLanguage":"es","@id":"https:\/\/www.laguiadepamplona.com\/actualidad\/adjudicado-el-contrato-de-asistencia-tecnica-para-la-gestion-del-plan-de-apoyo-a-mercados-y-zonas-comerciales-urbanas-2021-2022\/#primaryimage","url":"https:\/\/www.laguiadepamplona.com\/actualidad\/wp-content\/uploads\/2021\/12\/Interior_mercado_Santo_Domingo.jpg","contentUrl":"https:\/\/www.laguiadepamplona.com\/actualidad\/wp-content\/uploads\/2021\/12\/Interior_mercado_Santo_Domingo.jpg","width":1920,"height":1280},{"@type":"BreadcrumbList","@id":"https:\/\/www.laguiadepamplona.com\/actualidad\/adjudicado-el-contrato-de-asistencia-tecnica-para-la-gestion-del-plan-de-apoyo-a-mercados-y-zonas-comerciales-urbanas-2021-2022\/#breadcrumb","itemListElement":[{"@type":"ListItem","position":1,"name":"Portada","item":"https:\/\/www.laguiadepamplona.com\/actualidad\/"},{"@type":"ListItem","position":2,"name":"Adjudicado el contrato de asistencia t\u00e9cnica para la gesti\u00f3n del Plan de Apoyo a Mercados y Zonas Comerciales Urbanas 2021 \u2013 2022"}]},{"@type":"WebSite","@id":"https:\/\/www.laguiadepamplona.com\/actualidad\/#website","url":"https:\/\/www.laguiadepamplona.com\/actualidad\/","name":"La gu\u00eda de Pamplona","description":"Noticias de Pamplona","publisher":{"@id":"https:\/\/www.laguiadepamplona.com\/actualidad\/#organization"},"potentialAction":[{"@type":"SearchAction","target":{"@type":"EntryPoint","urlTemplate":"https:\/\/www.laguiadepamplona.com\/actualidad\/?s={search_term_string}"},"query-input":{"@type":"PropertyValueSpecification","valueRequired":true,"valueName":"search_term_string"}}],"inLanguage":"es"},{"@type":"Organization","@id":"https:\/\/www.laguiadepamplona.com\/actualidad\/#organization","name":"La Gu\u00eda de Pamplona \/ Noticias","url":"https:\/\/www.laguiadepamplona.com\/actualidad\/","logo":{"@type":"ImageObject","inLanguage":"es","@id":"https:\/\/www.laguiadepamplona.com\/actualidad\/#\/schema\/logo\/image\/","url":"https:\/\/www.laguiadepamplona.com\/actualidad\/wp-content\/uploads\/2018\/11\/logo-laguiadepamplona18-web1.png","contentUrl":"https:\/\/www.laguiadepamplona.com\/actualidad\/wp-content\/uploads\/2018\/11\/logo-laguiadepamplona18-web1.png","width":600,"height":196,"caption":"La Gu\u00eda de Pamplona \/ Noticias"},"image":{"@id":"https:\/\/www.laguiadepamplona.com\/actualidad\/#\/schema\/logo\/image\/"},"sameAs":["https:\/\/www.facebook.com\/laguiadepamplonacom-133175176762273\/?ref=hl","https:\/\/x.com\/LaGuiadPamplona","https:\/\/www.instagram.com\/la_guia_de_pamplona\/","https:\/\/www.youtube.com\/user\/laguiadepamplona"]},{"@type":"Person","@id":"https:\/\/www.laguiadepamplona.com\/actualidad\/#\/schema\/person\/efe887376f0213d4657c93adc50b1fdb","name":"La Gu\u00eda de Pamplona","image":{"@type":"ImageObject","inLanguage":"es","@id":"https:\/\/secure.gravatar.com\/avatar\/b6992f131dc8d30ab0dff15446e9d346d9dbd95992de0fef795073f5ea83a81c?s=96&d=mm&r=g","url":"https:\/\/secure.gravatar.com\/avatar\/b6992f131dc8d30ab0dff15446e9d346d9dbd95992de0fef795073f5ea83a81c?s=96&d=mm&r=g","contentUrl":"https:\/\/secure.gravatar.com\/avatar\/b6992f131dc8d30ab0dff15446e9d346d9dbd95992de0fef795073f5ea83a81c?s=96&d=mm&r=g","caption":"La Gu\u00eda de Pamplona"}}]}},"post_mailing_queue_ids":[],"_links":{"self":[{"href":"https:\/\/www.laguiadepamplona.com\/actualidad\/wp-json\/wp\/v2\/posts\/40815","targetHints":{"allow":["GET"]}}],"collection":[{"href":"https:\/\/www.laguiadepamplona.com\/actualidad\/wp-json\/wp\/v2\/posts"}],"about":[{"href":"https:\/\/www.laguiadepamplona.com\/actualidad\/wp-json\/wp\/v2\/types\/post"}],"author":[{"embeddable":true,"href":"https:\/\/www.laguiadepamplona.com\/actualidad\/wp-json\/wp\/v2\/users\/1"}],"replies":[{"embeddable":true,"href":"https:\/\/www.laguiadepamplona.com\/actualidad\/wp-json\/wp\/v2\/comments?post=40815"}],"version-history":[{"count":0,"href":"https:\/\/www.laguiadepamplona.com\/actualidad\/wp-json\/wp\/v2\/posts\/40815\/revisions"}],"wp:featuredmedia":[{"embeddable":true,"href":"https:\/\/www.laguiadepamplona.com\/actualidad\/wp-json\/wp\/v2\/media\/38010"}],"wp:attachment":[{"href":"https:\/\/www.laguiadepamplona.com\/actualidad\/wp-json\/wp\/v2\/media?parent=40815"}],"wp:term":[{"taxonomy":"category","embeddable":true,"href":"https:\/\/www.laguiadepamplona.com\/actualidad\/wp-json\/wp\/v2\/categories?post=40815"},{"taxonomy":"post_tag","embeddable":true,"href":"https:\/\/www.laguiadepamplona.com\/actualidad\/wp-json\/wp\/v2\/tags?post=40815"}],"curies":[{"name":"wp","href":"https:\/\/api.w.org\/{rel}","templated":true}]}}