{"id":40808,"date":"2022-06-13T12:55:11","date_gmt":"2022-06-13T10:55:11","guid":{"rendered":"https:\/\/www.laguiadepamplona.com\/actualidad\/?p=40808"},"modified":"2023-04-11T11:48:03","modified_gmt":"2023-04-11T09:48:03","slug":"nueve-disenadores-de-cinco-paises-participaran-en-el-xxi-concurso-internacional-de-fuegos-artificiales-de-san-fermin-dedicado-por-cuarto-ano-a-los-fuegos-de-autor","status":"publish","type":"post","link":"https:\/\/www.laguiadepamplona.com\/actualidad\/nueve-disenadores-de-cinco-paises-participaran-en-el-xxi-concurso-internacional-de-fuegos-artificiales-de-san-fermin-dedicado-por-cuarto-ano-a-los-fuegos-de-autor\/","title":{"rendered":"Nueve dise\u00f1adores de cinco pa\u00edses participar\u00e1n en el XXI Concurso Internacional de Fuegos Artificiales de San Ferm\u00edn, dedicado por cuarto a\u00f1o a los \u2018fuegos de autor\u2019"},"content":{"rendered":"<h5>El concurso tiene tres novedades: la opci\u00f3n de premontaje, en la que Pamplona ser\u00e1 pionera en Espa\u00f1a, la incorporaci\u00f3n de artistas al jurado y la presentaci\u00f3n del primer logotipo del concurso<\/h5>\n<p><!--more--><\/p>\n<p><a href=\"https:\/\/www.laguiadepamplona.com\/actualidad\/wp-content\/uploads\/2022\/06\/22.06.13_cartel_concurso_fuegos_artificiales_SF.jpg\"><img loading=\"lazy\" decoding=\"async\" class=\"alignleft size-medium wp-image-40809\" src=\"https:\/\/www.laguiadepamplona.com\/actualidad\/wp-content\/uploads\/2022\/06\/22.06.13_cartel_concurso_fuegos_artificiales_SF-212x300.jpg\" alt=\"fuegos-artificiales\" width=\"212\" height=\"300\" srcset=\"https:\/\/www.laguiadepamplona.com\/actualidad\/wp-content\/uploads\/2022\/06\/22.06.13_cartel_concurso_fuegos_artificiales_SF-212x300.jpg 212w, https:\/\/www.laguiadepamplona.com\/actualidad\/wp-content\/uploads\/2022\/06\/22.06.13_cartel_concurso_fuegos_artificiales_SF-482x682.jpg 482w, https:\/\/www.laguiadepamplona.com\/actualidad\/wp-content\/uploads\/2022\/06\/22.06.13_cartel_concurso_fuegos_artificiales_SF-768x1086.jpg 768w, https:\/\/www.laguiadepamplona.com\/actualidad\/wp-content\/uploads\/2022\/06\/22.06.13_cartel_concurso_fuegos_artificiales_SF-640x905.jpg 640w, https:\/\/www.laguiadepamplona.com\/actualidad\/wp-content\/uploads\/2022\/06\/22.06.13_cartel_concurso_fuegos_artificiales_SF.jpg 842w\" sizes=\"auto, (max-width: 212px) 100vw, 212px\" \/><\/a>Nueve dise\u00f1adores de cinco pa\u00edses competir\u00e1n del 6 al 14 de julio en el XXI Concurso Internacional de Fuegos Artificiales de San Ferm\u00edn. Por cuarto a\u00f1o, el concurso se centra en los \u2018fuegos de autor\u2019, con colecciones dise\u00f1adas espec\u00edficamente para los Sanfermines por creadores pirot\u00e9cnicos de primer nivel. Como es ya tradicional, los fuegos artificiales se disparar\u00e1n desde el interior de la Ciudadela, cada d\u00eda de fiestas, a las 23 horas.<br \/>\n<script async src=\"\/\/pagead2.googlesyndication.com\/pagead\/js\/adsbygoogle.js\"><\/script><br \/>\n<!-- Noticias La Guia de Pamplona --><br \/>\n<ins class=\"adsbygoogle\"\nstyle=\"display:block\"\ndata-ad-client=\"ca-pub-6943679897239327\"\ndata-ad-slot=\"7048180777\"\ndata-ad-format=\"auto\"><\/ins><br \/>\n<script>\n(adsbygoogle = window.adsbygoogle || []).push({});\n<\/script><\/p>\n<p>Desde 2017, Pamplona ha querido poner en relieve el papel de los dise\u00f1adores de colecciones, considerados como verdaderos artistas pirot\u00e9cnicos. En 2022, vinculado con el perfil internacional que ha adoptado este concurso y que lo ha convertido en una referencia, habr\u00e1 participantes procedentes de Francia, Italia, Portugal y Suecia, y cinco espa\u00f1oles, venidos de Valencia, Alicante y Madrid, que disparar\u00e1n con compa\u00f1\u00edas pirot\u00e9cnicas valencianas y madrile\u00f1as. Los for\u00e1neos, adem\u00e1s, traer\u00e1n sus propios productos pirot\u00e9cnicos desde sus respectivos pa\u00edses.<\/p>\n<p>La concejala delegada de Cultura e Igualdad, Mar\u00eda Garc\u00eda-Barberena, y el director t\u00e9cnico y art\u00edstico del concurso, Mikel Pagola, ha presentado esta ma\u00f1ana los detalles de esta nueva edici\u00f3n del Concurso Internacional de Fuegos Artificiales de San Ferm\u00edn. Tras dos a\u00f1os sin fiestas, el Ayuntamiento de Pamplona ha incrementado en un 10% el presupuesto destinado a cada una de las colecciones. As\u00ed las cosas, el presupuesto del concurso supera los 200.000 euros.<\/p>\n<p>La XXI edici\u00f3n cuenta con tres premios, San Ferm\u00edn de Oro, San Ferm\u00edn de Plata y San Ferm\u00edn de Bronce, que consisten en 5.000 euros, 3.000 euros y 2.000 euros, respectivamente. Adem\u00e1s continuar\u00e1 el premio del p\u00fablico que se realiza por votaci\u00f3n popular, con la colaboraci\u00f3n de Diario de Navarra y Eroski, a trav\u00e9s de la web <a href=\"http:\/\/www.sanferminespamplona.es\" target=\"_blank\" rel=\"noopener\">www.sanferminespamplona.es<\/a> o, presencialmente, en Civivox Condestable, la Oficina de Turismo y el hipermercado Eroski. Las participantes entrar\u00e1n en el sorteo de 25 premios.<br \/>\n<script async src=\"\/\/pagead2.googlesyndication.com\/pagead\/js\/adsbygoogle.js\"><\/script><br \/>\n<!-- Noticias La Guia de Pamplona --><br \/>\n<ins class=\"adsbygoogle\"\nstyle=\"display:block\"\ndata-ad-client=\"ca-pub-6943679897239327\"\ndata-ad-slot=\"7048180777\"\ndata-ad-format=\"auto\"><\/ins><br \/>\n<script>\n(adsbygoogle = window.adsbygoogle || []).push({});\n<\/script><\/p>\n<p><strong>Premontaje de parte de las colecciones<\/strong><\/p>\n<p>Una de las principales novedades del concurso de este a\u00f1o no la ver\u00e1 el p\u00fablico, pero convertir\u00e1 a los Sanfermines en pioneros a nivel nacional. Se trata de la posibilidad que se ofrece a los autores de premontar o montar con antelaci\u00f3n sus fuegos. Ese premontaje permite a los pirot\u00e9cnicos trabajar en mejores condiciones, al permitirles disponer de m\u00e1s tiempo de montaje para poder adelantar las partes m\u00e1s laboriosas de sus artificios en la v\u00edspera.<\/p>\n<p>Anunciado en 2018, el premontaje se implanta definitivamente este a\u00f1o y ya han confirmado que lo realizaran siete de los nueve concursantes. Tendr\u00e1 lugar el baluarte de Santiago, una de las zonas de la Ciudadela desde la que no se dispara por la noche. De esta manera, elementos como los disparos digitalizados y los efectos terrestres se podr\u00e1n ir preparando el d\u00eda anterior a su lanzamiento.<br \/>\n<script async src=\"\/\/pagead2.googlesyndication.com\/pagead\/js\/adsbygoogle.js\"><\/script><br \/>\n<!-- Noticias La Guia de Pamplona --><br \/>\n<ins class=\"adsbygoogle\"\nstyle=\"display:block\"\ndata-ad-client=\"ca-pub-6943679897239327\"\ndata-ad-slot=\"7048180777\"\ndata-ad-format=\"auto\"><\/ins><br \/>\n<script>\n(adsbygoogle = window.adsbygoogle || []).push({});\n<\/script><\/p>\n<p><strong>Dos pruebas art\u00edsticas obligatorias<\/strong><\/p>\n<p>Como viene siendo tradicional, una de las pruebas exigidas es de tipo r\u00edtmico y se ejecutar\u00e1 nada m\u00e1s comenzar el espect\u00e1culo, solo con los colores sanfermineros, es decir, combinando blanco y rojo. La otra prueba, de tipo conceptual, consiste en un dise\u00f1o de disparo asim\u00e9trico, con elementos diferentes a cada lado, precisamente como reflejo de la complejidad de formas de la propia Ciudadela.<\/p>\n<p>Por primera vez este a\u00f1o, adem\u00e1s, el jurado incluye perfiles destacados de las artes pl\u00e1sticas de nuestra ciudad. La creadora multidisciplinar Alicia Otaegui aportar\u00e1 una visi\u00f3n m\u00e1s trasversal a un jurado que incluye tambi\u00e9n al experto en pirot\u00e9cnica, V\u00edctor Arroyo. El jurado se completa con la concejala de Cultura e Igualdad, Mar\u00eda Garc\u00eda-Barberena, el director de Cultura e Igualdad, Jorge Urdanoz, y Jos\u00e9 Luis Mosquera, t\u00e9cnico de Cultura del Ayuntamiento de Pamplona.<\/p>\n<p>Para destacar y evidenciar la particular idiosincrasia de este concurso de fuegos artificiales, el Ayuntamiento ha creado por primera vez un logotipo. El dise\u00f1o presenta un boceto del b\u00e1culo del patr\u00f3n de Pamplona que sirve de n\u00facleo de unos fuegos artificiales en plata y oro. Esta imagen pretende reforzar la presencia del concurso, unas de los eventos que m\u00e1s p\u00fablico congrega durante las fiestas de San Ferm\u00edn.<\/p>\n<p>La organizaci\u00f3n de los fuegos artificiales cuenta con la colaboraci\u00f3n con distintas administraciones y entidades, como la jefatura del \u00e1rea de Explosivos del Ministerio para la Transici\u00f3n Ecol\u00f3gica y el Reto Demogr\u00e1fico, el \u00e1rea de Industria de la Delegaci\u00f3n del Gobierno Navarra y la Intervenci\u00f3n de Armas y Explosivos de Pamplona de la Guardia Civil.<br \/>\n<script async src=\"\/\/pagead2.googlesyndication.com\/pagead\/js\/adsbygoogle.js\"><\/script><br \/>\n<!-- Noticias La Guia de Pamplona --><br \/>\n<ins class=\"adsbygoogle\"\nstyle=\"display:block\"\ndata-ad-client=\"ca-pub-6943679897239327\"\ndata-ad-slot=\"7048180777\"\ndata-ad-format=\"auto\"><\/ins><br \/>\n<script>\n(adsbygoogle = window.adsbygoogle || []).push({});\n<\/script><\/p>\n<p>&nbsp;<\/p>\n<h3>XXI Concurso Internacional de Fuegos Artificiales de San Ferm\u00edn. Fuegos de autor<\/h3>\n<ul>\n<li><strong>Mi\u00e9rcoles 6 de julio. TONI GARC\u00cdA JUAN. \u2018Serendipia\u2019. <\/strong>Fuegos artificiales del Mediterr\u00e1neo (Valencia). Fundada en 2014<\/li>\n<li><strong>Jueves 7 de julio. MATTHIEU INFANTI. R\u00eave d\u2019une nuit d\u2019\u00e9t\u00e9 (Sue\u00f1o de una noche de verano). <\/strong>AQUAR\u00caVE (Scy-Chazelles, Moselle, Francia). Fundada en 1991<\/li>\n<li><strong>Viernes 8 de julio. RODRI GARC\u00cdA ZAFRA. Sentitu, disfrutar, live <\/strong>(Sentir, disfrutar, vivir)<strong>. <\/strong>PIROTECNIA ALMUDENA<strong>. <\/strong>Pedrezuela (Madrid). Fundada en 2007<\/li>\n<li><strong>S\u00e1bado 9 de julio. MIGUEL VIDAL MIRA. Batec pamplon\u00e9s <\/strong>(Latido pamplon\u00e9s)<strong>. <\/strong>PIROTECNIA AITANA. B\u00e9lgida (Valencia)<strong>. <\/strong>Fundada en 2010<\/li>\n<li><strong>Domingo 10 de julio. JOS\u00c9 M. CRESPO VIDAL. Gau magikoa <\/strong>(Noche m\u00e1gica)<strong>. <\/strong>PIROTECNIA VALENCIANA Llanera de Ranes (Valencia). Fundada en 1965<\/li>\n<li><strong>Lunes 11 de julio. FEDERICO TIBALDI. Amigdala Rinascimento <\/strong>(Am\u00edgdala Renacimiento)<strong>. <\/strong>PYROITALY<strong>. <\/strong>Cavriago (Reggio Emilia, Italia)<strong>. <\/strong>Fundada en 2004<\/li>\n<li><strong>Martes 12 de julio MARCO COSTA. Emo\u00e7\u00f5es <\/strong>(Emociones)<strong>. <\/strong>HC&amp;FILHOS PIROTECNIA<strong>. <\/strong>Souto do Meio (Leiria, Portugal)<strong>. <\/strong>Fundada en 1932<\/li>\n<li><strong>Mi\u00e9rcoles 13 de julio. <\/strong><strong>MARTIN HILDEBERG. Aurora Borealis <\/strong>(Aurora Boreal)<strong>. <\/strong>G\u00d6TEBORGS FYRVERKERIFABRIK. Billdal (Gotemburgo, Suecia)<strong>. <\/strong>Fundada en 1994<\/li>\n<li><strong>Jueves 14 de julio. BERNARDO SANCHI VALLBONA. En el jard\u00edn de Andrew: dos almas en fuego. <\/strong>HERMANOS CABALLER PIROT\u00c9CNICOS<strong>. <\/strong>Almenara (Castell\u00f3n)<strong>. <\/strong>Fundada en 2001<\/li>\n<\/ul>\n","protected":false},"excerpt":{"rendered":"<p>El concurso tiene tres novedades: la opci\u00f3n de premontaje, en la que Pamplona ser\u00e1 pionera en Espa\u00f1a, la incorporaci\u00f3n de artistas al jurado y la presentaci\u00f3n del primer logotipo del&#8230;<\/p>\n","protected":false},"author":1,"featured_media":23241,"comment_status":"open","ping_status":"closed","sticky":false,"template":"","format":"standard","meta":{"footnotes":""},"categories":[2,9406],"tags":[],"class_list":["post-40808","post","type-post","status-publish","format-standard","has-post-thumbnail","hentry","category-ayuntamiento-pamplona","category-san-fermin"],"yoast_head":"<!-- This site is optimized with the Yoast SEO plugin v27.3 - https:\/\/yoast.com\/product\/yoast-seo-wordpress\/ -->\n<title>Nueve dise\u00f1adores de cinco pa\u00edses participar\u00e1n en el XXI Concurso Internacional de Fuegos Artificiales de San Ferm\u00edn, dedicado por cuarto a\u00f1o a los \u2018fuegos de autor\u2019<\/title>\n<meta name=\"description\" content=\"El concurso tiene tres novedades: la opci\u00f3n de premontaje, en la que Pamplona ser\u00e1 pionera en Espa\u00f1a, la incorporaci\u00f3n de artistas al jurado...\" \/>\n<meta name=\"robots\" content=\"index, follow, max-snippet:-1, max-image-preview:large, max-video-preview:-1\" \/>\n<link rel=\"canonical\" href=\"https:\/\/www.laguiadepamplona.com\/actualidad\/nueve-disenadores-de-cinco-paises-participaran-en-el-xxi-concurso-internacional-de-fuegos-artificiales-de-san-fermin-dedicado-por-cuarto-ano-a-los-fuegos-de-autor\/\" \/>\n<meta property=\"og:locale\" content=\"es_ES\" \/>\n<meta property=\"og:type\" content=\"article\" \/>\n<meta property=\"og:title\" content=\"Nueve dise\u00f1adores de cinco pa\u00edses participar\u00e1n en el XXI Concurso Internacional de Fuegos Artificiales de San Ferm\u00edn, dedicado por cuarto a\u00f1o a los \u2018fuegos de autor\u2019\" \/>\n<meta property=\"og:description\" content=\"El concurso tiene tres novedades: la opci\u00f3n de premontaje, en la que Pamplona ser\u00e1 pionera en Espa\u00f1a, la incorporaci\u00f3n de artistas al jurado...\" \/>\n<meta property=\"og:url\" content=\"https:\/\/www.laguiadepamplona.com\/actualidad\/nueve-disenadores-de-cinco-paises-participaran-en-el-xxi-concurso-internacional-de-fuegos-artificiales-de-san-fermin-dedicado-por-cuarto-ano-a-los-fuegos-de-autor\/\" \/>\n<meta property=\"og:site_name\" content=\"La Gu\u00eda de Pamplona\" \/>\n<meta property=\"article:publisher\" content=\"https:\/\/www.facebook.com\/laguiadepamplonacom-133175176762273\/?ref=hl\" \/>\n<meta property=\"article:published_time\" content=\"2022-06-13T10:55:11+00:00\" \/>\n<meta property=\"article:modified_time\" content=\"2023-04-11T09:48:03+00:00\" \/>\n<meta property=\"og:image\" content=\"https:\/\/www.laguiadepamplona.com\/actualidad\/wp-content\/uploads\/2019\/07\/fuegos-artificiales-sanfermin.jpg\" \/>\n\t<meta property=\"og:image:width\" content=\"1920\" \/>\n\t<meta property=\"og:image:height\" content=\"1144\" \/>\n\t<meta property=\"og:image:type\" content=\"image\/jpeg\" \/>\n<meta name=\"author\" content=\"La Gu\u00eda de Pamplona\" \/>\n<meta name=\"twitter:card\" content=\"summary_large_image\" \/>\n<meta name=\"twitter:creator\" content=\"@LaGuiadPamplona\" \/>\n<meta name=\"twitter:site\" content=\"@LaGuiadPamplona\" \/>\n<meta name=\"twitter:label1\" content=\"Escrito por\" \/>\n\t<meta name=\"twitter:data1\" content=\"La Gu\u00eda de Pamplona\" \/>\n\t<meta name=\"twitter:label2\" content=\"Tiempo de lectura\" \/>\n\t<meta name=\"twitter:data2\" content=\"5 minutos\" \/>\n<script type=\"application\/ld+json\" class=\"yoast-schema-graph\">{\"@context\":\"https:\\\/\\\/schema.org\",\"@graph\":[{\"@type\":\"Article\",\"@id\":\"https:\\\/\\\/www.laguiadepamplona.com\\\/actualidad\\\/nueve-disenadores-de-cinco-paises-participaran-en-el-xxi-concurso-internacional-de-fuegos-artificiales-de-san-fermin-dedicado-por-cuarto-ano-a-los-fuegos-de-autor\\\/#article\",\"isPartOf\":{\"@id\":\"https:\\\/\\\/www.laguiadepamplona.com\\\/actualidad\\\/nueve-disenadores-de-cinco-paises-participaran-en-el-xxi-concurso-internacional-de-fuegos-artificiales-de-san-fermin-dedicado-por-cuarto-ano-a-los-fuegos-de-autor\\\/\"},\"author\":{\"name\":\"La Gu\u00eda de Pamplona\",\"@id\":\"https:\\\/\\\/www.laguiadepamplona.com\\\/actualidad\\\/#\\\/schema\\\/person\\\/efe887376f0213d4657c93adc50b1fdb\"},\"headline\":\"Nueve dise\u00f1adores de cinco pa\u00edses participar\u00e1n en el XXI Concurso Internacional de Fuegos Artificiales de San Ferm\u00edn, dedicado por cuarto a\u00f1o a los \u2018fuegos de autor\u2019\",\"datePublished\":\"2022-06-13T10:55:11+00:00\",\"dateModified\":\"2023-04-11T09:48:03+00:00\",\"mainEntityOfPage\":{\"@id\":\"https:\\\/\\\/www.laguiadepamplona.com\\\/actualidad\\\/nueve-disenadores-de-cinco-paises-participaran-en-el-xxi-concurso-internacional-de-fuegos-artificiales-de-san-fermin-dedicado-por-cuarto-ano-a-los-fuegos-de-autor\\\/\"},\"wordCount\":1041,\"commentCount\":0,\"publisher\":{\"@id\":\"https:\\\/\\\/www.laguiadepamplona.com\\\/actualidad\\\/#organization\"},\"image\":{\"@id\":\"https:\\\/\\\/www.laguiadepamplona.com\\\/actualidad\\\/nueve-disenadores-de-cinco-paises-participaran-en-el-xxi-concurso-internacional-de-fuegos-artificiales-de-san-fermin-dedicado-por-cuarto-ano-a-los-fuegos-de-autor\\\/#primaryimage\"},\"thumbnailUrl\":\"https:\\\/\\\/www.laguiadepamplona.com\\\/actualidad\\\/wp-content\\\/uploads\\\/2019\\\/07\\\/fuegos-artificiales-sanfermin.jpg\",\"articleSection\":[\"Ayto Pamplona\",\"San Ferm\u00edn\"],\"inLanguage\":\"es\",\"potentialAction\":[{\"@type\":\"CommentAction\",\"name\":\"Comment\",\"target\":[\"https:\\\/\\\/www.laguiadepamplona.com\\\/actualidad\\\/nueve-disenadores-de-cinco-paises-participaran-en-el-xxi-concurso-internacional-de-fuegos-artificiales-de-san-fermin-dedicado-por-cuarto-ano-a-los-fuegos-de-autor\\\/#respond\"]}]},{\"@type\":\"WebPage\",\"@id\":\"https:\\\/\\\/www.laguiadepamplona.com\\\/actualidad\\\/nueve-disenadores-de-cinco-paises-participaran-en-el-xxi-concurso-internacional-de-fuegos-artificiales-de-san-fermin-dedicado-por-cuarto-ano-a-los-fuegos-de-autor\\\/\",\"url\":\"https:\\\/\\\/www.laguiadepamplona.com\\\/actualidad\\\/nueve-disenadores-de-cinco-paises-participaran-en-el-xxi-concurso-internacional-de-fuegos-artificiales-de-san-fermin-dedicado-por-cuarto-ano-a-los-fuegos-de-autor\\\/\",\"name\":\"Nueve dise\u00f1adores de cinco pa\u00edses participar\u00e1n en el XXI Concurso Internacional de Fuegos Artificiales de San Ferm\u00edn, dedicado por cuarto a\u00f1o a los \u2018fuegos de autor\u2019\",\"isPartOf\":{\"@id\":\"https:\\\/\\\/www.laguiadepamplona.com\\\/actualidad\\\/#website\"},\"primaryImageOfPage\":{\"@id\":\"https:\\\/\\\/www.laguiadepamplona.com\\\/actualidad\\\/nueve-disenadores-de-cinco-paises-participaran-en-el-xxi-concurso-internacional-de-fuegos-artificiales-de-san-fermin-dedicado-por-cuarto-ano-a-los-fuegos-de-autor\\\/#primaryimage\"},\"image\":{\"@id\":\"https:\\\/\\\/www.laguiadepamplona.com\\\/actualidad\\\/nueve-disenadores-de-cinco-paises-participaran-en-el-xxi-concurso-internacional-de-fuegos-artificiales-de-san-fermin-dedicado-por-cuarto-ano-a-los-fuegos-de-autor\\\/#primaryimage\"},\"thumbnailUrl\":\"https:\\\/\\\/www.laguiadepamplona.com\\\/actualidad\\\/wp-content\\\/uploads\\\/2019\\\/07\\\/fuegos-artificiales-sanfermin.jpg\",\"datePublished\":\"2022-06-13T10:55:11+00:00\",\"dateModified\":\"2023-04-11T09:48:03+00:00\",\"description\":\"El concurso tiene tres novedades: la opci\u00f3n de premontaje, en la que Pamplona ser\u00e1 pionera en Espa\u00f1a, la incorporaci\u00f3n de artistas al jurado...\",\"breadcrumb\":{\"@id\":\"https:\\\/\\\/www.laguiadepamplona.com\\\/actualidad\\\/nueve-disenadores-de-cinco-paises-participaran-en-el-xxi-concurso-internacional-de-fuegos-artificiales-de-san-fermin-dedicado-por-cuarto-ano-a-los-fuegos-de-autor\\\/#breadcrumb\"},\"inLanguage\":\"es\",\"potentialAction\":[{\"@type\":\"ReadAction\",\"target\":[\"https:\\\/\\\/www.laguiadepamplona.com\\\/actualidad\\\/nueve-disenadores-de-cinco-paises-participaran-en-el-xxi-concurso-internacional-de-fuegos-artificiales-de-san-fermin-dedicado-por-cuarto-ano-a-los-fuegos-de-autor\\\/\"]}]},{\"@type\":\"ImageObject\",\"inLanguage\":\"es\",\"@id\":\"https:\\\/\\\/www.laguiadepamplona.com\\\/actualidad\\\/nueve-disenadores-de-cinco-paises-participaran-en-el-xxi-concurso-internacional-de-fuegos-artificiales-de-san-fermin-dedicado-por-cuarto-ano-a-los-fuegos-de-autor\\\/#primaryimage\",\"url\":\"https:\\\/\\\/www.laguiadepamplona.com\\\/actualidad\\\/wp-content\\\/uploads\\\/2019\\\/07\\\/fuegos-artificiales-sanfermin.jpg\",\"contentUrl\":\"https:\\\/\\\/www.laguiadepamplona.com\\\/actualidad\\\/wp-content\\\/uploads\\\/2019\\\/07\\\/fuegos-artificiales-sanfermin.jpg\",\"width\":1920,\"height\":1144},{\"@type\":\"BreadcrumbList\",\"@id\":\"https:\\\/\\\/www.laguiadepamplona.com\\\/actualidad\\\/nueve-disenadores-de-cinco-paises-participaran-en-el-xxi-concurso-internacional-de-fuegos-artificiales-de-san-fermin-dedicado-por-cuarto-ano-a-los-fuegos-de-autor\\\/#breadcrumb\",\"itemListElement\":[{\"@type\":\"ListItem\",\"position\":1,\"name\":\"Portada\",\"item\":\"https:\\\/\\\/www.laguiadepamplona.com\\\/actualidad\\\/\"},{\"@type\":\"ListItem\",\"position\":2,\"name\":\"Nueve dise\u00f1adores de cinco pa\u00edses participar\u00e1n en el XXI Concurso Internacional de Fuegos Artificiales de San Ferm\u00edn, dedicado por cuarto a\u00f1o a los \u2018fuegos de autor\u2019\"}]},{\"@type\":\"WebSite\",\"@id\":\"https:\\\/\\\/www.laguiadepamplona.com\\\/actualidad\\\/#website\",\"url\":\"https:\\\/\\\/www.laguiadepamplona.com\\\/actualidad\\\/\",\"name\":\"La gu\u00eda de Pamplona\",\"description\":\"Noticias de Pamplona\",\"publisher\":{\"@id\":\"https:\\\/\\\/www.laguiadepamplona.com\\\/actualidad\\\/#organization\"},\"potentialAction\":[{\"@type\":\"SearchAction\",\"target\":{\"@type\":\"EntryPoint\",\"urlTemplate\":\"https:\\\/\\\/www.laguiadepamplona.com\\\/actualidad\\\/?s={search_term_string}\"},\"query-input\":{\"@type\":\"PropertyValueSpecification\",\"valueRequired\":true,\"valueName\":\"search_term_string\"}}],\"inLanguage\":\"es\"},{\"@type\":\"Organization\",\"@id\":\"https:\\\/\\\/www.laguiadepamplona.com\\\/actualidad\\\/#organization\",\"name\":\"La Gu\u00eda de Pamplona \\\/ Noticias\",\"url\":\"https:\\\/\\\/www.laguiadepamplona.com\\\/actualidad\\\/\",\"logo\":{\"@type\":\"ImageObject\",\"inLanguage\":\"es\",\"@id\":\"https:\\\/\\\/www.laguiadepamplona.com\\\/actualidad\\\/#\\\/schema\\\/logo\\\/image\\\/\",\"url\":\"https:\\\/\\\/www.laguiadepamplona.com\\\/actualidad\\\/wp-content\\\/uploads\\\/2018\\\/11\\\/logo-laguiadepamplona18-web1.png\",\"contentUrl\":\"https:\\\/\\\/www.laguiadepamplona.com\\\/actualidad\\\/wp-content\\\/uploads\\\/2018\\\/11\\\/logo-laguiadepamplona18-web1.png\",\"width\":600,\"height\":196,\"caption\":\"La Gu\u00eda de Pamplona \\\/ Noticias\"},\"image\":{\"@id\":\"https:\\\/\\\/www.laguiadepamplona.com\\\/actualidad\\\/#\\\/schema\\\/logo\\\/image\\\/\"},\"sameAs\":[\"https:\\\/\\\/www.facebook.com\\\/laguiadepamplonacom-133175176762273\\\/?ref=hl\",\"https:\\\/\\\/x.com\\\/LaGuiadPamplona\",\"https:\\\/\\\/www.instagram.com\\\/la_guia_de_pamplona\\\/\",\"https:\\\/\\\/www.youtube.com\\\/user\\\/laguiadepamplona\"]},{\"@type\":\"Person\",\"@id\":\"https:\\\/\\\/www.laguiadepamplona.com\\\/actualidad\\\/#\\\/schema\\\/person\\\/efe887376f0213d4657c93adc50b1fdb\",\"name\":\"La Gu\u00eda de Pamplona\",\"image\":{\"@type\":\"ImageObject\",\"inLanguage\":\"es\",\"@id\":\"https:\\\/\\\/secure.gravatar.com\\\/avatar\\\/b6992f131dc8d30ab0dff15446e9d346d9dbd95992de0fef795073f5ea83a81c?s=96&d=mm&r=g\",\"url\":\"https:\\\/\\\/secure.gravatar.com\\\/avatar\\\/b6992f131dc8d30ab0dff15446e9d346d9dbd95992de0fef795073f5ea83a81c?s=96&d=mm&r=g\",\"contentUrl\":\"https:\\\/\\\/secure.gravatar.com\\\/avatar\\\/b6992f131dc8d30ab0dff15446e9d346d9dbd95992de0fef795073f5ea83a81c?s=96&d=mm&r=g\",\"caption\":\"La Gu\u00eda de Pamplona\"}}]}<\/script>\n<!-- \/ Yoast SEO plugin. -->","yoast_head_json":{"title":"Nueve dise\u00f1adores de cinco pa\u00edses participar\u00e1n en el XXI Concurso Internacional de Fuegos Artificiales de San Ferm\u00edn, dedicado por cuarto a\u00f1o a los \u2018fuegos de autor\u2019","description":"El concurso tiene tres novedades: la opci\u00f3n de premontaje, en la que Pamplona ser\u00e1 pionera en Espa\u00f1a, la incorporaci\u00f3n de artistas al jurado...","robots":{"index":"index","follow":"follow","max-snippet":"max-snippet:-1","max-image-preview":"max-image-preview:large","max-video-preview":"max-video-preview:-1"},"canonical":"https:\/\/www.laguiadepamplona.com\/actualidad\/nueve-disenadores-de-cinco-paises-participaran-en-el-xxi-concurso-internacional-de-fuegos-artificiales-de-san-fermin-dedicado-por-cuarto-ano-a-los-fuegos-de-autor\/","og_locale":"es_ES","og_type":"article","og_title":"Nueve dise\u00f1adores de cinco pa\u00edses participar\u00e1n en el XXI Concurso Internacional de Fuegos Artificiales de San Ferm\u00edn, dedicado por cuarto a\u00f1o a los \u2018fuegos de autor\u2019","og_description":"El concurso tiene tres novedades: la opci\u00f3n de premontaje, en la que Pamplona ser\u00e1 pionera en Espa\u00f1a, la incorporaci\u00f3n de artistas al jurado...","og_url":"https:\/\/www.laguiadepamplona.com\/actualidad\/nueve-disenadores-de-cinco-paises-participaran-en-el-xxi-concurso-internacional-de-fuegos-artificiales-de-san-fermin-dedicado-por-cuarto-ano-a-los-fuegos-de-autor\/","og_site_name":"La Gu\u00eda de Pamplona","article_publisher":"https:\/\/www.facebook.com\/laguiadepamplonacom-133175176762273\/?ref=hl","article_published_time":"2022-06-13T10:55:11+00:00","article_modified_time":"2023-04-11T09:48:03+00:00","og_image":[{"width":1920,"height":1144,"url":"https:\/\/www.laguiadepamplona.com\/actualidad\/wp-content\/uploads\/2019\/07\/fuegos-artificiales-sanfermin.jpg","type":"image\/jpeg"}],"author":"La Gu\u00eda de Pamplona","twitter_card":"summary_large_image","twitter_creator":"@LaGuiadPamplona","twitter_site":"@LaGuiadPamplona","twitter_misc":{"Escrito por":"La Gu\u00eda de Pamplona","Tiempo de lectura":"5 minutos"},"schema":{"@context":"https:\/\/schema.org","@graph":[{"@type":"Article","@id":"https:\/\/www.laguiadepamplona.com\/actualidad\/nueve-disenadores-de-cinco-paises-participaran-en-el-xxi-concurso-internacional-de-fuegos-artificiales-de-san-fermin-dedicado-por-cuarto-ano-a-los-fuegos-de-autor\/#article","isPartOf":{"@id":"https:\/\/www.laguiadepamplona.com\/actualidad\/nueve-disenadores-de-cinco-paises-participaran-en-el-xxi-concurso-internacional-de-fuegos-artificiales-de-san-fermin-dedicado-por-cuarto-ano-a-los-fuegos-de-autor\/"},"author":{"name":"La Gu\u00eda de Pamplona","@id":"https:\/\/www.laguiadepamplona.com\/actualidad\/#\/schema\/person\/efe887376f0213d4657c93adc50b1fdb"},"headline":"Nueve dise\u00f1adores de cinco pa\u00edses participar\u00e1n en el XXI Concurso Internacional de Fuegos Artificiales de San Ferm\u00edn, dedicado por cuarto a\u00f1o a los \u2018fuegos de autor\u2019","datePublished":"2022-06-13T10:55:11+00:00","dateModified":"2023-04-11T09:48:03+00:00","mainEntityOfPage":{"@id":"https:\/\/www.laguiadepamplona.com\/actualidad\/nueve-disenadores-de-cinco-paises-participaran-en-el-xxi-concurso-internacional-de-fuegos-artificiales-de-san-fermin-dedicado-por-cuarto-ano-a-los-fuegos-de-autor\/"},"wordCount":1041,"commentCount":0,"publisher":{"@id":"https:\/\/www.laguiadepamplona.com\/actualidad\/#organization"},"image":{"@id":"https:\/\/www.laguiadepamplona.com\/actualidad\/nueve-disenadores-de-cinco-paises-participaran-en-el-xxi-concurso-internacional-de-fuegos-artificiales-de-san-fermin-dedicado-por-cuarto-ano-a-los-fuegos-de-autor\/#primaryimage"},"thumbnailUrl":"https:\/\/www.laguiadepamplona.com\/actualidad\/wp-content\/uploads\/2019\/07\/fuegos-artificiales-sanfermin.jpg","articleSection":["Ayto Pamplona","San Ferm\u00edn"],"inLanguage":"es","potentialAction":[{"@type":"CommentAction","name":"Comment","target":["https:\/\/www.laguiadepamplona.com\/actualidad\/nueve-disenadores-de-cinco-paises-participaran-en-el-xxi-concurso-internacional-de-fuegos-artificiales-de-san-fermin-dedicado-por-cuarto-ano-a-los-fuegos-de-autor\/#respond"]}]},{"@type":"WebPage","@id":"https:\/\/www.laguiadepamplona.com\/actualidad\/nueve-disenadores-de-cinco-paises-participaran-en-el-xxi-concurso-internacional-de-fuegos-artificiales-de-san-fermin-dedicado-por-cuarto-ano-a-los-fuegos-de-autor\/","url":"https:\/\/www.laguiadepamplona.com\/actualidad\/nueve-disenadores-de-cinco-paises-participaran-en-el-xxi-concurso-internacional-de-fuegos-artificiales-de-san-fermin-dedicado-por-cuarto-ano-a-los-fuegos-de-autor\/","name":"Nueve dise\u00f1adores de cinco pa\u00edses participar\u00e1n en el XXI Concurso Internacional de Fuegos Artificiales de San Ferm\u00edn, dedicado por cuarto a\u00f1o a los \u2018fuegos de autor\u2019","isPartOf":{"@id":"https:\/\/www.laguiadepamplona.com\/actualidad\/#website"},"primaryImageOfPage":{"@id":"https:\/\/www.laguiadepamplona.com\/actualidad\/nueve-disenadores-de-cinco-paises-participaran-en-el-xxi-concurso-internacional-de-fuegos-artificiales-de-san-fermin-dedicado-por-cuarto-ano-a-los-fuegos-de-autor\/#primaryimage"},"image":{"@id":"https:\/\/www.laguiadepamplona.com\/actualidad\/nueve-disenadores-de-cinco-paises-participaran-en-el-xxi-concurso-internacional-de-fuegos-artificiales-de-san-fermin-dedicado-por-cuarto-ano-a-los-fuegos-de-autor\/#primaryimage"},"thumbnailUrl":"https:\/\/www.laguiadepamplona.com\/actualidad\/wp-content\/uploads\/2019\/07\/fuegos-artificiales-sanfermin.jpg","datePublished":"2022-06-13T10:55:11+00:00","dateModified":"2023-04-11T09:48:03+00:00","description":"El concurso tiene tres novedades: la opci\u00f3n de premontaje, en la que Pamplona ser\u00e1 pionera en Espa\u00f1a, la incorporaci\u00f3n de artistas al jurado...","breadcrumb":{"@id":"https:\/\/www.laguiadepamplona.com\/actualidad\/nueve-disenadores-de-cinco-paises-participaran-en-el-xxi-concurso-internacional-de-fuegos-artificiales-de-san-fermin-dedicado-por-cuarto-ano-a-los-fuegos-de-autor\/#breadcrumb"},"inLanguage":"es","potentialAction":[{"@type":"ReadAction","target":["https:\/\/www.laguiadepamplona.com\/actualidad\/nueve-disenadores-de-cinco-paises-participaran-en-el-xxi-concurso-internacional-de-fuegos-artificiales-de-san-fermin-dedicado-por-cuarto-ano-a-los-fuegos-de-autor\/"]}]},{"@type":"ImageObject","inLanguage":"es","@id":"https:\/\/www.laguiadepamplona.com\/actualidad\/nueve-disenadores-de-cinco-paises-participaran-en-el-xxi-concurso-internacional-de-fuegos-artificiales-de-san-fermin-dedicado-por-cuarto-ano-a-los-fuegos-de-autor\/#primaryimage","url":"https:\/\/www.laguiadepamplona.com\/actualidad\/wp-content\/uploads\/2019\/07\/fuegos-artificiales-sanfermin.jpg","contentUrl":"https:\/\/www.laguiadepamplona.com\/actualidad\/wp-content\/uploads\/2019\/07\/fuegos-artificiales-sanfermin.jpg","width":1920,"height":1144},{"@type":"BreadcrumbList","@id":"https:\/\/www.laguiadepamplona.com\/actualidad\/nueve-disenadores-de-cinco-paises-participaran-en-el-xxi-concurso-internacional-de-fuegos-artificiales-de-san-fermin-dedicado-por-cuarto-ano-a-los-fuegos-de-autor\/#breadcrumb","itemListElement":[{"@type":"ListItem","position":1,"name":"Portada","item":"https:\/\/www.laguiadepamplona.com\/actualidad\/"},{"@type":"ListItem","position":2,"name":"Nueve dise\u00f1adores de cinco pa\u00edses participar\u00e1n en el XXI Concurso Internacional de Fuegos Artificiales de San Ferm\u00edn, dedicado por cuarto a\u00f1o a los \u2018fuegos de autor\u2019"}]},{"@type":"WebSite","@id":"https:\/\/www.laguiadepamplona.com\/actualidad\/#website","url":"https:\/\/www.laguiadepamplona.com\/actualidad\/","name":"La gu\u00eda de Pamplona","description":"Noticias de Pamplona","publisher":{"@id":"https:\/\/www.laguiadepamplona.com\/actualidad\/#organization"},"potentialAction":[{"@type":"SearchAction","target":{"@type":"EntryPoint","urlTemplate":"https:\/\/www.laguiadepamplona.com\/actualidad\/?s={search_term_string}"},"query-input":{"@type":"PropertyValueSpecification","valueRequired":true,"valueName":"search_term_string"}}],"inLanguage":"es"},{"@type":"Organization","@id":"https:\/\/www.laguiadepamplona.com\/actualidad\/#organization","name":"La Gu\u00eda de Pamplona \/ Noticias","url":"https:\/\/www.laguiadepamplona.com\/actualidad\/","logo":{"@type":"ImageObject","inLanguage":"es","@id":"https:\/\/www.laguiadepamplona.com\/actualidad\/#\/schema\/logo\/image\/","url":"https:\/\/www.laguiadepamplona.com\/actualidad\/wp-content\/uploads\/2018\/11\/logo-laguiadepamplona18-web1.png","contentUrl":"https:\/\/www.laguiadepamplona.com\/actualidad\/wp-content\/uploads\/2018\/11\/logo-laguiadepamplona18-web1.png","width":600,"height":196,"caption":"La Gu\u00eda de Pamplona \/ Noticias"},"image":{"@id":"https:\/\/www.laguiadepamplona.com\/actualidad\/#\/schema\/logo\/image\/"},"sameAs":["https:\/\/www.facebook.com\/laguiadepamplonacom-133175176762273\/?ref=hl","https:\/\/x.com\/LaGuiadPamplona","https:\/\/www.instagram.com\/la_guia_de_pamplona\/","https:\/\/www.youtube.com\/user\/laguiadepamplona"]},{"@type":"Person","@id":"https:\/\/www.laguiadepamplona.com\/actualidad\/#\/schema\/person\/efe887376f0213d4657c93adc50b1fdb","name":"La Gu\u00eda de Pamplona","image":{"@type":"ImageObject","inLanguage":"es","@id":"https:\/\/secure.gravatar.com\/avatar\/b6992f131dc8d30ab0dff15446e9d346d9dbd95992de0fef795073f5ea83a81c?s=96&d=mm&r=g","url":"https:\/\/secure.gravatar.com\/avatar\/b6992f131dc8d30ab0dff15446e9d346d9dbd95992de0fef795073f5ea83a81c?s=96&d=mm&r=g","contentUrl":"https:\/\/secure.gravatar.com\/avatar\/b6992f131dc8d30ab0dff15446e9d346d9dbd95992de0fef795073f5ea83a81c?s=96&d=mm&r=g","caption":"La Gu\u00eda de Pamplona"}}]}},"post_mailing_queue_ids":[],"_links":{"self":[{"href":"https:\/\/www.laguiadepamplona.com\/actualidad\/wp-json\/wp\/v2\/posts\/40808","targetHints":{"allow":["GET"]}}],"collection":[{"href":"https:\/\/www.laguiadepamplona.com\/actualidad\/wp-json\/wp\/v2\/posts"}],"about":[{"href":"https:\/\/www.laguiadepamplona.com\/actualidad\/wp-json\/wp\/v2\/types\/post"}],"author":[{"embeddable":true,"href":"https:\/\/www.laguiadepamplona.com\/actualidad\/wp-json\/wp\/v2\/users\/1"}],"replies":[{"embeddable":true,"href":"https:\/\/www.laguiadepamplona.com\/actualidad\/wp-json\/wp\/v2\/comments?post=40808"}],"version-history":[{"count":0,"href":"https:\/\/www.laguiadepamplona.com\/actualidad\/wp-json\/wp\/v2\/posts\/40808\/revisions"}],"wp:featuredmedia":[{"embeddable":true,"href":"https:\/\/www.laguiadepamplona.com\/actualidad\/wp-json\/wp\/v2\/media\/23241"}],"wp:attachment":[{"href":"https:\/\/www.laguiadepamplona.com\/actualidad\/wp-json\/wp\/v2\/media?parent=40808"}],"wp:term":[{"taxonomy":"category","embeddable":true,"href":"https:\/\/www.laguiadepamplona.com\/actualidad\/wp-json\/wp\/v2\/categories?post=40808"},{"taxonomy":"post_tag","embeddable":true,"href":"https:\/\/www.laguiadepamplona.com\/actualidad\/wp-json\/wp\/v2\/tags?post=40808"}],"curies":[{"name":"wp","href":"https:\/\/api.w.org\/{rel}","templated":true}]}}