{"id":40805,"date":"2022-06-13T12:21:53","date_gmt":"2022-06-13T10:21:53","guid":{"rendered":"https:\/\/www.laguiadepamplona.com\/actualidad\/?p=40805"},"modified":"2023-04-11T11:48:03","modified_gmt":"2023-04-11T09:48:03","slug":"manana-martes-se-celebra-el-dia-nacional-de-las-lenguas-de-signos-y-la-fachada-de-la-casa-consistorial-se-iluminara-por-ello-de-color-turquesa","status":"publish","type":"post","link":"https:\/\/www.laguiadepamplona.com\/actualidad\/manana-martes-se-celebra-el-dia-nacional-de-las-lenguas-de-signos-y-la-fachada-de-la-casa-consistorial-se-iluminara-por-ello-de-color-turquesa\/","title":{"rendered":"Ma\u00f1ana martes se celebra el D\u00eda Nacional de las Lenguas de Signos y la fachada de la Casa Consistorial se iluminar\u00e1 por ello de color turquesa"},"content":{"rendered":"<p><!--more--><\/p>\n<p>El Ayuntamiento de Pamplona se une un d\u00eda m\u00e1s a una causa social iluminando la fachada de la Casa Consistorial ma\u00f1ana martes. El 14 de junio se celebra el D\u00eda Nacional de las Lenguas de Signos bajo el lema \u2018Libre para elegir, libre para signar\u2019 y el hashtag #yoconlals. El color turquesa te\u00f1ir\u00e1 la fachada del Ayuntamiento durante la tarde noche, respondiendo as\u00ed a la solicitud presentada por la Asociaci\u00f3n de Personas Sordas de Navarra (ASORNA).<br \/>\n<script async src=\"\/\/pagead2.googlesyndication.com\/pagead\/js\/adsbygoogle.js\"><\/script><br \/>\n<!-- Noticias La Guia de Pamplona --><br \/>\n<ins class=\"adsbygoogle\"\nstyle=\"display:block\"\ndata-ad-client=\"ca-pub-6943679897239327\"\ndata-ad-slot=\"7048180777\"\ndata-ad-format=\"auto\"><\/ins><br \/>\n<script>\n(adsbygoogle = window.adsbygoogle || []).push({});\n<\/script><\/p>\n<p>Este d\u00eda se celebra desde 2014 como reconocimiento de las lenguas de signos espa\u00f1ola y catalana. El reconocimiento legal de estas lenguas ha sido una de las mayores reivindicaciones hist\u00f3ricas de la comunidad sorda y su conmemoraci\u00f3n tiene por objetivo no s\u00f3lo compartir y promover su difusi\u00f3n, sino impulsar medidas para normalizar su uso m\u00e1s all\u00e1 de los \u00e1mbitos dom\u00e9sticos, educativos o sociosanitarios.<\/p>\n<p>La Asociaci\u00f3n de Personas Sordas de Navarra (ASORNA) es una organizaci\u00f3n no gubernamental, sin \u00e1nimo de lucro, fundada en 1957 con el objetivo de luchar por la igualdad de las personas sordas, reivindicando su diversidad, su espacio en la sociedad, sus derechos, su lengua propia y su cultura. Su labor parte de la defensa y el empoderamiento de todas las personas sordas y sus familias y del fortalecimiento de su red asociativa.<br \/>\n<script async src=\"\/\/pagead2.googlesyndication.com\/pagead\/js\/adsbygoogle.js\"><\/script><br \/>\n<!-- Noticias La Guia de Pamplona --><br \/>\n<ins class=\"adsbygoogle\"\nstyle=\"display:block\"\ndata-ad-client=\"ca-pub-6943679897239327\"\ndata-ad-slot=\"7048180777\"\ndata-ad-format=\"auto\"><\/ins><br \/>\n<script>\n(adsbygoogle = window.adsbygoogle || []).push({});\n<\/script><\/p>\n<p>ASORNA pertenece a la Confederaci\u00f3n Estatal de Personas Sordas (CNSE) fundada en 1936, precisamente un 14 de junio. A trav\u00e9s de la CNSE participan a nivel europeo en la Uni\u00f3n Europea de Personas Sordas (EUD) y en la Federaci\u00f3n Mundial de Personas Sordas (WFD). ASORNA tambi\u00e9n es socia fundadora de CERMIN Navarra.<\/p>\n","protected":false},"excerpt":{"rendered":"","protected":false},"author":1,"featured_media":40806,"comment_status":"open","ping_status":"closed","sticky":false,"template":"","format":"standard","meta":{"footnotes":""},"categories":[2],"tags":[],"class_list":["post-40805","post","type-post","status-publish","format-standard","has-post-thumbnail","hentry","category-ayuntamiento-pamplona"],"yoast_head":"<!-- This site is optimized with the Yoast SEO plugin v27.5 - https:\/\/yoast.com\/product\/yoast-seo-wordpress\/ -->\n<title>Ma\u00f1ana martes se celebra el D\u00eda Nacional de las Lenguas de Signos y la fachada de la Casa Consistorial se iluminar\u00e1 por ello de color turquesa<\/title>\n<meta name=\"description\" content=\"Este d\u00eda se celebra desde 2014 como reconocimiento de las lenguas de signos espa\u00f1ola y catalana.\" \/>\n<meta name=\"robots\" content=\"index, follow, max-snippet:-1, max-image-preview:large, max-video-preview:-1\" \/>\n<link rel=\"canonical\" href=\"https:\/\/www.laguiadepamplona.com\/actualidad\/manana-martes-se-celebra-el-dia-nacional-de-las-lenguas-de-signos-y-la-fachada-de-la-casa-consistorial-se-iluminara-por-ello-de-color-turquesa\/\" \/>\n<meta property=\"og:locale\" content=\"es_ES\" \/>\n<meta property=\"og:type\" content=\"article\" \/>\n<meta property=\"og:title\" content=\"Ma\u00f1ana martes se celebra el D\u00eda Nacional de las Lenguas de Signos y la fachada de la Casa Consistorial se iluminar\u00e1 por ello de color turquesa\" \/>\n<meta property=\"og:description\" content=\"Este d\u00eda se celebra desde 2014 como reconocimiento de las lenguas de signos espa\u00f1ola y catalana.\" \/>\n<meta property=\"og:url\" content=\"https:\/\/www.laguiadepamplona.com\/actualidad\/manana-martes-se-celebra-el-dia-nacional-de-las-lenguas-de-signos-y-la-fachada-de-la-casa-consistorial-se-iluminara-por-ello-de-color-turquesa\/\" \/>\n<meta property=\"og:site_name\" content=\"La Gu\u00eda de Pamplona\" \/>\n<meta property=\"article:publisher\" content=\"https:\/\/www.facebook.com\/laguiadepamplonacom-133175176762273\/?ref=hl\" \/>\n<meta property=\"article:published_time\" content=\"2022-06-13T10:21:53+00:00\" \/>\n<meta property=\"article:modified_time\" content=\"2023-04-11T09:48:03+00:00\" \/>\n<meta property=\"og:image\" content=\"https:\/\/www.laguiadepamplona.com\/actualidad\/wp-content\/uploads\/2022\/06\/aytoazul_JGV8938_2.webp\" \/>\n\t<meta property=\"og:image:width\" content=\"1920\" \/>\n\t<meta property=\"og:image:height\" content=\"1280\" \/>\n\t<meta property=\"og:image:type\" content=\"image\/webp\" \/>\n<meta name=\"author\" content=\"La Gu\u00eda de Pamplona\" \/>\n<meta name=\"twitter:card\" content=\"summary_large_image\" \/>\n<meta name=\"twitter:creator\" content=\"@LaGuiadPamplona\" \/>\n<meta name=\"twitter:site\" content=\"@LaGuiadPamplona\" \/>\n<meta name=\"twitter:label1\" content=\"Escrito por\" \/>\n\t<meta name=\"twitter:data1\" content=\"La Gu\u00eda de Pamplona\" \/>\n\t<meta name=\"twitter:label2\" content=\"Tiempo de lectura\" \/>\n\t<meta name=\"twitter:data2\" content=\"2 minutos\" \/>\n<script type=\"application\/ld+json\" class=\"yoast-schema-graph\">{\"@context\":\"https:\\\/\\\/schema.org\",\"@graph\":[{\"@type\":\"Article\",\"@id\":\"https:\\\/\\\/www.laguiadepamplona.com\\\/actualidad\\\/manana-martes-se-celebra-el-dia-nacional-de-las-lenguas-de-signos-y-la-fachada-de-la-casa-consistorial-se-iluminara-por-ello-de-color-turquesa\\\/#article\",\"isPartOf\":{\"@id\":\"https:\\\/\\\/www.laguiadepamplona.com\\\/actualidad\\\/manana-martes-se-celebra-el-dia-nacional-de-las-lenguas-de-signos-y-la-fachada-de-la-casa-consistorial-se-iluminara-por-ello-de-color-turquesa\\\/\"},\"author\":{\"name\":\"La Gu\u00eda de Pamplona\",\"@id\":\"https:\\\/\\\/www.laguiadepamplona.com\\\/actualidad\\\/#\\\/schema\\\/person\\\/efe887376f0213d4657c93adc50b1fdb\"},\"headline\":\"Ma\u00f1ana martes se celebra el D\u00eda Nacional de las Lenguas de Signos y la fachada de la Casa Consistorial se iluminar\u00e1 por ello de color turquesa\",\"datePublished\":\"2022-06-13T10:21:53+00:00\",\"dateModified\":\"2023-04-11T09:48:03+00:00\",\"mainEntityOfPage\":{\"@id\":\"https:\\\/\\\/www.laguiadepamplona.com\\\/actualidad\\\/manana-martes-se-celebra-el-dia-nacional-de-las-lenguas-de-signos-y-la-fachada-de-la-casa-consistorial-se-iluminara-por-ello-de-color-turquesa\\\/\"},\"wordCount\":307,\"commentCount\":0,\"publisher\":{\"@id\":\"https:\\\/\\\/www.laguiadepamplona.com\\\/actualidad\\\/#organization\"},\"image\":{\"@id\":\"https:\\\/\\\/www.laguiadepamplona.com\\\/actualidad\\\/manana-martes-se-celebra-el-dia-nacional-de-las-lenguas-de-signos-y-la-fachada-de-la-casa-consistorial-se-iluminara-por-ello-de-color-turquesa\\\/#primaryimage\"},\"thumbnailUrl\":\"https:\\\/\\\/www.laguiadepamplona.com\\\/actualidad\\\/wp-content\\\/uploads\\\/2022\\\/06\\\/aytoazul_JGV8938_2.webp\",\"articleSection\":[\"Ayto Pamplona\"],\"inLanguage\":\"es\",\"potentialAction\":[{\"@type\":\"CommentAction\",\"name\":\"Comment\",\"target\":[\"https:\\\/\\\/www.laguiadepamplona.com\\\/actualidad\\\/manana-martes-se-celebra-el-dia-nacional-de-las-lenguas-de-signos-y-la-fachada-de-la-casa-consistorial-se-iluminara-por-ello-de-color-turquesa\\\/#respond\"]}]},{\"@type\":\"WebPage\",\"@id\":\"https:\\\/\\\/www.laguiadepamplona.com\\\/actualidad\\\/manana-martes-se-celebra-el-dia-nacional-de-las-lenguas-de-signos-y-la-fachada-de-la-casa-consistorial-se-iluminara-por-ello-de-color-turquesa\\\/\",\"url\":\"https:\\\/\\\/www.laguiadepamplona.com\\\/actualidad\\\/manana-martes-se-celebra-el-dia-nacional-de-las-lenguas-de-signos-y-la-fachada-de-la-casa-consistorial-se-iluminara-por-ello-de-color-turquesa\\\/\",\"name\":\"Ma\u00f1ana martes se celebra el D\u00eda Nacional de las Lenguas de Signos y la fachada de la Casa Consistorial se iluminar\u00e1 por ello de color turquesa\",\"isPartOf\":{\"@id\":\"https:\\\/\\\/www.laguiadepamplona.com\\\/actualidad\\\/#website\"},\"primaryImageOfPage\":{\"@id\":\"https:\\\/\\\/www.laguiadepamplona.com\\\/actualidad\\\/manana-martes-se-celebra-el-dia-nacional-de-las-lenguas-de-signos-y-la-fachada-de-la-casa-consistorial-se-iluminara-por-ello-de-color-turquesa\\\/#primaryimage\"},\"image\":{\"@id\":\"https:\\\/\\\/www.laguiadepamplona.com\\\/actualidad\\\/manana-martes-se-celebra-el-dia-nacional-de-las-lenguas-de-signos-y-la-fachada-de-la-casa-consistorial-se-iluminara-por-ello-de-color-turquesa\\\/#primaryimage\"},\"thumbnailUrl\":\"https:\\\/\\\/www.laguiadepamplona.com\\\/actualidad\\\/wp-content\\\/uploads\\\/2022\\\/06\\\/aytoazul_JGV8938_2.webp\",\"datePublished\":\"2022-06-13T10:21:53+00:00\",\"dateModified\":\"2023-04-11T09:48:03+00:00\",\"description\":\"Este d\u00eda se celebra desde 2014 como reconocimiento de las lenguas de signos espa\u00f1ola y catalana.\",\"breadcrumb\":{\"@id\":\"https:\\\/\\\/www.laguiadepamplona.com\\\/actualidad\\\/manana-martes-se-celebra-el-dia-nacional-de-las-lenguas-de-signos-y-la-fachada-de-la-casa-consistorial-se-iluminara-por-ello-de-color-turquesa\\\/#breadcrumb\"},\"inLanguage\":\"es\",\"potentialAction\":[{\"@type\":\"ReadAction\",\"target\":[\"https:\\\/\\\/www.laguiadepamplona.com\\\/actualidad\\\/manana-martes-se-celebra-el-dia-nacional-de-las-lenguas-de-signos-y-la-fachada-de-la-casa-consistorial-se-iluminara-por-ello-de-color-turquesa\\\/\"]}]},{\"@type\":\"ImageObject\",\"inLanguage\":\"es\",\"@id\":\"https:\\\/\\\/www.laguiadepamplona.com\\\/actualidad\\\/manana-martes-se-celebra-el-dia-nacional-de-las-lenguas-de-signos-y-la-fachada-de-la-casa-consistorial-se-iluminara-por-ello-de-color-turquesa\\\/#primaryimage\",\"url\":\"https:\\\/\\\/www.laguiadepamplona.com\\\/actualidad\\\/wp-content\\\/uploads\\\/2022\\\/06\\\/aytoazul_JGV8938_2.webp\",\"contentUrl\":\"https:\\\/\\\/www.laguiadepamplona.com\\\/actualidad\\\/wp-content\\\/uploads\\\/2022\\\/06\\\/aytoazul_JGV8938_2.webp\",\"width\":1920,\"height\":1280},{\"@type\":\"BreadcrumbList\",\"@id\":\"https:\\\/\\\/www.laguiadepamplona.com\\\/actualidad\\\/manana-martes-se-celebra-el-dia-nacional-de-las-lenguas-de-signos-y-la-fachada-de-la-casa-consistorial-se-iluminara-por-ello-de-color-turquesa\\\/#breadcrumb\",\"itemListElement\":[{\"@type\":\"ListItem\",\"position\":1,\"name\":\"Portada\",\"item\":\"https:\\\/\\\/www.laguiadepamplona.com\\\/actualidad\\\/\"},{\"@type\":\"ListItem\",\"position\":2,\"name\":\"Ma\u00f1ana martes se celebra el D\u00eda Nacional de las Lenguas de Signos y la fachada de la Casa Consistorial se iluminar\u00e1 por ello de color turquesa\"}]},{\"@type\":\"WebSite\",\"@id\":\"https:\\\/\\\/www.laguiadepamplona.com\\\/actualidad\\\/#website\",\"url\":\"https:\\\/\\\/www.laguiadepamplona.com\\\/actualidad\\\/\",\"name\":\"La gu\u00eda de Pamplona\",\"description\":\"Noticias de Pamplona\",\"publisher\":{\"@id\":\"https:\\\/\\\/www.laguiadepamplona.com\\\/actualidad\\\/#organization\"},\"potentialAction\":[{\"@type\":\"SearchAction\",\"target\":{\"@type\":\"EntryPoint\",\"urlTemplate\":\"https:\\\/\\\/www.laguiadepamplona.com\\\/actualidad\\\/?s={search_term_string}\"},\"query-input\":{\"@type\":\"PropertyValueSpecification\",\"valueRequired\":true,\"valueName\":\"search_term_string\"}}],\"inLanguage\":\"es\"},{\"@type\":\"Organization\",\"@id\":\"https:\\\/\\\/www.laguiadepamplona.com\\\/actualidad\\\/#organization\",\"name\":\"La Gu\u00eda de Pamplona \\\/ Noticias\",\"url\":\"https:\\\/\\\/www.laguiadepamplona.com\\\/actualidad\\\/\",\"logo\":{\"@type\":\"ImageObject\",\"inLanguage\":\"es\",\"@id\":\"https:\\\/\\\/www.laguiadepamplona.com\\\/actualidad\\\/#\\\/schema\\\/logo\\\/image\\\/\",\"url\":\"https:\\\/\\\/www.laguiadepamplona.com\\\/actualidad\\\/wp-content\\\/uploads\\\/2018\\\/11\\\/logo-laguiadepamplona18-web1.png\",\"contentUrl\":\"https:\\\/\\\/www.laguiadepamplona.com\\\/actualidad\\\/wp-content\\\/uploads\\\/2018\\\/11\\\/logo-laguiadepamplona18-web1.png\",\"width\":600,\"height\":196,\"caption\":\"La Gu\u00eda de Pamplona \\\/ Noticias\"},\"image\":{\"@id\":\"https:\\\/\\\/www.laguiadepamplona.com\\\/actualidad\\\/#\\\/schema\\\/logo\\\/image\\\/\"},\"sameAs\":[\"https:\\\/\\\/www.facebook.com\\\/laguiadepamplonacom-133175176762273\\\/?ref=hl\",\"https:\\\/\\\/x.com\\\/LaGuiadPamplona\",\"https:\\\/\\\/www.instagram.com\\\/la_guia_de_pamplona\\\/\",\"https:\\\/\\\/www.youtube.com\\\/user\\\/laguiadepamplona\"]},{\"@type\":\"Person\",\"@id\":\"https:\\\/\\\/www.laguiadepamplona.com\\\/actualidad\\\/#\\\/schema\\\/person\\\/efe887376f0213d4657c93adc50b1fdb\",\"name\":\"La Gu\u00eda de Pamplona\",\"image\":{\"@type\":\"ImageObject\",\"inLanguage\":\"es\",\"@id\":\"https:\\\/\\\/secure.gravatar.com\\\/avatar\\\/b6992f131dc8d30ab0dff15446e9d346d9dbd95992de0fef795073f5ea83a81c?s=96&d=mm&r=g\",\"url\":\"https:\\\/\\\/secure.gravatar.com\\\/avatar\\\/b6992f131dc8d30ab0dff15446e9d346d9dbd95992de0fef795073f5ea83a81c?s=96&d=mm&r=g\",\"contentUrl\":\"https:\\\/\\\/secure.gravatar.com\\\/avatar\\\/b6992f131dc8d30ab0dff15446e9d346d9dbd95992de0fef795073f5ea83a81c?s=96&d=mm&r=g\",\"caption\":\"La Gu\u00eda de Pamplona\"}}]}<\/script>\n<!-- \/ Yoast SEO plugin. -->","yoast_head_json":{"title":"Ma\u00f1ana martes se celebra el D\u00eda Nacional de las Lenguas de Signos y la fachada de la Casa Consistorial se iluminar\u00e1 por ello de color turquesa","description":"Este d\u00eda se celebra desde 2014 como reconocimiento de las lenguas de signos espa\u00f1ola y catalana.","robots":{"index":"index","follow":"follow","max-snippet":"max-snippet:-1","max-image-preview":"max-image-preview:large","max-video-preview":"max-video-preview:-1"},"canonical":"https:\/\/www.laguiadepamplona.com\/actualidad\/manana-martes-se-celebra-el-dia-nacional-de-las-lenguas-de-signos-y-la-fachada-de-la-casa-consistorial-se-iluminara-por-ello-de-color-turquesa\/","og_locale":"es_ES","og_type":"article","og_title":"Ma\u00f1ana martes se celebra el D\u00eda Nacional de las Lenguas de Signos y la fachada de la Casa Consistorial se iluminar\u00e1 por ello de color turquesa","og_description":"Este d\u00eda se celebra desde 2014 como reconocimiento de las lenguas de signos espa\u00f1ola y catalana.","og_url":"https:\/\/www.laguiadepamplona.com\/actualidad\/manana-martes-se-celebra-el-dia-nacional-de-las-lenguas-de-signos-y-la-fachada-de-la-casa-consistorial-se-iluminara-por-ello-de-color-turquesa\/","og_site_name":"La Gu\u00eda de Pamplona","article_publisher":"https:\/\/www.facebook.com\/laguiadepamplonacom-133175176762273\/?ref=hl","article_published_time":"2022-06-13T10:21:53+00:00","article_modified_time":"2023-04-11T09:48:03+00:00","og_image":[{"width":1920,"height":1280,"url":"https:\/\/www.laguiadepamplona.com\/actualidad\/wp-content\/uploads\/2022\/06\/aytoazul_JGV8938_2.webp","type":"image\/webp"}],"author":"La Gu\u00eda de Pamplona","twitter_card":"summary_large_image","twitter_creator":"@LaGuiadPamplona","twitter_site":"@LaGuiadPamplona","twitter_misc":{"Escrito por":"La Gu\u00eda de Pamplona","Tiempo de lectura":"2 minutos"},"schema":{"@context":"https:\/\/schema.org","@graph":[{"@type":"Article","@id":"https:\/\/www.laguiadepamplona.com\/actualidad\/manana-martes-se-celebra-el-dia-nacional-de-las-lenguas-de-signos-y-la-fachada-de-la-casa-consistorial-se-iluminara-por-ello-de-color-turquesa\/#article","isPartOf":{"@id":"https:\/\/www.laguiadepamplona.com\/actualidad\/manana-martes-se-celebra-el-dia-nacional-de-las-lenguas-de-signos-y-la-fachada-de-la-casa-consistorial-se-iluminara-por-ello-de-color-turquesa\/"},"author":{"name":"La Gu\u00eda de Pamplona","@id":"https:\/\/www.laguiadepamplona.com\/actualidad\/#\/schema\/person\/efe887376f0213d4657c93adc50b1fdb"},"headline":"Ma\u00f1ana martes se celebra el D\u00eda Nacional de las Lenguas de Signos y la fachada de la Casa Consistorial se iluminar\u00e1 por ello de color turquesa","datePublished":"2022-06-13T10:21:53+00:00","dateModified":"2023-04-11T09:48:03+00:00","mainEntityOfPage":{"@id":"https:\/\/www.laguiadepamplona.com\/actualidad\/manana-martes-se-celebra-el-dia-nacional-de-las-lenguas-de-signos-y-la-fachada-de-la-casa-consistorial-se-iluminara-por-ello-de-color-turquesa\/"},"wordCount":307,"commentCount":0,"publisher":{"@id":"https:\/\/www.laguiadepamplona.com\/actualidad\/#organization"},"image":{"@id":"https:\/\/www.laguiadepamplona.com\/actualidad\/manana-martes-se-celebra-el-dia-nacional-de-las-lenguas-de-signos-y-la-fachada-de-la-casa-consistorial-se-iluminara-por-ello-de-color-turquesa\/#primaryimage"},"thumbnailUrl":"https:\/\/www.laguiadepamplona.com\/actualidad\/wp-content\/uploads\/2022\/06\/aytoazul_JGV8938_2.webp","articleSection":["Ayto Pamplona"],"inLanguage":"es","potentialAction":[{"@type":"CommentAction","name":"Comment","target":["https:\/\/www.laguiadepamplona.com\/actualidad\/manana-martes-se-celebra-el-dia-nacional-de-las-lenguas-de-signos-y-la-fachada-de-la-casa-consistorial-se-iluminara-por-ello-de-color-turquesa\/#respond"]}]},{"@type":"WebPage","@id":"https:\/\/www.laguiadepamplona.com\/actualidad\/manana-martes-se-celebra-el-dia-nacional-de-las-lenguas-de-signos-y-la-fachada-de-la-casa-consistorial-se-iluminara-por-ello-de-color-turquesa\/","url":"https:\/\/www.laguiadepamplona.com\/actualidad\/manana-martes-se-celebra-el-dia-nacional-de-las-lenguas-de-signos-y-la-fachada-de-la-casa-consistorial-se-iluminara-por-ello-de-color-turquesa\/","name":"Ma\u00f1ana martes se celebra el D\u00eda Nacional de las Lenguas de Signos y la fachada de la Casa Consistorial se iluminar\u00e1 por ello de color turquesa","isPartOf":{"@id":"https:\/\/www.laguiadepamplona.com\/actualidad\/#website"},"primaryImageOfPage":{"@id":"https:\/\/www.laguiadepamplona.com\/actualidad\/manana-martes-se-celebra-el-dia-nacional-de-las-lenguas-de-signos-y-la-fachada-de-la-casa-consistorial-se-iluminara-por-ello-de-color-turquesa\/#primaryimage"},"image":{"@id":"https:\/\/www.laguiadepamplona.com\/actualidad\/manana-martes-se-celebra-el-dia-nacional-de-las-lenguas-de-signos-y-la-fachada-de-la-casa-consistorial-se-iluminara-por-ello-de-color-turquesa\/#primaryimage"},"thumbnailUrl":"https:\/\/www.laguiadepamplona.com\/actualidad\/wp-content\/uploads\/2022\/06\/aytoazul_JGV8938_2.webp","datePublished":"2022-06-13T10:21:53+00:00","dateModified":"2023-04-11T09:48:03+00:00","description":"Este d\u00eda se celebra desde 2014 como reconocimiento de las lenguas de signos espa\u00f1ola y catalana.","breadcrumb":{"@id":"https:\/\/www.laguiadepamplona.com\/actualidad\/manana-martes-se-celebra-el-dia-nacional-de-las-lenguas-de-signos-y-la-fachada-de-la-casa-consistorial-se-iluminara-por-ello-de-color-turquesa\/#breadcrumb"},"inLanguage":"es","potentialAction":[{"@type":"ReadAction","target":["https:\/\/www.laguiadepamplona.com\/actualidad\/manana-martes-se-celebra-el-dia-nacional-de-las-lenguas-de-signos-y-la-fachada-de-la-casa-consistorial-se-iluminara-por-ello-de-color-turquesa\/"]}]},{"@type":"ImageObject","inLanguage":"es","@id":"https:\/\/www.laguiadepamplona.com\/actualidad\/manana-martes-se-celebra-el-dia-nacional-de-las-lenguas-de-signos-y-la-fachada-de-la-casa-consistorial-se-iluminara-por-ello-de-color-turquesa\/#primaryimage","url":"https:\/\/www.laguiadepamplona.com\/actualidad\/wp-content\/uploads\/2022\/06\/aytoazul_JGV8938_2.webp","contentUrl":"https:\/\/www.laguiadepamplona.com\/actualidad\/wp-content\/uploads\/2022\/06\/aytoazul_JGV8938_2.webp","width":1920,"height":1280},{"@type":"BreadcrumbList","@id":"https:\/\/www.laguiadepamplona.com\/actualidad\/manana-martes-se-celebra-el-dia-nacional-de-las-lenguas-de-signos-y-la-fachada-de-la-casa-consistorial-se-iluminara-por-ello-de-color-turquesa\/#breadcrumb","itemListElement":[{"@type":"ListItem","position":1,"name":"Portada","item":"https:\/\/www.laguiadepamplona.com\/actualidad\/"},{"@type":"ListItem","position":2,"name":"Ma\u00f1ana martes se celebra el D\u00eda Nacional de las Lenguas de Signos y la fachada de la Casa Consistorial se iluminar\u00e1 por ello de color turquesa"}]},{"@type":"WebSite","@id":"https:\/\/www.laguiadepamplona.com\/actualidad\/#website","url":"https:\/\/www.laguiadepamplona.com\/actualidad\/","name":"La gu\u00eda de Pamplona","description":"Noticias de Pamplona","publisher":{"@id":"https:\/\/www.laguiadepamplona.com\/actualidad\/#organization"},"potentialAction":[{"@type":"SearchAction","target":{"@type":"EntryPoint","urlTemplate":"https:\/\/www.laguiadepamplona.com\/actualidad\/?s={search_term_string}"},"query-input":{"@type":"PropertyValueSpecification","valueRequired":true,"valueName":"search_term_string"}}],"inLanguage":"es"},{"@type":"Organization","@id":"https:\/\/www.laguiadepamplona.com\/actualidad\/#organization","name":"La Gu\u00eda de Pamplona \/ Noticias","url":"https:\/\/www.laguiadepamplona.com\/actualidad\/","logo":{"@type":"ImageObject","inLanguage":"es","@id":"https:\/\/www.laguiadepamplona.com\/actualidad\/#\/schema\/logo\/image\/","url":"https:\/\/www.laguiadepamplona.com\/actualidad\/wp-content\/uploads\/2018\/11\/logo-laguiadepamplona18-web1.png","contentUrl":"https:\/\/www.laguiadepamplona.com\/actualidad\/wp-content\/uploads\/2018\/11\/logo-laguiadepamplona18-web1.png","width":600,"height":196,"caption":"La Gu\u00eda de Pamplona \/ Noticias"},"image":{"@id":"https:\/\/www.laguiadepamplona.com\/actualidad\/#\/schema\/logo\/image\/"},"sameAs":["https:\/\/www.facebook.com\/laguiadepamplonacom-133175176762273\/?ref=hl","https:\/\/x.com\/LaGuiadPamplona","https:\/\/www.instagram.com\/la_guia_de_pamplona\/","https:\/\/www.youtube.com\/user\/laguiadepamplona"]},{"@type":"Person","@id":"https:\/\/www.laguiadepamplona.com\/actualidad\/#\/schema\/person\/efe887376f0213d4657c93adc50b1fdb","name":"La Gu\u00eda de Pamplona","image":{"@type":"ImageObject","inLanguage":"es","@id":"https:\/\/secure.gravatar.com\/avatar\/b6992f131dc8d30ab0dff15446e9d346d9dbd95992de0fef795073f5ea83a81c?s=96&d=mm&r=g","url":"https:\/\/secure.gravatar.com\/avatar\/b6992f131dc8d30ab0dff15446e9d346d9dbd95992de0fef795073f5ea83a81c?s=96&d=mm&r=g","contentUrl":"https:\/\/secure.gravatar.com\/avatar\/b6992f131dc8d30ab0dff15446e9d346d9dbd95992de0fef795073f5ea83a81c?s=96&d=mm&r=g","caption":"La Gu\u00eda de Pamplona"}}]}},"post_mailing_queue_ids":[],"_links":{"self":[{"href":"https:\/\/www.laguiadepamplona.com\/actualidad\/wp-json\/wp\/v2\/posts\/40805","targetHints":{"allow":["GET"]}}],"collection":[{"href":"https:\/\/www.laguiadepamplona.com\/actualidad\/wp-json\/wp\/v2\/posts"}],"about":[{"href":"https:\/\/www.laguiadepamplona.com\/actualidad\/wp-json\/wp\/v2\/types\/post"}],"author":[{"embeddable":true,"href":"https:\/\/www.laguiadepamplona.com\/actualidad\/wp-json\/wp\/v2\/users\/1"}],"replies":[{"embeddable":true,"href":"https:\/\/www.laguiadepamplona.com\/actualidad\/wp-json\/wp\/v2\/comments?post=40805"}],"version-history":[{"count":0,"href":"https:\/\/www.laguiadepamplona.com\/actualidad\/wp-json\/wp\/v2\/posts\/40805\/revisions"}],"wp:featuredmedia":[{"embeddable":true,"href":"https:\/\/www.laguiadepamplona.com\/actualidad\/wp-json\/wp\/v2\/media\/40806"}],"wp:attachment":[{"href":"https:\/\/www.laguiadepamplona.com\/actualidad\/wp-json\/wp\/v2\/media?parent=40805"}],"wp:term":[{"taxonomy":"category","embeddable":true,"href":"https:\/\/www.laguiadepamplona.com\/actualidad\/wp-json\/wp\/v2\/categories?post=40805"},{"taxonomy":"post_tag","embeddable":true,"href":"https:\/\/www.laguiadepamplona.com\/actualidad\/wp-json\/wp\/v2\/tags?post=40805"}],"curies":[{"name":"wp","href":"https:\/\/api.w.org\/{rel}","templated":true}]}}