{"id":40802,"date":"2022-06-13T12:19:35","date_gmt":"2022-06-13T10:19:35","guid":{"rendered":"https:\/\/www.laguiadepamplona.com\/actualidad\/?p=40802"},"modified":"2023-04-11T11:48:03","modified_gmt":"2023-04-11T09:48:03","slug":"comienza-el-proceso-para-la-redaccion-del-plan-estrategico-de-accesibilidad-integral-de-la-ciudad-de-pamplona-2022-2026","status":"publish","type":"post","link":"https:\/\/www.laguiadepamplona.com\/actualidad\/comienza-el-proceso-para-la-redaccion-del-plan-estrategico-de-accesibilidad-integral-de-la-ciudad-de-pamplona-2022-2026\/","title":{"rendered":"Comienza el proceso para la redacci\u00f3n del Plan estrat\u00e9gico de accesibilidad integral de la ciudad de Pamplona (2022-2026)"},"content":{"rendered":"<h5>La Junta de Gobierno Local adjudica los trabajos a las empresas Suma Urban Sustainability Consultants y Arbuni\u00e9s y Lekunberri Asociados<\/h5>\n<p><!--more--><\/p>\n<p>Pamplona ha dado hoy inicio al proceso para tener un nuevo Plan estrat\u00e9gico de accesibilidad integral de la ciudad que sustituya al anterior, que data de 2001. La Junta de Gobierno Local ha adjudicado conjuntamente a las empresas Suma Urban Sustainability Consultants y Arbuni\u00e9s y Lekunberri Asociados los trabajos de redacci\u00f3n del plan con horizonte 2026 que contempla la realizaci\u00f3n de un diagn\u00f3stico del estado actual, el dise\u00f1o de propuestas y medidas de actuaci\u00f3n a partir de las herramientas y la metodolog\u00eda adecuada para llevarlas a cabo y, finalmente, una estrategia de implantaci\u00f3n en la que se contemplar\u00e1n acciones para involucrar al conjunto de la sociedad. Todo el proceso, en sus sucesivas fases, tendr\u00e1 car\u00e1cter participativo.<br \/>\n<script async src=\"\/\/pagead2.googlesyndication.com\/pagead\/js\/adsbygoogle.js\"><\/script><br \/>\n<!-- Noticias La Guia de Pamplona --><br \/>\n<ins class=\"adsbygoogle\"\nstyle=\"display:block\"\ndata-ad-client=\"ca-pub-6943679897239327\"\ndata-ad-slot=\"7048180777\"\ndata-ad-format=\"auto\"><\/ins><br \/>\n<script>\n(adsbygoogle = window.adsbygoogle || []).push({});\n<\/script><\/p>\n<p>Pamplona ha trabajado siempre por la inclusi\u00f3n de colectivos con discapacidad. Fue pionera en la elaboraci\u00f3n de un Plan de Accesibilidad Universal en el a\u00f1o 2001 que ha servido de gu\u00eda a la administraci\u00f3n municipal para lograr la integraci\u00f3n de las personas con discapacidad en la ciudad. La actualizaci\u00f3n de dicho Plan y su diagn\u00f3stico, y la definici\u00f3n y programaci\u00f3n de nuevas medidas, se hace ahora imprescindible, no solo por la obligaci\u00f3n legal que impone la Ley Foral 12\/2018, de 14 de junio, de Accesibilidad Universal, sino porque ha habido una evoluci\u00f3n de la normativa y criterios de aplicaci\u00f3n, y porque la ciudad se est\u00e1 transformando r\u00e1pidamente impulsada por distintas estrategias relacionadas con la Sostenibilidad y la Competitividad urbanas. Estas estrategias deben integrar tambi\u00e9n a las personas con discapacidad, para que no queden al margen o resulten perjudicadas por esta transici\u00f3n hacia la sostenibilidad urbana.<\/p>\n<p>Con la futura implantaci\u00f3n del Plan, Pamplona dar\u00e1 un nuevo paso en esta direcci\u00f3n, para atender todas las formas de diversidad funcional, sensorial e intelectual destacando, tanto la accesibilidad universal en los espacios p\u00fablicos y los edificios municipales, como la transformaci\u00f3n en materia de accesibilidad desde la innovaci\u00f3n en todos los \u00e1mbitos de relaci\u00f3n entre la administraci\u00f3n municipal y la ciudadan\u00eda. En ese sentido se actuar\u00e1 adaptando el conjunto de servicios y de herramientas tecnol\u00f3gicas y digitales, realizando la ampliaci\u00f3n de servicios y oferta cultural, educativa, deportiva, de ocio y comercial, y abordando todos aquellos cambios encaminados a igualar en derechos y deberes a las personas que presentan cualquier tipo de dificultad en su interacci\u00f3n con el medio f\u00edsico y digital y en sus relaciones con la administraci\u00f3n municipal.<br \/>\n<script async src=\"\/\/pagead2.googlesyndication.com\/pagead\/js\/adsbygoogle.js\"><\/script><br \/>\n<!-- Noticias La Guia de Pamplona --><br \/>\n<ins class=\"adsbygoogle\"\nstyle=\"display:block\"\ndata-ad-client=\"ca-pub-6943679897239327\"\ndata-ad-slot=\"7048180777\"\ndata-ad-format=\"auto\"><\/ins><br \/>\n<script>\n(adsbygoogle = window.adsbygoogle || []).push({});\n<\/script><\/p>\n<p><strong>Un Plan estrat\u00e9gico y de ciudad<\/strong><\/p>\n<p>Este Plan de Accesibilidad de car\u00e1cter estrat\u00e9gico, dimensi\u00f3n de ciudad y vocaci\u00f3n integral, quiere acoger las necesidades, tanto de las personas con dificultades funcionales permanentes, como las coyunturales que se presentan en diferentes etapas de la vida (ancianidad, infancia, maternidad\u2026) de cara a lograr la plena inclusi\u00f3n de todos los colectivos. Contempla tambi\u00e9n acciones de comunicaci\u00f3n a la ciudadan\u00eda y agentes sociales, para incrementar la sensibilizaci\u00f3n del conjunto de la sociedad en este \u00e1mbito a largo plazo.<\/p>\n<p>Esta ma\u00f1ana, Ferm\u00edn Alonso, concejal delegado de Proyectos Estrat\u00e9gicos, Movilidad y Sostenibilidad, ha presentado los principales hitos del proceso. Esta \u00e1rea lidera el plan porque el principal elemento sobre el que se va a trabajar es el entorno urbano y edificado, aunque ser\u00e1 necesaria la implicaci\u00f3n de otras \u00e1reas ya que el plan tambi\u00e9n contempla la digitalizaci\u00f3n del entorno, las relaciones entre la administraci\u00f3n y la ciudadan\u00eda, y el conjunto de servicios que ofrece el Ayuntamiento. La base: tratar la inclusi\u00f3n como una v\u00eda para garantizar una igualdad de oportunidades efectiva para todos y todas.<\/p>\n<p>Esta tarea transversal de la instituci\u00f3n est\u00e1 incardinada en la Estrategia 2030-Agenda Urbana de Pamplona, ya que la accesibilidad universal es clave en cualquier plan \u201cde ciudad\u201d a largo plazo que busque el desarrollo urbano equilibrado, sostenible, competitivo e Integrado. Esta Estrategia, a su vez, responde a la contribuci\u00f3n de Pamplona a alcanzar los Objetivos de Desarrollo Sostenible 2030.<br \/>\n<script async src=\"\/\/pagead2.googlesyndication.com\/pagead\/js\/adsbygoogle.js\"><\/script><br \/>\n<!-- Noticias La Guia de Pamplona --><br \/>\n<ins class=\"adsbygoogle\"\nstyle=\"display:block\"\ndata-ad-client=\"ca-pub-6943679897239327\"\ndata-ad-slot=\"7048180777\"\ndata-ad-format=\"auto\"><\/ins><br \/>\n<script>\n(adsbygoogle = window.adsbygoogle || []).push({});\n<\/script><\/p>\n<p><strong>Tres fases de trabajo, siempre participado<\/strong><\/p>\n<p>El plan contempla varias fases y, en todas ellas, estar\u00e1n presentes la participaci\u00f3n y la comunicaci\u00f3n p\u00fablica. La primera fase, de diagn\u00f3stico, se extender\u00e1 hasta despu\u00e9s del verano y buscar\u00e1, por un lado, identificar los grupos de inter\u00e9s claves en este \u00e1mbito que trabajan en diversidad funcional, personas mayores, sector econ\u00f3mico y educativo (\u2018sociograma\u2019); tambi\u00e9n se invitar\u00e1 a participar a los colectivos de los barrios y a los diversos \u00f3rganos de participaci\u00f3n ya establecidos, como el Consejo municipal de personas Mayores. Por otro lado, se definir\u00e1n los \u00e1mbitos y elementos concretos a evaluar: v\u00edas y espacios p\u00fablicos, mobiliario, transporte, edificios municipales, servicios, plazas de aparcamiento para personas con movilidad reducida, normativa vigente, etc.<\/p>\n<p>A partir de estas tareas previas de identificaci\u00f3n, se concretar\u00e1n en fichas todos los elementos diagnosticados de los distintos \u00e1mbitos, especificando sus posibles carencias y necesidades de adaptaci\u00f3n a las nuevas normativas, para llegar a alcanzar la accesibilidad universal en todos ellos a partir de la aplicaci\u00f3n de medidas correctoras que deben definirse en la fase posterior.<\/p>\n<p>En una segunda fase, que comenzar\u00e1 en el mes de octubre y se extender\u00e1 hasta el mes de enero de 2023, se dise\u00f1ar\u00e1n las medidas o propuestas de actuaci\u00f3n y, en este proceso, tambi\u00e9n se involucrar\u00e1 a la ciudadan\u00eda y agentes sociales mediante herramientas como encuestas-web y jornadas de participaci\u00f3n y se difundir\u00e1n sus contenidos a trav\u00e9s de diversos elementos y v\u00edas de comunicaci\u00f3n.<br \/>\n<script async src=\"\/\/pagead2.googlesyndication.com\/pagead\/js\/adsbygoogle.js\"><\/script><br \/>\n<!-- Noticias La Guia de Pamplona --><br \/>\n<ins class=\"adsbygoogle\"\nstyle=\"display:block\"\ndata-ad-client=\"ca-pub-6943679897239327\"\ndata-ad-slot=\"7048180777\"\ndata-ad-format=\"auto\"><\/ins><br \/>\n<script>\n(adsbygoogle = window.adsbygoogle || []).push({});\n<\/script><\/p>\n<p>Finalmente, entre los meses de febrero y abril de 2023, se definir\u00e1 el plan de acci\u00f3n para implementar las medidas definidas en la fase anterior y contrastadas con los agentes de participaci\u00f3n del Plan. Para ello, se desarrollar\u00e1n reuniones t\u00e9cnicas a nivel municipal para establecer las estrategias y la programaci\u00f3n concreta de implantaci\u00f3n entre 2022 y 2026, categorizar las prioridades, identificar a las \u00e1reas municipales responsables de cada medida a ejecutar y establecer los presupuestos necesarios para llevarlas a cabo cada a\u00f1o.<\/p>\n<p>La propuesta hoy adjudicada contempla, adem\u00e1s, el establecimiento de indicadores de control, un programa de seguimiento y el dise\u00f1o de herramientas para la actualizaci\u00f3n permanente del plan final, de forma que Pamplona mantenga en los pr\u00f3ximos a\u00f1os el objetivo de mantenerse en la vanguardia de la accesibilidad universal y la inclusi\u00f3n. El proceso participativo y el esfuerzo de comunicaci\u00f3n contribuir\u00e1n, a su vez, a involucrar a la ciudadan\u00eda y a los agentes sociales en lograr el disfrute efectivo de todas las personas que la habitan y que la visitan, de una administraci\u00f3n municipal y de una ciudad plenamente inclusivas.<\/p>\n","protected":false},"excerpt":{"rendered":"<p>La Junta de Gobierno Local adjudica los trabajos a las empresas Suma Urban Sustainability Consultants y Arbuni\u00e9s y Lekunberri Asociados<\/p>\n","protected":false},"author":1,"featured_media":40803,"comment_status":"open","ping_status":"closed","sticky":false,"template":"","format":"standard","meta":{"footnotes":""},"categories":[2],"tags":[],"class_list":["post-40802","post","type-post","status-publish","format-standard","has-post-thumbnail","hentry","category-ayuntamiento-pamplona"],"yoast_head":"<!-- This site is optimized with the Yoast SEO plugin v27.3 - https:\/\/yoast.com\/product\/yoast-seo-wordpress\/ -->\n<title>Comienza el proceso para la redacci\u00f3n del Plan estrat\u00e9gico de accesibilidad integral de la ciudad de Pamplona (2022-2026)<\/title>\n<meta name=\"description\" content=\"La Junta de Gobierno Local adjudica los trabajos a las empresas Suma Urban Sustainability Consultants y Arbuni\u00e9s y Lekunberri Asociados\" \/>\n<meta name=\"robots\" content=\"index, follow, max-snippet:-1, max-image-preview:large, max-video-preview:-1\" \/>\n<link rel=\"canonical\" href=\"https:\/\/www.laguiadepamplona.com\/actualidad\/comienza-el-proceso-para-la-redaccion-del-plan-estrategico-de-accesibilidad-integral-de-la-ciudad-de-pamplona-2022-2026\/\" \/>\n<meta property=\"og:locale\" content=\"es_ES\" \/>\n<meta property=\"og:type\" content=\"article\" \/>\n<meta property=\"og:title\" content=\"Comienza el proceso para la redacci\u00f3n del Plan estrat\u00e9gico de accesibilidad integral de la ciudad de Pamplona (2022-2026)\" \/>\n<meta property=\"og:description\" content=\"La Junta de Gobierno Local adjudica los trabajos a las empresas Suma Urban Sustainability Consultants y Arbuni\u00e9s y Lekunberri Asociados\" \/>\n<meta property=\"og:url\" content=\"https:\/\/www.laguiadepamplona.com\/actualidad\/comienza-el-proceso-para-la-redaccion-del-plan-estrategico-de-accesibilidad-integral-de-la-ciudad-de-pamplona-2022-2026\/\" \/>\n<meta property=\"og:site_name\" content=\"La Gu\u00eda de Pamplona\" \/>\n<meta property=\"article:publisher\" content=\"https:\/\/www.facebook.com\/laguiadepamplonacom-133175176762273\/?ref=hl\" \/>\n<meta property=\"article:published_time\" content=\"2022-06-13T10:19:35+00:00\" \/>\n<meta property=\"article:modified_time\" content=\"2023-04-11T09:48:03+00:00\" \/>\n<meta property=\"og:image\" content=\"https:\/\/www.laguiadepamplona.com\/actualidad\/wp-content\/uploads\/2022\/06\/zona_hospitalaria_hospital.webp\" \/>\n\t<meta property=\"og:image:width\" content=\"1920\" \/>\n\t<meta property=\"og:image:height\" content=\"1280\" \/>\n\t<meta property=\"og:image:type\" content=\"image\/webp\" \/>\n<meta name=\"author\" content=\"La Gu\u00eda de Pamplona\" \/>\n<meta name=\"twitter:card\" content=\"summary_large_image\" \/>\n<meta name=\"twitter:creator\" content=\"@LaGuiadPamplona\" \/>\n<meta name=\"twitter:site\" content=\"@LaGuiadPamplona\" \/>\n<meta name=\"twitter:label1\" content=\"Escrito por\" \/>\n\t<meta name=\"twitter:data1\" content=\"La Gu\u00eda de Pamplona\" \/>\n\t<meta name=\"twitter:label2\" content=\"Tiempo de lectura\" \/>\n\t<meta name=\"twitter:data2\" content=\"5 minutos\" \/>\n<script type=\"application\/ld+json\" class=\"yoast-schema-graph\">{\"@context\":\"https:\\\/\\\/schema.org\",\"@graph\":[{\"@type\":\"Article\",\"@id\":\"https:\\\/\\\/www.laguiadepamplona.com\\\/actualidad\\\/comienza-el-proceso-para-la-redaccion-del-plan-estrategico-de-accesibilidad-integral-de-la-ciudad-de-pamplona-2022-2026\\\/#article\",\"isPartOf\":{\"@id\":\"https:\\\/\\\/www.laguiadepamplona.com\\\/actualidad\\\/comienza-el-proceso-para-la-redaccion-del-plan-estrategico-de-accesibilidad-integral-de-la-ciudad-de-pamplona-2022-2026\\\/\"},\"author\":{\"name\":\"La Gu\u00eda de Pamplona\",\"@id\":\"https:\\\/\\\/www.laguiadepamplona.com\\\/actualidad\\\/#\\\/schema\\\/person\\\/efe887376f0213d4657c93adc50b1fdb\"},\"headline\":\"Comienza el proceso para la redacci\u00f3n del Plan estrat\u00e9gico de accesibilidad integral de la ciudad de Pamplona (2022-2026)\",\"datePublished\":\"2022-06-13T10:19:35+00:00\",\"dateModified\":\"2023-04-11T09:48:03+00:00\",\"mainEntityOfPage\":{\"@id\":\"https:\\\/\\\/www.laguiadepamplona.com\\\/actualidad\\\/comienza-el-proceso-para-la-redaccion-del-plan-estrategico-de-accesibilidad-integral-de-la-ciudad-de-pamplona-2022-2026\\\/\"},\"wordCount\":1185,\"commentCount\":0,\"publisher\":{\"@id\":\"https:\\\/\\\/www.laguiadepamplona.com\\\/actualidad\\\/#organization\"},\"image\":{\"@id\":\"https:\\\/\\\/www.laguiadepamplona.com\\\/actualidad\\\/comienza-el-proceso-para-la-redaccion-del-plan-estrategico-de-accesibilidad-integral-de-la-ciudad-de-pamplona-2022-2026\\\/#primaryimage\"},\"thumbnailUrl\":\"https:\\\/\\\/www.laguiadepamplona.com\\\/actualidad\\\/wp-content\\\/uploads\\\/2022\\\/06\\\/zona_hospitalaria_hospital.webp\",\"articleSection\":[\"Ayto Pamplona\"],\"inLanguage\":\"es\",\"potentialAction\":[{\"@type\":\"CommentAction\",\"name\":\"Comment\",\"target\":[\"https:\\\/\\\/www.laguiadepamplona.com\\\/actualidad\\\/comienza-el-proceso-para-la-redaccion-del-plan-estrategico-de-accesibilidad-integral-de-la-ciudad-de-pamplona-2022-2026\\\/#respond\"]}]},{\"@type\":\"WebPage\",\"@id\":\"https:\\\/\\\/www.laguiadepamplona.com\\\/actualidad\\\/comienza-el-proceso-para-la-redaccion-del-plan-estrategico-de-accesibilidad-integral-de-la-ciudad-de-pamplona-2022-2026\\\/\",\"url\":\"https:\\\/\\\/www.laguiadepamplona.com\\\/actualidad\\\/comienza-el-proceso-para-la-redaccion-del-plan-estrategico-de-accesibilidad-integral-de-la-ciudad-de-pamplona-2022-2026\\\/\",\"name\":\"Comienza el proceso para la redacci\u00f3n del Plan estrat\u00e9gico de accesibilidad integral de la ciudad de Pamplona (2022-2026)\",\"isPartOf\":{\"@id\":\"https:\\\/\\\/www.laguiadepamplona.com\\\/actualidad\\\/#website\"},\"primaryImageOfPage\":{\"@id\":\"https:\\\/\\\/www.laguiadepamplona.com\\\/actualidad\\\/comienza-el-proceso-para-la-redaccion-del-plan-estrategico-de-accesibilidad-integral-de-la-ciudad-de-pamplona-2022-2026\\\/#primaryimage\"},\"image\":{\"@id\":\"https:\\\/\\\/www.laguiadepamplona.com\\\/actualidad\\\/comienza-el-proceso-para-la-redaccion-del-plan-estrategico-de-accesibilidad-integral-de-la-ciudad-de-pamplona-2022-2026\\\/#primaryimage\"},\"thumbnailUrl\":\"https:\\\/\\\/www.laguiadepamplona.com\\\/actualidad\\\/wp-content\\\/uploads\\\/2022\\\/06\\\/zona_hospitalaria_hospital.webp\",\"datePublished\":\"2022-06-13T10:19:35+00:00\",\"dateModified\":\"2023-04-11T09:48:03+00:00\",\"description\":\"La Junta de Gobierno Local adjudica los trabajos a las empresas Suma Urban Sustainability Consultants y Arbuni\u00e9s y Lekunberri Asociados\",\"breadcrumb\":{\"@id\":\"https:\\\/\\\/www.laguiadepamplona.com\\\/actualidad\\\/comienza-el-proceso-para-la-redaccion-del-plan-estrategico-de-accesibilidad-integral-de-la-ciudad-de-pamplona-2022-2026\\\/#breadcrumb\"},\"inLanguage\":\"es\",\"potentialAction\":[{\"@type\":\"ReadAction\",\"target\":[\"https:\\\/\\\/www.laguiadepamplona.com\\\/actualidad\\\/comienza-el-proceso-para-la-redaccion-del-plan-estrategico-de-accesibilidad-integral-de-la-ciudad-de-pamplona-2022-2026\\\/\"]}]},{\"@type\":\"ImageObject\",\"inLanguage\":\"es\",\"@id\":\"https:\\\/\\\/www.laguiadepamplona.com\\\/actualidad\\\/comienza-el-proceso-para-la-redaccion-del-plan-estrategico-de-accesibilidad-integral-de-la-ciudad-de-pamplona-2022-2026\\\/#primaryimage\",\"url\":\"https:\\\/\\\/www.laguiadepamplona.com\\\/actualidad\\\/wp-content\\\/uploads\\\/2022\\\/06\\\/zona_hospitalaria_hospital.webp\",\"contentUrl\":\"https:\\\/\\\/www.laguiadepamplona.com\\\/actualidad\\\/wp-content\\\/uploads\\\/2022\\\/06\\\/zona_hospitalaria_hospital.webp\",\"width\":1920,\"height\":1280},{\"@type\":\"BreadcrumbList\",\"@id\":\"https:\\\/\\\/www.laguiadepamplona.com\\\/actualidad\\\/comienza-el-proceso-para-la-redaccion-del-plan-estrategico-de-accesibilidad-integral-de-la-ciudad-de-pamplona-2022-2026\\\/#breadcrumb\",\"itemListElement\":[{\"@type\":\"ListItem\",\"position\":1,\"name\":\"Portada\",\"item\":\"https:\\\/\\\/www.laguiadepamplona.com\\\/actualidad\\\/\"},{\"@type\":\"ListItem\",\"position\":2,\"name\":\"Comienza el proceso para la redacci\u00f3n del Plan estrat\u00e9gico de accesibilidad integral de la ciudad de Pamplona (2022-2026)\"}]},{\"@type\":\"WebSite\",\"@id\":\"https:\\\/\\\/www.laguiadepamplona.com\\\/actualidad\\\/#website\",\"url\":\"https:\\\/\\\/www.laguiadepamplona.com\\\/actualidad\\\/\",\"name\":\"La gu\u00eda de Pamplona\",\"description\":\"Noticias de Pamplona\",\"publisher\":{\"@id\":\"https:\\\/\\\/www.laguiadepamplona.com\\\/actualidad\\\/#organization\"},\"potentialAction\":[{\"@type\":\"SearchAction\",\"target\":{\"@type\":\"EntryPoint\",\"urlTemplate\":\"https:\\\/\\\/www.laguiadepamplona.com\\\/actualidad\\\/?s={search_term_string}\"},\"query-input\":{\"@type\":\"PropertyValueSpecification\",\"valueRequired\":true,\"valueName\":\"search_term_string\"}}],\"inLanguage\":\"es\"},{\"@type\":\"Organization\",\"@id\":\"https:\\\/\\\/www.laguiadepamplona.com\\\/actualidad\\\/#organization\",\"name\":\"La Gu\u00eda de Pamplona \\\/ Noticias\",\"url\":\"https:\\\/\\\/www.laguiadepamplona.com\\\/actualidad\\\/\",\"logo\":{\"@type\":\"ImageObject\",\"inLanguage\":\"es\",\"@id\":\"https:\\\/\\\/www.laguiadepamplona.com\\\/actualidad\\\/#\\\/schema\\\/logo\\\/image\\\/\",\"url\":\"https:\\\/\\\/www.laguiadepamplona.com\\\/actualidad\\\/wp-content\\\/uploads\\\/2018\\\/11\\\/logo-laguiadepamplona18-web1.png\",\"contentUrl\":\"https:\\\/\\\/www.laguiadepamplona.com\\\/actualidad\\\/wp-content\\\/uploads\\\/2018\\\/11\\\/logo-laguiadepamplona18-web1.png\",\"width\":600,\"height\":196,\"caption\":\"La Gu\u00eda de Pamplona \\\/ Noticias\"},\"image\":{\"@id\":\"https:\\\/\\\/www.laguiadepamplona.com\\\/actualidad\\\/#\\\/schema\\\/logo\\\/image\\\/\"},\"sameAs\":[\"https:\\\/\\\/www.facebook.com\\\/laguiadepamplonacom-133175176762273\\\/?ref=hl\",\"https:\\\/\\\/x.com\\\/LaGuiadPamplona\",\"https:\\\/\\\/www.instagram.com\\\/la_guia_de_pamplona\\\/\",\"https:\\\/\\\/www.youtube.com\\\/user\\\/laguiadepamplona\"]},{\"@type\":\"Person\",\"@id\":\"https:\\\/\\\/www.laguiadepamplona.com\\\/actualidad\\\/#\\\/schema\\\/person\\\/efe887376f0213d4657c93adc50b1fdb\",\"name\":\"La Gu\u00eda de Pamplona\",\"image\":{\"@type\":\"ImageObject\",\"inLanguage\":\"es\",\"@id\":\"https:\\\/\\\/secure.gravatar.com\\\/avatar\\\/b6992f131dc8d30ab0dff15446e9d346d9dbd95992de0fef795073f5ea83a81c?s=96&d=mm&r=g\",\"url\":\"https:\\\/\\\/secure.gravatar.com\\\/avatar\\\/b6992f131dc8d30ab0dff15446e9d346d9dbd95992de0fef795073f5ea83a81c?s=96&d=mm&r=g\",\"contentUrl\":\"https:\\\/\\\/secure.gravatar.com\\\/avatar\\\/b6992f131dc8d30ab0dff15446e9d346d9dbd95992de0fef795073f5ea83a81c?s=96&d=mm&r=g\",\"caption\":\"La Gu\u00eda de Pamplona\"}}]}<\/script>\n<!-- \/ Yoast SEO plugin. -->","yoast_head_json":{"title":"Comienza el proceso para la redacci\u00f3n del Plan estrat\u00e9gico de accesibilidad integral de la ciudad de Pamplona (2022-2026)","description":"La Junta de Gobierno Local adjudica los trabajos a las empresas Suma Urban Sustainability Consultants y Arbuni\u00e9s y Lekunberri Asociados","robots":{"index":"index","follow":"follow","max-snippet":"max-snippet:-1","max-image-preview":"max-image-preview:large","max-video-preview":"max-video-preview:-1"},"canonical":"https:\/\/www.laguiadepamplona.com\/actualidad\/comienza-el-proceso-para-la-redaccion-del-plan-estrategico-de-accesibilidad-integral-de-la-ciudad-de-pamplona-2022-2026\/","og_locale":"es_ES","og_type":"article","og_title":"Comienza el proceso para la redacci\u00f3n del Plan estrat\u00e9gico de accesibilidad integral de la ciudad de Pamplona (2022-2026)","og_description":"La Junta de Gobierno Local adjudica los trabajos a las empresas Suma Urban Sustainability Consultants y Arbuni\u00e9s y Lekunberri Asociados","og_url":"https:\/\/www.laguiadepamplona.com\/actualidad\/comienza-el-proceso-para-la-redaccion-del-plan-estrategico-de-accesibilidad-integral-de-la-ciudad-de-pamplona-2022-2026\/","og_site_name":"La Gu\u00eda de Pamplona","article_publisher":"https:\/\/www.facebook.com\/laguiadepamplonacom-133175176762273\/?ref=hl","article_published_time":"2022-06-13T10:19:35+00:00","article_modified_time":"2023-04-11T09:48:03+00:00","og_image":[{"width":1920,"height":1280,"url":"https:\/\/www.laguiadepamplona.com\/actualidad\/wp-content\/uploads\/2022\/06\/zona_hospitalaria_hospital.webp","type":"image\/webp"}],"author":"La Gu\u00eda de Pamplona","twitter_card":"summary_large_image","twitter_creator":"@LaGuiadPamplona","twitter_site":"@LaGuiadPamplona","twitter_misc":{"Escrito por":"La Gu\u00eda de Pamplona","Tiempo de lectura":"5 minutos"},"schema":{"@context":"https:\/\/schema.org","@graph":[{"@type":"Article","@id":"https:\/\/www.laguiadepamplona.com\/actualidad\/comienza-el-proceso-para-la-redaccion-del-plan-estrategico-de-accesibilidad-integral-de-la-ciudad-de-pamplona-2022-2026\/#article","isPartOf":{"@id":"https:\/\/www.laguiadepamplona.com\/actualidad\/comienza-el-proceso-para-la-redaccion-del-plan-estrategico-de-accesibilidad-integral-de-la-ciudad-de-pamplona-2022-2026\/"},"author":{"name":"La Gu\u00eda de Pamplona","@id":"https:\/\/www.laguiadepamplona.com\/actualidad\/#\/schema\/person\/efe887376f0213d4657c93adc50b1fdb"},"headline":"Comienza el proceso para la redacci\u00f3n del Plan estrat\u00e9gico de accesibilidad integral de la ciudad de Pamplona (2022-2026)","datePublished":"2022-06-13T10:19:35+00:00","dateModified":"2023-04-11T09:48:03+00:00","mainEntityOfPage":{"@id":"https:\/\/www.laguiadepamplona.com\/actualidad\/comienza-el-proceso-para-la-redaccion-del-plan-estrategico-de-accesibilidad-integral-de-la-ciudad-de-pamplona-2022-2026\/"},"wordCount":1185,"commentCount":0,"publisher":{"@id":"https:\/\/www.laguiadepamplona.com\/actualidad\/#organization"},"image":{"@id":"https:\/\/www.laguiadepamplona.com\/actualidad\/comienza-el-proceso-para-la-redaccion-del-plan-estrategico-de-accesibilidad-integral-de-la-ciudad-de-pamplona-2022-2026\/#primaryimage"},"thumbnailUrl":"https:\/\/www.laguiadepamplona.com\/actualidad\/wp-content\/uploads\/2022\/06\/zona_hospitalaria_hospital.webp","articleSection":["Ayto Pamplona"],"inLanguage":"es","potentialAction":[{"@type":"CommentAction","name":"Comment","target":["https:\/\/www.laguiadepamplona.com\/actualidad\/comienza-el-proceso-para-la-redaccion-del-plan-estrategico-de-accesibilidad-integral-de-la-ciudad-de-pamplona-2022-2026\/#respond"]}]},{"@type":"WebPage","@id":"https:\/\/www.laguiadepamplona.com\/actualidad\/comienza-el-proceso-para-la-redaccion-del-plan-estrategico-de-accesibilidad-integral-de-la-ciudad-de-pamplona-2022-2026\/","url":"https:\/\/www.laguiadepamplona.com\/actualidad\/comienza-el-proceso-para-la-redaccion-del-plan-estrategico-de-accesibilidad-integral-de-la-ciudad-de-pamplona-2022-2026\/","name":"Comienza el proceso para la redacci\u00f3n del Plan estrat\u00e9gico de accesibilidad integral de la ciudad de Pamplona (2022-2026)","isPartOf":{"@id":"https:\/\/www.laguiadepamplona.com\/actualidad\/#website"},"primaryImageOfPage":{"@id":"https:\/\/www.laguiadepamplona.com\/actualidad\/comienza-el-proceso-para-la-redaccion-del-plan-estrategico-de-accesibilidad-integral-de-la-ciudad-de-pamplona-2022-2026\/#primaryimage"},"image":{"@id":"https:\/\/www.laguiadepamplona.com\/actualidad\/comienza-el-proceso-para-la-redaccion-del-plan-estrategico-de-accesibilidad-integral-de-la-ciudad-de-pamplona-2022-2026\/#primaryimage"},"thumbnailUrl":"https:\/\/www.laguiadepamplona.com\/actualidad\/wp-content\/uploads\/2022\/06\/zona_hospitalaria_hospital.webp","datePublished":"2022-06-13T10:19:35+00:00","dateModified":"2023-04-11T09:48:03+00:00","description":"La Junta de Gobierno Local adjudica los trabajos a las empresas Suma Urban Sustainability Consultants y Arbuni\u00e9s y Lekunberri Asociados","breadcrumb":{"@id":"https:\/\/www.laguiadepamplona.com\/actualidad\/comienza-el-proceso-para-la-redaccion-del-plan-estrategico-de-accesibilidad-integral-de-la-ciudad-de-pamplona-2022-2026\/#breadcrumb"},"inLanguage":"es","potentialAction":[{"@type":"ReadAction","target":["https:\/\/www.laguiadepamplona.com\/actualidad\/comienza-el-proceso-para-la-redaccion-del-plan-estrategico-de-accesibilidad-integral-de-la-ciudad-de-pamplona-2022-2026\/"]}]},{"@type":"ImageObject","inLanguage":"es","@id":"https:\/\/www.laguiadepamplona.com\/actualidad\/comienza-el-proceso-para-la-redaccion-del-plan-estrategico-de-accesibilidad-integral-de-la-ciudad-de-pamplona-2022-2026\/#primaryimage","url":"https:\/\/www.laguiadepamplona.com\/actualidad\/wp-content\/uploads\/2022\/06\/zona_hospitalaria_hospital.webp","contentUrl":"https:\/\/www.laguiadepamplona.com\/actualidad\/wp-content\/uploads\/2022\/06\/zona_hospitalaria_hospital.webp","width":1920,"height":1280},{"@type":"BreadcrumbList","@id":"https:\/\/www.laguiadepamplona.com\/actualidad\/comienza-el-proceso-para-la-redaccion-del-plan-estrategico-de-accesibilidad-integral-de-la-ciudad-de-pamplona-2022-2026\/#breadcrumb","itemListElement":[{"@type":"ListItem","position":1,"name":"Portada","item":"https:\/\/www.laguiadepamplona.com\/actualidad\/"},{"@type":"ListItem","position":2,"name":"Comienza el proceso para la redacci\u00f3n del Plan estrat\u00e9gico de accesibilidad integral de la ciudad de Pamplona (2022-2026)"}]},{"@type":"WebSite","@id":"https:\/\/www.laguiadepamplona.com\/actualidad\/#website","url":"https:\/\/www.laguiadepamplona.com\/actualidad\/","name":"La gu\u00eda de Pamplona","description":"Noticias de Pamplona","publisher":{"@id":"https:\/\/www.laguiadepamplona.com\/actualidad\/#organization"},"potentialAction":[{"@type":"SearchAction","target":{"@type":"EntryPoint","urlTemplate":"https:\/\/www.laguiadepamplona.com\/actualidad\/?s={search_term_string}"},"query-input":{"@type":"PropertyValueSpecification","valueRequired":true,"valueName":"search_term_string"}}],"inLanguage":"es"},{"@type":"Organization","@id":"https:\/\/www.laguiadepamplona.com\/actualidad\/#organization","name":"La Gu\u00eda de Pamplona \/ Noticias","url":"https:\/\/www.laguiadepamplona.com\/actualidad\/","logo":{"@type":"ImageObject","inLanguage":"es","@id":"https:\/\/www.laguiadepamplona.com\/actualidad\/#\/schema\/logo\/image\/","url":"https:\/\/www.laguiadepamplona.com\/actualidad\/wp-content\/uploads\/2018\/11\/logo-laguiadepamplona18-web1.png","contentUrl":"https:\/\/www.laguiadepamplona.com\/actualidad\/wp-content\/uploads\/2018\/11\/logo-laguiadepamplona18-web1.png","width":600,"height":196,"caption":"La Gu\u00eda de Pamplona \/ Noticias"},"image":{"@id":"https:\/\/www.laguiadepamplona.com\/actualidad\/#\/schema\/logo\/image\/"},"sameAs":["https:\/\/www.facebook.com\/laguiadepamplonacom-133175176762273\/?ref=hl","https:\/\/x.com\/LaGuiadPamplona","https:\/\/www.instagram.com\/la_guia_de_pamplona\/","https:\/\/www.youtube.com\/user\/laguiadepamplona"]},{"@type":"Person","@id":"https:\/\/www.laguiadepamplona.com\/actualidad\/#\/schema\/person\/efe887376f0213d4657c93adc50b1fdb","name":"La Gu\u00eda de Pamplona","image":{"@type":"ImageObject","inLanguage":"es","@id":"https:\/\/secure.gravatar.com\/avatar\/b6992f131dc8d30ab0dff15446e9d346d9dbd95992de0fef795073f5ea83a81c?s=96&d=mm&r=g","url":"https:\/\/secure.gravatar.com\/avatar\/b6992f131dc8d30ab0dff15446e9d346d9dbd95992de0fef795073f5ea83a81c?s=96&d=mm&r=g","contentUrl":"https:\/\/secure.gravatar.com\/avatar\/b6992f131dc8d30ab0dff15446e9d346d9dbd95992de0fef795073f5ea83a81c?s=96&d=mm&r=g","caption":"La Gu\u00eda de Pamplona"}}]}},"post_mailing_queue_ids":[],"_links":{"self":[{"href":"https:\/\/www.laguiadepamplona.com\/actualidad\/wp-json\/wp\/v2\/posts\/40802","targetHints":{"allow":["GET"]}}],"collection":[{"href":"https:\/\/www.laguiadepamplona.com\/actualidad\/wp-json\/wp\/v2\/posts"}],"about":[{"href":"https:\/\/www.laguiadepamplona.com\/actualidad\/wp-json\/wp\/v2\/types\/post"}],"author":[{"embeddable":true,"href":"https:\/\/www.laguiadepamplona.com\/actualidad\/wp-json\/wp\/v2\/users\/1"}],"replies":[{"embeddable":true,"href":"https:\/\/www.laguiadepamplona.com\/actualidad\/wp-json\/wp\/v2\/comments?post=40802"}],"version-history":[{"count":0,"href":"https:\/\/www.laguiadepamplona.com\/actualidad\/wp-json\/wp\/v2\/posts\/40802\/revisions"}],"wp:featuredmedia":[{"embeddable":true,"href":"https:\/\/www.laguiadepamplona.com\/actualidad\/wp-json\/wp\/v2\/media\/40803"}],"wp:attachment":[{"href":"https:\/\/www.laguiadepamplona.com\/actualidad\/wp-json\/wp\/v2\/media?parent=40802"}],"wp:term":[{"taxonomy":"category","embeddable":true,"href":"https:\/\/www.laguiadepamplona.com\/actualidad\/wp-json\/wp\/v2\/categories?post=40802"},{"taxonomy":"post_tag","embeddable":true,"href":"https:\/\/www.laguiadepamplona.com\/actualidad\/wp-json\/wp\/v2\/tags?post=40802"}],"curies":[{"name":"wp","href":"https:\/\/api.w.org\/{rel}","templated":true}]}}