{"id":40798,"date":"2022-06-10T16:57:22","date_gmt":"2022-06-10T14:57:22","guid":{"rendered":"https:\/\/www.laguiadepamplona.com\/actualidad\/?p=40798"},"modified":"2023-04-11T11:48:03","modified_gmt":"2023-04-11T09:48:03","slug":"pamplona-celebra-este-sabado-el-dia-del-camino-de-santiago-recorriendo-el-tramo-entre-el-puente-de-la-magdalena-y-el-campus-de-la-universidad-de-navarra","status":"publish","type":"post","link":"https:\/\/www.laguiadepamplona.com\/actualidad\/pamplona-celebra-este-sabado-el-dia-del-camino-de-santiago-recorriendo-el-tramo-entre-el-puente-de-la-magdalena-y-el-campus-de-la-universidad-de-navarra\/","title":{"rendered":"Pamplona celebra este s\u00e1bado el D\u00eda del Camino de Santiago recorriendo el tramo entre el puente de la Magdalena y el Campus de la Universidad de Navarra"},"content":{"rendered":"<h5>Grupos de las diferentes casas regionales en Navarra amenizar\u00e1n el trayecto con su m\u00fasica<\/h5>\n<p><!--more--><\/p>\n<p>El Ayuntamiento de Pamplona y la Asociaci\u00f3n de Amigos del Camino de Santiago en Navarra invitan a la ciudadan\u00eda a celebrar ma\u00f1ana s\u00e1bado el D\u00eda del Camino de Santiago, una jornada festiva en la que se recorrer\u00e1n los cerca de 4 kil\u00f3metros de la ruta jacobea a su paso por la ciudad, desde el puente de la Magdalena hasta el campus de la Universidad de Navarra. <strong>El alcalde de Pamplona, Enrique Maya, y la concejala especial de Turismo, Carmen Alba,<\/strong> acudir\u00e1n a la salida de esta jornada en el puente de la Magdalena.<\/p>\n<p>El programa comenzar\u00e1 a las 10 horas en el puente de la Magdalena, el primer hito que atraviesa el Camino de Santiago desde que entra en el t\u00e9rmino municipal de Pamplona unos metros antes desde Burlada. En ese punto, se repartir\u00e1n, hasta agotar existencias, unas credenciales para cumplimentar con el nombre del peregrino o peregrina y que muestran el recorrido jacobeo por la ciudad con sus principales puntos de inter\u00e9s. Esa credencial se deber\u00e1 presentar al final de recorrido para recibir el obsequio que ha preparado el propio Ayuntamiento de Pamplona.<\/p>\n<p>A las 10.30 horas se iniciar\u00e1 la peregrinaci\u00f3n, tras la interpretaci\u00f3n de la Aurora del Peregrino a cargo de la Asociaci\u00f3n de Amigos del Camino de Santiago. La Casa Regional de Castilla y Le\u00f3n, el Lar Gallego, la Casa de Arag\u00f3n y la Casa de Extremadura amenizar\u00e1n la marcha con su m\u00fasica. En torno a las 12.15 horas se prev\u00e9 la llegada a la plaza de las bibliotecas de la Universidad de Navarra.<br \/>\n<script async src=\"\/\/pagead2.googlesyndication.com\/pagead\/js\/adsbygoogle.js\"><\/script><br \/>\n<!-- Noticias La Guia de Pamplona --><br \/>\n<ins class=\"adsbygoogle\"\nstyle=\"display:block\"\ndata-ad-client=\"ca-pub-6943679897239327\"\ndata-ad-slot=\"7048180777\"\ndata-ad-format=\"auto\"><\/ins><br \/>\n<script>\n(adsbygoogle = window.adsbygoogle || []).push({});\n<\/script><\/p>\n<p><strong>El Camino de Santiago a su paso por Pamplona<\/strong><\/p>\n<p>La ruta jacobea <strong>entra en Pamplona desde Burlada por la ribera del r\u00edo Arga<\/strong>, entre huertas y jardines. Para llegar a la ciudad, quienes peregrinan han de atravesar el puente de la Magdalena, una construcci\u00f3n del siglo XII declarada Bien de Inter\u00e9s Cultural y Monumento Hist\u00f3rico Art\u00edstico. El acceso al Casco Antiguo se hace a trav\u00e9s del portal de Francia, del siglo XVIII, parte del conjunto amurallado renacentista de Pamplona.<\/p>\n<p>El Camino de Santiago asciende por la calle del Carmen, que atraviesa la plaza Navarrer\u00eda, desde donde es posible admirar las torres de la <a href=\"https:\/\/www.pamplona.es\/turismo\/catedral\" target=\"_blank\" rel=\"noopener\"><strong>Catedral de Santa Mar\u00eda la Real<\/strong><\/a>. El recorrido<strong>\u00a0contin\u00faa por la calle Mercaderes hasta la plaza Consistorial<\/strong>, presidida por el <a href=\"https:\/\/www.pamplona.es\/turismo\/ayuntamientoyplazaconsistorial\" target=\"_blank\" rel=\"noopener\"><strong>Ayuntamiento de Pamplona<\/strong><\/a>, donde es imprescindible detenerse a observar su magn\u00edfica fachada barroca y su florido balc\u00f3n del segundo piso, desde el que se dispara el Chupinazo que abre las fiestas de San Ferm\u00edn.<\/p>\n<p>Se sigue por la calle <strong>Mayor<\/strong>, antigua v\u00eda principal de la ciudad precisamente por la influencia del paso del Camino de Santiago. A ambos lados de la calle se encuentran diferentes palacios renacentistas y barrocos, entre los que destacan el <a href=\"https:\/\/www.pamplona.es\/turismo\/palaciocondestable\" target=\"_blank\" rel=\"noopener\"><strong>palacio del Condestable<\/strong><\/a> o el palacio de Ezpeleta, as\u00ed como el Centro Ultreia de interpretaci\u00f3n de la ruta jacobea. En ambos extremos de la calle se encuentran la iglesia de <a href=\"https:\/\/www.pamplona.es\/turismo\/sansaturnino\" target=\"_blank\" rel=\"noopener\"><strong>San Saturnino o San Cernin<\/strong><\/a> y la de <a href=\"https:\/\/www.pamplona.es\/turismo\/capillasanfermin\" target=\"_blank\" rel=\"noopener\"><strong>San Lorenzo<\/strong><\/a>, en cuyo interior se encuentra la capilla de San Ferm\u00edn.<br \/>\n<script async src=\"\/\/pagead2.googlesyndication.com\/pagead\/js\/adsbygoogle.js\"><\/script><br \/>\n<!-- Noticias La Guia de Pamplona --><br \/>\n<ins class=\"adsbygoogle\"\nstyle=\"display:block\"\ndata-ad-client=\"ca-pub-6943679897239327\"\ndata-ad-slot=\"7048180777\"\ndata-ad-format=\"auto\"><\/ins><br \/>\n<script>\n(adsbygoogle = window.adsbygoogle || []).push({});\n<\/script><\/p>\n<p>El Camino de Santiago abandona el Casco Antiguo por los <strong><a href=\"https:\/\/www.pamplona.es\/turismo\/parquetaconera\" target=\"_blank\" rel=\"noopener\">jardines de la Taconera<\/a><\/strong>, que datan de 1888, para <strong>atravesar despu\u00e9s la <a href=\"https:\/\/www.pamplona.es\/turismo\/parqueciudadela\" target=\"_blank\" rel=\"noopener\">Vuelta del Castillo<\/a><\/strong>, que rodea el recinto de la Ciudadela.\u00a0 A continuaci\u00f3n, el Camino <strong>cruza el barrio de Iturrama y sale de la ciudad por los jardines del Campus de la Universidad de Navarra<\/strong>.<\/p>\n","protected":false},"excerpt":{"rendered":"<p>Grupos de las diferentes casas regionales en Navarra amenizar\u00e1n el trayecto con su m\u00fasica<\/p>\n","protected":false},"author":1,"featured_media":40799,"comment_status":"open","ping_status":"closed","sticky":false,"template":"","format":"standard","meta":{"footnotes":""},"categories":[2],"tags":[],"class_list":["post-40798","post","type-post","status-publish","format-standard","has-post-thumbnail","hentry","category-ayuntamiento-pamplona"],"yoast_head":"<!-- This site is optimized with the Yoast SEO plugin v27.3 - https:\/\/yoast.com\/product\/yoast-seo-wordpress\/ -->\n<title>Pamplona celebra este s\u00e1bado el D\u00eda del Camino de Santiago recorriendo el tramo entre el puente de la Magdalena y el Campus de la Universidad de Navarra<\/title>\n<meta name=\"description\" content=\"Grupos de las diferentes casas regionales en Navarra amenizar\u00e1n el trayecto con su m\u00fasica\" \/>\n<meta name=\"robots\" content=\"index, follow, max-snippet:-1, max-image-preview:large, max-video-preview:-1\" \/>\n<link rel=\"canonical\" href=\"https:\/\/www.laguiadepamplona.com\/actualidad\/pamplona-celebra-este-sabado-el-dia-del-camino-de-santiago-recorriendo-el-tramo-entre-el-puente-de-la-magdalena-y-el-campus-de-la-universidad-de-navarra\/\" \/>\n<meta property=\"og:locale\" content=\"es_ES\" \/>\n<meta property=\"og:type\" content=\"article\" \/>\n<meta property=\"og:title\" content=\"Pamplona celebra este s\u00e1bado el D\u00eda del Camino de Santiago recorriendo el tramo entre el puente de la Magdalena y el Campus de la Universidad de Navarra\" \/>\n<meta property=\"og:description\" content=\"Grupos de las diferentes casas regionales en Navarra amenizar\u00e1n el trayecto con su m\u00fasica\" \/>\n<meta property=\"og:url\" content=\"https:\/\/www.laguiadepamplona.com\/actualidad\/pamplona-celebra-este-sabado-el-dia-del-camino-de-santiago-recorriendo-el-tramo-entre-el-puente-de-la-magdalena-y-el-campus-de-la-universidad-de-navarra\/\" \/>\n<meta property=\"og:site_name\" content=\"La Gu\u00eda de Pamplona\" \/>\n<meta property=\"article:publisher\" content=\"https:\/\/www.facebook.com\/laguiadepamplonacom-133175176762273\/?ref=hl\" \/>\n<meta property=\"article:published_time\" content=\"2022-06-10T14:57:22+00:00\" \/>\n<meta property=\"article:modified_time\" content=\"2023-04-11T09:48:03+00:00\" \/>\n<meta property=\"og:image\" content=\"https:\/\/www.laguiadepamplona.com\/actualidad\/wp-content\/uploads\/2022\/06\/Cartel-Dia-Camino-2022.jpg\" \/>\n\t<meta property=\"og:image:width\" content=\"429\" \/>\n\t<meta property=\"og:image:height\" content=\"607\" \/>\n\t<meta property=\"og:image:type\" content=\"image\/jpeg\" \/>\n<meta name=\"author\" content=\"La Gu\u00eda de Pamplona\" \/>\n<meta name=\"twitter:card\" content=\"summary_large_image\" \/>\n<meta name=\"twitter:creator\" content=\"@LaGuiadPamplona\" \/>\n<meta name=\"twitter:site\" content=\"@LaGuiadPamplona\" \/>\n<meta name=\"twitter:label1\" content=\"Escrito por\" \/>\n\t<meta name=\"twitter:data1\" content=\"La Gu\u00eda de Pamplona\" \/>\n\t<meta name=\"twitter:label2\" content=\"Tiempo de lectura\" \/>\n\t<meta name=\"twitter:data2\" content=\"3 minutos\" \/>\n<script type=\"application\/ld+json\" class=\"yoast-schema-graph\">{\"@context\":\"https:\\\/\\\/schema.org\",\"@graph\":[{\"@type\":\"Article\",\"@id\":\"https:\\\/\\\/www.laguiadepamplona.com\\\/actualidad\\\/pamplona-celebra-este-sabado-el-dia-del-camino-de-santiago-recorriendo-el-tramo-entre-el-puente-de-la-magdalena-y-el-campus-de-la-universidad-de-navarra\\\/#article\",\"isPartOf\":{\"@id\":\"https:\\\/\\\/www.laguiadepamplona.com\\\/actualidad\\\/pamplona-celebra-este-sabado-el-dia-del-camino-de-santiago-recorriendo-el-tramo-entre-el-puente-de-la-magdalena-y-el-campus-de-la-universidad-de-navarra\\\/\"},\"author\":{\"name\":\"La Gu\u00eda de Pamplona\",\"@id\":\"https:\\\/\\\/www.laguiadepamplona.com\\\/actualidad\\\/#\\\/schema\\\/person\\\/efe887376f0213d4657c93adc50b1fdb\"},\"headline\":\"Pamplona celebra este s\u00e1bado el D\u00eda del Camino de Santiago recorriendo el tramo entre el puente de la Magdalena y el Campus de la Universidad de Navarra\",\"datePublished\":\"2022-06-10T14:57:22+00:00\",\"dateModified\":\"2023-04-11T09:48:03+00:00\",\"mainEntityOfPage\":{\"@id\":\"https:\\\/\\\/www.laguiadepamplona.com\\\/actualidad\\\/pamplona-celebra-este-sabado-el-dia-del-camino-de-santiago-recorriendo-el-tramo-entre-el-puente-de-la-magdalena-y-el-campus-de-la-universidad-de-navarra\\\/\"},\"wordCount\":635,\"commentCount\":0,\"publisher\":{\"@id\":\"https:\\\/\\\/www.laguiadepamplona.com\\\/actualidad\\\/#organization\"},\"image\":{\"@id\":\"https:\\\/\\\/www.laguiadepamplona.com\\\/actualidad\\\/pamplona-celebra-este-sabado-el-dia-del-camino-de-santiago-recorriendo-el-tramo-entre-el-puente-de-la-magdalena-y-el-campus-de-la-universidad-de-navarra\\\/#primaryimage\"},\"thumbnailUrl\":\"https:\\\/\\\/www.laguiadepamplona.com\\\/actualidad\\\/wp-content\\\/uploads\\\/2022\\\/06\\\/Cartel-Dia-Camino-2022.jpg\",\"articleSection\":[\"Ayto Pamplona\"],\"inLanguage\":\"es\",\"potentialAction\":[{\"@type\":\"CommentAction\",\"name\":\"Comment\",\"target\":[\"https:\\\/\\\/www.laguiadepamplona.com\\\/actualidad\\\/pamplona-celebra-este-sabado-el-dia-del-camino-de-santiago-recorriendo-el-tramo-entre-el-puente-de-la-magdalena-y-el-campus-de-la-universidad-de-navarra\\\/#respond\"]}]},{\"@type\":\"WebPage\",\"@id\":\"https:\\\/\\\/www.laguiadepamplona.com\\\/actualidad\\\/pamplona-celebra-este-sabado-el-dia-del-camino-de-santiago-recorriendo-el-tramo-entre-el-puente-de-la-magdalena-y-el-campus-de-la-universidad-de-navarra\\\/\",\"url\":\"https:\\\/\\\/www.laguiadepamplona.com\\\/actualidad\\\/pamplona-celebra-este-sabado-el-dia-del-camino-de-santiago-recorriendo-el-tramo-entre-el-puente-de-la-magdalena-y-el-campus-de-la-universidad-de-navarra\\\/\",\"name\":\"Pamplona celebra este s\u00e1bado el D\u00eda del Camino de Santiago recorriendo el tramo entre el puente de la Magdalena y el Campus de la Universidad de Navarra\",\"isPartOf\":{\"@id\":\"https:\\\/\\\/www.laguiadepamplona.com\\\/actualidad\\\/#website\"},\"primaryImageOfPage\":{\"@id\":\"https:\\\/\\\/www.laguiadepamplona.com\\\/actualidad\\\/pamplona-celebra-este-sabado-el-dia-del-camino-de-santiago-recorriendo-el-tramo-entre-el-puente-de-la-magdalena-y-el-campus-de-la-universidad-de-navarra\\\/#primaryimage\"},\"image\":{\"@id\":\"https:\\\/\\\/www.laguiadepamplona.com\\\/actualidad\\\/pamplona-celebra-este-sabado-el-dia-del-camino-de-santiago-recorriendo-el-tramo-entre-el-puente-de-la-magdalena-y-el-campus-de-la-universidad-de-navarra\\\/#primaryimage\"},\"thumbnailUrl\":\"https:\\\/\\\/www.laguiadepamplona.com\\\/actualidad\\\/wp-content\\\/uploads\\\/2022\\\/06\\\/Cartel-Dia-Camino-2022.jpg\",\"datePublished\":\"2022-06-10T14:57:22+00:00\",\"dateModified\":\"2023-04-11T09:48:03+00:00\",\"description\":\"Grupos de las diferentes casas regionales en Navarra amenizar\u00e1n el trayecto con su m\u00fasica\",\"breadcrumb\":{\"@id\":\"https:\\\/\\\/www.laguiadepamplona.com\\\/actualidad\\\/pamplona-celebra-este-sabado-el-dia-del-camino-de-santiago-recorriendo-el-tramo-entre-el-puente-de-la-magdalena-y-el-campus-de-la-universidad-de-navarra\\\/#breadcrumb\"},\"inLanguage\":\"es\",\"potentialAction\":[{\"@type\":\"ReadAction\",\"target\":[\"https:\\\/\\\/www.laguiadepamplona.com\\\/actualidad\\\/pamplona-celebra-este-sabado-el-dia-del-camino-de-santiago-recorriendo-el-tramo-entre-el-puente-de-la-magdalena-y-el-campus-de-la-universidad-de-navarra\\\/\"]}]},{\"@type\":\"ImageObject\",\"inLanguage\":\"es\",\"@id\":\"https:\\\/\\\/www.laguiadepamplona.com\\\/actualidad\\\/pamplona-celebra-este-sabado-el-dia-del-camino-de-santiago-recorriendo-el-tramo-entre-el-puente-de-la-magdalena-y-el-campus-de-la-universidad-de-navarra\\\/#primaryimage\",\"url\":\"https:\\\/\\\/www.laguiadepamplona.com\\\/actualidad\\\/wp-content\\\/uploads\\\/2022\\\/06\\\/Cartel-Dia-Camino-2022.jpg\",\"contentUrl\":\"https:\\\/\\\/www.laguiadepamplona.com\\\/actualidad\\\/wp-content\\\/uploads\\\/2022\\\/06\\\/Cartel-Dia-Camino-2022.jpg\",\"width\":429,\"height\":607},{\"@type\":\"BreadcrumbList\",\"@id\":\"https:\\\/\\\/www.laguiadepamplona.com\\\/actualidad\\\/pamplona-celebra-este-sabado-el-dia-del-camino-de-santiago-recorriendo-el-tramo-entre-el-puente-de-la-magdalena-y-el-campus-de-la-universidad-de-navarra\\\/#breadcrumb\",\"itemListElement\":[{\"@type\":\"ListItem\",\"position\":1,\"name\":\"Portada\",\"item\":\"https:\\\/\\\/www.laguiadepamplona.com\\\/actualidad\\\/\"},{\"@type\":\"ListItem\",\"position\":2,\"name\":\"Pamplona celebra este s\u00e1bado el D\u00eda del Camino de Santiago recorriendo el tramo entre el puente de la Magdalena y el Campus de la Universidad de Navarra\"}]},{\"@type\":\"WebSite\",\"@id\":\"https:\\\/\\\/www.laguiadepamplona.com\\\/actualidad\\\/#website\",\"url\":\"https:\\\/\\\/www.laguiadepamplona.com\\\/actualidad\\\/\",\"name\":\"La gu\u00eda de Pamplona\",\"description\":\"Noticias de Pamplona\",\"publisher\":{\"@id\":\"https:\\\/\\\/www.laguiadepamplona.com\\\/actualidad\\\/#organization\"},\"potentialAction\":[{\"@type\":\"SearchAction\",\"target\":{\"@type\":\"EntryPoint\",\"urlTemplate\":\"https:\\\/\\\/www.laguiadepamplona.com\\\/actualidad\\\/?s={search_term_string}\"},\"query-input\":{\"@type\":\"PropertyValueSpecification\",\"valueRequired\":true,\"valueName\":\"search_term_string\"}}],\"inLanguage\":\"es\"},{\"@type\":\"Organization\",\"@id\":\"https:\\\/\\\/www.laguiadepamplona.com\\\/actualidad\\\/#organization\",\"name\":\"La Gu\u00eda de Pamplona \\\/ Noticias\",\"url\":\"https:\\\/\\\/www.laguiadepamplona.com\\\/actualidad\\\/\",\"logo\":{\"@type\":\"ImageObject\",\"inLanguage\":\"es\",\"@id\":\"https:\\\/\\\/www.laguiadepamplona.com\\\/actualidad\\\/#\\\/schema\\\/logo\\\/image\\\/\",\"url\":\"https:\\\/\\\/www.laguiadepamplona.com\\\/actualidad\\\/wp-content\\\/uploads\\\/2018\\\/11\\\/logo-laguiadepamplona18-web1.png\",\"contentUrl\":\"https:\\\/\\\/www.laguiadepamplona.com\\\/actualidad\\\/wp-content\\\/uploads\\\/2018\\\/11\\\/logo-laguiadepamplona18-web1.png\",\"width\":600,\"height\":196,\"caption\":\"La Gu\u00eda de Pamplona \\\/ Noticias\"},\"image\":{\"@id\":\"https:\\\/\\\/www.laguiadepamplona.com\\\/actualidad\\\/#\\\/schema\\\/logo\\\/image\\\/\"},\"sameAs\":[\"https:\\\/\\\/www.facebook.com\\\/laguiadepamplonacom-133175176762273\\\/?ref=hl\",\"https:\\\/\\\/x.com\\\/LaGuiadPamplona\",\"https:\\\/\\\/www.instagram.com\\\/la_guia_de_pamplona\\\/\",\"https:\\\/\\\/www.youtube.com\\\/user\\\/laguiadepamplona\"]},{\"@type\":\"Person\",\"@id\":\"https:\\\/\\\/www.laguiadepamplona.com\\\/actualidad\\\/#\\\/schema\\\/person\\\/efe887376f0213d4657c93adc50b1fdb\",\"name\":\"La Gu\u00eda de Pamplona\",\"image\":{\"@type\":\"ImageObject\",\"inLanguage\":\"es\",\"@id\":\"https:\\\/\\\/secure.gravatar.com\\\/avatar\\\/b6992f131dc8d30ab0dff15446e9d346d9dbd95992de0fef795073f5ea83a81c?s=96&d=mm&r=g\",\"url\":\"https:\\\/\\\/secure.gravatar.com\\\/avatar\\\/b6992f131dc8d30ab0dff15446e9d346d9dbd95992de0fef795073f5ea83a81c?s=96&d=mm&r=g\",\"contentUrl\":\"https:\\\/\\\/secure.gravatar.com\\\/avatar\\\/b6992f131dc8d30ab0dff15446e9d346d9dbd95992de0fef795073f5ea83a81c?s=96&d=mm&r=g\",\"caption\":\"La Gu\u00eda de Pamplona\"}}]}<\/script>\n<!-- \/ Yoast SEO plugin. -->","yoast_head_json":{"title":"Pamplona celebra este s\u00e1bado el D\u00eda del Camino de Santiago recorriendo el tramo entre el puente de la Magdalena y el Campus de la Universidad de Navarra","description":"Grupos de las diferentes casas regionales en Navarra amenizar\u00e1n el trayecto con su m\u00fasica","robots":{"index":"index","follow":"follow","max-snippet":"max-snippet:-1","max-image-preview":"max-image-preview:large","max-video-preview":"max-video-preview:-1"},"canonical":"https:\/\/www.laguiadepamplona.com\/actualidad\/pamplona-celebra-este-sabado-el-dia-del-camino-de-santiago-recorriendo-el-tramo-entre-el-puente-de-la-magdalena-y-el-campus-de-la-universidad-de-navarra\/","og_locale":"es_ES","og_type":"article","og_title":"Pamplona celebra este s\u00e1bado el D\u00eda del Camino de Santiago recorriendo el tramo entre el puente de la Magdalena y el Campus de la Universidad de Navarra","og_description":"Grupos de las diferentes casas regionales en Navarra amenizar\u00e1n el trayecto con su m\u00fasica","og_url":"https:\/\/www.laguiadepamplona.com\/actualidad\/pamplona-celebra-este-sabado-el-dia-del-camino-de-santiago-recorriendo-el-tramo-entre-el-puente-de-la-magdalena-y-el-campus-de-la-universidad-de-navarra\/","og_site_name":"La Gu\u00eda de Pamplona","article_publisher":"https:\/\/www.facebook.com\/laguiadepamplonacom-133175176762273\/?ref=hl","article_published_time":"2022-06-10T14:57:22+00:00","article_modified_time":"2023-04-11T09:48:03+00:00","og_image":[{"width":429,"height":607,"url":"https:\/\/www.laguiadepamplona.com\/actualidad\/wp-content\/uploads\/2022\/06\/Cartel-Dia-Camino-2022.jpg","type":"image\/jpeg"}],"author":"La Gu\u00eda de Pamplona","twitter_card":"summary_large_image","twitter_creator":"@LaGuiadPamplona","twitter_site":"@LaGuiadPamplona","twitter_misc":{"Escrito por":"La Gu\u00eda de Pamplona","Tiempo de lectura":"3 minutos"},"schema":{"@context":"https:\/\/schema.org","@graph":[{"@type":"Article","@id":"https:\/\/www.laguiadepamplona.com\/actualidad\/pamplona-celebra-este-sabado-el-dia-del-camino-de-santiago-recorriendo-el-tramo-entre-el-puente-de-la-magdalena-y-el-campus-de-la-universidad-de-navarra\/#article","isPartOf":{"@id":"https:\/\/www.laguiadepamplona.com\/actualidad\/pamplona-celebra-este-sabado-el-dia-del-camino-de-santiago-recorriendo-el-tramo-entre-el-puente-de-la-magdalena-y-el-campus-de-la-universidad-de-navarra\/"},"author":{"name":"La Gu\u00eda de Pamplona","@id":"https:\/\/www.laguiadepamplona.com\/actualidad\/#\/schema\/person\/efe887376f0213d4657c93adc50b1fdb"},"headline":"Pamplona celebra este s\u00e1bado el D\u00eda del Camino de Santiago recorriendo el tramo entre el puente de la Magdalena y el Campus de la Universidad de Navarra","datePublished":"2022-06-10T14:57:22+00:00","dateModified":"2023-04-11T09:48:03+00:00","mainEntityOfPage":{"@id":"https:\/\/www.laguiadepamplona.com\/actualidad\/pamplona-celebra-este-sabado-el-dia-del-camino-de-santiago-recorriendo-el-tramo-entre-el-puente-de-la-magdalena-y-el-campus-de-la-universidad-de-navarra\/"},"wordCount":635,"commentCount":0,"publisher":{"@id":"https:\/\/www.laguiadepamplona.com\/actualidad\/#organization"},"image":{"@id":"https:\/\/www.laguiadepamplona.com\/actualidad\/pamplona-celebra-este-sabado-el-dia-del-camino-de-santiago-recorriendo-el-tramo-entre-el-puente-de-la-magdalena-y-el-campus-de-la-universidad-de-navarra\/#primaryimage"},"thumbnailUrl":"https:\/\/www.laguiadepamplona.com\/actualidad\/wp-content\/uploads\/2022\/06\/Cartel-Dia-Camino-2022.jpg","articleSection":["Ayto Pamplona"],"inLanguage":"es","potentialAction":[{"@type":"CommentAction","name":"Comment","target":["https:\/\/www.laguiadepamplona.com\/actualidad\/pamplona-celebra-este-sabado-el-dia-del-camino-de-santiago-recorriendo-el-tramo-entre-el-puente-de-la-magdalena-y-el-campus-de-la-universidad-de-navarra\/#respond"]}]},{"@type":"WebPage","@id":"https:\/\/www.laguiadepamplona.com\/actualidad\/pamplona-celebra-este-sabado-el-dia-del-camino-de-santiago-recorriendo-el-tramo-entre-el-puente-de-la-magdalena-y-el-campus-de-la-universidad-de-navarra\/","url":"https:\/\/www.laguiadepamplona.com\/actualidad\/pamplona-celebra-este-sabado-el-dia-del-camino-de-santiago-recorriendo-el-tramo-entre-el-puente-de-la-magdalena-y-el-campus-de-la-universidad-de-navarra\/","name":"Pamplona celebra este s\u00e1bado el D\u00eda del Camino de Santiago recorriendo el tramo entre el puente de la Magdalena y el Campus de la Universidad de Navarra","isPartOf":{"@id":"https:\/\/www.laguiadepamplona.com\/actualidad\/#website"},"primaryImageOfPage":{"@id":"https:\/\/www.laguiadepamplona.com\/actualidad\/pamplona-celebra-este-sabado-el-dia-del-camino-de-santiago-recorriendo-el-tramo-entre-el-puente-de-la-magdalena-y-el-campus-de-la-universidad-de-navarra\/#primaryimage"},"image":{"@id":"https:\/\/www.laguiadepamplona.com\/actualidad\/pamplona-celebra-este-sabado-el-dia-del-camino-de-santiago-recorriendo-el-tramo-entre-el-puente-de-la-magdalena-y-el-campus-de-la-universidad-de-navarra\/#primaryimage"},"thumbnailUrl":"https:\/\/www.laguiadepamplona.com\/actualidad\/wp-content\/uploads\/2022\/06\/Cartel-Dia-Camino-2022.jpg","datePublished":"2022-06-10T14:57:22+00:00","dateModified":"2023-04-11T09:48:03+00:00","description":"Grupos de las diferentes casas regionales en Navarra amenizar\u00e1n el trayecto con su m\u00fasica","breadcrumb":{"@id":"https:\/\/www.laguiadepamplona.com\/actualidad\/pamplona-celebra-este-sabado-el-dia-del-camino-de-santiago-recorriendo-el-tramo-entre-el-puente-de-la-magdalena-y-el-campus-de-la-universidad-de-navarra\/#breadcrumb"},"inLanguage":"es","potentialAction":[{"@type":"ReadAction","target":["https:\/\/www.laguiadepamplona.com\/actualidad\/pamplona-celebra-este-sabado-el-dia-del-camino-de-santiago-recorriendo-el-tramo-entre-el-puente-de-la-magdalena-y-el-campus-de-la-universidad-de-navarra\/"]}]},{"@type":"ImageObject","inLanguage":"es","@id":"https:\/\/www.laguiadepamplona.com\/actualidad\/pamplona-celebra-este-sabado-el-dia-del-camino-de-santiago-recorriendo-el-tramo-entre-el-puente-de-la-magdalena-y-el-campus-de-la-universidad-de-navarra\/#primaryimage","url":"https:\/\/www.laguiadepamplona.com\/actualidad\/wp-content\/uploads\/2022\/06\/Cartel-Dia-Camino-2022.jpg","contentUrl":"https:\/\/www.laguiadepamplona.com\/actualidad\/wp-content\/uploads\/2022\/06\/Cartel-Dia-Camino-2022.jpg","width":429,"height":607},{"@type":"BreadcrumbList","@id":"https:\/\/www.laguiadepamplona.com\/actualidad\/pamplona-celebra-este-sabado-el-dia-del-camino-de-santiago-recorriendo-el-tramo-entre-el-puente-de-la-magdalena-y-el-campus-de-la-universidad-de-navarra\/#breadcrumb","itemListElement":[{"@type":"ListItem","position":1,"name":"Portada","item":"https:\/\/www.laguiadepamplona.com\/actualidad\/"},{"@type":"ListItem","position":2,"name":"Pamplona celebra este s\u00e1bado el D\u00eda del Camino de Santiago recorriendo el tramo entre el puente de la Magdalena y el Campus de la Universidad de Navarra"}]},{"@type":"WebSite","@id":"https:\/\/www.laguiadepamplona.com\/actualidad\/#website","url":"https:\/\/www.laguiadepamplona.com\/actualidad\/","name":"La gu\u00eda de Pamplona","description":"Noticias de Pamplona","publisher":{"@id":"https:\/\/www.laguiadepamplona.com\/actualidad\/#organization"},"potentialAction":[{"@type":"SearchAction","target":{"@type":"EntryPoint","urlTemplate":"https:\/\/www.laguiadepamplona.com\/actualidad\/?s={search_term_string}"},"query-input":{"@type":"PropertyValueSpecification","valueRequired":true,"valueName":"search_term_string"}}],"inLanguage":"es"},{"@type":"Organization","@id":"https:\/\/www.laguiadepamplona.com\/actualidad\/#organization","name":"La Gu\u00eda de Pamplona \/ Noticias","url":"https:\/\/www.laguiadepamplona.com\/actualidad\/","logo":{"@type":"ImageObject","inLanguage":"es","@id":"https:\/\/www.laguiadepamplona.com\/actualidad\/#\/schema\/logo\/image\/","url":"https:\/\/www.laguiadepamplona.com\/actualidad\/wp-content\/uploads\/2018\/11\/logo-laguiadepamplona18-web1.png","contentUrl":"https:\/\/www.laguiadepamplona.com\/actualidad\/wp-content\/uploads\/2018\/11\/logo-laguiadepamplona18-web1.png","width":600,"height":196,"caption":"La Gu\u00eda de Pamplona \/ Noticias"},"image":{"@id":"https:\/\/www.laguiadepamplona.com\/actualidad\/#\/schema\/logo\/image\/"},"sameAs":["https:\/\/www.facebook.com\/laguiadepamplonacom-133175176762273\/?ref=hl","https:\/\/x.com\/LaGuiadPamplona","https:\/\/www.instagram.com\/la_guia_de_pamplona\/","https:\/\/www.youtube.com\/user\/laguiadepamplona"]},{"@type":"Person","@id":"https:\/\/www.laguiadepamplona.com\/actualidad\/#\/schema\/person\/efe887376f0213d4657c93adc50b1fdb","name":"La Gu\u00eda de Pamplona","image":{"@type":"ImageObject","inLanguage":"es","@id":"https:\/\/secure.gravatar.com\/avatar\/b6992f131dc8d30ab0dff15446e9d346d9dbd95992de0fef795073f5ea83a81c?s=96&d=mm&r=g","url":"https:\/\/secure.gravatar.com\/avatar\/b6992f131dc8d30ab0dff15446e9d346d9dbd95992de0fef795073f5ea83a81c?s=96&d=mm&r=g","contentUrl":"https:\/\/secure.gravatar.com\/avatar\/b6992f131dc8d30ab0dff15446e9d346d9dbd95992de0fef795073f5ea83a81c?s=96&d=mm&r=g","caption":"La Gu\u00eda de Pamplona"}}]}},"post_mailing_queue_ids":[],"_links":{"self":[{"href":"https:\/\/www.laguiadepamplona.com\/actualidad\/wp-json\/wp\/v2\/posts\/40798","targetHints":{"allow":["GET"]}}],"collection":[{"href":"https:\/\/www.laguiadepamplona.com\/actualidad\/wp-json\/wp\/v2\/posts"}],"about":[{"href":"https:\/\/www.laguiadepamplona.com\/actualidad\/wp-json\/wp\/v2\/types\/post"}],"author":[{"embeddable":true,"href":"https:\/\/www.laguiadepamplona.com\/actualidad\/wp-json\/wp\/v2\/users\/1"}],"replies":[{"embeddable":true,"href":"https:\/\/www.laguiadepamplona.com\/actualidad\/wp-json\/wp\/v2\/comments?post=40798"}],"version-history":[{"count":0,"href":"https:\/\/www.laguiadepamplona.com\/actualidad\/wp-json\/wp\/v2\/posts\/40798\/revisions"}],"wp:featuredmedia":[{"embeddable":true,"href":"https:\/\/www.laguiadepamplona.com\/actualidad\/wp-json\/wp\/v2\/media\/40799"}],"wp:attachment":[{"href":"https:\/\/www.laguiadepamplona.com\/actualidad\/wp-json\/wp\/v2\/media?parent=40798"}],"wp:term":[{"taxonomy":"category","embeddable":true,"href":"https:\/\/www.laguiadepamplona.com\/actualidad\/wp-json\/wp\/v2\/categories?post=40798"},{"taxonomy":"post_tag","embeddable":true,"href":"https:\/\/www.laguiadepamplona.com\/actualidad\/wp-json\/wp\/v2\/tags?post=40798"}],"curies":[{"name":"wp","href":"https:\/\/api.w.org\/{rel}","templated":true}]}}