{"id":40795,"date":"2022-06-10T13:16:57","date_gmt":"2022-06-10T11:16:57","guid":{"rendered":"https:\/\/www.laguiadepamplona.com\/actualidad\/?p=40795"},"modified":"2023-04-11T11:48:03","modified_gmt":"2023-04-11T09:48:03","slug":"el-proximo-viernes-se-cerraran-las-inscripciones-para-el-programa-pamplona-emprende-de-apoyo-a-ideas-de-negocio-innovadoras-y-sostenibles","status":"publish","type":"post","link":"https:\/\/www.laguiadepamplona.com\/actualidad\/el-proximo-viernes-se-cerraran-las-inscripciones-para-el-programa-pamplona-emprende-de-apoyo-a-ideas-de-negocio-innovadoras-y-sostenibles\/","title":{"rendered":"El pr\u00f3ximo viernes se cerrar\u00e1n las inscripciones para el programa \u2018Pamplona Emprende\u2019 de apoyo a ideas de negocio innovadoras y sostenibles"},"content":{"rendered":"<h5>El Ayuntamiento de Pamplona y CEIN colaboran por segundo a\u00f1o consecutivo para potenciar el tejido empresarial de la ciudad<\/h5>\n<p><!--more--><\/p>\n<p>El pr\u00f3ximo viernes, d\u00eda 17, concluye el plazo de inscripci\u00f3n para la segunda edici\u00f3n del programa formativo \u2018Pamplona Emprende. Econom\u00eda Verde\u2019, lanzado por el Ayuntamiento de Pamplona y el Centro Europeo de Empresas e Innovaci\u00f3n de Navarra (CEIN) para apoyar y formar a personas que quieran desarrollar una idea de negocio. En esta ocasi\u00f3n, se priorizar\u00e1n proyectos vinculados a la econom\u00eda verde, la energ\u00eda, la eficiencia, el reciclaje, la sostenibilidad o la econom\u00eda circular, entre otros.<br \/>\n<script async src=\"\/\/pagead2.googlesyndication.com\/pagead\/js\/adsbygoogle.js\"><\/script><br \/>\n<!-- Noticias La Guia de Pamplona --><br \/>\n<ins class=\"adsbygoogle\"\nstyle=\"display:block\"\ndata-ad-client=\"ca-pub-6943679897239327\"\ndata-ad-slot=\"7048180777\"\ndata-ad-format=\"auto\"><\/ins><br \/>\n<script>\n(adsbygoogle = window.adsbygoogle || []).push({});\n<\/script><\/p>\n<p>Entre las personas inscritas se seleccionar\u00e1 a 20, que participar\u00e1n en un curso de formaci\u00f3n de 300 horas, entre los meses de septiembre y diciembre de 2022, en el que recibir\u00e1n herramientas b\u00e1sicas vinculadas al emprendimiento, a trav\u00e9s de las metodolog\u00edas Learning by doing (aprender haciendo) y Lean. El objetivo ser\u00e1 definir y configurar sus ideas y convertirlas en proyectos empresariales. Las personas participantes en el curso abordar\u00e1n aspectos relacionados con la creatividad y la innovaci\u00f3n, el marketing, la financiaci\u00f3n o las ventas. Adem\u00e1s, contar\u00e1n con personas formadas en emprendimiento de CEIN, as\u00ed como con expertas y expertos en sectores de oportunidades para emprender en la econom\u00eda verde y con mentoras y mentores que aportar\u00e1n feedback a los proyectos y les ayudar\u00e1n a encauzar sus ideas de negocio.<\/p>\n<p>Para participar en este programa ser\u00e1 necesario rellenar el <a href=\"https:\/\/ceinnavarra.typeform.com\/to\/u4HMbEhZ?typeform-source=www.pamplona.es\" target=\"_blank\" rel=\"noopener\">formulario de inscripci\u00f3n<\/a>, disponible en las p\u00e1ginas web del <a href=\"https:\/\/www.pamplona.es\/pamplona-emprende\" target=\"_blank\" rel=\"noopener\">Ayuntamiento de Pamplona<\/a> y de <a href=\"https:\/\/www.cein.es\/crea-tu-empresa\/pamplona-emprende-2022-iruna-ekintzalie\/\" target=\"_blank\" rel=\"noopener\">CEIN<\/a>.<br \/>\n<script async src=\"\/\/pagead2.googlesyndication.com\/pagead\/js\/adsbygoogle.js\"><\/script><br \/>\n<!-- Noticias La Guia de Pamplona --><br \/>\n<ins class=\"adsbygoogle\"\nstyle=\"display:block\"\ndata-ad-client=\"ca-pub-6943679897239327\"\ndata-ad-slot=\"7048180777\"\ndata-ad-format=\"auto\"><\/ins><br \/>\n<script>\n(adsbygoogle = window.adsbygoogle || []).push({});\n<\/script><\/p>\n<p><strong>El d\u00eda 14, una masterclass con la empresaria Lisa Lang<\/strong><\/p>\n<p>Adem\u00e1s, para conocer m\u00e1s de cerca el programa, a lo largo del mes de mayo y principios de junio se han desarrollado varias masterclass sobre oportunidades de negocio relacionadas con la econom\u00eda verde. El pr\u00f3ximo martes, d\u00eda 14, tendr\u00e1 lugar la \u00faltima de ellas, de la mano de Lisa Lang, ingeniera inform\u00e1tica y una de las 50 mujeres m\u00e1s influyentes seg\u00fan Forbes Europe.<\/p>\n<p>Lang ofrecer\u00e1 su propia experiencia emprendedora a trav\u00e9s de varias empresas altamente reconocidas como ElektroCouture, ThePowerHouse y FNDMT, que se dedican a impulsar la innovaci\u00f3n dentro de los sistemas ecol\u00f3gicos de la industria creativa e innovadora.\u00a0 Adem\u00e1s, Lang es asesora directa de industrias creativas, digitalizaci\u00f3n y emprendimiento para la Comisi\u00f3n Europea en varios consejos consultivos de alto nivel, entre ellos el Pacto de Competencias, el Foro Industrial y el Consejo de Comercio y Tecnolog\u00eda de EE.UU.\/UE.<\/p>\n","protected":false},"excerpt":{"rendered":"<p>El Ayuntamiento de Pamplona y CEIN colaboran por segundo a\u00f1o consecutivo para potenciar el tejido empresarial de la ciudad<\/p>\n","protected":false},"author":1,"featured_media":40790,"comment_status":"open","ping_status":"closed","sticky":false,"template":"","format":"standard","meta":{"footnotes":""},"categories":[2],"tags":[],"class_list":["post-40795","post","type-post","status-publish","format-standard","has-post-thumbnail","hentry","category-ayuntamiento-pamplona"],"yoast_head":"<!-- This site is optimized with the Yoast SEO plugin v27.3 - https:\/\/yoast.com\/product\/yoast-seo-wordpress\/ -->\n<title>El pr\u00f3ximo viernes se cerrar\u00e1n las inscripciones para el programa \u2018Pamplona Emprende\u2019 de apoyo a ideas de negocio innovadoras y sostenibles<\/title>\n<meta name=\"description\" content=\"El Ayuntamiento de Pamplona y CEIN colaboran por segundo a\u00f1o consecutivo para potenciar el tejido empresarial de la ciudad\" \/>\n<meta name=\"robots\" content=\"index, follow, max-snippet:-1, max-image-preview:large, max-video-preview:-1\" \/>\n<link rel=\"canonical\" href=\"https:\/\/www.laguiadepamplona.com\/actualidad\/el-proximo-viernes-se-cerraran-las-inscripciones-para-el-programa-pamplona-emprende-de-apoyo-a-ideas-de-negocio-innovadoras-y-sostenibles\/\" \/>\n<meta property=\"og:locale\" content=\"es_ES\" \/>\n<meta property=\"og:type\" content=\"article\" \/>\n<meta property=\"og:title\" content=\"El pr\u00f3ximo viernes se cerrar\u00e1n las inscripciones para el programa \u2018Pamplona Emprende\u2019 de apoyo a ideas de negocio innovadoras y sostenibles\" \/>\n<meta property=\"og:description\" content=\"El Ayuntamiento de Pamplona y CEIN colaboran por segundo a\u00f1o consecutivo para potenciar el tejido empresarial de la ciudad\" \/>\n<meta property=\"og:url\" content=\"https:\/\/www.laguiadepamplona.com\/actualidad\/el-proximo-viernes-se-cerraran-las-inscripciones-para-el-programa-pamplona-emprende-de-apoyo-a-ideas-de-negocio-innovadoras-y-sostenibles\/\" \/>\n<meta property=\"og:site_name\" content=\"La Gu\u00eda de Pamplona\" \/>\n<meta property=\"article:publisher\" content=\"https:\/\/www.facebook.com\/laguiadepamplonacom-133175176762273\/?ref=hl\" \/>\n<meta property=\"article:published_time\" content=\"2022-06-10T11:16:57+00:00\" \/>\n<meta property=\"article:modified_time\" content=\"2023-04-11T09:48:03+00:00\" \/>\n<meta property=\"og:image\" content=\"https:\/\/www.laguiadepamplona.com\/actualidad\/wp-content\/uploads\/2022\/06\/pamplona-emprende.webp\" \/>\n\t<meta property=\"og:image:width\" content=\"1920\" \/>\n\t<meta property=\"og:image:height\" content=\"707\" \/>\n\t<meta property=\"og:image:type\" content=\"image\/webp\" \/>\n<meta name=\"author\" content=\"La Gu\u00eda de Pamplona\" \/>\n<meta name=\"twitter:card\" content=\"summary_large_image\" \/>\n<meta name=\"twitter:creator\" content=\"@LaGuiadPamplona\" \/>\n<meta name=\"twitter:site\" content=\"@LaGuiadPamplona\" \/>\n<meta name=\"twitter:label1\" content=\"Escrito por\" \/>\n\t<meta name=\"twitter:data1\" content=\"La Gu\u00eda de Pamplona\" \/>\n\t<meta name=\"twitter:label2\" content=\"Tiempo de lectura\" \/>\n\t<meta name=\"twitter:data2\" content=\"2 minutos\" \/>\n<script type=\"application\/ld+json\" class=\"yoast-schema-graph\">{\"@context\":\"https:\\\/\\\/schema.org\",\"@graph\":[{\"@type\":\"Article\",\"@id\":\"https:\\\/\\\/www.laguiadepamplona.com\\\/actualidad\\\/el-proximo-viernes-se-cerraran-las-inscripciones-para-el-programa-pamplona-emprende-de-apoyo-a-ideas-de-negocio-innovadoras-y-sostenibles\\\/#article\",\"isPartOf\":{\"@id\":\"https:\\\/\\\/www.laguiadepamplona.com\\\/actualidad\\\/el-proximo-viernes-se-cerraran-las-inscripciones-para-el-programa-pamplona-emprende-de-apoyo-a-ideas-de-negocio-innovadoras-y-sostenibles\\\/\"},\"author\":{\"name\":\"La Gu\u00eda de Pamplona\",\"@id\":\"https:\\\/\\\/www.laguiadepamplona.com\\\/actualidad\\\/#\\\/schema\\\/person\\\/efe887376f0213d4657c93adc50b1fdb\"},\"headline\":\"El pr\u00f3ximo viernes se cerrar\u00e1n las inscripciones para el programa \u2018Pamplona Emprende\u2019 de apoyo a ideas de negocio innovadoras y sostenibles\",\"datePublished\":\"2022-06-10T11:16:57+00:00\",\"dateModified\":\"2023-04-11T09:48:03+00:00\",\"mainEntityOfPage\":{\"@id\":\"https:\\\/\\\/www.laguiadepamplona.com\\\/actualidad\\\/el-proximo-viernes-se-cerraran-las-inscripciones-para-el-programa-pamplona-emprende-de-apoyo-a-ideas-de-negocio-innovadoras-y-sostenibles\\\/\"},\"wordCount\":458,\"commentCount\":0,\"publisher\":{\"@id\":\"https:\\\/\\\/www.laguiadepamplona.com\\\/actualidad\\\/#organization\"},\"image\":{\"@id\":\"https:\\\/\\\/www.laguiadepamplona.com\\\/actualidad\\\/el-proximo-viernes-se-cerraran-las-inscripciones-para-el-programa-pamplona-emprende-de-apoyo-a-ideas-de-negocio-innovadoras-y-sostenibles\\\/#primaryimage\"},\"thumbnailUrl\":\"https:\\\/\\\/www.laguiadepamplona.com\\\/actualidad\\\/wp-content\\\/uploads\\\/2022\\\/06\\\/pamplona-emprende.webp\",\"articleSection\":[\"Ayto Pamplona\"],\"inLanguage\":\"es\",\"potentialAction\":[{\"@type\":\"CommentAction\",\"name\":\"Comment\",\"target\":[\"https:\\\/\\\/www.laguiadepamplona.com\\\/actualidad\\\/el-proximo-viernes-se-cerraran-las-inscripciones-para-el-programa-pamplona-emprende-de-apoyo-a-ideas-de-negocio-innovadoras-y-sostenibles\\\/#respond\"]}]},{\"@type\":\"WebPage\",\"@id\":\"https:\\\/\\\/www.laguiadepamplona.com\\\/actualidad\\\/el-proximo-viernes-se-cerraran-las-inscripciones-para-el-programa-pamplona-emprende-de-apoyo-a-ideas-de-negocio-innovadoras-y-sostenibles\\\/\",\"url\":\"https:\\\/\\\/www.laguiadepamplona.com\\\/actualidad\\\/el-proximo-viernes-se-cerraran-las-inscripciones-para-el-programa-pamplona-emprende-de-apoyo-a-ideas-de-negocio-innovadoras-y-sostenibles\\\/\",\"name\":\"El pr\u00f3ximo viernes se cerrar\u00e1n las inscripciones para el programa \u2018Pamplona Emprende\u2019 de apoyo a ideas de negocio innovadoras y sostenibles\",\"isPartOf\":{\"@id\":\"https:\\\/\\\/www.laguiadepamplona.com\\\/actualidad\\\/#website\"},\"primaryImageOfPage\":{\"@id\":\"https:\\\/\\\/www.laguiadepamplona.com\\\/actualidad\\\/el-proximo-viernes-se-cerraran-las-inscripciones-para-el-programa-pamplona-emprende-de-apoyo-a-ideas-de-negocio-innovadoras-y-sostenibles\\\/#primaryimage\"},\"image\":{\"@id\":\"https:\\\/\\\/www.laguiadepamplona.com\\\/actualidad\\\/el-proximo-viernes-se-cerraran-las-inscripciones-para-el-programa-pamplona-emprende-de-apoyo-a-ideas-de-negocio-innovadoras-y-sostenibles\\\/#primaryimage\"},\"thumbnailUrl\":\"https:\\\/\\\/www.laguiadepamplona.com\\\/actualidad\\\/wp-content\\\/uploads\\\/2022\\\/06\\\/pamplona-emprende.webp\",\"datePublished\":\"2022-06-10T11:16:57+00:00\",\"dateModified\":\"2023-04-11T09:48:03+00:00\",\"description\":\"El Ayuntamiento de Pamplona y CEIN colaboran por segundo a\u00f1o consecutivo para potenciar el tejido empresarial de la ciudad\",\"breadcrumb\":{\"@id\":\"https:\\\/\\\/www.laguiadepamplona.com\\\/actualidad\\\/el-proximo-viernes-se-cerraran-las-inscripciones-para-el-programa-pamplona-emprende-de-apoyo-a-ideas-de-negocio-innovadoras-y-sostenibles\\\/#breadcrumb\"},\"inLanguage\":\"es\",\"potentialAction\":[{\"@type\":\"ReadAction\",\"target\":[\"https:\\\/\\\/www.laguiadepamplona.com\\\/actualidad\\\/el-proximo-viernes-se-cerraran-las-inscripciones-para-el-programa-pamplona-emprende-de-apoyo-a-ideas-de-negocio-innovadoras-y-sostenibles\\\/\"]}]},{\"@type\":\"ImageObject\",\"inLanguage\":\"es\",\"@id\":\"https:\\\/\\\/www.laguiadepamplona.com\\\/actualidad\\\/el-proximo-viernes-se-cerraran-las-inscripciones-para-el-programa-pamplona-emprende-de-apoyo-a-ideas-de-negocio-innovadoras-y-sostenibles\\\/#primaryimage\",\"url\":\"https:\\\/\\\/www.laguiadepamplona.com\\\/actualidad\\\/wp-content\\\/uploads\\\/2022\\\/06\\\/pamplona-emprende.webp\",\"contentUrl\":\"https:\\\/\\\/www.laguiadepamplona.com\\\/actualidad\\\/wp-content\\\/uploads\\\/2022\\\/06\\\/pamplona-emprende.webp\",\"width\":1920,\"height\":707},{\"@type\":\"BreadcrumbList\",\"@id\":\"https:\\\/\\\/www.laguiadepamplona.com\\\/actualidad\\\/el-proximo-viernes-se-cerraran-las-inscripciones-para-el-programa-pamplona-emprende-de-apoyo-a-ideas-de-negocio-innovadoras-y-sostenibles\\\/#breadcrumb\",\"itemListElement\":[{\"@type\":\"ListItem\",\"position\":1,\"name\":\"Portada\",\"item\":\"https:\\\/\\\/www.laguiadepamplona.com\\\/actualidad\\\/\"},{\"@type\":\"ListItem\",\"position\":2,\"name\":\"El pr\u00f3ximo viernes se cerrar\u00e1n las inscripciones para el programa \u2018Pamplona Emprende\u2019 de apoyo a ideas de negocio innovadoras y sostenibles\"}]},{\"@type\":\"WebSite\",\"@id\":\"https:\\\/\\\/www.laguiadepamplona.com\\\/actualidad\\\/#website\",\"url\":\"https:\\\/\\\/www.laguiadepamplona.com\\\/actualidad\\\/\",\"name\":\"La gu\u00eda de Pamplona\",\"description\":\"Noticias de Pamplona\",\"publisher\":{\"@id\":\"https:\\\/\\\/www.laguiadepamplona.com\\\/actualidad\\\/#organization\"},\"potentialAction\":[{\"@type\":\"SearchAction\",\"target\":{\"@type\":\"EntryPoint\",\"urlTemplate\":\"https:\\\/\\\/www.laguiadepamplona.com\\\/actualidad\\\/?s={search_term_string}\"},\"query-input\":{\"@type\":\"PropertyValueSpecification\",\"valueRequired\":true,\"valueName\":\"search_term_string\"}}],\"inLanguage\":\"es\"},{\"@type\":\"Organization\",\"@id\":\"https:\\\/\\\/www.laguiadepamplona.com\\\/actualidad\\\/#organization\",\"name\":\"La Gu\u00eda de Pamplona \\\/ Noticias\",\"url\":\"https:\\\/\\\/www.laguiadepamplona.com\\\/actualidad\\\/\",\"logo\":{\"@type\":\"ImageObject\",\"inLanguage\":\"es\",\"@id\":\"https:\\\/\\\/www.laguiadepamplona.com\\\/actualidad\\\/#\\\/schema\\\/logo\\\/image\\\/\",\"url\":\"https:\\\/\\\/www.laguiadepamplona.com\\\/actualidad\\\/wp-content\\\/uploads\\\/2018\\\/11\\\/logo-laguiadepamplona18-web1.png\",\"contentUrl\":\"https:\\\/\\\/www.laguiadepamplona.com\\\/actualidad\\\/wp-content\\\/uploads\\\/2018\\\/11\\\/logo-laguiadepamplona18-web1.png\",\"width\":600,\"height\":196,\"caption\":\"La Gu\u00eda de Pamplona \\\/ Noticias\"},\"image\":{\"@id\":\"https:\\\/\\\/www.laguiadepamplona.com\\\/actualidad\\\/#\\\/schema\\\/logo\\\/image\\\/\"},\"sameAs\":[\"https:\\\/\\\/www.facebook.com\\\/laguiadepamplonacom-133175176762273\\\/?ref=hl\",\"https:\\\/\\\/x.com\\\/LaGuiadPamplona\",\"https:\\\/\\\/www.instagram.com\\\/la_guia_de_pamplona\\\/\",\"https:\\\/\\\/www.youtube.com\\\/user\\\/laguiadepamplona\"]},{\"@type\":\"Person\",\"@id\":\"https:\\\/\\\/www.laguiadepamplona.com\\\/actualidad\\\/#\\\/schema\\\/person\\\/efe887376f0213d4657c93adc50b1fdb\",\"name\":\"La Gu\u00eda de Pamplona\",\"image\":{\"@type\":\"ImageObject\",\"inLanguage\":\"es\",\"@id\":\"https:\\\/\\\/secure.gravatar.com\\\/avatar\\\/b6992f131dc8d30ab0dff15446e9d346d9dbd95992de0fef795073f5ea83a81c?s=96&d=mm&r=g\",\"url\":\"https:\\\/\\\/secure.gravatar.com\\\/avatar\\\/b6992f131dc8d30ab0dff15446e9d346d9dbd95992de0fef795073f5ea83a81c?s=96&d=mm&r=g\",\"contentUrl\":\"https:\\\/\\\/secure.gravatar.com\\\/avatar\\\/b6992f131dc8d30ab0dff15446e9d346d9dbd95992de0fef795073f5ea83a81c?s=96&d=mm&r=g\",\"caption\":\"La Gu\u00eda de Pamplona\"}}]}<\/script>\n<!-- \/ Yoast SEO plugin. -->","yoast_head_json":{"title":"El pr\u00f3ximo viernes se cerrar\u00e1n las inscripciones para el programa \u2018Pamplona Emprende\u2019 de apoyo a ideas de negocio innovadoras y sostenibles","description":"El Ayuntamiento de Pamplona y CEIN colaboran por segundo a\u00f1o consecutivo para potenciar el tejido empresarial de la ciudad","robots":{"index":"index","follow":"follow","max-snippet":"max-snippet:-1","max-image-preview":"max-image-preview:large","max-video-preview":"max-video-preview:-1"},"canonical":"https:\/\/www.laguiadepamplona.com\/actualidad\/el-proximo-viernes-se-cerraran-las-inscripciones-para-el-programa-pamplona-emprende-de-apoyo-a-ideas-de-negocio-innovadoras-y-sostenibles\/","og_locale":"es_ES","og_type":"article","og_title":"El pr\u00f3ximo viernes se cerrar\u00e1n las inscripciones para el programa \u2018Pamplona Emprende\u2019 de apoyo a ideas de negocio innovadoras y sostenibles","og_description":"El Ayuntamiento de Pamplona y CEIN colaboran por segundo a\u00f1o consecutivo para potenciar el tejido empresarial de la ciudad","og_url":"https:\/\/www.laguiadepamplona.com\/actualidad\/el-proximo-viernes-se-cerraran-las-inscripciones-para-el-programa-pamplona-emprende-de-apoyo-a-ideas-de-negocio-innovadoras-y-sostenibles\/","og_site_name":"La Gu\u00eda de Pamplona","article_publisher":"https:\/\/www.facebook.com\/laguiadepamplonacom-133175176762273\/?ref=hl","article_published_time":"2022-06-10T11:16:57+00:00","article_modified_time":"2023-04-11T09:48:03+00:00","og_image":[{"width":1920,"height":707,"url":"https:\/\/www.laguiadepamplona.com\/actualidad\/wp-content\/uploads\/2022\/06\/pamplona-emprende.webp","type":"image\/webp"}],"author":"La Gu\u00eda de Pamplona","twitter_card":"summary_large_image","twitter_creator":"@LaGuiadPamplona","twitter_site":"@LaGuiadPamplona","twitter_misc":{"Escrito por":"La Gu\u00eda de Pamplona","Tiempo de lectura":"2 minutos"},"schema":{"@context":"https:\/\/schema.org","@graph":[{"@type":"Article","@id":"https:\/\/www.laguiadepamplona.com\/actualidad\/el-proximo-viernes-se-cerraran-las-inscripciones-para-el-programa-pamplona-emprende-de-apoyo-a-ideas-de-negocio-innovadoras-y-sostenibles\/#article","isPartOf":{"@id":"https:\/\/www.laguiadepamplona.com\/actualidad\/el-proximo-viernes-se-cerraran-las-inscripciones-para-el-programa-pamplona-emprende-de-apoyo-a-ideas-de-negocio-innovadoras-y-sostenibles\/"},"author":{"name":"La Gu\u00eda de Pamplona","@id":"https:\/\/www.laguiadepamplona.com\/actualidad\/#\/schema\/person\/efe887376f0213d4657c93adc50b1fdb"},"headline":"El pr\u00f3ximo viernes se cerrar\u00e1n las inscripciones para el programa \u2018Pamplona Emprende\u2019 de apoyo a ideas de negocio innovadoras y sostenibles","datePublished":"2022-06-10T11:16:57+00:00","dateModified":"2023-04-11T09:48:03+00:00","mainEntityOfPage":{"@id":"https:\/\/www.laguiadepamplona.com\/actualidad\/el-proximo-viernes-se-cerraran-las-inscripciones-para-el-programa-pamplona-emprende-de-apoyo-a-ideas-de-negocio-innovadoras-y-sostenibles\/"},"wordCount":458,"commentCount":0,"publisher":{"@id":"https:\/\/www.laguiadepamplona.com\/actualidad\/#organization"},"image":{"@id":"https:\/\/www.laguiadepamplona.com\/actualidad\/el-proximo-viernes-se-cerraran-las-inscripciones-para-el-programa-pamplona-emprende-de-apoyo-a-ideas-de-negocio-innovadoras-y-sostenibles\/#primaryimage"},"thumbnailUrl":"https:\/\/www.laguiadepamplona.com\/actualidad\/wp-content\/uploads\/2022\/06\/pamplona-emprende.webp","articleSection":["Ayto Pamplona"],"inLanguage":"es","potentialAction":[{"@type":"CommentAction","name":"Comment","target":["https:\/\/www.laguiadepamplona.com\/actualidad\/el-proximo-viernes-se-cerraran-las-inscripciones-para-el-programa-pamplona-emprende-de-apoyo-a-ideas-de-negocio-innovadoras-y-sostenibles\/#respond"]}]},{"@type":"WebPage","@id":"https:\/\/www.laguiadepamplona.com\/actualidad\/el-proximo-viernes-se-cerraran-las-inscripciones-para-el-programa-pamplona-emprende-de-apoyo-a-ideas-de-negocio-innovadoras-y-sostenibles\/","url":"https:\/\/www.laguiadepamplona.com\/actualidad\/el-proximo-viernes-se-cerraran-las-inscripciones-para-el-programa-pamplona-emprende-de-apoyo-a-ideas-de-negocio-innovadoras-y-sostenibles\/","name":"El pr\u00f3ximo viernes se cerrar\u00e1n las inscripciones para el programa \u2018Pamplona Emprende\u2019 de apoyo a ideas de negocio innovadoras y sostenibles","isPartOf":{"@id":"https:\/\/www.laguiadepamplona.com\/actualidad\/#website"},"primaryImageOfPage":{"@id":"https:\/\/www.laguiadepamplona.com\/actualidad\/el-proximo-viernes-se-cerraran-las-inscripciones-para-el-programa-pamplona-emprende-de-apoyo-a-ideas-de-negocio-innovadoras-y-sostenibles\/#primaryimage"},"image":{"@id":"https:\/\/www.laguiadepamplona.com\/actualidad\/el-proximo-viernes-se-cerraran-las-inscripciones-para-el-programa-pamplona-emprende-de-apoyo-a-ideas-de-negocio-innovadoras-y-sostenibles\/#primaryimage"},"thumbnailUrl":"https:\/\/www.laguiadepamplona.com\/actualidad\/wp-content\/uploads\/2022\/06\/pamplona-emprende.webp","datePublished":"2022-06-10T11:16:57+00:00","dateModified":"2023-04-11T09:48:03+00:00","description":"El Ayuntamiento de Pamplona y CEIN colaboran por segundo a\u00f1o consecutivo para potenciar el tejido empresarial de la ciudad","breadcrumb":{"@id":"https:\/\/www.laguiadepamplona.com\/actualidad\/el-proximo-viernes-se-cerraran-las-inscripciones-para-el-programa-pamplona-emprende-de-apoyo-a-ideas-de-negocio-innovadoras-y-sostenibles\/#breadcrumb"},"inLanguage":"es","potentialAction":[{"@type":"ReadAction","target":["https:\/\/www.laguiadepamplona.com\/actualidad\/el-proximo-viernes-se-cerraran-las-inscripciones-para-el-programa-pamplona-emprende-de-apoyo-a-ideas-de-negocio-innovadoras-y-sostenibles\/"]}]},{"@type":"ImageObject","inLanguage":"es","@id":"https:\/\/www.laguiadepamplona.com\/actualidad\/el-proximo-viernes-se-cerraran-las-inscripciones-para-el-programa-pamplona-emprende-de-apoyo-a-ideas-de-negocio-innovadoras-y-sostenibles\/#primaryimage","url":"https:\/\/www.laguiadepamplona.com\/actualidad\/wp-content\/uploads\/2022\/06\/pamplona-emprende.webp","contentUrl":"https:\/\/www.laguiadepamplona.com\/actualidad\/wp-content\/uploads\/2022\/06\/pamplona-emprende.webp","width":1920,"height":707},{"@type":"BreadcrumbList","@id":"https:\/\/www.laguiadepamplona.com\/actualidad\/el-proximo-viernes-se-cerraran-las-inscripciones-para-el-programa-pamplona-emprende-de-apoyo-a-ideas-de-negocio-innovadoras-y-sostenibles\/#breadcrumb","itemListElement":[{"@type":"ListItem","position":1,"name":"Portada","item":"https:\/\/www.laguiadepamplona.com\/actualidad\/"},{"@type":"ListItem","position":2,"name":"El pr\u00f3ximo viernes se cerrar\u00e1n las inscripciones para el programa \u2018Pamplona Emprende\u2019 de apoyo a ideas de negocio innovadoras y sostenibles"}]},{"@type":"WebSite","@id":"https:\/\/www.laguiadepamplona.com\/actualidad\/#website","url":"https:\/\/www.laguiadepamplona.com\/actualidad\/","name":"La gu\u00eda de Pamplona","description":"Noticias de Pamplona","publisher":{"@id":"https:\/\/www.laguiadepamplona.com\/actualidad\/#organization"},"potentialAction":[{"@type":"SearchAction","target":{"@type":"EntryPoint","urlTemplate":"https:\/\/www.laguiadepamplona.com\/actualidad\/?s={search_term_string}"},"query-input":{"@type":"PropertyValueSpecification","valueRequired":true,"valueName":"search_term_string"}}],"inLanguage":"es"},{"@type":"Organization","@id":"https:\/\/www.laguiadepamplona.com\/actualidad\/#organization","name":"La Gu\u00eda de Pamplona \/ Noticias","url":"https:\/\/www.laguiadepamplona.com\/actualidad\/","logo":{"@type":"ImageObject","inLanguage":"es","@id":"https:\/\/www.laguiadepamplona.com\/actualidad\/#\/schema\/logo\/image\/","url":"https:\/\/www.laguiadepamplona.com\/actualidad\/wp-content\/uploads\/2018\/11\/logo-laguiadepamplona18-web1.png","contentUrl":"https:\/\/www.laguiadepamplona.com\/actualidad\/wp-content\/uploads\/2018\/11\/logo-laguiadepamplona18-web1.png","width":600,"height":196,"caption":"La Gu\u00eda de Pamplona \/ Noticias"},"image":{"@id":"https:\/\/www.laguiadepamplona.com\/actualidad\/#\/schema\/logo\/image\/"},"sameAs":["https:\/\/www.facebook.com\/laguiadepamplonacom-133175176762273\/?ref=hl","https:\/\/x.com\/LaGuiadPamplona","https:\/\/www.instagram.com\/la_guia_de_pamplona\/","https:\/\/www.youtube.com\/user\/laguiadepamplona"]},{"@type":"Person","@id":"https:\/\/www.laguiadepamplona.com\/actualidad\/#\/schema\/person\/efe887376f0213d4657c93adc50b1fdb","name":"La Gu\u00eda de Pamplona","image":{"@type":"ImageObject","inLanguage":"es","@id":"https:\/\/secure.gravatar.com\/avatar\/b6992f131dc8d30ab0dff15446e9d346d9dbd95992de0fef795073f5ea83a81c?s=96&d=mm&r=g","url":"https:\/\/secure.gravatar.com\/avatar\/b6992f131dc8d30ab0dff15446e9d346d9dbd95992de0fef795073f5ea83a81c?s=96&d=mm&r=g","contentUrl":"https:\/\/secure.gravatar.com\/avatar\/b6992f131dc8d30ab0dff15446e9d346d9dbd95992de0fef795073f5ea83a81c?s=96&d=mm&r=g","caption":"La Gu\u00eda de Pamplona"}}]}},"post_mailing_queue_ids":[],"_links":{"self":[{"href":"https:\/\/www.laguiadepamplona.com\/actualidad\/wp-json\/wp\/v2\/posts\/40795","targetHints":{"allow":["GET"]}}],"collection":[{"href":"https:\/\/www.laguiadepamplona.com\/actualidad\/wp-json\/wp\/v2\/posts"}],"about":[{"href":"https:\/\/www.laguiadepamplona.com\/actualidad\/wp-json\/wp\/v2\/types\/post"}],"author":[{"embeddable":true,"href":"https:\/\/www.laguiadepamplona.com\/actualidad\/wp-json\/wp\/v2\/users\/1"}],"replies":[{"embeddable":true,"href":"https:\/\/www.laguiadepamplona.com\/actualidad\/wp-json\/wp\/v2\/comments?post=40795"}],"version-history":[{"count":0,"href":"https:\/\/www.laguiadepamplona.com\/actualidad\/wp-json\/wp\/v2\/posts\/40795\/revisions"}],"wp:featuredmedia":[{"embeddable":true,"href":"https:\/\/www.laguiadepamplona.com\/actualidad\/wp-json\/wp\/v2\/media\/40790"}],"wp:attachment":[{"href":"https:\/\/www.laguiadepamplona.com\/actualidad\/wp-json\/wp\/v2\/media?parent=40795"}],"wp:term":[{"taxonomy":"category","embeddable":true,"href":"https:\/\/www.laguiadepamplona.com\/actualidad\/wp-json\/wp\/v2\/categories?post=40795"},{"taxonomy":"post_tag","embeddable":true,"href":"https:\/\/www.laguiadepamplona.com\/actualidad\/wp-json\/wp\/v2\/tags?post=40795"}],"curies":[{"name":"wp","href":"https:\/\/api.w.org\/{rel}","templated":true}]}}