{"id":40789,"date":"2022-06-10T13:03:47","date_gmt":"2022-06-10T11:03:47","guid":{"rendered":"https:\/\/www.laguiadepamplona.com\/actualidad\/?p=40789"},"modified":"2023-04-11T11:48:04","modified_gmt":"2023-04-11T09:48:04","slug":"este-proximo-15-de-junio-el-museo-de-educacion-ambiental-acoge-una-jornada-monografica-sobre-la-transicion-energetica-impulsada-por-el-sector-publico-en-entornos-urbanos","status":"publish","type":"post","link":"https:\/\/www.laguiadepamplona.com\/actualidad\/este-proximo-15-de-junio-el-museo-de-educacion-ambiental-acoge-una-jornada-monografica-sobre-la-transicion-energetica-impulsada-por-el-sector-publico-en-entornos-urbanos\/","title":{"rendered":"Este pr\u00f3ximo 15 de junio el Museo de Educaci\u00f3n Ambiental acoge una jornada monogr\u00e1fica sobre la transici\u00f3n energ\u00e9tica impulsada por el sector p\u00fablico en entornos urbanos"},"content":{"rendered":"<h5>Cuatro conferencias y tres mesas redondas pasar\u00e1n revista al sector, en una cita presencial de libre acceso a la que hay que inscribirse <em>on line<\/em><\/h5>\n<p><!--more--><\/p>\n<p>El pr\u00f3ximo mi\u00e9rcoles, 15 de junio, el Museo de Educacion Ambiental (calle Errotazar s\/n) acoger\u00e1 el encuentro \u2018Transici\u00f3n energ\u00e9tica y ciudades: Entidades P\u00fablicas, Comunidades Energ\u00e9ticas y la Movilizaci\u00f3n de Agentes en entornos urbanos como catalizadores\u2019, una jornada que se desarrollar\u00e1 desde las 9, hasta las 13.30 horas. Y es que, partiendo de la Uni\u00f3n Europea y distribuy\u00e9ndose por todos los escalones territoriales, hasta llegar al \u00e1mbito local, la preocupaci\u00f3n por la eficiencia energ\u00e9tica, la lucha contra el cambio clim\u00e1tico y la sostenibilidad, est\u00e1 poniendo en marcha foros de reflexi\u00f3n, propuestas de intervenci\u00f3n e iniciativas que quieren activar el necesario el cambio de paradigma.<br \/>\n<script async src=\"\/\/pagead2.googlesyndication.com\/pagead\/js\/adsbygoogle.js\"><\/script><br \/>\n<!-- Noticias La Guia de Pamplona --><br \/>\n<ins class=\"adsbygoogle\"\nstyle=\"display:block\"\ndata-ad-client=\"ca-pub-6943679897239327\"\ndata-ad-slot=\"7048180777\"\ndata-ad-format=\"auto\"><\/ins><br \/>\n<script>\n(adsbygoogle = window.adsbygoogle || []).push({});\n<\/script><\/p>\n<p>Pamplona trabaja en este \u00e1mbito a trav\u00e9s de la propuesta estrat\u00e9gica \u2018Go Green\u2019 en una labor transversal dentro de las diferentes \u00e1reas de trabajo de la instituci\u00f3n, implicando a entidades privadas y vecindarios, y estando presente y ofreci\u00e9ndose como campo de pruebas en iniciativas de \u00e1mbito supralocal que buscan soluciones novedosas, eficientes y replicables.<\/p>\n<p>As\u00ed, en el transcurso de este encuentro, que abrir\u00e1 Alejandro Astibia, director del \u00c1rea de Proyectos y obras, Movilidad y Sostenibilidad del Consistorio, las personas asistentes podr\u00e1n participar en dos mesas redondas y asistir a cuatro ponencias sobre bases y buenas pr\u00e1cticas en comunidades energ\u00e9ticas, barrios de energ\u00eda positiva y puntos de informaci\u00f3n energ\u00e9tica, as\u00ed como recibir informaci\u00f3n sobre el desarrollo de diversos proyectos puestos en marcha gracias a fondos europeos y de l\u00edneas de trabajo del Plan Energ\u00e9tico de Navarra 2030.<\/p>\n<p>Est\u00e1 previsto que a lo largo de la ma\u00f1ana en las sesiones participe personal t\u00e9cnico de la Agencia Energ\u00e9tica Municipal de Pamplona, el Servicio de Transici\u00f3n Energ\u00e9tica de Gobierno de Navarra, la Oficina de Rehabilitaci\u00f3n municipal (ORVE), NASUVINSA (Navarra de Suelo y Vivienda SA), la Oficina Estrat\u00e9gica del Consistorio, la Universidad de Pa\u00eds Vasco o el despacho de abogados Arankoa. Con el l\u00edmite de aforo de la sala, la participaci\u00f3n en la jornada es gratuita, aunque requiere inscripci\u00f3n previa rellenando un cuestionario <em><a href=\"https:\/\/forms.office.com\/pages\/responsepage.aspx?id=JLu00Y8ugkCQrfU-7caQgnMU5NWuzRlKgfNERwixjAxUNFROR1ZFSFlFMkw3MlEzMk0yMk9XTlkwMCQlQCN0PWcu\" target=\"_blank\" rel=\"noopener\">on line<\/a>.<\/em><br \/>\n<script async src=\"\/\/pagead2.googlesyndication.com\/pagead\/js\/adsbygoogle.js\"><\/script><br \/>\n<!-- Noticias La Guia de Pamplona --><br \/>\n<ins class=\"adsbygoogle\"\nstyle=\"display:block\"\ndata-ad-client=\"ca-pub-6943679897239327\"\ndata-ad-slot=\"7048180777\"\ndata-ad-format=\"auto\"><\/ins><br \/>\n<script>\n(adsbygoogle = window.adsbygoogle || []).push({});\n<\/script><\/p>\n<p><strong>Las conferencias<\/strong><\/p>\n<p>Tras la bienvenida oficial, la jornada se iniciar\u00e1 con la intervenci\u00f3n de Leire Iriarte Oyaga (9.25 horas), de la Oficina Estrat\u00e9gica del Ayuntamiento de Pamplona, que analizar\u00e1 el papel de \u2018Los organismos p\u00fablicos como dinamizadores de la Transici\u00f3n Energ\u00e9tica\u2019 y abordar\u00e1 un an\u00e1lisis de los resultados del proyecto POTEnT (Public Organisations Transform Energy Transition). Este proyecto pretende lograr un progreso hacia una reducci\u00f3n de carbono un 10 % superior a lo esperado o previsto en cada regi\u00f3n socia para el a\u00f1o 2023 mediante implicando de forma activa a de las autoridades p\u00fablicas en la prestaci\u00f3n de servicios energ\u00e9ticos y su mejora. Pamplona participa desde 2019 en este esfuerzo junto con Parma (Italia), Milton Keynes (Reino Unido), Ostrava (Rep\u00fablica Checa), las agencias del Sudeste de Suecia, Tartu (Estonia), y Ettlingen (Alemania).<\/p>\n<p>La segunda conferencia de la jornada (9.50 horas) la dictar\u00e1 Txetxu Ezcurra Loyola, del Servicio de Transici\u00f3n Energ\u00e9tica de Gobierno de Navarra y abarcar\u00e1 todo lo relativa al concepto y regulaci\u00f3n de las comunidades energ\u00e9ticas en el Plan Energ\u00e9tico de Navarra 2030. Como tercera charla, a las 11.40 horas, Ana Breta\u00f1a, de la sociedad p\u00fablica NASUVINSA (Navarra de Suelo y Vivienda SA) explicar\u00e1 el \u2018Proyecto regeneraci\u00f3n de barrios- Elena Primavera\u2019, una iniciativa del Banco Europeo de Inversiones que busca la promoci\u00f3n de inversiones para maximizar los ahorros en la vivienda mediante la eficiencia energ\u00e9tica, las energ\u00edas renovables y el autoconsumo.<\/p>\n<p>La \u00faltima conferencia, que cerrar\u00e1 la jornada, ser\u00e1 la dedicada a \u2018Barrios de Energ\u00eda Positiva\u2019, a las 13 horas, y la impartir\u00e1 una representaci\u00f3n de la Universidad de Pa\u00eds Vasco (UPV \/ EHU), una de las entidades involucrada en crear un distrito positivo de energ\u00eda verde en Rochapea, dentro del proyecto europeo OPEN Lab. La propuesta es llegar a ese resultado mediante la rehabilitaci\u00f3n energ\u00e9tica de un grupo de edificios (12 viviendas de San Pedro y el edificio IWER) y la incorporaci\u00f3n y manejo de energ\u00edas renovables en todo el sistema. Esta propuesta, de colaboraci\u00f3n p\u00fablico privada est\u00e1 dotada con 5 millones de euros de fondos procedentes del programa de la Comisi\u00f3n Europea \u2018Horizon2020 \u2013 Green Deal Call &#8211; Edificios eficientes en energ\u00eda y recursos\u2019.<br \/>\n<script async src=\"\/\/pagead2.googlesyndication.com\/pagead\/js\/adsbygoogle.js\"><\/script><br \/>\n<!-- Noticias La Guia de Pamplona --><br \/>\n<ins class=\"adsbygoogle\"\nstyle=\"display:block\"\ndata-ad-client=\"ca-pub-6943679897239327\"\ndata-ad-slot=\"7048180777\"\ndata-ad-format=\"auto\"><\/ins><br \/>\n<script>\n(adsbygoogle = window.adsbygoogle || []).push({});\n<\/script><\/p>\n<p><strong>Las mesas redondas<\/strong><\/p>\n<p>Durante la ma\u00f1ana habr\u00e1 tambi\u00e9n dos mesas redondas. La primera, sobre la \u2018Situaci\u00f3n de las Comunidades Energ\u00e9ticas en Navarra\u2019, est\u00e1 previsto que se inicie a las 10.10 horas y ser\u00e1 moderada por Idoia Zulet Gal\u00e9, del despacho de Abogados Arankoa. En ella participar\u00e1n Juli\u00e1n Zapata Ruiz, t\u00e9cnico de la Agencia Energ\u00e9tica del Ayuntamiento de Pamplona; Txetxu Ezcurra Loyola, miembros del Servicio de Transici\u00f3n Energ\u00e9tica de Gobierno de Navarra ym, en representaci\u00f3n de la Comunidad Energ\u00e9tica Urroztarra, Mikel Iribarren Lakuntza. Alcalde de Urroz.<\/p>\n<p>A las 12 del mediod\u00eda una segunda mesa abordar\u00e1 El potencial de los Puntos de Informaci\u00f3n Energ\u00e9tica y estar\u00e1 moderada por Javier Zardoya Illana, de la Agencia Energ\u00e9tica. Municipal. En este caso los ponentes ser\u00e1n Alberto Calvo Azagra de la Oficina de Rehabilitaci\u00f3n de Pamplona (ORVE); Ana Breta\u00f1a de la Torre, de NASUVINSA y <em>I\u00f1igo Bonet<\/em> Badiola, participante en el Proyecto Opengela. Regeneraci\u00f3n Urbana en Euskadi<\/p>\n","protected":false},"excerpt":{"rendered":"<p>Cuatro conferencias y tres mesas redondas pasar\u00e1n revista al sector, en una cita presencial de libre acceso a la que hay que inscribirse on line<\/p>\n","protected":false},"author":1,"featured_media":40790,"comment_status":"open","ping_status":"closed","sticky":false,"template":"","format":"standard","meta":{"footnotes":""},"categories":[2],"tags":[],"class_list":["post-40789","post","type-post","status-publish","format-standard","has-post-thumbnail","hentry","category-ayuntamiento-pamplona"],"yoast_head":"<!-- This site is optimized with the Yoast SEO plugin v27.5 - https:\/\/yoast.com\/product\/yoast-seo-wordpress\/ -->\n<title>Este pr\u00f3ximo 15 de junio el Museo de Educaci\u00f3n Ambiental acoge una jornada monogr\u00e1fica sobre la transici\u00f3n energ\u00e9tica impulsada por el sector p\u00fablico en entornos urbanos<\/title>\n<meta name=\"description\" content=\"Cuatro conferencias y tres mesas redondas pasar\u00e1n revista al sector, en una cita presencial de libre acceso a la que hay que inscribirse on line\" \/>\n<meta name=\"robots\" content=\"index, follow, max-snippet:-1, max-image-preview:large, max-video-preview:-1\" \/>\n<link rel=\"canonical\" href=\"https:\/\/www.laguiadepamplona.com\/actualidad\/este-proximo-15-de-junio-el-museo-de-educacion-ambiental-acoge-una-jornada-monografica-sobre-la-transicion-energetica-impulsada-por-el-sector-publico-en-entornos-urbanos\/\" \/>\n<meta property=\"og:locale\" content=\"es_ES\" \/>\n<meta property=\"og:type\" content=\"article\" \/>\n<meta property=\"og:title\" content=\"Este pr\u00f3ximo 15 de junio el Museo de Educaci\u00f3n Ambiental acoge una jornada monogr\u00e1fica sobre la transici\u00f3n energ\u00e9tica impulsada por el sector p\u00fablico en entornos urbanos\" \/>\n<meta property=\"og:description\" content=\"Cuatro conferencias y tres mesas redondas pasar\u00e1n revista al sector, en una cita presencial de libre acceso a la que hay que inscribirse on line\" \/>\n<meta property=\"og:url\" content=\"https:\/\/www.laguiadepamplona.com\/actualidad\/este-proximo-15-de-junio-el-museo-de-educacion-ambiental-acoge-una-jornada-monografica-sobre-la-transicion-energetica-impulsada-por-el-sector-publico-en-entornos-urbanos\/\" \/>\n<meta property=\"og:site_name\" content=\"La Gu\u00eda de Pamplona\" \/>\n<meta property=\"article:publisher\" content=\"https:\/\/www.facebook.com\/laguiadepamplonacom-133175176762273\/?ref=hl\" \/>\n<meta property=\"article:published_time\" content=\"2022-06-10T11:03:47+00:00\" \/>\n<meta property=\"article:modified_time\" content=\"2023-04-11T09:48:04+00:00\" \/>\n<meta property=\"og:image\" content=\"https:\/\/www.laguiadepamplona.com\/actualidad\/wp-content\/uploads\/2022\/06\/pamplona-emprende.webp\" \/>\n\t<meta property=\"og:image:width\" content=\"1920\" \/>\n\t<meta property=\"og:image:height\" content=\"707\" \/>\n\t<meta property=\"og:image:type\" content=\"image\/webp\" \/>\n<meta name=\"author\" content=\"La Gu\u00eda de Pamplona\" \/>\n<meta name=\"twitter:card\" content=\"summary_large_image\" \/>\n<meta name=\"twitter:creator\" content=\"@LaGuiadPamplona\" \/>\n<meta name=\"twitter:site\" content=\"@LaGuiadPamplona\" \/>\n<meta name=\"twitter:label1\" content=\"Escrito por\" \/>\n\t<meta name=\"twitter:data1\" content=\"La Gu\u00eda de Pamplona\" \/>\n\t<meta name=\"twitter:label2\" content=\"Tiempo de lectura\" \/>\n\t<meta name=\"twitter:data2\" content=\"4 minutos\" \/>\n<script type=\"application\/ld+json\" class=\"yoast-schema-graph\">{\"@context\":\"https:\\\/\\\/schema.org\",\"@graph\":[{\"@type\":\"Article\",\"@id\":\"https:\\\/\\\/www.laguiadepamplona.com\\\/actualidad\\\/este-proximo-15-de-junio-el-museo-de-educacion-ambiental-acoge-una-jornada-monografica-sobre-la-transicion-energetica-impulsada-por-el-sector-publico-en-entornos-urbanos\\\/#article\",\"isPartOf\":{\"@id\":\"https:\\\/\\\/www.laguiadepamplona.com\\\/actualidad\\\/este-proximo-15-de-junio-el-museo-de-educacion-ambiental-acoge-una-jornada-monografica-sobre-la-transicion-energetica-impulsada-por-el-sector-publico-en-entornos-urbanos\\\/\"},\"author\":{\"name\":\"La Gu\u00eda de Pamplona\",\"@id\":\"https:\\\/\\\/www.laguiadepamplona.com\\\/actualidad\\\/#\\\/schema\\\/person\\\/efe887376f0213d4657c93adc50b1fdb\"},\"headline\":\"Este pr\u00f3ximo 15 de junio el Museo de Educaci\u00f3n Ambiental acoge una jornada monogr\u00e1fica sobre la transici\u00f3n energ\u00e9tica impulsada por el sector p\u00fablico en entornos urbanos\",\"datePublished\":\"2022-06-10T11:03:47+00:00\",\"dateModified\":\"2023-04-11T09:48:04+00:00\",\"mainEntityOfPage\":{\"@id\":\"https:\\\/\\\/www.laguiadepamplona.com\\\/actualidad\\\/este-proximo-15-de-junio-el-museo-de-educacion-ambiental-acoge-una-jornada-monografica-sobre-la-transicion-energetica-impulsada-por-el-sector-publico-en-entornos-urbanos\\\/\"},\"wordCount\":965,\"commentCount\":0,\"publisher\":{\"@id\":\"https:\\\/\\\/www.laguiadepamplona.com\\\/actualidad\\\/#organization\"},\"image\":{\"@id\":\"https:\\\/\\\/www.laguiadepamplona.com\\\/actualidad\\\/este-proximo-15-de-junio-el-museo-de-educacion-ambiental-acoge-una-jornada-monografica-sobre-la-transicion-energetica-impulsada-por-el-sector-publico-en-entornos-urbanos\\\/#primaryimage\"},\"thumbnailUrl\":\"https:\\\/\\\/www.laguiadepamplona.com\\\/actualidad\\\/wp-content\\\/uploads\\\/2022\\\/06\\\/pamplona-emprende.webp\",\"articleSection\":[\"Ayto Pamplona\"],\"inLanguage\":\"es\",\"potentialAction\":[{\"@type\":\"CommentAction\",\"name\":\"Comment\",\"target\":[\"https:\\\/\\\/www.laguiadepamplona.com\\\/actualidad\\\/este-proximo-15-de-junio-el-museo-de-educacion-ambiental-acoge-una-jornada-monografica-sobre-la-transicion-energetica-impulsada-por-el-sector-publico-en-entornos-urbanos\\\/#respond\"]}]},{\"@type\":\"WebPage\",\"@id\":\"https:\\\/\\\/www.laguiadepamplona.com\\\/actualidad\\\/este-proximo-15-de-junio-el-museo-de-educacion-ambiental-acoge-una-jornada-monografica-sobre-la-transicion-energetica-impulsada-por-el-sector-publico-en-entornos-urbanos\\\/\",\"url\":\"https:\\\/\\\/www.laguiadepamplona.com\\\/actualidad\\\/este-proximo-15-de-junio-el-museo-de-educacion-ambiental-acoge-una-jornada-monografica-sobre-la-transicion-energetica-impulsada-por-el-sector-publico-en-entornos-urbanos\\\/\",\"name\":\"Este pr\u00f3ximo 15 de junio el Museo de Educaci\u00f3n Ambiental acoge una jornada monogr\u00e1fica sobre la transici\u00f3n energ\u00e9tica impulsada por el sector p\u00fablico en entornos urbanos\",\"isPartOf\":{\"@id\":\"https:\\\/\\\/www.laguiadepamplona.com\\\/actualidad\\\/#website\"},\"primaryImageOfPage\":{\"@id\":\"https:\\\/\\\/www.laguiadepamplona.com\\\/actualidad\\\/este-proximo-15-de-junio-el-museo-de-educacion-ambiental-acoge-una-jornada-monografica-sobre-la-transicion-energetica-impulsada-por-el-sector-publico-en-entornos-urbanos\\\/#primaryimage\"},\"image\":{\"@id\":\"https:\\\/\\\/www.laguiadepamplona.com\\\/actualidad\\\/este-proximo-15-de-junio-el-museo-de-educacion-ambiental-acoge-una-jornada-monografica-sobre-la-transicion-energetica-impulsada-por-el-sector-publico-en-entornos-urbanos\\\/#primaryimage\"},\"thumbnailUrl\":\"https:\\\/\\\/www.laguiadepamplona.com\\\/actualidad\\\/wp-content\\\/uploads\\\/2022\\\/06\\\/pamplona-emprende.webp\",\"datePublished\":\"2022-06-10T11:03:47+00:00\",\"dateModified\":\"2023-04-11T09:48:04+00:00\",\"description\":\"Cuatro conferencias y tres mesas redondas pasar\u00e1n revista al sector, en una cita presencial de libre acceso a la que hay que inscribirse on line\",\"breadcrumb\":{\"@id\":\"https:\\\/\\\/www.laguiadepamplona.com\\\/actualidad\\\/este-proximo-15-de-junio-el-museo-de-educacion-ambiental-acoge-una-jornada-monografica-sobre-la-transicion-energetica-impulsada-por-el-sector-publico-en-entornos-urbanos\\\/#breadcrumb\"},\"inLanguage\":\"es\",\"potentialAction\":[{\"@type\":\"ReadAction\",\"target\":[\"https:\\\/\\\/www.laguiadepamplona.com\\\/actualidad\\\/este-proximo-15-de-junio-el-museo-de-educacion-ambiental-acoge-una-jornada-monografica-sobre-la-transicion-energetica-impulsada-por-el-sector-publico-en-entornos-urbanos\\\/\"]}]},{\"@type\":\"ImageObject\",\"inLanguage\":\"es\",\"@id\":\"https:\\\/\\\/www.laguiadepamplona.com\\\/actualidad\\\/este-proximo-15-de-junio-el-museo-de-educacion-ambiental-acoge-una-jornada-monografica-sobre-la-transicion-energetica-impulsada-por-el-sector-publico-en-entornos-urbanos\\\/#primaryimage\",\"url\":\"https:\\\/\\\/www.laguiadepamplona.com\\\/actualidad\\\/wp-content\\\/uploads\\\/2022\\\/06\\\/pamplona-emprende.webp\",\"contentUrl\":\"https:\\\/\\\/www.laguiadepamplona.com\\\/actualidad\\\/wp-content\\\/uploads\\\/2022\\\/06\\\/pamplona-emprende.webp\",\"width\":1920,\"height\":707},{\"@type\":\"BreadcrumbList\",\"@id\":\"https:\\\/\\\/www.laguiadepamplona.com\\\/actualidad\\\/este-proximo-15-de-junio-el-museo-de-educacion-ambiental-acoge-una-jornada-monografica-sobre-la-transicion-energetica-impulsada-por-el-sector-publico-en-entornos-urbanos\\\/#breadcrumb\",\"itemListElement\":[{\"@type\":\"ListItem\",\"position\":1,\"name\":\"Portada\",\"item\":\"https:\\\/\\\/www.laguiadepamplona.com\\\/actualidad\\\/\"},{\"@type\":\"ListItem\",\"position\":2,\"name\":\"Este pr\u00f3ximo 15 de junio el Museo de Educaci\u00f3n Ambiental acoge una jornada monogr\u00e1fica sobre la transici\u00f3n energ\u00e9tica impulsada por el sector p\u00fablico en entornos urbanos\"}]},{\"@type\":\"WebSite\",\"@id\":\"https:\\\/\\\/www.laguiadepamplona.com\\\/actualidad\\\/#website\",\"url\":\"https:\\\/\\\/www.laguiadepamplona.com\\\/actualidad\\\/\",\"name\":\"La gu\u00eda de Pamplona\",\"description\":\"Noticias de Pamplona\",\"publisher\":{\"@id\":\"https:\\\/\\\/www.laguiadepamplona.com\\\/actualidad\\\/#organization\"},\"potentialAction\":[{\"@type\":\"SearchAction\",\"target\":{\"@type\":\"EntryPoint\",\"urlTemplate\":\"https:\\\/\\\/www.laguiadepamplona.com\\\/actualidad\\\/?s={search_term_string}\"},\"query-input\":{\"@type\":\"PropertyValueSpecification\",\"valueRequired\":true,\"valueName\":\"search_term_string\"}}],\"inLanguage\":\"es\"},{\"@type\":\"Organization\",\"@id\":\"https:\\\/\\\/www.laguiadepamplona.com\\\/actualidad\\\/#organization\",\"name\":\"La Gu\u00eda de Pamplona \\\/ Noticias\",\"url\":\"https:\\\/\\\/www.laguiadepamplona.com\\\/actualidad\\\/\",\"logo\":{\"@type\":\"ImageObject\",\"inLanguage\":\"es\",\"@id\":\"https:\\\/\\\/www.laguiadepamplona.com\\\/actualidad\\\/#\\\/schema\\\/logo\\\/image\\\/\",\"url\":\"https:\\\/\\\/www.laguiadepamplona.com\\\/actualidad\\\/wp-content\\\/uploads\\\/2018\\\/11\\\/logo-laguiadepamplona18-web1.png\",\"contentUrl\":\"https:\\\/\\\/www.laguiadepamplona.com\\\/actualidad\\\/wp-content\\\/uploads\\\/2018\\\/11\\\/logo-laguiadepamplona18-web1.png\",\"width\":600,\"height\":196,\"caption\":\"La Gu\u00eda de Pamplona \\\/ Noticias\"},\"image\":{\"@id\":\"https:\\\/\\\/www.laguiadepamplona.com\\\/actualidad\\\/#\\\/schema\\\/logo\\\/image\\\/\"},\"sameAs\":[\"https:\\\/\\\/www.facebook.com\\\/laguiadepamplonacom-133175176762273\\\/?ref=hl\",\"https:\\\/\\\/x.com\\\/LaGuiadPamplona\",\"https:\\\/\\\/www.instagram.com\\\/la_guia_de_pamplona\\\/\",\"https:\\\/\\\/www.youtube.com\\\/user\\\/laguiadepamplona\"]},{\"@type\":\"Person\",\"@id\":\"https:\\\/\\\/www.laguiadepamplona.com\\\/actualidad\\\/#\\\/schema\\\/person\\\/efe887376f0213d4657c93adc50b1fdb\",\"name\":\"La Gu\u00eda de Pamplona\",\"image\":{\"@type\":\"ImageObject\",\"inLanguage\":\"es\",\"@id\":\"https:\\\/\\\/secure.gravatar.com\\\/avatar\\\/b6992f131dc8d30ab0dff15446e9d346d9dbd95992de0fef795073f5ea83a81c?s=96&d=mm&r=g\",\"url\":\"https:\\\/\\\/secure.gravatar.com\\\/avatar\\\/b6992f131dc8d30ab0dff15446e9d346d9dbd95992de0fef795073f5ea83a81c?s=96&d=mm&r=g\",\"contentUrl\":\"https:\\\/\\\/secure.gravatar.com\\\/avatar\\\/b6992f131dc8d30ab0dff15446e9d346d9dbd95992de0fef795073f5ea83a81c?s=96&d=mm&r=g\",\"caption\":\"La Gu\u00eda de Pamplona\"}}]}<\/script>\n<!-- \/ Yoast SEO plugin. -->","yoast_head_json":{"title":"Este pr\u00f3ximo 15 de junio el Museo de Educaci\u00f3n Ambiental acoge una jornada monogr\u00e1fica sobre la transici\u00f3n energ\u00e9tica impulsada por el sector p\u00fablico en entornos urbanos","description":"Cuatro conferencias y tres mesas redondas pasar\u00e1n revista al sector, en una cita presencial de libre acceso a la que hay que inscribirse on line","robots":{"index":"index","follow":"follow","max-snippet":"max-snippet:-1","max-image-preview":"max-image-preview:large","max-video-preview":"max-video-preview:-1"},"canonical":"https:\/\/www.laguiadepamplona.com\/actualidad\/este-proximo-15-de-junio-el-museo-de-educacion-ambiental-acoge-una-jornada-monografica-sobre-la-transicion-energetica-impulsada-por-el-sector-publico-en-entornos-urbanos\/","og_locale":"es_ES","og_type":"article","og_title":"Este pr\u00f3ximo 15 de junio el Museo de Educaci\u00f3n Ambiental acoge una jornada monogr\u00e1fica sobre la transici\u00f3n energ\u00e9tica impulsada por el sector p\u00fablico en entornos urbanos","og_description":"Cuatro conferencias y tres mesas redondas pasar\u00e1n revista al sector, en una cita presencial de libre acceso a la que hay que inscribirse on line","og_url":"https:\/\/www.laguiadepamplona.com\/actualidad\/este-proximo-15-de-junio-el-museo-de-educacion-ambiental-acoge-una-jornada-monografica-sobre-la-transicion-energetica-impulsada-por-el-sector-publico-en-entornos-urbanos\/","og_site_name":"La Gu\u00eda de Pamplona","article_publisher":"https:\/\/www.facebook.com\/laguiadepamplonacom-133175176762273\/?ref=hl","article_published_time":"2022-06-10T11:03:47+00:00","article_modified_time":"2023-04-11T09:48:04+00:00","og_image":[{"width":1920,"height":707,"url":"https:\/\/www.laguiadepamplona.com\/actualidad\/wp-content\/uploads\/2022\/06\/pamplona-emprende.webp","type":"image\/webp"}],"author":"La Gu\u00eda de Pamplona","twitter_card":"summary_large_image","twitter_creator":"@LaGuiadPamplona","twitter_site":"@LaGuiadPamplona","twitter_misc":{"Escrito por":"La Gu\u00eda de Pamplona","Tiempo de lectura":"4 minutos"},"schema":{"@context":"https:\/\/schema.org","@graph":[{"@type":"Article","@id":"https:\/\/www.laguiadepamplona.com\/actualidad\/este-proximo-15-de-junio-el-museo-de-educacion-ambiental-acoge-una-jornada-monografica-sobre-la-transicion-energetica-impulsada-por-el-sector-publico-en-entornos-urbanos\/#article","isPartOf":{"@id":"https:\/\/www.laguiadepamplona.com\/actualidad\/este-proximo-15-de-junio-el-museo-de-educacion-ambiental-acoge-una-jornada-monografica-sobre-la-transicion-energetica-impulsada-por-el-sector-publico-en-entornos-urbanos\/"},"author":{"name":"La Gu\u00eda de Pamplona","@id":"https:\/\/www.laguiadepamplona.com\/actualidad\/#\/schema\/person\/efe887376f0213d4657c93adc50b1fdb"},"headline":"Este pr\u00f3ximo 15 de junio el Museo de Educaci\u00f3n Ambiental acoge una jornada monogr\u00e1fica sobre la transici\u00f3n energ\u00e9tica impulsada por el sector p\u00fablico en entornos urbanos","datePublished":"2022-06-10T11:03:47+00:00","dateModified":"2023-04-11T09:48:04+00:00","mainEntityOfPage":{"@id":"https:\/\/www.laguiadepamplona.com\/actualidad\/este-proximo-15-de-junio-el-museo-de-educacion-ambiental-acoge-una-jornada-monografica-sobre-la-transicion-energetica-impulsada-por-el-sector-publico-en-entornos-urbanos\/"},"wordCount":965,"commentCount":0,"publisher":{"@id":"https:\/\/www.laguiadepamplona.com\/actualidad\/#organization"},"image":{"@id":"https:\/\/www.laguiadepamplona.com\/actualidad\/este-proximo-15-de-junio-el-museo-de-educacion-ambiental-acoge-una-jornada-monografica-sobre-la-transicion-energetica-impulsada-por-el-sector-publico-en-entornos-urbanos\/#primaryimage"},"thumbnailUrl":"https:\/\/www.laguiadepamplona.com\/actualidad\/wp-content\/uploads\/2022\/06\/pamplona-emprende.webp","articleSection":["Ayto Pamplona"],"inLanguage":"es","potentialAction":[{"@type":"CommentAction","name":"Comment","target":["https:\/\/www.laguiadepamplona.com\/actualidad\/este-proximo-15-de-junio-el-museo-de-educacion-ambiental-acoge-una-jornada-monografica-sobre-la-transicion-energetica-impulsada-por-el-sector-publico-en-entornos-urbanos\/#respond"]}]},{"@type":"WebPage","@id":"https:\/\/www.laguiadepamplona.com\/actualidad\/este-proximo-15-de-junio-el-museo-de-educacion-ambiental-acoge-una-jornada-monografica-sobre-la-transicion-energetica-impulsada-por-el-sector-publico-en-entornos-urbanos\/","url":"https:\/\/www.laguiadepamplona.com\/actualidad\/este-proximo-15-de-junio-el-museo-de-educacion-ambiental-acoge-una-jornada-monografica-sobre-la-transicion-energetica-impulsada-por-el-sector-publico-en-entornos-urbanos\/","name":"Este pr\u00f3ximo 15 de junio el Museo de Educaci\u00f3n Ambiental acoge una jornada monogr\u00e1fica sobre la transici\u00f3n energ\u00e9tica impulsada por el sector p\u00fablico en entornos urbanos","isPartOf":{"@id":"https:\/\/www.laguiadepamplona.com\/actualidad\/#website"},"primaryImageOfPage":{"@id":"https:\/\/www.laguiadepamplona.com\/actualidad\/este-proximo-15-de-junio-el-museo-de-educacion-ambiental-acoge-una-jornada-monografica-sobre-la-transicion-energetica-impulsada-por-el-sector-publico-en-entornos-urbanos\/#primaryimage"},"image":{"@id":"https:\/\/www.laguiadepamplona.com\/actualidad\/este-proximo-15-de-junio-el-museo-de-educacion-ambiental-acoge-una-jornada-monografica-sobre-la-transicion-energetica-impulsada-por-el-sector-publico-en-entornos-urbanos\/#primaryimage"},"thumbnailUrl":"https:\/\/www.laguiadepamplona.com\/actualidad\/wp-content\/uploads\/2022\/06\/pamplona-emprende.webp","datePublished":"2022-06-10T11:03:47+00:00","dateModified":"2023-04-11T09:48:04+00:00","description":"Cuatro conferencias y tres mesas redondas pasar\u00e1n revista al sector, en una cita presencial de libre acceso a la que hay que inscribirse on line","breadcrumb":{"@id":"https:\/\/www.laguiadepamplona.com\/actualidad\/este-proximo-15-de-junio-el-museo-de-educacion-ambiental-acoge-una-jornada-monografica-sobre-la-transicion-energetica-impulsada-por-el-sector-publico-en-entornos-urbanos\/#breadcrumb"},"inLanguage":"es","potentialAction":[{"@type":"ReadAction","target":["https:\/\/www.laguiadepamplona.com\/actualidad\/este-proximo-15-de-junio-el-museo-de-educacion-ambiental-acoge-una-jornada-monografica-sobre-la-transicion-energetica-impulsada-por-el-sector-publico-en-entornos-urbanos\/"]}]},{"@type":"ImageObject","inLanguage":"es","@id":"https:\/\/www.laguiadepamplona.com\/actualidad\/este-proximo-15-de-junio-el-museo-de-educacion-ambiental-acoge-una-jornada-monografica-sobre-la-transicion-energetica-impulsada-por-el-sector-publico-en-entornos-urbanos\/#primaryimage","url":"https:\/\/www.laguiadepamplona.com\/actualidad\/wp-content\/uploads\/2022\/06\/pamplona-emprende.webp","contentUrl":"https:\/\/www.laguiadepamplona.com\/actualidad\/wp-content\/uploads\/2022\/06\/pamplona-emprende.webp","width":1920,"height":707},{"@type":"BreadcrumbList","@id":"https:\/\/www.laguiadepamplona.com\/actualidad\/este-proximo-15-de-junio-el-museo-de-educacion-ambiental-acoge-una-jornada-monografica-sobre-la-transicion-energetica-impulsada-por-el-sector-publico-en-entornos-urbanos\/#breadcrumb","itemListElement":[{"@type":"ListItem","position":1,"name":"Portada","item":"https:\/\/www.laguiadepamplona.com\/actualidad\/"},{"@type":"ListItem","position":2,"name":"Este pr\u00f3ximo 15 de junio el Museo de Educaci\u00f3n Ambiental acoge una jornada monogr\u00e1fica sobre la transici\u00f3n energ\u00e9tica impulsada por el sector p\u00fablico en entornos urbanos"}]},{"@type":"WebSite","@id":"https:\/\/www.laguiadepamplona.com\/actualidad\/#website","url":"https:\/\/www.laguiadepamplona.com\/actualidad\/","name":"La gu\u00eda de Pamplona","description":"Noticias de Pamplona","publisher":{"@id":"https:\/\/www.laguiadepamplona.com\/actualidad\/#organization"},"potentialAction":[{"@type":"SearchAction","target":{"@type":"EntryPoint","urlTemplate":"https:\/\/www.laguiadepamplona.com\/actualidad\/?s={search_term_string}"},"query-input":{"@type":"PropertyValueSpecification","valueRequired":true,"valueName":"search_term_string"}}],"inLanguage":"es"},{"@type":"Organization","@id":"https:\/\/www.laguiadepamplona.com\/actualidad\/#organization","name":"La Gu\u00eda de Pamplona \/ Noticias","url":"https:\/\/www.laguiadepamplona.com\/actualidad\/","logo":{"@type":"ImageObject","inLanguage":"es","@id":"https:\/\/www.laguiadepamplona.com\/actualidad\/#\/schema\/logo\/image\/","url":"https:\/\/www.laguiadepamplona.com\/actualidad\/wp-content\/uploads\/2018\/11\/logo-laguiadepamplona18-web1.png","contentUrl":"https:\/\/www.laguiadepamplona.com\/actualidad\/wp-content\/uploads\/2018\/11\/logo-laguiadepamplona18-web1.png","width":600,"height":196,"caption":"La Gu\u00eda de Pamplona \/ Noticias"},"image":{"@id":"https:\/\/www.laguiadepamplona.com\/actualidad\/#\/schema\/logo\/image\/"},"sameAs":["https:\/\/www.facebook.com\/laguiadepamplonacom-133175176762273\/?ref=hl","https:\/\/x.com\/LaGuiadPamplona","https:\/\/www.instagram.com\/la_guia_de_pamplona\/","https:\/\/www.youtube.com\/user\/laguiadepamplona"]},{"@type":"Person","@id":"https:\/\/www.laguiadepamplona.com\/actualidad\/#\/schema\/person\/efe887376f0213d4657c93adc50b1fdb","name":"La Gu\u00eda de Pamplona","image":{"@type":"ImageObject","inLanguage":"es","@id":"https:\/\/secure.gravatar.com\/avatar\/b6992f131dc8d30ab0dff15446e9d346d9dbd95992de0fef795073f5ea83a81c?s=96&d=mm&r=g","url":"https:\/\/secure.gravatar.com\/avatar\/b6992f131dc8d30ab0dff15446e9d346d9dbd95992de0fef795073f5ea83a81c?s=96&d=mm&r=g","contentUrl":"https:\/\/secure.gravatar.com\/avatar\/b6992f131dc8d30ab0dff15446e9d346d9dbd95992de0fef795073f5ea83a81c?s=96&d=mm&r=g","caption":"La Gu\u00eda de Pamplona"}}]}},"post_mailing_queue_ids":[],"_links":{"self":[{"href":"https:\/\/www.laguiadepamplona.com\/actualidad\/wp-json\/wp\/v2\/posts\/40789","targetHints":{"allow":["GET"]}}],"collection":[{"href":"https:\/\/www.laguiadepamplona.com\/actualidad\/wp-json\/wp\/v2\/posts"}],"about":[{"href":"https:\/\/www.laguiadepamplona.com\/actualidad\/wp-json\/wp\/v2\/types\/post"}],"author":[{"embeddable":true,"href":"https:\/\/www.laguiadepamplona.com\/actualidad\/wp-json\/wp\/v2\/users\/1"}],"replies":[{"embeddable":true,"href":"https:\/\/www.laguiadepamplona.com\/actualidad\/wp-json\/wp\/v2\/comments?post=40789"}],"version-history":[{"count":0,"href":"https:\/\/www.laguiadepamplona.com\/actualidad\/wp-json\/wp\/v2\/posts\/40789\/revisions"}],"wp:featuredmedia":[{"embeddable":true,"href":"https:\/\/www.laguiadepamplona.com\/actualidad\/wp-json\/wp\/v2\/media\/40790"}],"wp:attachment":[{"href":"https:\/\/www.laguiadepamplona.com\/actualidad\/wp-json\/wp\/v2\/media?parent=40789"}],"wp:term":[{"taxonomy":"category","embeddable":true,"href":"https:\/\/www.laguiadepamplona.com\/actualidad\/wp-json\/wp\/v2\/categories?post=40789"},{"taxonomy":"post_tag","embeddable":true,"href":"https:\/\/www.laguiadepamplona.com\/actualidad\/wp-json\/wp\/v2\/tags?post=40789"}],"curies":[{"name":"wp","href":"https:\/\/api.w.org\/{rel}","templated":true}]}}