{"id":40786,"date":"2022-06-10T13:01:35","date_gmt":"2022-06-10T11:01:35","guid":{"rendered":"https:\/\/www.laguiadepamplona.com\/actualidad\/?p=40786"},"modified":"2023-04-11T11:48:04","modified_gmt":"2023-04-11T09:48:04","slug":"seis-talleres-para-mejorar-el-medio-ambiente-con-la-regla-de-las-3r-reducir-reutilizar-y-reciclar-propuesta-para-la-tarde-de-ocio-de-este-sabado-en-la-casa-de-la-juventud","status":"publish","type":"post","link":"https:\/\/www.laguiadepamplona.com\/actualidad\/seis-talleres-para-mejorar-el-medio-ambiente-con-la-regla-de-las-3r-reducir-reutilizar-y-reciclar-propuesta-para-la-tarde-de-ocio-de-este-sabado-en-la-casa-de-la-juventud\/","title":{"rendered":"Seis talleres para mejorar el medio ambiente con la regla de las \u20183R\u2019, Reducir, reutilizar y reciclar, propuesta para la tarde de ocio de este s\u00e1bado en la Casa de la Juventud\u00a0"},"content":{"rendered":"<h5>La tarde de ocio se desarrollar\u00e1 de 17.30 a 21 horas, con entrada libre hasta completar el aforo<\/h5>\n<p><!--more--><\/p>\n<p>La Casa de la Juventud dedica la tarde de ocio de este s\u00e1bado a contribuir a la mejora del medio ambiente, a trav\u00e9s de diferentes talleres. Se trata con ellos, como dice la regla de las \u20183R\u2019 de reducir todo aquello que genere un desperdicio innecesario, reutilizando el material que sea posible y recicl\u00e1ndolo para darle un segundo uso a los productos. Los seis talleres previstos tendr\u00e1n lugar de 17.30 a 21 horas, con entrada libre hasta completar el aforo.<\/p>\n<p>Habr\u00e1 dos tandas de actividades, a las 17.30 y a las 19.15 horas, con una duraci\u00f3n de una hora y media. La regla de las \u20183R\u2019 es una propuesta fomentada inicialmente por la ONG Greenpeace que promueve 3 pasos b\u00e1sicos para disminuir la producci\u00f3n de residuos y contribuir con ello a la protecci\u00f3n y conservaci\u00f3n del medio ambiente. El concepto de\u00a0la regla de las \u20183R\u2019\u00a0pretende cambiar los h\u00e1bitos de consumo, haci\u00e9ndolos responsables y sostenibles, y se centra en la reducci\u00f3n de residuos, con el fin de solventar uno de los grandes problemas ecol\u00f3gicos de la sociedad actual.<br \/>\n<script async src=\"\/\/pagead2.googlesyndication.com\/pagead\/js\/adsbygoogle.js\"><\/script><br \/>\n<!-- Noticias La Guia de Pamplona --><br \/>\n<ins class=\"adsbygoogle\"\nstyle=\"display:block\"\ndata-ad-client=\"ca-pub-6943679897239327\"\ndata-ad-slot=\"7048180777\"\ndata-ad-format=\"auto\"><\/ins><br \/>\n<script>\n(adsbygoogle = window.adsbygoogle || []).push({});\n<\/script><\/p>\n<p>Durante la tarde, se realizar\u00e1n dos talleres relacionados con la reducci\u00f3n de generaci\u00f3n de desechos. Ir\u00e1n dedicados a la cosm\u00e9tica solida con la creaci\u00f3n de un desodorante natural y un b\u00e1lsamo labial en sendas sesiones a las 17.30 y a las 19.15 horas. Los cosm\u00e9ticos s\u00f3lidos son productos de belleza e higiene elaborados con f\u00f3rmulas sin agua o con poca cantidad de ella. Gracias a su formato a modo de pastillas, barras y jabones s\u00f3lidos, consiguen minimizar al m\u00e1ximo el impacto en el entorno natural mientras cumplen su funci\u00f3n cosm\u00e9tica al 100%. Los talleres ser\u00e1n impartidos por Jos\u00e9 Antonio Vidaurre, profesor de plantas medicinales, cosm\u00e9tica natural y masaje.<\/p>\n<p>Tambi\u00e9n se podr\u00e1 participar en dos talleres relacionados con el aprovechamiento de residuos. A las 17.30 horas se confeccionar\u00e1 una cartera con retales de ropa y a las 19.15 horas se crear\u00e1 una bolsa para la compra con prendas de ropa que ya no se usan. El taller est\u00e1 dirigido a quienes quieran confeccionar su propia ropa, desde un enfoque sustentable, reciclando y reutilizando material textil. No se necesita tener m\u00e1quina de coser ni experiencia previa. El taller lo lleva a cabo Leyre Monge, estudiante de Dise\u00f1o de Moda en la Escuela Superior de Dise\u00f1o de la Rioja.<br \/>\n<script async src=\"\/\/pagead2.googlesyndication.com\/pagead\/js\/adsbygoogle.js\"><\/script><br \/>\n<!-- Noticias La Guia de Pamplona --><br \/>\n<ins class=\"adsbygoogle\"\nstyle=\"display:block\"\ndata-ad-client=\"ca-pub-6943679897239327\"\ndata-ad-slot=\"7048180777\"\ndata-ad-format=\"auto\"><\/ins><br \/>\n<script>\n(adsbygoogle = window.adsbygoogle || []).push({});\n<\/script><\/p>\n<p>Por \u00faltimo, habr\u00e1 un espacio dedicado al reciclaje, una de las tendencias m\u00e1s utilizadas en el mundo de las manualidades. A las 17.30 horas se crear\u00e1 una l\u00e1mpara con papel reciclado y a las 19.15 horas se elaborar\u00e1 un jarr\u00f3n decorativo con botes de conservas. La idea es reutilizar objetos y materiales para crear piezas funcionales que, adem\u00e1s, sirvan para dar un toque muy particular a la decoraci\u00f3n de la casa. Los talleres los impartir\u00e1 Garazi Valluerca, graduada en Arte por la Universidad del Pa\u00eds Vasco, que cuenta con una amplia experiencia en el \u00e1mbito de las artes pl\u00e1sticas.<\/p>\n","protected":false},"excerpt":{"rendered":"<p>La tarde de ocio se desarrollar\u00e1 de 17.30 a 21 horas, con entrada libre hasta completar el aforo<\/p>\n","protected":false},"author":1,"featured_media":40787,"comment_status":"open","ping_status":"closed","sticky":false,"template":"","format":"standard","meta":{"footnotes":""},"categories":[2],"tags":[],"class_list":["post-40786","post","type-post","status-publish","format-standard","has-post-thumbnail","hentry","category-ayuntamiento-pamplona"],"yoast_head":"<!-- This site is optimized with the Yoast SEO plugin v27.3 - https:\/\/yoast.com\/product\/yoast-seo-wordpress\/ -->\n<title>Seis talleres para mejorar el medio ambiente con la regla de las \u20183R\u2019, Reducir, reutilizar y reciclar, propuesta para la tarde de ocio de este s\u00e1bado en la Casa de la Juventud\u00a0<\/title>\n<meta name=\"description\" content=\"La tarde de ocio se desarrollar\u00e1 de 17.30 a 21 horas, con entrada libre hasta completar el aforo\" \/>\n<meta name=\"robots\" content=\"index, follow, max-snippet:-1, max-image-preview:large, max-video-preview:-1\" \/>\n<link rel=\"canonical\" href=\"https:\/\/www.laguiadepamplona.com\/actualidad\/seis-talleres-para-mejorar-el-medio-ambiente-con-la-regla-de-las-3r-reducir-reutilizar-y-reciclar-propuesta-para-la-tarde-de-ocio-de-este-sabado-en-la-casa-de-la-juventud\/\" \/>\n<meta property=\"og:locale\" content=\"es_ES\" \/>\n<meta property=\"og:type\" content=\"article\" \/>\n<meta property=\"og:title\" content=\"Seis talleres para mejorar el medio ambiente con la regla de las \u20183R\u2019, Reducir, reutilizar y reciclar, propuesta para la tarde de ocio de este s\u00e1bado en la Casa de la Juventud\u00a0\" \/>\n<meta property=\"og:description\" content=\"La tarde de ocio se desarrollar\u00e1 de 17.30 a 21 horas, con entrada libre hasta completar el aforo\" \/>\n<meta property=\"og:url\" content=\"https:\/\/www.laguiadepamplona.com\/actualidad\/seis-talleres-para-mejorar-el-medio-ambiente-con-la-regla-de-las-3r-reducir-reutilizar-y-reciclar-propuesta-para-la-tarde-de-ocio-de-este-sabado-en-la-casa-de-la-juventud\/\" \/>\n<meta property=\"og:site_name\" content=\"La Gu\u00eda de Pamplona\" \/>\n<meta property=\"article:publisher\" content=\"https:\/\/www.facebook.com\/laguiadepamplonacom-133175176762273\/?ref=hl\" \/>\n<meta property=\"article:published_time\" content=\"2022-06-10T11:01:35+00:00\" \/>\n<meta property=\"article:modified_time\" content=\"2023-04-11T09:48:04+00:00\" \/>\n<meta property=\"og:image\" content=\"https:\/\/www.laguiadepamplona.com\/actualidad\/wp-content\/uploads\/2022\/06\/reciclar_basura_contenedor.webp\" \/>\n\t<meta property=\"og:image:width\" content=\"1920\" \/>\n\t<meta property=\"og:image:height\" content=\"1281\" \/>\n\t<meta property=\"og:image:type\" content=\"image\/webp\" \/>\n<meta name=\"author\" content=\"La Gu\u00eda de Pamplona\" \/>\n<meta name=\"twitter:card\" content=\"summary_large_image\" \/>\n<meta name=\"twitter:creator\" content=\"@LaGuiadPamplona\" \/>\n<meta name=\"twitter:site\" content=\"@LaGuiadPamplona\" \/>\n<meta name=\"twitter:label1\" content=\"Escrito por\" \/>\n\t<meta name=\"twitter:data1\" content=\"La Gu\u00eda de Pamplona\" \/>\n\t<meta name=\"twitter:label2\" content=\"Tiempo de lectura\" \/>\n\t<meta name=\"twitter:data2\" content=\"3 minutos\" \/>\n<script type=\"application\/ld+json\" class=\"yoast-schema-graph\">{\"@context\":\"https:\\\/\\\/schema.org\",\"@graph\":[{\"@type\":\"Article\",\"@id\":\"https:\\\/\\\/www.laguiadepamplona.com\\\/actualidad\\\/seis-talleres-para-mejorar-el-medio-ambiente-con-la-regla-de-las-3r-reducir-reutilizar-y-reciclar-propuesta-para-la-tarde-de-ocio-de-este-sabado-en-la-casa-de-la-juventud\\\/#article\",\"isPartOf\":{\"@id\":\"https:\\\/\\\/www.laguiadepamplona.com\\\/actualidad\\\/seis-talleres-para-mejorar-el-medio-ambiente-con-la-regla-de-las-3r-reducir-reutilizar-y-reciclar-propuesta-para-la-tarde-de-ocio-de-este-sabado-en-la-casa-de-la-juventud\\\/\"},\"author\":{\"name\":\"La Gu\u00eda de Pamplona\",\"@id\":\"https:\\\/\\\/www.laguiadepamplona.com\\\/actualidad\\\/#\\\/schema\\\/person\\\/efe887376f0213d4657c93adc50b1fdb\"},\"headline\":\"Seis talleres para mejorar el medio ambiente con la regla de las \u20183R\u2019, Reducir, reutilizar y reciclar, propuesta para la tarde de ocio de este s\u00e1bado en la Casa de la Juventud\u00a0\",\"datePublished\":\"2022-06-10T11:01:35+00:00\",\"dateModified\":\"2023-04-11T09:48:04+00:00\",\"mainEntityOfPage\":{\"@id\":\"https:\\\/\\\/www.laguiadepamplona.com\\\/actualidad\\\/seis-talleres-para-mejorar-el-medio-ambiente-con-la-regla-de-las-3r-reducir-reutilizar-y-reciclar-propuesta-para-la-tarde-de-ocio-de-este-sabado-en-la-casa-de-la-juventud\\\/\"},\"wordCount\":561,\"commentCount\":0,\"publisher\":{\"@id\":\"https:\\\/\\\/www.laguiadepamplona.com\\\/actualidad\\\/#organization\"},\"image\":{\"@id\":\"https:\\\/\\\/www.laguiadepamplona.com\\\/actualidad\\\/seis-talleres-para-mejorar-el-medio-ambiente-con-la-regla-de-las-3r-reducir-reutilizar-y-reciclar-propuesta-para-la-tarde-de-ocio-de-este-sabado-en-la-casa-de-la-juventud\\\/#primaryimage\"},\"thumbnailUrl\":\"https:\\\/\\\/www.laguiadepamplona.com\\\/actualidad\\\/wp-content\\\/uploads\\\/2022\\\/06\\\/reciclar_basura_contenedor.webp\",\"articleSection\":[\"Ayto Pamplona\"],\"inLanguage\":\"es\",\"potentialAction\":[{\"@type\":\"CommentAction\",\"name\":\"Comment\",\"target\":[\"https:\\\/\\\/www.laguiadepamplona.com\\\/actualidad\\\/seis-talleres-para-mejorar-el-medio-ambiente-con-la-regla-de-las-3r-reducir-reutilizar-y-reciclar-propuesta-para-la-tarde-de-ocio-de-este-sabado-en-la-casa-de-la-juventud\\\/#respond\"]}]},{\"@type\":\"WebPage\",\"@id\":\"https:\\\/\\\/www.laguiadepamplona.com\\\/actualidad\\\/seis-talleres-para-mejorar-el-medio-ambiente-con-la-regla-de-las-3r-reducir-reutilizar-y-reciclar-propuesta-para-la-tarde-de-ocio-de-este-sabado-en-la-casa-de-la-juventud\\\/\",\"url\":\"https:\\\/\\\/www.laguiadepamplona.com\\\/actualidad\\\/seis-talleres-para-mejorar-el-medio-ambiente-con-la-regla-de-las-3r-reducir-reutilizar-y-reciclar-propuesta-para-la-tarde-de-ocio-de-este-sabado-en-la-casa-de-la-juventud\\\/\",\"name\":\"Seis talleres para mejorar el medio ambiente con la regla de las \u20183R\u2019, Reducir, reutilizar y reciclar, propuesta para la tarde de ocio de este s\u00e1bado en la Casa de la Juventud\u00a0\",\"isPartOf\":{\"@id\":\"https:\\\/\\\/www.laguiadepamplona.com\\\/actualidad\\\/#website\"},\"primaryImageOfPage\":{\"@id\":\"https:\\\/\\\/www.laguiadepamplona.com\\\/actualidad\\\/seis-talleres-para-mejorar-el-medio-ambiente-con-la-regla-de-las-3r-reducir-reutilizar-y-reciclar-propuesta-para-la-tarde-de-ocio-de-este-sabado-en-la-casa-de-la-juventud\\\/#primaryimage\"},\"image\":{\"@id\":\"https:\\\/\\\/www.laguiadepamplona.com\\\/actualidad\\\/seis-talleres-para-mejorar-el-medio-ambiente-con-la-regla-de-las-3r-reducir-reutilizar-y-reciclar-propuesta-para-la-tarde-de-ocio-de-este-sabado-en-la-casa-de-la-juventud\\\/#primaryimage\"},\"thumbnailUrl\":\"https:\\\/\\\/www.laguiadepamplona.com\\\/actualidad\\\/wp-content\\\/uploads\\\/2022\\\/06\\\/reciclar_basura_contenedor.webp\",\"datePublished\":\"2022-06-10T11:01:35+00:00\",\"dateModified\":\"2023-04-11T09:48:04+00:00\",\"description\":\"La tarde de ocio se desarrollar\u00e1 de 17.30 a 21 horas, con entrada libre hasta completar el aforo\",\"breadcrumb\":{\"@id\":\"https:\\\/\\\/www.laguiadepamplona.com\\\/actualidad\\\/seis-talleres-para-mejorar-el-medio-ambiente-con-la-regla-de-las-3r-reducir-reutilizar-y-reciclar-propuesta-para-la-tarde-de-ocio-de-este-sabado-en-la-casa-de-la-juventud\\\/#breadcrumb\"},\"inLanguage\":\"es\",\"potentialAction\":[{\"@type\":\"ReadAction\",\"target\":[\"https:\\\/\\\/www.laguiadepamplona.com\\\/actualidad\\\/seis-talleres-para-mejorar-el-medio-ambiente-con-la-regla-de-las-3r-reducir-reutilizar-y-reciclar-propuesta-para-la-tarde-de-ocio-de-este-sabado-en-la-casa-de-la-juventud\\\/\"]}]},{\"@type\":\"ImageObject\",\"inLanguage\":\"es\",\"@id\":\"https:\\\/\\\/www.laguiadepamplona.com\\\/actualidad\\\/seis-talleres-para-mejorar-el-medio-ambiente-con-la-regla-de-las-3r-reducir-reutilizar-y-reciclar-propuesta-para-la-tarde-de-ocio-de-este-sabado-en-la-casa-de-la-juventud\\\/#primaryimage\",\"url\":\"https:\\\/\\\/www.laguiadepamplona.com\\\/actualidad\\\/wp-content\\\/uploads\\\/2022\\\/06\\\/reciclar_basura_contenedor.webp\",\"contentUrl\":\"https:\\\/\\\/www.laguiadepamplona.com\\\/actualidad\\\/wp-content\\\/uploads\\\/2022\\\/06\\\/reciclar_basura_contenedor.webp\",\"width\":1920,\"height\":1281},{\"@type\":\"BreadcrumbList\",\"@id\":\"https:\\\/\\\/www.laguiadepamplona.com\\\/actualidad\\\/seis-talleres-para-mejorar-el-medio-ambiente-con-la-regla-de-las-3r-reducir-reutilizar-y-reciclar-propuesta-para-la-tarde-de-ocio-de-este-sabado-en-la-casa-de-la-juventud\\\/#breadcrumb\",\"itemListElement\":[{\"@type\":\"ListItem\",\"position\":1,\"name\":\"Portada\",\"item\":\"https:\\\/\\\/www.laguiadepamplona.com\\\/actualidad\\\/\"},{\"@type\":\"ListItem\",\"position\":2,\"name\":\"Seis talleres para mejorar el medio ambiente con la regla de las \u20183R\u2019, Reducir, reutilizar y reciclar, propuesta para la tarde de ocio de este s\u00e1bado en la Casa de la Juventud\u00a0\"}]},{\"@type\":\"WebSite\",\"@id\":\"https:\\\/\\\/www.laguiadepamplona.com\\\/actualidad\\\/#website\",\"url\":\"https:\\\/\\\/www.laguiadepamplona.com\\\/actualidad\\\/\",\"name\":\"La gu\u00eda de Pamplona\",\"description\":\"Noticias de Pamplona\",\"publisher\":{\"@id\":\"https:\\\/\\\/www.laguiadepamplona.com\\\/actualidad\\\/#organization\"},\"potentialAction\":[{\"@type\":\"SearchAction\",\"target\":{\"@type\":\"EntryPoint\",\"urlTemplate\":\"https:\\\/\\\/www.laguiadepamplona.com\\\/actualidad\\\/?s={search_term_string}\"},\"query-input\":{\"@type\":\"PropertyValueSpecification\",\"valueRequired\":true,\"valueName\":\"search_term_string\"}}],\"inLanguage\":\"es\"},{\"@type\":\"Organization\",\"@id\":\"https:\\\/\\\/www.laguiadepamplona.com\\\/actualidad\\\/#organization\",\"name\":\"La Gu\u00eda de Pamplona \\\/ Noticias\",\"url\":\"https:\\\/\\\/www.laguiadepamplona.com\\\/actualidad\\\/\",\"logo\":{\"@type\":\"ImageObject\",\"inLanguage\":\"es\",\"@id\":\"https:\\\/\\\/www.laguiadepamplona.com\\\/actualidad\\\/#\\\/schema\\\/logo\\\/image\\\/\",\"url\":\"https:\\\/\\\/www.laguiadepamplona.com\\\/actualidad\\\/wp-content\\\/uploads\\\/2018\\\/11\\\/logo-laguiadepamplona18-web1.png\",\"contentUrl\":\"https:\\\/\\\/www.laguiadepamplona.com\\\/actualidad\\\/wp-content\\\/uploads\\\/2018\\\/11\\\/logo-laguiadepamplona18-web1.png\",\"width\":600,\"height\":196,\"caption\":\"La Gu\u00eda de Pamplona \\\/ Noticias\"},\"image\":{\"@id\":\"https:\\\/\\\/www.laguiadepamplona.com\\\/actualidad\\\/#\\\/schema\\\/logo\\\/image\\\/\"},\"sameAs\":[\"https:\\\/\\\/www.facebook.com\\\/laguiadepamplonacom-133175176762273\\\/?ref=hl\",\"https:\\\/\\\/x.com\\\/LaGuiadPamplona\",\"https:\\\/\\\/www.instagram.com\\\/la_guia_de_pamplona\\\/\",\"https:\\\/\\\/www.youtube.com\\\/user\\\/laguiadepamplona\"]},{\"@type\":\"Person\",\"@id\":\"https:\\\/\\\/www.laguiadepamplona.com\\\/actualidad\\\/#\\\/schema\\\/person\\\/efe887376f0213d4657c93adc50b1fdb\",\"name\":\"La Gu\u00eda de Pamplona\",\"image\":{\"@type\":\"ImageObject\",\"inLanguage\":\"es\",\"@id\":\"https:\\\/\\\/secure.gravatar.com\\\/avatar\\\/b6992f131dc8d30ab0dff15446e9d346d9dbd95992de0fef795073f5ea83a81c?s=96&d=mm&r=g\",\"url\":\"https:\\\/\\\/secure.gravatar.com\\\/avatar\\\/b6992f131dc8d30ab0dff15446e9d346d9dbd95992de0fef795073f5ea83a81c?s=96&d=mm&r=g\",\"contentUrl\":\"https:\\\/\\\/secure.gravatar.com\\\/avatar\\\/b6992f131dc8d30ab0dff15446e9d346d9dbd95992de0fef795073f5ea83a81c?s=96&d=mm&r=g\",\"caption\":\"La Gu\u00eda de Pamplona\"}}]}<\/script>\n<!-- \/ Yoast SEO plugin. -->","yoast_head_json":{"title":"Seis talleres para mejorar el medio ambiente con la regla de las \u20183R\u2019, Reducir, reutilizar y reciclar, propuesta para la tarde de ocio de este s\u00e1bado en la Casa de la Juventud\u00a0","description":"La tarde de ocio se desarrollar\u00e1 de 17.30 a 21 horas, con entrada libre hasta completar el aforo","robots":{"index":"index","follow":"follow","max-snippet":"max-snippet:-1","max-image-preview":"max-image-preview:large","max-video-preview":"max-video-preview:-1"},"canonical":"https:\/\/www.laguiadepamplona.com\/actualidad\/seis-talleres-para-mejorar-el-medio-ambiente-con-la-regla-de-las-3r-reducir-reutilizar-y-reciclar-propuesta-para-la-tarde-de-ocio-de-este-sabado-en-la-casa-de-la-juventud\/","og_locale":"es_ES","og_type":"article","og_title":"Seis talleres para mejorar el medio ambiente con la regla de las \u20183R\u2019, Reducir, reutilizar y reciclar, propuesta para la tarde de ocio de este s\u00e1bado en la Casa de la Juventud\u00a0","og_description":"La tarde de ocio se desarrollar\u00e1 de 17.30 a 21 horas, con entrada libre hasta completar el aforo","og_url":"https:\/\/www.laguiadepamplona.com\/actualidad\/seis-talleres-para-mejorar-el-medio-ambiente-con-la-regla-de-las-3r-reducir-reutilizar-y-reciclar-propuesta-para-la-tarde-de-ocio-de-este-sabado-en-la-casa-de-la-juventud\/","og_site_name":"La Gu\u00eda de Pamplona","article_publisher":"https:\/\/www.facebook.com\/laguiadepamplonacom-133175176762273\/?ref=hl","article_published_time":"2022-06-10T11:01:35+00:00","article_modified_time":"2023-04-11T09:48:04+00:00","og_image":[{"width":1920,"height":1281,"url":"https:\/\/www.laguiadepamplona.com\/actualidad\/wp-content\/uploads\/2022\/06\/reciclar_basura_contenedor.webp","type":"image\/webp"}],"author":"La Gu\u00eda de Pamplona","twitter_card":"summary_large_image","twitter_creator":"@LaGuiadPamplona","twitter_site":"@LaGuiadPamplona","twitter_misc":{"Escrito por":"La Gu\u00eda de Pamplona","Tiempo de lectura":"3 minutos"},"schema":{"@context":"https:\/\/schema.org","@graph":[{"@type":"Article","@id":"https:\/\/www.laguiadepamplona.com\/actualidad\/seis-talleres-para-mejorar-el-medio-ambiente-con-la-regla-de-las-3r-reducir-reutilizar-y-reciclar-propuesta-para-la-tarde-de-ocio-de-este-sabado-en-la-casa-de-la-juventud\/#article","isPartOf":{"@id":"https:\/\/www.laguiadepamplona.com\/actualidad\/seis-talleres-para-mejorar-el-medio-ambiente-con-la-regla-de-las-3r-reducir-reutilizar-y-reciclar-propuesta-para-la-tarde-de-ocio-de-este-sabado-en-la-casa-de-la-juventud\/"},"author":{"name":"La Gu\u00eda de Pamplona","@id":"https:\/\/www.laguiadepamplona.com\/actualidad\/#\/schema\/person\/efe887376f0213d4657c93adc50b1fdb"},"headline":"Seis talleres para mejorar el medio ambiente con la regla de las \u20183R\u2019, Reducir, reutilizar y reciclar, propuesta para la tarde de ocio de este s\u00e1bado en la Casa de la Juventud\u00a0","datePublished":"2022-06-10T11:01:35+00:00","dateModified":"2023-04-11T09:48:04+00:00","mainEntityOfPage":{"@id":"https:\/\/www.laguiadepamplona.com\/actualidad\/seis-talleres-para-mejorar-el-medio-ambiente-con-la-regla-de-las-3r-reducir-reutilizar-y-reciclar-propuesta-para-la-tarde-de-ocio-de-este-sabado-en-la-casa-de-la-juventud\/"},"wordCount":561,"commentCount":0,"publisher":{"@id":"https:\/\/www.laguiadepamplona.com\/actualidad\/#organization"},"image":{"@id":"https:\/\/www.laguiadepamplona.com\/actualidad\/seis-talleres-para-mejorar-el-medio-ambiente-con-la-regla-de-las-3r-reducir-reutilizar-y-reciclar-propuesta-para-la-tarde-de-ocio-de-este-sabado-en-la-casa-de-la-juventud\/#primaryimage"},"thumbnailUrl":"https:\/\/www.laguiadepamplona.com\/actualidad\/wp-content\/uploads\/2022\/06\/reciclar_basura_contenedor.webp","articleSection":["Ayto Pamplona"],"inLanguage":"es","potentialAction":[{"@type":"CommentAction","name":"Comment","target":["https:\/\/www.laguiadepamplona.com\/actualidad\/seis-talleres-para-mejorar-el-medio-ambiente-con-la-regla-de-las-3r-reducir-reutilizar-y-reciclar-propuesta-para-la-tarde-de-ocio-de-este-sabado-en-la-casa-de-la-juventud\/#respond"]}]},{"@type":"WebPage","@id":"https:\/\/www.laguiadepamplona.com\/actualidad\/seis-talleres-para-mejorar-el-medio-ambiente-con-la-regla-de-las-3r-reducir-reutilizar-y-reciclar-propuesta-para-la-tarde-de-ocio-de-este-sabado-en-la-casa-de-la-juventud\/","url":"https:\/\/www.laguiadepamplona.com\/actualidad\/seis-talleres-para-mejorar-el-medio-ambiente-con-la-regla-de-las-3r-reducir-reutilizar-y-reciclar-propuesta-para-la-tarde-de-ocio-de-este-sabado-en-la-casa-de-la-juventud\/","name":"Seis talleres para mejorar el medio ambiente con la regla de las \u20183R\u2019, Reducir, reutilizar y reciclar, propuesta para la tarde de ocio de este s\u00e1bado en la Casa de la Juventud\u00a0","isPartOf":{"@id":"https:\/\/www.laguiadepamplona.com\/actualidad\/#website"},"primaryImageOfPage":{"@id":"https:\/\/www.laguiadepamplona.com\/actualidad\/seis-talleres-para-mejorar-el-medio-ambiente-con-la-regla-de-las-3r-reducir-reutilizar-y-reciclar-propuesta-para-la-tarde-de-ocio-de-este-sabado-en-la-casa-de-la-juventud\/#primaryimage"},"image":{"@id":"https:\/\/www.laguiadepamplona.com\/actualidad\/seis-talleres-para-mejorar-el-medio-ambiente-con-la-regla-de-las-3r-reducir-reutilizar-y-reciclar-propuesta-para-la-tarde-de-ocio-de-este-sabado-en-la-casa-de-la-juventud\/#primaryimage"},"thumbnailUrl":"https:\/\/www.laguiadepamplona.com\/actualidad\/wp-content\/uploads\/2022\/06\/reciclar_basura_contenedor.webp","datePublished":"2022-06-10T11:01:35+00:00","dateModified":"2023-04-11T09:48:04+00:00","description":"La tarde de ocio se desarrollar\u00e1 de 17.30 a 21 horas, con entrada libre hasta completar el aforo","breadcrumb":{"@id":"https:\/\/www.laguiadepamplona.com\/actualidad\/seis-talleres-para-mejorar-el-medio-ambiente-con-la-regla-de-las-3r-reducir-reutilizar-y-reciclar-propuesta-para-la-tarde-de-ocio-de-este-sabado-en-la-casa-de-la-juventud\/#breadcrumb"},"inLanguage":"es","potentialAction":[{"@type":"ReadAction","target":["https:\/\/www.laguiadepamplona.com\/actualidad\/seis-talleres-para-mejorar-el-medio-ambiente-con-la-regla-de-las-3r-reducir-reutilizar-y-reciclar-propuesta-para-la-tarde-de-ocio-de-este-sabado-en-la-casa-de-la-juventud\/"]}]},{"@type":"ImageObject","inLanguage":"es","@id":"https:\/\/www.laguiadepamplona.com\/actualidad\/seis-talleres-para-mejorar-el-medio-ambiente-con-la-regla-de-las-3r-reducir-reutilizar-y-reciclar-propuesta-para-la-tarde-de-ocio-de-este-sabado-en-la-casa-de-la-juventud\/#primaryimage","url":"https:\/\/www.laguiadepamplona.com\/actualidad\/wp-content\/uploads\/2022\/06\/reciclar_basura_contenedor.webp","contentUrl":"https:\/\/www.laguiadepamplona.com\/actualidad\/wp-content\/uploads\/2022\/06\/reciclar_basura_contenedor.webp","width":1920,"height":1281},{"@type":"BreadcrumbList","@id":"https:\/\/www.laguiadepamplona.com\/actualidad\/seis-talleres-para-mejorar-el-medio-ambiente-con-la-regla-de-las-3r-reducir-reutilizar-y-reciclar-propuesta-para-la-tarde-de-ocio-de-este-sabado-en-la-casa-de-la-juventud\/#breadcrumb","itemListElement":[{"@type":"ListItem","position":1,"name":"Portada","item":"https:\/\/www.laguiadepamplona.com\/actualidad\/"},{"@type":"ListItem","position":2,"name":"Seis talleres para mejorar el medio ambiente con la regla de las \u20183R\u2019, Reducir, reutilizar y reciclar, propuesta para la tarde de ocio de este s\u00e1bado en la Casa de la Juventud\u00a0"}]},{"@type":"WebSite","@id":"https:\/\/www.laguiadepamplona.com\/actualidad\/#website","url":"https:\/\/www.laguiadepamplona.com\/actualidad\/","name":"La gu\u00eda de Pamplona","description":"Noticias de Pamplona","publisher":{"@id":"https:\/\/www.laguiadepamplona.com\/actualidad\/#organization"},"potentialAction":[{"@type":"SearchAction","target":{"@type":"EntryPoint","urlTemplate":"https:\/\/www.laguiadepamplona.com\/actualidad\/?s={search_term_string}"},"query-input":{"@type":"PropertyValueSpecification","valueRequired":true,"valueName":"search_term_string"}}],"inLanguage":"es"},{"@type":"Organization","@id":"https:\/\/www.laguiadepamplona.com\/actualidad\/#organization","name":"La Gu\u00eda de Pamplona \/ Noticias","url":"https:\/\/www.laguiadepamplona.com\/actualidad\/","logo":{"@type":"ImageObject","inLanguage":"es","@id":"https:\/\/www.laguiadepamplona.com\/actualidad\/#\/schema\/logo\/image\/","url":"https:\/\/www.laguiadepamplona.com\/actualidad\/wp-content\/uploads\/2018\/11\/logo-laguiadepamplona18-web1.png","contentUrl":"https:\/\/www.laguiadepamplona.com\/actualidad\/wp-content\/uploads\/2018\/11\/logo-laguiadepamplona18-web1.png","width":600,"height":196,"caption":"La Gu\u00eda de Pamplona \/ Noticias"},"image":{"@id":"https:\/\/www.laguiadepamplona.com\/actualidad\/#\/schema\/logo\/image\/"},"sameAs":["https:\/\/www.facebook.com\/laguiadepamplonacom-133175176762273\/?ref=hl","https:\/\/x.com\/LaGuiadPamplona","https:\/\/www.instagram.com\/la_guia_de_pamplona\/","https:\/\/www.youtube.com\/user\/laguiadepamplona"]},{"@type":"Person","@id":"https:\/\/www.laguiadepamplona.com\/actualidad\/#\/schema\/person\/efe887376f0213d4657c93adc50b1fdb","name":"La Gu\u00eda de Pamplona","image":{"@type":"ImageObject","inLanguage":"es","@id":"https:\/\/secure.gravatar.com\/avatar\/b6992f131dc8d30ab0dff15446e9d346d9dbd95992de0fef795073f5ea83a81c?s=96&d=mm&r=g","url":"https:\/\/secure.gravatar.com\/avatar\/b6992f131dc8d30ab0dff15446e9d346d9dbd95992de0fef795073f5ea83a81c?s=96&d=mm&r=g","contentUrl":"https:\/\/secure.gravatar.com\/avatar\/b6992f131dc8d30ab0dff15446e9d346d9dbd95992de0fef795073f5ea83a81c?s=96&d=mm&r=g","caption":"La Gu\u00eda de Pamplona"}}]}},"post_mailing_queue_ids":[],"_links":{"self":[{"href":"https:\/\/www.laguiadepamplona.com\/actualidad\/wp-json\/wp\/v2\/posts\/40786","targetHints":{"allow":["GET"]}}],"collection":[{"href":"https:\/\/www.laguiadepamplona.com\/actualidad\/wp-json\/wp\/v2\/posts"}],"about":[{"href":"https:\/\/www.laguiadepamplona.com\/actualidad\/wp-json\/wp\/v2\/types\/post"}],"author":[{"embeddable":true,"href":"https:\/\/www.laguiadepamplona.com\/actualidad\/wp-json\/wp\/v2\/users\/1"}],"replies":[{"embeddable":true,"href":"https:\/\/www.laguiadepamplona.com\/actualidad\/wp-json\/wp\/v2\/comments?post=40786"}],"version-history":[{"count":0,"href":"https:\/\/www.laguiadepamplona.com\/actualidad\/wp-json\/wp\/v2\/posts\/40786\/revisions"}],"wp:featuredmedia":[{"embeddable":true,"href":"https:\/\/www.laguiadepamplona.com\/actualidad\/wp-json\/wp\/v2\/media\/40787"}],"wp:attachment":[{"href":"https:\/\/www.laguiadepamplona.com\/actualidad\/wp-json\/wp\/v2\/media?parent=40786"}],"wp:term":[{"taxonomy":"category","embeddable":true,"href":"https:\/\/www.laguiadepamplona.com\/actualidad\/wp-json\/wp\/v2\/categories?post=40786"},{"taxonomy":"post_tag","embeddable":true,"href":"https:\/\/www.laguiadepamplona.com\/actualidad\/wp-json\/wp\/v2\/tags?post=40786"}],"curies":[{"name":"wp","href":"https:\/\/api.w.org\/{rel}","templated":true}]}}