{"id":40780,"date":"2022-06-10T12:55:16","date_gmt":"2022-06-10T10:55:16","guid":{"rendered":"https:\/\/www.laguiadepamplona.com\/actualidad\/?p=40780"},"modified":"2023-04-11T11:48:04","modified_gmt":"2023-04-11T09:48:04","slug":"el-ayuntamiento-de-pamplona-reformara-para-final-de-ano-seis-viviendas-municipales-en-el-grupo-san-pedro-con-una-inversion-de-350-000-euros","status":"publish","type":"post","link":"https:\/\/www.laguiadepamplona.com\/actualidad\/el-ayuntamiento-de-pamplona-reformara-para-final-de-ano-seis-viviendas-municipales-en-el-grupo-san-pedro-con-una-inversion-de-350-000-euros\/","title":{"rendered":"El Ayuntamiento de Pamplona reformar\u00e1 para final de a\u00f1o seis viviendas municipales en el Grupo San Pedro con una inversi\u00f3n de 350.000 euros"},"content":{"rendered":"<h5>Se reformar\u00e1n cocinas y ba\u00f1os, se sustituir\u00e1n carpinter\u00edas y se instalar\u00e1 calefacci\u00f3n, entre otras actuaciones<\/h5>\n<p><!--more--><\/p>\n<p>La Junta de Gobierno Local aprob\u00f3 el lunes el contrato para la licitaci\u00f3n de las obras de reforma de seis viviendas municipales ubicadas en el Grupo San Pedro. El Ayuntamiento de Pamplona invertir\u00e1 349.999,86 euros para, entre otras actuaciones, cambiar completamente cocinas y ba\u00f1os y sustituir carpinter\u00edas. Se prev\u00e9 que los trabajos comiencen a finales de verano y se desarrollen durante cuatro meses para concluir as\u00ed a finales de a\u00f1o. Se trata de una licitaci\u00f3n reservada para centros especiales de empleo sin \u00e1nimo de lucro, centros especiales de empleo de iniciativa social o empresas de inserci\u00f3n.<br \/>\n<script async src=\"\/\/pagead2.googlesyndication.com\/pagead\/js\/adsbygoogle.js\"><\/script><br \/>\n<!-- Noticias La Guia de Pamplona --><br \/>\n<ins class=\"adsbygoogle\"\nstyle=\"display:block\"\ndata-ad-client=\"ca-pub-6943679897239327\"\ndata-ad-slot=\"7048180777\"\ndata-ad-format=\"auto\"><\/ins><br \/>\n<script>\n(adsbygoogle = window.adsbygoogle || []).push({});\n<\/script><\/p>\n<p>Las viviendas datan del a\u00f1o 1948 y en ellas no se ha realizado ninguna reforma significativa, por lo que disponen de las instalaciones y equipamientos propios de la \u00e9poca en que fueron construidas, es decir, pavimentos de cer\u00e1mica o terrazo y alicatados cer\u00e1micos en cocinas y ba\u00f1os, as\u00ed como parqu\u00e9 pegado y yeso o papel pintado en el resto de las estancias. Las viviendas se localizan en varios edificios de planta baja, primera y segunda, y tienen una geometr\u00eda pr\u00e1cticamente cuadrada con unos 69 metros cuadrados. Constan de ba\u00f1o, cocina, tres dormitorios y sal\u00f3n.<\/p>\n<p>La reforma incluye el pintado de la totalidad de paredes y techos y el cambio tanto las carpinter\u00edas interiores como las exteriores (incluso las contraventanas), sustituy\u00e9ndose las carpinter\u00edas exteriores por otras \u2018monoblock\u2019 de aluminio con RPT y vidrio bajo emisivo. El mantenimiento o la sustituci\u00f3n de los pavimentos de las estancias que no sean cocina y ba\u00f1os depender\u00e1 de su grado de conservaci\u00f3n. En cuanto a las instalaciones, se propone la renovaci\u00f3n completa de las instalaciones el\u00e9ctrica, de fontaner\u00eda y saneamiento. Se colocar\u00e1 una caldera de gas para la producci\u00f3n de ACS y para la nueva instalaci\u00f3n de calefacci\u00f3n, de la que actualmente carecen. Por \u00faltimo, en cada vivienda se acometer\u00e1n peque\u00f1os trabajos de reparaci\u00f3n para dotarlas de unas condiciones de habitabilidad adecuadas.<br \/>\n<script async src=\"\/\/pagead2.googlesyndication.com\/pagead\/js\/adsbygoogle.js\"><\/script><br \/>\n<!-- Noticias La Guia de Pamplona --><br \/>\n<ins class=\"adsbygoogle\"\nstyle=\"display:block\"\ndata-ad-client=\"ca-pub-6943679897239327\"\ndata-ad-slot=\"7048180777\"\ndata-ad-format=\"auto\"><\/ins><br \/>\n<script>\n(adsbygoogle = window.adsbygoogle || []).push({});\n<\/script><\/p>\n<p>Una vez rehabilitadas, se incorporar\u00e1n a la Oficina de Vivienda desde la cual se adjudicar\u00e1n en base a la Ordenanza reguladora del acceso y utilizaci\u00f3n de viviendas municipales para situaciones de emergencia habitacional.<\/p>\n","protected":false},"excerpt":{"rendered":"<p>Se reformar\u00e1n cocinas y ba\u00f1os, se sustituir\u00e1n carpinter\u00edas y se instalar\u00e1 calefacci\u00f3n, entre otras actuaciones<\/p>\n","protected":false},"author":1,"featured_media":40781,"comment_status":"open","ping_status":"closed","sticky":false,"template":"","format":"standard","meta":{"footnotes":""},"categories":[2],"tags":[],"class_list":["post-40780","post","type-post","status-publish","format-standard","has-post-thumbnail","hentry","category-ayuntamiento-pamplona"],"yoast_head":"<!-- This site is optimized with the Yoast SEO plugin v27.3 - https:\/\/yoast.com\/product\/yoast-seo-wordpress\/ -->\n<title>El Ayuntamiento de Pamplona reformar\u00e1 para final de a\u00f1o seis viviendas municipales en el Grupo San Pedro con una inversi\u00f3n de 350.000 euros<\/title>\n<meta name=\"description\" content=\"Se reformar\u00e1n cocinas y ba\u00f1os, se sustituir\u00e1n carpinter\u00edas y se instalar\u00e1 calefacci\u00f3n, entre otras actuaciones\" \/>\n<meta name=\"robots\" content=\"index, follow, max-snippet:-1, max-image-preview:large, max-video-preview:-1\" \/>\n<link rel=\"canonical\" href=\"https:\/\/www.laguiadepamplona.com\/actualidad\/el-ayuntamiento-de-pamplona-reformara-para-final-de-ano-seis-viviendas-municipales-en-el-grupo-san-pedro-con-una-inversion-de-350-000-euros\/\" \/>\n<meta property=\"og:locale\" content=\"es_ES\" \/>\n<meta property=\"og:type\" content=\"article\" \/>\n<meta property=\"og:title\" content=\"El Ayuntamiento de Pamplona reformar\u00e1 para final de a\u00f1o seis viviendas municipales en el Grupo San Pedro con una inversi\u00f3n de 350.000 euros\" \/>\n<meta property=\"og:description\" content=\"Se reformar\u00e1n cocinas y ba\u00f1os, se sustituir\u00e1n carpinter\u00edas y se instalar\u00e1 calefacci\u00f3n, entre otras actuaciones\" \/>\n<meta property=\"og:url\" content=\"https:\/\/www.laguiadepamplona.com\/actualidad\/el-ayuntamiento-de-pamplona-reformara-para-final-de-ano-seis-viviendas-municipales-en-el-grupo-san-pedro-con-una-inversion-de-350-000-euros\/\" \/>\n<meta property=\"og:site_name\" content=\"La Gu\u00eda de Pamplona\" \/>\n<meta property=\"article:publisher\" content=\"https:\/\/www.facebook.com\/laguiadepamplonacom-133175176762273\/?ref=hl\" \/>\n<meta property=\"article:published_time\" content=\"2022-06-10T10:55:16+00:00\" \/>\n<meta property=\"article:modified_time\" content=\"2023-04-11T09:48:04+00:00\" \/>\n<meta property=\"og:image\" content=\"https:\/\/www.laguiadepamplona.com\/actualidad\/wp-content\/uploads\/2022\/06\/sanpedro26_JMG4661.webp\" \/>\n\t<meta property=\"og:image:width\" content=\"1920\" \/>\n\t<meta property=\"og:image:height\" content=\"1280\" \/>\n\t<meta property=\"og:image:type\" content=\"image\/webp\" \/>\n<meta name=\"author\" content=\"La Gu\u00eda de Pamplona\" \/>\n<meta name=\"twitter:card\" content=\"summary_large_image\" \/>\n<meta name=\"twitter:creator\" content=\"@LaGuiadPamplona\" \/>\n<meta name=\"twitter:site\" content=\"@LaGuiadPamplona\" \/>\n<meta name=\"twitter:label1\" content=\"Escrito por\" \/>\n\t<meta name=\"twitter:data1\" content=\"La Gu\u00eda de Pamplona\" \/>\n\t<meta name=\"twitter:label2\" content=\"Tiempo de lectura\" \/>\n\t<meta name=\"twitter:data2\" content=\"2 minutos\" \/>\n<script type=\"application\/ld+json\" class=\"yoast-schema-graph\">{\"@context\":\"https:\\\/\\\/schema.org\",\"@graph\":[{\"@type\":\"Article\",\"@id\":\"https:\\\/\\\/www.laguiadepamplona.com\\\/actualidad\\\/el-ayuntamiento-de-pamplona-reformara-para-final-de-ano-seis-viviendas-municipales-en-el-grupo-san-pedro-con-una-inversion-de-350-000-euros\\\/#article\",\"isPartOf\":{\"@id\":\"https:\\\/\\\/www.laguiadepamplona.com\\\/actualidad\\\/el-ayuntamiento-de-pamplona-reformara-para-final-de-ano-seis-viviendas-municipales-en-el-grupo-san-pedro-con-una-inversion-de-350-000-euros\\\/\"},\"author\":{\"name\":\"La Gu\u00eda de Pamplona\",\"@id\":\"https:\\\/\\\/www.laguiadepamplona.com\\\/actualidad\\\/#\\\/schema\\\/person\\\/efe887376f0213d4657c93adc50b1fdb\"},\"headline\":\"El Ayuntamiento de Pamplona reformar\u00e1 para final de a\u00f1o seis viviendas municipales en el Grupo San Pedro con una inversi\u00f3n de 350.000 euros\",\"datePublished\":\"2022-06-10T10:55:16+00:00\",\"dateModified\":\"2023-04-11T09:48:04+00:00\",\"mainEntityOfPage\":{\"@id\":\"https:\\\/\\\/www.laguiadepamplona.com\\\/actualidad\\\/el-ayuntamiento-de-pamplona-reformara-para-final-de-ano-seis-viviendas-municipales-en-el-grupo-san-pedro-con-una-inversion-de-350-000-euros\\\/\"},\"wordCount\":419,\"commentCount\":0,\"publisher\":{\"@id\":\"https:\\\/\\\/www.laguiadepamplona.com\\\/actualidad\\\/#organization\"},\"image\":{\"@id\":\"https:\\\/\\\/www.laguiadepamplona.com\\\/actualidad\\\/el-ayuntamiento-de-pamplona-reformara-para-final-de-ano-seis-viviendas-municipales-en-el-grupo-san-pedro-con-una-inversion-de-350-000-euros\\\/#primaryimage\"},\"thumbnailUrl\":\"https:\\\/\\\/www.laguiadepamplona.com\\\/actualidad\\\/wp-content\\\/uploads\\\/2022\\\/06\\\/sanpedro26_JMG4661.webp\",\"articleSection\":[\"Ayto Pamplona\"],\"inLanguage\":\"es\",\"potentialAction\":[{\"@type\":\"CommentAction\",\"name\":\"Comment\",\"target\":[\"https:\\\/\\\/www.laguiadepamplona.com\\\/actualidad\\\/el-ayuntamiento-de-pamplona-reformara-para-final-de-ano-seis-viviendas-municipales-en-el-grupo-san-pedro-con-una-inversion-de-350-000-euros\\\/#respond\"]}]},{\"@type\":\"WebPage\",\"@id\":\"https:\\\/\\\/www.laguiadepamplona.com\\\/actualidad\\\/el-ayuntamiento-de-pamplona-reformara-para-final-de-ano-seis-viviendas-municipales-en-el-grupo-san-pedro-con-una-inversion-de-350-000-euros\\\/\",\"url\":\"https:\\\/\\\/www.laguiadepamplona.com\\\/actualidad\\\/el-ayuntamiento-de-pamplona-reformara-para-final-de-ano-seis-viviendas-municipales-en-el-grupo-san-pedro-con-una-inversion-de-350-000-euros\\\/\",\"name\":\"El Ayuntamiento de Pamplona reformar\u00e1 para final de a\u00f1o seis viviendas municipales en el Grupo San Pedro con una inversi\u00f3n de 350.000 euros\",\"isPartOf\":{\"@id\":\"https:\\\/\\\/www.laguiadepamplona.com\\\/actualidad\\\/#website\"},\"primaryImageOfPage\":{\"@id\":\"https:\\\/\\\/www.laguiadepamplona.com\\\/actualidad\\\/el-ayuntamiento-de-pamplona-reformara-para-final-de-ano-seis-viviendas-municipales-en-el-grupo-san-pedro-con-una-inversion-de-350-000-euros\\\/#primaryimage\"},\"image\":{\"@id\":\"https:\\\/\\\/www.laguiadepamplona.com\\\/actualidad\\\/el-ayuntamiento-de-pamplona-reformara-para-final-de-ano-seis-viviendas-municipales-en-el-grupo-san-pedro-con-una-inversion-de-350-000-euros\\\/#primaryimage\"},\"thumbnailUrl\":\"https:\\\/\\\/www.laguiadepamplona.com\\\/actualidad\\\/wp-content\\\/uploads\\\/2022\\\/06\\\/sanpedro26_JMG4661.webp\",\"datePublished\":\"2022-06-10T10:55:16+00:00\",\"dateModified\":\"2023-04-11T09:48:04+00:00\",\"description\":\"Se reformar\u00e1n cocinas y ba\u00f1os, se sustituir\u00e1n carpinter\u00edas y se instalar\u00e1 calefacci\u00f3n, entre otras actuaciones\",\"breadcrumb\":{\"@id\":\"https:\\\/\\\/www.laguiadepamplona.com\\\/actualidad\\\/el-ayuntamiento-de-pamplona-reformara-para-final-de-ano-seis-viviendas-municipales-en-el-grupo-san-pedro-con-una-inversion-de-350-000-euros\\\/#breadcrumb\"},\"inLanguage\":\"es\",\"potentialAction\":[{\"@type\":\"ReadAction\",\"target\":[\"https:\\\/\\\/www.laguiadepamplona.com\\\/actualidad\\\/el-ayuntamiento-de-pamplona-reformara-para-final-de-ano-seis-viviendas-municipales-en-el-grupo-san-pedro-con-una-inversion-de-350-000-euros\\\/\"]}]},{\"@type\":\"ImageObject\",\"inLanguage\":\"es\",\"@id\":\"https:\\\/\\\/www.laguiadepamplona.com\\\/actualidad\\\/el-ayuntamiento-de-pamplona-reformara-para-final-de-ano-seis-viviendas-municipales-en-el-grupo-san-pedro-con-una-inversion-de-350-000-euros\\\/#primaryimage\",\"url\":\"https:\\\/\\\/www.laguiadepamplona.com\\\/actualidad\\\/wp-content\\\/uploads\\\/2022\\\/06\\\/sanpedro26_JMG4661.webp\",\"contentUrl\":\"https:\\\/\\\/www.laguiadepamplona.com\\\/actualidad\\\/wp-content\\\/uploads\\\/2022\\\/06\\\/sanpedro26_JMG4661.webp\",\"width\":1920,\"height\":1280},{\"@type\":\"BreadcrumbList\",\"@id\":\"https:\\\/\\\/www.laguiadepamplona.com\\\/actualidad\\\/el-ayuntamiento-de-pamplona-reformara-para-final-de-ano-seis-viviendas-municipales-en-el-grupo-san-pedro-con-una-inversion-de-350-000-euros\\\/#breadcrumb\",\"itemListElement\":[{\"@type\":\"ListItem\",\"position\":1,\"name\":\"Portada\",\"item\":\"https:\\\/\\\/www.laguiadepamplona.com\\\/actualidad\\\/\"},{\"@type\":\"ListItem\",\"position\":2,\"name\":\"El Ayuntamiento de Pamplona reformar\u00e1 para final de a\u00f1o seis viviendas municipales en el Grupo San Pedro con una inversi\u00f3n de 350.000 euros\"}]},{\"@type\":\"WebSite\",\"@id\":\"https:\\\/\\\/www.laguiadepamplona.com\\\/actualidad\\\/#website\",\"url\":\"https:\\\/\\\/www.laguiadepamplona.com\\\/actualidad\\\/\",\"name\":\"La gu\u00eda de Pamplona\",\"description\":\"Noticias de Pamplona\",\"publisher\":{\"@id\":\"https:\\\/\\\/www.laguiadepamplona.com\\\/actualidad\\\/#organization\"},\"potentialAction\":[{\"@type\":\"SearchAction\",\"target\":{\"@type\":\"EntryPoint\",\"urlTemplate\":\"https:\\\/\\\/www.laguiadepamplona.com\\\/actualidad\\\/?s={search_term_string}\"},\"query-input\":{\"@type\":\"PropertyValueSpecification\",\"valueRequired\":true,\"valueName\":\"search_term_string\"}}],\"inLanguage\":\"es\"},{\"@type\":\"Organization\",\"@id\":\"https:\\\/\\\/www.laguiadepamplona.com\\\/actualidad\\\/#organization\",\"name\":\"La Gu\u00eda de Pamplona \\\/ Noticias\",\"url\":\"https:\\\/\\\/www.laguiadepamplona.com\\\/actualidad\\\/\",\"logo\":{\"@type\":\"ImageObject\",\"inLanguage\":\"es\",\"@id\":\"https:\\\/\\\/www.laguiadepamplona.com\\\/actualidad\\\/#\\\/schema\\\/logo\\\/image\\\/\",\"url\":\"https:\\\/\\\/www.laguiadepamplona.com\\\/actualidad\\\/wp-content\\\/uploads\\\/2018\\\/11\\\/logo-laguiadepamplona18-web1.png\",\"contentUrl\":\"https:\\\/\\\/www.laguiadepamplona.com\\\/actualidad\\\/wp-content\\\/uploads\\\/2018\\\/11\\\/logo-laguiadepamplona18-web1.png\",\"width\":600,\"height\":196,\"caption\":\"La Gu\u00eda de Pamplona \\\/ Noticias\"},\"image\":{\"@id\":\"https:\\\/\\\/www.laguiadepamplona.com\\\/actualidad\\\/#\\\/schema\\\/logo\\\/image\\\/\"},\"sameAs\":[\"https:\\\/\\\/www.facebook.com\\\/laguiadepamplonacom-133175176762273\\\/?ref=hl\",\"https:\\\/\\\/x.com\\\/LaGuiadPamplona\",\"https:\\\/\\\/www.instagram.com\\\/la_guia_de_pamplona\\\/\",\"https:\\\/\\\/www.youtube.com\\\/user\\\/laguiadepamplona\"]},{\"@type\":\"Person\",\"@id\":\"https:\\\/\\\/www.laguiadepamplona.com\\\/actualidad\\\/#\\\/schema\\\/person\\\/efe887376f0213d4657c93adc50b1fdb\",\"name\":\"La Gu\u00eda de Pamplona\",\"image\":{\"@type\":\"ImageObject\",\"inLanguage\":\"es\",\"@id\":\"https:\\\/\\\/secure.gravatar.com\\\/avatar\\\/b6992f131dc8d30ab0dff15446e9d346d9dbd95992de0fef795073f5ea83a81c?s=96&d=mm&r=g\",\"url\":\"https:\\\/\\\/secure.gravatar.com\\\/avatar\\\/b6992f131dc8d30ab0dff15446e9d346d9dbd95992de0fef795073f5ea83a81c?s=96&d=mm&r=g\",\"contentUrl\":\"https:\\\/\\\/secure.gravatar.com\\\/avatar\\\/b6992f131dc8d30ab0dff15446e9d346d9dbd95992de0fef795073f5ea83a81c?s=96&d=mm&r=g\",\"caption\":\"La Gu\u00eda de Pamplona\"}}]}<\/script>\n<!-- \/ Yoast SEO plugin. -->","yoast_head_json":{"title":"El Ayuntamiento de Pamplona reformar\u00e1 para final de a\u00f1o seis viviendas municipales en el Grupo San Pedro con una inversi\u00f3n de 350.000 euros","description":"Se reformar\u00e1n cocinas y ba\u00f1os, se sustituir\u00e1n carpinter\u00edas y se instalar\u00e1 calefacci\u00f3n, entre otras actuaciones","robots":{"index":"index","follow":"follow","max-snippet":"max-snippet:-1","max-image-preview":"max-image-preview:large","max-video-preview":"max-video-preview:-1"},"canonical":"https:\/\/www.laguiadepamplona.com\/actualidad\/el-ayuntamiento-de-pamplona-reformara-para-final-de-ano-seis-viviendas-municipales-en-el-grupo-san-pedro-con-una-inversion-de-350-000-euros\/","og_locale":"es_ES","og_type":"article","og_title":"El Ayuntamiento de Pamplona reformar\u00e1 para final de a\u00f1o seis viviendas municipales en el Grupo San Pedro con una inversi\u00f3n de 350.000 euros","og_description":"Se reformar\u00e1n cocinas y ba\u00f1os, se sustituir\u00e1n carpinter\u00edas y se instalar\u00e1 calefacci\u00f3n, entre otras actuaciones","og_url":"https:\/\/www.laguiadepamplona.com\/actualidad\/el-ayuntamiento-de-pamplona-reformara-para-final-de-ano-seis-viviendas-municipales-en-el-grupo-san-pedro-con-una-inversion-de-350-000-euros\/","og_site_name":"La Gu\u00eda de Pamplona","article_publisher":"https:\/\/www.facebook.com\/laguiadepamplonacom-133175176762273\/?ref=hl","article_published_time":"2022-06-10T10:55:16+00:00","article_modified_time":"2023-04-11T09:48:04+00:00","og_image":[{"width":1920,"height":1280,"url":"https:\/\/www.laguiadepamplona.com\/actualidad\/wp-content\/uploads\/2022\/06\/sanpedro26_JMG4661.webp","type":"image\/webp"}],"author":"La Gu\u00eda de Pamplona","twitter_card":"summary_large_image","twitter_creator":"@LaGuiadPamplona","twitter_site":"@LaGuiadPamplona","twitter_misc":{"Escrito por":"La Gu\u00eda de Pamplona","Tiempo de lectura":"2 minutos"},"schema":{"@context":"https:\/\/schema.org","@graph":[{"@type":"Article","@id":"https:\/\/www.laguiadepamplona.com\/actualidad\/el-ayuntamiento-de-pamplona-reformara-para-final-de-ano-seis-viviendas-municipales-en-el-grupo-san-pedro-con-una-inversion-de-350-000-euros\/#article","isPartOf":{"@id":"https:\/\/www.laguiadepamplona.com\/actualidad\/el-ayuntamiento-de-pamplona-reformara-para-final-de-ano-seis-viviendas-municipales-en-el-grupo-san-pedro-con-una-inversion-de-350-000-euros\/"},"author":{"name":"La Gu\u00eda de Pamplona","@id":"https:\/\/www.laguiadepamplona.com\/actualidad\/#\/schema\/person\/efe887376f0213d4657c93adc50b1fdb"},"headline":"El Ayuntamiento de Pamplona reformar\u00e1 para final de a\u00f1o seis viviendas municipales en el Grupo San Pedro con una inversi\u00f3n de 350.000 euros","datePublished":"2022-06-10T10:55:16+00:00","dateModified":"2023-04-11T09:48:04+00:00","mainEntityOfPage":{"@id":"https:\/\/www.laguiadepamplona.com\/actualidad\/el-ayuntamiento-de-pamplona-reformara-para-final-de-ano-seis-viviendas-municipales-en-el-grupo-san-pedro-con-una-inversion-de-350-000-euros\/"},"wordCount":419,"commentCount":0,"publisher":{"@id":"https:\/\/www.laguiadepamplona.com\/actualidad\/#organization"},"image":{"@id":"https:\/\/www.laguiadepamplona.com\/actualidad\/el-ayuntamiento-de-pamplona-reformara-para-final-de-ano-seis-viviendas-municipales-en-el-grupo-san-pedro-con-una-inversion-de-350-000-euros\/#primaryimage"},"thumbnailUrl":"https:\/\/www.laguiadepamplona.com\/actualidad\/wp-content\/uploads\/2022\/06\/sanpedro26_JMG4661.webp","articleSection":["Ayto Pamplona"],"inLanguage":"es","potentialAction":[{"@type":"CommentAction","name":"Comment","target":["https:\/\/www.laguiadepamplona.com\/actualidad\/el-ayuntamiento-de-pamplona-reformara-para-final-de-ano-seis-viviendas-municipales-en-el-grupo-san-pedro-con-una-inversion-de-350-000-euros\/#respond"]}]},{"@type":"WebPage","@id":"https:\/\/www.laguiadepamplona.com\/actualidad\/el-ayuntamiento-de-pamplona-reformara-para-final-de-ano-seis-viviendas-municipales-en-el-grupo-san-pedro-con-una-inversion-de-350-000-euros\/","url":"https:\/\/www.laguiadepamplona.com\/actualidad\/el-ayuntamiento-de-pamplona-reformara-para-final-de-ano-seis-viviendas-municipales-en-el-grupo-san-pedro-con-una-inversion-de-350-000-euros\/","name":"El Ayuntamiento de Pamplona reformar\u00e1 para final de a\u00f1o seis viviendas municipales en el Grupo San Pedro con una inversi\u00f3n de 350.000 euros","isPartOf":{"@id":"https:\/\/www.laguiadepamplona.com\/actualidad\/#website"},"primaryImageOfPage":{"@id":"https:\/\/www.laguiadepamplona.com\/actualidad\/el-ayuntamiento-de-pamplona-reformara-para-final-de-ano-seis-viviendas-municipales-en-el-grupo-san-pedro-con-una-inversion-de-350-000-euros\/#primaryimage"},"image":{"@id":"https:\/\/www.laguiadepamplona.com\/actualidad\/el-ayuntamiento-de-pamplona-reformara-para-final-de-ano-seis-viviendas-municipales-en-el-grupo-san-pedro-con-una-inversion-de-350-000-euros\/#primaryimage"},"thumbnailUrl":"https:\/\/www.laguiadepamplona.com\/actualidad\/wp-content\/uploads\/2022\/06\/sanpedro26_JMG4661.webp","datePublished":"2022-06-10T10:55:16+00:00","dateModified":"2023-04-11T09:48:04+00:00","description":"Se reformar\u00e1n cocinas y ba\u00f1os, se sustituir\u00e1n carpinter\u00edas y se instalar\u00e1 calefacci\u00f3n, entre otras actuaciones","breadcrumb":{"@id":"https:\/\/www.laguiadepamplona.com\/actualidad\/el-ayuntamiento-de-pamplona-reformara-para-final-de-ano-seis-viviendas-municipales-en-el-grupo-san-pedro-con-una-inversion-de-350-000-euros\/#breadcrumb"},"inLanguage":"es","potentialAction":[{"@type":"ReadAction","target":["https:\/\/www.laguiadepamplona.com\/actualidad\/el-ayuntamiento-de-pamplona-reformara-para-final-de-ano-seis-viviendas-municipales-en-el-grupo-san-pedro-con-una-inversion-de-350-000-euros\/"]}]},{"@type":"ImageObject","inLanguage":"es","@id":"https:\/\/www.laguiadepamplona.com\/actualidad\/el-ayuntamiento-de-pamplona-reformara-para-final-de-ano-seis-viviendas-municipales-en-el-grupo-san-pedro-con-una-inversion-de-350-000-euros\/#primaryimage","url":"https:\/\/www.laguiadepamplona.com\/actualidad\/wp-content\/uploads\/2022\/06\/sanpedro26_JMG4661.webp","contentUrl":"https:\/\/www.laguiadepamplona.com\/actualidad\/wp-content\/uploads\/2022\/06\/sanpedro26_JMG4661.webp","width":1920,"height":1280},{"@type":"BreadcrumbList","@id":"https:\/\/www.laguiadepamplona.com\/actualidad\/el-ayuntamiento-de-pamplona-reformara-para-final-de-ano-seis-viviendas-municipales-en-el-grupo-san-pedro-con-una-inversion-de-350-000-euros\/#breadcrumb","itemListElement":[{"@type":"ListItem","position":1,"name":"Portada","item":"https:\/\/www.laguiadepamplona.com\/actualidad\/"},{"@type":"ListItem","position":2,"name":"El Ayuntamiento de Pamplona reformar\u00e1 para final de a\u00f1o seis viviendas municipales en el Grupo San Pedro con una inversi\u00f3n de 350.000 euros"}]},{"@type":"WebSite","@id":"https:\/\/www.laguiadepamplona.com\/actualidad\/#website","url":"https:\/\/www.laguiadepamplona.com\/actualidad\/","name":"La gu\u00eda de Pamplona","description":"Noticias de Pamplona","publisher":{"@id":"https:\/\/www.laguiadepamplona.com\/actualidad\/#organization"},"potentialAction":[{"@type":"SearchAction","target":{"@type":"EntryPoint","urlTemplate":"https:\/\/www.laguiadepamplona.com\/actualidad\/?s={search_term_string}"},"query-input":{"@type":"PropertyValueSpecification","valueRequired":true,"valueName":"search_term_string"}}],"inLanguage":"es"},{"@type":"Organization","@id":"https:\/\/www.laguiadepamplona.com\/actualidad\/#organization","name":"La Gu\u00eda de Pamplona \/ Noticias","url":"https:\/\/www.laguiadepamplona.com\/actualidad\/","logo":{"@type":"ImageObject","inLanguage":"es","@id":"https:\/\/www.laguiadepamplona.com\/actualidad\/#\/schema\/logo\/image\/","url":"https:\/\/www.laguiadepamplona.com\/actualidad\/wp-content\/uploads\/2018\/11\/logo-laguiadepamplona18-web1.png","contentUrl":"https:\/\/www.laguiadepamplona.com\/actualidad\/wp-content\/uploads\/2018\/11\/logo-laguiadepamplona18-web1.png","width":600,"height":196,"caption":"La Gu\u00eda de Pamplona \/ Noticias"},"image":{"@id":"https:\/\/www.laguiadepamplona.com\/actualidad\/#\/schema\/logo\/image\/"},"sameAs":["https:\/\/www.facebook.com\/laguiadepamplonacom-133175176762273\/?ref=hl","https:\/\/x.com\/LaGuiadPamplona","https:\/\/www.instagram.com\/la_guia_de_pamplona\/","https:\/\/www.youtube.com\/user\/laguiadepamplona"]},{"@type":"Person","@id":"https:\/\/www.laguiadepamplona.com\/actualidad\/#\/schema\/person\/efe887376f0213d4657c93adc50b1fdb","name":"La Gu\u00eda de Pamplona","image":{"@type":"ImageObject","inLanguage":"es","@id":"https:\/\/secure.gravatar.com\/avatar\/b6992f131dc8d30ab0dff15446e9d346d9dbd95992de0fef795073f5ea83a81c?s=96&d=mm&r=g","url":"https:\/\/secure.gravatar.com\/avatar\/b6992f131dc8d30ab0dff15446e9d346d9dbd95992de0fef795073f5ea83a81c?s=96&d=mm&r=g","contentUrl":"https:\/\/secure.gravatar.com\/avatar\/b6992f131dc8d30ab0dff15446e9d346d9dbd95992de0fef795073f5ea83a81c?s=96&d=mm&r=g","caption":"La Gu\u00eda de Pamplona"}}]}},"post_mailing_queue_ids":[],"_links":{"self":[{"href":"https:\/\/www.laguiadepamplona.com\/actualidad\/wp-json\/wp\/v2\/posts\/40780","targetHints":{"allow":["GET"]}}],"collection":[{"href":"https:\/\/www.laguiadepamplona.com\/actualidad\/wp-json\/wp\/v2\/posts"}],"about":[{"href":"https:\/\/www.laguiadepamplona.com\/actualidad\/wp-json\/wp\/v2\/types\/post"}],"author":[{"embeddable":true,"href":"https:\/\/www.laguiadepamplona.com\/actualidad\/wp-json\/wp\/v2\/users\/1"}],"replies":[{"embeddable":true,"href":"https:\/\/www.laguiadepamplona.com\/actualidad\/wp-json\/wp\/v2\/comments?post=40780"}],"version-history":[{"count":0,"href":"https:\/\/www.laguiadepamplona.com\/actualidad\/wp-json\/wp\/v2\/posts\/40780\/revisions"}],"wp:featuredmedia":[{"embeddable":true,"href":"https:\/\/www.laguiadepamplona.com\/actualidad\/wp-json\/wp\/v2\/media\/40781"}],"wp:attachment":[{"href":"https:\/\/www.laguiadepamplona.com\/actualidad\/wp-json\/wp\/v2\/media?parent=40780"}],"wp:term":[{"taxonomy":"category","embeddable":true,"href":"https:\/\/www.laguiadepamplona.com\/actualidad\/wp-json\/wp\/v2\/categories?post=40780"},{"taxonomy":"post_tag","embeddable":true,"href":"https:\/\/www.laguiadepamplona.com\/actualidad\/wp-json\/wp\/v2\/tags?post=40780"}],"curies":[{"name":"wp","href":"https:\/\/api.w.org\/{rel}","templated":true}]}}