{"id":40738,"date":"2022-06-09T12:26:44","date_gmt":"2022-06-09T10:26:44","guid":{"rendered":"https:\/\/www.laguiadepamplona.com\/actualidad\/?p=40738"},"modified":"2023-04-11T11:48:04","modified_gmt":"2023-04-11T09:48:04","slug":"una-composicion-escultorica-instalada-en-la-avenida-carlos-iii-reconoce-la-apuesta-de-pamplona-por-la-movilidad-sostenible","status":"publish","type":"post","link":"https:\/\/www.laguiadepamplona.com\/actualidad\/una-composicion-escultorica-instalada-en-la-avenida-carlos-iii-reconoce-la-apuesta-de-pamplona-por-la-movilidad-sostenible\/","title":{"rendered":"Una composici\u00f3n escult\u00f3rica instalada en la avenida Carlos III reconoce la apuesta de Pamplona por la movilidad sostenible"},"content":{"rendered":"<h5>El alcalde Enrique Maya ha inaugurado la obra cedida gratuitamente a la ciudad de Pamplona por el escultor Jes\u00fas Sukuntza<\/h5>\n<p><!--more--><\/p>\n<p>La composici\u00f3n escult\u00f3rica \u2018Diez bicicletas\u2019 demuestra desde hoy en pleno centro de Pamplona, en la avenida Carlos III, entre las calles Arrieta y Roncesvalles, la apuesta que la ciudad est\u00e1 haciendo por la movilidad sostenible. Y lo hace a trav\u00e9s de la estrategia de transici\u00f3n energ\u00e9tica y cambio clim\u00e1tico \u2018Go Green Pamplona\u2019, que entre otras medidas fomenta el uso de la bicicleta en los transportes cotidianos por la ciudad. La obra ha sido cedida al Ayuntamiento por su creador, el artista Jes\u00fas Sukuntza, que esta ma\u00f1ana ha participado junto con el alcalde Enrique Maya en el acto de inauguraci\u00f3n.<\/p>\n<p>El conjunto escult\u00f3rico \u2018Diez bicicletas\u2019 es una representaci\u00f3n de otros tantos elementos en acero inoxidable a escala real en la que el artista quiere transmitir no solo la belleza de este medio de transporte, sino tambi\u00e9n su diversidad. Y esto lo consigue el escultor \u2013y tambi\u00e9n ciclista urbano- Jes\u00fas Sukuntza, gracias a la elecci\u00f3n de los modelos elegidos: una decena de diferentes tipos de bicis, con una imagen principalmente urbana. Esto ofrece al espectador una imagen de este medio de transporte como elemento no solo \u00fatil, ambiental y socialmente sostenible, sino, adem\u00e1s, como objeto bello y que pone en valor a las personas que la utilizan. La bicicleta se presenta, de esta manera, como un medio de transporte actual, acorde con los tiempos, plenamente respetuoso con la ciudad y sus habitantes.<br \/>\n<script async src=\"\/\/pagead2.googlesyndication.com\/pagead\/js\/adsbygoogle.js\"><\/script><br \/>\n<!-- Noticias La Guia de Pamplona --><br \/>\n<ins class=\"adsbygoogle\"\nstyle=\"display:block\"\ndata-ad-client=\"ca-pub-6943679897239327\"\ndata-ad-slot=\"7048180777\"\ndata-ad-format=\"auto\"><\/ins><br \/>\n<script>\n(adsbygoogle = window.adsbygoogle || []).push({});\n<\/script><\/p>\n<p>Con esta acci\u00f3n se fomenta, a trav\u00e9s del arte en el espacio p\u00fablico, la transmisi\u00f3n de la idea de la necesidad de una lucha contra el cambio clim\u00e1tico, liderada desde las instituciones. Para ello el Ayuntamiento de Pamplona est\u00e1 llevando a cabo la estrategia \u2018Go Green\u2019, que persigue adem\u00e1s de este objetivo, impulsar la adaptaci\u00f3n de la ciudad y garantizar la salud y bienestar de las personas. Y todo ello a trav\u00e9s de la reducci\u00f3n de la contribuci\u00f3n de la ciudad al cambio clim\u00e1tico, la mejora de la respuesta de la ciudad frente a los riesgos clim\u00e1ticos y la garant\u00eda de dotar de la salud y bienestar de las personas.<\/p>\n<p>\u2018Diez bicicletas\u2019 se convierte en una representaci\u00f3n en un lugar clave de la ciudad del valor que el Ayuntamiento de Pamplona quiere dar a la bicicleta como medio de transporte urbano que encarna los valores de salud, calidad ambiental, inclusi\u00f3n, libertad y disfrute respetoso del entorno urbano.<br \/>\n<script async src=\"\/\/pagead2.googlesyndication.com\/pagead\/js\/adsbygoogle.js\"><\/script><br \/>\n<!-- Noticias La Guia de Pamplona --><br \/>\n<ins class=\"adsbygoogle\"\nstyle=\"display:block\"\ndata-ad-client=\"ca-pub-6943679897239327\"\ndata-ad-slot=\"7048180777\"\ndata-ad-format=\"auto\"><\/ins><br \/>\n<script>\n(adsbygoogle = window.adsbygoogle || []).push({});\n<\/script><\/p>\n<p><strong>La plasmaci\u00f3n en una obra de arte de que la bicicleta ya forma parte de la imagen de Pamplona<\/strong><\/p>\n<p>La primera de las diez bicicletas que conforman el conjunto escult\u00f3rico se realiz\u00f3 hace ya veinte a\u00f1os, en 2002, y la \u00faltima no se elabor\u00f3 hasta nueve a\u00f1os despu\u00e9s, en 2011. Este hecho no ha cambiado la idea de que sea una instalaci\u00f3n conjunta, en la que no se disgregue ning\u00fan elemento, lo que, visualmente, permite apreciar mejor el valor de diversidad, tanto de modelos de bicicletas como de personas usuarias.<\/p>\n<p>La obra est\u00e1 realizada en acero inoxidable mediante varillas de di\u00e1metros variados entre 25 y 40 m\/m, chapa de 3 m\/m y pletinas. En su elaboraci\u00f3n, se han utilizado distintas t\u00e9cnicas, como la soldadura mediante electrodos de acero inoxidable, el corte con cizalla, el torneado, la matricer\u00eda, el prensado manual, el lijado, o el pulido y el abrillantado. Su adaptaci\u00f3n a la colocaci\u00f3n en la v\u00eda p\u00fablica se materializa en una terminaci\u00f3n de pulido, casi de espejo, que es altamente resistente a la corrosi\u00f3n, que no sufre modificaciones\u00a0por los elementos ambientales.<br \/>\n<script async src=\"\/\/pagead2.googlesyndication.com\/pagead\/js\/adsbygoogle.js\"><\/script><br \/>\n<!-- Noticias La Guia de Pamplona --><br \/>\n<ins class=\"adsbygoogle\"\nstyle=\"display:block\"\ndata-ad-client=\"ca-pub-6943679897239327\"\ndata-ad-slot=\"7048180777\"\ndata-ad-format=\"auto\"><\/ins><br \/>\n<script>\n(adsbygoogle = window.adsbygoogle || []).push({});\n<\/script><\/p>\n<p>El lugar exacto del emplazamiento del conjunto escult\u00f3rico es la avenida de Carlos III el Noble en el lateral del ed\u00edculo de acceso al aparcamiento subterr\u00e1neo ubicado entre la calle Arrieta y la avenida de Roncesvalles. Se trata de un lugar acordado entre el escultor-autor y el equipo t\u00e9cnico municipal, que permitir\u00e1 en una segunda intervenci\u00f3n, completar la disposici\u00f3n art\u00edstica con una creatividad colocada al efecto en las pareces del propio ed\u00edculo.<\/p>\n","protected":false},"excerpt":{"rendered":"<p>El alcalde Enrique Maya ha inaugurado la obra cedida gratuitamente a la ciudad de Pamplona por el escultor Jes\u00fas Sukuntza<\/p>\n","protected":false},"author":1,"featured_media":40739,"comment_status":"open","ping_status":"closed","sticky":false,"template":"","format":"standard","meta":{"footnotes":""},"categories":[2],"tags":[],"class_list":["post-40738","post","type-post","status-publish","format-standard","has-post-thumbnail","hentry","category-ayuntamiento-pamplona"],"yoast_head":"<!-- This site is optimized with the Yoast SEO plugin v27.3 - https:\/\/yoast.com\/product\/yoast-seo-wordpress\/ -->\n<title>Una composici\u00f3n escult\u00f3rica instalada en la avenida Carlos III reconoce la apuesta de Pamplona por la movilidad sostenible<\/title>\n<meta name=\"description\" content=\"El alcalde Enrique Maya ha inaugurado la obra cedida gratuitamente a la ciudad de Pamplona por el escultor Jes\u00fas Sukuntza\" \/>\n<meta name=\"robots\" content=\"index, follow, max-snippet:-1, max-image-preview:large, max-video-preview:-1\" \/>\n<link rel=\"canonical\" href=\"https:\/\/www.laguiadepamplona.com\/actualidad\/una-composicion-escultorica-instalada-en-la-avenida-carlos-iii-reconoce-la-apuesta-de-pamplona-por-la-movilidad-sostenible\/\" \/>\n<meta property=\"og:locale\" content=\"es_ES\" \/>\n<meta property=\"og:type\" content=\"article\" \/>\n<meta property=\"og:title\" content=\"Una composici\u00f3n escult\u00f3rica instalada en la avenida Carlos III reconoce la apuesta de Pamplona por la movilidad sostenible\" \/>\n<meta property=\"og:description\" content=\"El alcalde Enrique Maya ha inaugurado la obra cedida gratuitamente a la ciudad de Pamplona por el escultor Jes\u00fas Sukuntza\" \/>\n<meta property=\"og:url\" content=\"https:\/\/www.laguiadepamplona.com\/actualidad\/una-composicion-escultorica-instalada-en-la-avenida-carlos-iii-reconoce-la-apuesta-de-pamplona-por-la-movilidad-sostenible\/\" \/>\n<meta property=\"og:site_name\" content=\"La Gu\u00eda de Pamplona\" \/>\n<meta property=\"article:publisher\" content=\"https:\/\/www.facebook.com\/laguiadepamplonacom-133175176762273\/?ref=hl\" \/>\n<meta property=\"article:published_time\" content=\"2022-06-09T10:26:44+00:00\" \/>\n<meta property=\"article:modified_time\" content=\"2023-04-11T09:48:04+00:00\" \/>\n<meta property=\"og:image\" content=\"https:\/\/www.laguiadepamplona.com\/actualidad\/wp-content\/uploads\/2022\/06\/composicion-escultorica-bicis.webp\" \/>\n\t<meta property=\"og:image:width\" content=\"1920\" \/>\n\t<meta property=\"og:image:height\" content=\"1281\" \/>\n\t<meta property=\"og:image:type\" content=\"image\/webp\" \/>\n<meta name=\"author\" content=\"La Gu\u00eda de Pamplona\" \/>\n<meta name=\"twitter:card\" content=\"summary_large_image\" \/>\n<meta name=\"twitter:creator\" content=\"@LaGuiadPamplona\" \/>\n<meta name=\"twitter:site\" content=\"@LaGuiadPamplona\" \/>\n<meta name=\"twitter:label1\" content=\"Escrito por\" \/>\n\t<meta name=\"twitter:data1\" content=\"La Gu\u00eda de Pamplona\" \/>\n\t<meta name=\"twitter:label2\" content=\"Tiempo de lectura\" \/>\n\t<meta name=\"twitter:data2\" content=\"4 minutos\" \/>\n<script type=\"application\/ld+json\" class=\"yoast-schema-graph\">{\"@context\":\"https:\\\/\\\/schema.org\",\"@graph\":[{\"@type\":\"Article\",\"@id\":\"https:\\\/\\\/www.laguiadepamplona.com\\\/actualidad\\\/una-composicion-escultorica-instalada-en-la-avenida-carlos-iii-reconoce-la-apuesta-de-pamplona-por-la-movilidad-sostenible\\\/#article\",\"isPartOf\":{\"@id\":\"https:\\\/\\\/www.laguiadepamplona.com\\\/actualidad\\\/una-composicion-escultorica-instalada-en-la-avenida-carlos-iii-reconoce-la-apuesta-de-pamplona-por-la-movilidad-sostenible\\\/\"},\"author\":{\"name\":\"La Gu\u00eda de Pamplona\",\"@id\":\"https:\\\/\\\/www.laguiadepamplona.com\\\/actualidad\\\/#\\\/schema\\\/person\\\/efe887376f0213d4657c93adc50b1fdb\"},\"headline\":\"Una composici\u00f3n escult\u00f3rica instalada en la avenida Carlos III reconoce la apuesta de Pamplona por la movilidad sostenible\",\"datePublished\":\"2022-06-09T10:26:44+00:00\",\"dateModified\":\"2023-04-11T09:48:04+00:00\",\"mainEntityOfPage\":{\"@id\":\"https:\\\/\\\/www.laguiadepamplona.com\\\/actualidad\\\/una-composicion-escultorica-instalada-en-la-avenida-carlos-iii-reconoce-la-apuesta-de-pamplona-por-la-movilidad-sostenible\\\/\"},\"wordCount\":735,\"commentCount\":0,\"publisher\":{\"@id\":\"https:\\\/\\\/www.laguiadepamplona.com\\\/actualidad\\\/#organization\"},\"image\":{\"@id\":\"https:\\\/\\\/www.laguiadepamplona.com\\\/actualidad\\\/una-composicion-escultorica-instalada-en-la-avenida-carlos-iii-reconoce-la-apuesta-de-pamplona-por-la-movilidad-sostenible\\\/#primaryimage\"},\"thumbnailUrl\":\"https:\\\/\\\/www.laguiadepamplona.com\\\/actualidad\\\/wp-content\\\/uploads\\\/2022\\\/06\\\/composicion-escultorica-bicis.webp\",\"articleSection\":[\"Ayto Pamplona\"],\"inLanguage\":\"es\",\"potentialAction\":[{\"@type\":\"CommentAction\",\"name\":\"Comment\",\"target\":[\"https:\\\/\\\/www.laguiadepamplona.com\\\/actualidad\\\/una-composicion-escultorica-instalada-en-la-avenida-carlos-iii-reconoce-la-apuesta-de-pamplona-por-la-movilidad-sostenible\\\/#respond\"]}]},{\"@type\":\"WebPage\",\"@id\":\"https:\\\/\\\/www.laguiadepamplona.com\\\/actualidad\\\/una-composicion-escultorica-instalada-en-la-avenida-carlos-iii-reconoce-la-apuesta-de-pamplona-por-la-movilidad-sostenible\\\/\",\"url\":\"https:\\\/\\\/www.laguiadepamplona.com\\\/actualidad\\\/una-composicion-escultorica-instalada-en-la-avenida-carlos-iii-reconoce-la-apuesta-de-pamplona-por-la-movilidad-sostenible\\\/\",\"name\":\"Una composici\u00f3n escult\u00f3rica instalada en la avenida Carlos III reconoce la apuesta de Pamplona por la movilidad sostenible\",\"isPartOf\":{\"@id\":\"https:\\\/\\\/www.laguiadepamplona.com\\\/actualidad\\\/#website\"},\"primaryImageOfPage\":{\"@id\":\"https:\\\/\\\/www.laguiadepamplona.com\\\/actualidad\\\/una-composicion-escultorica-instalada-en-la-avenida-carlos-iii-reconoce-la-apuesta-de-pamplona-por-la-movilidad-sostenible\\\/#primaryimage\"},\"image\":{\"@id\":\"https:\\\/\\\/www.laguiadepamplona.com\\\/actualidad\\\/una-composicion-escultorica-instalada-en-la-avenida-carlos-iii-reconoce-la-apuesta-de-pamplona-por-la-movilidad-sostenible\\\/#primaryimage\"},\"thumbnailUrl\":\"https:\\\/\\\/www.laguiadepamplona.com\\\/actualidad\\\/wp-content\\\/uploads\\\/2022\\\/06\\\/composicion-escultorica-bicis.webp\",\"datePublished\":\"2022-06-09T10:26:44+00:00\",\"dateModified\":\"2023-04-11T09:48:04+00:00\",\"description\":\"El alcalde Enrique Maya ha inaugurado la obra cedida gratuitamente a la ciudad de Pamplona por el escultor Jes\u00fas Sukuntza\",\"breadcrumb\":{\"@id\":\"https:\\\/\\\/www.laguiadepamplona.com\\\/actualidad\\\/una-composicion-escultorica-instalada-en-la-avenida-carlos-iii-reconoce-la-apuesta-de-pamplona-por-la-movilidad-sostenible\\\/#breadcrumb\"},\"inLanguage\":\"es\",\"potentialAction\":[{\"@type\":\"ReadAction\",\"target\":[\"https:\\\/\\\/www.laguiadepamplona.com\\\/actualidad\\\/una-composicion-escultorica-instalada-en-la-avenida-carlos-iii-reconoce-la-apuesta-de-pamplona-por-la-movilidad-sostenible\\\/\"]}]},{\"@type\":\"ImageObject\",\"inLanguage\":\"es\",\"@id\":\"https:\\\/\\\/www.laguiadepamplona.com\\\/actualidad\\\/una-composicion-escultorica-instalada-en-la-avenida-carlos-iii-reconoce-la-apuesta-de-pamplona-por-la-movilidad-sostenible\\\/#primaryimage\",\"url\":\"https:\\\/\\\/www.laguiadepamplona.com\\\/actualidad\\\/wp-content\\\/uploads\\\/2022\\\/06\\\/composicion-escultorica-bicis.webp\",\"contentUrl\":\"https:\\\/\\\/www.laguiadepamplona.com\\\/actualidad\\\/wp-content\\\/uploads\\\/2022\\\/06\\\/composicion-escultorica-bicis.webp\",\"width\":1920,\"height\":1281},{\"@type\":\"BreadcrumbList\",\"@id\":\"https:\\\/\\\/www.laguiadepamplona.com\\\/actualidad\\\/una-composicion-escultorica-instalada-en-la-avenida-carlos-iii-reconoce-la-apuesta-de-pamplona-por-la-movilidad-sostenible\\\/#breadcrumb\",\"itemListElement\":[{\"@type\":\"ListItem\",\"position\":1,\"name\":\"Portada\",\"item\":\"https:\\\/\\\/www.laguiadepamplona.com\\\/actualidad\\\/\"},{\"@type\":\"ListItem\",\"position\":2,\"name\":\"Una composici\u00f3n escult\u00f3rica instalada en la avenida Carlos III reconoce la apuesta de Pamplona por la movilidad sostenible\"}]},{\"@type\":\"WebSite\",\"@id\":\"https:\\\/\\\/www.laguiadepamplona.com\\\/actualidad\\\/#website\",\"url\":\"https:\\\/\\\/www.laguiadepamplona.com\\\/actualidad\\\/\",\"name\":\"La gu\u00eda de Pamplona\",\"description\":\"Noticias de Pamplona\",\"publisher\":{\"@id\":\"https:\\\/\\\/www.laguiadepamplona.com\\\/actualidad\\\/#organization\"},\"potentialAction\":[{\"@type\":\"SearchAction\",\"target\":{\"@type\":\"EntryPoint\",\"urlTemplate\":\"https:\\\/\\\/www.laguiadepamplona.com\\\/actualidad\\\/?s={search_term_string}\"},\"query-input\":{\"@type\":\"PropertyValueSpecification\",\"valueRequired\":true,\"valueName\":\"search_term_string\"}}],\"inLanguage\":\"es\"},{\"@type\":\"Organization\",\"@id\":\"https:\\\/\\\/www.laguiadepamplona.com\\\/actualidad\\\/#organization\",\"name\":\"La Gu\u00eda de Pamplona \\\/ Noticias\",\"url\":\"https:\\\/\\\/www.laguiadepamplona.com\\\/actualidad\\\/\",\"logo\":{\"@type\":\"ImageObject\",\"inLanguage\":\"es\",\"@id\":\"https:\\\/\\\/www.laguiadepamplona.com\\\/actualidad\\\/#\\\/schema\\\/logo\\\/image\\\/\",\"url\":\"https:\\\/\\\/www.laguiadepamplona.com\\\/actualidad\\\/wp-content\\\/uploads\\\/2018\\\/11\\\/logo-laguiadepamplona18-web1.png\",\"contentUrl\":\"https:\\\/\\\/www.laguiadepamplona.com\\\/actualidad\\\/wp-content\\\/uploads\\\/2018\\\/11\\\/logo-laguiadepamplona18-web1.png\",\"width\":600,\"height\":196,\"caption\":\"La Gu\u00eda de Pamplona \\\/ Noticias\"},\"image\":{\"@id\":\"https:\\\/\\\/www.laguiadepamplona.com\\\/actualidad\\\/#\\\/schema\\\/logo\\\/image\\\/\"},\"sameAs\":[\"https:\\\/\\\/www.facebook.com\\\/laguiadepamplonacom-133175176762273\\\/?ref=hl\",\"https:\\\/\\\/x.com\\\/LaGuiadPamplona\",\"https:\\\/\\\/www.instagram.com\\\/la_guia_de_pamplona\\\/\",\"https:\\\/\\\/www.youtube.com\\\/user\\\/laguiadepamplona\"]},{\"@type\":\"Person\",\"@id\":\"https:\\\/\\\/www.laguiadepamplona.com\\\/actualidad\\\/#\\\/schema\\\/person\\\/efe887376f0213d4657c93adc50b1fdb\",\"name\":\"La Gu\u00eda de Pamplona\",\"image\":{\"@type\":\"ImageObject\",\"inLanguage\":\"es\",\"@id\":\"https:\\\/\\\/secure.gravatar.com\\\/avatar\\\/b6992f131dc8d30ab0dff15446e9d346d9dbd95992de0fef795073f5ea83a81c?s=96&d=mm&r=g\",\"url\":\"https:\\\/\\\/secure.gravatar.com\\\/avatar\\\/b6992f131dc8d30ab0dff15446e9d346d9dbd95992de0fef795073f5ea83a81c?s=96&d=mm&r=g\",\"contentUrl\":\"https:\\\/\\\/secure.gravatar.com\\\/avatar\\\/b6992f131dc8d30ab0dff15446e9d346d9dbd95992de0fef795073f5ea83a81c?s=96&d=mm&r=g\",\"caption\":\"La Gu\u00eda de Pamplona\"}}]}<\/script>\n<!-- \/ Yoast SEO plugin. -->","yoast_head_json":{"title":"Una composici\u00f3n escult\u00f3rica instalada en la avenida Carlos III reconoce la apuesta de Pamplona por la movilidad sostenible","description":"El alcalde Enrique Maya ha inaugurado la obra cedida gratuitamente a la ciudad de Pamplona por el escultor Jes\u00fas Sukuntza","robots":{"index":"index","follow":"follow","max-snippet":"max-snippet:-1","max-image-preview":"max-image-preview:large","max-video-preview":"max-video-preview:-1"},"canonical":"https:\/\/www.laguiadepamplona.com\/actualidad\/una-composicion-escultorica-instalada-en-la-avenida-carlos-iii-reconoce-la-apuesta-de-pamplona-por-la-movilidad-sostenible\/","og_locale":"es_ES","og_type":"article","og_title":"Una composici\u00f3n escult\u00f3rica instalada en la avenida Carlos III reconoce la apuesta de Pamplona por la movilidad sostenible","og_description":"El alcalde Enrique Maya ha inaugurado la obra cedida gratuitamente a la ciudad de Pamplona por el escultor Jes\u00fas Sukuntza","og_url":"https:\/\/www.laguiadepamplona.com\/actualidad\/una-composicion-escultorica-instalada-en-la-avenida-carlos-iii-reconoce-la-apuesta-de-pamplona-por-la-movilidad-sostenible\/","og_site_name":"La Gu\u00eda de Pamplona","article_publisher":"https:\/\/www.facebook.com\/laguiadepamplonacom-133175176762273\/?ref=hl","article_published_time":"2022-06-09T10:26:44+00:00","article_modified_time":"2023-04-11T09:48:04+00:00","og_image":[{"width":1920,"height":1281,"url":"https:\/\/www.laguiadepamplona.com\/actualidad\/wp-content\/uploads\/2022\/06\/composicion-escultorica-bicis.webp","type":"image\/webp"}],"author":"La Gu\u00eda de Pamplona","twitter_card":"summary_large_image","twitter_creator":"@LaGuiadPamplona","twitter_site":"@LaGuiadPamplona","twitter_misc":{"Escrito por":"La Gu\u00eda de Pamplona","Tiempo de lectura":"4 minutos"},"schema":{"@context":"https:\/\/schema.org","@graph":[{"@type":"Article","@id":"https:\/\/www.laguiadepamplona.com\/actualidad\/una-composicion-escultorica-instalada-en-la-avenida-carlos-iii-reconoce-la-apuesta-de-pamplona-por-la-movilidad-sostenible\/#article","isPartOf":{"@id":"https:\/\/www.laguiadepamplona.com\/actualidad\/una-composicion-escultorica-instalada-en-la-avenida-carlos-iii-reconoce-la-apuesta-de-pamplona-por-la-movilidad-sostenible\/"},"author":{"name":"La Gu\u00eda de Pamplona","@id":"https:\/\/www.laguiadepamplona.com\/actualidad\/#\/schema\/person\/efe887376f0213d4657c93adc50b1fdb"},"headline":"Una composici\u00f3n escult\u00f3rica instalada en la avenida Carlos III reconoce la apuesta de Pamplona por la movilidad sostenible","datePublished":"2022-06-09T10:26:44+00:00","dateModified":"2023-04-11T09:48:04+00:00","mainEntityOfPage":{"@id":"https:\/\/www.laguiadepamplona.com\/actualidad\/una-composicion-escultorica-instalada-en-la-avenida-carlos-iii-reconoce-la-apuesta-de-pamplona-por-la-movilidad-sostenible\/"},"wordCount":735,"commentCount":0,"publisher":{"@id":"https:\/\/www.laguiadepamplona.com\/actualidad\/#organization"},"image":{"@id":"https:\/\/www.laguiadepamplona.com\/actualidad\/una-composicion-escultorica-instalada-en-la-avenida-carlos-iii-reconoce-la-apuesta-de-pamplona-por-la-movilidad-sostenible\/#primaryimage"},"thumbnailUrl":"https:\/\/www.laguiadepamplona.com\/actualidad\/wp-content\/uploads\/2022\/06\/composicion-escultorica-bicis.webp","articleSection":["Ayto Pamplona"],"inLanguage":"es","potentialAction":[{"@type":"CommentAction","name":"Comment","target":["https:\/\/www.laguiadepamplona.com\/actualidad\/una-composicion-escultorica-instalada-en-la-avenida-carlos-iii-reconoce-la-apuesta-de-pamplona-por-la-movilidad-sostenible\/#respond"]}]},{"@type":"WebPage","@id":"https:\/\/www.laguiadepamplona.com\/actualidad\/una-composicion-escultorica-instalada-en-la-avenida-carlos-iii-reconoce-la-apuesta-de-pamplona-por-la-movilidad-sostenible\/","url":"https:\/\/www.laguiadepamplona.com\/actualidad\/una-composicion-escultorica-instalada-en-la-avenida-carlos-iii-reconoce-la-apuesta-de-pamplona-por-la-movilidad-sostenible\/","name":"Una composici\u00f3n escult\u00f3rica instalada en la avenida Carlos III reconoce la apuesta de Pamplona por la movilidad sostenible","isPartOf":{"@id":"https:\/\/www.laguiadepamplona.com\/actualidad\/#website"},"primaryImageOfPage":{"@id":"https:\/\/www.laguiadepamplona.com\/actualidad\/una-composicion-escultorica-instalada-en-la-avenida-carlos-iii-reconoce-la-apuesta-de-pamplona-por-la-movilidad-sostenible\/#primaryimage"},"image":{"@id":"https:\/\/www.laguiadepamplona.com\/actualidad\/una-composicion-escultorica-instalada-en-la-avenida-carlos-iii-reconoce-la-apuesta-de-pamplona-por-la-movilidad-sostenible\/#primaryimage"},"thumbnailUrl":"https:\/\/www.laguiadepamplona.com\/actualidad\/wp-content\/uploads\/2022\/06\/composicion-escultorica-bicis.webp","datePublished":"2022-06-09T10:26:44+00:00","dateModified":"2023-04-11T09:48:04+00:00","description":"El alcalde Enrique Maya ha inaugurado la obra cedida gratuitamente a la ciudad de Pamplona por el escultor Jes\u00fas Sukuntza","breadcrumb":{"@id":"https:\/\/www.laguiadepamplona.com\/actualidad\/una-composicion-escultorica-instalada-en-la-avenida-carlos-iii-reconoce-la-apuesta-de-pamplona-por-la-movilidad-sostenible\/#breadcrumb"},"inLanguage":"es","potentialAction":[{"@type":"ReadAction","target":["https:\/\/www.laguiadepamplona.com\/actualidad\/una-composicion-escultorica-instalada-en-la-avenida-carlos-iii-reconoce-la-apuesta-de-pamplona-por-la-movilidad-sostenible\/"]}]},{"@type":"ImageObject","inLanguage":"es","@id":"https:\/\/www.laguiadepamplona.com\/actualidad\/una-composicion-escultorica-instalada-en-la-avenida-carlos-iii-reconoce-la-apuesta-de-pamplona-por-la-movilidad-sostenible\/#primaryimage","url":"https:\/\/www.laguiadepamplona.com\/actualidad\/wp-content\/uploads\/2022\/06\/composicion-escultorica-bicis.webp","contentUrl":"https:\/\/www.laguiadepamplona.com\/actualidad\/wp-content\/uploads\/2022\/06\/composicion-escultorica-bicis.webp","width":1920,"height":1281},{"@type":"BreadcrumbList","@id":"https:\/\/www.laguiadepamplona.com\/actualidad\/una-composicion-escultorica-instalada-en-la-avenida-carlos-iii-reconoce-la-apuesta-de-pamplona-por-la-movilidad-sostenible\/#breadcrumb","itemListElement":[{"@type":"ListItem","position":1,"name":"Portada","item":"https:\/\/www.laguiadepamplona.com\/actualidad\/"},{"@type":"ListItem","position":2,"name":"Una composici\u00f3n escult\u00f3rica instalada en la avenida Carlos III reconoce la apuesta de Pamplona por la movilidad sostenible"}]},{"@type":"WebSite","@id":"https:\/\/www.laguiadepamplona.com\/actualidad\/#website","url":"https:\/\/www.laguiadepamplona.com\/actualidad\/","name":"La gu\u00eda de Pamplona","description":"Noticias de Pamplona","publisher":{"@id":"https:\/\/www.laguiadepamplona.com\/actualidad\/#organization"},"potentialAction":[{"@type":"SearchAction","target":{"@type":"EntryPoint","urlTemplate":"https:\/\/www.laguiadepamplona.com\/actualidad\/?s={search_term_string}"},"query-input":{"@type":"PropertyValueSpecification","valueRequired":true,"valueName":"search_term_string"}}],"inLanguage":"es"},{"@type":"Organization","@id":"https:\/\/www.laguiadepamplona.com\/actualidad\/#organization","name":"La Gu\u00eda de Pamplona \/ Noticias","url":"https:\/\/www.laguiadepamplona.com\/actualidad\/","logo":{"@type":"ImageObject","inLanguage":"es","@id":"https:\/\/www.laguiadepamplona.com\/actualidad\/#\/schema\/logo\/image\/","url":"https:\/\/www.laguiadepamplona.com\/actualidad\/wp-content\/uploads\/2018\/11\/logo-laguiadepamplona18-web1.png","contentUrl":"https:\/\/www.laguiadepamplona.com\/actualidad\/wp-content\/uploads\/2018\/11\/logo-laguiadepamplona18-web1.png","width":600,"height":196,"caption":"La Gu\u00eda de Pamplona \/ Noticias"},"image":{"@id":"https:\/\/www.laguiadepamplona.com\/actualidad\/#\/schema\/logo\/image\/"},"sameAs":["https:\/\/www.facebook.com\/laguiadepamplonacom-133175176762273\/?ref=hl","https:\/\/x.com\/LaGuiadPamplona","https:\/\/www.instagram.com\/la_guia_de_pamplona\/","https:\/\/www.youtube.com\/user\/laguiadepamplona"]},{"@type":"Person","@id":"https:\/\/www.laguiadepamplona.com\/actualidad\/#\/schema\/person\/efe887376f0213d4657c93adc50b1fdb","name":"La Gu\u00eda de Pamplona","image":{"@type":"ImageObject","inLanguage":"es","@id":"https:\/\/secure.gravatar.com\/avatar\/b6992f131dc8d30ab0dff15446e9d346d9dbd95992de0fef795073f5ea83a81c?s=96&d=mm&r=g","url":"https:\/\/secure.gravatar.com\/avatar\/b6992f131dc8d30ab0dff15446e9d346d9dbd95992de0fef795073f5ea83a81c?s=96&d=mm&r=g","contentUrl":"https:\/\/secure.gravatar.com\/avatar\/b6992f131dc8d30ab0dff15446e9d346d9dbd95992de0fef795073f5ea83a81c?s=96&d=mm&r=g","caption":"La Gu\u00eda de Pamplona"}}]}},"post_mailing_queue_ids":[],"_links":{"self":[{"href":"https:\/\/www.laguiadepamplona.com\/actualidad\/wp-json\/wp\/v2\/posts\/40738","targetHints":{"allow":["GET"]}}],"collection":[{"href":"https:\/\/www.laguiadepamplona.com\/actualidad\/wp-json\/wp\/v2\/posts"}],"about":[{"href":"https:\/\/www.laguiadepamplona.com\/actualidad\/wp-json\/wp\/v2\/types\/post"}],"author":[{"embeddable":true,"href":"https:\/\/www.laguiadepamplona.com\/actualidad\/wp-json\/wp\/v2\/users\/1"}],"replies":[{"embeddable":true,"href":"https:\/\/www.laguiadepamplona.com\/actualidad\/wp-json\/wp\/v2\/comments?post=40738"}],"version-history":[{"count":0,"href":"https:\/\/www.laguiadepamplona.com\/actualidad\/wp-json\/wp\/v2\/posts\/40738\/revisions"}],"wp:featuredmedia":[{"embeddable":true,"href":"https:\/\/www.laguiadepamplona.com\/actualidad\/wp-json\/wp\/v2\/media\/40739"}],"wp:attachment":[{"href":"https:\/\/www.laguiadepamplona.com\/actualidad\/wp-json\/wp\/v2\/media?parent=40738"}],"wp:term":[{"taxonomy":"category","embeddable":true,"href":"https:\/\/www.laguiadepamplona.com\/actualidad\/wp-json\/wp\/v2\/categories?post=40738"},{"taxonomy":"post_tag","embeddable":true,"href":"https:\/\/www.laguiadepamplona.com\/actualidad\/wp-json\/wp\/v2\/tags?post=40738"}],"curies":[{"name":"wp","href":"https:\/\/api.w.org\/{rel}","templated":true}]}}