{"id":40730,"date":"2022-06-09T12:00:59","date_gmt":"2022-06-09T10:00:59","guid":{"rendered":"https:\/\/www.laguiadepamplona.com\/actualidad\/?p=40730"},"modified":"2023-04-11T11:48:04","modified_gmt":"2023-04-11T09:48:04","slug":"los-grandes-musicales-seran-los-protagonistas-del-concierto-que-manana-viernes-ofrece-la-pamplonesa-en-la-ciudadela","status":"publish","type":"post","link":"https:\/\/www.laguiadepamplona.com\/actualidad\/los-grandes-musicales-seran-los-protagonistas-del-concierto-que-manana-viernes-ofrece-la-pamplonesa-en-la-ciudadela\/","title":{"rendered":"Los grandes musicales ser\u00e1n los protagonistas del concierto que ma\u00f1ana viernes ofrece La Pamplonesa en la Ciudadela"},"content":{"rendered":"<h5>La actuaci\u00f3n comienza a las 20 horas, con entrada libre, y se podr\u00e1n escuchar fragmentos de \u2018Cabaret\u2019, \u2018Los miserables\u2019 o \u2018West Side Story\u2019<\/h5>\n<p><!--more--><\/p>\n<p>La Pamplonesa vuelve a actuar este viernes al aire libre en la Ciudadela. Segundo concierto en la calle en este mes de junio dedicado a los grandes musicales, con una selecci\u00f3n de fragmentos de diferentes cl\u00e1sicos. El concierto comenzar\u00e1 a las 20 horas, con entrada libre hasta completar el aforo. La banda estar\u00e1 dirigida por J. Vicent Egea.<br \/>\n<script async src=\"\/\/pagead2.googlesyndication.com\/pagead\/js\/adsbygoogle.js\"><\/script><br \/>\n<!-- Noticias La Guia de Pamplona --><br \/>\n<ins class=\"adsbygoogle\"\nstyle=\"display:block\"\ndata-ad-client=\"ca-pub-6943679897239327\"\ndata-ad-slot=\"7048180777\"\ndata-ad-format=\"auto\"><\/ins><br \/>\n<script>\n(adsbygoogle = window.adsbygoogle || []).push({});\n<\/script><\/p>\n<p>La actuaci\u00f3n comenzar\u00e1 con \u2018My Fair Lady\u2019 de Frederich Loewe y continuar\u00e1 con \u2018El fantasma de la \u00f3pera\u2019 de Andrew Lloyd Webber. Las oscarizadas \u2018Cabaret\u2019 y \u2018West Side Story\u2019, de Fred Ebb y Leonard Berstein, respectivamente, tendr\u00e1n tambi\u00e9n su particular interpretaci\u00f3n de La Pamplonesa. Otros musicales como \u2018Girl Crazy\u2019 de George Gershwin o \u2018Los miserables\u2019 de A. Boublil y C.M. Sch\u00f6nberg forman parte del programa del concierto previsto para este viernes.<\/p>\n<p>El pasado viernes La Pamplonesa ofreci\u00f3 un concierto en el patio de las Salesianas en el barrio de Txantrea. A\u00fan tendr\u00e1 una actuaci\u00f3n m\u00e1s antes de las fiestas de San Ferm\u00edn. Ser\u00e1 el tradicional concierto presanferminero el pr\u00f3ximo s\u00e1bado 2 de julio en la Plaza Consistorial.<\/p>\n","protected":false},"excerpt":{"rendered":"<p>La actuaci\u00f3n comienza a las 20 horas, con entrada libre, y se podr\u00e1n escuchar fragmentos de \u2018Cabaret\u2019, \u2018Los miserables\u2019 o \u2018West Side Story\u2019<\/p>\n","protected":false},"author":1,"featured_media":40731,"comment_status":"open","ping_status":"closed","sticky":false,"template":"","format":"standard","meta":{"footnotes":""},"categories":[2],"tags":[],"class_list":["post-40730","post","type-post","status-publish","format-standard","has-post-thumbnail","hentry","category-ayuntamiento-pamplona"],"yoast_head":"<!-- This site is optimized with the Yoast SEO plugin v27.3 - https:\/\/yoast.com\/product\/yoast-seo-wordpress\/ -->\n<title>Los grandes musicales ser\u00e1n los protagonistas del concierto que ma\u00f1ana viernes ofrece La Pamplonesa en la Ciudadela<\/title>\n<meta name=\"description\" content=\"La actuaci\u00f3n comienza a las 20 horas, con entrada libre, y se podr\u00e1n escuchar fragmentos de \u2018Cabaret\u2019, \u2018Los miserables\u2019 o \u2018West Side Story\u2019. Pamplonesa\" \/>\n<meta name=\"robots\" content=\"index, follow, max-snippet:-1, max-image-preview:large, max-video-preview:-1\" \/>\n<link rel=\"canonical\" href=\"https:\/\/www.laguiadepamplona.com\/actualidad\/los-grandes-musicales-seran-los-protagonistas-del-concierto-que-manana-viernes-ofrece-la-pamplonesa-en-la-ciudadela\/\" \/>\n<meta property=\"og:locale\" content=\"es_ES\" \/>\n<meta property=\"og:type\" content=\"article\" \/>\n<meta property=\"og:title\" content=\"Los grandes musicales ser\u00e1n los protagonistas del concierto que ma\u00f1ana viernes ofrece La Pamplonesa en la Ciudadela\" \/>\n<meta property=\"og:description\" content=\"La actuaci\u00f3n comienza a las 20 horas, con entrada libre, y se podr\u00e1n escuchar fragmentos de \u2018Cabaret\u2019, \u2018Los miserables\u2019 o \u2018West Side Story\u2019. Pamplonesa\" \/>\n<meta property=\"og:url\" content=\"https:\/\/www.laguiadepamplona.com\/actualidad\/los-grandes-musicales-seran-los-protagonistas-del-concierto-que-manana-viernes-ofrece-la-pamplonesa-en-la-ciudadela\/\" \/>\n<meta property=\"og:site_name\" content=\"La Gu\u00eda de Pamplona\" \/>\n<meta property=\"article:publisher\" content=\"https:\/\/www.facebook.com\/laguiadepamplonacom-133175176762273\/?ref=hl\" \/>\n<meta property=\"article:published_time\" content=\"2022-06-09T10:00:59+00:00\" \/>\n<meta property=\"article:modified_time\" content=\"2023-04-11T09:48:04+00:00\" \/>\n<meta property=\"og:image\" content=\"https:\/\/www.laguiadepamplona.com\/actualidad\/wp-content\/uploads\/2022\/06\/concierto_pamplonesa_plaza_consistorial.webp\" \/>\n\t<meta property=\"og:image:width\" content=\"1920\" \/>\n\t<meta property=\"og:image:height\" content=\"1260\" \/>\n\t<meta property=\"og:image:type\" content=\"image\/webp\" \/>\n<meta name=\"author\" content=\"La Gu\u00eda de Pamplona\" \/>\n<meta name=\"twitter:card\" content=\"summary_large_image\" \/>\n<meta name=\"twitter:creator\" content=\"@LaGuiadPamplona\" \/>\n<meta name=\"twitter:site\" content=\"@LaGuiadPamplona\" \/>\n<meta name=\"twitter:label1\" content=\"Escrito por\" \/>\n\t<meta name=\"twitter:data1\" content=\"La Gu\u00eda de Pamplona\" \/>\n\t<meta name=\"twitter:label2\" content=\"Tiempo de lectura\" \/>\n\t<meta name=\"twitter:data2\" content=\"1 minuto\" \/>\n<script type=\"application\/ld+json\" class=\"yoast-schema-graph\">{\"@context\":\"https:\\\/\\\/schema.org\",\"@graph\":[{\"@type\":\"Article\",\"@id\":\"https:\\\/\\\/www.laguiadepamplona.com\\\/actualidad\\\/los-grandes-musicales-seran-los-protagonistas-del-concierto-que-manana-viernes-ofrece-la-pamplonesa-en-la-ciudadela\\\/#article\",\"isPartOf\":{\"@id\":\"https:\\\/\\\/www.laguiadepamplona.com\\\/actualidad\\\/los-grandes-musicales-seran-los-protagonistas-del-concierto-que-manana-viernes-ofrece-la-pamplonesa-en-la-ciudadela\\\/\"},\"author\":{\"name\":\"La Gu\u00eda de Pamplona\",\"@id\":\"https:\\\/\\\/www.laguiadepamplona.com\\\/actualidad\\\/#\\\/schema\\\/person\\\/efe887376f0213d4657c93adc50b1fdb\"},\"headline\":\"Los grandes musicales ser\u00e1n los protagonistas del concierto que ma\u00f1ana viernes ofrece La Pamplonesa en la Ciudadela\",\"datePublished\":\"2022-06-09T10:00:59+00:00\",\"dateModified\":\"2023-04-11T09:48:04+00:00\",\"mainEntityOfPage\":{\"@id\":\"https:\\\/\\\/www.laguiadepamplona.com\\\/actualidad\\\/los-grandes-musicales-seran-los-protagonistas-del-concierto-que-manana-viernes-ofrece-la-pamplonesa-en-la-ciudadela\\\/\"},\"wordCount\":230,\"commentCount\":0,\"publisher\":{\"@id\":\"https:\\\/\\\/www.laguiadepamplona.com\\\/actualidad\\\/#organization\"},\"image\":{\"@id\":\"https:\\\/\\\/www.laguiadepamplona.com\\\/actualidad\\\/los-grandes-musicales-seran-los-protagonistas-del-concierto-que-manana-viernes-ofrece-la-pamplonesa-en-la-ciudadela\\\/#primaryimage\"},\"thumbnailUrl\":\"https:\\\/\\\/www.laguiadepamplona.com\\\/actualidad\\\/wp-content\\\/uploads\\\/2022\\\/06\\\/concierto_pamplonesa_plaza_consistorial.webp\",\"articleSection\":[\"Ayto Pamplona\"],\"inLanguage\":\"es\",\"potentialAction\":[{\"@type\":\"CommentAction\",\"name\":\"Comment\",\"target\":[\"https:\\\/\\\/www.laguiadepamplona.com\\\/actualidad\\\/los-grandes-musicales-seran-los-protagonistas-del-concierto-que-manana-viernes-ofrece-la-pamplonesa-en-la-ciudadela\\\/#respond\"]}]},{\"@type\":\"WebPage\",\"@id\":\"https:\\\/\\\/www.laguiadepamplona.com\\\/actualidad\\\/los-grandes-musicales-seran-los-protagonistas-del-concierto-que-manana-viernes-ofrece-la-pamplonesa-en-la-ciudadela\\\/\",\"url\":\"https:\\\/\\\/www.laguiadepamplona.com\\\/actualidad\\\/los-grandes-musicales-seran-los-protagonistas-del-concierto-que-manana-viernes-ofrece-la-pamplonesa-en-la-ciudadela\\\/\",\"name\":\"Los grandes musicales ser\u00e1n los protagonistas del concierto que ma\u00f1ana viernes ofrece La Pamplonesa en la Ciudadela\",\"isPartOf\":{\"@id\":\"https:\\\/\\\/www.laguiadepamplona.com\\\/actualidad\\\/#website\"},\"primaryImageOfPage\":{\"@id\":\"https:\\\/\\\/www.laguiadepamplona.com\\\/actualidad\\\/los-grandes-musicales-seran-los-protagonistas-del-concierto-que-manana-viernes-ofrece-la-pamplonesa-en-la-ciudadela\\\/#primaryimage\"},\"image\":{\"@id\":\"https:\\\/\\\/www.laguiadepamplona.com\\\/actualidad\\\/los-grandes-musicales-seran-los-protagonistas-del-concierto-que-manana-viernes-ofrece-la-pamplonesa-en-la-ciudadela\\\/#primaryimage\"},\"thumbnailUrl\":\"https:\\\/\\\/www.laguiadepamplona.com\\\/actualidad\\\/wp-content\\\/uploads\\\/2022\\\/06\\\/concierto_pamplonesa_plaza_consistorial.webp\",\"datePublished\":\"2022-06-09T10:00:59+00:00\",\"dateModified\":\"2023-04-11T09:48:04+00:00\",\"description\":\"La actuaci\u00f3n comienza a las 20 horas, con entrada libre, y se podr\u00e1n escuchar fragmentos de \u2018Cabaret\u2019, \u2018Los miserables\u2019 o \u2018West Side Story\u2019. Pamplonesa\",\"breadcrumb\":{\"@id\":\"https:\\\/\\\/www.laguiadepamplona.com\\\/actualidad\\\/los-grandes-musicales-seran-los-protagonistas-del-concierto-que-manana-viernes-ofrece-la-pamplonesa-en-la-ciudadela\\\/#breadcrumb\"},\"inLanguage\":\"es\",\"potentialAction\":[{\"@type\":\"ReadAction\",\"target\":[\"https:\\\/\\\/www.laguiadepamplona.com\\\/actualidad\\\/los-grandes-musicales-seran-los-protagonistas-del-concierto-que-manana-viernes-ofrece-la-pamplonesa-en-la-ciudadela\\\/\"]}]},{\"@type\":\"ImageObject\",\"inLanguage\":\"es\",\"@id\":\"https:\\\/\\\/www.laguiadepamplona.com\\\/actualidad\\\/los-grandes-musicales-seran-los-protagonistas-del-concierto-que-manana-viernes-ofrece-la-pamplonesa-en-la-ciudadela\\\/#primaryimage\",\"url\":\"https:\\\/\\\/www.laguiadepamplona.com\\\/actualidad\\\/wp-content\\\/uploads\\\/2022\\\/06\\\/concierto_pamplonesa_plaza_consistorial.webp\",\"contentUrl\":\"https:\\\/\\\/www.laguiadepamplona.com\\\/actualidad\\\/wp-content\\\/uploads\\\/2022\\\/06\\\/concierto_pamplonesa_plaza_consistorial.webp\",\"width\":1920,\"height\":1260,\"caption\":\"la-pamplonesa\"},{\"@type\":\"BreadcrumbList\",\"@id\":\"https:\\\/\\\/www.laguiadepamplona.com\\\/actualidad\\\/los-grandes-musicales-seran-los-protagonistas-del-concierto-que-manana-viernes-ofrece-la-pamplonesa-en-la-ciudadela\\\/#breadcrumb\",\"itemListElement\":[{\"@type\":\"ListItem\",\"position\":1,\"name\":\"Portada\",\"item\":\"https:\\\/\\\/www.laguiadepamplona.com\\\/actualidad\\\/\"},{\"@type\":\"ListItem\",\"position\":2,\"name\":\"Los grandes musicales ser\u00e1n los protagonistas del concierto que ma\u00f1ana viernes ofrece La Pamplonesa en la Ciudadela\"}]},{\"@type\":\"WebSite\",\"@id\":\"https:\\\/\\\/www.laguiadepamplona.com\\\/actualidad\\\/#website\",\"url\":\"https:\\\/\\\/www.laguiadepamplona.com\\\/actualidad\\\/\",\"name\":\"La gu\u00eda de Pamplona\",\"description\":\"Noticias de Pamplona\",\"publisher\":{\"@id\":\"https:\\\/\\\/www.laguiadepamplona.com\\\/actualidad\\\/#organization\"},\"potentialAction\":[{\"@type\":\"SearchAction\",\"target\":{\"@type\":\"EntryPoint\",\"urlTemplate\":\"https:\\\/\\\/www.laguiadepamplona.com\\\/actualidad\\\/?s={search_term_string}\"},\"query-input\":{\"@type\":\"PropertyValueSpecification\",\"valueRequired\":true,\"valueName\":\"search_term_string\"}}],\"inLanguage\":\"es\"},{\"@type\":\"Organization\",\"@id\":\"https:\\\/\\\/www.laguiadepamplona.com\\\/actualidad\\\/#organization\",\"name\":\"La Gu\u00eda de Pamplona \\\/ Noticias\",\"url\":\"https:\\\/\\\/www.laguiadepamplona.com\\\/actualidad\\\/\",\"logo\":{\"@type\":\"ImageObject\",\"inLanguage\":\"es\",\"@id\":\"https:\\\/\\\/www.laguiadepamplona.com\\\/actualidad\\\/#\\\/schema\\\/logo\\\/image\\\/\",\"url\":\"https:\\\/\\\/www.laguiadepamplona.com\\\/actualidad\\\/wp-content\\\/uploads\\\/2018\\\/11\\\/logo-laguiadepamplona18-web1.png\",\"contentUrl\":\"https:\\\/\\\/www.laguiadepamplona.com\\\/actualidad\\\/wp-content\\\/uploads\\\/2018\\\/11\\\/logo-laguiadepamplona18-web1.png\",\"width\":600,\"height\":196,\"caption\":\"La Gu\u00eda de Pamplona \\\/ Noticias\"},\"image\":{\"@id\":\"https:\\\/\\\/www.laguiadepamplona.com\\\/actualidad\\\/#\\\/schema\\\/logo\\\/image\\\/\"},\"sameAs\":[\"https:\\\/\\\/www.facebook.com\\\/laguiadepamplonacom-133175176762273\\\/?ref=hl\",\"https:\\\/\\\/x.com\\\/LaGuiadPamplona\",\"https:\\\/\\\/www.instagram.com\\\/la_guia_de_pamplona\\\/\",\"https:\\\/\\\/www.youtube.com\\\/user\\\/laguiadepamplona\"]},{\"@type\":\"Person\",\"@id\":\"https:\\\/\\\/www.laguiadepamplona.com\\\/actualidad\\\/#\\\/schema\\\/person\\\/efe887376f0213d4657c93adc50b1fdb\",\"name\":\"La Gu\u00eda de Pamplona\",\"image\":{\"@type\":\"ImageObject\",\"inLanguage\":\"es\",\"@id\":\"https:\\\/\\\/secure.gravatar.com\\\/avatar\\\/b6992f131dc8d30ab0dff15446e9d346d9dbd95992de0fef795073f5ea83a81c?s=96&d=mm&r=g\",\"url\":\"https:\\\/\\\/secure.gravatar.com\\\/avatar\\\/b6992f131dc8d30ab0dff15446e9d346d9dbd95992de0fef795073f5ea83a81c?s=96&d=mm&r=g\",\"contentUrl\":\"https:\\\/\\\/secure.gravatar.com\\\/avatar\\\/b6992f131dc8d30ab0dff15446e9d346d9dbd95992de0fef795073f5ea83a81c?s=96&d=mm&r=g\",\"caption\":\"La Gu\u00eda de Pamplona\"}}]}<\/script>\n<!-- \/ Yoast SEO plugin. -->","yoast_head_json":{"title":"Los grandes musicales ser\u00e1n los protagonistas del concierto que ma\u00f1ana viernes ofrece La Pamplonesa en la Ciudadela","description":"La actuaci\u00f3n comienza a las 20 horas, con entrada libre, y se podr\u00e1n escuchar fragmentos de \u2018Cabaret\u2019, \u2018Los miserables\u2019 o \u2018West Side Story\u2019. Pamplonesa","robots":{"index":"index","follow":"follow","max-snippet":"max-snippet:-1","max-image-preview":"max-image-preview:large","max-video-preview":"max-video-preview:-1"},"canonical":"https:\/\/www.laguiadepamplona.com\/actualidad\/los-grandes-musicales-seran-los-protagonistas-del-concierto-que-manana-viernes-ofrece-la-pamplonesa-en-la-ciudadela\/","og_locale":"es_ES","og_type":"article","og_title":"Los grandes musicales ser\u00e1n los protagonistas del concierto que ma\u00f1ana viernes ofrece La Pamplonesa en la Ciudadela","og_description":"La actuaci\u00f3n comienza a las 20 horas, con entrada libre, y se podr\u00e1n escuchar fragmentos de \u2018Cabaret\u2019, \u2018Los miserables\u2019 o \u2018West Side Story\u2019. Pamplonesa","og_url":"https:\/\/www.laguiadepamplona.com\/actualidad\/los-grandes-musicales-seran-los-protagonistas-del-concierto-que-manana-viernes-ofrece-la-pamplonesa-en-la-ciudadela\/","og_site_name":"La Gu\u00eda de Pamplona","article_publisher":"https:\/\/www.facebook.com\/laguiadepamplonacom-133175176762273\/?ref=hl","article_published_time":"2022-06-09T10:00:59+00:00","article_modified_time":"2023-04-11T09:48:04+00:00","og_image":[{"width":1920,"height":1260,"url":"https:\/\/www.laguiadepamplona.com\/actualidad\/wp-content\/uploads\/2022\/06\/concierto_pamplonesa_plaza_consistorial.webp","type":"image\/webp"}],"author":"La Gu\u00eda de Pamplona","twitter_card":"summary_large_image","twitter_creator":"@LaGuiadPamplona","twitter_site":"@LaGuiadPamplona","twitter_misc":{"Escrito por":"La Gu\u00eda de Pamplona","Tiempo de lectura":"1 minuto"},"schema":{"@context":"https:\/\/schema.org","@graph":[{"@type":"Article","@id":"https:\/\/www.laguiadepamplona.com\/actualidad\/los-grandes-musicales-seran-los-protagonistas-del-concierto-que-manana-viernes-ofrece-la-pamplonesa-en-la-ciudadela\/#article","isPartOf":{"@id":"https:\/\/www.laguiadepamplona.com\/actualidad\/los-grandes-musicales-seran-los-protagonistas-del-concierto-que-manana-viernes-ofrece-la-pamplonesa-en-la-ciudadela\/"},"author":{"name":"La Gu\u00eda de Pamplona","@id":"https:\/\/www.laguiadepamplona.com\/actualidad\/#\/schema\/person\/efe887376f0213d4657c93adc50b1fdb"},"headline":"Los grandes musicales ser\u00e1n los protagonistas del concierto que ma\u00f1ana viernes ofrece La Pamplonesa en la Ciudadela","datePublished":"2022-06-09T10:00:59+00:00","dateModified":"2023-04-11T09:48:04+00:00","mainEntityOfPage":{"@id":"https:\/\/www.laguiadepamplona.com\/actualidad\/los-grandes-musicales-seran-los-protagonistas-del-concierto-que-manana-viernes-ofrece-la-pamplonesa-en-la-ciudadela\/"},"wordCount":230,"commentCount":0,"publisher":{"@id":"https:\/\/www.laguiadepamplona.com\/actualidad\/#organization"},"image":{"@id":"https:\/\/www.laguiadepamplona.com\/actualidad\/los-grandes-musicales-seran-los-protagonistas-del-concierto-que-manana-viernes-ofrece-la-pamplonesa-en-la-ciudadela\/#primaryimage"},"thumbnailUrl":"https:\/\/www.laguiadepamplona.com\/actualidad\/wp-content\/uploads\/2022\/06\/concierto_pamplonesa_plaza_consistorial.webp","articleSection":["Ayto Pamplona"],"inLanguage":"es","potentialAction":[{"@type":"CommentAction","name":"Comment","target":["https:\/\/www.laguiadepamplona.com\/actualidad\/los-grandes-musicales-seran-los-protagonistas-del-concierto-que-manana-viernes-ofrece-la-pamplonesa-en-la-ciudadela\/#respond"]}]},{"@type":"WebPage","@id":"https:\/\/www.laguiadepamplona.com\/actualidad\/los-grandes-musicales-seran-los-protagonistas-del-concierto-que-manana-viernes-ofrece-la-pamplonesa-en-la-ciudadela\/","url":"https:\/\/www.laguiadepamplona.com\/actualidad\/los-grandes-musicales-seran-los-protagonistas-del-concierto-que-manana-viernes-ofrece-la-pamplonesa-en-la-ciudadela\/","name":"Los grandes musicales ser\u00e1n los protagonistas del concierto que ma\u00f1ana viernes ofrece La Pamplonesa en la Ciudadela","isPartOf":{"@id":"https:\/\/www.laguiadepamplona.com\/actualidad\/#website"},"primaryImageOfPage":{"@id":"https:\/\/www.laguiadepamplona.com\/actualidad\/los-grandes-musicales-seran-los-protagonistas-del-concierto-que-manana-viernes-ofrece-la-pamplonesa-en-la-ciudadela\/#primaryimage"},"image":{"@id":"https:\/\/www.laguiadepamplona.com\/actualidad\/los-grandes-musicales-seran-los-protagonistas-del-concierto-que-manana-viernes-ofrece-la-pamplonesa-en-la-ciudadela\/#primaryimage"},"thumbnailUrl":"https:\/\/www.laguiadepamplona.com\/actualidad\/wp-content\/uploads\/2022\/06\/concierto_pamplonesa_plaza_consistorial.webp","datePublished":"2022-06-09T10:00:59+00:00","dateModified":"2023-04-11T09:48:04+00:00","description":"La actuaci\u00f3n comienza a las 20 horas, con entrada libre, y se podr\u00e1n escuchar fragmentos de \u2018Cabaret\u2019, \u2018Los miserables\u2019 o \u2018West Side Story\u2019. Pamplonesa","breadcrumb":{"@id":"https:\/\/www.laguiadepamplona.com\/actualidad\/los-grandes-musicales-seran-los-protagonistas-del-concierto-que-manana-viernes-ofrece-la-pamplonesa-en-la-ciudadela\/#breadcrumb"},"inLanguage":"es","potentialAction":[{"@type":"ReadAction","target":["https:\/\/www.laguiadepamplona.com\/actualidad\/los-grandes-musicales-seran-los-protagonistas-del-concierto-que-manana-viernes-ofrece-la-pamplonesa-en-la-ciudadela\/"]}]},{"@type":"ImageObject","inLanguage":"es","@id":"https:\/\/www.laguiadepamplona.com\/actualidad\/los-grandes-musicales-seran-los-protagonistas-del-concierto-que-manana-viernes-ofrece-la-pamplonesa-en-la-ciudadela\/#primaryimage","url":"https:\/\/www.laguiadepamplona.com\/actualidad\/wp-content\/uploads\/2022\/06\/concierto_pamplonesa_plaza_consistorial.webp","contentUrl":"https:\/\/www.laguiadepamplona.com\/actualidad\/wp-content\/uploads\/2022\/06\/concierto_pamplonesa_plaza_consistorial.webp","width":1920,"height":1260,"caption":"la-pamplonesa"},{"@type":"BreadcrumbList","@id":"https:\/\/www.laguiadepamplona.com\/actualidad\/los-grandes-musicales-seran-los-protagonistas-del-concierto-que-manana-viernes-ofrece-la-pamplonesa-en-la-ciudadela\/#breadcrumb","itemListElement":[{"@type":"ListItem","position":1,"name":"Portada","item":"https:\/\/www.laguiadepamplona.com\/actualidad\/"},{"@type":"ListItem","position":2,"name":"Los grandes musicales ser\u00e1n los protagonistas del concierto que ma\u00f1ana viernes ofrece La Pamplonesa en la Ciudadela"}]},{"@type":"WebSite","@id":"https:\/\/www.laguiadepamplona.com\/actualidad\/#website","url":"https:\/\/www.laguiadepamplona.com\/actualidad\/","name":"La gu\u00eda de Pamplona","description":"Noticias de Pamplona","publisher":{"@id":"https:\/\/www.laguiadepamplona.com\/actualidad\/#organization"},"potentialAction":[{"@type":"SearchAction","target":{"@type":"EntryPoint","urlTemplate":"https:\/\/www.laguiadepamplona.com\/actualidad\/?s={search_term_string}"},"query-input":{"@type":"PropertyValueSpecification","valueRequired":true,"valueName":"search_term_string"}}],"inLanguage":"es"},{"@type":"Organization","@id":"https:\/\/www.laguiadepamplona.com\/actualidad\/#organization","name":"La Gu\u00eda de Pamplona \/ Noticias","url":"https:\/\/www.laguiadepamplona.com\/actualidad\/","logo":{"@type":"ImageObject","inLanguage":"es","@id":"https:\/\/www.laguiadepamplona.com\/actualidad\/#\/schema\/logo\/image\/","url":"https:\/\/www.laguiadepamplona.com\/actualidad\/wp-content\/uploads\/2018\/11\/logo-laguiadepamplona18-web1.png","contentUrl":"https:\/\/www.laguiadepamplona.com\/actualidad\/wp-content\/uploads\/2018\/11\/logo-laguiadepamplona18-web1.png","width":600,"height":196,"caption":"La Gu\u00eda de Pamplona \/ Noticias"},"image":{"@id":"https:\/\/www.laguiadepamplona.com\/actualidad\/#\/schema\/logo\/image\/"},"sameAs":["https:\/\/www.facebook.com\/laguiadepamplonacom-133175176762273\/?ref=hl","https:\/\/x.com\/LaGuiadPamplona","https:\/\/www.instagram.com\/la_guia_de_pamplona\/","https:\/\/www.youtube.com\/user\/laguiadepamplona"]},{"@type":"Person","@id":"https:\/\/www.laguiadepamplona.com\/actualidad\/#\/schema\/person\/efe887376f0213d4657c93adc50b1fdb","name":"La Gu\u00eda de Pamplona","image":{"@type":"ImageObject","inLanguage":"es","@id":"https:\/\/secure.gravatar.com\/avatar\/b6992f131dc8d30ab0dff15446e9d346d9dbd95992de0fef795073f5ea83a81c?s=96&d=mm&r=g","url":"https:\/\/secure.gravatar.com\/avatar\/b6992f131dc8d30ab0dff15446e9d346d9dbd95992de0fef795073f5ea83a81c?s=96&d=mm&r=g","contentUrl":"https:\/\/secure.gravatar.com\/avatar\/b6992f131dc8d30ab0dff15446e9d346d9dbd95992de0fef795073f5ea83a81c?s=96&d=mm&r=g","caption":"La Gu\u00eda de Pamplona"}}]}},"post_mailing_queue_ids":[],"_links":{"self":[{"href":"https:\/\/www.laguiadepamplona.com\/actualidad\/wp-json\/wp\/v2\/posts\/40730","targetHints":{"allow":["GET"]}}],"collection":[{"href":"https:\/\/www.laguiadepamplona.com\/actualidad\/wp-json\/wp\/v2\/posts"}],"about":[{"href":"https:\/\/www.laguiadepamplona.com\/actualidad\/wp-json\/wp\/v2\/types\/post"}],"author":[{"embeddable":true,"href":"https:\/\/www.laguiadepamplona.com\/actualidad\/wp-json\/wp\/v2\/users\/1"}],"replies":[{"embeddable":true,"href":"https:\/\/www.laguiadepamplona.com\/actualidad\/wp-json\/wp\/v2\/comments?post=40730"}],"version-history":[{"count":0,"href":"https:\/\/www.laguiadepamplona.com\/actualidad\/wp-json\/wp\/v2\/posts\/40730\/revisions"}],"wp:featuredmedia":[{"embeddable":true,"href":"https:\/\/www.laguiadepamplona.com\/actualidad\/wp-json\/wp\/v2\/media\/40731"}],"wp:attachment":[{"href":"https:\/\/www.laguiadepamplona.com\/actualidad\/wp-json\/wp\/v2\/media?parent=40730"}],"wp:term":[{"taxonomy":"category","embeddable":true,"href":"https:\/\/www.laguiadepamplona.com\/actualidad\/wp-json\/wp\/v2\/categories?post=40730"},{"taxonomy":"post_tag","embeddable":true,"href":"https:\/\/www.laguiadepamplona.com\/actualidad\/wp-json\/wp\/v2\/tags?post=40730"}],"curies":[{"name":"wp","href":"https:\/\/api.w.org\/{rel}","templated":true}]}}