{"id":40727,"date":"2022-06-09T11:51:43","date_gmt":"2022-06-09T09:51:43","guid":{"rendered":"https:\/\/www.laguiadepamplona.com\/actualidad\/?p=40727"},"modified":"2023-04-11T11:48:04","modified_gmt":"2023-04-11T09:48:04","slug":"comercio-hace-ciudad-llega-manana-a-martin-azpilcueta-ensanche-san-juan-ermitagana-y-mendebaldea","status":"publish","type":"post","link":"https:\/\/www.laguiadepamplona.com\/actualidad\/comercio-hace-ciudad-llega-manana-a-martin-azpilcueta-ensanche-san-juan-ermitagana-y-mendebaldea\/","title":{"rendered":"\u2018Comercio hace ciudad\u2019 llega ma\u00f1ana a Mart\u00edn Azpilcueta, Ensanche, San Juan, Ermitaga\u00f1a y Mendebaldea"},"content":{"rendered":"<h5>Habr\u00e1 m\u00fasica en la calle, bailes, exposiciones, juegos infantiles y chocolatada, para dinamizar el peque\u00f1o comercio<\/h5>\n<p><!--more--><\/p>\n<p>Este viernes y s\u00e1bado la iniciativa municipal \u2018Comercio hace ciudad\u2019 vuelve a llevar actividades l\u00fadicas, m\u00fasica y baile a las calles de varios barrios de Pamplona con el objetivo de dinamizar y promocionar el peque\u00f1o comercio. En esta ocasi\u00f3n, es el turno de Mart\u00edn Azpilcueta, Ensanche, San Juan, Ermitaga\u00f1a y Mendebaldea, tras arrancar el fin de semana pasado en San Jorge.<\/p>\n<p>Las personas que acudan a la calle Mart\u00edn Azpilcueta, en el barrio de San Juan, podr\u00e1n disfrutar ma\u00f1ana de 17 a 20 horas, de la m\u00fasica de la escuela de Canto de Jaione Medina. Tambi\u00e9n se expondr\u00e1n en esta v\u00eda, y en la calle San Alberto Magno, varios veh\u00edculos de la Asociaci\u00f3n Motorista Pica de Protecci\u00f3n de la Infancia Contra el Abuso. Ya el s\u00e1bado, de 10.30 a 13.30 horas, ser\u00e1 el turno de los m\u00e1s peque\u00f1os, para los que se instalar\u00e1n diversos hinchables.<br \/>\n<script async src=\"\/\/pagead2.googlesyndication.com\/pagead\/js\/adsbygoogle.js\"><\/script><br \/>\n<!-- Noticias La Guia de Pamplona --><br \/>\n<ins class=\"adsbygoogle\"\nstyle=\"display:block\"\ndata-ad-client=\"ca-pub-6943679897239327\"\ndata-ad-slot=\"7048180777\"\ndata-ad-format=\"auto\"><\/ins><br \/>\n<script>\n(adsbygoogle = window.adsbygoogle || []).push({});\n<\/script><\/p>\n<p>Adem\u00e1s, en la zona comercial que engloba San Juan, Ermitaga\u00f1a y Mendebaldea, los puntos neur\u00e1lgicos de esta campa\u00f1a de \u2018Comercio hace ciudad\u2019 ser\u00e1n la plaza Monasterio de Azuelo y la plaza de Europa, junto a los cines Golem, donde habr\u00e1 animaci\u00f3n musical por parte de la Rondalla Yoar ma\u00f1ana y el s\u00e1bado, respectivamente. En la primera ubicaci\u00f3n, ma\u00f1ana la m\u00fasica sonar\u00e1 de 17 a 20 horas, y, en la segunda, el s\u00e1bado de 10.30 a 13.30 horas.<\/p>\n<p>Las actividades programadas en el II Ensanche se desarrollar\u00e1n en la plaza de la Cruz, en las calles San Ferm\u00edn y Tafalla y en la plaza de la Libertad. En concreto, ma\u00f1ana, de 18 a 20 horas, en la plaza de la Cruz, se expondr\u00e1n fotos antiguas del barrio, y, para los m\u00e1s peque\u00f1os habr\u00e1 hinchables. Adem\u00e1s, se ha organizado una chocolatada solidaria en favor de la Asociaci\u00f3n S\u00edndrome de Phelan McDermind. Entre las calles San Ferm\u00edn y Tafalla, de 18 a 22 horas, se llevar\u00e1n a cabo varias exhibiciones de Altafit y del alumnado de la Escuela de Danza Ravel. El ambiente estar\u00e1 amenizado por una sesi\u00f3n de DJ. Tambi\u00e9n se podr\u00e1 asistir a la actuaci\u00f3n de un \u201chombre forzudo\u201d que har\u00e1 una demostraci\u00f3n de c\u00f3mo arrastrar un coche con la boca y doblar hierros con las manos. El s\u00e1bado, la Plaza de la Libertad acoger\u00e1 varios hinchables, en horario de 10 a 14 horas.<br \/>\n<script async src=\"\/\/pagead2.googlesyndication.com\/pagead\/js\/adsbygoogle.js\"><\/script><br \/>\n<!-- Noticias La Guia de Pamplona --><br \/>\n<ins class=\"adsbygoogle\"\nstyle=\"display:block\"\ndata-ad-client=\"ca-pub-6943679897239327\"\ndata-ad-slot=\"7048180777\"\ndata-ad-format=\"auto\"><\/ins><br \/>\n<script>\n(adsbygoogle = window.adsbygoogle || []).push({});\n<\/script><\/p>\n<p><strong>Desde 2004<\/strong><\/p>\n<p>El Ayuntamiento de Pamplona y las asociaciones de comerciantes de la ciudad llevan, desde 2004, organizando \u2018Comercio hace ciudad\u2019, una iniciativa de dinamizaci\u00f3n del peque\u00f1o comercio. A trav\u00e9s de ella, los principales ejes comerciales de la ciudad acogen propuestas atractivas para la ciudadan\u00eda que den visibilidad a los establecimientos, apoyando al comercio de cercan\u00eda.<\/p>\n<p>En esta edici\u00f3n, las actividades se concentrar\u00e1n en los fines de semana de junio. Una vez realizadas en San Jorge, el pasado s\u00e1bado, d\u00eda 4, y en Martin Azpilcueta, San Juan, Ermitaga\u00f1a y Mendebaldea, y Ensanche, este fin de semana, la pr\u00f3xima semana ser\u00e1 el turno del Casco Antiguo, Iturrama y Txantrea.<br \/>\n<script async src=\"\/\/pagead2.googlesyndication.com\/pagead\/js\/adsbygoogle.js\"><\/script><br \/>\n<!-- Noticias La Guia de Pamplona --><br \/>\n<ins class=\"adsbygoogle\"\nstyle=\"display:block\"\ndata-ad-client=\"ca-pub-6943679897239327\"\ndata-ad-slot=\"7048180777\"\ndata-ad-format=\"auto\"><\/ins><br \/>\n<script>\n(adsbygoogle = window.adsbygoogle || []).push({});\n<\/script><\/p>\n<p>El programa de animaci\u00f3n, dinamizaci\u00f3n y promoci\u00f3n comercial \u2018Comercio hace ciudad\u2019 se enmarca en esta edici\u00f3n dentro del Plan de Recuperaci\u00f3n, Transformaci\u00f3n y Resiliencia, financiado por la Uni\u00f3n Europea \u2013 Next Generation EU, puesto que el plan contempla las actuaciones promocionales en zonas comerciales de alta densidad.<\/p>\n","protected":false},"excerpt":{"rendered":"<p>Habr\u00e1 m\u00fasica en la calle, bailes, exposiciones, juegos infantiles y chocolatada, para dinamizar el peque\u00f1o comercio<\/p>\n","protected":false},"author":1,"featured_media":40728,"comment_status":"open","ping_status":"closed","sticky":false,"template":"","format":"standard","meta":{"footnotes":""},"categories":[2],"tags":[],"class_list":["post-40727","post","type-post","status-publish","format-standard","has-post-thumbnail","hentry","category-ayuntamiento-pamplona"],"yoast_head":"<!-- This site is optimized with the Yoast SEO plugin v27.3 - https:\/\/yoast.com\/product\/yoast-seo-wordpress\/ -->\n<title>\u2018Comercio hace ciudad\u2019 llega ma\u00f1ana a Mart\u00edn Azpilcueta, Ensanche, San Juan, Ermitaga\u00f1a y Mendebaldea<\/title>\n<meta name=\"description\" content=\"Habr\u00e1 m\u00fasica en la calle, bailes, exposiciones, juegos infantiles y chocolatada, para dinamizar el peque\u00f1o comercio\" \/>\n<meta name=\"robots\" content=\"index, follow, max-snippet:-1, max-image-preview:large, max-video-preview:-1\" \/>\n<link rel=\"canonical\" href=\"https:\/\/www.laguiadepamplona.com\/actualidad\/comercio-hace-ciudad-llega-manana-a-martin-azpilcueta-ensanche-san-juan-ermitagana-y-mendebaldea\/\" \/>\n<meta property=\"og:locale\" content=\"es_ES\" \/>\n<meta property=\"og:type\" content=\"article\" \/>\n<meta property=\"og:title\" content=\"\u2018Comercio hace ciudad\u2019 llega ma\u00f1ana a Mart\u00edn Azpilcueta, Ensanche, San Juan, Ermitaga\u00f1a y Mendebaldea\" \/>\n<meta property=\"og:description\" content=\"Habr\u00e1 m\u00fasica en la calle, bailes, exposiciones, juegos infantiles y chocolatada, para dinamizar el peque\u00f1o comercio\" \/>\n<meta property=\"og:url\" content=\"https:\/\/www.laguiadepamplona.com\/actualidad\/comercio-hace-ciudad-llega-manana-a-martin-azpilcueta-ensanche-san-juan-ermitagana-y-mendebaldea\/\" \/>\n<meta property=\"og:site_name\" content=\"La Gu\u00eda de Pamplona\" \/>\n<meta property=\"article:publisher\" content=\"https:\/\/www.facebook.com\/laguiadepamplonacom-133175176762273\/?ref=hl\" \/>\n<meta property=\"article:published_time\" content=\"2022-06-09T09:51:43+00:00\" \/>\n<meta property=\"article:modified_time\" content=\"2023-04-11T09:48:04+00:00\" \/>\n<meta property=\"og:image\" content=\"https:\/\/www.laguiadepamplona.com\/actualidad\/wp-content\/uploads\/2022\/06\/COMERC-HACE-CIUDAD_SAN-JORGE_EE5A3701.webp\" \/>\n\t<meta property=\"og:image:width\" content=\"1920\" \/>\n\t<meta property=\"og:image:height\" content=\"1281\" \/>\n\t<meta property=\"og:image:type\" content=\"image\/webp\" \/>\n<meta name=\"author\" content=\"La Gu\u00eda de Pamplona\" \/>\n<meta name=\"twitter:card\" content=\"summary_large_image\" \/>\n<meta name=\"twitter:creator\" content=\"@LaGuiadPamplona\" \/>\n<meta name=\"twitter:site\" content=\"@LaGuiadPamplona\" \/>\n<meta name=\"twitter:label1\" content=\"Escrito por\" \/>\n\t<meta name=\"twitter:data1\" content=\"La Gu\u00eda de Pamplona\" \/>\n\t<meta name=\"twitter:label2\" content=\"Tiempo de lectura\" \/>\n\t<meta name=\"twitter:data2\" content=\"3 minutos\" \/>\n<script type=\"application\/ld+json\" class=\"yoast-schema-graph\">{\"@context\":\"https:\\\/\\\/schema.org\",\"@graph\":[{\"@type\":\"Article\",\"@id\":\"https:\\\/\\\/www.laguiadepamplona.com\\\/actualidad\\\/comercio-hace-ciudad-llega-manana-a-martin-azpilcueta-ensanche-san-juan-ermitagana-y-mendebaldea\\\/#article\",\"isPartOf\":{\"@id\":\"https:\\\/\\\/www.laguiadepamplona.com\\\/actualidad\\\/comercio-hace-ciudad-llega-manana-a-martin-azpilcueta-ensanche-san-juan-ermitagana-y-mendebaldea\\\/\"},\"author\":{\"name\":\"La Gu\u00eda de Pamplona\",\"@id\":\"https:\\\/\\\/www.laguiadepamplona.com\\\/actualidad\\\/#\\\/schema\\\/person\\\/efe887376f0213d4657c93adc50b1fdb\"},\"headline\":\"\u2018Comercio hace ciudad\u2019 llega ma\u00f1ana a Mart\u00edn Azpilcueta, Ensanche, San Juan, Ermitaga\u00f1a y Mendebaldea\",\"datePublished\":\"2022-06-09T09:51:43+00:00\",\"dateModified\":\"2023-04-11T09:48:04+00:00\",\"mainEntityOfPage\":{\"@id\":\"https:\\\/\\\/www.laguiadepamplona.com\\\/actualidad\\\/comercio-hace-ciudad-llega-manana-a-martin-azpilcueta-ensanche-san-juan-ermitagana-y-mendebaldea\\\/\"},\"wordCount\":618,\"commentCount\":0,\"publisher\":{\"@id\":\"https:\\\/\\\/www.laguiadepamplona.com\\\/actualidad\\\/#organization\"},\"image\":{\"@id\":\"https:\\\/\\\/www.laguiadepamplona.com\\\/actualidad\\\/comercio-hace-ciudad-llega-manana-a-martin-azpilcueta-ensanche-san-juan-ermitagana-y-mendebaldea\\\/#primaryimage\"},\"thumbnailUrl\":\"https:\\\/\\\/www.laguiadepamplona.com\\\/actualidad\\\/wp-content\\\/uploads\\\/2022\\\/06\\\/COMERC-HACE-CIUDAD_SAN-JORGE_EE5A3701.webp\",\"articleSection\":[\"Ayto Pamplona\"],\"inLanguage\":\"es\",\"potentialAction\":[{\"@type\":\"CommentAction\",\"name\":\"Comment\",\"target\":[\"https:\\\/\\\/www.laguiadepamplona.com\\\/actualidad\\\/comercio-hace-ciudad-llega-manana-a-martin-azpilcueta-ensanche-san-juan-ermitagana-y-mendebaldea\\\/#respond\"]}]},{\"@type\":\"WebPage\",\"@id\":\"https:\\\/\\\/www.laguiadepamplona.com\\\/actualidad\\\/comercio-hace-ciudad-llega-manana-a-martin-azpilcueta-ensanche-san-juan-ermitagana-y-mendebaldea\\\/\",\"url\":\"https:\\\/\\\/www.laguiadepamplona.com\\\/actualidad\\\/comercio-hace-ciudad-llega-manana-a-martin-azpilcueta-ensanche-san-juan-ermitagana-y-mendebaldea\\\/\",\"name\":\"\u2018Comercio hace ciudad\u2019 llega ma\u00f1ana a Mart\u00edn Azpilcueta, Ensanche, San Juan, Ermitaga\u00f1a y Mendebaldea\",\"isPartOf\":{\"@id\":\"https:\\\/\\\/www.laguiadepamplona.com\\\/actualidad\\\/#website\"},\"primaryImageOfPage\":{\"@id\":\"https:\\\/\\\/www.laguiadepamplona.com\\\/actualidad\\\/comercio-hace-ciudad-llega-manana-a-martin-azpilcueta-ensanche-san-juan-ermitagana-y-mendebaldea\\\/#primaryimage\"},\"image\":{\"@id\":\"https:\\\/\\\/www.laguiadepamplona.com\\\/actualidad\\\/comercio-hace-ciudad-llega-manana-a-martin-azpilcueta-ensanche-san-juan-ermitagana-y-mendebaldea\\\/#primaryimage\"},\"thumbnailUrl\":\"https:\\\/\\\/www.laguiadepamplona.com\\\/actualidad\\\/wp-content\\\/uploads\\\/2022\\\/06\\\/COMERC-HACE-CIUDAD_SAN-JORGE_EE5A3701.webp\",\"datePublished\":\"2022-06-09T09:51:43+00:00\",\"dateModified\":\"2023-04-11T09:48:04+00:00\",\"description\":\"Habr\u00e1 m\u00fasica en la calle, bailes, exposiciones, juegos infantiles y chocolatada, para dinamizar el peque\u00f1o comercio\",\"breadcrumb\":{\"@id\":\"https:\\\/\\\/www.laguiadepamplona.com\\\/actualidad\\\/comercio-hace-ciudad-llega-manana-a-martin-azpilcueta-ensanche-san-juan-ermitagana-y-mendebaldea\\\/#breadcrumb\"},\"inLanguage\":\"es\",\"potentialAction\":[{\"@type\":\"ReadAction\",\"target\":[\"https:\\\/\\\/www.laguiadepamplona.com\\\/actualidad\\\/comercio-hace-ciudad-llega-manana-a-martin-azpilcueta-ensanche-san-juan-ermitagana-y-mendebaldea\\\/\"]}]},{\"@type\":\"ImageObject\",\"inLanguage\":\"es\",\"@id\":\"https:\\\/\\\/www.laguiadepamplona.com\\\/actualidad\\\/comercio-hace-ciudad-llega-manana-a-martin-azpilcueta-ensanche-san-juan-ermitagana-y-mendebaldea\\\/#primaryimage\",\"url\":\"https:\\\/\\\/www.laguiadepamplona.com\\\/actualidad\\\/wp-content\\\/uploads\\\/2022\\\/06\\\/COMERC-HACE-CIUDAD_SAN-JORGE_EE5A3701.webp\",\"contentUrl\":\"https:\\\/\\\/www.laguiadepamplona.com\\\/actualidad\\\/wp-content\\\/uploads\\\/2022\\\/06\\\/COMERC-HACE-CIUDAD_SAN-JORGE_EE5A3701.webp\",\"width\":1920,\"height\":1281},{\"@type\":\"BreadcrumbList\",\"@id\":\"https:\\\/\\\/www.laguiadepamplona.com\\\/actualidad\\\/comercio-hace-ciudad-llega-manana-a-martin-azpilcueta-ensanche-san-juan-ermitagana-y-mendebaldea\\\/#breadcrumb\",\"itemListElement\":[{\"@type\":\"ListItem\",\"position\":1,\"name\":\"Portada\",\"item\":\"https:\\\/\\\/www.laguiadepamplona.com\\\/actualidad\\\/\"},{\"@type\":\"ListItem\",\"position\":2,\"name\":\"\u2018Comercio hace ciudad\u2019 llega ma\u00f1ana a Mart\u00edn Azpilcueta, Ensanche, San Juan, Ermitaga\u00f1a y Mendebaldea\"}]},{\"@type\":\"WebSite\",\"@id\":\"https:\\\/\\\/www.laguiadepamplona.com\\\/actualidad\\\/#website\",\"url\":\"https:\\\/\\\/www.laguiadepamplona.com\\\/actualidad\\\/\",\"name\":\"La gu\u00eda de Pamplona\",\"description\":\"Noticias de Pamplona\",\"publisher\":{\"@id\":\"https:\\\/\\\/www.laguiadepamplona.com\\\/actualidad\\\/#organization\"},\"potentialAction\":[{\"@type\":\"SearchAction\",\"target\":{\"@type\":\"EntryPoint\",\"urlTemplate\":\"https:\\\/\\\/www.laguiadepamplona.com\\\/actualidad\\\/?s={search_term_string}\"},\"query-input\":{\"@type\":\"PropertyValueSpecification\",\"valueRequired\":true,\"valueName\":\"search_term_string\"}}],\"inLanguage\":\"es\"},{\"@type\":\"Organization\",\"@id\":\"https:\\\/\\\/www.laguiadepamplona.com\\\/actualidad\\\/#organization\",\"name\":\"La Gu\u00eda de Pamplona \\\/ Noticias\",\"url\":\"https:\\\/\\\/www.laguiadepamplona.com\\\/actualidad\\\/\",\"logo\":{\"@type\":\"ImageObject\",\"inLanguage\":\"es\",\"@id\":\"https:\\\/\\\/www.laguiadepamplona.com\\\/actualidad\\\/#\\\/schema\\\/logo\\\/image\\\/\",\"url\":\"https:\\\/\\\/www.laguiadepamplona.com\\\/actualidad\\\/wp-content\\\/uploads\\\/2018\\\/11\\\/logo-laguiadepamplona18-web1.png\",\"contentUrl\":\"https:\\\/\\\/www.laguiadepamplona.com\\\/actualidad\\\/wp-content\\\/uploads\\\/2018\\\/11\\\/logo-laguiadepamplona18-web1.png\",\"width\":600,\"height\":196,\"caption\":\"La Gu\u00eda de Pamplona \\\/ Noticias\"},\"image\":{\"@id\":\"https:\\\/\\\/www.laguiadepamplona.com\\\/actualidad\\\/#\\\/schema\\\/logo\\\/image\\\/\"},\"sameAs\":[\"https:\\\/\\\/www.facebook.com\\\/laguiadepamplonacom-133175176762273\\\/?ref=hl\",\"https:\\\/\\\/x.com\\\/LaGuiadPamplona\",\"https:\\\/\\\/www.instagram.com\\\/la_guia_de_pamplona\\\/\",\"https:\\\/\\\/www.youtube.com\\\/user\\\/laguiadepamplona\"]},{\"@type\":\"Person\",\"@id\":\"https:\\\/\\\/www.laguiadepamplona.com\\\/actualidad\\\/#\\\/schema\\\/person\\\/efe887376f0213d4657c93adc50b1fdb\",\"name\":\"La Gu\u00eda de Pamplona\",\"image\":{\"@type\":\"ImageObject\",\"inLanguage\":\"es\",\"@id\":\"https:\\\/\\\/secure.gravatar.com\\\/avatar\\\/b6992f131dc8d30ab0dff15446e9d346d9dbd95992de0fef795073f5ea83a81c?s=96&d=mm&r=g\",\"url\":\"https:\\\/\\\/secure.gravatar.com\\\/avatar\\\/b6992f131dc8d30ab0dff15446e9d346d9dbd95992de0fef795073f5ea83a81c?s=96&d=mm&r=g\",\"contentUrl\":\"https:\\\/\\\/secure.gravatar.com\\\/avatar\\\/b6992f131dc8d30ab0dff15446e9d346d9dbd95992de0fef795073f5ea83a81c?s=96&d=mm&r=g\",\"caption\":\"La Gu\u00eda de Pamplona\"}}]}<\/script>\n<!-- \/ Yoast SEO plugin. -->","yoast_head_json":{"title":"\u2018Comercio hace ciudad\u2019 llega ma\u00f1ana a Mart\u00edn Azpilcueta, Ensanche, San Juan, Ermitaga\u00f1a y Mendebaldea","description":"Habr\u00e1 m\u00fasica en la calle, bailes, exposiciones, juegos infantiles y chocolatada, para dinamizar el peque\u00f1o comercio","robots":{"index":"index","follow":"follow","max-snippet":"max-snippet:-1","max-image-preview":"max-image-preview:large","max-video-preview":"max-video-preview:-1"},"canonical":"https:\/\/www.laguiadepamplona.com\/actualidad\/comercio-hace-ciudad-llega-manana-a-martin-azpilcueta-ensanche-san-juan-ermitagana-y-mendebaldea\/","og_locale":"es_ES","og_type":"article","og_title":"\u2018Comercio hace ciudad\u2019 llega ma\u00f1ana a Mart\u00edn Azpilcueta, Ensanche, San Juan, Ermitaga\u00f1a y Mendebaldea","og_description":"Habr\u00e1 m\u00fasica en la calle, bailes, exposiciones, juegos infantiles y chocolatada, para dinamizar el peque\u00f1o comercio","og_url":"https:\/\/www.laguiadepamplona.com\/actualidad\/comercio-hace-ciudad-llega-manana-a-martin-azpilcueta-ensanche-san-juan-ermitagana-y-mendebaldea\/","og_site_name":"La Gu\u00eda de Pamplona","article_publisher":"https:\/\/www.facebook.com\/laguiadepamplonacom-133175176762273\/?ref=hl","article_published_time":"2022-06-09T09:51:43+00:00","article_modified_time":"2023-04-11T09:48:04+00:00","og_image":[{"width":1920,"height":1281,"url":"https:\/\/www.laguiadepamplona.com\/actualidad\/wp-content\/uploads\/2022\/06\/COMERC-HACE-CIUDAD_SAN-JORGE_EE5A3701.webp","type":"image\/webp"}],"author":"La Gu\u00eda de Pamplona","twitter_card":"summary_large_image","twitter_creator":"@LaGuiadPamplona","twitter_site":"@LaGuiadPamplona","twitter_misc":{"Escrito por":"La Gu\u00eda de Pamplona","Tiempo de lectura":"3 minutos"},"schema":{"@context":"https:\/\/schema.org","@graph":[{"@type":"Article","@id":"https:\/\/www.laguiadepamplona.com\/actualidad\/comercio-hace-ciudad-llega-manana-a-martin-azpilcueta-ensanche-san-juan-ermitagana-y-mendebaldea\/#article","isPartOf":{"@id":"https:\/\/www.laguiadepamplona.com\/actualidad\/comercio-hace-ciudad-llega-manana-a-martin-azpilcueta-ensanche-san-juan-ermitagana-y-mendebaldea\/"},"author":{"name":"La Gu\u00eda de Pamplona","@id":"https:\/\/www.laguiadepamplona.com\/actualidad\/#\/schema\/person\/efe887376f0213d4657c93adc50b1fdb"},"headline":"\u2018Comercio hace ciudad\u2019 llega ma\u00f1ana a Mart\u00edn Azpilcueta, Ensanche, San Juan, Ermitaga\u00f1a y Mendebaldea","datePublished":"2022-06-09T09:51:43+00:00","dateModified":"2023-04-11T09:48:04+00:00","mainEntityOfPage":{"@id":"https:\/\/www.laguiadepamplona.com\/actualidad\/comercio-hace-ciudad-llega-manana-a-martin-azpilcueta-ensanche-san-juan-ermitagana-y-mendebaldea\/"},"wordCount":618,"commentCount":0,"publisher":{"@id":"https:\/\/www.laguiadepamplona.com\/actualidad\/#organization"},"image":{"@id":"https:\/\/www.laguiadepamplona.com\/actualidad\/comercio-hace-ciudad-llega-manana-a-martin-azpilcueta-ensanche-san-juan-ermitagana-y-mendebaldea\/#primaryimage"},"thumbnailUrl":"https:\/\/www.laguiadepamplona.com\/actualidad\/wp-content\/uploads\/2022\/06\/COMERC-HACE-CIUDAD_SAN-JORGE_EE5A3701.webp","articleSection":["Ayto Pamplona"],"inLanguage":"es","potentialAction":[{"@type":"CommentAction","name":"Comment","target":["https:\/\/www.laguiadepamplona.com\/actualidad\/comercio-hace-ciudad-llega-manana-a-martin-azpilcueta-ensanche-san-juan-ermitagana-y-mendebaldea\/#respond"]}]},{"@type":"WebPage","@id":"https:\/\/www.laguiadepamplona.com\/actualidad\/comercio-hace-ciudad-llega-manana-a-martin-azpilcueta-ensanche-san-juan-ermitagana-y-mendebaldea\/","url":"https:\/\/www.laguiadepamplona.com\/actualidad\/comercio-hace-ciudad-llega-manana-a-martin-azpilcueta-ensanche-san-juan-ermitagana-y-mendebaldea\/","name":"\u2018Comercio hace ciudad\u2019 llega ma\u00f1ana a Mart\u00edn Azpilcueta, Ensanche, San Juan, Ermitaga\u00f1a y Mendebaldea","isPartOf":{"@id":"https:\/\/www.laguiadepamplona.com\/actualidad\/#website"},"primaryImageOfPage":{"@id":"https:\/\/www.laguiadepamplona.com\/actualidad\/comercio-hace-ciudad-llega-manana-a-martin-azpilcueta-ensanche-san-juan-ermitagana-y-mendebaldea\/#primaryimage"},"image":{"@id":"https:\/\/www.laguiadepamplona.com\/actualidad\/comercio-hace-ciudad-llega-manana-a-martin-azpilcueta-ensanche-san-juan-ermitagana-y-mendebaldea\/#primaryimage"},"thumbnailUrl":"https:\/\/www.laguiadepamplona.com\/actualidad\/wp-content\/uploads\/2022\/06\/COMERC-HACE-CIUDAD_SAN-JORGE_EE5A3701.webp","datePublished":"2022-06-09T09:51:43+00:00","dateModified":"2023-04-11T09:48:04+00:00","description":"Habr\u00e1 m\u00fasica en la calle, bailes, exposiciones, juegos infantiles y chocolatada, para dinamizar el peque\u00f1o comercio","breadcrumb":{"@id":"https:\/\/www.laguiadepamplona.com\/actualidad\/comercio-hace-ciudad-llega-manana-a-martin-azpilcueta-ensanche-san-juan-ermitagana-y-mendebaldea\/#breadcrumb"},"inLanguage":"es","potentialAction":[{"@type":"ReadAction","target":["https:\/\/www.laguiadepamplona.com\/actualidad\/comercio-hace-ciudad-llega-manana-a-martin-azpilcueta-ensanche-san-juan-ermitagana-y-mendebaldea\/"]}]},{"@type":"ImageObject","inLanguage":"es","@id":"https:\/\/www.laguiadepamplona.com\/actualidad\/comercio-hace-ciudad-llega-manana-a-martin-azpilcueta-ensanche-san-juan-ermitagana-y-mendebaldea\/#primaryimage","url":"https:\/\/www.laguiadepamplona.com\/actualidad\/wp-content\/uploads\/2022\/06\/COMERC-HACE-CIUDAD_SAN-JORGE_EE5A3701.webp","contentUrl":"https:\/\/www.laguiadepamplona.com\/actualidad\/wp-content\/uploads\/2022\/06\/COMERC-HACE-CIUDAD_SAN-JORGE_EE5A3701.webp","width":1920,"height":1281},{"@type":"BreadcrumbList","@id":"https:\/\/www.laguiadepamplona.com\/actualidad\/comercio-hace-ciudad-llega-manana-a-martin-azpilcueta-ensanche-san-juan-ermitagana-y-mendebaldea\/#breadcrumb","itemListElement":[{"@type":"ListItem","position":1,"name":"Portada","item":"https:\/\/www.laguiadepamplona.com\/actualidad\/"},{"@type":"ListItem","position":2,"name":"\u2018Comercio hace ciudad\u2019 llega ma\u00f1ana a Mart\u00edn Azpilcueta, Ensanche, San Juan, Ermitaga\u00f1a y Mendebaldea"}]},{"@type":"WebSite","@id":"https:\/\/www.laguiadepamplona.com\/actualidad\/#website","url":"https:\/\/www.laguiadepamplona.com\/actualidad\/","name":"La gu\u00eda de Pamplona","description":"Noticias de Pamplona","publisher":{"@id":"https:\/\/www.laguiadepamplona.com\/actualidad\/#organization"},"potentialAction":[{"@type":"SearchAction","target":{"@type":"EntryPoint","urlTemplate":"https:\/\/www.laguiadepamplona.com\/actualidad\/?s={search_term_string}"},"query-input":{"@type":"PropertyValueSpecification","valueRequired":true,"valueName":"search_term_string"}}],"inLanguage":"es"},{"@type":"Organization","@id":"https:\/\/www.laguiadepamplona.com\/actualidad\/#organization","name":"La Gu\u00eda de Pamplona \/ Noticias","url":"https:\/\/www.laguiadepamplona.com\/actualidad\/","logo":{"@type":"ImageObject","inLanguage":"es","@id":"https:\/\/www.laguiadepamplona.com\/actualidad\/#\/schema\/logo\/image\/","url":"https:\/\/www.laguiadepamplona.com\/actualidad\/wp-content\/uploads\/2018\/11\/logo-laguiadepamplona18-web1.png","contentUrl":"https:\/\/www.laguiadepamplona.com\/actualidad\/wp-content\/uploads\/2018\/11\/logo-laguiadepamplona18-web1.png","width":600,"height":196,"caption":"La Gu\u00eda de Pamplona \/ Noticias"},"image":{"@id":"https:\/\/www.laguiadepamplona.com\/actualidad\/#\/schema\/logo\/image\/"},"sameAs":["https:\/\/www.facebook.com\/laguiadepamplonacom-133175176762273\/?ref=hl","https:\/\/x.com\/LaGuiadPamplona","https:\/\/www.instagram.com\/la_guia_de_pamplona\/","https:\/\/www.youtube.com\/user\/laguiadepamplona"]},{"@type":"Person","@id":"https:\/\/www.laguiadepamplona.com\/actualidad\/#\/schema\/person\/efe887376f0213d4657c93adc50b1fdb","name":"La Gu\u00eda de Pamplona","image":{"@type":"ImageObject","inLanguage":"es","@id":"https:\/\/secure.gravatar.com\/avatar\/b6992f131dc8d30ab0dff15446e9d346d9dbd95992de0fef795073f5ea83a81c?s=96&d=mm&r=g","url":"https:\/\/secure.gravatar.com\/avatar\/b6992f131dc8d30ab0dff15446e9d346d9dbd95992de0fef795073f5ea83a81c?s=96&d=mm&r=g","contentUrl":"https:\/\/secure.gravatar.com\/avatar\/b6992f131dc8d30ab0dff15446e9d346d9dbd95992de0fef795073f5ea83a81c?s=96&d=mm&r=g","caption":"La Gu\u00eda de Pamplona"}}]}},"post_mailing_queue_ids":[],"_links":{"self":[{"href":"https:\/\/www.laguiadepamplona.com\/actualidad\/wp-json\/wp\/v2\/posts\/40727","targetHints":{"allow":["GET"]}}],"collection":[{"href":"https:\/\/www.laguiadepamplona.com\/actualidad\/wp-json\/wp\/v2\/posts"}],"about":[{"href":"https:\/\/www.laguiadepamplona.com\/actualidad\/wp-json\/wp\/v2\/types\/post"}],"author":[{"embeddable":true,"href":"https:\/\/www.laguiadepamplona.com\/actualidad\/wp-json\/wp\/v2\/users\/1"}],"replies":[{"embeddable":true,"href":"https:\/\/www.laguiadepamplona.com\/actualidad\/wp-json\/wp\/v2\/comments?post=40727"}],"version-history":[{"count":0,"href":"https:\/\/www.laguiadepamplona.com\/actualidad\/wp-json\/wp\/v2\/posts\/40727\/revisions"}],"wp:featuredmedia":[{"embeddable":true,"href":"https:\/\/www.laguiadepamplona.com\/actualidad\/wp-json\/wp\/v2\/media\/40728"}],"wp:attachment":[{"href":"https:\/\/www.laguiadepamplona.com\/actualidad\/wp-json\/wp\/v2\/media?parent=40727"}],"wp:term":[{"taxonomy":"category","embeddable":true,"href":"https:\/\/www.laguiadepamplona.com\/actualidad\/wp-json\/wp\/v2\/categories?post=40727"},{"taxonomy":"post_tag","embeddable":true,"href":"https:\/\/www.laguiadepamplona.com\/actualidad\/wp-json\/wp\/v2\/tags?post=40727"}],"curies":[{"name":"wp","href":"https:\/\/api.w.org\/{rel}","templated":true}]}}