{"id":40717,"date":"2022-06-08T15:42:18","date_gmt":"2022-06-08T13:42:18","guid":{"rendered":"https:\/\/www.laguiadepamplona.com\/actualidad\/?p=40717"},"modified":"2023-04-11T11:48:04","modified_gmt":"2023-04-11T09:48:04","slug":"sorteados-los-espacios-de-hosteleria-de-la-plaza-del-castillo-para-los-proximos-sanfermines","status":"publish","type":"post","link":"https:\/\/www.laguiadepamplona.com\/actualidad\/sorteados-los-espacios-de-hosteleria-de-la-plaza-del-castillo-para-los-proximos-sanfermines\/","title":{"rendered":"Sorteados los espacios de hosteler\u00eda de la Plaza del Castillo para los pr\u00f3ximos Sanfermines"},"content":{"rendered":"<h5>El sorteo se ha realizado esta ma\u00f1ana y a \u00e9l han concurrido doce establecimientos, tras la renuncia previa de uno de ellos<\/h5>\n<p><!--more--><\/p>\n<p>La Plaza del Castillo contar\u00e1 en los pr\u00f3ximos Sanfermines con diez espacios de hosteler\u00eda ubicados en el l\u00edmite interior de los parterres. Esta ma\u00f1ana se ha llevado a cabo el sorteo de los espacios en el \u00e1rea de Seguridad Ciudadana. Finalmente, han concurrido doce establecimientos hosteleros, tras la renuncia previa de uno de los trece inscritos. Contar\u00e1 con un espacio de barra tipo mostrador los establecimientos hosteleros Kabiya, Torre\u00f3n del Castillo, Kiosko, Erronkari, El Mordisco, Gure Etxea, Tasca de Don Jos\u00e9, Baviera, Txoko y Windsor.<br \/>\n<script async src=\"\/\/pagead2.googlesyndication.com\/pagead\/js\/adsbygoogle.js\"><\/script><br \/>\n<!-- Noticias La Guia de Pamplona --><br \/>\n<ins class=\"adsbygoogle\"\nstyle=\"display:block\"\ndata-ad-client=\"ca-pub-6943679897239327\"\ndata-ad-slot=\"7048180777\"\ndata-ad-format=\"auto\"><\/ins><br \/>\n<script>\n(adsbygoogle = window.adsbygoogle || []).push({});\n<\/script><\/p>\n<p>Estos establecimientos sufragar\u00e1n los gastos de la m\u00fasica de diferentes DJ que actuar\u00e1n en la Plaza del Castillo durante las fiestas. La m\u00fasica mantendr\u00e1 el horario habitual de otros Sanfermines, durante la tarde y la noche, entre las 19 y las 20.50 horas, con par\u00f3n para los bailables de txistu y gaita, y entre las 23.30 y la 1.30 o 2 horas de la madrugada. La ocupaci\u00f3n de esas barras de bar, a modo de mostradores, ha sido una iniciativa dirigida \u00fanicamente a negocios de hosteler\u00eda de la Plaza del Castillo y de la parte alta de la Bajada de Labrit. Las diez barras tipo mostrador estar\u00e1n orientadas al centro de la plaza y podr\u00e1n abrir entre las 10 de la ma\u00f1ana y las 2.30 de la madrugada.<br \/>\n<script async src=\"\/\/pagead2.googlesyndication.com\/pagead\/js\/adsbygoogle.js\"><\/script><br \/>\n<!-- Noticias La Guia de Pamplona --><br \/>\n<ins class=\"adsbygoogle\"\nstyle=\"display:block\"\ndata-ad-client=\"ca-pub-6943679897239327\"\ndata-ad-slot=\"7048180777\"\ndata-ad-format=\"auto\"><\/ins><br \/>\n<script>\n(adsbygoogle = window.adsbygoogle || []).push({});\n<\/script><\/p>\n<p>&nbsp;<\/p>\n<h3>Sorteo Espacios de Hosteler\u00eda en la Plaza del Castillo durante Sanfermines<\/h3>\n<p>&nbsp;<\/p>\n<table width=\"300\">\n<tbody>\n<tr>\n<td width=\"217\"><strong>ESTABLECIMIENTO<\/strong><\/td>\n<td width=\"83\"><strong>TERRAZA<\/strong><\/td>\n<\/tr>\n<tr>\n<td width=\"217\">KABIYA<\/td>\n<td width=\"83\">1<\/td>\n<\/tr>\n<tr>\n<td width=\"217\">TORRE\u00d3N DEL CASTILLO<\/td>\n<td width=\"83\">2<\/td>\n<\/tr>\n<tr>\n<td width=\"217\">BAR KIOSKO<\/td>\n<td width=\"83\">3<\/td>\n<\/tr>\n<tr>\n<td width=\"217\">BAR ERRONKARI<\/td>\n<td width=\"83\">4<\/td>\n<\/tr>\n<tr>\n<td width=\"217\">EL MORDISCO<\/td>\n<td width=\"83\">5<\/td>\n<\/tr>\n<tr>\n<td width=\"217\">BAR GURE ETXEA<\/td>\n<td width=\"83\">6<\/td>\n<\/tr>\n<tr>\n<td width=\"217\">LA TASCA DE DON JOS\u00c9<\/td>\n<td width=\"83\">7<\/td>\n<\/tr>\n<tr>\n<td width=\"217\">BAR BAVIERA<\/td>\n<td width=\"83\">8<\/td>\n<\/tr>\n<tr>\n<td width=\"217\">BAR TXOKO<\/td>\n<td width=\"83\">9<\/td>\n<\/tr>\n<tr>\n<td width=\"217\">WINDSOR<\/td>\n<td width=\"83\">10<\/td>\n<\/tr>\n<\/tbody>\n<\/table>\n","protected":false},"excerpt":{"rendered":"<p>El sorteo se ha realizado esta ma\u00f1ana y a \u00e9l han concurrido doce establecimientos, tras la renuncia previa de uno de ellos<\/p>\n","protected":false},"author":1,"featured_media":40718,"comment_status":"open","ping_status":"closed","sticky":false,"template":"","format":"standard","meta":{"footnotes":""},"categories":[2,9406],"tags":[],"class_list":["post-40717","post","type-post","status-publish","format-standard","has-post-thumbnail","hentry","category-ayuntamiento-pamplona","category-san-fermin"],"yoast_head":"<!-- This site is optimized with the Yoast SEO plugin v27.3 - https:\/\/yoast.com\/product\/yoast-seo-wordpress\/ -->\n<title>Sorteados los espacios de hosteler\u00eda de la Plaza del Castillo para los pr\u00f3ximos Sanfermines<\/title>\n<meta name=\"description\" content=\"El sorteo se ha realizado esta ma\u00f1ana y a \u00e9l han concurrido doce establecimientos, tras la renuncia previa de uno de ellos\" \/>\n<meta name=\"robots\" content=\"index, follow, max-snippet:-1, max-image-preview:large, max-video-preview:-1\" \/>\n<link rel=\"canonical\" href=\"https:\/\/www.laguiadepamplona.com\/actualidad\/sorteados-los-espacios-de-hosteleria-de-la-plaza-del-castillo-para-los-proximos-sanfermines\/\" \/>\n<meta property=\"og:locale\" content=\"es_ES\" \/>\n<meta property=\"og:type\" content=\"article\" \/>\n<meta property=\"og:title\" content=\"Sorteados los espacios de hosteler\u00eda de la Plaza del Castillo para los pr\u00f3ximos Sanfermines\" \/>\n<meta property=\"og:description\" content=\"El sorteo se ha realizado esta ma\u00f1ana y a \u00e9l han concurrido doce establecimientos, tras la renuncia previa de uno de ellos\" \/>\n<meta property=\"og:url\" content=\"https:\/\/www.laguiadepamplona.com\/actualidad\/sorteados-los-espacios-de-hosteleria-de-la-plaza-del-castillo-para-los-proximos-sanfermines\/\" \/>\n<meta property=\"og:site_name\" content=\"La Gu\u00eda de Pamplona\" \/>\n<meta property=\"article:publisher\" content=\"https:\/\/www.facebook.com\/laguiadepamplonacom-133175176762273\/?ref=hl\" \/>\n<meta property=\"article:published_time\" content=\"2022-06-08T13:42:18+00:00\" \/>\n<meta property=\"article:modified_time\" content=\"2023-04-11T09:48:04+00:00\" \/>\n<meta property=\"og:image\" content=\"https:\/\/www.laguiadepamplona.com\/actualidad\/wp-content\/uploads\/2022\/06\/Barras-plaza-del-castillo.jpg\" \/>\n\t<meta property=\"og:image:width\" content=\"960\" \/>\n\t<meta property=\"og:image:height\" content=\"540\" \/>\n\t<meta property=\"og:image:type\" content=\"image\/jpeg\" \/>\n<meta name=\"author\" content=\"La Gu\u00eda de Pamplona\" \/>\n<meta name=\"twitter:card\" content=\"summary_large_image\" \/>\n<meta name=\"twitter:creator\" content=\"@LaGuiadPamplona\" \/>\n<meta name=\"twitter:site\" content=\"@LaGuiadPamplona\" \/>\n<meta name=\"twitter:label1\" content=\"Escrito por\" \/>\n\t<meta name=\"twitter:data1\" content=\"La Gu\u00eda de Pamplona\" \/>\n\t<meta name=\"twitter:label2\" content=\"Tiempo de lectura\" \/>\n\t<meta name=\"twitter:data2\" content=\"2 minutos\" \/>\n<script type=\"application\/ld+json\" class=\"yoast-schema-graph\">{\"@context\":\"https:\\\/\\\/schema.org\",\"@graph\":[{\"@type\":\"Article\",\"@id\":\"https:\\\/\\\/www.laguiadepamplona.com\\\/actualidad\\\/sorteados-los-espacios-de-hosteleria-de-la-plaza-del-castillo-para-los-proximos-sanfermines\\\/#article\",\"isPartOf\":{\"@id\":\"https:\\\/\\\/www.laguiadepamplona.com\\\/actualidad\\\/sorteados-los-espacios-de-hosteleria-de-la-plaza-del-castillo-para-los-proximos-sanfermines\\\/\"},\"author\":{\"name\":\"La Gu\u00eda de Pamplona\",\"@id\":\"https:\\\/\\\/www.laguiadepamplona.com\\\/actualidad\\\/#\\\/schema\\\/person\\\/efe887376f0213d4657c93adc50b1fdb\"},\"headline\":\"Sorteados los espacios de hosteler\u00eda de la Plaza del Castillo para los pr\u00f3ximos Sanfermines\",\"datePublished\":\"2022-06-08T13:42:18+00:00\",\"dateModified\":\"2023-04-11T09:48:04+00:00\",\"mainEntityOfPage\":{\"@id\":\"https:\\\/\\\/www.laguiadepamplona.com\\\/actualidad\\\/sorteados-los-espacios-de-hosteleria-de-la-plaza-del-castillo-para-los-proximos-sanfermines\\\/\"},\"wordCount\":300,\"commentCount\":0,\"publisher\":{\"@id\":\"https:\\\/\\\/www.laguiadepamplona.com\\\/actualidad\\\/#organization\"},\"image\":{\"@id\":\"https:\\\/\\\/www.laguiadepamplona.com\\\/actualidad\\\/sorteados-los-espacios-de-hosteleria-de-la-plaza-del-castillo-para-los-proximos-sanfermines\\\/#primaryimage\"},\"thumbnailUrl\":\"https:\\\/\\\/www.laguiadepamplona.com\\\/actualidad\\\/wp-content\\\/uploads\\\/2022\\\/06\\\/Barras-plaza-del-castillo.jpg\",\"articleSection\":[\"Ayto Pamplona\",\"San Ferm\u00edn\"],\"inLanguage\":\"es\",\"potentialAction\":[{\"@type\":\"CommentAction\",\"name\":\"Comment\",\"target\":[\"https:\\\/\\\/www.laguiadepamplona.com\\\/actualidad\\\/sorteados-los-espacios-de-hosteleria-de-la-plaza-del-castillo-para-los-proximos-sanfermines\\\/#respond\"]}]},{\"@type\":\"WebPage\",\"@id\":\"https:\\\/\\\/www.laguiadepamplona.com\\\/actualidad\\\/sorteados-los-espacios-de-hosteleria-de-la-plaza-del-castillo-para-los-proximos-sanfermines\\\/\",\"url\":\"https:\\\/\\\/www.laguiadepamplona.com\\\/actualidad\\\/sorteados-los-espacios-de-hosteleria-de-la-plaza-del-castillo-para-los-proximos-sanfermines\\\/\",\"name\":\"Sorteados los espacios de hosteler\u00eda de la Plaza del Castillo para los pr\u00f3ximos Sanfermines\",\"isPartOf\":{\"@id\":\"https:\\\/\\\/www.laguiadepamplona.com\\\/actualidad\\\/#website\"},\"primaryImageOfPage\":{\"@id\":\"https:\\\/\\\/www.laguiadepamplona.com\\\/actualidad\\\/sorteados-los-espacios-de-hosteleria-de-la-plaza-del-castillo-para-los-proximos-sanfermines\\\/#primaryimage\"},\"image\":{\"@id\":\"https:\\\/\\\/www.laguiadepamplona.com\\\/actualidad\\\/sorteados-los-espacios-de-hosteleria-de-la-plaza-del-castillo-para-los-proximos-sanfermines\\\/#primaryimage\"},\"thumbnailUrl\":\"https:\\\/\\\/www.laguiadepamplona.com\\\/actualidad\\\/wp-content\\\/uploads\\\/2022\\\/06\\\/Barras-plaza-del-castillo.jpg\",\"datePublished\":\"2022-06-08T13:42:18+00:00\",\"dateModified\":\"2023-04-11T09:48:04+00:00\",\"description\":\"El sorteo se ha realizado esta ma\u00f1ana y a \u00e9l han concurrido doce establecimientos, tras la renuncia previa de uno de ellos\",\"breadcrumb\":{\"@id\":\"https:\\\/\\\/www.laguiadepamplona.com\\\/actualidad\\\/sorteados-los-espacios-de-hosteleria-de-la-plaza-del-castillo-para-los-proximos-sanfermines\\\/#breadcrumb\"},\"inLanguage\":\"es\",\"potentialAction\":[{\"@type\":\"ReadAction\",\"target\":[\"https:\\\/\\\/www.laguiadepamplona.com\\\/actualidad\\\/sorteados-los-espacios-de-hosteleria-de-la-plaza-del-castillo-para-los-proximos-sanfermines\\\/\"]}]},{\"@type\":\"ImageObject\",\"inLanguage\":\"es\",\"@id\":\"https:\\\/\\\/www.laguiadepamplona.com\\\/actualidad\\\/sorteados-los-espacios-de-hosteleria-de-la-plaza-del-castillo-para-los-proximos-sanfermines\\\/#primaryimage\",\"url\":\"https:\\\/\\\/www.laguiadepamplona.com\\\/actualidad\\\/wp-content\\\/uploads\\\/2022\\\/06\\\/Barras-plaza-del-castillo.jpg\",\"contentUrl\":\"https:\\\/\\\/www.laguiadepamplona.com\\\/actualidad\\\/wp-content\\\/uploads\\\/2022\\\/06\\\/Barras-plaza-del-castillo.jpg\",\"width\":960,\"height\":540},{\"@type\":\"BreadcrumbList\",\"@id\":\"https:\\\/\\\/www.laguiadepamplona.com\\\/actualidad\\\/sorteados-los-espacios-de-hosteleria-de-la-plaza-del-castillo-para-los-proximos-sanfermines\\\/#breadcrumb\",\"itemListElement\":[{\"@type\":\"ListItem\",\"position\":1,\"name\":\"Portada\",\"item\":\"https:\\\/\\\/www.laguiadepamplona.com\\\/actualidad\\\/\"},{\"@type\":\"ListItem\",\"position\":2,\"name\":\"Sorteados los espacios de hosteler\u00eda de la Plaza del Castillo para los pr\u00f3ximos Sanfermines\"}]},{\"@type\":\"WebSite\",\"@id\":\"https:\\\/\\\/www.laguiadepamplona.com\\\/actualidad\\\/#website\",\"url\":\"https:\\\/\\\/www.laguiadepamplona.com\\\/actualidad\\\/\",\"name\":\"La gu\u00eda de Pamplona\",\"description\":\"Noticias de Pamplona\",\"publisher\":{\"@id\":\"https:\\\/\\\/www.laguiadepamplona.com\\\/actualidad\\\/#organization\"},\"potentialAction\":[{\"@type\":\"SearchAction\",\"target\":{\"@type\":\"EntryPoint\",\"urlTemplate\":\"https:\\\/\\\/www.laguiadepamplona.com\\\/actualidad\\\/?s={search_term_string}\"},\"query-input\":{\"@type\":\"PropertyValueSpecification\",\"valueRequired\":true,\"valueName\":\"search_term_string\"}}],\"inLanguage\":\"es\"},{\"@type\":\"Organization\",\"@id\":\"https:\\\/\\\/www.laguiadepamplona.com\\\/actualidad\\\/#organization\",\"name\":\"La Gu\u00eda de Pamplona \\\/ Noticias\",\"url\":\"https:\\\/\\\/www.laguiadepamplona.com\\\/actualidad\\\/\",\"logo\":{\"@type\":\"ImageObject\",\"inLanguage\":\"es\",\"@id\":\"https:\\\/\\\/www.laguiadepamplona.com\\\/actualidad\\\/#\\\/schema\\\/logo\\\/image\\\/\",\"url\":\"https:\\\/\\\/www.laguiadepamplona.com\\\/actualidad\\\/wp-content\\\/uploads\\\/2018\\\/11\\\/logo-laguiadepamplona18-web1.png\",\"contentUrl\":\"https:\\\/\\\/www.laguiadepamplona.com\\\/actualidad\\\/wp-content\\\/uploads\\\/2018\\\/11\\\/logo-laguiadepamplona18-web1.png\",\"width\":600,\"height\":196,\"caption\":\"La Gu\u00eda de Pamplona \\\/ Noticias\"},\"image\":{\"@id\":\"https:\\\/\\\/www.laguiadepamplona.com\\\/actualidad\\\/#\\\/schema\\\/logo\\\/image\\\/\"},\"sameAs\":[\"https:\\\/\\\/www.facebook.com\\\/laguiadepamplonacom-133175176762273\\\/?ref=hl\",\"https:\\\/\\\/x.com\\\/LaGuiadPamplona\",\"https:\\\/\\\/www.instagram.com\\\/la_guia_de_pamplona\\\/\",\"https:\\\/\\\/www.youtube.com\\\/user\\\/laguiadepamplona\"]},{\"@type\":\"Person\",\"@id\":\"https:\\\/\\\/www.laguiadepamplona.com\\\/actualidad\\\/#\\\/schema\\\/person\\\/efe887376f0213d4657c93adc50b1fdb\",\"name\":\"La Gu\u00eda de Pamplona\",\"image\":{\"@type\":\"ImageObject\",\"inLanguage\":\"es\",\"@id\":\"https:\\\/\\\/secure.gravatar.com\\\/avatar\\\/b6992f131dc8d30ab0dff15446e9d346d9dbd95992de0fef795073f5ea83a81c?s=96&d=mm&r=g\",\"url\":\"https:\\\/\\\/secure.gravatar.com\\\/avatar\\\/b6992f131dc8d30ab0dff15446e9d346d9dbd95992de0fef795073f5ea83a81c?s=96&d=mm&r=g\",\"contentUrl\":\"https:\\\/\\\/secure.gravatar.com\\\/avatar\\\/b6992f131dc8d30ab0dff15446e9d346d9dbd95992de0fef795073f5ea83a81c?s=96&d=mm&r=g\",\"caption\":\"La Gu\u00eda de Pamplona\"}}]}<\/script>\n<!-- \/ Yoast SEO plugin. -->","yoast_head_json":{"title":"Sorteados los espacios de hosteler\u00eda de la Plaza del Castillo para los pr\u00f3ximos Sanfermines","description":"El sorteo se ha realizado esta ma\u00f1ana y a \u00e9l han concurrido doce establecimientos, tras la renuncia previa de uno de ellos","robots":{"index":"index","follow":"follow","max-snippet":"max-snippet:-1","max-image-preview":"max-image-preview:large","max-video-preview":"max-video-preview:-1"},"canonical":"https:\/\/www.laguiadepamplona.com\/actualidad\/sorteados-los-espacios-de-hosteleria-de-la-plaza-del-castillo-para-los-proximos-sanfermines\/","og_locale":"es_ES","og_type":"article","og_title":"Sorteados los espacios de hosteler\u00eda de la Plaza del Castillo para los pr\u00f3ximos Sanfermines","og_description":"El sorteo se ha realizado esta ma\u00f1ana y a \u00e9l han concurrido doce establecimientos, tras la renuncia previa de uno de ellos","og_url":"https:\/\/www.laguiadepamplona.com\/actualidad\/sorteados-los-espacios-de-hosteleria-de-la-plaza-del-castillo-para-los-proximos-sanfermines\/","og_site_name":"La Gu\u00eda de Pamplona","article_publisher":"https:\/\/www.facebook.com\/laguiadepamplonacom-133175176762273\/?ref=hl","article_published_time":"2022-06-08T13:42:18+00:00","article_modified_time":"2023-04-11T09:48:04+00:00","og_image":[{"width":960,"height":540,"url":"https:\/\/www.laguiadepamplona.com\/actualidad\/wp-content\/uploads\/2022\/06\/Barras-plaza-del-castillo.jpg","type":"image\/jpeg"}],"author":"La Gu\u00eda de Pamplona","twitter_card":"summary_large_image","twitter_creator":"@LaGuiadPamplona","twitter_site":"@LaGuiadPamplona","twitter_misc":{"Escrito por":"La Gu\u00eda de Pamplona","Tiempo de lectura":"2 minutos"},"schema":{"@context":"https:\/\/schema.org","@graph":[{"@type":"Article","@id":"https:\/\/www.laguiadepamplona.com\/actualidad\/sorteados-los-espacios-de-hosteleria-de-la-plaza-del-castillo-para-los-proximos-sanfermines\/#article","isPartOf":{"@id":"https:\/\/www.laguiadepamplona.com\/actualidad\/sorteados-los-espacios-de-hosteleria-de-la-plaza-del-castillo-para-los-proximos-sanfermines\/"},"author":{"name":"La Gu\u00eda de Pamplona","@id":"https:\/\/www.laguiadepamplona.com\/actualidad\/#\/schema\/person\/efe887376f0213d4657c93adc50b1fdb"},"headline":"Sorteados los espacios de hosteler\u00eda de la Plaza del Castillo para los pr\u00f3ximos Sanfermines","datePublished":"2022-06-08T13:42:18+00:00","dateModified":"2023-04-11T09:48:04+00:00","mainEntityOfPage":{"@id":"https:\/\/www.laguiadepamplona.com\/actualidad\/sorteados-los-espacios-de-hosteleria-de-la-plaza-del-castillo-para-los-proximos-sanfermines\/"},"wordCount":300,"commentCount":0,"publisher":{"@id":"https:\/\/www.laguiadepamplona.com\/actualidad\/#organization"},"image":{"@id":"https:\/\/www.laguiadepamplona.com\/actualidad\/sorteados-los-espacios-de-hosteleria-de-la-plaza-del-castillo-para-los-proximos-sanfermines\/#primaryimage"},"thumbnailUrl":"https:\/\/www.laguiadepamplona.com\/actualidad\/wp-content\/uploads\/2022\/06\/Barras-plaza-del-castillo.jpg","articleSection":["Ayto Pamplona","San Ferm\u00edn"],"inLanguage":"es","potentialAction":[{"@type":"CommentAction","name":"Comment","target":["https:\/\/www.laguiadepamplona.com\/actualidad\/sorteados-los-espacios-de-hosteleria-de-la-plaza-del-castillo-para-los-proximos-sanfermines\/#respond"]}]},{"@type":"WebPage","@id":"https:\/\/www.laguiadepamplona.com\/actualidad\/sorteados-los-espacios-de-hosteleria-de-la-plaza-del-castillo-para-los-proximos-sanfermines\/","url":"https:\/\/www.laguiadepamplona.com\/actualidad\/sorteados-los-espacios-de-hosteleria-de-la-plaza-del-castillo-para-los-proximos-sanfermines\/","name":"Sorteados los espacios de hosteler\u00eda de la Plaza del Castillo para los pr\u00f3ximos Sanfermines","isPartOf":{"@id":"https:\/\/www.laguiadepamplona.com\/actualidad\/#website"},"primaryImageOfPage":{"@id":"https:\/\/www.laguiadepamplona.com\/actualidad\/sorteados-los-espacios-de-hosteleria-de-la-plaza-del-castillo-para-los-proximos-sanfermines\/#primaryimage"},"image":{"@id":"https:\/\/www.laguiadepamplona.com\/actualidad\/sorteados-los-espacios-de-hosteleria-de-la-plaza-del-castillo-para-los-proximos-sanfermines\/#primaryimage"},"thumbnailUrl":"https:\/\/www.laguiadepamplona.com\/actualidad\/wp-content\/uploads\/2022\/06\/Barras-plaza-del-castillo.jpg","datePublished":"2022-06-08T13:42:18+00:00","dateModified":"2023-04-11T09:48:04+00:00","description":"El sorteo se ha realizado esta ma\u00f1ana y a \u00e9l han concurrido doce establecimientos, tras la renuncia previa de uno de ellos","breadcrumb":{"@id":"https:\/\/www.laguiadepamplona.com\/actualidad\/sorteados-los-espacios-de-hosteleria-de-la-plaza-del-castillo-para-los-proximos-sanfermines\/#breadcrumb"},"inLanguage":"es","potentialAction":[{"@type":"ReadAction","target":["https:\/\/www.laguiadepamplona.com\/actualidad\/sorteados-los-espacios-de-hosteleria-de-la-plaza-del-castillo-para-los-proximos-sanfermines\/"]}]},{"@type":"ImageObject","inLanguage":"es","@id":"https:\/\/www.laguiadepamplona.com\/actualidad\/sorteados-los-espacios-de-hosteleria-de-la-plaza-del-castillo-para-los-proximos-sanfermines\/#primaryimage","url":"https:\/\/www.laguiadepamplona.com\/actualidad\/wp-content\/uploads\/2022\/06\/Barras-plaza-del-castillo.jpg","contentUrl":"https:\/\/www.laguiadepamplona.com\/actualidad\/wp-content\/uploads\/2022\/06\/Barras-plaza-del-castillo.jpg","width":960,"height":540},{"@type":"BreadcrumbList","@id":"https:\/\/www.laguiadepamplona.com\/actualidad\/sorteados-los-espacios-de-hosteleria-de-la-plaza-del-castillo-para-los-proximos-sanfermines\/#breadcrumb","itemListElement":[{"@type":"ListItem","position":1,"name":"Portada","item":"https:\/\/www.laguiadepamplona.com\/actualidad\/"},{"@type":"ListItem","position":2,"name":"Sorteados los espacios de hosteler\u00eda de la Plaza del Castillo para los pr\u00f3ximos Sanfermines"}]},{"@type":"WebSite","@id":"https:\/\/www.laguiadepamplona.com\/actualidad\/#website","url":"https:\/\/www.laguiadepamplona.com\/actualidad\/","name":"La gu\u00eda de Pamplona","description":"Noticias de Pamplona","publisher":{"@id":"https:\/\/www.laguiadepamplona.com\/actualidad\/#organization"},"potentialAction":[{"@type":"SearchAction","target":{"@type":"EntryPoint","urlTemplate":"https:\/\/www.laguiadepamplona.com\/actualidad\/?s={search_term_string}"},"query-input":{"@type":"PropertyValueSpecification","valueRequired":true,"valueName":"search_term_string"}}],"inLanguage":"es"},{"@type":"Organization","@id":"https:\/\/www.laguiadepamplona.com\/actualidad\/#organization","name":"La Gu\u00eda de Pamplona \/ Noticias","url":"https:\/\/www.laguiadepamplona.com\/actualidad\/","logo":{"@type":"ImageObject","inLanguage":"es","@id":"https:\/\/www.laguiadepamplona.com\/actualidad\/#\/schema\/logo\/image\/","url":"https:\/\/www.laguiadepamplona.com\/actualidad\/wp-content\/uploads\/2018\/11\/logo-laguiadepamplona18-web1.png","contentUrl":"https:\/\/www.laguiadepamplona.com\/actualidad\/wp-content\/uploads\/2018\/11\/logo-laguiadepamplona18-web1.png","width":600,"height":196,"caption":"La Gu\u00eda de Pamplona \/ Noticias"},"image":{"@id":"https:\/\/www.laguiadepamplona.com\/actualidad\/#\/schema\/logo\/image\/"},"sameAs":["https:\/\/www.facebook.com\/laguiadepamplonacom-133175176762273\/?ref=hl","https:\/\/x.com\/LaGuiadPamplona","https:\/\/www.instagram.com\/la_guia_de_pamplona\/","https:\/\/www.youtube.com\/user\/laguiadepamplona"]},{"@type":"Person","@id":"https:\/\/www.laguiadepamplona.com\/actualidad\/#\/schema\/person\/efe887376f0213d4657c93adc50b1fdb","name":"La Gu\u00eda de Pamplona","image":{"@type":"ImageObject","inLanguage":"es","@id":"https:\/\/secure.gravatar.com\/avatar\/b6992f131dc8d30ab0dff15446e9d346d9dbd95992de0fef795073f5ea83a81c?s=96&d=mm&r=g","url":"https:\/\/secure.gravatar.com\/avatar\/b6992f131dc8d30ab0dff15446e9d346d9dbd95992de0fef795073f5ea83a81c?s=96&d=mm&r=g","contentUrl":"https:\/\/secure.gravatar.com\/avatar\/b6992f131dc8d30ab0dff15446e9d346d9dbd95992de0fef795073f5ea83a81c?s=96&d=mm&r=g","caption":"La Gu\u00eda de Pamplona"}}]}},"post_mailing_queue_ids":[],"_links":{"self":[{"href":"https:\/\/www.laguiadepamplona.com\/actualidad\/wp-json\/wp\/v2\/posts\/40717","targetHints":{"allow":["GET"]}}],"collection":[{"href":"https:\/\/www.laguiadepamplona.com\/actualidad\/wp-json\/wp\/v2\/posts"}],"about":[{"href":"https:\/\/www.laguiadepamplona.com\/actualidad\/wp-json\/wp\/v2\/types\/post"}],"author":[{"embeddable":true,"href":"https:\/\/www.laguiadepamplona.com\/actualidad\/wp-json\/wp\/v2\/users\/1"}],"replies":[{"embeddable":true,"href":"https:\/\/www.laguiadepamplona.com\/actualidad\/wp-json\/wp\/v2\/comments?post=40717"}],"version-history":[{"count":0,"href":"https:\/\/www.laguiadepamplona.com\/actualidad\/wp-json\/wp\/v2\/posts\/40717\/revisions"}],"wp:featuredmedia":[{"embeddable":true,"href":"https:\/\/www.laguiadepamplona.com\/actualidad\/wp-json\/wp\/v2\/media\/40718"}],"wp:attachment":[{"href":"https:\/\/www.laguiadepamplona.com\/actualidad\/wp-json\/wp\/v2\/media?parent=40717"}],"wp:term":[{"taxonomy":"category","embeddable":true,"href":"https:\/\/www.laguiadepamplona.com\/actualidad\/wp-json\/wp\/v2\/categories?post=40717"},{"taxonomy":"post_tag","embeddable":true,"href":"https:\/\/www.laguiadepamplona.com\/actualidad\/wp-json\/wp\/v2\/tags?post=40717"}],"curies":[{"name":"wp","href":"https:\/\/api.w.org\/{rel}","templated":true}]}}