{"id":40714,"date":"2022-06-08T13:58:23","date_gmt":"2022-06-08T11:58:23","guid":{"rendered":"https:\/\/www.laguiadepamplona.com\/actualidad\/?p=40714"},"modified":"2023-04-11T11:48:04","modified_gmt":"2023-04-11T09:48:04","slug":"condestable-acoge-una-reproduccion-del-guernica-de-picasso-realizada-en-chocolate-belga-hasta-el-17-de-junio","status":"publish","type":"post","link":"https:\/\/www.laguiadepamplona.com\/actualidad\/condestable-acoge-una-reproduccion-del-guernica-de-picasso-realizada-en-chocolate-belga-hasta-el-17-de-junio\/","title":{"rendered":"Condestable acoge una reproducci\u00f3n del \u2018Guernica\u2019 de Picasso realizada en chocolate belga, hasta el 17 de junio"},"content":{"rendered":"<h5>El cuadro, de las mismas dimensiones que el original, forma parte del jumelage Pamplona-Bayona<\/h5>\n<p><!--more--><\/p>\n<p>Ya se puede ver en Pamplona una reproducci\u00f3n del \u2018Guernica\u2019 de Picasso realizada por 40 reposteros la Comunidad Foral de Navarra, la Comunidad Aut\u00f3noma Vasca y la regi\u00f3n de Nueva Aquitania utilizando m\u00e1s de 400 kilos de chocolate belga negro, con leche y blanco. La paleta de color del cuadro se completa con manteca de cacao coloreada. La obra en chocolate reproduce las dimensiones del original (7,70 metros de base y 3,50 metros de altura) y est\u00e1 armada a partir de 14 piezas que han sido trabajadas artesanalmente en la sede de la empresa Salva Industrial.<br \/>\n<script async src=\"\/\/pagead2.googlesyndication.com\/pagead\/js\/adsbygoogle.js\"><\/script><br \/>\n<!-- Noticias La Guia de Pamplona --><br \/>\n<ins class=\"adsbygoogle\"\nstyle=\"display:block\"\ndata-ad-client=\"ca-pub-6943679897239327\"\ndata-ad-slot=\"7048180777\"\ndata-ad-format=\"auto\"><\/ins><br \/>\n<script>\n(adsbygoogle = window.adsbygoogle || []).push({});\n<\/script><\/p>\n<p>La creaci\u00f3n estar\u00e1 expuesta al p\u00fablico desde hoy hasta el pr\u00f3ximo 17 de junio en la Sala G\u00f3tica del edifico y forma parte de los actos por el jumelage de las ciudades hermanas Pamplona-Bayona. El cuadro, al igual que sucedi\u00f3 con el original, est\u00e1 itinerando desde su creaci\u00f3n. Su exhibici\u00f3n comenz\u00f3 en la localidad de Gernika por el 85 aniversario del bombardeo y ha viajado o viajar\u00e1 a diferentes destinos, como O\u00f1ate, Madrid, Par\u00eds o Bayona.<\/p>\n<p>La elecci\u00f3n del \u2019Guernica\u2019 como referente reside en el car\u00e1cter simb\u00f3lico de ese cuadro como icono de la cultura de la paz y el antibelicismo universal durante el siglo XX. \u2018Guernica\u2019 refleja un momento hist\u00f3rico crucial, el bombardeo sistem\u00e1tico de la ciudad vasca Gernika-Lumo por la Legi\u00f3n C\u00f3ndor alemana, el aniquilamiento de su poblaci\u00f3n civil y la destrucci\u00f3n deliberada sus infraestructuras. Fue en la guerra espa\u00f1ola, pero se ha convertido en s\u00edmbolo del horror de todas las guerras. El malague\u00f1o Pablo Ruiz Picasso lo pint\u00f3 en 1937 por encargo del Gobierno de la Rep\u00fablica de Espa\u00f1a, en plena Guerra Civil.<br \/>\n<script async src=\"\/\/pagead2.googlesyndication.com\/pagead\/js\/adsbygoogle.js\"><\/script><br \/>\n<!-- Noticias La Guia de Pamplona --><br \/>\n<ins class=\"adsbygoogle\"\nstyle=\"display:block\"\ndata-ad-client=\"ca-pub-6943679897239327\"\ndata-ad-slot=\"7048180777\"\ndata-ad-format=\"auto\"><\/ins><br \/>\n<script>\n(adsbygoogle = window.adsbygoogle || []).push({});\n<\/script><\/p>\n<p>Para hacer posible la ejecuci\u00f3n de esta dulce copia, los artesanos fueron acudiendo un pabell\u00f3n industrial de Lezo, siguiendo un horario estricto para aportar su parte al trabajo coral. Diferentes empresas han colaborado con este proyecto cediendo instalaciones, confeccionado el bastidor gigante en el que se exhibe la obra, ayudando al traslado de las placas y aportando el chocolate. La iniciativa parte de la Federaci\u00f3n Vasca de Gastronom\u00eda Dulce Artesana-Euskal Gozogileak y busca reivindicar la tradici\u00f3n chocolatera artesanal de las tres regiones transfronterizas.<\/p>\n<p>En torno a su propuesta, ma\u00f1ana jueves 9 de junio habr\u00e1 una mesa redonda en la que participar\u00e1n fabricantes de chocolate de Pamplona y Bayona. La exhibici\u00f3n del \u2018Guernica\u2019 pone a la ciudadan\u00eda en contacto con las labores artesanales, la historia y las diferentes pr\u00e1cticas de los reposteros.<\/p>\n","protected":false},"excerpt":{"rendered":"<p>El cuadro, de las mismas dimensiones que el original, forma parte del jumelage Pamplona-Bayona<\/p>\n","protected":false},"author":1,"featured_media":40715,"comment_status":"open","ping_status":"closed","sticky":false,"template":"","format":"standard","meta":{"footnotes":""},"categories":[2],"tags":[],"class_list":["post-40714","post","type-post","status-publish","format-standard","has-post-thumbnail","hentry","category-ayuntamiento-pamplona"],"yoast_head":"<!-- This site is optimized with the Yoast SEO plugin v27.3 - https:\/\/yoast.com\/product\/yoast-seo-wordpress\/ -->\n<title>Condestable acoge una reproducci\u00f3n del \u2018Guernica\u2019 de Picasso realizada en chocolate belga, hasta el 17 de junio<\/title>\n<meta name=\"description\" content=\"El cuadro, de las mismas dimensiones que el original, forma parte del jumelage Pamplona-Bayona\" \/>\n<meta name=\"robots\" content=\"index, follow, max-snippet:-1, max-image-preview:large, max-video-preview:-1\" \/>\n<link rel=\"canonical\" href=\"https:\/\/www.laguiadepamplona.com\/actualidad\/condestable-acoge-una-reproduccion-del-guernica-de-picasso-realizada-en-chocolate-belga-hasta-el-17-de-junio\/\" \/>\n<meta property=\"og:locale\" content=\"es_ES\" \/>\n<meta property=\"og:type\" content=\"article\" \/>\n<meta property=\"og:title\" content=\"Condestable acoge una reproducci\u00f3n del \u2018Guernica\u2019 de Picasso realizada en chocolate belga, hasta el 17 de junio\" \/>\n<meta property=\"og:description\" content=\"El cuadro, de las mismas dimensiones que el original, forma parte del jumelage Pamplona-Bayona\" \/>\n<meta property=\"og:url\" content=\"https:\/\/www.laguiadepamplona.com\/actualidad\/condestable-acoge-una-reproduccion-del-guernica-de-picasso-realizada-en-chocolate-belga-hasta-el-17-de-junio\/\" \/>\n<meta property=\"og:site_name\" content=\"La Gu\u00eda de Pamplona\" \/>\n<meta property=\"article:publisher\" content=\"https:\/\/www.facebook.com\/laguiadepamplonacom-133175176762273\/?ref=hl\" \/>\n<meta property=\"article:published_time\" content=\"2022-06-08T11:58:23+00:00\" \/>\n<meta property=\"article:modified_time\" content=\"2023-04-11T09:48:04+00:00\" \/>\n<meta property=\"og:image\" content=\"https:\/\/www.laguiadepamplona.com\/actualidad\/wp-content\/uploads\/2022\/06\/expoguernicachocolateee5a4917.webp\" \/>\n\t<meta property=\"og:image:width\" content=\"1920\" \/>\n\t<meta property=\"og:image:height\" content=\"1278\" \/>\n\t<meta property=\"og:image:type\" content=\"image\/webp\" \/>\n<meta name=\"author\" content=\"La Gu\u00eda de Pamplona\" \/>\n<meta name=\"twitter:card\" content=\"summary_large_image\" \/>\n<meta name=\"twitter:creator\" content=\"@LaGuiadPamplona\" \/>\n<meta name=\"twitter:site\" content=\"@LaGuiadPamplona\" \/>\n<meta name=\"twitter:label1\" content=\"Escrito por\" \/>\n\t<meta name=\"twitter:data1\" content=\"La Gu\u00eda de Pamplona\" \/>\n\t<meta name=\"twitter:label2\" content=\"Tiempo de lectura\" \/>\n\t<meta name=\"twitter:data2\" content=\"2 minutos\" \/>\n<script type=\"application\/ld+json\" class=\"yoast-schema-graph\">{\"@context\":\"https:\\\/\\\/schema.org\",\"@graph\":[{\"@type\":\"Article\",\"@id\":\"https:\\\/\\\/www.laguiadepamplona.com\\\/actualidad\\\/condestable-acoge-una-reproduccion-del-guernica-de-picasso-realizada-en-chocolate-belga-hasta-el-17-de-junio\\\/#article\",\"isPartOf\":{\"@id\":\"https:\\\/\\\/www.laguiadepamplona.com\\\/actualidad\\\/condestable-acoge-una-reproduccion-del-guernica-de-picasso-realizada-en-chocolate-belga-hasta-el-17-de-junio\\\/\"},\"author\":{\"name\":\"La Gu\u00eda de Pamplona\",\"@id\":\"https:\\\/\\\/www.laguiadepamplona.com\\\/actualidad\\\/#\\\/schema\\\/person\\\/efe887376f0213d4657c93adc50b1fdb\"},\"headline\":\"Condestable acoge una reproducci\u00f3n del \u2018Guernica\u2019 de Picasso realizada en chocolate belga, hasta el 17 de junio\",\"datePublished\":\"2022-06-08T11:58:23+00:00\",\"dateModified\":\"2023-04-11T09:48:04+00:00\",\"mainEntityOfPage\":{\"@id\":\"https:\\\/\\\/www.laguiadepamplona.com\\\/actualidad\\\/condestable-acoge-una-reproduccion-del-guernica-de-picasso-realizada-en-chocolate-belga-hasta-el-17-de-junio\\\/\"},\"wordCount\":461,\"commentCount\":0,\"publisher\":{\"@id\":\"https:\\\/\\\/www.laguiadepamplona.com\\\/actualidad\\\/#organization\"},\"image\":{\"@id\":\"https:\\\/\\\/www.laguiadepamplona.com\\\/actualidad\\\/condestable-acoge-una-reproduccion-del-guernica-de-picasso-realizada-en-chocolate-belga-hasta-el-17-de-junio\\\/#primaryimage\"},\"thumbnailUrl\":\"https:\\\/\\\/www.laguiadepamplona.com\\\/actualidad\\\/wp-content\\\/uploads\\\/2022\\\/06\\\/expoguernicachocolateee5a4917.webp\",\"articleSection\":[\"Ayto Pamplona\"],\"inLanguage\":\"es\",\"potentialAction\":[{\"@type\":\"CommentAction\",\"name\":\"Comment\",\"target\":[\"https:\\\/\\\/www.laguiadepamplona.com\\\/actualidad\\\/condestable-acoge-una-reproduccion-del-guernica-de-picasso-realizada-en-chocolate-belga-hasta-el-17-de-junio\\\/#respond\"]}]},{\"@type\":\"WebPage\",\"@id\":\"https:\\\/\\\/www.laguiadepamplona.com\\\/actualidad\\\/condestable-acoge-una-reproduccion-del-guernica-de-picasso-realizada-en-chocolate-belga-hasta-el-17-de-junio\\\/\",\"url\":\"https:\\\/\\\/www.laguiadepamplona.com\\\/actualidad\\\/condestable-acoge-una-reproduccion-del-guernica-de-picasso-realizada-en-chocolate-belga-hasta-el-17-de-junio\\\/\",\"name\":\"Condestable acoge una reproducci\u00f3n del \u2018Guernica\u2019 de Picasso realizada en chocolate belga, hasta el 17 de junio\",\"isPartOf\":{\"@id\":\"https:\\\/\\\/www.laguiadepamplona.com\\\/actualidad\\\/#website\"},\"primaryImageOfPage\":{\"@id\":\"https:\\\/\\\/www.laguiadepamplona.com\\\/actualidad\\\/condestable-acoge-una-reproduccion-del-guernica-de-picasso-realizada-en-chocolate-belga-hasta-el-17-de-junio\\\/#primaryimage\"},\"image\":{\"@id\":\"https:\\\/\\\/www.laguiadepamplona.com\\\/actualidad\\\/condestable-acoge-una-reproduccion-del-guernica-de-picasso-realizada-en-chocolate-belga-hasta-el-17-de-junio\\\/#primaryimage\"},\"thumbnailUrl\":\"https:\\\/\\\/www.laguiadepamplona.com\\\/actualidad\\\/wp-content\\\/uploads\\\/2022\\\/06\\\/expoguernicachocolateee5a4917.webp\",\"datePublished\":\"2022-06-08T11:58:23+00:00\",\"dateModified\":\"2023-04-11T09:48:04+00:00\",\"description\":\"El cuadro, de las mismas dimensiones que el original, forma parte del jumelage Pamplona-Bayona\",\"breadcrumb\":{\"@id\":\"https:\\\/\\\/www.laguiadepamplona.com\\\/actualidad\\\/condestable-acoge-una-reproduccion-del-guernica-de-picasso-realizada-en-chocolate-belga-hasta-el-17-de-junio\\\/#breadcrumb\"},\"inLanguage\":\"es\",\"potentialAction\":[{\"@type\":\"ReadAction\",\"target\":[\"https:\\\/\\\/www.laguiadepamplona.com\\\/actualidad\\\/condestable-acoge-una-reproduccion-del-guernica-de-picasso-realizada-en-chocolate-belga-hasta-el-17-de-junio\\\/\"]}]},{\"@type\":\"ImageObject\",\"inLanguage\":\"es\",\"@id\":\"https:\\\/\\\/www.laguiadepamplona.com\\\/actualidad\\\/condestable-acoge-una-reproduccion-del-guernica-de-picasso-realizada-en-chocolate-belga-hasta-el-17-de-junio\\\/#primaryimage\",\"url\":\"https:\\\/\\\/www.laguiadepamplona.com\\\/actualidad\\\/wp-content\\\/uploads\\\/2022\\\/06\\\/expoguernicachocolateee5a4917.webp\",\"contentUrl\":\"https:\\\/\\\/www.laguiadepamplona.com\\\/actualidad\\\/wp-content\\\/uploads\\\/2022\\\/06\\\/expoguernicachocolateee5a4917.webp\",\"width\":1920,\"height\":1278},{\"@type\":\"BreadcrumbList\",\"@id\":\"https:\\\/\\\/www.laguiadepamplona.com\\\/actualidad\\\/condestable-acoge-una-reproduccion-del-guernica-de-picasso-realizada-en-chocolate-belga-hasta-el-17-de-junio\\\/#breadcrumb\",\"itemListElement\":[{\"@type\":\"ListItem\",\"position\":1,\"name\":\"Portada\",\"item\":\"https:\\\/\\\/www.laguiadepamplona.com\\\/actualidad\\\/\"},{\"@type\":\"ListItem\",\"position\":2,\"name\":\"Condestable acoge una reproducci\u00f3n del \u2018Guernica\u2019 de Picasso realizada en chocolate belga, hasta el 17 de junio\"}]},{\"@type\":\"WebSite\",\"@id\":\"https:\\\/\\\/www.laguiadepamplona.com\\\/actualidad\\\/#website\",\"url\":\"https:\\\/\\\/www.laguiadepamplona.com\\\/actualidad\\\/\",\"name\":\"La gu\u00eda de Pamplona\",\"description\":\"Noticias de Pamplona\",\"publisher\":{\"@id\":\"https:\\\/\\\/www.laguiadepamplona.com\\\/actualidad\\\/#organization\"},\"potentialAction\":[{\"@type\":\"SearchAction\",\"target\":{\"@type\":\"EntryPoint\",\"urlTemplate\":\"https:\\\/\\\/www.laguiadepamplona.com\\\/actualidad\\\/?s={search_term_string}\"},\"query-input\":{\"@type\":\"PropertyValueSpecification\",\"valueRequired\":true,\"valueName\":\"search_term_string\"}}],\"inLanguage\":\"es\"},{\"@type\":\"Organization\",\"@id\":\"https:\\\/\\\/www.laguiadepamplona.com\\\/actualidad\\\/#organization\",\"name\":\"La Gu\u00eda de Pamplona \\\/ Noticias\",\"url\":\"https:\\\/\\\/www.laguiadepamplona.com\\\/actualidad\\\/\",\"logo\":{\"@type\":\"ImageObject\",\"inLanguage\":\"es\",\"@id\":\"https:\\\/\\\/www.laguiadepamplona.com\\\/actualidad\\\/#\\\/schema\\\/logo\\\/image\\\/\",\"url\":\"https:\\\/\\\/www.laguiadepamplona.com\\\/actualidad\\\/wp-content\\\/uploads\\\/2018\\\/11\\\/logo-laguiadepamplona18-web1.png\",\"contentUrl\":\"https:\\\/\\\/www.laguiadepamplona.com\\\/actualidad\\\/wp-content\\\/uploads\\\/2018\\\/11\\\/logo-laguiadepamplona18-web1.png\",\"width\":600,\"height\":196,\"caption\":\"La Gu\u00eda de Pamplona \\\/ Noticias\"},\"image\":{\"@id\":\"https:\\\/\\\/www.laguiadepamplona.com\\\/actualidad\\\/#\\\/schema\\\/logo\\\/image\\\/\"},\"sameAs\":[\"https:\\\/\\\/www.facebook.com\\\/laguiadepamplonacom-133175176762273\\\/?ref=hl\",\"https:\\\/\\\/x.com\\\/LaGuiadPamplona\",\"https:\\\/\\\/www.instagram.com\\\/la_guia_de_pamplona\\\/\",\"https:\\\/\\\/www.youtube.com\\\/user\\\/laguiadepamplona\"]},{\"@type\":\"Person\",\"@id\":\"https:\\\/\\\/www.laguiadepamplona.com\\\/actualidad\\\/#\\\/schema\\\/person\\\/efe887376f0213d4657c93adc50b1fdb\",\"name\":\"La Gu\u00eda de Pamplona\",\"image\":{\"@type\":\"ImageObject\",\"inLanguage\":\"es\",\"@id\":\"https:\\\/\\\/secure.gravatar.com\\\/avatar\\\/b6992f131dc8d30ab0dff15446e9d346d9dbd95992de0fef795073f5ea83a81c?s=96&d=mm&r=g\",\"url\":\"https:\\\/\\\/secure.gravatar.com\\\/avatar\\\/b6992f131dc8d30ab0dff15446e9d346d9dbd95992de0fef795073f5ea83a81c?s=96&d=mm&r=g\",\"contentUrl\":\"https:\\\/\\\/secure.gravatar.com\\\/avatar\\\/b6992f131dc8d30ab0dff15446e9d346d9dbd95992de0fef795073f5ea83a81c?s=96&d=mm&r=g\",\"caption\":\"La Gu\u00eda de Pamplona\"}}]}<\/script>\n<!-- \/ Yoast SEO plugin. -->","yoast_head_json":{"title":"Condestable acoge una reproducci\u00f3n del \u2018Guernica\u2019 de Picasso realizada en chocolate belga, hasta el 17 de junio","description":"El cuadro, de las mismas dimensiones que el original, forma parte del jumelage Pamplona-Bayona","robots":{"index":"index","follow":"follow","max-snippet":"max-snippet:-1","max-image-preview":"max-image-preview:large","max-video-preview":"max-video-preview:-1"},"canonical":"https:\/\/www.laguiadepamplona.com\/actualidad\/condestable-acoge-una-reproduccion-del-guernica-de-picasso-realizada-en-chocolate-belga-hasta-el-17-de-junio\/","og_locale":"es_ES","og_type":"article","og_title":"Condestable acoge una reproducci\u00f3n del \u2018Guernica\u2019 de Picasso realizada en chocolate belga, hasta el 17 de junio","og_description":"El cuadro, de las mismas dimensiones que el original, forma parte del jumelage Pamplona-Bayona","og_url":"https:\/\/www.laguiadepamplona.com\/actualidad\/condestable-acoge-una-reproduccion-del-guernica-de-picasso-realizada-en-chocolate-belga-hasta-el-17-de-junio\/","og_site_name":"La Gu\u00eda de Pamplona","article_publisher":"https:\/\/www.facebook.com\/laguiadepamplonacom-133175176762273\/?ref=hl","article_published_time":"2022-06-08T11:58:23+00:00","article_modified_time":"2023-04-11T09:48:04+00:00","og_image":[{"width":1920,"height":1278,"url":"https:\/\/www.laguiadepamplona.com\/actualidad\/wp-content\/uploads\/2022\/06\/expoguernicachocolateee5a4917.webp","type":"image\/webp"}],"author":"La Gu\u00eda de Pamplona","twitter_card":"summary_large_image","twitter_creator":"@LaGuiadPamplona","twitter_site":"@LaGuiadPamplona","twitter_misc":{"Escrito por":"La Gu\u00eda de Pamplona","Tiempo de lectura":"2 minutos"},"schema":{"@context":"https:\/\/schema.org","@graph":[{"@type":"Article","@id":"https:\/\/www.laguiadepamplona.com\/actualidad\/condestable-acoge-una-reproduccion-del-guernica-de-picasso-realizada-en-chocolate-belga-hasta-el-17-de-junio\/#article","isPartOf":{"@id":"https:\/\/www.laguiadepamplona.com\/actualidad\/condestable-acoge-una-reproduccion-del-guernica-de-picasso-realizada-en-chocolate-belga-hasta-el-17-de-junio\/"},"author":{"name":"La Gu\u00eda de Pamplona","@id":"https:\/\/www.laguiadepamplona.com\/actualidad\/#\/schema\/person\/efe887376f0213d4657c93adc50b1fdb"},"headline":"Condestable acoge una reproducci\u00f3n del \u2018Guernica\u2019 de Picasso realizada en chocolate belga, hasta el 17 de junio","datePublished":"2022-06-08T11:58:23+00:00","dateModified":"2023-04-11T09:48:04+00:00","mainEntityOfPage":{"@id":"https:\/\/www.laguiadepamplona.com\/actualidad\/condestable-acoge-una-reproduccion-del-guernica-de-picasso-realizada-en-chocolate-belga-hasta-el-17-de-junio\/"},"wordCount":461,"commentCount":0,"publisher":{"@id":"https:\/\/www.laguiadepamplona.com\/actualidad\/#organization"},"image":{"@id":"https:\/\/www.laguiadepamplona.com\/actualidad\/condestable-acoge-una-reproduccion-del-guernica-de-picasso-realizada-en-chocolate-belga-hasta-el-17-de-junio\/#primaryimage"},"thumbnailUrl":"https:\/\/www.laguiadepamplona.com\/actualidad\/wp-content\/uploads\/2022\/06\/expoguernicachocolateee5a4917.webp","articleSection":["Ayto Pamplona"],"inLanguage":"es","potentialAction":[{"@type":"CommentAction","name":"Comment","target":["https:\/\/www.laguiadepamplona.com\/actualidad\/condestable-acoge-una-reproduccion-del-guernica-de-picasso-realizada-en-chocolate-belga-hasta-el-17-de-junio\/#respond"]}]},{"@type":"WebPage","@id":"https:\/\/www.laguiadepamplona.com\/actualidad\/condestable-acoge-una-reproduccion-del-guernica-de-picasso-realizada-en-chocolate-belga-hasta-el-17-de-junio\/","url":"https:\/\/www.laguiadepamplona.com\/actualidad\/condestable-acoge-una-reproduccion-del-guernica-de-picasso-realizada-en-chocolate-belga-hasta-el-17-de-junio\/","name":"Condestable acoge una reproducci\u00f3n del \u2018Guernica\u2019 de Picasso realizada en chocolate belga, hasta el 17 de junio","isPartOf":{"@id":"https:\/\/www.laguiadepamplona.com\/actualidad\/#website"},"primaryImageOfPage":{"@id":"https:\/\/www.laguiadepamplona.com\/actualidad\/condestable-acoge-una-reproduccion-del-guernica-de-picasso-realizada-en-chocolate-belga-hasta-el-17-de-junio\/#primaryimage"},"image":{"@id":"https:\/\/www.laguiadepamplona.com\/actualidad\/condestable-acoge-una-reproduccion-del-guernica-de-picasso-realizada-en-chocolate-belga-hasta-el-17-de-junio\/#primaryimage"},"thumbnailUrl":"https:\/\/www.laguiadepamplona.com\/actualidad\/wp-content\/uploads\/2022\/06\/expoguernicachocolateee5a4917.webp","datePublished":"2022-06-08T11:58:23+00:00","dateModified":"2023-04-11T09:48:04+00:00","description":"El cuadro, de las mismas dimensiones que el original, forma parte del jumelage Pamplona-Bayona","breadcrumb":{"@id":"https:\/\/www.laguiadepamplona.com\/actualidad\/condestable-acoge-una-reproduccion-del-guernica-de-picasso-realizada-en-chocolate-belga-hasta-el-17-de-junio\/#breadcrumb"},"inLanguage":"es","potentialAction":[{"@type":"ReadAction","target":["https:\/\/www.laguiadepamplona.com\/actualidad\/condestable-acoge-una-reproduccion-del-guernica-de-picasso-realizada-en-chocolate-belga-hasta-el-17-de-junio\/"]}]},{"@type":"ImageObject","inLanguage":"es","@id":"https:\/\/www.laguiadepamplona.com\/actualidad\/condestable-acoge-una-reproduccion-del-guernica-de-picasso-realizada-en-chocolate-belga-hasta-el-17-de-junio\/#primaryimage","url":"https:\/\/www.laguiadepamplona.com\/actualidad\/wp-content\/uploads\/2022\/06\/expoguernicachocolateee5a4917.webp","contentUrl":"https:\/\/www.laguiadepamplona.com\/actualidad\/wp-content\/uploads\/2022\/06\/expoguernicachocolateee5a4917.webp","width":1920,"height":1278},{"@type":"BreadcrumbList","@id":"https:\/\/www.laguiadepamplona.com\/actualidad\/condestable-acoge-una-reproduccion-del-guernica-de-picasso-realizada-en-chocolate-belga-hasta-el-17-de-junio\/#breadcrumb","itemListElement":[{"@type":"ListItem","position":1,"name":"Portada","item":"https:\/\/www.laguiadepamplona.com\/actualidad\/"},{"@type":"ListItem","position":2,"name":"Condestable acoge una reproducci\u00f3n del \u2018Guernica\u2019 de Picasso realizada en chocolate belga, hasta el 17 de junio"}]},{"@type":"WebSite","@id":"https:\/\/www.laguiadepamplona.com\/actualidad\/#website","url":"https:\/\/www.laguiadepamplona.com\/actualidad\/","name":"La gu\u00eda de Pamplona","description":"Noticias de Pamplona","publisher":{"@id":"https:\/\/www.laguiadepamplona.com\/actualidad\/#organization"},"potentialAction":[{"@type":"SearchAction","target":{"@type":"EntryPoint","urlTemplate":"https:\/\/www.laguiadepamplona.com\/actualidad\/?s={search_term_string}"},"query-input":{"@type":"PropertyValueSpecification","valueRequired":true,"valueName":"search_term_string"}}],"inLanguage":"es"},{"@type":"Organization","@id":"https:\/\/www.laguiadepamplona.com\/actualidad\/#organization","name":"La Gu\u00eda de Pamplona \/ Noticias","url":"https:\/\/www.laguiadepamplona.com\/actualidad\/","logo":{"@type":"ImageObject","inLanguage":"es","@id":"https:\/\/www.laguiadepamplona.com\/actualidad\/#\/schema\/logo\/image\/","url":"https:\/\/www.laguiadepamplona.com\/actualidad\/wp-content\/uploads\/2018\/11\/logo-laguiadepamplona18-web1.png","contentUrl":"https:\/\/www.laguiadepamplona.com\/actualidad\/wp-content\/uploads\/2018\/11\/logo-laguiadepamplona18-web1.png","width":600,"height":196,"caption":"La Gu\u00eda de Pamplona \/ Noticias"},"image":{"@id":"https:\/\/www.laguiadepamplona.com\/actualidad\/#\/schema\/logo\/image\/"},"sameAs":["https:\/\/www.facebook.com\/laguiadepamplonacom-133175176762273\/?ref=hl","https:\/\/x.com\/LaGuiadPamplona","https:\/\/www.instagram.com\/la_guia_de_pamplona\/","https:\/\/www.youtube.com\/user\/laguiadepamplona"]},{"@type":"Person","@id":"https:\/\/www.laguiadepamplona.com\/actualidad\/#\/schema\/person\/efe887376f0213d4657c93adc50b1fdb","name":"La Gu\u00eda de Pamplona","image":{"@type":"ImageObject","inLanguage":"es","@id":"https:\/\/secure.gravatar.com\/avatar\/b6992f131dc8d30ab0dff15446e9d346d9dbd95992de0fef795073f5ea83a81c?s=96&d=mm&r=g","url":"https:\/\/secure.gravatar.com\/avatar\/b6992f131dc8d30ab0dff15446e9d346d9dbd95992de0fef795073f5ea83a81c?s=96&d=mm&r=g","contentUrl":"https:\/\/secure.gravatar.com\/avatar\/b6992f131dc8d30ab0dff15446e9d346d9dbd95992de0fef795073f5ea83a81c?s=96&d=mm&r=g","caption":"La Gu\u00eda de Pamplona"}}]}},"post_mailing_queue_ids":[],"_links":{"self":[{"href":"https:\/\/www.laguiadepamplona.com\/actualidad\/wp-json\/wp\/v2\/posts\/40714","targetHints":{"allow":["GET"]}}],"collection":[{"href":"https:\/\/www.laguiadepamplona.com\/actualidad\/wp-json\/wp\/v2\/posts"}],"about":[{"href":"https:\/\/www.laguiadepamplona.com\/actualidad\/wp-json\/wp\/v2\/types\/post"}],"author":[{"embeddable":true,"href":"https:\/\/www.laguiadepamplona.com\/actualidad\/wp-json\/wp\/v2\/users\/1"}],"replies":[{"embeddable":true,"href":"https:\/\/www.laguiadepamplona.com\/actualidad\/wp-json\/wp\/v2\/comments?post=40714"}],"version-history":[{"count":0,"href":"https:\/\/www.laguiadepamplona.com\/actualidad\/wp-json\/wp\/v2\/posts\/40714\/revisions"}],"wp:featuredmedia":[{"embeddable":true,"href":"https:\/\/www.laguiadepamplona.com\/actualidad\/wp-json\/wp\/v2\/media\/40715"}],"wp:attachment":[{"href":"https:\/\/www.laguiadepamplona.com\/actualidad\/wp-json\/wp\/v2\/media?parent=40714"}],"wp:term":[{"taxonomy":"category","embeddable":true,"href":"https:\/\/www.laguiadepamplona.com\/actualidad\/wp-json\/wp\/v2\/categories?post=40714"},{"taxonomy":"post_tag","embeddable":true,"href":"https:\/\/www.laguiadepamplona.com\/actualidad\/wp-json\/wp\/v2\/tags?post=40714"}],"curies":[{"name":"wp","href":"https:\/\/api.w.org\/{rel}","templated":true}]}}