{"id":40706,"date":"2022-06-08T13:52:54","date_gmt":"2022-06-08T11:52:54","guid":{"rendered":"https:\/\/www.laguiadepamplona.com\/actualidad\/?p=40706"},"modified":"2023-04-11T11:48:05","modified_gmt":"2023-04-11T09:48:05","slug":"miguel-arizcuren-steven-morocho-alexia-cilveti-y-daniel-arzoz-de-15-a-17-anos-volaran-a-bruselas-con-erasmus-y-coworkids","status":"publish","type":"post","link":"https:\/\/www.laguiadepamplona.com\/actualidad\/miguel-arizcuren-steven-morocho-alexia-cilveti-y-daniel-arzoz-de-15-a-17-anos-volaran-a-bruselas-con-erasmus-y-coworkids\/","title":{"rendered":"Miguel Arizcuren, Steven Morocho, Alexia Cilveti y Daniel Arzoz, de 15 a 17 a\u00f1os, volar\u00e1n a Bruselas con Erasmus+ y COworkids"},"content":{"rendered":"<h5>Han ganado su sitio en el vuelo trabajando sobre pobreza menstrual, cambios ambientales reales, redes de j\u00f3venes y la propuesta \u201cbalontiestos\u201d<\/h5>\n<p><!--more--><\/p>\n<p>Miguel Arizcuren (17), Steven Morocho (16), Alexia Cilveti (15) y Daniel Arzoz (17) ser\u00e1n los cuatro adolescentes que viajen a Bruselas del 26 de junio al 1 de julio gracias a la Comisi\u00f3n Europea, dentro del trabajo realizado en el programa COworkids del Ayuntamiento de Pamplona. El concejal especial de Deporte y Juventud del Ayuntamiento de Pamplona, Fernando Aranguren, se ha reunido con ellos y con la coordinadora del programa municipal, Celia Pinedo, y Alicia Claver\u00eda, t\u00e9cnica de Integraci\u00f3n Social de COworkids Iturrama, que ser\u00e1n quienes les acompa\u00f1en en el viaje.<br \/>\n<script async src=\"\/\/pagead2.googlesyndication.com\/pagead\/js\/adsbygoogle.js\"><\/script><br \/>\n<!-- Noticias La Guia de Pamplona --><br \/>\n<ins class=\"adsbygoogle\"\nstyle=\"display:block\"\ndata-ad-client=\"ca-pub-6943679897239327\"\ndata-ad-slot=\"7048180777\"\ndata-ad-format=\"auto\"><\/ins><br \/>\n<script>\n(adsbygoogle = window.adsbygoogle || []).push({});\n<\/script><\/p>\n<p>El programa municipal COworkids ha desarrollado, desde principios de a\u00f1o, un proyecto europeo con la financiaci\u00f3n de la Comisi\u00f3n Europea, en el marco de programa Erasmus+. Un total de 50 adolescentes han participado en 15 sesiones formativas. Las tem\u00e1ticas abordadas han sensibilizado a los j\u00f3venes sobre el papel de la Uni\u00f3n Europea en el d\u00eda a d\u00eda de la ciudadan\u00eda, las pol\u00edticas sobre igualdad de g\u00e9nero en Europa, as\u00ed como las medidas en materia medioambiental o los Objetivos de Desarrollo Sostenible. Los cuatro adolescentes seleccionados lo fueron tras presentar ante un jurado externo una idea, sugerencia o pregunta que realizar\u00edan ante las autoridades de Bruselas, es decir, durante 3 minutos, expusieron un \u201ctema de conversaci\u00f3n\u201d sobre el que hab\u00edan trabajado los meses anteriores.<\/p>\n<p>Para organizar el viaje COworkids cuenta con la colaboraci\u00f3n de la Delegaci\u00f3n del Gobierno de Navarra en Bruselas y est\u00e1 previsto que se realicen visitas a instituciones europeas, visitas culturales y reuniones con representantes de entidades europeas.<br \/>\n<script async src=\"\/\/pagead2.googlesyndication.com\/pagead\/js\/adsbygoogle.js\"><\/script><br \/>\n<!-- Noticias La Guia de Pamplona --><br \/>\n<ins class=\"adsbygoogle\"\nstyle=\"display:block\"\ndata-ad-client=\"ca-pub-6943679897239327\"\ndata-ad-slot=\"7048180777\"\ndata-ad-format=\"auto\"><\/ins><br \/>\n<script>\n(adsbygoogle = window.adsbygoogle || []).push({});\n<\/script><\/p>\n<p><strong>Cuatro ideas para cambiar el mundo<\/strong><\/p>\n<p>Los indicadores que valor\u00f3 el jurado a la hora de elegir de entre las candidaturas fueron la claridad en la exposici\u00f3n oral, el contenido alineado con los ODS, que la propuesta estuviera relacionada con competencias de la UE y seguridad personal a la hora de explicar la propuesta (capacidad de convicci\u00f3n). De todo ello hicieron gala las personas ganadoras al exponer sus ideas.<\/p>\n<p>En concreto Miguel Arizcuren, 17 a\u00f1os, alumno del Colegio Sagrado Coraz\u00f3n de Pamplona se centr\u00f3 en la pobreza menstrual, \u201cun grave problema a\u00fan desconocido para muchos en nuestra sociedad actual que afecta a una de cada cinco mujeres de la Uni\u00f3n Europea\u201d y Steven Ren\u00e9 Morocho, 16 a\u00f1os, alumno del IES Plaza de la Cruz, plante\u00f3 que \u201clas medidas medioambientales ya tomadas son insuficientes, por lo que hay que tomar acciones inmediatas empezando por cambiar la econom\u00eda e involucrar a todos, porque de nada sirven propiedades y lujos si no tenemos d\u00f3nde disfrutarlos\u201d. Por su parte Alexia Cilveti, 15 a\u00f1os, alumna del Colegio Teresianas, centr\u00f3 su propuesta en el Objetivo de Desarrollo Sostenible 17, buscando el fomento de redes y alianzas para crear grupos de trabajo sobre los intereses de las personas m\u00e1s j\u00f3venes y, fianlmente, Daniel Arzoz, 17 a\u00f1os, alumno del Colegio Sagrado Coraz\u00f3n y jugador de baloncesto que aport\u00f3 la propuesta \u201cBal\u00f3n pinchado, entorno mejorado\u201d: reciclar balones estropeados de federaciones de baloncesto para crear unos nuevos o crear \u00abbalontiestos\u00bb, macetas ecol\u00f3gicas colaborando con asociaciones sociales, y con recompensas para los clubes que m\u00e1s balones reciclen.<br \/>\n<script async src=\"\/\/pagead2.googlesyndication.com\/pagead\/js\/adsbygoogle.js\"><\/script><br \/>\n<!-- Noticias La Guia de Pamplona --><br \/>\n<ins class=\"adsbygoogle\"\nstyle=\"display:block\"\ndata-ad-client=\"ca-pub-6943679897239327\"\ndata-ad-slot=\"7048180777\"\ndata-ad-format=\"auto\"><\/ins><br \/>\n<script>\n(adsbygoogle = window.adsbygoogle || []).push({});\n<\/script><\/p>\n<p>El jurado ha estado formado por Raquel Ezquerra, de Programas Europeos de Juventud del Instituto Navarro de la Juventud; Carmen P\u00e9rez, Asociaci\u00f3n Equipo Europa Navarra; Montxo Oroz, M\u00e9dicus Mundi Navarra, Coordinadora de ONGD de Navarra; Maicu D\u00edaz de Ter\u00e1n, Asociaci\u00f3n Innovactoras; Mar\u00eda Mart\u00edn, Museo de Educaci\u00f3n Medioambiental de Pamplona e Isabel Mac\u00edas, jefa de la secci\u00f3n de Coordinaci\u00f3n e Impulso de la Direcci\u00f3n General de Acci\u00f3n Exterior del Gobierno de Navarra.<\/p>\n","protected":false},"excerpt":{"rendered":"<p>Han ganado su sitio en el vuelo trabajando sobre pobreza menstrual, cambios ambientales reales, redes de j\u00f3venes y la propuesta \u201cbalontiestos\u201d<\/p>\n","protected":false},"author":1,"featured_media":40707,"comment_status":"open","ping_status":"closed","sticky":false,"template":"","format":"standard","meta":{"footnotes":""},"categories":[2],"tags":[],"class_list":["post-40706","post","type-post","status-publish","format-standard","has-post-thumbnail","hentry","category-ayuntamiento-pamplona"],"yoast_head":"<!-- This site is optimized with the Yoast SEO plugin v27.3 - https:\/\/yoast.com\/product\/yoast-seo-wordpress\/ -->\n<title>Miguel Arizcuren, Steven Morocho, Alexia Cilveti y Daniel Arzoz, de 15 a 17 a\u00f1os, volar\u00e1n a Bruselas con Erasmus+ y COworkids<\/title>\n<meta name=\"description\" content=\"Han ganado su sitio en el vuelo trabajando sobre pobreza menstrual, cambios ambientales reales, redes de j\u00f3venes y la propuesta \u201cbalontiestos\u201d\" \/>\n<meta name=\"robots\" content=\"index, follow, max-snippet:-1, max-image-preview:large, max-video-preview:-1\" \/>\n<link rel=\"canonical\" href=\"https:\/\/www.laguiadepamplona.com\/actualidad\/miguel-arizcuren-steven-morocho-alexia-cilveti-y-daniel-arzoz-de-15-a-17-anos-volaran-a-bruselas-con-erasmus-y-coworkids\/\" \/>\n<meta property=\"og:locale\" content=\"es_ES\" \/>\n<meta property=\"og:type\" content=\"article\" \/>\n<meta property=\"og:title\" content=\"Miguel Arizcuren, Steven Morocho, Alexia Cilveti y Daniel Arzoz, de 15 a 17 a\u00f1os, volar\u00e1n a Bruselas con Erasmus+ y COworkids\" \/>\n<meta property=\"og:description\" content=\"Han ganado su sitio en el vuelo trabajando sobre pobreza menstrual, cambios ambientales reales, redes de j\u00f3venes y la propuesta \u201cbalontiestos\u201d\" \/>\n<meta property=\"og:url\" content=\"https:\/\/www.laguiadepamplona.com\/actualidad\/miguel-arizcuren-steven-morocho-alexia-cilveti-y-daniel-arzoz-de-15-a-17-anos-volaran-a-bruselas-con-erasmus-y-coworkids\/\" \/>\n<meta property=\"og:site_name\" content=\"La Gu\u00eda de Pamplona\" \/>\n<meta property=\"article:publisher\" content=\"https:\/\/www.facebook.com\/laguiadepamplonacom-133175176762273\/?ref=hl\" \/>\n<meta property=\"article:published_time\" content=\"2022-06-08T11:52:54+00:00\" \/>\n<meta property=\"article:modified_time\" content=\"2023-04-11T09:48:05+00:00\" \/>\n<meta property=\"og:image\" content=\"https:\/\/www.laguiadepamplona.com\/actualidad\/wp-content\/uploads\/2022\/06\/programaerasmusbruselasee5a4632_0.webp\" \/>\n\t<meta property=\"og:image:width\" content=\"1920\" \/>\n\t<meta property=\"og:image:height\" content=\"1280\" \/>\n\t<meta property=\"og:image:type\" content=\"image\/webp\" \/>\n<meta name=\"author\" content=\"La Gu\u00eda de Pamplona\" \/>\n<meta name=\"twitter:card\" content=\"summary_large_image\" \/>\n<meta name=\"twitter:creator\" content=\"@LaGuiadPamplona\" \/>\n<meta name=\"twitter:site\" content=\"@LaGuiadPamplona\" \/>\n<meta name=\"twitter:label1\" content=\"Escrito por\" \/>\n\t<meta name=\"twitter:data1\" content=\"La Gu\u00eda de Pamplona\" \/>\n\t<meta name=\"twitter:label2\" content=\"Tiempo de lectura\" \/>\n\t<meta name=\"twitter:data2\" content=\"3 minutos\" \/>\n<script type=\"application\/ld+json\" class=\"yoast-schema-graph\">{\"@context\":\"https:\\\/\\\/schema.org\",\"@graph\":[{\"@type\":\"Article\",\"@id\":\"https:\\\/\\\/www.laguiadepamplona.com\\\/actualidad\\\/miguel-arizcuren-steven-morocho-alexia-cilveti-y-daniel-arzoz-de-15-a-17-anos-volaran-a-bruselas-con-erasmus-y-coworkids\\\/#article\",\"isPartOf\":{\"@id\":\"https:\\\/\\\/www.laguiadepamplona.com\\\/actualidad\\\/miguel-arizcuren-steven-morocho-alexia-cilveti-y-daniel-arzoz-de-15-a-17-anos-volaran-a-bruselas-con-erasmus-y-coworkids\\\/\"},\"author\":{\"name\":\"La Gu\u00eda de Pamplona\",\"@id\":\"https:\\\/\\\/www.laguiadepamplona.com\\\/actualidad\\\/#\\\/schema\\\/person\\\/efe887376f0213d4657c93adc50b1fdb\"},\"headline\":\"Miguel Arizcuren, Steven Morocho, Alexia Cilveti y Daniel Arzoz, de 15 a 17 a\u00f1os, volar\u00e1n a Bruselas con Erasmus+ y COworkids\",\"datePublished\":\"2022-06-08T11:52:54+00:00\",\"dateModified\":\"2023-04-11T09:48:05+00:00\",\"mainEntityOfPage\":{\"@id\":\"https:\\\/\\\/www.laguiadepamplona.com\\\/actualidad\\\/miguel-arizcuren-steven-morocho-alexia-cilveti-y-daniel-arzoz-de-15-a-17-anos-volaran-a-bruselas-con-erasmus-y-coworkids\\\/\"},\"wordCount\":661,\"commentCount\":0,\"publisher\":{\"@id\":\"https:\\\/\\\/www.laguiadepamplona.com\\\/actualidad\\\/#organization\"},\"image\":{\"@id\":\"https:\\\/\\\/www.laguiadepamplona.com\\\/actualidad\\\/miguel-arizcuren-steven-morocho-alexia-cilveti-y-daniel-arzoz-de-15-a-17-anos-volaran-a-bruselas-con-erasmus-y-coworkids\\\/#primaryimage\"},\"thumbnailUrl\":\"https:\\\/\\\/www.laguiadepamplona.com\\\/actualidad\\\/wp-content\\\/uploads\\\/2022\\\/06\\\/programaerasmusbruselasee5a4632_0.webp\",\"articleSection\":[\"Ayto Pamplona\"],\"inLanguage\":\"es\",\"potentialAction\":[{\"@type\":\"CommentAction\",\"name\":\"Comment\",\"target\":[\"https:\\\/\\\/www.laguiadepamplona.com\\\/actualidad\\\/miguel-arizcuren-steven-morocho-alexia-cilveti-y-daniel-arzoz-de-15-a-17-anos-volaran-a-bruselas-con-erasmus-y-coworkids\\\/#respond\"]}]},{\"@type\":\"WebPage\",\"@id\":\"https:\\\/\\\/www.laguiadepamplona.com\\\/actualidad\\\/miguel-arizcuren-steven-morocho-alexia-cilveti-y-daniel-arzoz-de-15-a-17-anos-volaran-a-bruselas-con-erasmus-y-coworkids\\\/\",\"url\":\"https:\\\/\\\/www.laguiadepamplona.com\\\/actualidad\\\/miguel-arizcuren-steven-morocho-alexia-cilveti-y-daniel-arzoz-de-15-a-17-anos-volaran-a-bruselas-con-erasmus-y-coworkids\\\/\",\"name\":\"Miguel Arizcuren, Steven Morocho, Alexia Cilveti y Daniel Arzoz, de 15 a 17 a\u00f1os, volar\u00e1n a Bruselas con Erasmus+ y COworkids\",\"isPartOf\":{\"@id\":\"https:\\\/\\\/www.laguiadepamplona.com\\\/actualidad\\\/#website\"},\"primaryImageOfPage\":{\"@id\":\"https:\\\/\\\/www.laguiadepamplona.com\\\/actualidad\\\/miguel-arizcuren-steven-morocho-alexia-cilveti-y-daniel-arzoz-de-15-a-17-anos-volaran-a-bruselas-con-erasmus-y-coworkids\\\/#primaryimage\"},\"image\":{\"@id\":\"https:\\\/\\\/www.laguiadepamplona.com\\\/actualidad\\\/miguel-arizcuren-steven-morocho-alexia-cilveti-y-daniel-arzoz-de-15-a-17-anos-volaran-a-bruselas-con-erasmus-y-coworkids\\\/#primaryimage\"},\"thumbnailUrl\":\"https:\\\/\\\/www.laguiadepamplona.com\\\/actualidad\\\/wp-content\\\/uploads\\\/2022\\\/06\\\/programaerasmusbruselasee5a4632_0.webp\",\"datePublished\":\"2022-06-08T11:52:54+00:00\",\"dateModified\":\"2023-04-11T09:48:05+00:00\",\"description\":\"Han ganado su sitio en el vuelo trabajando sobre pobreza menstrual, cambios ambientales reales, redes de j\u00f3venes y la propuesta \u201cbalontiestos\u201d\",\"breadcrumb\":{\"@id\":\"https:\\\/\\\/www.laguiadepamplona.com\\\/actualidad\\\/miguel-arizcuren-steven-morocho-alexia-cilveti-y-daniel-arzoz-de-15-a-17-anos-volaran-a-bruselas-con-erasmus-y-coworkids\\\/#breadcrumb\"},\"inLanguage\":\"es\",\"potentialAction\":[{\"@type\":\"ReadAction\",\"target\":[\"https:\\\/\\\/www.laguiadepamplona.com\\\/actualidad\\\/miguel-arizcuren-steven-morocho-alexia-cilveti-y-daniel-arzoz-de-15-a-17-anos-volaran-a-bruselas-con-erasmus-y-coworkids\\\/\"]}]},{\"@type\":\"ImageObject\",\"inLanguage\":\"es\",\"@id\":\"https:\\\/\\\/www.laguiadepamplona.com\\\/actualidad\\\/miguel-arizcuren-steven-morocho-alexia-cilveti-y-daniel-arzoz-de-15-a-17-anos-volaran-a-bruselas-con-erasmus-y-coworkids\\\/#primaryimage\",\"url\":\"https:\\\/\\\/www.laguiadepamplona.com\\\/actualidad\\\/wp-content\\\/uploads\\\/2022\\\/06\\\/programaerasmusbruselasee5a4632_0.webp\",\"contentUrl\":\"https:\\\/\\\/www.laguiadepamplona.com\\\/actualidad\\\/wp-content\\\/uploads\\\/2022\\\/06\\\/programaerasmusbruselasee5a4632_0.webp\",\"width\":1920,\"height\":1280},{\"@type\":\"BreadcrumbList\",\"@id\":\"https:\\\/\\\/www.laguiadepamplona.com\\\/actualidad\\\/miguel-arizcuren-steven-morocho-alexia-cilveti-y-daniel-arzoz-de-15-a-17-anos-volaran-a-bruselas-con-erasmus-y-coworkids\\\/#breadcrumb\",\"itemListElement\":[{\"@type\":\"ListItem\",\"position\":1,\"name\":\"Portada\",\"item\":\"https:\\\/\\\/www.laguiadepamplona.com\\\/actualidad\\\/\"},{\"@type\":\"ListItem\",\"position\":2,\"name\":\"Miguel Arizcuren, Steven Morocho, Alexia Cilveti y Daniel Arzoz, de 15 a 17 a\u00f1os, volar\u00e1n a Bruselas con Erasmus+ y COworkids\"}]},{\"@type\":\"WebSite\",\"@id\":\"https:\\\/\\\/www.laguiadepamplona.com\\\/actualidad\\\/#website\",\"url\":\"https:\\\/\\\/www.laguiadepamplona.com\\\/actualidad\\\/\",\"name\":\"La gu\u00eda de Pamplona\",\"description\":\"Noticias de Pamplona\",\"publisher\":{\"@id\":\"https:\\\/\\\/www.laguiadepamplona.com\\\/actualidad\\\/#organization\"},\"potentialAction\":[{\"@type\":\"SearchAction\",\"target\":{\"@type\":\"EntryPoint\",\"urlTemplate\":\"https:\\\/\\\/www.laguiadepamplona.com\\\/actualidad\\\/?s={search_term_string}\"},\"query-input\":{\"@type\":\"PropertyValueSpecification\",\"valueRequired\":true,\"valueName\":\"search_term_string\"}}],\"inLanguage\":\"es\"},{\"@type\":\"Organization\",\"@id\":\"https:\\\/\\\/www.laguiadepamplona.com\\\/actualidad\\\/#organization\",\"name\":\"La Gu\u00eda de Pamplona \\\/ Noticias\",\"url\":\"https:\\\/\\\/www.laguiadepamplona.com\\\/actualidad\\\/\",\"logo\":{\"@type\":\"ImageObject\",\"inLanguage\":\"es\",\"@id\":\"https:\\\/\\\/www.laguiadepamplona.com\\\/actualidad\\\/#\\\/schema\\\/logo\\\/image\\\/\",\"url\":\"https:\\\/\\\/www.laguiadepamplona.com\\\/actualidad\\\/wp-content\\\/uploads\\\/2018\\\/11\\\/logo-laguiadepamplona18-web1.png\",\"contentUrl\":\"https:\\\/\\\/www.laguiadepamplona.com\\\/actualidad\\\/wp-content\\\/uploads\\\/2018\\\/11\\\/logo-laguiadepamplona18-web1.png\",\"width\":600,\"height\":196,\"caption\":\"La Gu\u00eda de Pamplona \\\/ Noticias\"},\"image\":{\"@id\":\"https:\\\/\\\/www.laguiadepamplona.com\\\/actualidad\\\/#\\\/schema\\\/logo\\\/image\\\/\"},\"sameAs\":[\"https:\\\/\\\/www.facebook.com\\\/laguiadepamplonacom-133175176762273\\\/?ref=hl\",\"https:\\\/\\\/x.com\\\/LaGuiadPamplona\",\"https:\\\/\\\/www.instagram.com\\\/la_guia_de_pamplona\\\/\",\"https:\\\/\\\/www.youtube.com\\\/user\\\/laguiadepamplona\"]},{\"@type\":\"Person\",\"@id\":\"https:\\\/\\\/www.laguiadepamplona.com\\\/actualidad\\\/#\\\/schema\\\/person\\\/efe887376f0213d4657c93adc50b1fdb\",\"name\":\"La Gu\u00eda de Pamplona\",\"image\":{\"@type\":\"ImageObject\",\"inLanguage\":\"es\",\"@id\":\"https:\\\/\\\/secure.gravatar.com\\\/avatar\\\/b6992f131dc8d30ab0dff15446e9d346d9dbd95992de0fef795073f5ea83a81c?s=96&d=mm&r=g\",\"url\":\"https:\\\/\\\/secure.gravatar.com\\\/avatar\\\/b6992f131dc8d30ab0dff15446e9d346d9dbd95992de0fef795073f5ea83a81c?s=96&d=mm&r=g\",\"contentUrl\":\"https:\\\/\\\/secure.gravatar.com\\\/avatar\\\/b6992f131dc8d30ab0dff15446e9d346d9dbd95992de0fef795073f5ea83a81c?s=96&d=mm&r=g\",\"caption\":\"La Gu\u00eda de Pamplona\"}}]}<\/script>\n<!-- \/ Yoast SEO plugin. -->","yoast_head_json":{"title":"Miguel Arizcuren, Steven Morocho, Alexia Cilveti y Daniel Arzoz, de 15 a 17 a\u00f1os, volar\u00e1n a Bruselas con Erasmus+ y COworkids","description":"Han ganado su sitio en el vuelo trabajando sobre pobreza menstrual, cambios ambientales reales, redes de j\u00f3venes y la propuesta \u201cbalontiestos\u201d","robots":{"index":"index","follow":"follow","max-snippet":"max-snippet:-1","max-image-preview":"max-image-preview:large","max-video-preview":"max-video-preview:-1"},"canonical":"https:\/\/www.laguiadepamplona.com\/actualidad\/miguel-arizcuren-steven-morocho-alexia-cilveti-y-daniel-arzoz-de-15-a-17-anos-volaran-a-bruselas-con-erasmus-y-coworkids\/","og_locale":"es_ES","og_type":"article","og_title":"Miguel Arizcuren, Steven Morocho, Alexia Cilveti y Daniel Arzoz, de 15 a 17 a\u00f1os, volar\u00e1n a Bruselas con Erasmus+ y COworkids","og_description":"Han ganado su sitio en el vuelo trabajando sobre pobreza menstrual, cambios ambientales reales, redes de j\u00f3venes y la propuesta \u201cbalontiestos\u201d","og_url":"https:\/\/www.laguiadepamplona.com\/actualidad\/miguel-arizcuren-steven-morocho-alexia-cilveti-y-daniel-arzoz-de-15-a-17-anos-volaran-a-bruselas-con-erasmus-y-coworkids\/","og_site_name":"La Gu\u00eda de Pamplona","article_publisher":"https:\/\/www.facebook.com\/laguiadepamplonacom-133175176762273\/?ref=hl","article_published_time":"2022-06-08T11:52:54+00:00","article_modified_time":"2023-04-11T09:48:05+00:00","og_image":[{"width":1920,"height":1280,"url":"https:\/\/www.laguiadepamplona.com\/actualidad\/wp-content\/uploads\/2022\/06\/programaerasmusbruselasee5a4632_0.webp","type":"image\/webp"}],"author":"La Gu\u00eda de Pamplona","twitter_card":"summary_large_image","twitter_creator":"@LaGuiadPamplona","twitter_site":"@LaGuiadPamplona","twitter_misc":{"Escrito por":"La Gu\u00eda de Pamplona","Tiempo de lectura":"3 minutos"},"schema":{"@context":"https:\/\/schema.org","@graph":[{"@type":"Article","@id":"https:\/\/www.laguiadepamplona.com\/actualidad\/miguel-arizcuren-steven-morocho-alexia-cilveti-y-daniel-arzoz-de-15-a-17-anos-volaran-a-bruselas-con-erasmus-y-coworkids\/#article","isPartOf":{"@id":"https:\/\/www.laguiadepamplona.com\/actualidad\/miguel-arizcuren-steven-morocho-alexia-cilveti-y-daniel-arzoz-de-15-a-17-anos-volaran-a-bruselas-con-erasmus-y-coworkids\/"},"author":{"name":"La Gu\u00eda de Pamplona","@id":"https:\/\/www.laguiadepamplona.com\/actualidad\/#\/schema\/person\/efe887376f0213d4657c93adc50b1fdb"},"headline":"Miguel Arizcuren, Steven Morocho, Alexia Cilveti y Daniel Arzoz, de 15 a 17 a\u00f1os, volar\u00e1n a Bruselas con Erasmus+ y COworkids","datePublished":"2022-06-08T11:52:54+00:00","dateModified":"2023-04-11T09:48:05+00:00","mainEntityOfPage":{"@id":"https:\/\/www.laguiadepamplona.com\/actualidad\/miguel-arizcuren-steven-morocho-alexia-cilveti-y-daniel-arzoz-de-15-a-17-anos-volaran-a-bruselas-con-erasmus-y-coworkids\/"},"wordCount":661,"commentCount":0,"publisher":{"@id":"https:\/\/www.laguiadepamplona.com\/actualidad\/#organization"},"image":{"@id":"https:\/\/www.laguiadepamplona.com\/actualidad\/miguel-arizcuren-steven-morocho-alexia-cilveti-y-daniel-arzoz-de-15-a-17-anos-volaran-a-bruselas-con-erasmus-y-coworkids\/#primaryimage"},"thumbnailUrl":"https:\/\/www.laguiadepamplona.com\/actualidad\/wp-content\/uploads\/2022\/06\/programaerasmusbruselasee5a4632_0.webp","articleSection":["Ayto Pamplona"],"inLanguage":"es","potentialAction":[{"@type":"CommentAction","name":"Comment","target":["https:\/\/www.laguiadepamplona.com\/actualidad\/miguel-arizcuren-steven-morocho-alexia-cilveti-y-daniel-arzoz-de-15-a-17-anos-volaran-a-bruselas-con-erasmus-y-coworkids\/#respond"]}]},{"@type":"WebPage","@id":"https:\/\/www.laguiadepamplona.com\/actualidad\/miguel-arizcuren-steven-morocho-alexia-cilveti-y-daniel-arzoz-de-15-a-17-anos-volaran-a-bruselas-con-erasmus-y-coworkids\/","url":"https:\/\/www.laguiadepamplona.com\/actualidad\/miguel-arizcuren-steven-morocho-alexia-cilveti-y-daniel-arzoz-de-15-a-17-anos-volaran-a-bruselas-con-erasmus-y-coworkids\/","name":"Miguel Arizcuren, Steven Morocho, Alexia Cilveti y Daniel Arzoz, de 15 a 17 a\u00f1os, volar\u00e1n a Bruselas con Erasmus+ y COworkids","isPartOf":{"@id":"https:\/\/www.laguiadepamplona.com\/actualidad\/#website"},"primaryImageOfPage":{"@id":"https:\/\/www.laguiadepamplona.com\/actualidad\/miguel-arizcuren-steven-morocho-alexia-cilveti-y-daniel-arzoz-de-15-a-17-anos-volaran-a-bruselas-con-erasmus-y-coworkids\/#primaryimage"},"image":{"@id":"https:\/\/www.laguiadepamplona.com\/actualidad\/miguel-arizcuren-steven-morocho-alexia-cilveti-y-daniel-arzoz-de-15-a-17-anos-volaran-a-bruselas-con-erasmus-y-coworkids\/#primaryimage"},"thumbnailUrl":"https:\/\/www.laguiadepamplona.com\/actualidad\/wp-content\/uploads\/2022\/06\/programaerasmusbruselasee5a4632_0.webp","datePublished":"2022-06-08T11:52:54+00:00","dateModified":"2023-04-11T09:48:05+00:00","description":"Han ganado su sitio en el vuelo trabajando sobre pobreza menstrual, cambios ambientales reales, redes de j\u00f3venes y la propuesta \u201cbalontiestos\u201d","breadcrumb":{"@id":"https:\/\/www.laguiadepamplona.com\/actualidad\/miguel-arizcuren-steven-morocho-alexia-cilveti-y-daniel-arzoz-de-15-a-17-anos-volaran-a-bruselas-con-erasmus-y-coworkids\/#breadcrumb"},"inLanguage":"es","potentialAction":[{"@type":"ReadAction","target":["https:\/\/www.laguiadepamplona.com\/actualidad\/miguel-arizcuren-steven-morocho-alexia-cilveti-y-daniel-arzoz-de-15-a-17-anos-volaran-a-bruselas-con-erasmus-y-coworkids\/"]}]},{"@type":"ImageObject","inLanguage":"es","@id":"https:\/\/www.laguiadepamplona.com\/actualidad\/miguel-arizcuren-steven-morocho-alexia-cilveti-y-daniel-arzoz-de-15-a-17-anos-volaran-a-bruselas-con-erasmus-y-coworkids\/#primaryimage","url":"https:\/\/www.laguiadepamplona.com\/actualidad\/wp-content\/uploads\/2022\/06\/programaerasmusbruselasee5a4632_0.webp","contentUrl":"https:\/\/www.laguiadepamplona.com\/actualidad\/wp-content\/uploads\/2022\/06\/programaerasmusbruselasee5a4632_0.webp","width":1920,"height":1280},{"@type":"BreadcrumbList","@id":"https:\/\/www.laguiadepamplona.com\/actualidad\/miguel-arizcuren-steven-morocho-alexia-cilveti-y-daniel-arzoz-de-15-a-17-anos-volaran-a-bruselas-con-erasmus-y-coworkids\/#breadcrumb","itemListElement":[{"@type":"ListItem","position":1,"name":"Portada","item":"https:\/\/www.laguiadepamplona.com\/actualidad\/"},{"@type":"ListItem","position":2,"name":"Miguel Arizcuren, Steven Morocho, Alexia Cilveti y Daniel Arzoz, de 15 a 17 a\u00f1os, volar\u00e1n a Bruselas con Erasmus+ y COworkids"}]},{"@type":"WebSite","@id":"https:\/\/www.laguiadepamplona.com\/actualidad\/#website","url":"https:\/\/www.laguiadepamplona.com\/actualidad\/","name":"La gu\u00eda de Pamplona","description":"Noticias de Pamplona","publisher":{"@id":"https:\/\/www.laguiadepamplona.com\/actualidad\/#organization"},"potentialAction":[{"@type":"SearchAction","target":{"@type":"EntryPoint","urlTemplate":"https:\/\/www.laguiadepamplona.com\/actualidad\/?s={search_term_string}"},"query-input":{"@type":"PropertyValueSpecification","valueRequired":true,"valueName":"search_term_string"}}],"inLanguage":"es"},{"@type":"Organization","@id":"https:\/\/www.laguiadepamplona.com\/actualidad\/#organization","name":"La Gu\u00eda de Pamplona \/ Noticias","url":"https:\/\/www.laguiadepamplona.com\/actualidad\/","logo":{"@type":"ImageObject","inLanguage":"es","@id":"https:\/\/www.laguiadepamplona.com\/actualidad\/#\/schema\/logo\/image\/","url":"https:\/\/www.laguiadepamplona.com\/actualidad\/wp-content\/uploads\/2018\/11\/logo-laguiadepamplona18-web1.png","contentUrl":"https:\/\/www.laguiadepamplona.com\/actualidad\/wp-content\/uploads\/2018\/11\/logo-laguiadepamplona18-web1.png","width":600,"height":196,"caption":"La Gu\u00eda de Pamplona \/ Noticias"},"image":{"@id":"https:\/\/www.laguiadepamplona.com\/actualidad\/#\/schema\/logo\/image\/"},"sameAs":["https:\/\/www.facebook.com\/laguiadepamplonacom-133175176762273\/?ref=hl","https:\/\/x.com\/LaGuiadPamplona","https:\/\/www.instagram.com\/la_guia_de_pamplona\/","https:\/\/www.youtube.com\/user\/laguiadepamplona"]},{"@type":"Person","@id":"https:\/\/www.laguiadepamplona.com\/actualidad\/#\/schema\/person\/efe887376f0213d4657c93adc50b1fdb","name":"La Gu\u00eda de Pamplona","image":{"@type":"ImageObject","inLanguage":"es","@id":"https:\/\/secure.gravatar.com\/avatar\/b6992f131dc8d30ab0dff15446e9d346d9dbd95992de0fef795073f5ea83a81c?s=96&d=mm&r=g","url":"https:\/\/secure.gravatar.com\/avatar\/b6992f131dc8d30ab0dff15446e9d346d9dbd95992de0fef795073f5ea83a81c?s=96&d=mm&r=g","contentUrl":"https:\/\/secure.gravatar.com\/avatar\/b6992f131dc8d30ab0dff15446e9d346d9dbd95992de0fef795073f5ea83a81c?s=96&d=mm&r=g","caption":"La Gu\u00eda de Pamplona"}}]}},"post_mailing_queue_ids":[],"_links":{"self":[{"href":"https:\/\/www.laguiadepamplona.com\/actualidad\/wp-json\/wp\/v2\/posts\/40706","targetHints":{"allow":["GET"]}}],"collection":[{"href":"https:\/\/www.laguiadepamplona.com\/actualidad\/wp-json\/wp\/v2\/posts"}],"about":[{"href":"https:\/\/www.laguiadepamplona.com\/actualidad\/wp-json\/wp\/v2\/types\/post"}],"author":[{"embeddable":true,"href":"https:\/\/www.laguiadepamplona.com\/actualidad\/wp-json\/wp\/v2\/users\/1"}],"replies":[{"embeddable":true,"href":"https:\/\/www.laguiadepamplona.com\/actualidad\/wp-json\/wp\/v2\/comments?post=40706"}],"version-history":[{"count":0,"href":"https:\/\/www.laguiadepamplona.com\/actualidad\/wp-json\/wp\/v2\/posts\/40706\/revisions"}],"wp:featuredmedia":[{"embeddable":true,"href":"https:\/\/www.laguiadepamplona.com\/actualidad\/wp-json\/wp\/v2\/media\/40707"}],"wp:attachment":[{"href":"https:\/\/www.laguiadepamplona.com\/actualidad\/wp-json\/wp\/v2\/media?parent=40706"}],"wp:term":[{"taxonomy":"category","embeddable":true,"href":"https:\/\/www.laguiadepamplona.com\/actualidad\/wp-json\/wp\/v2\/categories?post=40706"},{"taxonomy":"post_tag","embeddable":true,"href":"https:\/\/www.laguiadepamplona.com\/actualidad\/wp-json\/wp\/v2\/tags?post=40706"}],"curies":[{"name":"wp","href":"https:\/\/api.w.org\/{rel}","templated":true}]}}