{"id":40700,"date":"2022-06-07T17:35:01","date_gmt":"2022-06-07T15:35:01","guid":{"rendered":"https:\/\/www.laguiadepamplona.com\/actualidad\/?p=40700"},"modified":"2023-04-11T11:48:05","modified_gmt":"2023-04-11T09:48:05","slug":"una-modificacion-urbanistica-allana-el-camino-para-la-construccion-de-la-nueva-rotonda-junto-al-seminario-para-ordenar-el-trafico-en-beloso","status":"publish","type":"post","link":"https:\/\/www.laguiadepamplona.com\/actualidad\/una-modificacion-urbanistica-allana-el-camino-para-la-construccion-de-la-nueva-rotonda-junto-al-seminario-para-ordenar-el-trafico-en-beloso\/","title":{"rendered":"Una modificaci\u00f3n urban\u00edstica allana el camino para la construcci\u00f3n de la nueva rotonda junto al Seminario para ordenar el tr\u00e1fico en Beloso"},"content":{"rendered":"<h5>Gerencia de Urbanismo analiza esta modificaci\u00f3n, propuesta por una promotora, que permitir\u00eda construir ocho viviendas y mejorar el tr\u00e1nsito rodado y peatonal en la zona<\/h5>\n<p><!--more--><\/p>\n<p>El Consejo de Gerencia de Urbanismo del Ayuntamiento de Pamplona estudiar\u00e1 el Plan Especial de Actuaci\u00f3n Urbana (PEAU) de una parcela de Beloso que permitir\u00eda ordenar el tr\u00e1fico en la zona mediante la construcci\u00f3n de una nueva rotonda en la avenida Baja Navarra, junto al Seminario. La nueva glorieta, en la confluencia de la avenida con la Cuesta de Beloso y las calles Carretera de Badost\u00e1in y Carretera de Sarriguren, sustituir\u00eda al grupo semaf\u00f3rico que regula el tr\u00e1fico en esta intersecci\u00f3n.<br \/>\n<script async src=\"\/\/pagead2.googlesyndication.com\/pagead\/js\/adsbygoogle.js\"><\/script><br \/>\n<!-- Noticias La Guia de Pamplona --><br \/>\n<ins class=\"adsbygoogle\"\nstyle=\"display:block\"\ndata-ad-client=\"ca-pub-6943679897239327\"\ndata-ad-slot=\"7048180777\"\ndata-ad-format=\"auto\"><\/ins><br \/>\n<script>\n(adsbygoogle = window.adsbygoogle || []).push({});\n<\/script><\/p>\n<p>Esta modificaci\u00f3n va de la mano de una propuesta de incremento de edificabilidad en la Unidad Z-5 de Beloso. Esta parcela, de cerca de 5.400 metros cuadrados, est\u00e1 destinada en la actualidad a uso residencial unifamiliar tipo villa, con grandes jardines en la finca. A d\u00eda de hoy, existen tres edificaciones en el recinto. No obstante, el Plan Municipal vigente permite la construcci\u00f3n de hasta cuatro viviendas unifamiliares.<\/p>\n<p>Sin embargo, la empresa titular del espacio, Morteros y Revoques Myrsac SL, plantea una modificaci\u00f3n para poder construir un m\u00e1ximo de ocho viviendas en cuatro edificios de uso residencial, de planta baja y una altura. Se tratar\u00eda, en definitiva, de una urbanizaci\u00f3n privada con viviendas unifamiliares o bifamiliares, con garaje mancomunado en el s\u00f3tano y zona ajardinada com\u00fan en el exterior. La organizaci\u00f3n se asemejar\u00eda a otras parcelas de la zona.<\/p>\n<p>El PEAU prev\u00e9 tambi\u00e9n la cesi\u00f3n de suelo al Ayuntamiento para mejorar tanto el tr\u00e1nsito viario como el peatonal. En este sentido, adem\u00e1s del espacio necesario para la construcci\u00f3n de la rotonda y reordenar la circulaci\u00f3n, se prev\u00e9 tambi\u00e9n la cesi\u00f3n de espacio para zonas verdes de uso p\u00fablico en el extremo oeste de la finca. Esta zona permitir\u00e1 alejar al peat\u00f3n de la futura glorieta y mejorar la comunicaci\u00f3n peatonal hacia la Cuesta de Beloso, la zona hospitalaria de San Juan de Dios y la Cl\u00ednica San Miguel y el Paseo del Arga. La superficie cedida ascender\u00eda a 959,93 metros cuadrados.<br \/>\n<script async src=\"\/\/pagead2.googlesyndication.com\/pagead\/js\/adsbygoogle.js\"><\/script><br \/>\n<!-- Noticias La Guia de Pamplona --><br \/>\n<ins class=\"adsbygoogle\"\nstyle=\"display:block\"\ndata-ad-client=\"ca-pub-6943679897239327\"\ndata-ad-slot=\"7048180777\"\ndata-ad-format=\"auto\"><\/ins><br \/>\n<script>\n(adsbygoogle = window.adsbygoogle || []).push({});\n<\/script><\/p>\n<p><strong>Tr\u00e1fico intenso<\/strong><\/p>\n<p>El Ayuntamiento de Pamplona cuenta con estudios sobre el proyecto de obras para la construcci\u00f3n de una rotonda en el entorno del Seminario, que afectaba a las parcelas aleda\u00f1as y exig\u00eda la expropiaci\u00f3n de 165,8 metros cuadrados de suelo urbano consolidado en la parcela ahora objeto de modificaci\u00f3n. Este nuevo documento urban\u00edstico que recoge la propuesta de reordenaci\u00f3n de la unidad afectada facilitar\u00eda al Ayuntamiento la obtenci\u00f3n gratuita del suelo necesario para llevar a cabo esta infraestructura viaria prevista en el Plan Municipal.<\/p>\n<p>De hecho, en ese punto de la ciudad se registra a diario un tr\u00e1fico intenso, al ser la salida natural hacia el norte y noreste desde el centro de Pamplona, y absorber buena parte del tr\u00e1fico de los barrios de Mendillorri, Ripagaina y de la localidad vecina de Sarriguren.<\/p>\n","protected":false},"excerpt":{"rendered":"<p>Gerencia de Urbanismo analiza esta modificaci\u00f3n, propuesta por una promotora, que permitir\u00eda construir ocho viviendas y mejorar el tr\u00e1nsito rodado y peatonal en la zona<\/p>\n","protected":false},"author":1,"featured_media":40701,"comment_status":"open","ping_status":"closed","sticky":false,"template":"","format":"standard","meta":{"footnotes":""},"categories":[2],"tags":[],"class_list":["post-40700","post","type-post","status-publish","format-standard","has-post-thumbnail","hentry","category-ayuntamiento-pamplona"],"yoast_head":"<!-- This site is optimized with the Yoast SEO plugin v27.3 - https:\/\/yoast.com\/product\/yoast-seo-wordpress\/ -->\n<title>Una modificaci\u00f3n urban\u00edstica allana el camino para la construcci\u00f3n de la nueva rotonda junto al Seminario para ordenar el tr\u00e1fico en Beloso<\/title>\n<meta name=\"description\" content=\"Gerencia de Urbanismo analiza esta modificaci\u00f3n, propuesta por una promotora, que permitir\u00eda construir ocho viviendas y mejorar el tr\u00e1nsito rodado y peatonal en la zona\" \/>\n<meta name=\"robots\" content=\"index, follow, max-snippet:-1, max-image-preview:large, max-video-preview:-1\" \/>\n<link rel=\"canonical\" href=\"https:\/\/www.laguiadepamplona.com\/actualidad\/una-modificacion-urbanistica-allana-el-camino-para-la-construccion-de-la-nueva-rotonda-junto-al-seminario-para-ordenar-el-trafico-en-beloso\/\" \/>\n<meta property=\"og:locale\" content=\"es_ES\" \/>\n<meta property=\"og:type\" content=\"article\" \/>\n<meta property=\"og:title\" content=\"Una modificaci\u00f3n urban\u00edstica allana el camino para la construcci\u00f3n de la nueva rotonda junto al Seminario para ordenar el tr\u00e1fico en Beloso\" \/>\n<meta property=\"og:description\" content=\"Gerencia de Urbanismo analiza esta modificaci\u00f3n, propuesta por una promotora, que permitir\u00eda construir ocho viviendas y mejorar el tr\u00e1nsito rodado y peatonal en la zona\" \/>\n<meta property=\"og:url\" content=\"https:\/\/www.laguiadepamplona.com\/actualidad\/una-modificacion-urbanistica-allana-el-camino-para-la-construccion-de-la-nueva-rotonda-junto-al-seminario-para-ordenar-el-trafico-en-beloso\/\" \/>\n<meta property=\"og:site_name\" content=\"La Gu\u00eda de Pamplona\" \/>\n<meta property=\"article:publisher\" content=\"https:\/\/www.facebook.com\/laguiadepamplonacom-133175176762273\/?ref=hl\" \/>\n<meta property=\"article:published_time\" content=\"2022-06-07T15:35:01+00:00\" \/>\n<meta property=\"article:modified_time\" content=\"2023-04-11T09:48:05+00:00\" \/>\n<meta property=\"og:image\" content=\"https:\/\/www.laguiadepamplona.com\/actualidad\/wp-content\/uploads\/2022\/06\/22.06.07_peau_beloso_nueva_rotonda_seminario.webp\" \/>\n\t<meta property=\"og:image:width\" content=\"1469\" \/>\n\t<meta property=\"og:image:height\" content=\"824\" \/>\n\t<meta property=\"og:image:type\" content=\"image\/webp\" \/>\n<meta name=\"author\" content=\"La Gu\u00eda de Pamplona\" \/>\n<meta name=\"twitter:card\" content=\"summary_large_image\" \/>\n<meta name=\"twitter:creator\" content=\"@LaGuiadPamplona\" \/>\n<meta name=\"twitter:site\" content=\"@LaGuiadPamplona\" \/>\n<meta name=\"twitter:label1\" content=\"Escrito por\" \/>\n\t<meta name=\"twitter:data1\" content=\"La Gu\u00eda de Pamplona\" \/>\n\t<meta name=\"twitter:label2\" content=\"Tiempo de lectura\" \/>\n\t<meta name=\"twitter:data2\" content=\"3 minutos\" \/>\n<script type=\"application\/ld+json\" class=\"yoast-schema-graph\">{\"@context\":\"https:\\\/\\\/schema.org\",\"@graph\":[{\"@type\":\"Article\",\"@id\":\"https:\\\/\\\/www.laguiadepamplona.com\\\/actualidad\\\/una-modificacion-urbanistica-allana-el-camino-para-la-construccion-de-la-nueva-rotonda-junto-al-seminario-para-ordenar-el-trafico-en-beloso\\\/#article\",\"isPartOf\":{\"@id\":\"https:\\\/\\\/www.laguiadepamplona.com\\\/actualidad\\\/una-modificacion-urbanistica-allana-el-camino-para-la-construccion-de-la-nueva-rotonda-junto-al-seminario-para-ordenar-el-trafico-en-beloso\\\/\"},\"author\":{\"name\":\"La Gu\u00eda de Pamplona\",\"@id\":\"https:\\\/\\\/www.laguiadepamplona.com\\\/actualidad\\\/#\\\/schema\\\/person\\\/efe887376f0213d4657c93adc50b1fdb\"},\"headline\":\"Una modificaci\u00f3n urban\u00edstica allana el camino para la construcci\u00f3n de la nueva rotonda junto al Seminario para ordenar el tr\u00e1fico en Beloso\",\"datePublished\":\"2022-06-07T15:35:01+00:00\",\"dateModified\":\"2023-04-11T09:48:05+00:00\",\"mainEntityOfPage\":{\"@id\":\"https:\\\/\\\/www.laguiadepamplona.com\\\/actualidad\\\/una-modificacion-urbanistica-allana-el-camino-para-la-construccion-de-la-nueva-rotonda-junto-al-seminario-para-ordenar-el-trafico-en-beloso\\\/\"},\"wordCount\":552,\"commentCount\":0,\"publisher\":{\"@id\":\"https:\\\/\\\/www.laguiadepamplona.com\\\/actualidad\\\/#organization\"},\"image\":{\"@id\":\"https:\\\/\\\/www.laguiadepamplona.com\\\/actualidad\\\/una-modificacion-urbanistica-allana-el-camino-para-la-construccion-de-la-nueva-rotonda-junto-al-seminario-para-ordenar-el-trafico-en-beloso\\\/#primaryimage\"},\"thumbnailUrl\":\"https:\\\/\\\/www.laguiadepamplona.com\\\/actualidad\\\/wp-content\\\/uploads\\\/2022\\\/06\\\/22.06.07_peau_beloso_nueva_rotonda_seminario.webp\",\"articleSection\":[\"Ayto Pamplona\"],\"inLanguage\":\"es\",\"potentialAction\":[{\"@type\":\"CommentAction\",\"name\":\"Comment\",\"target\":[\"https:\\\/\\\/www.laguiadepamplona.com\\\/actualidad\\\/una-modificacion-urbanistica-allana-el-camino-para-la-construccion-de-la-nueva-rotonda-junto-al-seminario-para-ordenar-el-trafico-en-beloso\\\/#respond\"]}]},{\"@type\":\"WebPage\",\"@id\":\"https:\\\/\\\/www.laguiadepamplona.com\\\/actualidad\\\/una-modificacion-urbanistica-allana-el-camino-para-la-construccion-de-la-nueva-rotonda-junto-al-seminario-para-ordenar-el-trafico-en-beloso\\\/\",\"url\":\"https:\\\/\\\/www.laguiadepamplona.com\\\/actualidad\\\/una-modificacion-urbanistica-allana-el-camino-para-la-construccion-de-la-nueva-rotonda-junto-al-seminario-para-ordenar-el-trafico-en-beloso\\\/\",\"name\":\"Una modificaci\u00f3n urban\u00edstica allana el camino para la construcci\u00f3n de la nueva rotonda junto al Seminario para ordenar el tr\u00e1fico en Beloso\",\"isPartOf\":{\"@id\":\"https:\\\/\\\/www.laguiadepamplona.com\\\/actualidad\\\/#website\"},\"primaryImageOfPage\":{\"@id\":\"https:\\\/\\\/www.laguiadepamplona.com\\\/actualidad\\\/una-modificacion-urbanistica-allana-el-camino-para-la-construccion-de-la-nueva-rotonda-junto-al-seminario-para-ordenar-el-trafico-en-beloso\\\/#primaryimage\"},\"image\":{\"@id\":\"https:\\\/\\\/www.laguiadepamplona.com\\\/actualidad\\\/una-modificacion-urbanistica-allana-el-camino-para-la-construccion-de-la-nueva-rotonda-junto-al-seminario-para-ordenar-el-trafico-en-beloso\\\/#primaryimage\"},\"thumbnailUrl\":\"https:\\\/\\\/www.laguiadepamplona.com\\\/actualidad\\\/wp-content\\\/uploads\\\/2022\\\/06\\\/22.06.07_peau_beloso_nueva_rotonda_seminario.webp\",\"datePublished\":\"2022-06-07T15:35:01+00:00\",\"dateModified\":\"2023-04-11T09:48:05+00:00\",\"description\":\"Gerencia de Urbanismo analiza esta modificaci\u00f3n, propuesta por una promotora, que permitir\u00eda construir ocho viviendas y mejorar el tr\u00e1nsito rodado y peatonal en la zona\",\"breadcrumb\":{\"@id\":\"https:\\\/\\\/www.laguiadepamplona.com\\\/actualidad\\\/una-modificacion-urbanistica-allana-el-camino-para-la-construccion-de-la-nueva-rotonda-junto-al-seminario-para-ordenar-el-trafico-en-beloso\\\/#breadcrumb\"},\"inLanguage\":\"es\",\"potentialAction\":[{\"@type\":\"ReadAction\",\"target\":[\"https:\\\/\\\/www.laguiadepamplona.com\\\/actualidad\\\/una-modificacion-urbanistica-allana-el-camino-para-la-construccion-de-la-nueva-rotonda-junto-al-seminario-para-ordenar-el-trafico-en-beloso\\\/\"]}]},{\"@type\":\"ImageObject\",\"inLanguage\":\"es\",\"@id\":\"https:\\\/\\\/www.laguiadepamplona.com\\\/actualidad\\\/una-modificacion-urbanistica-allana-el-camino-para-la-construccion-de-la-nueva-rotonda-junto-al-seminario-para-ordenar-el-trafico-en-beloso\\\/#primaryimage\",\"url\":\"https:\\\/\\\/www.laguiadepamplona.com\\\/actualidad\\\/wp-content\\\/uploads\\\/2022\\\/06\\\/22.06.07_peau_beloso_nueva_rotonda_seminario.webp\",\"contentUrl\":\"https:\\\/\\\/www.laguiadepamplona.com\\\/actualidad\\\/wp-content\\\/uploads\\\/2022\\\/06\\\/22.06.07_peau_beloso_nueva_rotonda_seminario.webp\",\"width\":1469,\"height\":824},{\"@type\":\"BreadcrumbList\",\"@id\":\"https:\\\/\\\/www.laguiadepamplona.com\\\/actualidad\\\/una-modificacion-urbanistica-allana-el-camino-para-la-construccion-de-la-nueva-rotonda-junto-al-seminario-para-ordenar-el-trafico-en-beloso\\\/#breadcrumb\",\"itemListElement\":[{\"@type\":\"ListItem\",\"position\":1,\"name\":\"Portada\",\"item\":\"https:\\\/\\\/www.laguiadepamplona.com\\\/actualidad\\\/\"},{\"@type\":\"ListItem\",\"position\":2,\"name\":\"Una modificaci\u00f3n urban\u00edstica allana el camino para la construcci\u00f3n de la nueva rotonda junto al Seminario para ordenar el tr\u00e1fico en Beloso\"}]},{\"@type\":\"WebSite\",\"@id\":\"https:\\\/\\\/www.laguiadepamplona.com\\\/actualidad\\\/#website\",\"url\":\"https:\\\/\\\/www.laguiadepamplona.com\\\/actualidad\\\/\",\"name\":\"La gu\u00eda de Pamplona\",\"description\":\"Noticias de Pamplona\",\"publisher\":{\"@id\":\"https:\\\/\\\/www.laguiadepamplona.com\\\/actualidad\\\/#organization\"},\"potentialAction\":[{\"@type\":\"SearchAction\",\"target\":{\"@type\":\"EntryPoint\",\"urlTemplate\":\"https:\\\/\\\/www.laguiadepamplona.com\\\/actualidad\\\/?s={search_term_string}\"},\"query-input\":{\"@type\":\"PropertyValueSpecification\",\"valueRequired\":true,\"valueName\":\"search_term_string\"}}],\"inLanguage\":\"es\"},{\"@type\":\"Organization\",\"@id\":\"https:\\\/\\\/www.laguiadepamplona.com\\\/actualidad\\\/#organization\",\"name\":\"La Gu\u00eda de Pamplona \\\/ Noticias\",\"url\":\"https:\\\/\\\/www.laguiadepamplona.com\\\/actualidad\\\/\",\"logo\":{\"@type\":\"ImageObject\",\"inLanguage\":\"es\",\"@id\":\"https:\\\/\\\/www.laguiadepamplona.com\\\/actualidad\\\/#\\\/schema\\\/logo\\\/image\\\/\",\"url\":\"https:\\\/\\\/www.laguiadepamplona.com\\\/actualidad\\\/wp-content\\\/uploads\\\/2018\\\/11\\\/logo-laguiadepamplona18-web1.png\",\"contentUrl\":\"https:\\\/\\\/www.laguiadepamplona.com\\\/actualidad\\\/wp-content\\\/uploads\\\/2018\\\/11\\\/logo-laguiadepamplona18-web1.png\",\"width\":600,\"height\":196,\"caption\":\"La Gu\u00eda de Pamplona \\\/ Noticias\"},\"image\":{\"@id\":\"https:\\\/\\\/www.laguiadepamplona.com\\\/actualidad\\\/#\\\/schema\\\/logo\\\/image\\\/\"},\"sameAs\":[\"https:\\\/\\\/www.facebook.com\\\/laguiadepamplonacom-133175176762273\\\/?ref=hl\",\"https:\\\/\\\/x.com\\\/LaGuiadPamplona\",\"https:\\\/\\\/www.instagram.com\\\/la_guia_de_pamplona\\\/\",\"https:\\\/\\\/www.youtube.com\\\/user\\\/laguiadepamplona\"]},{\"@type\":\"Person\",\"@id\":\"https:\\\/\\\/www.laguiadepamplona.com\\\/actualidad\\\/#\\\/schema\\\/person\\\/efe887376f0213d4657c93adc50b1fdb\",\"name\":\"La Gu\u00eda de Pamplona\",\"image\":{\"@type\":\"ImageObject\",\"inLanguage\":\"es\",\"@id\":\"https:\\\/\\\/secure.gravatar.com\\\/avatar\\\/b6992f131dc8d30ab0dff15446e9d346d9dbd95992de0fef795073f5ea83a81c?s=96&d=mm&r=g\",\"url\":\"https:\\\/\\\/secure.gravatar.com\\\/avatar\\\/b6992f131dc8d30ab0dff15446e9d346d9dbd95992de0fef795073f5ea83a81c?s=96&d=mm&r=g\",\"contentUrl\":\"https:\\\/\\\/secure.gravatar.com\\\/avatar\\\/b6992f131dc8d30ab0dff15446e9d346d9dbd95992de0fef795073f5ea83a81c?s=96&d=mm&r=g\",\"caption\":\"La Gu\u00eda de Pamplona\"}}]}<\/script>\n<!-- \/ Yoast SEO plugin. -->","yoast_head_json":{"title":"Una modificaci\u00f3n urban\u00edstica allana el camino para la construcci\u00f3n de la nueva rotonda junto al Seminario para ordenar el tr\u00e1fico en Beloso","description":"Gerencia de Urbanismo analiza esta modificaci\u00f3n, propuesta por una promotora, que permitir\u00eda construir ocho viviendas y mejorar el tr\u00e1nsito rodado y peatonal en la zona","robots":{"index":"index","follow":"follow","max-snippet":"max-snippet:-1","max-image-preview":"max-image-preview:large","max-video-preview":"max-video-preview:-1"},"canonical":"https:\/\/www.laguiadepamplona.com\/actualidad\/una-modificacion-urbanistica-allana-el-camino-para-la-construccion-de-la-nueva-rotonda-junto-al-seminario-para-ordenar-el-trafico-en-beloso\/","og_locale":"es_ES","og_type":"article","og_title":"Una modificaci\u00f3n urban\u00edstica allana el camino para la construcci\u00f3n de la nueva rotonda junto al Seminario para ordenar el tr\u00e1fico en Beloso","og_description":"Gerencia de Urbanismo analiza esta modificaci\u00f3n, propuesta por una promotora, que permitir\u00eda construir ocho viviendas y mejorar el tr\u00e1nsito rodado y peatonal en la zona","og_url":"https:\/\/www.laguiadepamplona.com\/actualidad\/una-modificacion-urbanistica-allana-el-camino-para-la-construccion-de-la-nueva-rotonda-junto-al-seminario-para-ordenar-el-trafico-en-beloso\/","og_site_name":"La Gu\u00eda de Pamplona","article_publisher":"https:\/\/www.facebook.com\/laguiadepamplonacom-133175176762273\/?ref=hl","article_published_time":"2022-06-07T15:35:01+00:00","article_modified_time":"2023-04-11T09:48:05+00:00","og_image":[{"width":1469,"height":824,"url":"https:\/\/www.laguiadepamplona.com\/actualidad\/wp-content\/uploads\/2022\/06\/22.06.07_peau_beloso_nueva_rotonda_seminario.webp","type":"image\/webp"}],"author":"La Gu\u00eda de Pamplona","twitter_card":"summary_large_image","twitter_creator":"@LaGuiadPamplona","twitter_site":"@LaGuiadPamplona","twitter_misc":{"Escrito por":"La Gu\u00eda de Pamplona","Tiempo de lectura":"3 minutos"},"schema":{"@context":"https:\/\/schema.org","@graph":[{"@type":"Article","@id":"https:\/\/www.laguiadepamplona.com\/actualidad\/una-modificacion-urbanistica-allana-el-camino-para-la-construccion-de-la-nueva-rotonda-junto-al-seminario-para-ordenar-el-trafico-en-beloso\/#article","isPartOf":{"@id":"https:\/\/www.laguiadepamplona.com\/actualidad\/una-modificacion-urbanistica-allana-el-camino-para-la-construccion-de-la-nueva-rotonda-junto-al-seminario-para-ordenar-el-trafico-en-beloso\/"},"author":{"name":"La Gu\u00eda de Pamplona","@id":"https:\/\/www.laguiadepamplona.com\/actualidad\/#\/schema\/person\/efe887376f0213d4657c93adc50b1fdb"},"headline":"Una modificaci\u00f3n urban\u00edstica allana el camino para la construcci\u00f3n de la nueva rotonda junto al Seminario para ordenar el tr\u00e1fico en Beloso","datePublished":"2022-06-07T15:35:01+00:00","dateModified":"2023-04-11T09:48:05+00:00","mainEntityOfPage":{"@id":"https:\/\/www.laguiadepamplona.com\/actualidad\/una-modificacion-urbanistica-allana-el-camino-para-la-construccion-de-la-nueva-rotonda-junto-al-seminario-para-ordenar-el-trafico-en-beloso\/"},"wordCount":552,"commentCount":0,"publisher":{"@id":"https:\/\/www.laguiadepamplona.com\/actualidad\/#organization"},"image":{"@id":"https:\/\/www.laguiadepamplona.com\/actualidad\/una-modificacion-urbanistica-allana-el-camino-para-la-construccion-de-la-nueva-rotonda-junto-al-seminario-para-ordenar-el-trafico-en-beloso\/#primaryimage"},"thumbnailUrl":"https:\/\/www.laguiadepamplona.com\/actualidad\/wp-content\/uploads\/2022\/06\/22.06.07_peau_beloso_nueva_rotonda_seminario.webp","articleSection":["Ayto Pamplona"],"inLanguage":"es","potentialAction":[{"@type":"CommentAction","name":"Comment","target":["https:\/\/www.laguiadepamplona.com\/actualidad\/una-modificacion-urbanistica-allana-el-camino-para-la-construccion-de-la-nueva-rotonda-junto-al-seminario-para-ordenar-el-trafico-en-beloso\/#respond"]}]},{"@type":"WebPage","@id":"https:\/\/www.laguiadepamplona.com\/actualidad\/una-modificacion-urbanistica-allana-el-camino-para-la-construccion-de-la-nueva-rotonda-junto-al-seminario-para-ordenar-el-trafico-en-beloso\/","url":"https:\/\/www.laguiadepamplona.com\/actualidad\/una-modificacion-urbanistica-allana-el-camino-para-la-construccion-de-la-nueva-rotonda-junto-al-seminario-para-ordenar-el-trafico-en-beloso\/","name":"Una modificaci\u00f3n urban\u00edstica allana el camino para la construcci\u00f3n de la nueva rotonda junto al Seminario para ordenar el tr\u00e1fico en Beloso","isPartOf":{"@id":"https:\/\/www.laguiadepamplona.com\/actualidad\/#website"},"primaryImageOfPage":{"@id":"https:\/\/www.laguiadepamplona.com\/actualidad\/una-modificacion-urbanistica-allana-el-camino-para-la-construccion-de-la-nueva-rotonda-junto-al-seminario-para-ordenar-el-trafico-en-beloso\/#primaryimage"},"image":{"@id":"https:\/\/www.laguiadepamplona.com\/actualidad\/una-modificacion-urbanistica-allana-el-camino-para-la-construccion-de-la-nueva-rotonda-junto-al-seminario-para-ordenar-el-trafico-en-beloso\/#primaryimage"},"thumbnailUrl":"https:\/\/www.laguiadepamplona.com\/actualidad\/wp-content\/uploads\/2022\/06\/22.06.07_peau_beloso_nueva_rotonda_seminario.webp","datePublished":"2022-06-07T15:35:01+00:00","dateModified":"2023-04-11T09:48:05+00:00","description":"Gerencia de Urbanismo analiza esta modificaci\u00f3n, propuesta por una promotora, que permitir\u00eda construir ocho viviendas y mejorar el tr\u00e1nsito rodado y peatonal en la zona","breadcrumb":{"@id":"https:\/\/www.laguiadepamplona.com\/actualidad\/una-modificacion-urbanistica-allana-el-camino-para-la-construccion-de-la-nueva-rotonda-junto-al-seminario-para-ordenar-el-trafico-en-beloso\/#breadcrumb"},"inLanguage":"es","potentialAction":[{"@type":"ReadAction","target":["https:\/\/www.laguiadepamplona.com\/actualidad\/una-modificacion-urbanistica-allana-el-camino-para-la-construccion-de-la-nueva-rotonda-junto-al-seminario-para-ordenar-el-trafico-en-beloso\/"]}]},{"@type":"ImageObject","inLanguage":"es","@id":"https:\/\/www.laguiadepamplona.com\/actualidad\/una-modificacion-urbanistica-allana-el-camino-para-la-construccion-de-la-nueva-rotonda-junto-al-seminario-para-ordenar-el-trafico-en-beloso\/#primaryimage","url":"https:\/\/www.laguiadepamplona.com\/actualidad\/wp-content\/uploads\/2022\/06\/22.06.07_peau_beloso_nueva_rotonda_seminario.webp","contentUrl":"https:\/\/www.laguiadepamplona.com\/actualidad\/wp-content\/uploads\/2022\/06\/22.06.07_peau_beloso_nueva_rotonda_seminario.webp","width":1469,"height":824},{"@type":"BreadcrumbList","@id":"https:\/\/www.laguiadepamplona.com\/actualidad\/una-modificacion-urbanistica-allana-el-camino-para-la-construccion-de-la-nueva-rotonda-junto-al-seminario-para-ordenar-el-trafico-en-beloso\/#breadcrumb","itemListElement":[{"@type":"ListItem","position":1,"name":"Portada","item":"https:\/\/www.laguiadepamplona.com\/actualidad\/"},{"@type":"ListItem","position":2,"name":"Una modificaci\u00f3n urban\u00edstica allana el camino para la construcci\u00f3n de la nueva rotonda junto al Seminario para ordenar el tr\u00e1fico en Beloso"}]},{"@type":"WebSite","@id":"https:\/\/www.laguiadepamplona.com\/actualidad\/#website","url":"https:\/\/www.laguiadepamplona.com\/actualidad\/","name":"La gu\u00eda de Pamplona","description":"Noticias de Pamplona","publisher":{"@id":"https:\/\/www.laguiadepamplona.com\/actualidad\/#organization"},"potentialAction":[{"@type":"SearchAction","target":{"@type":"EntryPoint","urlTemplate":"https:\/\/www.laguiadepamplona.com\/actualidad\/?s={search_term_string}"},"query-input":{"@type":"PropertyValueSpecification","valueRequired":true,"valueName":"search_term_string"}}],"inLanguage":"es"},{"@type":"Organization","@id":"https:\/\/www.laguiadepamplona.com\/actualidad\/#organization","name":"La Gu\u00eda de Pamplona \/ Noticias","url":"https:\/\/www.laguiadepamplona.com\/actualidad\/","logo":{"@type":"ImageObject","inLanguage":"es","@id":"https:\/\/www.laguiadepamplona.com\/actualidad\/#\/schema\/logo\/image\/","url":"https:\/\/www.laguiadepamplona.com\/actualidad\/wp-content\/uploads\/2018\/11\/logo-laguiadepamplona18-web1.png","contentUrl":"https:\/\/www.laguiadepamplona.com\/actualidad\/wp-content\/uploads\/2018\/11\/logo-laguiadepamplona18-web1.png","width":600,"height":196,"caption":"La Gu\u00eda de Pamplona \/ Noticias"},"image":{"@id":"https:\/\/www.laguiadepamplona.com\/actualidad\/#\/schema\/logo\/image\/"},"sameAs":["https:\/\/www.facebook.com\/laguiadepamplonacom-133175176762273\/?ref=hl","https:\/\/x.com\/LaGuiadPamplona","https:\/\/www.instagram.com\/la_guia_de_pamplona\/","https:\/\/www.youtube.com\/user\/laguiadepamplona"]},{"@type":"Person","@id":"https:\/\/www.laguiadepamplona.com\/actualidad\/#\/schema\/person\/efe887376f0213d4657c93adc50b1fdb","name":"La Gu\u00eda de Pamplona","image":{"@type":"ImageObject","inLanguage":"es","@id":"https:\/\/secure.gravatar.com\/avatar\/b6992f131dc8d30ab0dff15446e9d346d9dbd95992de0fef795073f5ea83a81c?s=96&d=mm&r=g","url":"https:\/\/secure.gravatar.com\/avatar\/b6992f131dc8d30ab0dff15446e9d346d9dbd95992de0fef795073f5ea83a81c?s=96&d=mm&r=g","contentUrl":"https:\/\/secure.gravatar.com\/avatar\/b6992f131dc8d30ab0dff15446e9d346d9dbd95992de0fef795073f5ea83a81c?s=96&d=mm&r=g","caption":"La Gu\u00eda de Pamplona"}}]}},"post_mailing_queue_ids":[],"_links":{"self":[{"href":"https:\/\/www.laguiadepamplona.com\/actualidad\/wp-json\/wp\/v2\/posts\/40700","targetHints":{"allow":["GET"]}}],"collection":[{"href":"https:\/\/www.laguiadepamplona.com\/actualidad\/wp-json\/wp\/v2\/posts"}],"about":[{"href":"https:\/\/www.laguiadepamplona.com\/actualidad\/wp-json\/wp\/v2\/types\/post"}],"author":[{"embeddable":true,"href":"https:\/\/www.laguiadepamplona.com\/actualidad\/wp-json\/wp\/v2\/users\/1"}],"replies":[{"embeddable":true,"href":"https:\/\/www.laguiadepamplona.com\/actualidad\/wp-json\/wp\/v2\/comments?post=40700"}],"version-history":[{"count":0,"href":"https:\/\/www.laguiadepamplona.com\/actualidad\/wp-json\/wp\/v2\/posts\/40700\/revisions"}],"wp:featuredmedia":[{"embeddable":true,"href":"https:\/\/www.laguiadepamplona.com\/actualidad\/wp-json\/wp\/v2\/media\/40701"}],"wp:attachment":[{"href":"https:\/\/www.laguiadepamplona.com\/actualidad\/wp-json\/wp\/v2\/media?parent=40700"}],"wp:term":[{"taxonomy":"category","embeddable":true,"href":"https:\/\/www.laguiadepamplona.com\/actualidad\/wp-json\/wp\/v2\/categories?post=40700"},{"taxonomy":"post_tag","embeddable":true,"href":"https:\/\/www.laguiadepamplona.com\/actualidad\/wp-json\/wp\/v2\/tags?post=40700"}],"curies":[{"name":"wp","href":"https:\/\/api.w.org\/{rel}","templated":true}]}}