{"id":40694,"date":"2022-06-07T12:14:49","date_gmt":"2022-06-07T10:14:49","guid":{"rendered":"https:\/\/www.laguiadepamplona.com\/actualidad\/?p=40694"},"modified":"2023-04-11T11:48:05","modified_gmt":"2023-04-11T09:48:05","slug":"el-ayuntamiento-busca-financiacion-de-los-fondos-next-generation-eu-para-la-rehabilitacion-del-complejo-deportivo-aranzadi-y-del-centro-comunitario-salesianas","status":"publish","type":"post","link":"https:\/\/www.laguiadepamplona.com\/actualidad\/el-ayuntamiento-busca-financiacion-de-los-fondos-next-generation-eu-para-la-rehabilitacion-del-complejo-deportivo-aranzadi-y-del-centro-comunitario-salesianas\/","title":{"rendered":"El Ayuntamiento busca financiaci\u00f3n de los fondos Next Generation EU para la rehabilitaci\u00f3n del Complejo Deportivo Aranzadi y del Centro Comunitario Salesianas"},"content":{"rendered":"<h5>La Junta de Gobierno ha aprobado las solicitudes para estos proyectos, que cuentan con un presupuesto de 5,4 millones de euros<\/h5>\n<p><!--more--><\/p>\n<p>El Ayuntamiento de Pamplona va a presentar dos proyectos a la convocatoria de ayudas a la rehabilitaci\u00f3n de edificios de titularidad p\u00fablica de los fondos Next Generation EU, en el marco del Plan de Recuperaci\u00f3n, Transformaci\u00f3n y Resiliencia (PRTR). La Junta de Gobierno Local ha aprobado esta ma\u00f1ana la participaci\u00f3n en esa convocatoria solicitando fondos para la rehabilitaci\u00f3n del Complejo Deportivo Aranzadi y del Centro Comunitario de Salesianas en Txantrea, con inversiones que alcanzan los 5,4 millones de euros.<br \/>\n<script async src=\"\/\/pagead2.googlesyndication.com\/pagead\/js\/adsbygoogle.js\"><\/script><br \/>\n<!-- Noticias La Guia de Pamplona --><br \/>\n<ins class=\"adsbygoogle\"\nstyle=\"display:block\"\ndata-ad-client=\"ca-pub-6943679897239327\"\ndata-ad-slot=\"7048180777\"\ndata-ad-format=\"auto\"><\/ins><br \/>\n<script>\n(adsbygoogle = window.adsbygoogle || []).push({});\n<\/script><\/p>\n<p>Esta l\u00ednea de ayudas dependiente del Ministerio de Transportes, Movilidad y Agenda Urbana tiene como objetivo la renovaci\u00f3n del parque de edificios p\u00fablicos hasta lograr unos edificios de calidad, de alta eficiencia energ\u00e9tica y descarbonizados para 2050, en sinton\u00eda con los objetivos que persigue la Uni\u00f3n Europea en la lucha contra el cambio clim\u00e1tico. El Programa de Impulso a la Rehabilitaci\u00f3n de Edificios P\u00fablicos (PIREP) a\u00fana el car\u00e1cter integrado que reclama la Agenda Urbana Espa\u00f1ola con los tres logros esenciales que impulsa la Nueva Bauhaus europea (sostenibilidad, est\u00e9tica e inclusi\u00f3n), sin perder de vista el principal objetivo de un ahorro energ\u00e9tico media por encima del 30%.<\/p>\n<p>La rehabilitaci\u00f3n del Complejo Deportivo Aranzadi se basa en un estudio previa de diciembre de 2021, con una serie de actuaciones para la mejora de la instalaci\u00f3n, con las que se quiere alcanzar un ahorro en emisiones de 300 toneladas de CO<sub>2<\/sub> al a\u00f1o y 1.050.000 KWh de ahorros energ\u00e9ticos anuales. Ese estudio incluye mejoras relacionadas con el aislamiento envolvente, cambio de carpinter\u00edas, apuesta por la biomasa y la geotermia, fotovoltaicas con almacenamiento, iluminaci\u00f3n led, recuperadores de energ\u00eda en las piscinas\u2026 El presupuesto total de las acciones es de 3.697.021,90 euros y se podr\u00eda obtener el 80% de los costes previstos en el proyecto.<br \/>\n<script async src=\"\/\/pagead2.googlesyndication.com\/pagead\/js\/adsbygoogle.js\"><\/script><br \/>\n<!-- Noticias La Guia de Pamplona --><br \/>\n<ins class=\"adsbygoogle\"\nstyle=\"display:block\"\ndata-ad-client=\"ca-pub-6943679897239327\"\ndata-ad-slot=\"7048180777\"\ndata-ad-format=\"auto\"><\/ins><br \/>\n<script>\n(adsbygoogle = window.adsbygoogle || []).push({});\n<\/script><\/p>\n<p>Para el Centro Comunitario de Salesianas se proponen acciones de rehabilitaci\u00f3n encaminadas a conseguir un edificio energ\u00e9ticamente autosuficiente y de consumo casi nulo. Se mejorar\u00e1 la envolvente t\u00e9rmica, se instalar\u00e1n protecciones solares en la fachada o se sustituir\u00e1 la calefacci\u00f3n de gas por bombas de calor de aerotermia, se cubrir\u00e1 la fachada norte con un jard\u00edn vertical con especies aut\u00f3ctonas o se ubicar\u00e1n en las inmediaciones un cargador para veh\u00edculos el\u00e9ctricos, entre otras medidas. El presupuesto total del proyecto es de 1.699.800,86 euros y el Ayuntamiento busca obtener el 70% de financiaci\u00f3n de esos costes.<\/p>\n<p>El Ayuntamiento de Pamplona se compromete a financiar el importe no subvencionado para llevar a cabo estos proyectos si se le concede la ayuda europea. Asimismo, el Ayuntamiento de Pamplona debe mantener el uso comprometido y la titularidad p\u00fablica de los inmuebles para los que solicita ayuda durante un periodo de 20 a\u00f1os tras la finalizaci\u00f3n de la obra sin enajenarlo ni gravarlo. Adem\u00e1s de la reducci\u00f3n del 30% en el consumo de energ\u00eda, se establecen como requisitos de ambas obras que el plan de gesti\u00f3n de residuos suponga la reutilizaci\u00f3n, reciclaje o revalorizaci\u00f3n de al menos el 70% de los residuos no peligrosos. Las obras deber\u00e1n estar concluidas para el 31 de marzo de 2026.<\/p>\n","protected":false},"excerpt":{"rendered":"<p>La Junta de Gobierno ha aprobado las solicitudes para estos proyectos, que cuentan con un presupuesto de 5,4 millones de euros<\/p>\n","protected":false},"author":1,"featured_media":40695,"comment_status":"open","ping_status":"closed","sticky":false,"template":"","format":"standard","meta":{"footnotes":""},"categories":[2],"tags":[],"class_list":["post-40694","post","type-post","status-publish","format-standard","has-post-thumbnail","hentry","category-ayuntamiento-pamplona"],"yoast_head":"<!-- This site is optimized with the Yoast SEO plugin v27.3 - https:\/\/yoast.com\/product\/yoast-seo-wordpress\/ -->\n<title>El Ayuntamiento busca financiaci\u00f3n de los fondos Next Generation EU para la rehabilitaci\u00f3n del Complejo Deportivo Aranzadi y del Centro Comunitario Salesianas<\/title>\n<meta name=\"description\" content=\"La Junta de Gobierno ha aprobado las solicitudes para estos proyectos, que cuentan con un presupuesto de 5,4 millones de euros\" \/>\n<meta name=\"robots\" content=\"index, follow, max-snippet:-1, max-image-preview:large, max-video-preview:-1\" \/>\n<link rel=\"canonical\" href=\"https:\/\/www.laguiadepamplona.com\/actualidad\/el-ayuntamiento-busca-financiacion-de-los-fondos-next-generation-eu-para-la-rehabilitacion-del-complejo-deportivo-aranzadi-y-del-centro-comunitario-salesianas\/\" \/>\n<meta property=\"og:locale\" content=\"es_ES\" \/>\n<meta property=\"og:type\" content=\"article\" \/>\n<meta property=\"og:title\" content=\"El Ayuntamiento busca financiaci\u00f3n de los fondos Next Generation EU para la rehabilitaci\u00f3n del Complejo Deportivo Aranzadi y del Centro Comunitario Salesianas\" \/>\n<meta property=\"og:description\" content=\"La Junta de Gobierno ha aprobado las solicitudes para estos proyectos, que cuentan con un presupuesto de 5,4 millones de euros\" \/>\n<meta property=\"og:url\" content=\"https:\/\/www.laguiadepamplona.com\/actualidad\/el-ayuntamiento-busca-financiacion-de-los-fondos-next-generation-eu-para-la-rehabilitacion-del-complejo-deportivo-aranzadi-y-del-centro-comunitario-salesianas\/\" \/>\n<meta property=\"og:site_name\" content=\"La Gu\u00eda de Pamplona\" \/>\n<meta property=\"article:publisher\" content=\"https:\/\/www.facebook.com\/laguiadepamplonacom-133175176762273\/?ref=hl\" \/>\n<meta property=\"article:published_time\" content=\"2022-06-07T10:14:49+00:00\" \/>\n<meta property=\"article:modified_time\" content=\"2023-04-11T09:48:05+00:00\" \/>\n<meta property=\"og:image\" content=\"https:\/\/www.laguiadepamplona.com\/actualidad\/wp-content\/uploads\/2022\/06\/Centro-Comunitario-Txantrea-1_0.webp\" \/>\n\t<meta property=\"og:image:width\" content=\"1920\" \/>\n\t<meta property=\"og:image:height\" content=\"1281\" \/>\n\t<meta property=\"og:image:type\" content=\"image\/webp\" \/>\n<meta name=\"author\" content=\"La Gu\u00eda de Pamplona\" \/>\n<meta name=\"twitter:card\" content=\"summary_large_image\" \/>\n<meta name=\"twitter:creator\" content=\"@LaGuiadPamplona\" \/>\n<meta name=\"twitter:site\" content=\"@LaGuiadPamplona\" \/>\n<meta name=\"twitter:label1\" content=\"Escrito por\" \/>\n\t<meta name=\"twitter:data1\" content=\"La Gu\u00eda de Pamplona\" \/>\n\t<meta name=\"twitter:label2\" content=\"Tiempo de lectura\" \/>\n\t<meta name=\"twitter:data2\" content=\"3 minutos\" \/>\n<script type=\"application\/ld+json\" class=\"yoast-schema-graph\">{\"@context\":\"https:\\\/\\\/schema.org\",\"@graph\":[{\"@type\":\"Article\",\"@id\":\"https:\\\/\\\/www.laguiadepamplona.com\\\/actualidad\\\/el-ayuntamiento-busca-financiacion-de-los-fondos-next-generation-eu-para-la-rehabilitacion-del-complejo-deportivo-aranzadi-y-del-centro-comunitario-salesianas\\\/#article\",\"isPartOf\":{\"@id\":\"https:\\\/\\\/www.laguiadepamplona.com\\\/actualidad\\\/el-ayuntamiento-busca-financiacion-de-los-fondos-next-generation-eu-para-la-rehabilitacion-del-complejo-deportivo-aranzadi-y-del-centro-comunitario-salesianas\\\/\"},\"author\":{\"name\":\"La Gu\u00eda de Pamplona\",\"@id\":\"https:\\\/\\\/www.laguiadepamplona.com\\\/actualidad\\\/#\\\/schema\\\/person\\\/efe887376f0213d4657c93adc50b1fdb\"},\"headline\":\"El Ayuntamiento busca financiaci\u00f3n de los fondos Next Generation EU para la rehabilitaci\u00f3n del Complejo Deportivo Aranzadi y del Centro Comunitario Salesianas\",\"datePublished\":\"2022-06-07T10:14:49+00:00\",\"dateModified\":\"2023-04-11T09:48:05+00:00\",\"mainEntityOfPage\":{\"@id\":\"https:\\\/\\\/www.laguiadepamplona.com\\\/actualidad\\\/el-ayuntamiento-busca-financiacion-de-los-fondos-next-generation-eu-para-la-rehabilitacion-del-complejo-deportivo-aranzadi-y-del-centro-comunitario-salesianas\\\/\"},\"wordCount\":580,\"commentCount\":0,\"publisher\":{\"@id\":\"https:\\\/\\\/www.laguiadepamplona.com\\\/actualidad\\\/#organization\"},\"image\":{\"@id\":\"https:\\\/\\\/www.laguiadepamplona.com\\\/actualidad\\\/el-ayuntamiento-busca-financiacion-de-los-fondos-next-generation-eu-para-la-rehabilitacion-del-complejo-deportivo-aranzadi-y-del-centro-comunitario-salesianas\\\/#primaryimage\"},\"thumbnailUrl\":\"https:\\\/\\\/www.laguiadepamplona.com\\\/actualidad\\\/wp-content\\\/uploads\\\/2022\\\/06\\\/Centro-Comunitario-Txantrea-1_0.webp\",\"articleSection\":[\"Ayto Pamplona\"],\"inLanguage\":\"es\",\"potentialAction\":[{\"@type\":\"CommentAction\",\"name\":\"Comment\",\"target\":[\"https:\\\/\\\/www.laguiadepamplona.com\\\/actualidad\\\/el-ayuntamiento-busca-financiacion-de-los-fondos-next-generation-eu-para-la-rehabilitacion-del-complejo-deportivo-aranzadi-y-del-centro-comunitario-salesianas\\\/#respond\"]}]},{\"@type\":\"WebPage\",\"@id\":\"https:\\\/\\\/www.laguiadepamplona.com\\\/actualidad\\\/el-ayuntamiento-busca-financiacion-de-los-fondos-next-generation-eu-para-la-rehabilitacion-del-complejo-deportivo-aranzadi-y-del-centro-comunitario-salesianas\\\/\",\"url\":\"https:\\\/\\\/www.laguiadepamplona.com\\\/actualidad\\\/el-ayuntamiento-busca-financiacion-de-los-fondos-next-generation-eu-para-la-rehabilitacion-del-complejo-deportivo-aranzadi-y-del-centro-comunitario-salesianas\\\/\",\"name\":\"El Ayuntamiento busca financiaci\u00f3n de los fondos Next Generation EU para la rehabilitaci\u00f3n del Complejo Deportivo Aranzadi y del Centro Comunitario Salesianas\",\"isPartOf\":{\"@id\":\"https:\\\/\\\/www.laguiadepamplona.com\\\/actualidad\\\/#website\"},\"primaryImageOfPage\":{\"@id\":\"https:\\\/\\\/www.laguiadepamplona.com\\\/actualidad\\\/el-ayuntamiento-busca-financiacion-de-los-fondos-next-generation-eu-para-la-rehabilitacion-del-complejo-deportivo-aranzadi-y-del-centro-comunitario-salesianas\\\/#primaryimage\"},\"image\":{\"@id\":\"https:\\\/\\\/www.laguiadepamplona.com\\\/actualidad\\\/el-ayuntamiento-busca-financiacion-de-los-fondos-next-generation-eu-para-la-rehabilitacion-del-complejo-deportivo-aranzadi-y-del-centro-comunitario-salesianas\\\/#primaryimage\"},\"thumbnailUrl\":\"https:\\\/\\\/www.laguiadepamplona.com\\\/actualidad\\\/wp-content\\\/uploads\\\/2022\\\/06\\\/Centro-Comunitario-Txantrea-1_0.webp\",\"datePublished\":\"2022-06-07T10:14:49+00:00\",\"dateModified\":\"2023-04-11T09:48:05+00:00\",\"description\":\"La Junta de Gobierno ha aprobado las solicitudes para estos proyectos, que cuentan con un presupuesto de 5,4 millones de euros\",\"breadcrumb\":{\"@id\":\"https:\\\/\\\/www.laguiadepamplona.com\\\/actualidad\\\/el-ayuntamiento-busca-financiacion-de-los-fondos-next-generation-eu-para-la-rehabilitacion-del-complejo-deportivo-aranzadi-y-del-centro-comunitario-salesianas\\\/#breadcrumb\"},\"inLanguage\":\"es\",\"potentialAction\":[{\"@type\":\"ReadAction\",\"target\":[\"https:\\\/\\\/www.laguiadepamplona.com\\\/actualidad\\\/el-ayuntamiento-busca-financiacion-de-los-fondos-next-generation-eu-para-la-rehabilitacion-del-complejo-deportivo-aranzadi-y-del-centro-comunitario-salesianas\\\/\"]}]},{\"@type\":\"ImageObject\",\"inLanguage\":\"es\",\"@id\":\"https:\\\/\\\/www.laguiadepamplona.com\\\/actualidad\\\/el-ayuntamiento-busca-financiacion-de-los-fondos-next-generation-eu-para-la-rehabilitacion-del-complejo-deportivo-aranzadi-y-del-centro-comunitario-salesianas\\\/#primaryimage\",\"url\":\"https:\\\/\\\/www.laguiadepamplona.com\\\/actualidad\\\/wp-content\\\/uploads\\\/2022\\\/06\\\/Centro-Comunitario-Txantrea-1_0.webp\",\"contentUrl\":\"https:\\\/\\\/www.laguiadepamplona.com\\\/actualidad\\\/wp-content\\\/uploads\\\/2022\\\/06\\\/Centro-Comunitario-Txantrea-1_0.webp\",\"width\":1920,\"height\":1281},{\"@type\":\"BreadcrumbList\",\"@id\":\"https:\\\/\\\/www.laguiadepamplona.com\\\/actualidad\\\/el-ayuntamiento-busca-financiacion-de-los-fondos-next-generation-eu-para-la-rehabilitacion-del-complejo-deportivo-aranzadi-y-del-centro-comunitario-salesianas\\\/#breadcrumb\",\"itemListElement\":[{\"@type\":\"ListItem\",\"position\":1,\"name\":\"Portada\",\"item\":\"https:\\\/\\\/www.laguiadepamplona.com\\\/actualidad\\\/\"},{\"@type\":\"ListItem\",\"position\":2,\"name\":\"El Ayuntamiento busca financiaci\u00f3n de los fondos Next Generation EU para la rehabilitaci\u00f3n del Complejo Deportivo Aranzadi y del Centro Comunitario Salesianas\"}]},{\"@type\":\"WebSite\",\"@id\":\"https:\\\/\\\/www.laguiadepamplona.com\\\/actualidad\\\/#website\",\"url\":\"https:\\\/\\\/www.laguiadepamplona.com\\\/actualidad\\\/\",\"name\":\"La gu\u00eda de Pamplona\",\"description\":\"Noticias de Pamplona\",\"publisher\":{\"@id\":\"https:\\\/\\\/www.laguiadepamplona.com\\\/actualidad\\\/#organization\"},\"potentialAction\":[{\"@type\":\"SearchAction\",\"target\":{\"@type\":\"EntryPoint\",\"urlTemplate\":\"https:\\\/\\\/www.laguiadepamplona.com\\\/actualidad\\\/?s={search_term_string}\"},\"query-input\":{\"@type\":\"PropertyValueSpecification\",\"valueRequired\":true,\"valueName\":\"search_term_string\"}}],\"inLanguage\":\"es\"},{\"@type\":\"Organization\",\"@id\":\"https:\\\/\\\/www.laguiadepamplona.com\\\/actualidad\\\/#organization\",\"name\":\"La Gu\u00eda de Pamplona \\\/ Noticias\",\"url\":\"https:\\\/\\\/www.laguiadepamplona.com\\\/actualidad\\\/\",\"logo\":{\"@type\":\"ImageObject\",\"inLanguage\":\"es\",\"@id\":\"https:\\\/\\\/www.laguiadepamplona.com\\\/actualidad\\\/#\\\/schema\\\/logo\\\/image\\\/\",\"url\":\"https:\\\/\\\/www.laguiadepamplona.com\\\/actualidad\\\/wp-content\\\/uploads\\\/2018\\\/11\\\/logo-laguiadepamplona18-web1.png\",\"contentUrl\":\"https:\\\/\\\/www.laguiadepamplona.com\\\/actualidad\\\/wp-content\\\/uploads\\\/2018\\\/11\\\/logo-laguiadepamplona18-web1.png\",\"width\":600,\"height\":196,\"caption\":\"La Gu\u00eda de Pamplona \\\/ Noticias\"},\"image\":{\"@id\":\"https:\\\/\\\/www.laguiadepamplona.com\\\/actualidad\\\/#\\\/schema\\\/logo\\\/image\\\/\"},\"sameAs\":[\"https:\\\/\\\/www.facebook.com\\\/laguiadepamplonacom-133175176762273\\\/?ref=hl\",\"https:\\\/\\\/x.com\\\/LaGuiadPamplona\",\"https:\\\/\\\/www.instagram.com\\\/la_guia_de_pamplona\\\/\",\"https:\\\/\\\/www.youtube.com\\\/user\\\/laguiadepamplona\"]},{\"@type\":\"Person\",\"@id\":\"https:\\\/\\\/www.laguiadepamplona.com\\\/actualidad\\\/#\\\/schema\\\/person\\\/efe887376f0213d4657c93adc50b1fdb\",\"name\":\"La Gu\u00eda de Pamplona\",\"image\":{\"@type\":\"ImageObject\",\"inLanguage\":\"es\",\"@id\":\"https:\\\/\\\/secure.gravatar.com\\\/avatar\\\/b6992f131dc8d30ab0dff15446e9d346d9dbd95992de0fef795073f5ea83a81c?s=96&d=mm&r=g\",\"url\":\"https:\\\/\\\/secure.gravatar.com\\\/avatar\\\/b6992f131dc8d30ab0dff15446e9d346d9dbd95992de0fef795073f5ea83a81c?s=96&d=mm&r=g\",\"contentUrl\":\"https:\\\/\\\/secure.gravatar.com\\\/avatar\\\/b6992f131dc8d30ab0dff15446e9d346d9dbd95992de0fef795073f5ea83a81c?s=96&d=mm&r=g\",\"caption\":\"La Gu\u00eda de Pamplona\"}}]}<\/script>\n<!-- \/ Yoast SEO plugin. -->","yoast_head_json":{"title":"El Ayuntamiento busca financiaci\u00f3n de los fondos Next Generation EU para la rehabilitaci\u00f3n del Complejo Deportivo Aranzadi y del Centro Comunitario Salesianas","description":"La Junta de Gobierno ha aprobado las solicitudes para estos proyectos, que cuentan con un presupuesto de 5,4 millones de euros","robots":{"index":"index","follow":"follow","max-snippet":"max-snippet:-1","max-image-preview":"max-image-preview:large","max-video-preview":"max-video-preview:-1"},"canonical":"https:\/\/www.laguiadepamplona.com\/actualidad\/el-ayuntamiento-busca-financiacion-de-los-fondos-next-generation-eu-para-la-rehabilitacion-del-complejo-deportivo-aranzadi-y-del-centro-comunitario-salesianas\/","og_locale":"es_ES","og_type":"article","og_title":"El Ayuntamiento busca financiaci\u00f3n de los fondos Next Generation EU para la rehabilitaci\u00f3n del Complejo Deportivo Aranzadi y del Centro Comunitario Salesianas","og_description":"La Junta de Gobierno ha aprobado las solicitudes para estos proyectos, que cuentan con un presupuesto de 5,4 millones de euros","og_url":"https:\/\/www.laguiadepamplona.com\/actualidad\/el-ayuntamiento-busca-financiacion-de-los-fondos-next-generation-eu-para-la-rehabilitacion-del-complejo-deportivo-aranzadi-y-del-centro-comunitario-salesianas\/","og_site_name":"La Gu\u00eda de Pamplona","article_publisher":"https:\/\/www.facebook.com\/laguiadepamplonacom-133175176762273\/?ref=hl","article_published_time":"2022-06-07T10:14:49+00:00","article_modified_time":"2023-04-11T09:48:05+00:00","og_image":[{"width":1920,"height":1281,"url":"https:\/\/www.laguiadepamplona.com\/actualidad\/wp-content\/uploads\/2022\/06\/Centro-Comunitario-Txantrea-1_0.webp","type":"image\/webp"}],"author":"La Gu\u00eda de Pamplona","twitter_card":"summary_large_image","twitter_creator":"@LaGuiadPamplona","twitter_site":"@LaGuiadPamplona","twitter_misc":{"Escrito por":"La Gu\u00eda de Pamplona","Tiempo de lectura":"3 minutos"},"schema":{"@context":"https:\/\/schema.org","@graph":[{"@type":"Article","@id":"https:\/\/www.laguiadepamplona.com\/actualidad\/el-ayuntamiento-busca-financiacion-de-los-fondos-next-generation-eu-para-la-rehabilitacion-del-complejo-deportivo-aranzadi-y-del-centro-comunitario-salesianas\/#article","isPartOf":{"@id":"https:\/\/www.laguiadepamplona.com\/actualidad\/el-ayuntamiento-busca-financiacion-de-los-fondos-next-generation-eu-para-la-rehabilitacion-del-complejo-deportivo-aranzadi-y-del-centro-comunitario-salesianas\/"},"author":{"name":"La Gu\u00eda de Pamplona","@id":"https:\/\/www.laguiadepamplona.com\/actualidad\/#\/schema\/person\/efe887376f0213d4657c93adc50b1fdb"},"headline":"El Ayuntamiento busca financiaci\u00f3n de los fondos Next Generation EU para la rehabilitaci\u00f3n del Complejo Deportivo Aranzadi y del Centro Comunitario Salesianas","datePublished":"2022-06-07T10:14:49+00:00","dateModified":"2023-04-11T09:48:05+00:00","mainEntityOfPage":{"@id":"https:\/\/www.laguiadepamplona.com\/actualidad\/el-ayuntamiento-busca-financiacion-de-los-fondos-next-generation-eu-para-la-rehabilitacion-del-complejo-deportivo-aranzadi-y-del-centro-comunitario-salesianas\/"},"wordCount":580,"commentCount":0,"publisher":{"@id":"https:\/\/www.laguiadepamplona.com\/actualidad\/#organization"},"image":{"@id":"https:\/\/www.laguiadepamplona.com\/actualidad\/el-ayuntamiento-busca-financiacion-de-los-fondos-next-generation-eu-para-la-rehabilitacion-del-complejo-deportivo-aranzadi-y-del-centro-comunitario-salesianas\/#primaryimage"},"thumbnailUrl":"https:\/\/www.laguiadepamplona.com\/actualidad\/wp-content\/uploads\/2022\/06\/Centro-Comunitario-Txantrea-1_0.webp","articleSection":["Ayto Pamplona"],"inLanguage":"es","potentialAction":[{"@type":"CommentAction","name":"Comment","target":["https:\/\/www.laguiadepamplona.com\/actualidad\/el-ayuntamiento-busca-financiacion-de-los-fondos-next-generation-eu-para-la-rehabilitacion-del-complejo-deportivo-aranzadi-y-del-centro-comunitario-salesianas\/#respond"]}]},{"@type":"WebPage","@id":"https:\/\/www.laguiadepamplona.com\/actualidad\/el-ayuntamiento-busca-financiacion-de-los-fondos-next-generation-eu-para-la-rehabilitacion-del-complejo-deportivo-aranzadi-y-del-centro-comunitario-salesianas\/","url":"https:\/\/www.laguiadepamplona.com\/actualidad\/el-ayuntamiento-busca-financiacion-de-los-fondos-next-generation-eu-para-la-rehabilitacion-del-complejo-deportivo-aranzadi-y-del-centro-comunitario-salesianas\/","name":"El Ayuntamiento busca financiaci\u00f3n de los fondos Next Generation EU para la rehabilitaci\u00f3n del Complejo Deportivo Aranzadi y del Centro Comunitario Salesianas","isPartOf":{"@id":"https:\/\/www.laguiadepamplona.com\/actualidad\/#website"},"primaryImageOfPage":{"@id":"https:\/\/www.laguiadepamplona.com\/actualidad\/el-ayuntamiento-busca-financiacion-de-los-fondos-next-generation-eu-para-la-rehabilitacion-del-complejo-deportivo-aranzadi-y-del-centro-comunitario-salesianas\/#primaryimage"},"image":{"@id":"https:\/\/www.laguiadepamplona.com\/actualidad\/el-ayuntamiento-busca-financiacion-de-los-fondos-next-generation-eu-para-la-rehabilitacion-del-complejo-deportivo-aranzadi-y-del-centro-comunitario-salesianas\/#primaryimage"},"thumbnailUrl":"https:\/\/www.laguiadepamplona.com\/actualidad\/wp-content\/uploads\/2022\/06\/Centro-Comunitario-Txantrea-1_0.webp","datePublished":"2022-06-07T10:14:49+00:00","dateModified":"2023-04-11T09:48:05+00:00","description":"La Junta de Gobierno ha aprobado las solicitudes para estos proyectos, que cuentan con un presupuesto de 5,4 millones de euros","breadcrumb":{"@id":"https:\/\/www.laguiadepamplona.com\/actualidad\/el-ayuntamiento-busca-financiacion-de-los-fondos-next-generation-eu-para-la-rehabilitacion-del-complejo-deportivo-aranzadi-y-del-centro-comunitario-salesianas\/#breadcrumb"},"inLanguage":"es","potentialAction":[{"@type":"ReadAction","target":["https:\/\/www.laguiadepamplona.com\/actualidad\/el-ayuntamiento-busca-financiacion-de-los-fondos-next-generation-eu-para-la-rehabilitacion-del-complejo-deportivo-aranzadi-y-del-centro-comunitario-salesianas\/"]}]},{"@type":"ImageObject","inLanguage":"es","@id":"https:\/\/www.laguiadepamplona.com\/actualidad\/el-ayuntamiento-busca-financiacion-de-los-fondos-next-generation-eu-para-la-rehabilitacion-del-complejo-deportivo-aranzadi-y-del-centro-comunitario-salesianas\/#primaryimage","url":"https:\/\/www.laguiadepamplona.com\/actualidad\/wp-content\/uploads\/2022\/06\/Centro-Comunitario-Txantrea-1_0.webp","contentUrl":"https:\/\/www.laguiadepamplona.com\/actualidad\/wp-content\/uploads\/2022\/06\/Centro-Comunitario-Txantrea-1_0.webp","width":1920,"height":1281},{"@type":"BreadcrumbList","@id":"https:\/\/www.laguiadepamplona.com\/actualidad\/el-ayuntamiento-busca-financiacion-de-los-fondos-next-generation-eu-para-la-rehabilitacion-del-complejo-deportivo-aranzadi-y-del-centro-comunitario-salesianas\/#breadcrumb","itemListElement":[{"@type":"ListItem","position":1,"name":"Portada","item":"https:\/\/www.laguiadepamplona.com\/actualidad\/"},{"@type":"ListItem","position":2,"name":"El Ayuntamiento busca financiaci\u00f3n de los fondos Next Generation EU para la rehabilitaci\u00f3n del Complejo Deportivo Aranzadi y del Centro Comunitario Salesianas"}]},{"@type":"WebSite","@id":"https:\/\/www.laguiadepamplona.com\/actualidad\/#website","url":"https:\/\/www.laguiadepamplona.com\/actualidad\/","name":"La gu\u00eda de Pamplona","description":"Noticias de Pamplona","publisher":{"@id":"https:\/\/www.laguiadepamplona.com\/actualidad\/#organization"},"potentialAction":[{"@type":"SearchAction","target":{"@type":"EntryPoint","urlTemplate":"https:\/\/www.laguiadepamplona.com\/actualidad\/?s={search_term_string}"},"query-input":{"@type":"PropertyValueSpecification","valueRequired":true,"valueName":"search_term_string"}}],"inLanguage":"es"},{"@type":"Organization","@id":"https:\/\/www.laguiadepamplona.com\/actualidad\/#organization","name":"La Gu\u00eda de Pamplona \/ Noticias","url":"https:\/\/www.laguiadepamplona.com\/actualidad\/","logo":{"@type":"ImageObject","inLanguage":"es","@id":"https:\/\/www.laguiadepamplona.com\/actualidad\/#\/schema\/logo\/image\/","url":"https:\/\/www.laguiadepamplona.com\/actualidad\/wp-content\/uploads\/2018\/11\/logo-laguiadepamplona18-web1.png","contentUrl":"https:\/\/www.laguiadepamplona.com\/actualidad\/wp-content\/uploads\/2018\/11\/logo-laguiadepamplona18-web1.png","width":600,"height":196,"caption":"La Gu\u00eda de Pamplona \/ Noticias"},"image":{"@id":"https:\/\/www.laguiadepamplona.com\/actualidad\/#\/schema\/logo\/image\/"},"sameAs":["https:\/\/www.facebook.com\/laguiadepamplonacom-133175176762273\/?ref=hl","https:\/\/x.com\/LaGuiadPamplona","https:\/\/www.instagram.com\/la_guia_de_pamplona\/","https:\/\/www.youtube.com\/user\/laguiadepamplona"]},{"@type":"Person","@id":"https:\/\/www.laguiadepamplona.com\/actualidad\/#\/schema\/person\/efe887376f0213d4657c93adc50b1fdb","name":"La Gu\u00eda de Pamplona","image":{"@type":"ImageObject","inLanguage":"es","@id":"https:\/\/secure.gravatar.com\/avatar\/b6992f131dc8d30ab0dff15446e9d346d9dbd95992de0fef795073f5ea83a81c?s=96&d=mm&r=g","url":"https:\/\/secure.gravatar.com\/avatar\/b6992f131dc8d30ab0dff15446e9d346d9dbd95992de0fef795073f5ea83a81c?s=96&d=mm&r=g","contentUrl":"https:\/\/secure.gravatar.com\/avatar\/b6992f131dc8d30ab0dff15446e9d346d9dbd95992de0fef795073f5ea83a81c?s=96&d=mm&r=g","caption":"La Gu\u00eda de Pamplona"}}]}},"post_mailing_queue_ids":[],"_links":{"self":[{"href":"https:\/\/www.laguiadepamplona.com\/actualidad\/wp-json\/wp\/v2\/posts\/40694","targetHints":{"allow":["GET"]}}],"collection":[{"href":"https:\/\/www.laguiadepamplona.com\/actualidad\/wp-json\/wp\/v2\/posts"}],"about":[{"href":"https:\/\/www.laguiadepamplona.com\/actualidad\/wp-json\/wp\/v2\/types\/post"}],"author":[{"embeddable":true,"href":"https:\/\/www.laguiadepamplona.com\/actualidad\/wp-json\/wp\/v2\/users\/1"}],"replies":[{"embeddable":true,"href":"https:\/\/www.laguiadepamplona.com\/actualidad\/wp-json\/wp\/v2\/comments?post=40694"}],"version-history":[{"count":0,"href":"https:\/\/www.laguiadepamplona.com\/actualidad\/wp-json\/wp\/v2\/posts\/40694\/revisions"}],"wp:featuredmedia":[{"embeddable":true,"href":"https:\/\/www.laguiadepamplona.com\/actualidad\/wp-json\/wp\/v2\/media\/40695"}],"wp:attachment":[{"href":"https:\/\/www.laguiadepamplona.com\/actualidad\/wp-json\/wp\/v2\/media?parent=40694"}],"wp:term":[{"taxonomy":"category","embeddable":true,"href":"https:\/\/www.laguiadepamplona.com\/actualidad\/wp-json\/wp\/v2\/categories?post=40694"},{"taxonomy":"post_tag","embeddable":true,"href":"https:\/\/www.laguiadepamplona.com\/actualidad\/wp-json\/wp\/v2\/tags?post=40694"}],"curies":[{"name":"wp","href":"https:\/\/api.w.org\/{rel}","templated":true}]}}