{"id":40688,"date":"2022-06-07T12:10:16","date_gmt":"2022-06-07T10:10:16","guid":{"rendered":"https:\/\/www.laguiadepamplona.com\/actualidad\/?p=40688"},"modified":"2023-04-11T11:48:05","modified_gmt":"2023-04-11T09:48:05","slug":"vuelve-la-zona-joven-a-la-plaza-de-los-fueros-estos-sanfermines-el-ayuntamiento-hace-propuestas-de-ocio-seguro-adaptadas-a-un-publico-de-12-a-17-anos","status":"publish","type":"post","link":"https:\/\/www.laguiadepamplona.com\/actualidad\/vuelve-la-zona-joven-a-la-plaza-de-los-fueros-estos-sanfermines-el-ayuntamiento-hace-propuestas-de-ocio-seguro-adaptadas-a-un-publico-de-12-a-17-anos\/","title":{"rendered":"Vuelve la Zona Joven a la plaza de los Fueros estos Sanfermines: el Ayuntamiento hace propuestas de ocio seguro adaptadas a un p\u00fablico de 12 a 17 a\u00f1os"},"content":{"rendered":"<h5>Del 7 al 14 de julio, entre las 19 y las 22.45 horas, habr\u00e1 talleres, masterclasses, hinchables, DJ, y actuaciones hechas por la juventud para sus iguales<\/h5>\n<p><!--more--><\/p>\n<p>Este a\u00f1o volver\u00e1 la Zona Joven a los Sanfermines de la plaza de los Fueros, un espacio que del 7 al 14 de julio acoger\u00e1 actividades destinadas espec\u00edficamente a la franja de edad de 12 a 17 a\u00f1os y cuyas actividades est\u00e1n espec\u00edficamente programadas para ofrecer una alternativa de ocio que generan din\u00e1micas de disfrute de las fiestas diferentes, con un enfoque socializador preventivo y educativo. En 2019, el \u00faltimo a\u00f1o en que tuvo lugar, en ese espacio participaron m\u00e1s de 2.500 j\u00f3venes, y eso con un d\u00eda de suspensi\u00f3n por lluvia. El Ayuntamiento de Pamplona, con esta iniciativa, complementa la oferta general con actividades acordes a las necesidades y caracter\u00edsticas de este segmento de poblaci\u00f3n.<br \/>\n<script async src=\"\/\/pagead2.googlesyndication.com\/pagead\/js\/adsbygoogle.js\"><\/script><br \/>\n<!-- Noticias La Guia de Pamplona --><br \/>\n<ins class=\"adsbygoogle\"\nstyle=\"display:block\"\ndata-ad-client=\"ca-pub-6943679897239327\"\ndata-ad-slot=\"7048180777\"\ndata-ad-format=\"auto\"><\/ins><br \/>\n<script>\n(adsbygoogle = window.adsbygoogle || []).push({});\n<\/script><\/p>\n<p>Esta ma\u00f1ana ha presentado la programaci\u00f3n sanfermines 2022 el concejal especial de Juventud, Fernando Aranguren, que ha recalcado que para la elaboraci\u00f3n de la programaci\u00f3n se han tenido en cuenta las encuestas de satisfacci\u00f3n realizadas a personas asistentes a la Zona Joven en los \u00faltimos Sanfermines y que, para el desarrollo de las actividades se contar\u00e1 con personas j\u00f3venes de la ciudad, que tienen v\u00ednculo con la unidad de juventud a trav\u00e9s de la Casa de la Juventud. Asimismo, en esta propuesta se ha involucrado a un equipo de Cruz Roja Juventud, formado por dos personas dinamizadoras y una que realiza labores de coordinaci\u00f3n.<\/p>\n<p>La Zona Joven funcionar\u00e1 del 7 al 14 de julio en horario de 19 a 22.45 horas y ofrecer\u00e1 una amplia variedad de actividades gratuitas: actuaciones, talleres, masterclasses e hinchables. La apertura del espacio estar\u00e1 a cargo del d\u00fao bilbaino Bocabeats Comedia que, en formato Stand up Comedy, ofrecer\u00e1 un show de improvisaci\u00f3n y parodias musicales hechas con beatbox, una t\u00e9cnica en la que el int\u00e9rprete imita con la voz los sonidos y ritmos de distintos instrumentos musicales. Y su cierre, el 14 de julio, la fiesta acabar\u00e1 con una degustaci\u00f3n de cocteler\u00eda sin alcohol de 19 a 20.30 horas, juegos de agua y las actuaciones del grupo local Nakama Planet y el catal\u00e1n Ram\u00f3n Mirabet.<\/p>\n<p>En este marco f\u00edsico, el Ayuntamiento impulsar\u00e1, adem\u00e1s, la campa\u00f1a \u2018Disfruta con cabeza\u2019, un mensaje que quiere poner el acento en la responsabilidad individual a la hora de vivir las fiestas de forma sana y responsable, evitando el consumo de alcohol y otras drogas e incidiendo en la necesaria seguridad a la hora de enfocar las relaciones sexuales. La base gr\u00e1fica del mensaje reside en los populares emoticonos de whatsapp. Durante todas las fiestas un elemento hinchable en la propia plaza y flyers, pegatinas, chapas y carteles en distintos puntos, recordar\u00e1n a las personas usuarias que la diversi\u00f3n no est\u00e1 re\u00f1ida con el autocuidado.<br \/>\n<script async src=\"\/\/pagead2.googlesyndication.com\/pagead\/js\/adsbygoogle.js\"><\/script><br \/>\n<!-- Noticias La Guia de Pamplona --><br \/>\n<ins class=\"adsbygoogle\"\nstyle=\"display:block\"\ndata-ad-client=\"ca-pub-6943679897239327\"\ndata-ad-slot=\"7048180777\"\ndata-ad-format=\"auto\"><\/ins><br \/>\n<script>\n(adsbygoogle = window.adsbygoogle || []).push({});\n<\/script><\/p>\n<p><strong>Ocho d\u00edas de propuestas para todos los gustos<\/strong><\/p>\n<p>Entre esas dos fechas, adem\u00e1s de mantener actividades de inter\u00e9s ya acreditado, la programaci\u00f3n trae nuevas propuestas De forma estable entre el 7 y el 14 de julio la plaza de los Fueros acoger\u00e1 un amplio abanico de hinchables con un conjunto de elementos escogidos para la franja de edad de la programaci\u00f3n, desde tragabolas a ca\u00edda libre, pasando por basket hinchable, lucha de gladiadores, tirachinas gigantes o megabarredoras.<\/p>\n<p>Adem\u00e1s, los d\u00edas 7 y 10 de julio est\u00e1 previsto que haya sendas fiestas de la espuma y el d\u00eda 14, juegos de agua con deslizadera hinchable.<\/p>\n<p>Las tardes tendr\u00e1n tambi\u00e9n su momento \u2018taller\u2019, con un conjunto de propuestas educativas en las que se trabajar\u00e1 la promoci\u00f3n de la salud y las relaciones afectivo-sexuales, la colaboraci\u00f3n entre personas o la creatividad. En l\u00ednea con las peticiones de los propios j\u00f3venes, el 11 de julio se ha programado un taller para crear disfraces y maquillajes de fantas\u00eda que estar\u00e1 acompa\u00f1ado de un desfile y m\u00fasica. Pero esas tardes se har\u00e1 tambi\u00e9n un mural colaborativo (9 de julio), habr\u00e1 un taller de tatuajes con henna (12 de julio) y otro de bubble Balls (13 de julio), para cerrar el 14 de julio con la cocteler\u00eda sin alcohol.<\/p>\n<p>De entre los talleres destaca el 8 de julio la actividad \u201cSonr\u00ede\u2026y \u00a1DISFRUTA!\u201d, dinamizada por la Comisi\u00f3n Antisida de Navarra y el Consejo de la Juventud de Navarra. En ella se trabajar\u00e1 la promoci\u00f3n de h\u00e1bitos saludables en las relaciones afectivo sexuales utilizando la m\u00fasica de canciones conocidas, y escogiendo frases que identifiquen una sexualidad positiva, de cuidados y preventiva. Esas frases les servir\u00e1n para dise\u00f1ar y decorar unos marcos de foto con los que posar en el fotomat\u00f3n que estar\u00e1 instalado ese d\u00eda en la plaza.<br \/>\n<script async src=\"\/\/pagead2.googlesyndication.com\/pagead\/js\/adsbygoogle.js\"><\/script><br \/>\n<!-- Noticias La Guia de Pamplona --><br \/>\n<ins class=\"adsbygoogle\"\nstyle=\"display:block\"\ndata-ad-client=\"ca-pub-6943679897239327\"\ndata-ad-slot=\"7048180777\"\ndata-ad-format=\"auto\"><\/ins><br \/>\n<script>\n(adsbygoogle = window.adsbygoogle || []).push({});\n<\/script><\/p>\n<p><strong>Masterclasses y actuaciones<\/strong><\/p>\n<p>Las masterclasses de diferentes estilos de baile han sido siempre actividades con demanda muy alta en este espacio. Este a\u00f1o, de 19 a 20 horas, se suman a las propuestas cl\u00e1sicas de bailes urbanos (10 de julio) o zumba (13 de julio), las novedades como Capoeira (7 de julio), Afrodance (8 de julio) o K-POP coreano (9 de julio). El 12 de julio Txus Eguilaz, experimentado percusionista, bailar\u00edn, actor y pedagogo que forma parte de la programaci\u00f3n de verano del Consistorio, ofrecer\u00e1 el taller-espect\u00e1culo \u2018Humor r\u00edtmico\u2019 que buscar\u00e1 una continua interacci\u00f3n con el p\u00fablico.<\/p>\n<p>Para las actuaciones de baile y musicales de cada tarde-noche se ha contado con personas j\u00f3venes de la ciudad y, entre el 7 y el 13 de julio habr\u00e1 sesiones de DJ y actuaciones de diferentes artistas. Algunos provienen de la bolsa de grupos de m\u00fasica joven del Ayuntamiento de Pamplona, y otros repiten de a\u00f1os anteriores. Adem\u00e1s de la apertura el 7 de julio con el grupo Bocabeats Comedia, el d\u00eda 9 el grupo de baile Taupadak, clasificado para competir en la final del Campeonato del Mundo de Hip Hop, acompa\u00f1ar\u00e1 a la DJ Mar\u00eda L\u00f3pez y el d\u00eda 11 actuar\u00e1 en la misma plaza, para que el p\u00fablico presente disfrute de sus coreograf\u00edas. El 10 de julio ocupar\u00e1n el espacio los j\u00f3venes raperos pamploneses Erel y Ku\u00f1i que, desde la bolsa de grupos j\u00f3venes han actuado en las \u00faltimas ediciones del Musika en marcha, as\u00ed como en diferentes locales de Pamplona y el 14 llegar\u00e1n Nakama Planet y Ram\u00f3n Mirabet, quien en 2022 ha lanzado su cuarto trabajo discogr\u00e1fico y ha colgado el cartel de \u201centradas agotadas\u201d en conciertos como en del Palau de la M\u00fasica de Barcelona (en abril de este a\u00f1o), la Bas\u00edlica de Santa Mar\u00eda del Mar, Sonorama Ribera, Festival Cru\u00eflla, Arenal Sound, Sziget Festival de Budapest (Hungr\u00eda), Jardines de Pedralbes o el Festival de Cap Roig.<br \/>\n<script async src=\"\/\/pagead2.googlesyndication.com\/pagead\/js\/adsbygoogle.js\"><\/script><br \/>\n<!-- Noticias La Guia de Pamplona --><br \/>\n<ins class=\"adsbygoogle\"\nstyle=\"display:block\"\ndata-ad-client=\"ca-pub-6943679897239327\"\ndata-ad-slot=\"7048180777\"\ndata-ad-format=\"auto\"><\/ins><br \/>\n<script>\n(adsbygoogle = window.adsbygoogle || []).push({});\n<\/script><\/p>\n<p>&nbsp;<\/p>\n<h3>Zona Joven de 7 al 14 de julio<\/h3>\n<p><strong>7 de julio<\/strong><\/p>\n<ul>\n<li>19:00-21:00 Atracciones: aplasta el topo, tragabolas, ca\u00edda libre y fiesta de la espuma.<\/li>\n<li>19:00-20:00 Apertura. Bocabeats Comedy<\/li>\n<li>20:00-21:00 Masterclass y exhibici\u00f3n de capoeira y percusi\u00f3n africana<\/li>\n<li>21:15 -22:45 #djosuRodr\u00edguez<\/li>\n<\/ul>\n<p><strong>8 de julio<\/strong><\/p>\n<ul>\n<li>19:00-21:00 Atracciones: megabarredora, bungui-run, big baller y tragabolas.<\/li>\n<li>19:00-20:00 Masterclass Afrodance<\/li>\n<li>19:00-21:00 Taller: Sonr\u00ede y\u2026 \u00a1DISFRUTA!<\/li>\n<li>21:15-22:45 DJ Bendiak<\/li>\n<\/ul>\n<p><strong>9 de julio<\/strong><\/p>\n<ul>\n<li>19:00-21:00 Atracciones: pruebas de humor, barredora, lucha de gladiadores\/as, tiro con arco y fiesta de la espuma.<\/li>\n<li>19:00-20:00 Masterclass K-POP.<\/li>\n<li>20:00 \u2013 21:00 Taller: Mural colaborativo<\/li>\n<li>21:15-22:45 DJ Mar\u00eda L\u00f3pez + Taupadak<\/li>\n<\/ul>\n<p><strong>10 de julio<\/strong><\/p>\n<ul>\n<li>19:00-21:00 Atracciones: Gincana deportiva: canastas, porter\u00edas, basket hinchable y fiesta de la espuma.<\/li>\n<li>19:00-20:00 Masterclass bailes urbanos<\/li>\n<li>20:00 \u2013 21:00 Actuaci\u00f3n de rap Erel y Cu\u00f1i<\/li>\n<li>21:15-22:45 #djTxurru<\/li>\n<\/ul>\n<p><strong>11 de julio<\/strong><\/p>\n<ul>\n<li>19:00-21:00 Atracciones: pruebas de humor, lucha de gladiadores\/as y megabarredora.<\/li>\n<li>19:00-20:30 Taller crea tu disfraz y maquillaje de fantas\u00eda<\/li>\n<li>20:00-20:30 Actuaci\u00f3n de baile Taupadak<\/li>\n<li>20:30 \u2013 21:00 Desfile de disfraces<\/li>\n<li>20:30-22:45 #Golden DjS + DJ Ivanmg<\/li>\n<\/ul>\n<p><strong>12 de julio<\/strong><\/p>\n<ul>\n<li>19:00-21:00 Atracciones: megabarredora, wipeout y tirachinas gigante.<\/li>\n<li>19:00-21:00 Tatuajes con Henna<\/li>\n<li>20:00 \u2013 21:00 \u00a1HumoR\u00edtmico! con Txus Eguilaz<\/li>\n<li>21:15-22:45 DJ Se\u00f1ora<\/li>\n<\/ul>\n<p><strong>13 de julio<\/strong><\/p>\n<ul>\n<li>19:00-21:00 Atracciones: futbol\u00edn humano, wipeout gigante y porter\u00eda chut\u00f3metro.<\/li>\n<li>19:00-21:00 Bubble Balls<\/li>\n<li>20:00 \u2013 21:00 Zumbandu<\/li>\n<li>21:15-22:45 DJ Andu<\/li>\n<\/ul>\n<p><strong>14 de julio<\/strong><\/p>\n<ul>\n<li>19:00-21:00 Atracciones: juegos acu\u00e1ticos y deslizadera hinchable.<\/li>\n<li>19:00-20:30 Karaoke<\/li>\n<li>19:00\u201320:30 Cocteleria sin alcohol<\/li>\n<li>20:45-21:15 Nakama Planet<\/li>\n<li>21:30-22:45 Ram\u00f3n Mirabet<\/li>\n<\/ul>\n","protected":false},"excerpt":{"rendered":"<p>Del 7 al 14 de julio, entre las 19 y las 22.45 horas, habr\u00e1 talleres, masterclasses, hinchables, DJ, y actuaciones hechas por la juventud para sus iguales<\/p>\n","protected":false},"author":1,"featured_media":40689,"comment_status":"open","ping_status":"closed","sticky":false,"template":"","format":"standard","meta":{"footnotes":""},"categories":[2,9406],"tags":[],"class_list":["post-40688","post","type-post","status-publish","format-standard","has-post-thumbnail","hentry","category-ayuntamiento-pamplona","category-san-fermin"],"yoast_head":"<!-- This site is optimized with the Yoast SEO plugin v27.3 - https:\/\/yoast.com\/product\/yoast-seo-wordpress\/ -->\n<title>Vuelve la Zona Joven a la plaza de los Fueros estos Sanfermines: el Ayuntamiento hace propuestas de ocio seguro adaptadas a un p\u00fablico de 12 a 17 a\u00f1os<\/title>\n<meta name=\"description\" content=\"Del 7 al 14 de julio, entre las 19 y las 22.45 horas, habr\u00e1 talleres, masterclasses, hinchables, DJ, y actuaciones hechas por la juventud para sus iguales\" \/>\n<meta name=\"robots\" content=\"index, follow, max-snippet:-1, max-image-preview:large, max-video-preview:-1\" \/>\n<link rel=\"canonical\" href=\"https:\/\/www.laguiadepamplona.com\/actualidad\/vuelve-la-zona-joven-a-la-plaza-de-los-fueros-estos-sanfermines-el-ayuntamiento-hace-propuestas-de-ocio-seguro-adaptadas-a-un-publico-de-12-a-17-anos\/\" \/>\n<meta property=\"og:locale\" content=\"es_ES\" \/>\n<meta property=\"og:type\" content=\"article\" \/>\n<meta property=\"og:title\" content=\"Vuelve la Zona Joven a la plaza de los Fueros estos Sanfermines: el Ayuntamiento hace propuestas de ocio seguro adaptadas a un p\u00fablico de 12 a 17 a\u00f1os\" \/>\n<meta property=\"og:description\" content=\"Del 7 al 14 de julio, entre las 19 y las 22.45 horas, habr\u00e1 talleres, masterclasses, hinchables, DJ, y actuaciones hechas por la juventud para sus iguales\" \/>\n<meta property=\"og:url\" content=\"https:\/\/www.laguiadepamplona.com\/actualidad\/vuelve-la-zona-joven-a-la-plaza-de-los-fueros-estos-sanfermines-el-ayuntamiento-hace-propuestas-de-ocio-seguro-adaptadas-a-un-publico-de-12-a-17-anos\/\" \/>\n<meta property=\"og:site_name\" content=\"La Gu\u00eda de Pamplona\" \/>\n<meta property=\"article:publisher\" content=\"https:\/\/www.facebook.com\/laguiadepamplonacom-133175176762273\/?ref=hl\" \/>\n<meta property=\"article:published_time\" content=\"2022-06-07T10:10:16+00:00\" \/>\n<meta property=\"article:modified_time\" content=\"2023-04-11T09:48:05+00:00\" \/>\n<meta property=\"og:image\" content=\"https:\/\/www.laguiadepamplona.com\/actualidad\/wp-content\/uploads\/2022\/06\/hinchable-fueros.webp\" \/>\n\t<meta property=\"og:image:width\" content=\"1920\" \/>\n\t<meta property=\"og:image:height\" content=\"1055\" \/>\n\t<meta property=\"og:image:type\" content=\"image\/webp\" \/>\n<meta name=\"author\" content=\"La Gu\u00eda de Pamplona\" \/>\n<meta name=\"twitter:card\" content=\"summary_large_image\" \/>\n<meta name=\"twitter:creator\" content=\"@LaGuiadPamplona\" \/>\n<meta name=\"twitter:site\" content=\"@LaGuiadPamplona\" \/>\n<meta name=\"twitter:label1\" content=\"Escrito por\" \/>\n\t<meta name=\"twitter:data1\" content=\"La Gu\u00eda de Pamplona\" \/>\n\t<meta name=\"twitter:label2\" content=\"Tiempo de lectura\" \/>\n\t<meta name=\"twitter:data2\" content=\"7 minutos\" \/>\n<script type=\"application\/ld+json\" class=\"yoast-schema-graph\">{\"@context\":\"https:\\\/\\\/schema.org\",\"@graph\":[{\"@type\":\"Article\",\"@id\":\"https:\\\/\\\/www.laguiadepamplona.com\\\/actualidad\\\/vuelve-la-zona-joven-a-la-plaza-de-los-fueros-estos-sanfermines-el-ayuntamiento-hace-propuestas-de-ocio-seguro-adaptadas-a-un-publico-de-12-a-17-anos\\\/#article\",\"isPartOf\":{\"@id\":\"https:\\\/\\\/www.laguiadepamplona.com\\\/actualidad\\\/vuelve-la-zona-joven-a-la-plaza-de-los-fueros-estos-sanfermines-el-ayuntamiento-hace-propuestas-de-ocio-seguro-adaptadas-a-un-publico-de-12-a-17-anos\\\/\"},\"author\":{\"name\":\"La Gu\u00eda de Pamplona\",\"@id\":\"https:\\\/\\\/www.laguiadepamplona.com\\\/actualidad\\\/#\\\/schema\\\/person\\\/efe887376f0213d4657c93adc50b1fdb\"},\"headline\":\"Vuelve la Zona Joven a la plaza de los Fueros estos Sanfermines: el Ayuntamiento hace propuestas de ocio seguro adaptadas a un p\u00fablico de 12 a 17 a\u00f1os\",\"datePublished\":\"2022-06-07T10:10:16+00:00\",\"dateModified\":\"2023-04-11T09:48:05+00:00\",\"mainEntityOfPage\":{\"@id\":\"https:\\\/\\\/www.laguiadepamplona.com\\\/actualidad\\\/vuelve-la-zona-joven-a-la-plaza-de-los-fueros-estos-sanfermines-el-ayuntamiento-hace-propuestas-de-ocio-seguro-adaptadas-a-un-publico-de-12-a-17-anos\\\/\"},\"wordCount\":1395,\"commentCount\":0,\"publisher\":{\"@id\":\"https:\\\/\\\/www.laguiadepamplona.com\\\/actualidad\\\/#organization\"},\"image\":{\"@id\":\"https:\\\/\\\/www.laguiadepamplona.com\\\/actualidad\\\/vuelve-la-zona-joven-a-la-plaza-de-los-fueros-estos-sanfermines-el-ayuntamiento-hace-propuestas-de-ocio-seguro-adaptadas-a-un-publico-de-12-a-17-anos\\\/#primaryimage\"},\"thumbnailUrl\":\"https:\\\/\\\/www.laguiadepamplona.com\\\/actualidad\\\/wp-content\\\/uploads\\\/2022\\\/06\\\/hinchable-fueros.webp\",\"articleSection\":[\"Ayto Pamplona\",\"San Ferm\u00edn\"],\"inLanguage\":\"es\",\"potentialAction\":[{\"@type\":\"CommentAction\",\"name\":\"Comment\",\"target\":[\"https:\\\/\\\/www.laguiadepamplona.com\\\/actualidad\\\/vuelve-la-zona-joven-a-la-plaza-de-los-fueros-estos-sanfermines-el-ayuntamiento-hace-propuestas-de-ocio-seguro-adaptadas-a-un-publico-de-12-a-17-anos\\\/#respond\"]}]},{\"@type\":\"WebPage\",\"@id\":\"https:\\\/\\\/www.laguiadepamplona.com\\\/actualidad\\\/vuelve-la-zona-joven-a-la-plaza-de-los-fueros-estos-sanfermines-el-ayuntamiento-hace-propuestas-de-ocio-seguro-adaptadas-a-un-publico-de-12-a-17-anos\\\/\",\"url\":\"https:\\\/\\\/www.laguiadepamplona.com\\\/actualidad\\\/vuelve-la-zona-joven-a-la-plaza-de-los-fueros-estos-sanfermines-el-ayuntamiento-hace-propuestas-de-ocio-seguro-adaptadas-a-un-publico-de-12-a-17-anos\\\/\",\"name\":\"Vuelve la Zona Joven a la plaza de los Fueros estos Sanfermines: el Ayuntamiento hace propuestas de ocio seguro adaptadas a un p\u00fablico de 12 a 17 a\u00f1os\",\"isPartOf\":{\"@id\":\"https:\\\/\\\/www.laguiadepamplona.com\\\/actualidad\\\/#website\"},\"primaryImageOfPage\":{\"@id\":\"https:\\\/\\\/www.laguiadepamplona.com\\\/actualidad\\\/vuelve-la-zona-joven-a-la-plaza-de-los-fueros-estos-sanfermines-el-ayuntamiento-hace-propuestas-de-ocio-seguro-adaptadas-a-un-publico-de-12-a-17-anos\\\/#primaryimage\"},\"image\":{\"@id\":\"https:\\\/\\\/www.laguiadepamplona.com\\\/actualidad\\\/vuelve-la-zona-joven-a-la-plaza-de-los-fueros-estos-sanfermines-el-ayuntamiento-hace-propuestas-de-ocio-seguro-adaptadas-a-un-publico-de-12-a-17-anos\\\/#primaryimage\"},\"thumbnailUrl\":\"https:\\\/\\\/www.laguiadepamplona.com\\\/actualidad\\\/wp-content\\\/uploads\\\/2022\\\/06\\\/hinchable-fueros.webp\",\"datePublished\":\"2022-06-07T10:10:16+00:00\",\"dateModified\":\"2023-04-11T09:48:05+00:00\",\"description\":\"Del 7 al 14 de julio, entre las 19 y las 22.45 horas, habr\u00e1 talleres, masterclasses, hinchables, DJ, y actuaciones hechas por la juventud para sus iguales\",\"breadcrumb\":{\"@id\":\"https:\\\/\\\/www.laguiadepamplona.com\\\/actualidad\\\/vuelve-la-zona-joven-a-la-plaza-de-los-fueros-estos-sanfermines-el-ayuntamiento-hace-propuestas-de-ocio-seguro-adaptadas-a-un-publico-de-12-a-17-anos\\\/#breadcrumb\"},\"inLanguage\":\"es\",\"potentialAction\":[{\"@type\":\"ReadAction\",\"target\":[\"https:\\\/\\\/www.laguiadepamplona.com\\\/actualidad\\\/vuelve-la-zona-joven-a-la-plaza-de-los-fueros-estos-sanfermines-el-ayuntamiento-hace-propuestas-de-ocio-seguro-adaptadas-a-un-publico-de-12-a-17-anos\\\/\"]}]},{\"@type\":\"ImageObject\",\"inLanguage\":\"es\",\"@id\":\"https:\\\/\\\/www.laguiadepamplona.com\\\/actualidad\\\/vuelve-la-zona-joven-a-la-plaza-de-los-fueros-estos-sanfermines-el-ayuntamiento-hace-propuestas-de-ocio-seguro-adaptadas-a-un-publico-de-12-a-17-anos\\\/#primaryimage\",\"url\":\"https:\\\/\\\/www.laguiadepamplona.com\\\/actualidad\\\/wp-content\\\/uploads\\\/2022\\\/06\\\/hinchable-fueros.webp\",\"contentUrl\":\"https:\\\/\\\/www.laguiadepamplona.com\\\/actualidad\\\/wp-content\\\/uploads\\\/2022\\\/06\\\/hinchable-fueros.webp\",\"width\":1920,\"height\":1055},{\"@type\":\"BreadcrumbList\",\"@id\":\"https:\\\/\\\/www.laguiadepamplona.com\\\/actualidad\\\/vuelve-la-zona-joven-a-la-plaza-de-los-fueros-estos-sanfermines-el-ayuntamiento-hace-propuestas-de-ocio-seguro-adaptadas-a-un-publico-de-12-a-17-anos\\\/#breadcrumb\",\"itemListElement\":[{\"@type\":\"ListItem\",\"position\":1,\"name\":\"Portada\",\"item\":\"https:\\\/\\\/www.laguiadepamplona.com\\\/actualidad\\\/\"},{\"@type\":\"ListItem\",\"position\":2,\"name\":\"Vuelve la Zona Joven a la plaza de los Fueros estos Sanfermines: el Ayuntamiento hace propuestas de ocio seguro adaptadas a un p\u00fablico de 12 a 17 a\u00f1os\"}]},{\"@type\":\"WebSite\",\"@id\":\"https:\\\/\\\/www.laguiadepamplona.com\\\/actualidad\\\/#website\",\"url\":\"https:\\\/\\\/www.laguiadepamplona.com\\\/actualidad\\\/\",\"name\":\"La gu\u00eda de Pamplona\",\"description\":\"Noticias de Pamplona\",\"publisher\":{\"@id\":\"https:\\\/\\\/www.laguiadepamplona.com\\\/actualidad\\\/#organization\"},\"potentialAction\":[{\"@type\":\"SearchAction\",\"target\":{\"@type\":\"EntryPoint\",\"urlTemplate\":\"https:\\\/\\\/www.laguiadepamplona.com\\\/actualidad\\\/?s={search_term_string}\"},\"query-input\":{\"@type\":\"PropertyValueSpecification\",\"valueRequired\":true,\"valueName\":\"search_term_string\"}}],\"inLanguage\":\"es\"},{\"@type\":\"Organization\",\"@id\":\"https:\\\/\\\/www.laguiadepamplona.com\\\/actualidad\\\/#organization\",\"name\":\"La Gu\u00eda de Pamplona \\\/ Noticias\",\"url\":\"https:\\\/\\\/www.laguiadepamplona.com\\\/actualidad\\\/\",\"logo\":{\"@type\":\"ImageObject\",\"inLanguage\":\"es\",\"@id\":\"https:\\\/\\\/www.laguiadepamplona.com\\\/actualidad\\\/#\\\/schema\\\/logo\\\/image\\\/\",\"url\":\"https:\\\/\\\/www.laguiadepamplona.com\\\/actualidad\\\/wp-content\\\/uploads\\\/2018\\\/11\\\/logo-laguiadepamplona18-web1.png\",\"contentUrl\":\"https:\\\/\\\/www.laguiadepamplona.com\\\/actualidad\\\/wp-content\\\/uploads\\\/2018\\\/11\\\/logo-laguiadepamplona18-web1.png\",\"width\":600,\"height\":196,\"caption\":\"La Gu\u00eda de Pamplona \\\/ Noticias\"},\"image\":{\"@id\":\"https:\\\/\\\/www.laguiadepamplona.com\\\/actualidad\\\/#\\\/schema\\\/logo\\\/image\\\/\"},\"sameAs\":[\"https:\\\/\\\/www.facebook.com\\\/laguiadepamplonacom-133175176762273\\\/?ref=hl\",\"https:\\\/\\\/x.com\\\/LaGuiadPamplona\",\"https:\\\/\\\/www.instagram.com\\\/la_guia_de_pamplona\\\/\",\"https:\\\/\\\/www.youtube.com\\\/user\\\/laguiadepamplona\"]},{\"@type\":\"Person\",\"@id\":\"https:\\\/\\\/www.laguiadepamplona.com\\\/actualidad\\\/#\\\/schema\\\/person\\\/efe887376f0213d4657c93adc50b1fdb\",\"name\":\"La Gu\u00eda de Pamplona\",\"image\":{\"@type\":\"ImageObject\",\"inLanguage\":\"es\",\"@id\":\"https:\\\/\\\/secure.gravatar.com\\\/avatar\\\/b6992f131dc8d30ab0dff15446e9d346d9dbd95992de0fef795073f5ea83a81c?s=96&d=mm&r=g\",\"url\":\"https:\\\/\\\/secure.gravatar.com\\\/avatar\\\/b6992f131dc8d30ab0dff15446e9d346d9dbd95992de0fef795073f5ea83a81c?s=96&d=mm&r=g\",\"contentUrl\":\"https:\\\/\\\/secure.gravatar.com\\\/avatar\\\/b6992f131dc8d30ab0dff15446e9d346d9dbd95992de0fef795073f5ea83a81c?s=96&d=mm&r=g\",\"caption\":\"La Gu\u00eda de Pamplona\"}}]}<\/script>\n<!-- \/ Yoast SEO plugin. -->","yoast_head_json":{"title":"Vuelve la Zona Joven a la plaza de los Fueros estos Sanfermines: el Ayuntamiento hace propuestas de ocio seguro adaptadas a un p\u00fablico de 12 a 17 a\u00f1os","description":"Del 7 al 14 de julio, entre las 19 y las 22.45 horas, habr\u00e1 talleres, masterclasses, hinchables, DJ, y actuaciones hechas por la juventud para sus iguales","robots":{"index":"index","follow":"follow","max-snippet":"max-snippet:-1","max-image-preview":"max-image-preview:large","max-video-preview":"max-video-preview:-1"},"canonical":"https:\/\/www.laguiadepamplona.com\/actualidad\/vuelve-la-zona-joven-a-la-plaza-de-los-fueros-estos-sanfermines-el-ayuntamiento-hace-propuestas-de-ocio-seguro-adaptadas-a-un-publico-de-12-a-17-anos\/","og_locale":"es_ES","og_type":"article","og_title":"Vuelve la Zona Joven a la plaza de los Fueros estos Sanfermines: el Ayuntamiento hace propuestas de ocio seguro adaptadas a un p\u00fablico de 12 a 17 a\u00f1os","og_description":"Del 7 al 14 de julio, entre las 19 y las 22.45 horas, habr\u00e1 talleres, masterclasses, hinchables, DJ, y actuaciones hechas por la juventud para sus iguales","og_url":"https:\/\/www.laguiadepamplona.com\/actualidad\/vuelve-la-zona-joven-a-la-plaza-de-los-fueros-estos-sanfermines-el-ayuntamiento-hace-propuestas-de-ocio-seguro-adaptadas-a-un-publico-de-12-a-17-anos\/","og_site_name":"La Gu\u00eda de Pamplona","article_publisher":"https:\/\/www.facebook.com\/laguiadepamplonacom-133175176762273\/?ref=hl","article_published_time":"2022-06-07T10:10:16+00:00","article_modified_time":"2023-04-11T09:48:05+00:00","og_image":[{"width":1920,"height":1055,"url":"https:\/\/www.laguiadepamplona.com\/actualidad\/wp-content\/uploads\/2022\/06\/hinchable-fueros.webp","type":"image\/webp"}],"author":"La Gu\u00eda de Pamplona","twitter_card":"summary_large_image","twitter_creator":"@LaGuiadPamplona","twitter_site":"@LaGuiadPamplona","twitter_misc":{"Escrito por":"La Gu\u00eda de Pamplona","Tiempo de lectura":"7 minutos"},"schema":{"@context":"https:\/\/schema.org","@graph":[{"@type":"Article","@id":"https:\/\/www.laguiadepamplona.com\/actualidad\/vuelve-la-zona-joven-a-la-plaza-de-los-fueros-estos-sanfermines-el-ayuntamiento-hace-propuestas-de-ocio-seguro-adaptadas-a-un-publico-de-12-a-17-anos\/#article","isPartOf":{"@id":"https:\/\/www.laguiadepamplona.com\/actualidad\/vuelve-la-zona-joven-a-la-plaza-de-los-fueros-estos-sanfermines-el-ayuntamiento-hace-propuestas-de-ocio-seguro-adaptadas-a-un-publico-de-12-a-17-anos\/"},"author":{"name":"La Gu\u00eda de Pamplona","@id":"https:\/\/www.laguiadepamplona.com\/actualidad\/#\/schema\/person\/efe887376f0213d4657c93adc50b1fdb"},"headline":"Vuelve la Zona Joven a la plaza de los Fueros estos Sanfermines: el Ayuntamiento hace propuestas de ocio seguro adaptadas a un p\u00fablico de 12 a 17 a\u00f1os","datePublished":"2022-06-07T10:10:16+00:00","dateModified":"2023-04-11T09:48:05+00:00","mainEntityOfPage":{"@id":"https:\/\/www.laguiadepamplona.com\/actualidad\/vuelve-la-zona-joven-a-la-plaza-de-los-fueros-estos-sanfermines-el-ayuntamiento-hace-propuestas-de-ocio-seguro-adaptadas-a-un-publico-de-12-a-17-anos\/"},"wordCount":1395,"commentCount":0,"publisher":{"@id":"https:\/\/www.laguiadepamplona.com\/actualidad\/#organization"},"image":{"@id":"https:\/\/www.laguiadepamplona.com\/actualidad\/vuelve-la-zona-joven-a-la-plaza-de-los-fueros-estos-sanfermines-el-ayuntamiento-hace-propuestas-de-ocio-seguro-adaptadas-a-un-publico-de-12-a-17-anos\/#primaryimage"},"thumbnailUrl":"https:\/\/www.laguiadepamplona.com\/actualidad\/wp-content\/uploads\/2022\/06\/hinchable-fueros.webp","articleSection":["Ayto Pamplona","San Ferm\u00edn"],"inLanguage":"es","potentialAction":[{"@type":"CommentAction","name":"Comment","target":["https:\/\/www.laguiadepamplona.com\/actualidad\/vuelve-la-zona-joven-a-la-plaza-de-los-fueros-estos-sanfermines-el-ayuntamiento-hace-propuestas-de-ocio-seguro-adaptadas-a-un-publico-de-12-a-17-anos\/#respond"]}]},{"@type":"WebPage","@id":"https:\/\/www.laguiadepamplona.com\/actualidad\/vuelve-la-zona-joven-a-la-plaza-de-los-fueros-estos-sanfermines-el-ayuntamiento-hace-propuestas-de-ocio-seguro-adaptadas-a-un-publico-de-12-a-17-anos\/","url":"https:\/\/www.laguiadepamplona.com\/actualidad\/vuelve-la-zona-joven-a-la-plaza-de-los-fueros-estos-sanfermines-el-ayuntamiento-hace-propuestas-de-ocio-seguro-adaptadas-a-un-publico-de-12-a-17-anos\/","name":"Vuelve la Zona Joven a la plaza de los Fueros estos Sanfermines: el Ayuntamiento hace propuestas de ocio seguro adaptadas a un p\u00fablico de 12 a 17 a\u00f1os","isPartOf":{"@id":"https:\/\/www.laguiadepamplona.com\/actualidad\/#website"},"primaryImageOfPage":{"@id":"https:\/\/www.laguiadepamplona.com\/actualidad\/vuelve-la-zona-joven-a-la-plaza-de-los-fueros-estos-sanfermines-el-ayuntamiento-hace-propuestas-de-ocio-seguro-adaptadas-a-un-publico-de-12-a-17-anos\/#primaryimage"},"image":{"@id":"https:\/\/www.laguiadepamplona.com\/actualidad\/vuelve-la-zona-joven-a-la-plaza-de-los-fueros-estos-sanfermines-el-ayuntamiento-hace-propuestas-de-ocio-seguro-adaptadas-a-un-publico-de-12-a-17-anos\/#primaryimage"},"thumbnailUrl":"https:\/\/www.laguiadepamplona.com\/actualidad\/wp-content\/uploads\/2022\/06\/hinchable-fueros.webp","datePublished":"2022-06-07T10:10:16+00:00","dateModified":"2023-04-11T09:48:05+00:00","description":"Del 7 al 14 de julio, entre las 19 y las 22.45 horas, habr\u00e1 talleres, masterclasses, hinchables, DJ, y actuaciones hechas por la juventud para sus iguales","breadcrumb":{"@id":"https:\/\/www.laguiadepamplona.com\/actualidad\/vuelve-la-zona-joven-a-la-plaza-de-los-fueros-estos-sanfermines-el-ayuntamiento-hace-propuestas-de-ocio-seguro-adaptadas-a-un-publico-de-12-a-17-anos\/#breadcrumb"},"inLanguage":"es","potentialAction":[{"@type":"ReadAction","target":["https:\/\/www.laguiadepamplona.com\/actualidad\/vuelve-la-zona-joven-a-la-plaza-de-los-fueros-estos-sanfermines-el-ayuntamiento-hace-propuestas-de-ocio-seguro-adaptadas-a-un-publico-de-12-a-17-anos\/"]}]},{"@type":"ImageObject","inLanguage":"es","@id":"https:\/\/www.laguiadepamplona.com\/actualidad\/vuelve-la-zona-joven-a-la-plaza-de-los-fueros-estos-sanfermines-el-ayuntamiento-hace-propuestas-de-ocio-seguro-adaptadas-a-un-publico-de-12-a-17-anos\/#primaryimage","url":"https:\/\/www.laguiadepamplona.com\/actualidad\/wp-content\/uploads\/2022\/06\/hinchable-fueros.webp","contentUrl":"https:\/\/www.laguiadepamplona.com\/actualidad\/wp-content\/uploads\/2022\/06\/hinchable-fueros.webp","width":1920,"height":1055},{"@type":"BreadcrumbList","@id":"https:\/\/www.laguiadepamplona.com\/actualidad\/vuelve-la-zona-joven-a-la-plaza-de-los-fueros-estos-sanfermines-el-ayuntamiento-hace-propuestas-de-ocio-seguro-adaptadas-a-un-publico-de-12-a-17-anos\/#breadcrumb","itemListElement":[{"@type":"ListItem","position":1,"name":"Portada","item":"https:\/\/www.laguiadepamplona.com\/actualidad\/"},{"@type":"ListItem","position":2,"name":"Vuelve la Zona Joven a la plaza de los Fueros estos Sanfermines: el Ayuntamiento hace propuestas de ocio seguro adaptadas a un p\u00fablico de 12 a 17 a\u00f1os"}]},{"@type":"WebSite","@id":"https:\/\/www.laguiadepamplona.com\/actualidad\/#website","url":"https:\/\/www.laguiadepamplona.com\/actualidad\/","name":"La gu\u00eda de Pamplona","description":"Noticias de Pamplona","publisher":{"@id":"https:\/\/www.laguiadepamplona.com\/actualidad\/#organization"},"potentialAction":[{"@type":"SearchAction","target":{"@type":"EntryPoint","urlTemplate":"https:\/\/www.laguiadepamplona.com\/actualidad\/?s={search_term_string}"},"query-input":{"@type":"PropertyValueSpecification","valueRequired":true,"valueName":"search_term_string"}}],"inLanguage":"es"},{"@type":"Organization","@id":"https:\/\/www.laguiadepamplona.com\/actualidad\/#organization","name":"La Gu\u00eda de Pamplona \/ Noticias","url":"https:\/\/www.laguiadepamplona.com\/actualidad\/","logo":{"@type":"ImageObject","inLanguage":"es","@id":"https:\/\/www.laguiadepamplona.com\/actualidad\/#\/schema\/logo\/image\/","url":"https:\/\/www.laguiadepamplona.com\/actualidad\/wp-content\/uploads\/2018\/11\/logo-laguiadepamplona18-web1.png","contentUrl":"https:\/\/www.laguiadepamplona.com\/actualidad\/wp-content\/uploads\/2018\/11\/logo-laguiadepamplona18-web1.png","width":600,"height":196,"caption":"La Gu\u00eda de Pamplona \/ Noticias"},"image":{"@id":"https:\/\/www.laguiadepamplona.com\/actualidad\/#\/schema\/logo\/image\/"},"sameAs":["https:\/\/www.facebook.com\/laguiadepamplonacom-133175176762273\/?ref=hl","https:\/\/x.com\/LaGuiadPamplona","https:\/\/www.instagram.com\/la_guia_de_pamplona\/","https:\/\/www.youtube.com\/user\/laguiadepamplona"]},{"@type":"Person","@id":"https:\/\/www.laguiadepamplona.com\/actualidad\/#\/schema\/person\/efe887376f0213d4657c93adc50b1fdb","name":"La Gu\u00eda de Pamplona","image":{"@type":"ImageObject","inLanguage":"es","@id":"https:\/\/secure.gravatar.com\/avatar\/b6992f131dc8d30ab0dff15446e9d346d9dbd95992de0fef795073f5ea83a81c?s=96&d=mm&r=g","url":"https:\/\/secure.gravatar.com\/avatar\/b6992f131dc8d30ab0dff15446e9d346d9dbd95992de0fef795073f5ea83a81c?s=96&d=mm&r=g","contentUrl":"https:\/\/secure.gravatar.com\/avatar\/b6992f131dc8d30ab0dff15446e9d346d9dbd95992de0fef795073f5ea83a81c?s=96&d=mm&r=g","caption":"La Gu\u00eda de Pamplona"}}]}},"post_mailing_queue_ids":[],"_links":{"self":[{"href":"https:\/\/www.laguiadepamplona.com\/actualidad\/wp-json\/wp\/v2\/posts\/40688","targetHints":{"allow":["GET"]}}],"collection":[{"href":"https:\/\/www.laguiadepamplona.com\/actualidad\/wp-json\/wp\/v2\/posts"}],"about":[{"href":"https:\/\/www.laguiadepamplona.com\/actualidad\/wp-json\/wp\/v2\/types\/post"}],"author":[{"embeddable":true,"href":"https:\/\/www.laguiadepamplona.com\/actualidad\/wp-json\/wp\/v2\/users\/1"}],"replies":[{"embeddable":true,"href":"https:\/\/www.laguiadepamplona.com\/actualidad\/wp-json\/wp\/v2\/comments?post=40688"}],"version-history":[{"count":0,"href":"https:\/\/www.laguiadepamplona.com\/actualidad\/wp-json\/wp\/v2\/posts\/40688\/revisions"}],"wp:featuredmedia":[{"embeddable":true,"href":"https:\/\/www.laguiadepamplona.com\/actualidad\/wp-json\/wp\/v2\/media\/40689"}],"wp:attachment":[{"href":"https:\/\/www.laguiadepamplona.com\/actualidad\/wp-json\/wp\/v2\/media?parent=40688"}],"wp:term":[{"taxonomy":"category","embeddable":true,"href":"https:\/\/www.laguiadepamplona.com\/actualidad\/wp-json\/wp\/v2\/categories?post=40688"},{"taxonomy":"post_tag","embeddable":true,"href":"https:\/\/www.laguiadepamplona.com\/actualidad\/wp-json\/wp\/v2\/tags?post=40688"}],"curies":[{"name":"wp","href":"https:\/\/api.w.org\/{rel}","templated":true}]}}