{"id":40684,"date":"2022-06-07T12:06:45","date_gmt":"2022-06-07T10:06:45","guid":{"rendered":"https:\/\/www.laguiadepamplona.com\/actualidad\/?p=40684"},"modified":"2023-04-11T11:48:05","modified_gmt":"2023-04-11T09:48:05","slug":"las-calles-de-la-ciudad-se-vestiran-durante-los-sanfermines-con-las-caras-de-los-pamploneses-y-pamplonesas","status":"publish","type":"post","link":"https:\/\/www.laguiadepamplona.com\/actualidad\/las-calles-de-la-ciudad-se-vestiran-durante-los-sanfermines-con-las-caras-de-los-pamploneses-y-pamplonesas\/","title":{"rendered":"Las calles de la ciudad se vestir\u00e1n durante los Sanfermines con las caras de los pamploneses y pamplonesas"},"content":{"rendered":"<h5>Este s\u00e1bado se habilitar\u00e1 un set fotogr\u00e1fico en la Casa Consistorial para captar las instant\u00e1neas que ilustrar\u00e1n esta campa\u00f1a de comunicaci\u00f3n<\/h5>\n<p><!--more--><\/p>\n<p><a href=\"https:\/\/www.laguiadepamplona.com\/actualidad\/wp-content\/uploads\/2022\/06\/cartel-protagonistas-san-fermin.webp\"><img loading=\"lazy\" decoding=\"async\" class=\"alignleft size-medium wp-image-40686\" src=\"https:\/\/www.laguiadepamplona.com\/actualidad\/wp-content\/uploads\/2022\/06\/cartel-protagonistas-san-fermin-200x300.webp\" alt=\"\" width=\"200\" height=\"300\" srcset=\"https:\/\/www.laguiadepamplona.com\/actualidad\/wp-content\/uploads\/2022\/06\/cartel-protagonistas-san-fermin-200x300.webp 200w, https:\/\/www.laguiadepamplona.com\/actualidad\/wp-content\/uploads\/2022\/06\/cartel-protagonistas-san-fermin-454x682.webp 454w, https:\/\/www.laguiadepamplona.com\/actualidad\/wp-content\/uploads\/2022\/06\/cartel-protagonistas-san-fermin-768x1155.webp 768w, https:\/\/www.laguiadepamplona.com\/actualidad\/wp-content\/uploads\/2022\/06\/cartel-protagonistas-san-fermin-1022x1536.webp 1022w, https:\/\/www.laguiadepamplona.com\/actualidad\/wp-content\/uploads\/2022\/06\/cartel-protagonistas-san-fermin-640x962.webp 640w, https:\/\/www.laguiadepamplona.com\/actualidad\/wp-content\/uploads\/2022\/06\/cartel-protagonistas-san-fermin.webp 1277w\" sizes=\"auto, (max-width: 200px) 100vw, 200px\" \/><\/a>Ni los encierros, ni el Chupinazo, ni el Pobre de M\u00ed. La pieza clave e imprescindible de unas de las fiestas m\u00e1s importantes del mundo son los pamploneses y las pamplonesas, \u201cnuestra gente\u201d. Con esa idea, y tras dos a\u00f1os sin Sanfermines, el Ayuntamiento ha decidido que los vecinos y vecinas de la ciudad sean quienes la \u2018vistan\u2019 durante los nueve d\u00edas que m\u00e1s visitantes recibe y que m\u00e1s proyecci\u00f3n tiene en el mundo. Para conseguirlo, este s\u00e1bado se habilitar\u00e1 en el zagu\u00e1n de la Casa Consistorial un set fotogr\u00e1fico abierto todo el que quiera participar.<br \/>\n<script async src=\"\/\/pagead2.googlesyndication.com\/pagead\/js\/adsbygoogle.js\"><\/script><br \/>\n<!-- Noticias La Guia de Pamplona --><br \/>\n<ins class=\"adsbygoogle\"\nstyle=\"display:block\"\ndata-ad-client=\"ca-pub-6943679897239327\"\ndata-ad-slot=\"7048180777\"\ndata-ad-format=\"auto\"><\/ins><br \/>\n<script>\n(adsbygoogle = window.adsbygoogle || []).push({});\n<\/script><\/p>\n<p>Para participar en esta iniciativa solo hay que acudir este s\u00e1bado d\u00eda 11 de junio entre las diez de la ma\u00f1ana y las dos del mediod\u00eda, o por la tarde, entre las cinco y las ocho, por el zagu\u00e1n de la Casa Consistorial. Lo \u00fanico que hay que llevar es una camisa o camiseta blanca, un \u2018pa\u00f1uelico\u2019 y, tal y como pide la campa\u00f1a de llamamiento que se ha puesto en marcha desde el Consistorio \u201cla mejor de tus sonrisas\u201d. Las fotograf\u00edas pueden ser individuales o en pareja, seg\u00fan prefiera cada persona.<\/p>\n<p>Entre todas las personas que acudan el s\u00e1bado al set fotogr\u00e1fico y participen en la propuesta se sortear\u00e1n dos pases dobles para ver el Encierro en la Plaza de toros, un paso doble para poder acceder a ver el Encierrillo, otro pase doble para la tarde de Rejoneo que tendr\u00e1 lugar en la Plaza de toros, y otros tres, tambi\u00e9n para dos personas, que dar\u00e1n acceso a vivir desde el Ayuntamiento el Pobre de M\u00ed el pr\u00f3ximo 14 de julio. El sorteo se celebrar\u00e1 el jueves 23 de junio, y los agraciados ser\u00e1n avisados por v\u00eda telef\u00f3nica.<br \/>\n<script async src=\"\/\/pagead2.googlesyndication.com\/pagead\/js\/adsbygoogle.js\"><\/script><br \/>\n<!-- Noticias La Guia de Pamplona --><br \/>\n<ins class=\"adsbygoogle\"\nstyle=\"display:block\"\ndata-ad-client=\"ca-pub-6943679897239327\"\ndata-ad-slot=\"7048180777\"\ndata-ad-format=\"auto\"><\/ins><br \/>\n<script>\n(adsbygoogle = window.adsbygoogle || []).push({});\n<\/script><\/p>\n<p>Esta iniciativa surge tras el \u00e9xito que, en la suspensi\u00f3n de las fiestas de 2020, tuvo el llamamiento a los vecinos y vecinas de la ciudad para que mandasen sus fotograf\u00edas sanfermineras al Ayuntamiento, para poder construir con ellas un gran corp\u00f3reo urbano que formaba el lema \u2018\u00a1Los viviremos!\u2019. Fueron cientos las instant\u00e1neas recibidas, que durante varias semanas se pudieron ver tanto en las letras gigantes ubicadas en la Plaza del Castillo, como en las redes sociales y p\u00e1gina web creada al efecto.<\/p>\n","protected":false},"excerpt":{"rendered":"<p>Este s\u00e1bado se habilitar\u00e1 un set fotogr\u00e1fico en la Casa Consistorial para captar las instant\u00e1neas que ilustrar\u00e1n esta campa\u00f1a de comunicaci\u00f3n<\/p>\n","protected":false},"author":1,"featured_media":40685,"comment_status":"open","ping_status":"closed","sticky":false,"template":"","format":"standard","meta":{"footnotes":""},"categories":[2,9406],"tags":[],"class_list":["post-40684","post","type-post","status-publish","format-standard","has-post-thumbnail","hentry","category-ayuntamiento-pamplona","category-san-fermin"],"yoast_head":"<!-- This site is optimized with the Yoast SEO plugin v27.3 - https:\/\/yoast.com\/product\/yoast-seo-wordpress\/ -->\n<title>Las calles de la ciudad se vestir\u00e1n durante los Sanfermines con las caras de los pamploneses y pamplonesas<\/title>\n<meta name=\"description\" content=\"Este s\u00e1bado se habilitar\u00e1 un set fotogr\u00e1fico en la Casa Consistorial para captar las instant\u00e1neas que ilustrar\u00e1n esta campa\u00f1a de comunicaci\u00f3n\" \/>\n<meta name=\"robots\" content=\"index, follow, max-snippet:-1, max-image-preview:large, max-video-preview:-1\" \/>\n<link rel=\"canonical\" href=\"https:\/\/www.laguiadepamplona.com\/actualidad\/las-calles-de-la-ciudad-se-vestiran-durante-los-sanfermines-con-las-caras-de-los-pamploneses-y-pamplonesas\/\" \/>\n<meta property=\"og:locale\" content=\"es_ES\" \/>\n<meta property=\"og:type\" content=\"article\" \/>\n<meta property=\"og:title\" content=\"Las calles de la ciudad se vestir\u00e1n durante los Sanfermines con las caras de los pamploneses y pamplonesas\" \/>\n<meta property=\"og:description\" content=\"Este s\u00e1bado se habilitar\u00e1 un set fotogr\u00e1fico en la Casa Consistorial para captar las instant\u00e1neas que ilustrar\u00e1n esta campa\u00f1a de comunicaci\u00f3n\" \/>\n<meta property=\"og:url\" content=\"https:\/\/www.laguiadepamplona.com\/actualidad\/las-calles-de-la-ciudad-se-vestiran-durante-los-sanfermines-con-las-caras-de-los-pamploneses-y-pamplonesas\/\" \/>\n<meta property=\"og:site_name\" content=\"La Gu\u00eda de Pamplona\" \/>\n<meta property=\"article:publisher\" content=\"https:\/\/www.facebook.com\/laguiadepamplonacom-133175176762273\/?ref=hl\" \/>\n<meta property=\"article:published_time\" content=\"2022-06-07T10:06:45+00:00\" \/>\n<meta property=\"article:modified_time\" content=\"2023-04-11T09:48:05+00:00\" \/>\n<meta property=\"og:image\" content=\"https:\/\/www.laguiadepamplona.com\/actualidad\/wp-content\/uploads\/2022\/06\/fotografias-foto.webp\" \/>\n\t<meta property=\"og:image:width\" content=\"931\" \/>\n\t<meta property=\"og:image:height\" content=\"406\" \/>\n\t<meta property=\"og:image:type\" content=\"image\/webp\" \/>\n<meta name=\"author\" content=\"La Gu\u00eda de Pamplona\" \/>\n<meta name=\"twitter:card\" content=\"summary_large_image\" \/>\n<meta name=\"twitter:creator\" content=\"@LaGuiadPamplona\" \/>\n<meta name=\"twitter:site\" content=\"@LaGuiadPamplona\" \/>\n<meta name=\"twitter:label1\" content=\"Escrito por\" \/>\n\t<meta name=\"twitter:data1\" content=\"La Gu\u00eda de Pamplona\" \/>\n\t<meta name=\"twitter:label2\" content=\"Tiempo de lectura\" \/>\n\t<meta name=\"twitter:data2\" content=\"2 minutos\" \/>\n<script type=\"application\/ld+json\" class=\"yoast-schema-graph\">{\"@context\":\"https:\\\/\\\/schema.org\",\"@graph\":[{\"@type\":\"Article\",\"@id\":\"https:\\\/\\\/www.laguiadepamplona.com\\\/actualidad\\\/las-calles-de-la-ciudad-se-vestiran-durante-los-sanfermines-con-las-caras-de-los-pamploneses-y-pamplonesas\\\/#article\",\"isPartOf\":{\"@id\":\"https:\\\/\\\/www.laguiadepamplona.com\\\/actualidad\\\/las-calles-de-la-ciudad-se-vestiran-durante-los-sanfermines-con-las-caras-de-los-pamploneses-y-pamplonesas\\\/\"},\"author\":{\"name\":\"La Gu\u00eda de Pamplona\",\"@id\":\"https:\\\/\\\/www.laguiadepamplona.com\\\/actualidad\\\/#\\\/schema\\\/person\\\/efe887376f0213d4657c93adc50b1fdb\"},\"headline\":\"Las calles de la ciudad se vestir\u00e1n durante los Sanfermines con las caras de los pamploneses y pamplonesas\",\"datePublished\":\"2022-06-07T10:06:45+00:00\",\"dateModified\":\"2023-04-11T09:48:05+00:00\",\"mainEntityOfPage\":{\"@id\":\"https:\\\/\\\/www.laguiadepamplona.com\\\/actualidad\\\/las-calles-de-la-ciudad-se-vestiran-durante-los-sanfermines-con-las-caras-de-los-pamploneses-y-pamplonesas\\\/\"},\"wordCount\":442,\"commentCount\":0,\"publisher\":{\"@id\":\"https:\\\/\\\/www.laguiadepamplona.com\\\/actualidad\\\/#organization\"},\"image\":{\"@id\":\"https:\\\/\\\/www.laguiadepamplona.com\\\/actualidad\\\/las-calles-de-la-ciudad-se-vestiran-durante-los-sanfermines-con-las-caras-de-los-pamploneses-y-pamplonesas\\\/#primaryimage\"},\"thumbnailUrl\":\"https:\\\/\\\/www.laguiadepamplona.com\\\/actualidad\\\/wp-content\\\/uploads\\\/2022\\\/06\\\/fotografias-foto.webp\",\"articleSection\":[\"Ayto Pamplona\",\"San Ferm\u00edn\"],\"inLanguage\":\"es\",\"potentialAction\":[{\"@type\":\"CommentAction\",\"name\":\"Comment\",\"target\":[\"https:\\\/\\\/www.laguiadepamplona.com\\\/actualidad\\\/las-calles-de-la-ciudad-se-vestiran-durante-los-sanfermines-con-las-caras-de-los-pamploneses-y-pamplonesas\\\/#respond\"]}]},{\"@type\":\"WebPage\",\"@id\":\"https:\\\/\\\/www.laguiadepamplona.com\\\/actualidad\\\/las-calles-de-la-ciudad-se-vestiran-durante-los-sanfermines-con-las-caras-de-los-pamploneses-y-pamplonesas\\\/\",\"url\":\"https:\\\/\\\/www.laguiadepamplona.com\\\/actualidad\\\/las-calles-de-la-ciudad-se-vestiran-durante-los-sanfermines-con-las-caras-de-los-pamploneses-y-pamplonesas\\\/\",\"name\":\"Las calles de la ciudad se vestir\u00e1n durante los Sanfermines con las caras de los pamploneses y pamplonesas\",\"isPartOf\":{\"@id\":\"https:\\\/\\\/www.laguiadepamplona.com\\\/actualidad\\\/#website\"},\"primaryImageOfPage\":{\"@id\":\"https:\\\/\\\/www.laguiadepamplona.com\\\/actualidad\\\/las-calles-de-la-ciudad-se-vestiran-durante-los-sanfermines-con-las-caras-de-los-pamploneses-y-pamplonesas\\\/#primaryimage\"},\"image\":{\"@id\":\"https:\\\/\\\/www.laguiadepamplona.com\\\/actualidad\\\/las-calles-de-la-ciudad-se-vestiran-durante-los-sanfermines-con-las-caras-de-los-pamploneses-y-pamplonesas\\\/#primaryimage\"},\"thumbnailUrl\":\"https:\\\/\\\/www.laguiadepamplona.com\\\/actualidad\\\/wp-content\\\/uploads\\\/2022\\\/06\\\/fotografias-foto.webp\",\"datePublished\":\"2022-06-07T10:06:45+00:00\",\"dateModified\":\"2023-04-11T09:48:05+00:00\",\"description\":\"Este s\u00e1bado se habilitar\u00e1 un set fotogr\u00e1fico en la Casa Consistorial para captar las instant\u00e1neas que ilustrar\u00e1n esta campa\u00f1a de comunicaci\u00f3n\",\"breadcrumb\":{\"@id\":\"https:\\\/\\\/www.laguiadepamplona.com\\\/actualidad\\\/las-calles-de-la-ciudad-se-vestiran-durante-los-sanfermines-con-las-caras-de-los-pamploneses-y-pamplonesas\\\/#breadcrumb\"},\"inLanguage\":\"es\",\"potentialAction\":[{\"@type\":\"ReadAction\",\"target\":[\"https:\\\/\\\/www.laguiadepamplona.com\\\/actualidad\\\/las-calles-de-la-ciudad-se-vestiran-durante-los-sanfermines-con-las-caras-de-los-pamploneses-y-pamplonesas\\\/\"]}]},{\"@type\":\"ImageObject\",\"inLanguage\":\"es\",\"@id\":\"https:\\\/\\\/www.laguiadepamplona.com\\\/actualidad\\\/las-calles-de-la-ciudad-se-vestiran-durante-los-sanfermines-con-las-caras-de-los-pamploneses-y-pamplonesas\\\/#primaryimage\",\"url\":\"https:\\\/\\\/www.laguiadepamplona.com\\\/actualidad\\\/wp-content\\\/uploads\\\/2022\\\/06\\\/fotografias-foto.webp\",\"contentUrl\":\"https:\\\/\\\/www.laguiadepamplona.com\\\/actualidad\\\/wp-content\\\/uploads\\\/2022\\\/06\\\/fotografias-foto.webp\",\"width\":931,\"height\":406},{\"@type\":\"BreadcrumbList\",\"@id\":\"https:\\\/\\\/www.laguiadepamplona.com\\\/actualidad\\\/las-calles-de-la-ciudad-se-vestiran-durante-los-sanfermines-con-las-caras-de-los-pamploneses-y-pamplonesas\\\/#breadcrumb\",\"itemListElement\":[{\"@type\":\"ListItem\",\"position\":1,\"name\":\"Portada\",\"item\":\"https:\\\/\\\/www.laguiadepamplona.com\\\/actualidad\\\/\"},{\"@type\":\"ListItem\",\"position\":2,\"name\":\"Las calles de la ciudad se vestir\u00e1n durante los Sanfermines con las caras de los pamploneses y pamplonesas\"}]},{\"@type\":\"WebSite\",\"@id\":\"https:\\\/\\\/www.laguiadepamplona.com\\\/actualidad\\\/#website\",\"url\":\"https:\\\/\\\/www.laguiadepamplona.com\\\/actualidad\\\/\",\"name\":\"La gu\u00eda de Pamplona\",\"description\":\"Noticias de Pamplona\",\"publisher\":{\"@id\":\"https:\\\/\\\/www.laguiadepamplona.com\\\/actualidad\\\/#organization\"},\"potentialAction\":[{\"@type\":\"SearchAction\",\"target\":{\"@type\":\"EntryPoint\",\"urlTemplate\":\"https:\\\/\\\/www.laguiadepamplona.com\\\/actualidad\\\/?s={search_term_string}\"},\"query-input\":{\"@type\":\"PropertyValueSpecification\",\"valueRequired\":true,\"valueName\":\"search_term_string\"}}],\"inLanguage\":\"es\"},{\"@type\":\"Organization\",\"@id\":\"https:\\\/\\\/www.laguiadepamplona.com\\\/actualidad\\\/#organization\",\"name\":\"La Gu\u00eda de Pamplona \\\/ Noticias\",\"url\":\"https:\\\/\\\/www.laguiadepamplona.com\\\/actualidad\\\/\",\"logo\":{\"@type\":\"ImageObject\",\"inLanguage\":\"es\",\"@id\":\"https:\\\/\\\/www.laguiadepamplona.com\\\/actualidad\\\/#\\\/schema\\\/logo\\\/image\\\/\",\"url\":\"https:\\\/\\\/www.laguiadepamplona.com\\\/actualidad\\\/wp-content\\\/uploads\\\/2018\\\/11\\\/logo-laguiadepamplona18-web1.png\",\"contentUrl\":\"https:\\\/\\\/www.laguiadepamplona.com\\\/actualidad\\\/wp-content\\\/uploads\\\/2018\\\/11\\\/logo-laguiadepamplona18-web1.png\",\"width\":600,\"height\":196,\"caption\":\"La Gu\u00eda de Pamplona \\\/ Noticias\"},\"image\":{\"@id\":\"https:\\\/\\\/www.laguiadepamplona.com\\\/actualidad\\\/#\\\/schema\\\/logo\\\/image\\\/\"},\"sameAs\":[\"https:\\\/\\\/www.facebook.com\\\/laguiadepamplonacom-133175176762273\\\/?ref=hl\",\"https:\\\/\\\/x.com\\\/LaGuiadPamplona\",\"https:\\\/\\\/www.instagram.com\\\/la_guia_de_pamplona\\\/\",\"https:\\\/\\\/www.youtube.com\\\/user\\\/laguiadepamplona\"]},{\"@type\":\"Person\",\"@id\":\"https:\\\/\\\/www.laguiadepamplona.com\\\/actualidad\\\/#\\\/schema\\\/person\\\/efe887376f0213d4657c93adc50b1fdb\",\"name\":\"La Gu\u00eda de Pamplona\",\"image\":{\"@type\":\"ImageObject\",\"inLanguage\":\"es\",\"@id\":\"https:\\\/\\\/secure.gravatar.com\\\/avatar\\\/b6992f131dc8d30ab0dff15446e9d346d9dbd95992de0fef795073f5ea83a81c?s=96&d=mm&r=g\",\"url\":\"https:\\\/\\\/secure.gravatar.com\\\/avatar\\\/b6992f131dc8d30ab0dff15446e9d346d9dbd95992de0fef795073f5ea83a81c?s=96&d=mm&r=g\",\"contentUrl\":\"https:\\\/\\\/secure.gravatar.com\\\/avatar\\\/b6992f131dc8d30ab0dff15446e9d346d9dbd95992de0fef795073f5ea83a81c?s=96&d=mm&r=g\",\"caption\":\"La Gu\u00eda de Pamplona\"}}]}<\/script>\n<!-- \/ Yoast SEO plugin. -->","yoast_head_json":{"title":"Las calles de la ciudad se vestir\u00e1n durante los Sanfermines con las caras de los pamploneses y pamplonesas","description":"Este s\u00e1bado se habilitar\u00e1 un set fotogr\u00e1fico en la Casa Consistorial para captar las instant\u00e1neas que ilustrar\u00e1n esta campa\u00f1a de comunicaci\u00f3n","robots":{"index":"index","follow":"follow","max-snippet":"max-snippet:-1","max-image-preview":"max-image-preview:large","max-video-preview":"max-video-preview:-1"},"canonical":"https:\/\/www.laguiadepamplona.com\/actualidad\/las-calles-de-la-ciudad-se-vestiran-durante-los-sanfermines-con-las-caras-de-los-pamploneses-y-pamplonesas\/","og_locale":"es_ES","og_type":"article","og_title":"Las calles de la ciudad se vestir\u00e1n durante los Sanfermines con las caras de los pamploneses y pamplonesas","og_description":"Este s\u00e1bado se habilitar\u00e1 un set fotogr\u00e1fico en la Casa Consistorial para captar las instant\u00e1neas que ilustrar\u00e1n esta campa\u00f1a de comunicaci\u00f3n","og_url":"https:\/\/www.laguiadepamplona.com\/actualidad\/las-calles-de-la-ciudad-se-vestiran-durante-los-sanfermines-con-las-caras-de-los-pamploneses-y-pamplonesas\/","og_site_name":"La Gu\u00eda de Pamplona","article_publisher":"https:\/\/www.facebook.com\/laguiadepamplonacom-133175176762273\/?ref=hl","article_published_time":"2022-06-07T10:06:45+00:00","article_modified_time":"2023-04-11T09:48:05+00:00","og_image":[{"width":931,"height":406,"url":"https:\/\/www.laguiadepamplona.com\/actualidad\/wp-content\/uploads\/2022\/06\/fotografias-foto.webp","type":"image\/webp"}],"author":"La Gu\u00eda de Pamplona","twitter_card":"summary_large_image","twitter_creator":"@LaGuiadPamplona","twitter_site":"@LaGuiadPamplona","twitter_misc":{"Escrito por":"La Gu\u00eda de Pamplona","Tiempo de lectura":"2 minutos"},"schema":{"@context":"https:\/\/schema.org","@graph":[{"@type":"Article","@id":"https:\/\/www.laguiadepamplona.com\/actualidad\/las-calles-de-la-ciudad-se-vestiran-durante-los-sanfermines-con-las-caras-de-los-pamploneses-y-pamplonesas\/#article","isPartOf":{"@id":"https:\/\/www.laguiadepamplona.com\/actualidad\/las-calles-de-la-ciudad-se-vestiran-durante-los-sanfermines-con-las-caras-de-los-pamploneses-y-pamplonesas\/"},"author":{"name":"La Gu\u00eda de Pamplona","@id":"https:\/\/www.laguiadepamplona.com\/actualidad\/#\/schema\/person\/efe887376f0213d4657c93adc50b1fdb"},"headline":"Las calles de la ciudad se vestir\u00e1n durante los Sanfermines con las caras de los pamploneses y pamplonesas","datePublished":"2022-06-07T10:06:45+00:00","dateModified":"2023-04-11T09:48:05+00:00","mainEntityOfPage":{"@id":"https:\/\/www.laguiadepamplona.com\/actualidad\/las-calles-de-la-ciudad-se-vestiran-durante-los-sanfermines-con-las-caras-de-los-pamploneses-y-pamplonesas\/"},"wordCount":442,"commentCount":0,"publisher":{"@id":"https:\/\/www.laguiadepamplona.com\/actualidad\/#organization"},"image":{"@id":"https:\/\/www.laguiadepamplona.com\/actualidad\/las-calles-de-la-ciudad-se-vestiran-durante-los-sanfermines-con-las-caras-de-los-pamploneses-y-pamplonesas\/#primaryimage"},"thumbnailUrl":"https:\/\/www.laguiadepamplona.com\/actualidad\/wp-content\/uploads\/2022\/06\/fotografias-foto.webp","articleSection":["Ayto Pamplona","San Ferm\u00edn"],"inLanguage":"es","potentialAction":[{"@type":"CommentAction","name":"Comment","target":["https:\/\/www.laguiadepamplona.com\/actualidad\/las-calles-de-la-ciudad-se-vestiran-durante-los-sanfermines-con-las-caras-de-los-pamploneses-y-pamplonesas\/#respond"]}]},{"@type":"WebPage","@id":"https:\/\/www.laguiadepamplona.com\/actualidad\/las-calles-de-la-ciudad-se-vestiran-durante-los-sanfermines-con-las-caras-de-los-pamploneses-y-pamplonesas\/","url":"https:\/\/www.laguiadepamplona.com\/actualidad\/las-calles-de-la-ciudad-se-vestiran-durante-los-sanfermines-con-las-caras-de-los-pamploneses-y-pamplonesas\/","name":"Las calles de la ciudad se vestir\u00e1n durante los Sanfermines con las caras de los pamploneses y pamplonesas","isPartOf":{"@id":"https:\/\/www.laguiadepamplona.com\/actualidad\/#website"},"primaryImageOfPage":{"@id":"https:\/\/www.laguiadepamplona.com\/actualidad\/las-calles-de-la-ciudad-se-vestiran-durante-los-sanfermines-con-las-caras-de-los-pamploneses-y-pamplonesas\/#primaryimage"},"image":{"@id":"https:\/\/www.laguiadepamplona.com\/actualidad\/las-calles-de-la-ciudad-se-vestiran-durante-los-sanfermines-con-las-caras-de-los-pamploneses-y-pamplonesas\/#primaryimage"},"thumbnailUrl":"https:\/\/www.laguiadepamplona.com\/actualidad\/wp-content\/uploads\/2022\/06\/fotografias-foto.webp","datePublished":"2022-06-07T10:06:45+00:00","dateModified":"2023-04-11T09:48:05+00:00","description":"Este s\u00e1bado se habilitar\u00e1 un set fotogr\u00e1fico en la Casa Consistorial para captar las instant\u00e1neas que ilustrar\u00e1n esta campa\u00f1a de comunicaci\u00f3n","breadcrumb":{"@id":"https:\/\/www.laguiadepamplona.com\/actualidad\/las-calles-de-la-ciudad-se-vestiran-durante-los-sanfermines-con-las-caras-de-los-pamploneses-y-pamplonesas\/#breadcrumb"},"inLanguage":"es","potentialAction":[{"@type":"ReadAction","target":["https:\/\/www.laguiadepamplona.com\/actualidad\/las-calles-de-la-ciudad-se-vestiran-durante-los-sanfermines-con-las-caras-de-los-pamploneses-y-pamplonesas\/"]}]},{"@type":"ImageObject","inLanguage":"es","@id":"https:\/\/www.laguiadepamplona.com\/actualidad\/las-calles-de-la-ciudad-se-vestiran-durante-los-sanfermines-con-las-caras-de-los-pamploneses-y-pamplonesas\/#primaryimage","url":"https:\/\/www.laguiadepamplona.com\/actualidad\/wp-content\/uploads\/2022\/06\/fotografias-foto.webp","contentUrl":"https:\/\/www.laguiadepamplona.com\/actualidad\/wp-content\/uploads\/2022\/06\/fotografias-foto.webp","width":931,"height":406},{"@type":"BreadcrumbList","@id":"https:\/\/www.laguiadepamplona.com\/actualidad\/las-calles-de-la-ciudad-se-vestiran-durante-los-sanfermines-con-las-caras-de-los-pamploneses-y-pamplonesas\/#breadcrumb","itemListElement":[{"@type":"ListItem","position":1,"name":"Portada","item":"https:\/\/www.laguiadepamplona.com\/actualidad\/"},{"@type":"ListItem","position":2,"name":"Las calles de la ciudad se vestir\u00e1n durante los Sanfermines con las caras de los pamploneses y pamplonesas"}]},{"@type":"WebSite","@id":"https:\/\/www.laguiadepamplona.com\/actualidad\/#website","url":"https:\/\/www.laguiadepamplona.com\/actualidad\/","name":"La gu\u00eda de Pamplona","description":"Noticias de Pamplona","publisher":{"@id":"https:\/\/www.laguiadepamplona.com\/actualidad\/#organization"},"potentialAction":[{"@type":"SearchAction","target":{"@type":"EntryPoint","urlTemplate":"https:\/\/www.laguiadepamplona.com\/actualidad\/?s={search_term_string}"},"query-input":{"@type":"PropertyValueSpecification","valueRequired":true,"valueName":"search_term_string"}}],"inLanguage":"es"},{"@type":"Organization","@id":"https:\/\/www.laguiadepamplona.com\/actualidad\/#organization","name":"La Gu\u00eda de Pamplona \/ Noticias","url":"https:\/\/www.laguiadepamplona.com\/actualidad\/","logo":{"@type":"ImageObject","inLanguage":"es","@id":"https:\/\/www.laguiadepamplona.com\/actualidad\/#\/schema\/logo\/image\/","url":"https:\/\/www.laguiadepamplona.com\/actualidad\/wp-content\/uploads\/2018\/11\/logo-laguiadepamplona18-web1.png","contentUrl":"https:\/\/www.laguiadepamplona.com\/actualidad\/wp-content\/uploads\/2018\/11\/logo-laguiadepamplona18-web1.png","width":600,"height":196,"caption":"La Gu\u00eda de Pamplona \/ Noticias"},"image":{"@id":"https:\/\/www.laguiadepamplona.com\/actualidad\/#\/schema\/logo\/image\/"},"sameAs":["https:\/\/www.facebook.com\/laguiadepamplonacom-133175176762273\/?ref=hl","https:\/\/x.com\/LaGuiadPamplona","https:\/\/www.instagram.com\/la_guia_de_pamplona\/","https:\/\/www.youtube.com\/user\/laguiadepamplona"]},{"@type":"Person","@id":"https:\/\/www.laguiadepamplona.com\/actualidad\/#\/schema\/person\/efe887376f0213d4657c93adc50b1fdb","name":"La Gu\u00eda de Pamplona","image":{"@type":"ImageObject","inLanguage":"es","@id":"https:\/\/secure.gravatar.com\/avatar\/b6992f131dc8d30ab0dff15446e9d346d9dbd95992de0fef795073f5ea83a81c?s=96&d=mm&r=g","url":"https:\/\/secure.gravatar.com\/avatar\/b6992f131dc8d30ab0dff15446e9d346d9dbd95992de0fef795073f5ea83a81c?s=96&d=mm&r=g","contentUrl":"https:\/\/secure.gravatar.com\/avatar\/b6992f131dc8d30ab0dff15446e9d346d9dbd95992de0fef795073f5ea83a81c?s=96&d=mm&r=g","caption":"La Gu\u00eda de Pamplona"}}]}},"post_mailing_queue_ids":[],"_links":{"self":[{"href":"https:\/\/www.laguiadepamplona.com\/actualidad\/wp-json\/wp\/v2\/posts\/40684","targetHints":{"allow":["GET"]}}],"collection":[{"href":"https:\/\/www.laguiadepamplona.com\/actualidad\/wp-json\/wp\/v2\/posts"}],"about":[{"href":"https:\/\/www.laguiadepamplona.com\/actualidad\/wp-json\/wp\/v2\/types\/post"}],"author":[{"embeddable":true,"href":"https:\/\/www.laguiadepamplona.com\/actualidad\/wp-json\/wp\/v2\/users\/1"}],"replies":[{"embeddable":true,"href":"https:\/\/www.laguiadepamplona.com\/actualidad\/wp-json\/wp\/v2\/comments?post=40684"}],"version-history":[{"count":0,"href":"https:\/\/www.laguiadepamplona.com\/actualidad\/wp-json\/wp\/v2\/posts\/40684\/revisions"}],"wp:featuredmedia":[{"embeddable":true,"href":"https:\/\/www.laguiadepamplona.com\/actualidad\/wp-json\/wp\/v2\/media\/40685"}],"wp:attachment":[{"href":"https:\/\/www.laguiadepamplona.com\/actualidad\/wp-json\/wp\/v2\/media?parent=40684"}],"wp:term":[{"taxonomy":"category","embeddable":true,"href":"https:\/\/www.laguiadepamplona.com\/actualidad\/wp-json\/wp\/v2\/categories?post=40684"},{"taxonomy":"post_tag","embeddable":true,"href":"https:\/\/www.laguiadepamplona.com\/actualidad\/wp-json\/wp\/v2\/tags?post=40684"}],"curies":[{"name":"wp","href":"https:\/\/api.w.org\/{rel}","templated":true}]}}