{"id":40632,"date":"2022-06-06T16:57:38","date_gmt":"2022-06-06T14:57:38","guid":{"rendered":"https:\/\/www.laguiadepamplona.com\/actualidad\/?p=40632"},"modified":"2023-04-11T11:48:05","modified_gmt":"2023-04-11T09:48:05","slug":"el-ayuntamiento-de-pamplona-invita-a-la-hosteleria-a-poner-en-circulacion-en-sanfermines-medio-millon-de-vasos-verdes-reutilizables","status":"publish","type":"post","link":"https:\/\/www.laguiadepamplona.com\/actualidad\/el-ayuntamiento-de-pamplona-invita-a-la-hosteleria-a-poner-en-circulacion-en-sanfermines-medio-millon-de-vasos-verdes-reutilizables\/","title":{"rendered":"El Ayuntamiento de Pamplona invita a la hosteler\u00eda a poner en circulaci\u00f3n en Sanfermines medio mill\u00f3n de vasos verdes reutilizables"},"content":{"rendered":"<h5>La Junta de Gobierno Local adjudica a la fundaci\u00f3n Varazdin la log\u00edstica y limpieza de este elemento de la fiesta<\/h5>\n<p><!--more--><\/p>\n<p><a href=\"https:\/\/www.laguiadepamplona.com\/actualidad\/wp-content\/uploads\/2022\/06\/22.06.06_vaso_reutilizable.webp\"><img loading=\"lazy\" decoding=\"async\" class=\"alignleft size-medium wp-image-40633\" src=\"https:\/\/www.laguiadepamplona.com\/actualidad\/wp-content\/uploads\/2022\/06\/22.06.06_vaso_reutilizable-216x300.webp\" alt=\"\" width=\"216\" height=\"300\" srcset=\"https:\/\/www.laguiadepamplona.com\/actualidad\/wp-content\/uploads\/2022\/06\/22.06.06_vaso_reutilizable-216x300.webp 216w, https:\/\/www.laguiadepamplona.com\/actualidad\/wp-content\/uploads\/2022\/06\/22.06.06_vaso_reutilizable-490x682.webp 490w, https:\/\/www.laguiadepamplona.com\/actualidad\/wp-content\/uploads\/2022\/06\/22.06.06_vaso_reutilizable-768x1069.webp 768w, https:\/\/www.laguiadepamplona.com\/actualidad\/wp-content\/uploads\/2022\/06\/22.06.06_vaso_reutilizable-1104x1536.webp 1104w, https:\/\/www.laguiadepamplona.com\/actualidad\/wp-content\/uploads\/2022\/06\/22.06.06_vaso_reutilizable-640x890.webp 640w, https:\/\/www.laguiadepamplona.com\/actualidad\/wp-content\/uploads\/2022\/06\/22.06.06_vaso_reutilizable.webp 1380w\" sizes=\"auto, (max-width: 216px) 100vw, 216px\" \/><\/a>El Ayuntamiento de Pamplona retoma la iniciativa del vaso verde reutilizable en San Fermin, un sistema que permite la reducci\u00f3n de residuos apostando por una cultura y unas fiestas sin pl\u00e1stico, adem\u00e1s de contribuir a la inserci\u00f3n socio-laboral de personas en situaci\u00f3n de exclusi\u00f3n social y a la econom\u00eda circular. La Junta de Gobierno Local ha adjudicado a la fundaci\u00f3n Varazdin la log\u00edstica y limpieza del vaso reutilizable durante los Sanfermines y otros eventos festivos, como las fiestas de barrios por un importe de 50.000 euros.<\/p>\n<p>Ahora se inicia el proceso para que los diferentes establecimientos hosteleros y pe\u00f1as del centro la ciudad se adhieran a la iniciativa. Este a\u00f1o la informaci\u00f3n sobre la propuesta municipal y las condiciones de funcionamiento, as\u00ed como las adhesiones, se podr\u00e1n tramitar por internet en la p\u00e1gina web municipal mediante un formulario de uso y la firma de un compromiso ambiental. El sistema del vaso reutilizable cuenta con la campa\u00f1a de comunicaci\u00f3n\u00a0en diversos soportes &#8216;Brindamos por ti y por el planeta&#8217;;\u00a0una vez adherido el establecimiento a la iniciativa, el Ayuntamiento suministrar\u00e1 a trav\u00e9s de la empresa adjudicataria el material de promoci\u00f3n m\u00e1s apropiado para cada tipo de evento.<\/p>\n<p>Hay tres tama\u00f1os de vaso. La hosteler\u00eda adquiere los vasos y el Ayuntamiento costea la log\u00edstica del sistema: desde el reparto de los vasos en los locales, a la recogida y limpieza de los recipientes sucios y su almacenaje. Como ejemplo de coste, cada vaso de 0,5 litros, el tama\u00f1o m\u00e1s frecuente, tendr\u00e1 un precio de 0,45 euros (IVA no incluido). Fuera de los Sanfermines Varazdin tambi\u00e9n se encargar\u00e1 de suministrar vasos reutilizables de otro color y de propiedad municipal para otros eventos de la ciudad organizados a lo largo del a\u00f1o por asociaciones sin \u00e1nimo de lucro. Se pretende poner aproximadamente medio mill\u00f3n de vasos en circulaci\u00f3n, una cantidad similar a 2019 cuando se pudo usar en calles como San Nicol\u00e1s, Navarrer\u00eda, Calderer\u00eda, Jarauta o Estafeta, as\u00ed como en espacios festivos cedidos por el Ayuntamiento, como la plaza de los Fueros, front\u00f3n Labrit, Plaza de Toros, entre otras.<\/p>\n<p>Las distintas pe\u00f1as y la Federaci\u00f3n de pe\u00f1as, as\u00ed como las asociaciones de hosteler\u00eda (ANAPEH, Asociaci\u00f3n de Comerciantes del Casco Antiguo y Asociaci\u00f3n de Hosteler\u00eda y Turismo de Navarra) participan en la puesta en marcha de esta iniciativa que se enmarca dentro de las actuaciones de la estrategia Go Green Pamplona, que apuesta por fomentar acciones contra el cambio clim\u00e1tico.<\/p>\n<p><script async src=\"\/\/pagead2.googlesyndication.com\/pagead\/js\/adsbygoogle.js\"><\/script><br \/>\n<!-- Noticias La Guia de Pamplona --><br \/>\n<ins class=\"adsbygoogle\"\nstyle=\"display:block\"\ndata-ad-client=\"ca-pub-6943679897239327\"\ndata-ad-slot=\"7048180777\"\ndata-ad-format=\"auto\"><\/ins><br \/>\n<script>\n(adsbygoogle = window.adsbygoogle || []).push({});\n<\/script><\/p>\n<p><strong>C\u00f3mo funciona el vaso reutilizable<\/strong><\/p>\n<p>En estos momentos comienza el proceso de informar del funcionamiento del sistema y de las ventajas medioambientales y de limpieza que tiene el uso de estos elementos reutilizables que, adem\u00e1s, son una alternativa necesaria desde la recomendaci\u00f3n de reducci\u00f3n de pl\u00e1sticos de un solo uso desde enero de 2020. En ning\u00fan caso este sistema quiere sustituir a la vajilla de cristal, que tambi\u00e9n minimiza el residuo de barrido en v\u00eda p\u00fablica; el vaso reutilizable municipal no incluye argolla para favorecer la eliminaci\u00f3n de los microorganismos en la limpieza y su devoluci\u00f3n. El reparto a quienes se unan a esta campa\u00f1a se realizar\u00e1 en los d\u00edas previos a San Ferm\u00edn y diariamente, salvo el 7 de julio, se recoger\u00e1n los vasos sucios y se sustituir\u00e1n por los limpios que se soliciten, garantizando las condiciones higi\u00e9nico-sanitarias y el suministro, de tal manera que no falten vasos reutilizables en ning\u00fan momento.<\/p>\n<p>La clientela adquiere el vaso adelantando un euro de fianza junto con la bebida que pida. El fin de esa fianza es poner en valor los recursos que se utilizan para el envase y que la ciudadan\u00eda adopte responsabilidad en la devoluci\u00f3n del vaso, que este modo no se convertir\u00e1 en un residuo. La persona puede hacer uso del vaso una o tantas veces como desee, aunque lo previsto es que el uso, de cara a la clientela, sea similar a la vajilla de cristal: un vaso por consumici\u00f3n.<\/p>\n<p>Una vez que quiera dejar de hacer uso de ese vaso reutilizable, podr\u00e1 devolverlo en el establecimiento en el que lo adquiri\u00f3 o en cualquier otro que se encuentre adherido al sistema, devolvi\u00e9ndole as\u00ed el euro adelantado. Cada persona podr\u00e1 devolver como m\u00e1ximo 5 vasos. Las personas consumidoras sabr\u00e1n qu\u00e9 establecimientos estar\u00e1n adheridos al sistema, ya que tendr\u00e1n carteles identificativos de su colaboraci\u00f3n en unas fiestas m\u00e1s sostenibles.<\/p>\n<p><script async src=\"\/\/pagead2.googlesyndication.com\/pagead\/js\/adsbygoogle.js\"><\/script><br \/>\n<!-- Noticias La Guia de Pamplona --><br \/>\n<ins class=\"adsbygoogle\"\nstyle=\"display:block\"\ndata-ad-client=\"ca-pub-6943679897239327\"\ndata-ad-slot=\"7048180777\"\ndata-ad-format=\"auto\"><\/ins><br \/>\n<script>\n(adsbygoogle = window.adsbygoogle || []).push({});\n<\/script><\/p>\n<p><strong>\u00a0<\/strong><\/p>\n<p><strong>DEC\u00c1LOGO DEL VASO REUTILIZABLE<\/strong><\/p>\n<ul>\n<li>\u00bfPor qu\u00e9 hay que pagar un euro por el vaso reutilizable? Para incitar a devolverlo, y en caso de no hacerlo (tirarlo al suelo, abandonarlo), hacer cumplir la premisa \u201cQuien contamina paga\u201d.<\/li>\n<li>\u00bfPor qu\u00e9 no lleva argolla? Porque la argolla dificulta su correcta limpieza, favoreciendo la existencia de microorganismos y porque no es necesario el transporte del vaso.<\/li>\n<li>\u00bfMe cambian el vaso cada vez que pido una nueva consumici\u00f3n? Si t\u00fa quieres, s\u00ed.<\/li>\n<li>\u00bfMe devuelven el euro si devuelvo el vaso roto, pintado o en mal estado? No.<\/li>\n<li>\u00bfLos vasos se limpian cada d\u00eda asegur\u00e1ndose su calidad higi\u00e9nica? S\u00ed, se limpian en un tren de lavado (lavavajillas industrial) con total garant\u00eda higi\u00e9nico-sanitaria.<\/li>\n<li>\u00bfCu\u00e1l es el mejor resultado posible? La devoluci\u00f3n del 100% de los vasos reutilizables por parte de la clientela.<\/li>\n<li>\u00bfMe pueden servir en vaso de cristal? Por supuesto, el cristal es la opci\u00f3n ambiental m\u00e1s sostenible, porque no produce residuos y se limpia en el local.<\/li>\n<li>\u00bfSi devuelven otros vasos reutilizables, se devuelve el euro? No, solo se devuelve el euro por el vaso verde del sistema municipal.<\/li>\n<li>\u00bfCon qu\u00e9 material est\u00e1 fabricado el vaso reutilizable? Con polipropileno, lo mismo que el vaso de pl\u00e1stico de un solo uso. Por su consistencia permite ser lavado, pero si se tira al suelo, es mucho peor, ya que ese vaso reutilizable por sus caracter\u00edsticas equivale a ocho vasos desechables.<\/li>\n<li>\u00bfAl terminar su vida \u00fatil, se puede reciclar el vaso reutilizable? S\u00ed, pero seg\u00fan la legislaci\u00f3n alimentaria, ya no puede destinarse para volver a fabricar otro vaso reutilizable, sino para mobiliario urbano.<\/li>\n<\/ul>\n","protected":false},"excerpt":{"rendered":"<p>La Junta de Gobierno Local adjudica a la fundaci\u00f3n Varazdin la log\u00edstica y limpieza de este elemento de la fiesta<\/p>\n","protected":false},"author":1,"featured_media":40634,"comment_status":"open","ping_status":"closed","sticky":false,"template":"","format":"standard","meta":{"footnotes":""},"categories":[2,9406],"tags":[],"class_list":["post-40632","post","type-post","status-publish","format-standard","has-post-thumbnail","hentry","category-ayuntamiento-pamplona","category-san-fermin"],"yoast_head":"<!-- This site is optimized with the Yoast SEO plugin v27.3 - https:\/\/yoast.com\/product\/yoast-seo-wordpress\/ -->\n<title>El Ayuntamiento de Pamplona invita a la hosteler\u00eda a poner en circulaci\u00f3n en Sanfermines medio mill\u00f3n de vasos verdes reutilizables<\/title>\n<meta name=\"description\" content=\"La Junta de Gobierno Local adjudica a la fundaci\u00f3n Varazdin la log\u00edstica y limpieza de este elemento de la fiesta\" \/>\n<meta name=\"robots\" content=\"index, follow, max-snippet:-1, max-image-preview:large, max-video-preview:-1\" \/>\n<link rel=\"canonical\" href=\"https:\/\/www.laguiadepamplona.com\/actualidad\/el-ayuntamiento-de-pamplona-invita-a-la-hosteleria-a-poner-en-circulacion-en-sanfermines-medio-millon-de-vasos-verdes-reutilizables\/\" \/>\n<meta property=\"og:locale\" content=\"es_ES\" \/>\n<meta property=\"og:type\" content=\"article\" \/>\n<meta property=\"og:title\" content=\"El Ayuntamiento de Pamplona invita a la hosteler\u00eda a poner en circulaci\u00f3n en Sanfermines medio mill\u00f3n de vasos verdes reutilizables\" \/>\n<meta property=\"og:description\" content=\"La Junta de Gobierno Local adjudica a la fundaci\u00f3n Varazdin la log\u00edstica y limpieza de este elemento de la fiesta\" \/>\n<meta property=\"og:url\" content=\"https:\/\/www.laguiadepamplona.com\/actualidad\/el-ayuntamiento-de-pamplona-invita-a-la-hosteleria-a-poner-en-circulacion-en-sanfermines-medio-millon-de-vasos-verdes-reutilizables\/\" \/>\n<meta property=\"og:site_name\" content=\"La Gu\u00eda de Pamplona\" \/>\n<meta property=\"article:publisher\" content=\"https:\/\/www.facebook.com\/laguiadepamplonacom-133175176762273\/?ref=hl\" \/>\n<meta property=\"article:published_time\" content=\"2022-06-06T14:57:38+00:00\" \/>\n<meta property=\"article:modified_time\" content=\"2023-04-11T09:48:05+00:00\" \/>\n<meta property=\"og:image\" content=\"https:\/\/www.laguiadepamplona.com\/actualidad\/wp-content\/uploads\/2022\/06\/22.06.06_vaso_reutilizable1.webp\" \/>\n\t<meta property=\"og:image:width\" content=\"1667\" \/>\n\t<meta property=\"og:image:height\" content=\"936\" \/>\n\t<meta property=\"og:image:type\" content=\"image\/webp\" \/>\n<meta name=\"author\" content=\"La Gu\u00eda de Pamplona\" \/>\n<meta name=\"twitter:card\" content=\"summary_large_image\" \/>\n<meta name=\"twitter:creator\" content=\"@LaGuiadPamplona\" \/>\n<meta name=\"twitter:site\" content=\"@LaGuiadPamplona\" \/>\n<meta name=\"twitter:label1\" content=\"Escrito por\" \/>\n\t<meta name=\"twitter:data1\" content=\"La Gu\u00eda de Pamplona\" \/>\n\t<meta name=\"twitter:label2\" content=\"Tiempo de lectura\" \/>\n\t<meta name=\"twitter:data2\" content=\"5 minutos\" \/>\n<script type=\"application\/ld+json\" class=\"yoast-schema-graph\">{\"@context\":\"https:\\\/\\\/schema.org\",\"@graph\":[{\"@type\":\"Article\",\"@id\":\"https:\\\/\\\/www.laguiadepamplona.com\\\/actualidad\\\/el-ayuntamiento-de-pamplona-invita-a-la-hosteleria-a-poner-en-circulacion-en-sanfermines-medio-millon-de-vasos-verdes-reutilizables\\\/#article\",\"isPartOf\":{\"@id\":\"https:\\\/\\\/www.laguiadepamplona.com\\\/actualidad\\\/el-ayuntamiento-de-pamplona-invita-a-la-hosteleria-a-poner-en-circulacion-en-sanfermines-medio-millon-de-vasos-verdes-reutilizables\\\/\"},\"author\":{\"name\":\"La Gu\u00eda de Pamplona\",\"@id\":\"https:\\\/\\\/www.laguiadepamplona.com\\\/actualidad\\\/#\\\/schema\\\/person\\\/efe887376f0213d4657c93adc50b1fdb\"},\"headline\":\"El Ayuntamiento de Pamplona invita a la hosteler\u00eda a poner en circulaci\u00f3n en Sanfermines medio mill\u00f3n de vasos verdes reutilizables\",\"datePublished\":\"2022-06-06T14:57:38+00:00\",\"dateModified\":\"2023-04-11T09:48:05+00:00\",\"mainEntityOfPage\":{\"@id\":\"https:\\\/\\\/www.laguiadepamplona.com\\\/actualidad\\\/el-ayuntamiento-de-pamplona-invita-a-la-hosteleria-a-poner-en-circulacion-en-sanfermines-medio-millon-de-vasos-verdes-reutilizables\\\/\"},\"wordCount\":1100,\"commentCount\":0,\"publisher\":{\"@id\":\"https:\\\/\\\/www.laguiadepamplona.com\\\/actualidad\\\/#organization\"},\"image\":{\"@id\":\"https:\\\/\\\/www.laguiadepamplona.com\\\/actualidad\\\/el-ayuntamiento-de-pamplona-invita-a-la-hosteleria-a-poner-en-circulacion-en-sanfermines-medio-millon-de-vasos-verdes-reutilizables\\\/#primaryimage\"},\"thumbnailUrl\":\"https:\\\/\\\/www.laguiadepamplona.com\\\/actualidad\\\/wp-content\\\/uploads\\\/2022\\\/06\\\/22.06.06_vaso_reutilizable1.webp\",\"articleSection\":[\"Ayto Pamplona\",\"San Ferm\u00edn\"],\"inLanguage\":\"es\",\"potentialAction\":[{\"@type\":\"CommentAction\",\"name\":\"Comment\",\"target\":[\"https:\\\/\\\/www.laguiadepamplona.com\\\/actualidad\\\/el-ayuntamiento-de-pamplona-invita-a-la-hosteleria-a-poner-en-circulacion-en-sanfermines-medio-millon-de-vasos-verdes-reutilizables\\\/#respond\"]}]},{\"@type\":\"WebPage\",\"@id\":\"https:\\\/\\\/www.laguiadepamplona.com\\\/actualidad\\\/el-ayuntamiento-de-pamplona-invita-a-la-hosteleria-a-poner-en-circulacion-en-sanfermines-medio-millon-de-vasos-verdes-reutilizables\\\/\",\"url\":\"https:\\\/\\\/www.laguiadepamplona.com\\\/actualidad\\\/el-ayuntamiento-de-pamplona-invita-a-la-hosteleria-a-poner-en-circulacion-en-sanfermines-medio-millon-de-vasos-verdes-reutilizables\\\/\",\"name\":\"El Ayuntamiento de Pamplona invita a la hosteler\u00eda a poner en circulaci\u00f3n en Sanfermines medio mill\u00f3n de vasos verdes reutilizables\",\"isPartOf\":{\"@id\":\"https:\\\/\\\/www.laguiadepamplona.com\\\/actualidad\\\/#website\"},\"primaryImageOfPage\":{\"@id\":\"https:\\\/\\\/www.laguiadepamplona.com\\\/actualidad\\\/el-ayuntamiento-de-pamplona-invita-a-la-hosteleria-a-poner-en-circulacion-en-sanfermines-medio-millon-de-vasos-verdes-reutilizables\\\/#primaryimage\"},\"image\":{\"@id\":\"https:\\\/\\\/www.laguiadepamplona.com\\\/actualidad\\\/el-ayuntamiento-de-pamplona-invita-a-la-hosteleria-a-poner-en-circulacion-en-sanfermines-medio-millon-de-vasos-verdes-reutilizables\\\/#primaryimage\"},\"thumbnailUrl\":\"https:\\\/\\\/www.laguiadepamplona.com\\\/actualidad\\\/wp-content\\\/uploads\\\/2022\\\/06\\\/22.06.06_vaso_reutilizable1.webp\",\"datePublished\":\"2022-06-06T14:57:38+00:00\",\"dateModified\":\"2023-04-11T09:48:05+00:00\",\"description\":\"La Junta de Gobierno Local adjudica a la fundaci\u00f3n Varazdin la log\u00edstica y limpieza de este elemento de la fiesta\",\"breadcrumb\":{\"@id\":\"https:\\\/\\\/www.laguiadepamplona.com\\\/actualidad\\\/el-ayuntamiento-de-pamplona-invita-a-la-hosteleria-a-poner-en-circulacion-en-sanfermines-medio-millon-de-vasos-verdes-reutilizables\\\/#breadcrumb\"},\"inLanguage\":\"es\",\"potentialAction\":[{\"@type\":\"ReadAction\",\"target\":[\"https:\\\/\\\/www.laguiadepamplona.com\\\/actualidad\\\/el-ayuntamiento-de-pamplona-invita-a-la-hosteleria-a-poner-en-circulacion-en-sanfermines-medio-millon-de-vasos-verdes-reutilizables\\\/\"]}]},{\"@type\":\"ImageObject\",\"inLanguage\":\"es\",\"@id\":\"https:\\\/\\\/www.laguiadepamplona.com\\\/actualidad\\\/el-ayuntamiento-de-pamplona-invita-a-la-hosteleria-a-poner-en-circulacion-en-sanfermines-medio-millon-de-vasos-verdes-reutilizables\\\/#primaryimage\",\"url\":\"https:\\\/\\\/www.laguiadepamplona.com\\\/actualidad\\\/wp-content\\\/uploads\\\/2022\\\/06\\\/22.06.06_vaso_reutilizable1.webp\",\"contentUrl\":\"https:\\\/\\\/www.laguiadepamplona.com\\\/actualidad\\\/wp-content\\\/uploads\\\/2022\\\/06\\\/22.06.06_vaso_reutilizable1.webp\",\"width\":1667,\"height\":936},{\"@type\":\"BreadcrumbList\",\"@id\":\"https:\\\/\\\/www.laguiadepamplona.com\\\/actualidad\\\/el-ayuntamiento-de-pamplona-invita-a-la-hosteleria-a-poner-en-circulacion-en-sanfermines-medio-millon-de-vasos-verdes-reutilizables\\\/#breadcrumb\",\"itemListElement\":[{\"@type\":\"ListItem\",\"position\":1,\"name\":\"Portada\",\"item\":\"https:\\\/\\\/www.laguiadepamplona.com\\\/actualidad\\\/\"},{\"@type\":\"ListItem\",\"position\":2,\"name\":\"El Ayuntamiento de Pamplona invita a la hosteler\u00eda a poner en circulaci\u00f3n en Sanfermines medio mill\u00f3n de vasos verdes reutilizables\"}]},{\"@type\":\"WebSite\",\"@id\":\"https:\\\/\\\/www.laguiadepamplona.com\\\/actualidad\\\/#website\",\"url\":\"https:\\\/\\\/www.laguiadepamplona.com\\\/actualidad\\\/\",\"name\":\"La gu\u00eda de Pamplona\",\"description\":\"Noticias de Pamplona\",\"publisher\":{\"@id\":\"https:\\\/\\\/www.laguiadepamplona.com\\\/actualidad\\\/#organization\"},\"potentialAction\":[{\"@type\":\"SearchAction\",\"target\":{\"@type\":\"EntryPoint\",\"urlTemplate\":\"https:\\\/\\\/www.laguiadepamplona.com\\\/actualidad\\\/?s={search_term_string}\"},\"query-input\":{\"@type\":\"PropertyValueSpecification\",\"valueRequired\":true,\"valueName\":\"search_term_string\"}}],\"inLanguage\":\"es\"},{\"@type\":\"Organization\",\"@id\":\"https:\\\/\\\/www.laguiadepamplona.com\\\/actualidad\\\/#organization\",\"name\":\"La Gu\u00eda de Pamplona \\\/ Noticias\",\"url\":\"https:\\\/\\\/www.laguiadepamplona.com\\\/actualidad\\\/\",\"logo\":{\"@type\":\"ImageObject\",\"inLanguage\":\"es\",\"@id\":\"https:\\\/\\\/www.laguiadepamplona.com\\\/actualidad\\\/#\\\/schema\\\/logo\\\/image\\\/\",\"url\":\"https:\\\/\\\/www.laguiadepamplona.com\\\/actualidad\\\/wp-content\\\/uploads\\\/2018\\\/11\\\/logo-laguiadepamplona18-web1.png\",\"contentUrl\":\"https:\\\/\\\/www.laguiadepamplona.com\\\/actualidad\\\/wp-content\\\/uploads\\\/2018\\\/11\\\/logo-laguiadepamplona18-web1.png\",\"width\":600,\"height\":196,\"caption\":\"La Gu\u00eda de Pamplona \\\/ Noticias\"},\"image\":{\"@id\":\"https:\\\/\\\/www.laguiadepamplona.com\\\/actualidad\\\/#\\\/schema\\\/logo\\\/image\\\/\"},\"sameAs\":[\"https:\\\/\\\/www.facebook.com\\\/laguiadepamplonacom-133175176762273\\\/?ref=hl\",\"https:\\\/\\\/x.com\\\/LaGuiadPamplona\",\"https:\\\/\\\/www.instagram.com\\\/la_guia_de_pamplona\\\/\",\"https:\\\/\\\/www.youtube.com\\\/user\\\/laguiadepamplona\"]},{\"@type\":\"Person\",\"@id\":\"https:\\\/\\\/www.laguiadepamplona.com\\\/actualidad\\\/#\\\/schema\\\/person\\\/efe887376f0213d4657c93adc50b1fdb\",\"name\":\"La Gu\u00eda de Pamplona\",\"image\":{\"@type\":\"ImageObject\",\"inLanguage\":\"es\",\"@id\":\"https:\\\/\\\/secure.gravatar.com\\\/avatar\\\/b6992f131dc8d30ab0dff15446e9d346d9dbd95992de0fef795073f5ea83a81c?s=96&d=mm&r=g\",\"url\":\"https:\\\/\\\/secure.gravatar.com\\\/avatar\\\/b6992f131dc8d30ab0dff15446e9d346d9dbd95992de0fef795073f5ea83a81c?s=96&d=mm&r=g\",\"contentUrl\":\"https:\\\/\\\/secure.gravatar.com\\\/avatar\\\/b6992f131dc8d30ab0dff15446e9d346d9dbd95992de0fef795073f5ea83a81c?s=96&d=mm&r=g\",\"caption\":\"La Gu\u00eda de Pamplona\"}}]}<\/script>\n<!-- \/ Yoast SEO plugin. -->","yoast_head_json":{"title":"El Ayuntamiento de Pamplona invita a la hosteler\u00eda a poner en circulaci\u00f3n en Sanfermines medio mill\u00f3n de vasos verdes reutilizables","description":"La Junta de Gobierno Local adjudica a la fundaci\u00f3n Varazdin la log\u00edstica y limpieza de este elemento de la fiesta","robots":{"index":"index","follow":"follow","max-snippet":"max-snippet:-1","max-image-preview":"max-image-preview:large","max-video-preview":"max-video-preview:-1"},"canonical":"https:\/\/www.laguiadepamplona.com\/actualidad\/el-ayuntamiento-de-pamplona-invita-a-la-hosteleria-a-poner-en-circulacion-en-sanfermines-medio-millon-de-vasos-verdes-reutilizables\/","og_locale":"es_ES","og_type":"article","og_title":"El Ayuntamiento de Pamplona invita a la hosteler\u00eda a poner en circulaci\u00f3n en Sanfermines medio mill\u00f3n de vasos verdes reutilizables","og_description":"La Junta de Gobierno Local adjudica a la fundaci\u00f3n Varazdin la log\u00edstica y limpieza de este elemento de la fiesta","og_url":"https:\/\/www.laguiadepamplona.com\/actualidad\/el-ayuntamiento-de-pamplona-invita-a-la-hosteleria-a-poner-en-circulacion-en-sanfermines-medio-millon-de-vasos-verdes-reutilizables\/","og_site_name":"La Gu\u00eda de Pamplona","article_publisher":"https:\/\/www.facebook.com\/laguiadepamplonacom-133175176762273\/?ref=hl","article_published_time":"2022-06-06T14:57:38+00:00","article_modified_time":"2023-04-11T09:48:05+00:00","og_image":[{"width":1667,"height":936,"url":"https:\/\/www.laguiadepamplona.com\/actualidad\/wp-content\/uploads\/2022\/06\/22.06.06_vaso_reutilizable1.webp","type":"image\/webp"}],"author":"La Gu\u00eda de Pamplona","twitter_card":"summary_large_image","twitter_creator":"@LaGuiadPamplona","twitter_site":"@LaGuiadPamplona","twitter_misc":{"Escrito por":"La Gu\u00eda de Pamplona","Tiempo de lectura":"5 minutos"},"schema":{"@context":"https:\/\/schema.org","@graph":[{"@type":"Article","@id":"https:\/\/www.laguiadepamplona.com\/actualidad\/el-ayuntamiento-de-pamplona-invita-a-la-hosteleria-a-poner-en-circulacion-en-sanfermines-medio-millon-de-vasos-verdes-reutilizables\/#article","isPartOf":{"@id":"https:\/\/www.laguiadepamplona.com\/actualidad\/el-ayuntamiento-de-pamplona-invita-a-la-hosteleria-a-poner-en-circulacion-en-sanfermines-medio-millon-de-vasos-verdes-reutilizables\/"},"author":{"name":"La Gu\u00eda de Pamplona","@id":"https:\/\/www.laguiadepamplona.com\/actualidad\/#\/schema\/person\/efe887376f0213d4657c93adc50b1fdb"},"headline":"El Ayuntamiento de Pamplona invita a la hosteler\u00eda a poner en circulaci\u00f3n en Sanfermines medio mill\u00f3n de vasos verdes reutilizables","datePublished":"2022-06-06T14:57:38+00:00","dateModified":"2023-04-11T09:48:05+00:00","mainEntityOfPage":{"@id":"https:\/\/www.laguiadepamplona.com\/actualidad\/el-ayuntamiento-de-pamplona-invita-a-la-hosteleria-a-poner-en-circulacion-en-sanfermines-medio-millon-de-vasos-verdes-reutilizables\/"},"wordCount":1100,"commentCount":0,"publisher":{"@id":"https:\/\/www.laguiadepamplona.com\/actualidad\/#organization"},"image":{"@id":"https:\/\/www.laguiadepamplona.com\/actualidad\/el-ayuntamiento-de-pamplona-invita-a-la-hosteleria-a-poner-en-circulacion-en-sanfermines-medio-millon-de-vasos-verdes-reutilizables\/#primaryimage"},"thumbnailUrl":"https:\/\/www.laguiadepamplona.com\/actualidad\/wp-content\/uploads\/2022\/06\/22.06.06_vaso_reutilizable1.webp","articleSection":["Ayto Pamplona","San Ferm\u00edn"],"inLanguage":"es","potentialAction":[{"@type":"CommentAction","name":"Comment","target":["https:\/\/www.laguiadepamplona.com\/actualidad\/el-ayuntamiento-de-pamplona-invita-a-la-hosteleria-a-poner-en-circulacion-en-sanfermines-medio-millon-de-vasos-verdes-reutilizables\/#respond"]}]},{"@type":"WebPage","@id":"https:\/\/www.laguiadepamplona.com\/actualidad\/el-ayuntamiento-de-pamplona-invita-a-la-hosteleria-a-poner-en-circulacion-en-sanfermines-medio-millon-de-vasos-verdes-reutilizables\/","url":"https:\/\/www.laguiadepamplona.com\/actualidad\/el-ayuntamiento-de-pamplona-invita-a-la-hosteleria-a-poner-en-circulacion-en-sanfermines-medio-millon-de-vasos-verdes-reutilizables\/","name":"El Ayuntamiento de Pamplona invita a la hosteler\u00eda a poner en circulaci\u00f3n en Sanfermines medio mill\u00f3n de vasos verdes reutilizables","isPartOf":{"@id":"https:\/\/www.laguiadepamplona.com\/actualidad\/#website"},"primaryImageOfPage":{"@id":"https:\/\/www.laguiadepamplona.com\/actualidad\/el-ayuntamiento-de-pamplona-invita-a-la-hosteleria-a-poner-en-circulacion-en-sanfermines-medio-millon-de-vasos-verdes-reutilizables\/#primaryimage"},"image":{"@id":"https:\/\/www.laguiadepamplona.com\/actualidad\/el-ayuntamiento-de-pamplona-invita-a-la-hosteleria-a-poner-en-circulacion-en-sanfermines-medio-millon-de-vasos-verdes-reutilizables\/#primaryimage"},"thumbnailUrl":"https:\/\/www.laguiadepamplona.com\/actualidad\/wp-content\/uploads\/2022\/06\/22.06.06_vaso_reutilizable1.webp","datePublished":"2022-06-06T14:57:38+00:00","dateModified":"2023-04-11T09:48:05+00:00","description":"La Junta de Gobierno Local adjudica a la fundaci\u00f3n Varazdin la log\u00edstica y limpieza de este elemento de la fiesta","breadcrumb":{"@id":"https:\/\/www.laguiadepamplona.com\/actualidad\/el-ayuntamiento-de-pamplona-invita-a-la-hosteleria-a-poner-en-circulacion-en-sanfermines-medio-millon-de-vasos-verdes-reutilizables\/#breadcrumb"},"inLanguage":"es","potentialAction":[{"@type":"ReadAction","target":["https:\/\/www.laguiadepamplona.com\/actualidad\/el-ayuntamiento-de-pamplona-invita-a-la-hosteleria-a-poner-en-circulacion-en-sanfermines-medio-millon-de-vasos-verdes-reutilizables\/"]}]},{"@type":"ImageObject","inLanguage":"es","@id":"https:\/\/www.laguiadepamplona.com\/actualidad\/el-ayuntamiento-de-pamplona-invita-a-la-hosteleria-a-poner-en-circulacion-en-sanfermines-medio-millon-de-vasos-verdes-reutilizables\/#primaryimage","url":"https:\/\/www.laguiadepamplona.com\/actualidad\/wp-content\/uploads\/2022\/06\/22.06.06_vaso_reutilizable1.webp","contentUrl":"https:\/\/www.laguiadepamplona.com\/actualidad\/wp-content\/uploads\/2022\/06\/22.06.06_vaso_reutilizable1.webp","width":1667,"height":936},{"@type":"BreadcrumbList","@id":"https:\/\/www.laguiadepamplona.com\/actualidad\/el-ayuntamiento-de-pamplona-invita-a-la-hosteleria-a-poner-en-circulacion-en-sanfermines-medio-millon-de-vasos-verdes-reutilizables\/#breadcrumb","itemListElement":[{"@type":"ListItem","position":1,"name":"Portada","item":"https:\/\/www.laguiadepamplona.com\/actualidad\/"},{"@type":"ListItem","position":2,"name":"El Ayuntamiento de Pamplona invita a la hosteler\u00eda a poner en circulaci\u00f3n en Sanfermines medio mill\u00f3n de vasos verdes reutilizables"}]},{"@type":"WebSite","@id":"https:\/\/www.laguiadepamplona.com\/actualidad\/#website","url":"https:\/\/www.laguiadepamplona.com\/actualidad\/","name":"La gu\u00eda de Pamplona","description":"Noticias de Pamplona","publisher":{"@id":"https:\/\/www.laguiadepamplona.com\/actualidad\/#organization"},"potentialAction":[{"@type":"SearchAction","target":{"@type":"EntryPoint","urlTemplate":"https:\/\/www.laguiadepamplona.com\/actualidad\/?s={search_term_string}"},"query-input":{"@type":"PropertyValueSpecification","valueRequired":true,"valueName":"search_term_string"}}],"inLanguage":"es"},{"@type":"Organization","@id":"https:\/\/www.laguiadepamplona.com\/actualidad\/#organization","name":"La Gu\u00eda de Pamplona \/ Noticias","url":"https:\/\/www.laguiadepamplona.com\/actualidad\/","logo":{"@type":"ImageObject","inLanguage":"es","@id":"https:\/\/www.laguiadepamplona.com\/actualidad\/#\/schema\/logo\/image\/","url":"https:\/\/www.laguiadepamplona.com\/actualidad\/wp-content\/uploads\/2018\/11\/logo-laguiadepamplona18-web1.png","contentUrl":"https:\/\/www.laguiadepamplona.com\/actualidad\/wp-content\/uploads\/2018\/11\/logo-laguiadepamplona18-web1.png","width":600,"height":196,"caption":"La Gu\u00eda de Pamplona \/ Noticias"},"image":{"@id":"https:\/\/www.laguiadepamplona.com\/actualidad\/#\/schema\/logo\/image\/"},"sameAs":["https:\/\/www.facebook.com\/laguiadepamplonacom-133175176762273\/?ref=hl","https:\/\/x.com\/LaGuiadPamplona","https:\/\/www.instagram.com\/la_guia_de_pamplona\/","https:\/\/www.youtube.com\/user\/laguiadepamplona"]},{"@type":"Person","@id":"https:\/\/www.laguiadepamplona.com\/actualidad\/#\/schema\/person\/efe887376f0213d4657c93adc50b1fdb","name":"La Gu\u00eda de Pamplona","image":{"@type":"ImageObject","inLanguage":"es","@id":"https:\/\/secure.gravatar.com\/avatar\/b6992f131dc8d30ab0dff15446e9d346d9dbd95992de0fef795073f5ea83a81c?s=96&d=mm&r=g","url":"https:\/\/secure.gravatar.com\/avatar\/b6992f131dc8d30ab0dff15446e9d346d9dbd95992de0fef795073f5ea83a81c?s=96&d=mm&r=g","contentUrl":"https:\/\/secure.gravatar.com\/avatar\/b6992f131dc8d30ab0dff15446e9d346d9dbd95992de0fef795073f5ea83a81c?s=96&d=mm&r=g","caption":"La Gu\u00eda de Pamplona"}}]}},"post_mailing_queue_ids":[],"_links":{"self":[{"href":"https:\/\/www.laguiadepamplona.com\/actualidad\/wp-json\/wp\/v2\/posts\/40632","targetHints":{"allow":["GET"]}}],"collection":[{"href":"https:\/\/www.laguiadepamplona.com\/actualidad\/wp-json\/wp\/v2\/posts"}],"about":[{"href":"https:\/\/www.laguiadepamplona.com\/actualidad\/wp-json\/wp\/v2\/types\/post"}],"author":[{"embeddable":true,"href":"https:\/\/www.laguiadepamplona.com\/actualidad\/wp-json\/wp\/v2\/users\/1"}],"replies":[{"embeddable":true,"href":"https:\/\/www.laguiadepamplona.com\/actualidad\/wp-json\/wp\/v2\/comments?post=40632"}],"version-history":[{"count":0,"href":"https:\/\/www.laguiadepamplona.com\/actualidad\/wp-json\/wp\/v2\/posts\/40632\/revisions"}],"wp:featuredmedia":[{"embeddable":true,"href":"https:\/\/www.laguiadepamplona.com\/actualidad\/wp-json\/wp\/v2\/media\/40634"}],"wp:attachment":[{"href":"https:\/\/www.laguiadepamplona.com\/actualidad\/wp-json\/wp\/v2\/media?parent=40632"}],"wp:term":[{"taxonomy":"category","embeddable":true,"href":"https:\/\/www.laguiadepamplona.com\/actualidad\/wp-json\/wp\/v2\/categories?post=40632"},{"taxonomy":"post_tag","embeddable":true,"href":"https:\/\/www.laguiadepamplona.com\/actualidad\/wp-json\/wp\/v2\/tags?post=40632"}],"curies":[{"name":"wp","href":"https:\/\/api.w.org\/{rel}","templated":true}]}}