{"id":40630,"date":"2022-06-06T16:52:31","date_gmt":"2022-06-06T14:52:31","guid":{"rendered":"https:\/\/www.laguiadepamplona.com\/actualidad\/?p=40630"},"modified":"2023-04-11T11:48:05","modified_gmt":"2023-04-11T09:48:05","slug":"el-miercoles-se-realizara-el-sorteo-para-adjudicar-los-espacios-de-hosteleria-que-se-van-a-instalar-en-la-plaza-del-castillo-durante-los-sanfermines","status":"publish","type":"post","link":"https:\/\/www.laguiadepamplona.com\/actualidad\/el-miercoles-se-realizara-el-sorteo-para-adjudicar-los-espacios-de-hosteleria-que-se-van-a-instalar-en-la-plaza-del-castillo-durante-los-sanfermines\/","title":{"rendered":"El mi\u00e9rcoles se realizar\u00e1 el sorteo para adjudicar los espacios de hosteler\u00eda que se van a instalar en la Plaza del Castillo durante los Sanfermines"},"content":{"rendered":"<h5>Trece establecimientos hosteleros presentaron su solicitud para optar a la ocupaci\u00f3n de esas barras<\/h5>\n<p><!--more--><\/p>\n<p>Trece establecimientos de hosteler\u00eda concurren el mi\u00e9rcoles al sorteo para adjudicar las diez barras de bar tipo mostrador que se van a instalar para los pr\u00f3ximos Sanfermines en la Plaza del Castillo. El sorteo tendr\u00e1 lugar a las 9 horas en el \u00e1rea de Seguridad Ciudadana (c\/ Monasterio de Irache, 2). El Ayuntamiento ha remitido esta ma\u00f1ana a las personas propietarias de esos trece establecimientos una comunicaci\u00f3n con la fecha y hora del sorteo.<br \/>\n<script async src=\"\/\/pagead2.googlesyndication.com\/pagead\/js\/adsbygoogle.js\"><\/script><br \/>\n<!-- Noticias La Guia de Pamplona --><br \/>\n<ins class=\"adsbygoogle\"\nstyle=\"display:block\"\ndata-ad-client=\"ca-pub-6943679897239327\"\ndata-ad-slot=\"7048180777\"\ndata-ad-format=\"auto\"><\/ins><br \/>\n<script>\n(adsbygoogle = window.adsbygoogle || []).push({});\n<\/script><\/p>\n<p>Las diez barras se ubicar\u00e1n en el l\u00edmite interior de los parterres, orientadas al centro de la plaza. Se trata de una iniciativa de colaboraci\u00f3n p\u00fablico \u2013 privada, sin coste para el Ayuntamiento, ya que los propios establecimientos hosteleros sufragar\u00e1n los gastos de la m\u00fasica de diferentes DJ que amenizar\u00e1n el espacio. Aunque las barras de bar pueden abrir entre las 10 de la ma\u00f1ana y las 2.30 de la madrugada, la m\u00fasica mantendr\u00e1 el horario habitual de otros Sanfermines, es decir, por la tarde y por la noche, entre las 19 y las 20.50 horas, con par\u00f3n para los bailables de txistu y gaita, entre las 23.30 y la 1.30 o 2 horas de la madrugada.<\/p>\n<p>La ocupaci\u00f3n de esas barras de bar, a modo de mostradores, es una iniciativa dirigida \u00fanicamente a negocios de hosteler\u00eda de la Plaza del Castillo y de la parte alta de la Bajada de Labrit.<\/p>\n","protected":false},"excerpt":{"rendered":"<p>Trece establecimientos hosteleros presentaron su solicitud para optar a la ocupaci\u00f3n de esas barras<\/p>\n","protected":false},"author":1,"featured_media":40616,"comment_status":"open","ping_status":"closed","sticky":false,"template":"","format":"standard","meta":{"footnotes":""},"categories":[2,9406],"tags":[],"class_list":["post-40630","post","type-post","status-publish","format-standard","has-post-thumbnail","hentry","category-ayuntamiento-pamplona","category-san-fermin"],"yoast_head":"<!-- This site is optimized with the Yoast SEO plugin v27.3 - https:\/\/yoast.com\/product\/yoast-seo-wordpress\/ -->\n<title>El mi\u00e9rcoles se realizar\u00e1 el sorteo para adjudicar los espacios de hosteler\u00eda que se van a instalar en la Plaza del Castillo durante los Sanfermines<\/title>\n<meta name=\"description\" content=\"Trece establecimientos hosteleros presentaron su solicitud para optar a la ocupaci\u00f3n de esas barras\" \/>\n<meta name=\"robots\" content=\"index, follow, max-snippet:-1, max-image-preview:large, max-video-preview:-1\" \/>\n<link rel=\"canonical\" href=\"https:\/\/www.laguiadepamplona.com\/actualidad\/el-miercoles-se-realizara-el-sorteo-para-adjudicar-los-espacios-de-hosteleria-que-se-van-a-instalar-en-la-plaza-del-castillo-durante-los-sanfermines\/\" \/>\n<meta property=\"og:locale\" content=\"es_ES\" \/>\n<meta property=\"og:type\" content=\"article\" \/>\n<meta property=\"og:title\" content=\"El mi\u00e9rcoles se realizar\u00e1 el sorteo para adjudicar los espacios de hosteler\u00eda que se van a instalar en la Plaza del Castillo durante los Sanfermines\" \/>\n<meta property=\"og:description\" content=\"Trece establecimientos hosteleros presentaron su solicitud para optar a la ocupaci\u00f3n de esas barras\" \/>\n<meta property=\"og:url\" content=\"https:\/\/www.laguiadepamplona.com\/actualidad\/el-miercoles-se-realizara-el-sorteo-para-adjudicar-los-espacios-de-hosteleria-que-se-van-a-instalar-en-la-plaza-del-castillo-durante-los-sanfermines\/\" \/>\n<meta property=\"og:site_name\" content=\"La Gu\u00eda de Pamplona\" \/>\n<meta property=\"article:publisher\" content=\"https:\/\/www.facebook.com\/laguiadepamplonacom-133175176762273\/?ref=hl\" \/>\n<meta property=\"article:published_time\" content=\"2022-06-06T14:52:31+00:00\" \/>\n<meta property=\"article:modified_time\" content=\"2023-04-11T09:48:05+00:00\" \/>\n<meta property=\"og:image\" content=\"https:\/\/www.laguiadepamplona.com\/actualidad\/wp-content\/uploads\/2022\/06\/plaza_castillo_dia.webp\" \/>\n\t<meta property=\"og:image:width\" content=\"1920\" \/>\n\t<meta property=\"og:image:height\" content=\"1214\" \/>\n\t<meta property=\"og:image:type\" content=\"image\/webp\" \/>\n<meta name=\"author\" content=\"La Gu\u00eda de Pamplona\" \/>\n<meta name=\"twitter:card\" content=\"summary_large_image\" \/>\n<meta name=\"twitter:creator\" content=\"@LaGuiadPamplona\" \/>\n<meta name=\"twitter:site\" content=\"@LaGuiadPamplona\" \/>\n<meta name=\"twitter:label1\" content=\"Escrito por\" \/>\n\t<meta name=\"twitter:data1\" content=\"La Gu\u00eda de Pamplona\" \/>\n\t<meta name=\"twitter:label2\" content=\"Tiempo de lectura\" \/>\n\t<meta name=\"twitter:data2\" content=\"2 minutos\" \/>\n<script type=\"application\/ld+json\" class=\"yoast-schema-graph\">{\"@context\":\"https:\\\/\\\/schema.org\",\"@graph\":[{\"@type\":\"Article\",\"@id\":\"https:\\\/\\\/www.laguiadepamplona.com\\\/actualidad\\\/el-miercoles-se-realizara-el-sorteo-para-adjudicar-los-espacios-de-hosteleria-que-se-van-a-instalar-en-la-plaza-del-castillo-durante-los-sanfermines\\\/#article\",\"isPartOf\":{\"@id\":\"https:\\\/\\\/www.laguiadepamplona.com\\\/actualidad\\\/el-miercoles-se-realizara-el-sorteo-para-adjudicar-los-espacios-de-hosteleria-que-se-van-a-instalar-en-la-plaza-del-castillo-durante-los-sanfermines\\\/\"},\"author\":{\"name\":\"La Gu\u00eda de Pamplona\",\"@id\":\"https:\\\/\\\/www.laguiadepamplona.com\\\/actualidad\\\/#\\\/schema\\\/person\\\/efe887376f0213d4657c93adc50b1fdb\"},\"headline\":\"El mi\u00e9rcoles se realizar\u00e1 el sorteo para adjudicar los espacios de hosteler\u00eda que se van a instalar en la Plaza del Castillo durante los Sanfermines\",\"datePublished\":\"2022-06-06T14:52:31+00:00\",\"dateModified\":\"2023-04-11T09:48:05+00:00\",\"mainEntityOfPage\":{\"@id\":\"https:\\\/\\\/www.laguiadepamplona.com\\\/actualidad\\\/el-miercoles-se-realizara-el-sorteo-para-adjudicar-los-espacios-de-hosteleria-que-se-van-a-instalar-en-la-plaza-del-castillo-durante-los-sanfermines\\\/\"},\"wordCount\":275,\"commentCount\":0,\"publisher\":{\"@id\":\"https:\\\/\\\/www.laguiadepamplona.com\\\/actualidad\\\/#organization\"},\"image\":{\"@id\":\"https:\\\/\\\/www.laguiadepamplona.com\\\/actualidad\\\/el-miercoles-se-realizara-el-sorteo-para-adjudicar-los-espacios-de-hosteleria-que-se-van-a-instalar-en-la-plaza-del-castillo-durante-los-sanfermines\\\/#primaryimage\"},\"thumbnailUrl\":\"https:\\\/\\\/www.laguiadepamplona.com\\\/actualidad\\\/wp-content\\\/uploads\\\/2022\\\/06\\\/plaza_castillo_dia.webp\",\"articleSection\":[\"Ayto Pamplona\",\"San Ferm\u00edn\"],\"inLanguage\":\"es\",\"potentialAction\":[{\"@type\":\"CommentAction\",\"name\":\"Comment\",\"target\":[\"https:\\\/\\\/www.laguiadepamplona.com\\\/actualidad\\\/el-miercoles-se-realizara-el-sorteo-para-adjudicar-los-espacios-de-hosteleria-que-se-van-a-instalar-en-la-plaza-del-castillo-durante-los-sanfermines\\\/#respond\"]}]},{\"@type\":\"WebPage\",\"@id\":\"https:\\\/\\\/www.laguiadepamplona.com\\\/actualidad\\\/el-miercoles-se-realizara-el-sorteo-para-adjudicar-los-espacios-de-hosteleria-que-se-van-a-instalar-en-la-plaza-del-castillo-durante-los-sanfermines\\\/\",\"url\":\"https:\\\/\\\/www.laguiadepamplona.com\\\/actualidad\\\/el-miercoles-se-realizara-el-sorteo-para-adjudicar-los-espacios-de-hosteleria-que-se-van-a-instalar-en-la-plaza-del-castillo-durante-los-sanfermines\\\/\",\"name\":\"El mi\u00e9rcoles se realizar\u00e1 el sorteo para adjudicar los espacios de hosteler\u00eda que se van a instalar en la Plaza del Castillo durante los Sanfermines\",\"isPartOf\":{\"@id\":\"https:\\\/\\\/www.laguiadepamplona.com\\\/actualidad\\\/#website\"},\"primaryImageOfPage\":{\"@id\":\"https:\\\/\\\/www.laguiadepamplona.com\\\/actualidad\\\/el-miercoles-se-realizara-el-sorteo-para-adjudicar-los-espacios-de-hosteleria-que-se-van-a-instalar-en-la-plaza-del-castillo-durante-los-sanfermines\\\/#primaryimage\"},\"image\":{\"@id\":\"https:\\\/\\\/www.laguiadepamplona.com\\\/actualidad\\\/el-miercoles-se-realizara-el-sorteo-para-adjudicar-los-espacios-de-hosteleria-que-se-van-a-instalar-en-la-plaza-del-castillo-durante-los-sanfermines\\\/#primaryimage\"},\"thumbnailUrl\":\"https:\\\/\\\/www.laguiadepamplona.com\\\/actualidad\\\/wp-content\\\/uploads\\\/2022\\\/06\\\/plaza_castillo_dia.webp\",\"datePublished\":\"2022-06-06T14:52:31+00:00\",\"dateModified\":\"2023-04-11T09:48:05+00:00\",\"description\":\"Trece establecimientos hosteleros presentaron su solicitud para optar a la ocupaci\u00f3n de esas barras\",\"breadcrumb\":{\"@id\":\"https:\\\/\\\/www.laguiadepamplona.com\\\/actualidad\\\/el-miercoles-se-realizara-el-sorteo-para-adjudicar-los-espacios-de-hosteleria-que-se-van-a-instalar-en-la-plaza-del-castillo-durante-los-sanfermines\\\/#breadcrumb\"},\"inLanguage\":\"es\",\"potentialAction\":[{\"@type\":\"ReadAction\",\"target\":[\"https:\\\/\\\/www.laguiadepamplona.com\\\/actualidad\\\/el-miercoles-se-realizara-el-sorteo-para-adjudicar-los-espacios-de-hosteleria-que-se-van-a-instalar-en-la-plaza-del-castillo-durante-los-sanfermines\\\/\"]}]},{\"@type\":\"ImageObject\",\"inLanguage\":\"es\",\"@id\":\"https:\\\/\\\/www.laguiadepamplona.com\\\/actualidad\\\/el-miercoles-se-realizara-el-sorteo-para-adjudicar-los-espacios-de-hosteleria-que-se-van-a-instalar-en-la-plaza-del-castillo-durante-los-sanfermines\\\/#primaryimage\",\"url\":\"https:\\\/\\\/www.laguiadepamplona.com\\\/actualidad\\\/wp-content\\\/uploads\\\/2022\\\/06\\\/plaza_castillo_dia.webp\",\"contentUrl\":\"https:\\\/\\\/www.laguiadepamplona.com\\\/actualidad\\\/wp-content\\\/uploads\\\/2022\\\/06\\\/plaza_castillo_dia.webp\",\"width\":1920,\"height\":1214},{\"@type\":\"BreadcrumbList\",\"@id\":\"https:\\\/\\\/www.laguiadepamplona.com\\\/actualidad\\\/el-miercoles-se-realizara-el-sorteo-para-adjudicar-los-espacios-de-hosteleria-que-se-van-a-instalar-en-la-plaza-del-castillo-durante-los-sanfermines\\\/#breadcrumb\",\"itemListElement\":[{\"@type\":\"ListItem\",\"position\":1,\"name\":\"Portada\",\"item\":\"https:\\\/\\\/www.laguiadepamplona.com\\\/actualidad\\\/\"},{\"@type\":\"ListItem\",\"position\":2,\"name\":\"El mi\u00e9rcoles se realizar\u00e1 el sorteo para adjudicar los espacios de hosteler\u00eda que se van a instalar en la Plaza del Castillo durante los Sanfermines\"}]},{\"@type\":\"WebSite\",\"@id\":\"https:\\\/\\\/www.laguiadepamplona.com\\\/actualidad\\\/#website\",\"url\":\"https:\\\/\\\/www.laguiadepamplona.com\\\/actualidad\\\/\",\"name\":\"La gu\u00eda de Pamplona\",\"description\":\"Noticias de Pamplona\",\"publisher\":{\"@id\":\"https:\\\/\\\/www.laguiadepamplona.com\\\/actualidad\\\/#organization\"},\"potentialAction\":[{\"@type\":\"SearchAction\",\"target\":{\"@type\":\"EntryPoint\",\"urlTemplate\":\"https:\\\/\\\/www.laguiadepamplona.com\\\/actualidad\\\/?s={search_term_string}\"},\"query-input\":{\"@type\":\"PropertyValueSpecification\",\"valueRequired\":true,\"valueName\":\"search_term_string\"}}],\"inLanguage\":\"es\"},{\"@type\":\"Organization\",\"@id\":\"https:\\\/\\\/www.laguiadepamplona.com\\\/actualidad\\\/#organization\",\"name\":\"La Gu\u00eda de Pamplona \\\/ Noticias\",\"url\":\"https:\\\/\\\/www.laguiadepamplona.com\\\/actualidad\\\/\",\"logo\":{\"@type\":\"ImageObject\",\"inLanguage\":\"es\",\"@id\":\"https:\\\/\\\/www.laguiadepamplona.com\\\/actualidad\\\/#\\\/schema\\\/logo\\\/image\\\/\",\"url\":\"https:\\\/\\\/www.laguiadepamplona.com\\\/actualidad\\\/wp-content\\\/uploads\\\/2018\\\/11\\\/logo-laguiadepamplona18-web1.png\",\"contentUrl\":\"https:\\\/\\\/www.laguiadepamplona.com\\\/actualidad\\\/wp-content\\\/uploads\\\/2018\\\/11\\\/logo-laguiadepamplona18-web1.png\",\"width\":600,\"height\":196,\"caption\":\"La Gu\u00eda de Pamplona \\\/ Noticias\"},\"image\":{\"@id\":\"https:\\\/\\\/www.laguiadepamplona.com\\\/actualidad\\\/#\\\/schema\\\/logo\\\/image\\\/\"},\"sameAs\":[\"https:\\\/\\\/www.facebook.com\\\/laguiadepamplonacom-133175176762273\\\/?ref=hl\",\"https:\\\/\\\/x.com\\\/LaGuiadPamplona\",\"https:\\\/\\\/www.instagram.com\\\/la_guia_de_pamplona\\\/\",\"https:\\\/\\\/www.youtube.com\\\/user\\\/laguiadepamplona\"]},{\"@type\":\"Person\",\"@id\":\"https:\\\/\\\/www.laguiadepamplona.com\\\/actualidad\\\/#\\\/schema\\\/person\\\/efe887376f0213d4657c93adc50b1fdb\",\"name\":\"La Gu\u00eda de Pamplona\",\"image\":{\"@type\":\"ImageObject\",\"inLanguage\":\"es\",\"@id\":\"https:\\\/\\\/secure.gravatar.com\\\/avatar\\\/b6992f131dc8d30ab0dff15446e9d346d9dbd95992de0fef795073f5ea83a81c?s=96&d=mm&r=g\",\"url\":\"https:\\\/\\\/secure.gravatar.com\\\/avatar\\\/b6992f131dc8d30ab0dff15446e9d346d9dbd95992de0fef795073f5ea83a81c?s=96&d=mm&r=g\",\"contentUrl\":\"https:\\\/\\\/secure.gravatar.com\\\/avatar\\\/b6992f131dc8d30ab0dff15446e9d346d9dbd95992de0fef795073f5ea83a81c?s=96&d=mm&r=g\",\"caption\":\"La Gu\u00eda de Pamplona\"}}]}<\/script>\n<!-- \/ Yoast SEO plugin. -->","yoast_head_json":{"title":"El mi\u00e9rcoles se realizar\u00e1 el sorteo para adjudicar los espacios de hosteler\u00eda que se van a instalar en la Plaza del Castillo durante los Sanfermines","description":"Trece establecimientos hosteleros presentaron su solicitud para optar a la ocupaci\u00f3n de esas barras","robots":{"index":"index","follow":"follow","max-snippet":"max-snippet:-1","max-image-preview":"max-image-preview:large","max-video-preview":"max-video-preview:-1"},"canonical":"https:\/\/www.laguiadepamplona.com\/actualidad\/el-miercoles-se-realizara-el-sorteo-para-adjudicar-los-espacios-de-hosteleria-que-se-van-a-instalar-en-la-plaza-del-castillo-durante-los-sanfermines\/","og_locale":"es_ES","og_type":"article","og_title":"El mi\u00e9rcoles se realizar\u00e1 el sorteo para adjudicar los espacios de hosteler\u00eda que se van a instalar en la Plaza del Castillo durante los Sanfermines","og_description":"Trece establecimientos hosteleros presentaron su solicitud para optar a la ocupaci\u00f3n de esas barras","og_url":"https:\/\/www.laguiadepamplona.com\/actualidad\/el-miercoles-se-realizara-el-sorteo-para-adjudicar-los-espacios-de-hosteleria-que-se-van-a-instalar-en-la-plaza-del-castillo-durante-los-sanfermines\/","og_site_name":"La Gu\u00eda de Pamplona","article_publisher":"https:\/\/www.facebook.com\/laguiadepamplonacom-133175176762273\/?ref=hl","article_published_time":"2022-06-06T14:52:31+00:00","article_modified_time":"2023-04-11T09:48:05+00:00","og_image":[{"width":1920,"height":1214,"url":"https:\/\/www.laguiadepamplona.com\/actualidad\/wp-content\/uploads\/2022\/06\/plaza_castillo_dia.webp","type":"image\/webp"}],"author":"La Gu\u00eda de Pamplona","twitter_card":"summary_large_image","twitter_creator":"@LaGuiadPamplona","twitter_site":"@LaGuiadPamplona","twitter_misc":{"Escrito por":"La Gu\u00eda de Pamplona","Tiempo de lectura":"2 minutos"},"schema":{"@context":"https:\/\/schema.org","@graph":[{"@type":"Article","@id":"https:\/\/www.laguiadepamplona.com\/actualidad\/el-miercoles-se-realizara-el-sorteo-para-adjudicar-los-espacios-de-hosteleria-que-se-van-a-instalar-en-la-plaza-del-castillo-durante-los-sanfermines\/#article","isPartOf":{"@id":"https:\/\/www.laguiadepamplona.com\/actualidad\/el-miercoles-se-realizara-el-sorteo-para-adjudicar-los-espacios-de-hosteleria-que-se-van-a-instalar-en-la-plaza-del-castillo-durante-los-sanfermines\/"},"author":{"name":"La Gu\u00eda de Pamplona","@id":"https:\/\/www.laguiadepamplona.com\/actualidad\/#\/schema\/person\/efe887376f0213d4657c93adc50b1fdb"},"headline":"El mi\u00e9rcoles se realizar\u00e1 el sorteo para adjudicar los espacios de hosteler\u00eda que se van a instalar en la Plaza del Castillo durante los Sanfermines","datePublished":"2022-06-06T14:52:31+00:00","dateModified":"2023-04-11T09:48:05+00:00","mainEntityOfPage":{"@id":"https:\/\/www.laguiadepamplona.com\/actualidad\/el-miercoles-se-realizara-el-sorteo-para-adjudicar-los-espacios-de-hosteleria-que-se-van-a-instalar-en-la-plaza-del-castillo-durante-los-sanfermines\/"},"wordCount":275,"commentCount":0,"publisher":{"@id":"https:\/\/www.laguiadepamplona.com\/actualidad\/#organization"},"image":{"@id":"https:\/\/www.laguiadepamplona.com\/actualidad\/el-miercoles-se-realizara-el-sorteo-para-adjudicar-los-espacios-de-hosteleria-que-se-van-a-instalar-en-la-plaza-del-castillo-durante-los-sanfermines\/#primaryimage"},"thumbnailUrl":"https:\/\/www.laguiadepamplona.com\/actualidad\/wp-content\/uploads\/2022\/06\/plaza_castillo_dia.webp","articleSection":["Ayto Pamplona","San Ferm\u00edn"],"inLanguage":"es","potentialAction":[{"@type":"CommentAction","name":"Comment","target":["https:\/\/www.laguiadepamplona.com\/actualidad\/el-miercoles-se-realizara-el-sorteo-para-adjudicar-los-espacios-de-hosteleria-que-se-van-a-instalar-en-la-plaza-del-castillo-durante-los-sanfermines\/#respond"]}]},{"@type":"WebPage","@id":"https:\/\/www.laguiadepamplona.com\/actualidad\/el-miercoles-se-realizara-el-sorteo-para-adjudicar-los-espacios-de-hosteleria-que-se-van-a-instalar-en-la-plaza-del-castillo-durante-los-sanfermines\/","url":"https:\/\/www.laguiadepamplona.com\/actualidad\/el-miercoles-se-realizara-el-sorteo-para-adjudicar-los-espacios-de-hosteleria-que-se-van-a-instalar-en-la-plaza-del-castillo-durante-los-sanfermines\/","name":"El mi\u00e9rcoles se realizar\u00e1 el sorteo para adjudicar los espacios de hosteler\u00eda que se van a instalar en la Plaza del Castillo durante los Sanfermines","isPartOf":{"@id":"https:\/\/www.laguiadepamplona.com\/actualidad\/#website"},"primaryImageOfPage":{"@id":"https:\/\/www.laguiadepamplona.com\/actualidad\/el-miercoles-se-realizara-el-sorteo-para-adjudicar-los-espacios-de-hosteleria-que-se-van-a-instalar-en-la-plaza-del-castillo-durante-los-sanfermines\/#primaryimage"},"image":{"@id":"https:\/\/www.laguiadepamplona.com\/actualidad\/el-miercoles-se-realizara-el-sorteo-para-adjudicar-los-espacios-de-hosteleria-que-se-van-a-instalar-en-la-plaza-del-castillo-durante-los-sanfermines\/#primaryimage"},"thumbnailUrl":"https:\/\/www.laguiadepamplona.com\/actualidad\/wp-content\/uploads\/2022\/06\/plaza_castillo_dia.webp","datePublished":"2022-06-06T14:52:31+00:00","dateModified":"2023-04-11T09:48:05+00:00","description":"Trece establecimientos hosteleros presentaron su solicitud para optar a la ocupaci\u00f3n de esas barras","breadcrumb":{"@id":"https:\/\/www.laguiadepamplona.com\/actualidad\/el-miercoles-se-realizara-el-sorteo-para-adjudicar-los-espacios-de-hosteleria-que-se-van-a-instalar-en-la-plaza-del-castillo-durante-los-sanfermines\/#breadcrumb"},"inLanguage":"es","potentialAction":[{"@type":"ReadAction","target":["https:\/\/www.laguiadepamplona.com\/actualidad\/el-miercoles-se-realizara-el-sorteo-para-adjudicar-los-espacios-de-hosteleria-que-se-van-a-instalar-en-la-plaza-del-castillo-durante-los-sanfermines\/"]}]},{"@type":"ImageObject","inLanguage":"es","@id":"https:\/\/www.laguiadepamplona.com\/actualidad\/el-miercoles-se-realizara-el-sorteo-para-adjudicar-los-espacios-de-hosteleria-que-se-van-a-instalar-en-la-plaza-del-castillo-durante-los-sanfermines\/#primaryimage","url":"https:\/\/www.laguiadepamplona.com\/actualidad\/wp-content\/uploads\/2022\/06\/plaza_castillo_dia.webp","contentUrl":"https:\/\/www.laguiadepamplona.com\/actualidad\/wp-content\/uploads\/2022\/06\/plaza_castillo_dia.webp","width":1920,"height":1214},{"@type":"BreadcrumbList","@id":"https:\/\/www.laguiadepamplona.com\/actualidad\/el-miercoles-se-realizara-el-sorteo-para-adjudicar-los-espacios-de-hosteleria-que-se-van-a-instalar-en-la-plaza-del-castillo-durante-los-sanfermines\/#breadcrumb","itemListElement":[{"@type":"ListItem","position":1,"name":"Portada","item":"https:\/\/www.laguiadepamplona.com\/actualidad\/"},{"@type":"ListItem","position":2,"name":"El mi\u00e9rcoles se realizar\u00e1 el sorteo para adjudicar los espacios de hosteler\u00eda que se van a instalar en la Plaza del Castillo durante los Sanfermines"}]},{"@type":"WebSite","@id":"https:\/\/www.laguiadepamplona.com\/actualidad\/#website","url":"https:\/\/www.laguiadepamplona.com\/actualidad\/","name":"La gu\u00eda de Pamplona","description":"Noticias de Pamplona","publisher":{"@id":"https:\/\/www.laguiadepamplona.com\/actualidad\/#organization"},"potentialAction":[{"@type":"SearchAction","target":{"@type":"EntryPoint","urlTemplate":"https:\/\/www.laguiadepamplona.com\/actualidad\/?s={search_term_string}"},"query-input":{"@type":"PropertyValueSpecification","valueRequired":true,"valueName":"search_term_string"}}],"inLanguage":"es"},{"@type":"Organization","@id":"https:\/\/www.laguiadepamplona.com\/actualidad\/#organization","name":"La Gu\u00eda de Pamplona \/ Noticias","url":"https:\/\/www.laguiadepamplona.com\/actualidad\/","logo":{"@type":"ImageObject","inLanguage":"es","@id":"https:\/\/www.laguiadepamplona.com\/actualidad\/#\/schema\/logo\/image\/","url":"https:\/\/www.laguiadepamplona.com\/actualidad\/wp-content\/uploads\/2018\/11\/logo-laguiadepamplona18-web1.png","contentUrl":"https:\/\/www.laguiadepamplona.com\/actualidad\/wp-content\/uploads\/2018\/11\/logo-laguiadepamplona18-web1.png","width":600,"height":196,"caption":"La Gu\u00eda de Pamplona \/ Noticias"},"image":{"@id":"https:\/\/www.laguiadepamplona.com\/actualidad\/#\/schema\/logo\/image\/"},"sameAs":["https:\/\/www.facebook.com\/laguiadepamplonacom-133175176762273\/?ref=hl","https:\/\/x.com\/LaGuiadPamplona","https:\/\/www.instagram.com\/la_guia_de_pamplona\/","https:\/\/www.youtube.com\/user\/laguiadepamplona"]},{"@type":"Person","@id":"https:\/\/www.laguiadepamplona.com\/actualidad\/#\/schema\/person\/efe887376f0213d4657c93adc50b1fdb","name":"La Gu\u00eda de Pamplona","image":{"@type":"ImageObject","inLanguage":"es","@id":"https:\/\/secure.gravatar.com\/avatar\/b6992f131dc8d30ab0dff15446e9d346d9dbd95992de0fef795073f5ea83a81c?s=96&d=mm&r=g","url":"https:\/\/secure.gravatar.com\/avatar\/b6992f131dc8d30ab0dff15446e9d346d9dbd95992de0fef795073f5ea83a81c?s=96&d=mm&r=g","contentUrl":"https:\/\/secure.gravatar.com\/avatar\/b6992f131dc8d30ab0dff15446e9d346d9dbd95992de0fef795073f5ea83a81c?s=96&d=mm&r=g","caption":"La Gu\u00eda de Pamplona"}}]}},"post_mailing_queue_ids":[],"_links":{"self":[{"href":"https:\/\/www.laguiadepamplona.com\/actualidad\/wp-json\/wp\/v2\/posts\/40630","targetHints":{"allow":["GET"]}}],"collection":[{"href":"https:\/\/www.laguiadepamplona.com\/actualidad\/wp-json\/wp\/v2\/posts"}],"about":[{"href":"https:\/\/www.laguiadepamplona.com\/actualidad\/wp-json\/wp\/v2\/types\/post"}],"author":[{"embeddable":true,"href":"https:\/\/www.laguiadepamplona.com\/actualidad\/wp-json\/wp\/v2\/users\/1"}],"replies":[{"embeddable":true,"href":"https:\/\/www.laguiadepamplona.com\/actualidad\/wp-json\/wp\/v2\/comments?post=40630"}],"version-history":[{"count":0,"href":"https:\/\/www.laguiadepamplona.com\/actualidad\/wp-json\/wp\/v2\/posts\/40630\/revisions"}],"wp:featuredmedia":[{"embeddable":true,"href":"https:\/\/www.laguiadepamplona.com\/actualidad\/wp-json\/wp\/v2\/media\/40616"}],"wp:attachment":[{"href":"https:\/\/www.laguiadepamplona.com\/actualidad\/wp-json\/wp\/v2\/media?parent=40630"}],"wp:term":[{"taxonomy":"category","embeddable":true,"href":"https:\/\/www.laguiadepamplona.com\/actualidad\/wp-json\/wp\/v2\/categories?post=40630"},{"taxonomy":"post_tag","embeddable":true,"href":"https:\/\/www.laguiadepamplona.com\/actualidad\/wp-json\/wp\/v2\/tags?post=40630"}],"curies":[{"name":"wp","href":"https:\/\/api.w.org\/{rel}","templated":true}]}}