{"id":40624,"date":"2022-06-06T13:35:36","date_gmt":"2022-06-06T11:35:36","guid":{"rendered":"https:\/\/www.laguiadepamplona.com\/actualidad\/?p=40624"},"modified":"2023-04-11T11:48:05","modified_gmt":"2023-04-11T09:48:05","slug":"pamplona-volvera-a-ser-zona-naranja-de-estacionamiento-durante-los-sanfermines-desde-el-5-hasta-el-14-de-julio-ambos-inclusive","status":"publish","type":"post","link":"https:\/\/www.laguiadepamplona.com\/actualidad\/pamplona-volvera-a-ser-zona-naranja-de-estacionamiento-durante-los-sanfermines-desde-el-5-hasta-el-14-de-julio-ambos-inclusive\/","title":{"rendered":"Pamplona volver\u00e1 a ser zona naranja de estacionamiento durante los Sanfermines, desde el 5 hasta el 14 de julio, ambos inclusive"},"content":{"rendered":"<h5>Del 15 al 31 de julio, la zona de estacionamiento limitado seguir\u00e1 funcionar\u00e1 como durante el resto del a\u00f1o<\/h5>\n<p><!--more--><\/p>\n<p>Durante los pr\u00f3ximos Sanfermines, Pamplona volver\u00e1 a ser zona naranja de aparcamiento las 24 horas del d\u00eda, desde el 5 hasta el 14 de julio, ambos inclusive. La Junta de Gobierno Local ha aprobado esta ma\u00f1ana la modificaci\u00f3n de los art\u00edculos 1 y 4 de la Ordenanza Reguladora de las Zonas de Estacionamiento Limitado y Restringido para poner en marcha esta decisi\u00f3n por octavas fiestas.<br \/>\n<script async src=\"\/\/pagead2.googlesyndication.com\/pagead\/js\/adsbygoogle.js\"><\/script><br \/>\n<!-- Noticias La Guia de Pamplona --><br \/>\n<ins class=\"adsbygoogle\"\nstyle=\"display:block\"\ndata-ad-client=\"ca-pub-6943679897239327\"\ndata-ad-slot=\"7048180777\"\ndata-ad-format=\"auto\"><\/ins><br \/>\n<script>\n(adsbygoogle = window.adsbygoogle || []).push({});\n<\/script><\/p>\n<p>En esas mismas fechas, del 5 al 14 de julio, la parte del sector 2 comprendida entre la avenida de la Baja Navarra, avenida Conde Oliveto, avenida del Ej\u00e9rcito y avenida de P\u00edo XII y el l\u00edmite con el sector 1 ser\u00e1 zona restringida para el estacionamiento de quienes tengan tarjeta de residente de los sectores 1 y 2. La parte del sector 2 no incluida en esta \u00e1rea, as\u00ed como los sectores 3, 4, 5, 6, 7, 8, 9 y 10 funcionar\u00e1n como zona naranja las 24 horas del d\u00eda. Tambi\u00e9n ser\u00e1n restringida para residentes de los sectores 1 y 2 la zona de aparcamiento situada junto a la sociedad Larraina. Asimismo, el aparcamiento de Corralillos se destinar\u00e1 al uso exclusivo de quienes tengan tarjeta de residente del Sector 1 y 8.<\/p>\n<p>Desde 2013, el Ayuntamiento de Pamplona mantiene durante los Sanfermines el estacionamiento regulado, la llamada zona azul. De esta forma, se busca mejorar los problemas de aparcamiento que se producen en fiestas derivados del incremento de veh\u00edculos que se dan esas fechas.<br \/>\n<script async src=\"\/\/pagead2.googlesyndication.com\/pagead\/js\/adsbygoogle.js\"><\/script><br \/>\n<!-- Noticias La Guia de Pamplona --><br \/>\n<ins class=\"adsbygoogle\"\nstyle=\"display:block\"\ndata-ad-client=\"ca-pub-6943679897239327\"\ndata-ad-slot=\"7048180777\"\ndata-ad-format=\"auto\"><\/ins><br \/>\n<script>\n(adsbygoogle = window.adsbygoogle || []).push({});\n<\/script><\/p>\n<p>Una vez finalizados los Sanfermines, a partir del 15 de julio y hasta el 31 de julio, ambos inclusive, el estacionamiento limitado funcionar\u00e1 de la misma manera que el resto del a\u00f1o, con sus colores, tarifas y restricciones habituales.<\/p>\n","protected":false},"excerpt":{"rendered":"<p>Del 15 al 31 de julio, la zona de estacionamiento limitado seguir\u00e1 funcionar\u00e1 como durante el resto del a\u00f1o<\/p>\n","protected":false},"author":1,"featured_media":40625,"comment_status":"open","ping_status":"closed","sticky":false,"template":"","format":"standard","meta":{"footnotes":""},"categories":[2,9406],"tags":[],"class_list":["post-40624","post","type-post","status-publish","format-standard","has-post-thumbnail","hentry","category-ayuntamiento-pamplona","category-san-fermin"],"yoast_head":"<!-- This site is optimized with the Yoast SEO plugin v27.5 - https:\/\/yoast.com\/product\/yoast-seo-wordpress\/ -->\n<title>Pamplona volver\u00e1 a ser zona naranja de estacionamiento durante los Sanfermines, desde el 5 hasta el 14 de julio, ambos inclusive<\/title>\n<meta name=\"description\" content=\"Del 15 al 31 de julio, la zona de estacionamiento limitado seguir\u00e1 funcionar\u00e1 como durante el resto del a\u00f1o\u00a0\" \/>\n<meta name=\"robots\" content=\"index, follow, max-snippet:-1, max-image-preview:large, max-video-preview:-1\" \/>\n<link rel=\"canonical\" href=\"https:\/\/www.laguiadepamplona.com\/actualidad\/pamplona-volvera-a-ser-zona-naranja-de-estacionamiento-durante-los-sanfermines-desde-el-5-hasta-el-14-de-julio-ambos-inclusive\/\" \/>\n<meta property=\"og:locale\" content=\"es_ES\" \/>\n<meta property=\"og:type\" content=\"article\" \/>\n<meta property=\"og:title\" content=\"Pamplona volver\u00e1 a ser zona naranja de estacionamiento durante los Sanfermines, desde el 5 hasta el 14 de julio, ambos inclusive\" \/>\n<meta property=\"og:description\" content=\"Del 15 al 31 de julio, la zona de estacionamiento limitado seguir\u00e1 funcionar\u00e1 como durante el resto del a\u00f1o\u00a0\" \/>\n<meta property=\"og:url\" content=\"https:\/\/www.laguiadepamplona.com\/actualidad\/pamplona-volvera-a-ser-zona-naranja-de-estacionamiento-durante-los-sanfermines-desde-el-5-hasta-el-14-de-julio-ambos-inclusive\/\" \/>\n<meta property=\"og:site_name\" content=\"La Gu\u00eda de Pamplona\" \/>\n<meta property=\"article:publisher\" content=\"https:\/\/www.facebook.com\/laguiadepamplonacom-133175176762273\/?ref=hl\" \/>\n<meta property=\"article:published_time\" content=\"2022-06-06T11:35:36+00:00\" \/>\n<meta property=\"article:modified_time\" content=\"2023-04-11T09:48:05+00:00\" \/>\n<meta property=\"og:image\" content=\"https:\/\/www.laguiadepamplona.com\/actualidad\/wp-content\/uploads\/2022\/06\/zona-naranja.webp\" \/>\n\t<meta property=\"og:image:width\" content=\"1920\" \/>\n\t<meta property=\"og:image:height\" content=\"1280\" \/>\n\t<meta property=\"og:image:type\" content=\"image\/webp\" \/>\n<meta name=\"author\" content=\"La Gu\u00eda de Pamplona\" \/>\n<meta name=\"twitter:card\" content=\"summary_large_image\" \/>\n<meta name=\"twitter:creator\" content=\"@LaGuiadPamplona\" \/>\n<meta name=\"twitter:site\" content=\"@LaGuiadPamplona\" \/>\n<meta name=\"twitter:label1\" content=\"Escrito por\" \/>\n\t<meta name=\"twitter:data1\" content=\"La Gu\u00eda de Pamplona\" \/>\n\t<meta name=\"twitter:label2\" content=\"Tiempo de lectura\" \/>\n\t<meta name=\"twitter:data2\" content=\"2 minutos\" \/>\n<script type=\"application\/ld+json\" class=\"yoast-schema-graph\">{\"@context\":\"https:\\\/\\\/schema.org\",\"@graph\":[{\"@type\":\"Article\",\"@id\":\"https:\\\/\\\/www.laguiadepamplona.com\\\/actualidad\\\/pamplona-volvera-a-ser-zona-naranja-de-estacionamiento-durante-los-sanfermines-desde-el-5-hasta-el-14-de-julio-ambos-inclusive\\\/#article\",\"isPartOf\":{\"@id\":\"https:\\\/\\\/www.laguiadepamplona.com\\\/actualidad\\\/pamplona-volvera-a-ser-zona-naranja-de-estacionamiento-durante-los-sanfermines-desde-el-5-hasta-el-14-de-julio-ambos-inclusive\\\/\"},\"author\":{\"name\":\"La Gu\u00eda de Pamplona\",\"@id\":\"https:\\\/\\\/www.laguiadepamplona.com\\\/actualidad\\\/#\\\/schema\\\/person\\\/efe887376f0213d4657c93adc50b1fdb\"},\"headline\":\"Pamplona volver\u00e1 a ser zona naranja de estacionamiento durante los Sanfermines, desde el 5 hasta el 14 de julio, ambos inclusive\",\"datePublished\":\"2022-06-06T11:35:36+00:00\",\"dateModified\":\"2023-04-11T09:48:05+00:00\",\"mainEntityOfPage\":{\"@id\":\"https:\\\/\\\/www.laguiadepamplona.com\\\/actualidad\\\/pamplona-volvera-a-ser-zona-naranja-de-estacionamiento-durante-los-sanfermines-desde-el-5-hasta-el-14-de-julio-ambos-inclusive\\\/\"},\"wordCount\":303,\"commentCount\":0,\"publisher\":{\"@id\":\"https:\\\/\\\/www.laguiadepamplona.com\\\/actualidad\\\/#organization\"},\"image\":{\"@id\":\"https:\\\/\\\/www.laguiadepamplona.com\\\/actualidad\\\/pamplona-volvera-a-ser-zona-naranja-de-estacionamiento-durante-los-sanfermines-desde-el-5-hasta-el-14-de-julio-ambos-inclusive\\\/#primaryimage\"},\"thumbnailUrl\":\"https:\\\/\\\/www.laguiadepamplona.com\\\/actualidad\\\/wp-content\\\/uploads\\\/2022\\\/06\\\/zona-naranja.webp\",\"articleSection\":[\"Ayto Pamplona\",\"San Ferm\u00edn\"],\"inLanguage\":\"es\",\"potentialAction\":[{\"@type\":\"CommentAction\",\"name\":\"Comment\",\"target\":[\"https:\\\/\\\/www.laguiadepamplona.com\\\/actualidad\\\/pamplona-volvera-a-ser-zona-naranja-de-estacionamiento-durante-los-sanfermines-desde-el-5-hasta-el-14-de-julio-ambos-inclusive\\\/#respond\"]}]},{\"@type\":\"WebPage\",\"@id\":\"https:\\\/\\\/www.laguiadepamplona.com\\\/actualidad\\\/pamplona-volvera-a-ser-zona-naranja-de-estacionamiento-durante-los-sanfermines-desde-el-5-hasta-el-14-de-julio-ambos-inclusive\\\/\",\"url\":\"https:\\\/\\\/www.laguiadepamplona.com\\\/actualidad\\\/pamplona-volvera-a-ser-zona-naranja-de-estacionamiento-durante-los-sanfermines-desde-el-5-hasta-el-14-de-julio-ambos-inclusive\\\/\",\"name\":\"Pamplona volver\u00e1 a ser zona naranja de estacionamiento durante los Sanfermines, desde el 5 hasta el 14 de julio, ambos inclusive\",\"isPartOf\":{\"@id\":\"https:\\\/\\\/www.laguiadepamplona.com\\\/actualidad\\\/#website\"},\"primaryImageOfPage\":{\"@id\":\"https:\\\/\\\/www.laguiadepamplona.com\\\/actualidad\\\/pamplona-volvera-a-ser-zona-naranja-de-estacionamiento-durante-los-sanfermines-desde-el-5-hasta-el-14-de-julio-ambos-inclusive\\\/#primaryimage\"},\"image\":{\"@id\":\"https:\\\/\\\/www.laguiadepamplona.com\\\/actualidad\\\/pamplona-volvera-a-ser-zona-naranja-de-estacionamiento-durante-los-sanfermines-desde-el-5-hasta-el-14-de-julio-ambos-inclusive\\\/#primaryimage\"},\"thumbnailUrl\":\"https:\\\/\\\/www.laguiadepamplona.com\\\/actualidad\\\/wp-content\\\/uploads\\\/2022\\\/06\\\/zona-naranja.webp\",\"datePublished\":\"2022-06-06T11:35:36+00:00\",\"dateModified\":\"2023-04-11T09:48:05+00:00\",\"description\":\"Del 15 al 31 de julio, la zona de estacionamiento limitado seguir\u00e1 funcionar\u00e1 como durante el resto del a\u00f1o\u00a0\",\"breadcrumb\":{\"@id\":\"https:\\\/\\\/www.laguiadepamplona.com\\\/actualidad\\\/pamplona-volvera-a-ser-zona-naranja-de-estacionamiento-durante-los-sanfermines-desde-el-5-hasta-el-14-de-julio-ambos-inclusive\\\/#breadcrumb\"},\"inLanguage\":\"es\",\"potentialAction\":[{\"@type\":\"ReadAction\",\"target\":[\"https:\\\/\\\/www.laguiadepamplona.com\\\/actualidad\\\/pamplona-volvera-a-ser-zona-naranja-de-estacionamiento-durante-los-sanfermines-desde-el-5-hasta-el-14-de-julio-ambos-inclusive\\\/\"]}]},{\"@type\":\"ImageObject\",\"inLanguage\":\"es\",\"@id\":\"https:\\\/\\\/www.laguiadepamplona.com\\\/actualidad\\\/pamplona-volvera-a-ser-zona-naranja-de-estacionamiento-durante-los-sanfermines-desde-el-5-hasta-el-14-de-julio-ambos-inclusive\\\/#primaryimage\",\"url\":\"https:\\\/\\\/www.laguiadepamplona.com\\\/actualidad\\\/wp-content\\\/uploads\\\/2022\\\/06\\\/zona-naranja.webp\",\"contentUrl\":\"https:\\\/\\\/www.laguiadepamplona.com\\\/actualidad\\\/wp-content\\\/uploads\\\/2022\\\/06\\\/zona-naranja.webp\",\"width\":1920,\"height\":1280},{\"@type\":\"BreadcrumbList\",\"@id\":\"https:\\\/\\\/www.laguiadepamplona.com\\\/actualidad\\\/pamplona-volvera-a-ser-zona-naranja-de-estacionamiento-durante-los-sanfermines-desde-el-5-hasta-el-14-de-julio-ambos-inclusive\\\/#breadcrumb\",\"itemListElement\":[{\"@type\":\"ListItem\",\"position\":1,\"name\":\"Portada\",\"item\":\"https:\\\/\\\/www.laguiadepamplona.com\\\/actualidad\\\/\"},{\"@type\":\"ListItem\",\"position\":2,\"name\":\"Pamplona volver\u00e1 a ser zona naranja de estacionamiento durante los Sanfermines, desde el 5 hasta el 14 de julio, ambos inclusive\"}]},{\"@type\":\"WebSite\",\"@id\":\"https:\\\/\\\/www.laguiadepamplona.com\\\/actualidad\\\/#website\",\"url\":\"https:\\\/\\\/www.laguiadepamplona.com\\\/actualidad\\\/\",\"name\":\"La gu\u00eda de Pamplona\",\"description\":\"Noticias de Pamplona\",\"publisher\":{\"@id\":\"https:\\\/\\\/www.laguiadepamplona.com\\\/actualidad\\\/#organization\"},\"potentialAction\":[{\"@type\":\"SearchAction\",\"target\":{\"@type\":\"EntryPoint\",\"urlTemplate\":\"https:\\\/\\\/www.laguiadepamplona.com\\\/actualidad\\\/?s={search_term_string}\"},\"query-input\":{\"@type\":\"PropertyValueSpecification\",\"valueRequired\":true,\"valueName\":\"search_term_string\"}}],\"inLanguage\":\"es\"},{\"@type\":\"Organization\",\"@id\":\"https:\\\/\\\/www.laguiadepamplona.com\\\/actualidad\\\/#organization\",\"name\":\"La Gu\u00eda de Pamplona \\\/ Noticias\",\"url\":\"https:\\\/\\\/www.laguiadepamplona.com\\\/actualidad\\\/\",\"logo\":{\"@type\":\"ImageObject\",\"inLanguage\":\"es\",\"@id\":\"https:\\\/\\\/www.laguiadepamplona.com\\\/actualidad\\\/#\\\/schema\\\/logo\\\/image\\\/\",\"url\":\"https:\\\/\\\/www.laguiadepamplona.com\\\/actualidad\\\/wp-content\\\/uploads\\\/2018\\\/11\\\/logo-laguiadepamplona18-web1.png\",\"contentUrl\":\"https:\\\/\\\/www.laguiadepamplona.com\\\/actualidad\\\/wp-content\\\/uploads\\\/2018\\\/11\\\/logo-laguiadepamplona18-web1.png\",\"width\":600,\"height\":196,\"caption\":\"La Gu\u00eda de Pamplona \\\/ Noticias\"},\"image\":{\"@id\":\"https:\\\/\\\/www.laguiadepamplona.com\\\/actualidad\\\/#\\\/schema\\\/logo\\\/image\\\/\"},\"sameAs\":[\"https:\\\/\\\/www.facebook.com\\\/laguiadepamplonacom-133175176762273\\\/?ref=hl\",\"https:\\\/\\\/x.com\\\/LaGuiadPamplona\",\"https:\\\/\\\/www.instagram.com\\\/la_guia_de_pamplona\\\/\",\"https:\\\/\\\/www.youtube.com\\\/user\\\/laguiadepamplona\"]},{\"@type\":\"Person\",\"@id\":\"https:\\\/\\\/www.laguiadepamplona.com\\\/actualidad\\\/#\\\/schema\\\/person\\\/efe887376f0213d4657c93adc50b1fdb\",\"name\":\"La Gu\u00eda de Pamplona\",\"image\":{\"@type\":\"ImageObject\",\"inLanguage\":\"es\",\"@id\":\"https:\\\/\\\/secure.gravatar.com\\\/avatar\\\/b6992f131dc8d30ab0dff15446e9d346d9dbd95992de0fef795073f5ea83a81c?s=96&d=mm&r=g\",\"url\":\"https:\\\/\\\/secure.gravatar.com\\\/avatar\\\/b6992f131dc8d30ab0dff15446e9d346d9dbd95992de0fef795073f5ea83a81c?s=96&d=mm&r=g\",\"contentUrl\":\"https:\\\/\\\/secure.gravatar.com\\\/avatar\\\/b6992f131dc8d30ab0dff15446e9d346d9dbd95992de0fef795073f5ea83a81c?s=96&d=mm&r=g\",\"caption\":\"La Gu\u00eda de Pamplona\"}}]}<\/script>\n<!-- \/ Yoast SEO plugin. -->","yoast_head_json":{"title":"Pamplona volver\u00e1 a ser zona naranja de estacionamiento durante los Sanfermines, desde el 5 hasta el 14 de julio, ambos inclusive","description":"Del 15 al 31 de julio, la zona de estacionamiento limitado seguir\u00e1 funcionar\u00e1 como durante el resto del a\u00f1o\u00a0","robots":{"index":"index","follow":"follow","max-snippet":"max-snippet:-1","max-image-preview":"max-image-preview:large","max-video-preview":"max-video-preview:-1"},"canonical":"https:\/\/www.laguiadepamplona.com\/actualidad\/pamplona-volvera-a-ser-zona-naranja-de-estacionamiento-durante-los-sanfermines-desde-el-5-hasta-el-14-de-julio-ambos-inclusive\/","og_locale":"es_ES","og_type":"article","og_title":"Pamplona volver\u00e1 a ser zona naranja de estacionamiento durante los Sanfermines, desde el 5 hasta el 14 de julio, ambos inclusive","og_description":"Del 15 al 31 de julio, la zona de estacionamiento limitado seguir\u00e1 funcionar\u00e1 como durante el resto del a\u00f1o\u00a0","og_url":"https:\/\/www.laguiadepamplona.com\/actualidad\/pamplona-volvera-a-ser-zona-naranja-de-estacionamiento-durante-los-sanfermines-desde-el-5-hasta-el-14-de-julio-ambos-inclusive\/","og_site_name":"La Gu\u00eda de Pamplona","article_publisher":"https:\/\/www.facebook.com\/laguiadepamplonacom-133175176762273\/?ref=hl","article_published_time":"2022-06-06T11:35:36+00:00","article_modified_time":"2023-04-11T09:48:05+00:00","og_image":[{"width":1920,"height":1280,"url":"https:\/\/www.laguiadepamplona.com\/actualidad\/wp-content\/uploads\/2022\/06\/zona-naranja.webp","type":"image\/webp"}],"author":"La Gu\u00eda de Pamplona","twitter_card":"summary_large_image","twitter_creator":"@LaGuiadPamplona","twitter_site":"@LaGuiadPamplona","twitter_misc":{"Escrito por":"La Gu\u00eda de Pamplona","Tiempo de lectura":"2 minutos"},"schema":{"@context":"https:\/\/schema.org","@graph":[{"@type":"Article","@id":"https:\/\/www.laguiadepamplona.com\/actualidad\/pamplona-volvera-a-ser-zona-naranja-de-estacionamiento-durante-los-sanfermines-desde-el-5-hasta-el-14-de-julio-ambos-inclusive\/#article","isPartOf":{"@id":"https:\/\/www.laguiadepamplona.com\/actualidad\/pamplona-volvera-a-ser-zona-naranja-de-estacionamiento-durante-los-sanfermines-desde-el-5-hasta-el-14-de-julio-ambos-inclusive\/"},"author":{"name":"La Gu\u00eda de Pamplona","@id":"https:\/\/www.laguiadepamplona.com\/actualidad\/#\/schema\/person\/efe887376f0213d4657c93adc50b1fdb"},"headline":"Pamplona volver\u00e1 a ser zona naranja de estacionamiento durante los Sanfermines, desde el 5 hasta el 14 de julio, ambos inclusive","datePublished":"2022-06-06T11:35:36+00:00","dateModified":"2023-04-11T09:48:05+00:00","mainEntityOfPage":{"@id":"https:\/\/www.laguiadepamplona.com\/actualidad\/pamplona-volvera-a-ser-zona-naranja-de-estacionamiento-durante-los-sanfermines-desde-el-5-hasta-el-14-de-julio-ambos-inclusive\/"},"wordCount":303,"commentCount":0,"publisher":{"@id":"https:\/\/www.laguiadepamplona.com\/actualidad\/#organization"},"image":{"@id":"https:\/\/www.laguiadepamplona.com\/actualidad\/pamplona-volvera-a-ser-zona-naranja-de-estacionamiento-durante-los-sanfermines-desde-el-5-hasta-el-14-de-julio-ambos-inclusive\/#primaryimage"},"thumbnailUrl":"https:\/\/www.laguiadepamplona.com\/actualidad\/wp-content\/uploads\/2022\/06\/zona-naranja.webp","articleSection":["Ayto Pamplona","San Ferm\u00edn"],"inLanguage":"es","potentialAction":[{"@type":"CommentAction","name":"Comment","target":["https:\/\/www.laguiadepamplona.com\/actualidad\/pamplona-volvera-a-ser-zona-naranja-de-estacionamiento-durante-los-sanfermines-desde-el-5-hasta-el-14-de-julio-ambos-inclusive\/#respond"]}]},{"@type":"WebPage","@id":"https:\/\/www.laguiadepamplona.com\/actualidad\/pamplona-volvera-a-ser-zona-naranja-de-estacionamiento-durante-los-sanfermines-desde-el-5-hasta-el-14-de-julio-ambos-inclusive\/","url":"https:\/\/www.laguiadepamplona.com\/actualidad\/pamplona-volvera-a-ser-zona-naranja-de-estacionamiento-durante-los-sanfermines-desde-el-5-hasta-el-14-de-julio-ambos-inclusive\/","name":"Pamplona volver\u00e1 a ser zona naranja de estacionamiento durante los Sanfermines, desde el 5 hasta el 14 de julio, ambos inclusive","isPartOf":{"@id":"https:\/\/www.laguiadepamplona.com\/actualidad\/#website"},"primaryImageOfPage":{"@id":"https:\/\/www.laguiadepamplona.com\/actualidad\/pamplona-volvera-a-ser-zona-naranja-de-estacionamiento-durante-los-sanfermines-desde-el-5-hasta-el-14-de-julio-ambos-inclusive\/#primaryimage"},"image":{"@id":"https:\/\/www.laguiadepamplona.com\/actualidad\/pamplona-volvera-a-ser-zona-naranja-de-estacionamiento-durante-los-sanfermines-desde-el-5-hasta-el-14-de-julio-ambos-inclusive\/#primaryimage"},"thumbnailUrl":"https:\/\/www.laguiadepamplona.com\/actualidad\/wp-content\/uploads\/2022\/06\/zona-naranja.webp","datePublished":"2022-06-06T11:35:36+00:00","dateModified":"2023-04-11T09:48:05+00:00","description":"Del 15 al 31 de julio, la zona de estacionamiento limitado seguir\u00e1 funcionar\u00e1 como durante el resto del a\u00f1o\u00a0","breadcrumb":{"@id":"https:\/\/www.laguiadepamplona.com\/actualidad\/pamplona-volvera-a-ser-zona-naranja-de-estacionamiento-durante-los-sanfermines-desde-el-5-hasta-el-14-de-julio-ambos-inclusive\/#breadcrumb"},"inLanguage":"es","potentialAction":[{"@type":"ReadAction","target":["https:\/\/www.laguiadepamplona.com\/actualidad\/pamplona-volvera-a-ser-zona-naranja-de-estacionamiento-durante-los-sanfermines-desde-el-5-hasta-el-14-de-julio-ambos-inclusive\/"]}]},{"@type":"ImageObject","inLanguage":"es","@id":"https:\/\/www.laguiadepamplona.com\/actualidad\/pamplona-volvera-a-ser-zona-naranja-de-estacionamiento-durante-los-sanfermines-desde-el-5-hasta-el-14-de-julio-ambos-inclusive\/#primaryimage","url":"https:\/\/www.laguiadepamplona.com\/actualidad\/wp-content\/uploads\/2022\/06\/zona-naranja.webp","contentUrl":"https:\/\/www.laguiadepamplona.com\/actualidad\/wp-content\/uploads\/2022\/06\/zona-naranja.webp","width":1920,"height":1280},{"@type":"BreadcrumbList","@id":"https:\/\/www.laguiadepamplona.com\/actualidad\/pamplona-volvera-a-ser-zona-naranja-de-estacionamiento-durante-los-sanfermines-desde-el-5-hasta-el-14-de-julio-ambos-inclusive\/#breadcrumb","itemListElement":[{"@type":"ListItem","position":1,"name":"Portada","item":"https:\/\/www.laguiadepamplona.com\/actualidad\/"},{"@type":"ListItem","position":2,"name":"Pamplona volver\u00e1 a ser zona naranja de estacionamiento durante los Sanfermines, desde el 5 hasta el 14 de julio, ambos inclusive"}]},{"@type":"WebSite","@id":"https:\/\/www.laguiadepamplona.com\/actualidad\/#website","url":"https:\/\/www.laguiadepamplona.com\/actualidad\/","name":"La gu\u00eda de Pamplona","description":"Noticias de Pamplona","publisher":{"@id":"https:\/\/www.laguiadepamplona.com\/actualidad\/#organization"},"potentialAction":[{"@type":"SearchAction","target":{"@type":"EntryPoint","urlTemplate":"https:\/\/www.laguiadepamplona.com\/actualidad\/?s={search_term_string}"},"query-input":{"@type":"PropertyValueSpecification","valueRequired":true,"valueName":"search_term_string"}}],"inLanguage":"es"},{"@type":"Organization","@id":"https:\/\/www.laguiadepamplona.com\/actualidad\/#organization","name":"La Gu\u00eda de Pamplona \/ Noticias","url":"https:\/\/www.laguiadepamplona.com\/actualidad\/","logo":{"@type":"ImageObject","inLanguage":"es","@id":"https:\/\/www.laguiadepamplona.com\/actualidad\/#\/schema\/logo\/image\/","url":"https:\/\/www.laguiadepamplona.com\/actualidad\/wp-content\/uploads\/2018\/11\/logo-laguiadepamplona18-web1.png","contentUrl":"https:\/\/www.laguiadepamplona.com\/actualidad\/wp-content\/uploads\/2018\/11\/logo-laguiadepamplona18-web1.png","width":600,"height":196,"caption":"La Gu\u00eda de Pamplona \/ Noticias"},"image":{"@id":"https:\/\/www.laguiadepamplona.com\/actualidad\/#\/schema\/logo\/image\/"},"sameAs":["https:\/\/www.facebook.com\/laguiadepamplonacom-133175176762273\/?ref=hl","https:\/\/x.com\/LaGuiadPamplona","https:\/\/www.instagram.com\/la_guia_de_pamplona\/","https:\/\/www.youtube.com\/user\/laguiadepamplona"]},{"@type":"Person","@id":"https:\/\/www.laguiadepamplona.com\/actualidad\/#\/schema\/person\/efe887376f0213d4657c93adc50b1fdb","name":"La Gu\u00eda de Pamplona","image":{"@type":"ImageObject","inLanguage":"es","@id":"https:\/\/secure.gravatar.com\/avatar\/b6992f131dc8d30ab0dff15446e9d346d9dbd95992de0fef795073f5ea83a81c?s=96&d=mm&r=g","url":"https:\/\/secure.gravatar.com\/avatar\/b6992f131dc8d30ab0dff15446e9d346d9dbd95992de0fef795073f5ea83a81c?s=96&d=mm&r=g","contentUrl":"https:\/\/secure.gravatar.com\/avatar\/b6992f131dc8d30ab0dff15446e9d346d9dbd95992de0fef795073f5ea83a81c?s=96&d=mm&r=g","caption":"La Gu\u00eda de Pamplona"}}]}},"post_mailing_queue_ids":[],"_links":{"self":[{"href":"https:\/\/www.laguiadepamplona.com\/actualidad\/wp-json\/wp\/v2\/posts\/40624","targetHints":{"allow":["GET"]}}],"collection":[{"href":"https:\/\/www.laguiadepamplona.com\/actualidad\/wp-json\/wp\/v2\/posts"}],"about":[{"href":"https:\/\/www.laguiadepamplona.com\/actualidad\/wp-json\/wp\/v2\/types\/post"}],"author":[{"embeddable":true,"href":"https:\/\/www.laguiadepamplona.com\/actualidad\/wp-json\/wp\/v2\/users\/1"}],"replies":[{"embeddable":true,"href":"https:\/\/www.laguiadepamplona.com\/actualidad\/wp-json\/wp\/v2\/comments?post=40624"}],"version-history":[{"count":0,"href":"https:\/\/www.laguiadepamplona.com\/actualidad\/wp-json\/wp\/v2\/posts\/40624\/revisions"}],"wp:featuredmedia":[{"embeddable":true,"href":"https:\/\/www.laguiadepamplona.com\/actualidad\/wp-json\/wp\/v2\/media\/40625"}],"wp:attachment":[{"href":"https:\/\/www.laguiadepamplona.com\/actualidad\/wp-json\/wp\/v2\/media?parent=40624"}],"wp:term":[{"taxonomy":"category","embeddable":true,"href":"https:\/\/www.laguiadepamplona.com\/actualidad\/wp-json\/wp\/v2\/categories?post=40624"},{"taxonomy":"post_tag","embeddable":true,"href":"https:\/\/www.laguiadepamplona.com\/actualidad\/wp-json\/wp\/v2\/tags?post=40624"}],"curies":[{"name":"wp","href":"https:\/\/api.w.org\/{rel}","templated":true}]}}