{"id":40621,"date":"2022-06-06T13:33:28","date_gmt":"2022-06-06T11:33:28","guid":{"rendered":"https:\/\/www.laguiadepamplona.com\/actualidad\/?p=40621"},"modified":"2023-04-11T11:48:05","modified_gmt":"2023-04-11T09:48:05","slug":"el-parque-de-taconera-acogera-estos-sanfermines-juegorejuego-un-espacio-infantil-centrado-en-la-creatividad-y-la-reutilizacion-concebido-como-un-gran-teatro","status":"publish","type":"post","link":"https:\/\/www.laguiadepamplona.com\/actualidad\/el-parque-de-taconera-acogera-estos-sanfermines-juegorejuego-un-espacio-infantil-centrado-en-la-creatividad-y-la-reutilizacion-concebido-como-un-gran-teatro\/","title":{"rendered":"El parque de Taconera acoger\u00e1 estos Sanfermines \u2018JuegoRejuego\u2019, un espacio infantil centrado en la creatividad y la reutilizaci\u00f3n concebido como un gran teatro"},"content":{"rendered":"<h5>Este nuevo espacio abrir\u00e1 del 7 al 14 de julio, de 11.30 a 14 horas y de 17.30 a 20.30 horas, y el d\u00eda 6, \u00fanicamente en horario de tarde.<\/h5>\n<p><!--more--><\/p>\n<p>El parque de la Taconera volver\u00e1 a contar estos pr\u00f3ximos Sanfermines con programaci\u00f3n dirigida a p\u00fablico infantil. \u2018JuegoRejuego\u2019 es un programa que a\u00fana la reutilizaci\u00f3n y el reciclaje con la creatividad y la imaginaci\u00f3n, y que se ubicar\u00e1 en la zona m\u00e1s cercana a Larraina. Esta iniciativa se unir\u00e1 a \u2018\u00a1Menudas fiestas!\u2019 en la Plaza de la Libertad, como parte de la oferta infantil durante San Ferm\u00edn.<br \/>\n<script async src=\"\/\/pagead2.googlesyndication.com\/pagead\/js\/adsbygoogle.js\"><\/script><br \/>\n<!-- Noticias La Guia de Pamplona --><br \/>\n<ins class=\"adsbygoogle\"\nstyle=\"display:block\"\ndata-ad-client=\"ca-pub-6943679897239327\"\ndata-ad-slot=\"7048180777\"\ndata-ad-format=\"auto\"><\/ins><br \/>\n<script>\n(adsbygoogle = window.adsbygoogle || []).push({});\n<\/script><\/p>\n<p>El espacio del parque dedicado a \u2018JuegoRejuego\u2019 se concibe como un gran teatro dividido en once zonas, abierto a la participaci\u00f3n del p\u00fablico infantil y basado en la interacci\u00f3n continua con las personas que lo visiten. Su horario ser\u00e1 de 11.30 a 14 horas y de 17.30 a 20.30 horas, excepto el d\u00eda 6 de julio, que abrir\u00e1 \u00fanicamente en horario de tarde. La Junta de Gobierno Local ha aprobado esta ma\u00f1ana la contrataci\u00f3n de la compa\u00f1\u00eda PAI (Promotora de Acci\u00f3n Infantil) para el desarrollo de este nuevo programa por un presupuesto de 60.000 euros.<\/p>\n<p>Este espacio infantil aborda la reutilizaci\u00f3n como una de las piezas clave para contribuir a conseguir los objetivos de la agenda clim\u00e1ticas de las ciudades. El proyecto apuesta y se apunta a tratar creativamente los tubos de pl\u00e1stico, las botellas, los neum\u00e1ticos, los pal\u00e9s de madera\u2026 y hacer con ellos juegos originales y sorprendentes. De esta forma se sensibiliza sobre la importancia de la reutilizaci\u00f3n para acelerar la transici\u00f3n hacia una econom\u00eda verde, inclusiva y responsable.<br \/>\n<script async src=\"\/\/pagead2.googlesyndication.com\/pagead\/js\/adsbygoogle.js\"><\/script><br \/>\n<!-- Noticias La Guia de Pamplona --><br \/>\n<ins class=\"adsbygoogle\"\nstyle=\"display:block\"\ndata-ad-client=\"ca-pub-6943679897239327\"\ndata-ad-slot=\"7048180777\"\ndata-ad-format=\"auto\"><\/ins><br \/>\n<script>\n(adsbygoogle = window.adsbygoogle || []).push({});\n<\/script><\/p>\n<p>\u2018JuegoRejuego\u2019 pone en valor la filosof\u00eda de ocio infantil a trav\u00e9s lo sensorial, lo motriz, la habilidad, la m\u00fasica o la creatividad, posibilitando las actitudes de cooperaci\u00f3n, la manipulaci\u00f3n de materiales o la generaci\u00f3n de emociones asociadas al placer de experimentar, sentir, escuchar o probar. Las zonas del proyecto presentado para este espacio infantil incluyen, entre otras, un laberinto, una panader\u00eda, embarcadero, castillo en el aire o reconstrucciones. Este programa se realiza en colaboraci\u00f3n con la Mancomunidad de la Comarca de Pamplona y el Departamento de Desarrollo Rural y Medio Ambiente del Gobierno de Navarra.<\/p>\n","protected":false},"excerpt":{"rendered":"<p>Este nuevo espacio abrir\u00e1 del 7 al 14 de julio, de 11.30 a 14 horas y de 17.30 a 20.30 horas, y el d\u00eda 6, \u00fanicamente en horario de tarde.<\/p>\n","protected":false},"author":1,"featured_media":40622,"comment_status":"open","ping_status":"closed","sticky":false,"template":"","format":"standard","meta":{"footnotes":""},"categories":[2,9406],"tags":[],"class_list":["post-40621","post","type-post","status-publish","format-standard","has-post-thumbnail","hentry","category-ayuntamiento-pamplona","category-san-fermin"],"yoast_head":"<!-- This site is optimized with the Yoast SEO plugin v27.5 - https:\/\/yoast.com\/product\/yoast-seo-wordpress\/ -->\n<title>El parque de Taconera acoger\u00e1 estos Sanfermines \u2018JuegoRejuego\u2019, un espacio infantil centrado en la creatividad y la reutilizaci\u00f3n concebido como un gran teatro<\/title>\n<meta name=\"description\" content=\"Este nuevo espacio abrir\u00e1 del 7 al 14 de julio, de 11.30 a 14 horas y de 17.30 a 20.30 horas, y el d\u00eda 6, \u00fanicamente en horario de tarde.\" \/>\n<meta name=\"robots\" content=\"index, follow, max-snippet:-1, max-image-preview:large, max-video-preview:-1\" \/>\n<link rel=\"canonical\" href=\"https:\/\/www.laguiadepamplona.com\/actualidad\/el-parque-de-taconera-acogera-estos-sanfermines-juegorejuego-un-espacio-infantil-centrado-en-la-creatividad-y-la-reutilizacion-concebido-como-un-gran-teatro\/\" \/>\n<meta property=\"og:locale\" content=\"es_ES\" \/>\n<meta property=\"og:type\" content=\"article\" \/>\n<meta property=\"og:title\" content=\"El parque de Taconera acoger\u00e1 estos Sanfermines \u2018JuegoRejuego\u2019, un espacio infantil centrado en la creatividad y la reutilizaci\u00f3n concebido como un gran teatro\" \/>\n<meta property=\"og:description\" content=\"Este nuevo espacio abrir\u00e1 del 7 al 14 de julio, de 11.30 a 14 horas y de 17.30 a 20.30 horas, y el d\u00eda 6, \u00fanicamente en horario de tarde.\" \/>\n<meta property=\"og:url\" content=\"https:\/\/www.laguiadepamplona.com\/actualidad\/el-parque-de-taconera-acogera-estos-sanfermines-juegorejuego-un-espacio-infantil-centrado-en-la-creatividad-y-la-reutilizacion-concebido-como-un-gran-teatro\/\" \/>\n<meta property=\"og:site_name\" content=\"La Gu\u00eda de Pamplona\" \/>\n<meta property=\"article:publisher\" content=\"https:\/\/www.facebook.com\/laguiadepamplonacom-133175176762273\/?ref=hl\" \/>\n<meta property=\"article:published_time\" content=\"2022-06-06T11:33:28+00:00\" \/>\n<meta property=\"article:modified_time\" content=\"2023-04-11T09:48:05+00:00\" \/>\n<meta property=\"og:image\" content=\"https:\/\/www.laguiadepamplona.com\/actualidad\/wp-content\/uploads\/2022\/06\/juego-rejuego.webp\" \/>\n\t<meta property=\"og:image:width\" content=\"1620\" \/>\n\t<meta property=\"og:image:height\" content=\"1080\" \/>\n\t<meta property=\"og:image:type\" content=\"image\/webp\" \/>\n<meta name=\"author\" content=\"La Gu\u00eda de Pamplona\" \/>\n<meta name=\"twitter:card\" content=\"summary_large_image\" \/>\n<meta name=\"twitter:creator\" content=\"@LaGuiadPamplona\" \/>\n<meta name=\"twitter:site\" content=\"@LaGuiadPamplona\" \/>\n<meta name=\"twitter:label1\" content=\"Escrito por\" \/>\n\t<meta name=\"twitter:data1\" content=\"La Gu\u00eda de Pamplona\" \/>\n\t<meta name=\"twitter:label2\" content=\"Tiempo de lectura\" \/>\n\t<meta name=\"twitter:data2\" content=\"2 minutos\" \/>\n<script type=\"application\/ld+json\" class=\"yoast-schema-graph\">{\"@context\":\"https:\\\/\\\/schema.org\",\"@graph\":[{\"@type\":\"Article\",\"@id\":\"https:\\\/\\\/www.laguiadepamplona.com\\\/actualidad\\\/el-parque-de-taconera-acogera-estos-sanfermines-juegorejuego-un-espacio-infantil-centrado-en-la-creatividad-y-la-reutilizacion-concebido-como-un-gran-teatro\\\/#article\",\"isPartOf\":{\"@id\":\"https:\\\/\\\/www.laguiadepamplona.com\\\/actualidad\\\/el-parque-de-taconera-acogera-estos-sanfermines-juegorejuego-un-espacio-infantil-centrado-en-la-creatividad-y-la-reutilizacion-concebido-como-un-gran-teatro\\\/\"},\"author\":{\"name\":\"La Gu\u00eda de Pamplona\",\"@id\":\"https:\\\/\\\/www.laguiadepamplona.com\\\/actualidad\\\/#\\\/schema\\\/person\\\/efe887376f0213d4657c93adc50b1fdb\"},\"headline\":\"El parque de Taconera acoger\u00e1 estos Sanfermines \u2018JuegoRejuego\u2019, un espacio infantil centrado en la creatividad y la reutilizaci\u00f3n concebido como un gran teatro\",\"datePublished\":\"2022-06-06T11:33:28+00:00\",\"dateModified\":\"2023-04-11T09:48:05+00:00\",\"mainEntityOfPage\":{\"@id\":\"https:\\\/\\\/www.laguiadepamplona.com\\\/actualidad\\\/el-parque-de-taconera-acogera-estos-sanfermines-juegorejuego-un-espacio-infantil-centrado-en-la-creatividad-y-la-reutilizacion-concebido-como-un-gran-teatro\\\/\"},\"wordCount\":407,\"commentCount\":0,\"publisher\":{\"@id\":\"https:\\\/\\\/www.laguiadepamplona.com\\\/actualidad\\\/#organization\"},\"image\":{\"@id\":\"https:\\\/\\\/www.laguiadepamplona.com\\\/actualidad\\\/el-parque-de-taconera-acogera-estos-sanfermines-juegorejuego-un-espacio-infantil-centrado-en-la-creatividad-y-la-reutilizacion-concebido-como-un-gran-teatro\\\/#primaryimage\"},\"thumbnailUrl\":\"https:\\\/\\\/www.laguiadepamplona.com\\\/actualidad\\\/wp-content\\\/uploads\\\/2022\\\/06\\\/juego-rejuego.webp\",\"articleSection\":[\"Ayto Pamplona\",\"San Ferm\u00edn\"],\"inLanguage\":\"es\",\"potentialAction\":[{\"@type\":\"CommentAction\",\"name\":\"Comment\",\"target\":[\"https:\\\/\\\/www.laguiadepamplona.com\\\/actualidad\\\/el-parque-de-taconera-acogera-estos-sanfermines-juegorejuego-un-espacio-infantil-centrado-en-la-creatividad-y-la-reutilizacion-concebido-como-un-gran-teatro\\\/#respond\"]}]},{\"@type\":\"WebPage\",\"@id\":\"https:\\\/\\\/www.laguiadepamplona.com\\\/actualidad\\\/el-parque-de-taconera-acogera-estos-sanfermines-juegorejuego-un-espacio-infantil-centrado-en-la-creatividad-y-la-reutilizacion-concebido-como-un-gran-teatro\\\/\",\"url\":\"https:\\\/\\\/www.laguiadepamplona.com\\\/actualidad\\\/el-parque-de-taconera-acogera-estos-sanfermines-juegorejuego-un-espacio-infantil-centrado-en-la-creatividad-y-la-reutilizacion-concebido-como-un-gran-teatro\\\/\",\"name\":\"El parque de Taconera acoger\u00e1 estos Sanfermines \u2018JuegoRejuego\u2019, un espacio infantil centrado en la creatividad y la reutilizaci\u00f3n concebido como un gran teatro\",\"isPartOf\":{\"@id\":\"https:\\\/\\\/www.laguiadepamplona.com\\\/actualidad\\\/#website\"},\"primaryImageOfPage\":{\"@id\":\"https:\\\/\\\/www.laguiadepamplona.com\\\/actualidad\\\/el-parque-de-taconera-acogera-estos-sanfermines-juegorejuego-un-espacio-infantil-centrado-en-la-creatividad-y-la-reutilizacion-concebido-como-un-gran-teatro\\\/#primaryimage\"},\"image\":{\"@id\":\"https:\\\/\\\/www.laguiadepamplona.com\\\/actualidad\\\/el-parque-de-taconera-acogera-estos-sanfermines-juegorejuego-un-espacio-infantil-centrado-en-la-creatividad-y-la-reutilizacion-concebido-como-un-gran-teatro\\\/#primaryimage\"},\"thumbnailUrl\":\"https:\\\/\\\/www.laguiadepamplona.com\\\/actualidad\\\/wp-content\\\/uploads\\\/2022\\\/06\\\/juego-rejuego.webp\",\"datePublished\":\"2022-06-06T11:33:28+00:00\",\"dateModified\":\"2023-04-11T09:48:05+00:00\",\"description\":\"Este nuevo espacio abrir\u00e1 del 7 al 14 de julio, de 11.30 a 14 horas y de 17.30 a 20.30 horas, y el d\u00eda 6, \u00fanicamente en horario de tarde.\",\"breadcrumb\":{\"@id\":\"https:\\\/\\\/www.laguiadepamplona.com\\\/actualidad\\\/el-parque-de-taconera-acogera-estos-sanfermines-juegorejuego-un-espacio-infantil-centrado-en-la-creatividad-y-la-reutilizacion-concebido-como-un-gran-teatro\\\/#breadcrumb\"},\"inLanguage\":\"es\",\"potentialAction\":[{\"@type\":\"ReadAction\",\"target\":[\"https:\\\/\\\/www.laguiadepamplona.com\\\/actualidad\\\/el-parque-de-taconera-acogera-estos-sanfermines-juegorejuego-un-espacio-infantil-centrado-en-la-creatividad-y-la-reutilizacion-concebido-como-un-gran-teatro\\\/\"]}]},{\"@type\":\"ImageObject\",\"inLanguage\":\"es\",\"@id\":\"https:\\\/\\\/www.laguiadepamplona.com\\\/actualidad\\\/el-parque-de-taconera-acogera-estos-sanfermines-juegorejuego-un-espacio-infantil-centrado-en-la-creatividad-y-la-reutilizacion-concebido-como-un-gran-teatro\\\/#primaryimage\",\"url\":\"https:\\\/\\\/www.laguiadepamplona.com\\\/actualidad\\\/wp-content\\\/uploads\\\/2022\\\/06\\\/juego-rejuego.webp\",\"contentUrl\":\"https:\\\/\\\/www.laguiadepamplona.com\\\/actualidad\\\/wp-content\\\/uploads\\\/2022\\\/06\\\/juego-rejuego.webp\",\"width\":1620,\"height\":1080},{\"@type\":\"BreadcrumbList\",\"@id\":\"https:\\\/\\\/www.laguiadepamplona.com\\\/actualidad\\\/el-parque-de-taconera-acogera-estos-sanfermines-juegorejuego-un-espacio-infantil-centrado-en-la-creatividad-y-la-reutilizacion-concebido-como-un-gran-teatro\\\/#breadcrumb\",\"itemListElement\":[{\"@type\":\"ListItem\",\"position\":1,\"name\":\"Portada\",\"item\":\"https:\\\/\\\/www.laguiadepamplona.com\\\/actualidad\\\/\"},{\"@type\":\"ListItem\",\"position\":2,\"name\":\"El parque de Taconera acoger\u00e1 estos Sanfermines \u2018JuegoRejuego\u2019, un espacio infantil centrado en la creatividad y la reutilizaci\u00f3n concebido como un gran teatro\"}]},{\"@type\":\"WebSite\",\"@id\":\"https:\\\/\\\/www.laguiadepamplona.com\\\/actualidad\\\/#website\",\"url\":\"https:\\\/\\\/www.laguiadepamplona.com\\\/actualidad\\\/\",\"name\":\"La gu\u00eda de Pamplona\",\"description\":\"Noticias de Pamplona\",\"publisher\":{\"@id\":\"https:\\\/\\\/www.laguiadepamplona.com\\\/actualidad\\\/#organization\"},\"potentialAction\":[{\"@type\":\"SearchAction\",\"target\":{\"@type\":\"EntryPoint\",\"urlTemplate\":\"https:\\\/\\\/www.laguiadepamplona.com\\\/actualidad\\\/?s={search_term_string}\"},\"query-input\":{\"@type\":\"PropertyValueSpecification\",\"valueRequired\":true,\"valueName\":\"search_term_string\"}}],\"inLanguage\":\"es\"},{\"@type\":\"Organization\",\"@id\":\"https:\\\/\\\/www.laguiadepamplona.com\\\/actualidad\\\/#organization\",\"name\":\"La Gu\u00eda de Pamplona \\\/ Noticias\",\"url\":\"https:\\\/\\\/www.laguiadepamplona.com\\\/actualidad\\\/\",\"logo\":{\"@type\":\"ImageObject\",\"inLanguage\":\"es\",\"@id\":\"https:\\\/\\\/www.laguiadepamplona.com\\\/actualidad\\\/#\\\/schema\\\/logo\\\/image\\\/\",\"url\":\"https:\\\/\\\/www.laguiadepamplona.com\\\/actualidad\\\/wp-content\\\/uploads\\\/2018\\\/11\\\/logo-laguiadepamplona18-web1.png\",\"contentUrl\":\"https:\\\/\\\/www.laguiadepamplona.com\\\/actualidad\\\/wp-content\\\/uploads\\\/2018\\\/11\\\/logo-laguiadepamplona18-web1.png\",\"width\":600,\"height\":196,\"caption\":\"La Gu\u00eda de Pamplona \\\/ Noticias\"},\"image\":{\"@id\":\"https:\\\/\\\/www.laguiadepamplona.com\\\/actualidad\\\/#\\\/schema\\\/logo\\\/image\\\/\"},\"sameAs\":[\"https:\\\/\\\/www.facebook.com\\\/laguiadepamplonacom-133175176762273\\\/?ref=hl\",\"https:\\\/\\\/x.com\\\/LaGuiadPamplona\",\"https:\\\/\\\/www.instagram.com\\\/la_guia_de_pamplona\\\/\",\"https:\\\/\\\/www.youtube.com\\\/user\\\/laguiadepamplona\"]},{\"@type\":\"Person\",\"@id\":\"https:\\\/\\\/www.laguiadepamplona.com\\\/actualidad\\\/#\\\/schema\\\/person\\\/efe887376f0213d4657c93adc50b1fdb\",\"name\":\"La Gu\u00eda de Pamplona\",\"image\":{\"@type\":\"ImageObject\",\"inLanguage\":\"es\",\"@id\":\"https:\\\/\\\/secure.gravatar.com\\\/avatar\\\/b6992f131dc8d30ab0dff15446e9d346d9dbd95992de0fef795073f5ea83a81c?s=96&d=mm&r=g\",\"url\":\"https:\\\/\\\/secure.gravatar.com\\\/avatar\\\/b6992f131dc8d30ab0dff15446e9d346d9dbd95992de0fef795073f5ea83a81c?s=96&d=mm&r=g\",\"contentUrl\":\"https:\\\/\\\/secure.gravatar.com\\\/avatar\\\/b6992f131dc8d30ab0dff15446e9d346d9dbd95992de0fef795073f5ea83a81c?s=96&d=mm&r=g\",\"caption\":\"La Gu\u00eda de Pamplona\"}}]}<\/script>\n<!-- \/ Yoast SEO plugin. -->","yoast_head_json":{"title":"El parque de Taconera acoger\u00e1 estos Sanfermines \u2018JuegoRejuego\u2019, un espacio infantil centrado en la creatividad y la reutilizaci\u00f3n concebido como un gran teatro","description":"Este nuevo espacio abrir\u00e1 del 7 al 14 de julio, de 11.30 a 14 horas y de 17.30 a 20.30 horas, y el d\u00eda 6, \u00fanicamente en horario de tarde.","robots":{"index":"index","follow":"follow","max-snippet":"max-snippet:-1","max-image-preview":"max-image-preview:large","max-video-preview":"max-video-preview:-1"},"canonical":"https:\/\/www.laguiadepamplona.com\/actualidad\/el-parque-de-taconera-acogera-estos-sanfermines-juegorejuego-un-espacio-infantil-centrado-en-la-creatividad-y-la-reutilizacion-concebido-como-un-gran-teatro\/","og_locale":"es_ES","og_type":"article","og_title":"El parque de Taconera acoger\u00e1 estos Sanfermines \u2018JuegoRejuego\u2019, un espacio infantil centrado en la creatividad y la reutilizaci\u00f3n concebido como un gran teatro","og_description":"Este nuevo espacio abrir\u00e1 del 7 al 14 de julio, de 11.30 a 14 horas y de 17.30 a 20.30 horas, y el d\u00eda 6, \u00fanicamente en horario de tarde.","og_url":"https:\/\/www.laguiadepamplona.com\/actualidad\/el-parque-de-taconera-acogera-estos-sanfermines-juegorejuego-un-espacio-infantil-centrado-en-la-creatividad-y-la-reutilizacion-concebido-como-un-gran-teatro\/","og_site_name":"La Gu\u00eda de Pamplona","article_publisher":"https:\/\/www.facebook.com\/laguiadepamplonacom-133175176762273\/?ref=hl","article_published_time":"2022-06-06T11:33:28+00:00","article_modified_time":"2023-04-11T09:48:05+00:00","og_image":[{"width":1620,"height":1080,"url":"https:\/\/www.laguiadepamplona.com\/actualidad\/wp-content\/uploads\/2022\/06\/juego-rejuego.webp","type":"image\/webp"}],"author":"La Gu\u00eda de Pamplona","twitter_card":"summary_large_image","twitter_creator":"@LaGuiadPamplona","twitter_site":"@LaGuiadPamplona","twitter_misc":{"Escrito por":"La Gu\u00eda de Pamplona","Tiempo de lectura":"2 minutos"},"schema":{"@context":"https:\/\/schema.org","@graph":[{"@type":"Article","@id":"https:\/\/www.laguiadepamplona.com\/actualidad\/el-parque-de-taconera-acogera-estos-sanfermines-juegorejuego-un-espacio-infantil-centrado-en-la-creatividad-y-la-reutilizacion-concebido-como-un-gran-teatro\/#article","isPartOf":{"@id":"https:\/\/www.laguiadepamplona.com\/actualidad\/el-parque-de-taconera-acogera-estos-sanfermines-juegorejuego-un-espacio-infantil-centrado-en-la-creatividad-y-la-reutilizacion-concebido-como-un-gran-teatro\/"},"author":{"name":"La Gu\u00eda de Pamplona","@id":"https:\/\/www.laguiadepamplona.com\/actualidad\/#\/schema\/person\/efe887376f0213d4657c93adc50b1fdb"},"headline":"El parque de Taconera acoger\u00e1 estos Sanfermines \u2018JuegoRejuego\u2019, un espacio infantil centrado en la creatividad y la reutilizaci\u00f3n concebido como un gran teatro","datePublished":"2022-06-06T11:33:28+00:00","dateModified":"2023-04-11T09:48:05+00:00","mainEntityOfPage":{"@id":"https:\/\/www.laguiadepamplona.com\/actualidad\/el-parque-de-taconera-acogera-estos-sanfermines-juegorejuego-un-espacio-infantil-centrado-en-la-creatividad-y-la-reutilizacion-concebido-como-un-gran-teatro\/"},"wordCount":407,"commentCount":0,"publisher":{"@id":"https:\/\/www.laguiadepamplona.com\/actualidad\/#organization"},"image":{"@id":"https:\/\/www.laguiadepamplona.com\/actualidad\/el-parque-de-taconera-acogera-estos-sanfermines-juegorejuego-un-espacio-infantil-centrado-en-la-creatividad-y-la-reutilizacion-concebido-como-un-gran-teatro\/#primaryimage"},"thumbnailUrl":"https:\/\/www.laguiadepamplona.com\/actualidad\/wp-content\/uploads\/2022\/06\/juego-rejuego.webp","articleSection":["Ayto Pamplona","San Ferm\u00edn"],"inLanguage":"es","potentialAction":[{"@type":"CommentAction","name":"Comment","target":["https:\/\/www.laguiadepamplona.com\/actualidad\/el-parque-de-taconera-acogera-estos-sanfermines-juegorejuego-un-espacio-infantil-centrado-en-la-creatividad-y-la-reutilizacion-concebido-como-un-gran-teatro\/#respond"]}]},{"@type":"WebPage","@id":"https:\/\/www.laguiadepamplona.com\/actualidad\/el-parque-de-taconera-acogera-estos-sanfermines-juegorejuego-un-espacio-infantil-centrado-en-la-creatividad-y-la-reutilizacion-concebido-como-un-gran-teatro\/","url":"https:\/\/www.laguiadepamplona.com\/actualidad\/el-parque-de-taconera-acogera-estos-sanfermines-juegorejuego-un-espacio-infantil-centrado-en-la-creatividad-y-la-reutilizacion-concebido-como-un-gran-teatro\/","name":"El parque de Taconera acoger\u00e1 estos Sanfermines \u2018JuegoRejuego\u2019, un espacio infantil centrado en la creatividad y la reutilizaci\u00f3n concebido como un gran teatro","isPartOf":{"@id":"https:\/\/www.laguiadepamplona.com\/actualidad\/#website"},"primaryImageOfPage":{"@id":"https:\/\/www.laguiadepamplona.com\/actualidad\/el-parque-de-taconera-acogera-estos-sanfermines-juegorejuego-un-espacio-infantil-centrado-en-la-creatividad-y-la-reutilizacion-concebido-como-un-gran-teatro\/#primaryimage"},"image":{"@id":"https:\/\/www.laguiadepamplona.com\/actualidad\/el-parque-de-taconera-acogera-estos-sanfermines-juegorejuego-un-espacio-infantil-centrado-en-la-creatividad-y-la-reutilizacion-concebido-como-un-gran-teatro\/#primaryimage"},"thumbnailUrl":"https:\/\/www.laguiadepamplona.com\/actualidad\/wp-content\/uploads\/2022\/06\/juego-rejuego.webp","datePublished":"2022-06-06T11:33:28+00:00","dateModified":"2023-04-11T09:48:05+00:00","description":"Este nuevo espacio abrir\u00e1 del 7 al 14 de julio, de 11.30 a 14 horas y de 17.30 a 20.30 horas, y el d\u00eda 6, \u00fanicamente en horario de tarde.","breadcrumb":{"@id":"https:\/\/www.laguiadepamplona.com\/actualidad\/el-parque-de-taconera-acogera-estos-sanfermines-juegorejuego-un-espacio-infantil-centrado-en-la-creatividad-y-la-reutilizacion-concebido-como-un-gran-teatro\/#breadcrumb"},"inLanguage":"es","potentialAction":[{"@type":"ReadAction","target":["https:\/\/www.laguiadepamplona.com\/actualidad\/el-parque-de-taconera-acogera-estos-sanfermines-juegorejuego-un-espacio-infantil-centrado-en-la-creatividad-y-la-reutilizacion-concebido-como-un-gran-teatro\/"]}]},{"@type":"ImageObject","inLanguage":"es","@id":"https:\/\/www.laguiadepamplona.com\/actualidad\/el-parque-de-taconera-acogera-estos-sanfermines-juegorejuego-un-espacio-infantil-centrado-en-la-creatividad-y-la-reutilizacion-concebido-como-un-gran-teatro\/#primaryimage","url":"https:\/\/www.laguiadepamplona.com\/actualidad\/wp-content\/uploads\/2022\/06\/juego-rejuego.webp","contentUrl":"https:\/\/www.laguiadepamplona.com\/actualidad\/wp-content\/uploads\/2022\/06\/juego-rejuego.webp","width":1620,"height":1080},{"@type":"BreadcrumbList","@id":"https:\/\/www.laguiadepamplona.com\/actualidad\/el-parque-de-taconera-acogera-estos-sanfermines-juegorejuego-un-espacio-infantil-centrado-en-la-creatividad-y-la-reutilizacion-concebido-como-un-gran-teatro\/#breadcrumb","itemListElement":[{"@type":"ListItem","position":1,"name":"Portada","item":"https:\/\/www.laguiadepamplona.com\/actualidad\/"},{"@type":"ListItem","position":2,"name":"El parque de Taconera acoger\u00e1 estos Sanfermines \u2018JuegoRejuego\u2019, un espacio infantil centrado en la creatividad y la reutilizaci\u00f3n concebido como un gran teatro"}]},{"@type":"WebSite","@id":"https:\/\/www.laguiadepamplona.com\/actualidad\/#website","url":"https:\/\/www.laguiadepamplona.com\/actualidad\/","name":"La gu\u00eda de Pamplona","description":"Noticias de Pamplona","publisher":{"@id":"https:\/\/www.laguiadepamplona.com\/actualidad\/#organization"},"potentialAction":[{"@type":"SearchAction","target":{"@type":"EntryPoint","urlTemplate":"https:\/\/www.laguiadepamplona.com\/actualidad\/?s={search_term_string}"},"query-input":{"@type":"PropertyValueSpecification","valueRequired":true,"valueName":"search_term_string"}}],"inLanguage":"es"},{"@type":"Organization","@id":"https:\/\/www.laguiadepamplona.com\/actualidad\/#organization","name":"La Gu\u00eda de Pamplona \/ Noticias","url":"https:\/\/www.laguiadepamplona.com\/actualidad\/","logo":{"@type":"ImageObject","inLanguage":"es","@id":"https:\/\/www.laguiadepamplona.com\/actualidad\/#\/schema\/logo\/image\/","url":"https:\/\/www.laguiadepamplona.com\/actualidad\/wp-content\/uploads\/2018\/11\/logo-laguiadepamplona18-web1.png","contentUrl":"https:\/\/www.laguiadepamplona.com\/actualidad\/wp-content\/uploads\/2018\/11\/logo-laguiadepamplona18-web1.png","width":600,"height":196,"caption":"La Gu\u00eda de Pamplona \/ Noticias"},"image":{"@id":"https:\/\/www.laguiadepamplona.com\/actualidad\/#\/schema\/logo\/image\/"},"sameAs":["https:\/\/www.facebook.com\/laguiadepamplonacom-133175176762273\/?ref=hl","https:\/\/x.com\/LaGuiadPamplona","https:\/\/www.instagram.com\/la_guia_de_pamplona\/","https:\/\/www.youtube.com\/user\/laguiadepamplona"]},{"@type":"Person","@id":"https:\/\/www.laguiadepamplona.com\/actualidad\/#\/schema\/person\/efe887376f0213d4657c93adc50b1fdb","name":"La Gu\u00eda de Pamplona","image":{"@type":"ImageObject","inLanguage":"es","@id":"https:\/\/secure.gravatar.com\/avatar\/b6992f131dc8d30ab0dff15446e9d346d9dbd95992de0fef795073f5ea83a81c?s=96&d=mm&r=g","url":"https:\/\/secure.gravatar.com\/avatar\/b6992f131dc8d30ab0dff15446e9d346d9dbd95992de0fef795073f5ea83a81c?s=96&d=mm&r=g","contentUrl":"https:\/\/secure.gravatar.com\/avatar\/b6992f131dc8d30ab0dff15446e9d346d9dbd95992de0fef795073f5ea83a81c?s=96&d=mm&r=g","caption":"La Gu\u00eda de Pamplona"}}]}},"post_mailing_queue_ids":[],"_links":{"self":[{"href":"https:\/\/www.laguiadepamplona.com\/actualidad\/wp-json\/wp\/v2\/posts\/40621","targetHints":{"allow":["GET"]}}],"collection":[{"href":"https:\/\/www.laguiadepamplona.com\/actualidad\/wp-json\/wp\/v2\/posts"}],"about":[{"href":"https:\/\/www.laguiadepamplona.com\/actualidad\/wp-json\/wp\/v2\/types\/post"}],"author":[{"embeddable":true,"href":"https:\/\/www.laguiadepamplona.com\/actualidad\/wp-json\/wp\/v2\/users\/1"}],"replies":[{"embeddable":true,"href":"https:\/\/www.laguiadepamplona.com\/actualidad\/wp-json\/wp\/v2\/comments?post=40621"}],"version-history":[{"count":0,"href":"https:\/\/www.laguiadepamplona.com\/actualidad\/wp-json\/wp\/v2\/posts\/40621\/revisions"}],"wp:featuredmedia":[{"embeddable":true,"href":"https:\/\/www.laguiadepamplona.com\/actualidad\/wp-json\/wp\/v2\/media\/40622"}],"wp:attachment":[{"href":"https:\/\/www.laguiadepamplona.com\/actualidad\/wp-json\/wp\/v2\/media?parent=40621"}],"wp:term":[{"taxonomy":"category","embeddable":true,"href":"https:\/\/www.laguiadepamplona.com\/actualidad\/wp-json\/wp\/v2\/categories?post=40621"},{"taxonomy":"post_tag","embeddable":true,"href":"https:\/\/www.laguiadepamplona.com\/actualidad\/wp-json\/wp\/v2\/tags?post=40621"}],"curies":[{"name":"wp","href":"https:\/\/api.w.org\/{rel}","templated":true}]}}