{"id":40618,"date":"2022-06-06T10:38:26","date_gmt":"2022-06-06T08:38:26","guid":{"rendered":"https:\/\/www.laguiadepamplona.com\/actualidad\/?p=40618"},"modified":"2023-04-11T11:48:06","modified_gmt":"2023-04-11T09:48:06","slug":"los-principales-monumentos-de-pamplona-amanecen-con-el-panuelico-rojo-anudado-al-cuello-el-ultimo-dia-de-la-escalera-de-san-fermin","status":"publish","type":"post","link":"https:\/\/www.laguiadepamplona.com\/actualidad\/los-principales-monumentos-de-pamplona-amanecen-con-el-panuelico-rojo-anudado-al-cuello-el-ultimo-dia-de-la-escalera-de-san-fermin\/","title":{"rendered":"Los principales monumentos de Pamplona amanecen con el \u2018pa\u00f1uelico\u2019 rojo anudado al cuello el \u00faltimo d\u00eda de la escalera de San Ferm\u00edn"},"content":{"rendered":"<h5>El Ayuntamiento de Pamplona ha publicado un video en el que se repasa la emoci\u00f3n y la esencia de la fiesta celebrando que \u201ceste a\u00f1o s\u00ed, \u00a1los viviremos!\u201d<\/h5>\n<p><!--more--><\/p>\n<p>El Monumento del Encierro, la estatua de Hemingway, la estatua de los Fueros o las figuras de la Justicia y la Prudencia que presiden la fachada del Ayuntamiento de Pamplona, entre otras esculturas del centro de la ciudad, han amanecido esta ma\u00f1ana con el \u2018pa\u00f1uelico\u2019 de San Ferm\u00edn anudado al cuello. Como cada 6 de junio, hoy se celebra el \u00faltimo pelda\u00f1o de la escalera sanferminera, que este a\u00f1o es a\u00fan m\u00e1s especial, tras dos a\u00f1os sin haber podido celebrar las fiestas. Por este motivo, el Consistorio ha editado un audiovisual en el que se apela a la esencia y la emoci\u00f3n que se viven en Pamplona entre el 6 y el 14 de julio, para celebra que \u201ceste a\u00f1o s\u00ed, los viviremos\u201d.<\/p>\n<p>Pamplona ha amanecido hoy, en el d\u00eda del \u00faltimo escal\u00f3n de la escalera de San Ferm\u00edn con sus principales monumentos ataviados con el tradicional \u2018pa\u00f1uelico\u2019 rojo de las fiestas. Con este gesto la ciudad muestra, tras dos a\u00f1os sin poder ponerse el pa\u00f1uelo por las restricciones derivadas de la pandemia, que ya est\u00e1 preparada para volver a tirar el chupinazo, sacar a la calle sus gigantes y cabezudos, disfrutar con las charangas y las pe\u00f1as, y al fin y al cabo vivir nueve d\u00edas en blanco y rojo demostrando que Pamplona tiene unas de las mejores fiestas del mundo.<br \/>\n<script async src=\"\/\/pagead2.googlesyndication.com\/pagead\/js\/adsbygoogle.js\"><\/script><br \/>\n<!-- Noticias La Guia de Pamplona --><br \/>\n<ins class=\"adsbygoogle\"\nstyle=\"display:block\"\ndata-ad-client=\"ca-pub-6943679897239327\"\ndata-ad-slot=\"7048180777\"\ndata-ad-format=\"auto\"><\/ins><br \/>\n<script>\n(adsbygoogle = window.adsbygoogle || []).push({});\n<\/script><\/p>\n<p>Los corredores del monumento al Encierro de Pamplona son unos de los que esta ma\u00f1ana han amanecido con el \u2018pa\u00f1uelico\u2019 anudado. Pero no solo ellos, tambi\u00e9n lo han hecho la estatua de los Fueros, situada a 23,40 metros del suelo en el Paseo Sarasate, que luce un pa\u00f1uelo de metro y medio sobre la figura de cinco metros, o las representaciones de personajes hist\u00f3ricos que se encuentran distribuidas por la ciudad, como la de Hemingway junto a la Plaza de Toros, la de Julian Gayarre en la Taconera, la de Carlos III en la Plaza del Castillo, o la de Jos\u00e9 Joaqu\u00edn Arazuri en el Rinc\u00f3n de la Aduana. Adem\u00e1s, han aparecido con el \u2018pa\u00f1uelico\u2019 la estatua de la Mariblanca, las seis figuras que se encuentran situadas a lo largo del paseo de Sarasate o la \u2018Justicia\u2019 y la \u2018Prudencia\u2019, dos emblemas que forman parte de la fachada del edificio del Ayuntamiento de Pamplona.<\/p>\n<p>El pa\u00f1uelo rojo anudado al cuello es el ejemplo gr\u00e1fico m\u00e1s claro de que la ciudad est\u00e1 viviendo sus fiestas. La tradici\u00f3n dice que hay que pon\u00e9rselo el d\u00eda 6 de julio a las doce en punto del mediod\u00eda, en cuanto estalla el cohete del chupinazo, y que nueve d\u00edas despu\u00e9s, en la medianoche del d\u00eda 14 hay que quit\u00e1rselo en el momento que marca el tradicional momento del \u2018Pobre de m\u00ed\u2019. Pero en esta ocasi\u00f3n, demostrando que en Pamplona hay muchas ganas de que vuelvan las fiestas, los principales monumentos de la ciudad se han adelantado un mes y se han anudado el \u2018pa\u00f1uelico\u2019 el d\u00eda del \u00faltimo paso de la cuenta atr\u00e1s que arranca el 1 de enero, que sigue el 2 de febrero, y que lleva cada mes a recordar a todos los pamploneses y pamplonesas que ya falta menos para el 7 de julio.<br \/>\n<script async src=\"\/\/pagead2.googlesyndication.com\/pagead\/js\/adsbygoogle.js\"><\/script><br \/>\n<!-- Noticias La Guia de Pamplona --><br \/>\n<ins class=\"adsbygoogle\"\nstyle=\"display:block\"\ndata-ad-client=\"ca-pub-6943679897239327\"\ndata-ad-slot=\"7048180777\"\ndata-ad-format=\"auto\"><\/ins><br \/>\n<script>\n(adsbygoogle = window.adsbygoogle || []).push({});\n<\/script><\/p>\n<p><strong>\u201cEste a\u00f1o s\u00ed, este a\u00f1o por fin, \u00a1los viviremos!\u201d<\/strong><\/p>\n<p>\u2018Los viviremos\u2019 es una promesa que hace m\u00e1s de dos a\u00f1os, cuando se anunci\u00f3 la suspensi\u00f3n de los Sanfermines de 2020, se hicieron todos los pamploneses y pamplonesas, sabiendo que las restricciones sanitarias no acabar\u00edan con la emoci\u00f3n que estas fiestas llevan consigo. Y como lo que se promete se cumple, solo era cuesti\u00f3n de esperar a que la situaci\u00f3n mejorara para poder decir que \u201ceste a\u00f1o s\u00ed, por fin, los viviremos\u201d. Es la idea sobre la que gira el audiovisual que el Ayuntamiento de Pamplona ha editado y que publica este 6 de junio, d\u00eda de escalera, para recordar las emociones y sentimientos que se viven en la ciudad entre el 6 y el 14 de julio.<\/p>\n<p>\u201cEste a\u00f1o toca recordarnos qui\u00e9nes somos, qu\u00e9 nos gusta, cu\u00e1ndo nos une\u201d, as\u00ed arranca esta producci\u00f3n de un minuto de duraci\u00f3n, que se ha editado en castellano y euskera, y que se puede visualizar a trav\u00e9s de los perfiles de las cuentas oficiales de San Ferm\u00edn en redes sociales (@SanferminesPamplona), y de la web municipal pamplona.es.<\/p>\n<p>El mensaje del audiovisual recuerda a los que ya no est\u00e1n y hace una menci\u00f3n especial a los que los van a vivir por primera vez. \u201cEste a\u00f1o toca vivirlos por tres\u00a0y por todos.\u00a0Por el recuerdo de quienes ya no est\u00e1n&#8230; por la ilusi\u00f3n de los que a\u00fan no han estado.\u00a0Porque, si algo hemos aprendido, es que lo importante es el ahora, la piel que se eriza, las voces que se unen\u201d. Conforme avanzan los segundos, el video llama a vivir el ahora porque \u201ceste a\u00f1o,\u00a0toca emocionarnos,\u00a0exprimirnos, disfrutarnos,\u00a0abrazarnos.\u00a0Como si\u00a0<a href=\"http:\/\/airmail.calendar\/2022-03-24%2012:00:00%20CET\" target=\"_blank\" rel=\"noopener\">hoy<\/a>.\u00a0Como si nunca.\u00a0Hacer que cada uno de nuestros sentidos\u00a0explote al ritmo de nuestros corazones\u201d. Y todo ello con im\u00e1genes que trasladan a las personas que lo est\u00e9n viendo a la esencia de la fiesta, como el chupinazo, el encierro, los fuegos artificiales o la ofrenda al santo.<br \/>\n<script async src=\"\/\/pagead2.googlesyndication.com\/pagead\/js\/adsbygoogle.js\"><\/script><br \/>\n<!-- Noticias La Guia de Pamplona --><br \/>\n<ins class=\"adsbygoogle\"\nstyle=\"display:block\"\ndata-ad-client=\"ca-pub-6943679897239327\"\ndata-ad-slot=\"7048180777\"\ndata-ad-format=\"auto\"><\/ins><br \/>\n<script>\n(adsbygoogle = window.adsbygoogle || []).push({});\n<\/script><\/p>\n<p><strong>Un d\u00eda especial en Pamplona para celebrar que en un mes estalla el chupinazo<\/strong><\/p>\n<p>Las calles del centro de Pamplona se ambientar\u00e1n esta tarde con cuatro formaciones musicales para celebrar el \u00faltimo pelda\u00f1o de la escalera sanferminera. Gaiteros, una charanga, una banda que llevar\u00e1 el sonido de Nueva Orleans, y un grupo de swing se dar\u00e1n cita a las 19.00 horas en la Plaza del Ayuntamiento para realizar un espect\u00e1culo com\u00fan inicial, tras el que se iniciar\u00e1n diferentes recorridos por las calles de la ciudad. Hora y media despu\u00e9s, a las 20.30, se volver\u00e1n a juntar en la Plaza del Castillo para realizar una \u2018performance\u2019 final.<\/p>\n<p>Tras la primera sesi\u00f3n com\u00fan que las cuatro formaciones realizar\u00e1n en la Plaza del Ayuntamiento, se dividir\u00e1n en dos grupos para realizar dos recorridos por las calles del centro. Una de las expediciones, formada por la \u2018Txaranga NB\u2019 y los gaiteros de la Txantrea, saldr\u00e1 por la Plaza de los Burgos para luego dirigirse a la calle Jarauta y continuar por San Lorenzo, la Plaza de San Francisco, San Miguel, San Nicol\u00e1s y la calle Pozoblanco para acabar su trayecto en la Plaza del Castillo. En el otro grupo la banda \u2018No More Jazz Brass\u2019 estar\u00e1 acompa\u00f1ada por la asociaci\u00f3n Pamplona Swing. Saldr\u00e1n de la Plaza Consistorial hacia la calle Mercaderes, para luego continuar por Navarrer\u00eda, Calderer\u00eda, Tejer\u00eda, Estafeta y la bajada de Javier, y as\u00ed concluir tambi\u00e9n en la Plaza del Castillo. A las 20.30 las cuatro formaciones se volver\u00e1n a encontrar en ese punto para realizar un espect\u00e1culo que pondr\u00e1 el colof\u00f3n a la tarde de ambientaci\u00f3n musical en el centro de la ciudad.<\/p>\n","protected":false},"excerpt":{"rendered":"<p>El Ayuntamiento de Pamplona ha publicado un video en el que se repasa la emoci\u00f3n y la esencia de la fiesta celebrando que \u201ceste a\u00f1o s\u00ed, \u00a1los viviremos!\u201d<\/p>\n","protected":false},"author":1,"featured_media":40619,"comment_status":"open","ping_status":"closed","sticky":false,"template":"","format":"standard","meta":{"footnotes":""},"categories":[2,9406],"tags":[],"class_list":["post-40618","post","type-post","status-publish","format-standard","has-post-thumbnail","hentry","category-ayuntamiento-pamplona","category-san-fermin"],"yoast_head":"<!-- This site is optimized with the Yoast SEO plugin v27.5 - https:\/\/yoast.com\/product\/yoast-seo-wordpress\/ -->\n<title>Los principales monumentos de Pamplona amanecen con el \u2018pa\u00f1uelico\u2019 rojo anudado al cuello el \u00faltimo d\u00eda de la escalera de San Ferm\u00edn<\/title>\n<meta name=\"description\" content=\"El Ayuntamiento de Pamplona ha publicado un video en el que se repasa la emoci\u00f3n y la esencia de la fiesta celebrando que \u201ceste a\u00f1o s\u00ed, \u00a1los viviremos!\u201d\" \/>\n<meta name=\"robots\" content=\"index, follow, max-snippet:-1, max-image-preview:large, max-video-preview:-1\" \/>\n<link rel=\"canonical\" href=\"https:\/\/www.laguiadepamplona.com\/actualidad\/los-principales-monumentos-de-pamplona-amanecen-con-el-panuelico-rojo-anudado-al-cuello-el-ultimo-dia-de-la-escalera-de-san-fermin\/\" \/>\n<meta property=\"og:locale\" content=\"es_ES\" \/>\n<meta property=\"og:type\" content=\"article\" \/>\n<meta property=\"og:title\" content=\"Los principales monumentos de Pamplona amanecen con el \u2018pa\u00f1uelico\u2019 rojo anudado al cuello el \u00faltimo d\u00eda de la escalera de San Ferm\u00edn\" \/>\n<meta property=\"og:description\" content=\"El Ayuntamiento de Pamplona ha publicado un video en el que se repasa la emoci\u00f3n y la esencia de la fiesta celebrando que \u201ceste a\u00f1o s\u00ed, \u00a1los viviremos!\u201d\" \/>\n<meta property=\"og:url\" content=\"https:\/\/www.laguiadepamplona.com\/actualidad\/los-principales-monumentos-de-pamplona-amanecen-con-el-panuelico-rojo-anudado-al-cuello-el-ultimo-dia-de-la-escalera-de-san-fermin\/\" \/>\n<meta property=\"og:site_name\" content=\"La Gu\u00eda de Pamplona\" \/>\n<meta property=\"article:publisher\" content=\"https:\/\/www.facebook.com\/laguiadepamplonacom-133175176762273\/?ref=hl\" \/>\n<meta property=\"article:published_time\" content=\"2022-06-06T08:38:26+00:00\" \/>\n<meta property=\"article:modified_time\" content=\"2023-04-11T09:48:06+00:00\" \/>\n<meta property=\"og:image\" content=\"https:\/\/www.laguiadepamplona.com\/actualidad\/wp-content\/uploads\/2022\/06\/monumentos-panuelicos.webp\" \/>\n\t<meta property=\"og:image:width\" content=\"1920\" \/>\n\t<meta property=\"og:image:height\" content=\"1281\" \/>\n\t<meta property=\"og:image:type\" content=\"image\/webp\" \/>\n<meta name=\"author\" content=\"La Gu\u00eda de Pamplona\" \/>\n<meta name=\"twitter:card\" content=\"summary_large_image\" \/>\n<meta name=\"twitter:creator\" content=\"@LaGuiadPamplona\" \/>\n<meta name=\"twitter:site\" content=\"@LaGuiadPamplona\" \/>\n<meta name=\"twitter:label1\" content=\"Escrito por\" \/>\n\t<meta name=\"twitter:data1\" content=\"La Gu\u00eda de Pamplona\" \/>\n\t<meta name=\"twitter:label2\" content=\"Tiempo de lectura\" \/>\n\t<meta name=\"twitter:data2\" content=\"6 minutos\" \/>\n<script type=\"application\/ld+json\" class=\"yoast-schema-graph\">{\"@context\":\"https:\\\/\\\/schema.org\",\"@graph\":[{\"@type\":\"Article\",\"@id\":\"https:\\\/\\\/www.laguiadepamplona.com\\\/actualidad\\\/los-principales-monumentos-de-pamplona-amanecen-con-el-panuelico-rojo-anudado-al-cuello-el-ultimo-dia-de-la-escalera-de-san-fermin\\\/#article\",\"isPartOf\":{\"@id\":\"https:\\\/\\\/www.laguiadepamplona.com\\\/actualidad\\\/los-principales-monumentos-de-pamplona-amanecen-con-el-panuelico-rojo-anudado-al-cuello-el-ultimo-dia-de-la-escalera-de-san-fermin\\\/\"},\"author\":{\"name\":\"La Gu\u00eda de Pamplona\",\"@id\":\"https:\\\/\\\/www.laguiadepamplona.com\\\/actualidad\\\/#\\\/schema\\\/person\\\/efe887376f0213d4657c93adc50b1fdb\"},\"headline\":\"Los principales monumentos de Pamplona amanecen con el \u2018pa\u00f1uelico\u2019 rojo anudado al cuello el \u00faltimo d\u00eda de la escalera de San Ferm\u00edn\",\"datePublished\":\"2022-06-06T08:38:26+00:00\",\"dateModified\":\"2023-04-11T09:48:06+00:00\",\"mainEntityOfPage\":{\"@id\":\"https:\\\/\\\/www.laguiadepamplona.com\\\/actualidad\\\/los-principales-monumentos-de-pamplona-amanecen-con-el-panuelico-rojo-anudado-al-cuello-el-ultimo-dia-de-la-escalera-de-san-fermin\\\/\"},\"wordCount\":1259,\"commentCount\":0,\"publisher\":{\"@id\":\"https:\\\/\\\/www.laguiadepamplona.com\\\/actualidad\\\/#organization\"},\"image\":{\"@id\":\"https:\\\/\\\/www.laguiadepamplona.com\\\/actualidad\\\/los-principales-monumentos-de-pamplona-amanecen-con-el-panuelico-rojo-anudado-al-cuello-el-ultimo-dia-de-la-escalera-de-san-fermin\\\/#primaryimage\"},\"thumbnailUrl\":\"https:\\\/\\\/www.laguiadepamplona.com\\\/actualidad\\\/wp-content\\\/uploads\\\/2022\\\/06\\\/monumentos-panuelicos.webp\",\"articleSection\":[\"Ayto Pamplona\",\"San Ferm\u00edn\"],\"inLanguage\":\"es\",\"potentialAction\":[{\"@type\":\"CommentAction\",\"name\":\"Comment\",\"target\":[\"https:\\\/\\\/www.laguiadepamplona.com\\\/actualidad\\\/los-principales-monumentos-de-pamplona-amanecen-con-el-panuelico-rojo-anudado-al-cuello-el-ultimo-dia-de-la-escalera-de-san-fermin\\\/#respond\"]}]},{\"@type\":\"WebPage\",\"@id\":\"https:\\\/\\\/www.laguiadepamplona.com\\\/actualidad\\\/los-principales-monumentos-de-pamplona-amanecen-con-el-panuelico-rojo-anudado-al-cuello-el-ultimo-dia-de-la-escalera-de-san-fermin\\\/\",\"url\":\"https:\\\/\\\/www.laguiadepamplona.com\\\/actualidad\\\/los-principales-monumentos-de-pamplona-amanecen-con-el-panuelico-rojo-anudado-al-cuello-el-ultimo-dia-de-la-escalera-de-san-fermin\\\/\",\"name\":\"Los principales monumentos de Pamplona amanecen con el \u2018pa\u00f1uelico\u2019 rojo anudado al cuello el \u00faltimo d\u00eda de la escalera de San Ferm\u00edn\",\"isPartOf\":{\"@id\":\"https:\\\/\\\/www.laguiadepamplona.com\\\/actualidad\\\/#website\"},\"primaryImageOfPage\":{\"@id\":\"https:\\\/\\\/www.laguiadepamplona.com\\\/actualidad\\\/los-principales-monumentos-de-pamplona-amanecen-con-el-panuelico-rojo-anudado-al-cuello-el-ultimo-dia-de-la-escalera-de-san-fermin\\\/#primaryimage\"},\"image\":{\"@id\":\"https:\\\/\\\/www.laguiadepamplona.com\\\/actualidad\\\/los-principales-monumentos-de-pamplona-amanecen-con-el-panuelico-rojo-anudado-al-cuello-el-ultimo-dia-de-la-escalera-de-san-fermin\\\/#primaryimage\"},\"thumbnailUrl\":\"https:\\\/\\\/www.laguiadepamplona.com\\\/actualidad\\\/wp-content\\\/uploads\\\/2022\\\/06\\\/monumentos-panuelicos.webp\",\"datePublished\":\"2022-06-06T08:38:26+00:00\",\"dateModified\":\"2023-04-11T09:48:06+00:00\",\"description\":\"El Ayuntamiento de Pamplona ha publicado un video en el que se repasa la emoci\u00f3n y la esencia de la fiesta celebrando que \u201ceste a\u00f1o s\u00ed, \u00a1los viviremos!\u201d\",\"breadcrumb\":{\"@id\":\"https:\\\/\\\/www.laguiadepamplona.com\\\/actualidad\\\/los-principales-monumentos-de-pamplona-amanecen-con-el-panuelico-rojo-anudado-al-cuello-el-ultimo-dia-de-la-escalera-de-san-fermin\\\/#breadcrumb\"},\"inLanguage\":\"es\",\"potentialAction\":[{\"@type\":\"ReadAction\",\"target\":[\"https:\\\/\\\/www.laguiadepamplona.com\\\/actualidad\\\/los-principales-monumentos-de-pamplona-amanecen-con-el-panuelico-rojo-anudado-al-cuello-el-ultimo-dia-de-la-escalera-de-san-fermin\\\/\"]}]},{\"@type\":\"ImageObject\",\"inLanguage\":\"es\",\"@id\":\"https:\\\/\\\/www.laguiadepamplona.com\\\/actualidad\\\/los-principales-monumentos-de-pamplona-amanecen-con-el-panuelico-rojo-anudado-al-cuello-el-ultimo-dia-de-la-escalera-de-san-fermin\\\/#primaryimage\",\"url\":\"https:\\\/\\\/www.laguiadepamplona.com\\\/actualidad\\\/wp-content\\\/uploads\\\/2022\\\/06\\\/monumentos-panuelicos.webp\",\"contentUrl\":\"https:\\\/\\\/www.laguiadepamplona.com\\\/actualidad\\\/wp-content\\\/uploads\\\/2022\\\/06\\\/monumentos-panuelicos.webp\",\"width\":1920,\"height\":1281},{\"@type\":\"BreadcrumbList\",\"@id\":\"https:\\\/\\\/www.laguiadepamplona.com\\\/actualidad\\\/los-principales-monumentos-de-pamplona-amanecen-con-el-panuelico-rojo-anudado-al-cuello-el-ultimo-dia-de-la-escalera-de-san-fermin\\\/#breadcrumb\",\"itemListElement\":[{\"@type\":\"ListItem\",\"position\":1,\"name\":\"Portada\",\"item\":\"https:\\\/\\\/www.laguiadepamplona.com\\\/actualidad\\\/\"},{\"@type\":\"ListItem\",\"position\":2,\"name\":\"Los principales monumentos de Pamplona amanecen con el \u2018pa\u00f1uelico\u2019 rojo anudado al cuello el \u00faltimo d\u00eda de la escalera de San Ferm\u00edn\"}]},{\"@type\":\"WebSite\",\"@id\":\"https:\\\/\\\/www.laguiadepamplona.com\\\/actualidad\\\/#website\",\"url\":\"https:\\\/\\\/www.laguiadepamplona.com\\\/actualidad\\\/\",\"name\":\"La gu\u00eda de Pamplona\",\"description\":\"Noticias de Pamplona\",\"publisher\":{\"@id\":\"https:\\\/\\\/www.laguiadepamplona.com\\\/actualidad\\\/#organization\"},\"potentialAction\":[{\"@type\":\"SearchAction\",\"target\":{\"@type\":\"EntryPoint\",\"urlTemplate\":\"https:\\\/\\\/www.laguiadepamplona.com\\\/actualidad\\\/?s={search_term_string}\"},\"query-input\":{\"@type\":\"PropertyValueSpecification\",\"valueRequired\":true,\"valueName\":\"search_term_string\"}}],\"inLanguage\":\"es\"},{\"@type\":\"Organization\",\"@id\":\"https:\\\/\\\/www.laguiadepamplona.com\\\/actualidad\\\/#organization\",\"name\":\"La Gu\u00eda de Pamplona \\\/ Noticias\",\"url\":\"https:\\\/\\\/www.laguiadepamplona.com\\\/actualidad\\\/\",\"logo\":{\"@type\":\"ImageObject\",\"inLanguage\":\"es\",\"@id\":\"https:\\\/\\\/www.laguiadepamplona.com\\\/actualidad\\\/#\\\/schema\\\/logo\\\/image\\\/\",\"url\":\"https:\\\/\\\/www.laguiadepamplona.com\\\/actualidad\\\/wp-content\\\/uploads\\\/2018\\\/11\\\/logo-laguiadepamplona18-web1.png\",\"contentUrl\":\"https:\\\/\\\/www.laguiadepamplona.com\\\/actualidad\\\/wp-content\\\/uploads\\\/2018\\\/11\\\/logo-laguiadepamplona18-web1.png\",\"width\":600,\"height\":196,\"caption\":\"La Gu\u00eda de Pamplona \\\/ Noticias\"},\"image\":{\"@id\":\"https:\\\/\\\/www.laguiadepamplona.com\\\/actualidad\\\/#\\\/schema\\\/logo\\\/image\\\/\"},\"sameAs\":[\"https:\\\/\\\/www.facebook.com\\\/laguiadepamplonacom-133175176762273\\\/?ref=hl\",\"https:\\\/\\\/x.com\\\/LaGuiadPamplona\",\"https:\\\/\\\/www.instagram.com\\\/la_guia_de_pamplona\\\/\",\"https:\\\/\\\/www.youtube.com\\\/user\\\/laguiadepamplona\"]},{\"@type\":\"Person\",\"@id\":\"https:\\\/\\\/www.laguiadepamplona.com\\\/actualidad\\\/#\\\/schema\\\/person\\\/efe887376f0213d4657c93adc50b1fdb\",\"name\":\"La Gu\u00eda de Pamplona\",\"image\":{\"@type\":\"ImageObject\",\"inLanguage\":\"es\",\"@id\":\"https:\\\/\\\/secure.gravatar.com\\\/avatar\\\/b6992f131dc8d30ab0dff15446e9d346d9dbd95992de0fef795073f5ea83a81c?s=96&d=mm&r=g\",\"url\":\"https:\\\/\\\/secure.gravatar.com\\\/avatar\\\/b6992f131dc8d30ab0dff15446e9d346d9dbd95992de0fef795073f5ea83a81c?s=96&d=mm&r=g\",\"contentUrl\":\"https:\\\/\\\/secure.gravatar.com\\\/avatar\\\/b6992f131dc8d30ab0dff15446e9d346d9dbd95992de0fef795073f5ea83a81c?s=96&d=mm&r=g\",\"caption\":\"La Gu\u00eda de Pamplona\"}}]}<\/script>\n<!-- \/ Yoast SEO plugin. -->","yoast_head_json":{"title":"Los principales monumentos de Pamplona amanecen con el \u2018pa\u00f1uelico\u2019 rojo anudado al cuello el \u00faltimo d\u00eda de la escalera de San Ferm\u00edn","description":"El Ayuntamiento de Pamplona ha publicado un video en el que se repasa la emoci\u00f3n y la esencia de la fiesta celebrando que \u201ceste a\u00f1o s\u00ed, \u00a1los viviremos!\u201d","robots":{"index":"index","follow":"follow","max-snippet":"max-snippet:-1","max-image-preview":"max-image-preview:large","max-video-preview":"max-video-preview:-1"},"canonical":"https:\/\/www.laguiadepamplona.com\/actualidad\/los-principales-monumentos-de-pamplona-amanecen-con-el-panuelico-rojo-anudado-al-cuello-el-ultimo-dia-de-la-escalera-de-san-fermin\/","og_locale":"es_ES","og_type":"article","og_title":"Los principales monumentos de Pamplona amanecen con el \u2018pa\u00f1uelico\u2019 rojo anudado al cuello el \u00faltimo d\u00eda de la escalera de San Ferm\u00edn","og_description":"El Ayuntamiento de Pamplona ha publicado un video en el que se repasa la emoci\u00f3n y la esencia de la fiesta celebrando que \u201ceste a\u00f1o s\u00ed, \u00a1los viviremos!\u201d","og_url":"https:\/\/www.laguiadepamplona.com\/actualidad\/los-principales-monumentos-de-pamplona-amanecen-con-el-panuelico-rojo-anudado-al-cuello-el-ultimo-dia-de-la-escalera-de-san-fermin\/","og_site_name":"La Gu\u00eda de Pamplona","article_publisher":"https:\/\/www.facebook.com\/laguiadepamplonacom-133175176762273\/?ref=hl","article_published_time":"2022-06-06T08:38:26+00:00","article_modified_time":"2023-04-11T09:48:06+00:00","og_image":[{"width":1920,"height":1281,"url":"https:\/\/www.laguiadepamplona.com\/actualidad\/wp-content\/uploads\/2022\/06\/monumentos-panuelicos.webp","type":"image\/webp"}],"author":"La Gu\u00eda de Pamplona","twitter_card":"summary_large_image","twitter_creator":"@LaGuiadPamplona","twitter_site":"@LaGuiadPamplona","twitter_misc":{"Escrito por":"La Gu\u00eda de Pamplona","Tiempo de lectura":"6 minutos"},"schema":{"@context":"https:\/\/schema.org","@graph":[{"@type":"Article","@id":"https:\/\/www.laguiadepamplona.com\/actualidad\/los-principales-monumentos-de-pamplona-amanecen-con-el-panuelico-rojo-anudado-al-cuello-el-ultimo-dia-de-la-escalera-de-san-fermin\/#article","isPartOf":{"@id":"https:\/\/www.laguiadepamplona.com\/actualidad\/los-principales-monumentos-de-pamplona-amanecen-con-el-panuelico-rojo-anudado-al-cuello-el-ultimo-dia-de-la-escalera-de-san-fermin\/"},"author":{"name":"La Gu\u00eda de Pamplona","@id":"https:\/\/www.laguiadepamplona.com\/actualidad\/#\/schema\/person\/efe887376f0213d4657c93adc50b1fdb"},"headline":"Los principales monumentos de Pamplona amanecen con el \u2018pa\u00f1uelico\u2019 rojo anudado al cuello el \u00faltimo d\u00eda de la escalera de San Ferm\u00edn","datePublished":"2022-06-06T08:38:26+00:00","dateModified":"2023-04-11T09:48:06+00:00","mainEntityOfPage":{"@id":"https:\/\/www.laguiadepamplona.com\/actualidad\/los-principales-monumentos-de-pamplona-amanecen-con-el-panuelico-rojo-anudado-al-cuello-el-ultimo-dia-de-la-escalera-de-san-fermin\/"},"wordCount":1259,"commentCount":0,"publisher":{"@id":"https:\/\/www.laguiadepamplona.com\/actualidad\/#organization"},"image":{"@id":"https:\/\/www.laguiadepamplona.com\/actualidad\/los-principales-monumentos-de-pamplona-amanecen-con-el-panuelico-rojo-anudado-al-cuello-el-ultimo-dia-de-la-escalera-de-san-fermin\/#primaryimage"},"thumbnailUrl":"https:\/\/www.laguiadepamplona.com\/actualidad\/wp-content\/uploads\/2022\/06\/monumentos-panuelicos.webp","articleSection":["Ayto Pamplona","San Ferm\u00edn"],"inLanguage":"es","potentialAction":[{"@type":"CommentAction","name":"Comment","target":["https:\/\/www.laguiadepamplona.com\/actualidad\/los-principales-monumentos-de-pamplona-amanecen-con-el-panuelico-rojo-anudado-al-cuello-el-ultimo-dia-de-la-escalera-de-san-fermin\/#respond"]}]},{"@type":"WebPage","@id":"https:\/\/www.laguiadepamplona.com\/actualidad\/los-principales-monumentos-de-pamplona-amanecen-con-el-panuelico-rojo-anudado-al-cuello-el-ultimo-dia-de-la-escalera-de-san-fermin\/","url":"https:\/\/www.laguiadepamplona.com\/actualidad\/los-principales-monumentos-de-pamplona-amanecen-con-el-panuelico-rojo-anudado-al-cuello-el-ultimo-dia-de-la-escalera-de-san-fermin\/","name":"Los principales monumentos de Pamplona amanecen con el \u2018pa\u00f1uelico\u2019 rojo anudado al cuello el \u00faltimo d\u00eda de la escalera de San Ferm\u00edn","isPartOf":{"@id":"https:\/\/www.laguiadepamplona.com\/actualidad\/#website"},"primaryImageOfPage":{"@id":"https:\/\/www.laguiadepamplona.com\/actualidad\/los-principales-monumentos-de-pamplona-amanecen-con-el-panuelico-rojo-anudado-al-cuello-el-ultimo-dia-de-la-escalera-de-san-fermin\/#primaryimage"},"image":{"@id":"https:\/\/www.laguiadepamplona.com\/actualidad\/los-principales-monumentos-de-pamplona-amanecen-con-el-panuelico-rojo-anudado-al-cuello-el-ultimo-dia-de-la-escalera-de-san-fermin\/#primaryimage"},"thumbnailUrl":"https:\/\/www.laguiadepamplona.com\/actualidad\/wp-content\/uploads\/2022\/06\/monumentos-panuelicos.webp","datePublished":"2022-06-06T08:38:26+00:00","dateModified":"2023-04-11T09:48:06+00:00","description":"El Ayuntamiento de Pamplona ha publicado un video en el que se repasa la emoci\u00f3n y la esencia de la fiesta celebrando que \u201ceste a\u00f1o s\u00ed, \u00a1los viviremos!\u201d","breadcrumb":{"@id":"https:\/\/www.laguiadepamplona.com\/actualidad\/los-principales-monumentos-de-pamplona-amanecen-con-el-panuelico-rojo-anudado-al-cuello-el-ultimo-dia-de-la-escalera-de-san-fermin\/#breadcrumb"},"inLanguage":"es","potentialAction":[{"@type":"ReadAction","target":["https:\/\/www.laguiadepamplona.com\/actualidad\/los-principales-monumentos-de-pamplona-amanecen-con-el-panuelico-rojo-anudado-al-cuello-el-ultimo-dia-de-la-escalera-de-san-fermin\/"]}]},{"@type":"ImageObject","inLanguage":"es","@id":"https:\/\/www.laguiadepamplona.com\/actualidad\/los-principales-monumentos-de-pamplona-amanecen-con-el-panuelico-rojo-anudado-al-cuello-el-ultimo-dia-de-la-escalera-de-san-fermin\/#primaryimage","url":"https:\/\/www.laguiadepamplona.com\/actualidad\/wp-content\/uploads\/2022\/06\/monumentos-panuelicos.webp","contentUrl":"https:\/\/www.laguiadepamplona.com\/actualidad\/wp-content\/uploads\/2022\/06\/monumentos-panuelicos.webp","width":1920,"height":1281},{"@type":"BreadcrumbList","@id":"https:\/\/www.laguiadepamplona.com\/actualidad\/los-principales-monumentos-de-pamplona-amanecen-con-el-panuelico-rojo-anudado-al-cuello-el-ultimo-dia-de-la-escalera-de-san-fermin\/#breadcrumb","itemListElement":[{"@type":"ListItem","position":1,"name":"Portada","item":"https:\/\/www.laguiadepamplona.com\/actualidad\/"},{"@type":"ListItem","position":2,"name":"Los principales monumentos de Pamplona amanecen con el \u2018pa\u00f1uelico\u2019 rojo anudado al cuello el \u00faltimo d\u00eda de la escalera de San Ferm\u00edn"}]},{"@type":"WebSite","@id":"https:\/\/www.laguiadepamplona.com\/actualidad\/#website","url":"https:\/\/www.laguiadepamplona.com\/actualidad\/","name":"La gu\u00eda de Pamplona","description":"Noticias de Pamplona","publisher":{"@id":"https:\/\/www.laguiadepamplona.com\/actualidad\/#organization"},"potentialAction":[{"@type":"SearchAction","target":{"@type":"EntryPoint","urlTemplate":"https:\/\/www.laguiadepamplona.com\/actualidad\/?s={search_term_string}"},"query-input":{"@type":"PropertyValueSpecification","valueRequired":true,"valueName":"search_term_string"}}],"inLanguage":"es"},{"@type":"Organization","@id":"https:\/\/www.laguiadepamplona.com\/actualidad\/#organization","name":"La Gu\u00eda de Pamplona \/ Noticias","url":"https:\/\/www.laguiadepamplona.com\/actualidad\/","logo":{"@type":"ImageObject","inLanguage":"es","@id":"https:\/\/www.laguiadepamplona.com\/actualidad\/#\/schema\/logo\/image\/","url":"https:\/\/www.laguiadepamplona.com\/actualidad\/wp-content\/uploads\/2018\/11\/logo-laguiadepamplona18-web1.png","contentUrl":"https:\/\/www.laguiadepamplona.com\/actualidad\/wp-content\/uploads\/2018\/11\/logo-laguiadepamplona18-web1.png","width":600,"height":196,"caption":"La Gu\u00eda de Pamplona \/ Noticias"},"image":{"@id":"https:\/\/www.laguiadepamplona.com\/actualidad\/#\/schema\/logo\/image\/"},"sameAs":["https:\/\/www.facebook.com\/laguiadepamplonacom-133175176762273\/?ref=hl","https:\/\/x.com\/LaGuiadPamplona","https:\/\/www.instagram.com\/la_guia_de_pamplona\/","https:\/\/www.youtube.com\/user\/laguiadepamplona"]},{"@type":"Person","@id":"https:\/\/www.laguiadepamplona.com\/actualidad\/#\/schema\/person\/efe887376f0213d4657c93adc50b1fdb","name":"La Gu\u00eda de Pamplona","image":{"@type":"ImageObject","inLanguage":"es","@id":"https:\/\/secure.gravatar.com\/avatar\/b6992f131dc8d30ab0dff15446e9d346d9dbd95992de0fef795073f5ea83a81c?s=96&d=mm&r=g","url":"https:\/\/secure.gravatar.com\/avatar\/b6992f131dc8d30ab0dff15446e9d346d9dbd95992de0fef795073f5ea83a81c?s=96&d=mm&r=g","contentUrl":"https:\/\/secure.gravatar.com\/avatar\/b6992f131dc8d30ab0dff15446e9d346d9dbd95992de0fef795073f5ea83a81c?s=96&d=mm&r=g","caption":"La Gu\u00eda de Pamplona"}}]}},"post_mailing_queue_ids":[],"_links":{"self":[{"href":"https:\/\/www.laguiadepamplona.com\/actualidad\/wp-json\/wp\/v2\/posts\/40618","targetHints":{"allow":["GET"]}}],"collection":[{"href":"https:\/\/www.laguiadepamplona.com\/actualidad\/wp-json\/wp\/v2\/posts"}],"about":[{"href":"https:\/\/www.laguiadepamplona.com\/actualidad\/wp-json\/wp\/v2\/types\/post"}],"author":[{"embeddable":true,"href":"https:\/\/www.laguiadepamplona.com\/actualidad\/wp-json\/wp\/v2\/users\/1"}],"replies":[{"embeddable":true,"href":"https:\/\/www.laguiadepamplona.com\/actualidad\/wp-json\/wp\/v2\/comments?post=40618"}],"version-history":[{"count":0,"href":"https:\/\/www.laguiadepamplona.com\/actualidad\/wp-json\/wp\/v2\/posts\/40618\/revisions"}],"wp:featuredmedia":[{"embeddable":true,"href":"https:\/\/www.laguiadepamplona.com\/actualidad\/wp-json\/wp\/v2\/media\/40619"}],"wp:attachment":[{"href":"https:\/\/www.laguiadepamplona.com\/actualidad\/wp-json\/wp\/v2\/media?parent=40618"}],"wp:term":[{"taxonomy":"category","embeddable":true,"href":"https:\/\/www.laguiadepamplona.com\/actualidad\/wp-json\/wp\/v2\/categories?post=40618"},{"taxonomy":"post_tag","embeddable":true,"href":"https:\/\/www.laguiadepamplona.com\/actualidad\/wp-json\/wp\/v2\/tags?post=40618"}],"curies":[{"name":"wp","href":"https:\/\/api.w.org\/{rel}","templated":true}]}}