{"id":40608,"date":"2022-06-03T12:06:31","date_gmt":"2022-06-03T10:06:31","guid":{"rendered":"https:\/\/www.laguiadepamplona.com\/actualidad\/?p=40608"},"modified":"2023-04-11T11:48:06","modified_gmt":"2023-04-11T09:48:06","slug":"este-junio-la-escuela-de-musica-joaquin-maya-sale-a-sus-balcones-de-la-calle-padre-moret-se-acerca-al-patio-de-la-camara-de-comercio-y-pone-en-escena-un-teatro-musical","status":"publish","type":"post","link":"https:\/\/www.laguiadepamplona.com\/actualidad\/este-junio-la-escuela-de-musica-joaquin-maya-sale-a-sus-balcones-de-la-calle-padre-moret-se-acerca-al-patio-de-la-camara-de-comercio-y-pone-en-escena-un-teatro-musical\/","title":{"rendered":"Este junio la Escuela de M\u00fasica Joaqu\u00edn Maya sale a sus balcones de la calle Padre Moret, se acerca al patio de la C\u00e1mara de Comercio y pone en escena un teatro musical"},"content":{"rendered":"<h5>Son iniciativas que celebran la recuperaci\u00f3n de la normalidad y se unen a los tradicionales conciertos de fin de curso y audiciones de final de trimestre<\/h5>\n<p><!--more--><\/p>\n<p>La Escuela de M\u00fasica Joaqu\u00edn Maya cerrar\u00e1 el curso lectivo 2021-2022 con una programaci\u00f3n de conciertos que llenar\u00e1 de m\u00fasica muchos rincones de Pamplona. Son varios ciclos y conciertos simult\u00e1neos para celebrar un final de curso con vuelta a la normalidad. Se mantiene eso s\u00ed, la iniciativa que estrenaron durante la pandemia y este pr\u00f3ximo martes 7 se retomar\u00e1 la \u2018M\u00fasica desde los balcones\u2019 (calle Padre Moret), en un concierto en el que actuar\u00e1n, a las 17.30 y a las 18 el grupo de flautas y el grupo de trombones de la Escuela, respectivamente.<\/p>\n<p>El mismo d\u00eda 7, en el sal\u00f3n de actos de la Escuela de M\u00fasica, la propuesta es teatro musical en \u201cHomenaje a W.A. Mozart\u201d, una funci\u00f3n en la que actuar\u00e1 alumnado de la Escuela interpretando m\u00fasica del clasicismo y de la que se ofrecer\u00e1 tres pases: 16.30, 19.30 y 20.30 horas.<\/p>\n<p>El mi\u00e9rcoles 8, en colaboraci\u00f3n con la C\u00e1mara de Comercio de Navarra se estrena el ciclo \u201cM\u00fasica en el patio\u201d, con conciertos en el patio del edificio y que se extender\u00e1 hasta el 10 de junio. La sesi\u00f3n inaugural acoger\u00e1 a las 17.30 \u2018Rock\u2019n txiki\u2019 con alumnado de guitarra el\u00e9ctrica, bajo el\u00e9ctrico y bater\u00eda y a las 20 horas la actuaci\u00f3n de la Big Band de la Escuela. El jueves en ese mismo escenario tocar\u00e1n los Combos de M\u00fasica Moderna y el viernes habr\u00e1 recital de trompeta (18 horas).<br \/>\n<script async src=\"\/\/pagead2.googlesyndication.com\/pagead\/js\/adsbygoogle.js\"><\/script><br \/>\n<!-- Noticias La Guia de Pamplona --><br \/>\n<ins class=\"adsbygoogle\"\nstyle=\"display:block\"\ndata-ad-client=\"ca-pub-6943679897239327\"\ndata-ad-slot=\"7048180777\"\ndata-ad-format=\"auto\"><\/ins><br \/>\n<script>\n(adsbygoogle = window.adsbygoogle || []).push({});\n<\/script><\/p>\n<p><strong>Los conciertos y audiciones de fin de curso<\/strong><\/p>\n<p>Los conciertos de fin de curso de las agrupaciones vocales e instrumentales de la Escuela municipal de M\u00fasica Joaqu\u00edn Maya se celebrar\u00e1n en este 2022 en dos escenarios distintos: el d\u00eda 8 en Civivox Juslarrocha, con conciertos a las 16, 17.15 y 18.30 horas, y el d\u00eda 9 en la antigua estaci\u00f3n de autobuses con conciertos esas mismas horas. Y el coro se trasladar\u00e1 el d\u00eda 9 a la Casa de la Misericordia para ofrecer un concierto a las personas residentes con el acompa\u00f1amiento de la pianista Ainhoa Mart\u00ednez.<\/p>\n<p>Adem\u00e1s, en el sal\u00f3n de actos de la Escuela a lo largo de esa semana se ofrecer\u00e1n audiciones de diversas especialidades: el d\u00eda 6 de piano (18 horas) y m\u00fasica de c\u00e1mara (19 horas); el 7 guitarra (18 horas); el 8 piano (18 horas) y percusi\u00f3n (19.15 horas); el d\u00eda 9 viol\u00edn (18 horas) y, finalmente, el d\u00eda 10, alumnado de trompa (18 horas).<\/p>\n<p>El junio musical de la Escuela de M\u00fasica Joaqu\u00edn Maya se cerrar\u00e1 con el concierto de graduaci\u00f3n que tendr\u00e1 lugar el lunes 13 de junio con sesiones a las 16, 17.30 y 19 horas en la misma escuela; el concierto de premios 16 de junio a las 17.30 horas y los conciertos en familia el viernes 17 de junio a las 16 y 17.30 horas.<br \/>\n<script async src=\"\/\/pagead2.googlesyndication.com\/pagead\/js\/adsbygoogle.js\"><\/script><br \/>\n<!-- Noticias La Guia de Pamplona --><br \/>\n<ins class=\"adsbygoogle\"\nstyle=\"display:block\"\ndata-ad-client=\"ca-pub-6943679897239327\"\ndata-ad-slot=\"7048180777\"\ndata-ad-format=\"auto\"><\/ins><br \/>\n<script>\n(adsbygoogle = window.adsbygoogle || []).push({});\n<\/script><\/p>\n<p>&nbsp;<\/p>\n<h3>Junio musical de la Escuela de M\u00fasica Joaqu\u00edn Maya<\/h3>\n<p><span style=\"color: #ff0000;\"><strong>6 de junio <\/strong><\/span><\/p>\n<ul>\n<li>Audici\u00f3n de piano a las 18 horas, sal\u00f3n de actos de la Escuela<\/li>\n<li>Concierto de m\u00fasica de c\u00e1mara 19 horas, sal\u00f3n de actos de la Escuela<\/li>\n<\/ul>\n<p><span style=\"color: #ff0000;\"><strong>7 de junio<\/strong><\/span><\/p>\n<ul>\n<li>\u201cHomenaje a W.A. Mozart\u201d sesiones a las 16, 19. y 20.30 horas. \u2013 sal\u00f3n de actos de la Escuela<\/li>\n<li>Balconning JMaya a las 17.30 horas, desde los balcones de la Escuela de M\u00fasica<\/li>\n<li>Audici\u00f3n de guitarra a las 18 horas, sal\u00f3n de actos de la Escuela<\/li>\n<\/ul>\n<p><span style=\"color: #ff0000;\"><strong>8 de junio<\/strong><\/span><\/p>\n<ul>\n<li>Audici\u00f3n de piano a las 18 horas y de percusi\u00f3n a las 19.15 horas, sal\u00f3n de actos de la Escuela<\/li>\n<li>Primer concierto de fin de curso de agrupaciones vocales e instrumentales, con sesiones a las 16, 17.15 y 18.30 horas, Civivox Juslarrocha<\/li>\n<li>Ciclo \u201cM\u00fasica en el patio\u201d, en colaboraci\u00f3n con la C\u00e1mara Navarra de Comercio a las 17.30 horas. \u201cRock\u2019n txiki\u201d y a las 20 horas Big Band<\/li>\n<\/ul>\n<p><span style=\"color: #ff0000;\"><strong>9 de junio<\/strong><\/span><\/p>\n<ul>\n<li>Casa de la Misericordia, alumnado de coro acompa\u00f1ado por la pianista Ainhoa Mart\u00ednez a las 17 horas<\/li>\n<li>Segundo Concierto de Fin de curso de agrupaciones vocales e instrumentales, con sesiones a las 16, 17.15 y 18.30 horas, Antigua estaci\u00f3n de autobuses-<\/li>\n<li>Ciclo \u201cM\u00fasica en el patio\u201d, en colaboraci\u00f3n con la C\u00e1mara Navarra de Comercio a las 18 horas, Combos de M\u00fasica moderna en el patio de la C\u00e1mara<\/li>\n<\/ul>\n<p><span style=\"color: #ff0000;\"><strong>10 de junio<\/strong><\/span><\/p>\n<ul>\n<li>Audici\u00f3n de alumnado de trompa a las 18 horas, sal\u00f3n de actos de la Escuela<\/li>\n<li>Ciclo \u201cM\u00fasica en el patio\u201d, en colaboraci\u00f3n con la C\u00e1mara Navarra de Comercio a las 18 horas, alumnado de trompeta<\/li>\n<\/ul>\n","protected":false},"excerpt":{"rendered":"<p>Son iniciativas que celebran la recuperaci\u00f3n de la normalidad y se unen a los tradicionales conciertos de fin de curso y audiciones de final de trimestre<\/p>\n","protected":false},"author":1,"featured_media":36440,"comment_status":"open","ping_status":"closed","sticky":false,"template":"","format":"standard","meta":{"footnotes":""},"categories":[2],"tags":[],"class_list":["post-40608","post","type-post","status-publish","format-standard","has-post-thumbnail","hentry","category-ayuntamiento-pamplona"],"yoast_head":"<!-- This site is optimized with the Yoast SEO plugin v27.5 - https:\/\/yoast.com\/product\/yoast-seo-wordpress\/ -->\n<title>Este junio la Escuela de M\u00fasica Joaqu\u00edn Maya sale a sus balcones de la calle Padre Moret, se acerca al patio de la C\u00e1mara de Comercio y pone en escena un teatro musical<\/title>\n<meta name=\"description\" content=\"Son iniciativas que celebran la recuperaci\u00f3n de la normalidad y se unen a los tradicionales conciertos de fin de curso y audiciones de final de trimestre\" \/>\n<meta name=\"robots\" content=\"index, follow, max-snippet:-1, max-image-preview:large, max-video-preview:-1\" \/>\n<link rel=\"canonical\" href=\"https:\/\/www.laguiadepamplona.com\/actualidad\/este-junio-la-escuela-de-musica-joaquin-maya-sale-a-sus-balcones-de-la-calle-padre-moret-se-acerca-al-patio-de-la-camara-de-comercio-y-pone-en-escena-un-teatro-musical\/\" \/>\n<meta property=\"og:locale\" content=\"es_ES\" \/>\n<meta property=\"og:type\" content=\"article\" \/>\n<meta property=\"og:title\" content=\"Este junio la Escuela de M\u00fasica Joaqu\u00edn Maya sale a sus balcones de la calle Padre Moret, se acerca al patio de la C\u00e1mara de Comercio y pone en escena un teatro musical\" \/>\n<meta property=\"og:description\" content=\"Son iniciativas que celebran la recuperaci\u00f3n de la normalidad y se unen a los tradicionales conciertos de fin de curso y audiciones de final de trimestre\" \/>\n<meta property=\"og:url\" content=\"https:\/\/www.laguiadepamplona.com\/actualidad\/este-junio-la-escuela-de-musica-joaquin-maya-sale-a-sus-balcones-de-la-calle-padre-moret-se-acerca-al-patio-de-la-camara-de-comercio-y-pone-en-escena-un-teatro-musical\/\" \/>\n<meta property=\"og:site_name\" content=\"La Gu\u00eda de Pamplona\" \/>\n<meta property=\"article:publisher\" content=\"https:\/\/www.facebook.com\/laguiadepamplonacom-133175176762273\/?ref=hl\" \/>\n<meta property=\"article:published_time\" content=\"2022-06-03T10:06:31+00:00\" \/>\n<meta property=\"article:modified_time\" content=\"2023-04-11T09:48:06+00:00\" \/>\n<meta property=\"og:image\" content=\"https:\/\/www.laguiadepamplona.com\/actualidad\/wp-content\/uploads\/2021\/09\/escuela-musica-joaquin-maya.jpg\" \/>\n\t<meta property=\"og:image:width\" content=\"1920\" \/>\n\t<meta property=\"og:image:height\" content=\"1280\" \/>\n\t<meta property=\"og:image:type\" content=\"image\/jpeg\" \/>\n<meta name=\"author\" content=\"La Gu\u00eda de Pamplona\" \/>\n<meta name=\"twitter:card\" content=\"summary_large_image\" \/>\n<meta name=\"twitter:creator\" content=\"@LaGuiadPamplona\" \/>\n<meta name=\"twitter:site\" content=\"@LaGuiadPamplona\" \/>\n<meta name=\"twitter:label1\" content=\"Escrito por\" \/>\n\t<meta name=\"twitter:data1\" content=\"La Gu\u00eda de Pamplona\" \/>\n\t<meta name=\"twitter:label2\" content=\"Tiempo de lectura\" \/>\n\t<meta name=\"twitter:data2\" content=\"4 minutos\" \/>\n<script type=\"application\/ld+json\" class=\"yoast-schema-graph\">{\"@context\":\"https:\\\/\\\/schema.org\",\"@graph\":[{\"@type\":\"Article\",\"@id\":\"https:\\\/\\\/www.laguiadepamplona.com\\\/actualidad\\\/este-junio-la-escuela-de-musica-joaquin-maya-sale-a-sus-balcones-de-la-calle-padre-moret-se-acerca-al-patio-de-la-camara-de-comercio-y-pone-en-escena-un-teatro-musical\\\/#article\",\"isPartOf\":{\"@id\":\"https:\\\/\\\/www.laguiadepamplona.com\\\/actualidad\\\/este-junio-la-escuela-de-musica-joaquin-maya-sale-a-sus-balcones-de-la-calle-padre-moret-se-acerca-al-patio-de-la-camara-de-comercio-y-pone-en-escena-un-teatro-musical\\\/\"},\"author\":{\"name\":\"La Gu\u00eda de Pamplona\",\"@id\":\"https:\\\/\\\/www.laguiadepamplona.com\\\/actualidad\\\/#\\\/schema\\\/person\\\/efe887376f0213d4657c93adc50b1fdb\"},\"headline\":\"Este junio la Escuela de M\u00fasica Joaqu\u00edn Maya sale a sus balcones de la calle Padre Moret, se acerca al patio de la C\u00e1mara de Comercio y pone en escena un teatro musical\",\"datePublished\":\"2022-06-03T10:06:31+00:00\",\"dateModified\":\"2023-04-11T09:48:06+00:00\",\"mainEntityOfPage\":{\"@id\":\"https:\\\/\\\/www.laguiadepamplona.com\\\/actualidad\\\/este-junio-la-escuela-de-musica-joaquin-maya-sale-a-sus-balcones-de-la-calle-padre-moret-se-acerca-al-patio-de-la-camara-de-comercio-y-pone-en-escena-un-teatro-musical\\\/\"},\"wordCount\":804,\"commentCount\":0,\"publisher\":{\"@id\":\"https:\\\/\\\/www.laguiadepamplona.com\\\/actualidad\\\/#organization\"},\"image\":{\"@id\":\"https:\\\/\\\/www.laguiadepamplona.com\\\/actualidad\\\/este-junio-la-escuela-de-musica-joaquin-maya-sale-a-sus-balcones-de-la-calle-padre-moret-se-acerca-al-patio-de-la-camara-de-comercio-y-pone-en-escena-un-teatro-musical\\\/#primaryimage\"},\"thumbnailUrl\":\"https:\\\/\\\/www.laguiadepamplona.com\\\/actualidad\\\/wp-content\\\/uploads\\\/2021\\\/09\\\/escuela-musica-joaquin-maya.jpg\",\"articleSection\":[\"Ayto Pamplona\"],\"inLanguage\":\"es\",\"potentialAction\":[{\"@type\":\"CommentAction\",\"name\":\"Comment\",\"target\":[\"https:\\\/\\\/www.laguiadepamplona.com\\\/actualidad\\\/este-junio-la-escuela-de-musica-joaquin-maya-sale-a-sus-balcones-de-la-calle-padre-moret-se-acerca-al-patio-de-la-camara-de-comercio-y-pone-en-escena-un-teatro-musical\\\/#respond\"]}]},{\"@type\":\"WebPage\",\"@id\":\"https:\\\/\\\/www.laguiadepamplona.com\\\/actualidad\\\/este-junio-la-escuela-de-musica-joaquin-maya-sale-a-sus-balcones-de-la-calle-padre-moret-se-acerca-al-patio-de-la-camara-de-comercio-y-pone-en-escena-un-teatro-musical\\\/\",\"url\":\"https:\\\/\\\/www.laguiadepamplona.com\\\/actualidad\\\/este-junio-la-escuela-de-musica-joaquin-maya-sale-a-sus-balcones-de-la-calle-padre-moret-se-acerca-al-patio-de-la-camara-de-comercio-y-pone-en-escena-un-teatro-musical\\\/\",\"name\":\"Este junio la Escuela de M\u00fasica Joaqu\u00edn Maya sale a sus balcones de la calle Padre Moret, se acerca al patio de la C\u00e1mara de Comercio y pone en escena un teatro musical\",\"isPartOf\":{\"@id\":\"https:\\\/\\\/www.laguiadepamplona.com\\\/actualidad\\\/#website\"},\"primaryImageOfPage\":{\"@id\":\"https:\\\/\\\/www.laguiadepamplona.com\\\/actualidad\\\/este-junio-la-escuela-de-musica-joaquin-maya-sale-a-sus-balcones-de-la-calle-padre-moret-se-acerca-al-patio-de-la-camara-de-comercio-y-pone-en-escena-un-teatro-musical\\\/#primaryimage\"},\"image\":{\"@id\":\"https:\\\/\\\/www.laguiadepamplona.com\\\/actualidad\\\/este-junio-la-escuela-de-musica-joaquin-maya-sale-a-sus-balcones-de-la-calle-padre-moret-se-acerca-al-patio-de-la-camara-de-comercio-y-pone-en-escena-un-teatro-musical\\\/#primaryimage\"},\"thumbnailUrl\":\"https:\\\/\\\/www.laguiadepamplona.com\\\/actualidad\\\/wp-content\\\/uploads\\\/2021\\\/09\\\/escuela-musica-joaquin-maya.jpg\",\"datePublished\":\"2022-06-03T10:06:31+00:00\",\"dateModified\":\"2023-04-11T09:48:06+00:00\",\"description\":\"Son iniciativas que celebran la recuperaci\u00f3n de la normalidad y se unen a los tradicionales conciertos de fin de curso y audiciones de final de trimestre\",\"breadcrumb\":{\"@id\":\"https:\\\/\\\/www.laguiadepamplona.com\\\/actualidad\\\/este-junio-la-escuela-de-musica-joaquin-maya-sale-a-sus-balcones-de-la-calle-padre-moret-se-acerca-al-patio-de-la-camara-de-comercio-y-pone-en-escena-un-teatro-musical\\\/#breadcrumb\"},\"inLanguage\":\"es\",\"potentialAction\":[{\"@type\":\"ReadAction\",\"target\":[\"https:\\\/\\\/www.laguiadepamplona.com\\\/actualidad\\\/este-junio-la-escuela-de-musica-joaquin-maya-sale-a-sus-balcones-de-la-calle-padre-moret-se-acerca-al-patio-de-la-camara-de-comercio-y-pone-en-escena-un-teatro-musical\\\/\"]}]},{\"@type\":\"ImageObject\",\"inLanguage\":\"es\",\"@id\":\"https:\\\/\\\/www.laguiadepamplona.com\\\/actualidad\\\/este-junio-la-escuela-de-musica-joaquin-maya-sale-a-sus-balcones-de-la-calle-padre-moret-se-acerca-al-patio-de-la-camara-de-comercio-y-pone-en-escena-un-teatro-musical\\\/#primaryimage\",\"url\":\"https:\\\/\\\/www.laguiadepamplona.com\\\/actualidad\\\/wp-content\\\/uploads\\\/2021\\\/09\\\/escuela-musica-joaquin-maya.jpg\",\"contentUrl\":\"https:\\\/\\\/www.laguiadepamplona.com\\\/actualidad\\\/wp-content\\\/uploads\\\/2021\\\/09\\\/escuela-musica-joaquin-maya.jpg\",\"width\":1920,\"height\":1280,\"caption\":\"escuela de m\u00fasica Joaqu\u00edn Maya\"},{\"@type\":\"BreadcrumbList\",\"@id\":\"https:\\\/\\\/www.laguiadepamplona.com\\\/actualidad\\\/este-junio-la-escuela-de-musica-joaquin-maya-sale-a-sus-balcones-de-la-calle-padre-moret-se-acerca-al-patio-de-la-camara-de-comercio-y-pone-en-escena-un-teatro-musical\\\/#breadcrumb\",\"itemListElement\":[{\"@type\":\"ListItem\",\"position\":1,\"name\":\"Portada\",\"item\":\"https:\\\/\\\/www.laguiadepamplona.com\\\/actualidad\\\/\"},{\"@type\":\"ListItem\",\"position\":2,\"name\":\"Este junio la Escuela de M\u00fasica Joaqu\u00edn Maya sale a sus balcones de la calle Padre Moret, se acerca al patio de la C\u00e1mara de Comercio y pone en escena un teatro musical\"}]},{\"@type\":\"WebSite\",\"@id\":\"https:\\\/\\\/www.laguiadepamplona.com\\\/actualidad\\\/#website\",\"url\":\"https:\\\/\\\/www.laguiadepamplona.com\\\/actualidad\\\/\",\"name\":\"La gu\u00eda de Pamplona\",\"description\":\"Noticias de Pamplona\",\"publisher\":{\"@id\":\"https:\\\/\\\/www.laguiadepamplona.com\\\/actualidad\\\/#organization\"},\"potentialAction\":[{\"@type\":\"SearchAction\",\"target\":{\"@type\":\"EntryPoint\",\"urlTemplate\":\"https:\\\/\\\/www.laguiadepamplona.com\\\/actualidad\\\/?s={search_term_string}\"},\"query-input\":{\"@type\":\"PropertyValueSpecification\",\"valueRequired\":true,\"valueName\":\"search_term_string\"}}],\"inLanguage\":\"es\"},{\"@type\":\"Organization\",\"@id\":\"https:\\\/\\\/www.laguiadepamplona.com\\\/actualidad\\\/#organization\",\"name\":\"La Gu\u00eda de Pamplona \\\/ Noticias\",\"url\":\"https:\\\/\\\/www.laguiadepamplona.com\\\/actualidad\\\/\",\"logo\":{\"@type\":\"ImageObject\",\"inLanguage\":\"es\",\"@id\":\"https:\\\/\\\/www.laguiadepamplona.com\\\/actualidad\\\/#\\\/schema\\\/logo\\\/image\\\/\",\"url\":\"https:\\\/\\\/www.laguiadepamplona.com\\\/actualidad\\\/wp-content\\\/uploads\\\/2018\\\/11\\\/logo-laguiadepamplona18-web1.png\",\"contentUrl\":\"https:\\\/\\\/www.laguiadepamplona.com\\\/actualidad\\\/wp-content\\\/uploads\\\/2018\\\/11\\\/logo-laguiadepamplona18-web1.png\",\"width\":600,\"height\":196,\"caption\":\"La Gu\u00eda de Pamplona \\\/ Noticias\"},\"image\":{\"@id\":\"https:\\\/\\\/www.laguiadepamplona.com\\\/actualidad\\\/#\\\/schema\\\/logo\\\/image\\\/\"},\"sameAs\":[\"https:\\\/\\\/www.facebook.com\\\/laguiadepamplonacom-133175176762273\\\/?ref=hl\",\"https:\\\/\\\/x.com\\\/LaGuiadPamplona\",\"https:\\\/\\\/www.instagram.com\\\/la_guia_de_pamplona\\\/\",\"https:\\\/\\\/www.youtube.com\\\/user\\\/laguiadepamplona\"]},{\"@type\":\"Person\",\"@id\":\"https:\\\/\\\/www.laguiadepamplona.com\\\/actualidad\\\/#\\\/schema\\\/person\\\/efe887376f0213d4657c93adc50b1fdb\",\"name\":\"La Gu\u00eda de Pamplona\",\"image\":{\"@type\":\"ImageObject\",\"inLanguage\":\"es\",\"@id\":\"https:\\\/\\\/secure.gravatar.com\\\/avatar\\\/b6992f131dc8d30ab0dff15446e9d346d9dbd95992de0fef795073f5ea83a81c?s=96&d=mm&r=g\",\"url\":\"https:\\\/\\\/secure.gravatar.com\\\/avatar\\\/b6992f131dc8d30ab0dff15446e9d346d9dbd95992de0fef795073f5ea83a81c?s=96&d=mm&r=g\",\"contentUrl\":\"https:\\\/\\\/secure.gravatar.com\\\/avatar\\\/b6992f131dc8d30ab0dff15446e9d346d9dbd95992de0fef795073f5ea83a81c?s=96&d=mm&r=g\",\"caption\":\"La Gu\u00eda de Pamplona\"}}]}<\/script>\n<!-- \/ Yoast SEO plugin. -->","yoast_head_json":{"title":"Este junio la Escuela de M\u00fasica Joaqu\u00edn Maya sale a sus balcones de la calle Padre Moret, se acerca al patio de la C\u00e1mara de Comercio y pone en escena un teatro musical","description":"Son iniciativas que celebran la recuperaci\u00f3n de la normalidad y se unen a los tradicionales conciertos de fin de curso y audiciones de final de trimestre","robots":{"index":"index","follow":"follow","max-snippet":"max-snippet:-1","max-image-preview":"max-image-preview:large","max-video-preview":"max-video-preview:-1"},"canonical":"https:\/\/www.laguiadepamplona.com\/actualidad\/este-junio-la-escuela-de-musica-joaquin-maya-sale-a-sus-balcones-de-la-calle-padre-moret-se-acerca-al-patio-de-la-camara-de-comercio-y-pone-en-escena-un-teatro-musical\/","og_locale":"es_ES","og_type":"article","og_title":"Este junio la Escuela de M\u00fasica Joaqu\u00edn Maya sale a sus balcones de la calle Padre Moret, se acerca al patio de la C\u00e1mara de Comercio y pone en escena un teatro musical","og_description":"Son iniciativas que celebran la recuperaci\u00f3n de la normalidad y se unen a los tradicionales conciertos de fin de curso y audiciones de final de trimestre","og_url":"https:\/\/www.laguiadepamplona.com\/actualidad\/este-junio-la-escuela-de-musica-joaquin-maya-sale-a-sus-balcones-de-la-calle-padre-moret-se-acerca-al-patio-de-la-camara-de-comercio-y-pone-en-escena-un-teatro-musical\/","og_site_name":"La Gu\u00eda de Pamplona","article_publisher":"https:\/\/www.facebook.com\/laguiadepamplonacom-133175176762273\/?ref=hl","article_published_time":"2022-06-03T10:06:31+00:00","article_modified_time":"2023-04-11T09:48:06+00:00","og_image":[{"width":1920,"height":1280,"url":"https:\/\/www.laguiadepamplona.com\/actualidad\/wp-content\/uploads\/2021\/09\/escuela-musica-joaquin-maya.jpg","type":"image\/jpeg"}],"author":"La Gu\u00eda de Pamplona","twitter_card":"summary_large_image","twitter_creator":"@LaGuiadPamplona","twitter_site":"@LaGuiadPamplona","twitter_misc":{"Escrito por":"La Gu\u00eda de Pamplona","Tiempo de lectura":"4 minutos"},"schema":{"@context":"https:\/\/schema.org","@graph":[{"@type":"Article","@id":"https:\/\/www.laguiadepamplona.com\/actualidad\/este-junio-la-escuela-de-musica-joaquin-maya-sale-a-sus-balcones-de-la-calle-padre-moret-se-acerca-al-patio-de-la-camara-de-comercio-y-pone-en-escena-un-teatro-musical\/#article","isPartOf":{"@id":"https:\/\/www.laguiadepamplona.com\/actualidad\/este-junio-la-escuela-de-musica-joaquin-maya-sale-a-sus-balcones-de-la-calle-padre-moret-se-acerca-al-patio-de-la-camara-de-comercio-y-pone-en-escena-un-teatro-musical\/"},"author":{"name":"La Gu\u00eda de Pamplona","@id":"https:\/\/www.laguiadepamplona.com\/actualidad\/#\/schema\/person\/efe887376f0213d4657c93adc50b1fdb"},"headline":"Este junio la Escuela de M\u00fasica Joaqu\u00edn Maya sale a sus balcones de la calle Padre Moret, se acerca al patio de la C\u00e1mara de Comercio y pone en escena un teatro musical","datePublished":"2022-06-03T10:06:31+00:00","dateModified":"2023-04-11T09:48:06+00:00","mainEntityOfPage":{"@id":"https:\/\/www.laguiadepamplona.com\/actualidad\/este-junio-la-escuela-de-musica-joaquin-maya-sale-a-sus-balcones-de-la-calle-padre-moret-se-acerca-al-patio-de-la-camara-de-comercio-y-pone-en-escena-un-teatro-musical\/"},"wordCount":804,"commentCount":0,"publisher":{"@id":"https:\/\/www.laguiadepamplona.com\/actualidad\/#organization"},"image":{"@id":"https:\/\/www.laguiadepamplona.com\/actualidad\/este-junio-la-escuela-de-musica-joaquin-maya-sale-a-sus-balcones-de-la-calle-padre-moret-se-acerca-al-patio-de-la-camara-de-comercio-y-pone-en-escena-un-teatro-musical\/#primaryimage"},"thumbnailUrl":"https:\/\/www.laguiadepamplona.com\/actualidad\/wp-content\/uploads\/2021\/09\/escuela-musica-joaquin-maya.jpg","articleSection":["Ayto Pamplona"],"inLanguage":"es","potentialAction":[{"@type":"CommentAction","name":"Comment","target":["https:\/\/www.laguiadepamplona.com\/actualidad\/este-junio-la-escuela-de-musica-joaquin-maya-sale-a-sus-balcones-de-la-calle-padre-moret-se-acerca-al-patio-de-la-camara-de-comercio-y-pone-en-escena-un-teatro-musical\/#respond"]}]},{"@type":"WebPage","@id":"https:\/\/www.laguiadepamplona.com\/actualidad\/este-junio-la-escuela-de-musica-joaquin-maya-sale-a-sus-balcones-de-la-calle-padre-moret-se-acerca-al-patio-de-la-camara-de-comercio-y-pone-en-escena-un-teatro-musical\/","url":"https:\/\/www.laguiadepamplona.com\/actualidad\/este-junio-la-escuela-de-musica-joaquin-maya-sale-a-sus-balcones-de-la-calle-padre-moret-se-acerca-al-patio-de-la-camara-de-comercio-y-pone-en-escena-un-teatro-musical\/","name":"Este junio la Escuela de M\u00fasica Joaqu\u00edn Maya sale a sus balcones de la calle Padre Moret, se acerca al patio de la C\u00e1mara de Comercio y pone en escena un teatro musical","isPartOf":{"@id":"https:\/\/www.laguiadepamplona.com\/actualidad\/#website"},"primaryImageOfPage":{"@id":"https:\/\/www.laguiadepamplona.com\/actualidad\/este-junio-la-escuela-de-musica-joaquin-maya-sale-a-sus-balcones-de-la-calle-padre-moret-se-acerca-al-patio-de-la-camara-de-comercio-y-pone-en-escena-un-teatro-musical\/#primaryimage"},"image":{"@id":"https:\/\/www.laguiadepamplona.com\/actualidad\/este-junio-la-escuela-de-musica-joaquin-maya-sale-a-sus-balcones-de-la-calle-padre-moret-se-acerca-al-patio-de-la-camara-de-comercio-y-pone-en-escena-un-teatro-musical\/#primaryimage"},"thumbnailUrl":"https:\/\/www.laguiadepamplona.com\/actualidad\/wp-content\/uploads\/2021\/09\/escuela-musica-joaquin-maya.jpg","datePublished":"2022-06-03T10:06:31+00:00","dateModified":"2023-04-11T09:48:06+00:00","description":"Son iniciativas que celebran la recuperaci\u00f3n de la normalidad y se unen a los tradicionales conciertos de fin de curso y audiciones de final de trimestre","breadcrumb":{"@id":"https:\/\/www.laguiadepamplona.com\/actualidad\/este-junio-la-escuela-de-musica-joaquin-maya-sale-a-sus-balcones-de-la-calle-padre-moret-se-acerca-al-patio-de-la-camara-de-comercio-y-pone-en-escena-un-teatro-musical\/#breadcrumb"},"inLanguage":"es","potentialAction":[{"@type":"ReadAction","target":["https:\/\/www.laguiadepamplona.com\/actualidad\/este-junio-la-escuela-de-musica-joaquin-maya-sale-a-sus-balcones-de-la-calle-padre-moret-se-acerca-al-patio-de-la-camara-de-comercio-y-pone-en-escena-un-teatro-musical\/"]}]},{"@type":"ImageObject","inLanguage":"es","@id":"https:\/\/www.laguiadepamplona.com\/actualidad\/este-junio-la-escuela-de-musica-joaquin-maya-sale-a-sus-balcones-de-la-calle-padre-moret-se-acerca-al-patio-de-la-camara-de-comercio-y-pone-en-escena-un-teatro-musical\/#primaryimage","url":"https:\/\/www.laguiadepamplona.com\/actualidad\/wp-content\/uploads\/2021\/09\/escuela-musica-joaquin-maya.jpg","contentUrl":"https:\/\/www.laguiadepamplona.com\/actualidad\/wp-content\/uploads\/2021\/09\/escuela-musica-joaquin-maya.jpg","width":1920,"height":1280,"caption":"escuela de m\u00fasica Joaqu\u00edn Maya"},{"@type":"BreadcrumbList","@id":"https:\/\/www.laguiadepamplona.com\/actualidad\/este-junio-la-escuela-de-musica-joaquin-maya-sale-a-sus-balcones-de-la-calle-padre-moret-se-acerca-al-patio-de-la-camara-de-comercio-y-pone-en-escena-un-teatro-musical\/#breadcrumb","itemListElement":[{"@type":"ListItem","position":1,"name":"Portada","item":"https:\/\/www.laguiadepamplona.com\/actualidad\/"},{"@type":"ListItem","position":2,"name":"Este junio la Escuela de M\u00fasica Joaqu\u00edn Maya sale a sus balcones de la calle Padre Moret, se acerca al patio de la C\u00e1mara de Comercio y pone en escena un teatro musical"}]},{"@type":"WebSite","@id":"https:\/\/www.laguiadepamplona.com\/actualidad\/#website","url":"https:\/\/www.laguiadepamplona.com\/actualidad\/","name":"La gu\u00eda de Pamplona","description":"Noticias de Pamplona","publisher":{"@id":"https:\/\/www.laguiadepamplona.com\/actualidad\/#organization"},"potentialAction":[{"@type":"SearchAction","target":{"@type":"EntryPoint","urlTemplate":"https:\/\/www.laguiadepamplona.com\/actualidad\/?s={search_term_string}"},"query-input":{"@type":"PropertyValueSpecification","valueRequired":true,"valueName":"search_term_string"}}],"inLanguage":"es"},{"@type":"Organization","@id":"https:\/\/www.laguiadepamplona.com\/actualidad\/#organization","name":"La Gu\u00eda de Pamplona \/ Noticias","url":"https:\/\/www.laguiadepamplona.com\/actualidad\/","logo":{"@type":"ImageObject","inLanguage":"es","@id":"https:\/\/www.laguiadepamplona.com\/actualidad\/#\/schema\/logo\/image\/","url":"https:\/\/www.laguiadepamplona.com\/actualidad\/wp-content\/uploads\/2018\/11\/logo-laguiadepamplona18-web1.png","contentUrl":"https:\/\/www.laguiadepamplona.com\/actualidad\/wp-content\/uploads\/2018\/11\/logo-laguiadepamplona18-web1.png","width":600,"height":196,"caption":"La Gu\u00eda de Pamplona \/ Noticias"},"image":{"@id":"https:\/\/www.laguiadepamplona.com\/actualidad\/#\/schema\/logo\/image\/"},"sameAs":["https:\/\/www.facebook.com\/laguiadepamplonacom-133175176762273\/?ref=hl","https:\/\/x.com\/LaGuiadPamplona","https:\/\/www.instagram.com\/la_guia_de_pamplona\/","https:\/\/www.youtube.com\/user\/laguiadepamplona"]},{"@type":"Person","@id":"https:\/\/www.laguiadepamplona.com\/actualidad\/#\/schema\/person\/efe887376f0213d4657c93adc50b1fdb","name":"La Gu\u00eda de Pamplona","image":{"@type":"ImageObject","inLanguage":"es","@id":"https:\/\/secure.gravatar.com\/avatar\/b6992f131dc8d30ab0dff15446e9d346d9dbd95992de0fef795073f5ea83a81c?s=96&d=mm&r=g","url":"https:\/\/secure.gravatar.com\/avatar\/b6992f131dc8d30ab0dff15446e9d346d9dbd95992de0fef795073f5ea83a81c?s=96&d=mm&r=g","contentUrl":"https:\/\/secure.gravatar.com\/avatar\/b6992f131dc8d30ab0dff15446e9d346d9dbd95992de0fef795073f5ea83a81c?s=96&d=mm&r=g","caption":"La Gu\u00eda de Pamplona"}}]}},"post_mailing_queue_ids":[],"_links":{"self":[{"href":"https:\/\/www.laguiadepamplona.com\/actualidad\/wp-json\/wp\/v2\/posts\/40608","targetHints":{"allow":["GET"]}}],"collection":[{"href":"https:\/\/www.laguiadepamplona.com\/actualidad\/wp-json\/wp\/v2\/posts"}],"about":[{"href":"https:\/\/www.laguiadepamplona.com\/actualidad\/wp-json\/wp\/v2\/types\/post"}],"author":[{"embeddable":true,"href":"https:\/\/www.laguiadepamplona.com\/actualidad\/wp-json\/wp\/v2\/users\/1"}],"replies":[{"embeddable":true,"href":"https:\/\/www.laguiadepamplona.com\/actualidad\/wp-json\/wp\/v2\/comments?post=40608"}],"version-history":[{"count":0,"href":"https:\/\/www.laguiadepamplona.com\/actualidad\/wp-json\/wp\/v2\/posts\/40608\/revisions"}],"wp:featuredmedia":[{"embeddable":true,"href":"https:\/\/www.laguiadepamplona.com\/actualidad\/wp-json\/wp\/v2\/media\/36440"}],"wp:attachment":[{"href":"https:\/\/www.laguiadepamplona.com\/actualidad\/wp-json\/wp\/v2\/media?parent=40608"}],"wp:term":[{"taxonomy":"category","embeddable":true,"href":"https:\/\/www.laguiadepamplona.com\/actualidad\/wp-json\/wp\/v2\/categories?post=40608"},{"taxonomy":"post_tag","embeddable":true,"href":"https:\/\/www.laguiadepamplona.com\/actualidad\/wp-json\/wp\/v2\/tags?post=40608"}],"curies":[{"name":"wp","href":"https:\/\/api.w.org\/{rel}","templated":true}]}}