{"id":40605,"date":"2022-06-03T11:58:40","date_gmt":"2022-06-03T09:58:40","guid":{"rendered":"https:\/\/www.laguiadepamplona.com\/actualidad\/?p=40605"},"modified":"2023-04-11T11:48:06","modified_gmt":"2023-04-11T09:48:06","slug":"pamplona-se-adhiere-al-camino-de-la-vera-cruz-una-iniciativa-que-reconstruye-una-ruta-de-peregrinaje-de-siete-siglos-entre-roncesvalles-y-caravaca-de-la-cruz-murcia","status":"publish","type":"post","link":"https:\/\/www.laguiadepamplona.com\/actualidad\/pamplona-se-adhiere-al-camino-de-la-vera-cruz-una-iniciativa-que-reconstruye-una-ruta-de-peregrinaje-de-siete-siglos-entre-roncesvalles-y-caravaca-de-la-cruz-murcia\/","title":{"rendered":"Pamplona se adhiere al \u2018Camino de la Vera Cruz\u2019, una iniciativa que reconstruye una ruta de peregrinaje de siete siglos entre Roncesvalles y Caravaca de la Cruz (Murcia)"},"content":{"rendered":"<h5>El Pleno del Ayuntamiento aprob\u00f3 ayer la participaci\u00f3n de la ciudad en este trayecto vinculado a la Orden del Temple y al <em>lignum crucis<\/em><\/h5>\n<p><!--more--><\/p>\n<p>Pamplona, por decisi\u00f3n del Pleno, se ha adherido a proyecto de trazar un itinerario cultural y de peregrinaje entre Roncesvalles y Caravaca de la Cruz, que pasa por Pamplona de camino a la antigua encomienda templaria de Puente la Reina: \u2018El Camino de la Vera Cruz\u2019. Es una ruta que se basa en las diversas descripciones de un trayecto que se realiz\u00f3, al menos, desde el siglo XIV ya hasta el XIX, vinculado a la adoraci\u00f3n de una reliquia, el <em>Lignum Crucis<\/em>. Ese t\u00e9rmino hace referencia a la creencia de que una astilla de la Santa Cruz de Jerusal\u00e9n pudo llegar a la Pen\u00ednsula desde Tierra Santa a trav\u00e9s de los caballeros de la Orden del Temple en \u00e9poca de las Cruzadas.<br \/>\n<script async src=\"\/\/pagead2.googlesyndication.com\/pagead\/js\/adsbygoogle.js\"><\/script><br \/>\n<!-- Noticias La Guia de Pamplona --><br \/>\n<ins class=\"adsbygoogle\"\nstyle=\"display:block\"\ndata-ad-client=\"ca-pub-6943679897239327\"\ndata-ad-slot=\"7048180777\"\ndata-ad-format=\"auto\"><\/ins><br \/>\n<script>\n(adsbygoogle = window.adsbygoogle || []).push({});\n<\/script><\/p>\n<p>El nexo entre la santa reliquia y la Cruz de Caravaca, una tipolog\u00eda de inspiraci\u00f3n bizantina, estar\u00eda precisamente en que los monjes-guerreros templarios, seg\u00fan los estudios, utilizaron como ense\u00f1a no solo la conocida cruz griega roja sobre t\u00fanica y capa blanca, sino tambi\u00e9n la cruz de Caravaca, s\u00edmbolo del Patriarca de Jerusal\u00e9n, del que dependieron. Se sabe que existieron trece <em>Lignum Crucis<\/em> vinculadas a encomiendas y posesiones templarias. En Navarra se conserva una en Estella, procedente de Murugarren, y hay noticias de otras dos, actualmente desaparecidas, en Torres del R\u00edo y Artajona.<\/p>\n<p>Los templarios son tambi\u00e9n un punto de conexi\u00f3n entre el Camino de la Vera Cruz, una peregrinaci\u00f3n especialmente preciosa en la Edad Media por el valor que se confer\u00eda a esta reliquia, y la muy frecuentada Ruta Jacobea. Desde muy temprano la Orden del Temple se convirti\u00f3 en la defensora de los peregrinos de ambos trayectos contra salteadores y bandidos, poniendo sus armas reglamentarias, espadas y dagas, al servicio de la Cristiandad. As\u00ed, existe constancia de peregrinos que transitaban por ambas rutas de forma sucesiva, con Puente la Reina como espacio de interconexi\u00f3n f\u00edsica entre los dos itinerarios; es el caso, por ejemplo, de una familia de peregrinos estelleses cuya hija se bautiz\u00f3 en Caravaca con el nombre Mar\u00eda de la Cruz, en el siglo XVIII. El tr\u00e1fico de viajeros proveniente de m\u00e1s all\u00e1 de las fronteras de la Pen\u00ednsula para realizar ambas rutas entraba por el Camino de Santiago franc\u00e9s (Roncesvalles) y pasaba por Pamplona, de camino a Puente.<br \/>\n<script async src=\"\/\/pagead2.googlesyndication.com\/pagead\/js\/adsbygoogle.js\"><\/script><br \/>\n<!-- Noticias La Guia de Pamplona --><br \/>\n<ins class=\"adsbygoogle\"\nstyle=\"display:block\"\ndata-ad-client=\"ca-pub-6943679897239327\"\ndata-ad-slot=\"7048180777\"\ndata-ad-format=\"auto\"><\/ins><br \/>\n<script>\n(adsbygoogle = window.adsbygoogle || []).push({});\n<\/script><\/p>\n<p>Tras la adhesi\u00f3n de ayer, la ciudad trabajar\u00e1 en definir el papel que le correspondi\u00f3 durante siglos a Pamplona en estas peregrinaciones y las acciones que se pueden organizar en el futuro en torno al trazado del Camino de la Vera Cruz, tal y como se ha definido en la actualidad por sus promotores. Estos trabajos pueden contemplar desde la se\u00f1alizaci\u00f3n, hasta la implementaci\u00f3n de servicios vinculados a este itinerario. Este ser\u00e1 el cuarto itinerario preestablecido internacional que pase por Pamplona y se convierta en un recurso de atracci\u00f3n tur\u00edstica para la ciudad. Adem\u00e1s del \u00b4Camino de la Vera Cruz\u2019, Pamplona es \u2018La primera del Camino\u2019 de la Ruta Jacobea, forma parte del nuevo Itinerario Cultural Europeo V\u00eda Carlomagno y participa en Eurovelo 1, un trayecto ciclable que, desde Noruega, lleva al ciclista hasta el sur de Espa\u00f1a. En el caso del itinerario de la Vera Cruz, la adhesi\u00f3n a la red supone para el Consistorio un desembolso anual de 700 euros.<\/p>\n","protected":false},"excerpt":{"rendered":"<p>El Pleno del Ayuntamiento aprob\u00f3 ayer la participaci\u00f3n de la ciudad en este trayecto vinculado a la Orden del Temple y al lignum crucis<\/p>\n","protected":false},"author":1,"featured_media":36074,"comment_status":"open","ping_status":"closed","sticky":false,"template":"","format":"standard","meta":{"footnotes":""},"categories":[2],"tags":[],"class_list":["post-40605","post","type-post","status-publish","format-standard","has-post-thumbnail","hentry","category-ayuntamiento-pamplona"],"yoast_head":"<!-- This site is optimized with the Yoast SEO plugin v27.3 - https:\/\/yoast.com\/product\/yoast-seo-wordpress\/ -->\n<title>Pamplona se adhiere al \u2018Camino de la Vera Cruz\u2019, una iniciativa que reconstruye una ruta de peregrinaje de siete siglos entre Roncesvalles y Caravaca de la Cruz (Murcia)<\/title>\n<meta name=\"description\" content=\"El Pleno del Ayuntamiento aprob\u00f3 ayer la participaci\u00f3n de la ciudad en este trayecto vinculado a la Orden del Temple y al lignum crucis\" \/>\n<meta name=\"robots\" content=\"index, follow, max-snippet:-1, max-image-preview:large, max-video-preview:-1\" \/>\n<link rel=\"canonical\" href=\"https:\/\/www.laguiadepamplona.com\/actualidad\/pamplona-se-adhiere-al-camino-de-la-vera-cruz-una-iniciativa-que-reconstruye-una-ruta-de-peregrinaje-de-siete-siglos-entre-roncesvalles-y-caravaca-de-la-cruz-murcia\/\" \/>\n<meta property=\"og:locale\" content=\"es_ES\" \/>\n<meta property=\"og:type\" content=\"article\" \/>\n<meta property=\"og:title\" content=\"Pamplona se adhiere al \u2018Camino de la Vera Cruz\u2019, una iniciativa que reconstruye una ruta de peregrinaje de siete siglos entre Roncesvalles y Caravaca de la Cruz (Murcia)\" \/>\n<meta property=\"og:description\" content=\"El Pleno del Ayuntamiento aprob\u00f3 ayer la participaci\u00f3n de la ciudad en este trayecto vinculado a la Orden del Temple y al lignum crucis\" \/>\n<meta property=\"og:url\" content=\"https:\/\/www.laguiadepamplona.com\/actualidad\/pamplona-se-adhiere-al-camino-de-la-vera-cruz-una-iniciativa-que-reconstruye-una-ruta-de-peregrinaje-de-siete-siglos-entre-roncesvalles-y-caravaca-de-la-cruz-murcia\/\" \/>\n<meta property=\"og:site_name\" content=\"La Gu\u00eda de Pamplona\" \/>\n<meta property=\"article:publisher\" content=\"https:\/\/www.facebook.com\/laguiadepamplonacom-133175176762273\/?ref=hl\" \/>\n<meta property=\"article:published_time\" content=\"2022-06-03T09:58:40+00:00\" \/>\n<meta property=\"article:modified_time\" content=\"2023-04-11T09:48:06+00:00\" \/>\n<meta property=\"og:image\" content=\"https:\/\/www.laguiadepamplona.com\/actualidad\/wp-content\/uploads\/2021\/08\/ayuntamiento-pamplona2.jpg\" \/>\n\t<meta property=\"og:image:width\" content=\"1920\" \/>\n\t<meta property=\"og:image:height\" content=\"1080\" \/>\n\t<meta property=\"og:image:type\" content=\"image\/jpeg\" \/>\n<meta name=\"author\" content=\"La Gu\u00eda de Pamplona\" \/>\n<meta name=\"twitter:card\" content=\"summary_large_image\" \/>\n<meta name=\"twitter:creator\" content=\"@LaGuiadPamplona\" \/>\n<meta name=\"twitter:site\" content=\"@LaGuiadPamplona\" \/>\n<meta name=\"twitter:label1\" content=\"Escrito por\" \/>\n\t<meta name=\"twitter:data1\" content=\"La Gu\u00eda de Pamplona\" \/>\n\t<meta name=\"twitter:label2\" content=\"Tiempo de lectura\" \/>\n\t<meta name=\"twitter:data2\" content=\"3 minutos\" \/>\n<script type=\"application\/ld+json\" class=\"yoast-schema-graph\">{\"@context\":\"https:\\\/\\\/schema.org\",\"@graph\":[{\"@type\":\"Article\",\"@id\":\"https:\\\/\\\/www.laguiadepamplona.com\\\/actualidad\\\/pamplona-se-adhiere-al-camino-de-la-vera-cruz-una-iniciativa-que-reconstruye-una-ruta-de-peregrinaje-de-siete-siglos-entre-roncesvalles-y-caravaca-de-la-cruz-murcia\\\/#article\",\"isPartOf\":{\"@id\":\"https:\\\/\\\/www.laguiadepamplona.com\\\/actualidad\\\/pamplona-se-adhiere-al-camino-de-la-vera-cruz-una-iniciativa-que-reconstruye-una-ruta-de-peregrinaje-de-siete-siglos-entre-roncesvalles-y-caravaca-de-la-cruz-murcia\\\/\"},\"author\":{\"name\":\"La Gu\u00eda de Pamplona\",\"@id\":\"https:\\\/\\\/www.laguiadepamplona.com\\\/actualidad\\\/#\\\/schema\\\/person\\\/efe887376f0213d4657c93adc50b1fdb\"},\"headline\":\"Pamplona se adhiere al \u2018Camino de la Vera Cruz\u2019, una iniciativa que reconstruye una ruta de peregrinaje de siete siglos entre Roncesvalles y Caravaca de la Cruz (Murcia)\",\"datePublished\":\"2022-06-03T09:58:40+00:00\",\"dateModified\":\"2023-04-11T09:48:06+00:00\",\"mainEntityOfPage\":{\"@id\":\"https:\\\/\\\/www.laguiadepamplona.com\\\/actualidad\\\/pamplona-se-adhiere-al-camino-de-la-vera-cruz-una-iniciativa-que-reconstruye-una-ruta-de-peregrinaje-de-siete-siglos-entre-roncesvalles-y-caravaca-de-la-cruz-murcia\\\/\"},\"wordCount\":624,\"commentCount\":0,\"publisher\":{\"@id\":\"https:\\\/\\\/www.laguiadepamplona.com\\\/actualidad\\\/#organization\"},\"image\":{\"@id\":\"https:\\\/\\\/www.laguiadepamplona.com\\\/actualidad\\\/pamplona-se-adhiere-al-camino-de-la-vera-cruz-una-iniciativa-que-reconstruye-una-ruta-de-peregrinaje-de-siete-siglos-entre-roncesvalles-y-caravaca-de-la-cruz-murcia\\\/#primaryimage\"},\"thumbnailUrl\":\"https:\\\/\\\/www.laguiadepamplona.com\\\/actualidad\\\/wp-content\\\/uploads\\\/2021\\\/08\\\/ayuntamiento-pamplona2.jpg\",\"articleSection\":[\"Ayto Pamplona\"],\"inLanguage\":\"es\",\"potentialAction\":[{\"@type\":\"CommentAction\",\"name\":\"Comment\",\"target\":[\"https:\\\/\\\/www.laguiadepamplona.com\\\/actualidad\\\/pamplona-se-adhiere-al-camino-de-la-vera-cruz-una-iniciativa-que-reconstruye-una-ruta-de-peregrinaje-de-siete-siglos-entre-roncesvalles-y-caravaca-de-la-cruz-murcia\\\/#respond\"]}]},{\"@type\":\"WebPage\",\"@id\":\"https:\\\/\\\/www.laguiadepamplona.com\\\/actualidad\\\/pamplona-se-adhiere-al-camino-de-la-vera-cruz-una-iniciativa-que-reconstruye-una-ruta-de-peregrinaje-de-siete-siglos-entre-roncesvalles-y-caravaca-de-la-cruz-murcia\\\/\",\"url\":\"https:\\\/\\\/www.laguiadepamplona.com\\\/actualidad\\\/pamplona-se-adhiere-al-camino-de-la-vera-cruz-una-iniciativa-que-reconstruye-una-ruta-de-peregrinaje-de-siete-siglos-entre-roncesvalles-y-caravaca-de-la-cruz-murcia\\\/\",\"name\":\"Pamplona se adhiere al \u2018Camino de la Vera Cruz\u2019, una iniciativa que reconstruye una ruta de peregrinaje de siete siglos entre Roncesvalles y Caravaca de la Cruz (Murcia)\",\"isPartOf\":{\"@id\":\"https:\\\/\\\/www.laguiadepamplona.com\\\/actualidad\\\/#website\"},\"primaryImageOfPage\":{\"@id\":\"https:\\\/\\\/www.laguiadepamplona.com\\\/actualidad\\\/pamplona-se-adhiere-al-camino-de-la-vera-cruz-una-iniciativa-que-reconstruye-una-ruta-de-peregrinaje-de-siete-siglos-entre-roncesvalles-y-caravaca-de-la-cruz-murcia\\\/#primaryimage\"},\"image\":{\"@id\":\"https:\\\/\\\/www.laguiadepamplona.com\\\/actualidad\\\/pamplona-se-adhiere-al-camino-de-la-vera-cruz-una-iniciativa-que-reconstruye-una-ruta-de-peregrinaje-de-siete-siglos-entre-roncesvalles-y-caravaca-de-la-cruz-murcia\\\/#primaryimage\"},\"thumbnailUrl\":\"https:\\\/\\\/www.laguiadepamplona.com\\\/actualidad\\\/wp-content\\\/uploads\\\/2021\\\/08\\\/ayuntamiento-pamplona2.jpg\",\"datePublished\":\"2022-06-03T09:58:40+00:00\",\"dateModified\":\"2023-04-11T09:48:06+00:00\",\"description\":\"El Pleno del Ayuntamiento aprob\u00f3 ayer la participaci\u00f3n de la ciudad en este trayecto vinculado a la Orden del Temple y al lignum crucis\",\"breadcrumb\":{\"@id\":\"https:\\\/\\\/www.laguiadepamplona.com\\\/actualidad\\\/pamplona-se-adhiere-al-camino-de-la-vera-cruz-una-iniciativa-que-reconstruye-una-ruta-de-peregrinaje-de-siete-siglos-entre-roncesvalles-y-caravaca-de-la-cruz-murcia\\\/#breadcrumb\"},\"inLanguage\":\"es\",\"potentialAction\":[{\"@type\":\"ReadAction\",\"target\":[\"https:\\\/\\\/www.laguiadepamplona.com\\\/actualidad\\\/pamplona-se-adhiere-al-camino-de-la-vera-cruz-una-iniciativa-que-reconstruye-una-ruta-de-peregrinaje-de-siete-siglos-entre-roncesvalles-y-caravaca-de-la-cruz-murcia\\\/\"]}]},{\"@type\":\"ImageObject\",\"inLanguage\":\"es\",\"@id\":\"https:\\\/\\\/www.laguiadepamplona.com\\\/actualidad\\\/pamplona-se-adhiere-al-camino-de-la-vera-cruz-una-iniciativa-que-reconstruye-una-ruta-de-peregrinaje-de-siete-siglos-entre-roncesvalles-y-caravaca-de-la-cruz-murcia\\\/#primaryimage\",\"url\":\"https:\\\/\\\/www.laguiadepamplona.com\\\/actualidad\\\/wp-content\\\/uploads\\\/2021\\\/08\\\/ayuntamiento-pamplona2.jpg\",\"contentUrl\":\"https:\\\/\\\/www.laguiadepamplona.com\\\/actualidad\\\/wp-content\\\/uploads\\\/2021\\\/08\\\/ayuntamiento-pamplona2.jpg\",\"width\":1920,\"height\":1080,\"caption\":\"ayuntamiento pamplona\"},{\"@type\":\"BreadcrumbList\",\"@id\":\"https:\\\/\\\/www.laguiadepamplona.com\\\/actualidad\\\/pamplona-se-adhiere-al-camino-de-la-vera-cruz-una-iniciativa-que-reconstruye-una-ruta-de-peregrinaje-de-siete-siglos-entre-roncesvalles-y-caravaca-de-la-cruz-murcia\\\/#breadcrumb\",\"itemListElement\":[{\"@type\":\"ListItem\",\"position\":1,\"name\":\"Portada\",\"item\":\"https:\\\/\\\/www.laguiadepamplona.com\\\/actualidad\\\/\"},{\"@type\":\"ListItem\",\"position\":2,\"name\":\"Pamplona se adhiere al \u2018Camino de la Vera Cruz\u2019, una iniciativa que reconstruye una ruta de peregrinaje de siete siglos entre Roncesvalles y Caravaca de la Cruz (Murcia)\"}]},{\"@type\":\"WebSite\",\"@id\":\"https:\\\/\\\/www.laguiadepamplona.com\\\/actualidad\\\/#website\",\"url\":\"https:\\\/\\\/www.laguiadepamplona.com\\\/actualidad\\\/\",\"name\":\"La gu\u00eda de Pamplona\",\"description\":\"Noticias de Pamplona\",\"publisher\":{\"@id\":\"https:\\\/\\\/www.laguiadepamplona.com\\\/actualidad\\\/#organization\"},\"potentialAction\":[{\"@type\":\"SearchAction\",\"target\":{\"@type\":\"EntryPoint\",\"urlTemplate\":\"https:\\\/\\\/www.laguiadepamplona.com\\\/actualidad\\\/?s={search_term_string}\"},\"query-input\":{\"@type\":\"PropertyValueSpecification\",\"valueRequired\":true,\"valueName\":\"search_term_string\"}}],\"inLanguage\":\"es\"},{\"@type\":\"Organization\",\"@id\":\"https:\\\/\\\/www.laguiadepamplona.com\\\/actualidad\\\/#organization\",\"name\":\"La Gu\u00eda de Pamplona \\\/ Noticias\",\"url\":\"https:\\\/\\\/www.laguiadepamplona.com\\\/actualidad\\\/\",\"logo\":{\"@type\":\"ImageObject\",\"inLanguage\":\"es\",\"@id\":\"https:\\\/\\\/www.laguiadepamplona.com\\\/actualidad\\\/#\\\/schema\\\/logo\\\/image\\\/\",\"url\":\"https:\\\/\\\/www.laguiadepamplona.com\\\/actualidad\\\/wp-content\\\/uploads\\\/2018\\\/11\\\/logo-laguiadepamplona18-web1.png\",\"contentUrl\":\"https:\\\/\\\/www.laguiadepamplona.com\\\/actualidad\\\/wp-content\\\/uploads\\\/2018\\\/11\\\/logo-laguiadepamplona18-web1.png\",\"width\":600,\"height\":196,\"caption\":\"La Gu\u00eda de Pamplona \\\/ Noticias\"},\"image\":{\"@id\":\"https:\\\/\\\/www.laguiadepamplona.com\\\/actualidad\\\/#\\\/schema\\\/logo\\\/image\\\/\"},\"sameAs\":[\"https:\\\/\\\/www.facebook.com\\\/laguiadepamplonacom-133175176762273\\\/?ref=hl\",\"https:\\\/\\\/x.com\\\/LaGuiadPamplona\",\"https:\\\/\\\/www.instagram.com\\\/la_guia_de_pamplona\\\/\",\"https:\\\/\\\/www.youtube.com\\\/user\\\/laguiadepamplona\"]},{\"@type\":\"Person\",\"@id\":\"https:\\\/\\\/www.laguiadepamplona.com\\\/actualidad\\\/#\\\/schema\\\/person\\\/efe887376f0213d4657c93adc50b1fdb\",\"name\":\"La Gu\u00eda de Pamplona\",\"image\":{\"@type\":\"ImageObject\",\"inLanguage\":\"es\",\"@id\":\"https:\\\/\\\/secure.gravatar.com\\\/avatar\\\/b6992f131dc8d30ab0dff15446e9d346d9dbd95992de0fef795073f5ea83a81c?s=96&d=mm&r=g\",\"url\":\"https:\\\/\\\/secure.gravatar.com\\\/avatar\\\/b6992f131dc8d30ab0dff15446e9d346d9dbd95992de0fef795073f5ea83a81c?s=96&d=mm&r=g\",\"contentUrl\":\"https:\\\/\\\/secure.gravatar.com\\\/avatar\\\/b6992f131dc8d30ab0dff15446e9d346d9dbd95992de0fef795073f5ea83a81c?s=96&d=mm&r=g\",\"caption\":\"La Gu\u00eda de Pamplona\"}}]}<\/script>\n<!-- \/ Yoast SEO plugin. -->","yoast_head_json":{"title":"Pamplona se adhiere al \u2018Camino de la Vera Cruz\u2019, una iniciativa que reconstruye una ruta de peregrinaje de siete siglos entre Roncesvalles y Caravaca de la Cruz (Murcia)","description":"El Pleno del Ayuntamiento aprob\u00f3 ayer la participaci\u00f3n de la ciudad en este trayecto vinculado a la Orden del Temple y al lignum crucis","robots":{"index":"index","follow":"follow","max-snippet":"max-snippet:-1","max-image-preview":"max-image-preview:large","max-video-preview":"max-video-preview:-1"},"canonical":"https:\/\/www.laguiadepamplona.com\/actualidad\/pamplona-se-adhiere-al-camino-de-la-vera-cruz-una-iniciativa-que-reconstruye-una-ruta-de-peregrinaje-de-siete-siglos-entre-roncesvalles-y-caravaca-de-la-cruz-murcia\/","og_locale":"es_ES","og_type":"article","og_title":"Pamplona se adhiere al \u2018Camino de la Vera Cruz\u2019, una iniciativa que reconstruye una ruta de peregrinaje de siete siglos entre Roncesvalles y Caravaca de la Cruz (Murcia)","og_description":"El Pleno del Ayuntamiento aprob\u00f3 ayer la participaci\u00f3n de la ciudad en este trayecto vinculado a la Orden del Temple y al lignum crucis","og_url":"https:\/\/www.laguiadepamplona.com\/actualidad\/pamplona-se-adhiere-al-camino-de-la-vera-cruz-una-iniciativa-que-reconstruye-una-ruta-de-peregrinaje-de-siete-siglos-entre-roncesvalles-y-caravaca-de-la-cruz-murcia\/","og_site_name":"La Gu\u00eda de Pamplona","article_publisher":"https:\/\/www.facebook.com\/laguiadepamplonacom-133175176762273\/?ref=hl","article_published_time":"2022-06-03T09:58:40+00:00","article_modified_time":"2023-04-11T09:48:06+00:00","og_image":[{"width":1920,"height":1080,"url":"https:\/\/www.laguiadepamplona.com\/actualidad\/wp-content\/uploads\/2021\/08\/ayuntamiento-pamplona2.jpg","type":"image\/jpeg"}],"author":"La Gu\u00eda de Pamplona","twitter_card":"summary_large_image","twitter_creator":"@LaGuiadPamplona","twitter_site":"@LaGuiadPamplona","twitter_misc":{"Escrito por":"La Gu\u00eda de Pamplona","Tiempo de lectura":"3 minutos"},"schema":{"@context":"https:\/\/schema.org","@graph":[{"@type":"Article","@id":"https:\/\/www.laguiadepamplona.com\/actualidad\/pamplona-se-adhiere-al-camino-de-la-vera-cruz-una-iniciativa-que-reconstruye-una-ruta-de-peregrinaje-de-siete-siglos-entre-roncesvalles-y-caravaca-de-la-cruz-murcia\/#article","isPartOf":{"@id":"https:\/\/www.laguiadepamplona.com\/actualidad\/pamplona-se-adhiere-al-camino-de-la-vera-cruz-una-iniciativa-que-reconstruye-una-ruta-de-peregrinaje-de-siete-siglos-entre-roncesvalles-y-caravaca-de-la-cruz-murcia\/"},"author":{"name":"La Gu\u00eda de Pamplona","@id":"https:\/\/www.laguiadepamplona.com\/actualidad\/#\/schema\/person\/efe887376f0213d4657c93adc50b1fdb"},"headline":"Pamplona se adhiere al \u2018Camino de la Vera Cruz\u2019, una iniciativa que reconstruye una ruta de peregrinaje de siete siglos entre Roncesvalles y Caravaca de la Cruz (Murcia)","datePublished":"2022-06-03T09:58:40+00:00","dateModified":"2023-04-11T09:48:06+00:00","mainEntityOfPage":{"@id":"https:\/\/www.laguiadepamplona.com\/actualidad\/pamplona-se-adhiere-al-camino-de-la-vera-cruz-una-iniciativa-que-reconstruye-una-ruta-de-peregrinaje-de-siete-siglos-entre-roncesvalles-y-caravaca-de-la-cruz-murcia\/"},"wordCount":624,"commentCount":0,"publisher":{"@id":"https:\/\/www.laguiadepamplona.com\/actualidad\/#organization"},"image":{"@id":"https:\/\/www.laguiadepamplona.com\/actualidad\/pamplona-se-adhiere-al-camino-de-la-vera-cruz-una-iniciativa-que-reconstruye-una-ruta-de-peregrinaje-de-siete-siglos-entre-roncesvalles-y-caravaca-de-la-cruz-murcia\/#primaryimage"},"thumbnailUrl":"https:\/\/www.laguiadepamplona.com\/actualidad\/wp-content\/uploads\/2021\/08\/ayuntamiento-pamplona2.jpg","articleSection":["Ayto Pamplona"],"inLanguage":"es","potentialAction":[{"@type":"CommentAction","name":"Comment","target":["https:\/\/www.laguiadepamplona.com\/actualidad\/pamplona-se-adhiere-al-camino-de-la-vera-cruz-una-iniciativa-que-reconstruye-una-ruta-de-peregrinaje-de-siete-siglos-entre-roncesvalles-y-caravaca-de-la-cruz-murcia\/#respond"]}]},{"@type":"WebPage","@id":"https:\/\/www.laguiadepamplona.com\/actualidad\/pamplona-se-adhiere-al-camino-de-la-vera-cruz-una-iniciativa-que-reconstruye-una-ruta-de-peregrinaje-de-siete-siglos-entre-roncesvalles-y-caravaca-de-la-cruz-murcia\/","url":"https:\/\/www.laguiadepamplona.com\/actualidad\/pamplona-se-adhiere-al-camino-de-la-vera-cruz-una-iniciativa-que-reconstruye-una-ruta-de-peregrinaje-de-siete-siglos-entre-roncesvalles-y-caravaca-de-la-cruz-murcia\/","name":"Pamplona se adhiere al \u2018Camino de la Vera Cruz\u2019, una iniciativa que reconstruye una ruta de peregrinaje de siete siglos entre Roncesvalles y Caravaca de la Cruz (Murcia)","isPartOf":{"@id":"https:\/\/www.laguiadepamplona.com\/actualidad\/#website"},"primaryImageOfPage":{"@id":"https:\/\/www.laguiadepamplona.com\/actualidad\/pamplona-se-adhiere-al-camino-de-la-vera-cruz-una-iniciativa-que-reconstruye-una-ruta-de-peregrinaje-de-siete-siglos-entre-roncesvalles-y-caravaca-de-la-cruz-murcia\/#primaryimage"},"image":{"@id":"https:\/\/www.laguiadepamplona.com\/actualidad\/pamplona-se-adhiere-al-camino-de-la-vera-cruz-una-iniciativa-que-reconstruye-una-ruta-de-peregrinaje-de-siete-siglos-entre-roncesvalles-y-caravaca-de-la-cruz-murcia\/#primaryimage"},"thumbnailUrl":"https:\/\/www.laguiadepamplona.com\/actualidad\/wp-content\/uploads\/2021\/08\/ayuntamiento-pamplona2.jpg","datePublished":"2022-06-03T09:58:40+00:00","dateModified":"2023-04-11T09:48:06+00:00","description":"El Pleno del Ayuntamiento aprob\u00f3 ayer la participaci\u00f3n de la ciudad en este trayecto vinculado a la Orden del Temple y al lignum crucis","breadcrumb":{"@id":"https:\/\/www.laguiadepamplona.com\/actualidad\/pamplona-se-adhiere-al-camino-de-la-vera-cruz-una-iniciativa-que-reconstruye-una-ruta-de-peregrinaje-de-siete-siglos-entre-roncesvalles-y-caravaca-de-la-cruz-murcia\/#breadcrumb"},"inLanguage":"es","potentialAction":[{"@type":"ReadAction","target":["https:\/\/www.laguiadepamplona.com\/actualidad\/pamplona-se-adhiere-al-camino-de-la-vera-cruz-una-iniciativa-que-reconstruye-una-ruta-de-peregrinaje-de-siete-siglos-entre-roncesvalles-y-caravaca-de-la-cruz-murcia\/"]}]},{"@type":"ImageObject","inLanguage":"es","@id":"https:\/\/www.laguiadepamplona.com\/actualidad\/pamplona-se-adhiere-al-camino-de-la-vera-cruz-una-iniciativa-que-reconstruye-una-ruta-de-peregrinaje-de-siete-siglos-entre-roncesvalles-y-caravaca-de-la-cruz-murcia\/#primaryimage","url":"https:\/\/www.laguiadepamplona.com\/actualidad\/wp-content\/uploads\/2021\/08\/ayuntamiento-pamplona2.jpg","contentUrl":"https:\/\/www.laguiadepamplona.com\/actualidad\/wp-content\/uploads\/2021\/08\/ayuntamiento-pamplona2.jpg","width":1920,"height":1080,"caption":"ayuntamiento pamplona"},{"@type":"BreadcrumbList","@id":"https:\/\/www.laguiadepamplona.com\/actualidad\/pamplona-se-adhiere-al-camino-de-la-vera-cruz-una-iniciativa-que-reconstruye-una-ruta-de-peregrinaje-de-siete-siglos-entre-roncesvalles-y-caravaca-de-la-cruz-murcia\/#breadcrumb","itemListElement":[{"@type":"ListItem","position":1,"name":"Portada","item":"https:\/\/www.laguiadepamplona.com\/actualidad\/"},{"@type":"ListItem","position":2,"name":"Pamplona se adhiere al \u2018Camino de la Vera Cruz\u2019, una iniciativa que reconstruye una ruta de peregrinaje de siete siglos entre Roncesvalles y Caravaca de la Cruz (Murcia)"}]},{"@type":"WebSite","@id":"https:\/\/www.laguiadepamplona.com\/actualidad\/#website","url":"https:\/\/www.laguiadepamplona.com\/actualidad\/","name":"La gu\u00eda de Pamplona","description":"Noticias de Pamplona","publisher":{"@id":"https:\/\/www.laguiadepamplona.com\/actualidad\/#organization"},"potentialAction":[{"@type":"SearchAction","target":{"@type":"EntryPoint","urlTemplate":"https:\/\/www.laguiadepamplona.com\/actualidad\/?s={search_term_string}"},"query-input":{"@type":"PropertyValueSpecification","valueRequired":true,"valueName":"search_term_string"}}],"inLanguage":"es"},{"@type":"Organization","@id":"https:\/\/www.laguiadepamplona.com\/actualidad\/#organization","name":"La Gu\u00eda de Pamplona \/ Noticias","url":"https:\/\/www.laguiadepamplona.com\/actualidad\/","logo":{"@type":"ImageObject","inLanguage":"es","@id":"https:\/\/www.laguiadepamplona.com\/actualidad\/#\/schema\/logo\/image\/","url":"https:\/\/www.laguiadepamplona.com\/actualidad\/wp-content\/uploads\/2018\/11\/logo-laguiadepamplona18-web1.png","contentUrl":"https:\/\/www.laguiadepamplona.com\/actualidad\/wp-content\/uploads\/2018\/11\/logo-laguiadepamplona18-web1.png","width":600,"height":196,"caption":"La Gu\u00eda de Pamplona \/ Noticias"},"image":{"@id":"https:\/\/www.laguiadepamplona.com\/actualidad\/#\/schema\/logo\/image\/"},"sameAs":["https:\/\/www.facebook.com\/laguiadepamplonacom-133175176762273\/?ref=hl","https:\/\/x.com\/LaGuiadPamplona","https:\/\/www.instagram.com\/la_guia_de_pamplona\/","https:\/\/www.youtube.com\/user\/laguiadepamplona"]},{"@type":"Person","@id":"https:\/\/www.laguiadepamplona.com\/actualidad\/#\/schema\/person\/efe887376f0213d4657c93adc50b1fdb","name":"La Gu\u00eda de Pamplona","image":{"@type":"ImageObject","inLanguage":"es","@id":"https:\/\/secure.gravatar.com\/avatar\/b6992f131dc8d30ab0dff15446e9d346d9dbd95992de0fef795073f5ea83a81c?s=96&d=mm&r=g","url":"https:\/\/secure.gravatar.com\/avatar\/b6992f131dc8d30ab0dff15446e9d346d9dbd95992de0fef795073f5ea83a81c?s=96&d=mm&r=g","contentUrl":"https:\/\/secure.gravatar.com\/avatar\/b6992f131dc8d30ab0dff15446e9d346d9dbd95992de0fef795073f5ea83a81c?s=96&d=mm&r=g","caption":"La Gu\u00eda de Pamplona"}}]}},"post_mailing_queue_ids":[],"_links":{"self":[{"href":"https:\/\/www.laguiadepamplona.com\/actualidad\/wp-json\/wp\/v2\/posts\/40605","targetHints":{"allow":["GET"]}}],"collection":[{"href":"https:\/\/www.laguiadepamplona.com\/actualidad\/wp-json\/wp\/v2\/posts"}],"about":[{"href":"https:\/\/www.laguiadepamplona.com\/actualidad\/wp-json\/wp\/v2\/types\/post"}],"author":[{"embeddable":true,"href":"https:\/\/www.laguiadepamplona.com\/actualidad\/wp-json\/wp\/v2\/users\/1"}],"replies":[{"embeddable":true,"href":"https:\/\/www.laguiadepamplona.com\/actualidad\/wp-json\/wp\/v2\/comments?post=40605"}],"version-history":[{"count":0,"href":"https:\/\/www.laguiadepamplona.com\/actualidad\/wp-json\/wp\/v2\/posts\/40605\/revisions"}],"wp:featuredmedia":[{"embeddable":true,"href":"https:\/\/www.laguiadepamplona.com\/actualidad\/wp-json\/wp\/v2\/media\/36074"}],"wp:attachment":[{"href":"https:\/\/www.laguiadepamplona.com\/actualidad\/wp-json\/wp\/v2\/media?parent=40605"}],"wp:term":[{"taxonomy":"category","embeddable":true,"href":"https:\/\/www.laguiadepamplona.com\/actualidad\/wp-json\/wp\/v2\/categories?post=40605"},{"taxonomy":"post_tag","embeddable":true,"href":"https:\/\/www.laguiadepamplona.com\/actualidad\/wp-json\/wp\/v2\/tags?post=40605"}],"curies":[{"name":"wp","href":"https:\/\/api.w.org\/{rel}","templated":true}]}}