{"id":40603,"date":"2022-06-03T11:56:37","date_gmt":"2022-06-03T09:56:37","guid":{"rendered":"https:\/\/www.laguiadepamplona.com\/actualidad\/?p=40603"},"modified":"2023-04-11T11:48:06","modified_gmt":"2023-04-11T09:48:06","slug":"civivox-iturrama-acoge-la-semana-que-vienen-un-ciclo-intergeneracional-con-talleres-proyecciones-encuentros-narracion-oral-y-una-exposicion","status":"publish","type":"post","link":"https:\/\/www.laguiadepamplona.com\/actualidad\/civivox-iturrama-acoge-la-semana-que-vienen-un-ciclo-intergeneracional-con-talleres-proyecciones-encuentros-narracion-oral-y-una-exposicion\/","title":{"rendered":"Civivox Iturrama acoge la semana que vienen un ciclo intergeneracional con talleres, proyecciones, encuentros, narraci\u00f3n oral y una exposici\u00f3n"},"content":{"rendered":"<h5>El ciclo, que tendr\u00e1 lugar del 6 al 11 de junio, busca establecer lazos intergeneracionales en un barrio con actividades para diferentes p\u00fablicos<\/h5>\n<p><!--more--><\/p>\n<p>\u2018Iturrama lazo intergeneracional\u2019 es un ciclo que durante la semana que viene, del 6 al 11 de junio, aglutina m\u00e1s de una decena de actividades dirigidas a todo tipo de p\u00fablicos, pero sobre todo de interrelaci\u00f3n entre ni\u00f1os y ni\u00f1as, padres y madres, abuelas y abuelos. La programaci\u00f3n se desarrolla en su totalidad en Civivox Iturrama, con citas con entrada libre y otras con precio de entradas, pero todas ellas con necesidad de inscripci\u00f3n previa en el tel\u00e9fono 010, la propia red Civivox y la web <a href=\"http:\/\/www.pamplonaescultura.es\" target=\"_blank\" rel=\"noopener\">www.pamplonaescultura.es<\/a>.<br \/>\n<script async src=\"\/\/pagead2.googlesyndication.com\/pagead\/js\/adsbygoogle.js\"><\/script><br \/>\n<!-- Noticias La Guia de Pamplona --><br \/>\n<ins class=\"adsbygoogle\"\nstyle=\"display:block\"\ndata-ad-client=\"ca-pub-6943679897239327\"\ndata-ad-slot=\"7048180777\"\ndata-ad-format=\"auto\"><\/ins><br \/>\n<script>\n(adsbygoogle = window.adsbygoogle || []).push({});\n<\/script><\/p>\n<p>El ciclo consta de un encuentro, tres talleres intergeneracionales, dos sesiones de narraci\u00f3n oral y cuentacuentos, una proyecci\u00f3n audiovisual y una exposici\u00f3n. El encuentro reunir\u00e1 el martes 7 de junio y abordar\u00e1 la soledad de las personas mayores y la algarab\u00eda de los menores. La sesi\u00f3n ha contado con la colaboraci\u00f3n del Foro Social Iturrama, Casa de la Misericordia, Centro de Salud de Iturrama, Pacto por la Persona Mayor y Asociaci\u00f3n de Jubilados y Pensionistas de Iturrama.<\/p>\n<p>En un barrio envejecido como es Iturrama la soledad de las personas mayores es un escenario frecuente. Los ni\u00f1os y ni\u00f1as son, por otra parte, una fuente inagotable de alegr\u00eda y vitalidad, y son el mejor ant\u00eddoto para esta soledad. El encuentro tendr\u00e1 lugar a las 19 horas y se iniciar\u00e1 con la proyecci\u00f3n de la pieza documental \u2018No somos islas\u2019, de la compa\u00f1\u00eda Arena en los Bolsillos.<br \/>\n<script async src=\"\/\/pagead2.googlesyndication.com\/pagead\/js\/adsbygoogle.js\"><\/script><br \/>\n<!-- Noticias La Guia de Pamplona --><br \/>\n<ins class=\"adsbygoogle\"\nstyle=\"display:block\"\ndata-ad-client=\"ca-pub-6943679897239327\"\ndata-ad-slot=\"7048180777\"\ndata-ad-format=\"auto\"><\/ins><br \/>\n<script>\n(adsbygoogle = window.adsbygoogle || []).push({});\n<\/script><\/p>\n<p><strong>Talleres intergeneracionales<\/strong><\/p>\n<p>Quedan plazas libres en dos de los tres talleres creativos intergeneracionales que se han organizado dentro de este ciclo. El lunes 6 de junio est\u00e1 previsto un taller de decoraci\u00f3n floral para aprender en parejas diferentes t\u00e9cnicas de plantaci\u00f3n floral y realizar una composici\u00f3n para decorar la casa. El taller comenzar\u00e1 a las 17.30 horas, lo imparte \u00d3scar Ib\u00e1\u00f1ez y tiene un precio de 4 euros.<\/p>\n<p>El jueves 9 ser\u00e1 el turno de abuelos, abuelas, nietas y nietos. \u2018Puertos de papel\u2019 es un taller inspirado en la pieza \u2018No somos islas\u2019, que proyectar\u00e1 el ciclo. La propuesta pasa por crear barcos para navegar juntos hacia puertos m\u00e1gicos. Elena Eraso, de Art&amp;Peques, dirigir\u00e1 este taller que empezar\u00e1 a las 17.30 horas, con un precio de 4 euros.<\/p>\n<p>El tercer taller, de madres y padres con beb\u00e9s, que tendr\u00e1 lugar el 11 de junio, tiene ya las plazas cubiertas. En \u00e9l, se elegir\u00e1 una flor y se le pintar\u00e1n el tallo y las hojas.<br \/>\n<script async src=\"\/\/pagead2.googlesyndication.com\/pagead\/js\/adsbygoogle.js\"><\/script><br \/>\n<!-- Noticias La Guia de Pamplona --><br \/>\n<ins class=\"adsbygoogle\"\nstyle=\"display:block\"\ndata-ad-client=\"ca-pub-6943679897239327\"\ndata-ad-slot=\"7048180777\"\ndata-ad-format=\"auto\"><\/ins><br \/>\n<script>\n(adsbygoogle = window.adsbygoogle || []).push({});\n<\/script><\/p>\n<p><strong>Kamishibai, cuentacuentos, proyecci\u00f3n audiovisual y exposici\u00f3n<\/strong><\/p>\n<p>El mi\u00e9rcoles 8 y el viernes 10 se han organizado dos sesiones de narraci\u00f3n. El mi\u00e9rcoles personas con discapacidad intelectual del Programa de Envejecimiento Activo de ANFAS contar\u00e1n una serie de cuentos apoyados con la t\u00e9cnica de kamishibai. Se trata de una actividad intergeneracional e inclusiva, a las 18 horas, dirigida a p\u00fablico infantil mayor de 5 a\u00f1os. El viernes, sesi\u00f3n en euskera para mayores de 3 a\u00f1os, a las 18 horas tambi\u00e9n, con la narradora Jaione Urtasun. En \u201cIpuin eroak eta Pontxaren Jokoak\u201d, Pontxa llega desde tierras m\u00e1gicas para hacernos viajar al lugar que queramos a trav\u00e9s de los cuentos.<\/p>\n<p>El s\u00e1bado 11 de junio se proyectar\u00e1 \u2018No somos islas\u2019, una pieza audiovisual de t\u00edteres que, con una intenci\u00f3n reflexiva y transformadora, presenta la soledad de un personaje de avanzada edad frente a su necesidad vital del reencuentro con la infancia. La pieza la ha creado Arena en los Bolsillos en coproducci\u00f3n con Espacio Abierto Quinta de los Molinos. El pase es gratuito y comenzar\u00e1 a las 18.30 horas.<\/p>\n<p>Por \u00faltimo, el ciclo cuenta con una exposici\u00f3n colectiva en Civivox Iturrama con trabajos de artes pl\u00e1sticas realizados durante el curso 2021-2022. Participa en la muestra el alumnado de las actividades gestionadas por Asociaci\u00f3n de Jubilados y Pensionistas de Iturrama, Asociaci\u00f3n de Dibujo y Pintura Sofonisba y Asociaci\u00f3n Pintana Pintores Aficionados de Navarra. Se podr\u00e1 visitar entre los d\u00edas 6 y 11 de junio, en el horario propio centro c\u00edvico.<\/p>\n","protected":false},"excerpt":{"rendered":"<p>El ciclo, que tendr\u00e1 lugar del 6 al 11 de junio, busca establecer lazos intergeneracionales en un barrio con actividades para diferentes p\u00fablicos<\/p>\n","protected":false},"author":1,"featured_media":28184,"comment_status":"open","ping_status":"closed","sticky":false,"template":"","format":"standard","meta":{"footnotes":""},"categories":[2],"tags":[],"class_list":["post-40603","post","type-post","status-publish","format-standard","has-post-thumbnail","hentry","category-ayuntamiento-pamplona"],"yoast_head":"<!-- This site is optimized with the Yoast SEO plugin v27.3 - https:\/\/yoast.com\/product\/yoast-seo-wordpress\/ -->\n<title>Civivox Iturrama acoge la semana que vienen un ciclo intergeneracional con talleres, proyecciones, encuentros, narraci\u00f3n oral y una exposici\u00f3n<\/title>\n<meta name=\"description\" content=\"El ciclo, que tendr\u00e1 lugar del 6 al 11 de junio, busca establecer lazos intergeneracionales en un barrio con actividades para diferentes p\u00fablicos\" \/>\n<meta name=\"robots\" content=\"index, follow, max-snippet:-1, max-image-preview:large, max-video-preview:-1\" \/>\n<link rel=\"canonical\" href=\"https:\/\/www.laguiadepamplona.com\/actualidad\/civivox-iturrama-acoge-la-semana-que-vienen-un-ciclo-intergeneracional-con-talleres-proyecciones-encuentros-narracion-oral-y-una-exposicion\/\" \/>\n<meta property=\"og:locale\" content=\"es_ES\" \/>\n<meta property=\"og:type\" content=\"article\" \/>\n<meta property=\"og:title\" content=\"Civivox Iturrama acoge la semana que vienen un ciclo intergeneracional con talleres, proyecciones, encuentros, narraci\u00f3n oral y una exposici\u00f3n\" \/>\n<meta property=\"og:description\" content=\"El ciclo, que tendr\u00e1 lugar del 6 al 11 de junio, busca establecer lazos intergeneracionales en un barrio con actividades para diferentes p\u00fablicos\" \/>\n<meta property=\"og:url\" content=\"https:\/\/www.laguiadepamplona.com\/actualidad\/civivox-iturrama-acoge-la-semana-que-vienen-un-ciclo-intergeneracional-con-talleres-proyecciones-encuentros-narracion-oral-y-una-exposicion\/\" \/>\n<meta property=\"og:site_name\" content=\"La Gu\u00eda de Pamplona\" \/>\n<meta property=\"article:publisher\" content=\"https:\/\/www.facebook.com\/laguiadepamplonacom-133175176762273\/?ref=hl\" \/>\n<meta property=\"article:published_time\" content=\"2022-06-03T09:56:37+00:00\" \/>\n<meta property=\"article:modified_time\" content=\"2023-04-11T09:48:06+00:00\" \/>\n<meta property=\"og:image\" content=\"https:\/\/www.laguiadepamplona.com\/actualidad\/wp-content\/uploads\/2020\/02\/civivox-iturrama-2020.jpeg\" \/>\n\t<meta property=\"og:image:width\" content=\"1920\" \/>\n\t<meta property=\"og:image:height\" content=\"1187\" \/>\n\t<meta property=\"og:image:type\" content=\"image\/jpeg\" \/>\n<meta name=\"author\" content=\"La Gu\u00eda de Pamplona\" \/>\n<meta name=\"twitter:card\" content=\"summary_large_image\" \/>\n<meta name=\"twitter:creator\" content=\"@LaGuiadPamplona\" \/>\n<meta name=\"twitter:site\" content=\"@LaGuiadPamplona\" \/>\n<meta name=\"twitter:label1\" content=\"Escrito por\" \/>\n\t<meta name=\"twitter:data1\" content=\"La Gu\u00eda de Pamplona\" \/>\n\t<meta name=\"twitter:label2\" content=\"Tiempo de lectura\" \/>\n\t<meta name=\"twitter:data2\" content=\"4 minutos\" \/>\n<script type=\"application\/ld+json\" class=\"yoast-schema-graph\">{\"@context\":\"https:\\\/\\\/schema.org\",\"@graph\":[{\"@type\":\"Article\",\"@id\":\"https:\\\/\\\/www.laguiadepamplona.com\\\/actualidad\\\/civivox-iturrama-acoge-la-semana-que-vienen-un-ciclo-intergeneracional-con-talleres-proyecciones-encuentros-narracion-oral-y-una-exposicion\\\/#article\",\"isPartOf\":{\"@id\":\"https:\\\/\\\/www.laguiadepamplona.com\\\/actualidad\\\/civivox-iturrama-acoge-la-semana-que-vienen-un-ciclo-intergeneracional-con-talleres-proyecciones-encuentros-narracion-oral-y-una-exposicion\\\/\"},\"author\":{\"name\":\"La Gu\u00eda de Pamplona\",\"@id\":\"https:\\\/\\\/www.laguiadepamplona.com\\\/actualidad\\\/#\\\/schema\\\/person\\\/efe887376f0213d4657c93adc50b1fdb\"},\"headline\":\"Civivox Iturrama acoge la semana que vienen un ciclo intergeneracional con talleres, proyecciones, encuentros, narraci\u00f3n oral y una exposici\u00f3n\",\"datePublished\":\"2022-06-03T09:56:37+00:00\",\"dateModified\":\"2023-04-11T09:48:06+00:00\",\"mainEntityOfPage\":{\"@id\":\"https:\\\/\\\/www.laguiadepamplona.com\\\/actualidad\\\/civivox-iturrama-acoge-la-semana-que-vienen-un-ciclo-intergeneracional-con-talleres-proyecciones-encuentros-narracion-oral-y-una-exposicion\\\/\"},\"wordCount\":721,\"commentCount\":0,\"publisher\":{\"@id\":\"https:\\\/\\\/www.laguiadepamplona.com\\\/actualidad\\\/#organization\"},\"image\":{\"@id\":\"https:\\\/\\\/www.laguiadepamplona.com\\\/actualidad\\\/civivox-iturrama-acoge-la-semana-que-vienen-un-ciclo-intergeneracional-con-talleres-proyecciones-encuentros-narracion-oral-y-una-exposicion\\\/#primaryimage\"},\"thumbnailUrl\":\"https:\\\/\\\/www.laguiadepamplona.com\\\/actualidad\\\/wp-content\\\/uploads\\\/2020\\\/02\\\/civivox-iturrama-2020.jpeg\",\"articleSection\":[\"Ayto Pamplona\"],\"inLanguage\":\"es\",\"potentialAction\":[{\"@type\":\"CommentAction\",\"name\":\"Comment\",\"target\":[\"https:\\\/\\\/www.laguiadepamplona.com\\\/actualidad\\\/civivox-iturrama-acoge-la-semana-que-vienen-un-ciclo-intergeneracional-con-talleres-proyecciones-encuentros-narracion-oral-y-una-exposicion\\\/#respond\"]}]},{\"@type\":\"WebPage\",\"@id\":\"https:\\\/\\\/www.laguiadepamplona.com\\\/actualidad\\\/civivox-iturrama-acoge-la-semana-que-vienen-un-ciclo-intergeneracional-con-talleres-proyecciones-encuentros-narracion-oral-y-una-exposicion\\\/\",\"url\":\"https:\\\/\\\/www.laguiadepamplona.com\\\/actualidad\\\/civivox-iturrama-acoge-la-semana-que-vienen-un-ciclo-intergeneracional-con-talleres-proyecciones-encuentros-narracion-oral-y-una-exposicion\\\/\",\"name\":\"Civivox Iturrama acoge la semana que vienen un ciclo intergeneracional con talleres, proyecciones, encuentros, narraci\u00f3n oral y una exposici\u00f3n\",\"isPartOf\":{\"@id\":\"https:\\\/\\\/www.laguiadepamplona.com\\\/actualidad\\\/#website\"},\"primaryImageOfPage\":{\"@id\":\"https:\\\/\\\/www.laguiadepamplona.com\\\/actualidad\\\/civivox-iturrama-acoge-la-semana-que-vienen-un-ciclo-intergeneracional-con-talleres-proyecciones-encuentros-narracion-oral-y-una-exposicion\\\/#primaryimage\"},\"image\":{\"@id\":\"https:\\\/\\\/www.laguiadepamplona.com\\\/actualidad\\\/civivox-iturrama-acoge-la-semana-que-vienen-un-ciclo-intergeneracional-con-talleres-proyecciones-encuentros-narracion-oral-y-una-exposicion\\\/#primaryimage\"},\"thumbnailUrl\":\"https:\\\/\\\/www.laguiadepamplona.com\\\/actualidad\\\/wp-content\\\/uploads\\\/2020\\\/02\\\/civivox-iturrama-2020.jpeg\",\"datePublished\":\"2022-06-03T09:56:37+00:00\",\"dateModified\":\"2023-04-11T09:48:06+00:00\",\"description\":\"El ciclo, que tendr\u00e1 lugar del 6 al 11 de junio, busca establecer lazos intergeneracionales en un barrio con actividades para diferentes p\u00fablicos\",\"breadcrumb\":{\"@id\":\"https:\\\/\\\/www.laguiadepamplona.com\\\/actualidad\\\/civivox-iturrama-acoge-la-semana-que-vienen-un-ciclo-intergeneracional-con-talleres-proyecciones-encuentros-narracion-oral-y-una-exposicion\\\/#breadcrumb\"},\"inLanguage\":\"es\",\"potentialAction\":[{\"@type\":\"ReadAction\",\"target\":[\"https:\\\/\\\/www.laguiadepamplona.com\\\/actualidad\\\/civivox-iturrama-acoge-la-semana-que-vienen-un-ciclo-intergeneracional-con-talleres-proyecciones-encuentros-narracion-oral-y-una-exposicion\\\/\"]}]},{\"@type\":\"ImageObject\",\"inLanguage\":\"es\",\"@id\":\"https:\\\/\\\/www.laguiadepamplona.com\\\/actualidad\\\/civivox-iturrama-acoge-la-semana-que-vienen-un-ciclo-intergeneracional-con-talleres-proyecciones-encuentros-narracion-oral-y-una-exposicion\\\/#primaryimage\",\"url\":\"https:\\\/\\\/www.laguiadepamplona.com\\\/actualidad\\\/wp-content\\\/uploads\\\/2020\\\/02\\\/civivox-iturrama-2020.jpeg\",\"contentUrl\":\"https:\\\/\\\/www.laguiadepamplona.com\\\/actualidad\\\/wp-content\\\/uploads\\\/2020\\\/02\\\/civivox-iturrama-2020.jpeg\",\"width\":1920,\"height\":1187,\"caption\":\"dav\"},{\"@type\":\"BreadcrumbList\",\"@id\":\"https:\\\/\\\/www.laguiadepamplona.com\\\/actualidad\\\/civivox-iturrama-acoge-la-semana-que-vienen-un-ciclo-intergeneracional-con-talleres-proyecciones-encuentros-narracion-oral-y-una-exposicion\\\/#breadcrumb\",\"itemListElement\":[{\"@type\":\"ListItem\",\"position\":1,\"name\":\"Portada\",\"item\":\"https:\\\/\\\/www.laguiadepamplona.com\\\/actualidad\\\/\"},{\"@type\":\"ListItem\",\"position\":2,\"name\":\"Civivox Iturrama acoge la semana que vienen un ciclo intergeneracional con talleres, proyecciones, encuentros, narraci\u00f3n oral y una exposici\u00f3n\"}]},{\"@type\":\"WebSite\",\"@id\":\"https:\\\/\\\/www.laguiadepamplona.com\\\/actualidad\\\/#website\",\"url\":\"https:\\\/\\\/www.laguiadepamplona.com\\\/actualidad\\\/\",\"name\":\"La gu\u00eda de Pamplona\",\"description\":\"Noticias de Pamplona\",\"publisher\":{\"@id\":\"https:\\\/\\\/www.laguiadepamplona.com\\\/actualidad\\\/#organization\"},\"potentialAction\":[{\"@type\":\"SearchAction\",\"target\":{\"@type\":\"EntryPoint\",\"urlTemplate\":\"https:\\\/\\\/www.laguiadepamplona.com\\\/actualidad\\\/?s={search_term_string}\"},\"query-input\":{\"@type\":\"PropertyValueSpecification\",\"valueRequired\":true,\"valueName\":\"search_term_string\"}}],\"inLanguage\":\"es\"},{\"@type\":\"Organization\",\"@id\":\"https:\\\/\\\/www.laguiadepamplona.com\\\/actualidad\\\/#organization\",\"name\":\"La Gu\u00eda de Pamplona \\\/ Noticias\",\"url\":\"https:\\\/\\\/www.laguiadepamplona.com\\\/actualidad\\\/\",\"logo\":{\"@type\":\"ImageObject\",\"inLanguage\":\"es\",\"@id\":\"https:\\\/\\\/www.laguiadepamplona.com\\\/actualidad\\\/#\\\/schema\\\/logo\\\/image\\\/\",\"url\":\"https:\\\/\\\/www.laguiadepamplona.com\\\/actualidad\\\/wp-content\\\/uploads\\\/2018\\\/11\\\/logo-laguiadepamplona18-web1.png\",\"contentUrl\":\"https:\\\/\\\/www.laguiadepamplona.com\\\/actualidad\\\/wp-content\\\/uploads\\\/2018\\\/11\\\/logo-laguiadepamplona18-web1.png\",\"width\":600,\"height\":196,\"caption\":\"La Gu\u00eda de Pamplona \\\/ Noticias\"},\"image\":{\"@id\":\"https:\\\/\\\/www.laguiadepamplona.com\\\/actualidad\\\/#\\\/schema\\\/logo\\\/image\\\/\"},\"sameAs\":[\"https:\\\/\\\/www.facebook.com\\\/laguiadepamplonacom-133175176762273\\\/?ref=hl\",\"https:\\\/\\\/x.com\\\/LaGuiadPamplona\",\"https:\\\/\\\/www.instagram.com\\\/la_guia_de_pamplona\\\/\",\"https:\\\/\\\/www.youtube.com\\\/user\\\/laguiadepamplona\"]},{\"@type\":\"Person\",\"@id\":\"https:\\\/\\\/www.laguiadepamplona.com\\\/actualidad\\\/#\\\/schema\\\/person\\\/efe887376f0213d4657c93adc50b1fdb\",\"name\":\"La Gu\u00eda de Pamplona\",\"image\":{\"@type\":\"ImageObject\",\"inLanguage\":\"es\",\"@id\":\"https:\\\/\\\/secure.gravatar.com\\\/avatar\\\/b6992f131dc8d30ab0dff15446e9d346d9dbd95992de0fef795073f5ea83a81c?s=96&d=mm&r=g\",\"url\":\"https:\\\/\\\/secure.gravatar.com\\\/avatar\\\/b6992f131dc8d30ab0dff15446e9d346d9dbd95992de0fef795073f5ea83a81c?s=96&d=mm&r=g\",\"contentUrl\":\"https:\\\/\\\/secure.gravatar.com\\\/avatar\\\/b6992f131dc8d30ab0dff15446e9d346d9dbd95992de0fef795073f5ea83a81c?s=96&d=mm&r=g\",\"caption\":\"La Gu\u00eda de Pamplona\"}}]}<\/script>\n<!-- \/ Yoast SEO plugin. -->","yoast_head_json":{"title":"Civivox Iturrama acoge la semana que vienen un ciclo intergeneracional con talleres, proyecciones, encuentros, narraci\u00f3n oral y una exposici\u00f3n","description":"El ciclo, que tendr\u00e1 lugar del 6 al 11 de junio, busca establecer lazos intergeneracionales en un barrio con actividades para diferentes p\u00fablicos","robots":{"index":"index","follow":"follow","max-snippet":"max-snippet:-1","max-image-preview":"max-image-preview:large","max-video-preview":"max-video-preview:-1"},"canonical":"https:\/\/www.laguiadepamplona.com\/actualidad\/civivox-iturrama-acoge-la-semana-que-vienen-un-ciclo-intergeneracional-con-talleres-proyecciones-encuentros-narracion-oral-y-una-exposicion\/","og_locale":"es_ES","og_type":"article","og_title":"Civivox Iturrama acoge la semana que vienen un ciclo intergeneracional con talleres, proyecciones, encuentros, narraci\u00f3n oral y una exposici\u00f3n","og_description":"El ciclo, que tendr\u00e1 lugar del 6 al 11 de junio, busca establecer lazos intergeneracionales en un barrio con actividades para diferentes p\u00fablicos","og_url":"https:\/\/www.laguiadepamplona.com\/actualidad\/civivox-iturrama-acoge-la-semana-que-vienen-un-ciclo-intergeneracional-con-talleres-proyecciones-encuentros-narracion-oral-y-una-exposicion\/","og_site_name":"La Gu\u00eda de Pamplona","article_publisher":"https:\/\/www.facebook.com\/laguiadepamplonacom-133175176762273\/?ref=hl","article_published_time":"2022-06-03T09:56:37+00:00","article_modified_time":"2023-04-11T09:48:06+00:00","og_image":[{"width":1920,"height":1187,"url":"https:\/\/www.laguiadepamplona.com\/actualidad\/wp-content\/uploads\/2020\/02\/civivox-iturrama-2020.jpeg","type":"image\/jpeg"}],"author":"La Gu\u00eda de Pamplona","twitter_card":"summary_large_image","twitter_creator":"@LaGuiadPamplona","twitter_site":"@LaGuiadPamplona","twitter_misc":{"Escrito por":"La Gu\u00eda de Pamplona","Tiempo de lectura":"4 minutos"},"schema":{"@context":"https:\/\/schema.org","@graph":[{"@type":"Article","@id":"https:\/\/www.laguiadepamplona.com\/actualidad\/civivox-iturrama-acoge-la-semana-que-vienen-un-ciclo-intergeneracional-con-talleres-proyecciones-encuentros-narracion-oral-y-una-exposicion\/#article","isPartOf":{"@id":"https:\/\/www.laguiadepamplona.com\/actualidad\/civivox-iturrama-acoge-la-semana-que-vienen-un-ciclo-intergeneracional-con-talleres-proyecciones-encuentros-narracion-oral-y-una-exposicion\/"},"author":{"name":"La Gu\u00eda de Pamplona","@id":"https:\/\/www.laguiadepamplona.com\/actualidad\/#\/schema\/person\/efe887376f0213d4657c93adc50b1fdb"},"headline":"Civivox Iturrama acoge la semana que vienen un ciclo intergeneracional con talleres, proyecciones, encuentros, narraci\u00f3n oral y una exposici\u00f3n","datePublished":"2022-06-03T09:56:37+00:00","dateModified":"2023-04-11T09:48:06+00:00","mainEntityOfPage":{"@id":"https:\/\/www.laguiadepamplona.com\/actualidad\/civivox-iturrama-acoge-la-semana-que-vienen-un-ciclo-intergeneracional-con-talleres-proyecciones-encuentros-narracion-oral-y-una-exposicion\/"},"wordCount":721,"commentCount":0,"publisher":{"@id":"https:\/\/www.laguiadepamplona.com\/actualidad\/#organization"},"image":{"@id":"https:\/\/www.laguiadepamplona.com\/actualidad\/civivox-iturrama-acoge-la-semana-que-vienen-un-ciclo-intergeneracional-con-talleres-proyecciones-encuentros-narracion-oral-y-una-exposicion\/#primaryimage"},"thumbnailUrl":"https:\/\/www.laguiadepamplona.com\/actualidad\/wp-content\/uploads\/2020\/02\/civivox-iturrama-2020.jpeg","articleSection":["Ayto Pamplona"],"inLanguage":"es","potentialAction":[{"@type":"CommentAction","name":"Comment","target":["https:\/\/www.laguiadepamplona.com\/actualidad\/civivox-iturrama-acoge-la-semana-que-vienen-un-ciclo-intergeneracional-con-talleres-proyecciones-encuentros-narracion-oral-y-una-exposicion\/#respond"]}]},{"@type":"WebPage","@id":"https:\/\/www.laguiadepamplona.com\/actualidad\/civivox-iturrama-acoge-la-semana-que-vienen-un-ciclo-intergeneracional-con-talleres-proyecciones-encuentros-narracion-oral-y-una-exposicion\/","url":"https:\/\/www.laguiadepamplona.com\/actualidad\/civivox-iturrama-acoge-la-semana-que-vienen-un-ciclo-intergeneracional-con-talleres-proyecciones-encuentros-narracion-oral-y-una-exposicion\/","name":"Civivox Iturrama acoge la semana que vienen un ciclo intergeneracional con talleres, proyecciones, encuentros, narraci\u00f3n oral y una exposici\u00f3n","isPartOf":{"@id":"https:\/\/www.laguiadepamplona.com\/actualidad\/#website"},"primaryImageOfPage":{"@id":"https:\/\/www.laguiadepamplona.com\/actualidad\/civivox-iturrama-acoge-la-semana-que-vienen-un-ciclo-intergeneracional-con-talleres-proyecciones-encuentros-narracion-oral-y-una-exposicion\/#primaryimage"},"image":{"@id":"https:\/\/www.laguiadepamplona.com\/actualidad\/civivox-iturrama-acoge-la-semana-que-vienen-un-ciclo-intergeneracional-con-talleres-proyecciones-encuentros-narracion-oral-y-una-exposicion\/#primaryimage"},"thumbnailUrl":"https:\/\/www.laguiadepamplona.com\/actualidad\/wp-content\/uploads\/2020\/02\/civivox-iturrama-2020.jpeg","datePublished":"2022-06-03T09:56:37+00:00","dateModified":"2023-04-11T09:48:06+00:00","description":"El ciclo, que tendr\u00e1 lugar del 6 al 11 de junio, busca establecer lazos intergeneracionales en un barrio con actividades para diferentes p\u00fablicos","breadcrumb":{"@id":"https:\/\/www.laguiadepamplona.com\/actualidad\/civivox-iturrama-acoge-la-semana-que-vienen-un-ciclo-intergeneracional-con-talleres-proyecciones-encuentros-narracion-oral-y-una-exposicion\/#breadcrumb"},"inLanguage":"es","potentialAction":[{"@type":"ReadAction","target":["https:\/\/www.laguiadepamplona.com\/actualidad\/civivox-iturrama-acoge-la-semana-que-vienen-un-ciclo-intergeneracional-con-talleres-proyecciones-encuentros-narracion-oral-y-una-exposicion\/"]}]},{"@type":"ImageObject","inLanguage":"es","@id":"https:\/\/www.laguiadepamplona.com\/actualidad\/civivox-iturrama-acoge-la-semana-que-vienen-un-ciclo-intergeneracional-con-talleres-proyecciones-encuentros-narracion-oral-y-una-exposicion\/#primaryimage","url":"https:\/\/www.laguiadepamplona.com\/actualidad\/wp-content\/uploads\/2020\/02\/civivox-iturrama-2020.jpeg","contentUrl":"https:\/\/www.laguiadepamplona.com\/actualidad\/wp-content\/uploads\/2020\/02\/civivox-iturrama-2020.jpeg","width":1920,"height":1187,"caption":"dav"},{"@type":"BreadcrumbList","@id":"https:\/\/www.laguiadepamplona.com\/actualidad\/civivox-iturrama-acoge-la-semana-que-vienen-un-ciclo-intergeneracional-con-talleres-proyecciones-encuentros-narracion-oral-y-una-exposicion\/#breadcrumb","itemListElement":[{"@type":"ListItem","position":1,"name":"Portada","item":"https:\/\/www.laguiadepamplona.com\/actualidad\/"},{"@type":"ListItem","position":2,"name":"Civivox Iturrama acoge la semana que vienen un ciclo intergeneracional con talleres, proyecciones, encuentros, narraci\u00f3n oral y una exposici\u00f3n"}]},{"@type":"WebSite","@id":"https:\/\/www.laguiadepamplona.com\/actualidad\/#website","url":"https:\/\/www.laguiadepamplona.com\/actualidad\/","name":"La gu\u00eda de Pamplona","description":"Noticias de Pamplona","publisher":{"@id":"https:\/\/www.laguiadepamplona.com\/actualidad\/#organization"},"potentialAction":[{"@type":"SearchAction","target":{"@type":"EntryPoint","urlTemplate":"https:\/\/www.laguiadepamplona.com\/actualidad\/?s={search_term_string}"},"query-input":{"@type":"PropertyValueSpecification","valueRequired":true,"valueName":"search_term_string"}}],"inLanguage":"es"},{"@type":"Organization","@id":"https:\/\/www.laguiadepamplona.com\/actualidad\/#organization","name":"La Gu\u00eda de Pamplona \/ Noticias","url":"https:\/\/www.laguiadepamplona.com\/actualidad\/","logo":{"@type":"ImageObject","inLanguage":"es","@id":"https:\/\/www.laguiadepamplona.com\/actualidad\/#\/schema\/logo\/image\/","url":"https:\/\/www.laguiadepamplona.com\/actualidad\/wp-content\/uploads\/2018\/11\/logo-laguiadepamplona18-web1.png","contentUrl":"https:\/\/www.laguiadepamplona.com\/actualidad\/wp-content\/uploads\/2018\/11\/logo-laguiadepamplona18-web1.png","width":600,"height":196,"caption":"La Gu\u00eda de Pamplona \/ Noticias"},"image":{"@id":"https:\/\/www.laguiadepamplona.com\/actualidad\/#\/schema\/logo\/image\/"},"sameAs":["https:\/\/www.facebook.com\/laguiadepamplonacom-133175176762273\/?ref=hl","https:\/\/x.com\/LaGuiadPamplona","https:\/\/www.instagram.com\/la_guia_de_pamplona\/","https:\/\/www.youtube.com\/user\/laguiadepamplona"]},{"@type":"Person","@id":"https:\/\/www.laguiadepamplona.com\/actualidad\/#\/schema\/person\/efe887376f0213d4657c93adc50b1fdb","name":"La Gu\u00eda de Pamplona","image":{"@type":"ImageObject","inLanguage":"es","@id":"https:\/\/secure.gravatar.com\/avatar\/b6992f131dc8d30ab0dff15446e9d346d9dbd95992de0fef795073f5ea83a81c?s=96&d=mm&r=g","url":"https:\/\/secure.gravatar.com\/avatar\/b6992f131dc8d30ab0dff15446e9d346d9dbd95992de0fef795073f5ea83a81c?s=96&d=mm&r=g","contentUrl":"https:\/\/secure.gravatar.com\/avatar\/b6992f131dc8d30ab0dff15446e9d346d9dbd95992de0fef795073f5ea83a81c?s=96&d=mm&r=g","caption":"La Gu\u00eda de Pamplona"}}]}},"post_mailing_queue_ids":[],"_links":{"self":[{"href":"https:\/\/www.laguiadepamplona.com\/actualidad\/wp-json\/wp\/v2\/posts\/40603","targetHints":{"allow":["GET"]}}],"collection":[{"href":"https:\/\/www.laguiadepamplona.com\/actualidad\/wp-json\/wp\/v2\/posts"}],"about":[{"href":"https:\/\/www.laguiadepamplona.com\/actualidad\/wp-json\/wp\/v2\/types\/post"}],"author":[{"embeddable":true,"href":"https:\/\/www.laguiadepamplona.com\/actualidad\/wp-json\/wp\/v2\/users\/1"}],"replies":[{"embeddable":true,"href":"https:\/\/www.laguiadepamplona.com\/actualidad\/wp-json\/wp\/v2\/comments?post=40603"}],"version-history":[{"count":0,"href":"https:\/\/www.laguiadepamplona.com\/actualidad\/wp-json\/wp\/v2\/posts\/40603\/revisions"}],"wp:featuredmedia":[{"embeddable":true,"href":"https:\/\/www.laguiadepamplona.com\/actualidad\/wp-json\/wp\/v2\/media\/28184"}],"wp:attachment":[{"href":"https:\/\/www.laguiadepamplona.com\/actualidad\/wp-json\/wp\/v2\/media?parent=40603"}],"wp:term":[{"taxonomy":"category","embeddable":true,"href":"https:\/\/www.laguiadepamplona.com\/actualidad\/wp-json\/wp\/v2\/categories?post=40603"},{"taxonomy":"post_tag","embeddable":true,"href":"https:\/\/www.laguiadepamplona.com\/actualidad\/wp-json\/wp\/v2\/tags?post=40603"}],"curies":[{"name":"wp","href":"https:\/\/api.w.org\/{rel}","templated":true}]}}