{"id":40595,"date":"2022-06-02T14:14:38","date_gmt":"2022-06-02T12:14:38","guid":{"rendered":"https:\/\/www.laguiadepamplona.com\/actualidad\/?p=40595"},"modified":"2023-04-11T11:48:06","modified_gmt":"2023-04-11T09:48:06","slug":"las-bicicletas-municipales-en-desuso-del-programa-nbici-seran-cedidas-temporalmente-a-entidades-sin-animo-de-lucro-y-con-fines-sociales-para-realizar-salidas-y-actividades","status":"publish","type":"post","link":"https:\/\/www.laguiadepamplona.com\/actualidad\/las-bicicletas-municipales-en-desuso-del-programa-nbici-seran-cedidas-temporalmente-a-entidades-sin-animo-de-lucro-y-con-fines-sociales-para-realizar-salidas-y-actividades\/","title":{"rendered":"Las bicicletas municipales en desuso del programa Nbici ser\u00e1n cedidas temporalmente a entidades sin \u00e1nimo de lucro y con fines sociales para realizar salidas y actividades"},"content":{"rendered":"<h5>El alumnado del Centro de Educaci\u00f3n Especial El Molino ha contado con quince bicicletas durante dos semanas<\/h5>\n<p><!--more--><\/p>\n<p>El Ayuntamiento de Pamplona pone a disposici\u00f3n de entidades sin \u00e1nimo de lucro y con fines sociales varias bicicletas municipales, con el objetivo de que \u00e9stas puedan ser utilizadas para paseos guiados y actividades educativas y culturales de forma temporal. De esta manera, el Consistorio quiere impulsar la movilidad sostenible, al tiempo que ofrece apoyo a estas entidades. El Centro de Educaci\u00f3n Especial El Molino ha sido una de las entidades que se ha beneficiado en las \u00faltimas semanas de la cesi\u00f3n de quince bicicletas, que han usado durante quince d\u00edas.<br \/>\n<script async src=\"\/\/pagead2.googlesyndication.com\/pagead\/js\/adsbygoogle.js\"><\/script><br \/>\n<!-- Noticias La Guia de Pamplona --><br \/>\n<ins class=\"adsbygoogle\"\nstyle=\"display:block\"\ndata-ad-client=\"ca-pub-6943679897239327\"\ndata-ad-slot=\"7048180777\"\ndata-ad-format=\"auto\"><\/ins><br \/>\n<script>\n(adsbygoogle = window.adsbygoogle || []).push({});\n<\/script><\/p>\n<p>Alrededor de 50 personas, con discapacidad intelectual y edades comprendidas entre los 13 y 21 a\u00f1os, han participado en las actividades dise\u00f1adas por el propio centro en torno a la bicicleta. As\u00ed, han dise\u00f1ado diversos circuitos tanto dentro de las instalaciones como en espacios pr\u00f3ximos, como el paseo del Arga o el pumptrack ubicado en Trinitarios, junto al puente de las Oblatas. A trav\u00e9s de estas actividades, el alumnado con discapacidad intelectual ha podido practicar sus habilidades cognitivas y motrices, al tiempo que ahonda en aspectos como la movilidad sostenible y la preservaci\u00f3n del medio ambiente.<\/p>\n<p>Las bicicletas cedidas son propiedad municipal y provienen del sistema p\u00fablico de pr\u00e9stamo Nbici, que el Ayuntamiento implant\u00f3 en 2007. En junio de 2018, el Consistorio decidi\u00f3 resolver el contrato de la concesi\u00f3n del servicio p\u00fablico de alquiler de bicicletas Nbici, por continuados incumplimientos de la empresa adjudicataria y varias infracciones por la prestaci\u00f3n defectuosa e irregular del servicio. La resoluci\u00f3n del contrato supon\u00eda la reversi\u00f3n al Ayuntamiento de las bicicletas que se utilizaban en este servicio.<br \/>\n<script async src=\"\/\/pagead2.googlesyndication.com\/pagead\/js\/adsbygoogle.js\"><\/script><br \/>\n<!-- Noticias La Guia de Pamplona --><br \/>\n<ins class=\"adsbygoogle\"\nstyle=\"display:block\"\ndata-ad-client=\"ca-pub-6943679897239327\"\ndata-ad-slot=\"7048180777\"\ndata-ad-format=\"auto\"><\/ins><br \/>\n<script>\n(adsbygoogle = window.adsbygoogle || []).push({});\n<\/script><\/p>\n<p>Las bicicletas han sido revisadas y puestas a punto para que est\u00e9n en perfecto estado en el momento en que las entidades sin \u00e1nimo de lucro las requieran. En la actualidad, se guardan guardadas en los aparcamientos vecinales de la Rochapea y de Milagrosa y est\u00e1n reservadas para actividades puntuales. Desde abril de 2021 se ceden semanalmente seis bicicletas a la Fundaci\u00f3n ANASAPS para diferentes actividades y tambi\u00e9n se ha cedido puntualmente el uso durante un d\u00eda de siete bicis a la Fundaci\u00f3n Elkarte. Asimismo, se utilizan de forma complementaria en la formaci\u00f3n del programa \u2018Biciescuela para personas adultas\u2019, cuando han sido requeridas.<\/p>\n<p>Para dar uso a las bicicletas, el Ayuntamiento ha puesto en marcha esta iniciativa de cesi\u00f3n temporal, de forma que, al tratarse de cesiones limitadas en el tiempo, puedan beneficiarse las entidades que as\u00ed lo requieran.<\/p>\n","protected":false},"excerpt":{"rendered":"<p>El alumnado del Centro de Educaci\u00f3n Especial El Molino ha contado con quince bicicletas durante dos semanas<\/p>\n","protected":false},"author":1,"featured_media":40596,"comment_status":"open","ping_status":"closed","sticky":false,"template":"","format":"standard","meta":{"footnotes":""},"categories":[2],"tags":[],"class_list":["post-40595","post","type-post","status-publish","format-standard","has-post-thumbnail","hentry","category-ayuntamiento-pamplona"],"yoast_head":"<!-- This site is optimized with the Yoast SEO plugin v27.5 - https:\/\/yoast.com\/product\/yoast-seo-wordpress\/ -->\n<title>Las bicicletas municipales en desuso del programa Nbici ser\u00e1n cedidas temporalmente a entidades sin \u00e1nimo de lucro y con fines sociales para realizar salidas y actividades<\/title>\n<meta name=\"description\" content=\"El alumnado del Centro de Educaci\u00f3n Especial El Molino ha contado con quince bicicletas durante dos semanas\" \/>\n<meta name=\"robots\" content=\"index, follow, max-snippet:-1, max-image-preview:large, max-video-preview:-1\" \/>\n<link rel=\"canonical\" href=\"https:\/\/www.laguiadepamplona.com\/actualidad\/las-bicicletas-municipales-en-desuso-del-programa-nbici-seran-cedidas-temporalmente-a-entidades-sin-animo-de-lucro-y-con-fines-sociales-para-realizar-salidas-y-actividades\/\" \/>\n<meta property=\"og:locale\" content=\"es_ES\" \/>\n<meta property=\"og:type\" content=\"article\" \/>\n<meta property=\"og:title\" content=\"Las bicicletas municipales en desuso del programa Nbici ser\u00e1n cedidas temporalmente a entidades sin \u00e1nimo de lucro y con fines sociales para realizar salidas y actividades\" \/>\n<meta property=\"og:description\" content=\"El alumnado del Centro de Educaci\u00f3n Especial El Molino ha contado con quince bicicletas durante dos semanas\" \/>\n<meta property=\"og:url\" content=\"https:\/\/www.laguiadepamplona.com\/actualidad\/las-bicicletas-municipales-en-desuso-del-programa-nbici-seran-cedidas-temporalmente-a-entidades-sin-animo-de-lucro-y-con-fines-sociales-para-realizar-salidas-y-actividades\/\" \/>\n<meta property=\"og:site_name\" content=\"La Gu\u00eda de Pamplona\" \/>\n<meta property=\"article:publisher\" content=\"https:\/\/www.facebook.com\/laguiadepamplonacom-133175176762273\/?ref=hl\" \/>\n<meta property=\"article:published_time\" content=\"2022-06-02T12:14:38+00:00\" \/>\n<meta property=\"article:modified_time\" content=\"2023-04-11T09:48:06+00:00\" \/>\n<meta property=\"og:image\" content=\"https:\/\/www.laguiadepamplona.com\/actualidad\/wp-content\/uploads\/2022\/06\/elmolinobicisee5a2671_0.webp\" \/>\n\t<meta property=\"og:image:width\" content=\"1920\" \/>\n\t<meta property=\"og:image:height\" content=\"1280\" \/>\n\t<meta property=\"og:image:type\" content=\"image\/webp\" \/>\n<meta name=\"author\" content=\"La Gu\u00eda de Pamplona\" \/>\n<meta name=\"twitter:card\" content=\"summary_large_image\" \/>\n<meta name=\"twitter:creator\" content=\"@LaGuiadPamplona\" \/>\n<meta name=\"twitter:site\" content=\"@LaGuiadPamplona\" \/>\n<meta name=\"twitter:label1\" content=\"Escrito por\" \/>\n\t<meta name=\"twitter:data1\" content=\"La Gu\u00eda de Pamplona\" \/>\n\t<meta name=\"twitter:label2\" content=\"Tiempo de lectura\" \/>\n\t<meta name=\"twitter:data2\" content=\"2 minutos\" \/>\n<script type=\"application\/ld+json\" class=\"yoast-schema-graph\">{\"@context\":\"https:\\\/\\\/schema.org\",\"@graph\":[{\"@type\":\"Article\",\"@id\":\"https:\\\/\\\/www.laguiadepamplona.com\\\/actualidad\\\/las-bicicletas-municipales-en-desuso-del-programa-nbici-seran-cedidas-temporalmente-a-entidades-sin-animo-de-lucro-y-con-fines-sociales-para-realizar-salidas-y-actividades\\\/#article\",\"isPartOf\":{\"@id\":\"https:\\\/\\\/www.laguiadepamplona.com\\\/actualidad\\\/las-bicicletas-municipales-en-desuso-del-programa-nbici-seran-cedidas-temporalmente-a-entidades-sin-animo-de-lucro-y-con-fines-sociales-para-realizar-salidas-y-actividades\\\/\"},\"author\":{\"name\":\"La Gu\u00eda de Pamplona\",\"@id\":\"https:\\\/\\\/www.laguiadepamplona.com\\\/actualidad\\\/#\\\/schema\\\/person\\\/efe887376f0213d4657c93adc50b1fdb\"},\"headline\":\"Las bicicletas municipales en desuso del programa Nbici ser\u00e1n cedidas temporalmente a entidades sin \u00e1nimo de lucro y con fines sociales para realizar salidas y actividades\",\"datePublished\":\"2022-06-02T12:14:38+00:00\",\"dateModified\":\"2023-04-11T09:48:06+00:00\",\"mainEntityOfPage\":{\"@id\":\"https:\\\/\\\/www.laguiadepamplona.com\\\/actualidad\\\/las-bicicletas-municipales-en-desuso-del-programa-nbici-seran-cedidas-temporalmente-a-entidades-sin-animo-de-lucro-y-con-fines-sociales-para-realizar-salidas-y-actividades\\\/\"},\"wordCount\":468,\"commentCount\":0,\"publisher\":{\"@id\":\"https:\\\/\\\/www.laguiadepamplona.com\\\/actualidad\\\/#organization\"},\"image\":{\"@id\":\"https:\\\/\\\/www.laguiadepamplona.com\\\/actualidad\\\/las-bicicletas-municipales-en-desuso-del-programa-nbici-seran-cedidas-temporalmente-a-entidades-sin-animo-de-lucro-y-con-fines-sociales-para-realizar-salidas-y-actividades\\\/#primaryimage\"},\"thumbnailUrl\":\"https:\\\/\\\/www.laguiadepamplona.com\\\/actualidad\\\/wp-content\\\/uploads\\\/2022\\\/06\\\/elmolinobicisee5a2671_0.webp\",\"articleSection\":[\"Ayto Pamplona\"],\"inLanguage\":\"es\",\"potentialAction\":[{\"@type\":\"CommentAction\",\"name\":\"Comment\",\"target\":[\"https:\\\/\\\/www.laguiadepamplona.com\\\/actualidad\\\/las-bicicletas-municipales-en-desuso-del-programa-nbici-seran-cedidas-temporalmente-a-entidades-sin-animo-de-lucro-y-con-fines-sociales-para-realizar-salidas-y-actividades\\\/#respond\"]}]},{\"@type\":\"WebPage\",\"@id\":\"https:\\\/\\\/www.laguiadepamplona.com\\\/actualidad\\\/las-bicicletas-municipales-en-desuso-del-programa-nbici-seran-cedidas-temporalmente-a-entidades-sin-animo-de-lucro-y-con-fines-sociales-para-realizar-salidas-y-actividades\\\/\",\"url\":\"https:\\\/\\\/www.laguiadepamplona.com\\\/actualidad\\\/las-bicicletas-municipales-en-desuso-del-programa-nbici-seran-cedidas-temporalmente-a-entidades-sin-animo-de-lucro-y-con-fines-sociales-para-realizar-salidas-y-actividades\\\/\",\"name\":\"Las bicicletas municipales en desuso del programa Nbici ser\u00e1n cedidas temporalmente a entidades sin \u00e1nimo de lucro y con fines sociales para realizar salidas y actividades\",\"isPartOf\":{\"@id\":\"https:\\\/\\\/www.laguiadepamplona.com\\\/actualidad\\\/#website\"},\"primaryImageOfPage\":{\"@id\":\"https:\\\/\\\/www.laguiadepamplona.com\\\/actualidad\\\/las-bicicletas-municipales-en-desuso-del-programa-nbici-seran-cedidas-temporalmente-a-entidades-sin-animo-de-lucro-y-con-fines-sociales-para-realizar-salidas-y-actividades\\\/#primaryimage\"},\"image\":{\"@id\":\"https:\\\/\\\/www.laguiadepamplona.com\\\/actualidad\\\/las-bicicletas-municipales-en-desuso-del-programa-nbici-seran-cedidas-temporalmente-a-entidades-sin-animo-de-lucro-y-con-fines-sociales-para-realizar-salidas-y-actividades\\\/#primaryimage\"},\"thumbnailUrl\":\"https:\\\/\\\/www.laguiadepamplona.com\\\/actualidad\\\/wp-content\\\/uploads\\\/2022\\\/06\\\/elmolinobicisee5a2671_0.webp\",\"datePublished\":\"2022-06-02T12:14:38+00:00\",\"dateModified\":\"2023-04-11T09:48:06+00:00\",\"description\":\"El alumnado del Centro de Educaci\u00f3n Especial El Molino ha contado con quince bicicletas durante dos semanas\",\"breadcrumb\":{\"@id\":\"https:\\\/\\\/www.laguiadepamplona.com\\\/actualidad\\\/las-bicicletas-municipales-en-desuso-del-programa-nbici-seran-cedidas-temporalmente-a-entidades-sin-animo-de-lucro-y-con-fines-sociales-para-realizar-salidas-y-actividades\\\/#breadcrumb\"},\"inLanguage\":\"es\",\"potentialAction\":[{\"@type\":\"ReadAction\",\"target\":[\"https:\\\/\\\/www.laguiadepamplona.com\\\/actualidad\\\/las-bicicletas-municipales-en-desuso-del-programa-nbici-seran-cedidas-temporalmente-a-entidades-sin-animo-de-lucro-y-con-fines-sociales-para-realizar-salidas-y-actividades\\\/\"]}]},{\"@type\":\"ImageObject\",\"inLanguage\":\"es\",\"@id\":\"https:\\\/\\\/www.laguiadepamplona.com\\\/actualidad\\\/las-bicicletas-municipales-en-desuso-del-programa-nbici-seran-cedidas-temporalmente-a-entidades-sin-animo-de-lucro-y-con-fines-sociales-para-realizar-salidas-y-actividades\\\/#primaryimage\",\"url\":\"https:\\\/\\\/www.laguiadepamplona.com\\\/actualidad\\\/wp-content\\\/uploads\\\/2022\\\/06\\\/elmolinobicisee5a2671_0.webp\",\"contentUrl\":\"https:\\\/\\\/www.laguiadepamplona.com\\\/actualidad\\\/wp-content\\\/uploads\\\/2022\\\/06\\\/elmolinobicisee5a2671_0.webp\",\"width\":1920,\"height\":1280},{\"@type\":\"BreadcrumbList\",\"@id\":\"https:\\\/\\\/www.laguiadepamplona.com\\\/actualidad\\\/las-bicicletas-municipales-en-desuso-del-programa-nbici-seran-cedidas-temporalmente-a-entidades-sin-animo-de-lucro-y-con-fines-sociales-para-realizar-salidas-y-actividades\\\/#breadcrumb\",\"itemListElement\":[{\"@type\":\"ListItem\",\"position\":1,\"name\":\"Portada\",\"item\":\"https:\\\/\\\/www.laguiadepamplona.com\\\/actualidad\\\/\"},{\"@type\":\"ListItem\",\"position\":2,\"name\":\"Las bicicletas municipales en desuso del programa Nbici ser\u00e1n cedidas temporalmente a entidades sin \u00e1nimo de lucro y con fines sociales para realizar salidas y actividades\"}]},{\"@type\":\"WebSite\",\"@id\":\"https:\\\/\\\/www.laguiadepamplona.com\\\/actualidad\\\/#website\",\"url\":\"https:\\\/\\\/www.laguiadepamplona.com\\\/actualidad\\\/\",\"name\":\"La gu\u00eda de Pamplona\",\"description\":\"Noticias de Pamplona\",\"publisher\":{\"@id\":\"https:\\\/\\\/www.laguiadepamplona.com\\\/actualidad\\\/#organization\"},\"potentialAction\":[{\"@type\":\"SearchAction\",\"target\":{\"@type\":\"EntryPoint\",\"urlTemplate\":\"https:\\\/\\\/www.laguiadepamplona.com\\\/actualidad\\\/?s={search_term_string}\"},\"query-input\":{\"@type\":\"PropertyValueSpecification\",\"valueRequired\":true,\"valueName\":\"search_term_string\"}}],\"inLanguage\":\"es\"},{\"@type\":\"Organization\",\"@id\":\"https:\\\/\\\/www.laguiadepamplona.com\\\/actualidad\\\/#organization\",\"name\":\"La Gu\u00eda de Pamplona \\\/ Noticias\",\"url\":\"https:\\\/\\\/www.laguiadepamplona.com\\\/actualidad\\\/\",\"logo\":{\"@type\":\"ImageObject\",\"inLanguage\":\"es\",\"@id\":\"https:\\\/\\\/www.laguiadepamplona.com\\\/actualidad\\\/#\\\/schema\\\/logo\\\/image\\\/\",\"url\":\"https:\\\/\\\/www.laguiadepamplona.com\\\/actualidad\\\/wp-content\\\/uploads\\\/2018\\\/11\\\/logo-laguiadepamplona18-web1.png\",\"contentUrl\":\"https:\\\/\\\/www.laguiadepamplona.com\\\/actualidad\\\/wp-content\\\/uploads\\\/2018\\\/11\\\/logo-laguiadepamplona18-web1.png\",\"width\":600,\"height\":196,\"caption\":\"La Gu\u00eda de Pamplona \\\/ Noticias\"},\"image\":{\"@id\":\"https:\\\/\\\/www.laguiadepamplona.com\\\/actualidad\\\/#\\\/schema\\\/logo\\\/image\\\/\"},\"sameAs\":[\"https:\\\/\\\/www.facebook.com\\\/laguiadepamplonacom-133175176762273\\\/?ref=hl\",\"https:\\\/\\\/x.com\\\/LaGuiadPamplona\",\"https:\\\/\\\/www.instagram.com\\\/la_guia_de_pamplona\\\/\",\"https:\\\/\\\/www.youtube.com\\\/user\\\/laguiadepamplona\"]},{\"@type\":\"Person\",\"@id\":\"https:\\\/\\\/www.laguiadepamplona.com\\\/actualidad\\\/#\\\/schema\\\/person\\\/efe887376f0213d4657c93adc50b1fdb\",\"name\":\"La Gu\u00eda de Pamplona\",\"image\":{\"@type\":\"ImageObject\",\"inLanguage\":\"es\",\"@id\":\"https:\\\/\\\/secure.gravatar.com\\\/avatar\\\/b6992f131dc8d30ab0dff15446e9d346d9dbd95992de0fef795073f5ea83a81c?s=96&d=mm&r=g\",\"url\":\"https:\\\/\\\/secure.gravatar.com\\\/avatar\\\/b6992f131dc8d30ab0dff15446e9d346d9dbd95992de0fef795073f5ea83a81c?s=96&d=mm&r=g\",\"contentUrl\":\"https:\\\/\\\/secure.gravatar.com\\\/avatar\\\/b6992f131dc8d30ab0dff15446e9d346d9dbd95992de0fef795073f5ea83a81c?s=96&d=mm&r=g\",\"caption\":\"La Gu\u00eda de Pamplona\"}}]}<\/script>\n<!-- \/ Yoast SEO plugin. -->","yoast_head_json":{"title":"Las bicicletas municipales en desuso del programa Nbici ser\u00e1n cedidas temporalmente a entidades sin \u00e1nimo de lucro y con fines sociales para realizar salidas y actividades","description":"El alumnado del Centro de Educaci\u00f3n Especial El Molino ha contado con quince bicicletas durante dos semanas","robots":{"index":"index","follow":"follow","max-snippet":"max-snippet:-1","max-image-preview":"max-image-preview:large","max-video-preview":"max-video-preview:-1"},"canonical":"https:\/\/www.laguiadepamplona.com\/actualidad\/las-bicicletas-municipales-en-desuso-del-programa-nbici-seran-cedidas-temporalmente-a-entidades-sin-animo-de-lucro-y-con-fines-sociales-para-realizar-salidas-y-actividades\/","og_locale":"es_ES","og_type":"article","og_title":"Las bicicletas municipales en desuso del programa Nbici ser\u00e1n cedidas temporalmente a entidades sin \u00e1nimo de lucro y con fines sociales para realizar salidas y actividades","og_description":"El alumnado del Centro de Educaci\u00f3n Especial El Molino ha contado con quince bicicletas durante dos semanas","og_url":"https:\/\/www.laguiadepamplona.com\/actualidad\/las-bicicletas-municipales-en-desuso-del-programa-nbici-seran-cedidas-temporalmente-a-entidades-sin-animo-de-lucro-y-con-fines-sociales-para-realizar-salidas-y-actividades\/","og_site_name":"La Gu\u00eda de Pamplona","article_publisher":"https:\/\/www.facebook.com\/laguiadepamplonacom-133175176762273\/?ref=hl","article_published_time":"2022-06-02T12:14:38+00:00","article_modified_time":"2023-04-11T09:48:06+00:00","og_image":[{"width":1920,"height":1280,"url":"https:\/\/www.laguiadepamplona.com\/actualidad\/wp-content\/uploads\/2022\/06\/elmolinobicisee5a2671_0.webp","type":"image\/webp"}],"author":"La Gu\u00eda de Pamplona","twitter_card":"summary_large_image","twitter_creator":"@LaGuiadPamplona","twitter_site":"@LaGuiadPamplona","twitter_misc":{"Escrito por":"La Gu\u00eda de Pamplona","Tiempo de lectura":"2 minutos"},"schema":{"@context":"https:\/\/schema.org","@graph":[{"@type":"Article","@id":"https:\/\/www.laguiadepamplona.com\/actualidad\/las-bicicletas-municipales-en-desuso-del-programa-nbici-seran-cedidas-temporalmente-a-entidades-sin-animo-de-lucro-y-con-fines-sociales-para-realizar-salidas-y-actividades\/#article","isPartOf":{"@id":"https:\/\/www.laguiadepamplona.com\/actualidad\/las-bicicletas-municipales-en-desuso-del-programa-nbici-seran-cedidas-temporalmente-a-entidades-sin-animo-de-lucro-y-con-fines-sociales-para-realizar-salidas-y-actividades\/"},"author":{"name":"La Gu\u00eda de Pamplona","@id":"https:\/\/www.laguiadepamplona.com\/actualidad\/#\/schema\/person\/efe887376f0213d4657c93adc50b1fdb"},"headline":"Las bicicletas municipales en desuso del programa Nbici ser\u00e1n cedidas temporalmente a entidades sin \u00e1nimo de lucro y con fines sociales para realizar salidas y actividades","datePublished":"2022-06-02T12:14:38+00:00","dateModified":"2023-04-11T09:48:06+00:00","mainEntityOfPage":{"@id":"https:\/\/www.laguiadepamplona.com\/actualidad\/las-bicicletas-municipales-en-desuso-del-programa-nbici-seran-cedidas-temporalmente-a-entidades-sin-animo-de-lucro-y-con-fines-sociales-para-realizar-salidas-y-actividades\/"},"wordCount":468,"commentCount":0,"publisher":{"@id":"https:\/\/www.laguiadepamplona.com\/actualidad\/#organization"},"image":{"@id":"https:\/\/www.laguiadepamplona.com\/actualidad\/las-bicicletas-municipales-en-desuso-del-programa-nbici-seran-cedidas-temporalmente-a-entidades-sin-animo-de-lucro-y-con-fines-sociales-para-realizar-salidas-y-actividades\/#primaryimage"},"thumbnailUrl":"https:\/\/www.laguiadepamplona.com\/actualidad\/wp-content\/uploads\/2022\/06\/elmolinobicisee5a2671_0.webp","articleSection":["Ayto Pamplona"],"inLanguage":"es","potentialAction":[{"@type":"CommentAction","name":"Comment","target":["https:\/\/www.laguiadepamplona.com\/actualidad\/las-bicicletas-municipales-en-desuso-del-programa-nbici-seran-cedidas-temporalmente-a-entidades-sin-animo-de-lucro-y-con-fines-sociales-para-realizar-salidas-y-actividades\/#respond"]}]},{"@type":"WebPage","@id":"https:\/\/www.laguiadepamplona.com\/actualidad\/las-bicicletas-municipales-en-desuso-del-programa-nbici-seran-cedidas-temporalmente-a-entidades-sin-animo-de-lucro-y-con-fines-sociales-para-realizar-salidas-y-actividades\/","url":"https:\/\/www.laguiadepamplona.com\/actualidad\/las-bicicletas-municipales-en-desuso-del-programa-nbici-seran-cedidas-temporalmente-a-entidades-sin-animo-de-lucro-y-con-fines-sociales-para-realizar-salidas-y-actividades\/","name":"Las bicicletas municipales en desuso del programa Nbici ser\u00e1n cedidas temporalmente a entidades sin \u00e1nimo de lucro y con fines sociales para realizar salidas y actividades","isPartOf":{"@id":"https:\/\/www.laguiadepamplona.com\/actualidad\/#website"},"primaryImageOfPage":{"@id":"https:\/\/www.laguiadepamplona.com\/actualidad\/las-bicicletas-municipales-en-desuso-del-programa-nbici-seran-cedidas-temporalmente-a-entidades-sin-animo-de-lucro-y-con-fines-sociales-para-realizar-salidas-y-actividades\/#primaryimage"},"image":{"@id":"https:\/\/www.laguiadepamplona.com\/actualidad\/las-bicicletas-municipales-en-desuso-del-programa-nbici-seran-cedidas-temporalmente-a-entidades-sin-animo-de-lucro-y-con-fines-sociales-para-realizar-salidas-y-actividades\/#primaryimage"},"thumbnailUrl":"https:\/\/www.laguiadepamplona.com\/actualidad\/wp-content\/uploads\/2022\/06\/elmolinobicisee5a2671_0.webp","datePublished":"2022-06-02T12:14:38+00:00","dateModified":"2023-04-11T09:48:06+00:00","description":"El alumnado del Centro de Educaci\u00f3n Especial El Molino ha contado con quince bicicletas durante dos semanas","breadcrumb":{"@id":"https:\/\/www.laguiadepamplona.com\/actualidad\/las-bicicletas-municipales-en-desuso-del-programa-nbici-seran-cedidas-temporalmente-a-entidades-sin-animo-de-lucro-y-con-fines-sociales-para-realizar-salidas-y-actividades\/#breadcrumb"},"inLanguage":"es","potentialAction":[{"@type":"ReadAction","target":["https:\/\/www.laguiadepamplona.com\/actualidad\/las-bicicletas-municipales-en-desuso-del-programa-nbici-seran-cedidas-temporalmente-a-entidades-sin-animo-de-lucro-y-con-fines-sociales-para-realizar-salidas-y-actividades\/"]}]},{"@type":"ImageObject","inLanguage":"es","@id":"https:\/\/www.laguiadepamplona.com\/actualidad\/las-bicicletas-municipales-en-desuso-del-programa-nbici-seran-cedidas-temporalmente-a-entidades-sin-animo-de-lucro-y-con-fines-sociales-para-realizar-salidas-y-actividades\/#primaryimage","url":"https:\/\/www.laguiadepamplona.com\/actualidad\/wp-content\/uploads\/2022\/06\/elmolinobicisee5a2671_0.webp","contentUrl":"https:\/\/www.laguiadepamplona.com\/actualidad\/wp-content\/uploads\/2022\/06\/elmolinobicisee5a2671_0.webp","width":1920,"height":1280},{"@type":"BreadcrumbList","@id":"https:\/\/www.laguiadepamplona.com\/actualidad\/las-bicicletas-municipales-en-desuso-del-programa-nbici-seran-cedidas-temporalmente-a-entidades-sin-animo-de-lucro-y-con-fines-sociales-para-realizar-salidas-y-actividades\/#breadcrumb","itemListElement":[{"@type":"ListItem","position":1,"name":"Portada","item":"https:\/\/www.laguiadepamplona.com\/actualidad\/"},{"@type":"ListItem","position":2,"name":"Las bicicletas municipales en desuso del programa Nbici ser\u00e1n cedidas temporalmente a entidades sin \u00e1nimo de lucro y con fines sociales para realizar salidas y actividades"}]},{"@type":"WebSite","@id":"https:\/\/www.laguiadepamplona.com\/actualidad\/#website","url":"https:\/\/www.laguiadepamplona.com\/actualidad\/","name":"La gu\u00eda de Pamplona","description":"Noticias de Pamplona","publisher":{"@id":"https:\/\/www.laguiadepamplona.com\/actualidad\/#organization"},"potentialAction":[{"@type":"SearchAction","target":{"@type":"EntryPoint","urlTemplate":"https:\/\/www.laguiadepamplona.com\/actualidad\/?s={search_term_string}"},"query-input":{"@type":"PropertyValueSpecification","valueRequired":true,"valueName":"search_term_string"}}],"inLanguage":"es"},{"@type":"Organization","@id":"https:\/\/www.laguiadepamplona.com\/actualidad\/#organization","name":"La Gu\u00eda de Pamplona \/ Noticias","url":"https:\/\/www.laguiadepamplona.com\/actualidad\/","logo":{"@type":"ImageObject","inLanguage":"es","@id":"https:\/\/www.laguiadepamplona.com\/actualidad\/#\/schema\/logo\/image\/","url":"https:\/\/www.laguiadepamplona.com\/actualidad\/wp-content\/uploads\/2018\/11\/logo-laguiadepamplona18-web1.png","contentUrl":"https:\/\/www.laguiadepamplona.com\/actualidad\/wp-content\/uploads\/2018\/11\/logo-laguiadepamplona18-web1.png","width":600,"height":196,"caption":"La Gu\u00eda de Pamplona \/ Noticias"},"image":{"@id":"https:\/\/www.laguiadepamplona.com\/actualidad\/#\/schema\/logo\/image\/"},"sameAs":["https:\/\/www.facebook.com\/laguiadepamplonacom-133175176762273\/?ref=hl","https:\/\/x.com\/LaGuiadPamplona","https:\/\/www.instagram.com\/la_guia_de_pamplona\/","https:\/\/www.youtube.com\/user\/laguiadepamplona"]},{"@type":"Person","@id":"https:\/\/www.laguiadepamplona.com\/actualidad\/#\/schema\/person\/efe887376f0213d4657c93adc50b1fdb","name":"La Gu\u00eda de Pamplona","image":{"@type":"ImageObject","inLanguage":"es","@id":"https:\/\/secure.gravatar.com\/avatar\/b6992f131dc8d30ab0dff15446e9d346d9dbd95992de0fef795073f5ea83a81c?s=96&d=mm&r=g","url":"https:\/\/secure.gravatar.com\/avatar\/b6992f131dc8d30ab0dff15446e9d346d9dbd95992de0fef795073f5ea83a81c?s=96&d=mm&r=g","contentUrl":"https:\/\/secure.gravatar.com\/avatar\/b6992f131dc8d30ab0dff15446e9d346d9dbd95992de0fef795073f5ea83a81c?s=96&d=mm&r=g","caption":"La Gu\u00eda de Pamplona"}}]}},"post_mailing_queue_ids":[],"_links":{"self":[{"href":"https:\/\/www.laguiadepamplona.com\/actualidad\/wp-json\/wp\/v2\/posts\/40595","targetHints":{"allow":["GET"]}}],"collection":[{"href":"https:\/\/www.laguiadepamplona.com\/actualidad\/wp-json\/wp\/v2\/posts"}],"about":[{"href":"https:\/\/www.laguiadepamplona.com\/actualidad\/wp-json\/wp\/v2\/types\/post"}],"author":[{"embeddable":true,"href":"https:\/\/www.laguiadepamplona.com\/actualidad\/wp-json\/wp\/v2\/users\/1"}],"replies":[{"embeddable":true,"href":"https:\/\/www.laguiadepamplona.com\/actualidad\/wp-json\/wp\/v2\/comments?post=40595"}],"version-history":[{"count":0,"href":"https:\/\/www.laguiadepamplona.com\/actualidad\/wp-json\/wp\/v2\/posts\/40595\/revisions"}],"wp:featuredmedia":[{"embeddable":true,"href":"https:\/\/www.laguiadepamplona.com\/actualidad\/wp-json\/wp\/v2\/media\/40596"}],"wp:attachment":[{"href":"https:\/\/www.laguiadepamplona.com\/actualidad\/wp-json\/wp\/v2\/media?parent=40595"}],"wp:term":[{"taxonomy":"category","embeddable":true,"href":"https:\/\/www.laguiadepamplona.com\/actualidad\/wp-json\/wp\/v2\/categories?post=40595"},{"taxonomy":"post_tag","embeddable":true,"href":"https:\/\/www.laguiadepamplona.com\/actualidad\/wp-json\/wp\/v2\/tags?post=40595"}],"curies":[{"name":"wp","href":"https:\/\/api.w.org\/{rel}","templated":true}]}}