{"id":40570,"date":"2022-06-02T12:05:41","date_gmt":"2022-06-02T10:05:41","guid":{"rendered":"https:\/\/www.laguiadepamplona.com\/actualidad\/?p=40570"},"modified":"2023-04-11T11:48:06","modified_gmt":"2023-04-11T09:48:06","slug":"el-alcalde-de-pamplona-participa-en-la-casa-de-cantabria-en-navarra-en-el-homenaje-a-su-presidente-y-fundador-jose-gomez-zubieta-fallecido-en-marzo-de-2020-2","status":"publish","type":"post","link":"https:\/\/www.laguiadepamplona.com\/actualidad\/el-alcalde-de-pamplona-participa-en-la-casa-de-cantabria-en-navarra-en-el-homenaje-a-su-presidente-y-fundador-jose-gomez-zubieta-fallecido-en-marzo-de-2020-2\/","title":{"rendered":"El alcalde de Pamplona participa en la Casa de Cantabria en Navarra en el homenaje a su presidente y fundador, Jos\u00e9 G\u00f3mez Zubieta, fallecido en marzo de 2020"},"content":{"rendered":"<h5>El acto ha tenido lugar esta ma\u00f1ana en la Casa de Cantabria, con presencia de la viuda y de familiares del homenajeado<\/h5>\n<p><!--more--><\/p>\n<p>El alcalde de Pamplona, Enrique Maya, ha visitado esta ma\u00f1ana la Casa de Cantabria en Navarra para participar en el acto de homenaje a Jos\u00e9 G\u00f3mez Zubieta, presidente y fundador de la entidad, fallecido el marzo de 2022. El acto ha contado con la asistencia de la viuda y varios de sus hijos, as\u00ed como del actual presidente de la Casa de Cantabria en Navarra, Jos\u00e9 Luis Merino.<br \/>\n<script async src=\"\/\/pagead2.googlesyndication.com\/pagead\/js\/adsbygoogle.js\"><\/script><br \/>\n<!-- Noticias La Guia de Pamplona --><br \/>\n<ins class=\"adsbygoogle\"\nstyle=\"display:block\"\ndata-ad-client=\"ca-pub-6943679897239327\"\ndata-ad-slot=\"7048180777\"\ndata-ad-format=\"auto\"><\/ins><br \/>\n<script>\n(adsbygoogle = window.adsbygoogle || []).push({});\n<\/script><\/p>\n<p>Ha sido un acto sencillo, en el que han intervenido tanto el presidente de la Casa de Cantabria como el alcalde de Pamplona. Enrique Maya le ha entregado a Jos\u00e9 Luis Merino y a la viuda de Jos\u00e9 G\u00f3mez, Maruja Vivancos, un cuadro del escudo de Pamplona. A continuaci\u00f3n, el presidente de la Casa de Cantabria le ha entregado un pergamino a la viuda para reconocerle a Jos\u00e9 G\u00f3mez como presidente de honor de la casa. En representaci\u00f3n de la Federaci\u00f3n de Casas Regionales en Navarra, a la que pertenece la Casa de Cantabria, ha asistido al acto su presidente Jaime Valdeolmillos.<\/p>\n<p>Jos\u00e9 G\u00f3mez fund\u00f3 en abril de 1991, junto a otros compa\u00f1eros y compa\u00f1eras, la Casa de Cantabria en Navarra, de la que fue presidente durante m\u00e1s de dos d\u00e9cadas, hasta su fallecimiento en 2020 a causa de la COVID-19. Casado con Maruja Vivancos, tuvieron 6 hijos, 4 de ellos en Santander y los dos m\u00e1s peque\u00f1os nacidos ya en Pamplona. La madre de Jos\u00e9 G\u00f3mez era de Arguedas, donde tambi\u00e9n ten\u00eda familia, as\u00ed que la decisi\u00f3n de venirse a vivir a Navarra, tras unos a\u00f1os en el Pa\u00eds Vasco, no fue dif\u00edcil.<br \/>\n<script async src=\"\/\/pagead2.googlesyndication.com\/pagead\/js\/adsbygoogle.js\"><\/script><br \/>\n<!-- Noticias La Guia de Pamplona --><br \/>\n<ins class=\"adsbygoogle\"\nstyle=\"display:block\"\ndata-ad-client=\"ca-pub-6943679897239327\"\ndata-ad-slot=\"7048180777\"\ndata-ad-format=\"auto\"><\/ins><br \/>\n<script>\n(adsbygoogle = window.adsbygoogle || []).push({});\n<\/script><\/p>\n<p>Jos\u00e9 G\u00f3mez trabaj\u00f3 como jefe de mantenimiento en la empresa \u00dacar Electrodos en Ororbia y su mujer como ama de casa.\u00a0 Quienes le conocieron lo recuerdan como una persona sencilla y muy activa, entusiasta tanto de Cantabria como de Navarra, de las que se sent\u00eda muy orgulloso. Por eso, su ilusi\u00f3n durante tantos a\u00f1os fue mantener viva la cultura y las costumbres de su tierra de nacimiento en su tierra de adopci\u00f3n.<\/p>\n","protected":false},"excerpt":{"rendered":"<p>El acto ha tenido lugar esta ma\u00f1ana en la Casa de Cantabria, con presencia de la viuda y de familiares del homenajeado<\/p>\n","protected":false},"author":1,"featured_media":40571,"comment_status":"open","ping_status":"closed","sticky":false,"template":"","format":"standard","meta":{"footnotes":""},"categories":[2],"tags":[],"class_list":["post-40570","post","type-post","status-publish","format-standard","has-post-thumbnail","hentry","category-ayuntamiento-pamplona"],"yoast_head":"<!-- This site is optimized with the Yoast SEO plugin v27.3 - https:\/\/yoast.com\/product\/yoast-seo-wordpress\/ -->\n<title>El alcalde de Pamplona participa en la Casa de Cantabria en Navarra en el homenaje a su presidente y fundador, Jos\u00e9 G\u00f3mez Zubieta, fallecido en marzo de 2020<\/title>\n<meta name=\"description\" content=\"El acto ha tenido lugar esta ma\u00f1ana en la Casa de Cantabria, con presencia de la viuda y de familiares del homenajeado\" \/>\n<meta name=\"robots\" content=\"index, follow, max-snippet:-1, max-image-preview:large, max-video-preview:-1\" \/>\n<link rel=\"canonical\" href=\"https:\/\/www.laguiadepamplona.com\/actualidad\/el-alcalde-de-pamplona-participa-en-la-casa-de-cantabria-en-navarra-en-el-homenaje-a-su-presidente-y-fundador-jose-gomez-zubieta-fallecido-en-marzo-de-2020-2\/\" \/>\n<meta property=\"og:locale\" content=\"es_ES\" \/>\n<meta property=\"og:type\" content=\"article\" \/>\n<meta property=\"og:title\" content=\"El alcalde de Pamplona participa en la Casa de Cantabria en Navarra en el homenaje a su presidente y fundador, Jos\u00e9 G\u00f3mez Zubieta, fallecido en marzo de 2020\" \/>\n<meta property=\"og:description\" content=\"El acto ha tenido lugar esta ma\u00f1ana en la Casa de Cantabria, con presencia de la viuda y de familiares del homenajeado\" \/>\n<meta property=\"og:url\" content=\"https:\/\/www.laguiadepamplona.com\/actualidad\/el-alcalde-de-pamplona-participa-en-la-casa-de-cantabria-en-navarra-en-el-homenaje-a-su-presidente-y-fundador-jose-gomez-zubieta-fallecido-en-marzo-de-2020-2\/\" \/>\n<meta property=\"og:site_name\" content=\"La Gu\u00eda de Pamplona\" \/>\n<meta property=\"article:publisher\" content=\"https:\/\/www.facebook.com\/laguiadepamplonacom-133175176762273\/?ref=hl\" \/>\n<meta property=\"article:published_time\" content=\"2022-06-02T10:05:41+00:00\" \/>\n<meta property=\"article:modified_time\" content=\"2023-04-11T09:48:06+00:00\" \/>\n<meta property=\"og:image\" content=\"https:\/\/www.laguiadepamplona.com\/actualidad\/wp-content\/uploads\/2022\/06\/alcalde-casa-cantabria.webp\" \/>\n\t<meta property=\"og:image:width\" content=\"1920\" \/>\n\t<meta property=\"og:image:height\" content=\"1281\" \/>\n\t<meta property=\"og:image:type\" content=\"image\/webp\" \/>\n<meta name=\"author\" content=\"La Gu\u00eda de Pamplona\" \/>\n<meta name=\"twitter:card\" content=\"summary_large_image\" \/>\n<meta name=\"twitter:creator\" content=\"@LaGuiadPamplona\" \/>\n<meta name=\"twitter:site\" content=\"@LaGuiadPamplona\" \/>\n<meta name=\"twitter:label1\" content=\"Escrito por\" \/>\n\t<meta name=\"twitter:data1\" content=\"La Gu\u00eda de Pamplona\" \/>\n\t<meta name=\"twitter:label2\" content=\"Tiempo de lectura\" \/>\n\t<meta name=\"twitter:data2\" content=\"2 minutos\" \/>\n<script type=\"application\/ld+json\" class=\"yoast-schema-graph\">{\"@context\":\"https:\\\/\\\/schema.org\",\"@graph\":[{\"@type\":\"Article\",\"@id\":\"https:\\\/\\\/www.laguiadepamplona.com\\\/actualidad\\\/el-alcalde-de-pamplona-participa-en-la-casa-de-cantabria-en-navarra-en-el-homenaje-a-su-presidente-y-fundador-jose-gomez-zubieta-fallecido-en-marzo-de-2020-2\\\/#article\",\"isPartOf\":{\"@id\":\"https:\\\/\\\/www.laguiadepamplona.com\\\/actualidad\\\/el-alcalde-de-pamplona-participa-en-la-casa-de-cantabria-en-navarra-en-el-homenaje-a-su-presidente-y-fundador-jose-gomez-zubieta-fallecido-en-marzo-de-2020-2\\\/\"},\"author\":{\"name\":\"La Gu\u00eda de Pamplona\",\"@id\":\"https:\\\/\\\/www.laguiadepamplona.com\\\/actualidad\\\/#\\\/schema\\\/person\\\/efe887376f0213d4657c93adc50b1fdb\"},\"headline\":\"El alcalde de Pamplona participa en la Casa de Cantabria en Navarra en el homenaje a su presidente y fundador, Jos\u00e9 G\u00f3mez Zubieta, fallecido en marzo de 2020\",\"datePublished\":\"2022-06-02T10:05:41+00:00\",\"dateModified\":\"2023-04-11T09:48:06+00:00\",\"mainEntityOfPage\":{\"@id\":\"https:\\\/\\\/www.laguiadepamplona.com\\\/actualidad\\\/el-alcalde-de-pamplona-participa-en-la-casa-de-cantabria-en-navarra-en-el-homenaje-a-su-presidente-y-fundador-jose-gomez-zubieta-fallecido-en-marzo-de-2020-2\\\/\"},\"wordCount\":406,\"commentCount\":0,\"publisher\":{\"@id\":\"https:\\\/\\\/www.laguiadepamplona.com\\\/actualidad\\\/#organization\"},\"image\":{\"@id\":\"https:\\\/\\\/www.laguiadepamplona.com\\\/actualidad\\\/el-alcalde-de-pamplona-participa-en-la-casa-de-cantabria-en-navarra-en-el-homenaje-a-su-presidente-y-fundador-jose-gomez-zubieta-fallecido-en-marzo-de-2020-2\\\/#primaryimage\"},\"thumbnailUrl\":\"https:\\\/\\\/www.laguiadepamplona.com\\\/actualidad\\\/wp-content\\\/uploads\\\/2022\\\/06\\\/alcalde-casa-cantabria.webp\",\"articleSection\":[\"Ayto Pamplona\"],\"inLanguage\":\"es\",\"potentialAction\":[{\"@type\":\"CommentAction\",\"name\":\"Comment\",\"target\":[\"https:\\\/\\\/www.laguiadepamplona.com\\\/actualidad\\\/el-alcalde-de-pamplona-participa-en-la-casa-de-cantabria-en-navarra-en-el-homenaje-a-su-presidente-y-fundador-jose-gomez-zubieta-fallecido-en-marzo-de-2020-2\\\/#respond\"]}]},{\"@type\":\"WebPage\",\"@id\":\"https:\\\/\\\/www.laguiadepamplona.com\\\/actualidad\\\/el-alcalde-de-pamplona-participa-en-la-casa-de-cantabria-en-navarra-en-el-homenaje-a-su-presidente-y-fundador-jose-gomez-zubieta-fallecido-en-marzo-de-2020-2\\\/\",\"url\":\"https:\\\/\\\/www.laguiadepamplona.com\\\/actualidad\\\/el-alcalde-de-pamplona-participa-en-la-casa-de-cantabria-en-navarra-en-el-homenaje-a-su-presidente-y-fundador-jose-gomez-zubieta-fallecido-en-marzo-de-2020-2\\\/\",\"name\":\"El alcalde de Pamplona participa en la Casa de Cantabria en Navarra en el homenaje a su presidente y fundador, Jos\u00e9 G\u00f3mez Zubieta, fallecido en marzo de 2020\",\"isPartOf\":{\"@id\":\"https:\\\/\\\/www.laguiadepamplona.com\\\/actualidad\\\/#website\"},\"primaryImageOfPage\":{\"@id\":\"https:\\\/\\\/www.laguiadepamplona.com\\\/actualidad\\\/el-alcalde-de-pamplona-participa-en-la-casa-de-cantabria-en-navarra-en-el-homenaje-a-su-presidente-y-fundador-jose-gomez-zubieta-fallecido-en-marzo-de-2020-2\\\/#primaryimage\"},\"image\":{\"@id\":\"https:\\\/\\\/www.laguiadepamplona.com\\\/actualidad\\\/el-alcalde-de-pamplona-participa-en-la-casa-de-cantabria-en-navarra-en-el-homenaje-a-su-presidente-y-fundador-jose-gomez-zubieta-fallecido-en-marzo-de-2020-2\\\/#primaryimage\"},\"thumbnailUrl\":\"https:\\\/\\\/www.laguiadepamplona.com\\\/actualidad\\\/wp-content\\\/uploads\\\/2022\\\/06\\\/alcalde-casa-cantabria.webp\",\"datePublished\":\"2022-06-02T10:05:41+00:00\",\"dateModified\":\"2023-04-11T09:48:06+00:00\",\"description\":\"El acto ha tenido lugar esta ma\u00f1ana en la Casa de Cantabria, con presencia de la viuda y de familiares del homenajeado\",\"breadcrumb\":{\"@id\":\"https:\\\/\\\/www.laguiadepamplona.com\\\/actualidad\\\/el-alcalde-de-pamplona-participa-en-la-casa-de-cantabria-en-navarra-en-el-homenaje-a-su-presidente-y-fundador-jose-gomez-zubieta-fallecido-en-marzo-de-2020-2\\\/#breadcrumb\"},\"inLanguage\":\"es\",\"potentialAction\":[{\"@type\":\"ReadAction\",\"target\":[\"https:\\\/\\\/www.laguiadepamplona.com\\\/actualidad\\\/el-alcalde-de-pamplona-participa-en-la-casa-de-cantabria-en-navarra-en-el-homenaje-a-su-presidente-y-fundador-jose-gomez-zubieta-fallecido-en-marzo-de-2020-2\\\/\"]}]},{\"@type\":\"ImageObject\",\"inLanguage\":\"es\",\"@id\":\"https:\\\/\\\/www.laguiadepamplona.com\\\/actualidad\\\/el-alcalde-de-pamplona-participa-en-la-casa-de-cantabria-en-navarra-en-el-homenaje-a-su-presidente-y-fundador-jose-gomez-zubieta-fallecido-en-marzo-de-2020-2\\\/#primaryimage\",\"url\":\"https:\\\/\\\/www.laguiadepamplona.com\\\/actualidad\\\/wp-content\\\/uploads\\\/2022\\\/06\\\/alcalde-casa-cantabria.webp\",\"contentUrl\":\"https:\\\/\\\/www.laguiadepamplona.com\\\/actualidad\\\/wp-content\\\/uploads\\\/2022\\\/06\\\/alcalde-casa-cantabria.webp\",\"width\":1920,\"height\":1281},{\"@type\":\"BreadcrumbList\",\"@id\":\"https:\\\/\\\/www.laguiadepamplona.com\\\/actualidad\\\/el-alcalde-de-pamplona-participa-en-la-casa-de-cantabria-en-navarra-en-el-homenaje-a-su-presidente-y-fundador-jose-gomez-zubieta-fallecido-en-marzo-de-2020-2\\\/#breadcrumb\",\"itemListElement\":[{\"@type\":\"ListItem\",\"position\":1,\"name\":\"Portada\",\"item\":\"https:\\\/\\\/www.laguiadepamplona.com\\\/actualidad\\\/\"},{\"@type\":\"ListItem\",\"position\":2,\"name\":\"El alcalde de Pamplona participa en la Casa de Cantabria en Navarra en el homenaje a su presidente y fundador, Jos\u00e9 G\u00f3mez Zubieta, fallecido en marzo de 2020\"}]},{\"@type\":\"WebSite\",\"@id\":\"https:\\\/\\\/www.laguiadepamplona.com\\\/actualidad\\\/#website\",\"url\":\"https:\\\/\\\/www.laguiadepamplona.com\\\/actualidad\\\/\",\"name\":\"La gu\u00eda de Pamplona\",\"description\":\"Noticias de Pamplona\",\"publisher\":{\"@id\":\"https:\\\/\\\/www.laguiadepamplona.com\\\/actualidad\\\/#organization\"},\"potentialAction\":[{\"@type\":\"SearchAction\",\"target\":{\"@type\":\"EntryPoint\",\"urlTemplate\":\"https:\\\/\\\/www.laguiadepamplona.com\\\/actualidad\\\/?s={search_term_string}\"},\"query-input\":{\"@type\":\"PropertyValueSpecification\",\"valueRequired\":true,\"valueName\":\"search_term_string\"}}],\"inLanguage\":\"es\"},{\"@type\":\"Organization\",\"@id\":\"https:\\\/\\\/www.laguiadepamplona.com\\\/actualidad\\\/#organization\",\"name\":\"La Gu\u00eda de Pamplona \\\/ Noticias\",\"url\":\"https:\\\/\\\/www.laguiadepamplona.com\\\/actualidad\\\/\",\"logo\":{\"@type\":\"ImageObject\",\"inLanguage\":\"es\",\"@id\":\"https:\\\/\\\/www.laguiadepamplona.com\\\/actualidad\\\/#\\\/schema\\\/logo\\\/image\\\/\",\"url\":\"https:\\\/\\\/www.laguiadepamplona.com\\\/actualidad\\\/wp-content\\\/uploads\\\/2018\\\/11\\\/logo-laguiadepamplona18-web1.png\",\"contentUrl\":\"https:\\\/\\\/www.laguiadepamplona.com\\\/actualidad\\\/wp-content\\\/uploads\\\/2018\\\/11\\\/logo-laguiadepamplona18-web1.png\",\"width\":600,\"height\":196,\"caption\":\"La Gu\u00eda de Pamplona \\\/ Noticias\"},\"image\":{\"@id\":\"https:\\\/\\\/www.laguiadepamplona.com\\\/actualidad\\\/#\\\/schema\\\/logo\\\/image\\\/\"},\"sameAs\":[\"https:\\\/\\\/www.facebook.com\\\/laguiadepamplonacom-133175176762273\\\/?ref=hl\",\"https:\\\/\\\/x.com\\\/LaGuiadPamplona\",\"https:\\\/\\\/www.instagram.com\\\/la_guia_de_pamplona\\\/\",\"https:\\\/\\\/www.youtube.com\\\/user\\\/laguiadepamplona\"]},{\"@type\":\"Person\",\"@id\":\"https:\\\/\\\/www.laguiadepamplona.com\\\/actualidad\\\/#\\\/schema\\\/person\\\/efe887376f0213d4657c93adc50b1fdb\",\"name\":\"La Gu\u00eda de Pamplona\",\"image\":{\"@type\":\"ImageObject\",\"inLanguage\":\"es\",\"@id\":\"https:\\\/\\\/secure.gravatar.com\\\/avatar\\\/b6992f131dc8d30ab0dff15446e9d346d9dbd95992de0fef795073f5ea83a81c?s=96&d=mm&r=g\",\"url\":\"https:\\\/\\\/secure.gravatar.com\\\/avatar\\\/b6992f131dc8d30ab0dff15446e9d346d9dbd95992de0fef795073f5ea83a81c?s=96&d=mm&r=g\",\"contentUrl\":\"https:\\\/\\\/secure.gravatar.com\\\/avatar\\\/b6992f131dc8d30ab0dff15446e9d346d9dbd95992de0fef795073f5ea83a81c?s=96&d=mm&r=g\",\"caption\":\"La Gu\u00eda de Pamplona\"}}]}<\/script>\n<!-- \/ Yoast SEO plugin. -->","yoast_head_json":{"title":"El alcalde de Pamplona participa en la Casa de Cantabria en Navarra en el homenaje a su presidente y fundador, Jos\u00e9 G\u00f3mez Zubieta, fallecido en marzo de 2020","description":"El acto ha tenido lugar esta ma\u00f1ana en la Casa de Cantabria, con presencia de la viuda y de familiares del homenajeado","robots":{"index":"index","follow":"follow","max-snippet":"max-snippet:-1","max-image-preview":"max-image-preview:large","max-video-preview":"max-video-preview:-1"},"canonical":"https:\/\/www.laguiadepamplona.com\/actualidad\/el-alcalde-de-pamplona-participa-en-la-casa-de-cantabria-en-navarra-en-el-homenaje-a-su-presidente-y-fundador-jose-gomez-zubieta-fallecido-en-marzo-de-2020-2\/","og_locale":"es_ES","og_type":"article","og_title":"El alcalde de Pamplona participa en la Casa de Cantabria en Navarra en el homenaje a su presidente y fundador, Jos\u00e9 G\u00f3mez Zubieta, fallecido en marzo de 2020","og_description":"El acto ha tenido lugar esta ma\u00f1ana en la Casa de Cantabria, con presencia de la viuda y de familiares del homenajeado","og_url":"https:\/\/www.laguiadepamplona.com\/actualidad\/el-alcalde-de-pamplona-participa-en-la-casa-de-cantabria-en-navarra-en-el-homenaje-a-su-presidente-y-fundador-jose-gomez-zubieta-fallecido-en-marzo-de-2020-2\/","og_site_name":"La Gu\u00eda de Pamplona","article_publisher":"https:\/\/www.facebook.com\/laguiadepamplonacom-133175176762273\/?ref=hl","article_published_time":"2022-06-02T10:05:41+00:00","article_modified_time":"2023-04-11T09:48:06+00:00","og_image":[{"width":1920,"height":1281,"url":"https:\/\/www.laguiadepamplona.com\/actualidad\/wp-content\/uploads\/2022\/06\/alcalde-casa-cantabria.webp","type":"image\/webp"}],"author":"La Gu\u00eda de Pamplona","twitter_card":"summary_large_image","twitter_creator":"@LaGuiadPamplona","twitter_site":"@LaGuiadPamplona","twitter_misc":{"Escrito por":"La Gu\u00eda de Pamplona","Tiempo de lectura":"2 minutos"},"schema":{"@context":"https:\/\/schema.org","@graph":[{"@type":"Article","@id":"https:\/\/www.laguiadepamplona.com\/actualidad\/el-alcalde-de-pamplona-participa-en-la-casa-de-cantabria-en-navarra-en-el-homenaje-a-su-presidente-y-fundador-jose-gomez-zubieta-fallecido-en-marzo-de-2020-2\/#article","isPartOf":{"@id":"https:\/\/www.laguiadepamplona.com\/actualidad\/el-alcalde-de-pamplona-participa-en-la-casa-de-cantabria-en-navarra-en-el-homenaje-a-su-presidente-y-fundador-jose-gomez-zubieta-fallecido-en-marzo-de-2020-2\/"},"author":{"name":"La Gu\u00eda de Pamplona","@id":"https:\/\/www.laguiadepamplona.com\/actualidad\/#\/schema\/person\/efe887376f0213d4657c93adc50b1fdb"},"headline":"El alcalde de Pamplona participa en la Casa de Cantabria en Navarra en el homenaje a su presidente y fundador, Jos\u00e9 G\u00f3mez Zubieta, fallecido en marzo de 2020","datePublished":"2022-06-02T10:05:41+00:00","dateModified":"2023-04-11T09:48:06+00:00","mainEntityOfPage":{"@id":"https:\/\/www.laguiadepamplona.com\/actualidad\/el-alcalde-de-pamplona-participa-en-la-casa-de-cantabria-en-navarra-en-el-homenaje-a-su-presidente-y-fundador-jose-gomez-zubieta-fallecido-en-marzo-de-2020-2\/"},"wordCount":406,"commentCount":0,"publisher":{"@id":"https:\/\/www.laguiadepamplona.com\/actualidad\/#organization"},"image":{"@id":"https:\/\/www.laguiadepamplona.com\/actualidad\/el-alcalde-de-pamplona-participa-en-la-casa-de-cantabria-en-navarra-en-el-homenaje-a-su-presidente-y-fundador-jose-gomez-zubieta-fallecido-en-marzo-de-2020-2\/#primaryimage"},"thumbnailUrl":"https:\/\/www.laguiadepamplona.com\/actualidad\/wp-content\/uploads\/2022\/06\/alcalde-casa-cantabria.webp","articleSection":["Ayto Pamplona"],"inLanguage":"es","potentialAction":[{"@type":"CommentAction","name":"Comment","target":["https:\/\/www.laguiadepamplona.com\/actualidad\/el-alcalde-de-pamplona-participa-en-la-casa-de-cantabria-en-navarra-en-el-homenaje-a-su-presidente-y-fundador-jose-gomez-zubieta-fallecido-en-marzo-de-2020-2\/#respond"]}]},{"@type":"WebPage","@id":"https:\/\/www.laguiadepamplona.com\/actualidad\/el-alcalde-de-pamplona-participa-en-la-casa-de-cantabria-en-navarra-en-el-homenaje-a-su-presidente-y-fundador-jose-gomez-zubieta-fallecido-en-marzo-de-2020-2\/","url":"https:\/\/www.laguiadepamplona.com\/actualidad\/el-alcalde-de-pamplona-participa-en-la-casa-de-cantabria-en-navarra-en-el-homenaje-a-su-presidente-y-fundador-jose-gomez-zubieta-fallecido-en-marzo-de-2020-2\/","name":"El alcalde de Pamplona participa en la Casa de Cantabria en Navarra en el homenaje a su presidente y fundador, Jos\u00e9 G\u00f3mez Zubieta, fallecido en marzo de 2020","isPartOf":{"@id":"https:\/\/www.laguiadepamplona.com\/actualidad\/#website"},"primaryImageOfPage":{"@id":"https:\/\/www.laguiadepamplona.com\/actualidad\/el-alcalde-de-pamplona-participa-en-la-casa-de-cantabria-en-navarra-en-el-homenaje-a-su-presidente-y-fundador-jose-gomez-zubieta-fallecido-en-marzo-de-2020-2\/#primaryimage"},"image":{"@id":"https:\/\/www.laguiadepamplona.com\/actualidad\/el-alcalde-de-pamplona-participa-en-la-casa-de-cantabria-en-navarra-en-el-homenaje-a-su-presidente-y-fundador-jose-gomez-zubieta-fallecido-en-marzo-de-2020-2\/#primaryimage"},"thumbnailUrl":"https:\/\/www.laguiadepamplona.com\/actualidad\/wp-content\/uploads\/2022\/06\/alcalde-casa-cantabria.webp","datePublished":"2022-06-02T10:05:41+00:00","dateModified":"2023-04-11T09:48:06+00:00","description":"El acto ha tenido lugar esta ma\u00f1ana en la Casa de Cantabria, con presencia de la viuda y de familiares del homenajeado","breadcrumb":{"@id":"https:\/\/www.laguiadepamplona.com\/actualidad\/el-alcalde-de-pamplona-participa-en-la-casa-de-cantabria-en-navarra-en-el-homenaje-a-su-presidente-y-fundador-jose-gomez-zubieta-fallecido-en-marzo-de-2020-2\/#breadcrumb"},"inLanguage":"es","potentialAction":[{"@type":"ReadAction","target":["https:\/\/www.laguiadepamplona.com\/actualidad\/el-alcalde-de-pamplona-participa-en-la-casa-de-cantabria-en-navarra-en-el-homenaje-a-su-presidente-y-fundador-jose-gomez-zubieta-fallecido-en-marzo-de-2020-2\/"]}]},{"@type":"ImageObject","inLanguage":"es","@id":"https:\/\/www.laguiadepamplona.com\/actualidad\/el-alcalde-de-pamplona-participa-en-la-casa-de-cantabria-en-navarra-en-el-homenaje-a-su-presidente-y-fundador-jose-gomez-zubieta-fallecido-en-marzo-de-2020-2\/#primaryimage","url":"https:\/\/www.laguiadepamplona.com\/actualidad\/wp-content\/uploads\/2022\/06\/alcalde-casa-cantabria.webp","contentUrl":"https:\/\/www.laguiadepamplona.com\/actualidad\/wp-content\/uploads\/2022\/06\/alcalde-casa-cantabria.webp","width":1920,"height":1281},{"@type":"BreadcrumbList","@id":"https:\/\/www.laguiadepamplona.com\/actualidad\/el-alcalde-de-pamplona-participa-en-la-casa-de-cantabria-en-navarra-en-el-homenaje-a-su-presidente-y-fundador-jose-gomez-zubieta-fallecido-en-marzo-de-2020-2\/#breadcrumb","itemListElement":[{"@type":"ListItem","position":1,"name":"Portada","item":"https:\/\/www.laguiadepamplona.com\/actualidad\/"},{"@type":"ListItem","position":2,"name":"El alcalde de Pamplona participa en la Casa de Cantabria en Navarra en el homenaje a su presidente y fundador, Jos\u00e9 G\u00f3mez Zubieta, fallecido en marzo de 2020"}]},{"@type":"WebSite","@id":"https:\/\/www.laguiadepamplona.com\/actualidad\/#website","url":"https:\/\/www.laguiadepamplona.com\/actualidad\/","name":"La gu\u00eda de Pamplona","description":"Noticias de Pamplona","publisher":{"@id":"https:\/\/www.laguiadepamplona.com\/actualidad\/#organization"},"potentialAction":[{"@type":"SearchAction","target":{"@type":"EntryPoint","urlTemplate":"https:\/\/www.laguiadepamplona.com\/actualidad\/?s={search_term_string}"},"query-input":{"@type":"PropertyValueSpecification","valueRequired":true,"valueName":"search_term_string"}}],"inLanguage":"es"},{"@type":"Organization","@id":"https:\/\/www.laguiadepamplona.com\/actualidad\/#organization","name":"La Gu\u00eda de Pamplona \/ Noticias","url":"https:\/\/www.laguiadepamplona.com\/actualidad\/","logo":{"@type":"ImageObject","inLanguage":"es","@id":"https:\/\/www.laguiadepamplona.com\/actualidad\/#\/schema\/logo\/image\/","url":"https:\/\/www.laguiadepamplona.com\/actualidad\/wp-content\/uploads\/2018\/11\/logo-laguiadepamplona18-web1.png","contentUrl":"https:\/\/www.laguiadepamplona.com\/actualidad\/wp-content\/uploads\/2018\/11\/logo-laguiadepamplona18-web1.png","width":600,"height":196,"caption":"La Gu\u00eda de Pamplona \/ Noticias"},"image":{"@id":"https:\/\/www.laguiadepamplona.com\/actualidad\/#\/schema\/logo\/image\/"},"sameAs":["https:\/\/www.facebook.com\/laguiadepamplonacom-133175176762273\/?ref=hl","https:\/\/x.com\/LaGuiadPamplona","https:\/\/www.instagram.com\/la_guia_de_pamplona\/","https:\/\/www.youtube.com\/user\/laguiadepamplona"]},{"@type":"Person","@id":"https:\/\/www.laguiadepamplona.com\/actualidad\/#\/schema\/person\/efe887376f0213d4657c93adc50b1fdb","name":"La Gu\u00eda de Pamplona","image":{"@type":"ImageObject","inLanguage":"es","@id":"https:\/\/secure.gravatar.com\/avatar\/b6992f131dc8d30ab0dff15446e9d346d9dbd95992de0fef795073f5ea83a81c?s=96&d=mm&r=g","url":"https:\/\/secure.gravatar.com\/avatar\/b6992f131dc8d30ab0dff15446e9d346d9dbd95992de0fef795073f5ea83a81c?s=96&d=mm&r=g","contentUrl":"https:\/\/secure.gravatar.com\/avatar\/b6992f131dc8d30ab0dff15446e9d346d9dbd95992de0fef795073f5ea83a81c?s=96&d=mm&r=g","caption":"La Gu\u00eda de Pamplona"}}]}},"post_mailing_queue_ids":[],"_links":{"self":[{"href":"https:\/\/www.laguiadepamplona.com\/actualidad\/wp-json\/wp\/v2\/posts\/40570","targetHints":{"allow":["GET"]}}],"collection":[{"href":"https:\/\/www.laguiadepamplona.com\/actualidad\/wp-json\/wp\/v2\/posts"}],"about":[{"href":"https:\/\/www.laguiadepamplona.com\/actualidad\/wp-json\/wp\/v2\/types\/post"}],"author":[{"embeddable":true,"href":"https:\/\/www.laguiadepamplona.com\/actualidad\/wp-json\/wp\/v2\/users\/1"}],"replies":[{"embeddable":true,"href":"https:\/\/www.laguiadepamplona.com\/actualidad\/wp-json\/wp\/v2\/comments?post=40570"}],"version-history":[{"count":0,"href":"https:\/\/www.laguiadepamplona.com\/actualidad\/wp-json\/wp\/v2\/posts\/40570\/revisions"}],"wp:featuredmedia":[{"embeddable":true,"href":"https:\/\/www.laguiadepamplona.com\/actualidad\/wp-json\/wp\/v2\/media\/40571"}],"wp:attachment":[{"href":"https:\/\/www.laguiadepamplona.com\/actualidad\/wp-json\/wp\/v2\/media?parent=40570"}],"wp:term":[{"taxonomy":"category","embeddable":true,"href":"https:\/\/www.laguiadepamplona.com\/actualidad\/wp-json\/wp\/v2\/categories?post=40570"},{"taxonomy":"post_tag","embeddable":true,"href":"https:\/\/www.laguiadepamplona.com\/actualidad\/wp-json\/wp\/v2\/tags?post=40570"}],"curies":[{"name":"wp","href":"https:\/\/api.w.org\/{rel}","templated":true}]}}