{"id":40567,"date":"2022-06-02T12:03:09","date_gmt":"2022-06-02T10:03:09","guid":{"rendered":"https:\/\/www.laguiadepamplona.com\/actualidad\/?p=40567"},"modified":"2023-04-11T11:48:06","modified_gmt":"2023-04-11T09:48:06","slug":"la-pamplonesa-ofrece-manana-viernes-en-el-patio-de-las-salesianas-en-txantrea-el-primero-de-sus-tres-conciertos-populares-al-aire-libre-antes-de-san-fermin","status":"publish","type":"post","link":"https:\/\/www.laguiadepamplona.com\/actualidad\/la-pamplonesa-ofrece-manana-viernes-en-el-patio-de-las-salesianas-en-txantrea-el-primero-de-sus-tres-conciertos-populares-al-aire-libre-antes-de-san-fermin\/","title":{"rendered":"La Pamplonesa ofrece ma\u00f1ana viernes en el patio de las Salesianas en Txantrea el primero de sus tres conciertos populares al aire libre antes de San Ferm\u00edn"},"content":{"rendered":"<h5>La actuaci\u00f3n de la banda municipal ser\u00e1 a las 20 horas, con entrada libre hasta completar el aforo<\/h5>\n<p><!--more--><\/p>\n<p>El patio de las Salesianas en Txantrea acoge ma\u00f1ana viernes un concierto de La Pamplonesa. Ser\u00e1 la primera de las tres actuaciones que la banda municipal de m\u00fasica tiene previstas al aire en libre en estas semanas previas a las fiestas de San Ferm\u00edn. Este \u2018concierto popular\u2019 comenzar\u00e1 a las 20 horas, con entrada libre hasta completar el aforo.<br \/>\n<script async src=\"\/\/pagead2.googlesyndication.com\/pagead\/js\/adsbygoogle.js\"><\/script><br \/>\n<!-- Noticias La Guia de Pamplona --><br \/>\n<ins class=\"adsbygoogle\"\nstyle=\"display:block\"\ndata-ad-client=\"ca-pub-6943679897239327\"\ndata-ad-slot=\"7048180777\"\ndata-ad-format=\"auto\"><\/ins><br \/>\n<script>\n(adsbygoogle = window.adsbygoogle || []).push({});\n<\/script><\/p>\n<p>El programa del concierto lo conforman obras de diferentes compositores. Se interpretar\u00e1 la marcha \u2018Pompa y circunstancia n\u00ba1\u2019 de Edward Elgar, \u2018Overture to a new beginning\u2019 de Douglas E. Wagner y o la \u2018Vaudeville Suite\u2019 de Pi Scheffer. La segunda parte de la actuaci\u00f3n incluye \u2018Centennial Prelude\u2019 de Jan Van der Roost, \u2018Grounds\u2019 de Jacob de Haan y \u2018Reflections of this time\u2019 de Ted Huggens y la primera suite para banda (Galop) de Alfred Reed.<\/p>\n<p>La Pamplonesa tiene previstas dos actuaciones m\u00e1s al aire libre antes de las fiestas de San Ferm\u00edn. El pr\u00f3ximo viernes 10 de junio la banda de m\u00fasica municipal actuar\u00e1 en la Ciudadela y el 2 de julio, d\u00edas antes del comienzo de las fiestas, se celebrar\u00e1 en la Plaza Consistorial el tradicional concierto presanferminero.<\/p>\n","protected":false},"excerpt":{"rendered":"<p>La actuaci\u00f3n de la banda municipal ser\u00e1 a las 20 horas, con entrada libre hasta completar el aforo<\/p>\n","protected":false},"author":1,"featured_media":40568,"comment_status":"open","ping_status":"closed","sticky":false,"template":"","format":"standard","meta":{"footnotes":""},"categories":[2],"tags":[],"class_list":["post-40567","post","type-post","status-publish","format-standard","has-post-thumbnail","hentry","category-ayuntamiento-pamplona"],"yoast_head":"<!-- This site is optimized with the Yoast SEO plugin v27.5 - https:\/\/yoast.com\/product\/yoast-seo-wordpress\/ -->\n<title>La Pamplonesa ofrece ma\u00f1ana viernes en el patio de las Salesianas en Txantrea el primero de sus tres conciertos populares al aire libre antes de San Ferm\u00edn<\/title>\n<meta name=\"description\" content=\"La actuaci\u00f3n de la banda municipal la Pamplonesa ser\u00e1 a las 20 horas, con entrada libre hasta completar el aforo\" \/>\n<meta name=\"robots\" content=\"index, follow, max-snippet:-1, max-image-preview:large, max-video-preview:-1\" \/>\n<link rel=\"canonical\" href=\"https:\/\/www.laguiadepamplona.com\/actualidad\/la-pamplonesa-ofrece-manana-viernes-en-el-patio-de-las-salesianas-en-txantrea-el-primero-de-sus-tres-conciertos-populares-al-aire-libre-antes-de-san-fermin\/\" \/>\n<meta property=\"og:locale\" content=\"es_ES\" \/>\n<meta property=\"og:type\" content=\"article\" \/>\n<meta property=\"og:title\" content=\"La Pamplonesa ofrece ma\u00f1ana viernes en el patio de las Salesianas en Txantrea el primero de sus tres conciertos populares al aire libre antes de San Ferm\u00edn\" \/>\n<meta property=\"og:description\" content=\"La actuaci\u00f3n de la banda municipal la Pamplonesa ser\u00e1 a las 20 horas, con entrada libre hasta completar el aforo\" \/>\n<meta property=\"og:url\" content=\"https:\/\/www.laguiadepamplona.com\/actualidad\/la-pamplonesa-ofrece-manana-viernes-en-el-patio-de-las-salesianas-en-txantrea-el-primero-de-sus-tres-conciertos-populares-al-aire-libre-antes-de-san-fermin\/\" \/>\n<meta property=\"og:site_name\" content=\"La Gu\u00eda de Pamplona\" \/>\n<meta property=\"article:publisher\" content=\"https:\/\/www.facebook.com\/laguiadepamplonacom-133175176762273\/?ref=hl\" \/>\n<meta property=\"article:published_time\" content=\"2022-06-02T10:03:09+00:00\" \/>\n<meta property=\"article:modified_time\" content=\"2023-04-11T09:48:06+00:00\" \/>\n<meta property=\"og:image\" content=\"https:\/\/www.laguiadepamplona.com\/actualidad\/wp-content\/uploads\/2022\/06\/pamplonesa_JGV0120.webp\" \/>\n\t<meta property=\"og:image:width\" content=\"1920\" \/>\n\t<meta property=\"og:image:height\" content=\"1280\" \/>\n\t<meta property=\"og:image:type\" content=\"image\/webp\" \/>\n<meta name=\"author\" content=\"La Gu\u00eda de Pamplona\" \/>\n<meta name=\"twitter:card\" content=\"summary_large_image\" \/>\n<meta name=\"twitter:creator\" content=\"@LaGuiadPamplona\" \/>\n<meta name=\"twitter:site\" content=\"@LaGuiadPamplona\" \/>\n<meta name=\"twitter:label1\" content=\"Escrito por\" \/>\n\t<meta name=\"twitter:data1\" content=\"La Gu\u00eda de Pamplona\" \/>\n\t<meta name=\"twitter:label2\" content=\"Tiempo de lectura\" \/>\n\t<meta name=\"twitter:data2\" content=\"1 minuto\" \/>\n<script type=\"application\/ld+json\" class=\"yoast-schema-graph\">{\"@context\":\"https:\\\/\\\/schema.org\",\"@graph\":[{\"@type\":\"Article\",\"@id\":\"https:\\\/\\\/www.laguiadepamplona.com\\\/actualidad\\\/la-pamplonesa-ofrece-manana-viernes-en-el-patio-de-las-salesianas-en-txantrea-el-primero-de-sus-tres-conciertos-populares-al-aire-libre-antes-de-san-fermin\\\/#article\",\"isPartOf\":{\"@id\":\"https:\\\/\\\/www.laguiadepamplona.com\\\/actualidad\\\/la-pamplonesa-ofrece-manana-viernes-en-el-patio-de-las-salesianas-en-txantrea-el-primero-de-sus-tres-conciertos-populares-al-aire-libre-antes-de-san-fermin\\\/\"},\"author\":{\"name\":\"La Gu\u00eda de Pamplona\",\"@id\":\"https:\\\/\\\/www.laguiadepamplona.com\\\/actualidad\\\/#\\\/schema\\\/person\\\/efe887376f0213d4657c93adc50b1fdb\"},\"headline\":\"La Pamplonesa ofrece ma\u00f1ana viernes en el patio de las Salesianas en Txantrea el primero de sus tres conciertos populares al aire libre antes de San Ferm\u00edn\",\"datePublished\":\"2022-06-02T10:03:09+00:00\",\"dateModified\":\"2023-04-11T09:48:06+00:00\",\"mainEntityOfPage\":{\"@id\":\"https:\\\/\\\/www.laguiadepamplona.com\\\/actualidad\\\/la-pamplonesa-ofrece-manana-viernes-en-el-patio-de-las-salesianas-en-txantrea-el-primero-de-sus-tres-conciertos-populares-al-aire-libre-antes-de-san-fermin\\\/\"},\"wordCount\":241,\"commentCount\":0,\"publisher\":{\"@id\":\"https:\\\/\\\/www.laguiadepamplona.com\\\/actualidad\\\/#organization\"},\"image\":{\"@id\":\"https:\\\/\\\/www.laguiadepamplona.com\\\/actualidad\\\/la-pamplonesa-ofrece-manana-viernes-en-el-patio-de-las-salesianas-en-txantrea-el-primero-de-sus-tres-conciertos-populares-al-aire-libre-antes-de-san-fermin\\\/#primaryimage\"},\"thumbnailUrl\":\"https:\\\/\\\/www.laguiadepamplona.com\\\/actualidad\\\/wp-content\\\/uploads\\\/2022\\\/06\\\/pamplonesa_JGV0120.webp\",\"articleSection\":[\"Ayto Pamplona\"],\"inLanguage\":\"es\",\"potentialAction\":[{\"@type\":\"CommentAction\",\"name\":\"Comment\",\"target\":[\"https:\\\/\\\/www.laguiadepamplona.com\\\/actualidad\\\/la-pamplonesa-ofrece-manana-viernes-en-el-patio-de-las-salesianas-en-txantrea-el-primero-de-sus-tres-conciertos-populares-al-aire-libre-antes-de-san-fermin\\\/#respond\"]}]},{\"@type\":\"WebPage\",\"@id\":\"https:\\\/\\\/www.laguiadepamplona.com\\\/actualidad\\\/la-pamplonesa-ofrece-manana-viernes-en-el-patio-de-las-salesianas-en-txantrea-el-primero-de-sus-tres-conciertos-populares-al-aire-libre-antes-de-san-fermin\\\/\",\"url\":\"https:\\\/\\\/www.laguiadepamplona.com\\\/actualidad\\\/la-pamplonesa-ofrece-manana-viernes-en-el-patio-de-las-salesianas-en-txantrea-el-primero-de-sus-tres-conciertos-populares-al-aire-libre-antes-de-san-fermin\\\/\",\"name\":\"La Pamplonesa ofrece ma\u00f1ana viernes en el patio de las Salesianas en Txantrea el primero de sus tres conciertos populares al aire libre antes de San Ferm\u00edn\",\"isPartOf\":{\"@id\":\"https:\\\/\\\/www.laguiadepamplona.com\\\/actualidad\\\/#website\"},\"primaryImageOfPage\":{\"@id\":\"https:\\\/\\\/www.laguiadepamplona.com\\\/actualidad\\\/la-pamplonesa-ofrece-manana-viernes-en-el-patio-de-las-salesianas-en-txantrea-el-primero-de-sus-tres-conciertos-populares-al-aire-libre-antes-de-san-fermin\\\/#primaryimage\"},\"image\":{\"@id\":\"https:\\\/\\\/www.laguiadepamplona.com\\\/actualidad\\\/la-pamplonesa-ofrece-manana-viernes-en-el-patio-de-las-salesianas-en-txantrea-el-primero-de-sus-tres-conciertos-populares-al-aire-libre-antes-de-san-fermin\\\/#primaryimage\"},\"thumbnailUrl\":\"https:\\\/\\\/www.laguiadepamplona.com\\\/actualidad\\\/wp-content\\\/uploads\\\/2022\\\/06\\\/pamplonesa_JGV0120.webp\",\"datePublished\":\"2022-06-02T10:03:09+00:00\",\"dateModified\":\"2023-04-11T09:48:06+00:00\",\"description\":\"La actuaci\u00f3n de la banda municipal la Pamplonesa ser\u00e1 a las 20 horas, con entrada libre hasta completar el aforo\",\"breadcrumb\":{\"@id\":\"https:\\\/\\\/www.laguiadepamplona.com\\\/actualidad\\\/la-pamplonesa-ofrece-manana-viernes-en-el-patio-de-las-salesianas-en-txantrea-el-primero-de-sus-tres-conciertos-populares-al-aire-libre-antes-de-san-fermin\\\/#breadcrumb\"},\"inLanguage\":\"es\",\"potentialAction\":[{\"@type\":\"ReadAction\",\"target\":[\"https:\\\/\\\/www.laguiadepamplona.com\\\/actualidad\\\/la-pamplonesa-ofrece-manana-viernes-en-el-patio-de-las-salesianas-en-txantrea-el-primero-de-sus-tres-conciertos-populares-al-aire-libre-antes-de-san-fermin\\\/\"]}]},{\"@type\":\"ImageObject\",\"inLanguage\":\"es\",\"@id\":\"https:\\\/\\\/www.laguiadepamplona.com\\\/actualidad\\\/la-pamplonesa-ofrece-manana-viernes-en-el-patio-de-las-salesianas-en-txantrea-el-primero-de-sus-tres-conciertos-populares-al-aire-libre-antes-de-san-fermin\\\/#primaryimage\",\"url\":\"https:\\\/\\\/www.laguiadepamplona.com\\\/actualidad\\\/wp-content\\\/uploads\\\/2022\\\/06\\\/pamplonesa_JGV0120.webp\",\"contentUrl\":\"https:\\\/\\\/www.laguiadepamplona.com\\\/actualidad\\\/wp-content\\\/uploads\\\/2022\\\/06\\\/pamplonesa_JGV0120.webp\",\"width\":1920,\"height\":1280},{\"@type\":\"BreadcrumbList\",\"@id\":\"https:\\\/\\\/www.laguiadepamplona.com\\\/actualidad\\\/la-pamplonesa-ofrece-manana-viernes-en-el-patio-de-las-salesianas-en-txantrea-el-primero-de-sus-tres-conciertos-populares-al-aire-libre-antes-de-san-fermin\\\/#breadcrumb\",\"itemListElement\":[{\"@type\":\"ListItem\",\"position\":1,\"name\":\"Portada\",\"item\":\"https:\\\/\\\/www.laguiadepamplona.com\\\/actualidad\\\/\"},{\"@type\":\"ListItem\",\"position\":2,\"name\":\"La Pamplonesa ofrece ma\u00f1ana viernes en el patio de las Salesianas en Txantrea el primero de sus tres conciertos populares al aire libre antes de San Ferm\u00edn\"}]},{\"@type\":\"WebSite\",\"@id\":\"https:\\\/\\\/www.laguiadepamplona.com\\\/actualidad\\\/#website\",\"url\":\"https:\\\/\\\/www.laguiadepamplona.com\\\/actualidad\\\/\",\"name\":\"La gu\u00eda de Pamplona\",\"description\":\"Noticias de Pamplona\",\"publisher\":{\"@id\":\"https:\\\/\\\/www.laguiadepamplona.com\\\/actualidad\\\/#organization\"},\"potentialAction\":[{\"@type\":\"SearchAction\",\"target\":{\"@type\":\"EntryPoint\",\"urlTemplate\":\"https:\\\/\\\/www.laguiadepamplona.com\\\/actualidad\\\/?s={search_term_string}\"},\"query-input\":{\"@type\":\"PropertyValueSpecification\",\"valueRequired\":true,\"valueName\":\"search_term_string\"}}],\"inLanguage\":\"es\"},{\"@type\":\"Organization\",\"@id\":\"https:\\\/\\\/www.laguiadepamplona.com\\\/actualidad\\\/#organization\",\"name\":\"La Gu\u00eda de Pamplona \\\/ Noticias\",\"url\":\"https:\\\/\\\/www.laguiadepamplona.com\\\/actualidad\\\/\",\"logo\":{\"@type\":\"ImageObject\",\"inLanguage\":\"es\",\"@id\":\"https:\\\/\\\/www.laguiadepamplona.com\\\/actualidad\\\/#\\\/schema\\\/logo\\\/image\\\/\",\"url\":\"https:\\\/\\\/www.laguiadepamplona.com\\\/actualidad\\\/wp-content\\\/uploads\\\/2018\\\/11\\\/logo-laguiadepamplona18-web1.png\",\"contentUrl\":\"https:\\\/\\\/www.laguiadepamplona.com\\\/actualidad\\\/wp-content\\\/uploads\\\/2018\\\/11\\\/logo-laguiadepamplona18-web1.png\",\"width\":600,\"height\":196,\"caption\":\"La Gu\u00eda de Pamplona \\\/ Noticias\"},\"image\":{\"@id\":\"https:\\\/\\\/www.laguiadepamplona.com\\\/actualidad\\\/#\\\/schema\\\/logo\\\/image\\\/\"},\"sameAs\":[\"https:\\\/\\\/www.facebook.com\\\/laguiadepamplonacom-133175176762273\\\/?ref=hl\",\"https:\\\/\\\/x.com\\\/LaGuiadPamplona\",\"https:\\\/\\\/www.instagram.com\\\/la_guia_de_pamplona\\\/\",\"https:\\\/\\\/www.youtube.com\\\/user\\\/laguiadepamplona\"]},{\"@type\":\"Person\",\"@id\":\"https:\\\/\\\/www.laguiadepamplona.com\\\/actualidad\\\/#\\\/schema\\\/person\\\/efe887376f0213d4657c93adc50b1fdb\",\"name\":\"La Gu\u00eda de Pamplona\",\"image\":{\"@type\":\"ImageObject\",\"inLanguage\":\"es\",\"@id\":\"https:\\\/\\\/secure.gravatar.com\\\/avatar\\\/b6992f131dc8d30ab0dff15446e9d346d9dbd95992de0fef795073f5ea83a81c?s=96&d=mm&r=g\",\"url\":\"https:\\\/\\\/secure.gravatar.com\\\/avatar\\\/b6992f131dc8d30ab0dff15446e9d346d9dbd95992de0fef795073f5ea83a81c?s=96&d=mm&r=g\",\"contentUrl\":\"https:\\\/\\\/secure.gravatar.com\\\/avatar\\\/b6992f131dc8d30ab0dff15446e9d346d9dbd95992de0fef795073f5ea83a81c?s=96&d=mm&r=g\",\"caption\":\"La Gu\u00eda de Pamplona\"}}]}<\/script>\n<!-- \/ Yoast SEO plugin. -->","yoast_head_json":{"title":"La Pamplonesa ofrece ma\u00f1ana viernes en el patio de las Salesianas en Txantrea el primero de sus tres conciertos populares al aire libre antes de San Ferm\u00edn","description":"La actuaci\u00f3n de la banda municipal la Pamplonesa ser\u00e1 a las 20 horas, con entrada libre hasta completar el aforo","robots":{"index":"index","follow":"follow","max-snippet":"max-snippet:-1","max-image-preview":"max-image-preview:large","max-video-preview":"max-video-preview:-1"},"canonical":"https:\/\/www.laguiadepamplona.com\/actualidad\/la-pamplonesa-ofrece-manana-viernes-en-el-patio-de-las-salesianas-en-txantrea-el-primero-de-sus-tres-conciertos-populares-al-aire-libre-antes-de-san-fermin\/","og_locale":"es_ES","og_type":"article","og_title":"La Pamplonesa ofrece ma\u00f1ana viernes en el patio de las Salesianas en Txantrea el primero de sus tres conciertos populares al aire libre antes de San Ferm\u00edn","og_description":"La actuaci\u00f3n de la banda municipal la Pamplonesa ser\u00e1 a las 20 horas, con entrada libre hasta completar el aforo","og_url":"https:\/\/www.laguiadepamplona.com\/actualidad\/la-pamplonesa-ofrece-manana-viernes-en-el-patio-de-las-salesianas-en-txantrea-el-primero-de-sus-tres-conciertos-populares-al-aire-libre-antes-de-san-fermin\/","og_site_name":"La Gu\u00eda de Pamplona","article_publisher":"https:\/\/www.facebook.com\/laguiadepamplonacom-133175176762273\/?ref=hl","article_published_time":"2022-06-02T10:03:09+00:00","article_modified_time":"2023-04-11T09:48:06+00:00","og_image":[{"width":1920,"height":1280,"url":"https:\/\/www.laguiadepamplona.com\/actualidad\/wp-content\/uploads\/2022\/06\/pamplonesa_JGV0120.webp","type":"image\/webp"}],"author":"La Gu\u00eda de Pamplona","twitter_card":"summary_large_image","twitter_creator":"@LaGuiadPamplona","twitter_site":"@LaGuiadPamplona","twitter_misc":{"Escrito por":"La Gu\u00eda de Pamplona","Tiempo de lectura":"1 minuto"},"schema":{"@context":"https:\/\/schema.org","@graph":[{"@type":"Article","@id":"https:\/\/www.laguiadepamplona.com\/actualidad\/la-pamplonesa-ofrece-manana-viernes-en-el-patio-de-las-salesianas-en-txantrea-el-primero-de-sus-tres-conciertos-populares-al-aire-libre-antes-de-san-fermin\/#article","isPartOf":{"@id":"https:\/\/www.laguiadepamplona.com\/actualidad\/la-pamplonesa-ofrece-manana-viernes-en-el-patio-de-las-salesianas-en-txantrea-el-primero-de-sus-tres-conciertos-populares-al-aire-libre-antes-de-san-fermin\/"},"author":{"name":"La Gu\u00eda de Pamplona","@id":"https:\/\/www.laguiadepamplona.com\/actualidad\/#\/schema\/person\/efe887376f0213d4657c93adc50b1fdb"},"headline":"La Pamplonesa ofrece ma\u00f1ana viernes en el patio de las Salesianas en Txantrea el primero de sus tres conciertos populares al aire libre antes de San Ferm\u00edn","datePublished":"2022-06-02T10:03:09+00:00","dateModified":"2023-04-11T09:48:06+00:00","mainEntityOfPage":{"@id":"https:\/\/www.laguiadepamplona.com\/actualidad\/la-pamplonesa-ofrece-manana-viernes-en-el-patio-de-las-salesianas-en-txantrea-el-primero-de-sus-tres-conciertos-populares-al-aire-libre-antes-de-san-fermin\/"},"wordCount":241,"commentCount":0,"publisher":{"@id":"https:\/\/www.laguiadepamplona.com\/actualidad\/#organization"},"image":{"@id":"https:\/\/www.laguiadepamplona.com\/actualidad\/la-pamplonesa-ofrece-manana-viernes-en-el-patio-de-las-salesianas-en-txantrea-el-primero-de-sus-tres-conciertos-populares-al-aire-libre-antes-de-san-fermin\/#primaryimage"},"thumbnailUrl":"https:\/\/www.laguiadepamplona.com\/actualidad\/wp-content\/uploads\/2022\/06\/pamplonesa_JGV0120.webp","articleSection":["Ayto Pamplona"],"inLanguage":"es","potentialAction":[{"@type":"CommentAction","name":"Comment","target":["https:\/\/www.laguiadepamplona.com\/actualidad\/la-pamplonesa-ofrece-manana-viernes-en-el-patio-de-las-salesianas-en-txantrea-el-primero-de-sus-tres-conciertos-populares-al-aire-libre-antes-de-san-fermin\/#respond"]}]},{"@type":"WebPage","@id":"https:\/\/www.laguiadepamplona.com\/actualidad\/la-pamplonesa-ofrece-manana-viernes-en-el-patio-de-las-salesianas-en-txantrea-el-primero-de-sus-tres-conciertos-populares-al-aire-libre-antes-de-san-fermin\/","url":"https:\/\/www.laguiadepamplona.com\/actualidad\/la-pamplonesa-ofrece-manana-viernes-en-el-patio-de-las-salesianas-en-txantrea-el-primero-de-sus-tres-conciertos-populares-al-aire-libre-antes-de-san-fermin\/","name":"La Pamplonesa ofrece ma\u00f1ana viernes en el patio de las Salesianas en Txantrea el primero de sus tres conciertos populares al aire libre antes de San Ferm\u00edn","isPartOf":{"@id":"https:\/\/www.laguiadepamplona.com\/actualidad\/#website"},"primaryImageOfPage":{"@id":"https:\/\/www.laguiadepamplona.com\/actualidad\/la-pamplonesa-ofrece-manana-viernes-en-el-patio-de-las-salesianas-en-txantrea-el-primero-de-sus-tres-conciertos-populares-al-aire-libre-antes-de-san-fermin\/#primaryimage"},"image":{"@id":"https:\/\/www.laguiadepamplona.com\/actualidad\/la-pamplonesa-ofrece-manana-viernes-en-el-patio-de-las-salesianas-en-txantrea-el-primero-de-sus-tres-conciertos-populares-al-aire-libre-antes-de-san-fermin\/#primaryimage"},"thumbnailUrl":"https:\/\/www.laguiadepamplona.com\/actualidad\/wp-content\/uploads\/2022\/06\/pamplonesa_JGV0120.webp","datePublished":"2022-06-02T10:03:09+00:00","dateModified":"2023-04-11T09:48:06+00:00","description":"La actuaci\u00f3n de la banda municipal la Pamplonesa ser\u00e1 a las 20 horas, con entrada libre hasta completar el aforo","breadcrumb":{"@id":"https:\/\/www.laguiadepamplona.com\/actualidad\/la-pamplonesa-ofrece-manana-viernes-en-el-patio-de-las-salesianas-en-txantrea-el-primero-de-sus-tres-conciertos-populares-al-aire-libre-antes-de-san-fermin\/#breadcrumb"},"inLanguage":"es","potentialAction":[{"@type":"ReadAction","target":["https:\/\/www.laguiadepamplona.com\/actualidad\/la-pamplonesa-ofrece-manana-viernes-en-el-patio-de-las-salesianas-en-txantrea-el-primero-de-sus-tres-conciertos-populares-al-aire-libre-antes-de-san-fermin\/"]}]},{"@type":"ImageObject","inLanguage":"es","@id":"https:\/\/www.laguiadepamplona.com\/actualidad\/la-pamplonesa-ofrece-manana-viernes-en-el-patio-de-las-salesianas-en-txantrea-el-primero-de-sus-tres-conciertos-populares-al-aire-libre-antes-de-san-fermin\/#primaryimage","url":"https:\/\/www.laguiadepamplona.com\/actualidad\/wp-content\/uploads\/2022\/06\/pamplonesa_JGV0120.webp","contentUrl":"https:\/\/www.laguiadepamplona.com\/actualidad\/wp-content\/uploads\/2022\/06\/pamplonesa_JGV0120.webp","width":1920,"height":1280},{"@type":"BreadcrumbList","@id":"https:\/\/www.laguiadepamplona.com\/actualidad\/la-pamplonesa-ofrece-manana-viernes-en-el-patio-de-las-salesianas-en-txantrea-el-primero-de-sus-tres-conciertos-populares-al-aire-libre-antes-de-san-fermin\/#breadcrumb","itemListElement":[{"@type":"ListItem","position":1,"name":"Portada","item":"https:\/\/www.laguiadepamplona.com\/actualidad\/"},{"@type":"ListItem","position":2,"name":"La Pamplonesa ofrece ma\u00f1ana viernes en el patio de las Salesianas en Txantrea el primero de sus tres conciertos populares al aire libre antes de San Ferm\u00edn"}]},{"@type":"WebSite","@id":"https:\/\/www.laguiadepamplona.com\/actualidad\/#website","url":"https:\/\/www.laguiadepamplona.com\/actualidad\/","name":"La gu\u00eda de Pamplona","description":"Noticias de Pamplona","publisher":{"@id":"https:\/\/www.laguiadepamplona.com\/actualidad\/#organization"},"potentialAction":[{"@type":"SearchAction","target":{"@type":"EntryPoint","urlTemplate":"https:\/\/www.laguiadepamplona.com\/actualidad\/?s={search_term_string}"},"query-input":{"@type":"PropertyValueSpecification","valueRequired":true,"valueName":"search_term_string"}}],"inLanguage":"es"},{"@type":"Organization","@id":"https:\/\/www.laguiadepamplona.com\/actualidad\/#organization","name":"La Gu\u00eda de Pamplona \/ Noticias","url":"https:\/\/www.laguiadepamplona.com\/actualidad\/","logo":{"@type":"ImageObject","inLanguage":"es","@id":"https:\/\/www.laguiadepamplona.com\/actualidad\/#\/schema\/logo\/image\/","url":"https:\/\/www.laguiadepamplona.com\/actualidad\/wp-content\/uploads\/2018\/11\/logo-laguiadepamplona18-web1.png","contentUrl":"https:\/\/www.laguiadepamplona.com\/actualidad\/wp-content\/uploads\/2018\/11\/logo-laguiadepamplona18-web1.png","width":600,"height":196,"caption":"La Gu\u00eda de Pamplona \/ Noticias"},"image":{"@id":"https:\/\/www.laguiadepamplona.com\/actualidad\/#\/schema\/logo\/image\/"},"sameAs":["https:\/\/www.facebook.com\/laguiadepamplonacom-133175176762273\/?ref=hl","https:\/\/x.com\/LaGuiadPamplona","https:\/\/www.instagram.com\/la_guia_de_pamplona\/","https:\/\/www.youtube.com\/user\/laguiadepamplona"]},{"@type":"Person","@id":"https:\/\/www.laguiadepamplona.com\/actualidad\/#\/schema\/person\/efe887376f0213d4657c93adc50b1fdb","name":"La Gu\u00eda de Pamplona","image":{"@type":"ImageObject","inLanguage":"es","@id":"https:\/\/secure.gravatar.com\/avatar\/b6992f131dc8d30ab0dff15446e9d346d9dbd95992de0fef795073f5ea83a81c?s=96&d=mm&r=g","url":"https:\/\/secure.gravatar.com\/avatar\/b6992f131dc8d30ab0dff15446e9d346d9dbd95992de0fef795073f5ea83a81c?s=96&d=mm&r=g","contentUrl":"https:\/\/secure.gravatar.com\/avatar\/b6992f131dc8d30ab0dff15446e9d346d9dbd95992de0fef795073f5ea83a81c?s=96&d=mm&r=g","caption":"La Gu\u00eda de Pamplona"}}]}},"post_mailing_queue_ids":[],"_links":{"self":[{"href":"https:\/\/www.laguiadepamplona.com\/actualidad\/wp-json\/wp\/v2\/posts\/40567","targetHints":{"allow":["GET"]}}],"collection":[{"href":"https:\/\/www.laguiadepamplona.com\/actualidad\/wp-json\/wp\/v2\/posts"}],"about":[{"href":"https:\/\/www.laguiadepamplona.com\/actualidad\/wp-json\/wp\/v2\/types\/post"}],"author":[{"embeddable":true,"href":"https:\/\/www.laguiadepamplona.com\/actualidad\/wp-json\/wp\/v2\/users\/1"}],"replies":[{"embeddable":true,"href":"https:\/\/www.laguiadepamplona.com\/actualidad\/wp-json\/wp\/v2\/comments?post=40567"}],"version-history":[{"count":0,"href":"https:\/\/www.laguiadepamplona.com\/actualidad\/wp-json\/wp\/v2\/posts\/40567\/revisions"}],"wp:featuredmedia":[{"embeddable":true,"href":"https:\/\/www.laguiadepamplona.com\/actualidad\/wp-json\/wp\/v2\/media\/40568"}],"wp:attachment":[{"href":"https:\/\/www.laguiadepamplona.com\/actualidad\/wp-json\/wp\/v2\/media?parent=40567"}],"wp:term":[{"taxonomy":"category","embeddable":true,"href":"https:\/\/www.laguiadepamplona.com\/actualidad\/wp-json\/wp\/v2\/categories?post=40567"},{"taxonomy":"post_tag","embeddable":true,"href":"https:\/\/www.laguiadepamplona.com\/actualidad\/wp-json\/wp\/v2\/tags?post=40567"}],"curies":[{"name":"wp","href":"https:\/\/api.w.org\/{rel}","templated":true}]}}