{"id":40555,"date":"2022-06-01T12:29:36","date_gmt":"2022-06-01T10:29:36","guid":{"rendered":"https:\/\/www.laguiadepamplona.com\/actualidad\/?p=40555"},"modified":"2023-04-11T11:48:07","modified_gmt":"2023-04-11T09:48:07","slug":"el-ayuntamiento-de-pamplona-empleara-25-000-euros-en-ayudas-economicas-para-la-conciliacion-destinadas-a-familias-con-menores-de-0-a-12-anos","status":"publish","type":"post","link":"https:\/\/www.laguiadepamplona.com\/actualidad\/el-ayuntamiento-de-pamplona-empleara-25-000-euros-en-ayudas-economicas-para-la-conciliacion-destinadas-a-familias-con-menores-de-0-a-12-anos\/","title":{"rendered":"El Ayuntamiento de Pamplona emplear\u00e1 25.000 euros en ayudas econ\u00f3micas para la conciliaci\u00f3n destinadas a familias con menores de 0 a 12 a\u00f1os"},"content":{"rendered":"<h5>Con un incremento de un 67% sobre la anterior edici\u00f3n, las ayudas cubren tambi\u00e9n hasta los 16 a\u00f1os en casos de discapacidad igual o superior al 33%<\/h5>\n<p><!--more--><\/p>\n<p>El Ayuntamiento de Pamplona tiene abierto el plazo de presentaci\u00f3n de solicitudes para la convocatoria de subvenciones destinadas a prestaciones econ\u00f3micas para la conciliaci\u00f3n para familias con menores de 0 a 12 a\u00f1os a su cargo, un apoyo econ\u00f3mico que se prolongar\u00e1 hasta los 16 a\u00f1os si los menores presentan alg\u00fan tipo de discapacidad reconocida en grado igual o superior al 33%. El l\u00edmite de gasto, 25.000 euros, supone un incremento de un 66,6% respecto a la edici\u00f3n del a\u00f1o pasado de esta misma convocatoria que ten\u00eda consignados 15.000 euros. El concepto de conciliaci\u00f3n, en sentido amplio, cubre la compatibilizaci\u00f3n de responsabilidades tanto laborales, como familiares y sociales. Las solicitudes se pueden presentar durante todo el a\u00f1o 2022.<br \/>\n<script async src=\"\/\/pagead2.googlesyndication.com\/pagead\/js\/adsbygoogle.js\"><\/script><br \/>\n<!-- Noticias La Guia de Pamplona --><br \/>\n<ins class=\"adsbygoogle\"\nstyle=\"display:block\"\ndata-ad-client=\"ca-pub-6943679897239327\"\ndata-ad-slot=\"7048180777\"\ndata-ad-format=\"auto\"><\/ins><br \/>\n<script>\n(adsbygoogle = window.adsbygoogle || []).push({});\n<\/script><\/p>\n<p>El objetivo es facilitar la conciliaci\u00f3n de padres, madres y\/o tutores legales ante la imposibilidad de atender a los menores por situaciones relacionadas con la actividad laboral, la participaci\u00f3n en actividades formativas y\/o de promoci\u00f3n socio-laboral cuyo objetivo principal sea mejorar el nivel de empleabilidad de esos adultos, o avanzar en un itinerario de incorporaci\u00f3n social previamente consensuado con un servicio social municipal que busque mejorar la inserci\u00f3n social de las familias beneficiarias. Estas ayudas tambi\u00e9n cubren la situaci\u00f3n una persona con doble condici\u00f3n de cuidadora que est\u00e9 obligada a simultanear el cuidado de personas adultas o mayores dependientes, y menores. Asimismo, est\u00e1n dise\u00f1adas como recurso preventivo y de protecci\u00f3n para el menor en situaciones de posible riesgo o desprotecci\u00f3n infantil.<\/p>\n<p>Las subvenciones cubrir\u00e1n entre el 25% y el 90% del coste del servicio que se requiera en cada caso, con un tope de 300 euros al mes como m\u00e1ximo en el caso de plazas de guarder\u00edas privadas y de 400 euros al mes para todos los supuestos de atenci\u00f3n domiciliaria.<\/p>\n<p>Entre los requisitos que deben cumplir las personas solicitantes est\u00e1 el tener vecindad efectiva y empadronamiento con un m\u00ednimo de 6 meses de antig\u00fcedad en Pamplona (exceptuando situaciones de riesgo o desprotecci\u00f3n y menores procedentes de procesos de reagrupaci\u00f3n familiar), carecer de otras alternativas de cuidado y presentar un determinado nivel de renta. La solicitud deber\u00e1 hacerse a trav\u00e9s de los registros municipales o cualesquier otras v\u00edas previstas por la ley mediante la instancia correspondiente y la documentaci\u00f3n prevista en la convocatoria.<br \/>\n<script async src=\"\/\/pagead2.googlesyndication.com\/pagead\/js\/adsbygoogle.js\"><\/script><br \/>\n<!-- Noticias La Guia de Pamplona --><br \/>\n<ins class=\"adsbygoogle\"\nstyle=\"display:block\"\ndata-ad-client=\"ca-pub-6943679897239327\"\ndata-ad-slot=\"7048180777\"\ndata-ad-format=\"auto\"><\/ins><br \/>\n<script>\n(adsbygoogle = window.adsbygoogle || []).push({});\n<\/script><\/p>\n<p><strong>Los servicios que puede cubrir la subvenci\u00f3n<\/strong><\/p>\n<p>La valoraci\u00f3n de las solicitudes atender\u00e1 a factores como la insuficiencia de plazas en la red de Escuelas Infantiles p\u00fablicas; la necesidad de atenci\u00f3n en el domicilio o de apoyo en los desplazamientos de los menores a o de sus centros escolares, o requerir otro tipo de servicios de atenci\u00f3n por incompatibilidad entre los horarios escolares y los horarios laborales o de las actividades socio-formativas de sus responsables (incluyendo no s\u00f3lo el curso escolar sino tambi\u00e9n los per\u00edodos vacacionales).<\/p>\n<p>De esta forma las ayudas pueden cubrir el coste de la atenci\u00f3n diurna en guarder\u00edas privadas o la atenci\u00f3n del menor en el domicilio hasta la incorporaci\u00f3n del menor al aula matutina o al colegio en periodo escolar. Tambi\u00e9n su atenci\u00f3n desde la salida del colegio o aula vespertina, hasta la llegada al domicilio de las personas responsables. Para que no se produzcan situaciones en las que el menor permanezca m\u00e1s de 8 horas diarias sin contacto con su familia, en ning\u00fan caso podr\u00e1 hacerse uso de forma consecutiva de los servicios de atenci\u00f3n matutina y vespertina.<br \/>\n<script async src=\"\/\/pagead2.googlesyndication.com\/pagead\/js\/adsbygoogle.js\"><\/script><br \/>\n<!-- Noticias La Guia de Pamplona --><br \/>\n<ins class=\"adsbygoogle\"\nstyle=\"display:block\"\ndata-ad-client=\"ca-pub-6943679897239327\"\ndata-ad-slot=\"7048180777\"\ndata-ad-format=\"auto\"><\/ins><br \/>\n<script>\n(adsbygoogle = window.adsbygoogle || []).push({});\n<\/script><\/p>\n<p>Las subvenciones tambi\u00e9n engloban el suministro de esos mismos cuidados los fines de semana o festivos cuando las personas adultas responsables trabajen y no exista red de apoyo y, en los periodos vacacionales, las ayudas cubrir\u00e1n la atenci\u00f3n hasta la incorporaci\u00f3n al Servicio de Conciliaci\u00f3n correspondiente a ese periodo.<\/p>\n","protected":false},"excerpt":{"rendered":"<p>Con un incremento de un 67% sobre la anterior edici\u00f3n, las ayudas cubren tambi\u00e9n hasta los 16 a\u00f1os en casos de discapacidad igual o superior al 33%<\/p>\n","protected":false},"author":1,"featured_media":40556,"comment_status":"open","ping_status":"closed","sticky":false,"template":"","format":"standard","meta":{"footnotes":""},"categories":[2],"tags":[],"class_list":["post-40555","post","type-post","status-publish","format-standard","has-post-thumbnail","hentry","category-ayuntamiento-pamplona"],"yoast_head":"<!-- This site is optimized with the Yoast SEO plugin v27.3 - https:\/\/yoast.com\/product\/yoast-seo-wordpress\/ -->\n<title>El Ayuntamiento de Pamplona emplear\u00e1 25.000 euros en ayudas econ\u00f3micas para la conciliaci\u00f3n destinadas a familias con menores de 0 a 12 a\u00f1os<\/title>\n<meta name=\"description\" content=\"Con un incremento de un 67% sobre la anterior edici\u00f3n, las ayudas cubren tambi\u00e9n hasta los 16 a\u00f1os en casos de discapacidad igual o superior al 33%\" \/>\n<meta name=\"robots\" content=\"index, follow, max-snippet:-1, max-image-preview:large, max-video-preview:-1\" \/>\n<link rel=\"canonical\" href=\"https:\/\/www.laguiadepamplona.com\/actualidad\/el-ayuntamiento-de-pamplona-empleara-25-000-euros-en-ayudas-economicas-para-la-conciliacion-destinadas-a-familias-con-menores-de-0-a-12-anos\/\" \/>\n<meta property=\"og:locale\" content=\"es_ES\" \/>\n<meta property=\"og:type\" content=\"article\" \/>\n<meta property=\"og:title\" content=\"El Ayuntamiento de Pamplona emplear\u00e1 25.000 euros en ayudas econ\u00f3micas para la conciliaci\u00f3n destinadas a familias con menores de 0 a 12 a\u00f1os\" \/>\n<meta property=\"og:description\" content=\"Con un incremento de un 67% sobre la anterior edici\u00f3n, las ayudas cubren tambi\u00e9n hasta los 16 a\u00f1os en casos de discapacidad igual o superior al 33%\" \/>\n<meta property=\"og:url\" content=\"https:\/\/www.laguiadepamplona.com\/actualidad\/el-ayuntamiento-de-pamplona-empleara-25-000-euros-en-ayudas-economicas-para-la-conciliacion-destinadas-a-familias-con-menores-de-0-a-12-anos\/\" \/>\n<meta property=\"og:site_name\" content=\"La Gu\u00eda de Pamplona\" \/>\n<meta property=\"article:publisher\" content=\"https:\/\/www.facebook.com\/laguiadepamplonacom-133175176762273\/?ref=hl\" \/>\n<meta property=\"article:published_time\" content=\"2022-06-01T10:29:36+00:00\" \/>\n<meta property=\"article:modified_time\" content=\"2023-04-11T09:48:07+00:00\" \/>\n<meta property=\"og:image\" content=\"https:\/\/www.laguiadepamplona.com\/actualidad\/wp-content\/uploads\/2022\/06\/ninos_jugar-2.webp\" \/>\n\t<meta property=\"og:image:width\" content=\"1920\" \/>\n\t<meta property=\"og:image:height\" content=\"1280\" \/>\n\t<meta property=\"og:image:type\" content=\"image\/webp\" \/>\n<meta name=\"author\" content=\"La Gu\u00eda de Pamplona\" \/>\n<meta name=\"twitter:card\" content=\"summary_large_image\" \/>\n<meta name=\"twitter:creator\" content=\"@LaGuiadPamplona\" \/>\n<meta name=\"twitter:site\" content=\"@LaGuiadPamplona\" \/>\n<meta name=\"twitter:label1\" content=\"Escrito por\" \/>\n\t<meta name=\"twitter:data1\" content=\"La Gu\u00eda de Pamplona\" \/>\n\t<meta name=\"twitter:label2\" content=\"Tiempo de lectura\" \/>\n\t<meta name=\"twitter:data2\" content=\"3 minutos\" \/>\n<script type=\"application\/ld+json\" class=\"yoast-schema-graph\">{\"@context\":\"https:\\\/\\\/schema.org\",\"@graph\":[{\"@type\":\"Article\",\"@id\":\"https:\\\/\\\/www.laguiadepamplona.com\\\/actualidad\\\/el-ayuntamiento-de-pamplona-empleara-25-000-euros-en-ayudas-economicas-para-la-conciliacion-destinadas-a-familias-con-menores-de-0-a-12-anos\\\/#article\",\"isPartOf\":{\"@id\":\"https:\\\/\\\/www.laguiadepamplona.com\\\/actualidad\\\/el-ayuntamiento-de-pamplona-empleara-25-000-euros-en-ayudas-economicas-para-la-conciliacion-destinadas-a-familias-con-menores-de-0-a-12-anos\\\/\"},\"author\":{\"name\":\"La Gu\u00eda de Pamplona\",\"@id\":\"https:\\\/\\\/www.laguiadepamplona.com\\\/actualidad\\\/#\\\/schema\\\/person\\\/efe887376f0213d4657c93adc50b1fdb\"},\"headline\":\"El Ayuntamiento de Pamplona emplear\u00e1 25.000 euros en ayudas econ\u00f3micas para la conciliaci\u00f3n destinadas a familias con menores de 0 a 12 a\u00f1os\",\"datePublished\":\"2022-06-01T10:29:36+00:00\",\"dateModified\":\"2023-04-11T09:48:07+00:00\",\"mainEntityOfPage\":{\"@id\":\"https:\\\/\\\/www.laguiadepamplona.com\\\/actualidad\\\/el-ayuntamiento-de-pamplona-empleara-25-000-euros-en-ayudas-economicas-para-la-conciliacion-destinadas-a-familias-con-menores-de-0-a-12-anos\\\/\"},\"wordCount\":700,\"commentCount\":0,\"publisher\":{\"@id\":\"https:\\\/\\\/www.laguiadepamplona.com\\\/actualidad\\\/#organization\"},\"image\":{\"@id\":\"https:\\\/\\\/www.laguiadepamplona.com\\\/actualidad\\\/el-ayuntamiento-de-pamplona-empleara-25-000-euros-en-ayudas-economicas-para-la-conciliacion-destinadas-a-familias-con-menores-de-0-a-12-anos\\\/#primaryimage\"},\"thumbnailUrl\":\"https:\\\/\\\/www.laguiadepamplona.com\\\/actualidad\\\/wp-content\\\/uploads\\\/2022\\\/06\\\/ninos_jugar-2.webp\",\"articleSection\":[\"Ayto Pamplona\"],\"inLanguage\":\"es\",\"potentialAction\":[{\"@type\":\"CommentAction\",\"name\":\"Comment\",\"target\":[\"https:\\\/\\\/www.laguiadepamplona.com\\\/actualidad\\\/el-ayuntamiento-de-pamplona-empleara-25-000-euros-en-ayudas-economicas-para-la-conciliacion-destinadas-a-familias-con-menores-de-0-a-12-anos\\\/#respond\"]}]},{\"@type\":\"WebPage\",\"@id\":\"https:\\\/\\\/www.laguiadepamplona.com\\\/actualidad\\\/el-ayuntamiento-de-pamplona-empleara-25-000-euros-en-ayudas-economicas-para-la-conciliacion-destinadas-a-familias-con-menores-de-0-a-12-anos\\\/\",\"url\":\"https:\\\/\\\/www.laguiadepamplona.com\\\/actualidad\\\/el-ayuntamiento-de-pamplona-empleara-25-000-euros-en-ayudas-economicas-para-la-conciliacion-destinadas-a-familias-con-menores-de-0-a-12-anos\\\/\",\"name\":\"El Ayuntamiento de Pamplona emplear\u00e1 25.000 euros en ayudas econ\u00f3micas para la conciliaci\u00f3n destinadas a familias con menores de 0 a 12 a\u00f1os\",\"isPartOf\":{\"@id\":\"https:\\\/\\\/www.laguiadepamplona.com\\\/actualidad\\\/#website\"},\"primaryImageOfPage\":{\"@id\":\"https:\\\/\\\/www.laguiadepamplona.com\\\/actualidad\\\/el-ayuntamiento-de-pamplona-empleara-25-000-euros-en-ayudas-economicas-para-la-conciliacion-destinadas-a-familias-con-menores-de-0-a-12-anos\\\/#primaryimage\"},\"image\":{\"@id\":\"https:\\\/\\\/www.laguiadepamplona.com\\\/actualidad\\\/el-ayuntamiento-de-pamplona-empleara-25-000-euros-en-ayudas-economicas-para-la-conciliacion-destinadas-a-familias-con-menores-de-0-a-12-anos\\\/#primaryimage\"},\"thumbnailUrl\":\"https:\\\/\\\/www.laguiadepamplona.com\\\/actualidad\\\/wp-content\\\/uploads\\\/2022\\\/06\\\/ninos_jugar-2.webp\",\"datePublished\":\"2022-06-01T10:29:36+00:00\",\"dateModified\":\"2023-04-11T09:48:07+00:00\",\"description\":\"Con un incremento de un 67% sobre la anterior edici\u00f3n, las ayudas cubren tambi\u00e9n hasta los 16 a\u00f1os en casos de discapacidad igual o superior al 33%\",\"breadcrumb\":{\"@id\":\"https:\\\/\\\/www.laguiadepamplona.com\\\/actualidad\\\/el-ayuntamiento-de-pamplona-empleara-25-000-euros-en-ayudas-economicas-para-la-conciliacion-destinadas-a-familias-con-menores-de-0-a-12-anos\\\/#breadcrumb\"},\"inLanguage\":\"es\",\"potentialAction\":[{\"@type\":\"ReadAction\",\"target\":[\"https:\\\/\\\/www.laguiadepamplona.com\\\/actualidad\\\/el-ayuntamiento-de-pamplona-empleara-25-000-euros-en-ayudas-economicas-para-la-conciliacion-destinadas-a-familias-con-menores-de-0-a-12-anos\\\/\"]}]},{\"@type\":\"ImageObject\",\"inLanguage\":\"es\",\"@id\":\"https:\\\/\\\/www.laguiadepamplona.com\\\/actualidad\\\/el-ayuntamiento-de-pamplona-empleara-25-000-euros-en-ayudas-economicas-para-la-conciliacion-destinadas-a-familias-con-menores-de-0-a-12-anos\\\/#primaryimage\",\"url\":\"https:\\\/\\\/www.laguiadepamplona.com\\\/actualidad\\\/wp-content\\\/uploads\\\/2022\\\/06\\\/ninos_jugar-2.webp\",\"contentUrl\":\"https:\\\/\\\/www.laguiadepamplona.com\\\/actualidad\\\/wp-content\\\/uploads\\\/2022\\\/06\\\/ninos_jugar-2.webp\",\"width\":1920,\"height\":1280},{\"@type\":\"BreadcrumbList\",\"@id\":\"https:\\\/\\\/www.laguiadepamplona.com\\\/actualidad\\\/el-ayuntamiento-de-pamplona-empleara-25-000-euros-en-ayudas-economicas-para-la-conciliacion-destinadas-a-familias-con-menores-de-0-a-12-anos\\\/#breadcrumb\",\"itemListElement\":[{\"@type\":\"ListItem\",\"position\":1,\"name\":\"Portada\",\"item\":\"https:\\\/\\\/www.laguiadepamplona.com\\\/actualidad\\\/\"},{\"@type\":\"ListItem\",\"position\":2,\"name\":\"El Ayuntamiento de Pamplona emplear\u00e1 25.000 euros en ayudas econ\u00f3micas para la conciliaci\u00f3n destinadas a familias con menores de 0 a 12 a\u00f1os\"}]},{\"@type\":\"WebSite\",\"@id\":\"https:\\\/\\\/www.laguiadepamplona.com\\\/actualidad\\\/#website\",\"url\":\"https:\\\/\\\/www.laguiadepamplona.com\\\/actualidad\\\/\",\"name\":\"La gu\u00eda de Pamplona\",\"description\":\"Noticias de Pamplona\",\"publisher\":{\"@id\":\"https:\\\/\\\/www.laguiadepamplona.com\\\/actualidad\\\/#organization\"},\"potentialAction\":[{\"@type\":\"SearchAction\",\"target\":{\"@type\":\"EntryPoint\",\"urlTemplate\":\"https:\\\/\\\/www.laguiadepamplona.com\\\/actualidad\\\/?s={search_term_string}\"},\"query-input\":{\"@type\":\"PropertyValueSpecification\",\"valueRequired\":true,\"valueName\":\"search_term_string\"}}],\"inLanguage\":\"es\"},{\"@type\":\"Organization\",\"@id\":\"https:\\\/\\\/www.laguiadepamplona.com\\\/actualidad\\\/#organization\",\"name\":\"La Gu\u00eda de Pamplona \\\/ Noticias\",\"url\":\"https:\\\/\\\/www.laguiadepamplona.com\\\/actualidad\\\/\",\"logo\":{\"@type\":\"ImageObject\",\"inLanguage\":\"es\",\"@id\":\"https:\\\/\\\/www.laguiadepamplona.com\\\/actualidad\\\/#\\\/schema\\\/logo\\\/image\\\/\",\"url\":\"https:\\\/\\\/www.laguiadepamplona.com\\\/actualidad\\\/wp-content\\\/uploads\\\/2018\\\/11\\\/logo-laguiadepamplona18-web1.png\",\"contentUrl\":\"https:\\\/\\\/www.laguiadepamplona.com\\\/actualidad\\\/wp-content\\\/uploads\\\/2018\\\/11\\\/logo-laguiadepamplona18-web1.png\",\"width\":600,\"height\":196,\"caption\":\"La Gu\u00eda de Pamplona \\\/ Noticias\"},\"image\":{\"@id\":\"https:\\\/\\\/www.laguiadepamplona.com\\\/actualidad\\\/#\\\/schema\\\/logo\\\/image\\\/\"},\"sameAs\":[\"https:\\\/\\\/www.facebook.com\\\/laguiadepamplonacom-133175176762273\\\/?ref=hl\",\"https:\\\/\\\/x.com\\\/LaGuiadPamplona\",\"https:\\\/\\\/www.instagram.com\\\/la_guia_de_pamplona\\\/\",\"https:\\\/\\\/www.youtube.com\\\/user\\\/laguiadepamplona\"]},{\"@type\":\"Person\",\"@id\":\"https:\\\/\\\/www.laguiadepamplona.com\\\/actualidad\\\/#\\\/schema\\\/person\\\/efe887376f0213d4657c93adc50b1fdb\",\"name\":\"La Gu\u00eda de Pamplona\",\"image\":{\"@type\":\"ImageObject\",\"inLanguage\":\"es\",\"@id\":\"https:\\\/\\\/secure.gravatar.com\\\/avatar\\\/b6992f131dc8d30ab0dff15446e9d346d9dbd95992de0fef795073f5ea83a81c?s=96&d=mm&r=g\",\"url\":\"https:\\\/\\\/secure.gravatar.com\\\/avatar\\\/b6992f131dc8d30ab0dff15446e9d346d9dbd95992de0fef795073f5ea83a81c?s=96&d=mm&r=g\",\"contentUrl\":\"https:\\\/\\\/secure.gravatar.com\\\/avatar\\\/b6992f131dc8d30ab0dff15446e9d346d9dbd95992de0fef795073f5ea83a81c?s=96&d=mm&r=g\",\"caption\":\"La Gu\u00eda de Pamplona\"}}]}<\/script>\n<!-- \/ Yoast SEO plugin. -->","yoast_head_json":{"title":"El Ayuntamiento de Pamplona emplear\u00e1 25.000 euros en ayudas econ\u00f3micas para la conciliaci\u00f3n destinadas a familias con menores de 0 a 12 a\u00f1os","description":"Con un incremento de un 67% sobre la anterior edici\u00f3n, las ayudas cubren tambi\u00e9n hasta los 16 a\u00f1os en casos de discapacidad igual o superior al 33%","robots":{"index":"index","follow":"follow","max-snippet":"max-snippet:-1","max-image-preview":"max-image-preview:large","max-video-preview":"max-video-preview:-1"},"canonical":"https:\/\/www.laguiadepamplona.com\/actualidad\/el-ayuntamiento-de-pamplona-empleara-25-000-euros-en-ayudas-economicas-para-la-conciliacion-destinadas-a-familias-con-menores-de-0-a-12-anos\/","og_locale":"es_ES","og_type":"article","og_title":"El Ayuntamiento de Pamplona emplear\u00e1 25.000 euros en ayudas econ\u00f3micas para la conciliaci\u00f3n destinadas a familias con menores de 0 a 12 a\u00f1os","og_description":"Con un incremento de un 67% sobre la anterior edici\u00f3n, las ayudas cubren tambi\u00e9n hasta los 16 a\u00f1os en casos de discapacidad igual o superior al 33%","og_url":"https:\/\/www.laguiadepamplona.com\/actualidad\/el-ayuntamiento-de-pamplona-empleara-25-000-euros-en-ayudas-economicas-para-la-conciliacion-destinadas-a-familias-con-menores-de-0-a-12-anos\/","og_site_name":"La Gu\u00eda de Pamplona","article_publisher":"https:\/\/www.facebook.com\/laguiadepamplonacom-133175176762273\/?ref=hl","article_published_time":"2022-06-01T10:29:36+00:00","article_modified_time":"2023-04-11T09:48:07+00:00","og_image":[{"width":1920,"height":1280,"url":"https:\/\/www.laguiadepamplona.com\/actualidad\/wp-content\/uploads\/2022\/06\/ninos_jugar-2.webp","type":"image\/webp"}],"author":"La Gu\u00eda de Pamplona","twitter_card":"summary_large_image","twitter_creator":"@LaGuiadPamplona","twitter_site":"@LaGuiadPamplona","twitter_misc":{"Escrito por":"La Gu\u00eda de Pamplona","Tiempo de lectura":"3 minutos"},"schema":{"@context":"https:\/\/schema.org","@graph":[{"@type":"Article","@id":"https:\/\/www.laguiadepamplona.com\/actualidad\/el-ayuntamiento-de-pamplona-empleara-25-000-euros-en-ayudas-economicas-para-la-conciliacion-destinadas-a-familias-con-menores-de-0-a-12-anos\/#article","isPartOf":{"@id":"https:\/\/www.laguiadepamplona.com\/actualidad\/el-ayuntamiento-de-pamplona-empleara-25-000-euros-en-ayudas-economicas-para-la-conciliacion-destinadas-a-familias-con-menores-de-0-a-12-anos\/"},"author":{"name":"La Gu\u00eda de Pamplona","@id":"https:\/\/www.laguiadepamplona.com\/actualidad\/#\/schema\/person\/efe887376f0213d4657c93adc50b1fdb"},"headline":"El Ayuntamiento de Pamplona emplear\u00e1 25.000 euros en ayudas econ\u00f3micas para la conciliaci\u00f3n destinadas a familias con menores de 0 a 12 a\u00f1os","datePublished":"2022-06-01T10:29:36+00:00","dateModified":"2023-04-11T09:48:07+00:00","mainEntityOfPage":{"@id":"https:\/\/www.laguiadepamplona.com\/actualidad\/el-ayuntamiento-de-pamplona-empleara-25-000-euros-en-ayudas-economicas-para-la-conciliacion-destinadas-a-familias-con-menores-de-0-a-12-anos\/"},"wordCount":700,"commentCount":0,"publisher":{"@id":"https:\/\/www.laguiadepamplona.com\/actualidad\/#organization"},"image":{"@id":"https:\/\/www.laguiadepamplona.com\/actualidad\/el-ayuntamiento-de-pamplona-empleara-25-000-euros-en-ayudas-economicas-para-la-conciliacion-destinadas-a-familias-con-menores-de-0-a-12-anos\/#primaryimage"},"thumbnailUrl":"https:\/\/www.laguiadepamplona.com\/actualidad\/wp-content\/uploads\/2022\/06\/ninos_jugar-2.webp","articleSection":["Ayto Pamplona"],"inLanguage":"es","potentialAction":[{"@type":"CommentAction","name":"Comment","target":["https:\/\/www.laguiadepamplona.com\/actualidad\/el-ayuntamiento-de-pamplona-empleara-25-000-euros-en-ayudas-economicas-para-la-conciliacion-destinadas-a-familias-con-menores-de-0-a-12-anos\/#respond"]}]},{"@type":"WebPage","@id":"https:\/\/www.laguiadepamplona.com\/actualidad\/el-ayuntamiento-de-pamplona-empleara-25-000-euros-en-ayudas-economicas-para-la-conciliacion-destinadas-a-familias-con-menores-de-0-a-12-anos\/","url":"https:\/\/www.laguiadepamplona.com\/actualidad\/el-ayuntamiento-de-pamplona-empleara-25-000-euros-en-ayudas-economicas-para-la-conciliacion-destinadas-a-familias-con-menores-de-0-a-12-anos\/","name":"El Ayuntamiento de Pamplona emplear\u00e1 25.000 euros en ayudas econ\u00f3micas para la conciliaci\u00f3n destinadas a familias con menores de 0 a 12 a\u00f1os","isPartOf":{"@id":"https:\/\/www.laguiadepamplona.com\/actualidad\/#website"},"primaryImageOfPage":{"@id":"https:\/\/www.laguiadepamplona.com\/actualidad\/el-ayuntamiento-de-pamplona-empleara-25-000-euros-en-ayudas-economicas-para-la-conciliacion-destinadas-a-familias-con-menores-de-0-a-12-anos\/#primaryimage"},"image":{"@id":"https:\/\/www.laguiadepamplona.com\/actualidad\/el-ayuntamiento-de-pamplona-empleara-25-000-euros-en-ayudas-economicas-para-la-conciliacion-destinadas-a-familias-con-menores-de-0-a-12-anos\/#primaryimage"},"thumbnailUrl":"https:\/\/www.laguiadepamplona.com\/actualidad\/wp-content\/uploads\/2022\/06\/ninos_jugar-2.webp","datePublished":"2022-06-01T10:29:36+00:00","dateModified":"2023-04-11T09:48:07+00:00","description":"Con un incremento de un 67% sobre la anterior edici\u00f3n, las ayudas cubren tambi\u00e9n hasta los 16 a\u00f1os en casos de discapacidad igual o superior al 33%","breadcrumb":{"@id":"https:\/\/www.laguiadepamplona.com\/actualidad\/el-ayuntamiento-de-pamplona-empleara-25-000-euros-en-ayudas-economicas-para-la-conciliacion-destinadas-a-familias-con-menores-de-0-a-12-anos\/#breadcrumb"},"inLanguage":"es","potentialAction":[{"@type":"ReadAction","target":["https:\/\/www.laguiadepamplona.com\/actualidad\/el-ayuntamiento-de-pamplona-empleara-25-000-euros-en-ayudas-economicas-para-la-conciliacion-destinadas-a-familias-con-menores-de-0-a-12-anos\/"]}]},{"@type":"ImageObject","inLanguage":"es","@id":"https:\/\/www.laguiadepamplona.com\/actualidad\/el-ayuntamiento-de-pamplona-empleara-25-000-euros-en-ayudas-economicas-para-la-conciliacion-destinadas-a-familias-con-menores-de-0-a-12-anos\/#primaryimage","url":"https:\/\/www.laguiadepamplona.com\/actualidad\/wp-content\/uploads\/2022\/06\/ninos_jugar-2.webp","contentUrl":"https:\/\/www.laguiadepamplona.com\/actualidad\/wp-content\/uploads\/2022\/06\/ninos_jugar-2.webp","width":1920,"height":1280},{"@type":"BreadcrumbList","@id":"https:\/\/www.laguiadepamplona.com\/actualidad\/el-ayuntamiento-de-pamplona-empleara-25-000-euros-en-ayudas-economicas-para-la-conciliacion-destinadas-a-familias-con-menores-de-0-a-12-anos\/#breadcrumb","itemListElement":[{"@type":"ListItem","position":1,"name":"Portada","item":"https:\/\/www.laguiadepamplona.com\/actualidad\/"},{"@type":"ListItem","position":2,"name":"El Ayuntamiento de Pamplona emplear\u00e1 25.000 euros en ayudas econ\u00f3micas para la conciliaci\u00f3n destinadas a familias con menores de 0 a 12 a\u00f1os"}]},{"@type":"WebSite","@id":"https:\/\/www.laguiadepamplona.com\/actualidad\/#website","url":"https:\/\/www.laguiadepamplona.com\/actualidad\/","name":"La gu\u00eda de Pamplona","description":"Noticias de Pamplona","publisher":{"@id":"https:\/\/www.laguiadepamplona.com\/actualidad\/#organization"},"potentialAction":[{"@type":"SearchAction","target":{"@type":"EntryPoint","urlTemplate":"https:\/\/www.laguiadepamplona.com\/actualidad\/?s={search_term_string}"},"query-input":{"@type":"PropertyValueSpecification","valueRequired":true,"valueName":"search_term_string"}}],"inLanguage":"es"},{"@type":"Organization","@id":"https:\/\/www.laguiadepamplona.com\/actualidad\/#organization","name":"La Gu\u00eda de Pamplona \/ Noticias","url":"https:\/\/www.laguiadepamplona.com\/actualidad\/","logo":{"@type":"ImageObject","inLanguage":"es","@id":"https:\/\/www.laguiadepamplona.com\/actualidad\/#\/schema\/logo\/image\/","url":"https:\/\/www.laguiadepamplona.com\/actualidad\/wp-content\/uploads\/2018\/11\/logo-laguiadepamplona18-web1.png","contentUrl":"https:\/\/www.laguiadepamplona.com\/actualidad\/wp-content\/uploads\/2018\/11\/logo-laguiadepamplona18-web1.png","width":600,"height":196,"caption":"La Gu\u00eda de Pamplona \/ Noticias"},"image":{"@id":"https:\/\/www.laguiadepamplona.com\/actualidad\/#\/schema\/logo\/image\/"},"sameAs":["https:\/\/www.facebook.com\/laguiadepamplonacom-133175176762273\/?ref=hl","https:\/\/x.com\/LaGuiadPamplona","https:\/\/www.instagram.com\/la_guia_de_pamplona\/","https:\/\/www.youtube.com\/user\/laguiadepamplona"]},{"@type":"Person","@id":"https:\/\/www.laguiadepamplona.com\/actualidad\/#\/schema\/person\/efe887376f0213d4657c93adc50b1fdb","name":"La Gu\u00eda de Pamplona","image":{"@type":"ImageObject","inLanguage":"es","@id":"https:\/\/secure.gravatar.com\/avatar\/b6992f131dc8d30ab0dff15446e9d346d9dbd95992de0fef795073f5ea83a81c?s=96&d=mm&r=g","url":"https:\/\/secure.gravatar.com\/avatar\/b6992f131dc8d30ab0dff15446e9d346d9dbd95992de0fef795073f5ea83a81c?s=96&d=mm&r=g","contentUrl":"https:\/\/secure.gravatar.com\/avatar\/b6992f131dc8d30ab0dff15446e9d346d9dbd95992de0fef795073f5ea83a81c?s=96&d=mm&r=g","caption":"La Gu\u00eda de Pamplona"}}]}},"post_mailing_queue_ids":[],"_links":{"self":[{"href":"https:\/\/www.laguiadepamplona.com\/actualidad\/wp-json\/wp\/v2\/posts\/40555","targetHints":{"allow":["GET"]}}],"collection":[{"href":"https:\/\/www.laguiadepamplona.com\/actualidad\/wp-json\/wp\/v2\/posts"}],"about":[{"href":"https:\/\/www.laguiadepamplona.com\/actualidad\/wp-json\/wp\/v2\/types\/post"}],"author":[{"embeddable":true,"href":"https:\/\/www.laguiadepamplona.com\/actualidad\/wp-json\/wp\/v2\/users\/1"}],"replies":[{"embeddable":true,"href":"https:\/\/www.laguiadepamplona.com\/actualidad\/wp-json\/wp\/v2\/comments?post=40555"}],"version-history":[{"count":0,"href":"https:\/\/www.laguiadepamplona.com\/actualidad\/wp-json\/wp\/v2\/posts\/40555\/revisions"}],"wp:featuredmedia":[{"embeddable":true,"href":"https:\/\/www.laguiadepamplona.com\/actualidad\/wp-json\/wp\/v2\/media\/40556"}],"wp:attachment":[{"href":"https:\/\/www.laguiadepamplona.com\/actualidad\/wp-json\/wp\/v2\/media?parent=40555"}],"wp:term":[{"taxonomy":"category","embeddable":true,"href":"https:\/\/www.laguiadepamplona.com\/actualidad\/wp-json\/wp\/v2\/categories?post=40555"},{"taxonomy":"post_tag","embeddable":true,"href":"https:\/\/www.laguiadepamplona.com\/actualidad\/wp-json\/wp\/v2\/tags?post=40555"}],"curies":[{"name":"wp","href":"https:\/\/api.w.org\/{rel}","templated":true}]}}