{"id":40549,"date":"2022-06-01T12:25:59","date_gmt":"2022-06-01T10:25:59","guid":{"rendered":"https:\/\/www.laguiadepamplona.com\/actualidad\/?p=40549"},"modified":"2023-04-11T11:48:07","modified_gmt":"2023-04-11T09:48:07","slug":"este-domingo-comienza-un-junio-de-cuenta-atras-sanferminera-en-civivox-condestable","status":"publish","type":"post","link":"https:\/\/www.laguiadepamplona.com\/actualidad\/este-domingo-comienza-un-junio-de-cuenta-atras-sanferminera-en-civivox-condestable\/","title":{"rendered":"Este domingo comienza un junio de cuenta atr\u00e1s sanferminera en Civivox Condestable"},"content":{"rendered":"<h5>A lo largo del mes el centro acoger\u00e1 12 citas de diversos formatos con contenidos para todos los p\u00fablicos: m\u00fasica, talleres, cocina, conferencias\u2026<\/h5>\n<p><!--more--><\/p>\n<p>Este pr\u00f3ximo domingo se inicia en Condestable \u2018San Ferm\u00edn de cerca\u2019, un ciclo de actividades para todos los p\u00fablicos que sirve de precalentamiento de las fiestas de Pamplona en la Red Civivox. El programa en esta ocasi\u00f3n acoge 12 citas: cuatro talleres infantiles y tres de cocina, una audici\u00f3n, dos conferencias, un cinef\u00f3rum y una sesi\u00f3n DJ.<\/p>\n<p>Todas las actividades requieren de inscripci\u00f3n previa, que se puede realizar a trav\u00e9s del tel\u00e9fono de informaci\u00f3n ciudadana 010 (948 420 100), la web pamplonaescultura.es o presencialmente en cualquiera de los centros de la red. Parte de las actividades son gratuitas y el resto oscilan entre los 2 y los 4 euros por plaza.<\/p>\n<p>El ciclo se inicia este domingo con una matinee gratuita: una audici\u00f3n que bajo el t\u00edtulo \u2018Sarasate por San Ferm\u00edn\u2019 evocar\u00e1 las sesiones que el m\u00fasico y compositor pamplon\u00e9s de fama internacional protagoniz\u00f3 durante su vida en las fiestas de su ciudad. La sesi\u00f3n, que ser\u00e1 a las 12 del mediod\u00eda, ir\u00e1 contextualizada por la investigadora y flautista Beatriz Pom\u00e9s que, junto con la arpista Alicia Griffiths interpretar\u00e1 m\u00fasica de Sarasate. La matinee, prevista para personas mayores de edad, durar\u00e1 alrededor de 40 minutos y tendr\u00e1 lugar en la Sala Museo dedicada al compositor, en la primera planta del edifico.<br \/>\n<script async src=\"\/\/pagead2.googlesyndication.com\/pagead\/js\/adsbygoogle.js\"><\/script><br \/>\n<!-- Noticias La Guia de Pamplona --><br \/>\n<ins class=\"adsbygoogle\"\nstyle=\"display:block\"\ndata-ad-client=\"ca-pub-6943679897239327\"\ndata-ad-slot=\"7048180777\"\ndata-ad-format=\"auto\"><\/ins><br \/>\n<script>\n(adsbygoogle = window.adsbygoogle || []).push({});\n<\/script><\/p>\n<p><strong>Talleres creativos infantiles<\/strong><\/p>\n<p>Los talleres creativos infantiles tendr\u00e1n lugar los d\u00edas 18, 23 y 28 de junio, con contenidos diversos. El primero ser\u00e1 un \u2018Taller de gigantes y kilikis\u2019 para hacer mu\u00f1ecos de tela pintada bajo la supervisi\u00f3n de Tea en la azotea. Pensado para menores de 6 a 12 a\u00f1os, cuenta con 12 plazas y se desarrollar\u00e1 de 11 a 12.30 horas. El segundo taller \u2018Sanfermines con Lego\u2019 se realizar\u00e1, a esa misma hora, pero el 23 de junio en euskera y el 29 en castellano. De la mano de Discover Bricks, 12 ni\u00f1os y ni\u00f1as de 5 a 12 a\u00f1os, podr\u00e1n crear con piezas de LEGO escenas de la fiesta de San Ferm\u00edn: el recorrido del encierro, las barracas, la salida de las pe\u00f1as, la fachada del Ayuntamiento, los fuegos artificiales\u2026<\/p>\n<p>La \u00faltima propuesta de taller infantil ser\u00e1 \u2018Nuestra pel\u00edcula de San Ferm\u00edn\u2019, el 28 de junio, de 10.30 a 12.30 horas. Se tratar\u00e1 de que menores de 7 a 12 a\u00f1os creen en papel una escenograf\u00eda y unos personajes articulados para despu\u00e9s filmar una peque\u00f1a pel\u00edcula animada de San Ferm\u00edn. Mila Garc\u00eda, de Similarte, se encargar\u00e1 de monitorizar a quienes participen en esta actividad. Todos los talleres tienen un coste de 2 euros por plaza.<br \/>\n<script async src=\"\/\/pagead2.googlesyndication.com\/pagead\/js\/adsbygoogle.js\"><\/script><br \/>\n<!-- Noticias La Guia de Pamplona --><br \/>\n<ins class=\"adsbygoogle\"\nstyle=\"display:block\"\ndata-ad-client=\"ca-pub-6943679897239327\"\ndata-ad-slot=\"7048180777\"\ndata-ad-format=\"auto\"><\/ins><br \/>\n<script>\n(adsbygoogle = window.adsbygoogle || []).push({});\n<\/script><\/p>\n<p><strong>La cocina sanferminera<\/strong><\/p>\n<p>El aula de cocina tendr\u00e1 tambi\u00e9n su espacio en \u2018San Ferm\u00edn de cerca\u2019. En esta edici\u00f3n la propuesta consta de tres sesiones dedicadas a galletas, cazuelicas y meriendas, los d\u00edas 21, 23 y 28 de junio, respectivamente. La primera sesi\u00f3n \u2018Galletas de San Ferm\u00edn\u2019 ser\u00e1 una sesi\u00f3n familiar con 14 plazas (siete adultos y siete menores de 6 a 10 a\u00f1os). Se tratar\u00e1 de poner las manos en la masa, dar forma a las galletas sanfermineras y decorarlas con colores. La actividad estar\u00e1 a cargo de Sonia Carrasco, cuesta 4 euros por persona, y se desarrollar\u00e1 de 17 a 19 horas.<\/p>\n<p>Las siguientes sesiones las impartir\u00e1 F\u00e1tima D\u00edas. El 23 de junio, de 10 a 12.30 horas, en \u2018Cazuelicas de Sanfermines\u2019 se abordar\u00e1n recetas tradicionales como estofado de toro, ajoarriero y cordero al chilindr\u00f3n. Hay 15 plazas, al precio de 2 euros, las mismas condiciones que el taller de cocina del d\u00eda 28. Pensado para quienes quieren seguir la fiesta con energ\u00eda, en la cocina se repasar\u00e1n cl\u00e1sicos y no tan cl\u00e1sicos de las \u2018Meriendas Sanfermineras\u2019. La clase ser\u00e1 de 18.30 a 21 horas.<br \/>\n<script async src=\"\/\/pagead2.googlesyndication.com\/pagead\/js\/adsbygoogle.js\"><\/script><br \/>\n<!-- Noticias La Guia de Pamplona --><br \/>\n<ins class=\"adsbygoogle\"\nstyle=\"display:block\"\ndata-ad-client=\"ca-pub-6943679897239327\"\ndata-ad-slot=\"7048180777\"\ndata-ad-format=\"auto\"><\/ins><br \/>\n<script>\n(adsbygoogle = window.adsbygoogle || []).push({});\n<\/script><\/p>\n<p><strong>Cine, conferencias y cierre de DJ<\/strong><\/p>\n<p>El d\u00eda 20 las personas amantes del s\u00e9ptimo arte tienen una cita con \u2018Los sanfermines en el cine\u2019 conducida por el cr\u00edtico I\u00f1aki Arrubla. Ser\u00e1 a las 19 horas y es gratuita, aunque con inscripci\u00f3n previa. En la sesi\u00f3n se analizar\u00e1n escenas sanfermineras en el celuluoide, haciendo un recorrido para redescubrir pel\u00edculas como \u00a1Fiesta! (1956), Un rinc\u00f3n para querernos (1964), Don Quijote (1992) y otras m\u00e1s recientes como Noche y d\u00eda (2010), Encierro-3D (2013) o Blue Lips (2014).<\/p>\n<p>Para el martes 21 y el mi\u00e9rcoles 22 las propuestas son sendas conferencias. Por un lado, la doctora en Historia Ana Ulargui en \u2018San Ferm\u00edn en im\u00e1genes: Del siglo XIX al XXI\u2019 (19 horas) abordar\u00e1 un recorrido hist\u00f3rico y cronol\u00f3gico que, a trav\u00e9s de im\u00e1genes curiosas, ilustra sobre la evoluci\u00f3n de las fiestas; por otro, al d\u00eda siguiente Aitziber Imizcoz, licenciada en Humanidades, har\u00e1 lo propio en euskera a trav\u00e9s de la fotograf\u00eda y de los carteles de la fiesta (19 horas). Ambas conferencias tienen entrada libre, aunque requieren inscripci\u00f3n previa.<\/p>\n<p>Para acabar este ciclo pre-sanferminero en la red Civivox, la propuesta es el d\u00eda 30 de junio a las 19 horas, una sesi\u00f3n de DJ a cargo del navarro Oswald Tanco que dirige una de las iniciativas radiof\u00f3nicas alternativas m\u00e1s interesantes del panorama musical: Radar de Frecuencias. En esta mezcla de documentaci\u00f3n radiof\u00f3nica y propuesta sonora, Oswald se adentrar\u00e1 en el panorama musical sanferminero, poniendo ejemplos de aquellos conciertos m\u00e1s interesantes que sucedieron durante las fiestas y seleccionando y pinchando lo m\u00e1s interesante de 2022.<br \/>\n<script async src=\"\/\/pagead2.googlesyndication.com\/pagead\/js\/adsbygoogle.js\"><\/script><br \/>\n<!-- Noticias La Guia de Pamplona --><br \/>\n<ins class=\"adsbygoogle\"\nstyle=\"display:block\"\ndata-ad-client=\"ca-pub-6943679897239327\"\ndata-ad-slot=\"7048180777\"\ndata-ad-format=\"auto\"><\/ins><br \/>\n<script>\n(adsbygoogle = window.adsbygoogle || []).push({});\n<\/script><\/p>\n<p>&nbsp;<\/p>\n<h3>\u2018San Ferm\u00edn de cerca 2022\u2019. Civivox Condestable en junio<\/h3>\n<p><span style=\"color: #ff0000;\"><strong>Domingo 5 de junio<\/strong><\/span><\/p>\n<ul>\n<li><strong>Sarasate por San Ferm\u00edn<\/strong><\/li>\n<\/ul>\n<p>MATINEE AUDICI\u00d3N<\/p>\n<ul>\n<li>Investigadora y flautista Beatriz Pom\u00e9s; Alicia Griffiths, arpa<\/li>\n<li>12 horas.25 plazas. Gratuito. Con inscripci\u00f3n previa.<\/li>\n<\/ul>\n<p><span style=\"color: #ff0000;\"><strong>S\u00e1bado 18 de junio<\/strong><\/span><\/p>\n<ul>\n<li><strong>Gigantes y kilikis<\/strong><\/li>\n<\/ul>\n<p>TALLER<\/p>\n<ul>\n<li>Tea en la azotea<\/li>\n<li>11 a 12.30 horas. 6-12 a\u00f1os. 12 plazas.2\u20ac. Con inscripci\u00f3n previa<\/li>\n<\/ul>\n<p><span style=\"color: #ff0000;\"><strong>Lunes 20 de junio<\/strong><\/span><\/p>\n<ul>\n<li><strong>Los Sanfermines en el cine<\/strong><\/li>\n<\/ul>\n<p>CINEFORUM<\/p>\n<ul>\n<li>I\u00f1aki Arrubla, cr\u00edtico de cine<\/li>\n<li>19 horas. Gratuito. Con inscripci\u00f3n previa<\/li>\n<\/ul>\n<p><span style=\"color: #ff0000;\"><strong>Martes 21 de junio<\/strong><\/span><\/p>\n<ul>\n<li><strong>Galletas de San Ferm\u00edn<\/strong><\/li>\n<\/ul>\n<p>TALLER DE COCINA (familiar)<\/p>\n<ul>\n<li>Sonia Carrasco<\/li>\n<li>17 a 19 horas. 14 plazas (7 menores + 7 acompa\u00f1antes), 6-10 a\u00f1os, en compa\u00f1\u00eda de una persona adulta. 4\u20ac. Con inscripci\u00f3n previa<\/li>\n<li><strong>San Ferm\u00edn en im\u00e1genes: Del siglo XIX al XXI<\/strong><\/li>\n<\/ul>\n<p>CONFERENCIA<\/p>\n<ul>\n<li>Ana Ulargui, doctora en Historia<\/li>\n<li>19 horas. Gratuito. Con inscripci\u00f3n previa<\/li>\n<\/ul>\n<p><span style=\"color: #ff0000;\"><strong>Mi\u00e9rcoles 22 de junio<\/strong><\/span><\/p>\n<ul>\n<li><strong>Sanferminetako historia: argazkiak, kartelak eta efemerideak <\/strong><\/li>\n<\/ul>\n<p>CONFERENCIA (en euskera)<\/p>\n<ul>\n<li>Aitziber Imizcoz, licenciada en Humanidades<\/li>\n<li>19 horas.Gratuito. Con inscripci\u00f3n previa<\/li>\n<\/ul>\n<p><span style=\"color: #ff0000;\"><strong>Jueves 23 de junio<\/strong><\/span><\/p>\n<ul>\n<li><strong>Cazuelicas de Sanfermines<\/strong><\/li>\n<\/ul>\n<p>TALLER DE COCINA<\/p>\n<ul>\n<li>F\u00e1tima Dias<\/li>\n<li>10 a 12.30 horas. 15 plazas, 2\u20ac. Con inscripci\u00f3n previa<\/li>\n<li><strong>Sanfermines con Lego <\/strong><\/li>\n<\/ul>\n<p>TALLER CREATIVO INFANTIL (en euskera)<\/p>\n<ul>\n<li>Discover Bricks<\/li>\n<li>11 a 12.30. 5-12 a\u00f1os. 12 plazas. 2\u20ac. Con inscripci\u00f3n previa<\/li>\n<\/ul>\n<p><span style=\"color: #ff0000;\"><strong>Martes 28 de junio<\/strong><\/span><\/p>\n<ul>\n<li><strong>Nuestra pel\u00edcula de San Ferm\u00edn<\/strong><\/li>\n<\/ul>\n<p>TALLER CREATIVO INFANTIL<\/p>\n<ul>\n<li>Mila Garc\u00eda. Similarte<\/li>\n<li>30 a 12.30 horas. 7-12 a\u00f1os. 12 plazas. 2\u20ac. Con inscripci\u00f3n previa<\/li>\n<li><strong>Meriendas de las pe\u00f1as<\/strong><\/li>\n<\/ul>\n<p>TALLER DE COCINA<\/p>\n<ul>\n<li>F\u00e1tima Dias<\/li>\n<li>30 a 21 horas. 15 plazas. 2\u20ac. Con inscripci\u00f3n previa<\/li>\n<\/ul>\n<p><span style=\"color: #ff0000;\"><strong>Mi\u00e9rcoles 29 de junio<\/strong><\/span><\/p>\n<ul>\n<li><strong>Sanfermines con Lego <\/strong><\/li>\n<\/ul>\n<p>TALLER CREATIVO INFANTIL<\/p>\n<ul>\n<li>Discover Bricks<\/li>\n<li>11 a 12.30. 5-12 a\u00f1os. 12 plazas. 2\u20ac. Con inscripci\u00f3n previa<\/li>\n<\/ul>\n<p><span style=\"color: #ff0000;\"><strong>Jueves 30 de junio<\/strong><\/span><\/p>\n<ul>\n<li><strong>Radar de Frecuencias: La m\u00fasica de Sanfermines<\/strong><\/li>\n<\/ul>\n<p>SESI\u00d3N DJ<\/p>\n<ul>\n<li>Oswald Tanco<\/li>\n<li>19:00 horas. Gratuito con inscripci\u00f3n previa<\/li>\n<\/ul>\n","protected":false},"excerpt":{"rendered":"<p>A lo largo del mes el centro acoger\u00e1 12 citas de diversos formatos con contenidos para todos los p\u00fablicos: m\u00fasica, talleres, cocina, conferencias\u2026<\/p>\n","protected":false},"author":1,"featured_media":40550,"comment_status":"open","ping_status":"closed","sticky":false,"template":"","format":"standard","meta":{"footnotes":""},"categories":[2],"tags":[],"class_list":["post-40549","post","type-post","status-publish","format-standard","has-post-thumbnail","hentry","category-ayuntamiento-pamplona"],"yoast_head":"<!-- This site is optimized with the Yoast SEO plugin v27.3 - https:\/\/yoast.com\/product\/yoast-seo-wordpress\/ -->\n<title>Este domingo comienza un junio de cuenta atr\u00e1s sanferminera en Civivox Condestable<\/title>\n<meta name=\"description\" content=\"A lo largo del mes el centro acoger\u00e1 12 citas de diversos formatos con contenidos para todos los p\u00fablicos: m\u00fasica, talleres, cocina, conferencias\u2026\" \/>\n<meta name=\"robots\" content=\"index, follow, max-snippet:-1, max-image-preview:large, max-video-preview:-1\" \/>\n<link rel=\"canonical\" href=\"https:\/\/www.laguiadepamplona.com\/actualidad\/este-domingo-comienza-un-junio-de-cuenta-atras-sanferminera-en-civivox-condestable\/\" \/>\n<meta property=\"og:locale\" content=\"es_ES\" \/>\n<meta property=\"og:type\" content=\"article\" \/>\n<meta property=\"og:title\" content=\"Este domingo comienza un junio de cuenta atr\u00e1s sanferminera en Civivox Condestable\" \/>\n<meta property=\"og:description\" content=\"A lo largo del mes el centro acoger\u00e1 12 citas de diversos formatos con contenidos para todos los p\u00fablicos: m\u00fasica, talleres, cocina, conferencias\u2026\" \/>\n<meta property=\"og:url\" content=\"https:\/\/www.laguiadepamplona.com\/actualidad\/este-domingo-comienza-un-junio-de-cuenta-atras-sanferminera-en-civivox-condestable\/\" \/>\n<meta property=\"og:site_name\" content=\"La Gu\u00eda de Pamplona\" \/>\n<meta property=\"article:publisher\" content=\"https:\/\/www.facebook.com\/laguiadepamplonacom-133175176762273\/?ref=hl\" \/>\n<meta property=\"article:published_time\" content=\"2022-06-01T10:25:59+00:00\" \/>\n<meta property=\"article:modified_time\" content=\"2023-04-11T09:48:07+00:00\" \/>\n<meta property=\"og:image\" content=\"https:\/\/www.laguiadepamplona.com\/actualidad\/wp-content\/uploads\/2022\/06\/procesion-san-fermin.webp\" \/>\n\t<meta property=\"og:image:width\" content=\"1620\" \/>\n\t<meta property=\"og:image:height\" content=\"1080\" \/>\n\t<meta property=\"og:image:type\" content=\"image\/webp\" \/>\n<meta name=\"author\" content=\"La Gu\u00eda de Pamplona\" \/>\n<meta name=\"twitter:card\" content=\"summary_large_image\" \/>\n<meta name=\"twitter:creator\" content=\"@LaGuiadPamplona\" \/>\n<meta name=\"twitter:site\" content=\"@LaGuiadPamplona\" \/>\n<meta name=\"twitter:label1\" content=\"Escrito por\" \/>\n\t<meta name=\"twitter:data1\" content=\"La Gu\u00eda de Pamplona\" \/>\n\t<meta name=\"twitter:label2\" content=\"Tiempo de lectura\" \/>\n\t<meta name=\"twitter:data2\" content=\"6 minutos\" \/>\n<script type=\"application\/ld+json\" class=\"yoast-schema-graph\">{\"@context\":\"https:\\\/\\\/schema.org\",\"@graph\":[{\"@type\":\"Article\",\"@id\":\"https:\\\/\\\/www.laguiadepamplona.com\\\/actualidad\\\/este-domingo-comienza-un-junio-de-cuenta-atras-sanferminera-en-civivox-condestable\\\/#article\",\"isPartOf\":{\"@id\":\"https:\\\/\\\/www.laguiadepamplona.com\\\/actualidad\\\/este-domingo-comienza-un-junio-de-cuenta-atras-sanferminera-en-civivox-condestable\\\/\"},\"author\":{\"name\":\"La Gu\u00eda de Pamplona\",\"@id\":\"https:\\\/\\\/www.laguiadepamplona.com\\\/actualidad\\\/#\\\/schema\\\/person\\\/efe887376f0213d4657c93adc50b1fdb\"},\"headline\":\"Este domingo comienza un junio de cuenta atr\u00e1s sanferminera en Civivox Condestable\",\"datePublished\":\"2022-06-01T10:25:59+00:00\",\"dateModified\":\"2023-04-11T09:48:07+00:00\",\"mainEntityOfPage\":{\"@id\":\"https:\\\/\\\/www.laguiadepamplona.com\\\/actualidad\\\/este-domingo-comienza-un-junio-de-cuenta-atras-sanferminera-en-civivox-condestable\\\/\"},\"wordCount\":1221,\"commentCount\":0,\"publisher\":{\"@id\":\"https:\\\/\\\/www.laguiadepamplona.com\\\/actualidad\\\/#organization\"},\"image\":{\"@id\":\"https:\\\/\\\/www.laguiadepamplona.com\\\/actualidad\\\/este-domingo-comienza-un-junio-de-cuenta-atras-sanferminera-en-civivox-condestable\\\/#primaryimage\"},\"thumbnailUrl\":\"https:\\\/\\\/www.laguiadepamplona.com\\\/actualidad\\\/wp-content\\\/uploads\\\/2022\\\/06\\\/procesion-san-fermin.webp\",\"articleSection\":[\"Ayto Pamplona\"],\"inLanguage\":\"es\",\"potentialAction\":[{\"@type\":\"CommentAction\",\"name\":\"Comment\",\"target\":[\"https:\\\/\\\/www.laguiadepamplona.com\\\/actualidad\\\/este-domingo-comienza-un-junio-de-cuenta-atras-sanferminera-en-civivox-condestable\\\/#respond\"]}]},{\"@type\":\"WebPage\",\"@id\":\"https:\\\/\\\/www.laguiadepamplona.com\\\/actualidad\\\/este-domingo-comienza-un-junio-de-cuenta-atras-sanferminera-en-civivox-condestable\\\/\",\"url\":\"https:\\\/\\\/www.laguiadepamplona.com\\\/actualidad\\\/este-domingo-comienza-un-junio-de-cuenta-atras-sanferminera-en-civivox-condestable\\\/\",\"name\":\"Este domingo comienza un junio de cuenta atr\u00e1s sanferminera en Civivox Condestable\",\"isPartOf\":{\"@id\":\"https:\\\/\\\/www.laguiadepamplona.com\\\/actualidad\\\/#website\"},\"primaryImageOfPage\":{\"@id\":\"https:\\\/\\\/www.laguiadepamplona.com\\\/actualidad\\\/este-domingo-comienza-un-junio-de-cuenta-atras-sanferminera-en-civivox-condestable\\\/#primaryimage\"},\"image\":{\"@id\":\"https:\\\/\\\/www.laguiadepamplona.com\\\/actualidad\\\/este-domingo-comienza-un-junio-de-cuenta-atras-sanferminera-en-civivox-condestable\\\/#primaryimage\"},\"thumbnailUrl\":\"https:\\\/\\\/www.laguiadepamplona.com\\\/actualidad\\\/wp-content\\\/uploads\\\/2022\\\/06\\\/procesion-san-fermin.webp\",\"datePublished\":\"2022-06-01T10:25:59+00:00\",\"dateModified\":\"2023-04-11T09:48:07+00:00\",\"description\":\"A lo largo del mes el centro acoger\u00e1 12 citas de diversos formatos con contenidos para todos los p\u00fablicos: m\u00fasica, talleres, cocina, conferencias\u2026\",\"breadcrumb\":{\"@id\":\"https:\\\/\\\/www.laguiadepamplona.com\\\/actualidad\\\/este-domingo-comienza-un-junio-de-cuenta-atras-sanferminera-en-civivox-condestable\\\/#breadcrumb\"},\"inLanguage\":\"es\",\"potentialAction\":[{\"@type\":\"ReadAction\",\"target\":[\"https:\\\/\\\/www.laguiadepamplona.com\\\/actualidad\\\/este-domingo-comienza-un-junio-de-cuenta-atras-sanferminera-en-civivox-condestable\\\/\"]}]},{\"@type\":\"ImageObject\",\"inLanguage\":\"es\",\"@id\":\"https:\\\/\\\/www.laguiadepamplona.com\\\/actualidad\\\/este-domingo-comienza-un-junio-de-cuenta-atras-sanferminera-en-civivox-condestable\\\/#primaryimage\",\"url\":\"https:\\\/\\\/www.laguiadepamplona.com\\\/actualidad\\\/wp-content\\\/uploads\\\/2022\\\/06\\\/procesion-san-fermin.webp\",\"contentUrl\":\"https:\\\/\\\/www.laguiadepamplona.com\\\/actualidad\\\/wp-content\\\/uploads\\\/2022\\\/06\\\/procesion-san-fermin.webp\",\"width\":1620,\"height\":1080},{\"@type\":\"BreadcrumbList\",\"@id\":\"https:\\\/\\\/www.laguiadepamplona.com\\\/actualidad\\\/este-domingo-comienza-un-junio-de-cuenta-atras-sanferminera-en-civivox-condestable\\\/#breadcrumb\",\"itemListElement\":[{\"@type\":\"ListItem\",\"position\":1,\"name\":\"Portada\",\"item\":\"https:\\\/\\\/www.laguiadepamplona.com\\\/actualidad\\\/\"},{\"@type\":\"ListItem\",\"position\":2,\"name\":\"Este domingo comienza un junio de cuenta atr\u00e1s sanferminera en Civivox Condestable\"}]},{\"@type\":\"WebSite\",\"@id\":\"https:\\\/\\\/www.laguiadepamplona.com\\\/actualidad\\\/#website\",\"url\":\"https:\\\/\\\/www.laguiadepamplona.com\\\/actualidad\\\/\",\"name\":\"La gu\u00eda de Pamplona\",\"description\":\"Noticias de Pamplona\",\"publisher\":{\"@id\":\"https:\\\/\\\/www.laguiadepamplona.com\\\/actualidad\\\/#organization\"},\"potentialAction\":[{\"@type\":\"SearchAction\",\"target\":{\"@type\":\"EntryPoint\",\"urlTemplate\":\"https:\\\/\\\/www.laguiadepamplona.com\\\/actualidad\\\/?s={search_term_string}\"},\"query-input\":{\"@type\":\"PropertyValueSpecification\",\"valueRequired\":true,\"valueName\":\"search_term_string\"}}],\"inLanguage\":\"es\"},{\"@type\":\"Organization\",\"@id\":\"https:\\\/\\\/www.laguiadepamplona.com\\\/actualidad\\\/#organization\",\"name\":\"La Gu\u00eda de Pamplona \\\/ Noticias\",\"url\":\"https:\\\/\\\/www.laguiadepamplona.com\\\/actualidad\\\/\",\"logo\":{\"@type\":\"ImageObject\",\"inLanguage\":\"es\",\"@id\":\"https:\\\/\\\/www.laguiadepamplona.com\\\/actualidad\\\/#\\\/schema\\\/logo\\\/image\\\/\",\"url\":\"https:\\\/\\\/www.laguiadepamplona.com\\\/actualidad\\\/wp-content\\\/uploads\\\/2018\\\/11\\\/logo-laguiadepamplona18-web1.png\",\"contentUrl\":\"https:\\\/\\\/www.laguiadepamplona.com\\\/actualidad\\\/wp-content\\\/uploads\\\/2018\\\/11\\\/logo-laguiadepamplona18-web1.png\",\"width\":600,\"height\":196,\"caption\":\"La Gu\u00eda de Pamplona \\\/ Noticias\"},\"image\":{\"@id\":\"https:\\\/\\\/www.laguiadepamplona.com\\\/actualidad\\\/#\\\/schema\\\/logo\\\/image\\\/\"},\"sameAs\":[\"https:\\\/\\\/www.facebook.com\\\/laguiadepamplonacom-133175176762273\\\/?ref=hl\",\"https:\\\/\\\/x.com\\\/LaGuiadPamplona\",\"https:\\\/\\\/www.instagram.com\\\/la_guia_de_pamplona\\\/\",\"https:\\\/\\\/www.youtube.com\\\/user\\\/laguiadepamplona\"]},{\"@type\":\"Person\",\"@id\":\"https:\\\/\\\/www.laguiadepamplona.com\\\/actualidad\\\/#\\\/schema\\\/person\\\/efe887376f0213d4657c93adc50b1fdb\",\"name\":\"La Gu\u00eda de Pamplona\",\"image\":{\"@type\":\"ImageObject\",\"inLanguage\":\"es\",\"@id\":\"https:\\\/\\\/secure.gravatar.com\\\/avatar\\\/b6992f131dc8d30ab0dff15446e9d346d9dbd95992de0fef795073f5ea83a81c?s=96&d=mm&r=g\",\"url\":\"https:\\\/\\\/secure.gravatar.com\\\/avatar\\\/b6992f131dc8d30ab0dff15446e9d346d9dbd95992de0fef795073f5ea83a81c?s=96&d=mm&r=g\",\"contentUrl\":\"https:\\\/\\\/secure.gravatar.com\\\/avatar\\\/b6992f131dc8d30ab0dff15446e9d346d9dbd95992de0fef795073f5ea83a81c?s=96&d=mm&r=g\",\"caption\":\"La Gu\u00eda de Pamplona\"}}]}<\/script>\n<!-- \/ Yoast SEO plugin. -->","yoast_head_json":{"title":"Este domingo comienza un junio de cuenta atr\u00e1s sanferminera en Civivox Condestable","description":"A lo largo del mes el centro acoger\u00e1 12 citas de diversos formatos con contenidos para todos los p\u00fablicos: m\u00fasica, talleres, cocina, conferencias\u2026","robots":{"index":"index","follow":"follow","max-snippet":"max-snippet:-1","max-image-preview":"max-image-preview:large","max-video-preview":"max-video-preview:-1"},"canonical":"https:\/\/www.laguiadepamplona.com\/actualidad\/este-domingo-comienza-un-junio-de-cuenta-atras-sanferminera-en-civivox-condestable\/","og_locale":"es_ES","og_type":"article","og_title":"Este domingo comienza un junio de cuenta atr\u00e1s sanferminera en Civivox Condestable","og_description":"A lo largo del mes el centro acoger\u00e1 12 citas de diversos formatos con contenidos para todos los p\u00fablicos: m\u00fasica, talleres, cocina, conferencias\u2026","og_url":"https:\/\/www.laguiadepamplona.com\/actualidad\/este-domingo-comienza-un-junio-de-cuenta-atras-sanferminera-en-civivox-condestable\/","og_site_name":"La Gu\u00eda de Pamplona","article_publisher":"https:\/\/www.facebook.com\/laguiadepamplonacom-133175176762273\/?ref=hl","article_published_time":"2022-06-01T10:25:59+00:00","article_modified_time":"2023-04-11T09:48:07+00:00","og_image":[{"width":1620,"height":1080,"url":"https:\/\/www.laguiadepamplona.com\/actualidad\/wp-content\/uploads\/2022\/06\/procesion-san-fermin.webp","type":"image\/webp"}],"author":"La Gu\u00eda de Pamplona","twitter_card":"summary_large_image","twitter_creator":"@LaGuiadPamplona","twitter_site":"@LaGuiadPamplona","twitter_misc":{"Escrito por":"La Gu\u00eda de Pamplona","Tiempo de lectura":"6 minutos"},"schema":{"@context":"https:\/\/schema.org","@graph":[{"@type":"Article","@id":"https:\/\/www.laguiadepamplona.com\/actualidad\/este-domingo-comienza-un-junio-de-cuenta-atras-sanferminera-en-civivox-condestable\/#article","isPartOf":{"@id":"https:\/\/www.laguiadepamplona.com\/actualidad\/este-domingo-comienza-un-junio-de-cuenta-atras-sanferminera-en-civivox-condestable\/"},"author":{"name":"La Gu\u00eda de Pamplona","@id":"https:\/\/www.laguiadepamplona.com\/actualidad\/#\/schema\/person\/efe887376f0213d4657c93adc50b1fdb"},"headline":"Este domingo comienza un junio de cuenta atr\u00e1s sanferminera en Civivox Condestable","datePublished":"2022-06-01T10:25:59+00:00","dateModified":"2023-04-11T09:48:07+00:00","mainEntityOfPage":{"@id":"https:\/\/www.laguiadepamplona.com\/actualidad\/este-domingo-comienza-un-junio-de-cuenta-atras-sanferminera-en-civivox-condestable\/"},"wordCount":1221,"commentCount":0,"publisher":{"@id":"https:\/\/www.laguiadepamplona.com\/actualidad\/#organization"},"image":{"@id":"https:\/\/www.laguiadepamplona.com\/actualidad\/este-domingo-comienza-un-junio-de-cuenta-atras-sanferminera-en-civivox-condestable\/#primaryimage"},"thumbnailUrl":"https:\/\/www.laguiadepamplona.com\/actualidad\/wp-content\/uploads\/2022\/06\/procesion-san-fermin.webp","articleSection":["Ayto Pamplona"],"inLanguage":"es","potentialAction":[{"@type":"CommentAction","name":"Comment","target":["https:\/\/www.laguiadepamplona.com\/actualidad\/este-domingo-comienza-un-junio-de-cuenta-atras-sanferminera-en-civivox-condestable\/#respond"]}]},{"@type":"WebPage","@id":"https:\/\/www.laguiadepamplona.com\/actualidad\/este-domingo-comienza-un-junio-de-cuenta-atras-sanferminera-en-civivox-condestable\/","url":"https:\/\/www.laguiadepamplona.com\/actualidad\/este-domingo-comienza-un-junio-de-cuenta-atras-sanferminera-en-civivox-condestable\/","name":"Este domingo comienza un junio de cuenta atr\u00e1s sanferminera en Civivox Condestable","isPartOf":{"@id":"https:\/\/www.laguiadepamplona.com\/actualidad\/#website"},"primaryImageOfPage":{"@id":"https:\/\/www.laguiadepamplona.com\/actualidad\/este-domingo-comienza-un-junio-de-cuenta-atras-sanferminera-en-civivox-condestable\/#primaryimage"},"image":{"@id":"https:\/\/www.laguiadepamplona.com\/actualidad\/este-domingo-comienza-un-junio-de-cuenta-atras-sanferminera-en-civivox-condestable\/#primaryimage"},"thumbnailUrl":"https:\/\/www.laguiadepamplona.com\/actualidad\/wp-content\/uploads\/2022\/06\/procesion-san-fermin.webp","datePublished":"2022-06-01T10:25:59+00:00","dateModified":"2023-04-11T09:48:07+00:00","description":"A lo largo del mes el centro acoger\u00e1 12 citas de diversos formatos con contenidos para todos los p\u00fablicos: m\u00fasica, talleres, cocina, conferencias\u2026","breadcrumb":{"@id":"https:\/\/www.laguiadepamplona.com\/actualidad\/este-domingo-comienza-un-junio-de-cuenta-atras-sanferminera-en-civivox-condestable\/#breadcrumb"},"inLanguage":"es","potentialAction":[{"@type":"ReadAction","target":["https:\/\/www.laguiadepamplona.com\/actualidad\/este-domingo-comienza-un-junio-de-cuenta-atras-sanferminera-en-civivox-condestable\/"]}]},{"@type":"ImageObject","inLanguage":"es","@id":"https:\/\/www.laguiadepamplona.com\/actualidad\/este-domingo-comienza-un-junio-de-cuenta-atras-sanferminera-en-civivox-condestable\/#primaryimage","url":"https:\/\/www.laguiadepamplona.com\/actualidad\/wp-content\/uploads\/2022\/06\/procesion-san-fermin.webp","contentUrl":"https:\/\/www.laguiadepamplona.com\/actualidad\/wp-content\/uploads\/2022\/06\/procesion-san-fermin.webp","width":1620,"height":1080},{"@type":"BreadcrumbList","@id":"https:\/\/www.laguiadepamplona.com\/actualidad\/este-domingo-comienza-un-junio-de-cuenta-atras-sanferminera-en-civivox-condestable\/#breadcrumb","itemListElement":[{"@type":"ListItem","position":1,"name":"Portada","item":"https:\/\/www.laguiadepamplona.com\/actualidad\/"},{"@type":"ListItem","position":2,"name":"Este domingo comienza un junio de cuenta atr\u00e1s sanferminera en Civivox Condestable"}]},{"@type":"WebSite","@id":"https:\/\/www.laguiadepamplona.com\/actualidad\/#website","url":"https:\/\/www.laguiadepamplona.com\/actualidad\/","name":"La gu\u00eda de Pamplona","description":"Noticias de Pamplona","publisher":{"@id":"https:\/\/www.laguiadepamplona.com\/actualidad\/#organization"},"potentialAction":[{"@type":"SearchAction","target":{"@type":"EntryPoint","urlTemplate":"https:\/\/www.laguiadepamplona.com\/actualidad\/?s={search_term_string}"},"query-input":{"@type":"PropertyValueSpecification","valueRequired":true,"valueName":"search_term_string"}}],"inLanguage":"es"},{"@type":"Organization","@id":"https:\/\/www.laguiadepamplona.com\/actualidad\/#organization","name":"La Gu\u00eda de Pamplona \/ Noticias","url":"https:\/\/www.laguiadepamplona.com\/actualidad\/","logo":{"@type":"ImageObject","inLanguage":"es","@id":"https:\/\/www.laguiadepamplona.com\/actualidad\/#\/schema\/logo\/image\/","url":"https:\/\/www.laguiadepamplona.com\/actualidad\/wp-content\/uploads\/2018\/11\/logo-laguiadepamplona18-web1.png","contentUrl":"https:\/\/www.laguiadepamplona.com\/actualidad\/wp-content\/uploads\/2018\/11\/logo-laguiadepamplona18-web1.png","width":600,"height":196,"caption":"La Gu\u00eda de Pamplona \/ Noticias"},"image":{"@id":"https:\/\/www.laguiadepamplona.com\/actualidad\/#\/schema\/logo\/image\/"},"sameAs":["https:\/\/www.facebook.com\/laguiadepamplonacom-133175176762273\/?ref=hl","https:\/\/x.com\/LaGuiadPamplona","https:\/\/www.instagram.com\/la_guia_de_pamplona\/","https:\/\/www.youtube.com\/user\/laguiadepamplona"]},{"@type":"Person","@id":"https:\/\/www.laguiadepamplona.com\/actualidad\/#\/schema\/person\/efe887376f0213d4657c93adc50b1fdb","name":"La Gu\u00eda de Pamplona","image":{"@type":"ImageObject","inLanguage":"es","@id":"https:\/\/secure.gravatar.com\/avatar\/b6992f131dc8d30ab0dff15446e9d346d9dbd95992de0fef795073f5ea83a81c?s=96&d=mm&r=g","url":"https:\/\/secure.gravatar.com\/avatar\/b6992f131dc8d30ab0dff15446e9d346d9dbd95992de0fef795073f5ea83a81c?s=96&d=mm&r=g","contentUrl":"https:\/\/secure.gravatar.com\/avatar\/b6992f131dc8d30ab0dff15446e9d346d9dbd95992de0fef795073f5ea83a81c?s=96&d=mm&r=g","caption":"La Gu\u00eda de Pamplona"}}]}},"post_mailing_queue_ids":[],"_links":{"self":[{"href":"https:\/\/www.laguiadepamplona.com\/actualidad\/wp-json\/wp\/v2\/posts\/40549","targetHints":{"allow":["GET"]}}],"collection":[{"href":"https:\/\/www.laguiadepamplona.com\/actualidad\/wp-json\/wp\/v2\/posts"}],"about":[{"href":"https:\/\/www.laguiadepamplona.com\/actualidad\/wp-json\/wp\/v2\/types\/post"}],"author":[{"embeddable":true,"href":"https:\/\/www.laguiadepamplona.com\/actualidad\/wp-json\/wp\/v2\/users\/1"}],"replies":[{"embeddable":true,"href":"https:\/\/www.laguiadepamplona.com\/actualidad\/wp-json\/wp\/v2\/comments?post=40549"}],"version-history":[{"count":0,"href":"https:\/\/www.laguiadepamplona.com\/actualidad\/wp-json\/wp\/v2\/posts\/40549\/revisions"}],"wp:featuredmedia":[{"embeddable":true,"href":"https:\/\/www.laguiadepamplona.com\/actualidad\/wp-json\/wp\/v2\/media\/40550"}],"wp:attachment":[{"href":"https:\/\/www.laguiadepamplona.com\/actualidad\/wp-json\/wp\/v2\/media?parent=40549"}],"wp:term":[{"taxonomy":"category","embeddable":true,"href":"https:\/\/www.laguiadepamplona.com\/actualidad\/wp-json\/wp\/v2\/categories?post=40549"},{"taxonomy":"post_tag","embeddable":true,"href":"https:\/\/www.laguiadepamplona.com\/actualidad\/wp-json\/wp\/v2\/tags?post=40549"}],"curies":[{"name":"wp","href":"https:\/\/api.w.org\/{rel}","templated":true}]}}