{"id":40543,"date":"2022-05-31T16:52:41","date_gmt":"2022-05-31T14:52:41","guid":{"rendered":"https:\/\/www.laguiadepamplona.com\/actualidad\/?p=40543"},"modified":"2023-04-11T11:48:07","modified_gmt":"2023-04-11T09:48:07","slug":"la-comision-de-asuntos-ciudadanos-visita-la-exposicion-actuales-del-siglo-xx-en-la-ciudadela","status":"publish","type":"post","link":"https:\/\/www.laguiadepamplona.com\/actualidad\/la-comision-de-asuntos-ciudadanos-visita-la-exposicion-actuales-del-siglo-xx-en-la-ciudadela\/","title":{"rendered":"La Comisi\u00f3n de Asuntos Ciudadanos visita la exposici\u00f3n \u2018Actuales del siglo XX\u2019 en la Ciudadela"},"content":{"rendered":"<h5>Adem\u00e1s, han comprobado la reciente reforma de los aseos del recinto amurallado, junto a la Puerta de Socorro<\/h5>\n<p><!--more--><\/p>\n<p>Los miembros de la Comisi\u00f3n de Asuntos Ciudadanos han visitado hoy la exposici\u00f3n \u2018Actuales del siglo XX. Un recorrido por las vanguardias art\u00edsticas del \u00faltimo siglo\u2019, que acoge la Sala de Armas de la Ciudadela. La muestra, que se basa en la Colecci\u00f3n Museo Vivanco de Briones, cuenta con 56 obras de m\u00e1s de 30 artistas nacionales e internaciones, y a ella se le ha sumado una aportaci\u00f3n de 16 obras gr\u00e1ficas del Legado Pi-Fernandino del Ayuntamiento de Pamplona.<br \/>\n<script async src=\"\/\/pagead2.googlesyndication.com\/pagead\/js\/adsbygoogle.js\"><\/script><br \/>\n<!-- Noticias La Guia de Pamplona --><br \/>\n<ins class=\"adsbygoogle\"\nstyle=\"display:block\"\ndata-ad-client=\"ca-pub-6943679897239327\"\ndata-ad-slot=\"7048180777\"\ndata-ad-format=\"auto\"><\/ins><br \/>\n<script>\n(adsbygoogle = window.adsbygoogle || []).push({});\n<\/script><\/p>\n<p>Entre las obras que los representantes municipales han podido contemplar en esta visita se encuentran piezas de Pablo Picasso, Joan Mir\u00f3, Eduardo Chillida, Paul Klee, Giorgio de Chirico, Andy Warhol, Henry Moore o Miquel Barcel\u00f3, a las que se suman otras de Antonio Saura, Eduardo Arroyo, Roy Lichtenstein, Menchu Gal o Yozo Hamaguchi, entre otros. La muestra, que combina la pintura, el grabado y obras de vajilla, es realmente la suma de varias colecciones: la Colecci\u00f3n Museo Vivanco de la Cultura del Vino de Briones (La Rioja), la Colecci\u00f3n Premio Internacional de Grabado y Vino \u2018Pedro Vivanco\u2019, otras colecciones privadas y parte del Legado Pi-Fernandino.<\/p>\n<p>La exposici\u00f3n tiene, como hilo conductor, el vino, y trata de estructurarse en varios espacios distintos, atendiendo a la t\u00e9cnica utilizada y las tem\u00e1ticas representadas. As\u00ed, las obras se han agrupado en aquellas que abordan la naturaleza, otras figurativas, otras por el color, tambi\u00e9n las ganadoras del Premio Internacional de Grabado y Vino \u2018Pedro Vivanco\u2019, y un espacio m\u00e1s destinado a vajilla.<br \/>\n<script async src=\"\/\/pagead2.googlesyndication.com\/pagead\/js\/adsbygoogle.js\"><\/script><br \/>\n<!-- Noticias La Guia de Pamplona --><br \/>\n<ins class=\"adsbygoogle\"\nstyle=\"display:block\"\ndata-ad-client=\"ca-pub-6943679897239327\"\ndata-ad-slot=\"7048180777\"\ndata-ad-format=\"auto\"><\/ins><br \/>\n<script>\n(adsbygoogle = window.adsbygoogle || []).push({});\n<\/script><\/p>\n<p><strong>Ciudadela, recinto expositivo<\/strong><\/p>\n<p>\u00c9sta es una de las muestras que actualmente puede visitarse en la Ciudadela, un recinto expositivo en el que el Ayuntamiento de Pamplona apuesta por acercar el arte a la ciudadan\u00eda de forma cercana y gratuita. Adem\u00e1s de la Sala de Armas, tambi\u00e9n el Horno, el Polvor\u00edn y el Pabell\u00f3n de los Mixtos acogen sendas exposiciones e, incluso los jardines del recinto son, en s\u00ed, un espacio expositivo.<\/p>\n<p>Esta oferta cultural, unida a la alternativa de ocio que ofrece en sus jardines amurallados y el hecho de ser un espacio de transici\u00f3n entre el Casco Antiguo y otros barrios de la ciudad, convierten a la Ciudadela en una zona con gran tr\u00e1nsito peatonal. Es por ello que ofrece entre sus instalaciones unos aseos p\u00fablicos, construidos en los a\u00f1os 70 en una de las casernas debajo del baluarte de la muralla, junto a la Puerta de Socorro.<br \/>\n<script async src=\"\/\/pagead2.googlesyndication.com\/pagead\/js\/adsbygoogle.js\"><\/script><br \/>\n<!-- Noticias La Guia de Pamplona --><br \/>\n<ins class=\"adsbygoogle\"\nstyle=\"display:block\"\ndata-ad-client=\"ca-pub-6943679897239327\"\ndata-ad-slot=\"7048180777\"\ndata-ad-format=\"auto\"><\/ins><br \/>\n<script>\n(adsbygoogle = window.adsbygoogle || []).push({});\n<\/script><\/p>\n<p>Estos aseos se han reabierto recientemente al p\u00fablico, tras someterse a unas obras de rehabilitaci\u00f3n y reforma. Los miembros de la Comisi\u00f3n de Asuntos Ciudadanos han podido comprobar los trabajos realizados, que han tenido un coste de 119.415 euros. Con este importe, se han sustituido los revestimientos de paredes y suelos, se han eliminado todas las carpinter\u00edas de madera, afectadas por la humedad, se ha creado una nueva distribuci\u00f3n y se han renovado los sanitarios. Adem\u00e1s, se ha colocado una nueva iluminaci\u00f3n.<\/p>\n<p>Tras esta intervenci\u00f3n, centrada \u00fanicamente en la reforma interior de la caserna, se prev\u00e9 abordar pr\u00f3ximamente el proyecto de impermeabilizaci\u00f3n de las Casernas de la Puerta de Socorro.<\/p>\n","protected":false},"excerpt":{"rendered":"<p>Adem\u00e1s, han comprobado la reciente reforma de los aseos del recinto amurallado, junto a la Puerta de Socorro<\/p>\n","protected":false},"author":1,"featured_media":40544,"comment_status":"open","ping_status":"closed","sticky":false,"template":"","format":"standard","meta":{"footnotes":""},"categories":[2],"tags":[],"class_list":["post-40543","post","type-post","status-publish","format-standard","has-post-thumbnail","hentry","category-ayuntamiento-pamplona"],"yoast_head":"<!-- This site is optimized with the Yoast SEO plugin v27.3 - https:\/\/yoast.com\/product\/yoast-seo-wordpress\/ -->\n<title>La Comisi\u00f3n de Asuntos Ciudadanos visita la exposici\u00f3n \u2018Actuales del siglo XX\u2019 en la Ciudadela<\/title>\n<meta name=\"description\" content=\"Adem\u00e1s, han comprobado la reciente reforma de los aseos del recinto amurallado, junto a la Puerta de Socorro\" \/>\n<meta name=\"robots\" content=\"index, follow, max-snippet:-1, max-image-preview:large, max-video-preview:-1\" \/>\n<link rel=\"canonical\" href=\"https:\/\/www.laguiadepamplona.com\/actualidad\/la-comision-de-asuntos-ciudadanos-visita-la-exposicion-actuales-del-siglo-xx-en-la-ciudadela\/\" \/>\n<meta property=\"og:locale\" content=\"es_ES\" \/>\n<meta property=\"og:type\" content=\"article\" \/>\n<meta property=\"og:title\" content=\"La Comisi\u00f3n de Asuntos Ciudadanos visita la exposici\u00f3n \u2018Actuales del siglo XX\u2019 en la Ciudadela\" \/>\n<meta property=\"og:description\" content=\"Adem\u00e1s, han comprobado la reciente reforma de los aseos del recinto amurallado, junto a la Puerta de Socorro\" \/>\n<meta property=\"og:url\" content=\"https:\/\/www.laguiadepamplona.com\/actualidad\/la-comision-de-asuntos-ciudadanos-visita-la-exposicion-actuales-del-siglo-xx-en-la-ciudadela\/\" \/>\n<meta property=\"og:site_name\" content=\"La Gu\u00eda de Pamplona\" \/>\n<meta property=\"article:publisher\" content=\"https:\/\/www.facebook.com\/laguiadepamplonacom-133175176762273\/?ref=hl\" \/>\n<meta property=\"article:published_time\" content=\"2022-05-31T14:52:41+00:00\" \/>\n<meta property=\"article:modified_time\" content=\"2023-04-11T09:48:07+00:00\" \/>\n<meta property=\"og:image\" content=\"https:\/\/www.laguiadepamplona.com\/actualidad\/wp-content\/uploads\/2022\/05\/visitacomexpovivancoee5a2527.webp\" \/>\n\t<meta property=\"og:image:width\" content=\"1920\" \/>\n\t<meta property=\"og:image:height\" content=\"1280\" \/>\n\t<meta property=\"og:image:type\" content=\"image\/webp\" \/>\n<meta name=\"author\" content=\"La Gu\u00eda de Pamplona\" \/>\n<meta name=\"twitter:card\" content=\"summary_large_image\" \/>\n<meta name=\"twitter:creator\" content=\"@LaGuiadPamplona\" \/>\n<meta name=\"twitter:site\" content=\"@LaGuiadPamplona\" \/>\n<meta name=\"twitter:label1\" content=\"Escrito por\" \/>\n\t<meta name=\"twitter:data1\" content=\"La Gu\u00eda de Pamplona\" \/>\n\t<meta name=\"twitter:label2\" content=\"Tiempo de lectura\" \/>\n\t<meta name=\"twitter:data2\" content=\"3 minutos\" \/>\n<script type=\"application\/ld+json\" class=\"yoast-schema-graph\">{\"@context\":\"https:\\\/\\\/schema.org\",\"@graph\":[{\"@type\":\"Article\",\"@id\":\"https:\\\/\\\/www.laguiadepamplona.com\\\/actualidad\\\/la-comision-de-asuntos-ciudadanos-visita-la-exposicion-actuales-del-siglo-xx-en-la-ciudadela\\\/#article\",\"isPartOf\":{\"@id\":\"https:\\\/\\\/www.laguiadepamplona.com\\\/actualidad\\\/la-comision-de-asuntos-ciudadanos-visita-la-exposicion-actuales-del-siglo-xx-en-la-ciudadela\\\/\"},\"author\":{\"name\":\"La Gu\u00eda de Pamplona\",\"@id\":\"https:\\\/\\\/www.laguiadepamplona.com\\\/actualidad\\\/#\\\/schema\\\/person\\\/efe887376f0213d4657c93adc50b1fdb\"},\"headline\":\"La Comisi\u00f3n de Asuntos Ciudadanos visita la exposici\u00f3n \u2018Actuales del siglo XX\u2019 en la Ciudadela\",\"datePublished\":\"2022-05-31T14:52:41+00:00\",\"dateModified\":\"2023-04-11T09:48:07+00:00\",\"mainEntityOfPage\":{\"@id\":\"https:\\\/\\\/www.laguiadepamplona.com\\\/actualidad\\\/la-comision-de-asuntos-ciudadanos-visita-la-exposicion-actuales-del-siglo-xx-en-la-ciudadela\\\/\"},\"wordCount\":569,\"commentCount\":0,\"publisher\":{\"@id\":\"https:\\\/\\\/www.laguiadepamplona.com\\\/actualidad\\\/#organization\"},\"image\":{\"@id\":\"https:\\\/\\\/www.laguiadepamplona.com\\\/actualidad\\\/la-comision-de-asuntos-ciudadanos-visita-la-exposicion-actuales-del-siglo-xx-en-la-ciudadela\\\/#primaryimage\"},\"thumbnailUrl\":\"https:\\\/\\\/www.laguiadepamplona.com\\\/actualidad\\\/wp-content\\\/uploads\\\/2022\\\/05\\\/visitacomexpovivancoee5a2527.webp\",\"articleSection\":[\"Ayto Pamplona\"],\"inLanguage\":\"es\",\"potentialAction\":[{\"@type\":\"CommentAction\",\"name\":\"Comment\",\"target\":[\"https:\\\/\\\/www.laguiadepamplona.com\\\/actualidad\\\/la-comision-de-asuntos-ciudadanos-visita-la-exposicion-actuales-del-siglo-xx-en-la-ciudadela\\\/#respond\"]}]},{\"@type\":\"WebPage\",\"@id\":\"https:\\\/\\\/www.laguiadepamplona.com\\\/actualidad\\\/la-comision-de-asuntos-ciudadanos-visita-la-exposicion-actuales-del-siglo-xx-en-la-ciudadela\\\/\",\"url\":\"https:\\\/\\\/www.laguiadepamplona.com\\\/actualidad\\\/la-comision-de-asuntos-ciudadanos-visita-la-exposicion-actuales-del-siglo-xx-en-la-ciudadela\\\/\",\"name\":\"La Comisi\u00f3n de Asuntos Ciudadanos visita la exposici\u00f3n \u2018Actuales del siglo XX\u2019 en la Ciudadela\",\"isPartOf\":{\"@id\":\"https:\\\/\\\/www.laguiadepamplona.com\\\/actualidad\\\/#website\"},\"primaryImageOfPage\":{\"@id\":\"https:\\\/\\\/www.laguiadepamplona.com\\\/actualidad\\\/la-comision-de-asuntos-ciudadanos-visita-la-exposicion-actuales-del-siglo-xx-en-la-ciudadela\\\/#primaryimage\"},\"image\":{\"@id\":\"https:\\\/\\\/www.laguiadepamplona.com\\\/actualidad\\\/la-comision-de-asuntos-ciudadanos-visita-la-exposicion-actuales-del-siglo-xx-en-la-ciudadela\\\/#primaryimage\"},\"thumbnailUrl\":\"https:\\\/\\\/www.laguiadepamplona.com\\\/actualidad\\\/wp-content\\\/uploads\\\/2022\\\/05\\\/visitacomexpovivancoee5a2527.webp\",\"datePublished\":\"2022-05-31T14:52:41+00:00\",\"dateModified\":\"2023-04-11T09:48:07+00:00\",\"description\":\"Adem\u00e1s, han comprobado la reciente reforma de los aseos del recinto amurallado, junto a la Puerta de Socorro\",\"breadcrumb\":{\"@id\":\"https:\\\/\\\/www.laguiadepamplona.com\\\/actualidad\\\/la-comision-de-asuntos-ciudadanos-visita-la-exposicion-actuales-del-siglo-xx-en-la-ciudadela\\\/#breadcrumb\"},\"inLanguage\":\"es\",\"potentialAction\":[{\"@type\":\"ReadAction\",\"target\":[\"https:\\\/\\\/www.laguiadepamplona.com\\\/actualidad\\\/la-comision-de-asuntos-ciudadanos-visita-la-exposicion-actuales-del-siglo-xx-en-la-ciudadela\\\/\"]}]},{\"@type\":\"ImageObject\",\"inLanguage\":\"es\",\"@id\":\"https:\\\/\\\/www.laguiadepamplona.com\\\/actualidad\\\/la-comision-de-asuntos-ciudadanos-visita-la-exposicion-actuales-del-siglo-xx-en-la-ciudadela\\\/#primaryimage\",\"url\":\"https:\\\/\\\/www.laguiadepamplona.com\\\/actualidad\\\/wp-content\\\/uploads\\\/2022\\\/05\\\/visitacomexpovivancoee5a2527.webp\",\"contentUrl\":\"https:\\\/\\\/www.laguiadepamplona.com\\\/actualidad\\\/wp-content\\\/uploads\\\/2022\\\/05\\\/visitacomexpovivancoee5a2527.webp\",\"width\":1920,\"height\":1280},{\"@type\":\"BreadcrumbList\",\"@id\":\"https:\\\/\\\/www.laguiadepamplona.com\\\/actualidad\\\/la-comision-de-asuntos-ciudadanos-visita-la-exposicion-actuales-del-siglo-xx-en-la-ciudadela\\\/#breadcrumb\",\"itemListElement\":[{\"@type\":\"ListItem\",\"position\":1,\"name\":\"Portada\",\"item\":\"https:\\\/\\\/www.laguiadepamplona.com\\\/actualidad\\\/\"},{\"@type\":\"ListItem\",\"position\":2,\"name\":\"La Comisi\u00f3n de Asuntos Ciudadanos visita la exposici\u00f3n \u2018Actuales del siglo XX\u2019 en la Ciudadela\"}]},{\"@type\":\"WebSite\",\"@id\":\"https:\\\/\\\/www.laguiadepamplona.com\\\/actualidad\\\/#website\",\"url\":\"https:\\\/\\\/www.laguiadepamplona.com\\\/actualidad\\\/\",\"name\":\"La gu\u00eda de Pamplona\",\"description\":\"Noticias de Pamplona\",\"publisher\":{\"@id\":\"https:\\\/\\\/www.laguiadepamplona.com\\\/actualidad\\\/#organization\"},\"potentialAction\":[{\"@type\":\"SearchAction\",\"target\":{\"@type\":\"EntryPoint\",\"urlTemplate\":\"https:\\\/\\\/www.laguiadepamplona.com\\\/actualidad\\\/?s={search_term_string}\"},\"query-input\":{\"@type\":\"PropertyValueSpecification\",\"valueRequired\":true,\"valueName\":\"search_term_string\"}}],\"inLanguage\":\"es\"},{\"@type\":\"Organization\",\"@id\":\"https:\\\/\\\/www.laguiadepamplona.com\\\/actualidad\\\/#organization\",\"name\":\"La Gu\u00eda de Pamplona \\\/ Noticias\",\"url\":\"https:\\\/\\\/www.laguiadepamplona.com\\\/actualidad\\\/\",\"logo\":{\"@type\":\"ImageObject\",\"inLanguage\":\"es\",\"@id\":\"https:\\\/\\\/www.laguiadepamplona.com\\\/actualidad\\\/#\\\/schema\\\/logo\\\/image\\\/\",\"url\":\"https:\\\/\\\/www.laguiadepamplona.com\\\/actualidad\\\/wp-content\\\/uploads\\\/2018\\\/11\\\/logo-laguiadepamplona18-web1.png\",\"contentUrl\":\"https:\\\/\\\/www.laguiadepamplona.com\\\/actualidad\\\/wp-content\\\/uploads\\\/2018\\\/11\\\/logo-laguiadepamplona18-web1.png\",\"width\":600,\"height\":196,\"caption\":\"La Gu\u00eda de Pamplona \\\/ Noticias\"},\"image\":{\"@id\":\"https:\\\/\\\/www.laguiadepamplona.com\\\/actualidad\\\/#\\\/schema\\\/logo\\\/image\\\/\"},\"sameAs\":[\"https:\\\/\\\/www.facebook.com\\\/laguiadepamplonacom-133175176762273\\\/?ref=hl\",\"https:\\\/\\\/x.com\\\/LaGuiadPamplona\",\"https:\\\/\\\/www.instagram.com\\\/la_guia_de_pamplona\\\/\",\"https:\\\/\\\/www.youtube.com\\\/user\\\/laguiadepamplona\"]},{\"@type\":\"Person\",\"@id\":\"https:\\\/\\\/www.laguiadepamplona.com\\\/actualidad\\\/#\\\/schema\\\/person\\\/efe887376f0213d4657c93adc50b1fdb\",\"name\":\"La Gu\u00eda de Pamplona\",\"image\":{\"@type\":\"ImageObject\",\"inLanguage\":\"es\",\"@id\":\"https:\\\/\\\/secure.gravatar.com\\\/avatar\\\/b6992f131dc8d30ab0dff15446e9d346d9dbd95992de0fef795073f5ea83a81c?s=96&d=mm&r=g\",\"url\":\"https:\\\/\\\/secure.gravatar.com\\\/avatar\\\/b6992f131dc8d30ab0dff15446e9d346d9dbd95992de0fef795073f5ea83a81c?s=96&d=mm&r=g\",\"contentUrl\":\"https:\\\/\\\/secure.gravatar.com\\\/avatar\\\/b6992f131dc8d30ab0dff15446e9d346d9dbd95992de0fef795073f5ea83a81c?s=96&d=mm&r=g\",\"caption\":\"La Gu\u00eda de Pamplona\"}}]}<\/script>\n<!-- \/ Yoast SEO plugin. -->","yoast_head_json":{"title":"La Comisi\u00f3n de Asuntos Ciudadanos visita la exposici\u00f3n \u2018Actuales del siglo XX\u2019 en la Ciudadela","description":"Adem\u00e1s, han comprobado la reciente reforma de los aseos del recinto amurallado, junto a la Puerta de Socorro","robots":{"index":"index","follow":"follow","max-snippet":"max-snippet:-1","max-image-preview":"max-image-preview:large","max-video-preview":"max-video-preview:-1"},"canonical":"https:\/\/www.laguiadepamplona.com\/actualidad\/la-comision-de-asuntos-ciudadanos-visita-la-exposicion-actuales-del-siglo-xx-en-la-ciudadela\/","og_locale":"es_ES","og_type":"article","og_title":"La Comisi\u00f3n de Asuntos Ciudadanos visita la exposici\u00f3n \u2018Actuales del siglo XX\u2019 en la Ciudadela","og_description":"Adem\u00e1s, han comprobado la reciente reforma de los aseos del recinto amurallado, junto a la Puerta de Socorro","og_url":"https:\/\/www.laguiadepamplona.com\/actualidad\/la-comision-de-asuntos-ciudadanos-visita-la-exposicion-actuales-del-siglo-xx-en-la-ciudadela\/","og_site_name":"La Gu\u00eda de Pamplona","article_publisher":"https:\/\/www.facebook.com\/laguiadepamplonacom-133175176762273\/?ref=hl","article_published_time":"2022-05-31T14:52:41+00:00","article_modified_time":"2023-04-11T09:48:07+00:00","og_image":[{"width":1920,"height":1280,"url":"https:\/\/www.laguiadepamplona.com\/actualidad\/wp-content\/uploads\/2022\/05\/visitacomexpovivancoee5a2527.webp","type":"image\/webp"}],"author":"La Gu\u00eda de Pamplona","twitter_card":"summary_large_image","twitter_creator":"@LaGuiadPamplona","twitter_site":"@LaGuiadPamplona","twitter_misc":{"Escrito por":"La Gu\u00eda de Pamplona","Tiempo de lectura":"3 minutos"},"schema":{"@context":"https:\/\/schema.org","@graph":[{"@type":"Article","@id":"https:\/\/www.laguiadepamplona.com\/actualidad\/la-comision-de-asuntos-ciudadanos-visita-la-exposicion-actuales-del-siglo-xx-en-la-ciudadela\/#article","isPartOf":{"@id":"https:\/\/www.laguiadepamplona.com\/actualidad\/la-comision-de-asuntos-ciudadanos-visita-la-exposicion-actuales-del-siglo-xx-en-la-ciudadela\/"},"author":{"name":"La Gu\u00eda de Pamplona","@id":"https:\/\/www.laguiadepamplona.com\/actualidad\/#\/schema\/person\/efe887376f0213d4657c93adc50b1fdb"},"headline":"La Comisi\u00f3n de Asuntos Ciudadanos visita la exposici\u00f3n \u2018Actuales del siglo XX\u2019 en la Ciudadela","datePublished":"2022-05-31T14:52:41+00:00","dateModified":"2023-04-11T09:48:07+00:00","mainEntityOfPage":{"@id":"https:\/\/www.laguiadepamplona.com\/actualidad\/la-comision-de-asuntos-ciudadanos-visita-la-exposicion-actuales-del-siglo-xx-en-la-ciudadela\/"},"wordCount":569,"commentCount":0,"publisher":{"@id":"https:\/\/www.laguiadepamplona.com\/actualidad\/#organization"},"image":{"@id":"https:\/\/www.laguiadepamplona.com\/actualidad\/la-comision-de-asuntos-ciudadanos-visita-la-exposicion-actuales-del-siglo-xx-en-la-ciudadela\/#primaryimage"},"thumbnailUrl":"https:\/\/www.laguiadepamplona.com\/actualidad\/wp-content\/uploads\/2022\/05\/visitacomexpovivancoee5a2527.webp","articleSection":["Ayto Pamplona"],"inLanguage":"es","potentialAction":[{"@type":"CommentAction","name":"Comment","target":["https:\/\/www.laguiadepamplona.com\/actualidad\/la-comision-de-asuntos-ciudadanos-visita-la-exposicion-actuales-del-siglo-xx-en-la-ciudadela\/#respond"]}]},{"@type":"WebPage","@id":"https:\/\/www.laguiadepamplona.com\/actualidad\/la-comision-de-asuntos-ciudadanos-visita-la-exposicion-actuales-del-siglo-xx-en-la-ciudadela\/","url":"https:\/\/www.laguiadepamplona.com\/actualidad\/la-comision-de-asuntos-ciudadanos-visita-la-exposicion-actuales-del-siglo-xx-en-la-ciudadela\/","name":"La Comisi\u00f3n de Asuntos Ciudadanos visita la exposici\u00f3n \u2018Actuales del siglo XX\u2019 en la Ciudadela","isPartOf":{"@id":"https:\/\/www.laguiadepamplona.com\/actualidad\/#website"},"primaryImageOfPage":{"@id":"https:\/\/www.laguiadepamplona.com\/actualidad\/la-comision-de-asuntos-ciudadanos-visita-la-exposicion-actuales-del-siglo-xx-en-la-ciudadela\/#primaryimage"},"image":{"@id":"https:\/\/www.laguiadepamplona.com\/actualidad\/la-comision-de-asuntos-ciudadanos-visita-la-exposicion-actuales-del-siglo-xx-en-la-ciudadela\/#primaryimage"},"thumbnailUrl":"https:\/\/www.laguiadepamplona.com\/actualidad\/wp-content\/uploads\/2022\/05\/visitacomexpovivancoee5a2527.webp","datePublished":"2022-05-31T14:52:41+00:00","dateModified":"2023-04-11T09:48:07+00:00","description":"Adem\u00e1s, han comprobado la reciente reforma de los aseos del recinto amurallado, junto a la Puerta de Socorro","breadcrumb":{"@id":"https:\/\/www.laguiadepamplona.com\/actualidad\/la-comision-de-asuntos-ciudadanos-visita-la-exposicion-actuales-del-siglo-xx-en-la-ciudadela\/#breadcrumb"},"inLanguage":"es","potentialAction":[{"@type":"ReadAction","target":["https:\/\/www.laguiadepamplona.com\/actualidad\/la-comision-de-asuntos-ciudadanos-visita-la-exposicion-actuales-del-siglo-xx-en-la-ciudadela\/"]}]},{"@type":"ImageObject","inLanguage":"es","@id":"https:\/\/www.laguiadepamplona.com\/actualidad\/la-comision-de-asuntos-ciudadanos-visita-la-exposicion-actuales-del-siglo-xx-en-la-ciudadela\/#primaryimage","url":"https:\/\/www.laguiadepamplona.com\/actualidad\/wp-content\/uploads\/2022\/05\/visitacomexpovivancoee5a2527.webp","contentUrl":"https:\/\/www.laguiadepamplona.com\/actualidad\/wp-content\/uploads\/2022\/05\/visitacomexpovivancoee5a2527.webp","width":1920,"height":1280},{"@type":"BreadcrumbList","@id":"https:\/\/www.laguiadepamplona.com\/actualidad\/la-comision-de-asuntos-ciudadanos-visita-la-exposicion-actuales-del-siglo-xx-en-la-ciudadela\/#breadcrumb","itemListElement":[{"@type":"ListItem","position":1,"name":"Portada","item":"https:\/\/www.laguiadepamplona.com\/actualidad\/"},{"@type":"ListItem","position":2,"name":"La Comisi\u00f3n de Asuntos Ciudadanos visita la exposici\u00f3n \u2018Actuales del siglo XX\u2019 en la Ciudadela"}]},{"@type":"WebSite","@id":"https:\/\/www.laguiadepamplona.com\/actualidad\/#website","url":"https:\/\/www.laguiadepamplona.com\/actualidad\/","name":"La gu\u00eda de Pamplona","description":"Noticias de Pamplona","publisher":{"@id":"https:\/\/www.laguiadepamplona.com\/actualidad\/#organization"},"potentialAction":[{"@type":"SearchAction","target":{"@type":"EntryPoint","urlTemplate":"https:\/\/www.laguiadepamplona.com\/actualidad\/?s={search_term_string}"},"query-input":{"@type":"PropertyValueSpecification","valueRequired":true,"valueName":"search_term_string"}}],"inLanguage":"es"},{"@type":"Organization","@id":"https:\/\/www.laguiadepamplona.com\/actualidad\/#organization","name":"La Gu\u00eda de Pamplona \/ Noticias","url":"https:\/\/www.laguiadepamplona.com\/actualidad\/","logo":{"@type":"ImageObject","inLanguage":"es","@id":"https:\/\/www.laguiadepamplona.com\/actualidad\/#\/schema\/logo\/image\/","url":"https:\/\/www.laguiadepamplona.com\/actualidad\/wp-content\/uploads\/2018\/11\/logo-laguiadepamplona18-web1.png","contentUrl":"https:\/\/www.laguiadepamplona.com\/actualidad\/wp-content\/uploads\/2018\/11\/logo-laguiadepamplona18-web1.png","width":600,"height":196,"caption":"La Gu\u00eda de Pamplona \/ Noticias"},"image":{"@id":"https:\/\/www.laguiadepamplona.com\/actualidad\/#\/schema\/logo\/image\/"},"sameAs":["https:\/\/www.facebook.com\/laguiadepamplonacom-133175176762273\/?ref=hl","https:\/\/x.com\/LaGuiadPamplona","https:\/\/www.instagram.com\/la_guia_de_pamplona\/","https:\/\/www.youtube.com\/user\/laguiadepamplona"]},{"@type":"Person","@id":"https:\/\/www.laguiadepamplona.com\/actualidad\/#\/schema\/person\/efe887376f0213d4657c93adc50b1fdb","name":"La Gu\u00eda de Pamplona","image":{"@type":"ImageObject","inLanguage":"es","@id":"https:\/\/secure.gravatar.com\/avatar\/b6992f131dc8d30ab0dff15446e9d346d9dbd95992de0fef795073f5ea83a81c?s=96&d=mm&r=g","url":"https:\/\/secure.gravatar.com\/avatar\/b6992f131dc8d30ab0dff15446e9d346d9dbd95992de0fef795073f5ea83a81c?s=96&d=mm&r=g","contentUrl":"https:\/\/secure.gravatar.com\/avatar\/b6992f131dc8d30ab0dff15446e9d346d9dbd95992de0fef795073f5ea83a81c?s=96&d=mm&r=g","caption":"La Gu\u00eda de Pamplona"}}]}},"post_mailing_queue_ids":[],"_links":{"self":[{"href":"https:\/\/www.laguiadepamplona.com\/actualidad\/wp-json\/wp\/v2\/posts\/40543","targetHints":{"allow":["GET"]}}],"collection":[{"href":"https:\/\/www.laguiadepamplona.com\/actualidad\/wp-json\/wp\/v2\/posts"}],"about":[{"href":"https:\/\/www.laguiadepamplona.com\/actualidad\/wp-json\/wp\/v2\/types\/post"}],"author":[{"embeddable":true,"href":"https:\/\/www.laguiadepamplona.com\/actualidad\/wp-json\/wp\/v2\/users\/1"}],"replies":[{"embeddable":true,"href":"https:\/\/www.laguiadepamplona.com\/actualidad\/wp-json\/wp\/v2\/comments?post=40543"}],"version-history":[{"count":0,"href":"https:\/\/www.laguiadepamplona.com\/actualidad\/wp-json\/wp\/v2\/posts\/40543\/revisions"}],"wp:featuredmedia":[{"embeddable":true,"href":"https:\/\/www.laguiadepamplona.com\/actualidad\/wp-json\/wp\/v2\/media\/40544"}],"wp:attachment":[{"href":"https:\/\/www.laguiadepamplona.com\/actualidad\/wp-json\/wp\/v2\/media?parent=40543"}],"wp:term":[{"taxonomy":"category","embeddable":true,"href":"https:\/\/www.laguiadepamplona.com\/actualidad\/wp-json\/wp\/v2\/categories?post=40543"},{"taxonomy":"post_tag","embeddable":true,"href":"https:\/\/www.laguiadepamplona.com\/actualidad\/wp-json\/wp\/v2\/tags?post=40543"}],"curies":[{"name":"wp","href":"https:\/\/api.w.org\/{rel}","templated":true}]}}