{"id":40539,"date":"2022-05-31T16:49:51","date_gmt":"2022-05-31T14:49:51","guid":{"rendered":"https:\/\/www.laguiadepamplona.com\/actualidad\/?p=40539"},"modified":"2023-04-11T11:48:07","modified_gmt":"2023-04-11T09:48:07","slug":"todo-un-junio-de-actividades-de-animacion-en-los-barrios-vuelve-comercio-hace-ciudad","status":"publish","type":"post","link":"https:\/\/www.laguiadepamplona.com\/actualidad\/todo-un-junio-de-actividades-de-animacion-en-los-barrios-vuelve-comercio-hace-ciudad\/","title":{"rendered":"Todo un junio de actividades de animaci\u00f3n en los barrios: vuelve \u2018Comercio hace ciudad\u2019"},"content":{"rendered":"<h5>Esta edici\u00f3n se enmarca en el Plan de Recuperaci\u00f3n, Transformaci\u00f3n y Resiliencia, financiado por la Uni\u00f3n Europea \u2013 Next Generation<\/h5>\n<p><!--more--><\/p>\n<p><a href=\"https:\/\/www.laguiadepamplona.com\/actualidad\/wp-content\/uploads\/2022\/05\/comercio-hace-ciudad-cartel.webp\"><img loading=\"lazy\" decoding=\"async\" class=\"alignleft size-medium wp-image-40541\" src=\"https:\/\/www.laguiadepamplona.com\/actualidad\/wp-content\/uploads\/2022\/05\/comercio-hace-ciudad-cartel-187x300.webp\" alt=\"\" width=\"187\" height=\"300\" srcset=\"https:\/\/www.laguiadepamplona.com\/actualidad\/wp-content\/uploads\/2022\/05\/comercio-hace-ciudad-cartel-187x300.webp 187w, https:\/\/www.laguiadepamplona.com\/actualidad\/wp-content\/uploads\/2022\/05\/comercio-hace-ciudad-cartel-425x682.webp 425w, https:\/\/www.laguiadepamplona.com\/actualidad\/wp-content\/uploads\/2022\/05\/comercio-hace-ciudad-cartel-768x1232.webp 768w, https:\/\/www.laguiadepamplona.com\/actualidad\/wp-content\/uploads\/2022\/05\/comercio-hace-ciudad-cartel-958x1536.webp 958w, https:\/\/www.laguiadepamplona.com\/actualidad\/wp-content\/uploads\/2022\/05\/comercio-hace-ciudad-cartel-640x1026.webp 640w, https:\/\/www.laguiadepamplona.com\/actualidad\/wp-content\/uploads\/2022\/05\/comercio-hace-ciudad-cartel.webp 1247w\" sizes=\"auto, (max-width: 187px) 100vw, 187px\" \/><\/a>Este mes de junio nueve zonas de la ciudad recibir\u00e1n las actividades de animaci\u00f3n de calle de \u2018Comercio hace ciudad\u2019, una iniciativa de dinamizaci\u00f3n del peque\u00f1o comercio que desde 2004 llevan a cabo el Ayuntamiento y las asociaciones de comerciantes de Pamplona. La idea es, aprovechando el buen tiempo, lleva a los principales ejes comerciales de la ciudad propuestas atractivas para la ciudadan\u00eda que den visibilidad a los establecimientos, apoyando al comercio de cercan\u00eda, tejido imprescindible en la vida de los barrios.<\/p>\n<p>En esta edici\u00f3n San Jorge, Martin Azpilcueta, San Juan Ermitaga\u00f1a y Mendebaldea, Ensanche, Casco Antiguo, Iturrama, Txantrea, Mendillorri y Rochapea se suceder\u00e1n como escenarios de un conjunto variado de propuestas entre las que hay hinchables, m\u00fasica, DJ, exposici\u00f3n de motos, coches cl\u00e1sicos o de carteles de San Ferm\u00edn o animaci\u00f3n musical.<\/p>\n<p>Las actividades se iniciar\u00e1n este pr\u00f3ximo s\u00e1bado, 4 de junio, en San Jorge. Entre las 10.30 y las 14 horas, en la trasera del centro de salud habr\u00e1 disponibles hinchables variados, incluyendo uno acu\u00e1tico, as\u00ed como una mini-discoteca, n\u00fameros de magia y fiesta de la espuma. Para p\u00fablico familiar la propuesta es una exhibici\u00f3n de coches cl\u00e1sicos de 12 a 14 horas en el paseo Sandua, que har\u00e1n un recorrido rodado por la zona.<\/p>\n<p>El programa de animaci\u00f3n, dinamizaci\u00f3n y promoci\u00f3n comercial Comercio hace Ciudad se enmarca en esta edici\u00f3n dentro del Plan de Recuperaci\u00f3n, Transformaci\u00f3n y Resiliencia, financiado por la Uni\u00f3n Europea \u2013 Next Generation EU, puesto que el plan contempla las actuaciones promocionales en zonas comerciales de alta densidad.<br \/>\n<script async src=\"\/\/pagead2.googlesyndication.com\/pagead\/js\/adsbygoogle.js\"><\/script><br \/>\n<!-- Noticias La Guia de Pamplona --><br \/>\n<ins class=\"adsbygoogle\"\nstyle=\"display:block\"\ndata-ad-client=\"ca-pub-6943679897239327\"\ndata-ad-slot=\"7048180777\"\ndata-ad-format=\"auto\"><\/ins><br \/>\n<script>\n(adsbygoogle = window.adsbygoogle || []).push({});\n<\/script><\/p>\n<p><strong>Del 10 a 11 de junio<\/strong><\/p>\n<p>El siguiente fin de semana, \u2018Comercio hace ciudad\u2019 se traslada a Martin Azpilcueta, Ensanche y San Juan, Ermitaga\u00f1a y Mendebaldea (del viernes 10 y s\u00e1bado 11 de junio). En el primer espacio, el viernes de 17 a 20 horas, la escuela de Canto de Jaione Medina pondr\u00e1 m\u00fasica a la calle y la Asociaci\u00f3n Motorista Pica de Protecci\u00f3n de la Infancia Contra el Abuso, expondr\u00e1 sus veh\u00edculos en este espacio y en la calle san Alberto Magno. El s\u00e1bado por la ma\u00f1ana de 10.30 a 13.30 horas, la propuesta ser\u00e1n hinchables.<\/p>\n<p>En el Ensanche el viernes 10, de 18 a 20 horas, en la plaza de la Cruz, se expondr\u00e1n fotos antiguas del barrio en el entorno del parque de hinchables y en el que se podr\u00e1 disfrutar de un chocolate solidario en favor de la Asociaci\u00f3n S\u00edndrome de Phelan McDermind. Y de 18 a 22 horas, entre las calles San Ferm\u00edn y Tafalla, habr\u00e1 exhibiciones de Altafit, de alumnado de la Escuela de Danza Ravel y sesi\u00f3n DJ. Tambi\u00e9n se podr\u00e1 asistir a la actuaci\u00f3n de un \u201chombre forzudo\u201d que har\u00e1 una demostraci\u00f3n de c\u00f3mo arrastrar un coche con la boca y doblar hierros con las manos. El s\u00e1bado 11, la propuesta es un conjunto de hinchables en la plaza de la Libertad de 10 a 14 horas.<\/p>\n<p>San Juan, Ermitaga\u00f1a y Mendebaldea tambi\u00e9n acogen \u2018Comercio hace ciudad\u2019 viernes 10 y s\u00e1bado 11. El viernes de 17 a 20 horas en la plaza Monasterios de Azuelo habr\u00e1 animaci\u00f3n musical con la rondalla Yoar y el s\u00e1bado de 10.30 a 13.30 horas, la m\u00fasica de la rondalla se trasladar\u00e1 a la plaza de los Cines Golem.<br \/>\n<script async src=\"\/\/pagead2.googlesyndication.com\/pagead\/js\/adsbygoogle.js\"><\/script><br \/>\n<!-- Noticias La Guia de Pamplona --><br \/>\n<ins class=\"adsbygoogle\"\nstyle=\"display:block\"\ndata-ad-client=\"ca-pub-6943679897239327\"\ndata-ad-slot=\"7048180777\"\ndata-ad-format=\"auto\"><\/ins><br \/>\n<script>\n(adsbygoogle = window.adsbygoogle || []).push({});\n<\/script><\/p>\n<p><strong>Casco Antiguo, Iturrama y Txantrea: el fin de semana siguiente<\/strong><\/p>\n<p>Las acciones de dinamizaci\u00f3n el tercer fin de semana de junio pasear\u00e1n por Casco Antiguo, Iturrama y Txantrea. En Casco Antiguo el viernes 17, de 17 a 22 horas estar\u00e1n expuestos en las puertas de los comercios reproducciones de los carteles anunciadores de las fiestas de San Ferm\u00edn del \u00faltimo siglo. Fotografiarse con ellos dar\u00e1 opci\u00f3n a entrar en un concurso. Y, adem\u00e1s, la charanga Eguzki recorrer\u00e1 las calles del Casco Antiguo desde las 18.30, \u2018Los habituales`\u2019 estar\u00e1n en la plaza de San Nicol\u00e1s a las 19 y a partir de las 20.30 le tocar\u00e1 el turno al grupo \u2018Tres nav\u00edos en un bar\u2019 en la calle Mercaderes.<\/p>\n<p>Iturrama acoger\u00e1 un parque de hinchables viernes y s\u00e1bado. El d\u00eda 17, de 17 a 20 horas, los hinchables estar\u00e1n en la trasera del front\u00f3n L\u00f3pez, mientras que el s\u00e1bado por la ma\u00f1ana, de 10.30 a 13.30 horas, los juegos infantiles estar\u00e1n en la plaza de Pintor Asenjo.<\/p>\n<p>Txantrea divide sus acciones de dinamizaci\u00f3n comercial entre el s\u00e1bado 18 de junio y el s\u00e1bado 25 de junio. El s\u00e1bado 18 en Txantrea los m\u00e1s peque\u00f1os tendr\u00e1n a su disposici\u00f3n un parque de hinchables de 10.30 a 14 horas en la calle Villafranca, en la II agrupaci\u00f3n de Orvina y el s\u00e1bado 25 en la plaza Ezkaba se podr\u00e1 asistir a la actuaci\u00f3n de Txantrea dantzan, en horario comercial.<br \/>\n<script async src=\"\/\/pagead2.googlesyndication.com\/pagead\/js\/adsbygoogle.js\"><\/script><br \/>\n<!-- Noticias La Guia de Pamplona --><br \/>\n<ins class=\"adsbygoogle\"\nstyle=\"display:block\"\ndata-ad-client=\"ca-pub-6943679897239327\"\ndata-ad-slot=\"7048180777\"\ndata-ad-format=\"auto\"><\/ins><br \/>\n<script>\n(adsbygoogle = window.adsbygoogle || []).push({});\n<\/script><\/p>\n<p><strong>Mendillorri y Rochapea<\/strong><\/p>\n<p>Y en esa misma semana Mendillorri encaja su fiesta en un jueves, pero en una fecha especial, el d\u00eda 23 de junio la noche m\u00e1s corta del a\u00f1o, la Noche de San Juan. Lo previsto para esa tarde es una Fiesta de la espuma con barredora e hinchables. Ser\u00e1 de 17 a 21 horas en el parque de El lago. Y el \u00faltimo fin de semana del mes de junio, el eje comercial urbano elegido es la zona de Rochapea. El viernes 24, durante el horario comercial, hasta las 20 horas, habr\u00e1 a disposici\u00f3n de las familias un trenecito tur\u00edstico en horario comercial. Y al d\u00eda siguiente las y los m\u00e1s peque\u00f1os tendr\u00e1 a su disposici\u00f3n un conjunto de hinchables en el parque de Enamorados, entre las 10.30 y las 14 horas.<\/p>\n","protected":false},"excerpt":{"rendered":"<p>Esta edici\u00f3n se enmarca en el Plan de Recuperaci\u00f3n, Transformaci\u00f3n y Resiliencia, financiado por la Uni\u00f3n Europea \u2013 Next Generation<\/p>\n","protected":false},"author":1,"featured_media":40540,"comment_status":"open","ping_status":"closed","sticky":false,"template":"","format":"standard","meta":{"footnotes":""},"categories":[2],"tags":[],"class_list":["post-40539","post","type-post","status-publish","format-standard","has-post-thumbnail","hentry","category-ayuntamiento-pamplona"],"yoast_head":"<!-- This site is optimized with the Yoast SEO plugin v27.3 - https:\/\/yoast.com\/product\/yoast-seo-wordpress\/ -->\n<title>Todo un junio de actividades de animaci\u00f3n en los barrios: vuelve \u2018Comercio hace ciudad\u2019<\/title>\n<meta name=\"robots\" content=\"index, follow, max-snippet:-1, max-image-preview:large, max-video-preview:-1\" \/>\n<link rel=\"canonical\" href=\"https:\/\/www.laguiadepamplona.com\/actualidad\/todo-un-junio-de-actividades-de-animacion-en-los-barrios-vuelve-comercio-hace-ciudad\/\" \/>\n<meta property=\"og:locale\" content=\"es_ES\" \/>\n<meta property=\"og:type\" content=\"article\" \/>\n<meta property=\"og:title\" content=\"Todo un junio de actividades de animaci\u00f3n en los barrios: vuelve \u2018Comercio hace ciudad\u2019\" \/>\n<meta property=\"og:description\" content=\"Esta edici\u00f3n se enmarca en el Plan de Recuperaci\u00f3n, Transformaci\u00f3n y Resiliencia, financiado por la Uni\u00f3n Europea \u2013 Next Generation\" \/>\n<meta property=\"og:url\" content=\"https:\/\/www.laguiadepamplona.com\/actualidad\/todo-un-junio-de-actividades-de-animacion-en-los-barrios-vuelve-comercio-hace-ciudad\/\" \/>\n<meta property=\"og:site_name\" content=\"La Gu\u00eda de Pamplona\" \/>\n<meta property=\"article:publisher\" content=\"https:\/\/www.facebook.com\/laguiadepamplonacom-133175176762273\/?ref=hl\" \/>\n<meta property=\"article:published_time\" content=\"2022-05-31T14:49:51+00:00\" \/>\n<meta property=\"article:modified_time\" content=\"2023-04-11T09:48:07+00:00\" \/>\n<meta property=\"og:image\" content=\"https:\/\/www.laguiadepamplona.com\/actualidad\/wp-content\/uploads\/2022\/05\/comercio-hace-ciudad.webp\" \/>\n\t<meta property=\"og:image:width\" content=\"2362\" \/>\n\t<meta property=\"og:image:height\" content=\"1535\" \/>\n\t<meta property=\"og:image:type\" content=\"image\/webp\" \/>\n<meta name=\"author\" content=\"La Gu\u00eda de Pamplona\" \/>\n<meta name=\"twitter:card\" content=\"summary_large_image\" \/>\n<meta name=\"twitter:creator\" content=\"@LaGuiadPamplona\" \/>\n<meta name=\"twitter:site\" content=\"@LaGuiadPamplona\" \/>\n<meta name=\"twitter:label1\" content=\"Escrito por\" \/>\n\t<meta name=\"twitter:data1\" content=\"La Gu\u00eda de Pamplona\" \/>\n\t<meta name=\"twitter:label2\" content=\"Tiempo de lectura\" \/>\n\t<meta name=\"twitter:data2\" content=\"5 minutos\" \/>\n<script type=\"application\/ld+json\" class=\"yoast-schema-graph\">{\"@context\":\"https:\\\/\\\/schema.org\",\"@graph\":[{\"@type\":\"Article\",\"@id\":\"https:\\\/\\\/www.laguiadepamplona.com\\\/actualidad\\\/todo-un-junio-de-actividades-de-animacion-en-los-barrios-vuelve-comercio-hace-ciudad\\\/#article\",\"isPartOf\":{\"@id\":\"https:\\\/\\\/www.laguiadepamplona.com\\\/actualidad\\\/todo-un-junio-de-actividades-de-animacion-en-los-barrios-vuelve-comercio-hace-ciudad\\\/\"},\"author\":{\"name\":\"La Gu\u00eda de Pamplona\",\"@id\":\"https:\\\/\\\/www.laguiadepamplona.com\\\/actualidad\\\/#\\\/schema\\\/person\\\/efe887376f0213d4657c93adc50b1fdb\"},\"headline\":\"Todo un junio de actividades de animaci\u00f3n en los barrios: vuelve \u2018Comercio hace ciudad\u2019\",\"datePublished\":\"2022-05-31T14:49:51+00:00\",\"dateModified\":\"2023-04-11T09:48:07+00:00\",\"mainEntityOfPage\":{\"@id\":\"https:\\\/\\\/www.laguiadepamplona.com\\\/actualidad\\\/todo-un-junio-de-actividades-de-animacion-en-los-barrios-vuelve-comercio-hace-ciudad\\\/\"},\"wordCount\":984,\"commentCount\":0,\"publisher\":{\"@id\":\"https:\\\/\\\/www.laguiadepamplona.com\\\/actualidad\\\/#organization\"},\"image\":{\"@id\":\"https:\\\/\\\/www.laguiadepamplona.com\\\/actualidad\\\/todo-un-junio-de-actividades-de-animacion-en-los-barrios-vuelve-comercio-hace-ciudad\\\/#primaryimage\"},\"thumbnailUrl\":\"https:\\\/\\\/www.laguiadepamplona.com\\\/actualidad\\\/wp-content\\\/uploads\\\/2022\\\/05\\\/comercio-hace-ciudad.webp\",\"articleSection\":[\"Ayto Pamplona\"],\"inLanguage\":\"es\",\"potentialAction\":[{\"@type\":\"CommentAction\",\"name\":\"Comment\",\"target\":[\"https:\\\/\\\/www.laguiadepamplona.com\\\/actualidad\\\/todo-un-junio-de-actividades-de-animacion-en-los-barrios-vuelve-comercio-hace-ciudad\\\/#respond\"]}]},{\"@type\":\"WebPage\",\"@id\":\"https:\\\/\\\/www.laguiadepamplona.com\\\/actualidad\\\/todo-un-junio-de-actividades-de-animacion-en-los-barrios-vuelve-comercio-hace-ciudad\\\/\",\"url\":\"https:\\\/\\\/www.laguiadepamplona.com\\\/actualidad\\\/todo-un-junio-de-actividades-de-animacion-en-los-barrios-vuelve-comercio-hace-ciudad\\\/\",\"name\":\"Todo un junio de actividades de animaci\u00f3n en los barrios: vuelve \u2018Comercio hace ciudad\u2019\",\"isPartOf\":{\"@id\":\"https:\\\/\\\/www.laguiadepamplona.com\\\/actualidad\\\/#website\"},\"primaryImageOfPage\":{\"@id\":\"https:\\\/\\\/www.laguiadepamplona.com\\\/actualidad\\\/todo-un-junio-de-actividades-de-animacion-en-los-barrios-vuelve-comercio-hace-ciudad\\\/#primaryimage\"},\"image\":{\"@id\":\"https:\\\/\\\/www.laguiadepamplona.com\\\/actualidad\\\/todo-un-junio-de-actividades-de-animacion-en-los-barrios-vuelve-comercio-hace-ciudad\\\/#primaryimage\"},\"thumbnailUrl\":\"https:\\\/\\\/www.laguiadepamplona.com\\\/actualidad\\\/wp-content\\\/uploads\\\/2022\\\/05\\\/comercio-hace-ciudad.webp\",\"datePublished\":\"2022-05-31T14:49:51+00:00\",\"dateModified\":\"2023-04-11T09:48:07+00:00\",\"breadcrumb\":{\"@id\":\"https:\\\/\\\/www.laguiadepamplona.com\\\/actualidad\\\/todo-un-junio-de-actividades-de-animacion-en-los-barrios-vuelve-comercio-hace-ciudad\\\/#breadcrumb\"},\"inLanguage\":\"es\",\"potentialAction\":[{\"@type\":\"ReadAction\",\"target\":[\"https:\\\/\\\/www.laguiadepamplona.com\\\/actualidad\\\/todo-un-junio-de-actividades-de-animacion-en-los-barrios-vuelve-comercio-hace-ciudad\\\/\"]}]},{\"@type\":\"ImageObject\",\"inLanguage\":\"es\",\"@id\":\"https:\\\/\\\/www.laguiadepamplona.com\\\/actualidad\\\/todo-un-junio-de-actividades-de-animacion-en-los-barrios-vuelve-comercio-hace-ciudad\\\/#primaryimage\",\"url\":\"https:\\\/\\\/www.laguiadepamplona.com\\\/actualidad\\\/wp-content\\\/uploads\\\/2022\\\/05\\\/comercio-hace-ciudad.webp\",\"contentUrl\":\"https:\\\/\\\/www.laguiadepamplona.com\\\/actualidad\\\/wp-content\\\/uploads\\\/2022\\\/05\\\/comercio-hace-ciudad.webp\",\"width\":2362,\"height\":1535},{\"@type\":\"BreadcrumbList\",\"@id\":\"https:\\\/\\\/www.laguiadepamplona.com\\\/actualidad\\\/todo-un-junio-de-actividades-de-animacion-en-los-barrios-vuelve-comercio-hace-ciudad\\\/#breadcrumb\",\"itemListElement\":[{\"@type\":\"ListItem\",\"position\":1,\"name\":\"Portada\",\"item\":\"https:\\\/\\\/www.laguiadepamplona.com\\\/actualidad\\\/\"},{\"@type\":\"ListItem\",\"position\":2,\"name\":\"Todo un junio de actividades de animaci\u00f3n en los barrios: vuelve \u2018Comercio hace ciudad\u2019\"}]},{\"@type\":\"WebSite\",\"@id\":\"https:\\\/\\\/www.laguiadepamplona.com\\\/actualidad\\\/#website\",\"url\":\"https:\\\/\\\/www.laguiadepamplona.com\\\/actualidad\\\/\",\"name\":\"La gu\u00eda de Pamplona\",\"description\":\"Noticias de Pamplona\",\"publisher\":{\"@id\":\"https:\\\/\\\/www.laguiadepamplona.com\\\/actualidad\\\/#organization\"},\"potentialAction\":[{\"@type\":\"SearchAction\",\"target\":{\"@type\":\"EntryPoint\",\"urlTemplate\":\"https:\\\/\\\/www.laguiadepamplona.com\\\/actualidad\\\/?s={search_term_string}\"},\"query-input\":{\"@type\":\"PropertyValueSpecification\",\"valueRequired\":true,\"valueName\":\"search_term_string\"}}],\"inLanguage\":\"es\"},{\"@type\":\"Organization\",\"@id\":\"https:\\\/\\\/www.laguiadepamplona.com\\\/actualidad\\\/#organization\",\"name\":\"La Gu\u00eda de Pamplona \\\/ Noticias\",\"url\":\"https:\\\/\\\/www.laguiadepamplona.com\\\/actualidad\\\/\",\"logo\":{\"@type\":\"ImageObject\",\"inLanguage\":\"es\",\"@id\":\"https:\\\/\\\/www.laguiadepamplona.com\\\/actualidad\\\/#\\\/schema\\\/logo\\\/image\\\/\",\"url\":\"https:\\\/\\\/www.laguiadepamplona.com\\\/actualidad\\\/wp-content\\\/uploads\\\/2018\\\/11\\\/logo-laguiadepamplona18-web1.png\",\"contentUrl\":\"https:\\\/\\\/www.laguiadepamplona.com\\\/actualidad\\\/wp-content\\\/uploads\\\/2018\\\/11\\\/logo-laguiadepamplona18-web1.png\",\"width\":600,\"height\":196,\"caption\":\"La Gu\u00eda de Pamplona \\\/ Noticias\"},\"image\":{\"@id\":\"https:\\\/\\\/www.laguiadepamplona.com\\\/actualidad\\\/#\\\/schema\\\/logo\\\/image\\\/\"},\"sameAs\":[\"https:\\\/\\\/www.facebook.com\\\/laguiadepamplonacom-133175176762273\\\/?ref=hl\",\"https:\\\/\\\/x.com\\\/LaGuiadPamplona\",\"https:\\\/\\\/www.instagram.com\\\/la_guia_de_pamplona\\\/\",\"https:\\\/\\\/www.youtube.com\\\/user\\\/laguiadepamplona\"]},{\"@type\":\"Person\",\"@id\":\"https:\\\/\\\/www.laguiadepamplona.com\\\/actualidad\\\/#\\\/schema\\\/person\\\/efe887376f0213d4657c93adc50b1fdb\",\"name\":\"La Gu\u00eda de Pamplona\",\"image\":{\"@type\":\"ImageObject\",\"inLanguage\":\"es\",\"@id\":\"https:\\\/\\\/secure.gravatar.com\\\/avatar\\\/b6992f131dc8d30ab0dff15446e9d346d9dbd95992de0fef795073f5ea83a81c?s=96&d=mm&r=g\",\"url\":\"https:\\\/\\\/secure.gravatar.com\\\/avatar\\\/b6992f131dc8d30ab0dff15446e9d346d9dbd95992de0fef795073f5ea83a81c?s=96&d=mm&r=g\",\"contentUrl\":\"https:\\\/\\\/secure.gravatar.com\\\/avatar\\\/b6992f131dc8d30ab0dff15446e9d346d9dbd95992de0fef795073f5ea83a81c?s=96&d=mm&r=g\",\"caption\":\"La Gu\u00eda de Pamplona\"}}]}<\/script>\n<!-- \/ Yoast SEO plugin. -->","yoast_head_json":{"title":"Todo un junio de actividades de animaci\u00f3n en los barrios: vuelve \u2018Comercio hace ciudad\u2019","robots":{"index":"index","follow":"follow","max-snippet":"max-snippet:-1","max-image-preview":"max-image-preview:large","max-video-preview":"max-video-preview:-1"},"canonical":"https:\/\/www.laguiadepamplona.com\/actualidad\/todo-un-junio-de-actividades-de-animacion-en-los-barrios-vuelve-comercio-hace-ciudad\/","og_locale":"es_ES","og_type":"article","og_title":"Todo un junio de actividades de animaci\u00f3n en los barrios: vuelve \u2018Comercio hace ciudad\u2019","og_description":"Esta edici\u00f3n se enmarca en el Plan de Recuperaci\u00f3n, Transformaci\u00f3n y Resiliencia, financiado por la Uni\u00f3n Europea \u2013 Next Generation","og_url":"https:\/\/www.laguiadepamplona.com\/actualidad\/todo-un-junio-de-actividades-de-animacion-en-los-barrios-vuelve-comercio-hace-ciudad\/","og_site_name":"La Gu\u00eda de Pamplona","article_publisher":"https:\/\/www.facebook.com\/laguiadepamplonacom-133175176762273\/?ref=hl","article_published_time":"2022-05-31T14:49:51+00:00","article_modified_time":"2023-04-11T09:48:07+00:00","og_image":[{"width":2362,"height":1535,"url":"https:\/\/www.laguiadepamplona.com\/actualidad\/wp-content\/uploads\/2022\/05\/comercio-hace-ciudad.webp","type":"image\/webp"}],"author":"La Gu\u00eda de Pamplona","twitter_card":"summary_large_image","twitter_creator":"@LaGuiadPamplona","twitter_site":"@LaGuiadPamplona","twitter_misc":{"Escrito por":"La Gu\u00eda de Pamplona","Tiempo de lectura":"5 minutos"},"schema":{"@context":"https:\/\/schema.org","@graph":[{"@type":"Article","@id":"https:\/\/www.laguiadepamplona.com\/actualidad\/todo-un-junio-de-actividades-de-animacion-en-los-barrios-vuelve-comercio-hace-ciudad\/#article","isPartOf":{"@id":"https:\/\/www.laguiadepamplona.com\/actualidad\/todo-un-junio-de-actividades-de-animacion-en-los-barrios-vuelve-comercio-hace-ciudad\/"},"author":{"name":"La Gu\u00eda de Pamplona","@id":"https:\/\/www.laguiadepamplona.com\/actualidad\/#\/schema\/person\/efe887376f0213d4657c93adc50b1fdb"},"headline":"Todo un junio de actividades de animaci\u00f3n en los barrios: vuelve \u2018Comercio hace ciudad\u2019","datePublished":"2022-05-31T14:49:51+00:00","dateModified":"2023-04-11T09:48:07+00:00","mainEntityOfPage":{"@id":"https:\/\/www.laguiadepamplona.com\/actualidad\/todo-un-junio-de-actividades-de-animacion-en-los-barrios-vuelve-comercio-hace-ciudad\/"},"wordCount":984,"commentCount":0,"publisher":{"@id":"https:\/\/www.laguiadepamplona.com\/actualidad\/#organization"},"image":{"@id":"https:\/\/www.laguiadepamplona.com\/actualidad\/todo-un-junio-de-actividades-de-animacion-en-los-barrios-vuelve-comercio-hace-ciudad\/#primaryimage"},"thumbnailUrl":"https:\/\/www.laguiadepamplona.com\/actualidad\/wp-content\/uploads\/2022\/05\/comercio-hace-ciudad.webp","articleSection":["Ayto Pamplona"],"inLanguage":"es","potentialAction":[{"@type":"CommentAction","name":"Comment","target":["https:\/\/www.laguiadepamplona.com\/actualidad\/todo-un-junio-de-actividades-de-animacion-en-los-barrios-vuelve-comercio-hace-ciudad\/#respond"]}]},{"@type":"WebPage","@id":"https:\/\/www.laguiadepamplona.com\/actualidad\/todo-un-junio-de-actividades-de-animacion-en-los-barrios-vuelve-comercio-hace-ciudad\/","url":"https:\/\/www.laguiadepamplona.com\/actualidad\/todo-un-junio-de-actividades-de-animacion-en-los-barrios-vuelve-comercio-hace-ciudad\/","name":"Todo un junio de actividades de animaci\u00f3n en los barrios: vuelve \u2018Comercio hace ciudad\u2019","isPartOf":{"@id":"https:\/\/www.laguiadepamplona.com\/actualidad\/#website"},"primaryImageOfPage":{"@id":"https:\/\/www.laguiadepamplona.com\/actualidad\/todo-un-junio-de-actividades-de-animacion-en-los-barrios-vuelve-comercio-hace-ciudad\/#primaryimage"},"image":{"@id":"https:\/\/www.laguiadepamplona.com\/actualidad\/todo-un-junio-de-actividades-de-animacion-en-los-barrios-vuelve-comercio-hace-ciudad\/#primaryimage"},"thumbnailUrl":"https:\/\/www.laguiadepamplona.com\/actualidad\/wp-content\/uploads\/2022\/05\/comercio-hace-ciudad.webp","datePublished":"2022-05-31T14:49:51+00:00","dateModified":"2023-04-11T09:48:07+00:00","breadcrumb":{"@id":"https:\/\/www.laguiadepamplona.com\/actualidad\/todo-un-junio-de-actividades-de-animacion-en-los-barrios-vuelve-comercio-hace-ciudad\/#breadcrumb"},"inLanguage":"es","potentialAction":[{"@type":"ReadAction","target":["https:\/\/www.laguiadepamplona.com\/actualidad\/todo-un-junio-de-actividades-de-animacion-en-los-barrios-vuelve-comercio-hace-ciudad\/"]}]},{"@type":"ImageObject","inLanguage":"es","@id":"https:\/\/www.laguiadepamplona.com\/actualidad\/todo-un-junio-de-actividades-de-animacion-en-los-barrios-vuelve-comercio-hace-ciudad\/#primaryimage","url":"https:\/\/www.laguiadepamplona.com\/actualidad\/wp-content\/uploads\/2022\/05\/comercio-hace-ciudad.webp","contentUrl":"https:\/\/www.laguiadepamplona.com\/actualidad\/wp-content\/uploads\/2022\/05\/comercio-hace-ciudad.webp","width":2362,"height":1535},{"@type":"BreadcrumbList","@id":"https:\/\/www.laguiadepamplona.com\/actualidad\/todo-un-junio-de-actividades-de-animacion-en-los-barrios-vuelve-comercio-hace-ciudad\/#breadcrumb","itemListElement":[{"@type":"ListItem","position":1,"name":"Portada","item":"https:\/\/www.laguiadepamplona.com\/actualidad\/"},{"@type":"ListItem","position":2,"name":"Todo un junio de actividades de animaci\u00f3n en los barrios: vuelve \u2018Comercio hace ciudad\u2019"}]},{"@type":"WebSite","@id":"https:\/\/www.laguiadepamplona.com\/actualidad\/#website","url":"https:\/\/www.laguiadepamplona.com\/actualidad\/","name":"La gu\u00eda de Pamplona","description":"Noticias de Pamplona","publisher":{"@id":"https:\/\/www.laguiadepamplona.com\/actualidad\/#organization"},"potentialAction":[{"@type":"SearchAction","target":{"@type":"EntryPoint","urlTemplate":"https:\/\/www.laguiadepamplona.com\/actualidad\/?s={search_term_string}"},"query-input":{"@type":"PropertyValueSpecification","valueRequired":true,"valueName":"search_term_string"}}],"inLanguage":"es"},{"@type":"Organization","@id":"https:\/\/www.laguiadepamplona.com\/actualidad\/#organization","name":"La Gu\u00eda de Pamplona \/ Noticias","url":"https:\/\/www.laguiadepamplona.com\/actualidad\/","logo":{"@type":"ImageObject","inLanguage":"es","@id":"https:\/\/www.laguiadepamplona.com\/actualidad\/#\/schema\/logo\/image\/","url":"https:\/\/www.laguiadepamplona.com\/actualidad\/wp-content\/uploads\/2018\/11\/logo-laguiadepamplona18-web1.png","contentUrl":"https:\/\/www.laguiadepamplona.com\/actualidad\/wp-content\/uploads\/2018\/11\/logo-laguiadepamplona18-web1.png","width":600,"height":196,"caption":"La Gu\u00eda de Pamplona \/ Noticias"},"image":{"@id":"https:\/\/www.laguiadepamplona.com\/actualidad\/#\/schema\/logo\/image\/"},"sameAs":["https:\/\/www.facebook.com\/laguiadepamplonacom-133175176762273\/?ref=hl","https:\/\/x.com\/LaGuiadPamplona","https:\/\/www.instagram.com\/la_guia_de_pamplona\/","https:\/\/www.youtube.com\/user\/laguiadepamplona"]},{"@type":"Person","@id":"https:\/\/www.laguiadepamplona.com\/actualidad\/#\/schema\/person\/efe887376f0213d4657c93adc50b1fdb","name":"La Gu\u00eda de Pamplona","image":{"@type":"ImageObject","inLanguage":"es","@id":"https:\/\/secure.gravatar.com\/avatar\/b6992f131dc8d30ab0dff15446e9d346d9dbd95992de0fef795073f5ea83a81c?s=96&d=mm&r=g","url":"https:\/\/secure.gravatar.com\/avatar\/b6992f131dc8d30ab0dff15446e9d346d9dbd95992de0fef795073f5ea83a81c?s=96&d=mm&r=g","contentUrl":"https:\/\/secure.gravatar.com\/avatar\/b6992f131dc8d30ab0dff15446e9d346d9dbd95992de0fef795073f5ea83a81c?s=96&d=mm&r=g","caption":"La Gu\u00eda de Pamplona"}}]}},"post_mailing_queue_ids":[],"_links":{"self":[{"href":"https:\/\/www.laguiadepamplona.com\/actualidad\/wp-json\/wp\/v2\/posts\/40539","targetHints":{"allow":["GET"]}}],"collection":[{"href":"https:\/\/www.laguiadepamplona.com\/actualidad\/wp-json\/wp\/v2\/posts"}],"about":[{"href":"https:\/\/www.laguiadepamplona.com\/actualidad\/wp-json\/wp\/v2\/types\/post"}],"author":[{"embeddable":true,"href":"https:\/\/www.laguiadepamplona.com\/actualidad\/wp-json\/wp\/v2\/users\/1"}],"replies":[{"embeddable":true,"href":"https:\/\/www.laguiadepamplona.com\/actualidad\/wp-json\/wp\/v2\/comments?post=40539"}],"version-history":[{"count":0,"href":"https:\/\/www.laguiadepamplona.com\/actualidad\/wp-json\/wp\/v2\/posts\/40539\/revisions"}],"wp:featuredmedia":[{"embeddable":true,"href":"https:\/\/www.laguiadepamplona.com\/actualidad\/wp-json\/wp\/v2\/media\/40540"}],"wp:attachment":[{"href":"https:\/\/www.laguiadepamplona.com\/actualidad\/wp-json\/wp\/v2\/media?parent=40539"}],"wp:term":[{"taxonomy":"category","embeddable":true,"href":"https:\/\/www.laguiadepamplona.com\/actualidad\/wp-json\/wp\/v2\/categories?post=40539"},{"taxonomy":"post_tag","embeddable":true,"href":"https:\/\/www.laguiadepamplona.com\/actualidad\/wp-json\/wp\/v2\/tags?post=40539"}],"curies":[{"name":"wp","href":"https:\/\/api.w.org\/{rel}","templated":true}]}}