{"id":40533,"date":"2022-05-31T16:34:09","date_gmt":"2022-05-31T14:34:09","guid":{"rendered":"https:\/\/www.laguiadepamplona.com\/actualidad\/?p=40533"},"modified":"2023-04-11T11:48:07","modified_gmt":"2023-04-11T09:48:07","slug":"el-pleno-del-jueves-tramitara-una-propuesta-de-modificacion-presupuestaria-por-valor-de-106-millones-de-euros","status":"publish","type":"post","link":"https:\/\/www.laguiadepamplona.com\/actualidad\/el-pleno-del-jueves-tramitara-una-propuesta-de-modificacion-presupuestaria-por-valor-de-106-millones-de-euros\/","title":{"rendered":"El Pleno del jueves tramitar\u00e1 una propuesta de modificaci\u00f3n presupuestaria por valor de 10,6 millones de euros"},"content":{"rendered":"<h5>Propone inversiones en movilidad o en dotaciones p\u00fablicas, as\u00ed como gastos para prestaciones de servicios, suministro energ\u00e9tico y subvenciones nominativas<\/h5>\n<p><!--more--><\/p>\n<p>La Comisi\u00f3n de Presidencia ha dado esta ma\u00f1ana el pase a Pleno a una propuesta de modificaci\u00f3n presupuestaria por valor de 10.603.126,70 euros. En ella, se incluyen, como principales partidas, m\u00faltiples gastos en electricidad, gas de calefacci\u00f3n en edificios e instalaciones municipales; financiaci\u00f3n para programas de servicios sociales; as\u00ed como diversos proyectos de inversi\u00f3n en centros educativos, carriles bici, proyectos europeos y actuaciones de urbanismo y v\u00eda p\u00fablica. El pr\u00f3ximo Pleno del Ayuntamiento de Pamplona se celebrar\u00e1 el pr\u00f3ximo jueves 2 de junio, a partir de las 16.30 horas.<\/p>\n<p>Esta modificaci\u00f3n propuesta atiende gastos extraordinarios para los que no existe actualmente cr\u00e9dito suficiente en el Presupuesto del Ayuntamiento de Pamplona de 2022. Esta propuesta se financia con el Remanente de Tesorer\u00eda para Gastos Generales del Ayuntamiento de Pamplona, tras la liquidaci\u00f3n del presupuesto del a\u00f1o pasado. Se incluye una modificaci\u00f3n de 40.000 euros con financiaci\u00f3n europea para el proyecto STARDUST.<br \/>\n<script async src=\"\/\/pagead2.googlesyndication.com\/pagead\/js\/adsbygoogle.js\"><\/script><br \/>\n<!-- Noticias La Guia de Pamplona --><br \/>\n<ins class=\"adsbygoogle\"\nstyle=\"display:block\"\ndata-ad-client=\"ca-pub-6943679897239327\"\ndata-ad-slot=\"7048180777\"\ndata-ad-format=\"auto\"><\/ins><br \/>\n<script>\n(adsbygoogle = window.adsbygoogle || []).push({});\n<\/script><\/p>\n<p><strong>Alza de precios de la energ\u00eda y los suministros<\/strong><\/p>\n<p>La propuesta cuenta con m\u00e1s de 140 nuevas partidas. Agrup\u00e1ndolas por conceptos o \u00e1reas, casi un tercio de los 10,6 millones de euros se corresponden con partidas derivadas a los incrementos de gastos derivados del alza en los precios de suministros y energ\u00eda. En concreto, se cuantifican 3.276.077,38 euros para gastos en electricidad, gas y calefacci\u00f3n de edificios, instalaciones municipales o alumbrado p\u00fablico.<\/p>\n<p>Estas modificaciones prev\u00e9n 1.245.000 euros para servicios sociales, en gastos vinculados a programas como el Servicio de Atenci\u00f3n Domiciliaria, DUO, Centro de Personas Sin Hogar o el Programa de Intervenci\u00f3n Familiar, adem\u00e1s de subvenciones nominativas a la Fundaci\u00f3n Banco de Alimentos, Fundaci\u00f3n Secretariado Gitano o CERMIN, entre otros conceptos. En Acci\u00f3n Comunitaria, 633.720 euros ir\u00e1n para programas deportivos, yoga y gimnasia para mayores, para cooperaci\u00f3n al desarrollo y para patrocinios, adem\u00e1s de para otras partidas del \u00e1rea.<\/p>\n<p>Para Cultura se incluyen 1.045.657 euros para contratos relacionados con gastos en programaci\u00f3n o infraestructuras de cara a San Ferm\u00edn y para subvenciones nominativas a entidades como IPES, Euskaltzaindia, Orfe\u00f3n Pamplon\u00e9s, Cabalgata de Reyes, Olentzero, Casa Sabicas o Casa de Misericordia, entre otras.<br \/>\n<script async src=\"\/\/pagead2.googlesyndication.com\/pagead\/js\/adsbygoogle.js\"><\/script><br \/>\n<!-- Noticias La Guia de Pamplona --><br \/>\n<ins class=\"adsbygoogle\"\nstyle=\"display:block\"\ndata-ad-client=\"ca-pub-6943679897239327\"\ndata-ad-slot=\"7048180777\"\ndata-ad-format=\"auto\"><\/ins><br \/>\n<script>\n(adsbygoogle = window.adsbygoogle || []).push({});\n<\/script><\/p>\n<p><strong>Proyectos de movilidad, sostenibilidad, conservaci\u00f3n urbana\u2026<\/strong><\/p>\n<p>M\u00e1s de un mill\u00f3n de euros, 1.032.450 euros, se destinar\u00e1n a proyectos de movilidad y sostenibilidad. Hay partidas para carriles bici en avenida de Bara\u00f1\u00e1in o Yanguas y Miranda, para cubiertas de juegos infantiles, para arreglos en el tejado del colegio V\u00edctor Pradera \u2013 Paderborn o para el anteproyecto de reurbanizaci\u00f3n de la calle Irunlarrea en Hospitales. Otros 555.581,61 euros se vinculan a Conservaci\u00f3n Urbana a pr\u00f3rrogas de contratos de mantenimiento de la red Civivox, de ascensores en edificios y v\u00eda p\u00fablica o de limpieza viarias, adem\u00e1s de para la redacci\u00f3n del proyecto de reparaci\u00f3n del puente de Oblatas.<\/p>\n<p>El \u00e1rea de Seguridad Ciudadana cuenta una propuesta de 743.000 euros para, entre otros conceptos, adecuaci\u00f3n de plazas para personas con movilidad reducida, limpieza del r\u00edo o pagos por d\u00e9ficits en las notificaciones de multas. En Urbanismo y Sanidad se combinan gastos en mantenimiento de viviendas, inversiones en vivienda de emergencia, mantenimiento de horno y nichos del cementerio, convenio con la Oficina de Mediaci\u00f3n Hipotecaria o programa de marchas n\u00f3rdicas. En total, se prev\u00e9n 213.000 euros.<br \/>\n<script async src=\"\/\/pagead2.googlesyndication.com\/pagead\/js\/adsbygoogle.js\"><\/script><br \/>\n<!-- Noticias La Guia de Pamplona --><br \/>\n<ins class=\"adsbygoogle\"\nstyle=\"display:block\"\ndata-ad-client=\"ca-pub-6943679897239327\"\ndata-ad-slot=\"7048180777\"\ndata-ad-format=\"auto\"><\/ins><br \/>\n<script>\n(adsbygoogle = window.adsbygoogle || []).push({});\n<\/script><\/p>\n<p>En el resto de \u00e1reas municipales, se destinan 142.510,71 euros a Gobierno Estrat\u00e9gico para, entre otros, proyectos Next Generation o proyectos de Stardust; 135.000 euros para programas de Juventud o la antena de la emisora municipales dependientes del \u00e1rea de Educaci\u00f3n, Participaci\u00f3n Ciudadana y Juventud; 119.000 euros para Recursos Humanos; y 50.000 euros m\u00e1s, tanto para gastos de Protocolo como para derramas de comunidades de propietarios. Se incluyen 788.700 euros para gesti\u00f3n urban\u00edstica: cuotas de urbanizaci\u00f3n, aportaciones a juntas de compensaci\u00f3n en desarrollos como el de la Bosch en Buztintxuri, la urbanizaci\u00f3n de Gridillas o Txantrea Sur; y proyecto de colector vinculado a minimizar da\u00f1os de inundaciones. Por \u00faltimo, a Escuelas Infantiles se destinan 573.430 euros para la nueva Escuela Infantil Lezkairu (conceptos de personal y gasto de funcionamiento) y para asumir el alza en el coste de suministros en todas las escuelas.<\/p>\n","protected":false},"excerpt":{"rendered":"<p>Propone inversiones en movilidad o en dotaciones p\u00fablicas, as\u00ed como gastos para prestaciones de servicios, suministro energ\u00e9tico y subvenciones nominativas<\/p>\n","protected":false},"author":1,"featured_media":40534,"comment_status":"open","ping_status":"closed","sticky":false,"template":"","format":"standard","meta":{"footnotes":""},"categories":[2],"tags":[],"class_list":["post-40533","post","type-post","status-publish","format-standard","has-post-thumbnail","hentry","category-ayuntamiento-pamplona"],"yoast_head":"<!-- This site is optimized with the Yoast SEO plugin v27.3 - https:\/\/yoast.com\/product\/yoast-seo-wordpress\/ -->\n<title>El Pleno del jueves tramitar\u00e1 una propuesta de modificaci\u00f3n presupuestaria por valor de 10,6 millones de euros<\/title>\n<meta name=\"description\" content=\"Propone inversiones en movilidad o en dotaciones p\u00fablicas, as\u00ed como gastos para prestaciones de servicios, suministro energ\u00e9tico y subvenciones nominativas\" \/>\n<meta name=\"robots\" content=\"index, follow, max-snippet:-1, max-image-preview:large, max-video-preview:-1\" \/>\n<link rel=\"canonical\" href=\"https:\/\/www.laguiadepamplona.com\/actualidad\/el-pleno-del-jueves-tramitara-una-propuesta-de-modificacion-presupuestaria-por-valor-de-106-millones-de-euros\/\" \/>\n<meta property=\"og:locale\" content=\"es_ES\" \/>\n<meta property=\"og:type\" content=\"article\" \/>\n<meta property=\"og:title\" content=\"El Pleno del jueves tramitar\u00e1 una propuesta de modificaci\u00f3n presupuestaria por valor de 10,6 millones de euros\" \/>\n<meta property=\"og:description\" content=\"Propone inversiones en movilidad o en dotaciones p\u00fablicas, as\u00ed como gastos para prestaciones de servicios, suministro energ\u00e9tico y subvenciones nominativas\" \/>\n<meta property=\"og:url\" content=\"https:\/\/www.laguiadepamplona.com\/actualidad\/el-pleno-del-jueves-tramitara-una-propuesta-de-modificacion-presupuestaria-por-valor-de-106-millones-de-euros\/\" \/>\n<meta property=\"og:site_name\" content=\"La Gu\u00eda de Pamplona\" \/>\n<meta property=\"article:publisher\" content=\"https:\/\/www.facebook.com\/laguiadepamplonacom-133175176762273\/?ref=hl\" \/>\n<meta property=\"article:published_time\" content=\"2022-05-31T14:34:09+00:00\" \/>\n<meta property=\"article:modified_time\" content=\"2023-04-11T09:48:07+00:00\" \/>\n<meta property=\"og:image\" content=\"https:\/\/www.laguiadepamplona.com\/actualidad\/wp-content\/uploads\/2022\/05\/impuesto_economia_cuentas_presupuestos_02.webp\" \/>\n\t<meta property=\"og:image:width\" content=\"1920\" \/>\n\t<meta property=\"og:image:height\" content=\"1280\" \/>\n\t<meta property=\"og:image:type\" content=\"image\/webp\" \/>\n<meta name=\"author\" content=\"La Gu\u00eda de Pamplona\" \/>\n<meta name=\"twitter:card\" content=\"summary_large_image\" \/>\n<meta name=\"twitter:creator\" content=\"@LaGuiadPamplona\" \/>\n<meta name=\"twitter:site\" content=\"@LaGuiadPamplona\" \/>\n<meta name=\"twitter:label1\" content=\"Escrito por\" \/>\n\t<meta name=\"twitter:data1\" content=\"La Gu\u00eda de Pamplona\" \/>\n\t<meta name=\"twitter:label2\" content=\"Tiempo de lectura\" \/>\n\t<meta name=\"twitter:data2\" content=\"4 minutos\" \/>\n<script type=\"application\/ld+json\" class=\"yoast-schema-graph\">{\"@context\":\"https:\\\/\\\/schema.org\",\"@graph\":[{\"@type\":\"Article\",\"@id\":\"https:\\\/\\\/www.laguiadepamplona.com\\\/actualidad\\\/el-pleno-del-jueves-tramitara-una-propuesta-de-modificacion-presupuestaria-por-valor-de-106-millones-de-euros\\\/#article\",\"isPartOf\":{\"@id\":\"https:\\\/\\\/www.laguiadepamplona.com\\\/actualidad\\\/el-pleno-del-jueves-tramitara-una-propuesta-de-modificacion-presupuestaria-por-valor-de-106-millones-de-euros\\\/\"},\"author\":{\"name\":\"La Gu\u00eda de Pamplona\",\"@id\":\"https:\\\/\\\/www.laguiadepamplona.com\\\/actualidad\\\/#\\\/schema\\\/person\\\/efe887376f0213d4657c93adc50b1fdb\"},\"headline\":\"El Pleno del jueves tramitar\u00e1 una propuesta de modificaci\u00f3n presupuestaria por valor de 10,6 millones de euros\",\"datePublished\":\"2022-05-31T14:34:09+00:00\",\"dateModified\":\"2023-04-11T09:48:07+00:00\",\"mainEntityOfPage\":{\"@id\":\"https:\\\/\\\/www.laguiadepamplona.com\\\/actualidad\\\/el-pleno-del-jueves-tramitara-una-propuesta-de-modificacion-presupuestaria-por-valor-de-106-millones-de-euros\\\/\"},\"wordCount\":751,\"commentCount\":0,\"publisher\":{\"@id\":\"https:\\\/\\\/www.laguiadepamplona.com\\\/actualidad\\\/#organization\"},\"image\":{\"@id\":\"https:\\\/\\\/www.laguiadepamplona.com\\\/actualidad\\\/el-pleno-del-jueves-tramitara-una-propuesta-de-modificacion-presupuestaria-por-valor-de-106-millones-de-euros\\\/#primaryimage\"},\"thumbnailUrl\":\"https:\\\/\\\/www.laguiadepamplona.com\\\/actualidad\\\/wp-content\\\/uploads\\\/2022\\\/05\\\/impuesto_economia_cuentas_presupuestos_02.webp\",\"articleSection\":[\"Ayto Pamplona\"],\"inLanguage\":\"es\",\"potentialAction\":[{\"@type\":\"CommentAction\",\"name\":\"Comment\",\"target\":[\"https:\\\/\\\/www.laguiadepamplona.com\\\/actualidad\\\/el-pleno-del-jueves-tramitara-una-propuesta-de-modificacion-presupuestaria-por-valor-de-106-millones-de-euros\\\/#respond\"]}]},{\"@type\":\"WebPage\",\"@id\":\"https:\\\/\\\/www.laguiadepamplona.com\\\/actualidad\\\/el-pleno-del-jueves-tramitara-una-propuesta-de-modificacion-presupuestaria-por-valor-de-106-millones-de-euros\\\/\",\"url\":\"https:\\\/\\\/www.laguiadepamplona.com\\\/actualidad\\\/el-pleno-del-jueves-tramitara-una-propuesta-de-modificacion-presupuestaria-por-valor-de-106-millones-de-euros\\\/\",\"name\":\"El Pleno del jueves tramitar\u00e1 una propuesta de modificaci\u00f3n presupuestaria por valor de 10,6 millones de euros\",\"isPartOf\":{\"@id\":\"https:\\\/\\\/www.laguiadepamplona.com\\\/actualidad\\\/#website\"},\"primaryImageOfPage\":{\"@id\":\"https:\\\/\\\/www.laguiadepamplona.com\\\/actualidad\\\/el-pleno-del-jueves-tramitara-una-propuesta-de-modificacion-presupuestaria-por-valor-de-106-millones-de-euros\\\/#primaryimage\"},\"image\":{\"@id\":\"https:\\\/\\\/www.laguiadepamplona.com\\\/actualidad\\\/el-pleno-del-jueves-tramitara-una-propuesta-de-modificacion-presupuestaria-por-valor-de-106-millones-de-euros\\\/#primaryimage\"},\"thumbnailUrl\":\"https:\\\/\\\/www.laguiadepamplona.com\\\/actualidad\\\/wp-content\\\/uploads\\\/2022\\\/05\\\/impuesto_economia_cuentas_presupuestos_02.webp\",\"datePublished\":\"2022-05-31T14:34:09+00:00\",\"dateModified\":\"2023-04-11T09:48:07+00:00\",\"description\":\"Propone inversiones en movilidad o en dotaciones p\u00fablicas, as\u00ed como gastos para prestaciones de servicios, suministro energ\u00e9tico y subvenciones nominativas\",\"breadcrumb\":{\"@id\":\"https:\\\/\\\/www.laguiadepamplona.com\\\/actualidad\\\/el-pleno-del-jueves-tramitara-una-propuesta-de-modificacion-presupuestaria-por-valor-de-106-millones-de-euros\\\/#breadcrumb\"},\"inLanguage\":\"es\",\"potentialAction\":[{\"@type\":\"ReadAction\",\"target\":[\"https:\\\/\\\/www.laguiadepamplona.com\\\/actualidad\\\/el-pleno-del-jueves-tramitara-una-propuesta-de-modificacion-presupuestaria-por-valor-de-106-millones-de-euros\\\/\"]}]},{\"@type\":\"ImageObject\",\"inLanguage\":\"es\",\"@id\":\"https:\\\/\\\/www.laguiadepamplona.com\\\/actualidad\\\/el-pleno-del-jueves-tramitara-una-propuesta-de-modificacion-presupuestaria-por-valor-de-106-millones-de-euros\\\/#primaryimage\",\"url\":\"https:\\\/\\\/www.laguiadepamplona.com\\\/actualidad\\\/wp-content\\\/uploads\\\/2022\\\/05\\\/impuesto_economia_cuentas_presupuestos_02.webp\",\"contentUrl\":\"https:\\\/\\\/www.laguiadepamplona.com\\\/actualidad\\\/wp-content\\\/uploads\\\/2022\\\/05\\\/impuesto_economia_cuentas_presupuestos_02.webp\",\"width\":1920,\"height\":1280},{\"@type\":\"BreadcrumbList\",\"@id\":\"https:\\\/\\\/www.laguiadepamplona.com\\\/actualidad\\\/el-pleno-del-jueves-tramitara-una-propuesta-de-modificacion-presupuestaria-por-valor-de-106-millones-de-euros\\\/#breadcrumb\",\"itemListElement\":[{\"@type\":\"ListItem\",\"position\":1,\"name\":\"Portada\",\"item\":\"https:\\\/\\\/www.laguiadepamplona.com\\\/actualidad\\\/\"},{\"@type\":\"ListItem\",\"position\":2,\"name\":\"El Pleno del jueves tramitar\u00e1 una propuesta de modificaci\u00f3n presupuestaria por valor de 10,6 millones de euros\"}]},{\"@type\":\"WebSite\",\"@id\":\"https:\\\/\\\/www.laguiadepamplona.com\\\/actualidad\\\/#website\",\"url\":\"https:\\\/\\\/www.laguiadepamplona.com\\\/actualidad\\\/\",\"name\":\"La gu\u00eda de Pamplona\",\"description\":\"Noticias de Pamplona\",\"publisher\":{\"@id\":\"https:\\\/\\\/www.laguiadepamplona.com\\\/actualidad\\\/#organization\"},\"potentialAction\":[{\"@type\":\"SearchAction\",\"target\":{\"@type\":\"EntryPoint\",\"urlTemplate\":\"https:\\\/\\\/www.laguiadepamplona.com\\\/actualidad\\\/?s={search_term_string}\"},\"query-input\":{\"@type\":\"PropertyValueSpecification\",\"valueRequired\":true,\"valueName\":\"search_term_string\"}}],\"inLanguage\":\"es\"},{\"@type\":\"Organization\",\"@id\":\"https:\\\/\\\/www.laguiadepamplona.com\\\/actualidad\\\/#organization\",\"name\":\"La Gu\u00eda de Pamplona \\\/ Noticias\",\"url\":\"https:\\\/\\\/www.laguiadepamplona.com\\\/actualidad\\\/\",\"logo\":{\"@type\":\"ImageObject\",\"inLanguage\":\"es\",\"@id\":\"https:\\\/\\\/www.laguiadepamplona.com\\\/actualidad\\\/#\\\/schema\\\/logo\\\/image\\\/\",\"url\":\"https:\\\/\\\/www.laguiadepamplona.com\\\/actualidad\\\/wp-content\\\/uploads\\\/2018\\\/11\\\/logo-laguiadepamplona18-web1.png\",\"contentUrl\":\"https:\\\/\\\/www.laguiadepamplona.com\\\/actualidad\\\/wp-content\\\/uploads\\\/2018\\\/11\\\/logo-laguiadepamplona18-web1.png\",\"width\":600,\"height\":196,\"caption\":\"La Gu\u00eda de Pamplona \\\/ Noticias\"},\"image\":{\"@id\":\"https:\\\/\\\/www.laguiadepamplona.com\\\/actualidad\\\/#\\\/schema\\\/logo\\\/image\\\/\"},\"sameAs\":[\"https:\\\/\\\/www.facebook.com\\\/laguiadepamplonacom-133175176762273\\\/?ref=hl\",\"https:\\\/\\\/x.com\\\/LaGuiadPamplona\",\"https:\\\/\\\/www.instagram.com\\\/la_guia_de_pamplona\\\/\",\"https:\\\/\\\/www.youtube.com\\\/user\\\/laguiadepamplona\"]},{\"@type\":\"Person\",\"@id\":\"https:\\\/\\\/www.laguiadepamplona.com\\\/actualidad\\\/#\\\/schema\\\/person\\\/efe887376f0213d4657c93adc50b1fdb\",\"name\":\"La Gu\u00eda de Pamplona\",\"image\":{\"@type\":\"ImageObject\",\"inLanguage\":\"es\",\"@id\":\"https:\\\/\\\/secure.gravatar.com\\\/avatar\\\/b6992f131dc8d30ab0dff15446e9d346d9dbd95992de0fef795073f5ea83a81c?s=96&d=mm&r=g\",\"url\":\"https:\\\/\\\/secure.gravatar.com\\\/avatar\\\/b6992f131dc8d30ab0dff15446e9d346d9dbd95992de0fef795073f5ea83a81c?s=96&d=mm&r=g\",\"contentUrl\":\"https:\\\/\\\/secure.gravatar.com\\\/avatar\\\/b6992f131dc8d30ab0dff15446e9d346d9dbd95992de0fef795073f5ea83a81c?s=96&d=mm&r=g\",\"caption\":\"La Gu\u00eda de Pamplona\"}}]}<\/script>\n<!-- \/ Yoast SEO plugin. -->","yoast_head_json":{"title":"El Pleno del jueves tramitar\u00e1 una propuesta de modificaci\u00f3n presupuestaria por valor de 10,6 millones de euros","description":"Propone inversiones en movilidad o en dotaciones p\u00fablicas, as\u00ed como gastos para prestaciones de servicios, suministro energ\u00e9tico y subvenciones nominativas","robots":{"index":"index","follow":"follow","max-snippet":"max-snippet:-1","max-image-preview":"max-image-preview:large","max-video-preview":"max-video-preview:-1"},"canonical":"https:\/\/www.laguiadepamplona.com\/actualidad\/el-pleno-del-jueves-tramitara-una-propuesta-de-modificacion-presupuestaria-por-valor-de-106-millones-de-euros\/","og_locale":"es_ES","og_type":"article","og_title":"El Pleno del jueves tramitar\u00e1 una propuesta de modificaci\u00f3n presupuestaria por valor de 10,6 millones de euros","og_description":"Propone inversiones en movilidad o en dotaciones p\u00fablicas, as\u00ed como gastos para prestaciones de servicios, suministro energ\u00e9tico y subvenciones nominativas","og_url":"https:\/\/www.laguiadepamplona.com\/actualidad\/el-pleno-del-jueves-tramitara-una-propuesta-de-modificacion-presupuestaria-por-valor-de-106-millones-de-euros\/","og_site_name":"La Gu\u00eda de Pamplona","article_publisher":"https:\/\/www.facebook.com\/laguiadepamplonacom-133175176762273\/?ref=hl","article_published_time":"2022-05-31T14:34:09+00:00","article_modified_time":"2023-04-11T09:48:07+00:00","og_image":[{"width":1920,"height":1280,"url":"https:\/\/www.laguiadepamplona.com\/actualidad\/wp-content\/uploads\/2022\/05\/impuesto_economia_cuentas_presupuestos_02.webp","type":"image\/webp"}],"author":"La Gu\u00eda de Pamplona","twitter_card":"summary_large_image","twitter_creator":"@LaGuiadPamplona","twitter_site":"@LaGuiadPamplona","twitter_misc":{"Escrito por":"La Gu\u00eda de Pamplona","Tiempo de lectura":"4 minutos"},"schema":{"@context":"https:\/\/schema.org","@graph":[{"@type":"Article","@id":"https:\/\/www.laguiadepamplona.com\/actualidad\/el-pleno-del-jueves-tramitara-una-propuesta-de-modificacion-presupuestaria-por-valor-de-106-millones-de-euros\/#article","isPartOf":{"@id":"https:\/\/www.laguiadepamplona.com\/actualidad\/el-pleno-del-jueves-tramitara-una-propuesta-de-modificacion-presupuestaria-por-valor-de-106-millones-de-euros\/"},"author":{"name":"La Gu\u00eda de Pamplona","@id":"https:\/\/www.laguiadepamplona.com\/actualidad\/#\/schema\/person\/efe887376f0213d4657c93adc50b1fdb"},"headline":"El Pleno del jueves tramitar\u00e1 una propuesta de modificaci\u00f3n presupuestaria por valor de 10,6 millones de euros","datePublished":"2022-05-31T14:34:09+00:00","dateModified":"2023-04-11T09:48:07+00:00","mainEntityOfPage":{"@id":"https:\/\/www.laguiadepamplona.com\/actualidad\/el-pleno-del-jueves-tramitara-una-propuesta-de-modificacion-presupuestaria-por-valor-de-106-millones-de-euros\/"},"wordCount":751,"commentCount":0,"publisher":{"@id":"https:\/\/www.laguiadepamplona.com\/actualidad\/#organization"},"image":{"@id":"https:\/\/www.laguiadepamplona.com\/actualidad\/el-pleno-del-jueves-tramitara-una-propuesta-de-modificacion-presupuestaria-por-valor-de-106-millones-de-euros\/#primaryimage"},"thumbnailUrl":"https:\/\/www.laguiadepamplona.com\/actualidad\/wp-content\/uploads\/2022\/05\/impuesto_economia_cuentas_presupuestos_02.webp","articleSection":["Ayto Pamplona"],"inLanguage":"es","potentialAction":[{"@type":"CommentAction","name":"Comment","target":["https:\/\/www.laguiadepamplona.com\/actualidad\/el-pleno-del-jueves-tramitara-una-propuesta-de-modificacion-presupuestaria-por-valor-de-106-millones-de-euros\/#respond"]}]},{"@type":"WebPage","@id":"https:\/\/www.laguiadepamplona.com\/actualidad\/el-pleno-del-jueves-tramitara-una-propuesta-de-modificacion-presupuestaria-por-valor-de-106-millones-de-euros\/","url":"https:\/\/www.laguiadepamplona.com\/actualidad\/el-pleno-del-jueves-tramitara-una-propuesta-de-modificacion-presupuestaria-por-valor-de-106-millones-de-euros\/","name":"El Pleno del jueves tramitar\u00e1 una propuesta de modificaci\u00f3n presupuestaria por valor de 10,6 millones de euros","isPartOf":{"@id":"https:\/\/www.laguiadepamplona.com\/actualidad\/#website"},"primaryImageOfPage":{"@id":"https:\/\/www.laguiadepamplona.com\/actualidad\/el-pleno-del-jueves-tramitara-una-propuesta-de-modificacion-presupuestaria-por-valor-de-106-millones-de-euros\/#primaryimage"},"image":{"@id":"https:\/\/www.laguiadepamplona.com\/actualidad\/el-pleno-del-jueves-tramitara-una-propuesta-de-modificacion-presupuestaria-por-valor-de-106-millones-de-euros\/#primaryimage"},"thumbnailUrl":"https:\/\/www.laguiadepamplona.com\/actualidad\/wp-content\/uploads\/2022\/05\/impuesto_economia_cuentas_presupuestos_02.webp","datePublished":"2022-05-31T14:34:09+00:00","dateModified":"2023-04-11T09:48:07+00:00","description":"Propone inversiones en movilidad o en dotaciones p\u00fablicas, as\u00ed como gastos para prestaciones de servicios, suministro energ\u00e9tico y subvenciones nominativas","breadcrumb":{"@id":"https:\/\/www.laguiadepamplona.com\/actualidad\/el-pleno-del-jueves-tramitara-una-propuesta-de-modificacion-presupuestaria-por-valor-de-106-millones-de-euros\/#breadcrumb"},"inLanguage":"es","potentialAction":[{"@type":"ReadAction","target":["https:\/\/www.laguiadepamplona.com\/actualidad\/el-pleno-del-jueves-tramitara-una-propuesta-de-modificacion-presupuestaria-por-valor-de-106-millones-de-euros\/"]}]},{"@type":"ImageObject","inLanguage":"es","@id":"https:\/\/www.laguiadepamplona.com\/actualidad\/el-pleno-del-jueves-tramitara-una-propuesta-de-modificacion-presupuestaria-por-valor-de-106-millones-de-euros\/#primaryimage","url":"https:\/\/www.laguiadepamplona.com\/actualidad\/wp-content\/uploads\/2022\/05\/impuesto_economia_cuentas_presupuestos_02.webp","contentUrl":"https:\/\/www.laguiadepamplona.com\/actualidad\/wp-content\/uploads\/2022\/05\/impuesto_economia_cuentas_presupuestos_02.webp","width":1920,"height":1280},{"@type":"BreadcrumbList","@id":"https:\/\/www.laguiadepamplona.com\/actualidad\/el-pleno-del-jueves-tramitara-una-propuesta-de-modificacion-presupuestaria-por-valor-de-106-millones-de-euros\/#breadcrumb","itemListElement":[{"@type":"ListItem","position":1,"name":"Portada","item":"https:\/\/www.laguiadepamplona.com\/actualidad\/"},{"@type":"ListItem","position":2,"name":"El Pleno del jueves tramitar\u00e1 una propuesta de modificaci\u00f3n presupuestaria por valor de 10,6 millones de euros"}]},{"@type":"WebSite","@id":"https:\/\/www.laguiadepamplona.com\/actualidad\/#website","url":"https:\/\/www.laguiadepamplona.com\/actualidad\/","name":"La gu\u00eda de Pamplona","description":"Noticias de Pamplona","publisher":{"@id":"https:\/\/www.laguiadepamplona.com\/actualidad\/#organization"},"potentialAction":[{"@type":"SearchAction","target":{"@type":"EntryPoint","urlTemplate":"https:\/\/www.laguiadepamplona.com\/actualidad\/?s={search_term_string}"},"query-input":{"@type":"PropertyValueSpecification","valueRequired":true,"valueName":"search_term_string"}}],"inLanguage":"es"},{"@type":"Organization","@id":"https:\/\/www.laguiadepamplona.com\/actualidad\/#organization","name":"La Gu\u00eda de Pamplona \/ Noticias","url":"https:\/\/www.laguiadepamplona.com\/actualidad\/","logo":{"@type":"ImageObject","inLanguage":"es","@id":"https:\/\/www.laguiadepamplona.com\/actualidad\/#\/schema\/logo\/image\/","url":"https:\/\/www.laguiadepamplona.com\/actualidad\/wp-content\/uploads\/2018\/11\/logo-laguiadepamplona18-web1.png","contentUrl":"https:\/\/www.laguiadepamplona.com\/actualidad\/wp-content\/uploads\/2018\/11\/logo-laguiadepamplona18-web1.png","width":600,"height":196,"caption":"La Gu\u00eda de Pamplona \/ Noticias"},"image":{"@id":"https:\/\/www.laguiadepamplona.com\/actualidad\/#\/schema\/logo\/image\/"},"sameAs":["https:\/\/www.facebook.com\/laguiadepamplonacom-133175176762273\/?ref=hl","https:\/\/x.com\/LaGuiadPamplona","https:\/\/www.instagram.com\/la_guia_de_pamplona\/","https:\/\/www.youtube.com\/user\/laguiadepamplona"]},{"@type":"Person","@id":"https:\/\/www.laguiadepamplona.com\/actualidad\/#\/schema\/person\/efe887376f0213d4657c93adc50b1fdb","name":"La Gu\u00eda de Pamplona","image":{"@type":"ImageObject","inLanguage":"es","@id":"https:\/\/secure.gravatar.com\/avatar\/b6992f131dc8d30ab0dff15446e9d346d9dbd95992de0fef795073f5ea83a81c?s=96&d=mm&r=g","url":"https:\/\/secure.gravatar.com\/avatar\/b6992f131dc8d30ab0dff15446e9d346d9dbd95992de0fef795073f5ea83a81c?s=96&d=mm&r=g","contentUrl":"https:\/\/secure.gravatar.com\/avatar\/b6992f131dc8d30ab0dff15446e9d346d9dbd95992de0fef795073f5ea83a81c?s=96&d=mm&r=g","caption":"La Gu\u00eda de Pamplona"}}]}},"post_mailing_queue_ids":[],"_links":{"self":[{"href":"https:\/\/www.laguiadepamplona.com\/actualidad\/wp-json\/wp\/v2\/posts\/40533","targetHints":{"allow":["GET"]}}],"collection":[{"href":"https:\/\/www.laguiadepamplona.com\/actualidad\/wp-json\/wp\/v2\/posts"}],"about":[{"href":"https:\/\/www.laguiadepamplona.com\/actualidad\/wp-json\/wp\/v2\/types\/post"}],"author":[{"embeddable":true,"href":"https:\/\/www.laguiadepamplona.com\/actualidad\/wp-json\/wp\/v2\/users\/1"}],"replies":[{"embeddable":true,"href":"https:\/\/www.laguiadepamplona.com\/actualidad\/wp-json\/wp\/v2\/comments?post=40533"}],"version-history":[{"count":0,"href":"https:\/\/www.laguiadepamplona.com\/actualidad\/wp-json\/wp\/v2\/posts\/40533\/revisions"}],"wp:featuredmedia":[{"embeddable":true,"href":"https:\/\/www.laguiadepamplona.com\/actualidad\/wp-json\/wp\/v2\/media\/40534"}],"wp:attachment":[{"href":"https:\/\/www.laguiadepamplona.com\/actualidad\/wp-json\/wp\/v2\/media?parent=40533"}],"wp:term":[{"taxonomy":"category","embeddable":true,"href":"https:\/\/www.laguiadepamplona.com\/actualidad\/wp-json\/wp\/v2\/categories?post=40533"},{"taxonomy":"post_tag","embeddable":true,"href":"https:\/\/www.laguiadepamplona.com\/actualidad\/wp-json\/wp\/v2\/tags?post=40533"}],"curies":[{"name":"wp","href":"https:\/\/api.w.org\/{rel}","templated":true}]}}