{"id":40528,"date":"2022-05-31T16:29:18","date_gmt":"2022-05-31T14:29:18","guid":{"rendered":"https:\/\/www.laguiadepamplona.com\/actualidad\/?p=40528"},"modified":"2023-04-11T11:48:07","modified_gmt":"2023-04-11T09:48:07","slug":"el-ayuntamiento-ya-ha-preparado-chancletas-con-planes-para-el-verano-de-las-personas-jovenes-de-la-ciudad","status":"publish","type":"post","link":"https:\/\/www.laguiadepamplona.com\/actualidad\/el-ayuntamiento-ya-ha-preparado-chancletas-con-planes-para-el-verano-de-las-personas-jovenes-de-la-ciudad\/","title":{"rendered":"El Ayuntamiento ya ha preparado \u2018Chancletas\u2019 con planes para el verano de las personas j\u00f3venes de la ciudad"},"content":{"rendered":"<h5>La tarde del 13 de junio comienza el plazo de inscripci\u00f3n para actividades de ocio, deporte y aventura que se desarrollar\u00e1n entre junio y septiembre<\/h5>\n<p><!--more--><\/p>\n<p><a href=\"https:\/\/www.laguiadepamplona.com\/actualidad\/wp-content\/uploads\/2022\/05\/cartelfcastellano.webp\"><img loading=\"lazy\" decoding=\"async\" class=\"alignleft size-medium wp-image-40529\" src=\"https:\/\/www.laguiadepamplona.com\/actualidad\/wp-content\/uploads\/2022\/05\/cartelfcastellano-212x300.webp\" alt=\"\" width=\"212\" height=\"300\" srcset=\"https:\/\/www.laguiadepamplona.com\/actualidad\/wp-content\/uploads\/2022\/05\/cartelfcastellano-212x300.webp 212w, https:\/\/www.laguiadepamplona.com\/actualidad\/wp-content\/uploads\/2022\/05\/cartelfcastellano-482x682.webp 482w, https:\/\/www.laguiadepamplona.com\/actualidad\/wp-content\/uploads\/2022\/05\/cartelfcastellano-768x1086.webp 768w, https:\/\/www.laguiadepamplona.com\/actualidad\/wp-content\/uploads\/2022\/05\/cartelfcastellano-1086x1536.webp 1086w, https:\/\/www.laguiadepamplona.com\/actualidad\/wp-content\/uploads\/2022\/05\/cartelfcastellano-640x905.webp 640w, https:\/\/www.laguiadepamplona.com\/actualidad\/wp-content\/uploads\/2022\/05\/cartelfcastellano.webp 1358w\" sizes=\"auto, (max-width: 212px) 100vw, 212px\" \/><\/a>El programa de ocio juvenil del Ayuntamiento de Pamplona \u2018Chancletas\u2019 vuelve este verano incorporando nuevas actividades deportivas como descenso de ca\u00f1ones o senderismo, o talleres novedosos como \u2018Percusi\u00f3n corporal y cotidi\u00f3fonos\u2019; tambi\u00e9n manteniendo propuestas relacionadas con la bici o excursiones de d\u00eda y, por supuesto, repitiendo las actividades que m\u00e1s acogida han tenido en a\u00f1os anteriores, como son las 1.300 pases de cine a un euro, los paseos a caballo, las sesiones en piscina de bautismo de buceo o la escalada sostenible, en las que se incrementan plazas hasta llegar a los 745 bonos. Y de nuevo, la Casa de la Juventud ofrecer\u00e1 actividades diarias gratuitas en cuanto acaben las fiestas de San Ferm\u00edn en la propuesta de \u2018Cada d\u00eda un plan\u2019, hasta llegar a las 31 sesiones.<\/p>\n<p>Es la oferta de ocio de este verano del Ayuntamiento de Pamplona para personas de14 a 30 a\u00f1os. Esta ma\u00f1ana la presentaba el concejal delegado de Educaci\u00f3n Participaci\u00f3n Ciudadana y Juventud, Fernando Sesma, en una comparecencia p\u00fablica en la que la concejala de Servicios Sociales, Acci\u00f3n Comunitaria y Deporte, Mar\u00eda Caballero, hac\u00eda eso mismo con la programaci\u00f3n destinada a la infancia de la ciudad.<\/p>\n<p>En esta programaci\u00f3n hay actividades gratuitas y el resto oscila entre el \u2018Cine a 1 euro\u2019, los bonos de actividad a 5 euros y, en el caso de excursiones que requieran traslado, 15 euros. A partir de la tarde del 13 de junio se abrir\u00e1 el plazo para que las y los j\u00f3venes empadronados puedan solicitar plazas del programa; el 20 de junio, sobre los bonos y entradas no retiradas, se abrir\u00e1 la iniciativa a personas j\u00f3venes no empadronadas en la ciudad.<\/p>\n<p>La inscripci\u00f3n deber\u00e1 hacerse de forma presencial en la Casa de la Juventud (calle Sang\u00fcesa,30) presentando el DNI. Para poder participar, los menores de edad deber\u00e1n contar con una autorizaci\u00f3n escrita cuyo modelo estar\u00e1 disponible en la propia Casa.<br \/>\n<script async src=\"\/\/pagead2.googlesyndication.com\/pagead\/js\/adsbygoogle.js\"><\/script><br \/>\n<!-- Noticias La Guia de Pamplona --><br \/>\n<ins class=\"adsbygoogle\"\nstyle=\"display:block\"\ndata-ad-client=\"ca-pub-6943679897239327\"\ndata-ad-slot=\"7048180777\"\ndata-ad-format=\"auto\"><\/ins><br \/>\n<script>\n(adsbygoogle = window.adsbygoogle || []).push({});\n<\/script><\/p>\n<p><strong>Las actividades que m\u00e1s r\u00e1pidamente se agotan<\/strong><\/p>\n<p>Cada a\u00f1o el \u2018Cine a 1 euro\u2019 agota entradas. De nuevo en 2022 se ofrecer\u00e1n tiques para 1.300 sesiones que se podr\u00e1n canjear en las taquillas de los cines Golem Baiona y Golem Yamaguchi, para cualquier pel\u00edcula que est\u00e9 en cartelera entre el 20 de junio y el 20 de septiembre.<\/p>\n<p>Pero, adem\u00e1s, las plazas para actividades deportivas se incrementan un 5,6% hasta llegar a las 745 en cinco modalidades, cuyas sesiones duran entre 60 y 120 minutos. Dada su acogida, por tercer a\u00f1o consecutivo se vuelven a ofrecer paseos a caballo, adem\u00e1s de cama el\u00e1stica en Salting Iru\u00f1a, bautismo de buceo en Aranzadi y Pirag\u00fcismo en el Molino de Caparroso. El aumento de 40 plazas se produce en la actividad de escalada sostenible en Roc\u00f3polis, que entr\u00f3 a formar parte de la oferta en 2021.<\/p>\n<p>Escalada sostenible (120 plazas) es la \u00fanica actividad con citas prefijadas: 29 de junio, 27 de julio, 17 de agosto y 7 de septiembre, en sesiones de 120 minutos que incluyen escalada vertical, rapel y boulder dinamizada por monitorado especializado. El resto de actividades deportivas funcionan, como es habitual, mediante la adquisici\u00f3n de bonos a 5 euros que se podr\u00e1n canjear entre el 20 de junio y el 20 de septiembre en los lugares donde se desarrolla la propuesta, acordando el horario con la instalaci\u00f3n.<br \/>\n<script async src=\"\/\/pagead2.googlesyndication.com\/pagead\/js\/adsbygoogle.js\"><\/script><br \/>\n<!-- Noticias La Guia de Pamplona --><br \/>\n<ins class=\"adsbygoogle\"\nstyle=\"display:block\"\ndata-ad-client=\"ca-pub-6943679897239327\"\ndata-ad-slot=\"7048180777\"\ndata-ad-format=\"auto\"><\/ins><br \/>\n<script>\n(adsbygoogle = window.adsbygoogle || []).push({});\n<\/script><\/p>\n<p><strong>Cotidi\u00f3fonos, escape y excursiones<\/strong><\/p>\n<p>Hacer m\u00fasica no requiere de grandes inversiones en instrumentos. Lo demostrar\u00e1 el percusionista, bailar\u00edn, actor y pedagogo Txus Egu\u00edlaz la semana del 29 de agosto a las 20 personas que decidan participar en su \u2018Taller de Percusi\u00f3n corporal y cotidiofonos\u2019 (10 horas de duraci\u00f3n). La percusi\u00f3n corporal es el arte de golpear el cuerpo para producir sonidos; es una t\u00e9cnica que usan los m\u00e9dicos desde antiguo, pero tambi\u00e9n los m\u00fasicos de todas las culturas. Los cotidi\u00e1fonos son tambi\u00e9n instrumentos, pero en este caso se fabrican con materiales y objetos de uso cotidiano que se pueden encontrar en el d\u00eda a d\u00eda: desde latas a botellas, pasando por cajas con cuerdas o tubos rellenos de diferentes alimentos.<\/p>\n<p>Y en \u2018Chancletas 2022\u2019 vuelven los escapes m\u00e1s j\u00f3venes de redescubrimiento de la ciudad con \u2018\u00bfQu\u00e9 es the city?\u2019. De nuevo la propuesta es de Escape The City Pamplona, una empresa joven procedente de las subvenciones municipales al emprendimiento. Hasta 125 personas de 14 a 30 a\u00f1os podr\u00e1n participar en esta actividad entre el 20 de junio y el 20 de septiembre en grupos de un m\u00ednimo de 4 personas. Su precio: 5 euros por plaza.<\/p>\n<p>Pero la propuesta municipal busca ampliar horizontes m\u00e1s all\u00e1 de la ciudad y, dada la buena acogida del a\u00f1o pasado, va a ofrecer un conjunto de recorridos a medio camino entre oferta cultural y de aventura que requieren trasladarse a los alrededores de Pamplona. Todas tendr\u00e1n lugar en s\u00e1bado y el n\u00famero de plazas oscilar\u00e1 entre las 30 y 50, dependiendo de la actividad (podr\u00e1n suspenderse si no se alcanza el grupo m\u00ednimo). Habr\u00e1 jornadas en los parques de Sendaviva e Irisarri Land (25 de junio y 27 de agosto) y tambi\u00e9n se har\u00e1 un recorrido en balsa neum\u00e1tica por el Irati en la Foz de Lumbier y una ruta BTT por la V\u00eda Eurovelo 1 los d\u00edas 5 de agosto y 3 de septiembre, respectivamente. Estas excursiones, que llevan aparejados traslados, tendr\u00e1n un precio de 15 euros por plaza.<br \/>\n<script async src=\"\/\/pagead2.googlesyndication.com\/pagead\/js\/adsbygoogle.js\"><\/script><br \/>\n<!-- Noticias La Guia de Pamplona --><br \/>\n<ins class=\"adsbygoogle\"\nstyle=\"display:block\"\ndata-ad-client=\"ca-pub-6943679897239327\"\ndata-ad-slot=\"7048180777\"\ndata-ad-format=\"auto\"><\/ins><br \/>\n<script>\n(adsbygoogle = window.adsbygoogle || []).push({});\n<\/script><\/p>\n<p><strong>Tres quincenas de actividades gratuitas en la Casa<\/strong><\/p>\n<p>Por tercer a\u00f1o consecutivo arrancar\u00e1 tras los Sanfermines la propuesta de actividades gratuitas de lunes a viernes en la Casa de la Juventud. \u2018Cada d\u00eda un plan\u2019 se desarrollar\u00e1 desde el 18 de julio, de lunes a viernes laborables, en horario de 19 a 20.30 horas. Hasta finales de agosto se ir\u00e1n sucediendo sesiones de contenidos variados hasta llegar a 31 propuestas. Para participar, quienes est\u00e9n interesados tendr\u00e1n que inscribirse antes del comienzo de la sesi\u00f3n (el plazo de inscripci\u00f3n se abrir\u00e1 el d\u00eda anterior).<\/p>\n<p>Entre las propuestas se podr\u00e1 aprender a realizar diferentes t\u00e9cnicas de manualidades; bailes de diversos estilos, magia, improvisaci\u00f3n teatral; talleres de inteligencia emocional y diversidad afectiva; rap y poes\u00eda, entre otras. Este \u2018men\u00fa degustaci\u00f3n\u2019 tiene la virtualidad de permitir \u201cprobar\u201d diversos tipos de actividades para encontrar nuevos hobbies. Y si es del gusto de la persona participante, no hay que olvidar que muchas de estas actividades tienen continuidad en la programaci\u00f3n estable de primavera, oto\u00f1o e invierno de la Casa de la Juventud.<\/p>\n[qodef_button size=\u00bblarge\u00bb type=\u00bb\u00bb text=\u00bbFolleto Chancletas.pdf\u00bb custom_class=\u00bb\u00bb icon_pack=\u00bbfont_elegant\u00bb fa_icon=\u00bbicon_download\u00bb link=\u00bbhttps:\/\/www.pamplona.es\/sites\/default\/files\/2022-05\/castellanofolleto.pdf\u00bb target=\u00bb_blank\u00bb color=\u00bbffffff\u00bb hover_color=\u00bb\u00bb background_color=\u00bb\u00bb hover_background_color=\u00bb\u00bb border_color=\u00bb\u00bb hover_border_color=\u00bb\u00bb font_size=\u00bb\u00bb font_weight=\u00bb\u00bb margin=\u00bb\u00bb]\n","protected":false},"excerpt":{"rendered":"<p>La tarde del 13 de junio comienza el plazo de inscripci\u00f3n para actividades de ocio, deporte y aventura que se desarrollar\u00e1n entre junio y septiembre<\/p>\n","protected":false},"author":1,"featured_media":23521,"comment_status":"open","ping_status":"closed","sticky":false,"template":"","format":"standard","meta":{"footnotes":""},"categories":[2],"tags":[],"class_list":["post-40528","post","type-post","status-publish","format-standard","has-post-thumbnail","hentry","category-ayuntamiento-pamplona"],"yoast_head":"<!-- This site is optimized with the Yoast SEO plugin v27.3 - https:\/\/yoast.com\/product\/yoast-seo-wordpress\/ -->\n<title>El Ayuntamiento ya ha preparado \u2018Chancletas\u2019 con planes para el verano de las personas j\u00f3venes de la ciudad<\/title>\n<meta name=\"description\" content=\"La tarde del 13 de junio comienza el plazo de inscripci\u00f3n para actividades de ocio, deporte y aventura que se desarrollar\u00e1n entre junio y septiembre\" \/>\n<meta name=\"robots\" content=\"index, follow, max-snippet:-1, max-image-preview:large, max-video-preview:-1\" \/>\n<link rel=\"canonical\" href=\"https:\/\/www.laguiadepamplona.com\/actualidad\/el-ayuntamiento-ya-ha-preparado-chancletas-con-planes-para-el-verano-de-las-personas-jovenes-de-la-ciudad\/\" \/>\n<meta property=\"og:locale\" content=\"es_ES\" \/>\n<meta property=\"og:type\" content=\"article\" \/>\n<meta property=\"og:title\" content=\"El Ayuntamiento ya ha preparado \u2018Chancletas\u2019 con planes para el verano de las personas j\u00f3venes de la ciudad\" \/>\n<meta property=\"og:description\" content=\"La tarde del 13 de junio comienza el plazo de inscripci\u00f3n para actividades de ocio, deporte y aventura que se desarrollar\u00e1n entre junio y septiembre\" \/>\n<meta property=\"og:url\" content=\"https:\/\/www.laguiadepamplona.com\/actualidad\/el-ayuntamiento-ya-ha-preparado-chancletas-con-planes-para-el-verano-de-las-personas-jovenes-de-la-ciudad\/\" \/>\n<meta property=\"og:site_name\" content=\"La Gu\u00eda de Pamplona\" \/>\n<meta property=\"article:publisher\" content=\"https:\/\/www.facebook.com\/laguiadepamplonacom-133175176762273\/?ref=hl\" \/>\n<meta property=\"article:published_time\" content=\"2022-05-31T14:29:18+00:00\" \/>\n<meta property=\"article:modified_time\" content=\"2023-04-11T09:48:07+00:00\" \/>\n<meta property=\"og:image\" content=\"https:\/\/www.laguiadepamplona.com\/actualidad\/wp-content\/uploads\/2019\/08\/19.08.02_sesion_bailes_latinos.jpg\" \/>\n\t<meta property=\"og:image:width\" content=\"1900\" \/>\n\t<meta property=\"og:image:height\" content=\"1152\" \/>\n\t<meta property=\"og:image:type\" content=\"image\/jpeg\" \/>\n<meta name=\"author\" content=\"La Gu\u00eda de Pamplona\" \/>\n<meta name=\"twitter:card\" content=\"summary_large_image\" \/>\n<meta name=\"twitter:creator\" content=\"@LaGuiadPamplona\" \/>\n<meta name=\"twitter:site\" content=\"@LaGuiadPamplona\" \/>\n<meta name=\"twitter:label1\" content=\"Escrito por\" \/>\n\t<meta name=\"twitter:data1\" content=\"La Gu\u00eda de Pamplona\" \/>\n\t<meta name=\"twitter:label2\" content=\"Tiempo de lectura\" \/>\n\t<meta name=\"twitter:data2\" content=\"6 minutos\" \/>\n<script type=\"application\/ld+json\" class=\"yoast-schema-graph\">{\"@context\":\"https:\\\/\\\/schema.org\",\"@graph\":[{\"@type\":\"Article\",\"@id\":\"https:\\\/\\\/www.laguiadepamplona.com\\\/actualidad\\\/el-ayuntamiento-ya-ha-preparado-chancletas-con-planes-para-el-verano-de-las-personas-jovenes-de-la-ciudad\\\/#article\",\"isPartOf\":{\"@id\":\"https:\\\/\\\/www.laguiadepamplona.com\\\/actualidad\\\/el-ayuntamiento-ya-ha-preparado-chancletas-con-planes-para-el-verano-de-las-personas-jovenes-de-la-ciudad\\\/\"},\"author\":{\"name\":\"La Gu\u00eda de Pamplona\",\"@id\":\"https:\\\/\\\/www.laguiadepamplona.com\\\/actualidad\\\/#\\\/schema\\\/person\\\/efe887376f0213d4657c93adc50b1fdb\"},\"headline\":\"El Ayuntamiento ya ha preparado \u2018Chancletas\u2019 con planes para el verano de las personas j\u00f3venes de la ciudad\",\"datePublished\":\"2022-05-31T14:29:18+00:00\",\"dateModified\":\"2023-04-11T09:48:07+00:00\",\"mainEntityOfPage\":{\"@id\":\"https:\\\/\\\/www.laguiadepamplona.com\\\/actualidad\\\/el-ayuntamiento-ya-ha-preparado-chancletas-con-planes-para-el-verano-de-las-personas-jovenes-de-la-ciudad\\\/\"},\"wordCount\":1184,\"commentCount\":0,\"publisher\":{\"@id\":\"https:\\\/\\\/www.laguiadepamplona.com\\\/actualidad\\\/#organization\"},\"image\":{\"@id\":\"https:\\\/\\\/www.laguiadepamplona.com\\\/actualidad\\\/el-ayuntamiento-ya-ha-preparado-chancletas-con-planes-para-el-verano-de-las-personas-jovenes-de-la-ciudad\\\/#primaryimage\"},\"thumbnailUrl\":\"https:\\\/\\\/www.laguiadepamplona.com\\\/actualidad\\\/wp-content\\\/uploads\\\/2019\\\/08\\\/19.08.02_sesion_bailes_latinos.jpg\",\"articleSection\":[\"Ayto Pamplona\"],\"inLanguage\":\"es\",\"potentialAction\":[{\"@type\":\"CommentAction\",\"name\":\"Comment\",\"target\":[\"https:\\\/\\\/www.laguiadepamplona.com\\\/actualidad\\\/el-ayuntamiento-ya-ha-preparado-chancletas-con-planes-para-el-verano-de-las-personas-jovenes-de-la-ciudad\\\/#respond\"]}]},{\"@type\":\"WebPage\",\"@id\":\"https:\\\/\\\/www.laguiadepamplona.com\\\/actualidad\\\/el-ayuntamiento-ya-ha-preparado-chancletas-con-planes-para-el-verano-de-las-personas-jovenes-de-la-ciudad\\\/\",\"url\":\"https:\\\/\\\/www.laguiadepamplona.com\\\/actualidad\\\/el-ayuntamiento-ya-ha-preparado-chancletas-con-planes-para-el-verano-de-las-personas-jovenes-de-la-ciudad\\\/\",\"name\":\"El Ayuntamiento ya ha preparado \u2018Chancletas\u2019 con planes para el verano de las personas j\u00f3venes de la ciudad\",\"isPartOf\":{\"@id\":\"https:\\\/\\\/www.laguiadepamplona.com\\\/actualidad\\\/#website\"},\"primaryImageOfPage\":{\"@id\":\"https:\\\/\\\/www.laguiadepamplona.com\\\/actualidad\\\/el-ayuntamiento-ya-ha-preparado-chancletas-con-planes-para-el-verano-de-las-personas-jovenes-de-la-ciudad\\\/#primaryimage\"},\"image\":{\"@id\":\"https:\\\/\\\/www.laguiadepamplona.com\\\/actualidad\\\/el-ayuntamiento-ya-ha-preparado-chancletas-con-planes-para-el-verano-de-las-personas-jovenes-de-la-ciudad\\\/#primaryimage\"},\"thumbnailUrl\":\"https:\\\/\\\/www.laguiadepamplona.com\\\/actualidad\\\/wp-content\\\/uploads\\\/2019\\\/08\\\/19.08.02_sesion_bailes_latinos.jpg\",\"datePublished\":\"2022-05-31T14:29:18+00:00\",\"dateModified\":\"2023-04-11T09:48:07+00:00\",\"description\":\"La tarde del 13 de junio comienza el plazo de inscripci\u00f3n para actividades de ocio, deporte y aventura que se desarrollar\u00e1n entre junio y septiembre\",\"breadcrumb\":{\"@id\":\"https:\\\/\\\/www.laguiadepamplona.com\\\/actualidad\\\/el-ayuntamiento-ya-ha-preparado-chancletas-con-planes-para-el-verano-de-las-personas-jovenes-de-la-ciudad\\\/#breadcrumb\"},\"inLanguage\":\"es\",\"potentialAction\":[{\"@type\":\"ReadAction\",\"target\":[\"https:\\\/\\\/www.laguiadepamplona.com\\\/actualidad\\\/el-ayuntamiento-ya-ha-preparado-chancletas-con-planes-para-el-verano-de-las-personas-jovenes-de-la-ciudad\\\/\"]}]},{\"@type\":\"ImageObject\",\"inLanguage\":\"es\",\"@id\":\"https:\\\/\\\/www.laguiadepamplona.com\\\/actualidad\\\/el-ayuntamiento-ya-ha-preparado-chancletas-con-planes-para-el-verano-de-las-personas-jovenes-de-la-ciudad\\\/#primaryimage\",\"url\":\"https:\\\/\\\/www.laguiadepamplona.com\\\/actualidad\\\/wp-content\\\/uploads\\\/2019\\\/08\\\/19.08.02_sesion_bailes_latinos.jpg\",\"contentUrl\":\"https:\\\/\\\/www.laguiadepamplona.com\\\/actualidad\\\/wp-content\\\/uploads\\\/2019\\\/08\\\/19.08.02_sesion_bailes_latinos.jpg\",\"width\":1900,\"height\":1152},{\"@type\":\"BreadcrumbList\",\"@id\":\"https:\\\/\\\/www.laguiadepamplona.com\\\/actualidad\\\/el-ayuntamiento-ya-ha-preparado-chancletas-con-planes-para-el-verano-de-las-personas-jovenes-de-la-ciudad\\\/#breadcrumb\",\"itemListElement\":[{\"@type\":\"ListItem\",\"position\":1,\"name\":\"Portada\",\"item\":\"https:\\\/\\\/www.laguiadepamplona.com\\\/actualidad\\\/\"},{\"@type\":\"ListItem\",\"position\":2,\"name\":\"El Ayuntamiento ya ha preparado \u2018Chancletas\u2019 con planes para el verano de las personas j\u00f3venes de la ciudad\"}]},{\"@type\":\"WebSite\",\"@id\":\"https:\\\/\\\/www.laguiadepamplona.com\\\/actualidad\\\/#website\",\"url\":\"https:\\\/\\\/www.laguiadepamplona.com\\\/actualidad\\\/\",\"name\":\"La gu\u00eda de Pamplona\",\"description\":\"Noticias de Pamplona\",\"publisher\":{\"@id\":\"https:\\\/\\\/www.laguiadepamplona.com\\\/actualidad\\\/#organization\"},\"potentialAction\":[{\"@type\":\"SearchAction\",\"target\":{\"@type\":\"EntryPoint\",\"urlTemplate\":\"https:\\\/\\\/www.laguiadepamplona.com\\\/actualidad\\\/?s={search_term_string}\"},\"query-input\":{\"@type\":\"PropertyValueSpecification\",\"valueRequired\":true,\"valueName\":\"search_term_string\"}}],\"inLanguage\":\"es\"},{\"@type\":\"Organization\",\"@id\":\"https:\\\/\\\/www.laguiadepamplona.com\\\/actualidad\\\/#organization\",\"name\":\"La Gu\u00eda de Pamplona \\\/ Noticias\",\"url\":\"https:\\\/\\\/www.laguiadepamplona.com\\\/actualidad\\\/\",\"logo\":{\"@type\":\"ImageObject\",\"inLanguage\":\"es\",\"@id\":\"https:\\\/\\\/www.laguiadepamplona.com\\\/actualidad\\\/#\\\/schema\\\/logo\\\/image\\\/\",\"url\":\"https:\\\/\\\/www.laguiadepamplona.com\\\/actualidad\\\/wp-content\\\/uploads\\\/2018\\\/11\\\/logo-laguiadepamplona18-web1.png\",\"contentUrl\":\"https:\\\/\\\/www.laguiadepamplona.com\\\/actualidad\\\/wp-content\\\/uploads\\\/2018\\\/11\\\/logo-laguiadepamplona18-web1.png\",\"width\":600,\"height\":196,\"caption\":\"La Gu\u00eda de Pamplona \\\/ Noticias\"},\"image\":{\"@id\":\"https:\\\/\\\/www.laguiadepamplona.com\\\/actualidad\\\/#\\\/schema\\\/logo\\\/image\\\/\"},\"sameAs\":[\"https:\\\/\\\/www.facebook.com\\\/laguiadepamplonacom-133175176762273\\\/?ref=hl\",\"https:\\\/\\\/x.com\\\/LaGuiadPamplona\",\"https:\\\/\\\/www.instagram.com\\\/la_guia_de_pamplona\\\/\",\"https:\\\/\\\/www.youtube.com\\\/user\\\/laguiadepamplona\"]},{\"@type\":\"Person\",\"@id\":\"https:\\\/\\\/www.laguiadepamplona.com\\\/actualidad\\\/#\\\/schema\\\/person\\\/efe887376f0213d4657c93adc50b1fdb\",\"name\":\"La Gu\u00eda de Pamplona\",\"image\":{\"@type\":\"ImageObject\",\"inLanguage\":\"es\",\"@id\":\"https:\\\/\\\/secure.gravatar.com\\\/avatar\\\/b6992f131dc8d30ab0dff15446e9d346d9dbd95992de0fef795073f5ea83a81c?s=96&d=mm&r=g\",\"url\":\"https:\\\/\\\/secure.gravatar.com\\\/avatar\\\/b6992f131dc8d30ab0dff15446e9d346d9dbd95992de0fef795073f5ea83a81c?s=96&d=mm&r=g\",\"contentUrl\":\"https:\\\/\\\/secure.gravatar.com\\\/avatar\\\/b6992f131dc8d30ab0dff15446e9d346d9dbd95992de0fef795073f5ea83a81c?s=96&d=mm&r=g\",\"caption\":\"La Gu\u00eda de Pamplona\"}}]}<\/script>\n<!-- \/ Yoast SEO plugin. -->","yoast_head_json":{"title":"El Ayuntamiento ya ha preparado \u2018Chancletas\u2019 con planes para el verano de las personas j\u00f3venes de la ciudad","description":"La tarde del 13 de junio comienza el plazo de inscripci\u00f3n para actividades de ocio, deporte y aventura que se desarrollar\u00e1n entre junio y septiembre","robots":{"index":"index","follow":"follow","max-snippet":"max-snippet:-1","max-image-preview":"max-image-preview:large","max-video-preview":"max-video-preview:-1"},"canonical":"https:\/\/www.laguiadepamplona.com\/actualidad\/el-ayuntamiento-ya-ha-preparado-chancletas-con-planes-para-el-verano-de-las-personas-jovenes-de-la-ciudad\/","og_locale":"es_ES","og_type":"article","og_title":"El Ayuntamiento ya ha preparado \u2018Chancletas\u2019 con planes para el verano de las personas j\u00f3venes de la ciudad","og_description":"La tarde del 13 de junio comienza el plazo de inscripci\u00f3n para actividades de ocio, deporte y aventura que se desarrollar\u00e1n entre junio y septiembre","og_url":"https:\/\/www.laguiadepamplona.com\/actualidad\/el-ayuntamiento-ya-ha-preparado-chancletas-con-planes-para-el-verano-de-las-personas-jovenes-de-la-ciudad\/","og_site_name":"La Gu\u00eda de Pamplona","article_publisher":"https:\/\/www.facebook.com\/laguiadepamplonacom-133175176762273\/?ref=hl","article_published_time":"2022-05-31T14:29:18+00:00","article_modified_time":"2023-04-11T09:48:07+00:00","og_image":[{"width":1900,"height":1152,"url":"https:\/\/www.laguiadepamplona.com\/actualidad\/wp-content\/uploads\/2019\/08\/19.08.02_sesion_bailes_latinos.jpg","type":"image\/jpeg"}],"author":"La Gu\u00eda de Pamplona","twitter_card":"summary_large_image","twitter_creator":"@LaGuiadPamplona","twitter_site":"@LaGuiadPamplona","twitter_misc":{"Escrito por":"La Gu\u00eda de Pamplona","Tiempo de lectura":"6 minutos"},"schema":{"@context":"https:\/\/schema.org","@graph":[{"@type":"Article","@id":"https:\/\/www.laguiadepamplona.com\/actualidad\/el-ayuntamiento-ya-ha-preparado-chancletas-con-planes-para-el-verano-de-las-personas-jovenes-de-la-ciudad\/#article","isPartOf":{"@id":"https:\/\/www.laguiadepamplona.com\/actualidad\/el-ayuntamiento-ya-ha-preparado-chancletas-con-planes-para-el-verano-de-las-personas-jovenes-de-la-ciudad\/"},"author":{"name":"La Gu\u00eda de Pamplona","@id":"https:\/\/www.laguiadepamplona.com\/actualidad\/#\/schema\/person\/efe887376f0213d4657c93adc50b1fdb"},"headline":"El Ayuntamiento ya ha preparado \u2018Chancletas\u2019 con planes para el verano de las personas j\u00f3venes de la ciudad","datePublished":"2022-05-31T14:29:18+00:00","dateModified":"2023-04-11T09:48:07+00:00","mainEntityOfPage":{"@id":"https:\/\/www.laguiadepamplona.com\/actualidad\/el-ayuntamiento-ya-ha-preparado-chancletas-con-planes-para-el-verano-de-las-personas-jovenes-de-la-ciudad\/"},"wordCount":1184,"commentCount":0,"publisher":{"@id":"https:\/\/www.laguiadepamplona.com\/actualidad\/#organization"},"image":{"@id":"https:\/\/www.laguiadepamplona.com\/actualidad\/el-ayuntamiento-ya-ha-preparado-chancletas-con-planes-para-el-verano-de-las-personas-jovenes-de-la-ciudad\/#primaryimage"},"thumbnailUrl":"https:\/\/www.laguiadepamplona.com\/actualidad\/wp-content\/uploads\/2019\/08\/19.08.02_sesion_bailes_latinos.jpg","articleSection":["Ayto Pamplona"],"inLanguage":"es","potentialAction":[{"@type":"CommentAction","name":"Comment","target":["https:\/\/www.laguiadepamplona.com\/actualidad\/el-ayuntamiento-ya-ha-preparado-chancletas-con-planes-para-el-verano-de-las-personas-jovenes-de-la-ciudad\/#respond"]}]},{"@type":"WebPage","@id":"https:\/\/www.laguiadepamplona.com\/actualidad\/el-ayuntamiento-ya-ha-preparado-chancletas-con-planes-para-el-verano-de-las-personas-jovenes-de-la-ciudad\/","url":"https:\/\/www.laguiadepamplona.com\/actualidad\/el-ayuntamiento-ya-ha-preparado-chancletas-con-planes-para-el-verano-de-las-personas-jovenes-de-la-ciudad\/","name":"El Ayuntamiento ya ha preparado \u2018Chancletas\u2019 con planes para el verano de las personas j\u00f3venes de la ciudad","isPartOf":{"@id":"https:\/\/www.laguiadepamplona.com\/actualidad\/#website"},"primaryImageOfPage":{"@id":"https:\/\/www.laguiadepamplona.com\/actualidad\/el-ayuntamiento-ya-ha-preparado-chancletas-con-planes-para-el-verano-de-las-personas-jovenes-de-la-ciudad\/#primaryimage"},"image":{"@id":"https:\/\/www.laguiadepamplona.com\/actualidad\/el-ayuntamiento-ya-ha-preparado-chancletas-con-planes-para-el-verano-de-las-personas-jovenes-de-la-ciudad\/#primaryimage"},"thumbnailUrl":"https:\/\/www.laguiadepamplona.com\/actualidad\/wp-content\/uploads\/2019\/08\/19.08.02_sesion_bailes_latinos.jpg","datePublished":"2022-05-31T14:29:18+00:00","dateModified":"2023-04-11T09:48:07+00:00","description":"La tarde del 13 de junio comienza el plazo de inscripci\u00f3n para actividades de ocio, deporte y aventura que se desarrollar\u00e1n entre junio y septiembre","breadcrumb":{"@id":"https:\/\/www.laguiadepamplona.com\/actualidad\/el-ayuntamiento-ya-ha-preparado-chancletas-con-planes-para-el-verano-de-las-personas-jovenes-de-la-ciudad\/#breadcrumb"},"inLanguage":"es","potentialAction":[{"@type":"ReadAction","target":["https:\/\/www.laguiadepamplona.com\/actualidad\/el-ayuntamiento-ya-ha-preparado-chancletas-con-planes-para-el-verano-de-las-personas-jovenes-de-la-ciudad\/"]}]},{"@type":"ImageObject","inLanguage":"es","@id":"https:\/\/www.laguiadepamplona.com\/actualidad\/el-ayuntamiento-ya-ha-preparado-chancletas-con-planes-para-el-verano-de-las-personas-jovenes-de-la-ciudad\/#primaryimage","url":"https:\/\/www.laguiadepamplona.com\/actualidad\/wp-content\/uploads\/2019\/08\/19.08.02_sesion_bailes_latinos.jpg","contentUrl":"https:\/\/www.laguiadepamplona.com\/actualidad\/wp-content\/uploads\/2019\/08\/19.08.02_sesion_bailes_latinos.jpg","width":1900,"height":1152},{"@type":"BreadcrumbList","@id":"https:\/\/www.laguiadepamplona.com\/actualidad\/el-ayuntamiento-ya-ha-preparado-chancletas-con-planes-para-el-verano-de-las-personas-jovenes-de-la-ciudad\/#breadcrumb","itemListElement":[{"@type":"ListItem","position":1,"name":"Portada","item":"https:\/\/www.laguiadepamplona.com\/actualidad\/"},{"@type":"ListItem","position":2,"name":"El Ayuntamiento ya ha preparado \u2018Chancletas\u2019 con planes para el verano de las personas j\u00f3venes de la ciudad"}]},{"@type":"WebSite","@id":"https:\/\/www.laguiadepamplona.com\/actualidad\/#website","url":"https:\/\/www.laguiadepamplona.com\/actualidad\/","name":"La gu\u00eda de Pamplona","description":"Noticias de Pamplona","publisher":{"@id":"https:\/\/www.laguiadepamplona.com\/actualidad\/#organization"},"potentialAction":[{"@type":"SearchAction","target":{"@type":"EntryPoint","urlTemplate":"https:\/\/www.laguiadepamplona.com\/actualidad\/?s={search_term_string}"},"query-input":{"@type":"PropertyValueSpecification","valueRequired":true,"valueName":"search_term_string"}}],"inLanguage":"es"},{"@type":"Organization","@id":"https:\/\/www.laguiadepamplona.com\/actualidad\/#organization","name":"La Gu\u00eda de Pamplona \/ Noticias","url":"https:\/\/www.laguiadepamplona.com\/actualidad\/","logo":{"@type":"ImageObject","inLanguage":"es","@id":"https:\/\/www.laguiadepamplona.com\/actualidad\/#\/schema\/logo\/image\/","url":"https:\/\/www.laguiadepamplona.com\/actualidad\/wp-content\/uploads\/2018\/11\/logo-laguiadepamplona18-web1.png","contentUrl":"https:\/\/www.laguiadepamplona.com\/actualidad\/wp-content\/uploads\/2018\/11\/logo-laguiadepamplona18-web1.png","width":600,"height":196,"caption":"La Gu\u00eda de Pamplona \/ Noticias"},"image":{"@id":"https:\/\/www.laguiadepamplona.com\/actualidad\/#\/schema\/logo\/image\/"},"sameAs":["https:\/\/www.facebook.com\/laguiadepamplonacom-133175176762273\/?ref=hl","https:\/\/x.com\/LaGuiadPamplona","https:\/\/www.instagram.com\/la_guia_de_pamplona\/","https:\/\/www.youtube.com\/user\/laguiadepamplona"]},{"@type":"Person","@id":"https:\/\/www.laguiadepamplona.com\/actualidad\/#\/schema\/person\/efe887376f0213d4657c93adc50b1fdb","name":"La Gu\u00eda de Pamplona","image":{"@type":"ImageObject","inLanguage":"es","@id":"https:\/\/secure.gravatar.com\/avatar\/b6992f131dc8d30ab0dff15446e9d346d9dbd95992de0fef795073f5ea83a81c?s=96&d=mm&r=g","url":"https:\/\/secure.gravatar.com\/avatar\/b6992f131dc8d30ab0dff15446e9d346d9dbd95992de0fef795073f5ea83a81c?s=96&d=mm&r=g","contentUrl":"https:\/\/secure.gravatar.com\/avatar\/b6992f131dc8d30ab0dff15446e9d346d9dbd95992de0fef795073f5ea83a81c?s=96&d=mm&r=g","caption":"La Gu\u00eda de Pamplona"}}]}},"post_mailing_queue_ids":[],"_links":{"self":[{"href":"https:\/\/www.laguiadepamplona.com\/actualidad\/wp-json\/wp\/v2\/posts\/40528","targetHints":{"allow":["GET"]}}],"collection":[{"href":"https:\/\/www.laguiadepamplona.com\/actualidad\/wp-json\/wp\/v2\/posts"}],"about":[{"href":"https:\/\/www.laguiadepamplona.com\/actualidad\/wp-json\/wp\/v2\/types\/post"}],"author":[{"embeddable":true,"href":"https:\/\/www.laguiadepamplona.com\/actualidad\/wp-json\/wp\/v2\/users\/1"}],"replies":[{"embeddable":true,"href":"https:\/\/www.laguiadepamplona.com\/actualidad\/wp-json\/wp\/v2\/comments?post=40528"}],"version-history":[{"count":0,"href":"https:\/\/www.laguiadepamplona.com\/actualidad\/wp-json\/wp\/v2\/posts\/40528\/revisions"}],"wp:featuredmedia":[{"embeddable":true,"href":"https:\/\/www.laguiadepamplona.com\/actualidad\/wp-json\/wp\/v2\/media\/23521"}],"wp:attachment":[{"href":"https:\/\/www.laguiadepamplona.com\/actualidad\/wp-json\/wp\/v2\/media?parent=40528"}],"wp:term":[{"taxonomy":"category","embeddable":true,"href":"https:\/\/www.laguiadepamplona.com\/actualidad\/wp-json\/wp\/v2\/categories?post=40528"},{"taxonomy":"post_tag","embeddable":true,"href":"https:\/\/www.laguiadepamplona.com\/actualidad\/wp-json\/wp\/v2\/tags?post=40528"}],"curies":[{"name":"wp","href":"https:\/\/api.w.org\/{rel}","templated":true}]}}