{"id":40525,"date":"2022-05-30T18:24:14","date_gmt":"2022-05-30T16:24:14","guid":{"rendered":"https:\/\/www.laguiadepamplona.com\/actualidad\/?p=40525"},"modified":"2023-04-11T11:48:07","modified_gmt":"2023-04-11T09:48:07","slug":"el-ayuntamiento-de-pamplona-desarrollara-un-proyecto-de-zona-de-bajas-emisiones-que-implantara-para-2023-con-el-fin-de-incrementar-la-calidad-ambiental-de-la-ciudad","status":"publish","type":"post","link":"https:\/\/www.laguiadepamplona.com\/actualidad\/el-ayuntamiento-de-pamplona-desarrollara-un-proyecto-de-zona-de-bajas-emisiones-que-implantara-para-2023-con-el-fin-de-incrementar-la-calidad-ambiental-de-la-ciudad\/","title":{"rendered":"El Ayuntamiento de Pamplona desarrollar\u00e1 un proyecto de Zona de Bajas Emisiones que implantar\u00e1 para 2023, con el fin de incrementar la calidad ambiental de la ciudad"},"content":{"rendered":"<h5>Ha licitado por cerca de 72.000 euros el proyecto que definir\u00e1 los aspectos t\u00e9cnicos y normativos, as\u00ed como las estrategias para su implantaci\u00f3n paulatina<\/h5>\n<p><!--more--><\/p>\n<p>La Junta de Gobierno Local del Ayuntamiento de Pamplona ha aprobado, en su sesi\u00f3n de hoy, licitar el proyecto de Zona de Bajas de Emisiones (ZBE), con el objetivo de convertir la ciudad en un espacio m\u00e1s saludable, menos contaminado y sin ruidos, mediante la limitaci\u00f3n de la circulaci\u00f3n de veh\u00edculos contaminantes, a la vez que favorece la movilidad peatonal y ciclista, el transporte p\u00fablico y la mejora de la calidad del espacio p\u00fablico. Para tal fin, se ha acordado un presupuesto de licitaci\u00f3n de 71.995 euros para 2022 y 2023.<br \/>\n<script async src=\"\/\/pagead2.googlesyndication.com\/pagead\/js\/adsbygoogle.js\"><\/script><br \/>\n<!-- Noticias La Guia de Pamplona --><br \/>\n<ins class=\"adsbygoogle\"\nstyle=\"display:block\"\ndata-ad-client=\"ca-pub-6943679897239327\"\ndata-ad-slot=\"7048180777\"\ndata-ad-format=\"auto\"><\/ins><br \/>\n<script>\n(adsbygoogle = window.adsbygoogle || []).push({});\n<\/script><\/p>\n<p>La empresa adjudicataria se encargar\u00e1 de realizar un diagn\u00f3stico previo de la situaci\u00f3n, que cuente con participaci\u00f3n ciudadana, y que determine en qu\u00e9 punto se encuentra la ciudad en materia de emisiones contaminantes y calidad ambiental y del espacio p\u00fablico. Con ese an\u00e1lisis previo, se elaborar\u00e1 una propuesta de implantaci\u00f3n de Zonas de Bajas Emisiones que, tras una labor de contraste con t\u00e9cnicos municipales y agentes sociales, dar\u00e1 lugar a una estrategia para su puesta en marcha en varios barrios de la ciudad en distintas fases.<\/p>\n<p>Seg\u00fan el calendario previsto, de cara a finales de a\u00f1o, la Zona de Bajas Emisiones estar\u00e1 implantada para cumplir con la normativa estatal. De hecho, la nueva ley de Cambio Clim\u00e1tico y Transici\u00f3n Energ\u00e9tica exige a las ciudades de m\u00e1s de 50.000 habitantes tener zonas de bajas emisiones implantadas antes de 2023. La Zona de Bajas Emisiones actuar\u00e1 tambi\u00e9n como palanca de la Estrategia \u2018Go Green Pamplona\u2019 de Transici\u00f3n Energ\u00e9tica y Cambio Clim\u00e1tico, entre cuyos objetivos se incluye la descarbonizaci\u00f3n del sector del transporte y la movilidad, que actualmente supone el 56% de la cuota de emisiones de CO<sub>2<\/sub> de nuestra ciudad.<br \/>\n<script async src=\"\/\/pagead2.googlesyndication.com\/pagead\/js\/adsbygoogle.js\"><\/script><br \/>\n<!-- Noticias La Guia de Pamplona --><br \/>\n<ins class=\"adsbygoogle\"\nstyle=\"display:block\"\ndata-ad-client=\"ca-pub-6943679897239327\"\ndata-ad-slot=\"7048180777\"\ndata-ad-format=\"auto\"><\/ins><br \/>\n<script>\n(adsbygoogle = window.adsbygoogle || []).push({});\n<\/script><\/p>\n<p><strong>Proyecto \u2018Pamplona Avanza\u2019<\/strong><\/p>\n<p>Las Zonas de Bajas Emisiones se inscriben dentro del proyecto \u2018Pamplona Avanza. Medidas palanca de la movilidad sostenible y la Zona de Bajas Emisiones\u00b4, que incluye un conjunto de actuaciones estrat\u00e9gicas encaminadas a lograr una movilidad sostenible y unas zonas con bajas emisiones contaminantes. El Ayuntamiento de Pamplona ha presentado este proyecto a la convocatoria de ayudas a las entidades locales del Plan de Recuperaci\u00f3n, Transformaci\u00f3n y Resiliencia del Gobierno de Espa\u00f1a, financiadas con los Fondos Next Generation EU de la Uni\u00f3n Europea.<\/p>\n<p>En concreto, y a trav\u00e9s de \u2018Pamplona Avanza\u2019 el Consistorio ha logrado 6,33 millones para poner en marcha siete iniciativas, como el ascensor de Trinitarios y la mejora de la conexi\u00f3n peatonal entre los barrios de Rochapea y San Jorge y el barrio de San Juan que supone, completar la red ciclable, as\u00ed como la creaci\u00f3n de pasos peatonales y entornos escolares seguros. En lo que se refiere al proyecto de zonas de bajas emisiones, se han recibido 1,8 millones para crear aparcamientos disuasorios y para poner en marcha el sistema de gesti\u00f3n de las ZBE, adem\u00e1s de para la redacci\u00f3n del proyecto de Zona de Bajas Emisiones cuya licitaci\u00f3n se ha acordado hoy.<br \/>\n<script async src=\"\/\/pagead2.googlesyndication.com\/pagead\/js\/adsbygoogle.js\"><\/script><br \/>\n<!-- Noticias La Guia de Pamplona --><br \/>\n<ins class=\"adsbygoogle\"\nstyle=\"display:block\"\ndata-ad-client=\"ca-pub-6943679897239327\"\ndata-ad-slot=\"7048180777\"\ndata-ad-format=\"auto\"><\/ins><br \/>\n<script>\n(adsbygoogle = window.adsbygoogle || []).push({});\n<\/script><\/p>\n<p>Respecto al \u00faltimo punto, el despliegue de la Zona de Bajas Emisiones de Pamplona requiere, no solamente definir las condiciones t\u00e9cnicas y jur\u00eddicas y las estrategias de implantaci\u00f3n, sino que ser\u00e1 necesario habilitar sistemas de control de calidad del aire y del ruido, sistemas de aforos de veh\u00edculos y sistemas de control de accesos a la zona y de aparcamientos en superficies, entre otros. Para este despliegue tecnol\u00f3gico, se licitar\u00e1 un procedimiento de contrataci\u00f3n en paralelo al que se aprueba hoy, que se centra en el dise\u00f1o del proyecto de implantaci\u00f3n.<\/p>\n<p>Las empresas interesadas en concurrir al presente contrato, de diagn\u00f3stico y propuesta de puesta en marcha de las zonas de bajas emisiones, deber\u00e1n presentar, adem\u00e1s de la correspondiente solicitud de participaci\u00f3n, la declaraci\u00f3n responsable y la oferta econ\u00f3mica, una propuesta t\u00e9cnica que describa, calendarice y asigne los medios humanos y materiales a todas las acciones que propongan realizar. La propuesta t\u00e9cnica se valorar\u00e1 sobre 50 puntos. La oferta econ\u00f3mica, sobre 40; y los criterios sociales tendr\u00e1n 10 puntos. La licitaci\u00f3n se publicar\u00e1 en el Portal de Contrataci\u00f3n de Navarra.<\/p>\n","protected":false},"excerpt":{"rendered":"<p>Ha licitado por cerca de 72.000 euros el proyecto que definir\u00e1 los aspectos t\u00e9cnicos y normativos, as\u00ed como las estrategias para su implantaci\u00f3n paulatina<\/p>\n","protected":false},"author":1,"featured_media":40526,"comment_status":"open","ping_status":"closed","sticky":false,"template":"","format":"standard","meta":{"footnotes":""},"categories":[2],"tags":[],"class_list":["post-40525","post","type-post","status-publish","format-standard","has-post-thumbnail","hentry","category-ayuntamiento-pamplona"],"yoast_head":"<!-- This site is optimized with the Yoast SEO plugin v27.3 - https:\/\/yoast.com\/product\/yoast-seo-wordpress\/ -->\n<title>El Ayuntamiento de Pamplona desarrollar\u00e1 un proyecto de Zona de Bajas Emisiones que implantar\u00e1 para 2023, con el fin de incrementar la calidad ambiental de la ciudad<\/title>\n<meta name=\"description\" content=\"Ha licitado por cerca de 72.000 euros el proyecto que definir\u00e1 los aspectos t\u00e9cnicos y normativos, as\u00ed como las estrategias para su implantaci\u00f3n paulatina\" \/>\n<meta name=\"robots\" content=\"index, follow, max-snippet:-1, max-image-preview:large, max-video-preview:-1\" \/>\n<link rel=\"canonical\" href=\"https:\/\/www.laguiadepamplona.com\/actualidad\/el-ayuntamiento-de-pamplona-desarrollara-un-proyecto-de-zona-de-bajas-emisiones-que-implantara-para-2023-con-el-fin-de-incrementar-la-calidad-ambiental-de-la-ciudad\/\" \/>\n<meta property=\"og:locale\" content=\"es_ES\" \/>\n<meta property=\"og:type\" content=\"article\" \/>\n<meta property=\"og:title\" content=\"El Ayuntamiento de Pamplona desarrollar\u00e1 un proyecto de Zona de Bajas Emisiones que implantar\u00e1 para 2023, con el fin de incrementar la calidad ambiental de la ciudad\" \/>\n<meta property=\"og:description\" content=\"Ha licitado por cerca de 72.000 euros el proyecto que definir\u00e1 los aspectos t\u00e9cnicos y normativos, as\u00ed como las estrategias para su implantaci\u00f3n paulatina\" \/>\n<meta property=\"og:url\" content=\"https:\/\/www.laguiadepamplona.com\/actualidad\/el-ayuntamiento-de-pamplona-desarrollara-un-proyecto-de-zona-de-bajas-emisiones-que-implantara-para-2023-con-el-fin-de-incrementar-la-calidad-ambiental-de-la-ciudad\/\" \/>\n<meta property=\"og:site_name\" content=\"La Gu\u00eda de Pamplona\" \/>\n<meta property=\"article:publisher\" content=\"https:\/\/www.facebook.com\/laguiadepamplonacom-133175176762273\/?ref=hl\" \/>\n<meta property=\"article:published_time\" content=\"2022-05-30T16:24:14+00:00\" \/>\n<meta property=\"article:modified_time\" content=\"2023-04-11T09:48:07+00:00\" \/>\n<meta property=\"og:image\" content=\"https:\/\/www.laguiadepamplona.com\/actualidad\/wp-content\/uploads\/2022\/05\/movilidad_pamplona-ciudad_30_trafico_01-PEQUENA-copia.webp\" \/>\n\t<meta property=\"og:image:width\" content=\"1773\" \/>\n\t<meta property=\"og:image:height\" content=\"1182\" \/>\n\t<meta property=\"og:image:type\" content=\"image\/webp\" \/>\n<meta name=\"author\" content=\"La Gu\u00eda de Pamplona\" \/>\n<meta name=\"twitter:card\" content=\"summary_large_image\" \/>\n<meta name=\"twitter:creator\" content=\"@LaGuiadPamplona\" \/>\n<meta name=\"twitter:site\" content=\"@LaGuiadPamplona\" \/>\n<meta name=\"twitter:label1\" content=\"Escrito por\" \/>\n\t<meta name=\"twitter:data1\" content=\"La Gu\u00eda de Pamplona\" \/>\n\t<meta name=\"twitter:label2\" content=\"Tiempo de lectura\" \/>\n\t<meta name=\"twitter:data2\" content=\"4 minutos\" \/>\n<script type=\"application\/ld+json\" class=\"yoast-schema-graph\">{\"@context\":\"https:\\\/\\\/schema.org\",\"@graph\":[{\"@type\":\"Article\",\"@id\":\"https:\\\/\\\/www.laguiadepamplona.com\\\/actualidad\\\/el-ayuntamiento-de-pamplona-desarrollara-un-proyecto-de-zona-de-bajas-emisiones-que-implantara-para-2023-con-el-fin-de-incrementar-la-calidad-ambiental-de-la-ciudad\\\/#article\",\"isPartOf\":{\"@id\":\"https:\\\/\\\/www.laguiadepamplona.com\\\/actualidad\\\/el-ayuntamiento-de-pamplona-desarrollara-un-proyecto-de-zona-de-bajas-emisiones-que-implantara-para-2023-con-el-fin-de-incrementar-la-calidad-ambiental-de-la-ciudad\\\/\"},\"author\":{\"name\":\"La Gu\u00eda de Pamplona\",\"@id\":\"https:\\\/\\\/www.laguiadepamplona.com\\\/actualidad\\\/#\\\/schema\\\/person\\\/efe887376f0213d4657c93adc50b1fdb\"},\"headline\":\"El Ayuntamiento de Pamplona desarrollar\u00e1 un proyecto de Zona de Bajas Emisiones que implantar\u00e1 para 2023, con el fin de incrementar la calidad ambiental de la ciudad\",\"datePublished\":\"2022-05-30T16:24:14+00:00\",\"dateModified\":\"2023-04-11T09:48:07+00:00\",\"mainEntityOfPage\":{\"@id\":\"https:\\\/\\\/www.laguiadepamplona.com\\\/actualidad\\\/el-ayuntamiento-de-pamplona-desarrollara-un-proyecto-de-zona-de-bajas-emisiones-que-implantara-para-2023-con-el-fin-de-incrementar-la-calidad-ambiental-de-la-ciudad\\\/\"},\"wordCount\":757,\"commentCount\":0,\"publisher\":{\"@id\":\"https:\\\/\\\/www.laguiadepamplona.com\\\/actualidad\\\/#organization\"},\"image\":{\"@id\":\"https:\\\/\\\/www.laguiadepamplona.com\\\/actualidad\\\/el-ayuntamiento-de-pamplona-desarrollara-un-proyecto-de-zona-de-bajas-emisiones-que-implantara-para-2023-con-el-fin-de-incrementar-la-calidad-ambiental-de-la-ciudad\\\/#primaryimage\"},\"thumbnailUrl\":\"https:\\\/\\\/www.laguiadepamplona.com\\\/actualidad\\\/wp-content\\\/uploads\\\/2022\\\/05\\\/movilidad_pamplona-ciudad_30_trafico_01-PEQUENA-copia.webp\",\"articleSection\":[\"Ayto Pamplona\"],\"inLanguage\":\"es\",\"potentialAction\":[{\"@type\":\"CommentAction\",\"name\":\"Comment\",\"target\":[\"https:\\\/\\\/www.laguiadepamplona.com\\\/actualidad\\\/el-ayuntamiento-de-pamplona-desarrollara-un-proyecto-de-zona-de-bajas-emisiones-que-implantara-para-2023-con-el-fin-de-incrementar-la-calidad-ambiental-de-la-ciudad\\\/#respond\"]}]},{\"@type\":\"WebPage\",\"@id\":\"https:\\\/\\\/www.laguiadepamplona.com\\\/actualidad\\\/el-ayuntamiento-de-pamplona-desarrollara-un-proyecto-de-zona-de-bajas-emisiones-que-implantara-para-2023-con-el-fin-de-incrementar-la-calidad-ambiental-de-la-ciudad\\\/\",\"url\":\"https:\\\/\\\/www.laguiadepamplona.com\\\/actualidad\\\/el-ayuntamiento-de-pamplona-desarrollara-un-proyecto-de-zona-de-bajas-emisiones-que-implantara-para-2023-con-el-fin-de-incrementar-la-calidad-ambiental-de-la-ciudad\\\/\",\"name\":\"El Ayuntamiento de Pamplona desarrollar\u00e1 un proyecto de Zona de Bajas Emisiones que implantar\u00e1 para 2023, con el fin de incrementar la calidad ambiental de la ciudad\",\"isPartOf\":{\"@id\":\"https:\\\/\\\/www.laguiadepamplona.com\\\/actualidad\\\/#website\"},\"primaryImageOfPage\":{\"@id\":\"https:\\\/\\\/www.laguiadepamplona.com\\\/actualidad\\\/el-ayuntamiento-de-pamplona-desarrollara-un-proyecto-de-zona-de-bajas-emisiones-que-implantara-para-2023-con-el-fin-de-incrementar-la-calidad-ambiental-de-la-ciudad\\\/#primaryimage\"},\"image\":{\"@id\":\"https:\\\/\\\/www.laguiadepamplona.com\\\/actualidad\\\/el-ayuntamiento-de-pamplona-desarrollara-un-proyecto-de-zona-de-bajas-emisiones-que-implantara-para-2023-con-el-fin-de-incrementar-la-calidad-ambiental-de-la-ciudad\\\/#primaryimage\"},\"thumbnailUrl\":\"https:\\\/\\\/www.laguiadepamplona.com\\\/actualidad\\\/wp-content\\\/uploads\\\/2022\\\/05\\\/movilidad_pamplona-ciudad_30_trafico_01-PEQUENA-copia.webp\",\"datePublished\":\"2022-05-30T16:24:14+00:00\",\"dateModified\":\"2023-04-11T09:48:07+00:00\",\"description\":\"Ha licitado por cerca de 72.000 euros el proyecto que definir\u00e1 los aspectos t\u00e9cnicos y normativos, as\u00ed como las estrategias para su implantaci\u00f3n paulatina\",\"breadcrumb\":{\"@id\":\"https:\\\/\\\/www.laguiadepamplona.com\\\/actualidad\\\/el-ayuntamiento-de-pamplona-desarrollara-un-proyecto-de-zona-de-bajas-emisiones-que-implantara-para-2023-con-el-fin-de-incrementar-la-calidad-ambiental-de-la-ciudad\\\/#breadcrumb\"},\"inLanguage\":\"es\",\"potentialAction\":[{\"@type\":\"ReadAction\",\"target\":[\"https:\\\/\\\/www.laguiadepamplona.com\\\/actualidad\\\/el-ayuntamiento-de-pamplona-desarrollara-un-proyecto-de-zona-de-bajas-emisiones-que-implantara-para-2023-con-el-fin-de-incrementar-la-calidad-ambiental-de-la-ciudad\\\/\"]}]},{\"@type\":\"ImageObject\",\"inLanguage\":\"es\",\"@id\":\"https:\\\/\\\/www.laguiadepamplona.com\\\/actualidad\\\/el-ayuntamiento-de-pamplona-desarrollara-un-proyecto-de-zona-de-bajas-emisiones-que-implantara-para-2023-con-el-fin-de-incrementar-la-calidad-ambiental-de-la-ciudad\\\/#primaryimage\",\"url\":\"https:\\\/\\\/www.laguiadepamplona.com\\\/actualidad\\\/wp-content\\\/uploads\\\/2022\\\/05\\\/movilidad_pamplona-ciudad_30_trafico_01-PEQUENA-copia.webp\",\"contentUrl\":\"https:\\\/\\\/www.laguiadepamplona.com\\\/actualidad\\\/wp-content\\\/uploads\\\/2022\\\/05\\\/movilidad_pamplona-ciudad_30_trafico_01-PEQUENA-copia.webp\",\"width\":1773,\"height\":1182},{\"@type\":\"BreadcrumbList\",\"@id\":\"https:\\\/\\\/www.laguiadepamplona.com\\\/actualidad\\\/el-ayuntamiento-de-pamplona-desarrollara-un-proyecto-de-zona-de-bajas-emisiones-que-implantara-para-2023-con-el-fin-de-incrementar-la-calidad-ambiental-de-la-ciudad\\\/#breadcrumb\",\"itemListElement\":[{\"@type\":\"ListItem\",\"position\":1,\"name\":\"Portada\",\"item\":\"https:\\\/\\\/www.laguiadepamplona.com\\\/actualidad\\\/\"},{\"@type\":\"ListItem\",\"position\":2,\"name\":\"El Ayuntamiento de Pamplona desarrollar\u00e1 un proyecto de Zona de Bajas Emisiones que implantar\u00e1 para 2023, con el fin de incrementar la calidad ambiental de la ciudad\"}]},{\"@type\":\"WebSite\",\"@id\":\"https:\\\/\\\/www.laguiadepamplona.com\\\/actualidad\\\/#website\",\"url\":\"https:\\\/\\\/www.laguiadepamplona.com\\\/actualidad\\\/\",\"name\":\"La gu\u00eda de Pamplona\",\"description\":\"Noticias de Pamplona\",\"publisher\":{\"@id\":\"https:\\\/\\\/www.laguiadepamplona.com\\\/actualidad\\\/#organization\"},\"potentialAction\":[{\"@type\":\"SearchAction\",\"target\":{\"@type\":\"EntryPoint\",\"urlTemplate\":\"https:\\\/\\\/www.laguiadepamplona.com\\\/actualidad\\\/?s={search_term_string}\"},\"query-input\":{\"@type\":\"PropertyValueSpecification\",\"valueRequired\":true,\"valueName\":\"search_term_string\"}}],\"inLanguage\":\"es\"},{\"@type\":\"Organization\",\"@id\":\"https:\\\/\\\/www.laguiadepamplona.com\\\/actualidad\\\/#organization\",\"name\":\"La Gu\u00eda de Pamplona \\\/ Noticias\",\"url\":\"https:\\\/\\\/www.laguiadepamplona.com\\\/actualidad\\\/\",\"logo\":{\"@type\":\"ImageObject\",\"inLanguage\":\"es\",\"@id\":\"https:\\\/\\\/www.laguiadepamplona.com\\\/actualidad\\\/#\\\/schema\\\/logo\\\/image\\\/\",\"url\":\"https:\\\/\\\/www.laguiadepamplona.com\\\/actualidad\\\/wp-content\\\/uploads\\\/2018\\\/11\\\/logo-laguiadepamplona18-web1.png\",\"contentUrl\":\"https:\\\/\\\/www.laguiadepamplona.com\\\/actualidad\\\/wp-content\\\/uploads\\\/2018\\\/11\\\/logo-laguiadepamplona18-web1.png\",\"width\":600,\"height\":196,\"caption\":\"La Gu\u00eda de Pamplona \\\/ Noticias\"},\"image\":{\"@id\":\"https:\\\/\\\/www.laguiadepamplona.com\\\/actualidad\\\/#\\\/schema\\\/logo\\\/image\\\/\"},\"sameAs\":[\"https:\\\/\\\/www.facebook.com\\\/laguiadepamplonacom-133175176762273\\\/?ref=hl\",\"https:\\\/\\\/x.com\\\/LaGuiadPamplona\",\"https:\\\/\\\/www.instagram.com\\\/la_guia_de_pamplona\\\/\",\"https:\\\/\\\/www.youtube.com\\\/user\\\/laguiadepamplona\"]},{\"@type\":\"Person\",\"@id\":\"https:\\\/\\\/www.laguiadepamplona.com\\\/actualidad\\\/#\\\/schema\\\/person\\\/efe887376f0213d4657c93adc50b1fdb\",\"name\":\"La Gu\u00eda de Pamplona\",\"image\":{\"@type\":\"ImageObject\",\"inLanguage\":\"es\",\"@id\":\"https:\\\/\\\/secure.gravatar.com\\\/avatar\\\/b6992f131dc8d30ab0dff15446e9d346d9dbd95992de0fef795073f5ea83a81c?s=96&d=mm&r=g\",\"url\":\"https:\\\/\\\/secure.gravatar.com\\\/avatar\\\/b6992f131dc8d30ab0dff15446e9d346d9dbd95992de0fef795073f5ea83a81c?s=96&d=mm&r=g\",\"contentUrl\":\"https:\\\/\\\/secure.gravatar.com\\\/avatar\\\/b6992f131dc8d30ab0dff15446e9d346d9dbd95992de0fef795073f5ea83a81c?s=96&d=mm&r=g\",\"caption\":\"La Gu\u00eda de Pamplona\"}}]}<\/script>\n<!-- \/ Yoast SEO plugin. -->","yoast_head_json":{"title":"El Ayuntamiento de Pamplona desarrollar\u00e1 un proyecto de Zona de Bajas Emisiones que implantar\u00e1 para 2023, con el fin de incrementar la calidad ambiental de la ciudad","description":"Ha licitado por cerca de 72.000 euros el proyecto que definir\u00e1 los aspectos t\u00e9cnicos y normativos, as\u00ed como las estrategias para su implantaci\u00f3n paulatina","robots":{"index":"index","follow":"follow","max-snippet":"max-snippet:-1","max-image-preview":"max-image-preview:large","max-video-preview":"max-video-preview:-1"},"canonical":"https:\/\/www.laguiadepamplona.com\/actualidad\/el-ayuntamiento-de-pamplona-desarrollara-un-proyecto-de-zona-de-bajas-emisiones-que-implantara-para-2023-con-el-fin-de-incrementar-la-calidad-ambiental-de-la-ciudad\/","og_locale":"es_ES","og_type":"article","og_title":"El Ayuntamiento de Pamplona desarrollar\u00e1 un proyecto de Zona de Bajas Emisiones que implantar\u00e1 para 2023, con el fin de incrementar la calidad ambiental de la ciudad","og_description":"Ha licitado por cerca de 72.000 euros el proyecto que definir\u00e1 los aspectos t\u00e9cnicos y normativos, as\u00ed como las estrategias para su implantaci\u00f3n paulatina","og_url":"https:\/\/www.laguiadepamplona.com\/actualidad\/el-ayuntamiento-de-pamplona-desarrollara-un-proyecto-de-zona-de-bajas-emisiones-que-implantara-para-2023-con-el-fin-de-incrementar-la-calidad-ambiental-de-la-ciudad\/","og_site_name":"La Gu\u00eda de Pamplona","article_publisher":"https:\/\/www.facebook.com\/laguiadepamplonacom-133175176762273\/?ref=hl","article_published_time":"2022-05-30T16:24:14+00:00","article_modified_time":"2023-04-11T09:48:07+00:00","og_image":[{"width":1773,"height":1182,"url":"https:\/\/www.laguiadepamplona.com\/actualidad\/wp-content\/uploads\/2022\/05\/movilidad_pamplona-ciudad_30_trafico_01-PEQUENA-copia.webp","type":"image\/webp"}],"author":"La Gu\u00eda de Pamplona","twitter_card":"summary_large_image","twitter_creator":"@LaGuiadPamplona","twitter_site":"@LaGuiadPamplona","twitter_misc":{"Escrito por":"La Gu\u00eda de Pamplona","Tiempo de lectura":"4 minutos"},"schema":{"@context":"https:\/\/schema.org","@graph":[{"@type":"Article","@id":"https:\/\/www.laguiadepamplona.com\/actualidad\/el-ayuntamiento-de-pamplona-desarrollara-un-proyecto-de-zona-de-bajas-emisiones-que-implantara-para-2023-con-el-fin-de-incrementar-la-calidad-ambiental-de-la-ciudad\/#article","isPartOf":{"@id":"https:\/\/www.laguiadepamplona.com\/actualidad\/el-ayuntamiento-de-pamplona-desarrollara-un-proyecto-de-zona-de-bajas-emisiones-que-implantara-para-2023-con-el-fin-de-incrementar-la-calidad-ambiental-de-la-ciudad\/"},"author":{"name":"La Gu\u00eda de Pamplona","@id":"https:\/\/www.laguiadepamplona.com\/actualidad\/#\/schema\/person\/efe887376f0213d4657c93adc50b1fdb"},"headline":"El Ayuntamiento de Pamplona desarrollar\u00e1 un proyecto de Zona de Bajas Emisiones que implantar\u00e1 para 2023, con el fin de incrementar la calidad ambiental de la ciudad","datePublished":"2022-05-30T16:24:14+00:00","dateModified":"2023-04-11T09:48:07+00:00","mainEntityOfPage":{"@id":"https:\/\/www.laguiadepamplona.com\/actualidad\/el-ayuntamiento-de-pamplona-desarrollara-un-proyecto-de-zona-de-bajas-emisiones-que-implantara-para-2023-con-el-fin-de-incrementar-la-calidad-ambiental-de-la-ciudad\/"},"wordCount":757,"commentCount":0,"publisher":{"@id":"https:\/\/www.laguiadepamplona.com\/actualidad\/#organization"},"image":{"@id":"https:\/\/www.laguiadepamplona.com\/actualidad\/el-ayuntamiento-de-pamplona-desarrollara-un-proyecto-de-zona-de-bajas-emisiones-que-implantara-para-2023-con-el-fin-de-incrementar-la-calidad-ambiental-de-la-ciudad\/#primaryimage"},"thumbnailUrl":"https:\/\/www.laguiadepamplona.com\/actualidad\/wp-content\/uploads\/2022\/05\/movilidad_pamplona-ciudad_30_trafico_01-PEQUENA-copia.webp","articleSection":["Ayto Pamplona"],"inLanguage":"es","potentialAction":[{"@type":"CommentAction","name":"Comment","target":["https:\/\/www.laguiadepamplona.com\/actualidad\/el-ayuntamiento-de-pamplona-desarrollara-un-proyecto-de-zona-de-bajas-emisiones-que-implantara-para-2023-con-el-fin-de-incrementar-la-calidad-ambiental-de-la-ciudad\/#respond"]}]},{"@type":"WebPage","@id":"https:\/\/www.laguiadepamplona.com\/actualidad\/el-ayuntamiento-de-pamplona-desarrollara-un-proyecto-de-zona-de-bajas-emisiones-que-implantara-para-2023-con-el-fin-de-incrementar-la-calidad-ambiental-de-la-ciudad\/","url":"https:\/\/www.laguiadepamplona.com\/actualidad\/el-ayuntamiento-de-pamplona-desarrollara-un-proyecto-de-zona-de-bajas-emisiones-que-implantara-para-2023-con-el-fin-de-incrementar-la-calidad-ambiental-de-la-ciudad\/","name":"El Ayuntamiento de Pamplona desarrollar\u00e1 un proyecto de Zona de Bajas Emisiones que implantar\u00e1 para 2023, con el fin de incrementar la calidad ambiental de la ciudad","isPartOf":{"@id":"https:\/\/www.laguiadepamplona.com\/actualidad\/#website"},"primaryImageOfPage":{"@id":"https:\/\/www.laguiadepamplona.com\/actualidad\/el-ayuntamiento-de-pamplona-desarrollara-un-proyecto-de-zona-de-bajas-emisiones-que-implantara-para-2023-con-el-fin-de-incrementar-la-calidad-ambiental-de-la-ciudad\/#primaryimage"},"image":{"@id":"https:\/\/www.laguiadepamplona.com\/actualidad\/el-ayuntamiento-de-pamplona-desarrollara-un-proyecto-de-zona-de-bajas-emisiones-que-implantara-para-2023-con-el-fin-de-incrementar-la-calidad-ambiental-de-la-ciudad\/#primaryimage"},"thumbnailUrl":"https:\/\/www.laguiadepamplona.com\/actualidad\/wp-content\/uploads\/2022\/05\/movilidad_pamplona-ciudad_30_trafico_01-PEQUENA-copia.webp","datePublished":"2022-05-30T16:24:14+00:00","dateModified":"2023-04-11T09:48:07+00:00","description":"Ha licitado por cerca de 72.000 euros el proyecto que definir\u00e1 los aspectos t\u00e9cnicos y normativos, as\u00ed como las estrategias para su implantaci\u00f3n paulatina","breadcrumb":{"@id":"https:\/\/www.laguiadepamplona.com\/actualidad\/el-ayuntamiento-de-pamplona-desarrollara-un-proyecto-de-zona-de-bajas-emisiones-que-implantara-para-2023-con-el-fin-de-incrementar-la-calidad-ambiental-de-la-ciudad\/#breadcrumb"},"inLanguage":"es","potentialAction":[{"@type":"ReadAction","target":["https:\/\/www.laguiadepamplona.com\/actualidad\/el-ayuntamiento-de-pamplona-desarrollara-un-proyecto-de-zona-de-bajas-emisiones-que-implantara-para-2023-con-el-fin-de-incrementar-la-calidad-ambiental-de-la-ciudad\/"]}]},{"@type":"ImageObject","inLanguage":"es","@id":"https:\/\/www.laguiadepamplona.com\/actualidad\/el-ayuntamiento-de-pamplona-desarrollara-un-proyecto-de-zona-de-bajas-emisiones-que-implantara-para-2023-con-el-fin-de-incrementar-la-calidad-ambiental-de-la-ciudad\/#primaryimage","url":"https:\/\/www.laguiadepamplona.com\/actualidad\/wp-content\/uploads\/2022\/05\/movilidad_pamplona-ciudad_30_trafico_01-PEQUENA-copia.webp","contentUrl":"https:\/\/www.laguiadepamplona.com\/actualidad\/wp-content\/uploads\/2022\/05\/movilidad_pamplona-ciudad_30_trafico_01-PEQUENA-copia.webp","width":1773,"height":1182},{"@type":"BreadcrumbList","@id":"https:\/\/www.laguiadepamplona.com\/actualidad\/el-ayuntamiento-de-pamplona-desarrollara-un-proyecto-de-zona-de-bajas-emisiones-que-implantara-para-2023-con-el-fin-de-incrementar-la-calidad-ambiental-de-la-ciudad\/#breadcrumb","itemListElement":[{"@type":"ListItem","position":1,"name":"Portada","item":"https:\/\/www.laguiadepamplona.com\/actualidad\/"},{"@type":"ListItem","position":2,"name":"El Ayuntamiento de Pamplona desarrollar\u00e1 un proyecto de Zona de Bajas Emisiones que implantar\u00e1 para 2023, con el fin de incrementar la calidad ambiental de la ciudad"}]},{"@type":"WebSite","@id":"https:\/\/www.laguiadepamplona.com\/actualidad\/#website","url":"https:\/\/www.laguiadepamplona.com\/actualidad\/","name":"La gu\u00eda de Pamplona","description":"Noticias de Pamplona","publisher":{"@id":"https:\/\/www.laguiadepamplona.com\/actualidad\/#organization"},"potentialAction":[{"@type":"SearchAction","target":{"@type":"EntryPoint","urlTemplate":"https:\/\/www.laguiadepamplona.com\/actualidad\/?s={search_term_string}"},"query-input":{"@type":"PropertyValueSpecification","valueRequired":true,"valueName":"search_term_string"}}],"inLanguage":"es"},{"@type":"Organization","@id":"https:\/\/www.laguiadepamplona.com\/actualidad\/#organization","name":"La Gu\u00eda de Pamplona \/ Noticias","url":"https:\/\/www.laguiadepamplona.com\/actualidad\/","logo":{"@type":"ImageObject","inLanguage":"es","@id":"https:\/\/www.laguiadepamplona.com\/actualidad\/#\/schema\/logo\/image\/","url":"https:\/\/www.laguiadepamplona.com\/actualidad\/wp-content\/uploads\/2018\/11\/logo-laguiadepamplona18-web1.png","contentUrl":"https:\/\/www.laguiadepamplona.com\/actualidad\/wp-content\/uploads\/2018\/11\/logo-laguiadepamplona18-web1.png","width":600,"height":196,"caption":"La Gu\u00eda de Pamplona \/ Noticias"},"image":{"@id":"https:\/\/www.laguiadepamplona.com\/actualidad\/#\/schema\/logo\/image\/"},"sameAs":["https:\/\/www.facebook.com\/laguiadepamplonacom-133175176762273\/?ref=hl","https:\/\/x.com\/LaGuiadPamplona","https:\/\/www.instagram.com\/la_guia_de_pamplona\/","https:\/\/www.youtube.com\/user\/laguiadepamplona"]},{"@type":"Person","@id":"https:\/\/www.laguiadepamplona.com\/actualidad\/#\/schema\/person\/efe887376f0213d4657c93adc50b1fdb","name":"La Gu\u00eda de Pamplona","image":{"@type":"ImageObject","inLanguage":"es","@id":"https:\/\/secure.gravatar.com\/avatar\/b6992f131dc8d30ab0dff15446e9d346d9dbd95992de0fef795073f5ea83a81c?s=96&d=mm&r=g","url":"https:\/\/secure.gravatar.com\/avatar\/b6992f131dc8d30ab0dff15446e9d346d9dbd95992de0fef795073f5ea83a81c?s=96&d=mm&r=g","contentUrl":"https:\/\/secure.gravatar.com\/avatar\/b6992f131dc8d30ab0dff15446e9d346d9dbd95992de0fef795073f5ea83a81c?s=96&d=mm&r=g","caption":"La Gu\u00eda de Pamplona"}}]}},"post_mailing_queue_ids":[],"_links":{"self":[{"href":"https:\/\/www.laguiadepamplona.com\/actualidad\/wp-json\/wp\/v2\/posts\/40525","targetHints":{"allow":["GET"]}}],"collection":[{"href":"https:\/\/www.laguiadepamplona.com\/actualidad\/wp-json\/wp\/v2\/posts"}],"about":[{"href":"https:\/\/www.laguiadepamplona.com\/actualidad\/wp-json\/wp\/v2\/types\/post"}],"author":[{"embeddable":true,"href":"https:\/\/www.laguiadepamplona.com\/actualidad\/wp-json\/wp\/v2\/users\/1"}],"replies":[{"embeddable":true,"href":"https:\/\/www.laguiadepamplona.com\/actualidad\/wp-json\/wp\/v2\/comments?post=40525"}],"version-history":[{"count":0,"href":"https:\/\/www.laguiadepamplona.com\/actualidad\/wp-json\/wp\/v2\/posts\/40525\/revisions"}],"wp:featuredmedia":[{"embeddable":true,"href":"https:\/\/www.laguiadepamplona.com\/actualidad\/wp-json\/wp\/v2\/media\/40526"}],"wp:attachment":[{"href":"https:\/\/www.laguiadepamplona.com\/actualidad\/wp-json\/wp\/v2\/media?parent=40525"}],"wp:term":[{"taxonomy":"category","embeddable":true,"href":"https:\/\/www.laguiadepamplona.com\/actualidad\/wp-json\/wp\/v2\/categories?post=40525"},{"taxonomy":"post_tag","embeddable":true,"href":"https:\/\/www.laguiadepamplona.com\/actualidad\/wp-json\/wp\/v2\/tags?post=40525"}],"curies":[{"name":"wp","href":"https:\/\/api.w.org\/{rel}","templated":true}]}}