{"id":40517,"date":"2022-05-30T13:38:02","date_gmt":"2022-05-30T11:38:02","guid":{"rendered":"https:\/\/www.laguiadepamplona.com\/actualidad\/?p=40517"},"modified":"2023-04-11T11:48:07","modified_gmt":"2023-04-11T09:48:07","slug":"adjudicados-los-trabajos-para-la-reforma-del-gimnasio-del-colegio-publico-nicasio-landa-en-el-barrio-de-etxabakoitz","status":"publish","type":"post","link":"https:\/\/www.laguiadepamplona.com\/actualidad\/adjudicados-los-trabajos-para-la-reforma-del-gimnasio-del-colegio-publico-nicasio-landa-en-el-barrio-de-etxabakoitz\/","title":{"rendered":"Adjudicados los trabajos para la reforma del gimnasio del Colegio P\u00fablico Nicasio Landa en el barrio de Etxabakoitz"},"content":{"rendered":"<h5>Las obras cuentan con un presupuesto de 223.553,01 euros y se prev\u00e9n ejecutar durante los meses de verano<\/h5>\n<p><!--more--><\/p>\n<p>La Junta de Gobierno Local ha aprobado la adjudicaci\u00f3n de las obras para llevar a cabo la reforma del gimnasio del Colegio P\u00fablico Nicasio Landa, ubicado en el barrio de Etxabakoitz. Se prev\u00e9 que los trabajos puedan comenzar el pr\u00f3ximo mes de junio y ejecutarse durante las vacaciones escolares para estar finalizados de cara al inicio del pr\u00f3ximo curso.<br \/>\n<script async src=\"\/\/pagead2.googlesyndication.com\/pagead\/js\/adsbygoogle.js\"><\/script><br \/>\n<!-- Noticias La Guia de Pamplona --><br \/>\n<ins class=\"adsbygoogle\"\nstyle=\"display:block\"\ndata-ad-client=\"ca-pub-6943679897239327\"\ndata-ad-slot=\"7048180777\"\ndata-ad-format=\"auto\"><\/ins><br \/>\n<script>\n(adsbygoogle = window.adsbygoogle || []).push({});\n<\/script><\/p>\n<p>El objetivo de esta actuaci\u00f3n es conseguir la adecuaci\u00f3n funcional del gimnasio, dando soluci\u00f3n a los problemas que han surgido por el mero paso del tiempo, por la falta de un mantenimiento a fondo y por la presencia de las placas de fibrocemento en la cubierta. En el gimnasio del centro se va a proceder a la sustituci\u00f3n de la cubrici\u00f3n de placas de fibrocemento y a la sustituci\u00f3n de canalones, cumbrera y remates laterales. Tambi\u00e9n, se limpiar\u00e1 y se dar\u00e1 tratamiento ign\u00edfugo a la estructura met\u00e1lica de cubierta. Asimismo, se cambiar\u00e1 el pavimento del gimnasio, se pintar\u00e1n las paredes y las pistas deportivas, y se sustituir\u00e1 la carpinter\u00eda exterior del gimnasio. Por \u00faltimo, se colocar\u00e1 una l\u00ednea de vida.<\/p>\n<p>Adem\u00e1s, se aprovechar\u00e1 este contrato para llevar a cabo en los edificios del colegio la retirada de elementos que presuntamente contienen amianto, como son el dep\u00f3sito de aguas en desuso de la sala de calderas, y la sustituci\u00f3n de bajantes de fibrocemento.<br \/>\n<script async src=\"\/\/pagead2.googlesyndication.com\/pagead\/js\/adsbygoogle.js\"><\/script><br \/>\n<!-- Noticias La Guia de Pamplona --><br \/>\n<ins class=\"adsbygoogle\"\nstyle=\"display:block\"\ndata-ad-client=\"ca-pub-6943679897239327\"\ndata-ad-slot=\"7048180777\"\ndata-ad-format=\"auto\"><\/ins><br \/>\n<script>\n(adsbygoogle = window.adsbygoogle || []).push({});\n<\/script><\/p>\n<p>Las obras las llevar\u00e1 a cabo Erki Construcci\u00f3n Sostenible S.L., empresa adjudicataria del contrato, por un importe de 223.553,01 euros, un 16,2% por debajo del precio de licitaci\u00f3n, que fue de 266.574,31 euros. El plazo de ejecuci\u00f3n de las actuaciones a realizar es de tres meses.<\/p>\n","protected":false},"excerpt":{"rendered":"<p>Las obras cuentan con un presupuesto de 223.553,01 euros y se prev\u00e9n ejecutar durante los meses de verano<\/p>\n","protected":false},"author":1,"featured_media":40518,"comment_status":"open","ping_status":"closed","sticky":false,"template":"","format":"standard","meta":{"footnotes":""},"categories":[2],"tags":[],"class_list":["post-40517","post","type-post","status-publish","format-standard","has-post-thumbnail","hentry","category-ayuntamiento-pamplona"],"yoast_head":"<!-- This site is optimized with the Yoast SEO plugin v27.3 - https:\/\/yoast.com\/product\/yoast-seo-wordpress\/ -->\n<title>Adjudicados los trabajos para la reforma del gimnasio del Colegio P\u00fablico Nicasio Landa en el barrio de Etxabakoitz<\/title>\n<meta name=\"description\" content=\"Las obras cuentan con un presupuesto de 223.553,01 euros y se prev\u00e9n ejecutar durante los meses de verano\" \/>\n<meta name=\"robots\" content=\"index, follow, max-snippet:-1, max-image-preview:large, max-video-preview:-1\" \/>\n<link rel=\"canonical\" href=\"https:\/\/www.laguiadepamplona.com\/actualidad\/adjudicados-los-trabajos-para-la-reforma-del-gimnasio-del-colegio-publico-nicasio-landa-en-el-barrio-de-etxabakoitz\/\" \/>\n<meta property=\"og:locale\" content=\"es_ES\" \/>\n<meta property=\"og:type\" content=\"article\" \/>\n<meta property=\"og:title\" content=\"Adjudicados los trabajos para la reforma del gimnasio del Colegio P\u00fablico Nicasio Landa en el barrio de Etxabakoitz\" \/>\n<meta property=\"og:description\" content=\"Las obras cuentan con un presupuesto de 223.553,01 euros y se prev\u00e9n ejecutar durante los meses de verano\" \/>\n<meta property=\"og:url\" content=\"https:\/\/www.laguiadepamplona.com\/actualidad\/adjudicados-los-trabajos-para-la-reforma-del-gimnasio-del-colegio-publico-nicasio-landa-en-el-barrio-de-etxabakoitz\/\" \/>\n<meta property=\"og:site_name\" content=\"La Gu\u00eda de Pamplona\" \/>\n<meta property=\"article:publisher\" content=\"https:\/\/www.facebook.com\/laguiadepamplonacom-133175176762273\/?ref=hl\" \/>\n<meta property=\"article:published_time\" content=\"2022-05-30T11:38:02+00:00\" \/>\n<meta property=\"article:modified_time\" content=\"2023-04-11T09:48:07+00:00\" \/>\n<meta property=\"og:image\" content=\"https:\/\/www.laguiadepamplona.com\/actualidad\/wp-content\/uploads\/2022\/05\/colegio-nicasio-landa.webp\" \/>\n\t<meta property=\"og:image:width\" content=\"1920\" \/>\n\t<meta property=\"og:image:height\" content=\"1260\" \/>\n\t<meta property=\"og:image:type\" content=\"image\/webp\" \/>\n<meta name=\"author\" content=\"La Gu\u00eda de Pamplona\" \/>\n<meta name=\"twitter:card\" content=\"summary_large_image\" \/>\n<meta name=\"twitter:creator\" content=\"@LaGuiadPamplona\" \/>\n<meta name=\"twitter:site\" content=\"@LaGuiadPamplona\" \/>\n<meta name=\"twitter:label1\" content=\"Escrito por\" \/>\n\t<meta name=\"twitter:data1\" content=\"La Gu\u00eda de Pamplona\" \/>\n\t<meta name=\"twitter:label2\" content=\"Tiempo de lectura\" \/>\n\t<meta name=\"twitter:data2\" content=\"2 minutos\" \/>\n<script type=\"application\/ld+json\" class=\"yoast-schema-graph\">{\"@context\":\"https:\\\/\\\/schema.org\",\"@graph\":[{\"@type\":\"Article\",\"@id\":\"https:\\\/\\\/www.laguiadepamplona.com\\\/actualidad\\\/adjudicados-los-trabajos-para-la-reforma-del-gimnasio-del-colegio-publico-nicasio-landa-en-el-barrio-de-etxabakoitz\\\/#article\",\"isPartOf\":{\"@id\":\"https:\\\/\\\/www.laguiadepamplona.com\\\/actualidad\\\/adjudicados-los-trabajos-para-la-reforma-del-gimnasio-del-colegio-publico-nicasio-landa-en-el-barrio-de-etxabakoitz\\\/\"},\"author\":{\"name\":\"La Gu\u00eda de Pamplona\",\"@id\":\"https:\\\/\\\/www.laguiadepamplona.com\\\/actualidad\\\/#\\\/schema\\\/person\\\/efe887376f0213d4657c93adc50b1fdb\"},\"headline\":\"Adjudicados los trabajos para la reforma del gimnasio del Colegio P\u00fablico Nicasio Landa en el barrio de Etxabakoitz\",\"datePublished\":\"2022-05-30T11:38:02+00:00\",\"dateModified\":\"2023-04-11T09:48:07+00:00\",\"mainEntityOfPage\":{\"@id\":\"https:\\\/\\\/www.laguiadepamplona.com\\\/actualidad\\\/adjudicados-los-trabajos-para-la-reforma-del-gimnasio-del-colegio-publico-nicasio-landa-en-el-barrio-de-etxabakoitz\\\/\"},\"wordCount\":324,\"commentCount\":0,\"publisher\":{\"@id\":\"https:\\\/\\\/www.laguiadepamplona.com\\\/actualidad\\\/#organization\"},\"image\":{\"@id\":\"https:\\\/\\\/www.laguiadepamplona.com\\\/actualidad\\\/adjudicados-los-trabajos-para-la-reforma-del-gimnasio-del-colegio-publico-nicasio-landa-en-el-barrio-de-etxabakoitz\\\/#primaryimage\"},\"thumbnailUrl\":\"https:\\\/\\\/www.laguiadepamplona.com\\\/actualidad\\\/wp-content\\\/uploads\\\/2022\\\/05\\\/colegio-nicasio-landa.webp\",\"articleSection\":[\"Ayto Pamplona\"],\"inLanguage\":\"es\",\"potentialAction\":[{\"@type\":\"CommentAction\",\"name\":\"Comment\",\"target\":[\"https:\\\/\\\/www.laguiadepamplona.com\\\/actualidad\\\/adjudicados-los-trabajos-para-la-reforma-del-gimnasio-del-colegio-publico-nicasio-landa-en-el-barrio-de-etxabakoitz\\\/#respond\"]}]},{\"@type\":\"WebPage\",\"@id\":\"https:\\\/\\\/www.laguiadepamplona.com\\\/actualidad\\\/adjudicados-los-trabajos-para-la-reforma-del-gimnasio-del-colegio-publico-nicasio-landa-en-el-barrio-de-etxabakoitz\\\/\",\"url\":\"https:\\\/\\\/www.laguiadepamplona.com\\\/actualidad\\\/adjudicados-los-trabajos-para-la-reforma-del-gimnasio-del-colegio-publico-nicasio-landa-en-el-barrio-de-etxabakoitz\\\/\",\"name\":\"Adjudicados los trabajos para la reforma del gimnasio del Colegio P\u00fablico Nicasio Landa en el barrio de Etxabakoitz\",\"isPartOf\":{\"@id\":\"https:\\\/\\\/www.laguiadepamplona.com\\\/actualidad\\\/#website\"},\"primaryImageOfPage\":{\"@id\":\"https:\\\/\\\/www.laguiadepamplona.com\\\/actualidad\\\/adjudicados-los-trabajos-para-la-reforma-del-gimnasio-del-colegio-publico-nicasio-landa-en-el-barrio-de-etxabakoitz\\\/#primaryimage\"},\"image\":{\"@id\":\"https:\\\/\\\/www.laguiadepamplona.com\\\/actualidad\\\/adjudicados-los-trabajos-para-la-reforma-del-gimnasio-del-colegio-publico-nicasio-landa-en-el-barrio-de-etxabakoitz\\\/#primaryimage\"},\"thumbnailUrl\":\"https:\\\/\\\/www.laguiadepamplona.com\\\/actualidad\\\/wp-content\\\/uploads\\\/2022\\\/05\\\/colegio-nicasio-landa.webp\",\"datePublished\":\"2022-05-30T11:38:02+00:00\",\"dateModified\":\"2023-04-11T09:48:07+00:00\",\"description\":\"Las obras cuentan con un presupuesto de 223.553,01 euros y se prev\u00e9n ejecutar durante los meses de verano\",\"breadcrumb\":{\"@id\":\"https:\\\/\\\/www.laguiadepamplona.com\\\/actualidad\\\/adjudicados-los-trabajos-para-la-reforma-del-gimnasio-del-colegio-publico-nicasio-landa-en-el-barrio-de-etxabakoitz\\\/#breadcrumb\"},\"inLanguage\":\"es\",\"potentialAction\":[{\"@type\":\"ReadAction\",\"target\":[\"https:\\\/\\\/www.laguiadepamplona.com\\\/actualidad\\\/adjudicados-los-trabajos-para-la-reforma-del-gimnasio-del-colegio-publico-nicasio-landa-en-el-barrio-de-etxabakoitz\\\/\"]}]},{\"@type\":\"ImageObject\",\"inLanguage\":\"es\",\"@id\":\"https:\\\/\\\/www.laguiadepamplona.com\\\/actualidad\\\/adjudicados-los-trabajos-para-la-reforma-del-gimnasio-del-colegio-publico-nicasio-landa-en-el-barrio-de-etxabakoitz\\\/#primaryimage\",\"url\":\"https:\\\/\\\/www.laguiadepamplona.com\\\/actualidad\\\/wp-content\\\/uploads\\\/2022\\\/05\\\/colegio-nicasio-landa.webp\",\"contentUrl\":\"https:\\\/\\\/www.laguiadepamplona.com\\\/actualidad\\\/wp-content\\\/uploads\\\/2022\\\/05\\\/colegio-nicasio-landa.webp\",\"width\":1920,\"height\":1260},{\"@type\":\"BreadcrumbList\",\"@id\":\"https:\\\/\\\/www.laguiadepamplona.com\\\/actualidad\\\/adjudicados-los-trabajos-para-la-reforma-del-gimnasio-del-colegio-publico-nicasio-landa-en-el-barrio-de-etxabakoitz\\\/#breadcrumb\",\"itemListElement\":[{\"@type\":\"ListItem\",\"position\":1,\"name\":\"Portada\",\"item\":\"https:\\\/\\\/www.laguiadepamplona.com\\\/actualidad\\\/\"},{\"@type\":\"ListItem\",\"position\":2,\"name\":\"Adjudicados los trabajos para la reforma del gimnasio del Colegio P\u00fablico Nicasio Landa en el barrio de Etxabakoitz\"}]},{\"@type\":\"WebSite\",\"@id\":\"https:\\\/\\\/www.laguiadepamplona.com\\\/actualidad\\\/#website\",\"url\":\"https:\\\/\\\/www.laguiadepamplona.com\\\/actualidad\\\/\",\"name\":\"La gu\u00eda de Pamplona\",\"description\":\"Noticias de Pamplona\",\"publisher\":{\"@id\":\"https:\\\/\\\/www.laguiadepamplona.com\\\/actualidad\\\/#organization\"},\"potentialAction\":[{\"@type\":\"SearchAction\",\"target\":{\"@type\":\"EntryPoint\",\"urlTemplate\":\"https:\\\/\\\/www.laguiadepamplona.com\\\/actualidad\\\/?s={search_term_string}\"},\"query-input\":{\"@type\":\"PropertyValueSpecification\",\"valueRequired\":true,\"valueName\":\"search_term_string\"}}],\"inLanguage\":\"es\"},{\"@type\":\"Organization\",\"@id\":\"https:\\\/\\\/www.laguiadepamplona.com\\\/actualidad\\\/#organization\",\"name\":\"La Gu\u00eda de Pamplona \\\/ Noticias\",\"url\":\"https:\\\/\\\/www.laguiadepamplona.com\\\/actualidad\\\/\",\"logo\":{\"@type\":\"ImageObject\",\"inLanguage\":\"es\",\"@id\":\"https:\\\/\\\/www.laguiadepamplona.com\\\/actualidad\\\/#\\\/schema\\\/logo\\\/image\\\/\",\"url\":\"https:\\\/\\\/www.laguiadepamplona.com\\\/actualidad\\\/wp-content\\\/uploads\\\/2018\\\/11\\\/logo-laguiadepamplona18-web1.png\",\"contentUrl\":\"https:\\\/\\\/www.laguiadepamplona.com\\\/actualidad\\\/wp-content\\\/uploads\\\/2018\\\/11\\\/logo-laguiadepamplona18-web1.png\",\"width\":600,\"height\":196,\"caption\":\"La Gu\u00eda de Pamplona \\\/ Noticias\"},\"image\":{\"@id\":\"https:\\\/\\\/www.laguiadepamplona.com\\\/actualidad\\\/#\\\/schema\\\/logo\\\/image\\\/\"},\"sameAs\":[\"https:\\\/\\\/www.facebook.com\\\/laguiadepamplonacom-133175176762273\\\/?ref=hl\",\"https:\\\/\\\/x.com\\\/LaGuiadPamplona\",\"https:\\\/\\\/www.instagram.com\\\/la_guia_de_pamplona\\\/\",\"https:\\\/\\\/www.youtube.com\\\/user\\\/laguiadepamplona\"]},{\"@type\":\"Person\",\"@id\":\"https:\\\/\\\/www.laguiadepamplona.com\\\/actualidad\\\/#\\\/schema\\\/person\\\/efe887376f0213d4657c93adc50b1fdb\",\"name\":\"La Gu\u00eda de Pamplona\",\"image\":{\"@type\":\"ImageObject\",\"inLanguage\":\"es\",\"@id\":\"https:\\\/\\\/secure.gravatar.com\\\/avatar\\\/b6992f131dc8d30ab0dff15446e9d346d9dbd95992de0fef795073f5ea83a81c?s=96&d=mm&r=g\",\"url\":\"https:\\\/\\\/secure.gravatar.com\\\/avatar\\\/b6992f131dc8d30ab0dff15446e9d346d9dbd95992de0fef795073f5ea83a81c?s=96&d=mm&r=g\",\"contentUrl\":\"https:\\\/\\\/secure.gravatar.com\\\/avatar\\\/b6992f131dc8d30ab0dff15446e9d346d9dbd95992de0fef795073f5ea83a81c?s=96&d=mm&r=g\",\"caption\":\"La Gu\u00eda de Pamplona\"}}]}<\/script>\n<!-- \/ Yoast SEO plugin. -->","yoast_head_json":{"title":"Adjudicados los trabajos para la reforma del gimnasio del Colegio P\u00fablico Nicasio Landa en el barrio de Etxabakoitz","description":"Las obras cuentan con un presupuesto de 223.553,01 euros y se prev\u00e9n ejecutar durante los meses de verano","robots":{"index":"index","follow":"follow","max-snippet":"max-snippet:-1","max-image-preview":"max-image-preview:large","max-video-preview":"max-video-preview:-1"},"canonical":"https:\/\/www.laguiadepamplona.com\/actualidad\/adjudicados-los-trabajos-para-la-reforma-del-gimnasio-del-colegio-publico-nicasio-landa-en-el-barrio-de-etxabakoitz\/","og_locale":"es_ES","og_type":"article","og_title":"Adjudicados los trabajos para la reforma del gimnasio del Colegio P\u00fablico Nicasio Landa en el barrio de Etxabakoitz","og_description":"Las obras cuentan con un presupuesto de 223.553,01 euros y se prev\u00e9n ejecutar durante los meses de verano","og_url":"https:\/\/www.laguiadepamplona.com\/actualidad\/adjudicados-los-trabajos-para-la-reforma-del-gimnasio-del-colegio-publico-nicasio-landa-en-el-barrio-de-etxabakoitz\/","og_site_name":"La Gu\u00eda de Pamplona","article_publisher":"https:\/\/www.facebook.com\/laguiadepamplonacom-133175176762273\/?ref=hl","article_published_time":"2022-05-30T11:38:02+00:00","article_modified_time":"2023-04-11T09:48:07+00:00","og_image":[{"width":1920,"height":1260,"url":"https:\/\/www.laguiadepamplona.com\/actualidad\/wp-content\/uploads\/2022\/05\/colegio-nicasio-landa.webp","type":"image\/webp"}],"author":"La Gu\u00eda de Pamplona","twitter_card":"summary_large_image","twitter_creator":"@LaGuiadPamplona","twitter_site":"@LaGuiadPamplona","twitter_misc":{"Escrito por":"La Gu\u00eda de Pamplona","Tiempo de lectura":"2 minutos"},"schema":{"@context":"https:\/\/schema.org","@graph":[{"@type":"Article","@id":"https:\/\/www.laguiadepamplona.com\/actualidad\/adjudicados-los-trabajos-para-la-reforma-del-gimnasio-del-colegio-publico-nicasio-landa-en-el-barrio-de-etxabakoitz\/#article","isPartOf":{"@id":"https:\/\/www.laguiadepamplona.com\/actualidad\/adjudicados-los-trabajos-para-la-reforma-del-gimnasio-del-colegio-publico-nicasio-landa-en-el-barrio-de-etxabakoitz\/"},"author":{"name":"La Gu\u00eda de Pamplona","@id":"https:\/\/www.laguiadepamplona.com\/actualidad\/#\/schema\/person\/efe887376f0213d4657c93adc50b1fdb"},"headline":"Adjudicados los trabajos para la reforma del gimnasio del Colegio P\u00fablico Nicasio Landa en el barrio de Etxabakoitz","datePublished":"2022-05-30T11:38:02+00:00","dateModified":"2023-04-11T09:48:07+00:00","mainEntityOfPage":{"@id":"https:\/\/www.laguiadepamplona.com\/actualidad\/adjudicados-los-trabajos-para-la-reforma-del-gimnasio-del-colegio-publico-nicasio-landa-en-el-barrio-de-etxabakoitz\/"},"wordCount":324,"commentCount":0,"publisher":{"@id":"https:\/\/www.laguiadepamplona.com\/actualidad\/#organization"},"image":{"@id":"https:\/\/www.laguiadepamplona.com\/actualidad\/adjudicados-los-trabajos-para-la-reforma-del-gimnasio-del-colegio-publico-nicasio-landa-en-el-barrio-de-etxabakoitz\/#primaryimage"},"thumbnailUrl":"https:\/\/www.laguiadepamplona.com\/actualidad\/wp-content\/uploads\/2022\/05\/colegio-nicasio-landa.webp","articleSection":["Ayto Pamplona"],"inLanguage":"es","potentialAction":[{"@type":"CommentAction","name":"Comment","target":["https:\/\/www.laguiadepamplona.com\/actualidad\/adjudicados-los-trabajos-para-la-reforma-del-gimnasio-del-colegio-publico-nicasio-landa-en-el-barrio-de-etxabakoitz\/#respond"]}]},{"@type":"WebPage","@id":"https:\/\/www.laguiadepamplona.com\/actualidad\/adjudicados-los-trabajos-para-la-reforma-del-gimnasio-del-colegio-publico-nicasio-landa-en-el-barrio-de-etxabakoitz\/","url":"https:\/\/www.laguiadepamplona.com\/actualidad\/adjudicados-los-trabajos-para-la-reforma-del-gimnasio-del-colegio-publico-nicasio-landa-en-el-barrio-de-etxabakoitz\/","name":"Adjudicados los trabajos para la reforma del gimnasio del Colegio P\u00fablico Nicasio Landa en el barrio de Etxabakoitz","isPartOf":{"@id":"https:\/\/www.laguiadepamplona.com\/actualidad\/#website"},"primaryImageOfPage":{"@id":"https:\/\/www.laguiadepamplona.com\/actualidad\/adjudicados-los-trabajos-para-la-reforma-del-gimnasio-del-colegio-publico-nicasio-landa-en-el-barrio-de-etxabakoitz\/#primaryimage"},"image":{"@id":"https:\/\/www.laguiadepamplona.com\/actualidad\/adjudicados-los-trabajos-para-la-reforma-del-gimnasio-del-colegio-publico-nicasio-landa-en-el-barrio-de-etxabakoitz\/#primaryimage"},"thumbnailUrl":"https:\/\/www.laguiadepamplona.com\/actualidad\/wp-content\/uploads\/2022\/05\/colegio-nicasio-landa.webp","datePublished":"2022-05-30T11:38:02+00:00","dateModified":"2023-04-11T09:48:07+00:00","description":"Las obras cuentan con un presupuesto de 223.553,01 euros y se prev\u00e9n ejecutar durante los meses de verano","breadcrumb":{"@id":"https:\/\/www.laguiadepamplona.com\/actualidad\/adjudicados-los-trabajos-para-la-reforma-del-gimnasio-del-colegio-publico-nicasio-landa-en-el-barrio-de-etxabakoitz\/#breadcrumb"},"inLanguage":"es","potentialAction":[{"@type":"ReadAction","target":["https:\/\/www.laguiadepamplona.com\/actualidad\/adjudicados-los-trabajos-para-la-reforma-del-gimnasio-del-colegio-publico-nicasio-landa-en-el-barrio-de-etxabakoitz\/"]}]},{"@type":"ImageObject","inLanguage":"es","@id":"https:\/\/www.laguiadepamplona.com\/actualidad\/adjudicados-los-trabajos-para-la-reforma-del-gimnasio-del-colegio-publico-nicasio-landa-en-el-barrio-de-etxabakoitz\/#primaryimage","url":"https:\/\/www.laguiadepamplona.com\/actualidad\/wp-content\/uploads\/2022\/05\/colegio-nicasio-landa.webp","contentUrl":"https:\/\/www.laguiadepamplona.com\/actualidad\/wp-content\/uploads\/2022\/05\/colegio-nicasio-landa.webp","width":1920,"height":1260},{"@type":"BreadcrumbList","@id":"https:\/\/www.laguiadepamplona.com\/actualidad\/adjudicados-los-trabajos-para-la-reforma-del-gimnasio-del-colegio-publico-nicasio-landa-en-el-barrio-de-etxabakoitz\/#breadcrumb","itemListElement":[{"@type":"ListItem","position":1,"name":"Portada","item":"https:\/\/www.laguiadepamplona.com\/actualidad\/"},{"@type":"ListItem","position":2,"name":"Adjudicados los trabajos para la reforma del gimnasio del Colegio P\u00fablico Nicasio Landa en el barrio de Etxabakoitz"}]},{"@type":"WebSite","@id":"https:\/\/www.laguiadepamplona.com\/actualidad\/#website","url":"https:\/\/www.laguiadepamplona.com\/actualidad\/","name":"La gu\u00eda de Pamplona","description":"Noticias de Pamplona","publisher":{"@id":"https:\/\/www.laguiadepamplona.com\/actualidad\/#organization"},"potentialAction":[{"@type":"SearchAction","target":{"@type":"EntryPoint","urlTemplate":"https:\/\/www.laguiadepamplona.com\/actualidad\/?s={search_term_string}"},"query-input":{"@type":"PropertyValueSpecification","valueRequired":true,"valueName":"search_term_string"}}],"inLanguage":"es"},{"@type":"Organization","@id":"https:\/\/www.laguiadepamplona.com\/actualidad\/#organization","name":"La Gu\u00eda de Pamplona \/ Noticias","url":"https:\/\/www.laguiadepamplona.com\/actualidad\/","logo":{"@type":"ImageObject","inLanguage":"es","@id":"https:\/\/www.laguiadepamplona.com\/actualidad\/#\/schema\/logo\/image\/","url":"https:\/\/www.laguiadepamplona.com\/actualidad\/wp-content\/uploads\/2018\/11\/logo-laguiadepamplona18-web1.png","contentUrl":"https:\/\/www.laguiadepamplona.com\/actualidad\/wp-content\/uploads\/2018\/11\/logo-laguiadepamplona18-web1.png","width":600,"height":196,"caption":"La Gu\u00eda de Pamplona \/ Noticias"},"image":{"@id":"https:\/\/www.laguiadepamplona.com\/actualidad\/#\/schema\/logo\/image\/"},"sameAs":["https:\/\/www.facebook.com\/laguiadepamplonacom-133175176762273\/?ref=hl","https:\/\/x.com\/LaGuiadPamplona","https:\/\/www.instagram.com\/la_guia_de_pamplona\/","https:\/\/www.youtube.com\/user\/laguiadepamplona"]},{"@type":"Person","@id":"https:\/\/www.laguiadepamplona.com\/actualidad\/#\/schema\/person\/efe887376f0213d4657c93adc50b1fdb","name":"La Gu\u00eda de Pamplona","image":{"@type":"ImageObject","inLanguage":"es","@id":"https:\/\/secure.gravatar.com\/avatar\/b6992f131dc8d30ab0dff15446e9d346d9dbd95992de0fef795073f5ea83a81c?s=96&d=mm&r=g","url":"https:\/\/secure.gravatar.com\/avatar\/b6992f131dc8d30ab0dff15446e9d346d9dbd95992de0fef795073f5ea83a81c?s=96&d=mm&r=g","contentUrl":"https:\/\/secure.gravatar.com\/avatar\/b6992f131dc8d30ab0dff15446e9d346d9dbd95992de0fef795073f5ea83a81c?s=96&d=mm&r=g","caption":"La Gu\u00eda de Pamplona"}}]}},"post_mailing_queue_ids":[],"_links":{"self":[{"href":"https:\/\/www.laguiadepamplona.com\/actualidad\/wp-json\/wp\/v2\/posts\/40517","targetHints":{"allow":["GET"]}}],"collection":[{"href":"https:\/\/www.laguiadepamplona.com\/actualidad\/wp-json\/wp\/v2\/posts"}],"about":[{"href":"https:\/\/www.laguiadepamplona.com\/actualidad\/wp-json\/wp\/v2\/types\/post"}],"author":[{"embeddable":true,"href":"https:\/\/www.laguiadepamplona.com\/actualidad\/wp-json\/wp\/v2\/users\/1"}],"replies":[{"embeddable":true,"href":"https:\/\/www.laguiadepamplona.com\/actualidad\/wp-json\/wp\/v2\/comments?post=40517"}],"version-history":[{"count":0,"href":"https:\/\/www.laguiadepamplona.com\/actualidad\/wp-json\/wp\/v2\/posts\/40517\/revisions"}],"wp:featuredmedia":[{"embeddable":true,"href":"https:\/\/www.laguiadepamplona.com\/actualidad\/wp-json\/wp\/v2\/media\/40518"}],"wp:attachment":[{"href":"https:\/\/www.laguiadepamplona.com\/actualidad\/wp-json\/wp\/v2\/media?parent=40517"}],"wp:term":[{"taxonomy":"category","embeddable":true,"href":"https:\/\/www.laguiadepamplona.com\/actualidad\/wp-json\/wp\/v2\/categories?post=40517"},{"taxonomy":"post_tag","embeddable":true,"href":"https:\/\/www.laguiadepamplona.com\/actualidad\/wp-json\/wp\/v2\/tags?post=40517"}],"curies":[{"name":"wp","href":"https:\/\/api.w.org\/{rel}","templated":true}]}}