{"id":40515,"date":"2022-05-30T13:34:59","date_gmt":"2022-05-30T11:34:59","guid":{"rendered":"https:\/\/www.laguiadepamplona.com\/actualidad\/?p=40515"},"modified":"2023-04-11T11:48:07","modified_gmt":"2023-04-11T09:48:07","slug":"aprobada-la-concesion-administrativa-de-la-instalacion-fotovoltaica-en-el-aparcamiento-disuasorio-junto-al-cpeip-cardenal-ilundain-que-alcanzara-los-1-094-kw-de-potencia-pico","status":"publish","type":"post","link":"https:\/\/www.laguiadepamplona.com\/actualidad\/aprobada-la-concesion-administrativa-de-la-instalacion-fotovoltaica-en-el-aparcamiento-disuasorio-junto-al-cpeip-cardenal-ilundain-que-alcanzara-los-1-094-kw-de-potencia-pico\/","title":{"rendered":"Aprobada la concesi\u00f3n administrativa de la instalaci\u00f3n fotovoltaica en el aparcamiento disuasorio junto al CPEIP Cardenal Ilund\u00e1in, que alcanzar\u00e1 los 1.094 kW de potencia pico"},"content":{"rendered":"<h5>Esa sola instalaci\u00f3n, que podr\u00eda estar lista para final de a\u00f1o, tendr\u00e1 casi la misma potencia que la instalada en el a\u00f1o pasado en toda la ciudad.<\/h5>\n<p><!--more--><\/p>\n<p>La Junta de Gobierno Local ha aprobado la concesi\u00f3n administrativa para la construcci\u00f3n del aparcamiento solar previsto en la parcela junto al CPEIP Cardenal Ilund\u00e1in en el barrio de la Rochapea. Esa instalaci\u00f3n fotovoltaica ser\u00e1 la de mayor potencia instalada en la ciudad, con 1.094 kWp, triplicando de esta manera la suma de la potencia actualmente instalada en todos los edificios municipales. Se prev\u00e9 que la instalaci\u00f3n pueda estar en funcionamiento para final de a\u00f1o o para el primer trimestre de 2023.<br \/>\n<script async src=\"\/\/pagead2.googlesyndication.com\/pagead\/js\/adsbygoogle.js\"><\/script><br \/>\n<!-- Noticias La Guia de Pamplona --><br \/>\n<ins class=\"adsbygoogle\"\nstyle=\"display:block\"\ndata-ad-client=\"ca-pub-6943679897239327\"\ndata-ad-slot=\"7048180777\"\ndata-ad-format=\"auto\"><\/ins><br \/>\n<script>\n(adsbygoogle = window.adsbygoogle || []).push({});\n<\/script><\/p>\n<p>La mayor instalaci\u00f3n fotovoltaica de la ciudad se colocar\u00e1 cubriendo las plazas de aparcamiento, a trav\u00e9s de paneles solares colocados en estructuras corridas a lo largo de todo el parking. La instalaci\u00f3n estar\u00e1 formada por una estructura met\u00e1lica de 2.736 paneles solares de 400 Wp, repartidos en 144 <em>strings<\/em> de 19 paneles cada uno. Cada grupo de <em>string<\/em> de 19 paneles tendr\u00e1 una potencia de 7.600 Wp. La mitad de los <em>strings<\/em> estar\u00e1n orientados al este y la otra mitad al oeste, con una inclinaci\u00f3n de 23\u00ba. El anteproyecto incluye la colocaci\u00f3n de cinco estaciones de recarga r\u00e1pidos dobles de 22 kW para cargar a la vez hasta 10 veh\u00edculos el\u00e9ctricos.<\/p>\n<p>Se desarrollar\u00e1 una soluci\u00f3n por medio de paneles semitransparentes de doble cristal, los que permiten el paso del 13% de la luz, generando un espacio con sombra, pero luz natural. Esta soluci\u00f3n proteger\u00e1 a los veh\u00edculos aparcados tanto de la radiaci\u00f3n solar como de la lluvia. El aparcamiento, tras la obra, contar\u00e1 por lo tanto con protecci\u00f3n solar, ante la lluvia, nuevo pavimentado, urbanizaci\u00f3n del espacio y recogida de agua.<br \/>\n<script async src=\"\/\/pagead2.googlesyndication.com\/pagead\/js\/adsbygoogle.js\"><\/script><br \/>\n<!-- Noticias La Guia de Pamplona --><br \/>\n<ins class=\"adsbygoogle\"\nstyle=\"display:block\"\ndata-ad-client=\"ca-pub-6943679897239327\"\ndata-ad-slot=\"7048180777\"\ndata-ad-format=\"auto\"><\/ins><br \/>\n<script>\n(adsbygoogle = window.adsbygoogle || []).push({});\n<\/script><\/p>\n<p>La parcela limita con el t\u00e9rmino municipal de Anso\u00e1in, la avenida de Marcelo Celayeta, la traves\u00eda de Tom\u00e1s de Burgui y la calle Ostoki, junto al CPEIP Cardenal Ilund\u00e1in. El aparcamiento mantendr\u00e1 253 plazas cubiertas con el sistema implantado en diciembre de 2021 de estacionamiento gratuito durante las primeras 24 horas. Los trabajos para la ejecuci\u00f3n de la instalaci\u00f3n fotovoltaica y la adecuaci\u00f3n del aparcamiento incluyen tambi\u00e9n aspectos relacionados con el afirmado y pavimentaci\u00f3n de las zonas, abastecimientos, alumbrado o se\u00f1alizaci\u00f3n, entre otros.<\/p>\n<p>La concesi\u00f3n administrativa se ha adjudicado a la UTE Sunstroom Engineering S.L. \u2013 Sunstroom Engineering Nederland B.V. El plazo de vigencia de la concesi\u00f3n es de 20 a\u00f1os y el canon anual que debe abonar por la utilizaci\u00f3n privativa del dominio p\u00fablico ser\u00e1 el resultante de sumar al canon m\u00ednimo de 2.000 euros el 1,5% de los ingresos obtenidos por la concesionaria en el a\u00f1o anterior por la venta de la energ\u00eda generada en la parcela concedida.<br \/>\n<script async src=\"\/\/pagead2.googlesyndication.com\/pagead\/js\/adsbygoogle.js\"><\/script><br \/>\n<!-- Noticias La Guia de Pamplona --><br \/>\n<ins class=\"adsbygoogle\"\nstyle=\"display:block\"\ndata-ad-client=\"ca-pub-6943679897239327\"\ndata-ad-slot=\"7048180777\"\ndata-ad-format=\"auto\"><\/ins><br \/>\n<script>\n(adsbygoogle = window.adsbygoogle || []).push({});\n<\/script><\/p>\n<p>La concesionaria gestionar\u00e1 la venta de la energ\u00eda generada en la instalaci\u00f3n fotovoltaica en cualquier tipolog\u00eda regulada en el mercado (autoconsumo, venta a mercado, servicios al sistema el\u00e9ctrico\u2026). La venta deber\u00e1 cumplir con todos los requisitos legales vigentes y futuros. Se baraja la opci\u00f3n a futuro de que esa instalaci\u00f3n sea el germen de una comunidad energ\u00e9tica en la zona.<\/p>\n","protected":false},"excerpt":{"rendered":"<p>Esa sola instalaci\u00f3n, que podr\u00eda estar lista para final de a\u00f1o, tendr\u00e1 casi la misma potencia que la instalada en el a\u00f1o pasado en toda la ciudad.<\/p>\n","protected":false},"author":1,"featured_media":40151,"comment_status":"open","ping_status":"closed","sticky":false,"template":"","format":"standard","meta":{"footnotes":""},"categories":[2],"tags":[],"class_list":["post-40515","post","type-post","status-publish","format-standard","has-post-thumbnail","hentry","category-ayuntamiento-pamplona"],"yoast_head":"<!-- This site is optimized with the Yoast SEO plugin v27.3 - https:\/\/yoast.com\/product\/yoast-seo-wordpress\/ -->\n<title>Aprobada la concesi\u00f3n administrativa de la instalaci\u00f3n fotovoltaica en el aparcamiento disuasorio junto al CPEIP Cardenal Ilund\u00e1in, que alcanzar\u00e1 los 1.094 kW de potencia pico<\/title>\n<meta name=\"description\" content=\"Esa sola instalaci\u00f3n, que podr\u00eda estar lista para final de a\u00f1o, tendr\u00e1 casi la misma potencia que la instalada en el a\u00f1o pasado en toda la ciudad.\" \/>\n<meta name=\"robots\" content=\"index, follow, max-snippet:-1, max-image-preview:large, max-video-preview:-1\" \/>\n<link rel=\"canonical\" href=\"https:\/\/www.laguiadepamplona.com\/actualidad\/aprobada-la-concesion-administrativa-de-la-instalacion-fotovoltaica-en-el-aparcamiento-disuasorio-junto-al-cpeip-cardenal-ilundain-que-alcanzara-los-1-094-kw-de-potencia-pico\/\" \/>\n<meta property=\"og:locale\" content=\"es_ES\" \/>\n<meta property=\"og:type\" content=\"article\" \/>\n<meta property=\"og:title\" content=\"Aprobada la concesi\u00f3n administrativa de la instalaci\u00f3n fotovoltaica en el aparcamiento disuasorio junto al CPEIP Cardenal Ilund\u00e1in, que alcanzar\u00e1 los 1.094 kW de potencia pico\" \/>\n<meta property=\"og:description\" content=\"Esa sola instalaci\u00f3n, que podr\u00eda estar lista para final de a\u00f1o, tendr\u00e1 casi la misma potencia que la instalada en el a\u00f1o pasado en toda la ciudad.\" \/>\n<meta property=\"og:url\" content=\"https:\/\/www.laguiadepamplona.com\/actualidad\/aprobada-la-concesion-administrativa-de-la-instalacion-fotovoltaica-en-el-aparcamiento-disuasorio-junto-al-cpeip-cardenal-ilundain-que-alcanzara-los-1-094-kw-de-potencia-pico\/\" \/>\n<meta property=\"og:site_name\" content=\"La Gu\u00eda de Pamplona\" \/>\n<meta property=\"article:publisher\" content=\"https:\/\/www.facebook.com\/laguiadepamplonacom-133175176762273\/?ref=hl\" \/>\n<meta property=\"article:published_time\" content=\"2022-05-30T11:34:59+00:00\" \/>\n<meta property=\"article:modified_time\" content=\"2023-04-11T09:48:07+00:00\" \/>\n<meta property=\"og:image\" content=\"https:\/\/www.laguiadepamplona.com\/actualidad\/wp-content\/uploads\/2022\/05\/PARKING-DISUASORIO-ROCHAPEA__EE5A6820.webp\" \/>\n\t<meta property=\"og:image:width\" content=\"1920\" \/>\n\t<meta property=\"og:image:height\" content=\"1280\" \/>\n\t<meta property=\"og:image:type\" content=\"image\/webp\" \/>\n<meta name=\"author\" content=\"La Gu\u00eda de Pamplona\" \/>\n<meta name=\"twitter:card\" content=\"summary_large_image\" \/>\n<meta name=\"twitter:creator\" content=\"@LaGuiadPamplona\" \/>\n<meta name=\"twitter:site\" content=\"@LaGuiadPamplona\" \/>\n<meta name=\"twitter:label1\" content=\"Escrito por\" \/>\n\t<meta name=\"twitter:data1\" content=\"La Gu\u00eda de Pamplona\" \/>\n\t<meta name=\"twitter:label2\" content=\"Tiempo de lectura\" \/>\n\t<meta name=\"twitter:data2\" content=\"3 minutos\" \/>\n<script type=\"application\/ld+json\" class=\"yoast-schema-graph\">{\"@context\":\"https:\\\/\\\/schema.org\",\"@graph\":[{\"@type\":\"Article\",\"@id\":\"https:\\\/\\\/www.laguiadepamplona.com\\\/actualidad\\\/aprobada-la-concesion-administrativa-de-la-instalacion-fotovoltaica-en-el-aparcamiento-disuasorio-junto-al-cpeip-cardenal-ilundain-que-alcanzara-los-1-094-kw-de-potencia-pico\\\/#article\",\"isPartOf\":{\"@id\":\"https:\\\/\\\/www.laguiadepamplona.com\\\/actualidad\\\/aprobada-la-concesion-administrativa-de-la-instalacion-fotovoltaica-en-el-aparcamiento-disuasorio-junto-al-cpeip-cardenal-ilundain-que-alcanzara-los-1-094-kw-de-potencia-pico\\\/\"},\"author\":{\"name\":\"La Gu\u00eda de Pamplona\",\"@id\":\"https:\\\/\\\/www.laguiadepamplona.com\\\/actualidad\\\/#\\\/schema\\\/person\\\/efe887376f0213d4657c93adc50b1fdb\"},\"headline\":\"Aprobada la concesi\u00f3n administrativa de la instalaci\u00f3n fotovoltaica en el aparcamiento disuasorio junto al CPEIP Cardenal Ilund\u00e1in, que alcanzar\u00e1 los 1.094 kW de potencia pico\",\"datePublished\":\"2022-05-30T11:34:59+00:00\",\"dateModified\":\"2023-04-11T09:48:07+00:00\",\"mainEntityOfPage\":{\"@id\":\"https:\\\/\\\/www.laguiadepamplona.com\\\/actualidad\\\/aprobada-la-concesion-administrativa-de-la-instalacion-fotovoltaica-en-el-aparcamiento-disuasorio-junto-al-cpeip-cardenal-ilundain-que-alcanzara-los-1-094-kw-de-potencia-pico\\\/\"},\"wordCount\":573,\"commentCount\":0,\"publisher\":{\"@id\":\"https:\\\/\\\/www.laguiadepamplona.com\\\/actualidad\\\/#organization\"},\"image\":{\"@id\":\"https:\\\/\\\/www.laguiadepamplona.com\\\/actualidad\\\/aprobada-la-concesion-administrativa-de-la-instalacion-fotovoltaica-en-el-aparcamiento-disuasorio-junto-al-cpeip-cardenal-ilundain-que-alcanzara-los-1-094-kw-de-potencia-pico\\\/#primaryimage\"},\"thumbnailUrl\":\"https:\\\/\\\/www.laguiadepamplona.com\\\/actualidad\\\/wp-content\\\/uploads\\\/2022\\\/05\\\/PARKING-DISUASORIO-ROCHAPEA__EE5A6820.webp\",\"articleSection\":[\"Ayto Pamplona\"],\"inLanguage\":\"es\",\"potentialAction\":[{\"@type\":\"CommentAction\",\"name\":\"Comment\",\"target\":[\"https:\\\/\\\/www.laguiadepamplona.com\\\/actualidad\\\/aprobada-la-concesion-administrativa-de-la-instalacion-fotovoltaica-en-el-aparcamiento-disuasorio-junto-al-cpeip-cardenal-ilundain-que-alcanzara-los-1-094-kw-de-potencia-pico\\\/#respond\"]}]},{\"@type\":\"WebPage\",\"@id\":\"https:\\\/\\\/www.laguiadepamplona.com\\\/actualidad\\\/aprobada-la-concesion-administrativa-de-la-instalacion-fotovoltaica-en-el-aparcamiento-disuasorio-junto-al-cpeip-cardenal-ilundain-que-alcanzara-los-1-094-kw-de-potencia-pico\\\/\",\"url\":\"https:\\\/\\\/www.laguiadepamplona.com\\\/actualidad\\\/aprobada-la-concesion-administrativa-de-la-instalacion-fotovoltaica-en-el-aparcamiento-disuasorio-junto-al-cpeip-cardenal-ilundain-que-alcanzara-los-1-094-kw-de-potencia-pico\\\/\",\"name\":\"Aprobada la concesi\u00f3n administrativa de la instalaci\u00f3n fotovoltaica en el aparcamiento disuasorio junto al CPEIP Cardenal Ilund\u00e1in, que alcanzar\u00e1 los 1.094 kW de potencia pico\",\"isPartOf\":{\"@id\":\"https:\\\/\\\/www.laguiadepamplona.com\\\/actualidad\\\/#website\"},\"primaryImageOfPage\":{\"@id\":\"https:\\\/\\\/www.laguiadepamplona.com\\\/actualidad\\\/aprobada-la-concesion-administrativa-de-la-instalacion-fotovoltaica-en-el-aparcamiento-disuasorio-junto-al-cpeip-cardenal-ilundain-que-alcanzara-los-1-094-kw-de-potencia-pico\\\/#primaryimage\"},\"image\":{\"@id\":\"https:\\\/\\\/www.laguiadepamplona.com\\\/actualidad\\\/aprobada-la-concesion-administrativa-de-la-instalacion-fotovoltaica-en-el-aparcamiento-disuasorio-junto-al-cpeip-cardenal-ilundain-que-alcanzara-los-1-094-kw-de-potencia-pico\\\/#primaryimage\"},\"thumbnailUrl\":\"https:\\\/\\\/www.laguiadepamplona.com\\\/actualidad\\\/wp-content\\\/uploads\\\/2022\\\/05\\\/PARKING-DISUASORIO-ROCHAPEA__EE5A6820.webp\",\"datePublished\":\"2022-05-30T11:34:59+00:00\",\"dateModified\":\"2023-04-11T09:48:07+00:00\",\"description\":\"Esa sola instalaci\u00f3n, que podr\u00eda estar lista para final de a\u00f1o, tendr\u00e1 casi la misma potencia que la instalada en el a\u00f1o pasado en toda la ciudad.\",\"breadcrumb\":{\"@id\":\"https:\\\/\\\/www.laguiadepamplona.com\\\/actualidad\\\/aprobada-la-concesion-administrativa-de-la-instalacion-fotovoltaica-en-el-aparcamiento-disuasorio-junto-al-cpeip-cardenal-ilundain-que-alcanzara-los-1-094-kw-de-potencia-pico\\\/#breadcrumb\"},\"inLanguage\":\"es\",\"potentialAction\":[{\"@type\":\"ReadAction\",\"target\":[\"https:\\\/\\\/www.laguiadepamplona.com\\\/actualidad\\\/aprobada-la-concesion-administrativa-de-la-instalacion-fotovoltaica-en-el-aparcamiento-disuasorio-junto-al-cpeip-cardenal-ilundain-que-alcanzara-los-1-094-kw-de-potencia-pico\\\/\"]}]},{\"@type\":\"ImageObject\",\"inLanguage\":\"es\",\"@id\":\"https:\\\/\\\/www.laguiadepamplona.com\\\/actualidad\\\/aprobada-la-concesion-administrativa-de-la-instalacion-fotovoltaica-en-el-aparcamiento-disuasorio-junto-al-cpeip-cardenal-ilundain-que-alcanzara-los-1-094-kw-de-potencia-pico\\\/#primaryimage\",\"url\":\"https:\\\/\\\/www.laguiadepamplona.com\\\/actualidad\\\/wp-content\\\/uploads\\\/2022\\\/05\\\/PARKING-DISUASORIO-ROCHAPEA__EE5A6820.webp\",\"contentUrl\":\"https:\\\/\\\/www.laguiadepamplona.com\\\/actualidad\\\/wp-content\\\/uploads\\\/2022\\\/05\\\/PARKING-DISUASORIO-ROCHAPEA__EE5A6820.webp\",\"width\":1920,\"height\":1280},{\"@type\":\"BreadcrumbList\",\"@id\":\"https:\\\/\\\/www.laguiadepamplona.com\\\/actualidad\\\/aprobada-la-concesion-administrativa-de-la-instalacion-fotovoltaica-en-el-aparcamiento-disuasorio-junto-al-cpeip-cardenal-ilundain-que-alcanzara-los-1-094-kw-de-potencia-pico\\\/#breadcrumb\",\"itemListElement\":[{\"@type\":\"ListItem\",\"position\":1,\"name\":\"Portada\",\"item\":\"https:\\\/\\\/www.laguiadepamplona.com\\\/actualidad\\\/\"},{\"@type\":\"ListItem\",\"position\":2,\"name\":\"Aprobada la concesi\u00f3n administrativa de la instalaci\u00f3n fotovoltaica en el aparcamiento disuasorio junto al CPEIP Cardenal Ilund\u00e1in, que alcanzar\u00e1 los 1.094 kW de potencia pico\"}]},{\"@type\":\"WebSite\",\"@id\":\"https:\\\/\\\/www.laguiadepamplona.com\\\/actualidad\\\/#website\",\"url\":\"https:\\\/\\\/www.laguiadepamplona.com\\\/actualidad\\\/\",\"name\":\"La gu\u00eda de Pamplona\",\"description\":\"Noticias de Pamplona\",\"publisher\":{\"@id\":\"https:\\\/\\\/www.laguiadepamplona.com\\\/actualidad\\\/#organization\"},\"potentialAction\":[{\"@type\":\"SearchAction\",\"target\":{\"@type\":\"EntryPoint\",\"urlTemplate\":\"https:\\\/\\\/www.laguiadepamplona.com\\\/actualidad\\\/?s={search_term_string}\"},\"query-input\":{\"@type\":\"PropertyValueSpecification\",\"valueRequired\":true,\"valueName\":\"search_term_string\"}}],\"inLanguage\":\"es\"},{\"@type\":\"Organization\",\"@id\":\"https:\\\/\\\/www.laguiadepamplona.com\\\/actualidad\\\/#organization\",\"name\":\"La Gu\u00eda de Pamplona \\\/ Noticias\",\"url\":\"https:\\\/\\\/www.laguiadepamplona.com\\\/actualidad\\\/\",\"logo\":{\"@type\":\"ImageObject\",\"inLanguage\":\"es\",\"@id\":\"https:\\\/\\\/www.laguiadepamplona.com\\\/actualidad\\\/#\\\/schema\\\/logo\\\/image\\\/\",\"url\":\"https:\\\/\\\/www.laguiadepamplona.com\\\/actualidad\\\/wp-content\\\/uploads\\\/2018\\\/11\\\/logo-laguiadepamplona18-web1.png\",\"contentUrl\":\"https:\\\/\\\/www.laguiadepamplona.com\\\/actualidad\\\/wp-content\\\/uploads\\\/2018\\\/11\\\/logo-laguiadepamplona18-web1.png\",\"width\":600,\"height\":196,\"caption\":\"La Gu\u00eda de Pamplona \\\/ Noticias\"},\"image\":{\"@id\":\"https:\\\/\\\/www.laguiadepamplona.com\\\/actualidad\\\/#\\\/schema\\\/logo\\\/image\\\/\"},\"sameAs\":[\"https:\\\/\\\/www.facebook.com\\\/laguiadepamplonacom-133175176762273\\\/?ref=hl\",\"https:\\\/\\\/x.com\\\/LaGuiadPamplona\",\"https:\\\/\\\/www.instagram.com\\\/la_guia_de_pamplona\\\/\",\"https:\\\/\\\/www.youtube.com\\\/user\\\/laguiadepamplona\"]},{\"@type\":\"Person\",\"@id\":\"https:\\\/\\\/www.laguiadepamplona.com\\\/actualidad\\\/#\\\/schema\\\/person\\\/efe887376f0213d4657c93adc50b1fdb\",\"name\":\"La Gu\u00eda de Pamplona\",\"image\":{\"@type\":\"ImageObject\",\"inLanguage\":\"es\",\"@id\":\"https:\\\/\\\/secure.gravatar.com\\\/avatar\\\/b6992f131dc8d30ab0dff15446e9d346d9dbd95992de0fef795073f5ea83a81c?s=96&d=mm&r=g\",\"url\":\"https:\\\/\\\/secure.gravatar.com\\\/avatar\\\/b6992f131dc8d30ab0dff15446e9d346d9dbd95992de0fef795073f5ea83a81c?s=96&d=mm&r=g\",\"contentUrl\":\"https:\\\/\\\/secure.gravatar.com\\\/avatar\\\/b6992f131dc8d30ab0dff15446e9d346d9dbd95992de0fef795073f5ea83a81c?s=96&d=mm&r=g\",\"caption\":\"La Gu\u00eda de Pamplona\"}}]}<\/script>\n<!-- \/ Yoast SEO plugin. -->","yoast_head_json":{"title":"Aprobada la concesi\u00f3n administrativa de la instalaci\u00f3n fotovoltaica en el aparcamiento disuasorio junto al CPEIP Cardenal Ilund\u00e1in, que alcanzar\u00e1 los 1.094 kW de potencia pico","description":"Esa sola instalaci\u00f3n, que podr\u00eda estar lista para final de a\u00f1o, tendr\u00e1 casi la misma potencia que la instalada en el a\u00f1o pasado en toda la ciudad.","robots":{"index":"index","follow":"follow","max-snippet":"max-snippet:-1","max-image-preview":"max-image-preview:large","max-video-preview":"max-video-preview:-1"},"canonical":"https:\/\/www.laguiadepamplona.com\/actualidad\/aprobada-la-concesion-administrativa-de-la-instalacion-fotovoltaica-en-el-aparcamiento-disuasorio-junto-al-cpeip-cardenal-ilundain-que-alcanzara-los-1-094-kw-de-potencia-pico\/","og_locale":"es_ES","og_type":"article","og_title":"Aprobada la concesi\u00f3n administrativa de la instalaci\u00f3n fotovoltaica en el aparcamiento disuasorio junto al CPEIP Cardenal Ilund\u00e1in, que alcanzar\u00e1 los 1.094 kW de potencia pico","og_description":"Esa sola instalaci\u00f3n, que podr\u00eda estar lista para final de a\u00f1o, tendr\u00e1 casi la misma potencia que la instalada en el a\u00f1o pasado en toda la ciudad.","og_url":"https:\/\/www.laguiadepamplona.com\/actualidad\/aprobada-la-concesion-administrativa-de-la-instalacion-fotovoltaica-en-el-aparcamiento-disuasorio-junto-al-cpeip-cardenal-ilundain-que-alcanzara-los-1-094-kw-de-potencia-pico\/","og_site_name":"La Gu\u00eda de Pamplona","article_publisher":"https:\/\/www.facebook.com\/laguiadepamplonacom-133175176762273\/?ref=hl","article_published_time":"2022-05-30T11:34:59+00:00","article_modified_time":"2023-04-11T09:48:07+00:00","og_image":[{"width":1920,"height":1280,"url":"https:\/\/www.laguiadepamplona.com\/actualidad\/wp-content\/uploads\/2022\/05\/PARKING-DISUASORIO-ROCHAPEA__EE5A6820.webp","type":"image\/webp"}],"author":"La Gu\u00eda de Pamplona","twitter_card":"summary_large_image","twitter_creator":"@LaGuiadPamplona","twitter_site":"@LaGuiadPamplona","twitter_misc":{"Escrito por":"La Gu\u00eda de Pamplona","Tiempo de lectura":"3 minutos"},"schema":{"@context":"https:\/\/schema.org","@graph":[{"@type":"Article","@id":"https:\/\/www.laguiadepamplona.com\/actualidad\/aprobada-la-concesion-administrativa-de-la-instalacion-fotovoltaica-en-el-aparcamiento-disuasorio-junto-al-cpeip-cardenal-ilundain-que-alcanzara-los-1-094-kw-de-potencia-pico\/#article","isPartOf":{"@id":"https:\/\/www.laguiadepamplona.com\/actualidad\/aprobada-la-concesion-administrativa-de-la-instalacion-fotovoltaica-en-el-aparcamiento-disuasorio-junto-al-cpeip-cardenal-ilundain-que-alcanzara-los-1-094-kw-de-potencia-pico\/"},"author":{"name":"La Gu\u00eda de Pamplona","@id":"https:\/\/www.laguiadepamplona.com\/actualidad\/#\/schema\/person\/efe887376f0213d4657c93adc50b1fdb"},"headline":"Aprobada la concesi\u00f3n administrativa de la instalaci\u00f3n fotovoltaica en el aparcamiento disuasorio junto al CPEIP Cardenal Ilund\u00e1in, que alcanzar\u00e1 los 1.094 kW de potencia pico","datePublished":"2022-05-30T11:34:59+00:00","dateModified":"2023-04-11T09:48:07+00:00","mainEntityOfPage":{"@id":"https:\/\/www.laguiadepamplona.com\/actualidad\/aprobada-la-concesion-administrativa-de-la-instalacion-fotovoltaica-en-el-aparcamiento-disuasorio-junto-al-cpeip-cardenal-ilundain-que-alcanzara-los-1-094-kw-de-potencia-pico\/"},"wordCount":573,"commentCount":0,"publisher":{"@id":"https:\/\/www.laguiadepamplona.com\/actualidad\/#organization"},"image":{"@id":"https:\/\/www.laguiadepamplona.com\/actualidad\/aprobada-la-concesion-administrativa-de-la-instalacion-fotovoltaica-en-el-aparcamiento-disuasorio-junto-al-cpeip-cardenal-ilundain-que-alcanzara-los-1-094-kw-de-potencia-pico\/#primaryimage"},"thumbnailUrl":"https:\/\/www.laguiadepamplona.com\/actualidad\/wp-content\/uploads\/2022\/05\/PARKING-DISUASORIO-ROCHAPEA__EE5A6820.webp","articleSection":["Ayto Pamplona"],"inLanguage":"es","potentialAction":[{"@type":"CommentAction","name":"Comment","target":["https:\/\/www.laguiadepamplona.com\/actualidad\/aprobada-la-concesion-administrativa-de-la-instalacion-fotovoltaica-en-el-aparcamiento-disuasorio-junto-al-cpeip-cardenal-ilundain-que-alcanzara-los-1-094-kw-de-potencia-pico\/#respond"]}]},{"@type":"WebPage","@id":"https:\/\/www.laguiadepamplona.com\/actualidad\/aprobada-la-concesion-administrativa-de-la-instalacion-fotovoltaica-en-el-aparcamiento-disuasorio-junto-al-cpeip-cardenal-ilundain-que-alcanzara-los-1-094-kw-de-potencia-pico\/","url":"https:\/\/www.laguiadepamplona.com\/actualidad\/aprobada-la-concesion-administrativa-de-la-instalacion-fotovoltaica-en-el-aparcamiento-disuasorio-junto-al-cpeip-cardenal-ilundain-que-alcanzara-los-1-094-kw-de-potencia-pico\/","name":"Aprobada la concesi\u00f3n administrativa de la instalaci\u00f3n fotovoltaica en el aparcamiento disuasorio junto al CPEIP Cardenal Ilund\u00e1in, que alcanzar\u00e1 los 1.094 kW de potencia pico","isPartOf":{"@id":"https:\/\/www.laguiadepamplona.com\/actualidad\/#website"},"primaryImageOfPage":{"@id":"https:\/\/www.laguiadepamplona.com\/actualidad\/aprobada-la-concesion-administrativa-de-la-instalacion-fotovoltaica-en-el-aparcamiento-disuasorio-junto-al-cpeip-cardenal-ilundain-que-alcanzara-los-1-094-kw-de-potencia-pico\/#primaryimage"},"image":{"@id":"https:\/\/www.laguiadepamplona.com\/actualidad\/aprobada-la-concesion-administrativa-de-la-instalacion-fotovoltaica-en-el-aparcamiento-disuasorio-junto-al-cpeip-cardenal-ilundain-que-alcanzara-los-1-094-kw-de-potencia-pico\/#primaryimage"},"thumbnailUrl":"https:\/\/www.laguiadepamplona.com\/actualidad\/wp-content\/uploads\/2022\/05\/PARKING-DISUASORIO-ROCHAPEA__EE5A6820.webp","datePublished":"2022-05-30T11:34:59+00:00","dateModified":"2023-04-11T09:48:07+00:00","description":"Esa sola instalaci\u00f3n, que podr\u00eda estar lista para final de a\u00f1o, tendr\u00e1 casi la misma potencia que la instalada en el a\u00f1o pasado en toda la ciudad.","breadcrumb":{"@id":"https:\/\/www.laguiadepamplona.com\/actualidad\/aprobada-la-concesion-administrativa-de-la-instalacion-fotovoltaica-en-el-aparcamiento-disuasorio-junto-al-cpeip-cardenal-ilundain-que-alcanzara-los-1-094-kw-de-potencia-pico\/#breadcrumb"},"inLanguage":"es","potentialAction":[{"@type":"ReadAction","target":["https:\/\/www.laguiadepamplona.com\/actualidad\/aprobada-la-concesion-administrativa-de-la-instalacion-fotovoltaica-en-el-aparcamiento-disuasorio-junto-al-cpeip-cardenal-ilundain-que-alcanzara-los-1-094-kw-de-potencia-pico\/"]}]},{"@type":"ImageObject","inLanguage":"es","@id":"https:\/\/www.laguiadepamplona.com\/actualidad\/aprobada-la-concesion-administrativa-de-la-instalacion-fotovoltaica-en-el-aparcamiento-disuasorio-junto-al-cpeip-cardenal-ilundain-que-alcanzara-los-1-094-kw-de-potencia-pico\/#primaryimage","url":"https:\/\/www.laguiadepamplona.com\/actualidad\/wp-content\/uploads\/2022\/05\/PARKING-DISUASORIO-ROCHAPEA__EE5A6820.webp","contentUrl":"https:\/\/www.laguiadepamplona.com\/actualidad\/wp-content\/uploads\/2022\/05\/PARKING-DISUASORIO-ROCHAPEA__EE5A6820.webp","width":1920,"height":1280},{"@type":"BreadcrumbList","@id":"https:\/\/www.laguiadepamplona.com\/actualidad\/aprobada-la-concesion-administrativa-de-la-instalacion-fotovoltaica-en-el-aparcamiento-disuasorio-junto-al-cpeip-cardenal-ilundain-que-alcanzara-los-1-094-kw-de-potencia-pico\/#breadcrumb","itemListElement":[{"@type":"ListItem","position":1,"name":"Portada","item":"https:\/\/www.laguiadepamplona.com\/actualidad\/"},{"@type":"ListItem","position":2,"name":"Aprobada la concesi\u00f3n administrativa de la instalaci\u00f3n fotovoltaica en el aparcamiento disuasorio junto al CPEIP Cardenal Ilund\u00e1in, que alcanzar\u00e1 los 1.094 kW de potencia pico"}]},{"@type":"WebSite","@id":"https:\/\/www.laguiadepamplona.com\/actualidad\/#website","url":"https:\/\/www.laguiadepamplona.com\/actualidad\/","name":"La gu\u00eda de Pamplona","description":"Noticias de Pamplona","publisher":{"@id":"https:\/\/www.laguiadepamplona.com\/actualidad\/#organization"},"potentialAction":[{"@type":"SearchAction","target":{"@type":"EntryPoint","urlTemplate":"https:\/\/www.laguiadepamplona.com\/actualidad\/?s={search_term_string}"},"query-input":{"@type":"PropertyValueSpecification","valueRequired":true,"valueName":"search_term_string"}}],"inLanguage":"es"},{"@type":"Organization","@id":"https:\/\/www.laguiadepamplona.com\/actualidad\/#organization","name":"La Gu\u00eda de Pamplona \/ Noticias","url":"https:\/\/www.laguiadepamplona.com\/actualidad\/","logo":{"@type":"ImageObject","inLanguage":"es","@id":"https:\/\/www.laguiadepamplona.com\/actualidad\/#\/schema\/logo\/image\/","url":"https:\/\/www.laguiadepamplona.com\/actualidad\/wp-content\/uploads\/2018\/11\/logo-laguiadepamplona18-web1.png","contentUrl":"https:\/\/www.laguiadepamplona.com\/actualidad\/wp-content\/uploads\/2018\/11\/logo-laguiadepamplona18-web1.png","width":600,"height":196,"caption":"La Gu\u00eda de Pamplona \/ Noticias"},"image":{"@id":"https:\/\/www.laguiadepamplona.com\/actualidad\/#\/schema\/logo\/image\/"},"sameAs":["https:\/\/www.facebook.com\/laguiadepamplonacom-133175176762273\/?ref=hl","https:\/\/x.com\/LaGuiadPamplona","https:\/\/www.instagram.com\/la_guia_de_pamplona\/","https:\/\/www.youtube.com\/user\/laguiadepamplona"]},{"@type":"Person","@id":"https:\/\/www.laguiadepamplona.com\/actualidad\/#\/schema\/person\/efe887376f0213d4657c93adc50b1fdb","name":"La Gu\u00eda de Pamplona","image":{"@type":"ImageObject","inLanguage":"es","@id":"https:\/\/secure.gravatar.com\/avatar\/b6992f131dc8d30ab0dff15446e9d346d9dbd95992de0fef795073f5ea83a81c?s=96&d=mm&r=g","url":"https:\/\/secure.gravatar.com\/avatar\/b6992f131dc8d30ab0dff15446e9d346d9dbd95992de0fef795073f5ea83a81c?s=96&d=mm&r=g","contentUrl":"https:\/\/secure.gravatar.com\/avatar\/b6992f131dc8d30ab0dff15446e9d346d9dbd95992de0fef795073f5ea83a81c?s=96&d=mm&r=g","caption":"La Gu\u00eda de Pamplona"}}]}},"post_mailing_queue_ids":[],"_links":{"self":[{"href":"https:\/\/www.laguiadepamplona.com\/actualidad\/wp-json\/wp\/v2\/posts\/40515","targetHints":{"allow":["GET"]}}],"collection":[{"href":"https:\/\/www.laguiadepamplona.com\/actualidad\/wp-json\/wp\/v2\/posts"}],"about":[{"href":"https:\/\/www.laguiadepamplona.com\/actualidad\/wp-json\/wp\/v2\/types\/post"}],"author":[{"embeddable":true,"href":"https:\/\/www.laguiadepamplona.com\/actualidad\/wp-json\/wp\/v2\/users\/1"}],"replies":[{"embeddable":true,"href":"https:\/\/www.laguiadepamplona.com\/actualidad\/wp-json\/wp\/v2\/comments?post=40515"}],"version-history":[{"count":0,"href":"https:\/\/www.laguiadepamplona.com\/actualidad\/wp-json\/wp\/v2\/posts\/40515\/revisions"}],"wp:featuredmedia":[{"embeddable":true,"href":"https:\/\/www.laguiadepamplona.com\/actualidad\/wp-json\/wp\/v2\/media\/40151"}],"wp:attachment":[{"href":"https:\/\/www.laguiadepamplona.com\/actualidad\/wp-json\/wp\/v2\/media?parent=40515"}],"wp:term":[{"taxonomy":"category","embeddable":true,"href":"https:\/\/www.laguiadepamplona.com\/actualidad\/wp-json\/wp\/v2\/categories?post=40515"},{"taxonomy":"post_tag","embeddable":true,"href":"https:\/\/www.laguiadepamplona.com\/actualidad\/wp-json\/wp\/v2\/tags?post=40515"}],"curies":[{"name":"wp","href":"https:\/\/api.w.org\/{rel}","templated":true}]}}