{"id":40503,"date":"2022-05-27T17:51:59","date_gmt":"2022-05-27T15:51:59","guid":{"rendered":"https:\/\/www.laguiadepamplona.com\/actualidad\/?p=40503"},"modified":"2023-04-11T11:48:08","modified_gmt":"2023-04-11T09:48:08","slug":"el-ayuntamiento-de-pamplona-recibe-el-accesit-del-iv-premio-internacional-carlos-roman-de-evaluacion-de-politicas-publicas","status":"publish","type":"post","link":"https:\/\/www.laguiadepamplona.com\/actualidad\/el-ayuntamiento-de-pamplona-recibe-el-accesit-del-iv-premio-internacional-carlos-roman-de-evaluacion-de-politicas-publicas\/","title":{"rendered":"El Ayuntamiento de Pamplona recibe el acc\u00e9sit del IV Premio Internacional Carlos Rom\u00e1n de Evaluaci\u00f3n de Pol\u00edticas P\u00fablicas"},"content":{"rendered":"<h5>El premio reconoce el trabajo de evaluaci\u00f3n del nuevo modelo de Atenci\u00f3n primaria de los Servicios Sociales del Ayuntamiento de Pamplona<\/h5>\n<p><!--more--><\/p>\n<p>El trabajo de evaluaci\u00f3n del nuevo modelo de Atenci\u00f3n Primaria de los Servicios Sociales del Ayuntamiento de Pamplona ha recibido el acc\u00e9sit de la cuarta edici\u00f3n del Premio Internacional Carlos Rom\u00e1n de Evaluaci\u00f3n de Pol\u00edticas P\u00fablicas. El premio, que concede la Sociedad Espa\u00f1ola de Evaluaci\u00f3n, se ha entregado esta ma\u00f1ana en la XII Conferencia Bienal Internacional de Evaluaci\u00f3n de Pol\u00edticas P\u00fablicas &#8216;SEE2022&#8217;, que se est\u00e1n celebrando en Civican. Lo ha recogido la concejala delegada de Servicios Sociales, Acci\u00f3n Comunitaria y Deporte, Mar\u00eda Caballero.<br \/>\n<script async src=\"\/\/pagead2.googlesyndication.com\/pagead\/js\/adsbygoogle.js\"><\/script><br \/>\n<!-- Noticias La Guia de Pamplona --><br \/>\n<ins class=\"adsbygoogle\"\nstyle=\"display:block\"\ndata-ad-client=\"ca-pub-6943679897239327\"\ndata-ad-slot=\"7048180777\"\ndata-ad-format=\"auto\"><\/ins><br \/>\n<script>\n(adsbygoogle = window.adsbygoogle || []).push({});\n<\/script><\/p>\n<p>La evaluaci\u00f3n del nuevo modelo de Atenci\u00f3n Primaria se puso en marcha en 2019 y la llev\u00f3 a cabo una comisi\u00f3n t\u00e9cnica compuesta por personal propio del Ayuntamiento entre 2020 y 2021. El trabajo buscaba conocer en qu\u00e9 grado el conjunto de medidas que componen el nuevo modelo estaban orientadas a resolver los principales problemas detectados en el Documento Marco de Atenci\u00f3n Primaria de Servicios Sociales de Navarra. As\u00ed mismo, se trata de conocer el grado de coherencia de dichas medidas, su eficacia y el nivel de implementaci\u00f3n de los elementos clave que componen el modelo de atenci\u00f3n de las Unidades de Barrio de Pamplona.<\/p>\n<p>La evaluaci\u00f3n pivot\u00f3 sobre un triple enfoque: el program\u00e1tico, el profesional y el territorial, con la intenci\u00f3n de abordar de una manera integral el marco mediante el cual se estructuran los Servicios Sociales de Base de Pamplona. Para ejecutar dicha evaluaci\u00f3n se emple\u00f3 una estrategia de triangulaci\u00f3n metodol\u00f3gica con distintas t\u00e9cnicas de investigaci\u00f3n. Adem\u00e1s de llegar a una serie de conclusiones generales, la evaluaci\u00f3n permiti\u00f3 la proposici\u00f3n de una serie de recomendaciones con la intenci\u00f3n de mejorar los procesos de trabajo que se llevan a cabo en las Unidades de Barrio, y, en definitiva, el servicio que el \u00c1rea de Servicios Sociales del Ayuntamiento de Pamplona ofrece a la ciudadan\u00eda. El dise\u00f1o y liderazgo de esta evaluaci\u00f3n corri\u00f3 a cargo de la Oficina Estrat\u00e9gica del Ayuntamiento.<br \/>\n<script async src=\"\/\/pagead2.googlesyndication.com\/pagead\/js\/adsbygoogle.js\"><\/script><br \/>\n<!-- Noticias La Guia de Pamplona --><br \/>\n<ins class=\"adsbygoogle\"\nstyle=\"display:block\"\ndata-ad-client=\"ca-pub-6943679897239327\"\ndata-ad-slot=\"7048180777\"\ndata-ad-format=\"auto\"><\/ins><br \/>\n<script>\n(adsbygoogle = window.adsbygoogle || []).push({});\n<\/script><\/p>\n<p>El jurado que ha otorgado el premio ha estado formado por el presidente de la Red Internacional de Evaluaci\u00f3n, Antonio Igea, la presidenta de la Red Ib\u00e9rica de Profesionales de la Evaluaci\u00f3n, Aida El-Khoury, y el presidente de la Sociedad Espa\u00f1ola de Evaluaci\u00f3n Daniel Catal\u00e1. Se han premiado dos trabajos exaequo, adem\u00e1s del acc\u00e9sit concedido al Ayuntamiento de Pamplona. Junto al trofeo, el premio conlleva 500 euros en met\u00e1lico.<\/p>\n","protected":false},"excerpt":{"rendered":"<p>El premio reconoce el trabajo de evaluaci\u00f3n del nuevo modelo de Atenci\u00f3n primaria de los Servicios Sociales del Ayuntamiento de Pamplona<\/p>\n","protected":false},"author":1,"featured_media":40504,"comment_status":"open","ping_status":"closed","sticky":false,"template":"","format":"standard","meta":{"footnotes":""},"categories":[2],"tags":[],"class_list":["post-40503","post","type-post","status-publish","format-standard","has-post-thumbnail","hentry","category-ayuntamiento-pamplona"],"yoast_head":"<!-- This site is optimized with the Yoast SEO plugin v27.3 - https:\/\/yoast.com\/product\/yoast-seo-wordpress\/ -->\n<title>El Ayuntamiento de Pamplona recibe el acc\u00e9sit del IV Premio Internacional Carlos Rom\u00e1n de Evaluaci\u00f3n de Pol\u00edticas P\u00fablicas<\/title>\n<meta name=\"description\" content=\"El premio reconoce el trabajo de evaluaci\u00f3n del nuevo modelo de Atenci\u00f3n primaria de los Servicios Sociales del Ayuntamiento de Pamplona\" \/>\n<meta name=\"robots\" content=\"index, follow, max-snippet:-1, max-image-preview:large, max-video-preview:-1\" \/>\n<link rel=\"canonical\" href=\"https:\/\/www.laguiadepamplona.com\/actualidad\/el-ayuntamiento-de-pamplona-recibe-el-accesit-del-iv-premio-internacional-carlos-roman-de-evaluacion-de-politicas-publicas\/\" \/>\n<meta property=\"og:locale\" content=\"es_ES\" \/>\n<meta property=\"og:type\" content=\"article\" \/>\n<meta property=\"og:title\" content=\"El Ayuntamiento de Pamplona recibe el acc\u00e9sit del IV Premio Internacional Carlos Rom\u00e1n de Evaluaci\u00f3n de Pol\u00edticas P\u00fablicas\" \/>\n<meta property=\"og:description\" content=\"El premio reconoce el trabajo de evaluaci\u00f3n del nuevo modelo de Atenci\u00f3n primaria de los Servicios Sociales del Ayuntamiento de Pamplona\" \/>\n<meta property=\"og:url\" content=\"https:\/\/www.laguiadepamplona.com\/actualidad\/el-ayuntamiento-de-pamplona-recibe-el-accesit-del-iv-premio-internacional-carlos-roman-de-evaluacion-de-politicas-publicas\/\" \/>\n<meta property=\"og:site_name\" content=\"La Gu\u00eda de Pamplona\" \/>\n<meta property=\"article:publisher\" content=\"https:\/\/www.facebook.com\/laguiadepamplonacom-133175176762273\/?ref=hl\" \/>\n<meta property=\"article:published_time\" content=\"2022-05-27T15:51:59+00:00\" \/>\n<meta property=\"article:modified_time\" content=\"2023-04-11T09:48:08+00:00\" \/>\n<meta property=\"og:image\" content=\"https:\/\/www.laguiadepamplona.com\/actualidad\/wp-content\/uploads\/2022\/05\/accesit-premio-internacional.webp\" \/>\n\t<meta property=\"og:image:width\" content=\"1920\" \/>\n\t<meta property=\"og:image:height\" content=\"1281\" \/>\n\t<meta property=\"og:image:type\" content=\"image\/webp\" \/>\n<meta name=\"author\" content=\"La Gu\u00eda de Pamplona\" \/>\n<meta name=\"twitter:card\" content=\"summary_large_image\" \/>\n<meta name=\"twitter:creator\" content=\"@LaGuiadPamplona\" \/>\n<meta name=\"twitter:site\" content=\"@LaGuiadPamplona\" \/>\n<meta name=\"twitter:label1\" content=\"Escrito por\" \/>\n\t<meta name=\"twitter:data1\" content=\"La Gu\u00eda de Pamplona\" \/>\n\t<meta name=\"twitter:label2\" content=\"Tiempo de lectura\" \/>\n\t<meta name=\"twitter:data2\" content=\"2 minutos\" \/>\n<script type=\"application\/ld+json\" class=\"yoast-schema-graph\">{\"@context\":\"https:\\\/\\\/schema.org\",\"@graph\":[{\"@type\":\"Article\",\"@id\":\"https:\\\/\\\/www.laguiadepamplona.com\\\/actualidad\\\/el-ayuntamiento-de-pamplona-recibe-el-accesit-del-iv-premio-internacional-carlos-roman-de-evaluacion-de-politicas-publicas\\\/#article\",\"isPartOf\":{\"@id\":\"https:\\\/\\\/www.laguiadepamplona.com\\\/actualidad\\\/el-ayuntamiento-de-pamplona-recibe-el-accesit-del-iv-premio-internacional-carlos-roman-de-evaluacion-de-politicas-publicas\\\/\"},\"author\":{\"name\":\"La Gu\u00eda de Pamplona\",\"@id\":\"https:\\\/\\\/www.laguiadepamplona.com\\\/actualidad\\\/#\\\/schema\\\/person\\\/efe887376f0213d4657c93adc50b1fdb\"},\"headline\":\"El Ayuntamiento de Pamplona recibe el acc\u00e9sit del IV Premio Internacional Carlos Rom\u00e1n de Evaluaci\u00f3n de Pol\u00edticas P\u00fablicas\",\"datePublished\":\"2022-05-27T15:51:59+00:00\",\"dateModified\":\"2023-04-11T09:48:08+00:00\",\"mainEntityOfPage\":{\"@id\":\"https:\\\/\\\/www.laguiadepamplona.com\\\/actualidad\\\/el-ayuntamiento-de-pamplona-recibe-el-accesit-del-iv-premio-internacional-carlos-roman-de-evaluacion-de-politicas-publicas\\\/\"},\"wordCount\":473,\"commentCount\":0,\"publisher\":{\"@id\":\"https:\\\/\\\/www.laguiadepamplona.com\\\/actualidad\\\/#organization\"},\"image\":{\"@id\":\"https:\\\/\\\/www.laguiadepamplona.com\\\/actualidad\\\/el-ayuntamiento-de-pamplona-recibe-el-accesit-del-iv-premio-internacional-carlos-roman-de-evaluacion-de-politicas-publicas\\\/#primaryimage\"},\"thumbnailUrl\":\"https:\\\/\\\/www.laguiadepamplona.com\\\/actualidad\\\/wp-content\\\/uploads\\\/2022\\\/05\\\/accesit-premio-internacional.webp\",\"articleSection\":[\"Ayto Pamplona\"],\"inLanguage\":\"es\",\"potentialAction\":[{\"@type\":\"CommentAction\",\"name\":\"Comment\",\"target\":[\"https:\\\/\\\/www.laguiadepamplona.com\\\/actualidad\\\/el-ayuntamiento-de-pamplona-recibe-el-accesit-del-iv-premio-internacional-carlos-roman-de-evaluacion-de-politicas-publicas\\\/#respond\"]}]},{\"@type\":\"WebPage\",\"@id\":\"https:\\\/\\\/www.laguiadepamplona.com\\\/actualidad\\\/el-ayuntamiento-de-pamplona-recibe-el-accesit-del-iv-premio-internacional-carlos-roman-de-evaluacion-de-politicas-publicas\\\/\",\"url\":\"https:\\\/\\\/www.laguiadepamplona.com\\\/actualidad\\\/el-ayuntamiento-de-pamplona-recibe-el-accesit-del-iv-premio-internacional-carlos-roman-de-evaluacion-de-politicas-publicas\\\/\",\"name\":\"El Ayuntamiento de Pamplona recibe el acc\u00e9sit del IV Premio Internacional Carlos Rom\u00e1n de Evaluaci\u00f3n de Pol\u00edticas P\u00fablicas\",\"isPartOf\":{\"@id\":\"https:\\\/\\\/www.laguiadepamplona.com\\\/actualidad\\\/#website\"},\"primaryImageOfPage\":{\"@id\":\"https:\\\/\\\/www.laguiadepamplona.com\\\/actualidad\\\/el-ayuntamiento-de-pamplona-recibe-el-accesit-del-iv-premio-internacional-carlos-roman-de-evaluacion-de-politicas-publicas\\\/#primaryimage\"},\"image\":{\"@id\":\"https:\\\/\\\/www.laguiadepamplona.com\\\/actualidad\\\/el-ayuntamiento-de-pamplona-recibe-el-accesit-del-iv-premio-internacional-carlos-roman-de-evaluacion-de-politicas-publicas\\\/#primaryimage\"},\"thumbnailUrl\":\"https:\\\/\\\/www.laguiadepamplona.com\\\/actualidad\\\/wp-content\\\/uploads\\\/2022\\\/05\\\/accesit-premio-internacional.webp\",\"datePublished\":\"2022-05-27T15:51:59+00:00\",\"dateModified\":\"2023-04-11T09:48:08+00:00\",\"description\":\"El premio reconoce el trabajo de evaluaci\u00f3n del nuevo modelo de Atenci\u00f3n primaria de los Servicios Sociales del Ayuntamiento de Pamplona\",\"breadcrumb\":{\"@id\":\"https:\\\/\\\/www.laguiadepamplona.com\\\/actualidad\\\/el-ayuntamiento-de-pamplona-recibe-el-accesit-del-iv-premio-internacional-carlos-roman-de-evaluacion-de-politicas-publicas\\\/#breadcrumb\"},\"inLanguage\":\"es\",\"potentialAction\":[{\"@type\":\"ReadAction\",\"target\":[\"https:\\\/\\\/www.laguiadepamplona.com\\\/actualidad\\\/el-ayuntamiento-de-pamplona-recibe-el-accesit-del-iv-premio-internacional-carlos-roman-de-evaluacion-de-politicas-publicas\\\/\"]}]},{\"@type\":\"ImageObject\",\"inLanguage\":\"es\",\"@id\":\"https:\\\/\\\/www.laguiadepamplona.com\\\/actualidad\\\/el-ayuntamiento-de-pamplona-recibe-el-accesit-del-iv-premio-internacional-carlos-roman-de-evaluacion-de-politicas-publicas\\\/#primaryimage\",\"url\":\"https:\\\/\\\/www.laguiadepamplona.com\\\/actualidad\\\/wp-content\\\/uploads\\\/2022\\\/05\\\/accesit-premio-internacional.webp\",\"contentUrl\":\"https:\\\/\\\/www.laguiadepamplona.com\\\/actualidad\\\/wp-content\\\/uploads\\\/2022\\\/05\\\/accesit-premio-internacional.webp\",\"width\":1920,\"height\":1281},{\"@type\":\"BreadcrumbList\",\"@id\":\"https:\\\/\\\/www.laguiadepamplona.com\\\/actualidad\\\/el-ayuntamiento-de-pamplona-recibe-el-accesit-del-iv-premio-internacional-carlos-roman-de-evaluacion-de-politicas-publicas\\\/#breadcrumb\",\"itemListElement\":[{\"@type\":\"ListItem\",\"position\":1,\"name\":\"Portada\",\"item\":\"https:\\\/\\\/www.laguiadepamplona.com\\\/actualidad\\\/\"},{\"@type\":\"ListItem\",\"position\":2,\"name\":\"El Ayuntamiento de Pamplona recibe el acc\u00e9sit del IV Premio Internacional Carlos Rom\u00e1n de Evaluaci\u00f3n de Pol\u00edticas P\u00fablicas\"}]},{\"@type\":\"WebSite\",\"@id\":\"https:\\\/\\\/www.laguiadepamplona.com\\\/actualidad\\\/#website\",\"url\":\"https:\\\/\\\/www.laguiadepamplona.com\\\/actualidad\\\/\",\"name\":\"La gu\u00eda de Pamplona\",\"description\":\"Noticias de Pamplona\",\"publisher\":{\"@id\":\"https:\\\/\\\/www.laguiadepamplona.com\\\/actualidad\\\/#organization\"},\"potentialAction\":[{\"@type\":\"SearchAction\",\"target\":{\"@type\":\"EntryPoint\",\"urlTemplate\":\"https:\\\/\\\/www.laguiadepamplona.com\\\/actualidad\\\/?s={search_term_string}\"},\"query-input\":{\"@type\":\"PropertyValueSpecification\",\"valueRequired\":true,\"valueName\":\"search_term_string\"}}],\"inLanguage\":\"es\"},{\"@type\":\"Organization\",\"@id\":\"https:\\\/\\\/www.laguiadepamplona.com\\\/actualidad\\\/#organization\",\"name\":\"La Gu\u00eda de Pamplona \\\/ Noticias\",\"url\":\"https:\\\/\\\/www.laguiadepamplona.com\\\/actualidad\\\/\",\"logo\":{\"@type\":\"ImageObject\",\"inLanguage\":\"es\",\"@id\":\"https:\\\/\\\/www.laguiadepamplona.com\\\/actualidad\\\/#\\\/schema\\\/logo\\\/image\\\/\",\"url\":\"https:\\\/\\\/www.laguiadepamplona.com\\\/actualidad\\\/wp-content\\\/uploads\\\/2018\\\/11\\\/logo-laguiadepamplona18-web1.png\",\"contentUrl\":\"https:\\\/\\\/www.laguiadepamplona.com\\\/actualidad\\\/wp-content\\\/uploads\\\/2018\\\/11\\\/logo-laguiadepamplona18-web1.png\",\"width\":600,\"height\":196,\"caption\":\"La Gu\u00eda de Pamplona \\\/ Noticias\"},\"image\":{\"@id\":\"https:\\\/\\\/www.laguiadepamplona.com\\\/actualidad\\\/#\\\/schema\\\/logo\\\/image\\\/\"},\"sameAs\":[\"https:\\\/\\\/www.facebook.com\\\/laguiadepamplonacom-133175176762273\\\/?ref=hl\",\"https:\\\/\\\/x.com\\\/LaGuiadPamplona\",\"https:\\\/\\\/www.instagram.com\\\/la_guia_de_pamplona\\\/\",\"https:\\\/\\\/www.youtube.com\\\/user\\\/laguiadepamplona\"]},{\"@type\":\"Person\",\"@id\":\"https:\\\/\\\/www.laguiadepamplona.com\\\/actualidad\\\/#\\\/schema\\\/person\\\/efe887376f0213d4657c93adc50b1fdb\",\"name\":\"La Gu\u00eda de Pamplona\",\"image\":{\"@type\":\"ImageObject\",\"inLanguage\":\"es\",\"@id\":\"https:\\\/\\\/secure.gravatar.com\\\/avatar\\\/b6992f131dc8d30ab0dff15446e9d346d9dbd95992de0fef795073f5ea83a81c?s=96&d=mm&r=g\",\"url\":\"https:\\\/\\\/secure.gravatar.com\\\/avatar\\\/b6992f131dc8d30ab0dff15446e9d346d9dbd95992de0fef795073f5ea83a81c?s=96&d=mm&r=g\",\"contentUrl\":\"https:\\\/\\\/secure.gravatar.com\\\/avatar\\\/b6992f131dc8d30ab0dff15446e9d346d9dbd95992de0fef795073f5ea83a81c?s=96&d=mm&r=g\",\"caption\":\"La Gu\u00eda de Pamplona\"}}]}<\/script>\n<!-- \/ Yoast SEO plugin. -->","yoast_head_json":{"title":"El Ayuntamiento de Pamplona recibe el acc\u00e9sit del IV Premio Internacional Carlos Rom\u00e1n de Evaluaci\u00f3n de Pol\u00edticas P\u00fablicas","description":"El premio reconoce el trabajo de evaluaci\u00f3n del nuevo modelo de Atenci\u00f3n primaria de los Servicios Sociales del Ayuntamiento de Pamplona","robots":{"index":"index","follow":"follow","max-snippet":"max-snippet:-1","max-image-preview":"max-image-preview:large","max-video-preview":"max-video-preview:-1"},"canonical":"https:\/\/www.laguiadepamplona.com\/actualidad\/el-ayuntamiento-de-pamplona-recibe-el-accesit-del-iv-premio-internacional-carlos-roman-de-evaluacion-de-politicas-publicas\/","og_locale":"es_ES","og_type":"article","og_title":"El Ayuntamiento de Pamplona recibe el acc\u00e9sit del IV Premio Internacional Carlos Rom\u00e1n de Evaluaci\u00f3n de Pol\u00edticas P\u00fablicas","og_description":"El premio reconoce el trabajo de evaluaci\u00f3n del nuevo modelo de Atenci\u00f3n primaria de los Servicios Sociales del Ayuntamiento de Pamplona","og_url":"https:\/\/www.laguiadepamplona.com\/actualidad\/el-ayuntamiento-de-pamplona-recibe-el-accesit-del-iv-premio-internacional-carlos-roman-de-evaluacion-de-politicas-publicas\/","og_site_name":"La Gu\u00eda de Pamplona","article_publisher":"https:\/\/www.facebook.com\/laguiadepamplonacom-133175176762273\/?ref=hl","article_published_time":"2022-05-27T15:51:59+00:00","article_modified_time":"2023-04-11T09:48:08+00:00","og_image":[{"width":1920,"height":1281,"url":"https:\/\/www.laguiadepamplona.com\/actualidad\/wp-content\/uploads\/2022\/05\/accesit-premio-internacional.webp","type":"image\/webp"}],"author":"La Gu\u00eda de Pamplona","twitter_card":"summary_large_image","twitter_creator":"@LaGuiadPamplona","twitter_site":"@LaGuiadPamplona","twitter_misc":{"Escrito por":"La Gu\u00eda de Pamplona","Tiempo de lectura":"2 minutos"},"schema":{"@context":"https:\/\/schema.org","@graph":[{"@type":"Article","@id":"https:\/\/www.laguiadepamplona.com\/actualidad\/el-ayuntamiento-de-pamplona-recibe-el-accesit-del-iv-premio-internacional-carlos-roman-de-evaluacion-de-politicas-publicas\/#article","isPartOf":{"@id":"https:\/\/www.laguiadepamplona.com\/actualidad\/el-ayuntamiento-de-pamplona-recibe-el-accesit-del-iv-premio-internacional-carlos-roman-de-evaluacion-de-politicas-publicas\/"},"author":{"name":"La Gu\u00eda de Pamplona","@id":"https:\/\/www.laguiadepamplona.com\/actualidad\/#\/schema\/person\/efe887376f0213d4657c93adc50b1fdb"},"headline":"El Ayuntamiento de Pamplona recibe el acc\u00e9sit del IV Premio Internacional Carlos Rom\u00e1n de Evaluaci\u00f3n de Pol\u00edticas P\u00fablicas","datePublished":"2022-05-27T15:51:59+00:00","dateModified":"2023-04-11T09:48:08+00:00","mainEntityOfPage":{"@id":"https:\/\/www.laguiadepamplona.com\/actualidad\/el-ayuntamiento-de-pamplona-recibe-el-accesit-del-iv-premio-internacional-carlos-roman-de-evaluacion-de-politicas-publicas\/"},"wordCount":473,"commentCount":0,"publisher":{"@id":"https:\/\/www.laguiadepamplona.com\/actualidad\/#organization"},"image":{"@id":"https:\/\/www.laguiadepamplona.com\/actualidad\/el-ayuntamiento-de-pamplona-recibe-el-accesit-del-iv-premio-internacional-carlos-roman-de-evaluacion-de-politicas-publicas\/#primaryimage"},"thumbnailUrl":"https:\/\/www.laguiadepamplona.com\/actualidad\/wp-content\/uploads\/2022\/05\/accesit-premio-internacional.webp","articleSection":["Ayto Pamplona"],"inLanguage":"es","potentialAction":[{"@type":"CommentAction","name":"Comment","target":["https:\/\/www.laguiadepamplona.com\/actualidad\/el-ayuntamiento-de-pamplona-recibe-el-accesit-del-iv-premio-internacional-carlos-roman-de-evaluacion-de-politicas-publicas\/#respond"]}]},{"@type":"WebPage","@id":"https:\/\/www.laguiadepamplona.com\/actualidad\/el-ayuntamiento-de-pamplona-recibe-el-accesit-del-iv-premio-internacional-carlos-roman-de-evaluacion-de-politicas-publicas\/","url":"https:\/\/www.laguiadepamplona.com\/actualidad\/el-ayuntamiento-de-pamplona-recibe-el-accesit-del-iv-premio-internacional-carlos-roman-de-evaluacion-de-politicas-publicas\/","name":"El Ayuntamiento de Pamplona recibe el acc\u00e9sit del IV Premio Internacional Carlos Rom\u00e1n de Evaluaci\u00f3n de Pol\u00edticas P\u00fablicas","isPartOf":{"@id":"https:\/\/www.laguiadepamplona.com\/actualidad\/#website"},"primaryImageOfPage":{"@id":"https:\/\/www.laguiadepamplona.com\/actualidad\/el-ayuntamiento-de-pamplona-recibe-el-accesit-del-iv-premio-internacional-carlos-roman-de-evaluacion-de-politicas-publicas\/#primaryimage"},"image":{"@id":"https:\/\/www.laguiadepamplona.com\/actualidad\/el-ayuntamiento-de-pamplona-recibe-el-accesit-del-iv-premio-internacional-carlos-roman-de-evaluacion-de-politicas-publicas\/#primaryimage"},"thumbnailUrl":"https:\/\/www.laguiadepamplona.com\/actualidad\/wp-content\/uploads\/2022\/05\/accesit-premio-internacional.webp","datePublished":"2022-05-27T15:51:59+00:00","dateModified":"2023-04-11T09:48:08+00:00","description":"El premio reconoce el trabajo de evaluaci\u00f3n del nuevo modelo de Atenci\u00f3n primaria de los Servicios Sociales del Ayuntamiento de Pamplona","breadcrumb":{"@id":"https:\/\/www.laguiadepamplona.com\/actualidad\/el-ayuntamiento-de-pamplona-recibe-el-accesit-del-iv-premio-internacional-carlos-roman-de-evaluacion-de-politicas-publicas\/#breadcrumb"},"inLanguage":"es","potentialAction":[{"@type":"ReadAction","target":["https:\/\/www.laguiadepamplona.com\/actualidad\/el-ayuntamiento-de-pamplona-recibe-el-accesit-del-iv-premio-internacional-carlos-roman-de-evaluacion-de-politicas-publicas\/"]}]},{"@type":"ImageObject","inLanguage":"es","@id":"https:\/\/www.laguiadepamplona.com\/actualidad\/el-ayuntamiento-de-pamplona-recibe-el-accesit-del-iv-premio-internacional-carlos-roman-de-evaluacion-de-politicas-publicas\/#primaryimage","url":"https:\/\/www.laguiadepamplona.com\/actualidad\/wp-content\/uploads\/2022\/05\/accesit-premio-internacional.webp","contentUrl":"https:\/\/www.laguiadepamplona.com\/actualidad\/wp-content\/uploads\/2022\/05\/accesit-premio-internacional.webp","width":1920,"height":1281},{"@type":"BreadcrumbList","@id":"https:\/\/www.laguiadepamplona.com\/actualidad\/el-ayuntamiento-de-pamplona-recibe-el-accesit-del-iv-premio-internacional-carlos-roman-de-evaluacion-de-politicas-publicas\/#breadcrumb","itemListElement":[{"@type":"ListItem","position":1,"name":"Portada","item":"https:\/\/www.laguiadepamplona.com\/actualidad\/"},{"@type":"ListItem","position":2,"name":"El Ayuntamiento de Pamplona recibe el acc\u00e9sit del IV Premio Internacional Carlos Rom\u00e1n de Evaluaci\u00f3n de Pol\u00edticas P\u00fablicas"}]},{"@type":"WebSite","@id":"https:\/\/www.laguiadepamplona.com\/actualidad\/#website","url":"https:\/\/www.laguiadepamplona.com\/actualidad\/","name":"La gu\u00eda de Pamplona","description":"Noticias de Pamplona","publisher":{"@id":"https:\/\/www.laguiadepamplona.com\/actualidad\/#organization"},"potentialAction":[{"@type":"SearchAction","target":{"@type":"EntryPoint","urlTemplate":"https:\/\/www.laguiadepamplona.com\/actualidad\/?s={search_term_string}"},"query-input":{"@type":"PropertyValueSpecification","valueRequired":true,"valueName":"search_term_string"}}],"inLanguage":"es"},{"@type":"Organization","@id":"https:\/\/www.laguiadepamplona.com\/actualidad\/#organization","name":"La Gu\u00eda de Pamplona \/ Noticias","url":"https:\/\/www.laguiadepamplona.com\/actualidad\/","logo":{"@type":"ImageObject","inLanguage":"es","@id":"https:\/\/www.laguiadepamplona.com\/actualidad\/#\/schema\/logo\/image\/","url":"https:\/\/www.laguiadepamplona.com\/actualidad\/wp-content\/uploads\/2018\/11\/logo-laguiadepamplona18-web1.png","contentUrl":"https:\/\/www.laguiadepamplona.com\/actualidad\/wp-content\/uploads\/2018\/11\/logo-laguiadepamplona18-web1.png","width":600,"height":196,"caption":"La Gu\u00eda de Pamplona \/ Noticias"},"image":{"@id":"https:\/\/www.laguiadepamplona.com\/actualidad\/#\/schema\/logo\/image\/"},"sameAs":["https:\/\/www.facebook.com\/laguiadepamplonacom-133175176762273\/?ref=hl","https:\/\/x.com\/LaGuiadPamplona","https:\/\/www.instagram.com\/la_guia_de_pamplona\/","https:\/\/www.youtube.com\/user\/laguiadepamplona"]},{"@type":"Person","@id":"https:\/\/www.laguiadepamplona.com\/actualidad\/#\/schema\/person\/efe887376f0213d4657c93adc50b1fdb","name":"La Gu\u00eda de Pamplona","image":{"@type":"ImageObject","inLanguage":"es","@id":"https:\/\/secure.gravatar.com\/avatar\/b6992f131dc8d30ab0dff15446e9d346d9dbd95992de0fef795073f5ea83a81c?s=96&d=mm&r=g","url":"https:\/\/secure.gravatar.com\/avatar\/b6992f131dc8d30ab0dff15446e9d346d9dbd95992de0fef795073f5ea83a81c?s=96&d=mm&r=g","contentUrl":"https:\/\/secure.gravatar.com\/avatar\/b6992f131dc8d30ab0dff15446e9d346d9dbd95992de0fef795073f5ea83a81c?s=96&d=mm&r=g","caption":"La Gu\u00eda de Pamplona"}}]}},"post_mailing_queue_ids":[],"_links":{"self":[{"href":"https:\/\/www.laguiadepamplona.com\/actualidad\/wp-json\/wp\/v2\/posts\/40503","targetHints":{"allow":["GET"]}}],"collection":[{"href":"https:\/\/www.laguiadepamplona.com\/actualidad\/wp-json\/wp\/v2\/posts"}],"about":[{"href":"https:\/\/www.laguiadepamplona.com\/actualidad\/wp-json\/wp\/v2\/types\/post"}],"author":[{"embeddable":true,"href":"https:\/\/www.laguiadepamplona.com\/actualidad\/wp-json\/wp\/v2\/users\/1"}],"replies":[{"embeddable":true,"href":"https:\/\/www.laguiadepamplona.com\/actualidad\/wp-json\/wp\/v2\/comments?post=40503"}],"version-history":[{"count":0,"href":"https:\/\/www.laguiadepamplona.com\/actualidad\/wp-json\/wp\/v2\/posts\/40503\/revisions"}],"wp:featuredmedia":[{"embeddable":true,"href":"https:\/\/www.laguiadepamplona.com\/actualidad\/wp-json\/wp\/v2\/media\/40504"}],"wp:attachment":[{"href":"https:\/\/www.laguiadepamplona.com\/actualidad\/wp-json\/wp\/v2\/media?parent=40503"}],"wp:term":[{"taxonomy":"category","embeddable":true,"href":"https:\/\/www.laguiadepamplona.com\/actualidad\/wp-json\/wp\/v2\/categories?post=40503"},{"taxonomy":"post_tag","embeddable":true,"href":"https:\/\/www.laguiadepamplona.com\/actualidad\/wp-json\/wp\/v2\/tags?post=40503"}],"curies":[{"name":"wp","href":"https:\/\/api.w.org\/{rel}","templated":true}]}}